{"id":7446,"date":"2015-01-30T14:27:00","date_gmt":"2015-01-30T13:27:00","guid":{"rendered":"https:\/\/solidaires-etudiant-e-s.org\/site\/?p=7446"},"modified":"2024-12-28T14:39:36","modified_gmt":"2024-12-28T13:39:36","slug":"petit-index-de-lenseignement-superieur-et-de-la-recherche","status":"publish","type":"post","link":"https:\/\/solidaires-etudiant-e-s.org\/site\/2015\/01\/30\/petit-index-de-lenseignement-superieur-et-de-la-recherche\/","title":{"rendered":"Petit index de l&rsquo;Enseignement Sup\u00e9rieur et de la Recherche"},"content":{"rendered":"\n<figure class=\"wp-block-image size-large is-resized\"><img loading=\"lazy\" decoding=\"async\" width=\"734\" height=\"1024\" src=\"https:\/\/solidaires-etudiant-e-s.org\/site\/wp-content\/uploads\/2015\/01\/CHRONOLOGIEESR-734x1024.jpg\" alt=\"\" class=\"wp-image-1978\" style=\"width:564px;height:auto\" srcset=\"https:\/\/solidaires-etudiant-e-s.org\/site\/wp-content\/uploads\/2015\/01\/CHRONOLOGIEESR-734x1024.jpg 734w, https:\/\/solidaires-etudiant-e-s.org\/site\/wp-content\/uploads\/2015\/01\/CHRONOLOGIEESR-215x300.jpg 215w, https:\/\/solidaires-etudiant-e-s.org\/site\/wp-content\/uploads\/2015\/01\/CHRONOLOGIEESR-768x1071.jpg 768w, https:\/\/solidaires-etudiant-e-s.org\/site\/wp-content\/uploads\/2015\/01\/CHRONOLOGIEESR.jpg 800w\" sizes=\"auto, (max-width: 734px) 100vw, 734px\" \/><\/figure>\n\n\n\n<h2 class=\"wp-block-heading\">Autonomie des universit\u00e9s<\/h2>\n\n\n\n<p>Dans la transformation des universit\u00e9s depuis l&rsquo;apr\u00e8s guerre, la notion d&rsquo;autonomie se trouve au centre du champ de bataille. Depuis les ann\u00e9es 60, des r\u00e9flexions sur l&rsquo;autonomie ont lieu dans les milieux universitaires. Apr\u00e8s 1968, les universitaires comme les minist\u00e8res demandent l&rsquo;autonomie. Or en 2002 puis en 2007, le mouvement \u00e9tudiant lutte contre l&rsquo;autonomie, retournant ainsi ses revendications historiques. Ce mouvement perd et depuis 2012, toutes les universit\u00e9s fran\u00e7aises sont officiellement autonomes !<\/p>\n\n\n\n<p>Dans les d\u00e9bats, nous devons en effet diff\u00e9rencier trois types d&rsquo;autonomie possible :<\/p>\n\n\n\n<ul class=\"wp-block-list\">\n<li>Autonomie administrative (Gestion de l&rsquo;universit\u00e9 \u2013 distribution du budget)<\/li>\n\n\n\n<li>Autonomie financi\u00e8re (Qui donne les fonds et distribution int\u00e9gral du budget)<\/li>\n\n\n\n<li>Autonomie p\u00e9dagogique (choix d&rsquo;enseignement et reconnaissance de dipl\u00f4me)<\/li>\n<\/ul>\n\n\n\n<p>Il n&rsquo;y a aucun \u00e9tablissement public qui est autonome dans les trois sens du terme actuellement.<\/p>\n\n\n\n<p>L\u2019autonomie est ce fameux mot, avec celui de libert\u00e9, qui justifie les r\u00e9formes depuis 1968 , instaur\u00e9 \u00e0 l\u2019\u00e9poque avec la loi Faure \u00e0 la demande du mouvement social. C\u2019est dans le projet de loi de 2003 que le mot refait&nbsp; apparition aussi clairement. La loi LRU se situe dans cette continuit\u00e9&nbsp;: le mot \u00ab&nbsp;libert\u00e9&nbsp;\u00bb est dans le titre de la loi, celui \u00ab&nbsp;autonomie&nbsp;\u00bb est le nom lui sera donn\u00e9 parce qu\u2019\u00e9tant son socle. Ces deux mots sont connot\u00e9s positivement, et font parties des revendications du mouvement social&nbsp; historiquement : \u00ab autonomie p\u00e9dagogique&nbsp;\u00bb, \u00ab&nbsp;autonomie scientifique, c&rsquo;est-\u00e0-dire libert\u00e9 et ind\u00e9pendance de la production et la transmission de connaissance contre le pouvoir politique, eccl\u00e9siastique et marchand. Le constat est que malgr\u00e9 des reformes faites au nom de l\u2019autonomie depuis 40ans, celle-ci n\u2019existe toujours pas.<\/p>\n\n\n\n<p>L&rsquo;\u00ab&nbsp;autonomie&nbsp;\u00bb en vigueur dans l&rsquo;Enseignement Sup\u00e9rieur ressemble plus \u00e0 un d\u00e9veloppement d\u2019une concurrence g\u00e9n\u00e9ralis\u00e9e entre universit\u00e9s qu\u2019un r\u00e9el pouvoir de la communaut\u00e9 universitaire de d\u00e9cider de son avenir, son fonctionnement, ses buts, sa gestion financi\u00e8re.<\/p>\n\n\n\n<h2 class=\"wp-block-heading\">Loi Faure<\/h2>\n\n\n\n<p>Comme bien souvent en ce qui concerne les universit\u00e9s modernes, 1968 en est une fracture. En France, la loi Faure, du nom du ministre de l&rsquo;\u00e9ducation nomm\u00e9 dans la foul\u00e9e des \u00e9v\u00e9nements de Mai 1968, est pr\u00e9sent\u00e9e comme la mise en place d&rsquo;une l&rsquo;autonomie tant revendiqu\u00e9e par les manifestant-es de Mai. Il s&rsquo;agissait, \u00e0 l&rsquo;\u00e9poque, de couper avec \u00ab&nbsp;l&rsquo;Universit\u00e9 autoritaire et centralis\u00e9e<a href=\"https:\/\/www.programiz.com\/html\/online-compiler\/#sdfootnote1sym\"><\/a> \u00bb datant de Napol\u00e9on.&nbsp;<\/p>\n\n\n\n<p>La loi Faure qui sort en novembre 1968 souhaite instaurer : \u00ab&nbsp;autonomie&nbsp;\u00bb, \u00ab&nbsp;participation&nbsp;\u00bb, \u00ab&nbsp;ouverture sur le monde ext\u00e9rieur. Cette autonomie se concr\u00e9tise par la disparition des facult\u00e9s au profit d&rsquo;universit\u00e9 rassemblant plusieurs disciplines et la cr\u00e9ation de conseil d&rsquo;administration compos\u00e9e de repr\u00e9sentant-es \u00e9lu-es parmi les personnel-les et de quelques personnalit\u00e9s ext\u00e9rieures. Edgar Faure pr\u00e9cise cependant \u00e0 l&rsquo;Assembl\u00e9e Nationale qu&rsquo;il ne s&rsquo;agit pas de transformer l&rsquo;universit\u00e9 en \u00ab&nbsp;Bureau de placement&nbsp;\u00bb. L&rsquo;autonomie de 1968 est donc celle du champ p\u00e9dagogique accompagn\u00e9 de la possibilit\u00e9 d&rsquo;orienter ses budgets selon les choix d\u00e9finis par l&rsquo;universit\u00e9. Il nous faut noter que l&rsquo;ouverture sur le monde r\u00e9clam\u00e9e aussi par les manifestant-es contient l&rsquo;id\u00e9e d&rsquo;une universit\u00e9 non s\u00e9lective, c&rsquo;est la volont\u00e9 d&rsquo;une universit\u00e9 qui ne soit pas reproductrice de l&rsquo;ordre social (le fameux slogan \u00ab&nbsp;contre l&rsquo;Universit\u00e9 de classe&nbsp;\u00bb) et dans laquelle se fr\u00e9quentent ouvrier-es, classes populaires, classes moyennes, femmes au foyer&#8230;<\/p>\n\n\n\n<p>Cependant, avec la loi Faure, l&rsquo;argent est toujours distribu\u00e9 par l\u2019\u00c9tat et celui-ci garde la main mise \u00e0 travers la reconnaissance des dipl\u00f4mes ou habilitation minist\u00e9rielle. C&rsquo;est ce qu&rsquo;on appelle le <strong>cadragenational des dipl\u00f4mes<\/strong>. C&rsquo;est ce cadre qui permet \u00e0 tout le monde de pouvoir postuler au concours de la fonction publique ou d&rsquo;\u00eatre reconnu dans des grilles de salaire par branche de m\u00e9tier selon le dipl\u00f4me obtenu (les conventions collectives). Cette reconnaissance maintient donc une pression sur les universit\u00e9s qui ne peuvent pas trop s&rsquo;\u00e9loigner de ce que demande le minist\u00e8re : la menace est tout simplement la perte d&rsquo;une habilitation minist\u00e9rielle. Le ch\u00f4mage, la crise \u00e9conomique qui commence en 1973 poussent \u00e0 vouloir faire des \u00e9tudes pour avoir un emploi, donc \u00e0 la volont\u00e9 d&rsquo;avoir des dipl\u00f4mes reconnus.<\/p>\n\n\n\n<h2 class=\"wp-block-heading\">LMD<\/h2>\n\n\n\n<p>La d\u00e9clinaison nationale du processus de Bologne commence en France en 2002 avec le L\/M\/D. C\u2019est un d\u00e9cret qui est cens\u00e9 permettre \u00ab\u00a0l\u2019harmonisation\u00a0\u00bb des dipl\u00f4mes avec les autres pays Europ\u00e9ens sous le mod\u00e8le de structuration Licence\/Master\/Doctorat afin de parvenir \u00e0 une meilleure visibilit\u00e9 et un d\u00e9veloppement la mobilit\u00e9 \u00e9tudiante. Mais sous couvert \u00ab\u00a0d\u2019harmonisation\u00a0\u00bb, le LMD est une des principales \u00e9tapes de r\u00e9forme p\u00e9dagogique des universit\u00e9s, et favorise la r\u00e9gionalisation des dipl\u00f4mes, indispensables \u00e0 la mise en comp\u00e9tition des universit\u00e9s. Premi\u00e8rement se d\u00e9cret augmente d\u2019un an le temps \u00e0 passer \u00e0 l\u2019universit\u00e9 pour obtenir un dipl\u00f4me (les dipl\u00f4mes Bac+2 et Bac+4 sont supprim\u00e9s), renfor\u00e7ant la s\u00e9lection sociale (se financer une ann\u00e9e de fac suppl\u00e9mentaire est un luxe que beaucoup d\u2019\u00e9tudiant-e-s ne peuvent pas se permettre). Ensuite, il s\u00e9pare le cycle de Licence des deux autres (Master et Doctorat). L\u2019id\u00e9e ici est de diminuer progressivement l\u2019existence de la recherche en premier cycle (la Licence) pour les cantonner aux autres (Master et Doctorat). Cette dualisation sera largement renforc\u00e9 par la loi Fioraso, et toutes les \u00e9tapes de professionnalisation des fili\u00e8res, notamment la Nouvelle Licence. A ce mouvement de diminution de la recherche en Licence, celui de l\u2019augmentation de sa \u00ab\u00a0professionnalisation\u00a0\u00bb est l\u2019autre face de la pi\u00e8ce. L\u2019augmentation de la s\u00e9lection apr\u00e8s la Licence parach\u00e8ve alors cette s\u00e9paration<a href=\"https:\/\/www.programiz.com\/html\/online-compiler\/#sdfootnote1sym\"><sup>1<\/sup><\/a>. Cela se retranscrira en termes d\u2019\u00e9tablissement dans les autres r\u00e9formes, notamment la loi Fioraso qui stipule le regroupement d\u2019universit\u00e9s au niveau r\u00e9gionale. D\u2019un c\u00f4t\u00e9 ceux qui se cantonnerons \u00e0 des \u00ab\u00a0coll\u00e8ges universitaires\u00a0\u00bb avec des licences de moins en moins disciplinaires et de plus en plus \u00ab\u00a0professionnelles\u00a0\u00bb\u00a0; de l\u2019autre des Licences d\u2019excellences, Masters recherches, \u00e9coles doctorales et centre de recherche y seront d\u00e9velopp\u00e9 mais r\u00e9serv\u00e9 \u00e0 un nombre restreint. La constitution de p\u00f4le et de campus d\u2019excellence vont dans ce sens, capable de rivaliser avec les meilleurs universit\u00e9s du monde\u00a0; et les autres inapte \u00e0 affronter la concurrence mondiale.<\/p>\n\n\n\n<h2 class=\"wp-block-heading\">Massification<\/h2>\n\n\n\n<p><em>P<\/em><em>\u00e9riode qui commence en 1945, avec le grand remous que fut 1968, qui engendre \u00ab&nbsp;l\u2019universit\u00e9 de masse&nbsp;\u00bb, formant \u00e0 la fois \u00e0 des disciplines et ambitionnant d\u2019\u00e9lever le niveau g\u00e9n\u00e9rale de la soci\u00e9t\u00e9 en termes de connaissance.<\/em><\/p>\n\n\n\n<p>L\u2019apr\u00e8s 68 est aussi le d\u00e9but de ce qu\u2019on a nomm\u00e9 la d\u00e9mocratisation puis la massification \u00e0 partir des ann\u00e9es 80. La s\u00e9lection formelle saute et le baccalaur\u00e9at donne un acc\u00e8s <em><strong>de droit<\/strong><\/em> au premier cycle universitaire. Aucune s\u00e9lection formelle ne peut avoir lieu jusqu\u2019\u00e0 la cinqui\u00e8me ann\u00e9e (Master 2). Cela signifie qu\u2019un-e \u00e9tudiant-e qui a obtenu le cycle ou son ann\u00e9e peut <em><strong>de droit<\/strong><\/em> s\u2019inscrire dans le\/la suivant-e.<\/p>\n\n\n\n<p>R\u00e9sumons, contre l\u2019universit\u00e9 accessible aux seuls \u00e9lites, une massification universitaire s\u2019est produite apr\u00e8s la guerre, acc\u00e9l\u00e9r\u00e9e par les mouvements sociaux de 68 et des ann\u00e9es 70, et ceux jusque dans les ann\u00e9es 90, avec une mont\u00e9e dans le m\u00eame temps des Sciences Humaines et Sociales et un d\u2019\u00c9tat social d\u00e9velopp\u00e9 qui a besoin de fonctionnaires ayant fr\u00e9quent\u00e9 l\u2019enseignement sup\u00e9rieur.\u00a0Cette p\u00e9riode, sans minorer toutes les critiques l\u00e9gitimes \u2013 l\u2019enseignement sup\u00e9rieur n\u2019a jamais \u00e9t\u00e9 r\u00e9ellement ouvert \u00e0 tous-tes, les in\u00e9galit\u00e9s ont continu\u00e9 d\u2019\u00eatre la norme \u2013 peut \u00eatre qualifi\u00e9e de <em>progressiste<\/em>.<\/p>\n\n\n\n<h2 class=\"wp-block-heading\">Modernisation<\/h2>\n\n\n\n<p><em>La loi de modernisation\u00a0: une \u00ab\u00a0victoire\u00a0\u00bb du mouvement social \/ le contenu des prochaines r\u00e9formes<\/em><\/p>\n\n\n\n<p>En 2003, un projet de loi sur \u00ab\u00a0l\u2019autonomie des \u00e9tablissements d\u2019enseignement sup\u00e9rieur\u00a0\u00bb, rebaptis\u00e9 et connu sous le nom de \u00ab modernisation universitaire\u00a0\u00bb chercha \u00e0 continuer de vouloir convertir les dipl\u00f4mes en cr\u00e9dits capitalisables. Ce projet est abandonn\u00e9 face au mouvement \u00e9tudiant mais comportait des \u00e9l\u00e9ments qui sont pass\u00e9s dans les lois suivantes (LRU, FIORASO) \u00a0: d\u00e9but de l\u2019autonomie financi\u00e8re, de la gestion de l\u2019ensemble des personnels, de la dotation globale pour l\u2019ensemble des d\u00e9penses (contrairement \u00e0 une dotation fl\u00e9ch\u00e9e), de la possession des locaux par les universit\u00e9s, de la r\u00e9gionalisation des formations, des dipl\u00f4mes et de la recherche, des regroupements d\u2019universit\u00e9s et d\u2019\u00e9tablissements priv\u00e9s dans des \u00ab\u00a0\u00e9tablissements publics de coop\u00e9rations universitaires\u00a0\u00bb dits EPCU (ce que sont les PRES* aujourd\u2019hui, ou les CUE* dans la loi Fioraso). Regarder le contenu des r\u00e9formes qui ne sont pas pass\u00e9es indique souvent le contenu des suivantes. Il est assez saisissant que ce projet de loi comportait en l\u2019\u00e9tat les propositions qui se sont retrouv\u00e9s ensuite dans les autres r\u00e9formes, aujourd\u2019hui appliqu\u00e9es ou en cours.<\/p>\n\n\n\n<h2 class=\"wp-block-heading\">Privatisation<\/h2>\n\n\n\n<p>On entend souvent parler de privatisation des universit\u00e9s \u2013 et souvent de nos propres bouches. Privatiser signifie que le capital d\u2019une structure publique passe au secteur priv\u00e9, cela se traduisant par l\u2019instauration des logiques du secteur marchand telles la rentabilit\u00e9. Actuellement les universit\u00e9s ne sont pas poss\u00e9d\u00e9es par le secteur priv\u00e9. Affirmer la privatisation des universit\u00e9s est un abus de langage qui comporte cependant beaucoup v\u00e9rit\u00e9 si nous ne restreignons pas ce terme. En effet, de plus en plus de services des universit\u00e9s sont \u00ab\u00a0externalis\u00e9s\u00a0\u00bb, c&rsquo;est-\u00e0-dire laiss\u00e9 au secteur priv\u00e9e\u00a0; c\u2019est aussi le cas des enseignements o\u00f9 le nombre de personnes qui les donnent venant du monde \u00ab\u00a0socio-\u00e9conomique\u00a0\u00bb ne cessent de prendre une place plus importante au profit d\u2019enseignants fonctionnaires sp\u00e9cialis\u00e9s dans une discipline.<\/p>\n\n\n\n<p><\/p>\n","protected":false},"excerpt":{"rendered":"<p>Autonomie des universit\u00e9s Dans la transformation des universit\u00e9s depuis l&rsquo;apr\u00e8s guerre, la [&hellip;]<\/p>\n","protected":false},"author":1,"featured_media":1978,"comment_status":"open","ping_status":"open","sticky":false,"template":"","format":"standard","meta":{"cybocfi_hide_featured_image":"yes","footnotes":""},"categories":[15,18,33],"tags":[467,472,1147],"class_list":["post-7446","post","type-post","status-publish","format-standard","has-post-thumbnail","hentry","category-droits-etudiants","category-esr","category-ressources","tag-enseignement-superieur","tag-esr-2","tag-universite","col-md-4 col-sm-4"],"featured_image_src":"https:\/\/solidaires-etudiant-e-s.org\/site\/wp-content\/uploads\/2015\/01\/CHRONOLOGIEESR.jpg","author_info":{"display_name":"Solidaires \u00e9tudiant-e-s","author_link":false},"yoast_head":"<!-- This site is optimized with the Yoast SEO plugin v27.4 - https:\/\/yoast.com\/product\/yoast-seo-wordpress\/ -->\n<title>Petit index de l&#039;Enseignement Sup\u00e9rieur et de la Recherche - Solidaires \u00e9tudiant-e-s<\/title>\n<meta name=\"robots\" content=\"index, follow, max-snippet:-1, max-image-preview:large, max-video-preview:-1\" \/>\n<link rel=\"canonical\" href=\"https:\/\/solidaires-etudiant-e-s.org\/site\/2015\/01\/30\/petit-index-de-lenseignement-superieur-et-de-la-recherche\/\" \/>\n<meta property=\"og:locale\" content=\"fr_FR\" \/>\n<meta property=\"og:type\" content=\"article\" \/>\n<meta property=\"og:title\" content=\"Petit index de l&#039;Enseignement Sup\u00e9rieur et de la Recherche - Solidaires \u00e9tudiant-e-s\" \/>\n<meta property=\"og:description\" content=\"Autonomie des universit\u00e9s Dans la transformation des universit\u00e9s depuis l&rsquo;apr\u00e8s guerre, la [&hellip;]\" \/>\n<meta property=\"og:url\" content=\"https:\/\/solidaires-etudiant-e-s.org\/site\/2015\/01\/30\/petit-index-de-lenseignement-superieur-et-de-la-recherche\/\" \/>\n<meta property=\"og:site_name\" content=\"Solidaires \u00e9tudiant-e-s\" \/>\n<meta property=\"article:publisher\" content=\"https:\/\/www.facebook.com\/solidairesetudiantes\" \/>\n<meta property=\"article:author\" content=\"https:\/\/www.facebook.com\/solidairesetudiantes\" \/>\n<meta property=\"article:published_time\" content=\"2015-01-30T13:27:00+00:00\" \/>\n<meta property=\"article:modified_time\" content=\"2024-12-28T13:39:36+00:00\" \/>\n<meta property=\"og:image\" content=\"https:\/\/solidaires-etudiant-e-s.org\/site\/wp-content\/uploads\/2015\/01\/CHRONOLOGIEESR.jpg\" \/>\n\t<meta property=\"og:image:width\" content=\"800\" \/>\n\t<meta property=\"og:image:height\" content=\"1116\" \/>\n\t<meta property=\"og:image:type\" content=\"image\/jpeg\" \/>\n<meta name=\"author\" content=\"Solidaires \u00e9tudiant-e-s\" \/>\n<meta name=\"twitter:card\" content=\"summary_large_image\" \/>\n<meta name=\"twitter:creator\" content=\"@SolidairesEtu\" \/>\n<meta name=\"twitter:site\" content=\"@SolidairesEtu\" \/>\n<meta name=\"twitter:label1\" content=\"\u00c9crit par\" \/>\n\t<meta name=\"twitter:data1\" content=\"Solidaires \u00e9tudiant-e-s\" \/>\n\t<meta name=\"twitter:label2\" content=\"Dur\u00e9e de lecture estim\u00e9e\" \/>\n\t<meta name=\"twitter:data2\" content=\"1 minute\" \/>\n<script type=\"application\/ld+json\" class=\"yoast-schema-graph\">{\"@context\":\"https:\\\/\\\/schema.org\",\"@graph\":[{\"@type\":\"Article\",\"@id\":\"https:\\\/\\\/solidaires-etudiant-e-s.org\\\/site\\\/2015\\\/01\\\/30\\\/petit-index-de-lenseignement-superieur-et-de-la-recherche\\\/#article\",\"isPartOf\":{\"@id\":\"https:\\\/\\\/solidaires-etudiant-e-s.org\\\/site\\\/2015\\\/01\\\/30\\\/petit-index-de-lenseignement-superieur-et-de-la-recherche\\\/\"},\"author\":{\"name\":\"Solidaires \u00e9tudiant-e-s\",\"@id\":\"https:\\\/\\\/solidaires-etudiant-e-s.org\\\/site\\\/#\\\/schema\\\/person\\\/0efb3e0ff4e2f12b5a5abcd4352aa86c\"},\"headline\":\"Petit index de l&rsquo;Enseignement Sup\u00e9rieur et de la Recherche\",\"datePublished\":\"2015-01-30T13:27:00+00:00\",\"dateModified\":\"2024-12-28T13:39:36+00:00\",\"mainEntityOfPage\":{\"@id\":\"https:\\\/\\\/solidaires-etudiant-e-s.org\\\/site\\\/2015\\\/01\\\/30\\\/petit-index-de-lenseignement-superieur-et-de-la-recherche\\\/\"},\"wordCount\":1713,\"commentCount\":0,\"publisher\":{\"@id\":\"https:\\\/\\\/solidaires-etudiant-e-s.org\\\/site\\\/#organization\"},\"image\":{\"@id\":\"https:\\\/\\\/solidaires-etudiant-e-s.org\\\/site\\\/2015\\\/01\\\/30\\\/petit-index-de-lenseignement-superieur-et-de-la-recherche\\\/#primaryimage\"},\"thumbnailUrl\":\"https:\\\/\\\/solidaires-etudiant-e-s.org\\\/site\\\/wp-content\\\/uploads\\\/2015\\\/01\\\/CHRONOLOGIEESR.jpg\",\"keywords\":[\"enseignement sup\u00e9rieur\",\"esr\",\"universit\u00e9\"],\"articleSection\":[\"DROITS ETUDIANTS\",\"ENSEIGNEMENT SUPERIEUR\",\"RESSOURCES\"],\"inLanguage\":\"fr-FR\",\"potentialAction\":[{\"@type\":\"CommentAction\",\"name\":\"Comment\",\"target\":[\"https:\\\/\\\/solidaires-etudiant-e-s.org\\\/site\\\/2015\\\/01\\\/30\\\/petit-index-de-lenseignement-superieur-et-de-la-recherche\\\/#respond\"]}]},{\"@type\":\"WebPage\",\"@id\":\"https:\\\/\\\/solidaires-etudiant-e-s.org\\\/site\\\/2015\\\/01\\\/30\\\/petit-index-de-lenseignement-superieur-et-de-la-recherche\\\/\",\"url\":\"https:\\\/\\\/solidaires-etudiant-e-s.org\\\/site\\\/2015\\\/01\\\/30\\\/petit-index-de-lenseignement-superieur-et-de-la-recherche\\\/\",\"name\":\"Petit index de l'Enseignement Sup\u00e9rieur et de la Recherche - Solidaires \u00e9tudiant-e-s\",\"isPartOf\":{\"@id\":\"https:\\\/\\\/solidaires-etudiant-e-s.org\\\/site\\\/#website\"},\"primaryImageOfPage\":{\"@id\":\"https:\\\/\\\/solidaires-etudiant-e-s.org\\\/site\\\/2015\\\/01\\\/30\\\/petit-index-de-lenseignement-superieur-et-de-la-recherche\\\/#primaryimage\"},\"image\":{\"@id\":\"https:\\\/\\\/solidaires-etudiant-e-s.org\\\/site\\\/2015\\\/01\\\/30\\\/petit-index-de-lenseignement-superieur-et-de-la-recherche\\\/#primaryimage\"},\"thumbnailUrl\":\"https:\\\/\\\/solidaires-etudiant-e-s.org\\\/site\\\/wp-content\\\/uploads\\\/2015\\\/01\\\/CHRONOLOGIEESR.jpg\",\"datePublished\":\"2015-01-30T13:27:00+00:00\",\"dateModified\":\"2024-12-28T13:39:36+00:00\",\"breadcrumb\":{\"@id\":\"https:\\\/\\\/solidaires-etudiant-e-s.org\\\/site\\\/2015\\\/01\\\/30\\\/petit-index-de-lenseignement-superieur-et-de-la-recherche\\\/#breadcrumb\"},\"inLanguage\":\"fr-FR\",\"potentialAction\":[{\"@type\":\"ReadAction\",\"target\":[\"https:\\\/\\\/solidaires-etudiant-e-s.org\\\/site\\\/2015\\\/01\\\/30\\\/petit-index-de-lenseignement-superieur-et-de-la-recherche\\\/\"]}]},{\"@type\":\"BreadcrumbList\",\"@id\":\"https:\\\/\\\/solidaires-etudiant-e-s.org\\\/site\\\/2015\\\/01\\\/30\\\/petit-index-de-lenseignement-superieur-et-de-la-recherche\\\/#breadcrumb\",\"itemListElement\":[{\"@type\":\"ListItem\",\"position\":1,\"name\":\"Accueil\",\"item\":\"https:\\\/\\\/solidaires-etudiant-e-s.org\\\/site\\\/\"},{\"@type\":\"ListItem\",\"position\":2,\"name\":\"Petit index de l&rsquo;Enseignement Sup\u00e9rieur et de la Recherche\"}]},{\"@type\":\"WebSite\",\"@id\":\"https:\\\/\\\/solidaires-etudiant-e-s.org\\\/site\\\/#website\",\"url\":\"https:\\\/\\\/solidaires-etudiant-e-s.org\\\/site\\\/\",\"name\":\"Solidaires \u00e9tudiant-e-s\",\"description\":\"Syndicats pour un enseignement sup\u00e9rieur gratuit, ouvert, et \u00e9mancipateur !\",\"publisher\":{\"@id\":\"https:\\\/\\\/solidaires-etudiant-e-s.org\\\/site\\\/#organization\"},\"potentialAction\":[{\"@type\":\"SearchAction\",\"target\":{\"@type\":\"EntryPoint\",\"urlTemplate\":\"https:\\\/\\\/solidaires-etudiant-e-s.org\\\/site\\\/?s={search_term_string}\"},\"query-input\":{\"@type\":\"PropertyValueSpecification\",\"valueRequired\":true,\"valueName\":\"search_term_string\"}}],\"inLanguage\":\"fr-FR\"},{\"@type\":\"Organization\",\"@id\":\"https:\\\/\\\/solidaires-etudiant-e-s.org\\\/site\\\/#organization\",\"name\":\"Solidaires \u00e9tudiant-e-s\",\"url\":\"https:\\\/\\\/solidaires-etudiant-e-s.org\\\/site\\\/\",\"logo\":{\"@type\":\"ImageObject\",\"inLanguage\":\"fr-FR\",\"@id\":\"https:\\\/\\\/solidaires-etudiant-e-s.org\\\/site\\\/#\\\/schema\\\/logo\\\/image\\\/\",\"url\":\"https:\\\/\\\/solidaires-etudiant-e-s.org\\\/site\\\/wp-content\\\/uploads\\\/2025\\\/12\\\/13-1.png\",\"contentUrl\":\"https:\\\/\\\/solidaires-etudiant-e-s.org\\\/site\\\/wp-content\\\/uploads\\\/2025\\\/12\\\/13-1.png\",\"width\":1181,\"height\":827,\"caption\":\"Solidaires \u00e9tudiant-e-s\"},\"image\":{\"@id\":\"https:\\\/\\\/solidaires-etudiant-e-s.org\\\/site\\\/#\\\/schema\\\/logo\\\/image\\\/\"},\"sameAs\":[\"https:\\\/\\\/www.facebook.com\\\/solidairesetudiantes\",\"https:\\\/\\\/x.com\\\/SolidairesEtu\",\"https:\\\/\\\/www.instagram.com\\\/solidairesetu\\\/\",\"https:\\\/\\\/bsky.app\\\/profile\\\/solidaires-etudiant-e-s.org\",\"https:\\\/\\\/mastodon.social\\\/@solidairesetu\",\"https:\\\/\\\/www.youtube.com\\\/channel\\\/UC_iZN9gmVAAnXbBM7wAWOag\"]},{\"@type\":\"Person\",\"@id\":\"https:\\\/\\\/solidaires-etudiant-e-s.org\\\/site\\\/#\\\/schema\\\/person\\\/0efb3e0ff4e2f12b5a5abcd4352aa86c\",\"name\":\"Solidaires \u00e9tudiant-e-s\",\"image\":{\"@type\":\"ImageObject\",\"inLanguage\":\"fr-FR\",\"@id\":\"https:\\\/\\\/solidaires-etudiant-e-s.org\\\/site\\\/wp-content\\\/uploads\\\/2020\\\/01\\\/logo-SESL-rond-512-96x96.png\",\"url\":\"https:\\\/\\\/solidaires-etudiant-e-s.org\\\/site\\\/wp-content\\\/uploads\\\/2020\\\/01\\\/logo-SESL-rond-512-96x96.png\",\"contentUrl\":\"https:\\\/\\\/solidaires-etudiant-e-s.org\\\/site\\\/wp-content\\\/uploads\\\/2020\\\/01\\\/logo-SESL-rond-512-96x96.png\",\"caption\":\"Solidaires \u00e9tudiant-e-s\"},\"sameAs\":[\"https:\\\/\\\/solidaires-etudiant.org\\\/site\",\"https:\\\/\\\/www.facebook.com\\\/solidairesetudiantes\",\"https:\\\/\\\/www.instagram.com\\\/solidairesetu\",\"https:\\\/\\\/x.com\\\/SolidairesEtu\",\"https:\\\/\\\/fr.wikipedia.org\\\/wiki\\\/Solidaires_tudiant-e-s\"]}]}<\/script>\n<!-- \/ Yoast SEO plugin. -->","yoast_head_json":{"title":"Petit index de l'Enseignement Sup\u00e9rieur et de la Recherche - Solidaires \u00e9tudiant-e-s","robots":{"index":"index","follow":"follow","max-snippet":"max-snippet:-1","max-image-preview":"max-image-preview:large","max-video-preview":"max-video-preview:-1"},"canonical":"https:\/\/solidaires-etudiant-e-s.org\/site\/2015\/01\/30\/petit-index-de-lenseignement-superieur-et-de-la-recherche\/","og_locale":"fr_FR","og_type":"article","og_title":"Petit index de l'Enseignement Sup\u00e9rieur et de la Recherche - Solidaires \u00e9tudiant-e-s","og_description":"Autonomie des universit\u00e9s Dans la transformation des universit\u00e9s depuis l&rsquo;apr\u00e8s guerre, la [&hellip;]","og_url":"https:\/\/solidaires-etudiant-e-s.org\/site\/2015\/01\/30\/petit-index-de-lenseignement-superieur-et-de-la-recherche\/","og_site_name":"Solidaires \u00e9tudiant-e-s","article_publisher":"https:\/\/www.facebook.com\/solidairesetudiantes","article_author":"https:\/\/www.facebook.com\/solidairesetudiantes","article_published_time":"2015-01-30T13:27:00+00:00","article_modified_time":"2024-12-28T13:39:36+00:00","og_image":[{"width":800,"height":1116,"url":"https:\/\/solidaires-etudiant-e-s.org\/site\/wp-content\/uploads\/2015\/01\/CHRONOLOGIEESR.jpg","type":"image\/jpeg"}],"author":"Solidaires \u00e9tudiant-e-s","twitter_card":"summary_large_image","twitter_creator":"@SolidairesEtu","twitter_site":"@SolidairesEtu","twitter_misc":{"\u00c9crit par":"Solidaires \u00e9tudiant-e-s","Dur\u00e9e de lecture estim\u00e9e":"1 minute"},"schema":{"@context":"https:\/\/schema.org","@graph":[{"@type":"Article","@id":"https:\/\/solidaires-etudiant-e-s.org\/site\/2015\/01\/30\/petit-index-de-lenseignement-superieur-et-de-la-recherche\/#article","isPartOf":{"@id":"https:\/\/solidaires-etudiant-e-s.org\/site\/2015\/01\/30\/petit-index-de-lenseignement-superieur-et-de-la-recherche\/"},"author":{"name":"Solidaires \u00e9tudiant-e-s","@id":"https:\/\/solidaires-etudiant-e-s.org\/site\/#\/schema\/person\/0efb3e0ff4e2f12b5a5abcd4352aa86c"},"headline":"Petit index de l&rsquo;Enseignement Sup\u00e9rieur et de la Recherche","datePublished":"2015-01-30T13:27:00+00:00","dateModified":"2024-12-28T13:39:36+00:00","mainEntityOfPage":{"@id":"https:\/\/solidaires-etudiant-e-s.org\/site\/2015\/01\/30\/petit-index-de-lenseignement-superieur-et-de-la-recherche\/"},"wordCount":1713,"commentCount":0,"publisher":{"@id":"https:\/\/solidaires-etudiant-e-s.org\/site\/#organization"},"image":{"@id":"https:\/\/solidaires-etudiant-e-s.org\/site\/2015\/01\/30\/petit-index-de-lenseignement-superieur-et-de-la-recherche\/#primaryimage"},"thumbnailUrl":"https:\/\/solidaires-etudiant-e-s.org\/site\/wp-content\/uploads\/2015\/01\/CHRONOLOGIEESR.jpg","keywords":["enseignement sup\u00e9rieur","esr","universit\u00e9"],"articleSection":["DROITS ETUDIANTS","ENSEIGNEMENT SUPERIEUR","RESSOURCES"],"inLanguage":"fr-FR","potentialAction":[{"@type":"CommentAction","name":"Comment","target":["https:\/\/solidaires-etudiant-e-s.org\/site\/2015\/01\/30\/petit-index-de-lenseignement-superieur-et-de-la-recherche\/#respond"]}]},{"@type":"WebPage","@id":"https:\/\/solidaires-etudiant-e-s.org\/site\/2015\/01\/30\/petit-index-de-lenseignement-superieur-et-de-la-recherche\/","url":"https:\/\/solidaires-etudiant-e-s.org\/site\/2015\/01\/30\/petit-index-de-lenseignement-superieur-et-de-la-recherche\/","name":"Petit index de l'Enseignement Sup\u00e9rieur et de la Recherche - Solidaires \u00e9tudiant-e-s","isPartOf":{"@id":"https:\/\/solidaires-etudiant-e-s.org\/site\/#website"},"primaryImageOfPage":{"@id":"https:\/\/solidaires-etudiant-e-s.org\/site\/2015\/01\/30\/petit-index-de-lenseignement-superieur-et-de-la-recherche\/#primaryimage"},"image":{"@id":"https:\/\/solidaires-etudiant-e-s.org\/site\/2015\/01\/30\/petit-index-de-lenseignement-superieur-et-de-la-recherche\/#primaryimage"},"thumbnailUrl":"https:\/\/solidaires-etudiant-e-s.org\/site\/wp-content\/uploads\/2015\/01\/CHRONOLOGIEESR.jpg","datePublished":"2015-01-30T13:27:00+00:00","dateModified":"2024-12-28T13:39:36+00:00","breadcrumb":{"@id":"https:\/\/solidaires-etudiant-e-s.org\/site\/2015\/01\/30\/petit-index-de-lenseignement-superieur-et-de-la-recherche\/#breadcrumb"},"inLanguage":"fr-FR","potentialAction":[{"@type":"ReadAction","target":["https:\/\/solidaires-etudiant-e-s.org\/site\/2015\/01\/30\/petit-index-de-lenseignement-superieur-et-de-la-recherche\/"]}]},{"@type":"BreadcrumbList","@id":"https:\/\/solidaires-etudiant-e-s.org\/site\/2015\/01\/30\/petit-index-de-lenseignement-superieur-et-de-la-recherche\/#breadcrumb","itemListElement":[{"@type":"ListItem","position":1,"name":"Accueil","item":"https:\/\/solidaires-etudiant-e-s.org\/site\/"},{"@type":"ListItem","position":2,"name":"Petit index de l&rsquo;Enseignement Sup\u00e9rieur et de la Recherche"}]},{"@type":"WebSite","@id":"https:\/\/solidaires-etudiant-e-s.org\/site\/#website","url":"https:\/\/solidaires-etudiant-e-s.org\/site\/","name":"Solidaires \u00e9tudiant-e-s","description":"Syndicats pour un enseignement sup\u00e9rieur gratuit, ouvert, et \u00e9mancipateur !","publisher":{"@id":"https:\/\/solidaires-etudiant-e-s.org\/site\/#organization"},"potentialAction":[{"@type":"SearchAction","target":{"@type":"EntryPoint","urlTemplate":"https:\/\/solidaires-etudiant-e-s.org\/site\/?s={search_term_string}"},"query-input":{"@type":"PropertyValueSpecification","valueRequired":true,"valueName":"search_term_string"}}],"inLanguage":"fr-FR"},{"@type":"Organization","@id":"https:\/\/solidaires-etudiant-e-s.org\/site\/#organization","name":"Solidaires \u00e9tudiant-e-s","url":"https:\/\/solidaires-etudiant-e-s.org\/site\/","logo":{"@type":"ImageObject","inLanguage":"fr-FR","@id":"https:\/\/solidaires-etudiant-e-s.org\/site\/#\/schema\/logo\/image\/","url":"https:\/\/solidaires-etudiant-e-s.org\/site\/wp-content\/uploads\/2025\/12\/13-1.png","contentUrl":"https:\/\/solidaires-etudiant-e-s.org\/site\/wp-content\/uploads\/2025\/12\/13-1.png","width":1181,"height":827,"caption":"Solidaires \u00e9tudiant-e-s"},"image":{"@id":"https:\/\/solidaires-etudiant-e-s.org\/site\/#\/schema\/logo\/image\/"},"sameAs":["https:\/\/www.facebook.com\/solidairesetudiantes","https:\/\/x.com\/SolidairesEtu","https:\/\/www.instagram.com\/solidairesetu\/","https:\/\/bsky.app\/profile\/solidaires-etudiant-e-s.org","https:\/\/mastodon.social\/@solidairesetu","https:\/\/www.youtube.com\/channel\/UC_iZN9gmVAAnXbBM7wAWOag"]},{"@type":"Person","@id":"https:\/\/solidaires-etudiant-e-s.org\/site\/#\/schema\/person\/0efb3e0ff4e2f12b5a5abcd4352aa86c","name":"Solidaires \u00e9tudiant-e-s","image":{"@type":"ImageObject","inLanguage":"fr-FR","@id":"https:\/\/solidaires-etudiant-e-s.org\/site\/wp-content\/uploads\/2020\/01\/logo-SESL-rond-512-96x96.png","url":"https:\/\/solidaires-etudiant-e-s.org\/site\/wp-content\/uploads\/2020\/01\/logo-SESL-rond-512-96x96.png","contentUrl":"https:\/\/solidaires-etudiant-e-s.org\/site\/wp-content\/uploads\/2020\/01\/logo-SESL-rond-512-96x96.png","caption":"Solidaires \u00e9tudiant-e-s"},"sameAs":["https:\/\/solidaires-etudiant.org\/site","https:\/\/www.facebook.com\/solidairesetudiantes","https:\/\/www.instagram.com\/solidairesetu","https:\/\/x.com\/SolidairesEtu","https:\/\/fr.wikipedia.org\/wiki\/Solidaires_tudiant-e-s"]}]}},"_links":{"self":[{"href":"https:\/\/solidaires-etudiant-e-s.org\/site\/wp-json\/wp\/v2\/posts\/7446","targetHints":{"allow":["GET"]}}],"collection":[{"href":"https:\/\/solidaires-etudiant-e-s.org\/site\/wp-json\/wp\/v2\/posts"}],"about":[{"href":"https:\/\/solidaires-etudiant-e-s.org\/site\/wp-json\/wp\/v2\/types\/post"}],"author":[{"embeddable":true,"href":"https:\/\/solidaires-etudiant-e-s.org\/site\/wp-json\/wp\/v2\/users\/1"}],"replies":[{"embeddable":true,"href":"https:\/\/solidaires-etudiant-e-s.org\/site\/wp-json\/wp\/v2\/comments?post=7446"}],"version-history":[{"count":2,"href":"https:\/\/solidaires-etudiant-e-s.org\/site\/wp-json\/wp\/v2\/posts\/7446\/revisions"}],"predecessor-version":[{"id":7448,"href":"https:\/\/solidaires-etudiant-e-s.org\/site\/wp-json\/wp\/v2\/posts\/7446\/revisions\/7448"}],"wp:featuredmedia":[{"embeddable":true,"href":"https:\/\/solidaires-etudiant-e-s.org\/site\/wp-json\/wp\/v2\/media\/1978"}],"wp:attachment":[{"href":"https:\/\/solidaires-etudiant-e-s.org\/site\/wp-json\/wp\/v2\/media?parent=7446"}],"wp:term":[{"taxonomy":"category","embeddable":true,"href":"https:\/\/solidaires-etudiant-e-s.org\/site\/wp-json\/wp\/v2\/categories?post=7446"},{"taxonomy":"post_tag","embeddable":true,"href":"https:\/\/solidaires-etudiant-e-s.org\/site\/wp-json\/wp\/v2\/tags?post=7446"}],"curies":[{"name":"wp","href":"https:\/\/api.w.org\/{rel}","templated":true}]}}