{"id":7185,"date":"2024-03-10T16:02:27","date_gmt":"2024-03-10T15:02:27","guid":{"rendered":"https:\/\/solidaires-etudiant.org\/site\/?p=7185"},"modified":"2024-12-01T19:51:48","modified_gmt":"2024-12-01T18:51:48","slug":"greve-feministe-internationale-le-8-mars-2024-en-greve-et-en-manif","status":"publish","type":"post","link":"https:\/\/solidaires-etudiant-e-s.org\/site\/2024\/03\/10\/greve-feministe-internationale-le-8-mars-2024-en-greve-et-en-manif\/","title":{"rendered":"Gr\u00e8ve f\u00e9ministe internationale : Le 8 Mars 2024 en gr\u00e8ve et en manif !"},"content":{"rendered":"\n<p class=\"has-larger-font-size\">Gr\u00e8ve g\u00e9n\u00e9rale f\u00e9ministe ?<\/p>\n\n\n\n<p>Le 8 mars est la journ\u00e9e internationale de la lutte pour les droits des femmes et une journ\u00e9e d\u2019appel \u00e0 la gr\u00e8ve f\u00e9ministe. Cette gr\u00e8ve est g\u00e9n\u00e9rale, c\u2019est-\u00e0-dire :<\/p>\n\n\n\n<ul class=\"wp-block-list\">\n<li>Gr\u00e8ve du travail r\u00e9mun\u00e9r\u00e9<\/li>\n\n\n\n<li>Gr\u00e8ve du travail non-r\u00e9mun\u00e9r\u00e9 (par exemple : les t\u00e2ches domestiques)<\/li>\n<\/ul>\n\n\n\n<p class=\"has-larger-font-size\">Pourquoi se mobiliser et mettre \u00e0 l\u2019arr\u00eat nos facs et \u00e9coles en cette journ\u00e9e ?<\/p>\n\n\n\n<p>La gr\u00e8ve f\u00e9ministe concerne aussi les \u00e9tudiant-es. Les \u00e9tudiant-es repr\u00e9sentent un groupe social particuli\u00e8rement pr\u00e9caris\u00e9, et les \u00e9tudiant-es femmes le sont d\u2019autant plus. Des in\u00e9galit\u00e9s sp\u00e9cifiques les touchent dans l\u2019enseignement sup\u00e9rieur et la recherche.<br><br>Quelques exemples d\u2019in\u00e9galit\u00e9s de genre dans l\u2019Enseignement Sup\u00e9rieur et la recherche (ESR) :<\/p>\n\n\n\n<ul class=\"wp-block-list\">\n<li>Le co\u00fbt de la vie \u00e9tudiante est en moyenne plus \u00e9lev\u00e9 pour les femmes que les hommes<\/li>\n\n\n\n<li>L\u2019acc\u00e8s aux \u00e9tudes sup\u00e9rieur et \u00e0 leur niveau est marqu\u00e9 par des in\u00e9galit\u00e9s de genre. Majoritaires en licence en master, les femmes sont minoritaires en doctorat.<\/li>\n\n\n\n<li>Dans nos facs et \u00e9coles, les in\u00e9galit\u00e9s et violences transphobes sont accentu\u00e9es pour les \u00e9tudiant-es transgenres : non-respect du pr\u00e9nom et pronoms d\u2019usage, remarques, agressions, pr\u00e9carit\u00e9 \u00e9tudiante accentu\u00e9e par des parcours de transition<\/li>\n\n\n\n<li>Les \u00e9tudes sup\u00e9rieures refl\u00e8tent les assignations sociales aux femmes et aux hommes. Les hommes sont majoritaires dans les formations \u00e9litistes et les cursus scientifiques. Dans un m\u00eame domaine d\u2019\u00e9tudes, par exemple en m\u00e9decine, les hommes vont \u00eatre plus nombreux dans les formation de chirurgien et les femmes majoritaires dans celles d\u2019infirmi\u00e8res<\/li>\n\n\n\n<li>Ces diff\u00e9rences genr\u00e9es ont des cons\u00e9quences concr\u00e8tes sur les niveaux de vie futurs. Les formations majoritairement \u00e9tudi\u00e9es par les femmes sont moins bien r\u00e9mun\u00e9r\u00e9es (formations de lettres, sciences humaines, para-m\u00e9dicales, sociales&#8230;)<\/li>\n\n\n\n<li>\u00e0 cela s\u2019ajoute le sexisme quotidien : remarques d\u00e9plac\u00e9es, infantilisantes, commentaires sur les tenues vestimentaires, invisibilisation des femmes dans certains programmes universitaires<\/li>\n<\/ul>\n\n\n\n<p class=\"has-larger-font-size\">Focus : Les VSS dans nos facs et nos \u00e9coles<\/p>\n\n\n\n<ul class=\"wp-block-list\">\n<li>Pr\u00e8s d\u20191 \u00e9tudiant-e sur 10 d\u00e9clare avoir \u00e9t\u00e9 victime de violence sexuelle dans l\u2019ESR.<\/li>\n\n\n\n<li>1 \u00e9tudiant-e sur 10 a \u00e9t\u00e9 victime d\u2019agression sexuelle en \u00e9cole de commerce.<\/li>\n\n\n\n<li>1 victime de viol sur 4 en a \u00e9t\u00e9 victime plusieurs fois.<\/li>\n\n\n\n<li>1 \u00e9tudiant-e sur 20 d\u00e9clare avoir d\u00e9j\u00e0 \u00e9t\u00e9 victime de harc\u00e8lement sexuel, et 1 \u00e9tudiant-e sur 10 en avoir d\u00e9j\u00e0 \u00e9t\u00e9 t\u00e9moin.<\/li>\n\n\n\n<li>17% des \u00e9tudiant-es ont d\u00e9j\u00e0 \u00e9t\u00e9 t\u00e9moins d\u2019exhibition sexuelle.<\/li>\n\n\n\n<li>20% des \u00e9tudiant-es ont d\u00e9j\u00e0 \u00e9t\u00e9 t\u00e9moins d\u2019injures LGBTIphobes.<\/li>\n\n\n\n<li>1 victime sur 3 de viol ont eu peur d\u2019aller en cours ou de participer \u00e0 la vie \u00e9tudiante et ont eu des difficult\u00e9s \u00e0 s\u2019impliquer dans leurs \u00e9tudes.<\/li>\n\n\n\n<li>1 victime sur 2 ont eu leur sant\u00e9 impact\u00e9e<\/li>\n<\/ul>\n\n\n\n<p><strong>Ce sont des violences syst\u00e9miques, autant lors d&rsquo;\u00e9v\u00e9nements festifs que durant la vie quotidienne des \u00e9tudiant-es et elles s\u2019\u00e9tendent \u00e0 tout type d\u2019\u00e9tablissement, public comme priv\u00e9. Elles sont commises par des \u00e9tudiant-es, des enseignant-es et des membres du personnel.<\/strong><\/p>\n\n\n\n<p class=\"has-larger-font-size\">Pour un f\u00e9minisme de classe : Exigeons des droits pour les travailleuses<br>Lutter pour les droits des femmes, c&rsquo;est lutter pour que les conditions mat\u00e9rielles d&rsquo;existence de ces derni\u00e8res soient am\u00e9lior\u00e9es.<\/p>\n\n\n\n<p><strong>Aujourd&rsquo;hui, les m\u00e9tiers occup\u00e9s majoritairement par des femmes continuent d&rsquo;\u00eatre peu reconnus, mal r\u00e9mun\u00e9r\u00e9s et ce constat s&rsquo;aggrave d\u00e8s que l&rsquo;on s&rsquo;int\u00e9resse aux femmes immigr\u00e9es.<\/strong> De plus, les femmes occupent souvent un travail \u00e0 temps partiel, notamment puisqu&rsquo;elles continuent de r\u00e9aliser la plupart des t\u00e2ches domestiques quotidiennes au sein des foyers.<\/p>\n\n\n\n<p><strong>Notre f\u00e9minisme ne doit pas se contenter de modifier nos comportements individuels mais surtout viser la d\u00e9fense et l&rsquo;obtention de droits pour les travailleuses.<\/strong> Aussi, le 8 mars, nous devons revendiquer de meilleurs salaires et plus de moyens dans les m\u00e9tiers du m\u00e9nage, du soin, de la sant\u00e9 et de l&rsquo;\u00e9ducation.<br><br><strong>Pour un f\u00e9minisme anticapitaliste :<br><\/strong>Bien que des droits ont pu \u00eatre obtenus pour les femmes sous le capitalisme, ce syst\u00e8me ne peut ni les rendre effectifs, ni les garantir de mani\u00e8re p\u00e9renne. En effet, d\u00e8s que le capitalisme rentre en crise, les droits des femmes se trouvent menac\u00e9s (comme les droits des personnes LGBTI, immigr\u00e9es et handicap\u00e9es).<\/p>\n\n\n\n<p>Nous pouvons constater qu&rsquo;\u00e0 l&rsquo;international, les droits des femmes reculent, notamment avec la remise en cause du droit \u00e0 l&rsquo;avortement en Pologne et aux \u00c9tats-Unis. Lorsque Macron affirme la n\u00e9cessit\u00e9 d&rsquo;un r\u00e9armement d\u00e9mographique, ces mots nous rappelle que la France n&rsquo;est pas \u00e9pargn\u00e9e.<br>Limiter les d\u00e9penses publiques, l\u2019investissement dans les services publics du soin, de la sant\u00e9, de l&rsquo;\u00e9ducation renvoie ces t\u00e2ches aux femmes, au sein des foyers. Lutter pour les droits sociaux et contre la casse des services publics c&rsquo;est ainsi lutter contre le travail gratuit au sein des foyers, source d&rsquo;une deuxi\u00e8me journ\u00e9e de travail pour les femmes. Aujourd&rsquo;hui nous devons lutter pour les droits des travailleuses. Mais si nous voulons p\u00e9renniser ces droits, nous devrons demain lutter pour un changement de soci\u00e9t\u00e9 !<br><br><strong>Pour un f\u00e9minisme antifasciste :<\/strong> <strong>L&rsquo;extr\u00eame droite est l&rsquo;ennemie des femmes<\/strong><br><br>La mont\u00e9e de l&rsquo;extr\u00eame droite est une <strong>menace directe<\/strong> contre les droits des femmes. Si l&rsquo;extr\u00eame droite instrumentalise le f\u00e9minisme pour alimenter le racisme envers les immigr\u00e9-es. Il ne faut jamais s&rsquo;y tromper : <strong>l&rsquo;extr\u00eame droite n&rsquo;a jamais d\u00e9fendu et n&rsquo;entendra jamais d\u00e9fendre les droits des femmes. <\/strong><br>Au contraire, l&rsquo;extr\u00eame droite met, d\u00e8s qu&rsquo;elle le peut, en p\u00e9ril les acquis sociaux obtenus. L&rsquo;extr\u00eame droite propage une vision traditionnelle du foyer, dans lequel l&rsquo;\u00e9mancipation des femmes est relay\u00e9e au second plan.<br><strong>Des id\u00e9es r\u00e9actionnaires et essentialistes continuent d&rsquo;\u00eatre v\u00e9hicul\u00e9es au sein de la soci\u00e9t\u00e9, jusqu&rsquo;\u00e0 nos universit\u00e9s. L&rsquo;extr\u00eame droite alimente activement ces discours<\/strong>, tentant de tourner en d\u00e9rision les combats f\u00e9ministes et d&rsquo;accuser les femmes d&rsquo;\u00eatre uniquement des \u00ab\u00a0\u00eatre \u00e9motionnels\u00a0\u00bb, incapables de raison. Ces pr\u00e9jug\u00e9s sont aussi largement diffus\u00e9s sur les r\u00e9seaux sociaux, forums et ont convaincu de jeunes gar\u00e7ons, et parfois m\u00eame des femmes, qui tentent de les propager \u00e0 leur tour dans leur entourage et dans nos universit\u00e9s.<br><br><strong>Pour un f\u00e9minisme anti-imperialiste et internationaliste plus important que jamais !<\/strong><br><br>La lutte pour les droits des femmes ne s&rsquo;arr\u00eate ni aux portes de nos universit\u00e9s, ni aux fronti\u00e8res de notre pays. Partout dans le monde, la lutte pour les droits des femmes se poursuit. Et les guerres inter-imp\u00e9rialistes les mettent en p\u00e9ril : crimes de guerre (viols, trafics sexuel, etc.), recul des droits sociaux, militarisation, politiques natalistes, ces \u00e9l\u00e9ments sont la cons\u00e9quence des crises de l&rsquo;imp\u00e9rialisme.<br>Alors que les organisation f\u00e9ministes ayant pris position en soutien au peuple palestinien sont menac\u00e9es par l\u2019\u00c9tat, <strong>affirmer un f\u00e9minisme anti-imp\u00e9rialiste est plus important que jamais.<\/strong><br>Combattre la colonisation et l&rsquo;imp\u00e9rialisme, c&rsquo;est combattre le syst\u00e8me capitaliste, source d&rsquo;oppression des femmes. Comme l&rsquo;affirme Florence Herv\u00e9 \u00ab\u00a0on ne peut arriver \u00e0 quelque chose que dans le collectif, avec la solidarit\u00e9 dans les nations et la solidarit\u00e9 internationale\u00a0\u00bb<br><br><strong>Pour un front de lutte f\u00e9ministe : Nos luttes sont f\u00e9ministes toute l&rsquo;ann\u00e9e<\/strong><br><br>Toute l&rsquo;ann\u00e9e, les syndicats doivent s&rsquo;efforcer d\u2019\u00eatre un lieu de rupture avec l&rsquo;inertie des rapports sociaux habituels et permettre l&rsquo;\u00e9mancipation de tous et toutes en leur sein !<br>Changer de soci\u00e9t\u00e9 ne pourra pas se faire sans les femmes et pour ce faire, nous devons nous former ensemble, cr\u00e9er des espace sains d&rsquo;entraide, d&rsquo;\u00e9mancipation et gagner en confiance lorsqu&rsquo;il s&rsquo;agit de politique.<br><strong>Le 8 mars est une journ\u00e9e importante de visibilit\u00e9 des luttes pour les droits des femmes partout dans le monde. Toutefois, la lutte doit continuer au-del\u00e0 !<\/strong><\/p>\n","protected":false},"excerpt":{"rendered":"<p>Gr\u00e8ve g\u00e9n\u00e9rale f\u00e9ministe ? Le 8 mars est la journ\u00e9e internationale de [&hellip;]<\/p>\n","protected":false},"author":1,"featured_media":7190,"comment_status":"open","ping_status":"open","sticky":false,"template":"","format":"standard","meta":{"cybocfi_hide_featured_image":"","footnotes":""},"categories":[1193],"tags":[83,747],"class_list":["post-7185","post","type-post","status-publish","format-standard","has-post-thumbnail","hentry","category-manifestation","tag-8-mars","tag-manifestation","col-md-4 col-sm-4"],"featured_image_src":"https:\/\/solidaires-etudiant-e-s.org\/site\/wp-content\/uploads\/2024\/03\/8-mars-post-federal.png","author_info":{"display_name":"Solidaires \u00e9tudiant-e-s","author_link":false},"yoast_head":"<!-- This site is optimized with the Yoast SEO plugin v27.4 - https:\/\/yoast.com\/product\/yoast-seo-wordpress\/ -->\n<title>Gr\u00e8ve f\u00e9ministe internationale : Le 8 Mars 2024 en gr\u00e8ve et en manif ! - Solidaires \u00e9tudiant-e-s<\/title>\n<meta name=\"robots\" content=\"index, follow, max-snippet:-1, max-image-preview:large, max-video-preview:-1\" \/>\n<link rel=\"canonical\" href=\"https:\/\/solidaires-etudiant-e-s.org\/site\/2024\/03\/10\/greve-feministe-internationale-le-8-mars-2024-en-greve-et-en-manif\/\" \/>\n<meta property=\"og:locale\" content=\"fr_FR\" \/>\n<meta property=\"og:type\" content=\"article\" \/>\n<meta property=\"og:title\" content=\"Gr\u00e8ve f\u00e9ministe internationale : Le 8 Mars 2024 en gr\u00e8ve et en manif ! - Solidaires \u00e9tudiant-e-s\" \/>\n<meta property=\"og:description\" content=\"Gr\u00e8ve g\u00e9n\u00e9rale f\u00e9ministe ? Le 8 mars est la journ\u00e9e internationale de [&hellip;]\" \/>\n<meta property=\"og:url\" content=\"https:\/\/solidaires-etudiant-e-s.org\/site\/2024\/03\/10\/greve-feministe-internationale-le-8-mars-2024-en-greve-et-en-manif\/\" \/>\n<meta property=\"og:site_name\" content=\"Solidaires \u00e9tudiant-e-s\" \/>\n<meta property=\"article:publisher\" content=\"https:\/\/www.facebook.com\/solidairesetudiantes\" \/>\n<meta property=\"article:author\" content=\"https:\/\/www.facebook.com\/solidairesetudiantes\" \/>\n<meta property=\"article:published_time\" content=\"2024-03-10T15:02:27+00:00\" \/>\n<meta property=\"article:modified_time\" content=\"2024-12-01T18:51:48+00:00\" \/>\n<meta property=\"og:image\" content=\"https:\/\/solidaires-etudiant-e-s.org\/site\/wp-content\/uploads\/2024\/03\/8-mars-post-federal.png\" \/>\n\t<meta property=\"og:image:width\" content=\"1080\" \/>\n\t<meta property=\"og:image:height\" content=\"1080\" \/>\n\t<meta property=\"og:image:type\" content=\"image\/png\" \/>\n<meta name=\"author\" content=\"Solidaires \u00e9tudiant-e-s\" \/>\n<meta name=\"twitter:card\" content=\"summary_large_image\" \/>\n<meta name=\"twitter:creator\" content=\"@SolidairesEtu\" \/>\n<meta name=\"twitter:site\" content=\"@SolidairesEtu\" \/>\n<meta name=\"twitter:label1\" content=\"\u00c9crit par\" \/>\n\t<meta name=\"twitter:data1\" content=\"Solidaires \u00e9tudiant-e-s\" \/>\n\t<meta name=\"twitter:label2\" content=\"Dur\u00e9e de lecture estim\u00e9e\" \/>\n\t<meta name=\"twitter:data2\" content=\"7 minutes\" \/>\n<script type=\"application\/ld+json\" class=\"yoast-schema-graph\">{\"@context\":\"https:\\\/\\\/schema.org\",\"@graph\":[{\"@type\":\"Article\",\"@id\":\"https:\\\/\\\/solidaires-etudiant-e-s.org\\\/site\\\/2024\\\/03\\\/10\\\/greve-feministe-internationale-le-8-mars-2024-en-greve-et-en-manif\\\/#article\",\"isPartOf\":{\"@id\":\"https:\\\/\\\/solidaires-etudiant-e-s.org\\\/site\\\/2024\\\/03\\\/10\\\/greve-feministe-internationale-le-8-mars-2024-en-greve-et-en-manif\\\/\"},\"author\":{\"name\":\"Solidaires \u00e9tudiant-e-s\",\"@id\":\"https:\\\/\\\/solidaires-etudiant-e-s.org\\\/site\\\/#\\\/schema\\\/person\\\/0efb3e0ff4e2f12b5a5abcd4352aa86c\"},\"headline\":\"Gr\u00e8ve f\u00e9ministe internationale : Le 8 Mars 2024 en gr\u00e8ve et en manif !\",\"datePublished\":\"2024-03-10T15:02:27+00:00\",\"dateModified\":\"2024-12-01T18:51:48+00:00\",\"mainEntityOfPage\":{\"@id\":\"https:\\\/\\\/solidaires-etudiant-e-s.org\\\/site\\\/2024\\\/03\\\/10\\\/greve-feministe-internationale-le-8-mars-2024-en-greve-et-en-manif\\\/\"},\"wordCount\":1389,\"commentCount\":0,\"publisher\":{\"@id\":\"https:\\\/\\\/solidaires-etudiant-e-s.org\\\/site\\\/#organization\"},\"image\":{\"@id\":\"https:\\\/\\\/solidaires-etudiant-e-s.org\\\/site\\\/2024\\\/03\\\/10\\\/greve-feministe-internationale-le-8-mars-2024-en-greve-et-en-manif\\\/#primaryimage\"},\"thumbnailUrl\":\"https:\\\/\\\/solidaires-etudiant-e-s.org\\\/site\\\/wp-content\\\/uploads\\\/2024\\\/03\\\/8-mars-post-federal.png\",\"keywords\":[\"8 mars\",\"manifestation\"],\"articleSection\":[\"MANIFESTATION\"],\"inLanguage\":\"fr-FR\",\"potentialAction\":[{\"@type\":\"CommentAction\",\"name\":\"Comment\",\"target\":[\"https:\\\/\\\/solidaires-etudiant-e-s.org\\\/site\\\/2024\\\/03\\\/10\\\/greve-feministe-internationale-le-8-mars-2024-en-greve-et-en-manif\\\/#respond\"]}]},{\"@type\":\"WebPage\",\"@id\":\"https:\\\/\\\/solidaires-etudiant-e-s.org\\\/site\\\/2024\\\/03\\\/10\\\/greve-feministe-internationale-le-8-mars-2024-en-greve-et-en-manif\\\/\",\"url\":\"https:\\\/\\\/solidaires-etudiant-e-s.org\\\/site\\\/2024\\\/03\\\/10\\\/greve-feministe-internationale-le-8-mars-2024-en-greve-et-en-manif\\\/\",\"name\":\"Gr\u00e8ve f\u00e9ministe internationale : Le 8 Mars 2024 en gr\u00e8ve et en manif ! - Solidaires \u00e9tudiant-e-s\",\"isPartOf\":{\"@id\":\"https:\\\/\\\/solidaires-etudiant-e-s.org\\\/site\\\/#website\"},\"primaryImageOfPage\":{\"@id\":\"https:\\\/\\\/solidaires-etudiant-e-s.org\\\/site\\\/2024\\\/03\\\/10\\\/greve-feministe-internationale-le-8-mars-2024-en-greve-et-en-manif\\\/#primaryimage\"},\"image\":{\"@id\":\"https:\\\/\\\/solidaires-etudiant-e-s.org\\\/site\\\/2024\\\/03\\\/10\\\/greve-feministe-internationale-le-8-mars-2024-en-greve-et-en-manif\\\/#primaryimage\"},\"thumbnailUrl\":\"https:\\\/\\\/solidaires-etudiant-e-s.org\\\/site\\\/wp-content\\\/uploads\\\/2024\\\/03\\\/8-mars-post-federal.png\",\"datePublished\":\"2024-03-10T15:02:27+00:00\",\"dateModified\":\"2024-12-01T18:51:48+00:00\",\"breadcrumb\":{\"@id\":\"https:\\\/\\\/solidaires-etudiant-e-s.org\\\/site\\\/2024\\\/03\\\/10\\\/greve-feministe-internationale-le-8-mars-2024-en-greve-et-en-manif\\\/#breadcrumb\"},\"inLanguage\":\"fr-FR\",\"potentialAction\":[{\"@type\":\"ReadAction\",\"target\":[\"https:\\\/\\\/solidaires-etudiant-e-s.org\\\/site\\\/2024\\\/03\\\/10\\\/greve-feministe-internationale-le-8-mars-2024-en-greve-et-en-manif\\\/\"]}]},{\"@type\":\"ImageObject\",\"inLanguage\":\"fr-FR\",\"@id\":\"https:\\\/\\\/solidaires-etudiant-e-s.org\\\/site\\\/2024\\\/03\\\/10\\\/greve-feministe-internationale-le-8-mars-2024-en-greve-et-en-manif\\\/#primaryimage\",\"url\":\"https:\\\/\\\/solidaires-etudiant-e-s.org\\\/site\\\/wp-content\\\/uploads\\\/2024\\\/03\\\/8-mars-post-federal.png\",\"contentUrl\":\"https:\\\/\\\/solidaires-etudiant-e-s.org\\\/site\\\/wp-content\\\/uploads\\\/2024\\\/03\\\/8-mars-post-federal.png\",\"width\":1080,\"height\":1080},{\"@type\":\"BreadcrumbList\",\"@id\":\"https:\\\/\\\/solidaires-etudiant-e-s.org\\\/site\\\/2024\\\/03\\\/10\\\/greve-feministe-internationale-le-8-mars-2024-en-greve-et-en-manif\\\/#breadcrumb\",\"itemListElement\":[{\"@type\":\"ListItem\",\"position\":1,\"name\":\"Accueil\",\"item\":\"https:\\\/\\\/solidaires-etudiant-e-s.org\\\/site\\\/\"},{\"@type\":\"ListItem\",\"position\":2,\"name\":\"Gr\u00e8ve f\u00e9ministe internationale : Le 8 Mars 2024 en gr\u00e8ve et en manif !\"}]},{\"@type\":\"WebSite\",\"@id\":\"https:\\\/\\\/solidaires-etudiant-e-s.org\\\/site\\\/#website\",\"url\":\"https:\\\/\\\/solidaires-etudiant-e-s.org\\\/site\\\/\",\"name\":\"Solidaires \u00e9tudiant-e-s\",\"description\":\"Syndicats pour un enseignement sup\u00e9rieur gratuit, ouvert, et \u00e9mancipateur !\",\"publisher\":{\"@id\":\"https:\\\/\\\/solidaires-etudiant-e-s.org\\\/site\\\/#organization\"},\"potentialAction\":[{\"@type\":\"SearchAction\",\"target\":{\"@type\":\"EntryPoint\",\"urlTemplate\":\"https:\\\/\\\/solidaires-etudiant-e-s.org\\\/site\\\/?s={search_term_string}\"},\"query-input\":{\"@type\":\"PropertyValueSpecification\",\"valueRequired\":true,\"valueName\":\"search_term_string\"}}],\"inLanguage\":\"fr-FR\"},{\"@type\":\"Organization\",\"@id\":\"https:\\\/\\\/solidaires-etudiant-e-s.org\\\/site\\\/#organization\",\"name\":\"Solidaires \u00e9tudiant-e-s\",\"url\":\"https:\\\/\\\/solidaires-etudiant-e-s.org\\\/site\\\/\",\"logo\":{\"@type\":\"ImageObject\",\"inLanguage\":\"fr-FR\",\"@id\":\"https:\\\/\\\/solidaires-etudiant-e-s.org\\\/site\\\/#\\\/schema\\\/logo\\\/image\\\/\",\"url\":\"https:\\\/\\\/solidaires-etudiant-e-s.org\\\/site\\\/wp-content\\\/uploads\\\/2025\\\/12\\\/13-1.png\",\"contentUrl\":\"https:\\\/\\\/solidaires-etudiant-e-s.org\\\/site\\\/wp-content\\\/uploads\\\/2025\\\/12\\\/13-1.png\",\"width\":1181,\"height\":827,\"caption\":\"Solidaires \u00e9tudiant-e-s\"},\"image\":{\"@id\":\"https:\\\/\\\/solidaires-etudiant-e-s.org\\\/site\\\/#\\\/schema\\\/logo\\\/image\\\/\"},\"sameAs\":[\"https:\\\/\\\/www.facebook.com\\\/solidairesetudiantes\",\"https:\\\/\\\/x.com\\\/SolidairesEtu\",\"https:\\\/\\\/www.instagram.com\\\/solidairesetu\\\/\",\"https:\\\/\\\/bsky.app\\\/profile\\\/solidaires-etudiant-e-s.org\",\"https:\\\/\\\/mastodon.social\\\/@solidairesetu\",\"https:\\\/\\\/www.youtube.com\\\/channel\\\/UC_iZN9gmVAAnXbBM7wAWOag\"]},{\"@type\":\"Person\",\"@id\":\"https:\\\/\\\/solidaires-etudiant-e-s.org\\\/site\\\/#\\\/schema\\\/person\\\/0efb3e0ff4e2f12b5a5abcd4352aa86c\",\"name\":\"Solidaires \u00e9tudiant-e-s\",\"image\":{\"@type\":\"ImageObject\",\"inLanguage\":\"fr-FR\",\"@id\":\"https:\\\/\\\/solidaires-etudiant-e-s.org\\\/site\\\/wp-content\\\/uploads\\\/2020\\\/01\\\/logo-SESL-rond-512-96x96.png\",\"url\":\"https:\\\/\\\/solidaires-etudiant-e-s.org\\\/site\\\/wp-content\\\/uploads\\\/2020\\\/01\\\/logo-SESL-rond-512-96x96.png\",\"contentUrl\":\"https:\\\/\\\/solidaires-etudiant-e-s.org\\\/site\\\/wp-content\\\/uploads\\\/2020\\\/01\\\/logo-SESL-rond-512-96x96.png\",\"caption\":\"Solidaires \u00e9tudiant-e-s\"},\"sameAs\":[\"https:\\\/\\\/solidaires-etudiant.org\\\/site\",\"https:\\\/\\\/www.facebook.com\\\/solidairesetudiantes\",\"https:\\\/\\\/www.instagram.com\\\/solidairesetu\",\"https:\\\/\\\/x.com\\\/SolidairesEtu\",\"https:\\\/\\\/fr.wikipedia.org\\\/wiki\\\/Solidaires_tudiant-e-s\"]}]}<\/script>\n<!-- \/ Yoast SEO plugin. -->","yoast_head_json":{"title":"Gr\u00e8ve f\u00e9ministe internationale : Le 8 Mars 2024 en gr\u00e8ve et en manif ! - Solidaires \u00e9tudiant-e-s","robots":{"index":"index","follow":"follow","max-snippet":"max-snippet:-1","max-image-preview":"max-image-preview:large","max-video-preview":"max-video-preview:-1"},"canonical":"https:\/\/solidaires-etudiant-e-s.org\/site\/2024\/03\/10\/greve-feministe-internationale-le-8-mars-2024-en-greve-et-en-manif\/","og_locale":"fr_FR","og_type":"article","og_title":"Gr\u00e8ve f\u00e9ministe internationale : Le 8 Mars 2024 en gr\u00e8ve et en manif ! - Solidaires \u00e9tudiant-e-s","og_description":"Gr\u00e8ve g\u00e9n\u00e9rale f\u00e9ministe ? Le 8 mars est la journ\u00e9e internationale de [&hellip;]","og_url":"https:\/\/solidaires-etudiant-e-s.org\/site\/2024\/03\/10\/greve-feministe-internationale-le-8-mars-2024-en-greve-et-en-manif\/","og_site_name":"Solidaires \u00e9tudiant-e-s","article_publisher":"https:\/\/www.facebook.com\/solidairesetudiantes","article_author":"https:\/\/www.facebook.com\/solidairesetudiantes","article_published_time":"2024-03-10T15:02:27+00:00","article_modified_time":"2024-12-01T18:51:48+00:00","og_image":[{"width":1080,"height":1080,"url":"https:\/\/solidaires-etudiant-e-s.org\/site\/wp-content\/uploads\/2024\/03\/8-mars-post-federal.png","type":"image\/png"}],"author":"Solidaires \u00e9tudiant-e-s","twitter_card":"summary_large_image","twitter_creator":"@SolidairesEtu","twitter_site":"@SolidairesEtu","twitter_misc":{"\u00c9crit par":"Solidaires \u00e9tudiant-e-s","Dur\u00e9e de lecture estim\u00e9e":"7 minutes"},"schema":{"@context":"https:\/\/schema.org","@graph":[{"@type":"Article","@id":"https:\/\/solidaires-etudiant-e-s.org\/site\/2024\/03\/10\/greve-feministe-internationale-le-8-mars-2024-en-greve-et-en-manif\/#article","isPartOf":{"@id":"https:\/\/solidaires-etudiant-e-s.org\/site\/2024\/03\/10\/greve-feministe-internationale-le-8-mars-2024-en-greve-et-en-manif\/"},"author":{"name":"Solidaires \u00e9tudiant-e-s","@id":"https:\/\/solidaires-etudiant-e-s.org\/site\/#\/schema\/person\/0efb3e0ff4e2f12b5a5abcd4352aa86c"},"headline":"Gr\u00e8ve f\u00e9ministe internationale : Le 8 Mars 2024 en gr\u00e8ve et en manif !","datePublished":"2024-03-10T15:02:27+00:00","dateModified":"2024-12-01T18:51:48+00:00","mainEntityOfPage":{"@id":"https:\/\/solidaires-etudiant-e-s.org\/site\/2024\/03\/10\/greve-feministe-internationale-le-8-mars-2024-en-greve-et-en-manif\/"},"wordCount":1389,"commentCount":0,"publisher":{"@id":"https:\/\/solidaires-etudiant-e-s.org\/site\/#organization"},"image":{"@id":"https:\/\/solidaires-etudiant-e-s.org\/site\/2024\/03\/10\/greve-feministe-internationale-le-8-mars-2024-en-greve-et-en-manif\/#primaryimage"},"thumbnailUrl":"https:\/\/solidaires-etudiant-e-s.org\/site\/wp-content\/uploads\/2024\/03\/8-mars-post-federal.png","keywords":["8 mars","manifestation"],"articleSection":["MANIFESTATION"],"inLanguage":"fr-FR","potentialAction":[{"@type":"CommentAction","name":"Comment","target":["https:\/\/solidaires-etudiant-e-s.org\/site\/2024\/03\/10\/greve-feministe-internationale-le-8-mars-2024-en-greve-et-en-manif\/#respond"]}]},{"@type":"WebPage","@id":"https:\/\/solidaires-etudiant-e-s.org\/site\/2024\/03\/10\/greve-feministe-internationale-le-8-mars-2024-en-greve-et-en-manif\/","url":"https:\/\/solidaires-etudiant-e-s.org\/site\/2024\/03\/10\/greve-feministe-internationale-le-8-mars-2024-en-greve-et-en-manif\/","name":"Gr\u00e8ve f\u00e9ministe internationale : Le 8 Mars 2024 en gr\u00e8ve et en manif ! - Solidaires \u00e9tudiant-e-s","isPartOf":{"@id":"https:\/\/solidaires-etudiant-e-s.org\/site\/#website"},"primaryImageOfPage":{"@id":"https:\/\/solidaires-etudiant-e-s.org\/site\/2024\/03\/10\/greve-feministe-internationale-le-8-mars-2024-en-greve-et-en-manif\/#primaryimage"},"image":{"@id":"https:\/\/solidaires-etudiant-e-s.org\/site\/2024\/03\/10\/greve-feministe-internationale-le-8-mars-2024-en-greve-et-en-manif\/#primaryimage"},"thumbnailUrl":"https:\/\/solidaires-etudiant-e-s.org\/site\/wp-content\/uploads\/2024\/03\/8-mars-post-federal.png","datePublished":"2024-03-10T15:02:27+00:00","dateModified":"2024-12-01T18:51:48+00:00","breadcrumb":{"@id":"https:\/\/solidaires-etudiant-e-s.org\/site\/2024\/03\/10\/greve-feministe-internationale-le-8-mars-2024-en-greve-et-en-manif\/#breadcrumb"},"inLanguage":"fr-FR","potentialAction":[{"@type":"ReadAction","target":["https:\/\/solidaires-etudiant-e-s.org\/site\/2024\/03\/10\/greve-feministe-internationale-le-8-mars-2024-en-greve-et-en-manif\/"]}]},{"@type":"ImageObject","inLanguage":"fr-FR","@id":"https:\/\/solidaires-etudiant-e-s.org\/site\/2024\/03\/10\/greve-feministe-internationale-le-8-mars-2024-en-greve-et-en-manif\/#primaryimage","url":"https:\/\/solidaires-etudiant-e-s.org\/site\/wp-content\/uploads\/2024\/03\/8-mars-post-federal.png","contentUrl":"https:\/\/solidaires-etudiant-e-s.org\/site\/wp-content\/uploads\/2024\/03\/8-mars-post-federal.png","width":1080,"height":1080},{"@type":"BreadcrumbList","@id":"https:\/\/solidaires-etudiant-e-s.org\/site\/2024\/03\/10\/greve-feministe-internationale-le-8-mars-2024-en-greve-et-en-manif\/#breadcrumb","itemListElement":[{"@type":"ListItem","position":1,"name":"Accueil","item":"https:\/\/solidaires-etudiant-e-s.org\/site\/"},{"@type":"ListItem","position":2,"name":"Gr\u00e8ve f\u00e9ministe internationale : Le 8 Mars 2024 en gr\u00e8ve et en manif !"}]},{"@type":"WebSite","@id":"https:\/\/solidaires-etudiant-e-s.org\/site\/#website","url":"https:\/\/solidaires-etudiant-e-s.org\/site\/","name":"Solidaires \u00e9tudiant-e-s","description":"Syndicats pour un enseignement sup\u00e9rieur gratuit, ouvert, et \u00e9mancipateur !","publisher":{"@id":"https:\/\/solidaires-etudiant-e-s.org\/site\/#organization"},"potentialAction":[{"@type":"SearchAction","target":{"@type":"EntryPoint","urlTemplate":"https:\/\/solidaires-etudiant-e-s.org\/site\/?s={search_term_string}"},"query-input":{"@type":"PropertyValueSpecification","valueRequired":true,"valueName":"search_term_string"}}],"inLanguage":"fr-FR"},{"@type":"Organization","@id":"https:\/\/solidaires-etudiant-e-s.org\/site\/#organization","name":"Solidaires \u00e9tudiant-e-s","url":"https:\/\/solidaires-etudiant-e-s.org\/site\/","logo":{"@type":"ImageObject","inLanguage":"fr-FR","@id":"https:\/\/solidaires-etudiant-e-s.org\/site\/#\/schema\/logo\/image\/","url":"https:\/\/solidaires-etudiant-e-s.org\/site\/wp-content\/uploads\/2025\/12\/13-1.png","contentUrl":"https:\/\/solidaires-etudiant-e-s.org\/site\/wp-content\/uploads\/2025\/12\/13-1.png","width":1181,"height":827,"caption":"Solidaires \u00e9tudiant-e-s"},"image":{"@id":"https:\/\/solidaires-etudiant-e-s.org\/site\/#\/schema\/logo\/image\/"},"sameAs":["https:\/\/www.facebook.com\/solidairesetudiantes","https:\/\/x.com\/SolidairesEtu","https:\/\/www.instagram.com\/solidairesetu\/","https:\/\/bsky.app\/profile\/solidaires-etudiant-e-s.org","https:\/\/mastodon.social\/@solidairesetu","https:\/\/www.youtube.com\/channel\/UC_iZN9gmVAAnXbBM7wAWOag"]},{"@type":"Person","@id":"https:\/\/solidaires-etudiant-e-s.org\/site\/#\/schema\/person\/0efb3e0ff4e2f12b5a5abcd4352aa86c","name":"Solidaires \u00e9tudiant-e-s","image":{"@type":"ImageObject","inLanguage":"fr-FR","@id":"https:\/\/solidaires-etudiant-e-s.org\/site\/wp-content\/uploads\/2020\/01\/logo-SESL-rond-512-96x96.png","url":"https:\/\/solidaires-etudiant-e-s.org\/site\/wp-content\/uploads\/2020\/01\/logo-SESL-rond-512-96x96.png","contentUrl":"https:\/\/solidaires-etudiant-e-s.org\/site\/wp-content\/uploads\/2020\/01\/logo-SESL-rond-512-96x96.png","caption":"Solidaires \u00e9tudiant-e-s"},"sameAs":["https:\/\/solidaires-etudiant.org\/site","https:\/\/www.facebook.com\/solidairesetudiantes","https:\/\/www.instagram.com\/solidairesetu","https:\/\/x.com\/SolidairesEtu","https:\/\/fr.wikipedia.org\/wiki\/Solidaires_tudiant-e-s"]}]}},"_links":{"self":[{"href":"https:\/\/solidaires-etudiant-e-s.org\/site\/wp-json\/wp\/v2\/posts\/7185","targetHints":{"allow":["GET"]}}],"collection":[{"href":"https:\/\/solidaires-etudiant-e-s.org\/site\/wp-json\/wp\/v2\/posts"}],"about":[{"href":"https:\/\/solidaires-etudiant-e-s.org\/site\/wp-json\/wp\/v2\/types\/post"}],"author":[{"embeddable":true,"href":"https:\/\/solidaires-etudiant-e-s.org\/site\/wp-json\/wp\/v2\/users\/1"}],"replies":[{"embeddable":true,"href":"https:\/\/solidaires-etudiant-e-s.org\/site\/wp-json\/wp\/v2\/comments?post=7185"}],"version-history":[{"count":1,"href":"https:\/\/solidaires-etudiant-e-s.org\/site\/wp-json\/wp\/v2\/posts\/7185\/revisions"}],"predecessor-version":[{"id":7192,"href":"https:\/\/solidaires-etudiant-e-s.org\/site\/wp-json\/wp\/v2\/posts\/7185\/revisions\/7192"}],"wp:featuredmedia":[{"embeddable":true,"href":"https:\/\/solidaires-etudiant-e-s.org\/site\/wp-json\/wp\/v2\/media\/7190"}],"wp:attachment":[{"href":"https:\/\/solidaires-etudiant-e-s.org\/site\/wp-json\/wp\/v2\/media?parent=7185"}],"wp:term":[{"taxonomy":"category","embeddable":true,"href":"https:\/\/solidaires-etudiant-e-s.org\/site\/wp-json\/wp\/v2\/categories?post=7185"},{"taxonomy":"post_tag","embeddable":true,"href":"https:\/\/solidaires-etudiant-e-s.org\/site\/wp-json\/wp\/v2\/tags?post=7185"}],"curies":[{"name":"wp","href":"https:\/\/api.w.org\/{rel}","templated":true}]}}