{"id":7150,"date":"2023-12-15T12:24:19","date_gmt":"2023-12-15T11:24:19","guid":{"rendered":"https:\/\/solidaires-etudiant.org\/site\/?p=7150"},"modified":"2023-12-15T12:29:47","modified_gmt":"2023-12-15T11:29:47","slug":"loi-darmanin-nous-irons-jusquau-retrait-manifestons-pour-le-retrait-le-la-loi-le-18-decembre","status":"publish","type":"post","link":"https:\/\/solidaires-etudiant-e-s.org\/site\/2023\/12\/15\/loi-darmanin-nous-irons-jusquau-retrait-manifestons-pour-le-retrait-le-la-loi-le-18-decembre\/","title":{"rendered":"Loi Darmanin : nous irons jusqu&rsquo;au retrait !\u00a0Manifestons pour le retrait le la loi le 18 d\u00e9cembre !"},"content":{"rendered":"\n<p>Lundi, l&rsquo;Assembl\u00e9e Nationale a vot\u00e9 une motion de rejet du projet de loi immigration, cependant le gouvernement n&rsquo;a pas encore abandonn\u00e9 son funeste projet. L&rsquo;abject Darmanin a d\u00e9cid\u00e9 de convoquer une commission mixte paritaire ce qui pr\u00e9sage un durcicement de la loi pour satisfaire l&rsquo;extr\u00eame-droite, en r\u00e9-int\u00e9grant des mesures telles que la suppression de l&rsquo;AME, exclusion des \u00e9tranger-\u00e8res vis\u00e9-es par une OQTF du droit \u00e0 l&rsquo;h\u00e9bergement d&rsquo;urgence&#8230;<\/p>\n\n\n\n<p>&nbsp;&nbsp;&nbsp; Face \u00e0 ce projet indigne, la seule solution c&rsquo;est le retrait ! Ainsi que la mise en place d&rsquo;une r\u00e9elle politique d&rsquo;accueil garantissant la dignit\u00e9 de tous-tes !<\/p>\n\n\n\n<p>&nbsp;&nbsp;&nbsp; Contre le racisme d&rsquo;\u00c9tat, la x\u00e9nophobie et pour l&rsquo;\u00e9galit\u00e9 des droits pour tous-tes, soyons nombreux-euses dans la rue lundi 18 d\u00e9cembre pour la journ\u00e9e internationale des personnes migrantes !&nbsp;<\/p>\n\n\n\n<p>Pour trouver un rassemblement\/manif dans votre ville : https:\/\/antiracisme-solidarite.org\/agenda\/<\/p>\n\n\n\n<p><\/p>\n","protected":false},"excerpt":{"rendered":"<p>Lundi, l&rsquo;Assembl\u00e9e Nationale a vot\u00e9 une motion de rejet du projet de [&hellip;]<\/p>\n","protected":false},"author":1,"featured_media":7151,"comment_status":"open","ping_status":"open","sticky":false,"template":"","format":"standard","meta":{"cybocfi_hide_featured_image":"","footnotes":""},"categories":[5,7,10],"tags":[141,1203],"class_list":["post-7150","post","type-post","status-publish","format-standard","has-post-thumbnail","hentry","category-antifacisme","category-antiracisme","category-communiques","tag-antiracisme","tag-loi-immigration","col-md-4 col-sm-4"],"featured_image_src":"https:\/\/solidaires-etudiant-e-s.org\/site\/wp-content\/uploads\/2023\/12\/1-1.png","author_info":{"display_name":"Solidaires \u00e9tudiant-e-s","author_link":false},"yoast_head":"<!-- This site is optimized with the Yoast SEO plugin v27.4 - https:\/\/yoast.com\/product\/yoast-seo-wordpress\/ -->\n<title>Loi Darmanin : nous irons jusqu&#039;au retrait !\u00a0Manifestons pour le retrait le la loi le 18 d\u00e9cembre ! - Solidaires \u00e9tudiant-e-s<\/title>\n<meta name=\"robots\" content=\"index, follow, max-snippet:-1, max-image-preview:large, max-video-preview:-1\" \/>\n<link rel=\"canonical\" href=\"https:\/\/solidaires-etudiant-e-s.org\/site\/2023\/12\/15\/loi-darmanin-nous-irons-jusquau-retrait-manifestons-pour-le-retrait-le-la-loi-le-18-decembre\/\" \/>\n<meta property=\"og:locale\" content=\"fr_FR\" \/>\n<meta property=\"og:type\" content=\"article\" \/>\n<meta property=\"og:title\" content=\"Loi Darmanin : nous irons jusqu&#039;au retrait !\u00a0Manifestons pour le retrait le la loi le 18 d\u00e9cembre ! - Solidaires \u00e9tudiant-e-s\" \/>\n<meta property=\"og:description\" content=\"Lundi, l&rsquo;Assembl\u00e9e Nationale a vot\u00e9 une motion de rejet du projet de [&hellip;]\" \/>\n<meta property=\"og:url\" content=\"https:\/\/solidaires-etudiant-e-s.org\/site\/2023\/12\/15\/loi-darmanin-nous-irons-jusquau-retrait-manifestons-pour-le-retrait-le-la-loi-le-18-decembre\/\" \/>\n<meta property=\"og:site_name\" content=\"Solidaires \u00e9tudiant-e-s\" \/>\n<meta property=\"article:publisher\" content=\"https:\/\/www.facebook.com\/solidairesetudiantes\" \/>\n<meta property=\"article:author\" content=\"https:\/\/www.facebook.com\/solidairesetudiantes\" \/>\n<meta property=\"article:published_time\" content=\"2023-12-15T11:24:19+00:00\" \/>\n<meta property=\"article:modified_time\" content=\"2023-12-15T11:29:47+00:00\" \/>\n<meta property=\"og:image\" content=\"https:\/\/solidaires-etudiant-e-s.org\/site\/wp-content\/uploads\/2023\/12\/1-1.png\" \/>\n\t<meta property=\"og:image:width\" content=\"1080\" \/>\n\t<meta property=\"og:image:height\" content=\"1080\" \/>\n\t<meta property=\"og:image:type\" content=\"image\/png\" \/>\n<meta name=\"author\" content=\"Solidaires \u00e9tudiant-e-s\" \/>\n<meta name=\"twitter:card\" content=\"summary_large_image\" \/>\n<meta name=\"twitter:creator\" content=\"@SolidairesEtu\" \/>\n<meta name=\"twitter:site\" content=\"@SolidairesEtu\" \/>\n<meta name=\"twitter:label1\" content=\"\u00c9crit par\" \/>\n\t<meta name=\"twitter:data1\" content=\"Solidaires \u00e9tudiant-e-s\" \/>\n\t<meta name=\"twitter:label2\" content=\"Dur\u00e9e de lecture estim\u00e9e\" \/>\n\t<meta name=\"twitter:data2\" content=\"1 minute\" \/>\n<script type=\"application\/ld+json\" class=\"yoast-schema-graph\">{\"@context\":\"https:\\\/\\\/schema.org\",\"@graph\":[{\"@type\":\"Article\",\"@id\":\"https:\\\/\\\/solidaires-etudiant-e-s.org\\\/site\\\/2023\\\/12\\\/15\\\/loi-darmanin-nous-irons-jusquau-retrait-manifestons-pour-le-retrait-le-la-loi-le-18-decembre\\\/#article\",\"isPartOf\":{\"@id\":\"https:\\\/\\\/solidaires-etudiant-e-s.org\\\/site\\\/2023\\\/12\\\/15\\\/loi-darmanin-nous-irons-jusquau-retrait-manifestons-pour-le-retrait-le-la-loi-le-18-decembre\\\/\"},\"author\":{\"name\":\"Solidaires \u00e9tudiant-e-s\",\"@id\":\"https:\\\/\\\/solidaires-etudiant-e-s.org\\\/site\\\/#\\\/schema\\\/person\\\/0efb3e0ff4e2f12b5a5abcd4352aa86c\"},\"headline\":\"Loi Darmanin : nous irons jusqu&rsquo;au retrait !\u00a0Manifestons pour le retrait le la loi le 18 d\u00e9cembre !\",\"datePublished\":\"2023-12-15T11:24:19+00:00\",\"dateModified\":\"2023-12-15T11:29:47+00:00\",\"mainEntityOfPage\":{\"@id\":\"https:\\\/\\\/solidaires-etudiant-e-s.org\\\/site\\\/2023\\\/12\\\/15\\\/loi-darmanin-nous-irons-jusquau-retrait-manifestons-pour-le-retrait-le-la-loi-le-18-decembre\\\/\"},\"wordCount\":179,\"commentCount\":0,\"publisher\":{\"@id\":\"https:\\\/\\\/solidaires-etudiant-e-s.org\\\/site\\\/#organization\"},\"image\":{\"@id\":\"https:\\\/\\\/solidaires-etudiant-e-s.org\\\/site\\\/2023\\\/12\\\/15\\\/loi-darmanin-nous-irons-jusquau-retrait-manifestons-pour-le-retrait-le-la-loi-le-18-decembre\\\/#primaryimage\"},\"thumbnailUrl\":\"https:\\\/\\\/solidaires-etudiant-e-s.org\\\/site\\\/wp-content\\\/uploads\\\/2023\\\/12\\\/1-1.png\",\"keywords\":[\"antiracisme\",\"loi immigration\"],\"articleSection\":[\"ANTIFACISME\",\"ANTIRACISME\",\"COMMUNIQUES NATIONAUX\"],\"inLanguage\":\"fr-FR\",\"potentialAction\":[{\"@type\":\"CommentAction\",\"name\":\"Comment\",\"target\":[\"https:\\\/\\\/solidaires-etudiant-e-s.org\\\/site\\\/2023\\\/12\\\/15\\\/loi-darmanin-nous-irons-jusquau-retrait-manifestons-pour-le-retrait-le-la-loi-le-18-decembre\\\/#respond\"]}]},{\"@type\":\"WebPage\",\"@id\":\"https:\\\/\\\/solidaires-etudiant-e-s.org\\\/site\\\/2023\\\/12\\\/15\\\/loi-darmanin-nous-irons-jusquau-retrait-manifestons-pour-le-retrait-le-la-loi-le-18-decembre\\\/\",\"url\":\"https:\\\/\\\/solidaires-etudiant-e-s.org\\\/site\\\/2023\\\/12\\\/15\\\/loi-darmanin-nous-irons-jusquau-retrait-manifestons-pour-le-retrait-le-la-loi-le-18-decembre\\\/\",\"name\":\"Loi Darmanin : nous irons jusqu'au retrait !\u00a0Manifestons pour le retrait le la loi le 18 d\u00e9cembre ! - Solidaires \u00e9tudiant-e-s\",\"isPartOf\":{\"@id\":\"https:\\\/\\\/solidaires-etudiant-e-s.org\\\/site\\\/#website\"},\"primaryImageOfPage\":{\"@id\":\"https:\\\/\\\/solidaires-etudiant-e-s.org\\\/site\\\/2023\\\/12\\\/15\\\/loi-darmanin-nous-irons-jusquau-retrait-manifestons-pour-le-retrait-le-la-loi-le-18-decembre\\\/#primaryimage\"},\"image\":{\"@id\":\"https:\\\/\\\/solidaires-etudiant-e-s.org\\\/site\\\/2023\\\/12\\\/15\\\/loi-darmanin-nous-irons-jusquau-retrait-manifestons-pour-le-retrait-le-la-loi-le-18-decembre\\\/#primaryimage\"},\"thumbnailUrl\":\"https:\\\/\\\/solidaires-etudiant-e-s.org\\\/site\\\/wp-content\\\/uploads\\\/2023\\\/12\\\/1-1.png\",\"datePublished\":\"2023-12-15T11:24:19+00:00\",\"dateModified\":\"2023-12-15T11:29:47+00:00\",\"breadcrumb\":{\"@id\":\"https:\\\/\\\/solidaires-etudiant-e-s.org\\\/site\\\/2023\\\/12\\\/15\\\/loi-darmanin-nous-irons-jusquau-retrait-manifestons-pour-le-retrait-le-la-loi-le-18-decembre\\\/#breadcrumb\"},\"inLanguage\":\"fr-FR\",\"potentialAction\":[{\"@type\":\"ReadAction\",\"target\":[\"https:\\\/\\\/solidaires-etudiant-e-s.org\\\/site\\\/2023\\\/12\\\/15\\\/loi-darmanin-nous-irons-jusquau-retrait-manifestons-pour-le-retrait-le-la-loi-le-18-decembre\\\/\"]}]},{\"@type\":\"ImageObject\",\"inLanguage\":\"fr-FR\",\"@id\":\"https:\\\/\\\/solidaires-etudiant-e-s.org\\\/site\\\/2023\\\/12\\\/15\\\/loi-darmanin-nous-irons-jusquau-retrait-manifestons-pour-le-retrait-le-la-loi-le-18-decembre\\\/#primaryimage\",\"url\":\"https:\\\/\\\/solidaires-etudiant-e-s.org\\\/site\\\/wp-content\\\/uploads\\\/2023\\\/12\\\/1-1.png\",\"contentUrl\":\"https:\\\/\\\/solidaires-etudiant-e-s.org\\\/site\\\/wp-content\\\/uploads\\\/2023\\\/12\\\/1-1.png\",\"width\":1080,\"height\":1080},{\"@type\":\"BreadcrumbList\",\"@id\":\"https:\\\/\\\/solidaires-etudiant-e-s.org\\\/site\\\/2023\\\/12\\\/15\\\/loi-darmanin-nous-irons-jusquau-retrait-manifestons-pour-le-retrait-le-la-loi-le-18-decembre\\\/#breadcrumb\",\"itemListElement\":[{\"@type\":\"ListItem\",\"position\":1,\"name\":\"Accueil\",\"item\":\"https:\\\/\\\/solidaires-etudiant-e-s.org\\\/site\\\/\"},{\"@type\":\"ListItem\",\"position\":2,\"name\":\"Loi Darmanin : nous irons jusqu&rsquo;au retrait !\u00a0Manifestons pour le retrait le la loi le 18 d\u00e9cembre !\"}]},{\"@type\":\"WebSite\",\"@id\":\"https:\\\/\\\/solidaires-etudiant-e-s.org\\\/site\\\/#website\",\"url\":\"https:\\\/\\\/solidaires-etudiant-e-s.org\\\/site\\\/\",\"name\":\"Solidaires \u00e9tudiant-e-s\",\"description\":\"Syndicats pour un enseignement sup\u00e9rieur gratuit, ouvert, et \u00e9mancipateur !\",\"publisher\":{\"@id\":\"https:\\\/\\\/solidaires-etudiant-e-s.org\\\/site\\\/#organization\"},\"potentialAction\":[{\"@type\":\"SearchAction\",\"target\":{\"@type\":\"EntryPoint\",\"urlTemplate\":\"https:\\\/\\\/solidaires-etudiant-e-s.org\\\/site\\\/?s={search_term_string}\"},\"query-input\":{\"@type\":\"PropertyValueSpecification\",\"valueRequired\":true,\"valueName\":\"search_term_string\"}}],\"inLanguage\":\"fr-FR\"},{\"@type\":\"Organization\",\"@id\":\"https:\\\/\\\/solidaires-etudiant-e-s.org\\\/site\\\/#organization\",\"name\":\"Solidaires \u00e9tudiant-e-s\",\"url\":\"https:\\\/\\\/solidaires-etudiant-e-s.org\\\/site\\\/\",\"logo\":{\"@type\":\"ImageObject\",\"inLanguage\":\"fr-FR\",\"@id\":\"https:\\\/\\\/solidaires-etudiant-e-s.org\\\/site\\\/#\\\/schema\\\/logo\\\/image\\\/\",\"url\":\"https:\\\/\\\/solidaires-etudiant-e-s.org\\\/site\\\/wp-content\\\/uploads\\\/2025\\\/12\\\/13-1.png\",\"contentUrl\":\"https:\\\/\\\/solidaires-etudiant-e-s.org\\\/site\\\/wp-content\\\/uploads\\\/2025\\\/12\\\/13-1.png\",\"width\":1181,\"height\":827,\"caption\":\"Solidaires \u00e9tudiant-e-s\"},\"image\":{\"@id\":\"https:\\\/\\\/solidaires-etudiant-e-s.org\\\/site\\\/#\\\/schema\\\/logo\\\/image\\\/\"},\"sameAs\":[\"https:\\\/\\\/www.facebook.com\\\/solidairesetudiantes\",\"https:\\\/\\\/x.com\\\/SolidairesEtu\",\"https:\\\/\\\/www.instagram.com\\\/solidairesetu\\\/\",\"https:\\\/\\\/bsky.app\\\/profile\\\/solidaires-etudiant-e-s.org\",\"https:\\\/\\\/mastodon.social\\\/@solidairesetu\",\"https:\\\/\\\/www.youtube.com\\\/channel\\\/UC_iZN9gmVAAnXbBM7wAWOag\"]},{\"@type\":\"Person\",\"@id\":\"https:\\\/\\\/solidaires-etudiant-e-s.org\\\/site\\\/#\\\/schema\\\/person\\\/0efb3e0ff4e2f12b5a5abcd4352aa86c\",\"name\":\"Solidaires \u00e9tudiant-e-s\",\"image\":{\"@type\":\"ImageObject\",\"inLanguage\":\"fr-FR\",\"@id\":\"https:\\\/\\\/solidaires-etudiant-e-s.org\\\/site\\\/wp-content\\\/uploads\\\/2020\\\/01\\\/logo-SESL-rond-512-96x96.png\",\"url\":\"https:\\\/\\\/solidaires-etudiant-e-s.org\\\/site\\\/wp-content\\\/uploads\\\/2020\\\/01\\\/logo-SESL-rond-512-96x96.png\",\"contentUrl\":\"https:\\\/\\\/solidaires-etudiant-e-s.org\\\/site\\\/wp-content\\\/uploads\\\/2020\\\/01\\\/logo-SESL-rond-512-96x96.png\",\"caption\":\"Solidaires \u00e9tudiant-e-s\"},\"sameAs\":[\"https:\\\/\\\/solidaires-etudiant.org\\\/site\",\"https:\\\/\\\/www.facebook.com\\\/solidairesetudiantes\",\"https:\\\/\\\/www.instagram.com\\\/solidairesetu\",\"https:\\\/\\\/x.com\\\/SolidairesEtu\",\"https:\\\/\\\/fr.wikipedia.org\\\/wiki\\\/Solidaires_tudiant-e-s\"]}]}<\/script>\n<!-- \/ Yoast SEO plugin. -->","yoast_head_json":{"title":"Loi Darmanin : nous irons jusqu'au retrait !\u00a0Manifestons pour le retrait le la loi le 18 d\u00e9cembre ! - Solidaires \u00e9tudiant-e-s","robots":{"index":"index","follow":"follow","max-snippet":"max-snippet:-1","max-image-preview":"max-image-preview:large","max-video-preview":"max-video-preview:-1"},"canonical":"https:\/\/solidaires-etudiant-e-s.org\/site\/2023\/12\/15\/loi-darmanin-nous-irons-jusquau-retrait-manifestons-pour-le-retrait-le-la-loi-le-18-decembre\/","og_locale":"fr_FR","og_type":"article","og_title":"Loi Darmanin : nous irons jusqu'au retrait !\u00a0Manifestons pour le retrait le la loi le 18 d\u00e9cembre ! - Solidaires \u00e9tudiant-e-s","og_description":"Lundi, l&rsquo;Assembl\u00e9e Nationale a vot\u00e9 une motion de rejet du projet de [&hellip;]","og_url":"https:\/\/solidaires-etudiant-e-s.org\/site\/2023\/12\/15\/loi-darmanin-nous-irons-jusquau-retrait-manifestons-pour-le-retrait-le-la-loi-le-18-decembre\/","og_site_name":"Solidaires \u00e9tudiant-e-s","article_publisher":"https:\/\/www.facebook.com\/solidairesetudiantes","article_author":"https:\/\/www.facebook.com\/solidairesetudiantes","article_published_time":"2023-12-15T11:24:19+00:00","article_modified_time":"2023-12-15T11:29:47+00:00","og_image":[{"width":1080,"height":1080,"url":"https:\/\/solidaires-etudiant-e-s.org\/site\/wp-content\/uploads\/2023\/12\/1-1.png","type":"image\/png"}],"author":"Solidaires \u00e9tudiant-e-s","twitter_card":"summary_large_image","twitter_creator":"@SolidairesEtu","twitter_site":"@SolidairesEtu","twitter_misc":{"\u00c9crit par":"Solidaires \u00e9tudiant-e-s","Dur\u00e9e de lecture estim\u00e9e":"1 minute"},"schema":{"@context":"https:\/\/schema.org","@graph":[{"@type":"Article","@id":"https:\/\/solidaires-etudiant-e-s.org\/site\/2023\/12\/15\/loi-darmanin-nous-irons-jusquau-retrait-manifestons-pour-le-retrait-le-la-loi-le-18-decembre\/#article","isPartOf":{"@id":"https:\/\/solidaires-etudiant-e-s.org\/site\/2023\/12\/15\/loi-darmanin-nous-irons-jusquau-retrait-manifestons-pour-le-retrait-le-la-loi-le-18-decembre\/"},"author":{"name":"Solidaires \u00e9tudiant-e-s","@id":"https:\/\/solidaires-etudiant-e-s.org\/site\/#\/schema\/person\/0efb3e0ff4e2f12b5a5abcd4352aa86c"},"headline":"Loi Darmanin : nous irons jusqu&rsquo;au retrait !\u00a0Manifestons pour le retrait le la loi le 18 d\u00e9cembre !","datePublished":"2023-12-15T11:24:19+00:00","dateModified":"2023-12-15T11:29:47+00:00","mainEntityOfPage":{"@id":"https:\/\/solidaires-etudiant-e-s.org\/site\/2023\/12\/15\/loi-darmanin-nous-irons-jusquau-retrait-manifestons-pour-le-retrait-le-la-loi-le-18-decembre\/"},"wordCount":179,"commentCount":0,"publisher":{"@id":"https:\/\/solidaires-etudiant-e-s.org\/site\/#organization"},"image":{"@id":"https:\/\/solidaires-etudiant-e-s.org\/site\/2023\/12\/15\/loi-darmanin-nous-irons-jusquau-retrait-manifestons-pour-le-retrait-le-la-loi-le-18-decembre\/#primaryimage"},"thumbnailUrl":"https:\/\/solidaires-etudiant-e-s.org\/site\/wp-content\/uploads\/2023\/12\/1-1.png","keywords":["antiracisme","loi immigration"],"articleSection":["ANTIFACISME","ANTIRACISME","COMMUNIQUES NATIONAUX"],"inLanguage":"fr-FR","potentialAction":[{"@type":"CommentAction","name":"Comment","target":["https:\/\/solidaires-etudiant-e-s.org\/site\/2023\/12\/15\/loi-darmanin-nous-irons-jusquau-retrait-manifestons-pour-le-retrait-le-la-loi-le-18-decembre\/#respond"]}]},{"@type":"WebPage","@id":"https:\/\/solidaires-etudiant-e-s.org\/site\/2023\/12\/15\/loi-darmanin-nous-irons-jusquau-retrait-manifestons-pour-le-retrait-le-la-loi-le-18-decembre\/","url":"https:\/\/solidaires-etudiant-e-s.org\/site\/2023\/12\/15\/loi-darmanin-nous-irons-jusquau-retrait-manifestons-pour-le-retrait-le-la-loi-le-18-decembre\/","name":"Loi Darmanin : nous irons jusqu'au retrait !\u00a0Manifestons pour le retrait le la loi le 18 d\u00e9cembre ! - Solidaires \u00e9tudiant-e-s","isPartOf":{"@id":"https:\/\/solidaires-etudiant-e-s.org\/site\/#website"},"primaryImageOfPage":{"@id":"https:\/\/solidaires-etudiant-e-s.org\/site\/2023\/12\/15\/loi-darmanin-nous-irons-jusquau-retrait-manifestons-pour-le-retrait-le-la-loi-le-18-decembre\/#primaryimage"},"image":{"@id":"https:\/\/solidaires-etudiant-e-s.org\/site\/2023\/12\/15\/loi-darmanin-nous-irons-jusquau-retrait-manifestons-pour-le-retrait-le-la-loi-le-18-decembre\/#primaryimage"},"thumbnailUrl":"https:\/\/solidaires-etudiant-e-s.org\/site\/wp-content\/uploads\/2023\/12\/1-1.png","datePublished":"2023-12-15T11:24:19+00:00","dateModified":"2023-12-15T11:29:47+00:00","breadcrumb":{"@id":"https:\/\/solidaires-etudiant-e-s.org\/site\/2023\/12\/15\/loi-darmanin-nous-irons-jusquau-retrait-manifestons-pour-le-retrait-le-la-loi-le-18-decembre\/#breadcrumb"},"inLanguage":"fr-FR","potentialAction":[{"@type":"ReadAction","target":["https:\/\/solidaires-etudiant-e-s.org\/site\/2023\/12\/15\/loi-darmanin-nous-irons-jusquau-retrait-manifestons-pour-le-retrait-le-la-loi-le-18-decembre\/"]}]},{"@type":"ImageObject","inLanguage":"fr-FR","@id":"https:\/\/solidaires-etudiant-e-s.org\/site\/2023\/12\/15\/loi-darmanin-nous-irons-jusquau-retrait-manifestons-pour-le-retrait-le-la-loi-le-18-decembre\/#primaryimage","url":"https:\/\/solidaires-etudiant-e-s.org\/site\/wp-content\/uploads\/2023\/12\/1-1.png","contentUrl":"https:\/\/solidaires-etudiant-e-s.org\/site\/wp-content\/uploads\/2023\/12\/1-1.png","width":1080,"height":1080},{"@type":"BreadcrumbList","@id":"https:\/\/solidaires-etudiant-e-s.org\/site\/2023\/12\/15\/loi-darmanin-nous-irons-jusquau-retrait-manifestons-pour-le-retrait-le-la-loi-le-18-decembre\/#breadcrumb","itemListElement":[{"@type":"ListItem","position":1,"name":"Accueil","item":"https:\/\/solidaires-etudiant-e-s.org\/site\/"},{"@type":"ListItem","position":2,"name":"Loi Darmanin : nous irons jusqu&rsquo;au retrait !\u00a0Manifestons pour le retrait le la loi le 18 d\u00e9cembre !"}]},{"@type":"WebSite","@id":"https:\/\/solidaires-etudiant-e-s.org\/site\/#website","url":"https:\/\/solidaires-etudiant-e-s.org\/site\/","name":"Solidaires \u00e9tudiant-e-s","description":"Syndicats pour un enseignement sup\u00e9rieur gratuit, ouvert, et \u00e9mancipateur !","publisher":{"@id":"https:\/\/solidaires-etudiant-e-s.org\/site\/#organization"},"potentialAction":[{"@type":"SearchAction","target":{"@type":"EntryPoint","urlTemplate":"https:\/\/solidaires-etudiant-e-s.org\/site\/?s={search_term_string}"},"query-input":{"@type":"PropertyValueSpecification","valueRequired":true,"valueName":"search_term_string"}}],"inLanguage":"fr-FR"},{"@type":"Organization","@id":"https:\/\/solidaires-etudiant-e-s.org\/site\/#organization","name":"Solidaires \u00e9tudiant-e-s","url":"https:\/\/solidaires-etudiant-e-s.org\/site\/","logo":{"@type":"ImageObject","inLanguage":"fr-FR","@id":"https:\/\/solidaires-etudiant-e-s.org\/site\/#\/schema\/logo\/image\/","url":"https:\/\/solidaires-etudiant-e-s.org\/site\/wp-content\/uploads\/2025\/12\/13-1.png","contentUrl":"https:\/\/solidaires-etudiant-e-s.org\/site\/wp-content\/uploads\/2025\/12\/13-1.png","width":1181,"height":827,"caption":"Solidaires \u00e9tudiant-e-s"},"image":{"@id":"https:\/\/solidaires-etudiant-e-s.org\/site\/#\/schema\/logo\/image\/"},"sameAs":["https:\/\/www.facebook.com\/solidairesetudiantes","https:\/\/x.com\/SolidairesEtu","https:\/\/www.instagram.com\/solidairesetu\/","https:\/\/bsky.app\/profile\/solidaires-etudiant-e-s.org","https:\/\/mastodon.social\/@solidairesetu","https:\/\/www.youtube.com\/channel\/UC_iZN9gmVAAnXbBM7wAWOag"]},{"@type":"Person","@id":"https:\/\/solidaires-etudiant-e-s.org\/site\/#\/schema\/person\/0efb3e0ff4e2f12b5a5abcd4352aa86c","name":"Solidaires \u00e9tudiant-e-s","image":{"@type":"ImageObject","inLanguage":"fr-FR","@id":"https:\/\/solidaires-etudiant-e-s.org\/site\/wp-content\/uploads\/2020\/01\/logo-SESL-rond-512-96x96.png","url":"https:\/\/solidaires-etudiant-e-s.org\/site\/wp-content\/uploads\/2020\/01\/logo-SESL-rond-512-96x96.png","contentUrl":"https:\/\/solidaires-etudiant-e-s.org\/site\/wp-content\/uploads\/2020\/01\/logo-SESL-rond-512-96x96.png","caption":"Solidaires \u00e9tudiant-e-s"},"sameAs":["https:\/\/solidaires-etudiant.org\/site","https:\/\/www.facebook.com\/solidairesetudiantes","https:\/\/www.instagram.com\/solidairesetu","https:\/\/x.com\/SolidairesEtu","https:\/\/fr.wikipedia.org\/wiki\/Solidaires_tudiant-e-s"]}]}},"_links":{"self":[{"href":"https:\/\/solidaires-etudiant-e-s.org\/site\/wp-json\/wp\/v2\/posts\/7150","targetHints":{"allow":["GET"]}}],"collection":[{"href":"https:\/\/solidaires-etudiant-e-s.org\/site\/wp-json\/wp\/v2\/posts"}],"about":[{"href":"https:\/\/solidaires-etudiant-e-s.org\/site\/wp-json\/wp\/v2\/types\/post"}],"author":[{"embeddable":true,"href":"https:\/\/solidaires-etudiant-e-s.org\/site\/wp-json\/wp\/v2\/users\/1"}],"replies":[{"embeddable":true,"href":"https:\/\/solidaires-etudiant-e-s.org\/site\/wp-json\/wp\/v2\/comments?post=7150"}],"version-history":[{"count":2,"href":"https:\/\/solidaires-etudiant-e-s.org\/site\/wp-json\/wp\/v2\/posts\/7150\/revisions"}],"predecessor-version":[{"id":7153,"href":"https:\/\/solidaires-etudiant-e-s.org\/site\/wp-json\/wp\/v2\/posts\/7150\/revisions\/7153"}],"wp:featuredmedia":[{"embeddable":true,"href":"https:\/\/solidaires-etudiant-e-s.org\/site\/wp-json\/wp\/v2\/media\/7151"}],"wp:attachment":[{"href":"https:\/\/solidaires-etudiant-e-s.org\/site\/wp-json\/wp\/v2\/media?parent=7150"}],"wp:term":[{"taxonomy":"category","embeddable":true,"href":"https:\/\/solidaires-etudiant-e-s.org\/site\/wp-json\/wp\/v2\/categories?post=7150"},{"taxonomy":"post_tag","embeddable":true,"href":"https:\/\/solidaires-etudiant-e-s.org\/site\/wp-json\/wp\/v2\/tags?post=7150"}],"curies":[{"name":"wp","href":"https:\/\/api.w.org\/{rel}","templated":true}]}}