{"id":7146,"date":"2023-12-13T16:00:08","date_gmt":"2023-12-13T15:00:08","guid":{"rendered":"https:\/\/solidaires-etudiant.org\/site\/?p=7146"},"modified":"2023-12-13T16:00:08","modified_gmt":"2023-12-13T15:00:08","slug":"rassemblements-stop-aux-massacres-des-francais-le-signe-dun-tournant-raciste-a-saper-au-plus-vite","status":"publish","type":"post","link":"https:\/\/solidaires-etudiant-e-s.org\/site\/2023\/12\/13\/rassemblements-stop-aux-massacres-des-francais-le-signe-dun-tournant-raciste-a-saper-au-plus-vite\/","title":{"rendered":"Rassemblements \u201cStop aux massacres des fran\u00e7ais\u201d :\u00a0le signe d\u2019un tournant raciste \u00e0 saper au plus vite"},"content":{"rendered":"\n<p>Depuis le jeudi 7 d\u00e9cembre, on voit prolif\u00e9rer des rassemblements d\u2019extr\u00eame-droite sous le mot d\u2019ordre \u201cStop aux massacres des fran\u00e7ais\u201d : \u00e0 Reims, Lille, Bordeaux, Tours, Nantes, etc. . Si une partie d\u2019entre eux ont \u00e9t\u00e9 interdits par leur pr\u00e9fecture, ces initiatives doivent nous alerter sur la progression de l\u2019extr\u00eame-droite en France.<\/p>\n\n\n\n<p>Si la mont\u00e9e de l\u2019extr\u00eame-droite est un processus de longue date, les \u00e9v\u00e9nements d\u2019octobre en Palestine ont ouvert une s\u00e9quence qui a acc\u00e9l\u00e9r\u00e9 la dynamique raciste contre les arabes et les noirs. Ces \u00e9v\u00e9nements ont aliment\u00e9 le fantasme d\u2019une guerre de civilisations contre le monde arabe qui se d\u00e9cline en France par la construction d\u2019un ennemi int\u00e9rieur.&nbsp;<\/p>\n\n\n\n<p>Si l\u2019extr\u00eame-droite avait d\u00e9j\u00e0 par le pass\u00e9 instrumentalis\u00e9 des meurtres pour construire un tel ennemi, jamais elle ne l\u2019avait fait d\u2019une mani\u00e8re aussi d\u00e9brid\u00e9e qu\u2019avec le mot d\u2019ordre \u201cStop aux massacres des fran\u00e7ais\u201d. Ce mot d\u2019ordre montre bien l\u2019ennemi int\u00e9rieur que ces rassemblements cherchent \u00e0 construire : les immigr\u00e9s, les arabes, les musulmans, les noirs, bref ce qu\u2019elle consid\u00e8re comme \u201cbarbares\u201d. D\u00e9sormais, l\u2019extr\u00eame-droite r\u00e9ussit plus qu\u2019auaparavant \u00e0 imposer ses th\u00e8mes et utilise tout ce qui est \u00e0 sa port\u00e9e pour attiser cette haine et cultiver un sentiment nationaliste.<\/p>\n\n\n\n<p>Si l\u2019extr\u00eame-droite prend autant ses aises, c\u2019est \u00e9galement due \u00e0 la couverture m\u00e9diatique et la lecture dominante des \u00e9v\u00e9nements en Palestine, qui tendent souvent \u00e0 opposer une Palestine barbare \u00e0 un Isra\u00ebl civilis\u00e9. Toute cette vision des faits a contribu\u00e9 \u00e0 l\u00e9gitimer ces initiatives d\u2019extr\u00eame-droite qui s\u00e8ment la peur autour d\u2019une pr\u00e9tendue menace \u201carabe\u201d ou musulmane. C\u00e9der sur cette lecture des faits leur ouvre donc la voie.<\/p>\n\n\n\n<p>Ce lien intime entre le pouvoir et les organisations d\u2019extr\u00eame-droite montre que la mont\u00e9e de l\u2019extr\u00eame-droite n\u2019est pas que le fait de ces organisations \u00e9tiquet\u00e9es d\u2019extr\u00eame-droite (RN, Reconqu\u00eate et autres groupuscules fascistes). Si ces organisations parviennent \u00e0 s\u2019installer, c\u2019est que leurs id\u00e9es se banalisent dans le d\u00e9bat public et les politiques d\u2019Etat. L\u2019extr\u00eame-droite progresse aussi du c\u00f4t\u00e9 de l\u2019Etat par des politiques anti-migratoires, racistes et islamophobes. Il suffit ici de penser \u00e0 la dissolution du CCIF et la loi s\u00e9paratisme, l\u2019interdiction de l\u2019abaya, la loi asile-immigration, le passage de frais d\u2019inscriptions \u00e0 l\u2019universit\u00e9 \u00e0 3000\u20ac pour des \u00e9tudiants non-europ\u00e9ens, etc. .<\/p>\n\n\n\n<p>Solidaires \u00e9tudiant-e-s alerte sur le tournant raciste actuel et appelle :&nbsp;<\/p>\n\n\n\n<ul class=\"wp-block-list\">\n<li>\u00e0 se mobiliser contre ces rassemblements d\u2019extr\u00eame-droite<\/li>\n\n\n\n<li>\u00e0 joindre les manifestations autour du 18\/12 contre la loi immigration&nbsp;<\/li>\n\n\n\n<li>\u00e0 saper le fantasme d\u2019une guerre de civilisations en montrant notre solidarit\u00e9 avec le peuple palestinien sur nos lieux d\u2019\u00e9tudes avec les Comit\u00e9s Palestine et en dehors<\/li>\n<\/ul>\n","protected":false},"excerpt":{"rendered":"<p>Depuis le jeudi 7 d\u00e9cembre, on voit prolif\u00e9rer des rassemblements d\u2019extr\u00eame-droite sous [&hellip;]<\/p>\n","protected":false},"author":1,"featured_media":7147,"comment_status":"open","ping_status":"open","sticky":false,"template":"","format":"standard","meta":{"cybocfi_hide_featured_image":"","footnotes":""},"categories":[5,7,10,24],"tags":[139,141,308,615,841],"class_list":["post-7146","post","type-post","status-publish","format-standard","has-post-thumbnail","hentry","category-antifacisme","category-antiracisme","category-communiques","category-international","tag-antifascisme","tag-antiracisme","tag-communiques-2","tag-immigration","tag-palestine","col-md-4 col-sm-4"],"featured_image_src":"https:\/\/solidaires-etudiant-e-s.org\/site\/wp-content\/uploads\/2023\/12\/1.png","author_info":{"display_name":"Solidaires \u00e9tudiant-e-s","author_link":false},"yoast_head":"<!-- This site is optimized with the Yoast SEO plugin v27.5 - https:\/\/yoast.com\/product\/yoast-seo-wordpress\/ -->\n<title>Rassemblements \u201cStop aux massacres des fran\u00e7ais\u201d :\u00a0le signe d\u2019un tournant raciste \u00e0 saper au plus vite - Solidaires \u00e9tudiant-e-s<\/title>\n<meta name=\"robots\" content=\"index, follow, max-snippet:-1, max-image-preview:large, max-video-preview:-1\" \/>\n<link rel=\"canonical\" href=\"https:\/\/solidaires-etudiant-e-s.org\/site\/2023\/12\/13\/rassemblements-stop-aux-massacres-des-francais-le-signe-dun-tournant-raciste-a-saper-au-plus-vite\/\" \/>\n<meta property=\"og:locale\" content=\"fr_FR\" \/>\n<meta property=\"og:type\" content=\"article\" \/>\n<meta property=\"og:title\" content=\"Rassemblements \u201cStop aux massacres des fran\u00e7ais\u201d :\u00a0le signe d\u2019un tournant raciste \u00e0 saper au plus vite - Solidaires \u00e9tudiant-e-s\" \/>\n<meta property=\"og:description\" content=\"Depuis le jeudi 7 d\u00e9cembre, on voit prolif\u00e9rer des rassemblements d\u2019extr\u00eame-droite sous [&hellip;]\" \/>\n<meta property=\"og:url\" content=\"https:\/\/solidaires-etudiant-e-s.org\/site\/2023\/12\/13\/rassemblements-stop-aux-massacres-des-francais-le-signe-dun-tournant-raciste-a-saper-au-plus-vite\/\" \/>\n<meta property=\"og:site_name\" content=\"Solidaires \u00e9tudiant-e-s\" \/>\n<meta property=\"article:publisher\" content=\"https:\/\/www.facebook.com\/solidairesetudiantes\" \/>\n<meta property=\"article:author\" content=\"https:\/\/www.facebook.com\/solidairesetudiantes\" \/>\n<meta property=\"article:published_time\" content=\"2023-12-13T15:00:08+00:00\" \/>\n<meta property=\"og:image\" content=\"https:\/\/solidaires-etudiant-e-s.org\/site\/wp-content\/uploads\/2023\/12\/1.png\" \/>\n\t<meta property=\"og:image:width\" content=\"1080\" \/>\n\t<meta property=\"og:image:height\" content=\"1080\" \/>\n\t<meta property=\"og:image:type\" content=\"image\/png\" \/>\n<meta name=\"author\" content=\"Solidaires \u00e9tudiant-e-s\" \/>\n<meta name=\"twitter:card\" content=\"summary_large_image\" \/>\n<meta name=\"twitter:creator\" content=\"@SolidairesEtu\" \/>\n<meta name=\"twitter:site\" content=\"@SolidairesEtu\" \/>\n<meta name=\"twitter:label1\" content=\"\u00c9crit par\" \/>\n\t<meta name=\"twitter:data1\" content=\"Solidaires \u00e9tudiant-e-s\" \/>\n\t<meta name=\"twitter:label2\" content=\"Dur\u00e9e de lecture estim\u00e9e\" \/>\n\t<meta name=\"twitter:data2\" content=\"3 minutes\" \/>\n<script type=\"application\/ld+json\" class=\"yoast-schema-graph\">{\"@context\":\"https:\\\/\\\/schema.org\",\"@graph\":[{\"@type\":\"Article\",\"@id\":\"https:\\\/\\\/solidaires-etudiant-e-s.org\\\/site\\\/2023\\\/12\\\/13\\\/rassemblements-stop-aux-massacres-des-francais-le-signe-dun-tournant-raciste-a-saper-au-plus-vite\\\/#article\",\"isPartOf\":{\"@id\":\"https:\\\/\\\/solidaires-etudiant-e-s.org\\\/site\\\/2023\\\/12\\\/13\\\/rassemblements-stop-aux-massacres-des-francais-le-signe-dun-tournant-raciste-a-saper-au-plus-vite\\\/\"},\"author\":{\"name\":\"Solidaires \u00e9tudiant-e-s\",\"@id\":\"https:\\\/\\\/solidaires-etudiant-e-s.org\\\/site\\\/#\\\/schema\\\/person\\\/0efb3e0ff4e2f12b5a5abcd4352aa86c\"},\"headline\":\"Rassemblements \u201cStop aux massacres des fran\u00e7ais\u201d :\u00a0le signe d\u2019un tournant raciste \u00e0 saper au plus vite\",\"datePublished\":\"2023-12-13T15:00:08+00:00\",\"mainEntityOfPage\":{\"@id\":\"https:\\\/\\\/solidaires-etudiant-e-s.org\\\/site\\\/2023\\\/12\\\/13\\\/rassemblements-stop-aux-massacres-des-francais-le-signe-dun-tournant-raciste-a-saper-au-plus-vite\\\/\"},\"wordCount\":508,\"commentCount\":0,\"publisher\":{\"@id\":\"https:\\\/\\\/solidaires-etudiant-e-s.org\\\/site\\\/#organization\"},\"image\":{\"@id\":\"https:\\\/\\\/solidaires-etudiant-e-s.org\\\/site\\\/2023\\\/12\\\/13\\\/rassemblements-stop-aux-massacres-des-francais-le-signe-dun-tournant-raciste-a-saper-au-plus-vite\\\/#primaryimage\"},\"thumbnailUrl\":\"https:\\\/\\\/solidaires-etudiant-e-s.org\\\/site\\\/wp-content\\\/uploads\\\/2023\\\/12\\\/1.png\",\"keywords\":[\"antifascisme\",\"antiracisme\",\"communiqu\u00e9s\",\"immigration\",\"palestine\"],\"articleSection\":[\"ANTIFACISME\",\"ANTIRACISME\",\"COMMUNIQUES NATIONAUX\",\"INTERNATIONAL\"],\"inLanguage\":\"fr-FR\",\"potentialAction\":[{\"@type\":\"CommentAction\",\"name\":\"Comment\",\"target\":[\"https:\\\/\\\/solidaires-etudiant-e-s.org\\\/site\\\/2023\\\/12\\\/13\\\/rassemblements-stop-aux-massacres-des-francais-le-signe-dun-tournant-raciste-a-saper-au-plus-vite\\\/#respond\"]}]},{\"@type\":\"WebPage\",\"@id\":\"https:\\\/\\\/solidaires-etudiant-e-s.org\\\/site\\\/2023\\\/12\\\/13\\\/rassemblements-stop-aux-massacres-des-francais-le-signe-dun-tournant-raciste-a-saper-au-plus-vite\\\/\",\"url\":\"https:\\\/\\\/solidaires-etudiant-e-s.org\\\/site\\\/2023\\\/12\\\/13\\\/rassemblements-stop-aux-massacres-des-francais-le-signe-dun-tournant-raciste-a-saper-au-plus-vite\\\/\",\"name\":\"Rassemblements \u201cStop aux massacres des fran\u00e7ais\u201d :\u00a0le signe d\u2019un tournant raciste \u00e0 saper au plus vite - Solidaires \u00e9tudiant-e-s\",\"isPartOf\":{\"@id\":\"https:\\\/\\\/solidaires-etudiant-e-s.org\\\/site\\\/#website\"},\"primaryImageOfPage\":{\"@id\":\"https:\\\/\\\/solidaires-etudiant-e-s.org\\\/site\\\/2023\\\/12\\\/13\\\/rassemblements-stop-aux-massacres-des-francais-le-signe-dun-tournant-raciste-a-saper-au-plus-vite\\\/#primaryimage\"},\"image\":{\"@id\":\"https:\\\/\\\/solidaires-etudiant-e-s.org\\\/site\\\/2023\\\/12\\\/13\\\/rassemblements-stop-aux-massacres-des-francais-le-signe-dun-tournant-raciste-a-saper-au-plus-vite\\\/#primaryimage\"},\"thumbnailUrl\":\"https:\\\/\\\/solidaires-etudiant-e-s.org\\\/site\\\/wp-content\\\/uploads\\\/2023\\\/12\\\/1.png\",\"datePublished\":\"2023-12-13T15:00:08+00:00\",\"breadcrumb\":{\"@id\":\"https:\\\/\\\/solidaires-etudiant-e-s.org\\\/site\\\/2023\\\/12\\\/13\\\/rassemblements-stop-aux-massacres-des-francais-le-signe-dun-tournant-raciste-a-saper-au-plus-vite\\\/#breadcrumb\"},\"inLanguage\":\"fr-FR\",\"potentialAction\":[{\"@type\":\"ReadAction\",\"target\":[\"https:\\\/\\\/solidaires-etudiant-e-s.org\\\/site\\\/2023\\\/12\\\/13\\\/rassemblements-stop-aux-massacres-des-francais-le-signe-dun-tournant-raciste-a-saper-au-plus-vite\\\/\"]}]},{\"@type\":\"ImageObject\",\"inLanguage\":\"fr-FR\",\"@id\":\"https:\\\/\\\/solidaires-etudiant-e-s.org\\\/site\\\/2023\\\/12\\\/13\\\/rassemblements-stop-aux-massacres-des-francais-le-signe-dun-tournant-raciste-a-saper-au-plus-vite\\\/#primaryimage\",\"url\":\"https:\\\/\\\/solidaires-etudiant-e-s.org\\\/site\\\/wp-content\\\/uploads\\\/2023\\\/12\\\/1.png\",\"contentUrl\":\"https:\\\/\\\/solidaires-etudiant-e-s.org\\\/site\\\/wp-content\\\/uploads\\\/2023\\\/12\\\/1.png\",\"width\":1080,\"height\":1080},{\"@type\":\"BreadcrumbList\",\"@id\":\"https:\\\/\\\/solidaires-etudiant-e-s.org\\\/site\\\/2023\\\/12\\\/13\\\/rassemblements-stop-aux-massacres-des-francais-le-signe-dun-tournant-raciste-a-saper-au-plus-vite\\\/#breadcrumb\",\"itemListElement\":[{\"@type\":\"ListItem\",\"position\":1,\"name\":\"Accueil\",\"item\":\"https:\\\/\\\/solidaires-etudiant-e-s.org\\\/site\\\/\"},{\"@type\":\"ListItem\",\"position\":2,\"name\":\"Rassemblements \u201cStop aux massacres des fran\u00e7ais\u201d :\u00a0le signe d\u2019un tournant raciste \u00e0 saper au plus vite\"}]},{\"@type\":\"WebSite\",\"@id\":\"https:\\\/\\\/solidaires-etudiant-e-s.org\\\/site\\\/#website\",\"url\":\"https:\\\/\\\/solidaires-etudiant-e-s.org\\\/site\\\/\",\"name\":\"Solidaires \u00e9tudiant-e-s\",\"description\":\"Syndicats pour un enseignement sup\u00e9rieur gratuit, ouvert, et \u00e9mancipateur !\",\"publisher\":{\"@id\":\"https:\\\/\\\/solidaires-etudiant-e-s.org\\\/site\\\/#organization\"},\"potentialAction\":[{\"@type\":\"SearchAction\",\"target\":{\"@type\":\"EntryPoint\",\"urlTemplate\":\"https:\\\/\\\/solidaires-etudiant-e-s.org\\\/site\\\/?s={search_term_string}\"},\"query-input\":{\"@type\":\"PropertyValueSpecification\",\"valueRequired\":true,\"valueName\":\"search_term_string\"}}],\"inLanguage\":\"fr-FR\"},{\"@type\":\"Organization\",\"@id\":\"https:\\\/\\\/solidaires-etudiant-e-s.org\\\/site\\\/#organization\",\"name\":\"Solidaires \u00e9tudiant-e-s\",\"url\":\"https:\\\/\\\/solidaires-etudiant-e-s.org\\\/site\\\/\",\"logo\":{\"@type\":\"ImageObject\",\"inLanguage\":\"fr-FR\",\"@id\":\"https:\\\/\\\/solidaires-etudiant-e-s.org\\\/site\\\/#\\\/schema\\\/logo\\\/image\\\/\",\"url\":\"https:\\\/\\\/solidaires-etudiant-e-s.org\\\/site\\\/wp-content\\\/uploads\\\/2025\\\/12\\\/13-1.png\",\"contentUrl\":\"https:\\\/\\\/solidaires-etudiant-e-s.org\\\/site\\\/wp-content\\\/uploads\\\/2025\\\/12\\\/13-1.png\",\"width\":1181,\"height\":827,\"caption\":\"Solidaires \u00e9tudiant-e-s\"},\"image\":{\"@id\":\"https:\\\/\\\/solidaires-etudiant-e-s.org\\\/site\\\/#\\\/schema\\\/logo\\\/image\\\/\"},\"sameAs\":[\"https:\\\/\\\/www.facebook.com\\\/solidairesetudiantes\",\"https:\\\/\\\/x.com\\\/SolidairesEtu\",\"https:\\\/\\\/www.instagram.com\\\/solidairesetu\\\/\",\"https:\\\/\\\/bsky.app\\\/profile\\\/solidaires-etudiant-e-s.org\",\"https:\\\/\\\/mastodon.social\\\/@solidairesetu\",\"https:\\\/\\\/www.youtube.com\\\/channel\\\/UC_iZN9gmVAAnXbBM7wAWOag\"]},{\"@type\":\"Person\",\"@id\":\"https:\\\/\\\/solidaires-etudiant-e-s.org\\\/site\\\/#\\\/schema\\\/person\\\/0efb3e0ff4e2f12b5a5abcd4352aa86c\",\"name\":\"Solidaires \u00e9tudiant-e-s\",\"image\":{\"@type\":\"ImageObject\",\"inLanguage\":\"fr-FR\",\"@id\":\"https:\\\/\\\/solidaires-etudiant-e-s.org\\\/site\\\/wp-content\\\/uploads\\\/2020\\\/01\\\/logo-SESL-rond-512-96x96.png\",\"url\":\"https:\\\/\\\/solidaires-etudiant-e-s.org\\\/site\\\/wp-content\\\/uploads\\\/2020\\\/01\\\/logo-SESL-rond-512-96x96.png\",\"contentUrl\":\"https:\\\/\\\/solidaires-etudiant-e-s.org\\\/site\\\/wp-content\\\/uploads\\\/2020\\\/01\\\/logo-SESL-rond-512-96x96.png\",\"caption\":\"Solidaires \u00e9tudiant-e-s\"},\"sameAs\":[\"https:\\\/\\\/solidaires-etudiant.org\\\/site\",\"https:\\\/\\\/www.facebook.com\\\/solidairesetudiantes\",\"https:\\\/\\\/www.instagram.com\\\/solidairesetu\",\"https:\\\/\\\/x.com\\\/SolidairesEtu\",\"https:\\\/\\\/fr.wikipedia.org\\\/wiki\\\/Solidaires_tudiant-e-s\"]}]}<\/script>\n<!-- \/ Yoast SEO plugin. -->","yoast_head_json":{"title":"Rassemblements \u201cStop aux massacres des fran\u00e7ais\u201d :\u00a0le signe d\u2019un tournant raciste \u00e0 saper au plus vite - Solidaires \u00e9tudiant-e-s","robots":{"index":"index","follow":"follow","max-snippet":"max-snippet:-1","max-image-preview":"max-image-preview:large","max-video-preview":"max-video-preview:-1"},"canonical":"https:\/\/solidaires-etudiant-e-s.org\/site\/2023\/12\/13\/rassemblements-stop-aux-massacres-des-francais-le-signe-dun-tournant-raciste-a-saper-au-plus-vite\/","og_locale":"fr_FR","og_type":"article","og_title":"Rassemblements \u201cStop aux massacres des fran\u00e7ais\u201d :\u00a0le signe d\u2019un tournant raciste \u00e0 saper au plus vite - Solidaires \u00e9tudiant-e-s","og_description":"Depuis le jeudi 7 d\u00e9cembre, on voit prolif\u00e9rer des rassemblements d\u2019extr\u00eame-droite sous [&hellip;]","og_url":"https:\/\/solidaires-etudiant-e-s.org\/site\/2023\/12\/13\/rassemblements-stop-aux-massacres-des-francais-le-signe-dun-tournant-raciste-a-saper-au-plus-vite\/","og_site_name":"Solidaires \u00e9tudiant-e-s","article_publisher":"https:\/\/www.facebook.com\/solidairesetudiantes","article_author":"https:\/\/www.facebook.com\/solidairesetudiantes","article_published_time":"2023-12-13T15:00:08+00:00","og_image":[{"width":1080,"height":1080,"url":"https:\/\/solidaires-etudiant-e-s.org\/site\/wp-content\/uploads\/2023\/12\/1.png","type":"image\/png"}],"author":"Solidaires \u00e9tudiant-e-s","twitter_card":"summary_large_image","twitter_creator":"@SolidairesEtu","twitter_site":"@SolidairesEtu","twitter_misc":{"\u00c9crit par":"Solidaires \u00e9tudiant-e-s","Dur\u00e9e de lecture estim\u00e9e":"3 minutes"},"schema":{"@context":"https:\/\/schema.org","@graph":[{"@type":"Article","@id":"https:\/\/solidaires-etudiant-e-s.org\/site\/2023\/12\/13\/rassemblements-stop-aux-massacres-des-francais-le-signe-dun-tournant-raciste-a-saper-au-plus-vite\/#article","isPartOf":{"@id":"https:\/\/solidaires-etudiant-e-s.org\/site\/2023\/12\/13\/rassemblements-stop-aux-massacres-des-francais-le-signe-dun-tournant-raciste-a-saper-au-plus-vite\/"},"author":{"name":"Solidaires \u00e9tudiant-e-s","@id":"https:\/\/solidaires-etudiant-e-s.org\/site\/#\/schema\/person\/0efb3e0ff4e2f12b5a5abcd4352aa86c"},"headline":"Rassemblements \u201cStop aux massacres des fran\u00e7ais\u201d :\u00a0le signe d\u2019un tournant raciste \u00e0 saper au plus vite","datePublished":"2023-12-13T15:00:08+00:00","mainEntityOfPage":{"@id":"https:\/\/solidaires-etudiant-e-s.org\/site\/2023\/12\/13\/rassemblements-stop-aux-massacres-des-francais-le-signe-dun-tournant-raciste-a-saper-au-plus-vite\/"},"wordCount":508,"commentCount":0,"publisher":{"@id":"https:\/\/solidaires-etudiant-e-s.org\/site\/#organization"},"image":{"@id":"https:\/\/solidaires-etudiant-e-s.org\/site\/2023\/12\/13\/rassemblements-stop-aux-massacres-des-francais-le-signe-dun-tournant-raciste-a-saper-au-plus-vite\/#primaryimage"},"thumbnailUrl":"https:\/\/solidaires-etudiant-e-s.org\/site\/wp-content\/uploads\/2023\/12\/1.png","keywords":["antifascisme","antiracisme","communiqu\u00e9s","immigration","palestine"],"articleSection":["ANTIFACISME","ANTIRACISME","COMMUNIQUES NATIONAUX","INTERNATIONAL"],"inLanguage":"fr-FR","potentialAction":[{"@type":"CommentAction","name":"Comment","target":["https:\/\/solidaires-etudiant-e-s.org\/site\/2023\/12\/13\/rassemblements-stop-aux-massacres-des-francais-le-signe-dun-tournant-raciste-a-saper-au-plus-vite\/#respond"]}]},{"@type":"WebPage","@id":"https:\/\/solidaires-etudiant-e-s.org\/site\/2023\/12\/13\/rassemblements-stop-aux-massacres-des-francais-le-signe-dun-tournant-raciste-a-saper-au-plus-vite\/","url":"https:\/\/solidaires-etudiant-e-s.org\/site\/2023\/12\/13\/rassemblements-stop-aux-massacres-des-francais-le-signe-dun-tournant-raciste-a-saper-au-plus-vite\/","name":"Rassemblements \u201cStop aux massacres des fran\u00e7ais\u201d :\u00a0le signe d\u2019un tournant raciste \u00e0 saper au plus vite - Solidaires \u00e9tudiant-e-s","isPartOf":{"@id":"https:\/\/solidaires-etudiant-e-s.org\/site\/#website"},"primaryImageOfPage":{"@id":"https:\/\/solidaires-etudiant-e-s.org\/site\/2023\/12\/13\/rassemblements-stop-aux-massacres-des-francais-le-signe-dun-tournant-raciste-a-saper-au-plus-vite\/#primaryimage"},"image":{"@id":"https:\/\/solidaires-etudiant-e-s.org\/site\/2023\/12\/13\/rassemblements-stop-aux-massacres-des-francais-le-signe-dun-tournant-raciste-a-saper-au-plus-vite\/#primaryimage"},"thumbnailUrl":"https:\/\/solidaires-etudiant-e-s.org\/site\/wp-content\/uploads\/2023\/12\/1.png","datePublished":"2023-12-13T15:00:08+00:00","breadcrumb":{"@id":"https:\/\/solidaires-etudiant-e-s.org\/site\/2023\/12\/13\/rassemblements-stop-aux-massacres-des-francais-le-signe-dun-tournant-raciste-a-saper-au-plus-vite\/#breadcrumb"},"inLanguage":"fr-FR","potentialAction":[{"@type":"ReadAction","target":["https:\/\/solidaires-etudiant-e-s.org\/site\/2023\/12\/13\/rassemblements-stop-aux-massacres-des-francais-le-signe-dun-tournant-raciste-a-saper-au-plus-vite\/"]}]},{"@type":"ImageObject","inLanguage":"fr-FR","@id":"https:\/\/solidaires-etudiant-e-s.org\/site\/2023\/12\/13\/rassemblements-stop-aux-massacres-des-francais-le-signe-dun-tournant-raciste-a-saper-au-plus-vite\/#primaryimage","url":"https:\/\/solidaires-etudiant-e-s.org\/site\/wp-content\/uploads\/2023\/12\/1.png","contentUrl":"https:\/\/solidaires-etudiant-e-s.org\/site\/wp-content\/uploads\/2023\/12\/1.png","width":1080,"height":1080},{"@type":"BreadcrumbList","@id":"https:\/\/solidaires-etudiant-e-s.org\/site\/2023\/12\/13\/rassemblements-stop-aux-massacres-des-francais-le-signe-dun-tournant-raciste-a-saper-au-plus-vite\/#breadcrumb","itemListElement":[{"@type":"ListItem","position":1,"name":"Accueil","item":"https:\/\/solidaires-etudiant-e-s.org\/site\/"},{"@type":"ListItem","position":2,"name":"Rassemblements \u201cStop aux massacres des fran\u00e7ais\u201d :\u00a0le signe d\u2019un tournant raciste \u00e0 saper au plus vite"}]},{"@type":"WebSite","@id":"https:\/\/solidaires-etudiant-e-s.org\/site\/#website","url":"https:\/\/solidaires-etudiant-e-s.org\/site\/","name":"Solidaires \u00e9tudiant-e-s","description":"Syndicats pour un enseignement sup\u00e9rieur gratuit, ouvert, et \u00e9mancipateur !","publisher":{"@id":"https:\/\/solidaires-etudiant-e-s.org\/site\/#organization"},"potentialAction":[{"@type":"SearchAction","target":{"@type":"EntryPoint","urlTemplate":"https:\/\/solidaires-etudiant-e-s.org\/site\/?s={search_term_string}"},"query-input":{"@type":"PropertyValueSpecification","valueRequired":true,"valueName":"search_term_string"}}],"inLanguage":"fr-FR"},{"@type":"Organization","@id":"https:\/\/solidaires-etudiant-e-s.org\/site\/#organization","name":"Solidaires \u00e9tudiant-e-s","url":"https:\/\/solidaires-etudiant-e-s.org\/site\/","logo":{"@type":"ImageObject","inLanguage":"fr-FR","@id":"https:\/\/solidaires-etudiant-e-s.org\/site\/#\/schema\/logo\/image\/","url":"https:\/\/solidaires-etudiant-e-s.org\/site\/wp-content\/uploads\/2025\/12\/13-1.png","contentUrl":"https:\/\/solidaires-etudiant-e-s.org\/site\/wp-content\/uploads\/2025\/12\/13-1.png","width":1181,"height":827,"caption":"Solidaires \u00e9tudiant-e-s"},"image":{"@id":"https:\/\/solidaires-etudiant-e-s.org\/site\/#\/schema\/logo\/image\/"},"sameAs":["https:\/\/www.facebook.com\/solidairesetudiantes","https:\/\/x.com\/SolidairesEtu","https:\/\/www.instagram.com\/solidairesetu\/","https:\/\/bsky.app\/profile\/solidaires-etudiant-e-s.org","https:\/\/mastodon.social\/@solidairesetu","https:\/\/www.youtube.com\/channel\/UC_iZN9gmVAAnXbBM7wAWOag"]},{"@type":"Person","@id":"https:\/\/solidaires-etudiant-e-s.org\/site\/#\/schema\/person\/0efb3e0ff4e2f12b5a5abcd4352aa86c","name":"Solidaires \u00e9tudiant-e-s","image":{"@type":"ImageObject","inLanguage":"fr-FR","@id":"https:\/\/solidaires-etudiant-e-s.org\/site\/wp-content\/uploads\/2020\/01\/logo-SESL-rond-512-96x96.png","url":"https:\/\/solidaires-etudiant-e-s.org\/site\/wp-content\/uploads\/2020\/01\/logo-SESL-rond-512-96x96.png","contentUrl":"https:\/\/solidaires-etudiant-e-s.org\/site\/wp-content\/uploads\/2020\/01\/logo-SESL-rond-512-96x96.png","caption":"Solidaires \u00e9tudiant-e-s"},"sameAs":["https:\/\/solidaires-etudiant.org\/site","https:\/\/www.facebook.com\/solidairesetudiantes","https:\/\/www.instagram.com\/solidairesetu","https:\/\/x.com\/SolidairesEtu","https:\/\/fr.wikipedia.org\/wiki\/Solidaires_tudiant-e-s"]}]}},"_links":{"self":[{"href":"https:\/\/solidaires-etudiant-e-s.org\/site\/wp-json\/wp\/v2\/posts\/7146","targetHints":{"allow":["GET"]}}],"collection":[{"href":"https:\/\/solidaires-etudiant-e-s.org\/site\/wp-json\/wp\/v2\/posts"}],"about":[{"href":"https:\/\/solidaires-etudiant-e-s.org\/site\/wp-json\/wp\/v2\/types\/post"}],"author":[{"embeddable":true,"href":"https:\/\/solidaires-etudiant-e-s.org\/site\/wp-json\/wp\/v2\/users\/1"}],"replies":[{"embeddable":true,"href":"https:\/\/solidaires-etudiant-e-s.org\/site\/wp-json\/wp\/v2\/comments?post=7146"}],"version-history":[{"count":1,"href":"https:\/\/solidaires-etudiant-e-s.org\/site\/wp-json\/wp\/v2\/posts\/7146\/revisions"}],"predecessor-version":[{"id":7148,"href":"https:\/\/solidaires-etudiant-e-s.org\/site\/wp-json\/wp\/v2\/posts\/7146\/revisions\/7148"}],"wp:featuredmedia":[{"embeddable":true,"href":"https:\/\/solidaires-etudiant-e-s.org\/site\/wp-json\/wp\/v2\/media\/7147"}],"wp:attachment":[{"href":"https:\/\/solidaires-etudiant-e-s.org\/site\/wp-json\/wp\/v2\/media?parent=7146"}],"wp:term":[{"taxonomy":"category","embeddable":true,"href":"https:\/\/solidaires-etudiant-e-s.org\/site\/wp-json\/wp\/v2\/categories?post=7146"},{"taxonomy":"post_tag","embeddable":true,"href":"https:\/\/solidaires-etudiant-e-s.org\/site\/wp-json\/wp\/v2\/tags?post=7146"}],"curies":[{"name":"wp","href":"https:\/\/api.w.org\/{rel}","templated":true}]}}