{"id":6795,"date":"2022-11-23T11:18:23","date_gmt":"2022-11-23T10:18:23","guid":{"rendered":"https:\/\/solidaires-etudiant.org\/site\/?p=6795"},"modified":"2024-12-28T07:10:16","modified_gmt":"2024-12-28T06:10:16","slug":"solidarite-avec-les-etudiant-es-et-le-personnel-mobilise-es-contre-la-fermeture-de-lacademie-de-limprimerie-a-lviv","status":"publish","type":"post","link":"https:\/\/solidaires-etudiant-e-s.org\/site\/2022\/11\/23\/solidarite-avec-les-etudiant-es-et-le-personnel-mobilise-es-contre-la-fermeture-de-lacademie-de-limprimerie-a-lviv\/","title":{"rendered":"Solidarit\u00e9 avec les \u00e9tudiant.es et le personnel mobilis\u00e9.es contre la fermeture de l&rsquo;Acad\u00e9mie de l&rsquo;imprimerie \u00e0 Lviv\u00a0"},"content":{"rendered":"\n<p>Le minist\u00e8re de l&rsquo;\u00c9ducation et des Sciences de l&rsquo;Ukraine a ordonn\u00e9 la fermeture de l&rsquo;Acad\u00e9mie ukrainienne de l\u2019imprimerie \u00e0 l&rsquo;Universit\u00e9 nationale Ivan Franko \u00e0 Lviv. Cette mesure\u00a0 prise\u00a0 sans aucune consultation aupr\u00e8s des \u00e9tudiant.es et des membres du personnel de l\u2019acad\u00e9mie, s\u2019inscrit dans la politique de casse du service public d\u2019\u00e9ducation men\u00e9e par les gouvernements successifs. Ainsi, en mai 2021, la Banque mondiale a approuv\u00e9 un pr\u00eat d&rsquo;un montant de 200 millions de dollars pour l&rsquo;audit des universit\u00e9s ukrainiennes en vue de leur fusion ou de leur fermeture. La r\u00e9forme concerne les 150 plus grandes universit\u00e9s d&rsquo;\u00c9tat avec pour objectif de les r\u00e9duire \u00e0 80 \u00e9tablissements d&rsquo;enseignement sup\u00e9rieur.<\/p>\n\n\n\n<p>Les \u00e9tudiant.es et le personnel de l\u2019Acad\u00e9mie ont manifest\u00e9 le 12 novembre initiant ainsi une mobilisation . Mais l&rsquo;Acad\u00e9mie d&rsquo;imprimerie de Lviv n&rsquo;est pas la premi\u00e8re victime de cette r\u00e9forme. En d\u00e9cembre dernier, les \u00e9tudiant.es et enseignant.es de l&rsquo;Universit\u00e9 nationale de construction et d&rsquo;architecture de Kharkiv s\u2019\u00e9taient d\u00e9j\u00e0 mobilis\u00e9s contre la fermeture de leur universit\u00e9.<\/p>\n\n\n\n<p>La fermeture des \u00e9tablissements scolaires, n\u2019est pas li\u00e9e \u00e0 la guerre mais \u00e0 une volont\u00e9 politique de privatisation de l\u2019\u00e9ducation et du patrimoine foncier tr\u00e8s pris\u00e9 par les promoteurs immobiliers .<\/p>\n\n\n\n<p>La F\u00e9d\u00e9ration SUD \u00e9ducation et Solidaires \u00e9tudiant.es syndicat de lutte soutiennent les \u00e9tudiant.es et les personnels de toutes les universit\u00e9s ukrainiennes en lutte pour un service public d\u2019enseignement sup\u00e9rieur et de la recherche de qualit\u00e9 et \u00e9mancipateur pour tous et toutes.<\/p>\n","protected":false},"excerpt":{"rendered":"<p>Le minist\u00e8re de l&rsquo;\u00c9ducation et des Sciences de l&rsquo;Ukraine a ordonn\u00e9 la [&hellip;]<\/p>\n","protected":false},"author":1,"featured_media":6796,"comment_status":"open","ping_status":"open","sticky":false,"template":"","format":"standard","meta":{"cybocfi_hide_featured_image":"","footnotes":""},"categories":[10,24],"tags":[],"class_list":["post-6795","post","type-post","status-publish","format-standard","has-post-thumbnail","hentry","category-communiques","category-international","col-md-4 col-sm-4"],"featured_image_src":"https:\/\/solidaires-etudiant-e-s.org\/site\/wp-content\/uploads\/2022\/11\/1-2.png","author_info":{"display_name":"Solidaires \u00e9tudiant-e-s","author_link":false},"yoast_head":"<!-- This site is optimized with the Yoast SEO plugin v27.4 - https:\/\/yoast.com\/product\/yoast-seo-wordpress\/ -->\n<title>Solidarit\u00e9 avec les \u00e9tudiant.es et le personnel mobilis\u00e9.es contre la fermeture de l&#039;Acad\u00e9mie de l&#039;imprimerie \u00e0 Lviv\u00a0 - Solidaires \u00e9tudiant-e-s<\/title>\n<meta name=\"robots\" content=\"index, follow, max-snippet:-1, max-image-preview:large, max-video-preview:-1\" \/>\n<link rel=\"canonical\" href=\"https:\/\/solidaires-etudiant-e-s.org\/site\/2022\/11\/23\/solidarite-avec-les-etudiant-es-et-le-personnel-mobilise-es-contre-la-fermeture-de-lacademie-de-limprimerie-a-lviv\/\" \/>\n<meta property=\"og:locale\" content=\"fr_FR\" \/>\n<meta property=\"og:type\" content=\"article\" \/>\n<meta property=\"og:title\" content=\"Solidarit\u00e9 avec les \u00e9tudiant.es et le personnel mobilis\u00e9.es contre la fermeture de l&#039;Acad\u00e9mie de l&#039;imprimerie \u00e0 Lviv\u00a0 - Solidaires \u00e9tudiant-e-s\" \/>\n<meta property=\"og:description\" content=\"Le minist\u00e8re de l&rsquo;\u00c9ducation et des Sciences de l&rsquo;Ukraine a ordonn\u00e9 la [&hellip;]\" \/>\n<meta property=\"og:url\" content=\"https:\/\/solidaires-etudiant-e-s.org\/site\/2022\/11\/23\/solidarite-avec-les-etudiant-es-et-le-personnel-mobilise-es-contre-la-fermeture-de-lacademie-de-limprimerie-a-lviv\/\" \/>\n<meta property=\"og:site_name\" content=\"Solidaires \u00e9tudiant-e-s\" \/>\n<meta property=\"article:publisher\" content=\"https:\/\/www.facebook.com\/solidairesetudiantes\" \/>\n<meta property=\"article:author\" content=\"https:\/\/www.facebook.com\/solidairesetudiantes\" \/>\n<meta property=\"article:published_time\" content=\"2022-11-23T10:18:23+00:00\" \/>\n<meta property=\"article:modified_time\" content=\"2024-12-28T06:10:16+00:00\" \/>\n<meta property=\"og:image\" content=\"https:\/\/solidaires-etudiant-e-s.org\/site\/wp-content\/uploads\/2022\/11\/1-2.png\" \/>\n\t<meta property=\"og:image:width\" content=\"1080\" \/>\n\t<meta property=\"og:image:height\" content=\"1080\" \/>\n\t<meta property=\"og:image:type\" content=\"image\/png\" \/>\n<meta name=\"author\" content=\"Solidaires \u00e9tudiant-e-s\" \/>\n<meta name=\"twitter:card\" content=\"summary_large_image\" \/>\n<meta name=\"twitter:creator\" content=\"@SolidairesEtu\" \/>\n<meta name=\"twitter:site\" content=\"@SolidairesEtu\" \/>\n<meta name=\"twitter:label1\" content=\"\u00c9crit par\" \/>\n\t<meta name=\"twitter:data1\" content=\"Solidaires \u00e9tudiant-e-s\" \/>\n\t<meta name=\"twitter:label2\" content=\"Dur\u00e9e de lecture estim\u00e9e\" \/>\n\t<meta name=\"twitter:data2\" content=\"2 minutes\" \/>\n<script type=\"application\/ld+json\" class=\"yoast-schema-graph\">{\"@context\":\"https:\\\/\\\/schema.org\",\"@graph\":[{\"@type\":\"Article\",\"@id\":\"https:\\\/\\\/solidaires-etudiant-e-s.org\\\/site\\\/2022\\\/11\\\/23\\\/solidarite-avec-les-etudiant-es-et-le-personnel-mobilise-es-contre-la-fermeture-de-lacademie-de-limprimerie-a-lviv\\\/#article\",\"isPartOf\":{\"@id\":\"https:\\\/\\\/solidaires-etudiant-e-s.org\\\/site\\\/2022\\\/11\\\/23\\\/solidarite-avec-les-etudiant-es-et-le-personnel-mobilise-es-contre-la-fermeture-de-lacademie-de-limprimerie-a-lviv\\\/\"},\"author\":{\"name\":\"Solidaires \u00e9tudiant-e-s\",\"@id\":\"https:\\\/\\\/solidaires-etudiant-e-s.org\\\/site\\\/#\\\/schema\\\/person\\\/0efb3e0ff4e2f12b5a5abcd4352aa86c\"},\"headline\":\"Solidarit\u00e9 avec les \u00e9tudiant.es et le personnel mobilis\u00e9.es contre la fermeture de l&rsquo;Acad\u00e9mie de l&rsquo;imprimerie \u00e0 Lviv\u00a0\",\"datePublished\":\"2022-11-23T10:18:23+00:00\",\"dateModified\":\"2024-12-28T06:10:16+00:00\",\"mainEntityOfPage\":{\"@id\":\"https:\\\/\\\/solidaires-etudiant-e-s.org\\\/site\\\/2022\\\/11\\\/23\\\/solidarite-avec-les-etudiant-es-et-le-personnel-mobilise-es-contre-la-fermeture-de-lacademie-de-limprimerie-a-lviv\\\/\"},\"wordCount\":296,\"commentCount\":0,\"publisher\":{\"@id\":\"https:\\\/\\\/solidaires-etudiant-e-s.org\\\/site\\\/#organization\"},\"image\":{\"@id\":\"https:\\\/\\\/solidaires-etudiant-e-s.org\\\/site\\\/2022\\\/11\\\/23\\\/solidarite-avec-les-etudiant-es-et-le-personnel-mobilise-es-contre-la-fermeture-de-lacademie-de-limprimerie-a-lviv\\\/#primaryimage\"},\"thumbnailUrl\":\"https:\\\/\\\/solidaires-etudiant-e-s.org\\\/site\\\/wp-content\\\/uploads\\\/2022\\\/11\\\/1-2.png\",\"articleSection\":[\"COMMUNIQUES NATIONAUX\",\"INTERNATIONAL\"],\"inLanguage\":\"fr-FR\",\"potentialAction\":[{\"@type\":\"CommentAction\",\"name\":\"Comment\",\"target\":[\"https:\\\/\\\/solidaires-etudiant-e-s.org\\\/site\\\/2022\\\/11\\\/23\\\/solidarite-avec-les-etudiant-es-et-le-personnel-mobilise-es-contre-la-fermeture-de-lacademie-de-limprimerie-a-lviv\\\/#respond\"]}]},{\"@type\":\"WebPage\",\"@id\":\"https:\\\/\\\/solidaires-etudiant-e-s.org\\\/site\\\/2022\\\/11\\\/23\\\/solidarite-avec-les-etudiant-es-et-le-personnel-mobilise-es-contre-la-fermeture-de-lacademie-de-limprimerie-a-lviv\\\/\",\"url\":\"https:\\\/\\\/solidaires-etudiant-e-s.org\\\/site\\\/2022\\\/11\\\/23\\\/solidarite-avec-les-etudiant-es-et-le-personnel-mobilise-es-contre-la-fermeture-de-lacademie-de-limprimerie-a-lviv\\\/\",\"name\":\"Solidarit\u00e9 avec les \u00e9tudiant.es et le personnel mobilis\u00e9.es contre la fermeture de l'Acad\u00e9mie de l'imprimerie \u00e0 Lviv\u00a0 - Solidaires \u00e9tudiant-e-s\",\"isPartOf\":{\"@id\":\"https:\\\/\\\/solidaires-etudiant-e-s.org\\\/site\\\/#website\"},\"primaryImageOfPage\":{\"@id\":\"https:\\\/\\\/solidaires-etudiant-e-s.org\\\/site\\\/2022\\\/11\\\/23\\\/solidarite-avec-les-etudiant-es-et-le-personnel-mobilise-es-contre-la-fermeture-de-lacademie-de-limprimerie-a-lviv\\\/#primaryimage\"},\"image\":{\"@id\":\"https:\\\/\\\/solidaires-etudiant-e-s.org\\\/site\\\/2022\\\/11\\\/23\\\/solidarite-avec-les-etudiant-es-et-le-personnel-mobilise-es-contre-la-fermeture-de-lacademie-de-limprimerie-a-lviv\\\/#primaryimage\"},\"thumbnailUrl\":\"https:\\\/\\\/solidaires-etudiant-e-s.org\\\/site\\\/wp-content\\\/uploads\\\/2022\\\/11\\\/1-2.png\",\"datePublished\":\"2022-11-23T10:18:23+00:00\",\"dateModified\":\"2024-12-28T06:10:16+00:00\",\"breadcrumb\":{\"@id\":\"https:\\\/\\\/solidaires-etudiant-e-s.org\\\/site\\\/2022\\\/11\\\/23\\\/solidarite-avec-les-etudiant-es-et-le-personnel-mobilise-es-contre-la-fermeture-de-lacademie-de-limprimerie-a-lviv\\\/#breadcrumb\"},\"inLanguage\":\"fr-FR\",\"potentialAction\":[{\"@type\":\"ReadAction\",\"target\":[\"https:\\\/\\\/solidaires-etudiant-e-s.org\\\/site\\\/2022\\\/11\\\/23\\\/solidarite-avec-les-etudiant-es-et-le-personnel-mobilise-es-contre-la-fermeture-de-lacademie-de-limprimerie-a-lviv\\\/\"]}]},{\"@type\":\"ImageObject\",\"inLanguage\":\"fr-FR\",\"@id\":\"https:\\\/\\\/solidaires-etudiant-e-s.org\\\/site\\\/2022\\\/11\\\/23\\\/solidarite-avec-les-etudiant-es-et-le-personnel-mobilise-es-contre-la-fermeture-de-lacademie-de-limprimerie-a-lviv\\\/#primaryimage\",\"url\":\"https:\\\/\\\/solidaires-etudiant-e-s.org\\\/site\\\/wp-content\\\/uploads\\\/2022\\\/11\\\/1-2.png\",\"contentUrl\":\"https:\\\/\\\/solidaires-etudiant-e-s.org\\\/site\\\/wp-content\\\/uploads\\\/2022\\\/11\\\/1-2.png\",\"width\":1080,\"height\":1080},{\"@type\":\"BreadcrumbList\",\"@id\":\"https:\\\/\\\/solidaires-etudiant-e-s.org\\\/site\\\/2022\\\/11\\\/23\\\/solidarite-avec-les-etudiant-es-et-le-personnel-mobilise-es-contre-la-fermeture-de-lacademie-de-limprimerie-a-lviv\\\/#breadcrumb\",\"itemListElement\":[{\"@type\":\"ListItem\",\"position\":1,\"name\":\"Accueil\",\"item\":\"https:\\\/\\\/solidaires-etudiant-e-s.org\\\/site\\\/\"},{\"@type\":\"ListItem\",\"position\":2,\"name\":\"Solidarit\u00e9 avec les \u00e9tudiant.es et le personnel mobilis\u00e9.es contre la fermeture de l&rsquo;Acad\u00e9mie de l&rsquo;imprimerie \u00e0 Lviv\u00a0\"}]},{\"@type\":\"WebSite\",\"@id\":\"https:\\\/\\\/solidaires-etudiant-e-s.org\\\/site\\\/#website\",\"url\":\"https:\\\/\\\/solidaires-etudiant-e-s.org\\\/site\\\/\",\"name\":\"Solidaires \u00e9tudiant-e-s\",\"description\":\"Syndicats pour un enseignement sup\u00e9rieur gratuit, ouvert, et \u00e9mancipateur !\",\"publisher\":{\"@id\":\"https:\\\/\\\/solidaires-etudiant-e-s.org\\\/site\\\/#organization\"},\"potentialAction\":[{\"@type\":\"SearchAction\",\"target\":{\"@type\":\"EntryPoint\",\"urlTemplate\":\"https:\\\/\\\/solidaires-etudiant-e-s.org\\\/site\\\/?s={search_term_string}\"},\"query-input\":{\"@type\":\"PropertyValueSpecification\",\"valueRequired\":true,\"valueName\":\"search_term_string\"}}],\"inLanguage\":\"fr-FR\"},{\"@type\":\"Organization\",\"@id\":\"https:\\\/\\\/solidaires-etudiant-e-s.org\\\/site\\\/#organization\",\"name\":\"Solidaires \u00e9tudiant-e-s\",\"url\":\"https:\\\/\\\/solidaires-etudiant-e-s.org\\\/site\\\/\",\"logo\":{\"@type\":\"ImageObject\",\"inLanguage\":\"fr-FR\",\"@id\":\"https:\\\/\\\/solidaires-etudiant-e-s.org\\\/site\\\/#\\\/schema\\\/logo\\\/image\\\/\",\"url\":\"https:\\\/\\\/solidaires-etudiant-e-s.org\\\/site\\\/wp-content\\\/uploads\\\/2025\\\/12\\\/13-1.png\",\"contentUrl\":\"https:\\\/\\\/solidaires-etudiant-e-s.org\\\/site\\\/wp-content\\\/uploads\\\/2025\\\/12\\\/13-1.png\",\"width\":1181,\"height\":827,\"caption\":\"Solidaires \u00e9tudiant-e-s\"},\"image\":{\"@id\":\"https:\\\/\\\/solidaires-etudiant-e-s.org\\\/site\\\/#\\\/schema\\\/logo\\\/image\\\/\"},\"sameAs\":[\"https:\\\/\\\/www.facebook.com\\\/solidairesetudiantes\",\"https:\\\/\\\/x.com\\\/SolidairesEtu\",\"https:\\\/\\\/www.instagram.com\\\/solidairesetu\\\/\",\"https:\\\/\\\/bsky.app\\\/profile\\\/solidaires-etudiant-e-s.org\",\"https:\\\/\\\/mastodon.social\\\/@solidairesetu\",\"https:\\\/\\\/www.youtube.com\\\/channel\\\/UC_iZN9gmVAAnXbBM7wAWOag\"]},{\"@type\":\"Person\",\"@id\":\"https:\\\/\\\/solidaires-etudiant-e-s.org\\\/site\\\/#\\\/schema\\\/person\\\/0efb3e0ff4e2f12b5a5abcd4352aa86c\",\"name\":\"Solidaires \u00e9tudiant-e-s\",\"image\":{\"@type\":\"ImageObject\",\"inLanguage\":\"fr-FR\",\"@id\":\"https:\\\/\\\/solidaires-etudiant-e-s.org\\\/site\\\/wp-content\\\/uploads\\\/2020\\\/01\\\/logo-SESL-rond-512-96x96.png\",\"url\":\"https:\\\/\\\/solidaires-etudiant-e-s.org\\\/site\\\/wp-content\\\/uploads\\\/2020\\\/01\\\/logo-SESL-rond-512-96x96.png\",\"contentUrl\":\"https:\\\/\\\/solidaires-etudiant-e-s.org\\\/site\\\/wp-content\\\/uploads\\\/2020\\\/01\\\/logo-SESL-rond-512-96x96.png\",\"caption\":\"Solidaires \u00e9tudiant-e-s\"},\"sameAs\":[\"https:\\\/\\\/solidaires-etudiant.org\\\/site\",\"https:\\\/\\\/www.facebook.com\\\/solidairesetudiantes\",\"https:\\\/\\\/www.instagram.com\\\/solidairesetu\",\"https:\\\/\\\/x.com\\\/SolidairesEtu\",\"https:\\\/\\\/fr.wikipedia.org\\\/wiki\\\/Solidaires_tudiant-e-s\"]}]}<\/script>\n<!-- \/ Yoast SEO plugin. -->","yoast_head_json":{"title":"Solidarit\u00e9 avec les \u00e9tudiant.es et le personnel mobilis\u00e9.es contre la fermeture de l'Acad\u00e9mie de l'imprimerie \u00e0 Lviv\u00a0 - Solidaires \u00e9tudiant-e-s","robots":{"index":"index","follow":"follow","max-snippet":"max-snippet:-1","max-image-preview":"max-image-preview:large","max-video-preview":"max-video-preview:-1"},"canonical":"https:\/\/solidaires-etudiant-e-s.org\/site\/2022\/11\/23\/solidarite-avec-les-etudiant-es-et-le-personnel-mobilise-es-contre-la-fermeture-de-lacademie-de-limprimerie-a-lviv\/","og_locale":"fr_FR","og_type":"article","og_title":"Solidarit\u00e9 avec les \u00e9tudiant.es et le personnel mobilis\u00e9.es contre la fermeture de l'Acad\u00e9mie de l'imprimerie \u00e0 Lviv\u00a0 - Solidaires \u00e9tudiant-e-s","og_description":"Le minist\u00e8re de l&rsquo;\u00c9ducation et des Sciences de l&rsquo;Ukraine a ordonn\u00e9 la [&hellip;]","og_url":"https:\/\/solidaires-etudiant-e-s.org\/site\/2022\/11\/23\/solidarite-avec-les-etudiant-es-et-le-personnel-mobilise-es-contre-la-fermeture-de-lacademie-de-limprimerie-a-lviv\/","og_site_name":"Solidaires \u00e9tudiant-e-s","article_publisher":"https:\/\/www.facebook.com\/solidairesetudiantes","article_author":"https:\/\/www.facebook.com\/solidairesetudiantes","article_published_time":"2022-11-23T10:18:23+00:00","article_modified_time":"2024-12-28T06:10:16+00:00","og_image":[{"width":1080,"height":1080,"url":"https:\/\/solidaires-etudiant-e-s.org\/site\/wp-content\/uploads\/2022\/11\/1-2.png","type":"image\/png"}],"author":"Solidaires \u00e9tudiant-e-s","twitter_card":"summary_large_image","twitter_creator":"@SolidairesEtu","twitter_site":"@SolidairesEtu","twitter_misc":{"\u00c9crit par":"Solidaires \u00e9tudiant-e-s","Dur\u00e9e de lecture estim\u00e9e":"2 minutes"},"schema":{"@context":"https:\/\/schema.org","@graph":[{"@type":"Article","@id":"https:\/\/solidaires-etudiant-e-s.org\/site\/2022\/11\/23\/solidarite-avec-les-etudiant-es-et-le-personnel-mobilise-es-contre-la-fermeture-de-lacademie-de-limprimerie-a-lviv\/#article","isPartOf":{"@id":"https:\/\/solidaires-etudiant-e-s.org\/site\/2022\/11\/23\/solidarite-avec-les-etudiant-es-et-le-personnel-mobilise-es-contre-la-fermeture-de-lacademie-de-limprimerie-a-lviv\/"},"author":{"name":"Solidaires \u00e9tudiant-e-s","@id":"https:\/\/solidaires-etudiant-e-s.org\/site\/#\/schema\/person\/0efb3e0ff4e2f12b5a5abcd4352aa86c"},"headline":"Solidarit\u00e9 avec les \u00e9tudiant.es et le personnel mobilis\u00e9.es contre la fermeture de l&rsquo;Acad\u00e9mie de l&rsquo;imprimerie \u00e0 Lviv\u00a0","datePublished":"2022-11-23T10:18:23+00:00","dateModified":"2024-12-28T06:10:16+00:00","mainEntityOfPage":{"@id":"https:\/\/solidaires-etudiant-e-s.org\/site\/2022\/11\/23\/solidarite-avec-les-etudiant-es-et-le-personnel-mobilise-es-contre-la-fermeture-de-lacademie-de-limprimerie-a-lviv\/"},"wordCount":296,"commentCount":0,"publisher":{"@id":"https:\/\/solidaires-etudiant-e-s.org\/site\/#organization"},"image":{"@id":"https:\/\/solidaires-etudiant-e-s.org\/site\/2022\/11\/23\/solidarite-avec-les-etudiant-es-et-le-personnel-mobilise-es-contre-la-fermeture-de-lacademie-de-limprimerie-a-lviv\/#primaryimage"},"thumbnailUrl":"https:\/\/solidaires-etudiant-e-s.org\/site\/wp-content\/uploads\/2022\/11\/1-2.png","articleSection":["COMMUNIQUES NATIONAUX","INTERNATIONAL"],"inLanguage":"fr-FR","potentialAction":[{"@type":"CommentAction","name":"Comment","target":["https:\/\/solidaires-etudiant-e-s.org\/site\/2022\/11\/23\/solidarite-avec-les-etudiant-es-et-le-personnel-mobilise-es-contre-la-fermeture-de-lacademie-de-limprimerie-a-lviv\/#respond"]}]},{"@type":"WebPage","@id":"https:\/\/solidaires-etudiant-e-s.org\/site\/2022\/11\/23\/solidarite-avec-les-etudiant-es-et-le-personnel-mobilise-es-contre-la-fermeture-de-lacademie-de-limprimerie-a-lviv\/","url":"https:\/\/solidaires-etudiant-e-s.org\/site\/2022\/11\/23\/solidarite-avec-les-etudiant-es-et-le-personnel-mobilise-es-contre-la-fermeture-de-lacademie-de-limprimerie-a-lviv\/","name":"Solidarit\u00e9 avec les \u00e9tudiant.es et le personnel mobilis\u00e9.es contre la fermeture de l'Acad\u00e9mie de l'imprimerie \u00e0 Lviv\u00a0 - Solidaires \u00e9tudiant-e-s","isPartOf":{"@id":"https:\/\/solidaires-etudiant-e-s.org\/site\/#website"},"primaryImageOfPage":{"@id":"https:\/\/solidaires-etudiant-e-s.org\/site\/2022\/11\/23\/solidarite-avec-les-etudiant-es-et-le-personnel-mobilise-es-contre-la-fermeture-de-lacademie-de-limprimerie-a-lviv\/#primaryimage"},"image":{"@id":"https:\/\/solidaires-etudiant-e-s.org\/site\/2022\/11\/23\/solidarite-avec-les-etudiant-es-et-le-personnel-mobilise-es-contre-la-fermeture-de-lacademie-de-limprimerie-a-lviv\/#primaryimage"},"thumbnailUrl":"https:\/\/solidaires-etudiant-e-s.org\/site\/wp-content\/uploads\/2022\/11\/1-2.png","datePublished":"2022-11-23T10:18:23+00:00","dateModified":"2024-12-28T06:10:16+00:00","breadcrumb":{"@id":"https:\/\/solidaires-etudiant-e-s.org\/site\/2022\/11\/23\/solidarite-avec-les-etudiant-es-et-le-personnel-mobilise-es-contre-la-fermeture-de-lacademie-de-limprimerie-a-lviv\/#breadcrumb"},"inLanguage":"fr-FR","potentialAction":[{"@type":"ReadAction","target":["https:\/\/solidaires-etudiant-e-s.org\/site\/2022\/11\/23\/solidarite-avec-les-etudiant-es-et-le-personnel-mobilise-es-contre-la-fermeture-de-lacademie-de-limprimerie-a-lviv\/"]}]},{"@type":"ImageObject","inLanguage":"fr-FR","@id":"https:\/\/solidaires-etudiant-e-s.org\/site\/2022\/11\/23\/solidarite-avec-les-etudiant-es-et-le-personnel-mobilise-es-contre-la-fermeture-de-lacademie-de-limprimerie-a-lviv\/#primaryimage","url":"https:\/\/solidaires-etudiant-e-s.org\/site\/wp-content\/uploads\/2022\/11\/1-2.png","contentUrl":"https:\/\/solidaires-etudiant-e-s.org\/site\/wp-content\/uploads\/2022\/11\/1-2.png","width":1080,"height":1080},{"@type":"BreadcrumbList","@id":"https:\/\/solidaires-etudiant-e-s.org\/site\/2022\/11\/23\/solidarite-avec-les-etudiant-es-et-le-personnel-mobilise-es-contre-la-fermeture-de-lacademie-de-limprimerie-a-lviv\/#breadcrumb","itemListElement":[{"@type":"ListItem","position":1,"name":"Accueil","item":"https:\/\/solidaires-etudiant-e-s.org\/site\/"},{"@type":"ListItem","position":2,"name":"Solidarit\u00e9 avec les \u00e9tudiant.es et le personnel mobilis\u00e9.es contre la fermeture de l&rsquo;Acad\u00e9mie de l&rsquo;imprimerie \u00e0 Lviv\u00a0"}]},{"@type":"WebSite","@id":"https:\/\/solidaires-etudiant-e-s.org\/site\/#website","url":"https:\/\/solidaires-etudiant-e-s.org\/site\/","name":"Solidaires \u00e9tudiant-e-s","description":"Syndicats pour un enseignement sup\u00e9rieur gratuit, ouvert, et \u00e9mancipateur !","publisher":{"@id":"https:\/\/solidaires-etudiant-e-s.org\/site\/#organization"},"potentialAction":[{"@type":"SearchAction","target":{"@type":"EntryPoint","urlTemplate":"https:\/\/solidaires-etudiant-e-s.org\/site\/?s={search_term_string}"},"query-input":{"@type":"PropertyValueSpecification","valueRequired":true,"valueName":"search_term_string"}}],"inLanguage":"fr-FR"},{"@type":"Organization","@id":"https:\/\/solidaires-etudiant-e-s.org\/site\/#organization","name":"Solidaires \u00e9tudiant-e-s","url":"https:\/\/solidaires-etudiant-e-s.org\/site\/","logo":{"@type":"ImageObject","inLanguage":"fr-FR","@id":"https:\/\/solidaires-etudiant-e-s.org\/site\/#\/schema\/logo\/image\/","url":"https:\/\/solidaires-etudiant-e-s.org\/site\/wp-content\/uploads\/2025\/12\/13-1.png","contentUrl":"https:\/\/solidaires-etudiant-e-s.org\/site\/wp-content\/uploads\/2025\/12\/13-1.png","width":1181,"height":827,"caption":"Solidaires \u00e9tudiant-e-s"},"image":{"@id":"https:\/\/solidaires-etudiant-e-s.org\/site\/#\/schema\/logo\/image\/"},"sameAs":["https:\/\/www.facebook.com\/solidairesetudiantes","https:\/\/x.com\/SolidairesEtu","https:\/\/www.instagram.com\/solidairesetu\/","https:\/\/bsky.app\/profile\/solidaires-etudiant-e-s.org","https:\/\/mastodon.social\/@solidairesetu","https:\/\/www.youtube.com\/channel\/UC_iZN9gmVAAnXbBM7wAWOag"]},{"@type":"Person","@id":"https:\/\/solidaires-etudiant-e-s.org\/site\/#\/schema\/person\/0efb3e0ff4e2f12b5a5abcd4352aa86c","name":"Solidaires \u00e9tudiant-e-s","image":{"@type":"ImageObject","inLanguage":"fr-FR","@id":"https:\/\/solidaires-etudiant-e-s.org\/site\/wp-content\/uploads\/2020\/01\/logo-SESL-rond-512-96x96.png","url":"https:\/\/solidaires-etudiant-e-s.org\/site\/wp-content\/uploads\/2020\/01\/logo-SESL-rond-512-96x96.png","contentUrl":"https:\/\/solidaires-etudiant-e-s.org\/site\/wp-content\/uploads\/2020\/01\/logo-SESL-rond-512-96x96.png","caption":"Solidaires \u00e9tudiant-e-s"},"sameAs":["https:\/\/solidaires-etudiant.org\/site","https:\/\/www.facebook.com\/solidairesetudiantes","https:\/\/www.instagram.com\/solidairesetu","https:\/\/x.com\/SolidairesEtu","https:\/\/fr.wikipedia.org\/wiki\/Solidaires_tudiant-e-s"]}]}},"_links":{"self":[{"href":"https:\/\/solidaires-etudiant-e-s.org\/site\/wp-json\/wp\/v2\/posts\/6795","targetHints":{"allow":["GET"]}}],"collection":[{"href":"https:\/\/solidaires-etudiant-e-s.org\/site\/wp-json\/wp\/v2\/posts"}],"about":[{"href":"https:\/\/solidaires-etudiant-e-s.org\/site\/wp-json\/wp\/v2\/types\/post"}],"author":[{"embeddable":true,"href":"https:\/\/solidaires-etudiant-e-s.org\/site\/wp-json\/wp\/v2\/users\/1"}],"replies":[{"embeddable":true,"href":"https:\/\/solidaires-etudiant-e-s.org\/site\/wp-json\/wp\/v2\/comments?post=6795"}],"version-history":[{"count":1,"href":"https:\/\/solidaires-etudiant-e-s.org\/site\/wp-json\/wp\/v2\/posts\/6795\/revisions"}],"predecessor-version":[{"id":6797,"href":"https:\/\/solidaires-etudiant-e-s.org\/site\/wp-json\/wp\/v2\/posts\/6795\/revisions\/6797"}],"wp:featuredmedia":[{"embeddable":true,"href":"https:\/\/solidaires-etudiant-e-s.org\/site\/wp-json\/wp\/v2\/media\/6796"}],"wp:attachment":[{"href":"https:\/\/solidaires-etudiant-e-s.org\/site\/wp-json\/wp\/v2\/media?parent=6795"}],"wp:term":[{"taxonomy":"category","embeddable":true,"href":"https:\/\/solidaires-etudiant-e-s.org\/site\/wp-json\/wp\/v2\/categories?post=6795"},{"taxonomy":"post_tag","embeddable":true,"href":"https:\/\/solidaires-etudiant-e-s.org\/site\/wp-json\/wp\/v2\/tags?post=6795"}],"curies":[{"name":"wp","href":"https:\/\/api.w.org\/{rel}","templated":true}]}}