{"id":6404,"date":"2022-03-10T21:10:17","date_gmt":"2022-03-10T20:10:17","guid":{"rendered":"https:\/\/solidaires-etudiant.org\/site\/?p=6404"},"modified":"2022-03-10T22:11:08","modified_gmt":"2022-03-10T21:11:08","slug":"generation-zemmour-tracte-devant-luniversite-paul-valery-et-agresse-des-etudiant-e-s","status":"publish","type":"post","link":"https:\/\/solidaires-etudiant-e-s.org\/site\/2022\/03\/10\/generation-zemmour-tracte-devant-luniversite-paul-valery-et-agresse-des-etudiant-e-s\/","title":{"rendered":"G\u00e9n\u00e9ration Zemmour tracte devant l\u2019universit\u00e9 Paul Val\u00e9ry et agresse des \u00e9tudiant-e-s"},"content":{"rendered":"\n<figure class=\"wp-block-image size-large\"><img loading=\"lazy\" decoding=\"async\" width=\"1024\" height=\"576\" src=\"https:\/\/solidaires-etudiant.org\/site\/wp-content\/uploads\/2022\/03\/Copie_de_Template_maquettage_communique-1-1024x576.png\" alt=\"\" class=\"wp-image-6405\" srcset=\"https:\/\/solidaires-etudiant-e-s.org\/site\/wp-content\/uploads\/2022\/03\/Copie_de_Template_maquettage_communique-1-1024x576.png 1024w, https:\/\/solidaires-etudiant-e-s.org\/site\/wp-content\/uploads\/2022\/03\/Copie_de_Template_maquettage_communique-1-300x169.png 300w, https:\/\/solidaires-etudiant-e-s.org\/site\/wp-content\/uploads\/2022\/03\/Copie_de_Template_maquettage_communique-1-768x432.png 768w, https:\/\/solidaires-etudiant-e-s.org\/site\/wp-content\/uploads\/2022\/03\/Copie_de_Template_maquettage_communique-1-900x506.png 900w, https:\/\/solidaires-etudiant-e-s.org\/site\/wp-content\/uploads\/2022\/03\/Copie_de_Template_maquettage_communique-1-500x281.png 500w, https:\/\/solidaires-etudiant-e-s.org\/site\/wp-content\/uploads\/2022\/03\/Copie_de_Template_maquettage_communique-1.png 1026w\" sizes=\"auto, (max-width: 1024px) 100vw, 1024px\" \/><\/figure>\n\n\n\n<p>Hier, une vingtaine de militants de GZ ont organis\u00e9 une action de tractage devant l\u2019Universit\u00e9 Paul Val\u00e9ry en d\u00e9but d\u2019apr\u00e8s-midi.&nbsp;<\/p>\n\n\n\n<p>Apr\u00e8s plus d&rsquo;une demi-heure d&rsquo;insultes de leur part sur des membres de syndicats \u00e9tudiants et globalement contre toute personne ne partageant pas leurs id\u00e9es racistes et nationalistes, ils <strong>ont agress\u00e9 gratuitement des \u00e9tudiant-e-s<\/strong> avec une b\u00e9quille, <strong>avec l&rsquo;appui d&rsquo;un homme en moto arm\u00e9 d&rsquo;une gazeuse <\/strong>qui mettait des coups de pied <strong>en fon\u00e7ant sur la foule<\/strong>. C&rsquo;est d&rsquo;ailleurs lui qui a r\u00e9cup\u00e9r\u00e9 toutes les armes de G\u00e9n\u00e9ration Zemmour avant de s&rsquo;enfuir sur son v\u00e9hicule.&nbsp;<\/p>\n\n\n\n<p>\u2014<\/p>\n\n\n\n<p>Certains, <strong>cagoul\u00e9es et arm\u00e9es<\/strong> (gants coqu\u00e9s, gazeuses, matraques t\u00e9l\u00e9scopiques), sont \u00e9galement <strong>membres du groupuscule Jeunesse Saint Roch<\/strong>, connus pour avoir d\u00e9j\u00e0 agress\u00e9 et revendiqu\u00e9 l\u2019attaque des membres du SCUM le 5 d\u00e9cembre 2019 et men\u00e9 une attaque contre le Barricade, un bar associatif de la ville, le 11 d\u00e9cembre dernier, faisant un bless\u00e9.&nbsp;<\/p>\n\n\n\n<p>Deux semaines avant le 4\u00e8me anniversaire de l\u2019attaque du commando arm\u00e9 \u00e0 la fac de droit, pour mater des \u00e9tudiants qui contestaient les mesures du gouvernement, nous voyons ce tractage comme <strong>un<\/strong> <strong>\u00e9v\u00e9nement hautement symbolique, d\u2019intimidation<\/strong> \u00e0 l\u2019encontre des \u00e9tudiant-e-s.&nbsp;<\/p>\n\n\n\n<p>???? Au niveau local comme national, le parti d&rsquo;\u00c9ric Zemmour, malgr\u00e9 son image institutionnelle, ne fait que rassembler des militants nationalistes, racistes et profond\u00e9ment oppos\u00e9s \u00e0 la classe des travailleurs.<\/p>\n\n\n\n<p>???? Contre l&rsquo;extreme-droite, aucune complaisance !! Soyons solidaires \u270a<\/p>\n\n\n\n<p>Premiers signataires : Solidaires Etudiant-e-s Montpellier, Solidaires 34, Union Syndicale Solidaires, Ligue des Droits de l&rsquo;Homme Section de Montpellier, SUD Recherche EPST, SUD Recherche EPST Section de Montpellier, R\u00e9seau Universit\u00e9 Sans Fronti\u00e8re 34, SUD Education H\u00e9rault, Solidaires Etudiant-e-s, Union Communiste Libertaire 34, Union Communiste Libertaire, Jeunes \u00e9colos Montpellier, Europe \u00c9cologie Les Verts Montpellier, Le Poing Lev\u00e9 34, R\u00e9volution Permanente, La France Insoumise, Parti Communiste Fran\u00e7ais 34, Nouveau Parti Anticapitaliste 34, Parti de Gauche 34, Les radicaux de gauche 34, La carmagnole, Humains et dignes, Ensemble! 34, F\u00e9d\u00e9ration Syndicale \u00c9tudiante, UNEF<\/p>\n","protected":false},"excerpt":{"rendered":"<p>Hier, une vingtaine de militants de GZ ont organis\u00e9 une action de [&hellip;]<\/p>\n","protected":false},"author":1,"featured_media":0,"comment_status":"open","ping_status":"open","sticky":false,"template":"","format":"standard","meta":{"cybocfi_hide_featured_image":"","footnotes":""},"categories":[5],"tags":[308],"class_list":["post-6404","post","type-post","status-publish","format-standard","hentry","category-antifacisme","tag-communiques-2","col-md-4 col-sm-4"],"featured_image_src":null,"author_info":{"display_name":"Solidaires \u00e9tudiant-e-s","author_link":false},"yoast_head":"<!-- This site is optimized with the Yoast SEO plugin v27.5 - https:\/\/yoast.com\/product\/yoast-seo-wordpress\/ -->\n<title>G\u00e9n\u00e9ration Zemmour tracte devant l\u2019universit\u00e9 Paul Val\u00e9ry et agresse des \u00e9tudiant-e-s - Solidaires \u00e9tudiant-e-s<\/title>\n<meta name=\"robots\" content=\"index, follow, max-snippet:-1, max-image-preview:large, max-video-preview:-1\" \/>\n<link rel=\"canonical\" href=\"https:\/\/solidaires-etudiant-e-s.org\/site\/2022\/03\/10\/generation-zemmour-tracte-devant-luniversite-paul-valery-et-agresse-des-etudiant-e-s\/\" \/>\n<meta property=\"og:locale\" content=\"fr_FR\" \/>\n<meta property=\"og:type\" content=\"article\" \/>\n<meta property=\"og:title\" content=\"G\u00e9n\u00e9ration Zemmour tracte devant l\u2019universit\u00e9 Paul Val\u00e9ry et agresse des \u00e9tudiant-e-s - Solidaires \u00e9tudiant-e-s\" \/>\n<meta property=\"og:description\" content=\"Hier, une vingtaine de militants de GZ ont organis\u00e9 une action de [&hellip;]\" \/>\n<meta property=\"og:url\" content=\"https:\/\/solidaires-etudiant-e-s.org\/site\/2022\/03\/10\/generation-zemmour-tracte-devant-luniversite-paul-valery-et-agresse-des-etudiant-e-s\/\" \/>\n<meta property=\"og:site_name\" content=\"Solidaires \u00e9tudiant-e-s\" \/>\n<meta property=\"article:publisher\" content=\"https:\/\/www.facebook.com\/solidairesetudiantes\" \/>\n<meta property=\"article:author\" content=\"https:\/\/www.facebook.com\/solidairesetudiantes\" \/>\n<meta property=\"article:published_time\" content=\"2022-03-10T20:10:17+00:00\" \/>\n<meta property=\"article:modified_time\" content=\"2022-03-10T21:11:08+00:00\" \/>\n<meta property=\"og:image\" content=\"https:\/\/solidaires-etudiant.org\/site\/wp-content\/uploads\/2022\/03\/Copie_de_Template_maquettage_communique-1-1024x576.png\" \/>\n<meta name=\"author\" content=\"Solidaires \u00e9tudiant-e-s\" \/>\n<meta name=\"twitter:card\" content=\"summary_large_image\" \/>\n<meta name=\"twitter:creator\" content=\"@SolidairesEtu\" \/>\n<meta name=\"twitter:site\" content=\"@SolidairesEtu\" \/>\n<meta name=\"twitter:label1\" content=\"\u00c9crit par\" \/>\n\t<meta name=\"twitter:data1\" content=\"Solidaires \u00e9tudiant-e-s\" \/>\n\t<meta name=\"twitter:label2\" content=\"Dur\u00e9e de lecture estim\u00e9e\" \/>\n\t<meta name=\"twitter:data2\" content=\"2 minutes\" \/>\n<script type=\"application\/ld+json\" class=\"yoast-schema-graph\">{\"@context\":\"https:\\\/\\\/schema.org\",\"@graph\":[{\"@type\":\"Article\",\"@id\":\"https:\\\/\\\/solidaires-etudiant-e-s.org\\\/site\\\/2022\\\/03\\\/10\\\/generation-zemmour-tracte-devant-luniversite-paul-valery-et-agresse-des-etudiant-e-s\\\/#article\",\"isPartOf\":{\"@id\":\"https:\\\/\\\/solidaires-etudiant-e-s.org\\\/site\\\/2022\\\/03\\\/10\\\/generation-zemmour-tracte-devant-luniversite-paul-valery-et-agresse-des-etudiant-e-s\\\/\"},\"author\":{\"name\":\"Solidaires \u00e9tudiant-e-s\",\"@id\":\"https:\\\/\\\/solidaires-etudiant-e-s.org\\\/site\\\/#\\\/schema\\\/person\\\/0efb3e0ff4e2f12b5a5abcd4352aa86c\"},\"headline\":\"G\u00e9n\u00e9ration Zemmour tracte devant l\u2019universit\u00e9 Paul Val\u00e9ry et agresse des \u00e9tudiant-e-s\",\"datePublished\":\"2022-03-10T20:10:17+00:00\",\"dateModified\":\"2022-03-10T21:11:08+00:00\",\"mainEntityOfPage\":{\"@id\":\"https:\\\/\\\/solidaires-etudiant-e-s.org\\\/site\\\/2022\\\/03\\\/10\\\/generation-zemmour-tracte-devant-luniversite-paul-valery-et-agresse-des-etudiant-e-s\\\/\"},\"wordCount\":362,\"commentCount\":2,\"publisher\":{\"@id\":\"https:\\\/\\\/solidaires-etudiant-e-s.org\\\/site\\\/#organization\"},\"image\":{\"@id\":\"https:\\\/\\\/solidaires-etudiant-e-s.org\\\/site\\\/2022\\\/03\\\/10\\\/generation-zemmour-tracte-devant-luniversite-paul-valery-et-agresse-des-etudiant-e-s\\\/#primaryimage\"},\"thumbnailUrl\":\"https:\\\/\\\/solidaires-etudiant.org\\\/site\\\/wp-content\\\/uploads\\\/2022\\\/03\\\/Copie_de_Template_maquettage_communique-1-1024x576.png\",\"keywords\":[\"communiqu\u00e9s\"],\"articleSection\":[\"ANTIFACISME\"],\"inLanguage\":\"fr-FR\",\"potentialAction\":[{\"@type\":\"CommentAction\",\"name\":\"Comment\",\"target\":[\"https:\\\/\\\/solidaires-etudiant-e-s.org\\\/site\\\/2022\\\/03\\\/10\\\/generation-zemmour-tracte-devant-luniversite-paul-valery-et-agresse-des-etudiant-e-s\\\/#respond\"]}]},{\"@type\":\"WebPage\",\"@id\":\"https:\\\/\\\/solidaires-etudiant-e-s.org\\\/site\\\/2022\\\/03\\\/10\\\/generation-zemmour-tracte-devant-luniversite-paul-valery-et-agresse-des-etudiant-e-s\\\/\",\"url\":\"https:\\\/\\\/solidaires-etudiant-e-s.org\\\/site\\\/2022\\\/03\\\/10\\\/generation-zemmour-tracte-devant-luniversite-paul-valery-et-agresse-des-etudiant-e-s\\\/\",\"name\":\"G\u00e9n\u00e9ration Zemmour tracte devant l\u2019universit\u00e9 Paul Val\u00e9ry et agresse des \u00e9tudiant-e-s - Solidaires \u00e9tudiant-e-s\",\"isPartOf\":{\"@id\":\"https:\\\/\\\/solidaires-etudiant-e-s.org\\\/site\\\/#website\"},\"primaryImageOfPage\":{\"@id\":\"https:\\\/\\\/solidaires-etudiant-e-s.org\\\/site\\\/2022\\\/03\\\/10\\\/generation-zemmour-tracte-devant-luniversite-paul-valery-et-agresse-des-etudiant-e-s\\\/#primaryimage\"},\"image\":{\"@id\":\"https:\\\/\\\/solidaires-etudiant-e-s.org\\\/site\\\/2022\\\/03\\\/10\\\/generation-zemmour-tracte-devant-luniversite-paul-valery-et-agresse-des-etudiant-e-s\\\/#primaryimage\"},\"thumbnailUrl\":\"https:\\\/\\\/solidaires-etudiant.org\\\/site\\\/wp-content\\\/uploads\\\/2022\\\/03\\\/Copie_de_Template_maquettage_communique-1-1024x576.png\",\"datePublished\":\"2022-03-10T20:10:17+00:00\",\"dateModified\":\"2022-03-10T21:11:08+00:00\",\"breadcrumb\":{\"@id\":\"https:\\\/\\\/solidaires-etudiant-e-s.org\\\/site\\\/2022\\\/03\\\/10\\\/generation-zemmour-tracte-devant-luniversite-paul-valery-et-agresse-des-etudiant-e-s\\\/#breadcrumb\"},\"inLanguage\":\"fr-FR\",\"potentialAction\":[{\"@type\":\"ReadAction\",\"target\":[\"https:\\\/\\\/solidaires-etudiant-e-s.org\\\/site\\\/2022\\\/03\\\/10\\\/generation-zemmour-tracte-devant-luniversite-paul-valery-et-agresse-des-etudiant-e-s\\\/\"]}]},{\"@type\":\"ImageObject\",\"inLanguage\":\"fr-FR\",\"@id\":\"https:\\\/\\\/solidaires-etudiant-e-s.org\\\/site\\\/2022\\\/03\\\/10\\\/generation-zemmour-tracte-devant-luniversite-paul-valery-et-agresse-des-etudiant-e-s\\\/#primaryimage\",\"url\":\"https:\\\/\\\/solidaires-etudiant.org\\\/site\\\/wp-content\\\/uploads\\\/2022\\\/03\\\/Copie_de_Template_maquettage_communique-1-1024x576.png\",\"contentUrl\":\"https:\\\/\\\/solidaires-etudiant.org\\\/site\\\/wp-content\\\/uploads\\\/2022\\\/03\\\/Copie_de_Template_maquettage_communique-1-1024x576.png\"},{\"@type\":\"BreadcrumbList\",\"@id\":\"https:\\\/\\\/solidaires-etudiant-e-s.org\\\/site\\\/2022\\\/03\\\/10\\\/generation-zemmour-tracte-devant-luniversite-paul-valery-et-agresse-des-etudiant-e-s\\\/#breadcrumb\",\"itemListElement\":[{\"@type\":\"ListItem\",\"position\":1,\"name\":\"Accueil\",\"item\":\"https:\\\/\\\/solidaires-etudiant-e-s.org\\\/site\\\/\"},{\"@type\":\"ListItem\",\"position\":2,\"name\":\"G\u00e9n\u00e9ration Zemmour tracte devant l\u2019universit\u00e9 Paul Val\u00e9ry et agresse des \u00e9tudiant-e-s\"}]},{\"@type\":\"WebSite\",\"@id\":\"https:\\\/\\\/solidaires-etudiant-e-s.org\\\/site\\\/#website\",\"url\":\"https:\\\/\\\/solidaires-etudiant-e-s.org\\\/site\\\/\",\"name\":\"Solidaires \u00e9tudiant-e-s\",\"description\":\"Syndicats pour un enseignement sup\u00e9rieur gratuit, ouvert, et \u00e9mancipateur !\",\"publisher\":{\"@id\":\"https:\\\/\\\/solidaires-etudiant-e-s.org\\\/site\\\/#organization\"},\"potentialAction\":[{\"@type\":\"SearchAction\",\"target\":{\"@type\":\"EntryPoint\",\"urlTemplate\":\"https:\\\/\\\/solidaires-etudiant-e-s.org\\\/site\\\/?s={search_term_string}\"},\"query-input\":{\"@type\":\"PropertyValueSpecification\",\"valueRequired\":true,\"valueName\":\"search_term_string\"}}],\"inLanguage\":\"fr-FR\"},{\"@type\":\"Organization\",\"@id\":\"https:\\\/\\\/solidaires-etudiant-e-s.org\\\/site\\\/#organization\",\"name\":\"Solidaires \u00e9tudiant-e-s\",\"url\":\"https:\\\/\\\/solidaires-etudiant-e-s.org\\\/site\\\/\",\"logo\":{\"@type\":\"ImageObject\",\"inLanguage\":\"fr-FR\",\"@id\":\"https:\\\/\\\/solidaires-etudiant-e-s.org\\\/site\\\/#\\\/schema\\\/logo\\\/image\\\/\",\"url\":\"https:\\\/\\\/solidaires-etudiant-e-s.org\\\/site\\\/wp-content\\\/uploads\\\/2025\\\/12\\\/13-1.png\",\"contentUrl\":\"https:\\\/\\\/solidaires-etudiant-e-s.org\\\/site\\\/wp-content\\\/uploads\\\/2025\\\/12\\\/13-1.png\",\"width\":1181,\"height\":827,\"caption\":\"Solidaires \u00e9tudiant-e-s\"},\"image\":{\"@id\":\"https:\\\/\\\/solidaires-etudiant-e-s.org\\\/site\\\/#\\\/schema\\\/logo\\\/image\\\/\"},\"sameAs\":[\"https:\\\/\\\/www.facebook.com\\\/solidairesetudiantes\",\"https:\\\/\\\/x.com\\\/SolidairesEtu\",\"https:\\\/\\\/www.instagram.com\\\/solidairesetu\\\/\",\"https:\\\/\\\/bsky.app\\\/profile\\\/solidaires-etudiant-e-s.org\",\"https:\\\/\\\/mastodon.social\\\/@solidairesetu\",\"https:\\\/\\\/www.youtube.com\\\/channel\\\/UC_iZN9gmVAAnXbBM7wAWOag\"]},{\"@type\":\"Person\",\"@id\":\"https:\\\/\\\/solidaires-etudiant-e-s.org\\\/site\\\/#\\\/schema\\\/person\\\/0efb3e0ff4e2f12b5a5abcd4352aa86c\",\"name\":\"Solidaires \u00e9tudiant-e-s\",\"image\":{\"@type\":\"ImageObject\",\"inLanguage\":\"fr-FR\",\"@id\":\"https:\\\/\\\/solidaires-etudiant-e-s.org\\\/site\\\/wp-content\\\/uploads\\\/2020\\\/01\\\/logo-SESL-rond-512-96x96.png\",\"url\":\"https:\\\/\\\/solidaires-etudiant-e-s.org\\\/site\\\/wp-content\\\/uploads\\\/2020\\\/01\\\/logo-SESL-rond-512-96x96.png\",\"contentUrl\":\"https:\\\/\\\/solidaires-etudiant-e-s.org\\\/site\\\/wp-content\\\/uploads\\\/2020\\\/01\\\/logo-SESL-rond-512-96x96.png\",\"caption\":\"Solidaires \u00e9tudiant-e-s\"},\"sameAs\":[\"https:\\\/\\\/solidaires-etudiant.org\\\/site\",\"https:\\\/\\\/www.facebook.com\\\/solidairesetudiantes\",\"https:\\\/\\\/www.instagram.com\\\/solidairesetu\",\"https:\\\/\\\/x.com\\\/SolidairesEtu\",\"https:\\\/\\\/fr.wikipedia.org\\\/wiki\\\/Solidaires_tudiant-e-s\"]}]}<\/script>\n<!-- \/ Yoast SEO plugin. -->","yoast_head_json":{"title":"G\u00e9n\u00e9ration Zemmour tracte devant l\u2019universit\u00e9 Paul Val\u00e9ry et agresse des \u00e9tudiant-e-s - Solidaires \u00e9tudiant-e-s","robots":{"index":"index","follow":"follow","max-snippet":"max-snippet:-1","max-image-preview":"max-image-preview:large","max-video-preview":"max-video-preview:-1"},"canonical":"https:\/\/solidaires-etudiant-e-s.org\/site\/2022\/03\/10\/generation-zemmour-tracte-devant-luniversite-paul-valery-et-agresse-des-etudiant-e-s\/","og_locale":"fr_FR","og_type":"article","og_title":"G\u00e9n\u00e9ration Zemmour tracte devant l\u2019universit\u00e9 Paul Val\u00e9ry et agresse des \u00e9tudiant-e-s - Solidaires \u00e9tudiant-e-s","og_description":"Hier, une vingtaine de militants de GZ ont organis\u00e9 une action de [&hellip;]","og_url":"https:\/\/solidaires-etudiant-e-s.org\/site\/2022\/03\/10\/generation-zemmour-tracte-devant-luniversite-paul-valery-et-agresse-des-etudiant-e-s\/","og_site_name":"Solidaires \u00e9tudiant-e-s","article_publisher":"https:\/\/www.facebook.com\/solidairesetudiantes","article_author":"https:\/\/www.facebook.com\/solidairesetudiantes","article_published_time":"2022-03-10T20:10:17+00:00","article_modified_time":"2022-03-10T21:11:08+00:00","og_image":[{"url":"https:\/\/solidaires-etudiant.org\/site\/wp-content\/uploads\/2022\/03\/Copie_de_Template_maquettage_communique-1-1024x576.png","type":"","width":"","height":""}],"author":"Solidaires \u00e9tudiant-e-s","twitter_card":"summary_large_image","twitter_creator":"@SolidairesEtu","twitter_site":"@SolidairesEtu","twitter_misc":{"\u00c9crit par":"Solidaires \u00e9tudiant-e-s","Dur\u00e9e de lecture estim\u00e9e":"2 minutes"},"schema":{"@context":"https:\/\/schema.org","@graph":[{"@type":"Article","@id":"https:\/\/solidaires-etudiant-e-s.org\/site\/2022\/03\/10\/generation-zemmour-tracte-devant-luniversite-paul-valery-et-agresse-des-etudiant-e-s\/#article","isPartOf":{"@id":"https:\/\/solidaires-etudiant-e-s.org\/site\/2022\/03\/10\/generation-zemmour-tracte-devant-luniversite-paul-valery-et-agresse-des-etudiant-e-s\/"},"author":{"name":"Solidaires \u00e9tudiant-e-s","@id":"https:\/\/solidaires-etudiant-e-s.org\/site\/#\/schema\/person\/0efb3e0ff4e2f12b5a5abcd4352aa86c"},"headline":"G\u00e9n\u00e9ration Zemmour tracte devant l\u2019universit\u00e9 Paul Val\u00e9ry et agresse des \u00e9tudiant-e-s","datePublished":"2022-03-10T20:10:17+00:00","dateModified":"2022-03-10T21:11:08+00:00","mainEntityOfPage":{"@id":"https:\/\/solidaires-etudiant-e-s.org\/site\/2022\/03\/10\/generation-zemmour-tracte-devant-luniversite-paul-valery-et-agresse-des-etudiant-e-s\/"},"wordCount":362,"commentCount":2,"publisher":{"@id":"https:\/\/solidaires-etudiant-e-s.org\/site\/#organization"},"image":{"@id":"https:\/\/solidaires-etudiant-e-s.org\/site\/2022\/03\/10\/generation-zemmour-tracte-devant-luniversite-paul-valery-et-agresse-des-etudiant-e-s\/#primaryimage"},"thumbnailUrl":"https:\/\/solidaires-etudiant.org\/site\/wp-content\/uploads\/2022\/03\/Copie_de_Template_maquettage_communique-1-1024x576.png","keywords":["communiqu\u00e9s"],"articleSection":["ANTIFACISME"],"inLanguage":"fr-FR","potentialAction":[{"@type":"CommentAction","name":"Comment","target":["https:\/\/solidaires-etudiant-e-s.org\/site\/2022\/03\/10\/generation-zemmour-tracte-devant-luniversite-paul-valery-et-agresse-des-etudiant-e-s\/#respond"]}]},{"@type":"WebPage","@id":"https:\/\/solidaires-etudiant-e-s.org\/site\/2022\/03\/10\/generation-zemmour-tracte-devant-luniversite-paul-valery-et-agresse-des-etudiant-e-s\/","url":"https:\/\/solidaires-etudiant-e-s.org\/site\/2022\/03\/10\/generation-zemmour-tracte-devant-luniversite-paul-valery-et-agresse-des-etudiant-e-s\/","name":"G\u00e9n\u00e9ration Zemmour tracte devant l\u2019universit\u00e9 Paul Val\u00e9ry et agresse des \u00e9tudiant-e-s - Solidaires \u00e9tudiant-e-s","isPartOf":{"@id":"https:\/\/solidaires-etudiant-e-s.org\/site\/#website"},"primaryImageOfPage":{"@id":"https:\/\/solidaires-etudiant-e-s.org\/site\/2022\/03\/10\/generation-zemmour-tracte-devant-luniversite-paul-valery-et-agresse-des-etudiant-e-s\/#primaryimage"},"image":{"@id":"https:\/\/solidaires-etudiant-e-s.org\/site\/2022\/03\/10\/generation-zemmour-tracte-devant-luniversite-paul-valery-et-agresse-des-etudiant-e-s\/#primaryimage"},"thumbnailUrl":"https:\/\/solidaires-etudiant.org\/site\/wp-content\/uploads\/2022\/03\/Copie_de_Template_maquettage_communique-1-1024x576.png","datePublished":"2022-03-10T20:10:17+00:00","dateModified":"2022-03-10T21:11:08+00:00","breadcrumb":{"@id":"https:\/\/solidaires-etudiant-e-s.org\/site\/2022\/03\/10\/generation-zemmour-tracte-devant-luniversite-paul-valery-et-agresse-des-etudiant-e-s\/#breadcrumb"},"inLanguage":"fr-FR","potentialAction":[{"@type":"ReadAction","target":["https:\/\/solidaires-etudiant-e-s.org\/site\/2022\/03\/10\/generation-zemmour-tracte-devant-luniversite-paul-valery-et-agresse-des-etudiant-e-s\/"]}]},{"@type":"ImageObject","inLanguage":"fr-FR","@id":"https:\/\/solidaires-etudiant-e-s.org\/site\/2022\/03\/10\/generation-zemmour-tracte-devant-luniversite-paul-valery-et-agresse-des-etudiant-e-s\/#primaryimage","url":"https:\/\/solidaires-etudiant.org\/site\/wp-content\/uploads\/2022\/03\/Copie_de_Template_maquettage_communique-1-1024x576.png","contentUrl":"https:\/\/solidaires-etudiant.org\/site\/wp-content\/uploads\/2022\/03\/Copie_de_Template_maquettage_communique-1-1024x576.png"},{"@type":"BreadcrumbList","@id":"https:\/\/solidaires-etudiant-e-s.org\/site\/2022\/03\/10\/generation-zemmour-tracte-devant-luniversite-paul-valery-et-agresse-des-etudiant-e-s\/#breadcrumb","itemListElement":[{"@type":"ListItem","position":1,"name":"Accueil","item":"https:\/\/solidaires-etudiant-e-s.org\/site\/"},{"@type":"ListItem","position":2,"name":"G\u00e9n\u00e9ration Zemmour tracte devant l\u2019universit\u00e9 Paul Val\u00e9ry et agresse des \u00e9tudiant-e-s"}]},{"@type":"WebSite","@id":"https:\/\/solidaires-etudiant-e-s.org\/site\/#website","url":"https:\/\/solidaires-etudiant-e-s.org\/site\/","name":"Solidaires \u00e9tudiant-e-s","description":"Syndicats pour un enseignement sup\u00e9rieur gratuit, ouvert, et \u00e9mancipateur !","publisher":{"@id":"https:\/\/solidaires-etudiant-e-s.org\/site\/#organization"},"potentialAction":[{"@type":"SearchAction","target":{"@type":"EntryPoint","urlTemplate":"https:\/\/solidaires-etudiant-e-s.org\/site\/?s={search_term_string}"},"query-input":{"@type":"PropertyValueSpecification","valueRequired":true,"valueName":"search_term_string"}}],"inLanguage":"fr-FR"},{"@type":"Organization","@id":"https:\/\/solidaires-etudiant-e-s.org\/site\/#organization","name":"Solidaires \u00e9tudiant-e-s","url":"https:\/\/solidaires-etudiant-e-s.org\/site\/","logo":{"@type":"ImageObject","inLanguage":"fr-FR","@id":"https:\/\/solidaires-etudiant-e-s.org\/site\/#\/schema\/logo\/image\/","url":"https:\/\/solidaires-etudiant-e-s.org\/site\/wp-content\/uploads\/2025\/12\/13-1.png","contentUrl":"https:\/\/solidaires-etudiant-e-s.org\/site\/wp-content\/uploads\/2025\/12\/13-1.png","width":1181,"height":827,"caption":"Solidaires \u00e9tudiant-e-s"},"image":{"@id":"https:\/\/solidaires-etudiant-e-s.org\/site\/#\/schema\/logo\/image\/"},"sameAs":["https:\/\/www.facebook.com\/solidairesetudiantes","https:\/\/x.com\/SolidairesEtu","https:\/\/www.instagram.com\/solidairesetu\/","https:\/\/bsky.app\/profile\/solidaires-etudiant-e-s.org","https:\/\/mastodon.social\/@solidairesetu","https:\/\/www.youtube.com\/channel\/UC_iZN9gmVAAnXbBM7wAWOag"]},{"@type":"Person","@id":"https:\/\/solidaires-etudiant-e-s.org\/site\/#\/schema\/person\/0efb3e0ff4e2f12b5a5abcd4352aa86c","name":"Solidaires \u00e9tudiant-e-s","image":{"@type":"ImageObject","inLanguage":"fr-FR","@id":"https:\/\/solidaires-etudiant-e-s.org\/site\/wp-content\/uploads\/2020\/01\/logo-SESL-rond-512-96x96.png","url":"https:\/\/solidaires-etudiant-e-s.org\/site\/wp-content\/uploads\/2020\/01\/logo-SESL-rond-512-96x96.png","contentUrl":"https:\/\/solidaires-etudiant-e-s.org\/site\/wp-content\/uploads\/2020\/01\/logo-SESL-rond-512-96x96.png","caption":"Solidaires \u00e9tudiant-e-s"},"sameAs":["https:\/\/solidaires-etudiant.org\/site","https:\/\/www.facebook.com\/solidairesetudiantes","https:\/\/www.instagram.com\/solidairesetu","https:\/\/x.com\/SolidairesEtu","https:\/\/fr.wikipedia.org\/wiki\/Solidaires_tudiant-e-s"]}]}},"_links":{"self":[{"href":"https:\/\/solidaires-etudiant-e-s.org\/site\/wp-json\/wp\/v2\/posts\/6404","targetHints":{"allow":["GET"]}}],"collection":[{"href":"https:\/\/solidaires-etudiant-e-s.org\/site\/wp-json\/wp\/v2\/posts"}],"about":[{"href":"https:\/\/solidaires-etudiant-e-s.org\/site\/wp-json\/wp\/v2\/types\/post"}],"author":[{"embeddable":true,"href":"https:\/\/solidaires-etudiant-e-s.org\/site\/wp-json\/wp\/v2\/users\/1"}],"replies":[{"embeddable":true,"href":"https:\/\/solidaires-etudiant-e-s.org\/site\/wp-json\/wp\/v2\/comments?post=6404"}],"version-history":[{"count":2,"href":"https:\/\/solidaires-etudiant-e-s.org\/site\/wp-json\/wp\/v2\/posts\/6404\/revisions"}],"predecessor-version":[{"id":6408,"href":"https:\/\/solidaires-etudiant-e-s.org\/site\/wp-json\/wp\/v2\/posts\/6404\/revisions\/6408"}],"wp:attachment":[{"href":"https:\/\/solidaires-etudiant-e-s.org\/site\/wp-json\/wp\/v2\/media?parent=6404"}],"wp:term":[{"taxonomy":"category","embeddable":true,"href":"https:\/\/solidaires-etudiant-e-s.org\/site\/wp-json\/wp\/v2\/categories?post=6404"},{"taxonomy":"post_tag","embeddable":true,"href":"https:\/\/solidaires-etudiant-e-s.org\/site\/wp-json\/wp\/v2\/tags?post=6404"}],"curies":[{"name":"wp","href":"https:\/\/api.w.org\/{rel}","templated":true}]}}