{"id":6396,"date":"2022-03-09T17:25:45","date_gmt":"2022-03-09T16:25:45","guid":{"rendered":"https:\/\/solidaires-etudiant.org\/site\/?p=6396"},"modified":"2022-03-09T17:25:46","modified_gmt":"2022-03-09T16:25:46","slug":"pour-un-salaire-etudiant-mobilisons-nous-le-17-mars","status":"publish","type":"post","link":"https:\/\/solidaires-etudiant-e-s.org\/site\/2022\/03\/09\/pour-un-salaire-etudiant-mobilisons-nous-le-17-mars\/","title":{"rendered":"POUR UN SALAIRE \u00c9TUDIANT MOBILISONS NOUS LE 17 MARS"},"content":{"rendered":"\n<figure class=\"wp-block-image size-large\"><img loading=\"lazy\" decoding=\"async\" width=\"1024\" height=\"512\" src=\"https:\/\/solidaires-etudiant.org\/site\/wp-content\/uploads\/2022\/03\/3-1024x512.png\" alt=\"\" class=\"wp-image-6397\" srcset=\"https:\/\/solidaires-etudiant-e-s.org\/site\/wp-content\/uploads\/2022\/03\/3-1024x512.png 1024w, https:\/\/solidaires-etudiant-e-s.org\/site\/wp-content\/uploads\/2022\/03\/3-300x150.png 300w, https:\/\/solidaires-etudiant-e-s.org\/site\/wp-content\/uploads\/2022\/03\/3-768x384.png 768w, https:\/\/solidaires-etudiant-e-s.org\/site\/wp-content\/uploads\/2022\/03\/3-1536x768.png 1536w, https:\/\/solidaires-etudiant-e-s.org\/site\/wp-content\/uploads\/2022\/03\/3-2048x1024.png 2048w, https:\/\/solidaires-etudiant-e-s.org\/site\/wp-content\/uploads\/2022\/03\/3-900x450.png 900w, https:\/\/solidaires-etudiant-e-s.org\/site\/wp-content\/uploads\/2022\/03\/3-500x250.png 500w\" sizes=\"auto, (max-width: 1024px) 100vw, 1024px\" \/><\/figure>\n\n\n\n<h4 class=\"wp-block-heading\">Une situation catastrophique<\/h4>\n\n\n\n<p>Nous arrivons au terme d&rsquo;un mandat pr\u00e9sidentiel catastrophique pour l&rsquo;enseignement sup\u00e9rieur. Alors que la pr\u00e9carit\u00e9 \u00e9tudiante ainsi que celle des enseignant-e-s explose, nos conditions d&rsquo;\u00e9tudes se d\u00e9gradent d&rsquo;ann\u00e9e en ann\u00e9e.<br>Apr\u00e8s Parcoursup, apr\u00e8s la CVEC, apr\u00e8s la gestion catastrophique de la crise sanitaire, la nature publique de l&rsquo;enseignement sup\u00e9rieur est plus que menac\u00e9.<\/p>\n\n\n\n<p>Le \u00ab\u00a0Parcoursup master\u00a0\u00bb n&rsquo;a \u00e9t\u00e9 que report\u00e9 \u00e0 l&rsquo;ann\u00e9e prochaine et en Janvier dernier macron ne se privait<br>pas d&rsquo;annoncer la fin de la gratuit\u00e9 de l&rsquo;enseignement sup\u00e9rieur. De la m\u00eame fa\u00e7on, les \u00c9tablissements Publics Exp\u00e9rimentaux (EPE) qui se multiplient en France et tendent \u00e0 se g\u00e9n\u00e9raliser, sont annonciateurs des r\u00e9formes \u00e0 venir. Par d\u00e9cret, ces lieux d&rsquo;\u00e9tudes ne sont plus r\u00e9gis par le code de l&rsquo;\u00e9ducation : hausse des frais d&rsquo;inscription, suppression d&rsquo;\u00e9lu-e-s \u00e9tudiant-e-s dans les conseils&#8230; C&rsquo;est donc la porte ouverte \u00e0 de nouvelles attaques de nos droits !<\/p>\n\n\n\n<p>Ce processus d\u2019exploitation rel\u00e8ve de la lib\u00e9ralisation de l\u2019\u00e9conomie, de l\u2019Enseignement Sup\u00e9rieur et de la<br>Recherche contre laquelle nous luttons depuis des ann\u00e9es. A c\u00f4t\u00e9 de \u00e7a, les quelques avanc\u00e9es gagn\u00e9es par notre camp sont toujours remises en questions : la fin des repas \u00e0 1euro pour tou-te-s, en septembre, nous prouve que nos droits ne sont pas des acquis<br><\/p>\n\n\n\n<h4 class=\"wp-block-heading\">Nos revendications<\/h4>\n\n\n\n<p>Afin que chacun.e puisse \u00e9tudier librement nous demandons la fin de la s\u00e9lection dans les facs et les lyc\u00e9es. S&rsquo;il y a trop de demandes pour le nombre de places c&rsquo;est parce que l&rsquo;Etat refuse d&rsquo;en cr\u00e9er depuis des d\u00e9cennies alors m\u00eame que le nombre d&rsquo;\u00e9tudiant.e.s augmente. Le manque de place est un manque fabriqu\u00e9 pour permettre aux \u00ab\u00a0Parcoursups\u00a0\u00bb et autres TrouverMonMaster d&rsquo;organiser la s\u00e9lection sociale. Nous demandons donc le retrait de ces plateformes et de toutes les autres !<\/p>\n\n\n\n<p>Et parce que cette s\u00e9lection est aussi \u00e9conomique, nous revendiquons la hausse des bourses imm\u00e9diatement, l\u2019abrogation de l\u2019assiduit\u00e9 obligatoire, ainsi que la mise en place d&rsquo;un salaire \u00e9tudiant !<br>En effet, tout comme les travailleur-se-s, les \u00e9tudiant-e-s sont exploit\u00e9-e-s : d\u2019un point de vue global, les<br>universit\u00e9s fonctionnent de plus en plus comme des entreprises avec des logiques de rentabilit\u00e9<\/p>\n\n\n\n<p>De plus, les bourses sur crit\u00e8res sociaux n\u2019\u00e9tant pas assez \u00e9lev\u00e9es (que \u00e7a soit en terme de nombre ou de<br>montant), environ la moiti\u00e9 des \u00e9tudiant-e-s sont salari\u00e9-e-s pendant leurs \u00e9tudes (ajoutons \u00e0 cela celles et ceux qui travaillent au noir). Ils et elles occupent la plus grande majorit\u00e9 du temps des postes pr\u00e9caires,<br>parfois l\u00e9gitim\u00e9s par des \u201ccontrats \u00e9tudiants\u201d ultra flexibles.<\/p>\n\n\n\n<p>Cette pr\u00e9carit\u00e9 touche tout particuli\u00e8rement les \u00e9tudiant.e.s \u00e9tranger-e-s en France. C&rsquo;est pourquoi nous<br>r\u00e9clamons la suppression l&rsquo;Administration Num\u00e9rique des Etrangers en France (ANEF) et la r\u00e9gularisation<br>pure et simple des \u00e9tudiant-e-s \u00e9tranger-e-s sans papiers. Il n\u2019y a pas de fronti\u00e8res dans l&rsquo;enseignement<br>sup\u00e9rieur, m\u00eames savoirs, m\u00eames \u00e9tudes, m\u00eames droits !<br><\/p>\n\n\n\n<h4 class=\"wp-block-heading\">Une solution : la lutte<\/h4>\n\n\n\n<p>Il est indispensable d&rsquo;annoncer au prochain.e pr\u00e9sident.e la couleur du prochain quinquennat : celle de la lutte et de la mobilisation ! C\u2019est seulement ainsi que nous pourrons revendiquer l&rsquo;am\u00e9lioration des conditions de vie et d&rsquo;\u00e9tudes justes et dignes !<br>En reculant face au d\u00e9part de la mobilisation contre TrouverMonMaster, le gouvernement nous a montr\u00e9s<br>qu\u2019il ne veut pas de contestations \u00e9tudiantes en p\u00e9riode \u00e9lectorale. Nos actions ont un poids, nous pouvons gagner !<br><\/p>\n\n\n\n<p>C\u2019est pourquoi nous appelons les \u00e9tudiant-e-s \u00e0 se joindre massivement aux manifestations du 17 mars au c\u00f4t\u00e9s des travailleur-se-s : luttons ensemble car c&rsquo;est ensemble qu&rsquo;on gagnera !<br><\/p>\n","protected":false},"excerpt":{"rendered":"<p>Une situation catastrophique Nous arrivons au terme d&rsquo;un mandat pr\u00e9sidentiel catastrophique pour [&hellip;]<\/p>\n","protected":false},"author":1,"featured_media":0,"comment_status":"open","ping_status":"open","sticky":false,"template":"","format":"standard","meta":{"cybocfi_hide_featured_image":"","footnotes":""},"categories":[25],"tags":[308,467,472,583,747],"class_list":["post-6396","post","type-post","status-publish","format-standard","hentry","category-interpro","tag-communiques-2","tag-enseignement-superieur","tag-esr-2","tag-greve","tag-manifestation","col-md-4 col-sm-4"],"featured_image_src":null,"author_info":{"display_name":"Solidaires \u00e9tudiant-e-s","author_link":false},"yoast_head":"<!-- This site is optimized with the Yoast SEO plugin v27.4 - https:\/\/yoast.com\/product\/yoast-seo-wordpress\/ -->\n<title>POUR UN SALAIRE \u00c9TUDIANT MOBILISONS NOUS LE 17 MARS - Solidaires \u00e9tudiant-e-s<\/title>\n<meta name=\"robots\" content=\"index, follow, max-snippet:-1, max-image-preview:large, max-video-preview:-1\" \/>\n<link rel=\"canonical\" href=\"https:\/\/solidaires-etudiant-e-s.org\/site\/2022\/03\/09\/pour-un-salaire-etudiant-mobilisons-nous-le-17-mars\/\" \/>\n<meta property=\"og:locale\" content=\"fr_FR\" \/>\n<meta property=\"og:type\" content=\"article\" \/>\n<meta property=\"og:title\" content=\"POUR UN SALAIRE \u00c9TUDIANT MOBILISONS NOUS LE 17 MARS - Solidaires \u00e9tudiant-e-s\" \/>\n<meta property=\"og:description\" content=\"Une situation catastrophique Nous arrivons au terme d&rsquo;un mandat pr\u00e9sidentiel catastrophique pour [&hellip;]\" \/>\n<meta property=\"og:url\" content=\"https:\/\/solidaires-etudiant-e-s.org\/site\/2022\/03\/09\/pour-un-salaire-etudiant-mobilisons-nous-le-17-mars\/\" \/>\n<meta property=\"og:site_name\" content=\"Solidaires \u00e9tudiant-e-s\" \/>\n<meta property=\"article:publisher\" content=\"https:\/\/www.facebook.com\/solidairesetudiantes\" \/>\n<meta property=\"article:author\" content=\"https:\/\/www.facebook.com\/solidairesetudiantes\" \/>\n<meta property=\"article:published_time\" content=\"2022-03-09T16:25:45+00:00\" \/>\n<meta property=\"article:modified_time\" content=\"2022-03-09T16:25:46+00:00\" \/>\n<meta property=\"og:image\" content=\"https:\/\/solidaires-etudiant.org\/site\/wp-content\/uploads\/2022\/03\/3-1024x512.png\" \/>\n<meta name=\"author\" content=\"Solidaires \u00e9tudiant-e-s\" \/>\n<meta name=\"twitter:card\" content=\"summary_large_image\" \/>\n<meta name=\"twitter:creator\" content=\"@SolidairesEtu\" \/>\n<meta name=\"twitter:site\" content=\"@SolidairesEtu\" \/>\n<meta name=\"twitter:label1\" content=\"\u00c9crit par\" \/>\n\t<meta name=\"twitter:data1\" content=\"Solidaires \u00e9tudiant-e-s\" \/>\n\t<meta name=\"twitter:label2\" content=\"Dur\u00e9e de lecture estim\u00e9e\" \/>\n\t<meta name=\"twitter:data2\" content=\"4 minutes\" \/>\n<script type=\"application\/ld+json\" class=\"yoast-schema-graph\">{\"@context\":\"https:\\\/\\\/schema.org\",\"@graph\":[{\"@type\":\"Article\",\"@id\":\"https:\\\/\\\/solidaires-etudiant-e-s.org\\\/site\\\/2022\\\/03\\\/09\\\/pour-un-salaire-etudiant-mobilisons-nous-le-17-mars\\\/#article\",\"isPartOf\":{\"@id\":\"https:\\\/\\\/solidaires-etudiant-e-s.org\\\/site\\\/2022\\\/03\\\/09\\\/pour-un-salaire-etudiant-mobilisons-nous-le-17-mars\\\/\"},\"author\":{\"name\":\"Solidaires \u00e9tudiant-e-s\",\"@id\":\"https:\\\/\\\/solidaires-etudiant-e-s.org\\\/site\\\/#\\\/schema\\\/person\\\/0efb3e0ff4e2f12b5a5abcd4352aa86c\"},\"headline\":\"POUR UN SALAIRE \u00c9TUDIANT MOBILISONS NOUS LE 17 MARS\",\"datePublished\":\"2022-03-09T16:25:45+00:00\",\"dateModified\":\"2022-03-09T16:25:46+00:00\",\"mainEntityOfPage\":{\"@id\":\"https:\\\/\\\/solidaires-etudiant-e-s.org\\\/site\\\/2022\\\/03\\\/09\\\/pour-un-salaire-etudiant-mobilisons-nous-le-17-mars\\\/\"},\"wordCount\":653,\"commentCount\":0,\"publisher\":{\"@id\":\"https:\\\/\\\/solidaires-etudiant-e-s.org\\\/site\\\/#organization\"},\"image\":{\"@id\":\"https:\\\/\\\/solidaires-etudiant-e-s.org\\\/site\\\/2022\\\/03\\\/09\\\/pour-un-salaire-etudiant-mobilisons-nous-le-17-mars\\\/#primaryimage\"},\"thumbnailUrl\":\"https:\\\/\\\/solidaires-etudiant.org\\\/site\\\/wp-content\\\/uploads\\\/2022\\\/03\\\/3-1024x512.png\",\"keywords\":[\"communiqu\u00e9s\",\"enseignement sup\u00e9rieur\",\"esr\",\"gr\u00e8ve\",\"manifestation\"],\"articleSection\":[\"INTERPRO\"],\"inLanguage\":\"fr-FR\",\"potentialAction\":[{\"@type\":\"CommentAction\",\"name\":\"Comment\",\"target\":[\"https:\\\/\\\/solidaires-etudiant-e-s.org\\\/site\\\/2022\\\/03\\\/09\\\/pour-un-salaire-etudiant-mobilisons-nous-le-17-mars\\\/#respond\"]}]},{\"@type\":\"WebPage\",\"@id\":\"https:\\\/\\\/solidaires-etudiant-e-s.org\\\/site\\\/2022\\\/03\\\/09\\\/pour-un-salaire-etudiant-mobilisons-nous-le-17-mars\\\/\",\"url\":\"https:\\\/\\\/solidaires-etudiant-e-s.org\\\/site\\\/2022\\\/03\\\/09\\\/pour-un-salaire-etudiant-mobilisons-nous-le-17-mars\\\/\",\"name\":\"POUR UN SALAIRE \u00c9TUDIANT MOBILISONS NOUS LE 17 MARS - Solidaires \u00e9tudiant-e-s\",\"isPartOf\":{\"@id\":\"https:\\\/\\\/solidaires-etudiant-e-s.org\\\/site\\\/#website\"},\"primaryImageOfPage\":{\"@id\":\"https:\\\/\\\/solidaires-etudiant-e-s.org\\\/site\\\/2022\\\/03\\\/09\\\/pour-un-salaire-etudiant-mobilisons-nous-le-17-mars\\\/#primaryimage\"},\"image\":{\"@id\":\"https:\\\/\\\/solidaires-etudiant-e-s.org\\\/site\\\/2022\\\/03\\\/09\\\/pour-un-salaire-etudiant-mobilisons-nous-le-17-mars\\\/#primaryimage\"},\"thumbnailUrl\":\"https:\\\/\\\/solidaires-etudiant.org\\\/site\\\/wp-content\\\/uploads\\\/2022\\\/03\\\/3-1024x512.png\",\"datePublished\":\"2022-03-09T16:25:45+00:00\",\"dateModified\":\"2022-03-09T16:25:46+00:00\",\"breadcrumb\":{\"@id\":\"https:\\\/\\\/solidaires-etudiant-e-s.org\\\/site\\\/2022\\\/03\\\/09\\\/pour-un-salaire-etudiant-mobilisons-nous-le-17-mars\\\/#breadcrumb\"},\"inLanguage\":\"fr-FR\",\"potentialAction\":[{\"@type\":\"ReadAction\",\"target\":[\"https:\\\/\\\/solidaires-etudiant-e-s.org\\\/site\\\/2022\\\/03\\\/09\\\/pour-un-salaire-etudiant-mobilisons-nous-le-17-mars\\\/\"]}]},{\"@type\":\"ImageObject\",\"inLanguage\":\"fr-FR\",\"@id\":\"https:\\\/\\\/solidaires-etudiant-e-s.org\\\/site\\\/2022\\\/03\\\/09\\\/pour-un-salaire-etudiant-mobilisons-nous-le-17-mars\\\/#primaryimage\",\"url\":\"https:\\\/\\\/solidaires-etudiant.org\\\/site\\\/wp-content\\\/uploads\\\/2022\\\/03\\\/3-1024x512.png\",\"contentUrl\":\"https:\\\/\\\/solidaires-etudiant.org\\\/site\\\/wp-content\\\/uploads\\\/2022\\\/03\\\/3-1024x512.png\"},{\"@type\":\"BreadcrumbList\",\"@id\":\"https:\\\/\\\/solidaires-etudiant-e-s.org\\\/site\\\/2022\\\/03\\\/09\\\/pour-un-salaire-etudiant-mobilisons-nous-le-17-mars\\\/#breadcrumb\",\"itemListElement\":[{\"@type\":\"ListItem\",\"position\":1,\"name\":\"Accueil\",\"item\":\"https:\\\/\\\/solidaires-etudiant-e-s.org\\\/site\\\/\"},{\"@type\":\"ListItem\",\"position\":2,\"name\":\"POUR UN SALAIRE \u00c9TUDIANT MOBILISONS NOUS LE 17 MARS\"}]},{\"@type\":\"WebSite\",\"@id\":\"https:\\\/\\\/solidaires-etudiant-e-s.org\\\/site\\\/#website\",\"url\":\"https:\\\/\\\/solidaires-etudiant-e-s.org\\\/site\\\/\",\"name\":\"Solidaires \u00e9tudiant-e-s\",\"description\":\"Syndicats pour un enseignement sup\u00e9rieur gratuit, ouvert, et \u00e9mancipateur !\",\"publisher\":{\"@id\":\"https:\\\/\\\/solidaires-etudiant-e-s.org\\\/site\\\/#organization\"},\"potentialAction\":[{\"@type\":\"SearchAction\",\"target\":{\"@type\":\"EntryPoint\",\"urlTemplate\":\"https:\\\/\\\/solidaires-etudiant-e-s.org\\\/site\\\/?s={search_term_string}\"},\"query-input\":{\"@type\":\"PropertyValueSpecification\",\"valueRequired\":true,\"valueName\":\"search_term_string\"}}],\"inLanguage\":\"fr-FR\"},{\"@type\":\"Organization\",\"@id\":\"https:\\\/\\\/solidaires-etudiant-e-s.org\\\/site\\\/#organization\",\"name\":\"Solidaires \u00e9tudiant-e-s\",\"url\":\"https:\\\/\\\/solidaires-etudiant-e-s.org\\\/site\\\/\",\"logo\":{\"@type\":\"ImageObject\",\"inLanguage\":\"fr-FR\",\"@id\":\"https:\\\/\\\/solidaires-etudiant-e-s.org\\\/site\\\/#\\\/schema\\\/logo\\\/image\\\/\",\"url\":\"https:\\\/\\\/solidaires-etudiant-e-s.org\\\/site\\\/wp-content\\\/uploads\\\/2025\\\/12\\\/13-1.png\",\"contentUrl\":\"https:\\\/\\\/solidaires-etudiant-e-s.org\\\/site\\\/wp-content\\\/uploads\\\/2025\\\/12\\\/13-1.png\",\"width\":1181,\"height\":827,\"caption\":\"Solidaires \u00e9tudiant-e-s\"},\"image\":{\"@id\":\"https:\\\/\\\/solidaires-etudiant-e-s.org\\\/site\\\/#\\\/schema\\\/logo\\\/image\\\/\"},\"sameAs\":[\"https:\\\/\\\/www.facebook.com\\\/solidairesetudiantes\",\"https:\\\/\\\/x.com\\\/SolidairesEtu\",\"https:\\\/\\\/www.instagram.com\\\/solidairesetu\\\/\",\"https:\\\/\\\/bsky.app\\\/profile\\\/solidaires-etudiant-e-s.org\",\"https:\\\/\\\/mastodon.social\\\/@solidairesetu\",\"https:\\\/\\\/www.youtube.com\\\/channel\\\/UC_iZN9gmVAAnXbBM7wAWOag\"]},{\"@type\":\"Person\",\"@id\":\"https:\\\/\\\/solidaires-etudiant-e-s.org\\\/site\\\/#\\\/schema\\\/person\\\/0efb3e0ff4e2f12b5a5abcd4352aa86c\",\"name\":\"Solidaires \u00e9tudiant-e-s\",\"image\":{\"@type\":\"ImageObject\",\"inLanguage\":\"fr-FR\",\"@id\":\"https:\\\/\\\/solidaires-etudiant-e-s.org\\\/site\\\/wp-content\\\/uploads\\\/2020\\\/01\\\/logo-SESL-rond-512-96x96.png\",\"url\":\"https:\\\/\\\/solidaires-etudiant-e-s.org\\\/site\\\/wp-content\\\/uploads\\\/2020\\\/01\\\/logo-SESL-rond-512-96x96.png\",\"contentUrl\":\"https:\\\/\\\/solidaires-etudiant-e-s.org\\\/site\\\/wp-content\\\/uploads\\\/2020\\\/01\\\/logo-SESL-rond-512-96x96.png\",\"caption\":\"Solidaires \u00e9tudiant-e-s\"},\"sameAs\":[\"https:\\\/\\\/solidaires-etudiant.org\\\/site\",\"https:\\\/\\\/www.facebook.com\\\/solidairesetudiantes\",\"https:\\\/\\\/www.instagram.com\\\/solidairesetu\",\"https:\\\/\\\/x.com\\\/SolidairesEtu\",\"https:\\\/\\\/fr.wikipedia.org\\\/wiki\\\/Solidaires_tudiant-e-s\"]}]}<\/script>\n<!-- \/ Yoast SEO plugin. -->","yoast_head_json":{"title":"POUR UN SALAIRE \u00c9TUDIANT MOBILISONS NOUS LE 17 MARS - Solidaires \u00e9tudiant-e-s","robots":{"index":"index","follow":"follow","max-snippet":"max-snippet:-1","max-image-preview":"max-image-preview:large","max-video-preview":"max-video-preview:-1"},"canonical":"https:\/\/solidaires-etudiant-e-s.org\/site\/2022\/03\/09\/pour-un-salaire-etudiant-mobilisons-nous-le-17-mars\/","og_locale":"fr_FR","og_type":"article","og_title":"POUR UN SALAIRE \u00c9TUDIANT MOBILISONS NOUS LE 17 MARS - Solidaires \u00e9tudiant-e-s","og_description":"Une situation catastrophique Nous arrivons au terme d&rsquo;un mandat pr\u00e9sidentiel catastrophique pour [&hellip;]","og_url":"https:\/\/solidaires-etudiant-e-s.org\/site\/2022\/03\/09\/pour-un-salaire-etudiant-mobilisons-nous-le-17-mars\/","og_site_name":"Solidaires \u00e9tudiant-e-s","article_publisher":"https:\/\/www.facebook.com\/solidairesetudiantes","article_author":"https:\/\/www.facebook.com\/solidairesetudiantes","article_published_time":"2022-03-09T16:25:45+00:00","article_modified_time":"2022-03-09T16:25:46+00:00","og_image":[{"url":"https:\/\/solidaires-etudiant.org\/site\/wp-content\/uploads\/2022\/03\/3-1024x512.png","type":"","width":"","height":""}],"author":"Solidaires \u00e9tudiant-e-s","twitter_card":"summary_large_image","twitter_creator":"@SolidairesEtu","twitter_site":"@SolidairesEtu","twitter_misc":{"\u00c9crit par":"Solidaires \u00e9tudiant-e-s","Dur\u00e9e de lecture estim\u00e9e":"4 minutes"},"schema":{"@context":"https:\/\/schema.org","@graph":[{"@type":"Article","@id":"https:\/\/solidaires-etudiant-e-s.org\/site\/2022\/03\/09\/pour-un-salaire-etudiant-mobilisons-nous-le-17-mars\/#article","isPartOf":{"@id":"https:\/\/solidaires-etudiant-e-s.org\/site\/2022\/03\/09\/pour-un-salaire-etudiant-mobilisons-nous-le-17-mars\/"},"author":{"name":"Solidaires \u00e9tudiant-e-s","@id":"https:\/\/solidaires-etudiant-e-s.org\/site\/#\/schema\/person\/0efb3e0ff4e2f12b5a5abcd4352aa86c"},"headline":"POUR UN SALAIRE \u00c9TUDIANT MOBILISONS NOUS LE 17 MARS","datePublished":"2022-03-09T16:25:45+00:00","dateModified":"2022-03-09T16:25:46+00:00","mainEntityOfPage":{"@id":"https:\/\/solidaires-etudiant-e-s.org\/site\/2022\/03\/09\/pour-un-salaire-etudiant-mobilisons-nous-le-17-mars\/"},"wordCount":653,"commentCount":0,"publisher":{"@id":"https:\/\/solidaires-etudiant-e-s.org\/site\/#organization"},"image":{"@id":"https:\/\/solidaires-etudiant-e-s.org\/site\/2022\/03\/09\/pour-un-salaire-etudiant-mobilisons-nous-le-17-mars\/#primaryimage"},"thumbnailUrl":"https:\/\/solidaires-etudiant.org\/site\/wp-content\/uploads\/2022\/03\/3-1024x512.png","keywords":["communiqu\u00e9s","enseignement sup\u00e9rieur","esr","gr\u00e8ve","manifestation"],"articleSection":["INTERPRO"],"inLanguage":"fr-FR","potentialAction":[{"@type":"CommentAction","name":"Comment","target":["https:\/\/solidaires-etudiant-e-s.org\/site\/2022\/03\/09\/pour-un-salaire-etudiant-mobilisons-nous-le-17-mars\/#respond"]}]},{"@type":"WebPage","@id":"https:\/\/solidaires-etudiant-e-s.org\/site\/2022\/03\/09\/pour-un-salaire-etudiant-mobilisons-nous-le-17-mars\/","url":"https:\/\/solidaires-etudiant-e-s.org\/site\/2022\/03\/09\/pour-un-salaire-etudiant-mobilisons-nous-le-17-mars\/","name":"POUR UN SALAIRE \u00c9TUDIANT MOBILISONS NOUS LE 17 MARS - Solidaires \u00e9tudiant-e-s","isPartOf":{"@id":"https:\/\/solidaires-etudiant-e-s.org\/site\/#website"},"primaryImageOfPage":{"@id":"https:\/\/solidaires-etudiant-e-s.org\/site\/2022\/03\/09\/pour-un-salaire-etudiant-mobilisons-nous-le-17-mars\/#primaryimage"},"image":{"@id":"https:\/\/solidaires-etudiant-e-s.org\/site\/2022\/03\/09\/pour-un-salaire-etudiant-mobilisons-nous-le-17-mars\/#primaryimage"},"thumbnailUrl":"https:\/\/solidaires-etudiant.org\/site\/wp-content\/uploads\/2022\/03\/3-1024x512.png","datePublished":"2022-03-09T16:25:45+00:00","dateModified":"2022-03-09T16:25:46+00:00","breadcrumb":{"@id":"https:\/\/solidaires-etudiant-e-s.org\/site\/2022\/03\/09\/pour-un-salaire-etudiant-mobilisons-nous-le-17-mars\/#breadcrumb"},"inLanguage":"fr-FR","potentialAction":[{"@type":"ReadAction","target":["https:\/\/solidaires-etudiant-e-s.org\/site\/2022\/03\/09\/pour-un-salaire-etudiant-mobilisons-nous-le-17-mars\/"]}]},{"@type":"ImageObject","inLanguage":"fr-FR","@id":"https:\/\/solidaires-etudiant-e-s.org\/site\/2022\/03\/09\/pour-un-salaire-etudiant-mobilisons-nous-le-17-mars\/#primaryimage","url":"https:\/\/solidaires-etudiant.org\/site\/wp-content\/uploads\/2022\/03\/3-1024x512.png","contentUrl":"https:\/\/solidaires-etudiant.org\/site\/wp-content\/uploads\/2022\/03\/3-1024x512.png"},{"@type":"BreadcrumbList","@id":"https:\/\/solidaires-etudiant-e-s.org\/site\/2022\/03\/09\/pour-un-salaire-etudiant-mobilisons-nous-le-17-mars\/#breadcrumb","itemListElement":[{"@type":"ListItem","position":1,"name":"Accueil","item":"https:\/\/solidaires-etudiant-e-s.org\/site\/"},{"@type":"ListItem","position":2,"name":"POUR UN SALAIRE \u00c9TUDIANT MOBILISONS NOUS LE 17 MARS"}]},{"@type":"WebSite","@id":"https:\/\/solidaires-etudiant-e-s.org\/site\/#website","url":"https:\/\/solidaires-etudiant-e-s.org\/site\/","name":"Solidaires \u00e9tudiant-e-s","description":"Syndicats pour un enseignement sup\u00e9rieur gratuit, ouvert, et \u00e9mancipateur !","publisher":{"@id":"https:\/\/solidaires-etudiant-e-s.org\/site\/#organization"},"potentialAction":[{"@type":"SearchAction","target":{"@type":"EntryPoint","urlTemplate":"https:\/\/solidaires-etudiant-e-s.org\/site\/?s={search_term_string}"},"query-input":{"@type":"PropertyValueSpecification","valueRequired":true,"valueName":"search_term_string"}}],"inLanguage":"fr-FR"},{"@type":"Organization","@id":"https:\/\/solidaires-etudiant-e-s.org\/site\/#organization","name":"Solidaires \u00e9tudiant-e-s","url":"https:\/\/solidaires-etudiant-e-s.org\/site\/","logo":{"@type":"ImageObject","inLanguage":"fr-FR","@id":"https:\/\/solidaires-etudiant-e-s.org\/site\/#\/schema\/logo\/image\/","url":"https:\/\/solidaires-etudiant-e-s.org\/site\/wp-content\/uploads\/2025\/12\/13-1.png","contentUrl":"https:\/\/solidaires-etudiant-e-s.org\/site\/wp-content\/uploads\/2025\/12\/13-1.png","width":1181,"height":827,"caption":"Solidaires \u00e9tudiant-e-s"},"image":{"@id":"https:\/\/solidaires-etudiant-e-s.org\/site\/#\/schema\/logo\/image\/"},"sameAs":["https:\/\/www.facebook.com\/solidairesetudiantes","https:\/\/x.com\/SolidairesEtu","https:\/\/www.instagram.com\/solidairesetu\/","https:\/\/bsky.app\/profile\/solidaires-etudiant-e-s.org","https:\/\/mastodon.social\/@solidairesetu","https:\/\/www.youtube.com\/channel\/UC_iZN9gmVAAnXbBM7wAWOag"]},{"@type":"Person","@id":"https:\/\/solidaires-etudiant-e-s.org\/site\/#\/schema\/person\/0efb3e0ff4e2f12b5a5abcd4352aa86c","name":"Solidaires \u00e9tudiant-e-s","image":{"@type":"ImageObject","inLanguage":"fr-FR","@id":"https:\/\/solidaires-etudiant-e-s.org\/site\/wp-content\/uploads\/2020\/01\/logo-SESL-rond-512-96x96.png","url":"https:\/\/solidaires-etudiant-e-s.org\/site\/wp-content\/uploads\/2020\/01\/logo-SESL-rond-512-96x96.png","contentUrl":"https:\/\/solidaires-etudiant-e-s.org\/site\/wp-content\/uploads\/2020\/01\/logo-SESL-rond-512-96x96.png","caption":"Solidaires \u00e9tudiant-e-s"},"sameAs":["https:\/\/solidaires-etudiant.org\/site","https:\/\/www.facebook.com\/solidairesetudiantes","https:\/\/www.instagram.com\/solidairesetu","https:\/\/x.com\/SolidairesEtu","https:\/\/fr.wikipedia.org\/wiki\/Solidaires_tudiant-e-s"]}]}},"_links":{"self":[{"href":"https:\/\/solidaires-etudiant-e-s.org\/site\/wp-json\/wp\/v2\/posts\/6396","targetHints":{"allow":["GET"]}}],"collection":[{"href":"https:\/\/solidaires-etudiant-e-s.org\/site\/wp-json\/wp\/v2\/posts"}],"about":[{"href":"https:\/\/solidaires-etudiant-e-s.org\/site\/wp-json\/wp\/v2\/types\/post"}],"author":[{"embeddable":true,"href":"https:\/\/solidaires-etudiant-e-s.org\/site\/wp-json\/wp\/v2\/users\/1"}],"replies":[{"embeddable":true,"href":"https:\/\/solidaires-etudiant-e-s.org\/site\/wp-json\/wp\/v2\/comments?post=6396"}],"version-history":[{"count":1,"href":"https:\/\/solidaires-etudiant-e-s.org\/site\/wp-json\/wp\/v2\/posts\/6396\/revisions"}],"predecessor-version":[{"id":6398,"href":"https:\/\/solidaires-etudiant-e-s.org\/site\/wp-json\/wp\/v2\/posts\/6396\/revisions\/6398"}],"wp:attachment":[{"href":"https:\/\/solidaires-etudiant-e-s.org\/site\/wp-json\/wp\/v2\/media?parent=6396"}],"wp:term":[{"taxonomy":"category","embeddable":true,"href":"https:\/\/solidaires-etudiant-e-s.org\/site\/wp-json\/wp\/v2\/categories?post=6396"},{"taxonomy":"post_tag","embeddable":true,"href":"https:\/\/solidaires-etudiant-e-s.org\/site\/wp-json\/wp\/v2\/tags?post=6396"}],"curies":[{"name":"wp","href":"https:\/\/api.w.org\/{rel}","templated":true}]}}