{"id":6383,"date":"2022-03-02T09:46:33","date_gmt":"2022-03-02T08:46:33","guid":{"rendered":"https:\/\/solidaires-etudiant.org\/site\/?p=6383"},"modified":"2024-12-28T07:08:23","modified_gmt":"2024-12-28T06:08:23","slug":"non-a-la-guerre-en-ukraine","status":"publish","type":"post","link":"https:\/\/solidaires-etudiant-e-s.org\/site\/2022\/03\/02\/non-a-la-guerre-en-ukraine\/","title":{"rendered":"NON \u00c0 LA GUERRE EN UKRAINE."},"content":{"rendered":"\n<h6 class=\"wp-block-heading\">RETRAIT DES TROUPES RUSSES ET SOLIDARIT\u00c9 AVEC LES PEUPLES VICTIMES DES POLITIQUES GUERRI\u00c8RES.<\/h6>\n\n\n\n<figure class=\"wp-block-image size-large\"><img loading=\"lazy\" decoding=\"async\" width=\"1024\" height=\"576\" src=\"https:\/\/solidaires-etudiant.org\/site\/wp-content\/uploads\/2022\/03\/stop-guerre-01-2-1024x576.jpg\" alt=\"\" class=\"wp-image-6384\" srcset=\"https:\/\/solidaires-etudiant-e-s.org\/site\/wp-content\/uploads\/2022\/03\/stop-guerre-01-2-1024x576.jpg 1024w, https:\/\/solidaires-etudiant-e-s.org\/site\/wp-content\/uploads\/2022\/03\/stop-guerre-01-2-300x169.jpg 300w, https:\/\/solidaires-etudiant-e-s.org\/site\/wp-content\/uploads\/2022\/03\/stop-guerre-01-2-768x432.jpg 768w, https:\/\/solidaires-etudiant-e-s.org\/site\/wp-content\/uploads\/2022\/03\/stop-guerre-01-2-900x506.jpg 900w, https:\/\/solidaires-etudiant-e-s.org\/site\/wp-content\/uploads\/2022\/03\/stop-guerre-01-2-500x281.jpg 500w, https:\/\/solidaires-etudiant-e-s.org\/site\/wp-content\/uploads\/2022\/03\/stop-guerre-01-2.jpg 1500w\" sizes=\"auto, (max-width: 1024px) 100vw, 1024px\" \/><\/figure>\n\n\n\n<p>Les organisations signataires d\u00e9noncent l&rsquo;agression contre l&rsquo;Ukraine d\u00e9cid\u00e9e et mise en \u0153uvre<br>par le gouvernement de la Russie. Il s&rsquo;agit d&rsquo;une guerre, en violation de la souverainet\u00e9 d&rsquo;un pays,<br>contre le principe du droit des peuples \u00e0 disposer d&rsquo;eux-m\u00eames.<\/p>\n\n\n\n<p>Alors que plusieurs centaines de victimes civiles sont d&rsquo;ores et d\u00e9j\u00e0 \u00e0 d\u00e9plorer, les organisations<br>signataires expriment leur soutien aux populations, et en particulier \u00e0 tous les personnels de<br>l\u2019enseignement sup\u00e9rieur et de la recherche et \u00e0 leurs syndicats, ainsi qu\u2019aux \u00e9tudiant-es. Elles<br>expriment leur soutien \u00e0 celles et ceux qui en Ukraine et Russie s&rsquo;opposent \u00e0 la guerre men\u00e9e. Nous tenons, ainsi \u00e0 apporter tout notre soutien aux manifestations pacifistes en Russie et appelons \u00e0 soutenir et relayer au nom de la solidarit\u00e9 internationale le mouvement anti-guerre russe, source d&rsquo;espoir et de paix.<\/p>\n\n\n\n<p>Elles appellent \u00e0 l&rsquo;arr\u00eat imm\u00e9diat de cette agression, au retrait des troupes russes du territoire<br>ukrainien. Elles appellent \u00e0 la solidarit\u00e9 internationale pour la paix imm\u00e9diate ainsi qu\u2019\u00e0 la<br>mobilisation la plus large pour \u00e9viter toute nouvelle escalade militaire et trouver la voie du<br>dialogue. Elles appellent notamment \u00e0 participer aux marches pour la paix les mercredi 2 mars et<br>samedi 5 mars.<\/p>\n\n\n\n<p class=\"has-text-align-right\">le 1er mars 2022<\/p>\n\n\n\n<p>Signataires : SNESUP-FSU, SNASUB-FSU, SNCS-FSU, SNEP-FSU, SNETAP-FSU, FO ESR,<br>FERC Sup CGT, SNTRS CGT, CGT INRAE, SUD-\u00c9ducation, SUD-Recherche EPST,<br><strong>SOLIDAIRES \u00c9tudiant-e-s<\/strong>, SGEN-CFDT, SGEN-CFDT INRAE, SGEN-CFDT Recherche EPST,<br>CJC, L&rsquo;alternative, FAGE, UNEF, A&amp;I UNSA, ITRF BIO-UNSA, SNPTES-UNSA,<br>Sup&rsquo;Recherche-UNSA<\/p>\n","protected":false},"excerpt":{"rendered":"<p>RETRAIT DES TROUPES RUSSES ET SOLIDARIT\u00c9 AVEC LES PEUPLES VICTIMES DES POLITIQUES [&hellip;]<\/p>\n","protected":false},"author":1,"featured_media":0,"comment_status":"open","ping_status":"open","sticky":false,"template":"","format":"standard","meta":{"cybocfi_hide_featured_image":"","footnotes":""},"categories":[10,18],"tags":[308,467],"class_list":["post-6383","post","type-post","status-publish","format-standard","hentry","category-communiques","category-esr","tag-communiques-2","tag-enseignement-superieur","col-md-4 col-sm-4"],"featured_image_src":null,"author_info":{"display_name":"Solidaires \u00e9tudiant-e-s","author_link":false},"yoast_head":"<!-- This site is optimized with the Yoast SEO plugin v27.4 - https:\/\/yoast.com\/product\/yoast-seo-wordpress\/ -->\n<title>NON \u00c0 LA GUERRE EN UKRAINE. - Solidaires \u00e9tudiant-e-s<\/title>\n<meta name=\"robots\" content=\"index, follow, max-snippet:-1, max-image-preview:large, max-video-preview:-1\" \/>\n<link rel=\"canonical\" href=\"https:\/\/solidaires-etudiant-e-s.org\/site\/2022\/03\/02\/non-a-la-guerre-en-ukraine\/\" \/>\n<meta property=\"og:locale\" content=\"fr_FR\" \/>\n<meta property=\"og:type\" content=\"article\" \/>\n<meta property=\"og:title\" content=\"NON \u00c0 LA GUERRE EN UKRAINE. - Solidaires \u00e9tudiant-e-s\" \/>\n<meta property=\"og:description\" content=\"RETRAIT DES TROUPES RUSSES ET SOLIDARIT\u00c9 AVEC LES PEUPLES VICTIMES DES POLITIQUES [&hellip;]\" \/>\n<meta property=\"og:url\" content=\"https:\/\/solidaires-etudiant-e-s.org\/site\/2022\/03\/02\/non-a-la-guerre-en-ukraine\/\" \/>\n<meta property=\"og:site_name\" content=\"Solidaires \u00e9tudiant-e-s\" \/>\n<meta property=\"article:publisher\" content=\"https:\/\/www.facebook.com\/solidairesetudiantes\" \/>\n<meta property=\"article:author\" content=\"https:\/\/www.facebook.com\/solidairesetudiantes\" \/>\n<meta property=\"article:published_time\" content=\"2022-03-02T08:46:33+00:00\" \/>\n<meta property=\"article:modified_time\" content=\"2024-12-28T06:08:23+00:00\" \/>\n<meta property=\"og:image\" content=\"https:\/\/solidaires-etudiant-e-s.org\/site\/wp-content\/uploads\/2022\/03\/stop-guerre-01-2.jpg\" \/>\n\t<meta property=\"og:image:width\" content=\"1500\" \/>\n\t<meta property=\"og:image:height\" content=\"844\" \/>\n\t<meta property=\"og:image:type\" content=\"image\/jpeg\" \/>\n<meta name=\"author\" content=\"Solidaires \u00e9tudiant-e-s\" \/>\n<meta name=\"twitter:card\" content=\"summary_large_image\" \/>\n<meta name=\"twitter:creator\" content=\"@SolidairesEtu\" \/>\n<meta name=\"twitter:site\" content=\"@SolidairesEtu\" \/>\n<meta name=\"twitter:label1\" content=\"\u00c9crit par\" \/>\n\t<meta name=\"twitter:data1\" content=\"Solidaires \u00e9tudiant-e-s\" \/>\n\t<meta name=\"twitter:label2\" content=\"Dur\u00e9e de lecture estim\u00e9e\" \/>\n\t<meta name=\"twitter:data2\" content=\"2 minutes\" \/>\n<script type=\"application\/ld+json\" class=\"yoast-schema-graph\">{\"@context\":\"https:\\\/\\\/schema.org\",\"@graph\":[{\"@type\":\"Article\",\"@id\":\"https:\\\/\\\/solidaires-etudiant-e-s.org\\\/site\\\/2022\\\/03\\\/02\\\/non-a-la-guerre-en-ukraine\\\/#article\",\"isPartOf\":{\"@id\":\"https:\\\/\\\/solidaires-etudiant-e-s.org\\\/site\\\/2022\\\/03\\\/02\\\/non-a-la-guerre-en-ukraine\\\/\"},\"author\":{\"name\":\"Solidaires \u00e9tudiant-e-s\",\"@id\":\"https:\\\/\\\/solidaires-etudiant-e-s.org\\\/site\\\/#\\\/schema\\\/person\\\/0efb3e0ff4e2f12b5a5abcd4352aa86c\"},\"headline\":\"NON \u00c0 LA GUERRE EN UKRAINE.\",\"datePublished\":\"2022-03-02T08:46:33+00:00\",\"dateModified\":\"2024-12-28T06:08:23+00:00\",\"mainEntityOfPage\":{\"@id\":\"https:\\\/\\\/solidaires-etudiant-e-s.org\\\/site\\\/2022\\\/03\\\/02\\\/non-a-la-guerre-en-ukraine\\\/\"},\"wordCount\":261,\"commentCount\":0,\"publisher\":{\"@id\":\"https:\\\/\\\/solidaires-etudiant-e-s.org\\\/site\\\/#organization\"},\"image\":{\"@id\":\"https:\\\/\\\/solidaires-etudiant-e-s.org\\\/site\\\/2022\\\/03\\\/02\\\/non-a-la-guerre-en-ukraine\\\/#primaryimage\"},\"thumbnailUrl\":\"https:\\\/\\\/solidaires-etudiant.org\\\/site\\\/wp-content\\\/uploads\\\/2022\\\/03\\\/stop-guerre-01-2-1024x576.jpg\",\"keywords\":[\"communiqu\u00e9s\",\"enseignement sup\u00e9rieur\"],\"articleSection\":[\"COMMUNIQUES NATIONAUX\",\"ENSEIGNEMENT SUPERIEUR\"],\"inLanguage\":\"fr-FR\",\"potentialAction\":[{\"@type\":\"CommentAction\",\"name\":\"Comment\",\"target\":[\"https:\\\/\\\/solidaires-etudiant-e-s.org\\\/site\\\/2022\\\/03\\\/02\\\/non-a-la-guerre-en-ukraine\\\/#respond\"]}]},{\"@type\":\"WebPage\",\"@id\":\"https:\\\/\\\/solidaires-etudiant-e-s.org\\\/site\\\/2022\\\/03\\\/02\\\/non-a-la-guerre-en-ukraine\\\/\",\"url\":\"https:\\\/\\\/solidaires-etudiant-e-s.org\\\/site\\\/2022\\\/03\\\/02\\\/non-a-la-guerre-en-ukraine\\\/\",\"name\":\"NON \u00c0 LA GUERRE EN UKRAINE. - Solidaires \u00e9tudiant-e-s\",\"isPartOf\":{\"@id\":\"https:\\\/\\\/solidaires-etudiant-e-s.org\\\/site\\\/#website\"},\"primaryImageOfPage\":{\"@id\":\"https:\\\/\\\/solidaires-etudiant-e-s.org\\\/site\\\/2022\\\/03\\\/02\\\/non-a-la-guerre-en-ukraine\\\/#primaryimage\"},\"image\":{\"@id\":\"https:\\\/\\\/solidaires-etudiant-e-s.org\\\/site\\\/2022\\\/03\\\/02\\\/non-a-la-guerre-en-ukraine\\\/#primaryimage\"},\"thumbnailUrl\":\"https:\\\/\\\/solidaires-etudiant.org\\\/site\\\/wp-content\\\/uploads\\\/2022\\\/03\\\/stop-guerre-01-2-1024x576.jpg\",\"datePublished\":\"2022-03-02T08:46:33+00:00\",\"dateModified\":\"2024-12-28T06:08:23+00:00\",\"breadcrumb\":{\"@id\":\"https:\\\/\\\/solidaires-etudiant-e-s.org\\\/site\\\/2022\\\/03\\\/02\\\/non-a-la-guerre-en-ukraine\\\/#breadcrumb\"},\"inLanguage\":\"fr-FR\",\"potentialAction\":[{\"@type\":\"ReadAction\",\"target\":[\"https:\\\/\\\/solidaires-etudiant-e-s.org\\\/site\\\/2022\\\/03\\\/02\\\/non-a-la-guerre-en-ukraine\\\/\"]}]},{\"@type\":\"ImageObject\",\"inLanguage\":\"fr-FR\",\"@id\":\"https:\\\/\\\/solidaires-etudiant-e-s.org\\\/site\\\/2022\\\/03\\\/02\\\/non-a-la-guerre-en-ukraine\\\/#primaryimage\",\"url\":\"https:\\\/\\\/solidaires-etudiant.org\\\/site\\\/wp-content\\\/uploads\\\/2022\\\/03\\\/stop-guerre-01-2-1024x576.jpg\",\"contentUrl\":\"https:\\\/\\\/solidaires-etudiant.org\\\/site\\\/wp-content\\\/uploads\\\/2022\\\/03\\\/stop-guerre-01-2-1024x576.jpg\"},{\"@type\":\"BreadcrumbList\",\"@id\":\"https:\\\/\\\/solidaires-etudiant-e-s.org\\\/site\\\/2022\\\/03\\\/02\\\/non-a-la-guerre-en-ukraine\\\/#breadcrumb\",\"itemListElement\":[{\"@type\":\"ListItem\",\"position\":1,\"name\":\"Accueil\",\"item\":\"https:\\\/\\\/solidaires-etudiant-e-s.org\\\/site\\\/\"},{\"@type\":\"ListItem\",\"position\":2,\"name\":\"NON \u00c0 LA GUERRE EN UKRAINE.\"}]},{\"@type\":\"WebSite\",\"@id\":\"https:\\\/\\\/solidaires-etudiant-e-s.org\\\/site\\\/#website\",\"url\":\"https:\\\/\\\/solidaires-etudiant-e-s.org\\\/site\\\/\",\"name\":\"Solidaires \u00e9tudiant-e-s\",\"description\":\"Syndicats pour un enseignement sup\u00e9rieur gratuit, ouvert, et \u00e9mancipateur !\",\"publisher\":{\"@id\":\"https:\\\/\\\/solidaires-etudiant-e-s.org\\\/site\\\/#organization\"},\"potentialAction\":[{\"@type\":\"SearchAction\",\"target\":{\"@type\":\"EntryPoint\",\"urlTemplate\":\"https:\\\/\\\/solidaires-etudiant-e-s.org\\\/site\\\/?s={search_term_string}\"},\"query-input\":{\"@type\":\"PropertyValueSpecification\",\"valueRequired\":true,\"valueName\":\"search_term_string\"}}],\"inLanguage\":\"fr-FR\"},{\"@type\":\"Organization\",\"@id\":\"https:\\\/\\\/solidaires-etudiant-e-s.org\\\/site\\\/#organization\",\"name\":\"Solidaires \u00e9tudiant-e-s\",\"url\":\"https:\\\/\\\/solidaires-etudiant-e-s.org\\\/site\\\/\",\"logo\":{\"@type\":\"ImageObject\",\"inLanguage\":\"fr-FR\",\"@id\":\"https:\\\/\\\/solidaires-etudiant-e-s.org\\\/site\\\/#\\\/schema\\\/logo\\\/image\\\/\",\"url\":\"https:\\\/\\\/solidaires-etudiant-e-s.org\\\/site\\\/wp-content\\\/uploads\\\/2025\\\/12\\\/13-1.png\",\"contentUrl\":\"https:\\\/\\\/solidaires-etudiant-e-s.org\\\/site\\\/wp-content\\\/uploads\\\/2025\\\/12\\\/13-1.png\",\"width\":1181,\"height\":827,\"caption\":\"Solidaires \u00e9tudiant-e-s\"},\"image\":{\"@id\":\"https:\\\/\\\/solidaires-etudiant-e-s.org\\\/site\\\/#\\\/schema\\\/logo\\\/image\\\/\"},\"sameAs\":[\"https:\\\/\\\/www.facebook.com\\\/solidairesetudiantes\",\"https:\\\/\\\/x.com\\\/SolidairesEtu\",\"https:\\\/\\\/www.instagram.com\\\/solidairesetu\\\/\",\"https:\\\/\\\/bsky.app\\\/profile\\\/solidaires-etudiant-e-s.org\",\"https:\\\/\\\/mastodon.social\\\/@solidairesetu\",\"https:\\\/\\\/www.youtube.com\\\/channel\\\/UC_iZN9gmVAAnXbBM7wAWOag\"]},{\"@type\":\"Person\",\"@id\":\"https:\\\/\\\/solidaires-etudiant-e-s.org\\\/site\\\/#\\\/schema\\\/person\\\/0efb3e0ff4e2f12b5a5abcd4352aa86c\",\"name\":\"Solidaires \u00e9tudiant-e-s\",\"image\":{\"@type\":\"ImageObject\",\"inLanguage\":\"fr-FR\",\"@id\":\"https:\\\/\\\/solidaires-etudiant-e-s.org\\\/site\\\/wp-content\\\/uploads\\\/2020\\\/01\\\/logo-SESL-rond-512-96x96.png\",\"url\":\"https:\\\/\\\/solidaires-etudiant-e-s.org\\\/site\\\/wp-content\\\/uploads\\\/2020\\\/01\\\/logo-SESL-rond-512-96x96.png\",\"contentUrl\":\"https:\\\/\\\/solidaires-etudiant-e-s.org\\\/site\\\/wp-content\\\/uploads\\\/2020\\\/01\\\/logo-SESL-rond-512-96x96.png\",\"caption\":\"Solidaires \u00e9tudiant-e-s\"},\"sameAs\":[\"https:\\\/\\\/solidaires-etudiant.org\\\/site\",\"https:\\\/\\\/www.facebook.com\\\/solidairesetudiantes\",\"https:\\\/\\\/www.instagram.com\\\/solidairesetu\",\"https:\\\/\\\/x.com\\\/SolidairesEtu\",\"https:\\\/\\\/fr.wikipedia.org\\\/wiki\\\/Solidaires_tudiant-e-s\"]}]}<\/script>\n<!-- \/ Yoast SEO plugin. -->","yoast_head_json":{"title":"NON \u00c0 LA GUERRE EN UKRAINE. - Solidaires \u00e9tudiant-e-s","robots":{"index":"index","follow":"follow","max-snippet":"max-snippet:-1","max-image-preview":"max-image-preview:large","max-video-preview":"max-video-preview:-1"},"canonical":"https:\/\/solidaires-etudiant-e-s.org\/site\/2022\/03\/02\/non-a-la-guerre-en-ukraine\/","og_locale":"fr_FR","og_type":"article","og_title":"NON \u00c0 LA GUERRE EN UKRAINE. - Solidaires \u00e9tudiant-e-s","og_description":"RETRAIT DES TROUPES RUSSES ET SOLIDARIT\u00c9 AVEC LES PEUPLES VICTIMES DES POLITIQUES [&hellip;]","og_url":"https:\/\/solidaires-etudiant-e-s.org\/site\/2022\/03\/02\/non-a-la-guerre-en-ukraine\/","og_site_name":"Solidaires \u00e9tudiant-e-s","article_publisher":"https:\/\/www.facebook.com\/solidairesetudiantes","article_author":"https:\/\/www.facebook.com\/solidairesetudiantes","article_published_time":"2022-03-02T08:46:33+00:00","article_modified_time":"2024-12-28T06:08:23+00:00","og_image":[{"width":1500,"height":844,"url":"https:\/\/solidaires-etudiant-e-s.org\/site\/wp-content\/uploads\/2022\/03\/stop-guerre-01-2.jpg","type":"image\/jpeg"}],"author":"Solidaires \u00e9tudiant-e-s","twitter_card":"summary_large_image","twitter_creator":"@SolidairesEtu","twitter_site":"@SolidairesEtu","twitter_misc":{"\u00c9crit par":"Solidaires \u00e9tudiant-e-s","Dur\u00e9e de lecture estim\u00e9e":"2 minutes"},"schema":{"@context":"https:\/\/schema.org","@graph":[{"@type":"Article","@id":"https:\/\/solidaires-etudiant-e-s.org\/site\/2022\/03\/02\/non-a-la-guerre-en-ukraine\/#article","isPartOf":{"@id":"https:\/\/solidaires-etudiant-e-s.org\/site\/2022\/03\/02\/non-a-la-guerre-en-ukraine\/"},"author":{"name":"Solidaires \u00e9tudiant-e-s","@id":"https:\/\/solidaires-etudiant-e-s.org\/site\/#\/schema\/person\/0efb3e0ff4e2f12b5a5abcd4352aa86c"},"headline":"NON \u00c0 LA GUERRE EN UKRAINE.","datePublished":"2022-03-02T08:46:33+00:00","dateModified":"2024-12-28T06:08:23+00:00","mainEntityOfPage":{"@id":"https:\/\/solidaires-etudiant-e-s.org\/site\/2022\/03\/02\/non-a-la-guerre-en-ukraine\/"},"wordCount":261,"commentCount":0,"publisher":{"@id":"https:\/\/solidaires-etudiant-e-s.org\/site\/#organization"},"image":{"@id":"https:\/\/solidaires-etudiant-e-s.org\/site\/2022\/03\/02\/non-a-la-guerre-en-ukraine\/#primaryimage"},"thumbnailUrl":"https:\/\/solidaires-etudiant.org\/site\/wp-content\/uploads\/2022\/03\/stop-guerre-01-2-1024x576.jpg","keywords":["communiqu\u00e9s","enseignement sup\u00e9rieur"],"articleSection":["COMMUNIQUES NATIONAUX","ENSEIGNEMENT SUPERIEUR"],"inLanguage":"fr-FR","potentialAction":[{"@type":"CommentAction","name":"Comment","target":["https:\/\/solidaires-etudiant-e-s.org\/site\/2022\/03\/02\/non-a-la-guerre-en-ukraine\/#respond"]}]},{"@type":"WebPage","@id":"https:\/\/solidaires-etudiant-e-s.org\/site\/2022\/03\/02\/non-a-la-guerre-en-ukraine\/","url":"https:\/\/solidaires-etudiant-e-s.org\/site\/2022\/03\/02\/non-a-la-guerre-en-ukraine\/","name":"NON \u00c0 LA GUERRE EN UKRAINE. - Solidaires \u00e9tudiant-e-s","isPartOf":{"@id":"https:\/\/solidaires-etudiant-e-s.org\/site\/#website"},"primaryImageOfPage":{"@id":"https:\/\/solidaires-etudiant-e-s.org\/site\/2022\/03\/02\/non-a-la-guerre-en-ukraine\/#primaryimage"},"image":{"@id":"https:\/\/solidaires-etudiant-e-s.org\/site\/2022\/03\/02\/non-a-la-guerre-en-ukraine\/#primaryimage"},"thumbnailUrl":"https:\/\/solidaires-etudiant.org\/site\/wp-content\/uploads\/2022\/03\/stop-guerre-01-2-1024x576.jpg","datePublished":"2022-03-02T08:46:33+00:00","dateModified":"2024-12-28T06:08:23+00:00","breadcrumb":{"@id":"https:\/\/solidaires-etudiant-e-s.org\/site\/2022\/03\/02\/non-a-la-guerre-en-ukraine\/#breadcrumb"},"inLanguage":"fr-FR","potentialAction":[{"@type":"ReadAction","target":["https:\/\/solidaires-etudiant-e-s.org\/site\/2022\/03\/02\/non-a-la-guerre-en-ukraine\/"]}]},{"@type":"ImageObject","inLanguage":"fr-FR","@id":"https:\/\/solidaires-etudiant-e-s.org\/site\/2022\/03\/02\/non-a-la-guerre-en-ukraine\/#primaryimage","url":"https:\/\/solidaires-etudiant.org\/site\/wp-content\/uploads\/2022\/03\/stop-guerre-01-2-1024x576.jpg","contentUrl":"https:\/\/solidaires-etudiant.org\/site\/wp-content\/uploads\/2022\/03\/stop-guerre-01-2-1024x576.jpg"},{"@type":"BreadcrumbList","@id":"https:\/\/solidaires-etudiant-e-s.org\/site\/2022\/03\/02\/non-a-la-guerre-en-ukraine\/#breadcrumb","itemListElement":[{"@type":"ListItem","position":1,"name":"Accueil","item":"https:\/\/solidaires-etudiant-e-s.org\/site\/"},{"@type":"ListItem","position":2,"name":"NON \u00c0 LA GUERRE EN UKRAINE."}]},{"@type":"WebSite","@id":"https:\/\/solidaires-etudiant-e-s.org\/site\/#website","url":"https:\/\/solidaires-etudiant-e-s.org\/site\/","name":"Solidaires \u00e9tudiant-e-s","description":"Syndicats pour un enseignement sup\u00e9rieur gratuit, ouvert, et \u00e9mancipateur !","publisher":{"@id":"https:\/\/solidaires-etudiant-e-s.org\/site\/#organization"},"potentialAction":[{"@type":"SearchAction","target":{"@type":"EntryPoint","urlTemplate":"https:\/\/solidaires-etudiant-e-s.org\/site\/?s={search_term_string}"},"query-input":{"@type":"PropertyValueSpecification","valueRequired":true,"valueName":"search_term_string"}}],"inLanguage":"fr-FR"},{"@type":"Organization","@id":"https:\/\/solidaires-etudiant-e-s.org\/site\/#organization","name":"Solidaires \u00e9tudiant-e-s","url":"https:\/\/solidaires-etudiant-e-s.org\/site\/","logo":{"@type":"ImageObject","inLanguage":"fr-FR","@id":"https:\/\/solidaires-etudiant-e-s.org\/site\/#\/schema\/logo\/image\/","url":"https:\/\/solidaires-etudiant-e-s.org\/site\/wp-content\/uploads\/2025\/12\/13-1.png","contentUrl":"https:\/\/solidaires-etudiant-e-s.org\/site\/wp-content\/uploads\/2025\/12\/13-1.png","width":1181,"height":827,"caption":"Solidaires \u00e9tudiant-e-s"},"image":{"@id":"https:\/\/solidaires-etudiant-e-s.org\/site\/#\/schema\/logo\/image\/"},"sameAs":["https:\/\/www.facebook.com\/solidairesetudiantes","https:\/\/x.com\/SolidairesEtu","https:\/\/www.instagram.com\/solidairesetu\/","https:\/\/bsky.app\/profile\/solidaires-etudiant-e-s.org","https:\/\/mastodon.social\/@solidairesetu","https:\/\/www.youtube.com\/channel\/UC_iZN9gmVAAnXbBM7wAWOag"]},{"@type":"Person","@id":"https:\/\/solidaires-etudiant-e-s.org\/site\/#\/schema\/person\/0efb3e0ff4e2f12b5a5abcd4352aa86c","name":"Solidaires \u00e9tudiant-e-s","image":{"@type":"ImageObject","inLanguage":"fr-FR","@id":"https:\/\/solidaires-etudiant-e-s.org\/site\/wp-content\/uploads\/2020\/01\/logo-SESL-rond-512-96x96.png","url":"https:\/\/solidaires-etudiant-e-s.org\/site\/wp-content\/uploads\/2020\/01\/logo-SESL-rond-512-96x96.png","contentUrl":"https:\/\/solidaires-etudiant-e-s.org\/site\/wp-content\/uploads\/2020\/01\/logo-SESL-rond-512-96x96.png","caption":"Solidaires \u00e9tudiant-e-s"},"sameAs":["https:\/\/solidaires-etudiant.org\/site","https:\/\/www.facebook.com\/solidairesetudiantes","https:\/\/www.instagram.com\/solidairesetu","https:\/\/x.com\/SolidairesEtu","https:\/\/fr.wikipedia.org\/wiki\/Solidaires_tudiant-e-s"]}]}},"_links":{"self":[{"href":"https:\/\/solidaires-etudiant-e-s.org\/site\/wp-json\/wp\/v2\/posts\/6383","targetHints":{"allow":["GET"]}}],"collection":[{"href":"https:\/\/solidaires-etudiant-e-s.org\/site\/wp-json\/wp\/v2\/posts"}],"about":[{"href":"https:\/\/solidaires-etudiant-e-s.org\/site\/wp-json\/wp\/v2\/types\/post"}],"author":[{"embeddable":true,"href":"https:\/\/solidaires-etudiant-e-s.org\/site\/wp-json\/wp\/v2\/users\/1"}],"replies":[{"embeddable":true,"href":"https:\/\/solidaires-etudiant-e-s.org\/site\/wp-json\/wp\/v2\/comments?post=6383"}],"version-history":[{"count":1,"href":"https:\/\/solidaires-etudiant-e-s.org\/site\/wp-json\/wp\/v2\/posts\/6383\/revisions"}],"predecessor-version":[{"id":6385,"href":"https:\/\/solidaires-etudiant-e-s.org\/site\/wp-json\/wp\/v2\/posts\/6383\/revisions\/6385"}],"wp:attachment":[{"href":"https:\/\/solidaires-etudiant-e-s.org\/site\/wp-json\/wp\/v2\/media?parent=6383"}],"wp:term":[{"taxonomy":"category","embeddable":true,"href":"https:\/\/solidaires-etudiant-e-s.org\/site\/wp-json\/wp\/v2\/categories?post=6383"},{"taxonomy":"post_tag","embeddable":true,"href":"https:\/\/solidaires-etudiant-e-s.org\/site\/wp-json\/wp\/v2\/tags?post=6383"}],"curies":[{"name":"wp","href":"https:\/\/api.w.org\/{rel}","templated":true}]}}