{"id":6374,"date":"2022-02-26T18:26:58","date_gmt":"2022-02-26T17:26:58","guid":{"rendered":"https:\/\/solidaires-etudiant.org\/site\/?p=6374"},"modified":"2022-02-26T18:54:18","modified_gmt":"2022-02-26T17:54:18","slug":"agression-extreme-droite-distrib-alimentaire-aix","status":"publish","type":"post","link":"https:\/\/solidaires-etudiant-e-s.org\/site\/2022\/02\/26\/agression-extreme-droite-distrib-alimentaire-aix\/","title":{"rendered":"<strong>L\u2019extr\u00eame-droite agresse un \u00e9tudiant pendant une <\/strong><strong>distribution alimentaire \u00e0 l\u2019universit\u00e9 d\u2019Aix-Marseille<\/strong>"},"content":{"rendered":"\n<figure class=\"wp-block-image size-large\"><img loading=\"lazy\" decoding=\"async\" width=\"1024\" height=\"576\" src=\"https:\/\/solidaires-etudiant.org\/site\/wp-content\/uploads\/2022\/02\/Lextreme-droite-agresse-un-etudiant-1600-\u00d7-900-px-2-1024x576.png\" alt=\"\" class=\"wp-image-6380\" srcset=\"https:\/\/solidaires-etudiant-e-s.org\/site\/wp-content\/uploads\/2022\/02\/Lextreme-droite-agresse-un-etudiant-1600-\u00d7-900-px-2-1024x576.png 1024w, https:\/\/solidaires-etudiant-e-s.org\/site\/wp-content\/uploads\/2022\/02\/Lextreme-droite-agresse-un-etudiant-1600-\u00d7-900-px-2-300x169.png 300w, https:\/\/solidaires-etudiant-e-s.org\/site\/wp-content\/uploads\/2022\/02\/Lextreme-droite-agresse-un-etudiant-1600-\u00d7-900-px-2-768x432.png 768w, https:\/\/solidaires-etudiant-e-s.org\/site\/wp-content\/uploads\/2022\/02\/Lextreme-droite-agresse-un-etudiant-1600-\u00d7-900-px-2-1536x864.png 1536w, https:\/\/solidaires-etudiant-e-s.org\/site\/wp-content\/uploads\/2022\/02\/Lextreme-droite-agresse-un-etudiant-1600-\u00d7-900-px-2-900x506.png 900w, https:\/\/solidaires-etudiant-e-s.org\/site\/wp-content\/uploads\/2022\/02\/Lextreme-droite-agresse-un-etudiant-1600-\u00d7-900-px-2-500x281.png 500w, https:\/\/solidaires-etudiant-e-s.org\/site\/wp-content\/uploads\/2022\/02\/Lextreme-droite-agresse-un-etudiant-1600-\u00d7-900-px-2.png 1600w\" sizes=\"auto, (max-width: 1024px) 100vw, 1024px\" \/><\/figure>\n\n\n\n<p>Alors que la <strong>pr\u00e9carit\u00e9 \u00e9tudiante a atteint un niveau alarmant<\/strong>, que les actions de solidarit\u00e9 sont pour certain-e-s la derni\u00e8re possibilit\u00e9 de vivre et d\u2019\u00e9tudier dignement, les fascistes montrent leur <strong>vrai visage de m\u00e9pris social et de haine<\/strong>.&nbsp;<\/p>\n\n\n\n<p>Le 23 f\u00e9vrier 2022, sur un campus universitaire d\u2019Aix-en-Provence, des militants d\u2019extr\u00eame droite n\u2019ont pas h\u00e9sit\u00e9 \u00e0 attaquer un \u00e9tudiant pendant une distribution alimentaire.&nbsp;<\/p>\n\n\n\n<p>Dans leur communication revendiquant l\u2019attaque, ces n\u00e9o-nazis n\u00e9s avant toute honte vont m\u00eame jusqu\u2019\u00e0 s\u2019afficher devant un tag \u00ab&nbsp;Cl\u00e9ment M\u00e9rite&nbsp;\u00bb, <strong>en r\u00e9f\u00e9rence \u00e0 notre camarade Cl\u00e9ment M\u00e9ric, syndicaliste \u00e9tudiant et militant antifasciste, assassin\u00e9 par des militants n\u00e9o-nazis en 2013<\/strong>\u2026<\/p>\n\n\n\n<p>Les campus sont de plus en plus la cible de ce genre d\u2019attaques. En effet celle-ci fait suite \u00e0 <strong>trois autres en pr\u00e8s d\u2019une semaine<\/strong>, \u00e0 Rennes lors d\u2019une conf\u00e9rence contre l\u2019extr\u00eame droite, \u00e0 Albi pour un drapeau et \u00e0 Poitiers pour un simple autocollant&nbsp;! L\u2019universit\u00e9, bastion des r\u00e9voltes sociales et \u00e9mancipatrices de mai 68, est <strong>d\u00e9finitivement une cible privil\u00e9gi\u00e9e de ces apprentis r\u00e9actionnaires<\/strong>.&nbsp;<\/p>\n\n\n\n<p>\u00c0 l\u2019approche des \u00e9lections pr\u00e9sidentielles aux th\u00e9matiques racistes et autoritaires, et \u00e0 travers la banalisation du discours de l\u2019extr\u00eame droite, <strong>une violence extr\u00eame s\u2019installe<\/strong> contre tous les \u00e9tudiant-e-s mobilis\u00e9-e-s, solidaires, ou simplement en d\u00e9saccord avec les th\u00e9ories et pratiques fascistes dans notre soci\u00e9t\u00e9.<\/p>\n\n\n\n<p>Violence qui s\u2019est une nouvelle fois manifest\u00e9e hier lors de la r\u00e9union publique du Collectif antifasciste 67 \u00e0 Strasbourg qui a pu repousser avec succ\u00e8s une attaque de supporters n\u00e9o-nazis contre la Maison des syndicats o\u00f9 se d\u00e9roulait la r\u00e9union.<\/p>\n\n\n\n<p><strong>Nous, Solidaires \u00c9tudiant-e-s affirmons notre soutien sans faille \u00e0 tous les \u00e9tudiant-e-s et jeunes victimes de ces attaques, et appelons \u00e0 une riposte antifasciste d\u2019envergure pour repousser la menace de l\u2019extr\u00eame droite. Nous appelons aussi aux administrations des de nos lieux d\u2019\u00e9tudes \u00e0 condamner ces attaques r\u00e9p\u00e9t\u00e9es et \u00e0 prendre leur responsabilit\u00e9 quant \u00e0 celles-ci.\u00a0<\/strong><\/p>\n\n\n\n<p class=\"has-text-align-center\"><strong>Fachos, hors de nos facs, hors de nos vies&nbsp;!<\/strong><\/p>\n\n\n\n<p>  <\/p>\n","protected":false},"excerpt":{"rendered":"<p>Alors que la pr\u00e9carit\u00e9 \u00e9tudiante a atteint un niveau alarmant, que les [&hellip;]<\/p>\n","protected":false},"author":1,"featured_media":0,"comment_status":"open","ping_status":"open","sticky":false,"template":"","format":"standard","meta":{"cybocfi_hide_featured_image":"","footnotes":""},"categories":[5],"tags":[],"class_list":["post-6374","post","type-post","status-publish","format-standard","hentry","category-antifacisme","col-md-4 col-sm-4"],"featured_image_src":null,"author_info":{"display_name":"Solidaires \u00e9tudiant-e-s","author_link":false},"yoast_head":"<!-- This site is optimized with the Yoast SEO plugin v27.4 - https:\/\/yoast.com\/product\/yoast-seo-wordpress\/ -->\n<title>L\u2019extr\u00eame-droite agresse un \u00e9tudiant pendant une distribution alimentaire \u00e0 l\u2019universit\u00e9 d\u2019Aix-Marseille - Solidaires \u00e9tudiant-e-s<\/title>\n<meta name=\"robots\" content=\"index, follow, max-snippet:-1, max-image-preview:large, max-video-preview:-1\" \/>\n<link rel=\"canonical\" href=\"https:\/\/solidaires-etudiant-e-s.org\/site\/2022\/02\/26\/agression-extreme-droite-distrib-alimentaire-aix\/\" \/>\n<meta property=\"og:locale\" content=\"fr_FR\" \/>\n<meta property=\"og:type\" content=\"article\" \/>\n<meta property=\"og:title\" content=\"L\u2019extr\u00eame-droite agresse un \u00e9tudiant pendant une distribution alimentaire \u00e0 l\u2019universit\u00e9 d\u2019Aix-Marseille - Solidaires \u00e9tudiant-e-s\" \/>\n<meta property=\"og:description\" content=\"Alors que la pr\u00e9carit\u00e9 \u00e9tudiante a atteint un niveau alarmant, que les [&hellip;]\" \/>\n<meta property=\"og:url\" content=\"https:\/\/solidaires-etudiant-e-s.org\/site\/2022\/02\/26\/agression-extreme-droite-distrib-alimentaire-aix\/\" \/>\n<meta property=\"og:site_name\" content=\"Solidaires \u00e9tudiant-e-s\" \/>\n<meta property=\"article:publisher\" content=\"https:\/\/www.facebook.com\/solidairesetudiantes\" \/>\n<meta property=\"article:author\" content=\"https:\/\/www.facebook.com\/solidairesetudiantes\" \/>\n<meta property=\"article:published_time\" content=\"2022-02-26T17:26:58+00:00\" \/>\n<meta property=\"article:modified_time\" content=\"2022-02-26T17:54:18+00:00\" \/>\n<meta name=\"author\" content=\"Solidaires \u00e9tudiant-e-s\" \/>\n<meta name=\"twitter:card\" content=\"summary_large_image\" \/>\n<meta name=\"twitter:creator\" content=\"@SolidairesEtu\" \/>\n<meta name=\"twitter:site\" content=\"@SolidairesEtu\" \/>\n<meta name=\"twitter:label1\" content=\"\u00c9crit par\" \/>\n\t<meta name=\"twitter:data1\" content=\"Solidaires \u00e9tudiant-e-s\" \/>\n\t<meta name=\"twitter:label2\" content=\"Dur\u00e9e de lecture estim\u00e9e\" \/>\n\t<meta name=\"twitter:data2\" content=\"2 minutes\" \/>\n<script type=\"application\/ld+json\" class=\"yoast-schema-graph\">{\"@context\":\"https:\\\/\\\/schema.org\",\"@graph\":[{\"@type\":\"Article\",\"@id\":\"https:\\\/\\\/solidaires-etudiant-e-s.org\\\/site\\\/2022\\\/02\\\/26\\\/agression-extreme-droite-distrib-alimentaire-aix\\\/#article\",\"isPartOf\":{\"@id\":\"https:\\\/\\\/solidaires-etudiant-e-s.org\\\/site\\\/2022\\\/02\\\/26\\\/agression-extreme-droite-distrib-alimentaire-aix\\\/\"},\"author\":{\"name\":\"Solidaires \u00e9tudiant-e-s\",\"@id\":\"https:\\\/\\\/solidaires-etudiant-e-s.org\\\/site\\\/#\\\/schema\\\/person\\\/0efb3e0ff4e2f12b5a5abcd4352aa86c\"},\"headline\":\"L\u2019extr\u00eame-droite agresse un \u00e9tudiant pendant une distribution alimentaire \u00e0 l\u2019universit\u00e9 d\u2019Aix-Marseille\",\"datePublished\":\"2022-02-26T17:26:58+00:00\",\"dateModified\":\"2022-02-26T17:54:18+00:00\",\"mainEntityOfPage\":{\"@id\":\"https:\\\/\\\/solidaires-etudiant-e-s.org\\\/site\\\/2022\\\/02\\\/26\\\/agression-extreme-droite-distrib-alimentaire-aix\\\/\"},\"wordCount\":374,\"commentCount\":0,\"publisher\":{\"@id\":\"https:\\\/\\\/solidaires-etudiant-e-s.org\\\/site\\\/#organization\"},\"articleSection\":[\"ANTIFACISME\"],\"inLanguage\":\"fr-FR\",\"potentialAction\":[{\"@type\":\"CommentAction\",\"name\":\"Comment\",\"target\":[\"https:\\\/\\\/solidaires-etudiant-e-s.org\\\/site\\\/2022\\\/02\\\/26\\\/agression-extreme-droite-distrib-alimentaire-aix\\\/#respond\"]}]},{\"@type\":\"WebPage\",\"@id\":\"https:\\\/\\\/solidaires-etudiant-e-s.org\\\/site\\\/2022\\\/02\\\/26\\\/agression-extreme-droite-distrib-alimentaire-aix\\\/\",\"url\":\"https:\\\/\\\/solidaires-etudiant-e-s.org\\\/site\\\/2022\\\/02\\\/26\\\/agression-extreme-droite-distrib-alimentaire-aix\\\/\",\"name\":\"L\u2019extr\u00eame-droite agresse un \u00e9tudiant pendant une distribution alimentaire \u00e0 l\u2019universit\u00e9 d\u2019Aix-Marseille - Solidaires \u00e9tudiant-e-s\",\"isPartOf\":{\"@id\":\"https:\\\/\\\/solidaires-etudiant-e-s.org\\\/site\\\/#website\"},\"datePublished\":\"2022-02-26T17:26:58+00:00\",\"dateModified\":\"2022-02-26T17:54:18+00:00\",\"breadcrumb\":{\"@id\":\"https:\\\/\\\/solidaires-etudiant-e-s.org\\\/site\\\/2022\\\/02\\\/26\\\/agression-extreme-droite-distrib-alimentaire-aix\\\/#breadcrumb\"},\"inLanguage\":\"fr-FR\",\"potentialAction\":[{\"@type\":\"ReadAction\",\"target\":[\"https:\\\/\\\/solidaires-etudiant-e-s.org\\\/site\\\/2022\\\/02\\\/26\\\/agression-extreme-droite-distrib-alimentaire-aix\\\/\"]}]},{\"@type\":\"BreadcrumbList\",\"@id\":\"https:\\\/\\\/solidaires-etudiant-e-s.org\\\/site\\\/2022\\\/02\\\/26\\\/agression-extreme-droite-distrib-alimentaire-aix\\\/#breadcrumb\",\"itemListElement\":[{\"@type\":\"ListItem\",\"position\":1,\"name\":\"Accueil\",\"item\":\"https:\\\/\\\/solidaires-etudiant-e-s.org\\\/site\\\/\"},{\"@type\":\"ListItem\",\"position\":2,\"name\":\"L\u2019extr\u00eame-droite agresse un \u00e9tudiant pendant une distribution alimentaire \u00e0 l\u2019universit\u00e9 d\u2019Aix-Marseille\"}]},{\"@type\":\"WebSite\",\"@id\":\"https:\\\/\\\/solidaires-etudiant-e-s.org\\\/site\\\/#website\",\"url\":\"https:\\\/\\\/solidaires-etudiant-e-s.org\\\/site\\\/\",\"name\":\"Solidaires \u00e9tudiant-e-s\",\"description\":\"Syndicats pour un enseignement sup\u00e9rieur gratuit, ouvert, et \u00e9mancipateur !\",\"publisher\":{\"@id\":\"https:\\\/\\\/solidaires-etudiant-e-s.org\\\/site\\\/#organization\"},\"potentialAction\":[{\"@type\":\"SearchAction\",\"target\":{\"@type\":\"EntryPoint\",\"urlTemplate\":\"https:\\\/\\\/solidaires-etudiant-e-s.org\\\/site\\\/?s={search_term_string}\"},\"query-input\":{\"@type\":\"PropertyValueSpecification\",\"valueRequired\":true,\"valueName\":\"search_term_string\"}}],\"inLanguage\":\"fr-FR\"},{\"@type\":\"Organization\",\"@id\":\"https:\\\/\\\/solidaires-etudiant-e-s.org\\\/site\\\/#organization\",\"name\":\"Solidaires \u00e9tudiant-e-s\",\"url\":\"https:\\\/\\\/solidaires-etudiant-e-s.org\\\/site\\\/\",\"logo\":{\"@type\":\"ImageObject\",\"inLanguage\":\"fr-FR\",\"@id\":\"https:\\\/\\\/solidaires-etudiant-e-s.org\\\/site\\\/#\\\/schema\\\/logo\\\/image\\\/\",\"url\":\"https:\\\/\\\/solidaires-etudiant-e-s.org\\\/site\\\/wp-content\\\/uploads\\\/2025\\\/12\\\/13-1.png\",\"contentUrl\":\"https:\\\/\\\/solidaires-etudiant-e-s.org\\\/site\\\/wp-content\\\/uploads\\\/2025\\\/12\\\/13-1.png\",\"width\":1181,\"height\":827,\"caption\":\"Solidaires \u00e9tudiant-e-s\"},\"image\":{\"@id\":\"https:\\\/\\\/solidaires-etudiant-e-s.org\\\/site\\\/#\\\/schema\\\/logo\\\/image\\\/\"},\"sameAs\":[\"https:\\\/\\\/www.facebook.com\\\/solidairesetudiantes\",\"https:\\\/\\\/x.com\\\/SolidairesEtu\",\"https:\\\/\\\/www.instagram.com\\\/solidairesetu\\\/\",\"https:\\\/\\\/bsky.app\\\/profile\\\/solidaires-etudiant-e-s.org\",\"https:\\\/\\\/mastodon.social\\\/@solidairesetu\",\"https:\\\/\\\/www.youtube.com\\\/channel\\\/UC_iZN9gmVAAnXbBM7wAWOag\"]},{\"@type\":\"Person\",\"@id\":\"https:\\\/\\\/solidaires-etudiant-e-s.org\\\/site\\\/#\\\/schema\\\/person\\\/0efb3e0ff4e2f12b5a5abcd4352aa86c\",\"name\":\"Solidaires \u00e9tudiant-e-s\",\"image\":{\"@type\":\"ImageObject\",\"inLanguage\":\"fr-FR\",\"@id\":\"https:\\\/\\\/solidaires-etudiant-e-s.org\\\/site\\\/wp-content\\\/uploads\\\/2020\\\/01\\\/logo-SESL-rond-512-96x96.png\",\"url\":\"https:\\\/\\\/solidaires-etudiant-e-s.org\\\/site\\\/wp-content\\\/uploads\\\/2020\\\/01\\\/logo-SESL-rond-512-96x96.png\",\"contentUrl\":\"https:\\\/\\\/solidaires-etudiant-e-s.org\\\/site\\\/wp-content\\\/uploads\\\/2020\\\/01\\\/logo-SESL-rond-512-96x96.png\",\"caption\":\"Solidaires \u00e9tudiant-e-s\"},\"sameAs\":[\"https:\\\/\\\/solidaires-etudiant.org\\\/site\",\"https:\\\/\\\/www.facebook.com\\\/solidairesetudiantes\",\"https:\\\/\\\/www.instagram.com\\\/solidairesetu\",\"https:\\\/\\\/x.com\\\/SolidairesEtu\",\"https:\\\/\\\/fr.wikipedia.org\\\/wiki\\\/Solidaires_tudiant-e-s\"]}]}<\/script>\n<!-- \/ Yoast SEO plugin. -->","yoast_head_json":{"title":"L\u2019extr\u00eame-droite agresse un \u00e9tudiant pendant une distribution alimentaire \u00e0 l\u2019universit\u00e9 d\u2019Aix-Marseille - Solidaires \u00e9tudiant-e-s","robots":{"index":"index","follow":"follow","max-snippet":"max-snippet:-1","max-image-preview":"max-image-preview:large","max-video-preview":"max-video-preview:-1"},"canonical":"https:\/\/solidaires-etudiant-e-s.org\/site\/2022\/02\/26\/agression-extreme-droite-distrib-alimentaire-aix\/","og_locale":"fr_FR","og_type":"article","og_title":"L\u2019extr\u00eame-droite agresse un \u00e9tudiant pendant une distribution alimentaire \u00e0 l\u2019universit\u00e9 d\u2019Aix-Marseille - Solidaires \u00e9tudiant-e-s","og_description":"Alors que la pr\u00e9carit\u00e9 \u00e9tudiante a atteint un niveau alarmant, que les [&hellip;]","og_url":"https:\/\/solidaires-etudiant-e-s.org\/site\/2022\/02\/26\/agression-extreme-droite-distrib-alimentaire-aix\/","og_site_name":"Solidaires \u00e9tudiant-e-s","article_publisher":"https:\/\/www.facebook.com\/solidairesetudiantes","article_author":"https:\/\/www.facebook.com\/solidairesetudiantes","article_published_time":"2022-02-26T17:26:58+00:00","article_modified_time":"2022-02-26T17:54:18+00:00","author":"Solidaires \u00e9tudiant-e-s","twitter_card":"summary_large_image","twitter_creator":"@SolidairesEtu","twitter_site":"@SolidairesEtu","twitter_misc":{"\u00c9crit par":"Solidaires \u00e9tudiant-e-s","Dur\u00e9e de lecture estim\u00e9e":"2 minutes"},"schema":{"@context":"https:\/\/schema.org","@graph":[{"@type":"Article","@id":"https:\/\/solidaires-etudiant-e-s.org\/site\/2022\/02\/26\/agression-extreme-droite-distrib-alimentaire-aix\/#article","isPartOf":{"@id":"https:\/\/solidaires-etudiant-e-s.org\/site\/2022\/02\/26\/agression-extreme-droite-distrib-alimentaire-aix\/"},"author":{"name":"Solidaires \u00e9tudiant-e-s","@id":"https:\/\/solidaires-etudiant-e-s.org\/site\/#\/schema\/person\/0efb3e0ff4e2f12b5a5abcd4352aa86c"},"headline":"L\u2019extr\u00eame-droite agresse un \u00e9tudiant pendant une distribution alimentaire \u00e0 l\u2019universit\u00e9 d\u2019Aix-Marseille","datePublished":"2022-02-26T17:26:58+00:00","dateModified":"2022-02-26T17:54:18+00:00","mainEntityOfPage":{"@id":"https:\/\/solidaires-etudiant-e-s.org\/site\/2022\/02\/26\/agression-extreme-droite-distrib-alimentaire-aix\/"},"wordCount":374,"commentCount":0,"publisher":{"@id":"https:\/\/solidaires-etudiant-e-s.org\/site\/#organization"},"articleSection":["ANTIFACISME"],"inLanguage":"fr-FR","potentialAction":[{"@type":"CommentAction","name":"Comment","target":["https:\/\/solidaires-etudiant-e-s.org\/site\/2022\/02\/26\/agression-extreme-droite-distrib-alimentaire-aix\/#respond"]}]},{"@type":"WebPage","@id":"https:\/\/solidaires-etudiant-e-s.org\/site\/2022\/02\/26\/agression-extreme-droite-distrib-alimentaire-aix\/","url":"https:\/\/solidaires-etudiant-e-s.org\/site\/2022\/02\/26\/agression-extreme-droite-distrib-alimentaire-aix\/","name":"L\u2019extr\u00eame-droite agresse un \u00e9tudiant pendant une distribution alimentaire \u00e0 l\u2019universit\u00e9 d\u2019Aix-Marseille - Solidaires \u00e9tudiant-e-s","isPartOf":{"@id":"https:\/\/solidaires-etudiant-e-s.org\/site\/#website"},"datePublished":"2022-02-26T17:26:58+00:00","dateModified":"2022-02-26T17:54:18+00:00","breadcrumb":{"@id":"https:\/\/solidaires-etudiant-e-s.org\/site\/2022\/02\/26\/agression-extreme-droite-distrib-alimentaire-aix\/#breadcrumb"},"inLanguage":"fr-FR","potentialAction":[{"@type":"ReadAction","target":["https:\/\/solidaires-etudiant-e-s.org\/site\/2022\/02\/26\/agression-extreme-droite-distrib-alimentaire-aix\/"]}]},{"@type":"BreadcrumbList","@id":"https:\/\/solidaires-etudiant-e-s.org\/site\/2022\/02\/26\/agression-extreme-droite-distrib-alimentaire-aix\/#breadcrumb","itemListElement":[{"@type":"ListItem","position":1,"name":"Accueil","item":"https:\/\/solidaires-etudiant-e-s.org\/site\/"},{"@type":"ListItem","position":2,"name":"L\u2019extr\u00eame-droite agresse un \u00e9tudiant pendant une distribution alimentaire \u00e0 l\u2019universit\u00e9 d\u2019Aix-Marseille"}]},{"@type":"WebSite","@id":"https:\/\/solidaires-etudiant-e-s.org\/site\/#website","url":"https:\/\/solidaires-etudiant-e-s.org\/site\/","name":"Solidaires \u00e9tudiant-e-s","description":"Syndicats pour un enseignement sup\u00e9rieur gratuit, ouvert, et \u00e9mancipateur !","publisher":{"@id":"https:\/\/solidaires-etudiant-e-s.org\/site\/#organization"},"potentialAction":[{"@type":"SearchAction","target":{"@type":"EntryPoint","urlTemplate":"https:\/\/solidaires-etudiant-e-s.org\/site\/?s={search_term_string}"},"query-input":{"@type":"PropertyValueSpecification","valueRequired":true,"valueName":"search_term_string"}}],"inLanguage":"fr-FR"},{"@type":"Organization","@id":"https:\/\/solidaires-etudiant-e-s.org\/site\/#organization","name":"Solidaires \u00e9tudiant-e-s","url":"https:\/\/solidaires-etudiant-e-s.org\/site\/","logo":{"@type":"ImageObject","inLanguage":"fr-FR","@id":"https:\/\/solidaires-etudiant-e-s.org\/site\/#\/schema\/logo\/image\/","url":"https:\/\/solidaires-etudiant-e-s.org\/site\/wp-content\/uploads\/2025\/12\/13-1.png","contentUrl":"https:\/\/solidaires-etudiant-e-s.org\/site\/wp-content\/uploads\/2025\/12\/13-1.png","width":1181,"height":827,"caption":"Solidaires \u00e9tudiant-e-s"},"image":{"@id":"https:\/\/solidaires-etudiant-e-s.org\/site\/#\/schema\/logo\/image\/"},"sameAs":["https:\/\/www.facebook.com\/solidairesetudiantes","https:\/\/x.com\/SolidairesEtu","https:\/\/www.instagram.com\/solidairesetu\/","https:\/\/bsky.app\/profile\/solidaires-etudiant-e-s.org","https:\/\/mastodon.social\/@solidairesetu","https:\/\/www.youtube.com\/channel\/UC_iZN9gmVAAnXbBM7wAWOag"]},{"@type":"Person","@id":"https:\/\/solidaires-etudiant-e-s.org\/site\/#\/schema\/person\/0efb3e0ff4e2f12b5a5abcd4352aa86c","name":"Solidaires \u00e9tudiant-e-s","image":{"@type":"ImageObject","inLanguage":"fr-FR","@id":"https:\/\/solidaires-etudiant-e-s.org\/site\/wp-content\/uploads\/2020\/01\/logo-SESL-rond-512-96x96.png","url":"https:\/\/solidaires-etudiant-e-s.org\/site\/wp-content\/uploads\/2020\/01\/logo-SESL-rond-512-96x96.png","contentUrl":"https:\/\/solidaires-etudiant-e-s.org\/site\/wp-content\/uploads\/2020\/01\/logo-SESL-rond-512-96x96.png","caption":"Solidaires \u00e9tudiant-e-s"},"sameAs":["https:\/\/solidaires-etudiant.org\/site","https:\/\/www.facebook.com\/solidairesetudiantes","https:\/\/www.instagram.com\/solidairesetu","https:\/\/x.com\/SolidairesEtu","https:\/\/fr.wikipedia.org\/wiki\/Solidaires_tudiant-e-s"]}]}},"_links":{"self":[{"href":"https:\/\/solidaires-etudiant-e-s.org\/site\/wp-json\/wp\/v2\/posts\/6374","targetHints":{"allow":["GET"]}}],"collection":[{"href":"https:\/\/solidaires-etudiant-e-s.org\/site\/wp-json\/wp\/v2\/posts"}],"about":[{"href":"https:\/\/solidaires-etudiant-e-s.org\/site\/wp-json\/wp\/v2\/types\/post"}],"author":[{"embeddable":true,"href":"https:\/\/solidaires-etudiant-e-s.org\/site\/wp-json\/wp\/v2\/users\/1"}],"replies":[{"embeddable":true,"href":"https:\/\/solidaires-etudiant-e-s.org\/site\/wp-json\/wp\/v2\/comments?post=6374"}],"version-history":[{"count":3,"href":"https:\/\/solidaires-etudiant-e-s.org\/site\/wp-json\/wp\/v2\/posts\/6374\/revisions"}],"predecessor-version":[{"id":6381,"href":"https:\/\/solidaires-etudiant-e-s.org\/site\/wp-json\/wp\/v2\/posts\/6374\/revisions\/6381"}],"wp:attachment":[{"href":"https:\/\/solidaires-etudiant-e-s.org\/site\/wp-json\/wp\/v2\/media?parent=6374"}],"wp:term":[{"taxonomy":"category","embeddable":true,"href":"https:\/\/solidaires-etudiant-e-s.org\/site\/wp-json\/wp\/v2\/categories?post=6374"},{"taxonomy":"post_tag","embeddable":true,"href":"https:\/\/solidaires-etudiant-e-s.org\/site\/wp-json\/wp\/v2\/tags?post=6374"}],"curies":[{"name":"wp","href":"https:\/\/api.w.org\/{rel}","templated":true}]}}