{"id":6368,"date":"2022-02-16T15:36:52","date_gmt":"2022-02-16T14:36:52","guid":{"rendered":"https:\/\/solidaires-etudiant.org\/site\/?p=6368"},"modified":"2024-12-28T07:08:07","modified_gmt":"2024-12-28T06:08:07","slug":"lettre-ouverte-etudiante-internationale-pour-lhumanite-levez-les-brevets","status":"publish","type":"post","link":"https:\/\/solidaires-etudiant-e-s.org\/site\/2022\/02\/16\/lettre-ouverte-etudiante-internationale-pour-lhumanite-levez-les-brevets\/","title":{"rendered":"Lettre ouverte \u00e9tudiante internationale: pour l\u2019humanit\u00e9, levez les brevets!"},"content":{"rendered":"\n<figure class=\"wp-block-image size-large\"><img loading=\"lazy\" decoding=\"async\" width=\"1024\" height=\"599\" src=\"https:\/\/solidaires-etudiant.org\/site\/wp-content\/uploads\/2022\/02\/arton25619-1024x599.png\" alt=\"\" class=\"wp-image-6369\" srcset=\"https:\/\/solidaires-etudiant-e-s.org\/site\/wp-content\/uploads\/2022\/02\/arton25619-1024x599.png 1024w, https:\/\/solidaires-etudiant-e-s.org\/site\/wp-content\/uploads\/2022\/02\/arton25619-300x176.png 300w, https:\/\/solidaires-etudiant-e-s.org\/site\/wp-content\/uploads\/2022\/02\/arton25619-768x450.png 768w, https:\/\/solidaires-etudiant-e-s.org\/site\/wp-content\/uploads\/2022\/02\/arton25619-900x527.png 900w, https:\/\/solidaires-etudiant-e-s.org\/site\/wp-content\/uploads\/2022\/02\/arton25619-500x293.png 500w, https:\/\/solidaires-etudiant-e-s.org\/site\/wp-content\/uploads\/2022\/02\/arton25619.png 1500w\" sizes=\"auto, (max-width: 1024px) 100vw, 1024px\" \/><\/figure>\n\n\n\n<p><em>En accord avec les positions de l&rsquo;Union syndicale Solidaires et de SUD Sant\u00e9 sociaux nous partageons cette lettre ouverte dont nous sommes signataires<\/em><\/p>\n\n\n\n<p>Aux dirigeant\u00b7es de l\u2019Union Europ\u00e9enne, de la France, de l\u2019Angleterre, de la Suisse, et de la Norv\u00e8ge.<\/p>\n\n\n\n<p>20 janvier 2022<br><br>Madame la Pr\u00e9sidente Ursula von der Leyen, Monsieur le pr\u00e9sident Emmanuel Macron, Messieurs le premier ministre Boris Johnson, le pr\u00e9sident Ignazio Cassis et le premier ministre Jonas Gahr St\u00f8re,<\/p>\n\n\n\n<p><br>Nous, groupes et organisations \u00e9tudiantes, vous demandons solennellement de<br>reconsid\u00e9rer votre position relative \u00e0 la suspension des accords de l\u2019OMC portant protection<br>\u00e0 la propri\u00e9t\u00e9 intellectuelle dans le but de lever les brevets sur les vaccins contre la<br>COVID-19. Nous, jeunes de par le monde, vous \u00e9crivons frustr\u00e9\u00b7es et d\u00e9\u00e7u\u00b7es de la fa\u00e7on<br>dont la pand\u00e9mie a \u00e9t\u00e9 g\u00e9r\u00e9e, choqu\u00e9\u00b7es par la r\u00e9tention dont font preuve certains pays<br>\u201criches\u201d qui refusent de rendre disponible une technologie n\u00e9cessaire, n\u00e9gociant ainsi avec<br>le droit \u00e0 la vie d\u2019une majorit\u00e9 de l\u2019humanit\u00e9. Pourquoi laisser aux g\u00e9n\u00e9rations futures le<br>fardeau de r\u00e9parer ce syst\u00e8me alors que nous avons des solutions qui peuvent \u00eatre mises<br>en place aujourd\u2019hui?<\/p>\n\n\n\n<p><br>1) Agissez maintenant en faveur d\u2019une lev\u00e9e temporaire des ADPIC, avant la<br>prochaine conf\u00e9rence de l\u2019OMC pr\u00e9vue en Mars. Ce n\u2019est pas seulement le<br>moyen le plus efficace pour garder la pand\u00e9mie sous contr\u00f4le, c\u2019est aussi le plus<br>simple.<\/p>\n\n\n\n<p><br>2) \u00c0 long terme, construisez des institutions permettant les transferts de<br>connaissances et de technologies pour faire face aux pand\u00e9mies. Cela implique<br>notamment de partager des ressources communes qui encouragent l\u2019innovation pour<br>les pand\u00e9mies futures. Les le\u00e7ons de la crise du VIH\/sida n\u2019ont malheureusement<br>pas \u00e9t\u00e9 apprises, et il ne nous est pas permis de commettre deux fois les m\u00eames<br>erreurs. Pour que les pand\u00e9mies futures soient mieux g\u00e9r\u00e9es, il est n\u00e9cessaire d\u2019agir<br>maintenant.<\/p>\n\n\n\n<p><br>En 2021, 74% des vaccinations ont eu lieu dans les pays \u00e0 revenus \u00e9lev\u00e9s ou<br>interm\u00e9diaires -sup\u00e9rieur, mais seulement 1% dans les pays \u00e0 faibles revenus. L\u2019apparition<br>de variants ne fait qu\u2019accro\u00eetre cette polarisation, car l\u2019Europe et les pays \u00e0 revenus \u00e9lev\u00e9s<br>monopolisent toujours plus de doses, laissant les pays du Sud encore plus vuln\u00e9rables sans<br>pour autant \u00eatre autoris\u00e9s \u00e0 produire leurs propres vaccins. Cette in\u00e9galit\u00e9 extr\u00eame perp\u00e9tue<br>la crise actuelle, laissant les non vaccin\u00e9s vuln\u00e9rables et le virus circuler sans entrave,<br>mena\u00e7ant de cr\u00e9er de nouveaux variants toujours plus dangereux.<\/p>\n\n\n\n<p><br>Mettre un terme \u00e0 la pand\u00e9mie de COVID-19 n\u00e9cessite un effort international et des<br>solutions globales, port\u00e9es par des institutions cr\u00e9dibles et responsables. Les programmes<br>comme COVAX ou les dons de vaccins ne sont que des pansements pour se donner bonne<br>conscience. Ils mettent en \u00e9vidence un r\u00e9gime \u00e0 bout de souffle, qui s\u2019emploie \u00e0 trouver des<br>solutions uniquement bas\u00e9es sur des profits \u00e0 court terme.<br>Les vaccins, en grande partie financ\u00e9s par la puissance publique, ne devraient pas servir \u00e0<br>enrichir quelques g\u00e9ants de l\u2019industrie pharmaceutique. Non \u00e9lues, non d\u00e9mocratiques, ces<br>entreprises priv\u00e9es n\u2019ont pas \u00e0 dicter la campagne mondiale de distribution des vaccins au<br>nom de la sacro-sainte innovation et de <a href=\"https:\/\/www.dailymaverick.co.za\/article\/2022-01-12-none-are-safe-until-everyone-is-why-poor-economics-kills\/\" target=\"_blank\" rel=\"noreferrer noopener\">raisonnements \u00e9conomiques trompeurs<\/a><\/p>\n\n\n\n<p><br>Les laboratoires pr\u00e9tendent que les technologies \u00e0 l&rsquo;\u0153uvre sont trop complexes pour \u00eatre<br>partag\u00e9es librement. Pourtant, les expert\u00b7es soutiennent que les vaccins \u00e0 ARN messagers<br>ne sont pas plus complexes \u00e0 produire que les autres vaccins. M\u00e9decins sans fronti\u00e8res a<br>d\u2019ailleurs publi\u00e9 un rapport nommant plus de 100 potentiels producteurs de vaccins \u00e0 ARNm<br>dans des pays d\u2019Afrique, d\u2019Am\u00e9rique Latine et d\u2019Asie. Seul l\u2019obstacle l\u00e9gal demeure donc,<br>et une lev\u00e9e temporaire des brevets augmenterait significativement la production mondiale<br>et permettrait une distribution plus large mais surtout plus \u00e9quitable des vaccins.<br>Nous, \u00c9tudiant\u00b7es pour la lev\u00e9e des ADPIC, vous demandons donc urgemment de vous<br>prononcer en faveur de la suspension des ADPIC d\u2019ici \u00e0 la prochaine r\u00e9union de l\u2019OMC en<br>mars 2022, afin de faciliter la diffusion et le partage des technologies vaccinales contre le<br>SARS-COV-2. \u00c0 ce jour, seul\u00b7es l\u2019Union Europ\u00e9enne, le Royaume-Uni, la Suisse et la<br>Norv\u00e8ge bloquent la lev\u00e9e des brevets. Agissez maintenant. La strat\u00e9gie de vaccination ne<br>sera efficace que si l\u2019ensemble de l\u2019humanit\u00e9 est en mesure d&rsquo;acc\u00e9der aux vaccins. Le<br>succ\u00e8s de la lutte contre la pand\u00e9mie mondiale repose entre vos mains.<\/p>\n\n\n\n<p>Solidaires \u00e9tudiant-e-s<br>Movement of International Students for the Trips Waiver (MIST)<br>Attac Sciences Po Paris, France<br>Bajando Econom\u00eda, Argentina<br>Blue Ribbon Movement, India<br>Centro de Econom\u00eda y Pol\u00edticas Sociales, CEAS, Chile<br>Changemaker, Norway<br>Consejo Estudiantil Econom\u00eda UPTC, Colombia<br>Conf\u00e9rence Universitaire des Associations d&rsquo;\u00c9tudiant (CUAE), Switzerland<br>Diversifying and Decolonising Economics, International<br>De Am\u00e9rica Soy, South and Central America<br>Grupo Econom\u00eda, Ambiente y Alternativas al Desarrollo (GEAAD), Colombia<br>Economists For Future<br>Ekonsepto, Philippines<br>Glasgow University Real World Economics Society, Scotland<br>Global Students Forum, International<br>Junge BAU Berlin, Germany<br>Observatorio de Pol\u00edticas Econ\u00f3micas (OPES), Chile<br>Post Crash Universitat Pompeu Fabra, Spain<br>Solidaires \u00e9tudiants, France<br>Spire, Norway<br>Students 4 Vaccine Equity, Ireland<br>Red de Estudios Nueva Econom\u00eda (ENE), Chile<br>Rethinking Economics Colombo, Sri Lanka<br>Rethinking Economics, International<br>Rethinking Economics India Network, India<br>Rethinking Economics Finland, Finland<br>Rethinking Economics for Africa Wits, South Africa<br>Rethinking Economics for Africa Nelson Mandela University, South Africa<br>Rethinking Economics for Africa University of the Free State, South Africa<br>Rethinking Economics for Africa University of Cape Town, South Africa<br>Rethinking Economics Nottingham, UK<br>Rethinking Economics Peru, Peru<br>Rethinking Economics Zambia Network, Zambia<br>Rethinking Economics Universidad Nacional Aut\u00f3noma de M\u00e9xico (UNAM), Mexico<br>Jawaharlal Nehru University Rethinking Economic, India<br>Jeunesse Socialiste Suisse, Switzerland<br>The Economics Graduate Student Organization (EGSO) UMASS, US<br>The Uploaders Rethinking Economics, Nigeria<br>University of the Free State Rethinking Economics For Africa, South Africa<br>Mulungushi Liaise Economics Society, Zambia<br>Youth Lab, South Africa<br>Youth Programme Ahmed Kathrada Foundation, South Africa<\/p>\n\n\n\n<p>Sources de la lettre ouverte<\/p>\n\n\n\n<p>https:\/\/www.unaids.org\/en\/resources\/presscentre\/featurestories\/2021\/october\/the-quest-to-end-the-co<br>vid19-and-hiv-pandemics<\/p>\n\n\n\n<p>https:\/\/www.nytimes.com\/interactive\/2021\/world\/covid-vaccinations-tracker.html. En fin janvier 2022,<br>seulement 13 doses ont \u00e9t\u00e9 administr\u00e9es par 100 personnes aux pays plus pauvres. 178 doses ont<br>\u00e9t\u00e9 administr\u00e9es par 100 personnes aux pays plus riches.<br>https:\/\/ourworldindata.org\/covid-vaccinations.<\/p>\n\n\n\n<p>  https:\/\/www.dailymaverick.co.za\/article\/2022-01-12-none-are-safe-until-everyone-is-why-poor-econo<br>mics-kills\/<\/p>\n\n\n\n<p> https:\/\/www.nytimes.com\/interactive\/2021\/10\/22\/science\/developing-country-covid-vaccines.html<\/p>\n\n\n\n<p> https:\/\/accessibsa.org\/mrna\/<\/p>\n","protected":false},"excerpt":{"rendered":"<p>En accord avec les positions de l&rsquo;Union syndicale Solidaires et de SUD [&hellip;]<\/p>\n","protected":false},"author":1,"featured_media":0,"comment_status":"open","ping_status":"open","sticky":false,"template":"","format":"standard","meta":{"cybocfi_hide_featured_image":"","footnotes":""},"categories":[10,35],"tags":[308],"class_list":["post-6368","post","type-post","status-publish","format-standard","hentry","category-communiques","category-sante-social","tag-communiques-2","col-md-4 col-sm-4"],"featured_image_src":null,"author_info":{"display_name":"Solidaires \u00e9tudiant-e-s","author_link":false},"yoast_head":"<!-- This site is optimized with the Yoast SEO plugin v27.4 - https:\/\/yoast.com\/product\/yoast-seo-wordpress\/ -->\n<title>Lettre ouverte \u00e9tudiante internationale: pour l\u2019humanit\u00e9, levez les brevets! - Solidaires \u00e9tudiant-e-s<\/title>\n<meta name=\"robots\" content=\"index, follow, max-snippet:-1, max-image-preview:large, max-video-preview:-1\" \/>\n<link rel=\"canonical\" href=\"https:\/\/solidaires-etudiant-e-s.org\/site\/2022\/02\/16\/lettre-ouverte-etudiante-internationale-pour-lhumanite-levez-les-brevets\/\" \/>\n<meta property=\"og:locale\" content=\"fr_FR\" \/>\n<meta property=\"og:type\" content=\"article\" \/>\n<meta property=\"og:title\" content=\"Lettre ouverte \u00e9tudiante internationale: pour l\u2019humanit\u00e9, levez les brevets! - Solidaires \u00e9tudiant-e-s\" \/>\n<meta property=\"og:description\" content=\"En accord avec les positions de l&rsquo;Union syndicale Solidaires et de SUD [&hellip;]\" \/>\n<meta property=\"og:url\" content=\"https:\/\/solidaires-etudiant-e-s.org\/site\/2022\/02\/16\/lettre-ouverte-etudiante-internationale-pour-lhumanite-levez-les-brevets\/\" \/>\n<meta property=\"og:site_name\" content=\"Solidaires \u00e9tudiant-e-s\" \/>\n<meta property=\"article:publisher\" content=\"https:\/\/www.facebook.com\/solidairesetudiantes\" \/>\n<meta property=\"article:author\" content=\"https:\/\/www.facebook.com\/solidairesetudiantes\" \/>\n<meta property=\"article:published_time\" content=\"2022-02-16T14:36:52+00:00\" \/>\n<meta property=\"article:modified_time\" content=\"2024-12-28T06:08:07+00:00\" \/>\n<meta property=\"og:image\" content=\"https:\/\/solidaires-etudiant-e-s.org\/site\/wp-content\/uploads\/2022\/02\/arton25619.png\" \/>\n\t<meta property=\"og:image:width\" content=\"1500\" \/>\n\t<meta property=\"og:image:height\" content=\"878\" \/>\n\t<meta property=\"og:image:type\" content=\"image\/png\" \/>\n<meta name=\"author\" content=\"Solidaires \u00e9tudiant-e-s\" \/>\n<meta name=\"twitter:card\" content=\"summary_large_image\" \/>\n<meta name=\"twitter:creator\" content=\"@SolidairesEtu\" \/>\n<meta name=\"twitter:site\" content=\"@SolidairesEtu\" \/>\n<meta name=\"twitter:label1\" content=\"\u00c9crit par\" \/>\n\t<meta name=\"twitter:data1\" content=\"Solidaires \u00e9tudiant-e-s\" \/>\n\t<meta name=\"twitter:label2\" content=\"Dur\u00e9e de lecture estim\u00e9e\" \/>\n\t<meta name=\"twitter:data2\" content=\"6 minutes\" \/>\n<script type=\"application\/ld+json\" class=\"yoast-schema-graph\">{\"@context\":\"https:\\\/\\\/schema.org\",\"@graph\":[{\"@type\":\"Article\",\"@id\":\"https:\\\/\\\/solidaires-etudiant-e-s.org\\\/site\\\/2022\\\/02\\\/16\\\/lettre-ouverte-etudiante-internationale-pour-lhumanite-levez-les-brevets\\\/#article\",\"isPartOf\":{\"@id\":\"https:\\\/\\\/solidaires-etudiant-e-s.org\\\/site\\\/2022\\\/02\\\/16\\\/lettre-ouverte-etudiante-internationale-pour-lhumanite-levez-les-brevets\\\/\"},\"author\":{\"name\":\"Solidaires \u00e9tudiant-e-s\",\"@id\":\"https:\\\/\\\/solidaires-etudiant-e-s.org\\\/site\\\/#\\\/schema\\\/person\\\/0efb3e0ff4e2f12b5a5abcd4352aa86c\"},\"headline\":\"Lettre ouverte \u00e9tudiante internationale: pour l\u2019humanit\u00e9, levez les brevets!\",\"datePublished\":\"2022-02-16T14:36:52+00:00\",\"dateModified\":\"2024-12-28T06:08:07+00:00\",\"mainEntityOfPage\":{\"@id\":\"https:\\\/\\\/solidaires-etudiant-e-s.org\\\/site\\\/2022\\\/02\\\/16\\\/lettre-ouverte-etudiante-internationale-pour-lhumanite-levez-les-brevets\\\/\"},\"wordCount\":1036,\"commentCount\":0,\"publisher\":{\"@id\":\"https:\\\/\\\/solidaires-etudiant-e-s.org\\\/site\\\/#organization\"},\"image\":{\"@id\":\"https:\\\/\\\/solidaires-etudiant-e-s.org\\\/site\\\/2022\\\/02\\\/16\\\/lettre-ouverte-etudiante-internationale-pour-lhumanite-levez-les-brevets\\\/#primaryimage\"},\"thumbnailUrl\":\"https:\\\/\\\/solidaires-etudiant.org\\\/site\\\/wp-content\\\/uploads\\\/2022\\\/02\\\/arton25619-1024x599.png\",\"keywords\":[\"communiqu\u00e9s\"],\"articleSection\":[\"COMMUNIQUES NATIONAUX\",\"SANTE SOCIAL\"],\"inLanguage\":\"fr-FR\",\"potentialAction\":[{\"@type\":\"CommentAction\",\"name\":\"Comment\",\"target\":[\"https:\\\/\\\/solidaires-etudiant-e-s.org\\\/site\\\/2022\\\/02\\\/16\\\/lettre-ouverte-etudiante-internationale-pour-lhumanite-levez-les-brevets\\\/#respond\"]}]},{\"@type\":\"WebPage\",\"@id\":\"https:\\\/\\\/solidaires-etudiant-e-s.org\\\/site\\\/2022\\\/02\\\/16\\\/lettre-ouverte-etudiante-internationale-pour-lhumanite-levez-les-brevets\\\/\",\"url\":\"https:\\\/\\\/solidaires-etudiant-e-s.org\\\/site\\\/2022\\\/02\\\/16\\\/lettre-ouverte-etudiante-internationale-pour-lhumanite-levez-les-brevets\\\/\",\"name\":\"Lettre ouverte \u00e9tudiante internationale: pour l\u2019humanit\u00e9, levez les brevets! - Solidaires \u00e9tudiant-e-s\",\"isPartOf\":{\"@id\":\"https:\\\/\\\/solidaires-etudiant-e-s.org\\\/site\\\/#website\"},\"primaryImageOfPage\":{\"@id\":\"https:\\\/\\\/solidaires-etudiant-e-s.org\\\/site\\\/2022\\\/02\\\/16\\\/lettre-ouverte-etudiante-internationale-pour-lhumanite-levez-les-brevets\\\/#primaryimage\"},\"image\":{\"@id\":\"https:\\\/\\\/solidaires-etudiant-e-s.org\\\/site\\\/2022\\\/02\\\/16\\\/lettre-ouverte-etudiante-internationale-pour-lhumanite-levez-les-brevets\\\/#primaryimage\"},\"thumbnailUrl\":\"https:\\\/\\\/solidaires-etudiant.org\\\/site\\\/wp-content\\\/uploads\\\/2022\\\/02\\\/arton25619-1024x599.png\",\"datePublished\":\"2022-02-16T14:36:52+00:00\",\"dateModified\":\"2024-12-28T06:08:07+00:00\",\"breadcrumb\":{\"@id\":\"https:\\\/\\\/solidaires-etudiant-e-s.org\\\/site\\\/2022\\\/02\\\/16\\\/lettre-ouverte-etudiante-internationale-pour-lhumanite-levez-les-brevets\\\/#breadcrumb\"},\"inLanguage\":\"fr-FR\",\"potentialAction\":[{\"@type\":\"ReadAction\",\"target\":[\"https:\\\/\\\/solidaires-etudiant-e-s.org\\\/site\\\/2022\\\/02\\\/16\\\/lettre-ouverte-etudiante-internationale-pour-lhumanite-levez-les-brevets\\\/\"]}]},{\"@type\":\"ImageObject\",\"inLanguage\":\"fr-FR\",\"@id\":\"https:\\\/\\\/solidaires-etudiant-e-s.org\\\/site\\\/2022\\\/02\\\/16\\\/lettre-ouverte-etudiante-internationale-pour-lhumanite-levez-les-brevets\\\/#primaryimage\",\"url\":\"https:\\\/\\\/solidaires-etudiant.org\\\/site\\\/wp-content\\\/uploads\\\/2022\\\/02\\\/arton25619-1024x599.png\",\"contentUrl\":\"https:\\\/\\\/solidaires-etudiant.org\\\/site\\\/wp-content\\\/uploads\\\/2022\\\/02\\\/arton25619-1024x599.png\"},{\"@type\":\"BreadcrumbList\",\"@id\":\"https:\\\/\\\/solidaires-etudiant-e-s.org\\\/site\\\/2022\\\/02\\\/16\\\/lettre-ouverte-etudiante-internationale-pour-lhumanite-levez-les-brevets\\\/#breadcrumb\",\"itemListElement\":[{\"@type\":\"ListItem\",\"position\":1,\"name\":\"Accueil\",\"item\":\"https:\\\/\\\/solidaires-etudiant-e-s.org\\\/site\\\/\"},{\"@type\":\"ListItem\",\"position\":2,\"name\":\"Lettre ouverte \u00e9tudiante internationale: pour l\u2019humanit\u00e9, levez les brevets!\"}]},{\"@type\":\"WebSite\",\"@id\":\"https:\\\/\\\/solidaires-etudiant-e-s.org\\\/site\\\/#website\",\"url\":\"https:\\\/\\\/solidaires-etudiant-e-s.org\\\/site\\\/\",\"name\":\"Solidaires \u00e9tudiant-e-s\",\"description\":\"Syndicats pour un enseignement sup\u00e9rieur gratuit, ouvert, et \u00e9mancipateur !\",\"publisher\":{\"@id\":\"https:\\\/\\\/solidaires-etudiant-e-s.org\\\/site\\\/#organization\"},\"potentialAction\":[{\"@type\":\"SearchAction\",\"target\":{\"@type\":\"EntryPoint\",\"urlTemplate\":\"https:\\\/\\\/solidaires-etudiant-e-s.org\\\/site\\\/?s={search_term_string}\"},\"query-input\":{\"@type\":\"PropertyValueSpecification\",\"valueRequired\":true,\"valueName\":\"search_term_string\"}}],\"inLanguage\":\"fr-FR\"},{\"@type\":\"Organization\",\"@id\":\"https:\\\/\\\/solidaires-etudiant-e-s.org\\\/site\\\/#organization\",\"name\":\"Solidaires \u00e9tudiant-e-s\",\"url\":\"https:\\\/\\\/solidaires-etudiant-e-s.org\\\/site\\\/\",\"logo\":{\"@type\":\"ImageObject\",\"inLanguage\":\"fr-FR\",\"@id\":\"https:\\\/\\\/solidaires-etudiant-e-s.org\\\/site\\\/#\\\/schema\\\/logo\\\/image\\\/\",\"url\":\"https:\\\/\\\/solidaires-etudiant-e-s.org\\\/site\\\/wp-content\\\/uploads\\\/2025\\\/12\\\/13-1.png\",\"contentUrl\":\"https:\\\/\\\/solidaires-etudiant-e-s.org\\\/site\\\/wp-content\\\/uploads\\\/2025\\\/12\\\/13-1.png\",\"width\":1181,\"height\":827,\"caption\":\"Solidaires \u00e9tudiant-e-s\"},\"image\":{\"@id\":\"https:\\\/\\\/solidaires-etudiant-e-s.org\\\/site\\\/#\\\/schema\\\/logo\\\/image\\\/\"},\"sameAs\":[\"https:\\\/\\\/www.facebook.com\\\/solidairesetudiantes\",\"https:\\\/\\\/x.com\\\/SolidairesEtu\",\"https:\\\/\\\/www.instagram.com\\\/solidairesetu\\\/\",\"https:\\\/\\\/bsky.app\\\/profile\\\/solidaires-etudiant-e-s.org\",\"https:\\\/\\\/mastodon.social\\\/@solidairesetu\",\"https:\\\/\\\/www.youtube.com\\\/channel\\\/UC_iZN9gmVAAnXbBM7wAWOag\"]},{\"@type\":\"Person\",\"@id\":\"https:\\\/\\\/solidaires-etudiant-e-s.org\\\/site\\\/#\\\/schema\\\/person\\\/0efb3e0ff4e2f12b5a5abcd4352aa86c\",\"name\":\"Solidaires \u00e9tudiant-e-s\",\"image\":{\"@type\":\"ImageObject\",\"inLanguage\":\"fr-FR\",\"@id\":\"https:\\\/\\\/solidaires-etudiant-e-s.org\\\/site\\\/wp-content\\\/uploads\\\/2020\\\/01\\\/logo-SESL-rond-512-96x96.png\",\"url\":\"https:\\\/\\\/solidaires-etudiant-e-s.org\\\/site\\\/wp-content\\\/uploads\\\/2020\\\/01\\\/logo-SESL-rond-512-96x96.png\",\"contentUrl\":\"https:\\\/\\\/solidaires-etudiant-e-s.org\\\/site\\\/wp-content\\\/uploads\\\/2020\\\/01\\\/logo-SESL-rond-512-96x96.png\",\"caption\":\"Solidaires \u00e9tudiant-e-s\"},\"sameAs\":[\"https:\\\/\\\/solidaires-etudiant.org\\\/site\",\"https:\\\/\\\/www.facebook.com\\\/solidairesetudiantes\",\"https:\\\/\\\/www.instagram.com\\\/solidairesetu\",\"https:\\\/\\\/x.com\\\/SolidairesEtu\",\"https:\\\/\\\/fr.wikipedia.org\\\/wiki\\\/Solidaires_tudiant-e-s\"]}]}<\/script>\n<!-- \/ Yoast SEO plugin. -->","yoast_head_json":{"title":"Lettre ouverte \u00e9tudiante internationale: pour l\u2019humanit\u00e9, levez les brevets! - Solidaires \u00e9tudiant-e-s","robots":{"index":"index","follow":"follow","max-snippet":"max-snippet:-1","max-image-preview":"max-image-preview:large","max-video-preview":"max-video-preview:-1"},"canonical":"https:\/\/solidaires-etudiant-e-s.org\/site\/2022\/02\/16\/lettre-ouverte-etudiante-internationale-pour-lhumanite-levez-les-brevets\/","og_locale":"fr_FR","og_type":"article","og_title":"Lettre ouverte \u00e9tudiante internationale: pour l\u2019humanit\u00e9, levez les brevets! - Solidaires \u00e9tudiant-e-s","og_description":"En accord avec les positions de l&rsquo;Union syndicale Solidaires et de SUD [&hellip;]","og_url":"https:\/\/solidaires-etudiant-e-s.org\/site\/2022\/02\/16\/lettre-ouverte-etudiante-internationale-pour-lhumanite-levez-les-brevets\/","og_site_name":"Solidaires \u00e9tudiant-e-s","article_publisher":"https:\/\/www.facebook.com\/solidairesetudiantes","article_author":"https:\/\/www.facebook.com\/solidairesetudiantes","article_published_time":"2022-02-16T14:36:52+00:00","article_modified_time":"2024-12-28T06:08:07+00:00","og_image":[{"width":1500,"height":878,"url":"https:\/\/solidaires-etudiant-e-s.org\/site\/wp-content\/uploads\/2022\/02\/arton25619.png","type":"image\/png"}],"author":"Solidaires \u00e9tudiant-e-s","twitter_card":"summary_large_image","twitter_creator":"@SolidairesEtu","twitter_site":"@SolidairesEtu","twitter_misc":{"\u00c9crit par":"Solidaires \u00e9tudiant-e-s","Dur\u00e9e de lecture estim\u00e9e":"6 minutes"},"schema":{"@context":"https:\/\/schema.org","@graph":[{"@type":"Article","@id":"https:\/\/solidaires-etudiant-e-s.org\/site\/2022\/02\/16\/lettre-ouverte-etudiante-internationale-pour-lhumanite-levez-les-brevets\/#article","isPartOf":{"@id":"https:\/\/solidaires-etudiant-e-s.org\/site\/2022\/02\/16\/lettre-ouverte-etudiante-internationale-pour-lhumanite-levez-les-brevets\/"},"author":{"name":"Solidaires \u00e9tudiant-e-s","@id":"https:\/\/solidaires-etudiant-e-s.org\/site\/#\/schema\/person\/0efb3e0ff4e2f12b5a5abcd4352aa86c"},"headline":"Lettre ouverte \u00e9tudiante internationale: pour l\u2019humanit\u00e9, levez les brevets!","datePublished":"2022-02-16T14:36:52+00:00","dateModified":"2024-12-28T06:08:07+00:00","mainEntityOfPage":{"@id":"https:\/\/solidaires-etudiant-e-s.org\/site\/2022\/02\/16\/lettre-ouverte-etudiante-internationale-pour-lhumanite-levez-les-brevets\/"},"wordCount":1036,"commentCount":0,"publisher":{"@id":"https:\/\/solidaires-etudiant-e-s.org\/site\/#organization"},"image":{"@id":"https:\/\/solidaires-etudiant-e-s.org\/site\/2022\/02\/16\/lettre-ouverte-etudiante-internationale-pour-lhumanite-levez-les-brevets\/#primaryimage"},"thumbnailUrl":"https:\/\/solidaires-etudiant.org\/site\/wp-content\/uploads\/2022\/02\/arton25619-1024x599.png","keywords":["communiqu\u00e9s"],"articleSection":["COMMUNIQUES NATIONAUX","SANTE SOCIAL"],"inLanguage":"fr-FR","potentialAction":[{"@type":"CommentAction","name":"Comment","target":["https:\/\/solidaires-etudiant-e-s.org\/site\/2022\/02\/16\/lettre-ouverte-etudiante-internationale-pour-lhumanite-levez-les-brevets\/#respond"]}]},{"@type":"WebPage","@id":"https:\/\/solidaires-etudiant-e-s.org\/site\/2022\/02\/16\/lettre-ouverte-etudiante-internationale-pour-lhumanite-levez-les-brevets\/","url":"https:\/\/solidaires-etudiant-e-s.org\/site\/2022\/02\/16\/lettre-ouverte-etudiante-internationale-pour-lhumanite-levez-les-brevets\/","name":"Lettre ouverte \u00e9tudiante internationale: pour l\u2019humanit\u00e9, levez les brevets! - Solidaires \u00e9tudiant-e-s","isPartOf":{"@id":"https:\/\/solidaires-etudiant-e-s.org\/site\/#website"},"primaryImageOfPage":{"@id":"https:\/\/solidaires-etudiant-e-s.org\/site\/2022\/02\/16\/lettre-ouverte-etudiante-internationale-pour-lhumanite-levez-les-brevets\/#primaryimage"},"image":{"@id":"https:\/\/solidaires-etudiant-e-s.org\/site\/2022\/02\/16\/lettre-ouverte-etudiante-internationale-pour-lhumanite-levez-les-brevets\/#primaryimage"},"thumbnailUrl":"https:\/\/solidaires-etudiant.org\/site\/wp-content\/uploads\/2022\/02\/arton25619-1024x599.png","datePublished":"2022-02-16T14:36:52+00:00","dateModified":"2024-12-28T06:08:07+00:00","breadcrumb":{"@id":"https:\/\/solidaires-etudiant-e-s.org\/site\/2022\/02\/16\/lettre-ouverte-etudiante-internationale-pour-lhumanite-levez-les-brevets\/#breadcrumb"},"inLanguage":"fr-FR","potentialAction":[{"@type":"ReadAction","target":["https:\/\/solidaires-etudiant-e-s.org\/site\/2022\/02\/16\/lettre-ouverte-etudiante-internationale-pour-lhumanite-levez-les-brevets\/"]}]},{"@type":"ImageObject","inLanguage":"fr-FR","@id":"https:\/\/solidaires-etudiant-e-s.org\/site\/2022\/02\/16\/lettre-ouverte-etudiante-internationale-pour-lhumanite-levez-les-brevets\/#primaryimage","url":"https:\/\/solidaires-etudiant.org\/site\/wp-content\/uploads\/2022\/02\/arton25619-1024x599.png","contentUrl":"https:\/\/solidaires-etudiant.org\/site\/wp-content\/uploads\/2022\/02\/arton25619-1024x599.png"},{"@type":"BreadcrumbList","@id":"https:\/\/solidaires-etudiant-e-s.org\/site\/2022\/02\/16\/lettre-ouverte-etudiante-internationale-pour-lhumanite-levez-les-brevets\/#breadcrumb","itemListElement":[{"@type":"ListItem","position":1,"name":"Accueil","item":"https:\/\/solidaires-etudiant-e-s.org\/site\/"},{"@type":"ListItem","position":2,"name":"Lettre ouverte \u00e9tudiante internationale: pour l\u2019humanit\u00e9, levez les brevets!"}]},{"@type":"WebSite","@id":"https:\/\/solidaires-etudiant-e-s.org\/site\/#website","url":"https:\/\/solidaires-etudiant-e-s.org\/site\/","name":"Solidaires \u00e9tudiant-e-s","description":"Syndicats pour un enseignement sup\u00e9rieur gratuit, ouvert, et \u00e9mancipateur !","publisher":{"@id":"https:\/\/solidaires-etudiant-e-s.org\/site\/#organization"},"potentialAction":[{"@type":"SearchAction","target":{"@type":"EntryPoint","urlTemplate":"https:\/\/solidaires-etudiant-e-s.org\/site\/?s={search_term_string}"},"query-input":{"@type":"PropertyValueSpecification","valueRequired":true,"valueName":"search_term_string"}}],"inLanguage":"fr-FR"},{"@type":"Organization","@id":"https:\/\/solidaires-etudiant-e-s.org\/site\/#organization","name":"Solidaires \u00e9tudiant-e-s","url":"https:\/\/solidaires-etudiant-e-s.org\/site\/","logo":{"@type":"ImageObject","inLanguage":"fr-FR","@id":"https:\/\/solidaires-etudiant-e-s.org\/site\/#\/schema\/logo\/image\/","url":"https:\/\/solidaires-etudiant-e-s.org\/site\/wp-content\/uploads\/2025\/12\/13-1.png","contentUrl":"https:\/\/solidaires-etudiant-e-s.org\/site\/wp-content\/uploads\/2025\/12\/13-1.png","width":1181,"height":827,"caption":"Solidaires \u00e9tudiant-e-s"},"image":{"@id":"https:\/\/solidaires-etudiant-e-s.org\/site\/#\/schema\/logo\/image\/"},"sameAs":["https:\/\/www.facebook.com\/solidairesetudiantes","https:\/\/x.com\/SolidairesEtu","https:\/\/www.instagram.com\/solidairesetu\/","https:\/\/bsky.app\/profile\/solidaires-etudiant-e-s.org","https:\/\/mastodon.social\/@solidairesetu","https:\/\/www.youtube.com\/channel\/UC_iZN9gmVAAnXbBM7wAWOag"]},{"@type":"Person","@id":"https:\/\/solidaires-etudiant-e-s.org\/site\/#\/schema\/person\/0efb3e0ff4e2f12b5a5abcd4352aa86c","name":"Solidaires \u00e9tudiant-e-s","image":{"@type":"ImageObject","inLanguage":"fr-FR","@id":"https:\/\/solidaires-etudiant-e-s.org\/site\/wp-content\/uploads\/2020\/01\/logo-SESL-rond-512-96x96.png","url":"https:\/\/solidaires-etudiant-e-s.org\/site\/wp-content\/uploads\/2020\/01\/logo-SESL-rond-512-96x96.png","contentUrl":"https:\/\/solidaires-etudiant-e-s.org\/site\/wp-content\/uploads\/2020\/01\/logo-SESL-rond-512-96x96.png","caption":"Solidaires \u00e9tudiant-e-s"},"sameAs":["https:\/\/solidaires-etudiant.org\/site","https:\/\/www.facebook.com\/solidairesetudiantes","https:\/\/www.instagram.com\/solidairesetu","https:\/\/x.com\/SolidairesEtu","https:\/\/fr.wikipedia.org\/wiki\/Solidaires_tudiant-e-s"]}]}},"_links":{"self":[{"href":"https:\/\/solidaires-etudiant-e-s.org\/site\/wp-json\/wp\/v2\/posts\/6368","targetHints":{"allow":["GET"]}}],"collection":[{"href":"https:\/\/solidaires-etudiant-e-s.org\/site\/wp-json\/wp\/v2\/posts"}],"about":[{"href":"https:\/\/solidaires-etudiant-e-s.org\/site\/wp-json\/wp\/v2\/types\/post"}],"author":[{"embeddable":true,"href":"https:\/\/solidaires-etudiant-e-s.org\/site\/wp-json\/wp\/v2\/users\/1"}],"replies":[{"embeddable":true,"href":"https:\/\/solidaires-etudiant-e-s.org\/site\/wp-json\/wp\/v2\/comments?post=6368"}],"version-history":[{"count":1,"href":"https:\/\/solidaires-etudiant-e-s.org\/site\/wp-json\/wp\/v2\/posts\/6368\/revisions"}],"predecessor-version":[{"id":6370,"href":"https:\/\/solidaires-etudiant-e-s.org\/site\/wp-json\/wp\/v2\/posts\/6368\/revisions\/6370"}],"wp:attachment":[{"href":"https:\/\/solidaires-etudiant-e-s.org\/site\/wp-json\/wp\/v2\/media?parent=6368"}],"wp:term":[{"taxonomy":"category","embeddable":true,"href":"https:\/\/solidaires-etudiant-e-s.org\/site\/wp-json\/wp\/v2\/categories?post=6368"},{"taxonomy":"post_tag","embeddable":true,"href":"https:\/\/solidaires-etudiant-e-s.org\/site\/wp-json\/wp\/v2\/tags?post=6368"}],"curies":[{"name":"wp","href":"https:\/\/api.w.org\/{rel}","templated":true}]}}