{"id":625,"date":"2014-04-15T21:53:01","date_gmt":"2014-04-15T19:53:01","guid":{"rendered":"http:\/\/www.solidaires-etudiant.org\/?p=625"},"modified":"2014-04-15T21:53:01","modified_gmt":"2014-04-15T19:53:01","slug":"victoire-au-cneser-deleves-syndicalistes-contre-la-direction-de-lens","status":"publish","type":"post","link":"https:\/\/solidaires-etudiant-e-s.org\/site\/2014\/04\/15\/victoire-au-cneser-deleves-syndicalistes-contre-la-direction-de-lens\/","title":{"rendered":"Victoire au CNESER d&#039;\u00e9l\u00e8ves syndicalistes contre la direction de l&#039;ENS."},"content":{"rendered":"<h2 style=\"text-align: center;\"><\/h2>\n<h2 style=\"text-align: center;\" align=\"center\"><span style=\"font-family: Calibri,sans-serif;\"><span style=\"font-size: medium;\">Etudiant-e-s et personnels doivent continuer le combat contre la r\u00e9pression, la pr\u00e9carit\u00e9 et l&rsquo;am\u00e9lioration des conditions de travail!<\/span><\/span><\/h2>\n<p style=\"text-align: justify;\" align=\"center\"><span style=\"font-family: Calibri,sans-serif;\"><span style=\"font-size: medium;\">En 2010\/2011 un conflit social contre la pr\u00e9carit\u00e9 a secou\u00e9 l&rsquo;ENS Ulm. La gr\u00e8ve des personnels pr\u00e9caires, l&rsquo;occupation des locaux de la direction et la solidarit\u00e9 sans faille des \u00e9tudiant-e-s et des travailleurs\/ses au sein d&rsquo;un mouvement autog\u00e9r\u00e9 soutenu par les syndicats ont permis d&rsquo;obtenir une victoire. De nombreux CDI ont \u00e9t\u00e9 sign\u00e9s imm\u00e9diatement et quelques titularisations ont eu lieu un peu plus tard.<\/span><\/span><\/p>\n<p style=\"text-align: justify;\" align=\"center\"><span style=\"font-family: Calibri,sans-serif;\"><span style=\"font-size: medium;\">Suite \u00e0 ce conflit, quatre \u00e9l\u00e8ves syndicalistes de SUD Etudiant (\u00e0 l&rsquo;\u00e9poque!) et de la FERC Sup CGT contestaient au CNESER (Conseil National de l&rsquo;Enseignement Sup\u00e9rieur et de la Recherche) les sanctions disciplinaires (trois avertissements et un bl\u00e2me) qui avaient \u00e9t\u00e9 prononc\u00e9es \u00e0 leur encontre. Ils ont obtenu satisfaction. Il s&rsquo;agit d&rsquo;une petite victoire contre la r\u00e9pression des mouvements sociaux et pour les libert\u00e9s syndicales dans l&rsquo;Enseignement sup\u00e9rieur et la recherche.<\/span><\/span><\/p>\n<p style=\"text-align: justify;\" align=\"center\"><span style=\"font-family: Calibri,sans-serif;\"><span style=\"font-size: medium;\">L&rsquo;ann\u00e9e derni\u00e8re deux personnels de l&rsquo;ENS, syndiqu\u00e9s \u00e0 la CGT, avaient aussi gagn\u00e9 au Tribunal administratif face \u00e0 la direction de l&rsquo;ENS qui leurs avait inflig\u00e9 des sanctions disciplinaires suite au mouvement social. Mais il ne faut pas oublier que la r\u00e9pression ne prend pas que des formes juridiques et elle n&rsquo;est pas la m\u00eame selon qu&rsquo;il s&rsquo;agit d&rsquo;\u00e9l\u00e8ves normaliens ou de personnels salari\u00e9s&#8230; Elle peut prendre des formes plus insidieuses et elle s&rsquo;abat encore au quotidien sur d&rsquo;anciens gr\u00e9vistes. Si des avanc\u00e9es ont eu lieu suite au mouvement, les personnels de l&rsquo;ENS doivent encore lutter pour leurs conditions de travail et pour que la direction respecte tous ses engagements (comme la fin du harc\u00e8lement dans les services, le fait de signer un CDI pour les personnels ayant trois ans d\u2019anciennet\u00e9 ou la titularisation dans les postes p\u00e9rennes).<\/span><\/span><\/p>\n<p style=\"text-align: justify;\" align=\"center\"><span style=\"font-family: Calibri,sans-serif;\"><span style=\"font-size: medium;\">La pr\u00e9carit\u00e9 \u00e0 l&rsquo;ENS et dans la fonction publique en g\u00e9n\u00e9ral ne pourra se r\u00e9sorber que par des titularisations massives que seules les luttes pourront imposer. Pour cela les travailleurs\/ses et les \u00e9tudiant-e-s doivent continuer \u00e0 se battre ensemble contre la r\u00e9pression, la pr\u00e9carit\u00e9 et pour l&rsquo;am\u00e9lioration des conditions de travail et d&rsquo;\u00e9tude.<\/span><\/span><\/p>\n<h3 style=\"text-align: center;\" align=\"center\"><\/h3>\n<h3 style=\"text-align: center;\" align=\"center\"><span style=\"font-family: Calibri,sans-serif;\"><span style=\"font-size: medium;\">Solidaires \u00e9tudiant-e-s, syndicats de luttes<\/span><\/span><\/h3>\n<h3 style=\"text-align: center;\" align=\"center\"><span style=\"font-family: Calibri,sans-serif;\"><span style=\"font-size: medium;\">Porte-parolat\u00a0: 06.86.80.24.45<\/span><\/span><\/h3>\n<h3 style=\"text-align: center;\" align=\"center\"><span style=\"font-family: Calibri,sans-serif;\"><span style=\"font-size: medium;\">https:\/\/solidaires-etudiant.org\/site\/<\/span><\/span><\/h3>\n<h3 style=\"text-align: center;\" align=\"center\"><span style=\"font-family: Calibri,sans-serif;\"><span style=\"font-size: medium;\">contact@solidaires-etudiant-e-s.org<\/span><\/span><\/h3>\n","protected":false},"excerpt":{"rendered":"<p>Etudiant-e-s et personnels doivent continuer le combat contre la r\u00e9pression, la pr\u00e9carit\u00e9 [&hellip;]<\/p>\n","protected":false},"author":1,"featured_media":631,"comment_status":"closed","ping_status":"closed","sticky":false,"template":"","format":"standard","meta":{"cybocfi_hide_featured_image":"","footnotes":""},"categories":[10,18],"tags":[],"class_list":["post-625","post","type-post","status-publish","format-standard","has-post-thumbnail","hentry","category-communiques","category-esr","col-md-4 col-sm-4"],"featured_image_src":"https:\/\/solidaires-etudiant-e-s.org\/site\/wp-content\/uploads\/2014\/04\/ensbanderole.jpg","author_info":{"display_name":"Solidaires \u00e9tudiant-e-s","author_link":false},"yoast_head":"<!-- This site is optimized with the Yoast SEO plugin v27.5 - https:\/\/yoast.com\/product\/yoast-seo-wordpress\/ -->\n<title>Victoire au CNESER d&#039;\u00e9l\u00e8ves syndicalistes contre la direction de l&#039;ENS. - Solidaires \u00e9tudiant-e-s<\/title>\n<meta name=\"robots\" content=\"index, follow, max-snippet:-1, max-image-preview:large, max-video-preview:-1\" \/>\n<link rel=\"canonical\" href=\"https:\/\/solidaires-etudiant-e-s.org\/site\/2014\/04\/15\/victoire-au-cneser-deleves-syndicalistes-contre-la-direction-de-lens\/\" \/>\n<meta property=\"og:locale\" content=\"fr_FR\" \/>\n<meta property=\"og:type\" content=\"article\" \/>\n<meta property=\"og:title\" content=\"Victoire au CNESER d&#039;\u00e9l\u00e8ves syndicalistes contre la direction de l&#039;ENS. - Solidaires \u00e9tudiant-e-s\" \/>\n<meta property=\"og:description\" content=\"Etudiant-e-s et personnels doivent continuer le combat contre la r\u00e9pression, la pr\u00e9carit\u00e9 [&hellip;]\" \/>\n<meta property=\"og:url\" content=\"https:\/\/solidaires-etudiant-e-s.org\/site\/2014\/04\/15\/victoire-au-cneser-deleves-syndicalistes-contre-la-direction-de-lens\/\" \/>\n<meta property=\"og:site_name\" content=\"Solidaires \u00e9tudiant-e-s\" \/>\n<meta property=\"article:publisher\" content=\"https:\/\/www.facebook.com\/solidairesetudiantes\" \/>\n<meta property=\"article:author\" content=\"https:\/\/www.facebook.com\/solidairesetudiantes\" \/>\n<meta property=\"article:published_time\" content=\"2014-04-15T19:53:01+00:00\" \/>\n<meta property=\"og:image\" content=\"https:\/\/solidaires-etudiant-e-s.org\/site\/wp-content\/uploads\/2014\/04\/ensbanderole.jpg\" \/>\n\t<meta property=\"og:image:width\" content=\"2362\" \/>\n\t<meta property=\"og:image:height\" content=\"1772\" \/>\n\t<meta property=\"og:image:type\" content=\"image\/jpeg\" \/>\n<meta name=\"author\" content=\"Solidaires \u00e9tudiant-e-s\" \/>\n<meta name=\"twitter:card\" content=\"summary_large_image\" \/>\n<meta name=\"twitter:creator\" content=\"@SolidairesEtu\" \/>\n<meta name=\"twitter:site\" content=\"@SolidairesEtu\" \/>\n<meta name=\"twitter:label1\" content=\"\u00c9crit par\" \/>\n\t<meta name=\"twitter:data1\" content=\"Solidaires \u00e9tudiant-e-s\" \/>\n\t<meta name=\"twitter:label2\" content=\"Dur\u00e9e de lecture estim\u00e9e\" \/>\n\t<meta name=\"twitter:data2\" content=\"2 minutes\" \/>\n<script type=\"application\/ld+json\" class=\"yoast-schema-graph\">{\"@context\":\"https:\\\/\\\/schema.org\",\"@graph\":[{\"@type\":\"Article\",\"@id\":\"https:\\\/\\\/solidaires-etudiant-e-s.org\\\/site\\\/2014\\\/04\\\/15\\\/victoire-au-cneser-deleves-syndicalistes-contre-la-direction-de-lens\\\/#article\",\"isPartOf\":{\"@id\":\"https:\\\/\\\/solidaires-etudiant-e-s.org\\\/site\\\/2014\\\/04\\\/15\\\/victoire-au-cneser-deleves-syndicalistes-contre-la-direction-de-lens\\\/\"},\"author\":{\"name\":\"Solidaires \u00e9tudiant-e-s\",\"@id\":\"https:\\\/\\\/solidaires-etudiant-e-s.org\\\/site\\\/#\\\/schema\\\/person\\\/0efb3e0ff4e2f12b5a5abcd4352aa86c\"},\"headline\":\"Victoire au CNESER d&#039;\u00e9l\u00e8ves syndicalistes contre la direction de l&#039;ENS.\",\"datePublished\":\"2014-04-15T19:53:01+00:00\",\"mainEntityOfPage\":{\"@id\":\"https:\\\/\\\/solidaires-etudiant-e-s.org\\\/site\\\/2014\\\/04\\\/15\\\/victoire-au-cneser-deleves-syndicalistes-contre-la-direction-de-lens\\\/\"},\"wordCount\":422,\"publisher\":{\"@id\":\"https:\\\/\\\/solidaires-etudiant-e-s.org\\\/site\\\/#organization\"},\"image\":{\"@id\":\"https:\\\/\\\/solidaires-etudiant-e-s.org\\\/site\\\/2014\\\/04\\\/15\\\/victoire-au-cneser-deleves-syndicalistes-contre-la-direction-de-lens\\\/#primaryimage\"},\"thumbnailUrl\":\"https:\\\/\\\/solidaires-etudiant-e-s.org\\\/site\\\/wp-content\\\/uploads\\\/2014\\\/04\\\/ensbanderole.jpg\",\"articleSection\":[\"COMMUNIQUES NATIONAUX\",\"ENSEIGNEMENT SUPERIEUR\"],\"inLanguage\":\"fr-FR\"},{\"@type\":\"WebPage\",\"@id\":\"https:\\\/\\\/solidaires-etudiant-e-s.org\\\/site\\\/2014\\\/04\\\/15\\\/victoire-au-cneser-deleves-syndicalistes-contre-la-direction-de-lens\\\/\",\"url\":\"https:\\\/\\\/solidaires-etudiant-e-s.org\\\/site\\\/2014\\\/04\\\/15\\\/victoire-au-cneser-deleves-syndicalistes-contre-la-direction-de-lens\\\/\",\"name\":\"Victoire au CNESER d&#039;\u00e9l\u00e8ves syndicalistes contre la direction de l&#039;ENS. - Solidaires \u00e9tudiant-e-s\",\"isPartOf\":{\"@id\":\"https:\\\/\\\/solidaires-etudiant-e-s.org\\\/site\\\/#website\"},\"primaryImageOfPage\":{\"@id\":\"https:\\\/\\\/solidaires-etudiant-e-s.org\\\/site\\\/2014\\\/04\\\/15\\\/victoire-au-cneser-deleves-syndicalistes-contre-la-direction-de-lens\\\/#primaryimage\"},\"image\":{\"@id\":\"https:\\\/\\\/solidaires-etudiant-e-s.org\\\/site\\\/2014\\\/04\\\/15\\\/victoire-au-cneser-deleves-syndicalistes-contre-la-direction-de-lens\\\/#primaryimage\"},\"thumbnailUrl\":\"https:\\\/\\\/solidaires-etudiant-e-s.org\\\/site\\\/wp-content\\\/uploads\\\/2014\\\/04\\\/ensbanderole.jpg\",\"datePublished\":\"2014-04-15T19:53:01+00:00\",\"breadcrumb\":{\"@id\":\"https:\\\/\\\/solidaires-etudiant-e-s.org\\\/site\\\/2014\\\/04\\\/15\\\/victoire-au-cneser-deleves-syndicalistes-contre-la-direction-de-lens\\\/#breadcrumb\"},\"inLanguage\":\"fr-FR\",\"potentialAction\":[{\"@type\":\"ReadAction\",\"target\":[\"https:\\\/\\\/solidaires-etudiant-e-s.org\\\/site\\\/2014\\\/04\\\/15\\\/victoire-au-cneser-deleves-syndicalistes-contre-la-direction-de-lens\\\/\"]}]},{\"@type\":\"ImageObject\",\"inLanguage\":\"fr-FR\",\"@id\":\"https:\\\/\\\/solidaires-etudiant-e-s.org\\\/site\\\/2014\\\/04\\\/15\\\/victoire-au-cneser-deleves-syndicalistes-contre-la-direction-de-lens\\\/#primaryimage\",\"url\":\"https:\\\/\\\/solidaires-etudiant-e-s.org\\\/site\\\/wp-content\\\/uploads\\\/2014\\\/04\\\/ensbanderole.jpg\",\"contentUrl\":\"https:\\\/\\\/solidaires-etudiant-e-s.org\\\/site\\\/wp-content\\\/uploads\\\/2014\\\/04\\\/ensbanderole.jpg\",\"width\":2362,\"height\":1772},{\"@type\":\"BreadcrumbList\",\"@id\":\"https:\\\/\\\/solidaires-etudiant-e-s.org\\\/site\\\/2014\\\/04\\\/15\\\/victoire-au-cneser-deleves-syndicalistes-contre-la-direction-de-lens\\\/#breadcrumb\",\"itemListElement\":[{\"@type\":\"ListItem\",\"position\":1,\"name\":\"Accueil\",\"item\":\"https:\\\/\\\/solidaires-etudiant-e-s.org\\\/site\\\/\"},{\"@type\":\"ListItem\",\"position\":2,\"name\":\"Victoire au CNESER d&#039;\u00e9l\u00e8ves syndicalistes contre la direction de l&#039;ENS.\"}]},{\"@type\":\"WebSite\",\"@id\":\"https:\\\/\\\/solidaires-etudiant-e-s.org\\\/site\\\/#website\",\"url\":\"https:\\\/\\\/solidaires-etudiant-e-s.org\\\/site\\\/\",\"name\":\"Solidaires \u00e9tudiant-e-s\",\"description\":\"Syndicats pour un enseignement sup\u00e9rieur gratuit, ouvert, et \u00e9mancipateur !\",\"publisher\":{\"@id\":\"https:\\\/\\\/solidaires-etudiant-e-s.org\\\/site\\\/#organization\"},\"potentialAction\":[{\"@type\":\"SearchAction\",\"target\":{\"@type\":\"EntryPoint\",\"urlTemplate\":\"https:\\\/\\\/solidaires-etudiant-e-s.org\\\/site\\\/?s={search_term_string}\"},\"query-input\":{\"@type\":\"PropertyValueSpecification\",\"valueRequired\":true,\"valueName\":\"search_term_string\"}}],\"inLanguage\":\"fr-FR\"},{\"@type\":\"Organization\",\"@id\":\"https:\\\/\\\/solidaires-etudiant-e-s.org\\\/site\\\/#organization\",\"name\":\"Solidaires \u00e9tudiant-e-s\",\"url\":\"https:\\\/\\\/solidaires-etudiant-e-s.org\\\/site\\\/\",\"logo\":{\"@type\":\"ImageObject\",\"inLanguage\":\"fr-FR\",\"@id\":\"https:\\\/\\\/solidaires-etudiant-e-s.org\\\/site\\\/#\\\/schema\\\/logo\\\/image\\\/\",\"url\":\"https:\\\/\\\/solidaires-etudiant-e-s.org\\\/site\\\/wp-content\\\/uploads\\\/2025\\\/12\\\/13-1.png\",\"contentUrl\":\"https:\\\/\\\/solidaires-etudiant-e-s.org\\\/site\\\/wp-content\\\/uploads\\\/2025\\\/12\\\/13-1.png\",\"width\":1181,\"height\":827,\"caption\":\"Solidaires \u00e9tudiant-e-s\"},\"image\":{\"@id\":\"https:\\\/\\\/solidaires-etudiant-e-s.org\\\/site\\\/#\\\/schema\\\/logo\\\/image\\\/\"},\"sameAs\":[\"https:\\\/\\\/www.facebook.com\\\/solidairesetudiantes\",\"https:\\\/\\\/x.com\\\/SolidairesEtu\",\"https:\\\/\\\/www.instagram.com\\\/solidairesetu\\\/\",\"https:\\\/\\\/bsky.app\\\/profile\\\/solidaires-etudiant-e-s.org\",\"https:\\\/\\\/mastodon.social\\\/@solidairesetu\",\"https:\\\/\\\/www.youtube.com\\\/channel\\\/UC_iZN9gmVAAnXbBM7wAWOag\"]},{\"@type\":\"Person\",\"@id\":\"https:\\\/\\\/solidaires-etudiant-e-s.org\\\/site\\\/#\\\/schema\\\/person\\\/0efb3e0ff4e2f12b5a5abcd4352aa86c\",\"name\":\"Solidaires \u00e9tudiant-e-s\",\"image\":{\"@type\":\"ImageObject\",\"inLanguage\":\"fr-FR\",\"@id\":\"https:\\\/\\\/solidaires-etudiant-e-s.org\\\/site\\\/wp-content\\\/uploads\\\/2020\\\/01\\\/logo-SESL-rond-512-96x96.png\",\"url\":\"https:\\\/\\\/solidaires-etudiant-e-s.org\\\/site\\\/wp-content\\\/uploads\\\/2020\\\/01\\\/logo-SESL-rond-512-96x96.png\",\"contentUrl\":\"https:\\\/\\\/solidaires-etudiant-e-s.org\\\/site\\\/wp-content\\\/uploads\\\/2020\\\/01\\\/logo-SESL-rond-512-96x96.png\",\"caption\":\"Solidaires \u00e9tudiant-e-s\"},\"sameAs\":[\"https:\\\/\\\/solidaires-etudiant.org\\\/site\",\"https:\\\/\\\/www.facebook.com\\\/solidairesetudiantes\",\"https:\\\/\\\/www.instagram.com\\\/solidairesetu\",\"https:\\\/\\\/x.com\\\/SolidairesEtu\",\"https:\\\/\\\/fr.wikipedia.org\\\/wiki\\\/Solidaires_tudiant-e-s\"]}]}<\/script>\n<!-- \/ Yoast SEO plugin. -->","yoast_head_json":{"title":"Victoire au CNESER d&#039;\u00e9l\u00e8ves syndicalistes contre la direction de l&#039;ENS. - Solidaires \u00e9tudiant-e-s","robots":{"index":"index","follow":"follow","max-snippet":"max-snippet:-1","max-image-preview":"max-image-preview:large","max-video-preview":"max-video-preview:-1"},"canonical":"https:\/\/solidaires-etudiant-e-s.org\/site\/2014\/04\/15\/victoire-au-cneser-deleves-syndicalistes-contre-la-direction-de-lens\/","og_locale":"fr_FR","og_type":"article","og_title":"Victoire au CNESER d&#039;\u00e9l\u00e8ves syndicalistes contre la direction de l&#039;ENS. - Solidaires \u00e9tudiant-e-s","og_description":"Etudiant-e-s et personnels doivent continuer le combat contre la r\u00e9pression, la pr\u00e9carit\u00e9 [&hellip;]","og_url":"https:\/\/solidaires-etudiant-e-s.org\/site\/2014\/04\/15\/victoire-au-cneser-deleves-syndicalistes-contre-la-direction-de-lens\/","og_site_name":"Solidaires \u00e9tudiant-e-s","article_publisher":"https:\/\/www.facebook.com\/solidairesetudiantes","article_author":"https:\/\/www.facebook.com\/solidairesetudiantes","article_published_time":"2014-04-15T19:53:01+00:00","og_image":[{"width":2362,"height":1772,"url":"https:\/\/solidaires-etudiant-e-s.org\/site\/wp-content\/uploads\/2014\/04\/ensbanderole.jpg","type":"image\/jpeg"}],"author":"Solidaires \u00e9tudiant-e-s","twitter_card":"summary_large_image","twitter_creator":"@SolidairesEtu","twitter_site":"@SolidairesEtu","twitter_misc":{"\u00c9crit par":"Solidaires \u00e9tudiant-e-s","Dur\u00e9e de lecture estim\u00e9e":"2 minutes"},"schema":{"@context":"https:\/\/schema.org","@graph":[{"@type":"Article","@id":"https:\/\/solidaires-etudiant-e-s.org\/site\/2014\/04\/15\/victoire-au-cneser-deleves-syndicalistes-contre-la-direction-de-lens\/#article","isPartOf":{"@id":"https:\/\/solidaires-etudiant-e-s.org\/site\/2014\/04\/15\/victoire-au-cneser-deleves-syndicalistes-contre-la-direction-de-lens\/"},"author":{"name":"Solidaires \u00e9tudiant-e-s","@id":"https:\/\/solidaires-etudiant-e-s.org\/site\/#\/schema\/person\/0efb3e0ff4e2f12b5a5abcd4352aa86c"},"headline":"Victoire au CNESER d&#039;\u00e9l\u00e8ves syndicalistes contre la direction de l&#039;ENS.","datePublished":"2014-04-15T19:53:01+00:00","mainEntityOfPage":{"@id":"https:\/\/solidaires-etudiant-e-s.org\/site\/2014\/04\/15\/victoire-au-cneser-deleves-syndicalistes-contre-la-direction-de-lens\/"},"wordCount":422,"publisher":{"@id":"https:\/\/solidaires-etudiant-e-s.org\/site\/#organization"},"image":{"@id":"https:\/\/solidaires-etudiant-e-s.org\/site\/2014\/04\/15\/victoire-au-cneser-deleves-syndicalistes-contre-la-direction-de-lens\/#primaryimage"},"thumbnailUrl":"https:\/\/solidaires-etudiant-e-s.org\/site\/wp-content\/uploads\/2014\/04\/ensbanderole.jpg","articleSection":["COMMUNIQUES NATIONAUX","ENSEIGNEMENT SUPERIEUR"],"inLanguage":"fr-FR"},{"@type":"WebPage","@id":"https:\/\/solidaires-etudiant-e-s.org\/site\/2014\/04\/15\/victoire-au-cneser-deleves-syndicalistes-contre-la-direction-de-lens\/","url":"https:\/\/solidaires-etudiant-e-s.org\/site\/2014\/04\/15\/victoire-au-cneser-deleves-syndicalistes-contre-la-direction-de-lens\/","name":"Victoire au CNESER d&#039;\u00e9l\u00e8ves syndicalistes contre la direction de l&#039;ENS. - Solidaires \u00e9tudiant-e-s","isPartOf":{"@id":"https:\/\/solidaires-etudiant-e-s.org\/site\/#website"},"primaryImageOfPage":{"@id":"https:\/\/solidaires-etudiant-e-s.org\/site\/2014\/04\/15\/victoire-au-cneser-deleves-syndicalistes-contre-la-direction-de-lens\/#primaryimage"},"image":{"@id":"https:\/\/solidaires-etudiant-e-s.org\/site\/2014\/04\/15\/victoire-au-cneser-deleves-syndicalistes-contre-la-direction-de-lens\/#primaryimage"},"thumbnailUrl":"https:\/\/solidaires-etudiant-e-s.org\/site\/wp-content\/uploads\/2014\/04\/ensbanderole.jpg","datePublished":"2014-04-15T19:53:01+00:00","breadcrumb":{"@id":"https:\/\/solidaires-etudiant-e-s.org\/site\/2014\/04\/15\/victoire-au-cneser-deleves-syndicalistes-contre-la-direction-de-lens\/#breadcrumb"},"inLanguage":"fr-FR","potentialAction":[{"@type":"ReadAction","target":["https:\/\/solidaires-etudiant-e-s.org\/site\/2014\/04\/15\/victoire-au-cneser-deleves-syndicalistes-contre-la-direction-de-lens\/"]}]},{"@type":"ImageObject","inLanguage":"fr-FR","@id":"https:\/\/solidaires-etudiant-e-s.org\/site\/2014\/04\/15\/victoire-au-cneser-deleves-syndicalistes-contre-la-direction-de-lens\/#primaryimage","url":"https:\/\/solidaires-etudiant-e-s.org\/site\/wp-content\/uploads\/2014\/04\/ensbanderole.jpg","contentUrl":"https:\/\/solidaires-etudiant-e-s.org\/site\/wp-content\/uploads\/2014\/04\/ensbanderole.jpg","width":2362,"height":1772},{"@type":"BreadcrumbList","@id":"https:\/\/solidaires-etudiant-e-s.org\/site\/2014\/04\/15\/victoire-au-cneser-deleves-syndicalistes-contre-la-direction-de-lens\/#breadcrumb","itemListElement":[{"@type":"ListItem","position":1,"name":"Accueil","item":"https:\/\/solidaires-etudiant-e-s.org\/site\/"},{"@type":"ListItem","position":2,"name":"Victoire au CNESER d&#039;\u00e9l\u00e8ves syndicalistes contre la direction de l&#039;ENS."}]},{"@type":"WebSite","@id":"https:\/\/solidaires-etudiant-e-s.org\/site\/#website","url":"https:\/\/solidaires-etudiant-e-s.org\/site\/","name":"Solidaires \u00e9tudiant-e-s","description":"Syndicats pour un enseignement sup\u00e9rieur gratuit, ouvert, et \u00e9mancipateur !","publisher":{"@id":"https:\/\/solidaires-etudiant-e-s.org\/site\/#organization"},"potentialAction":[{"@type":"SearchAction","target":{"@type":"EntryPoint","urlTemplate":"https:\/\/solidaires-etudiant-e-s.org\/site\/?s={search_term_string}"},"query-input":{"@type":"PropertyValueSpecification","valueRequired":true,"valueName":"search_term_string"}}],"inLanguage":"fr-FR"},{"@type":"Organization","@id":"https:\/\/solidaires-etudiant-e-s.org\/site\/#organization","name":"Solidaires \u00e9tudiant-e-s","url":"https:\/\/solidaires-etudiant-e-s.org\/site\/","logo":{"@type":"ImageObject","inLanguage":"fr-FR","@id":"https:\/\/solidaires-etudiant-e-s.org\/site\/#\/schema\/logo\/image\/","url":"https:\/\/solidaires-etudiant-e-s.org\/site\/wp-content\/uploads\/2025\/12\/13-1.png","contentUrl":"https:\/\/solidaires-etudiant-e-s.org\/site\/wp-content\/uploads\/2025\/12\/13-1.png","width":1181,"height":827,"caption":"Solidaires \u00e9tudiant-e-s"},"image":{"@id":"https:\/\/solidaires-etudiant-e-s.org\/site\/#\/schema\/logo\/image\/"},"sameAs":["https:\/\/www.facebook.com\/solidairesetudiantes","https:\/\/x.com\/SolidairesEtu","https:\/\/www.instagram.com\/solidairesetu\/","https:\/\/bsky.app\/profile\/solidaires-etudiant-e-s.org","https:\/\/mastodon.social\/@solidairesetu","https:\/\/www.youtube.com\/channel\/UC_iZN9gmVAAnXbBM7wAWOag"]},{"@type":"Person","@id":"https:\/\/solidaires-etudiant-e-s.org\/site\/#\/schema\/person\/0efb3e0ff4e2f12b5a5abcd4352aa86c","name":"Solidaires \u00e9tudiant-e-s","image":{"@type":"ImageObject","inLanguage":"fr-FR","@id":"https:\/\/solidaires-etudiant-e-s.org\/site\/wp-content\/uploads\/2020\/01\/logo-SESL-rond-512-96x96.png","url":"https:\/\/solidaires-etudiant-e-s.org\/site\/wp-content\/uploads\/2020\/01\/logo-SESL-rond-512-96x96.png","contentUrl":"https:\/\/solidaires-etudiant-e-s.org\/site\/wp-content\/uploads\/2020\/01\/logo-SESL-rond-512-96x96.png","caption":"Solidaires \u00e9tudiant-e-s"},"sameAs":["https:\/\/solidaires-etudiant.org\/site","https:\/\/www.facebook.com\/solidairesetudiantes","https:\/\/www.instagram.com\/solidairesetu","https:\/\/x.com\/SolidairesEtu","https:\/\/fr.wikipedia.org\/wiki\/Solidaires_tudiant-e-s"]}]}},"_links":{"self":[{"href":"https:\/\/solidaires-etudiant-e-s.org\/site\/wp-json\/wp\/v2\/posts\/625","targetHints":{"allow":["GET"]}}],"collection":[{"href":"https:\/\/solidaires-etudiant-e-s.org\/site\/wp-json\/wp\/v2\/posts"}],"about":[{"href":"https:\/\/solidaires-etudiant-e-s.org\/site\/wp-json\/wp\/v2\/types\/post"}],"author":[{"embeddable":true,"href":"https:\/\/solidaires-etudiant-e-s.org\/site\/wp-json\/wp\/v2\/users\/1"}],"replies":[{"embeddable":true,"href":"https:\/\/solidaires-etudiant-e-s.org\/site\/wp-json\/wp\/v2\/comments?post=625"}],"version-history":[{"count":0,"href":"https:\/\/solidaires-etudiant-e-s.org\/site\/wp-json\/wp\/v2\/posts\/625\/revisions"}],"wp:featuredmedia":[{"embeddable":true,"href":"https:\/\/solidaires-etudiant-e-s.org\/site\/wp-json\/wp\/v2\/media\/631"}],"wp:attachment":[{"href":"https:\/\/solidaires-etudiant-e-s.org\/site\/wp-json\/wp\/v2\/media?parent=625"}],"wp:term":[{"taxonomy":"category","embeddable":true,"href":"https:\/\/solidaires-etudiant-e-s.org\/site\/wp-json\/wp\/v2\/categories?post=625"},{"taxonomy":"post_tag","embeddable":true,"href":"https:\/\/solidaires-etudiant-e-s.org\/site\/wp-json\/wp\/v2\/tags?post=625"}],"curies":[{"name":"wp","href":"https:\/\/api.w.org\/{rel}","templated":true}]}}