{"id":6164,"date":"2021-10-09T16:58:31","date_gmt":"2021-10-09T15:58:31","guid":{"rendered":"https:\/\/solidaires-etudiant.org\/site\/?p=6164"},"modified":"2021-10-09T16:58:32","modified_gmt":"2021-10-09T15:58:32","slug":"rencontre-use-solidaires-pour-une-alliance-des-syndicats-etudiants-au-niveau-europeen-contre-les-politiques-neo-liberales","status":"publish","type":"post","link":"https:\/\/solidaires-etudiant-e-s.org\/site\/2021\/10\/09\/rencontre-use-solidaires-pour-une-alliance-des-syndicats-etudiants-au-niveau-europeen-contre-les-politiques-neo-liberales\/","title":{"rendered":"Rencontre USE-Solidaires : pour une alliance des syndicats \u00e9tudiants au niveau europ\u00e9en contre les politiques n\u00e9o-lib\u00e9rales !"},"content":{"rendered":"\n<p>Ce week-end, une d\u00e9l\u00e9gation de Solidaires \u00e9tudiant.e.s s&rsquo;est rendue \u00e0 Bruxelles afin de participer aux c\u00f4t\u00e9s de l\u2019Union Syndicale \u00c9tudiante aux Classes de luttes organis\u00e9es par les Jeunes FGTB.<\/p>\n\n\n\n<p>Ce fut l&rsquo;occasion de se rencontrer, de parler de nos luttes communes, d&rsquo;en apprendre davantage sur nos modes d&rsquo;organisation mutuels et de discuter des possibilit\u00e9s d&rsquo;alliances futures en France comme en Belgique.&nbsp;<\/p>\n\n\n\n<p><strong>Force est de constater que les attaques anti-sociales continuent sans rel\u00e2che au niveau europ\u00e9en et partout dans le monde.<\/strong> La r\u00e9forme du d\u00e9cret paysage en Belgique, la r\u00e9forme des retraites du gouvernement Macron, ou encore la loi sur la lib\u00e9ralisation de l\u2019agriculture en Inde ne sont que des exemples parmi tant d\u2019autres.\u00a0 Au niveau \u00e9tudiant, nous pouvons observer que <strong>le processus de Bologne qui vise \u00e0 la standardisation de l\u2019enseignement au niveau europ\u00e9en, afin de nous rendre comp\u00e9titif face aux Etats Unis, est bien mis en place dans nos deux pays,<\/strong> notamment avec l\u2019augmentation des frais d\u2019inscriptions pour les \u00e9tudiant-e-s extra-communautaires en 2018 en France et en 2016 en Belgique. <strong>La crise sanitaire n\u2019a fait qu\u2019augmenter une pr\u00e9carit\u00e9 \u00e9tudiante bien existante, augmentant de fait la s\u00e9lection sociale \u00e0 l\u2019entr\u00e9e de l\u2019universit\u00e9.\u00a0<\/strong><\/p>\n\n\n\n<p>Par ailleurs, nous avons pu mettre en lumi\u00e8re de mani\u00e8re assez consensuelle le danger de la mont\u00e9e de l\u2019extr\u00eame-droite, donc l&rsquo;accointance avec le capital ne fait que renforcer une soci\u00e9t\u00e9 patriarcale et raciste.&nbsp;<\/p>\n\n\n\n<p>Il est donc n\u00e9cessaire<strong> de nous organiser collectivement en tant que classe contre la bourgeoisie.<\/strong> L&rsquo;importance d&rsquo;un syndicalisme de lutte comme outil contre ces syst\u00e8mes d&rsquo;exploitation est une \u00e9vidence.\u00a0<\/p>\n\n\n\n<p>Nous avons pu mettre en pratique ce constat le lendemain, lorsque nos syndicats se sont rejoints pour manifester pour la r\u00e9gularisation des sans papiers dans le cadre de la campagne \u00ab\u00a0We are Belgium too\u00a0\u00bb. Les sans papiers, en plus d\u2019\u00eatres traqu\u00e9-e-s par le gouvernement et la police, sont exploit\u00e9-e-s en tant que travailleur-euse-s par le patronat qui profite de cette main d\u2019oeuvre peu prot\u00e9g\u00e9e. <strong>Contre la mise en concurrence des travailleur-euse-s avec et sans papier, et pour la r\u00e9gularisation des sans papiers du monde entier !\u00a0<\/strong><\/p>\n\n\n\n<p class=\"has-text-align-center has-medium-font-size\"><strong>Pour un salaire \u00e9tudiant, pour un enseignement libre, gratuit, critique et d\u00e9mocratique : syndiquons-nous !<\/strong><\/p>\n\n\n\n<div class=\"wp-block-file\"><a href=\"https:\/\/solidaires-etudiant.org\/site\/wp-content\/uploads\/2021\/10\/Communique-Use-solidaires-1.pdf\" target=\"_blank\" rel=\"noreferrer noopener\">Le communiqu\u00e9 en PDF<\/a><a href=\"https:\/\/solidaires-etudiant.org\/site\/wp-content\/uploads\/2021\/10\/Communique-Use-solidaires-1.pdf\" class=\"wp-block-file__button\" download>T\u00e9l\u00e9charger<\/a><\/div>\n\n\n\n<p><\/p>\n\n\n\n<p class=\"has-text-align-center\"><strong>Les contacts de l&rsquo;Union Syndicale Etudiante<\/strong><\/p>\n\n\n\n<p class=\"has-text-align-center\">Leur site internet : <a href=\"https:\/\/use.be\" target=\"_blank\" rel=\"noreferrer noopener\">sur ce lien<\/a><\/p>\n\n\n\n<p class=\"has-text-align-center\">Leur Facebook : <a href=\"https:\/\/www.facebook.com\/UnionSyndicaleEtudiante\" target=\"_blank\" rel=\"noreferrer noopener\">sur ce lien<\/a><\/p>\n\n\n\n<p class=\"has-text-align-center\">Leur Instagram : <a href=\"https:\/\/www.instagram.com\/union_syndicale_etudiante\/\" target=\"_blank\" rel=\"noreferrer noopener\">sur ce lien<\/a><\/p>\n\n\n\n<p class=\"has-text-align-center\">Leur twitter : <a href=\"https:\/\/twitter.com\/UnSynEtudiante\" target=\"_blank\" rel=\"noreferrer noopener\">sur ce lien<\/a><\/p>\n\n\n\n<p class=\"has-text-align-center\">Leur adresse mail : <a>info@use.be<\/a><\/p>\n","protected":false},"excerpt":{"rendered":"<p>Ce week-end, une d\u00e9l\u00e9gation de Solidaires \u00e9tudiant.e.s s&rsquo;est rendue \u00e0 Bruxelles afin [&hellip;]<\/p>\n","protected":false},"author":1,"featured_media":6168,"comment_status":"open","ping_status":"open","sticky":false,"template":"","format":"standard","meta":{"cybocfi_hide_featured_image":"","footnotes":""},"categories":[24,35],"tags":[],"class_list":["post-6164","post","type-post","status-publish","format-standard","has-post-thumbnail","hentry","category-international","category-sante-social","col-md-4 col-sm-4"],"featured_image_src":"https:\/\/solidaires-etudiant-e-s.org\/site\/wp-content\/uploads\/2021\/10\/Copie-de-Design-sans-nom.png","author_info":{"display_name":"Solidaires \u00e9tudiant-e-s","author_link":false},"yoast_head":"<!-- This site is optimized with the Yoast SEO plugin v27.5 - https:\/\/yoast.com\/product\/yoast-seo-wordpress\/ -->\n<title>Rencontre USE-Solidaires : pour une alliance des syndicats \u00e9tudiants au niveau europ\u00e9en contre les politiques n\u00e9o-lib\u00e9rales ! - Solidaires \u00e9tudiant-e-s<\/title>\n<meta name=\"robots\" content=\"index, follow, max-snippet:-1, max-image-preview:large, max-video-preview:-1\" \/>\n<link rel=\"canonical\" href=\"https:\/\/solidaires-etudiant-e-s.org\/site\/2021\/10\/09\/rencontre-use-solidaires-pour-une-alliance-des-syndicats-etudiants-au-niveau-europeen-contre-les-politiques-neo-liberales\/\" \/>\n<meta property=\"og:locale\" content=\"fr_FR\" \/>\n<meta property=\"og:type\" content=\"article\" \/>\n<meta property=\"og:title\" content=\"Rencontre USE-Solidaires : pour une alliance des syndicats \u00e9tudiants au niveau europ\u00e9en contre les politiques n\u00e9o-lib\u00e9rales ! - Solidaires \u00e9tudiant-e-s\" \/>\n<meta property=\"og:description\" content=\"Ce week-end, une d\u00e9l\u00e9gation de Solidaires \u00e9tudiant.e.s s&rsquo;est rendue \u00e0 Bruxelles afin [&hellip;]\" \/>\n<meta property=\"og:url\" content=\"https:\/\/solidaires-etudiant-e-s.org\/site\/2021\/10\/09\/rencontre-use-solidaires-pour-une-alliance-des-syndicats-etudiants-au-niveau-europeen-contre-les-politiques-neo-liberales\/\" \/>\n<meta property=\"og:site_name\" content=\"Solidaires \u00e9tudiant-e-s\" \/>\n<meta property=\"article:publisher\" content=\"https:\/\/www.facebook.com\/solidairesetudiantes\" \/>\n<meta property=\"article:author\" content=\"https:\/\/www.facebook.com\/solidairesetudiantes\" \/>\n<meta property=\"article:published_time\" content=\"2021-10-09T15:58:31+00:00\" \/>\n<meta property=\"article:modified_time\" content=\"2021-10-09T15:58:32+00:00\" \/>\n<meta property=\"og:image\" content=\"https:\/\/solidaires-etudiant-e-s.org\/site\/wp-content\/uploads\/2021\/10\/Copie-de-Design-sans-nom.png\" \/>\n\t<meta property=\"og:image:width\" content=\"750\" \/>\n\t<meta property=\"og:image:height\" content=\"500\" \/>\n\t<meta property=\"og:image:type\" content=\"image\/png\" \/>\n<meta name=\"author\" content=\"Solidaires \u00e9tudiant-e-s\" \/>\n<meta name=\"twitter:card\" content=\"summary_large_image\" \/>\n<meta name=\"twitter:creator\" content=\"@SolidairesEtu\" \/>\n<meta name=\"twitter:site\" content=\"@SolidairesEtu\" \/>\n<meta name=\"twitter:label1\" content=\"\u00c9crit par\" \/>\n\t<meta name=\"twitter:data1\" content=\"Solidaires \u00e9tudiant-e-s\" \/>\n\t<meta name=\"twitter:label2\" content=\"Dur\u00e9e de lecture estim\u00e9e\" \/>\n\t<meta name=\"twitter:data2\" content=\"2 minutes\" \/>\n<script type=\"application\/ld+json\" class=\"yoast-schema-graph\">{\"@context\":\"https:\\\/\\\/schema.org\",\"@graph\":[{\"@type\":\"Article\",\"@id\":\"https:\\\/\\\/solidaires-etudiant-e-s.org\\\/site\\\/2021\\\/10\\\/09\\\/rencontre-use-solidaires-pour-une-alliance-des-syndicats-etudiants-au-niveau-europeen-contre-les-politiques-neo-liberales\\\/#article\",\"isPartOf\":{\"@id\":\"https:\\\/\\\/solidaires-etudiant-e-s.org\\\/site\\\/2021\\\/10\\\/09\\\/rencontre-use-solidaires-pour-une-alliance-des-syndicats-etudiants-au-niveau-europeen-contre-les-politiques-neo-liberales\\\/\"},\"author\":{\"name\":\"Solidaires \u00e9tudiant-e-s\",\"@id\":\"https:\\\/\\\/solidaires-etudiant-e-s.org\\\/site\\\/#\\\/schema\\\/person\\\/0efb3e0ff4e2f12b5a5abcd4352aa86c\"},\"headline\":\"Rencontre USE-Solidaires : pour une alliance des syndicats \u00e9tudiants au niveau europ\u00e9en contre les politiques n\u00e9o-lib\u00e9rales !\",\"datePublished\":\"2021-10-09T15:58:31+00:00\",\"dateModified\":\"2021-10-09T15:58:32+00:00\",\"mainEntityOfPage\":{\"@id\":\"https:\\\/\\\/solidaires-etudiant-e-s.org\\\/site\\\/2021\\\/10\\\/09\\\/rencontre-use-solidaires-pour-une-alliance-des-syndicats-etudiants-au-niveau-europeen-contre-les-politiques-neo-liberales\\\/\"},\"wordCount\":463,\"commentCount\":0,\"publisher\":{\"@id\":\"https:\\\/\\\/solidaires-etudiant-e-s.org\\\/site\\\/#organization\"},\"image\":{\"@id\":\"https:\\\/\\\/solidaires-etudiant-e-s.org\\\/site\\\/2021\\\/10\\\/09\\\/rencontre-use-solidaires-pour-une-alliance-des-syndicats-etudiants-au-niveau-europeen-contre-les-politiques-neo-liberales\\\/#primaryimage\"},\"thumbnailUrl\":\"https:\\\/\\\/solidaires-etudiant-e-s.org\\\/site\\\/wp-content\\\/uploads\\\/2021\\\/10\\\/Copie-de-Design-sans-nom.png\",\"articleSection\":[\"INTERNATIONAL\",\"SANTE SOCIAL\"],\"inLanguage\":\"fr-FR\",\"potentialAction\":[{\"@type\":\"CommentAction\",\"name\":\"Comment\",\"target\":[\"https:\\\/\\\/solidaires-etudiant-e-s.org\\\/site\\\/2021\\\/10\\\/09\\\/rencontre-use-solidaires-pour-une-alliance-des-syndicats-etudiants-au-niveau-europeen-contre-les-politiques-neo-liberales\\\/#respond\"]}]},{\"@type\":\"WebPage\",\"@id\":\"https:\\\/\\\/solidaires-etudiant-e-s.org\\\/site\\\/2021\\\/10\\\/09\\\/rencontre-use-solidaires-pour-une-alliance-des-syndicats-etudiants-au-niveau-europeen-contre-les-politiques-neo-liberales\\\/\",\"url\":\"https:\\\/\\\/solidaires-etudiant-e-s.org\\\/site\\\/2021\\\/10\\\/09\\\/rencontre-use-solidaires-pour-une-alliance-des-syndicats-etudiants-au-niveau-europeen-contre-les-politiques-neo-liberales\\\/\",\"name\":\"Rencontre USE-Solidaires : pour une alliance des syndicats \u00e9tudiants au niveau europ\u00e9en contre les politiques n\u00e9o-lib\u00e9rales ! - Solidaires \u00e9tudiant-e-s\",\"isPartOf\":{\"@id\":\"https:\\\/\\\/solidaires-etudiant-e-s.org\\\/site\\\/#website\"},\"primaryImageOfPage\":{\"@id\":\"https:\\\/\\\/solidaires-etudiant-e-s.org\\\/site\\\/2021\\\/10\\\/09\\\/rencontre-use-solidaires-pour-une-alliance-des-syndicats-etudiants-au-niveau-europeen-contre-les-politiques-neo-liberales\\\/#primaryimage\"},\"image\":{\"@id\":\"https:\\\/\\\/solidaires-etudiant-e-s.org\\\/site\\\/2021\\\/10\\\/09\\\/rencontre-use-solidaires-pour-une-alliance-des-syndicats-etudiants-au-niveau-europeen-contre-les-politiques-neo-liberales\\\/#primaryimage\"},\"thumbnailUrl\":\"https:\\\/\\\/solidaires-etudiant-e-s.org\\\/site\\\/wp-content\\\/uploads\\\/2021\\\/10\\\/Copie-de-Design-sans-nom.png\",\"datePublished\":\"2021-10-09T15:58:31+00:00\",\"dateModified\":\"2021-10-09T15:58:32+00:00\",\"breadcrumb\":{\"@id\":\"https:\\\/\\\/solidaires-etudiant-e-s.org\\\/site\\\/2021\\\/10\\\/09\\\/rencontre-use-solidaires-pour-une-alliance-des-syndicats-etudiants-au-niveau-europeen-contre-les-politiques-neo-liberales\\\/#breadcrumb\"},\"inLanguage\":\"fr-FR\",\"potentialAction\":[{\"@type\":\"ReadAction\",\"target\":[\"https:\\\/\\\/solidaires-etudiant-e-s.org\\\/site\\\/2021\\\/10\\\/09\\\/rencontre-use-solidaires-pour-une-alliance-des-syndicats-etudiants-au-niveau-europeen-contre-les-politiques-neo-liberales\\\/\"]}]},{\"@type\":\"ImageObject\",\"inLanguage\":\"fr-FR\",\"@id\":\"https:\\\/\\\/solidaires-etudiant-e-s.org\\\/site\\\/2021\\\/10\\\/09\\\/rencontre-use-solidaires-pour-une-alliance-des-syndicats-etudiants-au-niveau-europeen-contre-les-politiques-neo-liberales\\\/#primaryimage\",\"url\":\"https:\\\/\\\/solidaires-etudiant-e-s.org\\\/site\\\/wp-content\\\/uploads\\\/2021\\\/10\\\/Copie-de-Design-sans-nom.png\",\"contentUrl\":\"https:\\\/\\\/solidaires-etudiant-e-s.org\\\/site\\\/wp-content\\\/uploads\\\/2021\\\/10\\\/Copie-de-Design-sans-nom.png\",\"width\":750,\"height\":500},{\"@type\":\"BreadcrumbList\",\"@id\":\"https:\\\/\\\/solidaires-etudiant-e-s.org\\\/site\\\/2021\\\/10\\\/09\\\/rencontre-use-solidaires-pour-une-alliance-des-syndicats-etudiants-au-niveau-europeen-contre-les-politiques-neo-liberales\\\/#breadcrumb\",\"itemListElement\":[{\"@type\":\"ListItem\",\"position\":1,\"name\":\"Accueil\",\"item\":\"https:\\\/\\\/solidaires-etudiant-e-s.org\\\/site\\\/\"},{\"@type\":\"ListItem\",\"position\":2,\"name\":\"Rencontre USE-Solidaires : pour une alliance des syndicats \u00e9tudiants au niveau europ\u00e9en contre les politiques n\u00e9o-lib\u00e9rales !\"}]},{\"@type\":\"WebSite\",\"@id\":\"https:\\\/\\\/solidaires-etudiant-e-s.org\\\/site\\\/#website\",\"url\":\"https:\\\/\\\/solidaires-etudiant-e-s.org\\\/site\\\/\",\"name\":\"Solidaires \u00e9tudiant-e-s\",\"description\":\"Syndicats pour un enseignement sup\u00e9rieur gratuit, ouvert, et \u00e9mancipateur !\",\"publisher\":{\"@id\":\"https:\\\/\\\/solidaires-etudiant-e-s.org\\\/site\\\/#organization\"},\"potentialAction\":[{\"@type\":\"SearchAction\",\"target\":{\"@type\":\"EntryPoint\",\"urlTemplate\":\"https:\\\/\\\/solidaires-etudiant-e-s.org\\\/site\\\/?s={search_term_string}\"},\"query-input\":{\"@type\":\"PropertyValueSpecification\",\"valueRequired\":true,\"valueName\":\"search_term_string\"}}],\"inLanguage\":\"fr-FR\"},{\"@type\":\"Organization\",\"@id\":\"https:\\\/\\\/solidaires-etudiant-e-s.org\\\/site\\\/#organization\",\"name\":\"Solidaires \u00e9tudiant-e-s\",\"url\":\"https:\\\/\\\/solidaires-etudiant-e-s.org\\\/site\\\/\",\"logo\":{\"@type\":\"ImageObject\",\"inLanguage\":\"fr-FR\",\"@id\":\"https:\\\/\\\/solidaires-etudiant-e-s.org\\\/site\\\/#\\\/schema\\\/logo\\\/image\\\/\",\"url\":\"https:\\\/\\\/solidaires-etudiant-e-s.org\\\/site\\\/wp-content\\\/uploads\\\/2025\\\/12\\\/13-1.png\",\"contentUrl\":\"https:\\\/\\\/solidaires-etudiant-e-s.org\\\/site\\\/wp-content\\\/uploads\\\/2025\\\/12\\\/13-1.png\",\"width\":1181,\"height\":827,\"caption\":\"Solidaires \u00e9tudiant-e-s\"},\"image\":{\"@id\":\"https:\\\/\\\/solidaires-etudiant-e-s.org\\\/site\\\/#\\\/schema\\\/logo\\\/image\\\/\"},\"sameAs\":[\"https:\\\/\\\/www.facebook.com\\\/solidairesetudiantes\",\"https:\\\/\\\/x.com\\\/SolidairesEtu\",\"https:\\\/\\\/www.instagram.com\\\/solidairesetu\\\/\",\"https:\\\/\\\/bsky.app\\\/profile\\\/solidaires-etudiant-e-s.org\",\"https:\\\/\\\/mastodon.social\\\/@solidairesetu\",\"https:\\\/\\\/www.youtube.com\\\/channel\\\/UC_iZN9gmVAAnXbBM7wAWOag\"]},{\"@type\":\"Person\",\"@id\":\"https:\\\/\\\/solidaires-etudiant-e-s.org\\\/site\\\/#\\\/schema\\\/person\\\/0efb3e0ff4e2f12b5a5abcd4352aa86c\",\"name\":\"Solidaires \u00e9tudiant-e-s\",\"image\":{\"@type\":\"ImageObject\",\"inLanguage\":\"fr-FR\",\"@id\":\"https:\\\/\\\/solidaires-etudiant-e-s.org\\\/site\\\/wp-content\\\/uploads\\\/2020\\\/01\\\/logo-SESL-rond-512-96x96.png\",\"url\":\"https:\\\/\\\/solidaires-etudiant-e-s.org\\\/site\\\/wp-content\\\/uploads\\\/2020\\\/01\\\/logo-SESL-rond-512-96x96.png\",\"contentUrl\":\"https:\\\/\\\/solidaires-etudiant-e-s.org\\\/site\\\/wp-content\\\/uploads\\\/2020\\\/01\\\/logo-SESL-rond-512-96x96.png\",\"caption\":\"Solidaires \u00e9tudiant-e-s\"},\"sameAs\":[\"https:\\\/\\\/solidaires-etudiant.org\\\/site\",\"https:\\\/\\\/www.facebook.com\\\/solidairesetudiantes\",\"https:\\\/\\\/www.instagram.com\\\/solidairesetu\",\"https:\\\/\\\/x.com\\\/SolidairesEtu\",\"https:\\\/\\\/fr.wikipedia.org\\\/wiki\\\/Solidaires_tudiant-e-s\"]}]}<\/script>\n<!-- \/ Yoast SEO plugin. -->","yoast_head_json":{"title":"Rencontre USE-Solidaires : pour une alliance des syndicats \u00e9tudiants au niveau europ\u00e9en contre les politiques n\u00e9o-lib\u00e9rales ! - Solidaires \u00e9tudiant-e-s","robots":{"index":"index","follow":"follow","max-snippet":"max-snippet:-1","max-image-preview":"max-image-preview:large","max-video-preview":"max-video-preview:-1"},"canonical":"https:\/\/solidaires-etudiant-e-s.org\/site\/2021\/10\/09\/rencontre-use-solidaires-pour-une-alliance-des-syndicats-etudiants-au-niveau-europeen-contre-les-politiques-neo-liberales\/","og_locale":"fr_FR","og_type":"article","og_title":"Rencontre USE-Solidaires : pour une alliance des syndicats \u00e9tudiants au niveau europ\u00e9en contre les politiques n\u00e9o-lib\u00e9rales ! - Solidaires \u00e9tudiant-e-s","og_description":"Ce week-end, une d\u00e9l\u00e9gation de Solidaires \u00e9tudiant.e.s s&rsquo;est rendue \u00e0 Bruxelles afin [&hellip;]","og_url":"https:\/\/solidaires-etudiant-e-s.org\/site\/2021\/10\/09\/rencontre-use-solidaires-pour-une-alliance-des-syndicats-etudiants-au-niveau-europeen-contre-les-politiques-neo-liberales\/","og_site_name":"Solidaires \u00e9tudiant-e-s","article_publisher":"https:\/\/www.facebook.com\/solidairesetudiantes","article_author":"https:\/\/www.facebook.com\/solidairesetudiantes","article_published_time":"2021-10-09T15:58:31+00:00","article_modified_time":"2021-10-09T15:58:32+00:00","og_image":[{"width":750,"height":500,"url":"https:\/\/solidaires-etudiant-e-s.org\/site\/wp-content\/uploads\/2021\/10\/Copie-de-Design-sans-nom.png","type":"image\/png"}],"author":"Solidaires \u00e9tudiant-e-s","twitter_card":"summary_large_image","twitter_creator":"@SolidairesEtu","twitter_site":"@SolidairesEtu","twitter_misc":{"\u00c9crit par":"Solidaires \u00e9tudiant-e-s","Dur\u00e9e de lecture estim\u00e9e":"2 minutes"},"schema":{"@context":"https:\/\/schema.org","@graph":[{"@type":"Article","@id":"https:\/\/solidaires-etudiant-e-s.org\/site\/2021\/10\/09\/rencontre-use-solidaires-pour-une-alliance-des-syndicats-etudiants-au-niveau-europeen-contre-les-politiques-neo-liberales\/#article","isPartOf":{"@id":"https:\/\/solidaires-etudiant-e-s.org\/site\/2021\/10\/09\/rencontre-use-solidaires-pour-une-alliance-des-syndicats-etudiants-au-niveau-europeen-contre-les-politiques-neo-liberales\/"},"author":{"name":"Solidaires \u00e9tudiant-e-s","@id":"https:\/\/solidaires-etudiant-e-s.org\/site\/#\/schema\/person\/0efb3e0ff4e2f12b5a5abcd4352aa86c"},"headline":"Rencontre USE-Solidaires : pour une alliance des syndicats \u00e9tudiants au niveau europ\u00e9en contre les politiques n\u00e9o-lib\u00e9rales !","datePublished":"2021-10-09T15:58:31+00:00","dateModified":"2021-10-09T15:58:32+00:00","mainEntityOfPage":{"@id":"https:\/\/solidaires-etudiant-e-s.org\/site\/2021\/10\/09\/rencontre-use-solidaires-pour-une-alliance-des-syndicats-etudiants-au-niveau-europeen-contre-les-politiques-neo-liberales\/"},"wordCount":463,"commentCount":0,"publisher":{"@id":"https:\/\/solidaires-etudiant-e-s.org\/site\/#organization"},"image":{"@id":"https:\/\/solidaires-etudiant-e-s.org\/site\/2021\/10\/09\/rencontre-use-solidaires-pour-une-alliance-des-syndicats-etudiants-au-niveau-europeen-contre-les-politiques-neo-liberales\/#primaryimage"},"thumbnailUrl":"https:\/\/solidaires-etudiant-e-s.org\/site\/wp-content\/uploads\/2021\/10\/Copie-de-Design-sans-nom.png","articleSection":["INTERNATIONAL","SANTE SOCIAL"],"inLanguage":"fr-FR","potentialAction":[{"@type":"CommentAction","name":"Comment","target":["https:\/\/solidaires-etudiant-e-s.org\/site\/2021\/10\/09\/rencontre-use-solidaires-pour-une-alliance-des-syndicats-etudiants-au-niveau-europeen-contre-les-politiques-neo-liberales\/#respond"]}]},{"@type":"WebPage","@id":"https:\/\/solidaires-etudiant-e-s.org\/site\/2021\/10\/09\/rencontre-use-solidaires-pour-une-alliance-des-syndicats-etudiants-au-niveau-europeen-contre-les-politiques-neo-liberales\/","url":"https:\/\/solidaires-etudiant-e-s.org\/site\/2021\/10\/09\/rencontre-use-solidaires-pour-une-alliance-des-syndicats-etudiants-au-niveau-europeen-contre-les-politiques-neo-liberales\/","name":"Rencontre USE-Solidaires : pour une alliance des syndicats \u00e9tudiants au niveau europ\u00e9en contre les politiques n\u00e9o-lib\u00e9rales ! - Solidaires \u00e9tudiant-e-s","isPartOf":{"@id":"https:\/\/solidaires-etudiant-e-s.org\/site\/#website"},"primaryImageOfPage":{"@id":"https:\/\/solidaires-etudiant-e-s.org\/site\/2021\/10\/09\/rencontre-use-solidaires-pour-une-alliance-des-syndicats-etudiants-au-niveau-europeen-contre-les-politiques-neo-liberales\/#primaryimage"},"image":{"@id":"https:\/\/solidaires-etudiant-e-s.org\/site\/2021\/10\/09\/rencontre-use-solidaires-pour-une-alliance-des-syndicats-etudiants-au-niveau-europeen-contre-les-politiques-neo-liberales\/#primaryimage"},"thumbnailUrl":"https:\/\/solidaires-etudiant-e-s.org\/site\/wp-content\/uploads\/2021\/10\/Copie-de-Design-sans-nom.png","datePublished":"2021-10-09T15:58:31+00:00","dateModified":"2021-10-09T15:58:32+00:00","breadcrumb":{"@id":"https:\/\/solidaires-etudiant-e-s.org\/site\/2021\/10\/09\/rencontre-use-solidaires-pour-une-alliance-des-syndicats-etudiants-au-niveau-europeen-contre-les-politiques-neo-liberales\/#breadcrumb"},"inLanguage":"fr-FR","potentialAction":[{"@type":"ReadAction","target":["https:\/\/solidaires-etudiant-e-s.org\/site\/2021\/10\/09\/rencontre-use-solidaires-pour-une-alliance-des-syndicats-etudiants-au-niveau-europeen-contre-les-politiques-neo-liberales\/"]}]},{"@type":"ImageObject","inLanguage":"fr-FR","@id":"https:\/\/solidaires-etudiant-e-s.org\/site\/2021\/10\/09\/rencontre-use-solidaires-pour-une-alliance-des-syndicats-etudiants-au-niveau-europeen-contre-les-politiques-neo-liberales\/#primaryimage","url":"https:\/\/solidaires-etudiant-e-s.org\/site\/wp-content\/uploads\/2021\/10\/Copie-de-Design-sans-nom.png","contentUrl":"https:\/\/solidaires-etudiant-e-s.org\/site\/wp-content\/uploads\/2021\/10\/Copie-de-Design-sans-nom.png","width":750,"height":500},{"@type":"BreadcrumbList","@id":"https:\/\/solidaires-etudiant-e-s.org\/site\/2021\/10\/09\/rencontre-use-solidaires-pour-une-alliance-des-syndicats-etudiants-au-niveau-europeen-contre-les-politiques-neo-liberales\/#breadcrumb","itemListElement":[{"@type":"ListItem","position":1,"name":"Accueil","item":"https:\/\/solidaires-etudiant-e-s.org\/site\/"},{"@type":"ListItem","position":2,"name":"Rencontre USE-Solidaires : pour une alliance des syndicats \u00e9tudiants au niveau europ\u00e9en contre les politiques n\u00e9o-lib\u00e9rales !"}]},{"@type":"WebSite","@id":"https:\/\/solidaires-etudiant-e-s.org\/site\/#website","url":"https:\/\/solidaires-etudiant-e-s.org\/site\/","name":"Solidaires \u00e9tudiant-e-s","description":"Syndicats pour un enseignement sup\u00e9rieur gratuit, ouvert, et \u00e9mancipateur !","publisher":{"@id":"https:\/\/solidaires-etudiant-e-s.org\/site\/#organization"},"potentialAction":[{"@type":"SearchAction","target":{"@type":"EntryPoint","urlTemplate":"https:\/\/solidaires-etudiant-e-s.org\/site\/?s={search_term_string}"},"query-input":{"@type":"PropertyValueSpecification","valueRequired":true,"valueName":"search_term_string"}}],"inLanguage":"fr-FR"},{"@type":"Organization","@id":"https:\/\/solidaires-etudiant-e-s.org\/site\/#organization","name":"Solidaires \u00e9tudiant-e-s","url":"https:\/\/solidaires-etudiant-e-s.org\/site\/","logo":{"@type":"ImageObject","inLanguage":"fr-FR","@id":"https:\/\/solidaires-etudiant-e-s.org\/site\/#\/schema\/logo\/image\/","url":"https:\/\/solidaires-etudiant-e-s.org\/site\/wp-content\/uploads\/2025\/12\/13-1.png","contentUrl":"https:\/\/solidaires-etudiant-e-s.org\/site\/wp-content\/uploads\/2025\/12\/13-1.png","width":1181,"height":827,"caption":"Solidaires \u00e9tudiant-e-s"},"image":{"@id":"https:\/\/solidaires-etudiant-e-s.org\/site\/#\/schema\/logo\/image\/"},"sameAs":["https:\/\/www.facebook.com\/solidairesetudiantes","https:\/\/x.com\/SolidairesEtu","https:\/\/www.instagram.com\/solidairesetu\/","https:\/\/bsky.app\/profile\/solidaires-etudiant-e-s.org","https:\/\/mastodon.social\/@solidairesetu","https:\/\/www.youtube.com\/channel\/UC_iZN9gmVAAnXbBM7wAWOag"]},{"@type":"Person","@id":"https:\/\/solidaires-etudiant-e-s.org\/site\/#\/schema\/person\/0efb3e0ff4e2f12b5a5abcd4352aa86c","name":"Solidaires \u00e9tudiant-e-s","image":{"@type":"ImageObject","inLanguage":"fr-FR","@id":"https:\/\/solidaires-etudiant-e-s.org\/site\/wp-content\/uploads\/2020\/01\/logo-SESL-rond-512-96x96.png","url":"https:\/\/solidaires-etudiant-e-s.org\/site\/wp-content\/uploads\/2020\/01\/logo-SESL-rond-512-96x96.png","contentUrl":"https:\/\/solidaires-etudiant-e-s.org\/site\/wp-content\/uploads\/2020\/01\/logo-SESL-rond-512-96x96.png","caption":"Solidaires \u00e9tudiant-e-s"},"sameAs":["https:\/\/solidaires-etudiant.org\/site","https:\/\/www.facebook.com\/solidairesetudiantes","https:\/\/www.instagram.com\/solidairesetu","https:\/\/x.com\/SolidairesEtu","https:\/\/fr.wikipedia.org\/wiki\/Solidaires_tudiant-e-s"]}]}},"_links":{"self":[{"href":"https:\/\/solidaires-etudiant-e-s.org\/site\/wp-json\/wp\/v2\/posts\/6164","targetHints":{"allow":["GET"]}}],"collection":[{"href":"https:\/\/solidaires-etudiant-e-s.org\/site\/wp-json\/wp\/v2\/posts"}],"about":[{"href":"https:\/\/solidaires-etudiant-e-s.org\/site\/wp-json\/wp\/v2\/types\/post"}],"author":[{"embeddable":true,"href":"https:\/\/solidaires-etudiant-e-s.org\/site\/wp-json\/wp\/v2\/users\/1"}],"replies":[{"embeddable":true,"href":"https:\/\/solidaires-etudiant-e-s.org\/site\/wp-json\/wp\/v2\/comments?post=6164"}],"version-history":[{"count":4,"href":"https:\/\/solidaires-etudiant-e-s.org\/site\/wp-json\/wp\/v2\/posts\/6164\/revisions"}],"predecessor-version":[{"id":6171,"href":"https:\/\/solidaires-etudiant-e-s.org\/site\/wp-json\/wp\/v2\/posts\/6164\/revisions\/6171"}],"wp:featuredmedia":[{"embeddable":true,"href":"https:\/\/solidaires-etudiant-e-s.org\/site\/wp-json\/wp\/v2\/media\/6168"}],"wp:attachment":[{"href":"https:\/\/solidaires-etudiant-e-s.org\/site\/wp-json\/wp\/v2\/media?parent=6164"}],"wp:term":[{"taxonomy":"category","embeddable":true,"href":"https:\/\/solidaires-etudiant-e-s.org\/site\/wp-json\/wp\/v2\/categories?post=6164"},{"taxonomy":"post_tag","embeddable":true,"href":"https:\/\/solidaires-etudiant-e-s.org\/site\/wp-json\/wp\/v2\/tags?post=6164"}],"curies":[{"name":"wp","href":"https:\/\/api.w.org\/{rel}","templated":true}]}}