{"id":6086,"date":"2021-05-10T12:33:22","date_gmt":"2021-05-10T11:33:22","guid":{"rendered":"https:\/\/solidaires-etudiant.org\/site\/?p=6086"},"modified":"2021-05-10T12:49:06","modified_gmt":"2021-05-10T11:49:06","slug":"campus-connectes-par-ministere-deconnecte","status":"publish","type":"post","link":"https:\/\/solidaires-etudiant-e-s.org\/site\/2021\/05\/10\/campus-connectes-par-ministere-deconnecte\/","title":{"rendered":"Campus connect\u00e9s par minist\u00e8re d\u00e9connect\u00e9"},"content":{"rendered":"\n<p>Avec ses campus connect\u00e9s, le Minist\u00e8re de l&rsquo;Enseignement Sup\u00e9rieur, de la Recherche et de l&rsquo;Innovation nous vend ce qui semble \u00eatre a priori une chance pour les \u00e9tudiant-e-s de villes moyennes, pr\u00e9caires, d&rsquo;Outre-Mer : la possibilit\u00e9 d&rsquo;acc\u00e9der \u00e0 l&rsquo;Enseignement Sup\u00e9rieur sans se rendre dans des universit\u00e9s de grandes villes. Derri\u00e8re cette fa\u00e7ade se cache en fait la r\u00e9alit\u00e9 de la lib\u00e9ralisation de l&rsquo;Enseignement Sup\u00e9rieur et de la Recherche : loin de r\u00e9ellement pouvoir suivre des \u00e9tudes, les \u00e9tudiant-e-s de ces campus connect\u00e9s se retrouvent sans r\u00e9el accompagnement : il n&rsquo;y a pas d&rsquo;enseignant-e, tout au plus \u00ab\u00a0un coach [&#8230;] qui veille \u00e0 ce que le jeune n&rsquo;abandonne pas\u00a0\u00bb. Le fait que ces campus c\u00f4toient des \u00ab\u00a0fab-lab\u00a0\u00bb montrent la privil\u00e9gisation d&rsquo;une vision o\u00f9 l&rsquo;\u00e9tudiant-e est l&rsquo;entrepreneur-se de ses \u00e9tudes, suivant le projet individualisant et lib\u00e9ral de la \u00ab\u00a0start-up nation\u00a0\u00bb.<\/p>\n\n\n\n<p>Cette solution n&rsquo;en est pas une : si un-e \u00e9tudiant-e suit une formation d&rsquo;une universit\u00e9 parisienne depuis chez lui, car pr\u00e9caire, car complexe de se d\u00e9placer, de se loger dans une grande m\u00e9tropole, il y aura une volont\u00e9 de la d\u00e9valoriser sous le pr\u00e9texte qu&rsquo;elle ai \u00e9t\u00e9 suivie en ligne. Il s&rsquo;agit \u00e9galement l\u00e0 d&rsquo;une reconnaissance par le MESRI d&rsquo;universit\u00e9s \u00e0 deux vitesses, comme le montre le fait que \u00ab\u00a0des jeunes [pourront] \u00eatre dipl\u00f4m\u00e9s d\u2019universit\u00e9s parisiennes en continuant d\u2019habiter en Guyane ou en Polyn\u00e9sie fran\u00e7aise\u00a0\u00bb &#8211; sous-entendant que les universit\u00e9s d&rsquo;Outre-Mer sont mois bien que les universit\u00e9s parisiennes, et montrant une absence de volont\u00e9 de r\u00e9gler ce probl\u00e8me.<\/p>\n\n\n\n<p>Cette d\u00e9mat\u00e9rialisation s&rsquo;inscrit pleinement dans la lib\u00e9ralisation de l&rsquo;Enseignement Sup\u00e9rieur. Nous pouvons en effet faire remonter cette volont\u00e9 jusqu&rsquo;au Processus de Bologne, qui pr\u00f4ne \u00ab\u00a0l&rsquo;\u00e9ducation hors \u00e9cole\u00a0\u00bb et pr\u00e9voyait d\u00e8s 1999 un d\u00e9sengorgement des sites de l&rsquo;Enseignement Sup\u00e9rieur ainsi que la soumission de ce dernier aux r\u00e8gles du march\u00e9. Ainsi, la mise en place de ces campus connect\u00e9s va dans ce sens, en continuant le projet de d\u00e9mat\u00e9rialisation de la bourgeoisie, r\u00e9duisant la pr\u00e9sence des \u00e9tudiant-e-s sur site ainsi que les co\u00fbts de l&rsquo;enseignement. En effet, le nombre d&rsquo;enseignant-e-s n\u00e9cessaire est drastiquement r\u00e9duit par la d\u00e9mat\u00e9rialisation, participant \u00e0 la mise en concurrence du milieu et la difficult\u00e9 d&rsquo;y trouver des postes. De plus, les tuteur-rice-s et coach pr\u00e9sent-e-s sur les campus connect\u00e9-e-s pour encadrer les \u00e9tudiant-e-s renvoient \u00e9galement aux \u00ab\u00a0prestataires de services \u00e9ducatifs\u00a0\u00bb, \u00e9voqu\u00e9s en 1998 dans un rapport de l&rsquo;Organisation de Coop\u00e9ration et de D\u00e9veloppement \u00c9conomiques menant au Processus de Bologne dans le but de remplacer les enseignant-e-s et de r\u00e9duire les co\u00fbts de l&rsquo;enseignement.<\/p>\n\n\n\n<p>Nous r\u00e9affirmons donc les dangers de la d\u00e9mat\u00e9rialisation qui ne fait que participer \u00e0 une politique lib\u00e9rale et d\u00e9structuratrice de l&rsquo;Enseignement Sup\u00e9rieur, r\u00e9duisant le nombre de postes d&rsquo;enseignant-e-s, la qualit\u00e9 des enseignements et des encadrements dispens\u00e9s aux \u00e9tudiant-e-s et visant \u00e0 proposer une fausse solution aux \u00e9tudiant-e-s pr\u00e9caires et \u00e9loign\u00e9-e-s des campus.<\/p>\n\n\n\n<p>En effet, ce projet de d\u00e9mat\u00e9rialisation co\u00fbte tr\u00e8s cher : 25 millions d&rsquo;euros de subventions fournies par le Minist\u00e8re de l&rsquo;Enseignement Sup\u00e9rieur, de la Recherche et de l&rsquo;Innovation et les collectivit\u00e9s territoriales. Ceci repr\u00e9sente une somme consid\u00e9rable, qui pourrait \u00eatre allou\u00e9e \u00e0 rendre plus accessibles de r\u00e9elles formations de l\u2019Enseignement Sup\u00e9rieur aux \u00e9tudiant-e-s pr\u00e9caires, isol\u00e9-e-s et handicap\u00e9-e-s, par exemple via l&rsquo;augmentation des bourses en nombres et en montant, et la mise en place d&rsquo;un plan de construction de logements CROUS. La priorit\u00e9 du minist\u00e8re devrait \u00eatre la pr\u00e9carit\u00e9 de nombreu-x-ses \u00e9tudiant-e-s et personnel-le-s contractuel-le-s et non un projet id\u00e9ologique de lib\u00e9ralisation des services publics de l&rsquo;Enseignement Sup\u00e9rieur et de la Recherche.<\/p>\n\n\n\n<div class=\"wp-block-file\"><a href=\"https:\/\/solidaires-etudiant.org\/site\/wp-content\/uploads\/2021\/05\/Campus-connectes-par-ministere-deconnecte-1.pdf\" target=\"_blank\" rel=\"noreferrer noopener\">Le communiqu\u00e9 en PDF<\/a><a href=\"https:\/\/solidaires-etudiant.org\/site\/wp-content\/uploads\/2021\/05\/Campus-connectes-par-ministere-deconnecte-1.pdf\" class=\"wp-block-file__button\" download>T\u00e9l\u00e9charger<\/a><\/div>\n","protected":false},"excerpt":{"rendered":"<p>Avec ses campus connect\u00e9s, le Minist\u00e8re de l&rsquo;Enseignement Sup\u00e9rieur, de la Recherche [&hellip;]<\/p>\n","protected":false},"author":1,"featured_media":6087,"comment_status":"open","ping_status":"open","sticky":false,"template":"","format":"standard","meta":{"cybocfi_hide_featured_image":"","footnotes":""},"categories":[3,18],"tags":[],"class_list":["post-6086","post","type-post","status-publish","format-standard","has-post-thumbnail","hentry","category-analyses","category-esr","col-md-4 col-sm-4"],"featured_image_src":"https:\/\/solidaires-etudiant-e-s.org\/site\/wp-content\/uploads\/2021\/05\/geolocaux-nouvelles-technologies-2-1200x793-1.jpg","author_info":{"display_name":"Solidaires \u00e9tudiant-e-s","author_link":false},"yoast_head":"<!-- This site is optimized with the Yoast SEO plugin v27.5 - https:\/\/yoast.com\/product\/yoast-seo-wordpress\/ -->\n<title>Campus connect\u00e9s par minist\u00e8re d\u00e9connect\u00e9 - Solidaires \u00e9tudiant-e-s<\/title>\n<meta name=\"robots\" content=\"index, follow, max-snippet:-1, max-image-preview:large, max-video-preview:-1\" \/>\n<link rel=\"canonical\" href=\"https:\/\/solidaires-etudiant-e-s.org\/site\/2021\/05\/10\/campus-connectes-par-ministere-deconnecte\/\" \/>\n<meta property=\"og:locale\" content=\"fr_FR\" \/>\n<meta property=\"og:type\" content=\"article\" \/>\n<meta property=\"og:title\" content=\"Campus connect\u00e9s par minist\u00e8re d\u00e9connect\u00e9 - Solidaires \u00e9tudiant-e-s\" \/>\n<meta property=\"og:description\" content=\"Avec ses campus connect\u00e9s, le Minist\u00e8re de l&rsquo;Enseignement Sup\u00e9rieur, de la Recherche [&hellip;]\" \/>\n<meta property=\"og:url\" content=\"https:\/\/solidaires-etudiant-e-s.org\/site\/2021\/05\/10\/campus-connectes-par-ministere-deconnecte\/\" \/>\n<meta property=\"og:site_name\" content=\"Solidaires \u00e9tudiant-e-s\" \/>\n<meta property=\"article:publisher\" content=\"https:\/\/www.facebook.com\/solidairesetudiantes\" \/>\n<meta property=\"article:author\" content=\"https:\/\/www.facebook.com\/solidairesetudiantes\" \/>\n<meta property=\"article:published_time\" content=\"2021-05-10T11:33:22+00:00\" \/>\n<meta property=\"article:modified_time\" content=\"2021-05-10T11:49:06+00:00\" \/>\n<meta property=\"og:image\" content=\"https:\/\/solidaires-etudiant-e-s.org\/site\/wp-content\/uploads\/2021\/05\/geolocaux-nouvelles-technologies-2-1200x793-1.jpg\" \/>\n\t<meta property=\"og:image:width\" content=\"1200\" \/>\n\t<meta property=\"og:image:height\" content=\"793\" \/>\n\t<meta property=\"og:image:type\" content=\"image\/jpeg\" \/>\n<meta name=\"author\" content=\"Solidaires \u00e9tudiant-e-s\" \/>\n<meta name=\"twitter:card\" content=\"summary_large_image\" \/>\n<meta name=\"twitter:creator\" content=\"@SolidairesEtu\" \/>\n<meta name=\"twitter:site\" content=\"@SolidairesEtu\" \/>\n<meta name=\"twitter:label1\" content=\"\u00c9crit par\" \/>\n\t<meta name=\"twitter:data1\" content=\"Solidaires \u00e9tudiant-e-s\" \/>\n\t<meta name=\"twitter:label2\" content=\"Dur\u00e9e de lecture estim\u00e9e\" \/>\n\t<meta name=\"twitter:data2\" content=\"3 minutes\" \/>\n<script type=\"application\/ld+json\" class=\"yoast-schema-graph\">{\"@context\":\"https:\\\/\\\/schema.org\",\"@graph\":[{\"@type\":\"Article\",\"@id\":\"https:\\\/\\\/solidaires-etudiant-e-s.org\\\/site\\\/2021\\\/05\\\/10\\\/campus-connectes-par-ministere-deconnecte\\\/#article\",\"isPartOf\":{\"@id\":\"https:\\\/\\\/solidaires-etudiant-e-s.org\\\/site\\\/2021\\\/05\\\/10\\\/campus-connectes-par-ministere-deconnecte\\\/\"},\"author\":{\"name\":\"Solidaires \u00e9tudiant-e-s\",\"@id\":\"https:\\\/\\\/solidaires-etudiant-e-s.org\\\/site\\\/#\\\/schema\\\/person\\\/0efb3e0ff4e2f12b5a5abcd4352aa86c\"},\"headline\":\"Campus connect\u00e9s par minist\u00e8re d\u00e9connect\u00e9\",\"datePublished\":\"2021-05-10T11:33:22+00:00\",\"dateModified\":\"2021-05-10T11:49:06+00:00\",\"mainEntityOfPage\":{\"@id\":\"https:\\\/\\\/solidaires-etudiant-e-s.org\\\/site\\\/2021\\\/05\\\/10\\\/campus-connectes-par-ministere-deconnecte\\\/\"},\"wordCount\":704,\"commentCount\":0,\"publisher\":{\"@id\":\"https:\\\/\\\/solidaires-etudiant-e-s.org\\\/site\\\/#organization\"},\"image\":{\"@id\":\"https:\\\/\\\/solidaires-etudiant-e-s.org\\\/site\\\/2021\\\/05\\\/10\\\/campus-connectes-par-ministere-deconnecte\\\/#primaryimage\"},\"thumbnailUrl\":\"https:\\\/\\\/solidaires-etudiant-e-s.org\\\/site\\\/wp-content\\\/uploads\\\/2021\\\/05\\\/geolocaux-nouvelles-technologies-2-1200x793-1.jpg\",\"articleSection\":[\"ANALYSES\",\"ENSEIGNEMENT SUPERIEUR\"],\"inLanguage\":\"fr-FR\",\"potentialAction\":[{\"@type\":\"CommentAction\",\"name\":\"Comment\",\"target\":[\"https:\\\/\\\/solidaires-etudiant-e-s.org\\\/site\\\/2021\\\/05\\\/10\\\/campus-connectes-par-ministere-deconnecte\\\/#respond\"]}]},{\"@type\":\"WebPage\",\"@id\":\"https:\\\/\\\/solidaires-etudiant-e-s.org\\\/site\\\/2021\\\/05\\\/10\\\/campus-connectes-par-ministere-deconnecte\\\/\",\"url\":\"https:\\\/\\\/solidaires-etudiant-e-s.org\\\/site\\\/2021\\\/05\\\/10\\\/campus-connectes-par-ministere-deconnecte\\\/\",\"name\":\"Campus connect\u00e9s par minist\u00e8re d\u00e9connect\u00e9 - Solidaires \u00e9tudiant-e-s\",\"isPartOf\":{\"@id\":\"https:\\\/\\\/solidaires-etudiant-e-s.org\\\/site\\\/#website\"},\"primaryImageOfPage\":{\"@id\":\"https:\\\/\\\/solidaires-etudiant-e-s.org\\\/site\\\/2021\\\/05\\\/10\\\/campus-connectes-par-ministere-deconnecte\\\/#primaryimage\"},\"image\":{\"@id\":\"https:\\\/\\\/solidaires-etudiant-e-s.org\\\/site\\\/2021\\\/05\\\/10\\\/campus-connectes-par-ministere-deconnecte\\\/#primaryimage\"},\"thumbnailUrl\":\"https:\\\/\\\/solidaires-etudiant-e-s.org\\\/site\\\/wp-content\\\/uploads\\\/2021\\\/05\\\/geolocaux-nouvelles-technologies-2-1200x793-1.jpg\",\"datePublished\":\"2021-05-10T11:33:22+00:00\",\"dateModified\":\"2021-05-10T11:49:06+00:00\",\"breadcrumb\":{\"@id\":\"https:\\\/\\\/solidaires-etudiant-e-s.org\\\/site\\\/2021\\\/05\\\/10\\\/campus-connectes-par-ministere-deconnecte\\\/#breadcrumb\"},\"inLanguage\":\"fr-FR\",\"potentialAction\":[{\"@type\":\"ReadAction\",\"target\":[\"https:\\\/\\\/solidaires-etudiant-e-s.org\\\/site\\\/2021\\\/05\\\/10\\\/campus-connectes-par-ministere-deconnecte\\\/\"]}]},{\"@type\":\"ImageObject\",\"inLanguage\":\"fr-FR\",\"@id\":\"https:\\\/\\\/solidaires-etudiant-e-s.org\\\/site\\\/2021\\\/05\\\/10\\\/campus-connectes-par-ministere-deconnecte\\\/#primaryimage\",\"url\":\"https:\\\/\\\/solidaires-etudiant-e-s.org\\\/site\\\/wp-content\\\/uploads\\\/2021\\\/05\\\/geolocaux-nouvelles-technologies-2-1200x793-1.jpg\",\"contentUrl\":\"https:\\\/\\\/solidaires-etudiant-e-s.org\\\/site\\\/wp-content\\\/uploads\\\/2021\\\/05\\\/geolocaux-nouvelles-technologies-2-1200x793-1.jpg\",\"width\":1200,\"height\":793},{\"@type\":\"BreadcrumbList\",\"@id\":\"https:\\\/\\\/solidaires-etudiant-e-s.org\\\/site\\\/2021\\\/05\\\/10\\\/campus-connectes-par-ministere-deconnecte\\\/#breadcrumb\",\"itemListElement\":[{\"@type\":\"ListItem\",\"position\":1,\"name\":\"Accueil\",\"item\":\"https:\\\/\\\/solidaires-etudiant-e-s.org\\\/site\\\/\"},{\"@type\":\"ListItem\",\"position\":2,\"name\":\"Campus connect\u00e9s par minist\u00e8re d\u00e9connect\u00e9\"}]},{\"@type\":\"WebSite\",\"@id\":\"https:\\\/\\\/solidaires-etudiant-e-s.org\\\/site\\\/#website\",\"url\":\"https:\\\/\\\/solidaires-etudiant-e-s.org\\\/site\\\/\",\"name\":\"Solidaires \u00e9tudiant-e-s\",\"description\":\"Syndicats pour un enseignement sup\u00e9rieur gratuit, ouvert, et \u00e9mancipateur !\",\"publisher\":{\"@id\":\"https:\\\/\\\/solidaires-etudiant-e-s.org\\\/site\\\/#organization\"},\"potentialAction\":[{\"@type\":\"SearchAction\",\"target\":{\"@type\":\"EntryPoint\",\"urlTemplate\":\"https:\\\/\\\/solidaires-etudiant-e-s.org\\\/site\\\/?s={search_term_string}\"},\"query-input\":{\"@type\":\"PropertyValueSpecification\",\"valueRequired\":true,\"valueName\":\"search_term_string\"}}],\"inLanguage\":\"fr-FR\"},{\"@type\":\"Organization\",\"@id\":\"https:\\\/\\\/solidaires-etudiant-e-s.org\\\/site\\\/#organization\",\"name\":\"Solidaires \u00e9tudiant-e-s\",\"url\":\"https:\\\/\\\/solidaires-etudiant-e-s.org\\\/site\\\/\",\"logo\":{\"@type\":\"ImageObject\",\"inLanguage\":\"fr-FR\",\"@id\":\"https:\\\/\\\/solidaires-etudiant-e-s.org\\\/site\\\/#\\\/schema\\\/logo\\\/image\\\/\",\"url\":\"https:\\\/\\\/solidaires-etudiant-e-s.org\\\/site\\\/wp-content\\\/uploads\\\/2025\\\/12\\\/13-1.png\",\"contentUrl\":\"https:\\\/\\\/solidaires-etudiant-e-s.org\\\/site\\\/wp-content\\\/uploads\\\/2025\\\/12\\\/13-1.png\",\"width\":1181,\"height\":827,\"caption\":\"Solidaires \u00e9tudiant-e-s\"},\"image\":{\"@id\":\"https:\\\/\\\/solidaires-etudiant-e-s.org\\\/site\\\/#\\\/schema\\\/logo\\\/image\\\/\"},\"sameAs\":[\"https:\\\/\\\/www.facebook.com\\\/solidairesetudiantes\",\"https:\\\/\\\/x.com\\\/SolidairesEtu\",\"https:\\\/\\\/www.instagram.com\\\/solidairesetu\\\/\",\"https:\\\/\\\/bsky.app\\\/profile\\\/solidaires-etudiant-e-s.org\",\"https:\\\/\\\/mastodon.social\\\/@solidairesetu\",\"https:\\\/\\\/www.youtube.com\\\/channel\\\/UC_iZN9gmVAAnXbBM7wAWOag\"]},{\"@type\":\"Person\",\"@id\":\"https:\\\/\\\/solidaires-etudiant-e-s.org\\\/site\\\/#\\\/schema\\\/person\\\/0efb3e0ff4e2f12b5a5abcd4352aa86c\",\"name\":\"Solidaires \u00e9tudiant-e-s\",\"image\":{\"@type\":\"ImageObject\",\"inLanguage\":\"fr-FR\",\"@id\":\"https:\\\/\\\/solidaires-etudiant-e-s.org\\\/site\\\/wp-content\\\/uploads\\\/2020\\\/01\\\/logo-SESL-rond-512-96x96.png\",\"url\":\"https:\\\/\\\/solidaires-etudiant-e-s.org\\\/site\\\/wp-content\\\/uploads\\\/2020\\\/01\\\/logo-SESL-rond-512-96x96.png\",\"contentUrl\":\"https:\\\/\\\/solidaires-etudiant-e-s.org\\\/site\\\/wp-content\\\/uploads\\\/2020\\\/01\\\/logo-SESL-rond-512-96x96.png\",\"caption\":\"Solidaires \u00e9tudiant-e-s\"},\"sameAs\":[\"https:\\\/\\\/solidaires-etudiant.org\\\/site\",\"https:\\\/\\\/www.facebook.com\\\/solidairesetudiantes\",\"https:\\\/\\\/www.instagram.com\\\/solidairesetu\",\"https:\\\/\\\/x.com\\\/SolidairesEtu\",\"https:\\\/\\\/fr.wikipedia.org\\\/wiki\\\/Solidaires_tudiant-e-s\"]}]}<\/script>\n<!-- \/ Yoast SEO plugin. -->","yoast_head_json":{"title":"Campus connect\u00e9s par minist\u00e8re d\u00e9connect\u00e9 - Solidaires \u00e9tudiant-e-s","robots":{"index":"index","follow":"follow","max-snippet":"max-snippet:-1","max-image-preview":"max-image-preview:large","max-video-preview":"max-video-preview:-1"},"canonical":"https:\/\/solidaires-etudiant-e-s.org\/site\/2021\/05\/10\/campus-connectes-par-ministere-deconnecte\/","og_locale":"fr_FR","og_type":"article","og_title":"Campus connect\u00e9s par minist\u00e8re d\u00e9connect\u00e9 - Solidaires \u00e9tudiant-e-s","og_description":"Avec ses campus connect\u00e9s, le Minist\u00e8re de l&rsquo;Enseignement Sup\u00e9rieur, de la Recherche [&hellip;]","og_url":"https:\/\/solidaires-etudiant-e-s.org\/site\/2021\/05\/10\/campus-connectes-par-ministere-deconnecte\/","og_site_name":"Solidaires \u00e9tudiant-e-s","article_publisher":"https:\/\/www.facebook.com\/solidairesetudiantes","article_author":"https:\/\/www.facebook.com\/solidairesetudiantes","article_published_time":"2021-05-10T11:33:22+00:00","article_modified_time":"2021-05-10T11:49:06+00:00","og_image":[{"width":1200,"height":793,"url":"https:\/\/solidaires-etudiant-e-s.org\/site\/wp-content\/uploads\/2021\/05\/geolocaux-nouvelles-technologies-2-1200x793-1.jpg","type":"image\/jpeg"}],"author":"Solidaires \u00e9tudiant-e-s","twitter_card":"summary_large_image","twitter_creator":"@SolidairesEtu","twitter_site":"@SolidairesEtu","twitter_misc":{"\u00c9crit par":"Solidaires \u00e9tudiant-e-s","Dur\u00e9e de lecture estim\u00e9e":"3 minutes"},"schema":{"@context":"https:\/\/schema.org","@graph":[{"@type":"Article","@id":"https:\/\/solidaires-etudiant-e-s.org\/site\/2021\/05\/10\/campus-connectes-par-ministere-deconnecte\/#article","isPartOf":{"@id":"https:\/\/solidaires-etudiant-e-s.org\/site\/2021\/05\/10\/campus-connectes-par-ministere-deconnecte\/"},"author":{"name":"Solidaires \u00e9tudiant-e-s","@id":"https:\/\/solidaires-etudiant-e-s.org\/site\/#\/schema\/person\/0efb3e0ff4e2f12b5a5abcd4352aa86c"},"headline":"Campus connect\u00e9s par minist\u00e8re d\u00e9connect\u00e9","datePublished":"2021-05-10T11:33:22+00:00","dateModified":"2021-05-10T11:49:06+00:00","mainEntityOfPage":{"@id":"https:\/\/solidaires-etudiant-e-s.org\/site\/2021\/05\/10\/campus-connectes-par-ministere-deconnecte\/"},"wordCount":704,"commentCount":0,"publisher":{"@id":"https:\/\/solidaires-etudiant-e-s.org\/site\/#organization"},"image":{"@id":"https:\/\/solidaires-etudiant-e-s.org\/site\/2021\/05\/10\/campus-connectes-par-ministere-deconnecte\/#primaryimage"},"thumbnailUrl":"https:\/\/solidaires-etudiant-e-s.org\/site\/wp-content\/uploads\/2021\/05\/geolocaux-nouvelles-technologies-2-1200x793-1.jpg","articleSection":["ANALYSES","ENSEIGNEMENT SUPERIEUR"],"inLanguage":"fr-FR","potentialAction":[{"@type":"CommentAction","name":"Comment","target":["https:\/\/solidaires-etudiant-e-s.org\/site\/2021\/05\/10\/campus-connectes-par-ministere-deconnecte\/#respond"]}]},{"@type":"WebPage","@id":"https:\/\/solidaires-etudiant-e-s.org\/site\/2021\/05\/10\/campus-connectes-par-ministere-deconnecte\/","url":"https:\/\/solidaires-etudiant-e-s.org\/site\/2021\/05\/10\/campus-connectes-par-ministere-deconnecte\/","name":"Campus connect\u00e9s par minist\u00e8re d\u00e9connect\u00e9 - Solidaires \u00e9tudiant-e-s","isPartOf":{"@id":"https:\/\/solidaires-etudiant-e-s.org\/site\/#website"},"primaryImageOfPage":{"@id":"https:\/\/solidaires-etudiant-e-s.org\/site\/2021\/05\/10\/campus-connectes-par-ministere-deconnecte\/#primaryimage"},"image":{"@id":"https:\/\/solidaires-etudiant-e-s.org\/site\/2021\/05\/10\/campus-connectes-par-ministere-deconnecte\/#primaryimage"},"thumbnailUrl":"https:\/\/solidaires-etudiant-e-s.org\/site\/wp-content\/uploads\/2021\/05\/geolocaux-nouvelles-technologies-2-1200x793-1.jpg","datePublished":"2021-05-10T11:33:22+00:00","dateModified":"2021-05-10T11:49:06+00:00","breadcrumb":{"@id":"https:\/\/solidaires-etudiant-e-s.org\/site\/2021\/05\/10\/campus-connectes-par-ministere-deconnecte\/#breadcrumb"},"inLanguage":"fr-FR","potentialAction":[{"@type":"ReadAction","target":["https:\/\/solidaires-etudiant-e-s.org\/site\/2021\/05\/10\/campus-connectes-par-ministere-deconnecte\/"]}]},{"@type":"ImageObject","inLanguage":"fr-FR","@id":"https:\/\/solidaires-etudiant-e-s.org\/site\/2021\/05\/10\/campus-connectes-par-ministere-deconnecte\/#primaryimage","url":"https:\/\/solidaires-etudiant-e-s.org\/site\/wp-content\/uploads\/2021\/05\/geolocaux-nouvelles-technologies-2-1200x793-1.jpg","contentUrl":"https:\/\/solidaires-etudiant-e-s.org\/site\/wp-content\/uploads\/2021\/05\/geolocaux-nouvelles-technologies-2-1200x793-1.jpg","width":1200,"height":793},{"@type":"BreadcrumbList","@id":"https:\/\/solidaires-etudiant-e-s.org\/site\/2021\/05\/10\/campus-connectes-par-ministere-deconnecte\/#breadcrumb","itemListElement":[{"@type":"ListItem","position":1,"name":"Accueil","item":"https:\/\/solidaires-etudiant-e-s.org\/site\/"},{"@type":"ListItem","position":2,"name":"Campus connect\u00e9s par minist\u00e8re d\u00e9connect\u00e9"}]},{"@type":"WebSite","@id":"https:\/\/solidaires-etudiant-e-s.org\/site\/#website","url":"https:\/\/solidaires-etudiant-e-s.org\/site\/","name":"Solidaires \u00e9tudiant-e-s","description":"Syndicats pour un enseignement sup\u00e9rieur gratuit, ouvert, et \u00e9mancipateur !","publisher":{"@id":"https:\/\/solidaires-etudiant-e-s.org\/site\/#organization"},"potentialAction":[{"@type":"SearchAction","target":{"@type":"EntryPoint","urlTemplate":"https:\/\/solidaires-etudiant-e-s.org\/site\/?s={search_term_string}"},"query-input":{"@type":"PropertyValueSpecification","valueRequired":true,"valueName":"search_term_string"}}],"inLanguage":"fr-FR"},{"@type":"Organization","@id":"https:\/\/solidaires-etudiant-e-s.org\/site\/#organization","name":"Solidaires \u00e9tudiant-e-s","url":"https:\/\/solidaires-etudiant-e-s.org\/site\/","logo":{"@type":"ImageObject","inLanguage":"fr-FR","@id":"https:\/\/solidaires-etudiant-e-s.org\/site\/#\/schema\/logo\/image\/","url":"https:\/\/solidaires-etudiant-e-s.org\/site\/wp-content\/uploads\/2025\/12\/13-1.png","contentUrl":"https:\/\/solidaires-etudiant-e-s.org\/site\/wp-content\/uploads\/2025\/12\/13-1.png","width":1181,"height":827,"caption":"Solidaires \u00e9tudiant-e-s"},"image":{"@id":"https:\/\/solidaires-etudiant-e-s.org\/site\/#\/schema\/logo\/image\/"},"sameAs":["https:\/\/www.facebook.com\/solidairesetudiantes","https:\/\/x.com\/SolidairesEtu","https:\/\/www.instagram.com\/solidairesetu\/","https:\/\/bsky.app\/profile\/solidaires-etudiant-e-s.org","https:\/\/mastodon.social\/@solidairesetu","https:\/\/www.youtube.com\/channel\/UC_iZN9gmVAAnXbBM7wAWOag"]},{"@type":"Person","@id":"https:\/\/solidaires-etudiant-e-s.org\/site\/#\/schema\/person\/0efb3e0ff4e2f12b5a5abcd4352aa86c","name":"Solidaires \u00e9tudiant-e-s","image":{"@type":"ImageObject","inLanguage":"fr-FR","@id":"https:\/\/solidaires-etudiant-e-s.org\/site\/wp-content\/uploads\/2020\/01\/logo-SESL-rond-512-96x96.png","url":"https:\/\/solidaires-etudiant-e-s.org\/site\/wp-content\/uploads\/2020\/01\/logo-SESL-rond-512-96x96.png","contentUrl":"https:\/\/solidaires-etudiant-e-s.org\/site\/wp-content\/uploads\/2020\/01\/logo-SESL-rond-512-96x96.png","caption":"Solidaires \u00e9tudiant-e-s"},"sameAs":["https:\/\/solidaires-etudiant.org\/site","https:\/\/www.facebook.com\/solidairesetudiantes","https:\/\/www.instagram.com\/solidairesetu","https:\/\/x.com\/SolidairesEtu","https:\/\/fr.wikipedia.org\/wiki\/Solidaires_tudiant-e-s"]}]}},"_links":{"self":[{"href":"https:\/\/solidaires-etudiant-e-s.org\/site\/wp-json\/wp\/v2\/posts\/6086","targetHints":{"allow":["GET"]}}],"collection":[{"href":"https:\/\/solidaires-etudiant-e-s.org\/site\/wp-json\/wp\/v2\/posts"}],"about":[{"href":"https:\/\/solidaires-etudiant-e-s.org\/site\/wp-json\/wp\/v2\/types\/post"}],"author":[{"embeddable":true,"href":"https:\/\/solidaires-etudiant-e-s.org\/site\/wp-json\/wp\/v2\/users\/1"}],"replies":[{"embeddable":true,"href":"https:\/\/solidaires-etudiant-e-s.org\/site\/wp-json\/wp\/v2\/comments?post=6086"}],"version-history":[{"count":3,"href":"https:\/\/solidaires-etudiant-e-s.org\/site\/wp-json\/wp\/v2\/posts\/6086\/revisions"}],"predecessor-version":[{"id":6092,"href":"https:\/\/solidaires-etudiant-e-s.org\/site\/wp-json\/wp\/v2\/posts\/6086\/revisions\/6092"}],"wp:featuredmedia":[{"embeddable":true,"href":"https:\/\/solidaires-etudiant-e-s.org\/site\/wp-json\/wp\/v2\/media\/6087"}],"wp:attachment":[{"href":"https:\/\/solidaires-etudiant-e-s.org\/site\/wp-json\/wp\/v2\/media?parent=6086"}],"wp:term":[{"taxonomy":"category","embeddable":true,"href":"https:\/\/solidaires-etudiant-e-s.org\/site\/wp-json\/wp\/v2\/categories?post=6086"},{"taxonomy":"post_tag","embeddable":true,"href":"https:\/\/solidaires-etudiant-e-s.org\/site\/wp-json\/wp\/v2\/tags?post=6086"}],"curies":[{"name":"wp","href":"https:\/\/api.w.org\/{rel}","templated":true}]}}