{"id":5407,"date":"2020-05-04T15:30:48","date_gmt":"2020-05-04T13:30:48","guid":{"rendered":"https:\/\/solidaires-etudiant-e-s.org\/archive\/\/?p=5407"},"modified":"2020-05-04T15:30:48","modified_gmt":"2020-05-04T13:30:48","slug":"etudiant-e-s-des-quartiers-populaires-toujours-et-encore-victimes-du-racisme-detat","status":"publish","type":"post","link":"https:\/\/solidaires-etudiant-e-s.org\/site\/2020\/05\/04\/etudiant-e-s-des-quartiers-populaires-toujours-et-encore-victimes-du-racisme-detat\/","title":{"rendered":"Etudiant-e-s des quartiers populaires : toujours et encore victimes du racisme d&#039;Etat"},"content":{"rendered":"\n<p>Tu es \u00e9tudiant-e et tu vis dans un quartier populaire ? Vidal est claire \u00e0 ton sujet : tu n&rsquo;existe pas. Ta r\u00e9alit\u00e9 n&rsquo;existe pas.<\/p>\n\n\n<p>Depuis le d\u00e9but du confinement, la police arbitre les conditions de confinement selon ses envies. Dans le 18\u00e8me arrondissement de Paris, dans certaines rues, un bal populaire (\u00e9tonnamment blanc) est tol\u00e9r\u00e9; dans d&rsquo;autres, couvre feu pour les petits commerces et coups de pressions sur les personnes racis\u00e9es* venues faire leurs courses.<\/p>\n\n\n<p><strong>La police est raciste, la police assassine, et cela de mani\u00e8re exponentielle depuis le d\u00e9but du confinement. En moins de deux semaines, dans toute la France, plus de 10 personnes ont \u00e9t\u00e9 bless\u00e9es et Malik (25 ans), un homme de 60 ans, Boris (28 ans), un homme de 28 ans, un homme de 49 ans et Mohamed (34 ans) sont morts entre les mains de la police.<\/strong><\/p>\n\n\n<p>Dans ce contexte d&rsquo;angoisse et d&rsquo;incertitudes, de nombreux-ses \u00e9tudiant-e-s sont pris en \u00e9tau entre une universit\u00e9 qui souhaite garantir une \u00ab\u00a0forme de valeur au dipl\u00f4me\u00a0\u00bb, mettant \u00e0 mal nos conditions de vie et d&rsquo;\u00e9tudes &#8211; et les violences institutionnelles qui maintiennent les \u00e9tudiant-e-s racis\u00e9-e-s dans une pr\u00e9carit\u00e9 bien plus grande.<\/p>\n\n\n<p>L&rsquo;imp\u00e9ratif de continuit\u00e9 p\u00e9dagogique annonc\u00e9 par la Ministre de l&rsquo;Enseignement Sup\u00e9rieur et de la Recherche, Mme Vidal, ne prend pas en compte les nombreuses in\u00e9galit\u00e9s existant entre les \u00e9tudiant-e-s, exacerb\u00e9es durant cette p\u00e9riode de confinement. <strong>Les \u00e9tudiant-e-s vivant dans les quartiers populaires font d&rsquo;autant plus face \u00e0 la crise sanitaire et ses cons\u00e9quences \u00e9conomiques et mat\u00e9rielles.<\/strong><\/p>\n\n\n<p>En Seine-Saint-Denis, un des d\u00e9partements le plus pauvre de France et le plus touch\u00e9 par la crise sanitaire, de nombreux-ses \u00e9tudiant-e-s se sont retrouv\u00e9-e-s sans emploi, les restaurants universitaires sont ferm\u00e9s et il n&rsquo;y a pas ou peu d&rsquo;aides pour les \u00e9tudiant-e-s de la part des CROUS. Iels doivent se tourner vers l&rsquo;aide alimentaire. Des distributions de nourriture sont organis\u00e9es par des associations. Le Secours populaire et Solidaires Etudiant-e-s Saint-Denis ont ainsi re\u00e7u plus de 300 demandes de colis alimentaires en 24h sur la seule zone de Saint-Denis. Les \u00e9tudiant-e-s qui ont peu de ressources financi\u00e8res ont aussi un acc\u00e8s limit\u00e9 au mat\u00e9riel informatique et \u00e0 Internet.<\/p>\n\n\n<p>Les r\u00e9seaux sont sursatur\u00e9s et il y a rarement plus de 1 ordinateur par foyer. D&rsquo;autant plus que les mesures pr\u00e9fectorales diff\u00e9renci\u00e9es dans ces quartiers comme la fermeture des commerces de proximit\u00e9 \u00e0 certaines heures (qui entra\u00eenent une congestion sur les heures ouvertes&#8230;) ou l&rsquo;interdiction des march\u00e9s entra\u00eenent elles aussi des d\u00e9penses suppl\u00e9mentaires.<\/p>\n\n\n<p><strong>A ces in\u00e9galit\u00e9s, s&rsquo;ajoute le harc\u00e8lement policier incessant dans de nombreux quartiers<\/strong> : pr\u00e9sence constante, contr\u00f4les, menaces, coups\u2026 D\u00e8s le d\u00e9but du confinement, les m\u00e9dias ont men\u00e9 une campagne alimentant le discours n\u00e9ocolonial de ma\u00eetrise des quartiers populaires, syst\u00e9matiquement pr\u00e9sent\u00e9s comme indisciplin\u00e9s, surpeupl\u00e9s et donc \u00e0 r\u00e9primer. Cach\u00e9s derri\u00e8re les barres des grands ensembles, les flics se l\u00e2chent, coups de tazers, passages \u00e0 tabac, et d\u00e9j\u00e0 des morts\u2026 Leur violence, jamais condamn\u00e9e, s\u2019est renforc\u00e9e pendant le confinement, et les personnes racis\u00e9es sont leur cible privil\u00e9gi\u00e9e.<\/p>\n\n\n<p><strong>Cette volont\u00e9 de continuit\u00e9 p\u00e9dagogique d\u00e9connect\u00e9e de la r\u00e9alit\u00e9, rend plus visible le visage de l&rsquo;Enseignement Sup\u00e9rieur et de la Recherche, fait pour les blanc-he-s et les bourgeois-e-s, qui valorise ses formations au d\u00e9triment des \u00e9tudiant-e-s dans les situations les plus pr\u00e9caires.<\/strong><\/p>\n\n\n<p>*personne non-blanche victime de racisme<\/p>\n\n\n<figure class=\"wp-block-image size-large is-resized\"><a href=\"https:\/\/solidaires-etudiant.org\/site\/wp-content\/uploads\/2020\/05\/2020.05.04_Communique_antiracisme.pdf\"><img loading=\"lazy\" decoding=\"async\" src=\"https:\/\/solidaires-etudiant-e-s.org\/archive\/\/wp-content\/uploads\/2014\/02\/adobe.png\" alt=\"\" class=\"wp-image-274\" width=\"79\" height=\"79\" srcset=\"https:\/\/solidaires-etudiant-e-s.org\/site\/wp-content\/uploads\/2014\/02\/adobe.png 256w, https:\/\/solidaires-etudiant-e-s.org\/site\/wp-content\/uploads\/2014\/02\/adobe-150x150.png 150w\" sizes=\"auto, (max-width: 79px) 100vw, 79px\" \/><\/a><\/figure>\n\n\n<div class=\"wp-block-file\"><a href=\"https:\/\/solidaires-etudiant.org\/site\/wp-content\/uploads\/2020\/05\/2020.05.04_Communique_antiracisme.pdf\">2020.05.04_Communique_antiracisme<\/a><a href=\"https:\/\/solidaires-etudiant.org\/site\/wp-content\/uploads\/2020\/05\/2020.05.04_Communique_antiracisme.pdf\" class=\"wp-block-file__button\" download>T\u00e9l\u00e9charger<\/a><\/div>\n\n\n<p><\/p>\n","protected":false},"excerpt":{"rendered":"<p>Tu es \u00e9tudiant-e et tu vis dans un quartier populaire ? Vidal [&hellip;]<\/p>\n","protected":false},"author":1,"featured_media":5408,"comment_status":"closed","ping_status":"closed","sticky":false,"template":"","format":"standard","meta":{"cybocfi_hide_featured_image":"","footnotes":""},"categories":[7,10],"tags":[141,308,432,890,1177],"class_list":["post-5407","post","type-post","status-publish","format-standard","has-post-thumbnail","hentry","category-antiracisme","category-communiques","tag-antiracisme","tag-communiques-2","tag-droits-etudiants-2","tag-precarite-etudiante","tag-violences-policieres","col-md-4 col-sm-4"],"featured_image_src":"https:\/\/solidaires-etudiant-e-s.org\/site\/wp-content\/uploads\/2020\/05\/Des-CRS-Villeneuve-la-Garenne-le-21-avril.-Photo-Geoffroy-van-der-Hasselt.-AFP.jpg","author_info":{"display_name":"Solidaires \u00e9tudiant-e-s","author_link":false},"yoast_head":"<!-- This site is optimized with the Yoast SEO plugin v27.4 - https:\/\/yoast.com\/product\/yoast-seo-wordpress\/ -->\n<title>Etudiant-e-s des quartiers populaires : toujours et encore victimes du racisme d&#039;Etat - Solidaires \u00e9tudiant-e-s<\/title>\n<meta name=\"robots\" content=\"index, follow, max-snippet:-1, max-image-preview:large, max-video-preview:-1\" \/>\n<link rel=\"canonical\" href=\"https:\/\/solidaires-etudiant-e-s.org\/site\/2020\/05\/04\/etudiant-e-s-des-quartiers-populaires-toujours-et-encore-victimes-du-racisme-detat\/\" \/>\n<meta property=\"og:locale\" content=\"fr_FR\" \/>\n<meta property=\"og:type\" content=\"article\" \/>\n<meta property=\"og:title\" content=\"Etudiant-e-s des quartiers populaires : toujours et encore victimes du racisme d&#039;Etat - Solidaires \u00e9tudiant-e-s\" \/>\n<meta property=\"og:description\" content=\"Tu es \u00e9tudiant-e et tu vis dans un quartier populaire ? Vidal [&hellip;]\" \/>\n<meta property=\"og:url\" content=\"https:\/\/solidaires-etudiant-e-s.org\/site\/2020\/05\/04\/etudiant-e-s-des-quartiers-populaires-toujours-et-encore-victimes-du-racisme-detat\/\" \/>\n<meta property=\"og:site_name\" content=\"Solidaires \u00e9tudiant-e-s\" \/>\n<meta property=\"article:publisher\" content=\"https:\/\/www.facebook.com\/solidairesetudiantes\" \/>\n<meta property=\"article:author\" content=\"https:\/\/www.facebook.com\/solidairesetudiantes\" \/>\n<meta property=\"article:published_time\" content=\"2020-05-04T13:30:48+00:00\" \/>\n<meta property=\"og:image\" content=\"https:\/\/solidaires-etudiant-e-s.org\/site\/wp-content\/uploads\/2020\/05\/Des-CRS-Villeneuve-la-Garenne-le-21-avril.-Photo-Geoffroy-van-der-Hasselt.-AFP.jpg\" \/>\n\t<meta property=\"og:image:width\" content=\"960\" \/>\n\t<meta property=\"og:image:height\" content=\"638\" \/>\n\t<meta property=\"og:image:type\" content=\"image\/jpeg\" \/>\n<meta name=\"author\" content=\"Solidaires \u00e9tudiant-e-s\" \/>\n<meta name=\"twitter:card\" content=\"summary_large_image\" \/>\n<meta name=\"twitter:creator\" content=\"@SolidairesEtu\" \/>\n<meta name=\"twitter:site\" content=\"@SolidairesEtu\" \/>\n<meta name=\"twitter:label1\" content=\"\u00c9crit par\" \/>\n\t<meta name=\"twitter:data1\" content=\"Solidaires \u00e9tudiant-e-s\" \/>\n\t<meta name=\"twitter:label2\" content=\"Dur\u00e9e de lecture estim\u00e9e\" \/>\n\t<meta name=\"twitter:data2\" content=\"3 minutes\" \/>\n<script type=\"application\/ld+json\" class=\"yoast-schema-graph\">{\"@context\":\"https:\\\/\\\/schema.org\",\"@graph\":[{\"@type\":\"Article\",\"@id\":\"https:\\\/\\\/solidaires-etudiant-e-s.org\\\/site\\\/2020\\\/05\\\/04\\\/etudiant-e-s-des-quartiers-populaires-toujours-et-encore-victimes-du-racisme-detat\\\/#article\",\"isPartOf\":{\"@id\":\"https:\\\/\\\/solidaires-etudiant-e-s.org\\\/site\\\/2020\\\/05\\\/04\\\/etudiant-e-s-des-quartiers-populaires-toujours-et-encore-victimes-du-racisme-detat\\\/\"},\"author\":{\"name\":\"Solidaires \u00e9tudiant-e-s\",\"@id\":\"https:\\\/\\\/solidaires-etudiant-e-s.org\\\/site\\\/#\\\/schema\\\/person\\\/0efb3e0ff4e2f12b5a5abcd4352aa86c\"},\"headline\":\"Etudiant-e-s des quartiers populaires : toujours et encore victimes du racisme d&#039;Etat\",\"datePublished\":\"2020-05-04T13:30:48+00:00\",\"mainEntityOfPage\":{\"@id\":\"https:\\\/\\\/solidaires-etudiant-e-s.org\\\/site\\\/2020\\\/05\\\/04\\\/etudiant-e-s-des-quartiers-populaires-toujours-et-encore-victimes-du-racisme-detat\\\/\"},\"wordCount\":625,\"publisher\":{\"@id\":\"https:\\\/\\\/solidaires-etudiant-e-s.org\\\/site\\\/#organization\"},\"image\":{\"@id\":\"https:\\\/\\\/solidaires-etudiant-e-s.org\\\/site\\\/2020\\\/05\\\/04\\\/etudiant-e-s-des-quartiers-populaires-toujours-et-encore-victimes-du-racisme-detat\\\/#primaryimage\"},\"thumbnailUrl\":\"https:\\\/\\\/solidaires-etudiant-e-s.org\\\/site\\\/wp-content\\\/uploads\\\/2020\\\/05\\\/Des-CRS-Villeneuve-la-Garenne-le-21-avril.-Photo-Geoffroy-van-der-Hasselt.-AFP.jpg\",\"keywords\":[\"antiracisme\",\"communiqu\u00e9s\",\"droits \u00e9tudiants\",\"pr\u00e9carit\u00e9 \u00e9tudiante\",\"violences polici\u00e8res\"],\"articleSection\":[\"ANTIRACISME\",\"COMMUNIQUES NATIONAUX\"],\"inLanguage\":\"fr-FR\"},{\"@type\":\"WebPage\",\"@id\":\"https:\\\/\\\/solidaires-etudiant-e-s.org\\\/site\\\/2020\\\/05\\\/04\\\/etudiant-e-s-des-quartiers-populaires-toujours-et-encore-victimes-du-racisme-detat\\\/\",\"url\":\"https:\\\/\\\/solidaires-etudiant-e-s.org\\\/site\\\/2020\\\/05\\\/04\\\/etudiant-e-s-des-quartiers-populaires-toujours-et-encore-victimes-du-racisme-detat\\\/\",\"name\":\"Etudiant-e-s des quartiers populaires : toujours et encore victimes du racisme d&#039;Etat - Solidaires \u00e9tudiant-e-s\",\"isPartOf\":{\"@id\":\"https:\\\/\\\/solidaires-etudiant-e-s.org\\\/site\\\/#website\"},\"primaryImageOfPage\":{\"@id\":\"https:\\\/\\\/solidaires-etudiant-e-s.org\\\/site\\\/2020\\\/05\\\/04\\\/etudiant-e-s-des-quartiers-populaires-toujours-et-encore-victimes-du-racisme-detat\\\/#primaryimage\"},\"image\":{\"@id\":\"https:\\\/\\\/solidaires-etudiant-e-s.org\\\/site\\\/2020\\\/05\\\/04\\\/etudiant-e-s-des-quartiers-populaires-toujours-et-encore-victimes-du-racisme-detat\\\/#primaryimage\"},\"thumbnailUrl\":\"https:\\\/\\\/solidaires-etudiant-e-s.org\\\/site\\\/wp-content\\\/uploads\\\/2020\\\/05\\\/Des-CRS-Villeneuve-la-Garenne-le-21-avril.-Photo-Geoffroy-van-der-Hasselt.-AFP.jpg\",\"datePublished\":\"2020-05-04T13:30:48+00:00\",\"breadcrumb\":{\"@id\":\"https:\\\/\\\/solidaires-etudiant-e-s.org\\\/site\\\/2020\\\/05\\\/04\\\/etudiant-e-s-des-quartiers-populaires-toujours-et-encore-victimes-du-racisme-detat\\\/#breadcrumb\"},\"inLanguage\":\"fr-FR\",\"potentialAction\":[{\"@type\":\"ReadAction\",\"target\":[\"https:\\\/\\\/solidaires-etudiant-e-s.org\\\/site\\\/2020\\\/05\\\/04\\\/etudiant-e-s-des-quartiers-populaires-toujours-et-encore-victimes-du-racisme-detat\\\/\"]}]},{\"@type\":\"ImageObject\",\"inLanguage\":\"fr-FR\",\"@id\":\"https:\\\/\\\/solidaires-etudiant-e-s.org\\\/site\\\/2020\\\/05\\\/04\\\/etudiant-e-s-des-quartiers-populaires-toujours-et-encore-victimes-du-racisme-detat\\\/#primaryimage\",\"url\":\"https:\\\/\\\/solidaires-etudiant-e-s.org\\\/site\\\/wp-content\\\/uploads\\\/2020\\\/05\\\/Des-CRS-Villeneuve-la-Garenne-le-21-avril.-Photo-Geoffroy-van-der-Hasselt.-AFP.jpg\",\"contentUrl\":\"https:\\\/\\\/solidaires-etudiant-e-s.org\\\/site\\\/wp-content\\\/uploads\\\/2020\\\/05\\\/Des-CRS-Villeneuve-la-Garenne-le-21-avril.-Photo-Geoffroy-van-der-Hasselt.-AFP.jpg\",\"width\":960,\"height\":638},{\"@type\":\"BreadcrumbList\",\"@id\":\"https:\\\/\\\/solidaires-etudiant-e-s.org\\\/site\\\/2020\\\/05\\\/04\\\/etudiant-e-s-des-quartiers-populaires-toujours-et-encore-victimes-du-racisme-detat\\\/#breadcrumb\",\"itemListElement\":[{\"@type\":\"ListItem\",\"position\":1,\"name\":\"Accueil\",\"item\":\"https:\\\/\\\/solidaires-etudiant-e-s.org\\\/site\\\/\"},{\"@type\":\"ListItem\",\"position\":2,\"name\":\"Etudiant-e-s des quartiers populaires : toujours et encore victimes du racisme d&#039;Etat\"}]},{\"@type\":\"WebSite\",\"@id\":\"https:\\\/\\\/solidaires-etudiant-e-s.org\\\/site\\\/#website\",\"url\":\"https:\\\/\\\/solidaires-etudiant-e-s.org\\\/site\\\/\",\"name\":\"Solidaires \u00e9tudiant-e-s\",\"description\":\"Syndicats pour un enseignement sup\u00e9rieur gratuit, ouvert, et \u00e9mancipateur !\",\"publisher\":{\"@id\":\"https:\\\/\\\/solidaires-etudiant-e-s.org\\\/site\\\/#organization\"},\"potentialAction\":[{\"@type\":\"SearchAction\",\"target\":{\"@type\":\"EntryPoint\",\"urlTemplate\":\"https:\\\/\\\/solidaires-etudiant-e-s.org\\\/site\\\/?s={search_term_string}\"},\"query-input\":{\"@type\":\"PropertyValueSpecification\",\"valueRequired\":true,\"valueName\":\"search_term_string\"}}],\"inLanguage\":\"fr-FR\"},{\"@type\":\"Organization\",\"@id\":\"https:\\\/\\\/solidaires-etudiant-e-s.org\\\/site\\\/#organization\",\"name\":\"Solidaires \u00e9tudiant-e-s\",\"url\":\"https:\\\/\\\/solidaires-etudiant-e-s.org\\\/site\\\/\",\"logo\":{\"@type\":\"ImageObject\",\"inLanguage\":\"fr-FR\",\"@id\":\"https:\\\/\\\/solidaires-etudiant-e-s.org\\\/site\\\/#\\\/schema\\\/logo\\\/image\\\/\",\"url\":\"https:\\\/\\\/solidaires-etudiant-e-s.org\\\/site\\\/wp-content\\\/uploads\\\/2025\\\/12\\\/13-1.png\",\"contentUrl\":\"https:\\\/\\\/solidaires-etudiant-e-s.org\\\/site\\\/wp-content\\\/uploads\\\/2025\\\/12\\\/13-1.png\",\"width\":1181,\"height\":827,\"caption\":\"Solidaires \u00e9tudiant-e-s\"},\"image\":{\"@id\":\"https:\\\/\\\/solidaires-etudiant-e-s.org\\\/site\\\/#\\\/schema\\\/logo\\\/image\\\/\"},\"sameAs\":[\"https:\\\/\\\/www.facebook.com\\\/solidairesetudiantes\",\"https:\\\/\\\/x.com\\\/SolidairesEtu\",\"https:\\\/\\\/www.instagram.com\\\/solidairesetu\\\/\",\"https:\\\/\\\/bsky.app\\\/profile\\\/solidaires-etudiant-e-s.org\",\"https:\\\/\\\/mastodon.social\\\/@solidairesetu\",\"https:\\\/\\\/www.youtube.com\\\/channel\\\/UC_iZN9gmVAAnXbBM7wAWOag\"]},{\"@type\":\"Person\",\"@id\":\"https:\\\/\\\/solidaires-etudiant-e-s.org\\\/site\\\/#\\\/schema\\\/person\\\/0efb3e0ff4e2f12b5a5abcd4352aa86c\",\"name\":\"Solidaires \u00e9tudiant-e-s\",\"image\":{\"@type\":\"ImageObject\",\"inLanguage\":\"fr-FR\",\"@id\":\"https:\\\/\\\/solidaires-etudiant-e-s.org\\\/site\\\/wp-content\\\/uploads\\\/2020\\\/01\\\/logo-SESL-rond-512-96x96.png\",\"url\":\"https:\\\/\\\/solidaires-etudiant-e-s.org\\\/site\\\/wp-content\\\/uploads\\\/2020\\\/01\\\/logo-SESL-rond-512-96x96.png\",\"contentUrl\":\"https:\\\/\\\/solidaires-etudiant-e-s.org\\\/site\\\/wp-content\\\/uploads\\\/2020\\\/01\\\/logo-SESL-rond-512-96x96.png\",\"caption\":\"Solidaires \u00e9tudiant-e-s\"},\"sameAs\":[\"https:\\\/\\\/solidaires-etudiant.org\\\/site\",\"https:\\\/\\\/www.facebook.com\\\/solidairesetudiantes\",\"https:\\\/\\\/www.instagram.com\\\/solidairesetu\",\"https:\\\/\\\/x.com\\\/SolidairesEtu\",\"https:\\\/\\\/fr.wikipedia.org\\\/wiki\\\/Solidaires_tudiant-e-s\"]}]}<\/script>\n<!-- \/ Yoast SEO plugin. -->","yoast_head_json":{"title":"Etudiant-e-s des quartiers populaires : toujours et encore victimes du racisme d&#039;Etat - Solidaires \u00e9tudiant-e-s","robots":{"index":"index","follow":"follow","max-snippet":"max-snippet:-1","max-image-preview":"max-image-preview:large","max-video-preview":"max-video-preview:-1"},"canonical":"https:\/\/solidaires-etudiant-e-s.org\/site\/2020\/05\/04\/etudiant-e-s-des-quartiers-populaires-toujours-et-encore-victimes-du-racisme-detat\/","og_locale":"fr_FR","og_type":"article","og_title":"Etudiant-e-s des quartiers populaires : toujours et encore victimes du racisme d&#039;Etat - Solidaires \u00e9tudiant-e-s","og_description":"Tu es \u00e9tudiant-e et tu vis dans un quartier populaire ? Vidal [&hellip;]","og_url":"https:\/\/solidaires-etudiant-e-s.org\/site\/2020\/05\/04\/etudiant-e-s-des-quartiers-populaires-toujours-et-encore-victimes-du-racisme-detat\/","og_site_name":"Solidaires \u00e9tudiant-e-s","article_publisher":"https:\/\/www.facebook.com\/solidairesetudiantes","article_author":"https:\/\/www.facebook.com\/solidairesetudiantes","article_published_time":"2020-05-04T13:30:48+00:00","og_image":[{"width":960,"height":638,"url":"https:\/\/solidaires-etudiant-e-s.org\/site\/wp-content\/uploads\/2020\/05\/Des-CRS-Villeneuve-la-Garenne-le-21-avril.-Photo-Geoffroy-van-der-Hasselt.-AFP.jpg","type":"image\/jpeg"}],"author":"Solidaires \u00e9tudiant-e-s","twitter_card":"summary_large_image","twitter_creator":"@SolidairesEtu","twitter_site":"@SolidairesEtu","twitter_misc":{"\u00c9crit par":"Solidaires \u00e9tudiant-e-s","Dur\u00e9e de lecture estim\u00e9e":"3 minutes"},"schema":{"@context":"https:\/\/schema.org","@graph":[{"@type":"Article","@id":"https:\/\/solidaires-etudiant-e-s.org\/site\/2020\/05\/04\/etudiant-e-s-des-quartiers-populaires-toujours-et-encore-victimes-du-racisme-detat\/#article","isPartOf":{"@id":"https:\/\/solidaires-etudiant-e-s.org\/site\/2020\/05\/04\/etudiant-e-s-des-quartiers-populaires-toujours-et-encore-victimes-du-racisme-detat\/"},"author":{"name":"Solidaires \u00e9tudiant-e-s","@id":"https:\/\/solidaires-etudiant-e-s.org\/site\/#\/schema\/person\/0efb3e0ff4e2f12b5a5abcd4352aa86c"},"headline":"Etudiant-e-s des quartiers populaires : toujours et encore victimes du racisme d&#039;Etat","datePublished":"2020-05-04T13:30:48+00:00","mainEntityOfPage":{"@id":"https:\/\/solidaires-etudiant-e-s.org\/site\/2020\/05\/04\/etudiant-e-s-des-quartiers-populaires-toujours-et-encore-victimes-du-racisme-detat\/"},"wordCount":625,"publisher":{"@id":"https:\/\/solidaires-etudiant-e-s.org\/site\/#organization"},"image":{"@id":"https:\/\/solidaires-etudiant-e-s.org\/site\/2020\/05\/04\/etudiant-e-s-des-quartiers-populaires-toujours-et-encore-victimes-du-racisme-detat\/#primaryimage"},"thumbnailUrl":"https:\/\/solidaires-etudiant-e-s.org\/site\/wp-content\/uploads\/2020\/05\/Des-CRS-Villeneuve-la-Garenne-le-21-avril.-Photo-Geoffroy-van-der-Hasselt.-AFP.jpg","keywords":["antiracisme","communiqu\u00e9s","droits \u00e9tudiants","pr\u00e9carit\u00e9 \u00e9tudiante","violences polici\u00e8res"],"articleSection":["ANTIRACISME","COMMUNIQUES NATIONAUX"],"inLanguage":"fr-FR"},{"@type":"WebPage","@id":"https:\/\/solidaires-etudiant-e-s.org\/site\/2020\/05\/04\/etudiant-e-s-des-quartiers-populaires-toujours-et-encore-victimes-du-racisme-detat\/","url":"https:\/\/solidaires-etudiant-e-s.org\/site\/2020\/05\/04\/etudiant-e-s-des-quartiers-populaires-toujours-et-encore-victimes-du-racisme-detat\/","name":"Etudiant-e-s des quartiers populaires : toujours et encore victimes du racisme d&#039;Etat - Solidaires \u00e9tudiant-e-s","isPartOf":{"@id":"https:\/\/solidaires-etudiant-e-s.org\/site\/#website"},"primaryImageOfPage":{"@id":"https:\/\/solidaires-etudiant-e-s.org\/site\/2020\/05\/04\/etudiant-e-s-des-quartiers-populaires-toujours-et-encore-victimes-du-racisme-detat\/#primaryimage"},"image":{"@id":"https:\/\/solidaires-etudiant-e-s.org\/site\/2020\/05\/04\/etudiant-e-s-des-quartiers-populaires-toujours-et-encore-victimes-du-racisme-detat\/#primaryimage"},"thumbnailUrl":"https:\/\/solidaires-etudiant-e-s.org\/site\/wp-content\/uploads\/2020\/05\/Des-CRS-Villeneuve-la-Garenne-le-21-avril.-Photo-Geoffroy-van-der-Hasselt.-AFP.jpg","datePublished":"2020-05-04T13:30:48+00:00","breadcrumb":{"@id":"https:\/\/solidaires-etudiant-e-s.org\/site\/2020\/05\/04\/etudiant-e-s-des-quartiers-populaires-toujours-et-encore-victimes-du-racisme-detat\/#breadcrumb"},"inLanguage":"fr-FR","potentialAction":[{"@type":"ReadAction","target":["https:\/\/solidaires-etudiant-e-s.org\/site\/2020\/05\/04\/etudiant-e-s-des-quartiers-populaires-toujours-et-encore-victimes-du-racisme-detat\/"]}]},{"@type":"ImageObject","inLanguage":"fr-FR","@id":"https:\/\/solidaires-etudiant-e-s.org\/site\/2020\/05\/04\/etudiant-e-s-des-quartiers-populaires-toujours-et-encore-victimes-du-racisme-detat\/#primaryimage","url":"https:\/\/solidaires-etudiant-e-s.org\/site\/wp-content\/uploads\/2020\/05\/Des-CRS-Villeneuve-la-Garenne-le-21-avril.-Photo-Geoffroy-van-der-Hasselt.-AFP.jpg","contentUrl":"https:\/\/solidaires-etudiant-e-s.org\/site\/wp-content\/uploads\/2020\/05\/Des-CRS-Villeneuve-la-Garenne-le-21-avril.-Photo-Geoffroy-van-der-Hasselt.-AFP.jpg","width":960,"height":638},{"@type":"BreadcrumbList","@id":"https:\/\/solidaires-etudiant-e-s.org\/site\/2020\/05\/04\/etudiant-e-s-des-quartiers-populaires-toujours-et-encore-victimes-du-racisme-detat\/#breadcrumb","itemListElement":[{"@type":"ListItem","position":1,"name":"Accueil","item":"https:\/\/solidaires-etudiant-e-s.org\/site\/"},{"@type":"ListItem","position":2,"name":"Etudiant-e-s des quartiers populaires : toujours et encore victimes du racisme d&#039;Etat"}]},{"@type":"WebSite","@id":"https:\/\/solidaires-etudiant-e-s.org\/site\/#website","url":"https:\/\/solidaires-etudiant-e-s.org\/site\/","name":"Solidaires \u00e9tudiant-e-s","description":"Syndicats pour un enseignement sup\u00e9rieur gratuit, ouvert, et \u00e9mancipateur !","publisher":{"@id":"https:\/\/solidaires-etudiant-e-s.org\/site\/#organization"},"potentialAction":[{"@type":"SearchAction","target":{"@type":"EntryPoint","urlTemplate":"https:\/\/solidaires-etudiant-e-s.org\/site\/?s={search_term_string}"},"query-input":{"@type":"PropertyValueSpecification","valueRequired":true,"valueName":"search_term_string"}}],"inLanguage":"fr-FR"},{"@type":"Organization","@id":"https:\/\/solidaires-etudiant-e-s.org\/site\/#organization","name":"Solidaires \u00e9tudiant-e-s","url":"https:\/\/solidaires-etudiant-e-s.org\/site\/","logo":{"@type":"ImageObject","inLanguage":"fr-FR","@id":"https:\/\/solidaires-etudiant-e-s.org\/site\/#\/schema\/logo\/image\/","url":"https:\/\/solidaires-etudiant-e-s.org\/site\/wp-content\/uploads\/2025\/12\/13-1.png","contentUrl":"https:\/\/solidaires-etudiant-e-s.org\/site\/wp-content\/uploads\/2025\/12\/13-1.png","width":1181,"height":827,"caption":"Solidaires \u00e9tudiant-e-s"},"image":{"@id":"https:\/\/solidaires-etudiant-e-s.org\/site\/#\/schema\/logo\/image\/"},"sameAs":["https:\/\/www.facebook.com\/solidairesetudiantes","https:\/\/x.com\/SolidairesEtu","https:\/\/www.instagram.com\/solidairesetu\/","https:\/\/bsky.app\/profile\/solidaires-etudiant-e-s.org","https:\/\/mastodon.social\/@solidairesetu","https:\/\/www.youtube.com\/channel\/UC_iZN9gmVAAnXbBM7wAWOag"]},{"@type":"Person","@id":"https:\/\/solidaires-etudiant-e-s.org\/site\/#\/schema\/person\/0efb3e0ff4e2f12b5a5abcd4352aa86c","name":"Solidaires \u00e9tudiant-e-s","image":{"@type":"ImageObject","inLanguage":"fr-FR","@id":"https:\/\/solidaires-etudiant-e-s.org\/site\/wp-content\/uploads\/2020\/01\/logo-SESL-rond-512-96x96.png","url":"https:\/\/solidaires-etudiant-e-s.org\/site\/wp-content\/uploads\/2020\/01\/logo-SESL-rond-512-96x96.png","contentUrl":"https:\/\/solidaires-etudiant-e-s.org\/site\/wp-content\/uploads\/2020\/01\/logo-SESL-rond-512-96x96.png","caption":"Solidaires \u00e9tudiant-e-s"},"sameAs":["https:\/\/solidaires-etudiant.org\/site","https:\/\/www.facebook.com\/solidairesetudiantes","https:\/\/www.instagram.com\/solidairesetu","https:\/\/x.com\/SolidairesEtu","https:\/\/fr.wikipedia.org\/wiki\/Solidaires_tudiant-e-s"]}]}},"_links":{"self":[{"href":"https:\/\/solidaires-etudiant-e-s.org\/site\/wp-json\/wp\/v2\/posts\/5407","targetHints":{"allow":["GET"]}}],"collection":[{"href":"https:\/\/solidaires-etudiant-e-s.org\/site\/wp-json\/wp\/v2\/posts"}],"about":[{"href":"https:\/\/solidaires-etudiant-e-s.org\/site\/wp-json\/wp\/v2\/types\/post"}],"author":[{"embeddable":true,"href":"https:\/\/solidaires-etudiant-e-s.org\/site\/wp-json\/wp\/v2\/users\/1"}],"replies":[{"embeddable":true,"href":"https:\/\/solidaires-etudiant-e-s.org\/site\/wp-json\/wp\/v2\/comments?post=5407"}],"version-history":[{"count":0,"href":"https:\/\/solidaires-etudiant-e-s.org\/site\/wp-json\/wp\/v2\/posts\/5407\/revisions"}],"wp:featuredmedia":[{"embeddable":true,"href":"https:\/\/solidaires-etudiant-e-s.org\/site\/wp-json\/wp\/v2\/media\/5408"}],"wp:attachment":[{"href":"https:\/\/solidaires-etudiant-e-s.org\/site\/wp-json\/wp\/v2\/media?parent=5407"}],"wp:term":[{"taxonomy":"category","embeddable":true,"href":"https:\/\/solidaires-etudiant-e-s.org\/site\/wp-json\/wp\/v2\/categories?post=5407"},{"taxonomy":"post_tag","embeddable":true,"href":"https:\/\/solidaires-etudiant-e-s.org\/site\/wp-json\/wp\/v2\/tags?post=5407"}],"curies":[{"name":"wp","href":"https:\/\/api.w.org\/{rel}","templated":true}]}}