{"id":5378,"date":"2020-04-20T16:12:00","date_gmt":"2020-04-20T14:12:00","guid":{"rendered":"https:\/\/solidaires-etudiant-e-s.org\/archive\/\/?p=5378"},"modified":"2024-12-30T19:16:25","modified_gmt":"2024-12-30T18:16:25","slug":"examens-en-ligne-gare-aux-recours","status":"publish","type":"post","link":"https:\/\/solidaires-etudiant-e-s.org\/site\/2020\/04\/20\/examens-en-ligne-gare-aux-recours\/","title":{"rendered":"EXAMENS EN LIGNE, GARE AUX RECOURS\u00a0!"},"content":{"rendered":"\n<p>Depuis plusieurs jours diff\u00e9rents \u00e9tablissements de l\u2019enseignement sup\u00e9rieur annoncent de <strong>nouvelles modalit\u00e9s d\u2019examen<\/strong>. Ces d\u00e9cisions, soit prises par la CFVU, soit unilat\u00e9ralement par la pr\u00e9sidence, visent \u00e0 maintenir co\u00fbte que co\u00fbte l\u2019illusion de la \u00ab continuit\u00e9 p\u00e9dagogique \u00bb \u00e0 distance.<\/p>\n\n\n<p>En effet, ces nouvelles modalit\u00e9<strong>s prennent rarement en compte la diversit\u00e9 des situations dans lesquelles se trouvent les \u00e9tudiant-e-s actuellement<\/strong>. Nombres d\u2019entre nous ne disposent<strong> pas de mat\u00e9riel informatique ou d\u2019une connexion satisfaisante<\/strong> pour pouvoir r\u00e9pondre aux exigences des examens en ligne, ou n\u2019ont tout simplement pas la possibilit\u00e9 de s\u2019isoler pour travailler ou composer dans le calme. <strong>Pire, certaines universit\u00e9s comptent proc\u00e9der \u00e0 des examens \u00e0 heures fixes<\/strong>, dits synchrones, alors que nombre d\u2019\u00e9tudiant-e-s sont dans des foyers ne disposant que d\u2019un seul ordinateur et d\u2019autres n\u2019en n\u2019ont pas. Enfin, avec des examens \u00e0 distance, \u00e0 heure fixe ou non, se pose le probl\u00e8me du <strong>maintien des am\u00e9nagements pour les \u00e9tudiant-e-s en situation d\u2019handicap (notamment en ce qui concerne les possibilit\u00e9s d\u2019aide \u00e0 la prise de note) qui semble difficile, si ce n\u2019est impossible.<\/strong><\/p>\n\n\n<p>L\u2019ensemble de ces \u00e9l\u00e9ments conduisent \u00e0 constater un non respect de l\u2019\u00e9galit\u00e9 de traitement des \u00e9tudiant-e-s, pourtant reconnue comme principe g\u00e9n\u00e9ral du droit par le Conseil d\u2019Etat. De plus, l<strong>e non-am\u00e9nagement des examens pour les \u00e9tudiant-e-s en situation d\u2019handicap<\/strong> <strong>est consid\u00e9r\u00e9 comme une violation de libert\u00e9 fondamentale<\/strong> pouvant justifier des actions en r\u00e9f\u00e9r\u00e9.<\/p>\n\n\n<p>Au vu de ces \u00e9l\u00e9ments l\u2019organisation des \u00e9preuves repr\u00e9sentent un risque \u00e9lev\u00e9 de contestations de la part des \u00e9tudiant-e-s l\u00e9s\u00e9-e-s. <strong>Solidaires \u00e9tudiant-e-s n\u2019h\u00e9sitera pas \u00e0 participer \u00e0 l\u2019ensemble des recours n\u00e9cessaires afin de faire respecter les droits des \u00e9tudiant-e-s. De m\u00eame que nous n\u2019h\u00e9siterons pas \u00e0 \u00eatre \u00e0 l\u2019initiative des recours.<\/strong><\/p>\n\n\n<p>De plus, les r\u00e9sultats de tels examens en ligne feront partie des r\u00e9sultats utilis\u00e9s pour s\u00e9lectionner les \u00e9tudiant-e-s \u00e0 l\u2019entr\u00e9e des masters, soulignant encore un peu plus le caract\u00e8re fallacieux du principe de \u201cm\u00e9rite\u201d sur lequel est bas\u00e9 cette s\u00e9lection : les r\u00e9sultats de ces examens d\u00e9pendront encore plus des conditions mat\u00e9rielles de chaque \u00e9tudiant-e que ceux r\u00e9alis\u00e9s habituellement en pr\u00e9sentiel.<\/p>\n\n\n<p><strong>Pour toutes ces raisons nous demandons :<\/strong><\/p>\n\n\n<ul class=\"wp-block-list\"><li><strong>une validation du second semestre pour toustes,<\/strong><\/li><li><strong>la suspension pour deux ans de la s\u00e9lection en master<\/strong><\/li><\/ul>\n\n\n<figure class=\"wp-block-image size-large is-resized\"><a href=\"https:\/\/solidaires-etudiant.org\/site\/wp-content\/uploads\/2020\/04\/2020.04.16_Menace_TA_facs.pdf\"><img loading=\"lazy\" decoding=\"async\" src=\"https:\/\/solidaires-etudiant-e-s.org\/archive\/\/wp-content\/uploads\/2014\/02\/adobe.png\" alt=\"\" class=\"wp-image-274\" width=\"54\" height=\"54\" srcset=\"https:\/\/solidaires-etudiant-e-s.org\/site\/wp-content\/uploads\/2014\/02\/adobe.png 256w, https:\/\/solidaires-etudiant-e-s.org\/site\/wp-content\/uploads\/2014\/02\/adobe-150x150.png 150w\" sizes=\"auto, (max-width: 54px) 100vw, 54px\" \/><\/a><\/figure>\n\n\n<div class=\"wp-block-file\"><a href=\"https:\/\/solidaires-etudiant.org\/site\/wp-content\/uploads\/2020\/04\/2020.04.16_Menace_TA_facs.pdf\">2020.04.16_Menace_TA_facs<\/a><a href=\"https:\/\/solidaires-etudiant.org\/site\/wp-content\/uploads\/2020\/04\/2020.04.16_Menace_TA_facs.pdf\" class=\"wp-block-file__button\" download>T\u00e9l\u00e9charger<\/a><\/div>\n\n\n<p><\/p>\n","protected":false},"excerpt":{"rendered":"<p>Depuis plusieurs jours diff\u00e9rents \u00e9tablissements de l\u2019enseignement sup\u00e9rieur annoncent de nouvelles modalit\u00e9s [&hellip;]<\/p>\n","protected":false},"author":1,"featured_media":5382,"comment_status":"closed","ping_status":"closed","sticky":false,"template":"","format":"standard","meta":{"cybocfi_hide_featured_image":"","footnotes":""},"categories":[10,15,18],"tags":[337,601,889,1130,1159],"class_list":["post-5378","post","type-post","status-publish","format-standard","has-post-thumbnail","hentry","category-communiques","category-droits-etudiants","category-esr","tag-confinement","tag-handicap","tag-precarite","tag-tribunal-administratif","tag-validation","col-md-4 col-sm-4"],"featured_image_src":"https:\/\/solidaires-etudiant-e-s.org\/site\/wp-content\/uploads\/2020\/04\/tribunal-administratif-Toulon.jpg","author_info":{"display_name":"Solidaires \u00e9tudiant-e-s","author_link":false},"yoast_head":"<!-- This site is optimized with the Yoast SEO plugin v27.4 - https:\/\/yoast.com\/product\/yoast-seo-wordpress\/ -->\n<title>EXAMENS EN LIGNE, GARE AUX RECOURS\u00a0! - Solidaires \u00e9tudiant-e-s<\/title>\n<meta name=\"robots\" content=\"index, follow, max-snippet:-1, max-image-preview:large, max-video-preview:-1\" \/>\n<link rel=\"canonical\" href=\"https:\/\/solidaires-etudiant-e-s.org\/site\/2020\/04\/20\/examens-en-ligne-gare-aux-recours\/\" \/>\n<meta property=\"og:locale\" content=\"fr_FR\" \/>\n<meta property=\"og:type\" content=\"article\" \/>\n<meta property=\"og:title\" content=\"EXAMENS EN LIGNE, GARE AUX RECOURS\u00a0! - Solidaires \u00e9tudiant-e-s\" \/>\n<meta property=\"og:description\" content=\"Depuis plusieurs jours diff\u00e9rents \u00e9tablissements de l\u2019enseignement sup\u00e9rieur annoncent de nouvelles modalit\u00e9s [&hellip;]\" \/>\n<meta property=\"og:url\" content=\"https:\/\/solidaires-etudiant-e-s.org\/site\/2020\/04\/20\/examens-en-ligne-gare-aux-recours\/\" \/>\n<meta property=\"og:site_name\" content=\"Solidaires \u00e9tudiant-e-s\" \/>\n<meta property=\"article:publisher\" content=\"https:\/\/www.facebook.com\/solidairesetudiantes\" \/>\n<meta property=\"article:author\" content=\"https:\/\/www.facebook.com\/solidairesetudiantes\" \/>\n<meta property=\"article:published_time\" content=\"2020-04-20T14:12:00+00:00\" \/>\n<meta property=\"article:modified_time\" content=\"2024-12-30T18:16:25+00:00\" \/>\n<meta property=\"og:image\" content=\"https:\/\/solidaires-etudiant-e-s.org\/site\/wp-content\/uploads\/2020\/04\/tribunal-administratif-Toulon.jpg\" \/>\n\t<meta property=\"og:image:width\" content=\"480\" \/>\n\t<meta property=\"og:image:height\" content=\"360\" \/>\n\t<meta property=\"og:image:type\" content=\"image\/jpeg\" \/>\n<meta name=\"author\" content=\"Solidaires \u00e9tudiant-e-s\" \/>\n<meta name=\"twitter:card\" content=\"summary_large_image\" \/>\n<meta name=\"twitter:creator\" content=\"@SolidairesEtu\" \/>\n<meta name=\"twitter:site\" content=\"@SolidairesEtu\" \/>\n<meta name=\"twitter:label1\" content=\"\u00c9crit par\" \/>\n\t<meta name=\"twitter:data1\" content=\"Solidaires \u00e9tudiant-e-s\" \/>\n\t<meta name=\"twitter:label2\" content=\"Dur\u00e9e de lecture estim\u00e9e\" \/>\n\t<meta name=\"twitter:data2\" content=\"2 minutes\" \/>\n<script type=\"application\/ld+json\" class=\"yoast-schema-graph\">{\"@context\":\"https:\\\/\\\/schema.org\",\"@graph\":[{\"@type\":\"Article\",\"@id\":\"https:\\\/\\\/solidaires-etudiant-e-s.org\\\/site\\\/2020\\\/04\\\/20\\\/examens-en-ligne-gare-aux-recours\\\/#article\",\"isPartOf\":{\"@id\":\"https:\\\/\\\/solidaires-etudiant-e-s.org\\\/site\\\/2020\\\/04\\\/20\\\/examens-en-ligne-gare-aux-recours\\\/\"},\"author\":{\"name\":\"Solidaires \u00e9tudiant-e-s\",\"@id\":\"https:\\\/\\\/solidaires-etudiant-e-s.org\\\/site\\\/#\\\/schema\\\/person\\\/0efb3e0ff4e2f12b5a5abcd4352aa86c\"},\"headline\":\"EXAMENS EN LIGNE, GARE AUX RECOURS\u00a0!\",\"datePublished\":\"2020-04-20T14:12:00+00:00\",\"dateModified\":\"2024-12-30T18:16:25+00:00\",\"mainEntityOfPage\":{\"@id\":\"https:\\\/\\\/solidaires-etudiant-e-s.org\\\/site\\\/2020\\\/04\\\/20\\\/examens-en-ligne-gare-aux-recours\\\/\"},\"wordCount\":431,\"publisher\":{\"@id\":\"https:\\\/\\\/solidaires-etudiant-e-s.org\\\/site\\\/#organization\"},\"image\":{\"@id\":\"https:\\\/\\\/solidaires-etudiant-e-s.org\\\/site\\\/2020\\\/04\\\/20\\\/examens-en-ligne-gare-aux-recours\\\/#primaryimage\"},\"thumbnailUrl\":\"https:\\\/\\\/solidaires-etudiant-e-s.org\\\/site\\\/wp-content\\\/uploads\\\/2020\\\/04\\\/tribunal-administratif-Toulon.jpg\",\"keywords\":[\"confinement\",\"handicap\",\"pr\u00e9carit\u00e9\",\"tribunal administratif\",\"validation\"],\"articleSection\":[\"COMMUNIQUES NATIONAUX\",\"DROITS ETUDIANTS\",\"ENSEIGNEMENT SUPERIEUR\"],\"inLanguage\":\"fr-FR\"},{\"@type\":\"WebPage\",\"@id\":\"https:\\\/\\\/solidaires-etudiant-e-s.org\\\/site\\\/2020\\\/04\\\/20\\\/examens-en-ligne-gare-aux-recours\\\/\",\"url\":\"https:\\\/\\\/solidaires-etudiant-e-s.org\\\/site\\\/2020\\\/04\\\/20\\\/examens-en-ligne-gare-aux-recours\\\/\",\"name\":\"EXAMENS EN LIGNE, GARE AUX RECOURS\u00a0! - Solidaires \u00e9tudiant-e-s\",\"isPartOf\":{\"@id\":\"https:\\\/\\\/solidaires-etudiant-e-s.org\\\/site\\\/#website\"},\"primaryImageOfPage\":{\"@id\":\"https:\\\/\\\/solidaires-etudiant-e-s.org\\\/site\\\/2020\\\/04\\\/20\\\/examens-en-ligne-gare-aux-recours\\\/#primaryimage\"},\"image\":{\"@id\":\"https:\\\/\\\/solidaires-etudiant-e-s.org\\\/site\\\/2020\\\/04\\\/20\\\/examens-en-ligne-gare-aux-recours\\\/#primaryimage\"},\"thumbnailUrl\":\"https:\\\/\\\/solidaires-etudiant-e-s.org\\\/site\\\/wp-content\\\/uploads\\\/2020\\\/04\\\/tribunal-administratif-Toulon.jpg\",\"datePublished\":\"2020-04-20T14:12:00+00:00\",\"dateModified\":\"2024-12-30T18:16:25+00:00\",\"breadcrumb\":{\"@id\":\"https:\\\/\\\/solidaires-etudiant-e-s.org\\\/site\\\/2020\\\/04\\\/20\\\/examens-en-ligne-gare-aux-recours\\\/#breadcrumb\"},\"inLanguage\":\"fr-FR\",\"potentialAction\":[{\"@type\":\"ReadAction\",\"target\":[\"https:\\\/\\\/solidaires-etudiant-e-s.org\\\/site\\\/2020\\\/04\\\/20\\\/examens-en-ligne-gare-aux-recours\\\/\"]}]},{\"@type\":\"ImageObject\",\"inLanguage\":\"fr-FR\",\"@id\":\"https:\\\/\\\/solidaires-etudiant-e-s.org\\\/site\\\/2020\\\/04\\\/20\\\/examens-en-ligne-gare-aux-recours\\\/#primaryimage\",\"url\":\"https:\\\/\\\/solidaires-etudiant-e-s.org\\\/site\\\/wp-content\\\/uploads\\\/2020\\\/04\\\/tribunal-administratif-Toulon.jpg\",\"contentUrl\":\"https:\\\/\\\/solidaires-etudiant-e-s.org\\\/site\\\/wp-content\\\/uploads\\\/2020\\\/04\\\/tribunal-administratif-Toulon.jpg\",\"width\":480,\"height\":360},{\"@type\":\"BreadcrumbList\",\"@id\":\"https:\\\/\\\/solidaires-etudiant-e-s.org\\\/site\\\/2020\\\/04\\\/20\\\/examens-en-ligne-gare-aux-recours\\\/#breadcrumb\",\"itemListElement\":[{\"@type\":\"ListItem\",\"position\":1,\"name\":\"Accueil\",\"item\":\"https:\\\/\\\/solidaires-etudiant-e-s.org\\\/site\\\/\"},{\"@type\":\"ListItem\",\"position\":2,\"name\":\"EXAMENS EN LIGNE, GARE AUX RECOURS\u00a0!\"}]},{\"@type\":\"WebSite\",\"@id\":\"https:\\\/\\\/solidaires-etudiant-e-s.org\\\/site\\\/#website\",\"url\":\"https:\\\/\\\/solidaires-etudiant-e-s.org\\\/site\\\/\",\"name\":\"Solidaires \u00e9tudiant-e-s\",\"description\":\"Syndicats pour un enseignement sup\u00e9rieur gratuit, ouvert, et \u00e9mancipateur !\",\"publisher\":{\"@id\":\"https:\\\/\\\/solidaires-etudiant-e-s.org\\\/site\\\/#organization\"},\"potentialAction\":[{\"@type\":\"SearchAction\",\"target\":{\"@type\":\"EntryPoint\",\"urlTemplate\":\"https:\\\/\\\/solidaires-etudiant-e-s.org\\\/site\\\/?s={search_term_string}\"},\"query-input\":{\"@type\":\"PropertyValueSpecification\",\"valueRequired\":true,\"valueName\":\"search_term_string\"}}],\"inLanguage\":\"fr-FR\"},{\"@type\":\"Organization\",\"@id\":\"https:\\\/\\\/solidaires-etudiant-e-s.org\\\/site\\\/#organization\",\"name\":\"Solidaires \u00e9tudiant-e-s\",\"url\":\"https:\\\/\\\/solidaires-etudiant-e-s.org\\\/site\\\/\",\"logo\":{\"@type\":\"ImageObject\",\"inLanguage\":\"fr-FR\",\"@id\":\"https:\\\/\\\/solidaires-etudiant-e-s.org\\\/site\\\/#\\\/schema\\\/logo\\\/image\\\/\",\"url\":\"https:\\\/\\\/solidaires-etudiant-e-s.org\\\/site\\\/wp-content\\\/uploads\\\/2025\\\/12\\\/13-1.png\",\"contentUrl\":\"https:\\\/\\\/solidaires-etudiant-e-s.org\\\/site\\\/wp-content\\\/uploads\\\/2025\\\/12\\\/13-1.png\",\"width\":1181,\"height\":827,\"caption\":\"Solidaires \u00e9tudiant-e-s\"},\"image\":{\"@id\":\"https:\\\/\\\/solidaires-etudiant-e-s.org\\\/site\\\/#\\\/schema\\\/logo\\\/image\\\/\"},\"sameAs\":[\"https:\\\/\\\/www.facebook.com\\\/solidairesetudiantes\",\"https:\\\/\\\/x.com\\\/SolidairesEtu\",\"https:\\\/\\\/www.instagram.com\\\/solidairesetu\\\/\",\"https:\\\/\\\/bsky.app\\\/profile\\\/solidaires-etudiant-e-s.org\",\"https:\\\/\\\/mastodon.social\\\/@solidairesetu\",\"https:\\\/\\\/www.youtube.com\\\/channel\\\/UC_iZN9gmVAAnXbBM7wAWOag\"]},{\"@type\":\"Person\",\"@id\":\"https:\\\/\\\/solidaires-etudiant-e-s.org\\\/site\\\/#\\\/schema\\\/person\\\/0efb3e0ff4e2f12b5a5abcd4352aa86c\",\"name\":\"Solidaires \u00e9tudiant-e-s\",\"image\":{\"@type\":\"ImageObject\",\"inLanguage\":\"fr-FR\",\"@id\":\"https:\\\/\\\/solidaires-etudiant-e-s.org\\\/site\\\/wp-content\\\/uploads\\\/2020\\\/01\\\/logo-SESL-rond-512-96x96.png\",\"url\":\"https:\\\/\\\/solidaires-etudiant-e-s.org\\\/site\\\/wp-content\\\/uploads\\\/2020\\\/01\\\/logo-SESL-rond-512-96x96.png\",\"contentUrl\":\"https:\\\/\\\/solidaires-etudiant-e-s.org\\\/site\\\/wp-content\\\/uploads\\\/2020\\\/01\\\/logo-SESL-rond-512-96x96.png\",\"caption\":\"Solidaires \u00e9tudiant-e-s\"},\"sameAs\":[\"https:\\\/\\\/solidaires-etudiant.org\\\/site\",\"https:\\\/\\\/www.facebook.com\\\/solidairesetudiantes\",\"https:\\\/\\\/www.instagram.com\\\/solidairesetu\",\"https:\\\/\\\/x.com\\\/SolidairesEtu\",\"https:\\\/\\\/fr.wikipedia.org\\\/wiki\\\/Solidaires_tudiant-e-s\"]}]}<\/script>\n<!-- \/ Yoast SEO plugin. -->","yoast_head_json":{"title":"EXAMENS EN LIGNE, GARE AUX RECOURS\u00a0! - Solidaires \u00e9tudiant-e-s","robots":{"index":"index","follow":"follow","max-snippet":"max-snippet:-1","max-image-preview":"max-image-preview:large","max-video-preview":"max-video-preview:-1"},"canonical":"https:\/\/solidaires-etudiant-e-s.org\/site\/2020\/04\/20\/examens-en-ligne-gare-aux-recours\/","og_locale":"fr_FR","og_type":"article","og_title":"EXAMENS EN LIGNE, GARE AUX RECOURS\u00a0! - Solidaires \u00e9tudiant-e-s","og_description":"Depuis plusieurs jours diff\u00e9rents \u00e9tablissements de l\u2019enseignement sup\u00e9rieur annoncent de nouvelles modalit\u00e9s [&hellip;]","og_url":"https:\/\/solidaires-etudiant-e-s.org\/site\/2020\/04\/20\/examens-en-ligne-gare-aux-recours\/","og_site_name":"Solidaires \u00e9tudiant-e-s","article_publisher":"https:\/\/www.facebook.com\/solidairesetudiantes","article_author":"https:\/\/www.facebook.com\/solidairesetudiantes","article_published_time":"2020-04-20T14:12:00+00:00","article_modified_time":"2024-12-30T18:16:25+00:00","og_image":[{"width":480,"height":360,"url":"https:\/\/solidaires-etudiant-e-s.org\/site\/wp-content\/uploads\/2020\/04\/tribunal-administratif-Toulon.jpg","type":"image\/jpeg"}],"author":"Solidaires \u00e9tudiant-e-s","twitter_card":"summary_large_image","twitter_creator":"@SolidairesEtu","twitter_site":"@SolidairesEtu","twitter_misc":{"\u00c9crit par":"Solidaires \u00e9tudiant-e-s","Dur\u00e9e de lecture estim\u00e9e":"2 minutes"},"schema":{"@context":"https:\/\/schema.org","@graph":[{"@type":"Article","@id":"https:\/\/solidaires-etudiant-e-s.org\/site\/2020\/04\/20\/examens-en-ligne-gare-aux-recours\/#article","isPartOf":{"@id":"https:\/\/solidaires-etudiant-e-s.org\/site\/2020\/04\/20\/examens-en-ligne-gare-aux-recours\/"},"author":{"name":"Solidaires \u00e9tudiant-e-s","@id":"https:\/\/solidaires-etudiant-e-s.org\/site\/#\/schema\/person\/0efb3e0ff4e2f12b5a5abcd4352aa86c"},"headline":"EXAMENS EN LIGNE, GARE AUX RECOURS\u00a0!","datePublished":"2020-04-20T14:12:00+00:00","dateModified":"2024-12-30T18:16:25+00:00","mainEntityOfPage":{"@id":"https:\/\/solidaires-etudiant-e-s.org\/site\/2020\/04\/20\/examens-en-ligne-gare-aux-recours\/"},"wordCount":431,"publisher":{"@id":"https:\/\/solidaires-etudiant-e-s.org\/site\/#organization"},"image":{"@id":"https:\/\/solidaires-etudiant-e-s.org\/site\/2020\/04\/20\/examens-en-ligne-gare-aux-recours\/#primaryimage"},"thumbnailUrl":"https:\/\/solidaires-etudiant-e-s.org\/site\/wp-content\/uploads\/2020\/04\/tribunal-administratif-Toulon.jpg","keywords":["confinement","handicap","pr\u00e9carit\u00e9","tribunal administratif","validation"],"articleSection":["COMMUNIQUES NATIONAUX","DROITS ETUDIANTS","ENSEIGNEMENT SUPERIEUR"],"inLanguage":"fr-FR"},{"@type":"WebPage","@id":"https:\/\/solidaires-etudiant-e-s.org\/site\/2020\/04\/20\/examens-en-ligne-gare-aux-recours\/","url":"https:\/\/solidaires-etudiant-e-s.org\/site\/2020\/04\/20\/examens-en-ligne-gare-aux-recours\/","name":"EXAMENS EN LIGNE, GARE AUX RECOURS\u00a0! - Solidaires \u00e9tudiant-e-s","isPartOf":{"@id":"https:\/\/solidaires-etudiant-e-s.org\/site\/#website"},"primaryImageOfPage":{"@id":"https:\/\/solidaires-etudiant-e-s.org\/site\/2020\/04\/20\/examens-en-ligne-gare-aux-recours\/#primaryimage"},"image":{"@id":"https:\/\/solidaires-etudiant-e-s.org\/site\/2020\/04\/20\/examens-en-ligne-gare-aux-recours\/#primaryimage"},"thumbnailUrl":"https:\/\/solidaires-etudiant-e-s.org\/site\/wp-content\/uploads\/2020\/04\/tribunal-administratif-Toulon.jpg","datePublished":"2020-04-20T14:12:00+00:00","dateModified":"2024-12-30T18:16:25+00:00","breadcrumb":{"@id":"https:\/\/solidaires-etudiant-e-s.org\/site\/2020\/04\/20\/examens-en-ligne-gare-aux-recours\/#breadcrumb"},"inLanguage":"fr-FR","potentialAction":[{"@type":"ReadAction","target":["https:\/\/solidaires-etudiant-e-s.org\/site\/2020\/04\/20\/examens-en-ligne-gare-aux-recours\/"]}]},{"@type":"ImageObject","inLanguage":"fr-FR","@id":"https:\/\/solidaires-etudiant-e-s.org\/site\/2020\/04\/20\/examens-en-ligne-gare-aux-recours\/#primaryimage","url":"https:\/\/solidaires-etudiant-e-s.org\/site\/wp-content\/uploads\/2020\/04\/tribunal-administratif-Toulon.jpg","contentUrl":"https:\/\/solidaires-etudiant-e-s.org\/site\/wp-content\/uploads\/2020\/04\/tribunal-administratif-Toulon.jpg","width":480,"height":360},{"@type":"BreadcrumbList","@id":"https:\/\/solidaires-etudiant-e-s.org\/site\/2020\/04\/20\/examens-en-ligne-gare-aux-recours\/#breadcrumb","itemListElement":[{"@type":"ListItem","position":1,"name":"Accueil","item":"https:\/\/solidaires-etudiant-e-s.org\/site\/"},{"@type":"ListItem","position":2,"name":"EXAMENS EN LIGNE, GARE AUX RECOURS\u00a0!"}]},{"@type":"WebSite","@id":"https:\/\/solidaires-etudiant-e-s.org\/site\/#website","url":"https:\/\/solidaires-etudiant-e-s.org\/site\/","name":"Solidaires \u00e9tudiant-e-s","description":"Syndicats pour un enseignement sup\u00e9rieur gratuit, ouvert, et \u00e9mancipateur !","publisher":{"@id":"https:\/\/solidaires-etudiant-e-s.org\/site\/#organization"},"potentialAction":[{"@type":"SearchAction","target":{"@type":"EntryPoint","urlTemplate":"https:\/\/solidaires-etudiant-e-s.org\/site\/?s={search_term_string}"},"query-input":{"@type":"PropertyValueSpecification","valueRequired":true,"valueName":"search_term_string"}}],"inLanguage":"fr-FR"},{"@type":"Organization","@id":"https:\/\/solidaires-etudiant-e-s.org\/site\/#organization","name":"Solidaires \u00e9tudiant-e-s","url":"https:\/\/solidaires-etudiant-e-s.org\/site\/","logo":{"@type":"ImageObject","inLanguage":"fr-FR","@id":"https:\/\/solidaires-etudiant-e-s.org\/site\/#\/schema\/logo\/image\/","url":"https:\/\/solidaires-etudiant-e-s.org\/site\/wp-content\/uploads\/2025\/12\/13-1.png","contentUrl":"https:\/\/solidaires-etudiant-e-s.org\/site\/wp-content\/uploads\/2025\/12\/13-1.png","width":1181,"height":827,"caption":"Solidaires \u00e9tudiant-e-s"},"image":{"@id":"https:\/\/solidaires-etudiant-e-s.org\/site\/#\/schema\/logo\/image\/"},"sameAs":["https:\/\/www.facebook.com\/solidairesetudiantes","https:\/\/x.com\/SolidairesEtu","https:\/\/www.instagram.com\/solidairesetu\/","https:\/\/bsky.app\/profile\/solidaires-etudiant-e-s.org","https:\/\/mastodon.social\/@solidairesetu","https:\/\/www.youtube.com\/channel\/UC_iZN9gmVAAnXbBM7wAWOag"]},{"@type":"Person","@id":"https:\/\/solidaires-etudiant-e-s.org\/site\/#\/schema\/person\/0efb3e0ff4e2f12b5a5abcd4352aa86c","name":"Solidaires \u00e9tudiant-e-s","image":{"@type":"ImageObject","inLanguage":"fr-FR","@id":"https:\/\/solidaires-etudiant-e-s.org\/site\/wp-content\/uploads\/2020\/01\/logo-SESL-rond-512-96x96.png","url":"https:\/\/solidaires-etudiant-e-s.org\/site\/wp-content\/uploads\/2020\/01\/logo-SESL-rond-512-96x96.png","contentUrl":"https:\/\/solidaires-etudiant-e-s.org\/site\/wp-content\/uploads\/2020\/01\/logo-SESL-rond-512-96x96.png","caption":"Solidaires \u00e9tudiant-e-s"},"sameAs":["https:\/\/solidaires-etudiant.org\/site","https:\/\/www.facebook.com\/solidairesetudiantes","https:\/\/www.instagram.com\/solidairesetu","https:\/\/x.com\/SolidairesEtu","https:\/\/fr.wikipedia.org\/wiki\/Solidaires_tudiant-e-s"]}]}},"_links":{"self":[{"href":"https:\/\/solidaires-etudiant-e-s.org\/site\/wp-json\/wp\/v2\/posts\/5378","targetHints":{"allow":["GET"]}}],"collection":[{"href":"https:\/\/solidaires-etudiant-e-s.org\/site\/wp-json\/wp\/v2\/posts"}],"about":[{"href":"https:\/\/solidaires-etudiant-e-s.org\/site\/wp-json\/wp\/v2\/types\/post"}],"author":[{"embeddable":true,"href":"https:\/\/solidaires-etudiant-e-s.org\/site\/wp-json\/wp\/v2\/users\/1"}],"replies":[{"embeddable":true,"href":"https:\/\/solidaires-etudiant-e-s.org\/site\/wp-json\/wp\/v2\/comments?post=5378"}],"version-history":[{"count":1,"href":"https:\/\/solidaires-etudiant-e-s.org\/site\/wp-json\/wp\/v2\/posts\/5378\/revisions"}],"predecessor-version":[{"id":7511,"href":"https:\/\/solidaires-etudiant-e-s.org\/site\/wp-json\/wp\/v2\/posts\/5378\/revisions\/7511"}],"wp:featuredmedia":[{"embeddable":true,"href":"https:\/\/solidaires-etudiant-e-s.org\/site\/wp-json\/wp\/v2\/media\/5382"}],"wp:attachment":[{"href":"https:\/\/solidaires-etudiant-e-s.org\/site\/wp-json\/wp\/v2\/media?parent=5378"}],"wp:term":[{"taxonomy":"category","embeddable":true,"href":"https:\/\/solidaires-etudiant-e-s.org\/site\/wp-json\/wp\/v2\/categories?post=5378"},{"taxonomy":"post_tag","embeddable":true,"href":"https:\/\/solidaires-etudiant-e-s.org\/site\/wp-json\/wp\/v2\/tags?post=5378"}],"curies":[{"name":"wp","href":"https:\/\/api.w.org\/{rel}","templated":true}]}}