{"id":535,"date":"2014-06-07T15:22:42","date_gmt":"2014-06-07T13:22:42","guid":{"rendered":"http:\/\/www.solidaires-etudiant.org\/?p=535"},"modified":"2014-06-07T15:22:42","modified_gmt":"2014-06-07T13:22:42","slug":"frais-dinscription-les-breches-sont-ouvertes-pour-une-hausse-generalisee","status":"publish","type":"post","link":"https:\/\/solidaires-etudiant-e-s.org\/site\/2014\/06\/07\/frais-dinscription-les-breches-sont-ouvertes-pour-une-hausse-generalisee\/","title":{"rendered":"Frais d&#039;inscription : les br\u00e8ches sont ouvertes pour une hausse g\u00e9n\u00e9ralis\u00e9e !"},"content":{"rendered":"<p style=\"text-align: justify;\"><a href=\"http:\/\/www.solidaires-etudiant.org\/wp-content\/uploads\/2014\/04\/manifestaton-etudiants_montr\u00e9al.jpg\"><img loading=\"lazy\" decoding=\"async\" class=\"aligncenter  wp-image-536\" src=\"http:\/\/www.solidaires-etudiant.org\/wp-content\/uploads\/2014\/04\/manifestaton-etudiants_montr\u00e9al-1024x1024.jpg\" alt=\"manifestaton-etudiants_montr\u00e9al\" width=\"736\" height=\"204\" \/><\/a><\/p>\n<p style=\"text-align: justify;\">Le 25 avril dernier, le Ministre de l&rsquo;Education Nationale, de l&rsquo;Enseignement Sup\u00e9rieur et de la Recherche disait refuser \u00ab\u00a0toute hausse des frais d&rsquo;inscription\u00a0\u00bb. Mais la r\u00e9alit\u00e9 est toute autre et les promesses n&rsquo;engagent que celles et ceux qui les croient.<\/p>\n<p style=\"text-align: justify;\">Depuis plusieurs mois, un mouvement d&rsquo;augmentation de frais d&rsquo;inscription est en cours dans l&rsquo;Enseignement Sup\u00e9rieur. Si ces augmentations ne sont pas encore visibles pour la plupart des \u00e9tudiant-e-s, puisqu&rsquo;elles ne concernent pas les frais r\u00e9glementaires \u00ab\u00a0licences\u00a0\u00bb et \u00ab\u00a0masters\u00a0\u00bb, les augmentations de frais d\u00e9rogatoires se multiplient.<\/p>\n<p style=\"text-align: justify;\">En d\u00e9cembre dernier, le Minist\u00e8re a d\u00e9cid\u00e9 d&rsquo;augmenter les frais d&rsquo;inscription dans les \u00e9coles publiques d&rsquo;ing\u00e9nieurs du r\u00e9seau Mines-T\u00e9l\u00e9com : de 850 ils sont pass\u00e9s \u00e0 1850 euros. Ce prix s&rsquo;\u00e9l\u00e8ve m\u00eame \u00e0 3800 pour les \u00e9tudiant-e-s \u00e9tranger-e-s non communautaires (hors Europe) ce qui constitue un \u00ab\u00a0racket des \u00e9tudiant-e-s\u00a0\u00bb . En mai, c&rsquo;est au tour de l&rsquo;Ecole Nationale des Ponts et Chauss\u00e9es dont les frais d&rsquo;inscription passeront de 1302 \u00e0 2570 euros pour les \u00e9tudiant-e-s nouvellement inscrit-e-s et de 1302 \u00e0 1402 euros pour celles et ceux ayant d\u00e9j\u00e0 d\u00e9but\u00e9-e-s leur formation.<\/p>\n<p style=\"text-align: justify;\">Mais le cas des\u00a0\u00e9coles d&rsquo;ing\u00e9nieurs n&rsquo;est pas isol\u00e9. De nombreux \u00e9tablissements, insuffisamment dot\u00e9s par l&rsquo;Etat ou ayant la folie des grandeurs, utilisent les frais d&rsquo;inscription comme un nouveau levier de leur politique budg\u00e9taire. Ainsi les Instituts d&rsquo;Etudes Politiques multiplient les hausses de frais d&rsquo;inscription, ceux-ci n&rsquo;\u00e9tant pas r\u00e9glement\u00e9s par le minist\u00e8re. Idem \u00e0 Paris-Dauphine, qui dispose d&rsquo;un statut de \u00ab\u00a0grand \u00e9tablissement\u00a0\u00bb. Dans une m\u00eame optique, le pr\u00e9sident de l&rsquo;EHESS a laiss\u00e9 entendre qu&rsquo;une augmentation des fais d&rsquo;inscription permettrait d&rsquo;avoir un enseignement d&rsquo;une meilleure qualit\u00e9.<\/p>\n<p style=\"text-align: justify;\">Les universit\u00e9s ne sont pas en reste en augmentant les tarifs des \u00ab\u00a0Dipl\u00f4mes universitaires\u00a0\u00bb pour la formation initiale et continue. Ces dipl\u00f4mes ont des tarifs non r\u00e9glement\u00e9s au niveau national et sont alors un levier financ\u00e9 particuli\u00e8rement cons\u00e9quent pour les universit\u00e9s ayant des formations continues d\u00e9j\u00e0 lucratives (notamment la Formation M\u00e9dicale Continue destin\u00e9e aux m\u00e9decins lib\u00e9raux).<\/p>\n<p style=\"text-align: justify;\">Ces augmentations sont le r\u00e9sultat du d\u00e9sengagement financier de l\u2019\u00c9tat dans l&rsquo;Enseignement Sup\u00e9rieur et, plus globalement, du d\u00e9mant\u00e8lement des services publics. Il s&rsquo;agit d&rsquo;effets directs des derni\u00e8res r\u00e9formes (LRU, Fioraso notamment) qui ont re\u00e7u pourtant le soutien de toutes les organisations \u00e9tudiantes sauf Solidaires Etudiant-e-s.<\/p>\n<p style=\"text-align: justify;\">Solidaires \u00e9tudiant-es consid\u00e8re que l&rsquo;\u00e9tudiant-e est un-e travailleur\/se en p\u00e9riode de formation; que cette formation est utile \u00e0 chaque individu et \u00e0 l&rsquo;ensemble de la soci\u00e9t\u00e9: c&rsquo;est pourquoi nous revendiquons l&rsquo;acc\u00e8s de tout-e-s les travailleur\/se-s \u00e0 une formation publique et gratuite tout au long de leur vie.<\/p>\n<p style=\"text-align: justify;\">Pour cela, nous d\u00e9fendons un Enseignement Sup\u00e9rieur public et gratuit quelque soit le dipl\u00f4me. Nous nous opposons donc \u00e0 toutes augmentations de frais d&rsquo;inscriptions qui ne feront qu\u2019accro\u00eetre la s\u00e9lection.<\/p>\n<p style=\"text-align: justify;\"><a href=\"http:\/\/www.solidaires-etudiant.org\/wp-content\/uploads\/2014\/04\/CP-Frais-dinscription-les-br\u00e8ches-sont-ouvertes-pour-une-hausse-g\u00e9n\u00e9ralis\u00e9e-.pdf\"><img loading=\"lazy\" decoding=\"async\" class=\"alignright  wp-image-274\" src=\"http:\/\/www.solidaires-etudiant.org\/wp-content\/uploads\/2014\/02\/adobe.png\" alt=\"adobe\" width=\"154\" height=\"154\" srcset=\"https:\/\/solidaires-etudiant-e-s.org\/site\/wp-content\/uploads\/2014\/02\/adobe.png 256w, https:\/\/solidaires-etudiant-e-s.org\/site\/wp-content\/uploads\/2014\/02\/adobe-150x150.png 150w\" sizes=\"auto, (max-width: 154px) 100vw, 154px\" \/><\/a><\/p>\n","protected":false},"excerpt":{"rendered":"<p>Le 25 avril dernier, le Ministre de l&rsquo;Education Nationale, de l&rsquo;Enseignement Sup\u00e9rieur [&hellip;]<\/p>\n","protected":false},"author":1,"featured_media":536,"comment_status":"closed","ping_status":"closed","sticky":false,"template":"","format":"standard","meta":{"cybocfi_hide_featured_image":"","footnotes":""},"categories":[10,18],"tags":[],"class_list":["post-535","post","type-post","status-publish","format-standard","has-post-thumbnail","hentry","category-communiques","category-esr","col-md-4 col-sm-4"],"featured_image_src":"https:\/\/solidaires-etudiant-e-s.org\/site\/wp-content\/uploads\/2014\/04\/manifestaton-etudiants_montreal.jpg","author_info":{"display_name":"Solidaires \u00e9tudiant-e-s","author_link":false},"yoast_head":"<!-- This site is optimized with the Yoast SEO plugin v27.5 - https:\/\/yoast.com\/product\/yoast-seo-wordpress\/ -->\n<title>Frais d&#039;inscription : les br\u00e8ches sont ouvertes pour une hausse g\u00e9n\u00e9ralis\u00e9e ! - Solidaires \u00e9tudiant-e-s<\/title>\n<meta name=\"robots\" content=\"index, follow, max-snippet:-1, max-image-preview:large, max-video-preview:-1\" \/>\n<link rel=\"canonical\" href=\"https:\/\/solidaires-etudiant-e-s.org\/site\/2014\/06\/07\/frais-dinscription-les-breches-sont-ouvertes-pour-une-hausse-generalisee\/\" \/>\n<meta property=\"og:locale\" content=\"fr_FR\" \/>\n<meta property=\"og:type\" content=\"article\" \/>\n<meta property=\"og:title\" content=\"Frais d&#039;inscription : les br\u00e8ches sont ouvertes pour une hausse g\u00e9n\u00e9ralis\u00e9e ! - Solidaires \u00e9tudiant-e-s\" \/>\n<meta property=\"og:description\" content=\"Le 25 avril dernier, le Ministre de l&rsquo;Education Nationale, de l&rsquo;Enseignement Sup\u00e9rieur [&hellip;]\" \/>\n<meta property=\"og:url\" content=\"https:\/\/solidaires-etudiant-e-s.org\/site\/2014\/06\/07\/frais-dinscription-les-breches-sont-ouvertes-pour-une-hausse-generalisee\/\" \/>\n<meta property=\"og:site_name\" content=\"Solidaires \u00e9tudiant-e-s\" \/>\n<meta property=\"article:publisher\" content=\"https:\/\/www.facebook.com\/solidairesetudiantes\" \/>\n<meta property=\"article:author\" content=\"https:\/\/www.facebook.com\/solidairesetudiantes\" \/>\n<meta property=\"article:published_time\" content=\"2014-06-07T13:22:42+00:00\" \/>\n<meta property=\"og:image\" content=\"https:\/\/solidaires-etudiant-e-s.org\/site\/wp-content\/uploads\/2014\/04\/manifestaton-etudiants_montreal.jpg\" \/>\n\t<meta property=\"og:image:width\" content=\"635\" \/>\n\t<meta property=\"og:image:height\" content=\"357\" \/>\n\t<meta property=\"og:image:type\" content=\"image\/jpeg\" \/>\n<meta name=\"author\" content=\"Solidaires \u00e9tudiant-e-s\" \/>\n<meta name=\"twitter:card\" content=\"summary_large_image\" \/>\n<meta name=\"twitter:creator\" content=\"@SolidairesEtu\" \/>\n<meta name=\"twitter:site\" content=\"@SolidairesEtu\" \/>\n<meta name=\"twitter:label1\" content=\"\u00c9crit par\" \/>\n\t<meta name=\"twitter:data1\" content=\"Solidaires \u00e9tudiant-e-s\" \/>\n\t<meta name=\"twitter:label2\" content=\"Dur\u00e9e de lecture estim\u00e9e\" \/>\n\t<meta name=\"twitter:data2\" content=\"2 minutes\" \/>\n<script type=\"application\/ld+json\" class=\"yoast-schema-graph\">{\"@context\":\"https:\\\/\\\/schema.org\",\"@graph\":[{\"@type\":\"Article\",\"@id\":\"https:\\\/\\\/solidaires-etudiant-e-s.org\\\/site\\\/2014\\\/06\\\/07\\\/frais-dinscription-les-breches-sont-ouvertes-pour-une-hausse-generalisee\\\/#article\",\"isPartOf\":{\"@id\":\"https:\\\/\\\/solidaires-etudiant-e-s.org\\\/site\\\/2014\\\/06\\\/07\\\/frais-dinscription-les-breches-sont-ouvertes-pour-une-hausse-generalisee\\\/\"},\"author\":{\"name\":\"Solidaires \u00e9tudiant-e-s\",\"@id\":\"https:\\\/\\\/solidaires-etudiant-e-s.org\\\/site\\\/#\\\/schema\\\/person\\\/0efb3e0ff4e2f12b5a5abcd4352aa86c\"},\"headline\":\"Frais d&#039;inscription : les br\u00e8ches sont ouvertes pour une hausse g\u00e9n\u00e9ralis\u00e9e !\",\"datePublished\":\"2014-06-07T13:22:42+00:00\",\"mainEntityOfPage\":{\"@id\":\"https:\\\/\\\/solidaires-etudiant-e-s.org\\\/site\\\/2014\\\/06\\\/07\\\/frais-dinscription-les-breches-sont-ouvertes-pour-une-hausse-generalisee\\\/\"},\"wordCount\":533,\"publisher\":{\"@id\":\"https:\\\/\\\/solidaires-etudiant-e-s.org\\\/site\\\/#organization\"},\"image\":{\"@id\":\"https:\\\/\\\/solidaires-etudiant-e-s.org\\\/site\\\/2014\\\/06\\\/07\\\/frais-dinscription-les-breches-sont-ouvertes-pour-une-hausse-generalisee\\\/#primaryimage\"},\"thumbnailUrl\":\"https:\\\/\\\/solidaires-etudiant-e-s.org\\\/site\\\/wp-content\\\/uploads\\\/2014\\\/04\\\/manifestaton-etudiants_montreal.jpg\",\"articleSection\":[\"COMMUNIQUES NATIONAUX\",\"ENSEIGNEMENT SUPERIEUR\"],\"inLanguage\":\"fr-FR\"},{\"@type\":\"WebPage\",\"@id\":\"https:\\\/\\\/solidaires-etudiant-e-s.org\\\/site\\\/2014\\\/06\\\/07\\\/frais-dinscription-les-breches-sont-ouvertes-pour-une-hausse-generalisee\\\/\",\"url\":\"https:\\\/\\\/solidaires-etudiant-e-s.org\\\/site\\\/2014\\\/06\\\/07\\\/frais-dinscription-les-breches-sont-ouvertes-pour-une-hausse-generalisee\\\/\",\"name\":\"Frais d&#039;inscription : les br\u00e8ches sont ouvertes pour une hausse g\u00e9n\u00e9ralis\u00e9e ! - Solidaires \u00e9tudiant-e-s\",\"isPartOf\":{\"@id\":\"https:\\\/\\\/solidaires-etudiant-e-s.org\\\/site\\\/#website\"},\"primaryImageOfPage\":{\"@id\":\"https:\\\/\\\/solidaires-etudiant-e-s.org\\\/site\\\/2014\\\/06\\\/07\\\/frais-dinscription-les-breches-sont-ouvertes-pour-une-hausse-generalisee\\\/#primaryimage\"},\"image\":{\"@id\":\"https:\\\/\\\/solidaires-etudiant-e-s.org\\\/site\\\/2014\\\/06\\\/07\\\/frais-dinscription-les-breches-sont-ouvertes-pour-une-hausse-generalisee\\\/#primaryimage\"},\"thumbnailUrl\":\"https:\\\/\\\/solidaires-etudiant-e-s.org\\\/site\\\/wp-content\\\/uploads\\\/2014\\\/04\\\/manifestaton-etudiants_montreal.jpg\",\"datePublished\":\"2014-06-07T13:22:42+00:00\",\"breadcrumb\":{\"@id\":\"https:\\\/\\\/solidaires-etudiant-e-s.org\\\/site\\\/2014\\\/06\\\/07\\\/frais-dinscription-les-breches-sont-ouvertes-pour-une-hausse-generalisee\\\/#breadcrumb\"},\"inLanguage\":\"fr-FR\",\"potentialAction\":[{\"@type\":\"ReadAction\",\"target\":[\"https:\\\/\\\/solidaires-etudiant-e-s.org\\\/site\\\/2014\\\/06\\\/07\\\/frais-dinscription-les-breches-sont-ouvertes-pour-une-hausse-generalisee\\\/\"]}]},{\"@type\":\"ImageObject\",\"inLanguage\":\"fr-FR\",\"@id\":\"https:\\\/\\\/solidaires-etudiant-e-s.org\\\/site\\\/2014\\\/06\\\/07\\\/frais-dinscription-les-breches-sont-ouvertes-pour-une-hausse-generalisee\\\/#primaryimage\",\"url\":\"https:\\\/\\\/solidaires-etudiant-e-s.org\\\/site\\\/wp-content\\\/uploads\\\/2014\\\/04\\\/manifestaton-etudiants_montreal.jpg\",\"contentUrl\":\"https:\\\/\\\/solidaires-etudiant-e-s.org\\\/site\\\/wp-content\\\/uploads\\\/2014\\\/04\\\/manifestaton-etudiants_montreal.jpg\",\"width\":635,\"height\":357},{\"@type\":\"BreadcrumbList\",\"@id\":\"https:\\\/\\\/solidaires-etudiant-e-s.org\\\/site\\\/2014\\\/06\\\/07\\\/frais-dinscription-les-breches-sont-ouvertes-pour-une-hausse-generalisee\\\/#breadcrumb\",\"itemListElement\":[{\"@type\":\"ListItem\",\"position\":1,\"name\":\"Accueil\",\"item\":\"https:\\\/\\\/solidaires-etudiant-e-s.org\\\/site\\\/\"},{\"@type\":\"ListItem\",\"position\":2,\"name\":\"Frais d&#039;inscription : les br\u00e8ches sont ouvertes pour une hausse g\u00e9n\u00e9ralis\u00e9e !\"}]},{\"@type\":\"WebSite\",\"@id\":\"https:\\\/\\\/solidaires-etudiant-e-s.org\\\/site\\\/#website\",\"url\":\"https:\\\/\\\/solidaires-etudiant-e-s.org\\\/site\\\/\",\"name\":\"Solidaires \u00e9tudiant-e-s\",\"description\":\"Syndicats pour un enseignement sup\u00e9rieur gratuit, ouvert, et \u00e9mancipateur !\",\"publisher\":{\"@id\":\"https:\\\/\\\/solidaires-etudiant-e-s.org\\\/site\\\/#organization\"},\"potentialAction\":[{\"@type\":\"SearchAction\",\"target\":{\"@type\":\"EntryPoint\",\"urlTemplate\":\"https:\\\/\\\/solidaires-etudiant-e-s.org\\\/site\\\/?s={search_term_string}\"},\"query-input\":{\"@type\":\"PropertyValueSpecification\",\"valueRequired\":true,\"valueName\":\"search_term_string\"}}],\"inLanguage\":\"fr-FR\"},{\"@type\":\"Organization\",\"@id\":\"https:\\\/\\\/solidaires-etudiant-e-s.org\\\/site\\\/#organization\",\"name\":\"Solidaires \u00e9tudiant-e-s\",\"url\":\"https:\\\/\\\/solidaires-etudiant-e-s.org\\\/site\\\/\",\"logo\":{\"@type\":\"ImageObject\",\"inLanguage\":\"fr-FR\",\"@id\":\"https:\\\/\\\/solidaires-etudiant-e-s.org\\\/site\\\/#\\\/schema\\\/logo\\\/image\\\/\",\"url\":\"https:\\\/\\\/solidaires-etudiant-e-s.org\\\/site\\\/wp-content\\\/uploads\\\/2025\\\/12\\\/13-1.png\",\"contentUrl\":\"https:\\\/\\\/solidaires-etudiant-e-s.org\\\/site\\\/wp-content\\\/uploads\\\/2025\\\/12\\\/13-1.png\",\"width\":1181,\"height\":827,\"caption\":\"Solidaires \u00e9tudiant-e-s\"},\"image\":{\"@id\":\"https:\\\/\\\/solidaires-etudiant-e-s.org\\\/site\\\/#\\\/schema\\\/logo\\\/image\\\/\"},\"sameAs\":[\"https:\\\/\\\/www.facebook.com\\\/solidairesetudiantes\",\"https:\\\/\\\/x.com\\\/SolidairesEtu\",\"https:\\\/\\\/www.instagram.com\\\/solidairesetu\\\/\",\"https:\\\/\\\/bsky.app\\\/profile\\\/solidaires-etudiant-e-s.org\",\"https:\\\/\\\/mastodon.social\\\/@solidairesetu\",\"https:\\\/\\\/www.youtube.com\\\/channel\\\/UC_iZN9gmVAAnXbBM7wAWOag\"]},{\"@type\":\"Person\",\"@id\":\"https:\\\/\\\/solidaires-etudiant-e-s.org\\\/site\\\/#\\\/schema\\\/person\\\/0efb3e0ff4e2f12b5a5abcd4352aa86c\",\"name\":\"Solidaires \u00e9tudiant-e-s\",\"image\":{\"@type\":\"ImageObject\",\"inLanguage\":\"fr-FR\",\"@id\":\"https:\\\/\\\/solidaires-etudiant-e-s.org\\\/site\\\/wp-content\\\/uploads\\\/2020\\\/01\\\/logo-SESL-rond-512-96x96.png\",\"url\":\"https:\\\/\\\/solidaires-etudiant-e-s.org\\\/site\\\/wp-content\\\/uploads\\\/2020\\\/01\\\/logo-SESL-rond-512-96x96.png\",\"contentUrl\":\"https:\\\/\\\/solidaires-etudiant-e-s.org\\\/site\\\/wp-content\\\/uploads\\\/2020\\\/01\\\/logo-SESL-rond-512-96x96.png\",\"caption\":\"Solidaires \u00e9tudiant-e-s\"},\"sameAs\":[\"https:\\\/\\\/solidaires-etudiant.org\\\/site\",\"https:\\\/\\\/www.facebook.com\\\/solidairesetudiantes\",\"https:\\\/\\\/www.instagram.com\\\/solidairesetu\",\"https:\\\/\\\/x.com\\\/SolidairesEtu\",\"https:\\\/\\\/fr.wikipedia.org\\\/wiki\\\/Solidaires_tudiant-e-s\"]}]}<\/script>\n<!-- \/ Yoast SEO plugin. -->","yoast_head_json":{"title":"Frais d&#039;inscription : les br\u00e8ches sont ouvertes pour une hausse g\u00e9n\u00e9ralis\u00e9e ! - Solidaires \u00e9tudiant-e-s","robots":{"index":"index","follow":"follow","max-snippet":"max-snippet:-1","max-image-preview":"max-image-preview:large","max-video-preview":"max-video-preview:-1"},"canonical":"https:\/\/solidaires-etudiant-e-s.org\/site\/2014\/06\/07\/frais-dinscription-les-breches-sont-ouvertes-pour-une-hausse-generalisee\/","og_locale":"fr_FR","og_type":"article","og_title":"Frais d&#039;inscription : les br\u00e8ches sont ouvertes pour une hausse g\u00e9n\u00e9ralis\u00e9e ! - Solidaires \u00e9tudiant-e-s","og_description":"Le 25 avril dernier, le Ministre de l&rsquo;Education Nationale, de l&rsquo;Enseignement Sup\u00e9rieur [&hellip;]","og_url":"https:\/\/solidaires-etudiant-e-s.org\/site\/2014\/06\/07\/frais-dinscription-les-breches-sont-ouvertes-pour-une-hausse-generalisee\/","og_site_name":"Solidaires \u00e9tudiant-e-s","article_publisher":"https:\/\/www.facebook.com\/solidairesetudiantes","article_author":"https:\/\/www.facebook.com\/solidairesetudiantes","article_published_time":"2014-06-07T13:22:42+00:00","og_image":[{"width":635,"height":357,"url":"https:\/\/solidaires-etudiant-e-s.org\/site\/wp-content\/uploads\/2014\/04\/manifestaton-etudiants_montreal.jpg","type":"image\/jpeg"}],"author":"Solidaires \u00e9tudiant-e-s","twitter_card":"summary_large_image","twitter_creator":"@SolidairesEtu","twitter_site":"@SolidairesEtu","twitter_misc":{"\u00c9crit par":"Solidaires \u00e9tudiant-e-s","Dur\u00e9e de lecture estim\u00e9e":"2 minutes"},"schema":{"@context":"https:\/\/schema.org","@graph":[{"@type":"Article","@id":"https:\/\/solidaires-etudiant-e-s.org\/site\/2014\/06\/07\/frais-dinscription-les-breches-sont-ouvertes-pour-une-hausse-generalisee\/#article","isPartOf":{"@id":"https:\/\/solidaires-etudiant-e-s.org\/site\/2014\/06\/07\/frais-dinscription-les-breches-sont-ouvertes-pour-une-hausse-generalisee\/"},"author":{"name":"Solidaires \u00e9tudiant-e-s","@id":"https:\/\/solidaires-etudiant-e-s.org\/site\/#\/schema\/person\/0efb3e0ff4e2f12b5a5abcd4352aa86c"},"headline":"Frais d&#039;inscription : les br\u00e8ches sont ouvertes pour une hausse g\u00e9n\u00e9ralis\u00e9e !","datePublished":"2014-06-07T13:22:42+00:00","mainEntityOfPage":{"@id":"https:\/\/solidaires-etudiant-e-s.org\/site\/2014\/06\/07\/frais-dinscription-les-breches-sont-ouvertes-pour-une-hausse-generalisee\/"},"wordCount":533,"publisher":{"@id":"https:\/\/solidaires-etudiant-e-s.org\/site\/#organization"},"image":{"@id":"https:\/\/solidaires-etudiant-e-s.org\/site\/2014\/06\/07\/frais-dinscription-les-breches-sont-ouvertes-pour-une-hausse-generalisee\/#primaryimage"},"thumbnailUrl":"https:\/\/solidaires-etudiant-e-s.org\/site\/wp-content\/uploads\/2014\/04\/manifestaton-etudiants_montreal.jpg","articleSection":["COMMUNIQUES NATIONAUX","ENSEIGNEMENT SUPERIEUR"],"inLanguage":"fr-FR"},{"@type":"WebPage","@id":"https:\/\/solidaires-etudiant-e-s.org\/site\/2014\/06\/07\/frais-dinscription-les-breches-sont-ouvertes-pour-une-hausse-generalisee\/","url":"https:\/\/solidaires-etudiant-e-s.org\/site\/2014\/06\/07\/frais-dinscription-les-breches-sont-ouvertes-pour-une-hausse-generalisee\/","name":"Frais d&#039;inscription : les br\u00e8ches sont ouvertes pour une hausse g\u00e9n\u00e9ralis\u00e9e ! - Solidaires \u00e9tudiant-e-s","isPartOf":{"@id":"https:\/\/solidaires-etudiant-e-s.org\/site\/#website"},"primaryImageOfPage":{"@id":"https:\/\/solidaires-etudiant-e-s.org\/site\/2014\/06\/07\/frais-dinscription-les-breches-sont-ouvertes-pour-une-hausse-generalisee\/#primaryimage"},"image":{"@id":"https:\/\/solidaires-etudiant-e-s.org\/site\/2014\/06\/07\/frais-dinscription-les-breches-sont-ouvertes-pour-une-hausse-generalisee\/#primaryimage"},"thumbnailUrl":"https:\/\/solidaires-etudiant-e-s.org\/site\/wp-content\/uploads\/2014\/04\/manifestaton-etudiants_montreal.jpg","datePublished":"2014-06-07T13:22:42+00:00","breadcrumb":{"@id":"https:\/\/solidaires-etudiant-e-s.org\/site\/2014\/06\/07\/frais-dinscription-les-breches-sont-ouvertes-pour-une-hausse-generalisee\/#breadcrumb"},"inLanguage":"fr-FR","potentialAction":[{"@type":"ReadAction","target":["https:\/\/solidaires-etudiant-e-s.org\/site\/2014\/06\/07\/frais-dinscription-les-breches-sont-ouvertes-pour-une-hausse-generalisee\/"]}]},{"@type":"ImageObject","inLanguage":"fr-FR","@id":"https:\/\/solidaires-etudiant-e-s.org\/site\/2014\/06\/07\/frais-dinscription-les-breches-sont-ouvertes-pour-une-hausse-generalisee\/#primaryimage","url":"https:\/\/solidaires-etudiant-e-s.org\/site\/wp-content\/uploads\/2014\/04\/manifestaton-etudiants_montreal.jpg","contentUrl":"https:\/\/solidaires-etudiant-e-s.org\/site\/wp-content\/uploads\/2014\/04\/manifestaton-etudiants_montreal.jpg","width":635,"height":357},{"@type":"BreadcrumbList","@id":"https:\/\/solidaires-etudiant-e-s.org\/site\/2014\/06\/07\/frais-dinscription-les-breches-sont-ouvertes-pour-une-hausse-generalisee\/#breadcrumb","itemListElement":[{"@type":"ListItem","position":1,"name":"Accueil","item":"https:\/\/solidaires-etudiant-e-s.org\/site\/"},{"@type":"ListItem","position":2,"name":"Frais d&#039;inscription : les br\u00e8ches sont ouvertes pour une hausse g\u00e9n\u00e9ralis\u00e9e !"}]},{"@type":"WebSite","@id":"https:\/\/solidaires-etudiant-e-s.org\/site\/#website","url":"https:\/\/solidaires-etudiant-e-s.org\/site\/","name":"Solidaires \u00e9tudiant-e-s","description":"Syndicats pour un enseignement sup\u00e9rieur gratuit, ouvert, et \u00e9mancipateur !","publisher":{"@id":"https:\/\/solidaires-etudiant-e-s.org\/site\/#organization"},"potentialAction":[{"@type":"SearchAction","target":{"@type":"EntryPoint","urlTemplate":"https:\/\/solidaires-etudiant-e-s.org\/site\/?s={search_term_string}"},"query-input":{"@type":"PropertyValueSpecification","valueRequired":true,"valueName":"search_term_string"}}],"inLanguage":"fr-FR"},{"@type":"Organization","@id":"https:\/\/solidaires-etudiant-e-s.org\/site\/#organization","name":"Solidaires \u00e9tudiant-e-s","url":"https:\/\/solidaires-etudiant-e-s.org\/site\/","logo":{"@type":"ImageObject","inLanguage":"fr-FR","@id":"https:\/\/solidaires-etudiant-e-s.org\/site\/#\/schema\/logo\/image\/","url":"https:\/\/solidaires-etudiant-e-s.org\/site\/wp-content\/uploads\/2025\/12\/13-1.png","contentUrl":"https:\/\/solidaires-etudiant-e-s.org\/site\/wp-content\/uploads\/2025\/12\/13-1.png","width":1181,"height":827,"caption":"Solidaires \u00e9tudiant-e-s"},"image":{"@id":"https:\/\/solidaires-etudiant-e-s.org\/site\/#\/schema\/logo\/image\/"},"sameAs":["https:\/\/www.facebook.com\/solidairesetudiantes","https:\/\/x.com\/SolidairesEtu","https:\/\/www.instagram.com\/solidairesetu\/","https:\/\/bsky.app\/profile\/solidaires-etudiant-e-s.org","https:\/\/mastodon.social\/@solidairesetu","https:\/\/www.youtube.com\/channel\/UC_iZN9gmVAAnXbBM7wAWOag"]},{"@type":"Person","@id":"https:\/\/solidaires-etudiant-e-s.org\/site\/#\/schema\/person\/0efb3e0ff4e2f12b5a5abcd4352aa86c","name":"Solidaires \u00e9tudiant-e-s","image":{"@type":"ImageObject","inLanguage":"fr-FR","@id":"https:\/\/solidaires-etudiant-e-s.org\/site\/wp-content\/uploads\/2020\/01\/logo-SESL-rond-512-96x96.png","url":"https:\/\/solidaires-etudiant-e-s.org\/site\/wp-content\/uploads\/2020\/01\/logo-SESL-rond-512-96x96.png","contentUrl":"https:\/\/solidaires-etudiant-e-s.org\/site\/wp-content\/uploads\/2020\/01\/logo-SESL-rond-512-96x96.png","caption":"Solidaires \u00e9tudiant-e-s"},"sameAs":["https:\/\/solidaires-etudiant.org\/site","https:\/\/www.facebook.com\/solidairesetudiantes","https:\/\/www.instagram.com\/solidairesetu","https:\/\/x.com\/SolidairesEtu","https:\/\/fr.wikipedia.org\/wiki\/Solidaires_tudiant-e-s"]}]}},"_links":{"self":[{"href":"https:\/\/solidaires-etudiant-e-s.org\/site\/wp-json\/wp\/v2\/posts\/535","targetHints":{"allow":["GET"]}}],"collection":[{"href":"https:\/\/solidaires-etudiant-e-s.org\/site\/wp-json\/wp\/v2\/posts"}],"about":[{"href":"https:\/\/solidaires-etudiant-e-s.org\/site\/wp-json\/wp\/v2\/types\/post"}],"author":[{"embeddable":true,"href":"https:\/\/solidaires-etudiant-e-s.org\/site\/wp-json\/wp\/v2\/users\/1"}],"replies":[{"embeddable":true,"href":"https:\/\/solidaires-etudiant-e-s.org\/site\/wp-json\/wp\/v2\/comments?post=535"}],"version-history":[{"count":0,"href":"https:\/\/solidaires-etudiant-e-s.org\/site\/wp-json\/wp\/v2\/posts\/535\/revisions"}],"wp:featuredmedia":[{"embeddable":true,"href":"https:\/\/solidaires-etudiant-e-s.org\/site\/wp-json\/wp\/v2\/media\/536"}],"wp:attachment":[{"href":"https:\/\/solidaires-etudiant-e-s.org\/site\/wp-json\/wp\/v2\/media?parent=535"}],"wp:term":[{"taxonomy":"category","embeddable":true,"href":"https:\/\/solidaires-etudiant-e-s.org\/site\/wp-json\/wp\/v2\/categories?post=535"},{"taxonomy":"post_tag","embeddable":true,"href":"https:\/\/solidaires-etudiant-e-s.org\/site\/wp-json\/wp\/v2\/tags?post=535"}],"curies":[{"name":"wp","href":"https:\/\/api.w.org\/{rel}","templated":true}]}}