{"id":5227,"date":"2020-03-01T19:40:31","date_gmt":"2020-03-01T18:40:31","guid":{"rendered":"https:\/\/solidaires-etudiant-e-s.org\/archive\/\/?p=5227"},"modified":"2024-12-30T19:16:26","modified_gmt":"2024-12-30T18:16:26","slug":"la-lppr-entre-precarisation-hierarchisation-et-privatisation","status":"publish","type":"post","link":"https:\/\/solidaires-etudiant-e-s.org\/site\/2020\/03\/01\/la-lppr-entre-precarisation-hierarchisation-et-privatisation\/","title":{"rendered":"LA LPPR\u00a0: ENTRE PR\u00c9CARISATION, HI\u00c9RARCHISATION ET PRIVATISATION"},"content":{"rendered":"\n<p>Depuis le printemps 2019, le gouvernement pr\u00e9pare et \u00e9crit une loi devant modifier en profondeur l&rsquo;organisation de la recherche (et donc de l&rsquo;enseignement sup\u00e9rieur) \u00e0 travers la Loi de Programmation Pluriannuelle de la Recherche (LPPR). Cette loi vise \u00e0 amplifier les<strong> logiques de pr\u00e9carisation, de rentabilit\u00e9 et de d\u00e9r\u00e9gulation<\/strong> \u00e0 l\u2019\u0153uvre depuis 20 ans. Les fuites qui ont eu lieu dans la presse renforce cette inqui\u00e9tude, malgr\u00e9 les tentatives de d\u00e9samor\u00e7age de Fr\u00e9d\u00e9rique Vidal notamment par ces distributions d\u2019aum\u00f4ne.<\/p>\n\n\n<p>L\u2019un des grands volets de la LPPR concerne le statut des enseignant.e.s-chercheur.se.s. En effet, la loi contourne la statut de fonctionnaire en introduisant plusieurs contrats : les CDD et les CDI de projets  de mission qui vont <strong>pr\u00e9cariser les chercheur.se.s<\/strong> en les incitant \u00e0 passer de contrats en contrats, cela n\u2019assurant pas un emploi stable tout en impliquant une soumission \u00e0 l\u2019employeur qui a la main sur le contrat et sa poursuite. Ces contrats, qui brisent la coll\u00e9gialit\u00e9 du recrutement, vont de pair avec la cr\u00e9ation d\u2019une chaire de professeur junior qui p\u00e9rennise la pr\u00e9carit\u00e9 des jeunes enseignant.e.s-chercheur.se.s avant leur titularisation.<\/p>\n\n\n<p>De plus, cette loi souhaite renforcer encore plus le<strong> financement sur projet <\/strong>via l&rsquo;Agence Nationale de la Recherche (ANR), alors que tout le monde s&rsquo;accorde sur les aspects d\u00e9l\u00e9t\u00e8res de ce syst\u00e8me, que ce soit la perte de temps ou la concentration des moyens sur quelques laboratoires, cr\u00e9ant de fait une hi\u00e9rarchisation entre eux. L&rsquo;ANR a mis en place ce fonctionnement en 2005. Depuis, <strong>il a \u00e9t\u00e9 \u00e9tendu aux formation<\/strong> avec les Nouveaux Cursus \u00e0 l&rsquo;Universit\u00e9 (pour le premier cycle) et les \u00c9coles Universitaires de Recherche (pour le deuxi\u00e8me et troisi\u00e8me cycle). Si la LPPR approfondit cette logique pour la recherche, cela risque \u00e0 terme d&rsquo;\u00eatre aussi le cas pour les formations, avec comme corollaire des<strong> hausse des frais d&rsquo;inscription<\/strong> au nom de la rentabilit\u00e9, et une <strong>s\u00e9lection accrue<\/strong> au nom de l&rsquo;excellence.<\/p>\n\n\n<p>La LPPR pr\u00e9voit \u00e9galement une plus grande <strong>ouverture sur le priv\u00e9<\/strong>. Cela passe par la d\u00e9r\u00e9gulation du cumul d\u2019activit\u00e9 de recherche entre public et priv\u00e9, ainsi seront favoris\u00e9es les activit\u00e9s \u00e0 temps partiels dans le priv\u00e9. De plus, le recours au partenariat public-priv\u00e9 dans la recherche sera toujours plus encourag\u00e9. Enfin, une ordonnance pr\u00e9voirait une plus grande place aux \u00e9tablissements priv\u00e9s (pratiquant souvent des frais d&rsquo;inscription prohibitifs). L&rsquo;ensemble de ces \u00e9l\u00e9ments renforce notre inqui\u00e9tude.<\/p>\n\n\n<p>\u00c0 Solidaires \u00e9tudiant-e-s, nous nous opposons \u00e0 la LPPR et revendiquons :<br \/>\n    \u2022 l&rsquo;arr\u00eat du financement sur projet et le d\u00e9mant\u00e8lement de l&rsquo;ANR<br \/>\n    \u2022 un investissement massif dans l&rsquo;Enseignement Sup\u00e9rieur et la Recherche public notamment par l&rsquo;abrogation du Cr\u00e9dit Imp\u00f4t Recherche<br \/>\n    \u2022 la titularisation de l&rsquo;ensemble des personnels pr\u00e9caires de l&rsquo;Enseignement Sup\u00e9rieur et la Recherche<\/p>\n\n\n<p><strong>Par cons\u00e9quent, nous appelons les \u00e9tudiant-e-s \u00e0 se mobiliser, et notamment le 5 mars, pour le retrait de cette mesure et la satisfaction de nos revendications.<\/strong><\/p>\n\n\n<figure class=\"wp-block-image size-large is-resized\"><a href=\"https:\/\/solidaires-etudiant.org\/site\/wp-content\/uploads\/2020\/03\/Communique-LPPR-mars-2020.pdf\"><img loading=\"lazy\" decoding=\"async\" src=\"https:\/\/solidaires-etudiant-e-s.org\/archive\/\/wp-content\/uploads\/2019\/11\/pdf-1.png\" alt=\"\" class=\"wp-image-4932\" width=\"87\" height=\"87\"\/><\/a><\/figure>\n\n\n<div class=\"wp-block-file\"><a href=\"https:\/\/solidaires-etudiant.org\/site\/wp-content\/uploads\/2020\/03\/Communique-LPPR-mars-2020.pdf\">Communiqu\u00e9-LPPR-mars-2020<\/a><a href=\"https:\/\/solidaires-etudiant.org\/site\/wp-content\/uploads\/2020\/03\/Communique-LPPR-mars-2020.pdf\" class=\"wp-block-file__button\" download>T\u00e9l\u00e9charger<\/a><\/div>\n","protected":false},"excerpt":{"rendered":"<p>Depuis le printemps 2019, le gouvernement pr\u00e9pare et \u00e9crit une loi devant [&hellip;]<\/p>\n","protected":false},"author":1,"featured_media":5218,"comment_status":"closed","ping_status":"closed","sticky":false,"template":"","format":"standard","meta":{"cybocfi_hide_featured_image":"","footnotes":""},"categories":[10,18],"tags":[80,135,306,472,731,904,1163],"class_list":["post-5227","post","type-post","status-publish","format-standard","has-post-thumbnail","hentry","category-communiques","category-esr","tag-5-mars","tag-anr","tag-communique","tag-esr-2","tag-lppr","tag-privatisation","tag-vidal","col-md-4 col-sm-4"],"featured_image_src":"https:\/\/solidaires-etudiant-e-s.org\/site\/wp-content\/uploads\/2020\/02\/resized1-f24852da473e66d4270a289710e7de3e.png","author_info":{"display_name":"Solidaires \u00e9tudiant-e-s","author_link":false},"yoast_head":"<!-- This site is optimized with the Yoast SEO plugin v27.4 - https:\/\/yoast.com\/product\/yoast-seo-wordpress\/ -->\n<title>LA LPPR\u00a0: ENTRE PR\u00c9CARISATION, HI\u00c9RARCHISATION ET PRIVATISATION - Solidaires \u00e9tudiant-e-s<\/title>\n<meta name=\"robots\" content=\"index, follow, max-snippet:-1, max-image-preview:large, max-video-preview:-1\" \/>\n<link rel=\"canonical\" href=\"https:\/\/solidaires-etudiant-e-s.org\/site\/2020\/03\/01\/la-lppr-entre-precarisation-hierarchisation-et-privatisation\/\" \/>\n<meta property=\"og:locale\" content=\"fr_FR\" \/>\n<meta property=\"og:type\" content=\"article\" \/>\n<meta property=\"og:title\" content=\"LA LPPR\u00a0: ENTRE PR\u00c9CARISATION, HI\u00c9RARCHISATION ET PRIVATISATION - Solidaires \u00e9tudiant-e-s\" \/>\n<meta property=\"og:description\" content=\"Depuis le printemps 2019, le gouvernement pr\u00e9pare et \u00e9crit une loi devant [&hellip;]\" \/>\n<meta property=\"og:url\" content=\"https:\/\/solidaires-etudiant-e-s.org\/site\/2020\/03\/01\/la-lppr-entre-precarisation-hierarchisation-et-privatisation\/\" \/>\n<meta property=\"og:site_name\" content=\"Solidaires \u00e9tudiant-e-s\" \/>\n<meta property=\"article:publisher\" content=\"https:\/\/www.facebook.com\/solidairesetudiantes\" \/>\n<meta property=\"article:author\" content=\"https:\/\/www.facebook.com\/solidairesetudiantes\" \/>\n<meta property=\"article:published_time\" content=\"2020-03-01T18:40:31+00:00\" \/>\n<meta property=\"article:modified_time\" content=\"2024-12-30T18:16:26+00:00\" \/>\n<meta property=\"og:image\" content=\"https:\/\/solidaires-etudiant-e-s.org\/site\/wp-content\/uploads\/2020\/02\/resized1-f24852da473e66d4270a289710e7de3e.png\" \/>\n\t<meta property=\"og:image:width\" content=\"576\" \/>\n\t<meta property=\"og:image:height\" content=\"212\" \/>\n\t<meta property=\"og:image:type\" content=\"image\/png\" \/>\n<meta name=\"author\" content=\"Solidaires \u00e9tudiant-e-s\" \/>\n<meta name=\"twitter:card\" content=\"summary_large_image\" \/>\n<meta name=\"twitter:creator\" content=\"@SolidairesEtu\" \/>\n<meta name=\"twitter:site\" content=\"@SolidairesEtu\" \/>\n<meta name=\"twitter:label1\" content=\"\u00c9crit par\" \/>\n\t<meta name=\"twitter:data1\" content=\"Solidaires \u00e9tudiant-e-s\" \/>\n\t<meta name=\"twitter:label2\" content=\"Dur\u00e9e de lecture estim\u00e9e\" \/>\n\t<meta name=\"twitter:data2\" content=\"3 minutes\" \/>\n<script type=\"application\/ld+json\" class=\"yoast-schema-graph\">{\"@context\":\"https:\\\/\\\/schema.org\",\"@graph\":[{\"@type\":\"Article\",\"@id\":\"https:\\\/\\\/solidaires-etudiant-e-s.org\\\/site\\\/2020\\\/03\\\/01\\\/la-lppr-entre-precarisation-hierarchisation-et-privatisation\\\/#article\",\"isPartOf\":{\"@id\":\"https:\\\/\\\/solidaires-etudiant-e-s.org\\\/site\\\/2020\\\/03\\\/01\\\/la-lppr-entre-precarisation-hierarchisation-et-privatisation\\\/\"},\"author\":{\"name\":\"Solidaires \u00e9tudiant-e-s\",\"@id\":\"https:\\\/\\\/solidaires-etudiant-e-s.org\\\/site\\\/#\\\/schema\\\/person\\\/0efb3e0ff4e2f12b5a5abcd4352aa86c\"},\"headline\":\"LA LPPR\u00a0: ENTRE PR\u00c9CARISATION, HI\u00c9RARCHISATION ET PRIVATISATION\",\"datePublished\":\"2020-03-01T18:40:31+00:00\",\"dateModified\":\"2024-12-30T18:16:26+00:00\",\"mainEntityOfPage\":{\"@id\":\"https:\\\/\\\/solidaires-etudiant-e-s.org\\\/site\\\/2020\\\/03\\\/01\\\/la-lppr-entre-precarisation-hierarchisation-et-privatisation\\\/\"},\"wordCount\":539,\"publisher\":{\"@id\":\"https:\\\/\\\/solidaires-etudiant-e-s.org\\\/site\\\/#organization\"},\"image\":{\"@id\":\"https:\\\/\\\/solidaires-etudiant-e-s.org\\\/site\\\/2020\\\/03\\\/01\\\/la-lppr-entre-precarisation-hierarchisation-et-privatisation\\\/#primaryimage\"},\"thumbnailUrl\":\"https:\\\/\\\/solidaires-etudiant-e-s.org\\\/site\\\/wp-content\\\/uploads\\\/2020\\\/02\\\/resized1-f24852da473e66d4270a289710e7de3e.png\",\"keywords\":[\"5 mars\",\"ANR\",\"communique\",\"esr\",\"LPPR\",\"privatisation\",\"vidal\"],\"articleSection\":[\"COMMUNIQUES NATIONAUX\",\"ENSEIGNEMENT SUPERIEUR\"],\"inLanguage\":\"fr-FR\"},{\"@type\":\"WebPage\",\"@id\":\"https:\\\/\\\/solidaires-etudiant-e-s.org\\\/site\\\/2020\\\/03\\\/01\\\/la-lppr-entre-precarisation-hierarchisation-et-privatisation\\\/\",\"url\":\"https:\\\/\\\/solidaires-etudiant-e-s.org\\\/site\\\/2020\\\/03\\\/01\\\/la-lppr-entre-precarisation-hierarchisation-et-privatisation\\\/\",\"name\":\"LA LPPR\u00a0: ENTRE PR\u00c9CARISATION, HI\u00c9RARCHISATION ET PRIVATISATION - Solidaires \u00e9tudiant-e-s\",\"isPartOf\":{\"@id\":\"https:\\\/\\\/solidaires-etudiant-e-s.org\\\/site\\\/#website\"},\"primaryImageOfPage\":{\"@id\":\"https:\\\/\\\/solidaires-etudiant-e-s.org\\\/site\\\/2020\\\/03\\\/01\\\/la-lppr-entre-precarisation-hierarchisation-et-privatisation\\\/#primaryimage\"},\"image\":{\"@id\":\"https:\\\/\\\/solidaires-etudiant-e-s.org\\\/site\\\/2020\\\/03\\\/01\\\/la-lppr-entre-precarisation-hierarchisation-et-privatisation\\\/#primaryimage\"},\"thumbnailUrl\":\"https:\\\/\\\/solidaires-etudiant-e-s.org\\\/site\\\/wp-content\\\/uploads\\\/2020\\\/02\\\/resized1-f24852da473e66d4270a289710e7de3e.png\",\"datePublished\":\"2020-03-01T18:40:31+00:00\",\"dateModified\":\"2024-12-30T18:16:26+00:00\",\"breadcrumb\":{\"@id\":\"https:\\\/\\\/solidaires-etudiant-e-s.org\\\/site\\\/2020\\\/03\\\/01\\\/la-lppr-entre-precarisation-hierarchisation-et-privatisation\\\/#breadcrumb\"},\"inLanguage\":\"fr-FR\",\"potentialAction\":[{\"@type\":\"ReadAction\",\"target\":[\"https:\\\/\\\/solidaires-etudiant-e-s.org\\\/site\\\/2020\\\/03\\\/01\\\/la-lppr-entre-precarisation-hierarchisation-et-privatisation\\\/\"]}]},{\"@type\":\"ImageObject\",\"inLanguage\":\"fr-FR\",\"@id\":\"https:\\\/\\\/solidaires-etudiant-e-s.org\\\/site\\\/2020\\\/03\\\/01\\\/la-lppr-entre-precarisation-hierarchisation-et-privatisation\\\/#primaryimage\",\"url\":\"https:\\\/\\\/solidaires-etudiant-e-s.org\\\/site\\\/wp-content\\\/uploads\\\/2020\\\/02\\\/resized1-f24852da473e66d4270a289710e7de3e.png\",\"contentUrl\":\"https:\\\/\\\/solidaires-etudiant-e-s.org\\\/site\\\/wp-content\\\/uploads\\\/2020\\\/02\\\/resized1-f24852da473e66d4270a289710e7de3e.png\",\"width\":576,\"height\":212},{\"@type\":\"BreadcrumbList\",\"@id\":\"https:\\\/\\\/solidaires-etudiant-e-s.org\\\/site\\\/2020\\\/03\\\/01\\\/la-lppr-entre-precarisation-hierarchisation-et-privatisation\\\/#breadcrumb\",\"itemListElement\":[{\"@type\":\"ListItem\",\"position\":1,\"name\":\"Accueil\",\"item\":\"https:\\\/\\\/solidaires-etudiant-e-s.org\\\/site\\\/\"},{\"@type\":\"ListItem\",\"position\":2,\"name\":\"LA LPPR\u00a0: ENTRE PR\u00c9CARISATION, HI\u00c9RARCHISATION ET PRIVATISATION\"}]},{\"@type\":\"WebSite\",\"@id\":\"https:\\\/\\\/solidaires-etudiant-e-s.org\\\/site\\\/#website\",\"url\":\"https:\\\/\\\/solidaires-etudiant-e-s.org\\\/site\\\/\",\"name\":\"Solidaires \u00e9tudiant-e-s\",\"description\":\"Syndicats pour un enseignement sup\u00e9rieur gratuit, ouvert, et \u00e9mancipateur !\",\"publisher\":{\"@id\":\"https:\\\/\\\/solidaires-etudiant-e-s.org\\\/site\\\/#organization\"},\"potentialAction\":[{\"@type\":\"SearchAction\",\"target\":{\"@type\":\"EntryPoint\",\"urlTemplate\":\"https:\\\/\\\/solidaires-etudiant-e-s.org\\\/site\\\/?s={search_term_string}\"},\"query-input\":{\"@type\":\"PropertyValueSpecification\",\"valueRequired\":true,\"valueName\":\"search_term_string\"}}],\"inLanguage\":\"fr-FR\"},{\"@type\":\"Organization\",\"@id\":\"https:\\\/\\\/solidaires-etudiant-e-s.org\\\/site\\\/#organization\",\"name\":\"Solidaires \u00e9tudiant-e-s\",\"url\":\"https:\\\/\\\/solidaires-etudiant-e-s.org\\\/site\\\/\",\"logo\":{\"@type\":\"ImageObject\",\"inLanguage\":\"fr-FR\",\"@id\":\"https:\\\/\\\/solidaires-etudiant-e-s.org\\\/site\\\/#\\\/schema\\\/logo\\\/image\\\/\",\"url\":\"https:\\\/\\\/solidaires-etudiant-e-s.org\\\/site\\\/wp-content\\\/uploads\\\/2025\\\/12\\\/13-1.png\",\"contentUrl\":\"https:\\\/\\\/solidaires-etudiant-e-s.org\\\/site\\\/wp-content\\\/uploads\\\/2025\\\/12\\\/13-1.png\",\"width\":1181,\"height\":827,\"caption\":\"Solidaires \u00e9tudiant-e-s\"},\"image\":{\"@id\":\"https:\\\/\\\/solidaires-etudiant-e-s.org\\\/site\\\/#\\\/schema\\\/logo\\\/image\\\/\"},\"sameAs\":[\"https:\\\/\\\/www.facebook.com\\\/solidairesetudiantes\",\"https:\\\/\\\/x.com\\\/SolidairesEtu\",\"https:\\\/\\\/www.instagram.com\\\/solidairesetu\\\/\",\"https:\\\/\\\/bsky.app\\\/profile\\\/solidaires-etudiant-e-s.org\",\"https:\\\/\\\/mastodon.social\\\/@solidairesetu\",\"https:\\\/\\\/www.youtube.com\\\/channel\\\/UC_iZN9gmVAAnXbBM7wAWOag\"]},{\"@type\":\"Person\",\"@id\":\"https:\\\/\\\/solidaires-etudiant-e-s.org\\\/site\\\/#\\\/schema\\\/person\\\/0efb3e0ff4e2f12b5a5abcd4352aa86c\",\"name\":\"Solidaires \u00e9tudiant-e-s\",\"image\":{\"@type\":\"ImageObject\",\"inLanguage\":\"fr-FR\",\"@id\":\"https:\\\/\\\/solidaires-etudiant-e-s.org\\\/site\\\/wp-content\\\/uploads\\\/2020\\\/01\\\/logo-SESL-rond-512-96x96.png\",\"url\":\"https:\\\/\\\/solidaires-etudiant-e-s.org\\\/site\\\/wp-content\\\/uploads\\\/2020\\\/01\\\/logo-SESL-rond-512-96x96.png\",\"contentUrl\":\"https:\\\/\\\/solidaires-etudiant-e-s.org\\\/site\\\/wp-content\\\/uploads\\\/2020\\\/01\\\/logo-SESL-rond-512-96x96.png\",\"caption\":\"Solidaires \u00e9tudiant-e-s\"},\"sameAs\":[\"https:\\\/\\\/solidaires-etudiant.org\\\/site\",\"https:\\\/\\\/www.facebook.com\\\/solidairesetudiantes\",\"https:\\\/\\\/www.instagram.com\\\/solidairesetu\",\"https:\\\/\\\/x.com\\\/SolidairesEtu\",\"https:\\\/\\\/fr.wikipedia.org\\\/wiki\\\/Solidaires_tudiant-e-s\"]}]}<\/script>\n<!-- \/ Yoast SEO plugin. -->","yoast_head_json":{"title":"LA LPPR\u00a0: ENTRE PR\u00c9CARISATION, HI\u00c9RARCHISATION ET PRIVATISATION - Solidaires \u00e9tudiant-e-s","robots":{"index":"index","follow":"follow","max-snippet":"max-snippet:-1","max-image-preview":"max-image-preview:large","max-video-preview":"max-video-preview:-1"},"canonical":"https:\/\/solidaires-etudiant-e-s.org\/site\/2020\/03\/01\/la-lppr-entre-precarisation-hierarchisation-et-privatisation\/","og_locale":"fr_FR","og_type":"article","og_title":"LA LPPR\u00a0: ENTRE PR\u00c9CARISATION, HI\u00c9RARCHISATION ET PRIVATISATION - Solidaires \u00e9tudiant-e-s","og_description":"Depuis le printemps 2019, le gouvernement pr\u00e9pare et \u00e9crit une loi devant [&hellip;]","og_url":"https:\/\/solidaires-etudiant-e-s.org\/site\/2020\/03\/01\/la-lppr-entre-precarisation-hierarchisation-et-privatisation\/","og_site_name":"Solidaires \u00e9tudiant-e-s","article_publisher":"https:\/\/www.facebook.com\/solidairesetudiantes","article_author":"https:\/\/www.facebook.com\/solidairesetudiantes","article_published_time":"2020-03-01T18:40:31+00:00","article_modified_time":"2024-12-30T18:16:26+00:00","og_image":[{"width":576,"height":212,"url":"https:\/\/solidaires-etudiant-e-s.org\/site\/wp-content\/uploads\/2020\/02\/resized1-f24852da473e66d4270a289710e7de3e.png","type":"image\/png"}],"author":"Solidaires \u00e9tudiant-e-s","twitter_card":"summary_large_image","twitter_creator":"@SolidairesEtu","twitter_site":"@SolidairesEtu","twitter_misc":{"\u00c9crit par":"Solidaires \u00e9tudiant-e-s","Dur\u00e9e de lecture estim\u00e9e":"3 minutes"},"schema":{"@context":"https:\/\/schema.org","@graph":[{"@type":"Article","@id":"https:\/\/solidaires-etudiant-e-s.org\/site\/2020\/03\/01\/la-lppr-entre-precarisation-hierarchisation-et-privatisation\/#article","isPartOf":{"@id":"https:\/\/solidaires-etudiant-e-s.org\/site\/2020\/03\/01\/la-lppr-entre-precarisation-hierarchisation-et-privatisation\/"},"author":{"name":"Solidaires \u00e9tudiant-e-s","@id":"https:\/\/solidaires-etudiant-e-s.org\/site\/#\/schema\/person\/0efb3e0ff4e2f12b5a5abcd4352aa86c"},"headline":"LA LPPR\u00a0: ENTRE PR\u00c9CARISATION, HI\u00c9RARCHISATION ET PRIVATISATION","datePublished":"2020-03-01T18:40:31+00:00","dateModified":"2024-12-30T18:16:26+00:00","mainEntityOfPage":{"@id":"https:\/\/solidaires-etudiant-e-s.org\/site\/2020\/03\/01\/la-lppr-entre-precarisation-hierarchisation-et-privatisation\/"},"wordCount":539,"publisher":{"@id":"https:\/\/solidaires-etudiant-e-s.org\/site\/#organization"},"image":{"@id":"https:\/\/solidaires-etudiant-e-s.org\/site\/2020\/03\/01\/la-lppr-entre-precarisation-hierarchisation-et-privatisation\/#primaryimage"},"thumbnailUrl":"https:\/\/solidaires-etudiant-e-s.org\/site\/wp-content\/uploads\/2020\/02\/resized1-f24852da473e66d4270a289710e7de3e.png","keywords":["5 mars","ANR","communique","esr","LPPR","privatisation","vidal"],"articleSection":["COMMUNIQUES NATIONAUX","ENSEIGNEMENT SUPERIEUR"],"inLanguage":"fr-FR"},{"@type":"WebPage","@id":"https:\/\/solidaires-etudiant-e-s.org\/site\/2020\/03\/01\/la-lppr-entre-precarisation-hierarchisation-et-privatisation\/","url":"https:\/\/solidaires-etudiant-e-s.org\/site\/2020\/03\/01\/la-lppr-entre-precarisation-hierarchisation-et-privatisation\/","name":"LA LPPR\u00a0: ENTRE PR\u00c9CARISATION, HI\u00c9RARCHISATION ET PRIVATISATION - Solidaires \u00e9tudiant-e-s","isPartOf":{"@id":"https:\/\/solidaires-etudiant-e-s.org\/site\/#website"},"primaryImageOfPage":{"@id":"https:\/\/solidaires-etudiant-e-s.org\/site\/2020\/03\/01\/la-lppr-entre-precarisation-hierarchisation-et-privatisation\/#primaryimage"},"image":{"@id":"https:\/\/solidaires-etudiant-e-s.org\/site\/2020\/03\/01\/la-lppr-entre-precarisation-hierarchisation-et-privatisation\/#primaryimage"},"thumbnailUrl":"https:\/\/solidaires-etudiant-e-s.org\/site\/wp-content\/uploads\/2020\/02\/resized1-f24852da473e66d4270a289710e7de3e.png","datePublished":"2020-03-01T18:40:31+00:00","dateModified":"2024-12-30T18:16:26+00:00","breadcrumb":{"@id":"https:\/\/solidaires-etudiant-e-s.org\/site\/2020\/03\/01\/la-lppr-entre-precarisation-hierarchisation-et-privatisation\/#breadcrumb"},"inLanguage":"fr-FR","potentialAction":[{"@type":"ReadAction","target":["https:\/\/solidaires-etudiant-e-s.org\/site\/2020\/03\/01\/la-lppr-entre-precarisation-hierarchisation-et-privatisation\/"]}]},{"@type":"ImageObject","inLanguage":"fr-FR","@id":"https:\/\/solidaires-etudiant-e-s.org\/site\/2020\/03\/01\/la-lppr-entre-precarisation-hierarchisation-et-privatisation\/#primaryimage","url":"https:\/\/solidaires-etudiant-e-s.org\/site\/wp-content\/uploads\/2020\/02\/resized1-f24852da473e66d4270a289710e7de3e.png","contentUrl":"https:\/\/solidaires-etudiant-e-s.org\/site\/wp-content\/uploads\/2020\/02\/resized1-f24852da473e66d4270a289710e7de3e.png","width":576,"height":212},{"@type":"BreadcrumbList","@id":"https:\/\/solidaires-etudiant-e-s.org\/site\/2020\/03\/01\/la-lppr-entre-precarisation-hierarchisation-et-privatisation\/#breadcrumb","itemListElement":[{"@type":"ListItem","position":1,"name":"Accueil","item":"https:\/\/solidaires-etudiant-e-s.org\/site\/"},{"@type":"ListItem","position":2,"name":"LA LPPR\u00a0: ENTRE PR\u00c9CARISATION, HI\u00c9RARCHISATION ET PRIVATISATION"}]},{"@type":"WebSite","@id":"https:\/\/solidaires-etudiant-e-s.org\/site\/#website","url":"https:\/\/solidaires-etudiant-e-s.org\/site\/","name":"Solidaires \u00e9tudiant-e-s","description":"Syndicats pour un enseignement sup\u00e9rieur gratuit, ouvert, et \u00e9mancipateur !","publisher":{"@id":"https:\/\/solidaires-etudiant-e-s.org\/site\/#organization"},"potentialAction":[{"@type":"SearchAction","target":{"@type":"EntryPoint","urlTemplate":"https:\/\/solidaires-etudiant-e-s.org\/site\/?s={search_term_string}"},"query-input":{"@type":"PropertyValueSpecification","valueRequired":true,"valueName":"search_term_string"}}],"inLanguage":"fr-FR"},{"@type":"Organization","@id":"https:\/\/solidaires-etudiant-e-s.org\/site\/#organization","name":"Solidaires \u00e9tudiant-e-s","url":"https:\/\/solidaires-etudiant-e-s.org\/site\/","logo":{"@type":"ImageObject","inLanguage":"fr-FR","@id":"https:\/\/solidaires-etudiant-e-s.org\/site\/#\/schema\/logo\/image\/","url":"https:\/\/solidaires-etudiant-e-s.org\/site\/wp-content\/uploads\/2025\/12\/13-1.png","contentUrl":"https:\/\/solidaires-etudiant-e-s.org\/site\/wp-content\/uploads\/2025\/12\/13-1.png","width":1181,"height":827,"caption":"Solidaires \u00e9tudiant-e-s"},"image":{"@id":"https:\/\/solidaires-etudiant-e-s.org\/site\/#\/schema\/logo\/image\/"},"sameAs":["https:\/\/www.facebook.com\/solidairesetudiantes","https:\/\/x.com\/SolidairesEtu","https:\/\/www.instagram.com\/solidairesetu\/","https:\/\/bsky.app\/profile\/solidaires-etudiant-e-s.org","https:\/\/mastodon.social\/@solidairesetu","https:\/\/www.youtube.com\/channel\/UC_iZN9gmVAAnXbBM7wAWOag"]},{"@type":"Person","@id":"https:\/\/solidaires-etudiant-e-s.org\/site\/#\/schema\/person\/0efb3e0ff4e2f12b5a5abcd4352aa86c","name":"Solidaires \u00e9tudiant-e-s","image":{"@type":"ImageObject","inLanguage":"fr-FR","@id":"https:\/\/solidaires-etudiant-e-s.org\/site\/wp-content\/uploads\/2020\/01\/logo-SESL-rond-512-96x96.png","url":"https:\/\/solidaires-etudiant-e-s.org\/site\/wp-content\/uploads\/2020\/01\/logo-SESL-rond-512-96x96.png","contentUrl":"https:\/\/solidaires-etudiant-e-s.org\/site\/wp-content\/uploads\/2020\/01\/logo-SESL-rond-512-96x96.png","caption":"Solidaires \u00e9tudiant-e-s"},"sameAs":["https:\/\/solidaires-etudiant.org\/site","https:\/\/www.facebook.com\/solidairesetudiantes","https:\/\/www.instagram.com\/solidairesetu","https:\/\/x.com\/SolidairesEtu","https:\/\/fr.wikipedia.org\/wiki\/Solidaires_tudiant-e-s"]}]}},"_links":{"self":[{"href":"https:\/\/solidaires-etudiant-e-s.org\/site\/wp-json\/wp\/v2\/posts\/5227","targetHints":{"allow":["GET"]}}],"collection":[{"href":"https:\/\/solidaires-etudiant-e-s.org\/site\/wp-json\/wp\/v2\/posts"}],"about":[{"href":"https:\/\/solidaires-etudiant-e-s.org\/site\/wp-json\/wp\/v2\/types\/post"}],"author":[{"embeddable":true,"href":"https:\/\/solidaires-etudiant-e-s.org\/site\/wp-json\/wp\/v2\/users\/1"}],"replies":[{"embeddable":true,"href":"https:\/\/solidaires-etudiant-e-s.org\/site\/wp-json\/wp\/v2\/comments?post=5227"}],"version-history":[{"count":1,"href":"https:\/\/solidaires-etudiant-e-s.org\/site\/wp-json\/wp\/v2\/posts\/5227\/revisions"}],"predecessor-version":[{"id":7515,"href":"https:\/\/solidaires-etudiant-e-s.org\/site\/wp-json\/wp\/v2\/posts\/5227\/revisions\/7515"}],"wp:featuredmedia":[{"embeddable":true,"href":"https:\/\/solidaires-etudiant-e-s.org\/site\/wp-json\/wp\/v2\/media\/5218"}],"wp:attachment":[{"href":"https:\/\/solidaires-etudiant-e-s.org\/site\/wp-json\/wp\/v2\/media?parent=5227"}],"wp:term":[{"taxonomy":"category","embeddable":true,"href":"https:\/\/solidaires-etudiant-e-s.org\/site\/wp-json\/wp\/v2\/categories?post=5227"},{"taxonomy":"post_tag","embeddable":true,"href":"https:\/\/solidaires-etudiant-e-s.org\/site\/wp-json\/wp\/v2\/tags?post=5227"}],"curies":[{"name":"wp","href":"https:\/\/api.w.org\/{rel}","templated":true}]}}