{"id":5107,"date":"2020-01-12T19:22:18","date_gmt":"2020-01-12T18:22:18","guid":{"rendered":"https:\/\/solidaires-etudiant-e-s.org\/archive\/\/?p=5107"},"modified":"2024-12-30T19:16:26","modified_gmt":"2024-12-30T18:16:26","slug":"la-vaste-fumisterie-du-numero-durgence-ministeriel-contre-la-precarite-etudiante","status":"publish","type":"post","link":"https:\/\/solidaires-etudiant-e-s.org\/site\/2020\/01\/12\/la-vaste-fumisterie-du-numero-durgence-ministeriel-contre-la-precarite-etudiante\/","title":{"rendered":"La vaste fumisterie du num\u00e9ro d&#039;urgence   minist\u00e9riel &quot;contre la pr\u00e9carit\u00e9 \u00e9tudiante&quot;"},"content":{"rendered":"\n<p>Ce vendredi 10 janvier, le minist\u00e8re de l&rsquo;Enseignement Sup\u00e9rieur et de la Recherche lance un num\u00e9ro d&rsquo;information \u2014 le 0 806 000 278 \u2014 \u00e0 destination des \u00e9tudiant-e-s \u00e9prouvant des&nbsp;difficult\u00e9s financi\u00e8res, afin de les orienter et de les informer vers les aides d&rsquo;urgence existantes. Au lieu d\u2019\u00e9couter l\u2019ensemble des organisations \u00e9tudiantes  qui r\u00e9clament des mesures d\u2019urgence<a href=\"https:\/\/solidaires-etudiant-e-s.org\/archive\/\/blog\/2019\/11\/20\/precarite-etudiante-letat-doit-prendre-ses-responsabilites\/\">1<\/a>, le minist\u00e8re persiste et signe dans son id\u00e9e navrante de num\u00e9ro, qui aura mis deux mois pour \u00eatre mis en place \u2014 ce qui ne correspond gu\u00e8re \u00e0 l&rsquo;id\u00e9e que nous nous faisons de \u00ab\u00a0l&rsquo;urgence\u00a0\u00bb.<\/p>\n\n\n<p><br \/> Si Solidaires \u00e9tudiant-e-s n&rsquo;attendait rien de ce num\u00e9ro d&rsquo;urgence, le minist\u00e8re r\u00e9ussit contre toute attente \u00e0 nous d\u00e9cevoir davantage. Ce num\u00e9ro n&rsquo;est pas un num\u00e9ro vert : il n&rsquo;est donc pas gratuit et co\u00fbte le prix d&rsquo;un appel local. De plus, ce num\u00e9ro est uniquement disponible de 9 heures \u00e0 17 heures, du lundi au vendredi, soit aux horaires o\u00f9 les \u00e9tudiant-e-s sont en cours ou au travail. Comment les \u00e9tudiant-e-s pr\u00e9caires, et notamment celles et ceux qui travaillent, pourront appeler ce num\u00e9ro ?&nbsp;<\/p>\n\n\n<p><br \/> Ce num\u00e9ro d&rsquo;urgence n&rsquo;est qu&rsquo;une vaste fumisterie : il s&rsquo;agit d&rsquo;une mesure largement insuffisante. La pr\u00e9carit\u00e9 \u00e9tudiante ne saurait \u00eatre r\u00e9sorb\u00e9e, et encore moins r\u00e9solue, \u00e0 grand renfort de boite vocale. Pour rappel, la MGEN a observ\u00e9 que 43% des \u00e9tudiant-e-s renoncent aux soins, et que parmi elles et eux, 51% disent qu\u2019ils et elles n\u2019en ont pas les moyens financiers.&nbsp;<\/p>\n\n\n<p><br \/> La ministre Fr\u00e9d\u00e9rique Vidal tente de se d\u00e9douaner en parlant d\u2019une augmentation de 46 millions d\u2019euros des bourses \u00e0 la rentr\u00e9e 2019 : il s\u2019agit uniquement d\u2019une compensation face \u00e0 l\u2019inflation de l&rsquo;ann\u00e9e, qui ne rattrape pas l&rsquo;inflation des ann\u00e9es pr\u00e9c\u00e9dentes o\u00f9 les bourses avaient \u00e9t\u00e9 gel\u00e9es, et \u00e0 l\u2019augmentation du nombre de boursier-e-s. En r\u00e9alit\u00e9, les bourses ont \u00e9t\u00e9 revaloris\u00e9es d\u2019environ 1%, soit 11 \u00e0 61\u20ac de plus par an. Le gouvernement ne semble toujours pas prendre conscience de la gravit\u00e9 structurelle de la situation, de ses d\u00e9faillances institutionnelles syst\u00e9matiques aux cons\u00e9quences dramatiques, destructrices de vies.&nbsp;<\/p>\n\n\n<p>Il est n\u00e9cessaire d&rsquo;engager des actions urgentes et imm\u00e9diates pour que des trag\u00e9dies telles que celle que nous connaissons depuis le 8 novembre<a href=\"https:\/\/solidaires-etudiant-e-s.org\/archive\/\/blog\/2019\/11\/09\/la-precarite-detruit-nos-vies\/\">2<\/a> ne se reproduisent pas. Solidaires \u00e9tudiant-e-s revendique la mise en place des mesures suivantes<a href=\"https:\/\/solidaires-etudiant-e-s.org\/archive\/\/blog\/2019\/11\/26\/lettre-ouverte-a-mme-frederique-vidal-ministre-de-lenseignement-superieur-de-la-recherche-et-de-linnovation\/\">3<\/a>:&nbsp;<\/p>\n\n\n<p class=\"has-text-align-left\">-sur le logement : la construction massive de cit\u00e9s universitaires (avec comme objectif minimal \u00e0 trois ans d\u2019y loger 10% des \u00e9tudiant-e-s contre 6% actuellement) et la restauration de l\u2019ensemble des logements insalubres afin de garantir aux \u00e9tudiant-e-s un r\u00e9el droit au logement ;&nbsp;<\/p>\n\n\n<p>-sur les aides sociales : la hausse imm\u00e9diate d&rsquo;au moins 20% des bourses, ainsi que l\u2019augmentation du nombre de ses b\u00e9n\u00e9ficiaires, pour que tous et toutes puissent \u00e9tudier dans des conditions financi\u00e8res dignes ;<\/p>\n\n\n<p>-la simplification des d\u00e9marches d\u2019acc\u00e8s aux aides d\u2019urgence et l\u2019augmentation du budget qui leur est allou\u00e9 ;<\/p>\n\n\n<p>-sur la sant\u00e9 : le renforcement massif des services de sant\u00e9 (physique et psychique) universitaires en termes de moyens et de personnel afin d&rsquo;accueillir dans les meilleures conditions les \u00e9tudiant-e-s qui en ont besoin.&nbsp;<\/p>\n\n\n<div class=\"wp-block-group\"><div class=\"wp-block-group__inner-container is-layout-flow wp-block-group-is-layout-flow\">\n<figure class=\"wp-block-image is-resized\"><a href=\"https:\/\/solidaires-etudiant.org\/site\/wp-content\/uploads\/2020\/01\/Communique-numero-urgence-1.pdf\"><img loading=\"lazy\" decoding=\"async\" src=\"https:\/\/solidaires-etudiant-e-s.org\/archive\/\/wp-content\/uploads\/2019\/11\/pdf-1.png\" alt=\"L\u2019attribut alt de cette image est vide, son nom de fichier est pdf-1.png.\" width=\"138\" height=\"138\"\/><\/a><\/figure>\n<\/div><\/div>\n\n\n<div class=\"wp-block-group\"><div class=\"wp-block-group__inner-container is-layout-flow wp-block-group-is-layout-flow\">\n<div class=\"wp-block-file\"><a href=\"https:\/\/solidaires-etudiant.org\/site\/wp-content\/uploads\/2020\/01\/Communique-numero-urgence-1.pdf\">Communiqu\u00e9-12-01-2020<\/a><a href=\"https:\/\/solidaires-etudiant.org\/site\/wp-content\/uploads\/2020\/01\/Communique-numero-urgence-1.pdf\" class=\"wp-block-file__button\" download>T\u00e9l\u00e9charger<\/a><\/div>\n<\/div><\/div>\n\n\n<p><\/p>\n","protected":false},"excerpt":{"rendered":"<p>Ce vendredi 10 janvier, le minist\u00e8re de l&rsquo;Enseignement Sup\u00e9rieur et de la [&hellip;]<\/p>\n","protected":false},"author":1,"featured_media":5110,"comment_status":"closed","ping_status":"closed","sticky":false,"template":"","format":"standard","meta":{"cybocfi_hide_featured_image":"","footnotes":""},"categories":[10,15,18,35],"tags":[172,308,374,472,890,1019],"class_list":["post-5107","post","type-post","status-publish","format-standard","has-post-thumbnail","hentry","category-communiques","category-droits-etudiants","category-esr","category-sante-social","tag-augmentation-des-bourses","tag-communiques-2","tag-crous","tag-esr-2","tag-precarite-etudiante","tag-sante-etudiante","col-md-4 col-sm-4"],"featured_image_src":"https:\/\/solidaires-etudiant-e-s.org\/site\/wp-content\/uploads\/2020\/01\/B9721569058Z.1_20191112213843_000GIQET5Q77.1-01.jpg","author_info":{"display_name":"Solidaires \u00e9tudiant-e-s","author_link":false},"yoast_head":"<!-- This site is optimized with the Yoast SEO plugin v27.4 - https:\/\/yoast.com\/product\/yoast-seo-wordpress\/ -->\n<title>La vaste fumisterie du num\u00e9ro d&#039;urgence  minist\u00e9riel &quot;contre la pr\u00e9carit\u00e9 \u00e9tudiante&quot; - Solidaires \u00e9tudiant-e-s<\/title>\n<meta name=\"robots\" content=\"index, follow, max-snippet:-1, max-image-preview:large, max-video-preview:-1\" \/>\n<link rel=\"canonical\" href=\"https:\/\/solidaires-etudiant-e-s.org\/site\/2020\/01\/12\/la-vaste-fumisterie-du-numero-durgence-ministeriel-contre-la-precarite-etudiante\/\" \/>\n<meta property=\"og:locale\" content=\"fr_FR\" \/>\n<meta property=\"og:type\" content=\"article\" \/>\n<meta property=\"og:title\" content=\"La vaste fumisterie du num\u00e9ro d&#039;urgence  minist\u00e9riel &quot;contre la pr\u00e9carit\u00e9 \u00e9tudiante&quot; - Solidaires \u00e9tudiant-e-s\" \/>\n<meta property=\"og:description\" content=\"Ce vendredi 10 janvier, le minist\u00e8re de l&rsquo;Enseignement Sup\u00e9rieur et de la [&hellip;]\" \/>\n<meta property=\"og:url\" content=\"https:\/\/solidaires-etudiant-e-s.org\/site\/2020\/01\/12\/la-vaste-fumisterie-du-numero-durgence-ministeriel-contre-la-precarite-etudiante\/\" \/>\n<meta property=\"og:site_name\" content=\"Solidaires \u00e9tudiant-e-s\" \/>\n<meta property=\"article:publisher\" content=\"https:\/\/www.facebook.com\/solidairesetudiantes\" \/>\n<meta property=\"article:author\" content=\"https:\/\/www.facebook.com\/solidairesetudiantes\" \/>\n<meta property=\"article:published_time\" content=\"2020-01-12T18:22:18+00:00\" \/>\n<meta property=\"article:modified_time\" content=\"2024-12-30T18:16:26+00:00\" \/>\n<meta property=\"og:image\" content=\"https:\/\/solidaires-etudiant-e-s.org\/site\/wp-content\/uploads\/2020\/01\/B9721569058Z.1_20191112213843_000GIQET5Q77.1-01.jpg\" \/>\n\t<meta property=\"og:image:width\" content=\"1192\" \/>\n\t<meta property=\"og:image:height\" content=\"669\" \/>\n\t<meta property=\"og:image:type\" content=\"image\/jpeg\" \/>\n<meta name=\"author\" content=\"Solidaires \u00e9tudiant-e-s\" \/>\n<meta name=\"twitter:card\" content=\"summary_large_image\" \/>\n<meta name=\"twitter:creator\" content=\"@SolidairesEtu\" \/>\n<meta name=\"twitter:site\" content=\"@SolidairesEtu\" \/>\n<meta name=\"twitter:label1\" content=\"\u00c9crit par\" \/>\n\t<meta name=\"twitter:data1\" content=\"Solidaires \u00e9tudiant-e-s\" \/>\n\t<meta name=\"twitter:label2\" content=\"Dur\u00e9e de lecture estim\u00e9e\" \/>\n\t<meta name=\"twitter:data2\" content=\"3 minutes\" \/>\n<script type=\"application\/ld+json\" class=\"yoast-schema-graph\">{\"@context\":\"https:\\\/\\\/schema.org\",\"@graph\":[{\"@type\":\"Article\",\"@id\":\"https:\\\/\\\/solidaires-etudiant-e-s.org\\\/site\\\/2020\\\/01\\\/12\\\/la-vaste-fumisterie-du-numero-durgence-ministeriel-contre-la-precarite-etudiante\\\/#article\",\"isPartOf\":{\"@id\":\"https:\\\/\\\/solidaires-etudiant-e-s.org\\\/site\\\/2020\\\/01\\\/12\\\/la-vaste-fumisterie-du-numero-durgence-ministeriel-contre-la-precarite-etudiante\\\/\"},\"author\":{\"name\":\"Solidaires \u00e9tudiant-e-s\",\"@id\":\"https:\\\/\\\/solidaires-etudiant-e-s.org\\\/site\\\/#\\\/schema\\\/person\\\/0efb3e0ff4e2f12b5a5abcd4352aa86c\"},\"headline\":\"La vaste fumisterie du num\u00e9ro d&#039;urgence minist\u00e9riel &quot;contre la pr\u00e9carit\u00e9 \u00e9tudiante&quot;\",\"datePublished\":\"2020-01-12T18:22:18+00:00\",\"dateModified\":\"2024-12-30T18:16:26+00:00\",\"mainEntityOfPage\":{\"@id\":\"https:\\\/\\\/solidaires-etudiant-e-s.org\\\/site\\\/2020\\\/01\\\/12\\\/la-vaste-fumisterie-du-numero-durgence-ministeriel-contre-la-precarite-etudiante\\\/\"},\"wordCount\":579,\"publisher\":{\"@id\":\"https:\\\/\\\/solidaires-etudiant-e-s.org\\\/site\\\/#organization\"},\"image\":{\"@id\":\"https:\\\/\\\/solidaires-etudiant-e-s.org\\\/site\\\/2020\\\/01\\\/12\\\/la-vaste-fumisterie-du-numero-durgence-ministeriel-contre-la-precarite-etudiante\\\/#primaryimage\"},\"thumbnailUrl\":\"https:\\\/\\\/solidaires-etudiant-e-s.org\\\/site\\\/wp-content\\\/uploads\\\/2020\\\/01\\\/B9721569058Z.1_20191112213843_000GIQET5Q77.1-01.jpg\",\"keywords\":[\"augmentation des bourses\",\"communiqu\u00e9s\",\"crous\",\"esr\",\"pr\u00e9carit\u00e9 \u00e9tudiante\",\"sant\u00e9 \u00e9tudiante\"],\"articleSection\":[\"COMMUNIQUES NATIONAUX\",\"DROITS ETUDIANTS\",\"ENSEIGNEMENT SUPERIEUR\",\"SANTE SOCIAL\"],\"inLanguage\":\"fr-FR\"},{\"@type\":\"WebPage\",\"@id\":\"https:\\\/\\\/solidaires-etudiant-e-s.org\\\/site\\\/2020\\\/01\\\/12\\\/la-vaste-fumisterie-du-numero-durgence-ministeriel-contre-la-precarite-etudiante\\\/\",\"url\":\"https:\\\/\\\/solidaires-etudiant-e-s.org\\\/site\\\/2020\\\/01\\\/12\\\/la-vaste-fumisterie-du-numero-durgence-ministeriel-contre-la-precarite-etudiante\\\/\",\"name\":\"La vaste fumisterie du num\u00e9ro d&#039;urgence minist\u00e9riel &quot;contre la pr\u00e9carit\u00e9 \u00e9tudiante&quot; - Solidaires \u00e9tudiant-e-s\",\"isPartOf\":{\"@id\":\"https:\\\/\\\/solidaires-etudiant-e-s.org\\\/site\\\/#website\"},\"primaryImageOfPage\":{\"@id\":\"https:\\\/\\\/solidaires-etudiant-e-s.org\\\/site\\\/2020\\\/01\\\/12\\\/la-vaste-fumisterie-du-numero-durgence-ministeriel-contre-la-precarite-etudiante\\\/#primaryimage\"},\"image\":{\"@id\":\"https:\\\/\\\/solidaires-etudiant-e-s.org\\\/site\\\/2020\\\/01\\\/12\\\/la-vaste-fumisterie-du-numero-durgence-ministeriel-contre-la-precarite-etudiante\\\/#primaryimage\"},\"thumbnailUrl\":\"https:\\\/\\\/solidaires-etudiant-e-s.org\\\/site\\\/wp-content\\\/uploads\\\/2020\\\/01\\\/B9721569058Z.1_20191112213843_000GIQET5Q77.1-01.jpg\",\"datePublished\":\"2020-01-12T18:22:18+00:00\",\"dateModified\":\"2024-12-30T18:16:26+00:00\",\"breadcrumb\":{\"@id\":\"https:\\\/\\\/solidaires-etudiant-e-s.org\\\/site\\\/2020\\\/01\\\/12\\\/la-vaste-fumisterie-du-numero-durgence-ministeriel-contre-la-precarite-etudiante\\\/#breadcrumb\"},\"inLanguage\":\"fr-FR\",\"potentialAction\":[{\"@type\":\"ReadAction\",\"target\":[\"https:\\\/\\\/solidaires-etudiant-e-s.org\\\/site\\\/2020\\\/01\\\/12\\\/la-vaste-fumisterie-du-numero-durgence-ministeriel-contre-la-precarite-etudiante\\\/\"]}]},{\"@type\":\"ImageObject\",\"inLanguage\":\"fr-FR\",\"@id\":\"https:\\\/\\\/solidaires-etudiant-e-s.org\\\/site\\\/2020\\\/01\\\/12\\\/la-vaste-fumisterie-du-numero-durgence-ministeriel-contre-la-precarite-etudiante\\\/#primaryimage\",\"url\":\"https:\\\/\\\/solidaires-etudiant-e-s.org\\\/site\\\/wp-content\\\/uploads\\\/2020\\\/01\\\/B9721569058Z.1_20191112213843_000GIQET5Q77.1-01.jpg\",\"contentUrl\":\"https:\\\/\\\/solidaires-etudiant-e-s.org\\\/site\\\/wp-content\\\/uploads\\\/2020\\\/01\\\/B9721569058Z.1_20191112213843_000GIQET5Q77.1-01.jpg\",\"width\":1192,\"height\":669,\"caption\":\"cr\u00e9dit image: Philippe Desmazes\"},{\"@type\":\"BreadcrumbList\",\"@id\":\"https:\\\/\\\/solidaires-etudiant-e-s.org\\\/site\\\/2020\\\/01\\\/12\\\/la-vaste-fumisterie-du-numero-durgence-ministeriel-contre-la-precarite-etudiante\\\/#breadcrumb\",\"itemListElement\":[{\"@type\":\"ListItem\",\"position\":1,\"name\":\"Accueil\",\"item\":\"https:\\\/\\\/solidaires-etudiant-e-s.org\\\/site\\\/\"},{\"@type\":\"ListItem\",\"position\":2,\"name\":\"La vaste fumisterie du num\u00e9ro d&#039;urgence minist\u00e9riel &quot;contre la pr\u00e9carit\u00e9 \u00e9tudiante&quot;\"}]},{\"@type\":\"WebSite\",\"@id\":\"https:\\\/\\\/solidaires-etudiant-e-s.org\\\/site\\\/#website\",\"url\":\"https:\\\/\\\/solidaires-etudiant-e-s.org\\\/site\\\/\",\"name\":\"Solidaires \u00e9tudiant-e-s\",\"description\":\"Syndicats pour un enseignement sup\u00e9rieur gratuit, ouvert, et \u00e9mancipateur !\",\"publisher\":{\"@id\":\"https:\\\/\\\/solidaires-etudiant-e-s.org\\\/site\\\/#organization\"},\"potentialAction\":[{\"@type\":\"SearchAction\",\"target\":{\"@type\":\"EntryPoint\",\"urlTemplate\":\"https:\\\/\\\/solidaires-etudiant-e-s.org\\\/site\\\/?s={search_term_string}\"},\"query-input\":{\"@type\":\"PropertyValueSpecification\",\"valueRequired\":true,\"valueName\":\"search_term_string\"}}],\"inLanguage\":\"fr-FR\"},{\"@type\":\"Organization\",\"@id\":\"https:\\\/\\\/solidaires-etudiant-e-s.org\\\/site\\\/#organization\",\"name\":\"Solidaires \u00e9tudiant-e-s\",\"url\":\"https:\\\/\\\/solidaires-etudiant-e-s.org\\\/site\\\/\",\"logo\":{\"@type\":\"ImageObject\",\"inLanguage\":\"fr-FR\",\"@id\":\"https:\\\/\\\/solidaires-etudiant-e-s.org\\\/site\\\/#\\\/schema\\\/logo\\\/image\\\/\",\"url\":\"https:\\\/\\\/solidaires-etudiant-e-s.org\\\/site\\\/wp-content\\\/uploads\\\/2025\\\/12\\\/13-1.png\",\"contentUrl\":\"https:\\\/\\\/solidaires-etudiant-e-s.org\\\/site\\\/wp-content\\\/uploads\\\/2025\\\/12\\\/13-1.png\",\"width\":1181,\"height\":827,\"caption\":\"Solidaires \u00e9tudiant-e-s\"},\"image\":{\"@id\":\"https:\\\/\\\/solidaires-etudiant-e-s.org\\\/site\\\/#\\\/schema\\\/logo\\\/image\\\/\"},\"sameAs\":[\"https:\\\/\\\/www.facebook.com\\\/solidairesetudiantes\",\"https:\\\/\\\/x.com\\\/SolidairesEtu\",\"https:\\\/\\\/www.instagram.com\\\/solidairesetu\\\/\",\"https:\\\/\\\/bsky.app\\\/profile\\\/solidaires-etudiant-e-s.org\",\"https:\\\/\\\/mastodon.social\\\/@solidairesetu\",\"https:\\\/\\\/www.youtube.com\\\/channel\\\/UC_iZN9gmVAAnXbBM7wAWOag\"]},{\"@type\":\"Person\",\"@id\":\"https:\\\/\\\/solidaires-etudiant-e-s.org\\\/site\\\/#\\\/schema\\\/person\\\/0efb3e0ff4e2f12b5a5abcd4352aa86c\",\"name\":\"Solidaires \u00e9tudiant-e-s\",\"image\":{\"@type\":\"ImageObject\",\"inLanguage\":\"fr-FR\",\"@id\":\"https:\\\/\\\/solidaires-etudiant-e-s.org\\\/site\\\/wp-content\\\/uploads\\\/2020\\\/01\\\/logo-SESL-rond-512-96x96.png\",\"url\":\"https:\\\/\\\/solidaires-etudiant-e-s.org\\\/site\\\/wp-content\\\/uploads\\\/2020\\\/01\\\/logo-SESL-rond-512-96x96.png\",\"contentUrl\":\"https:\\\/\\\/solidaires-etudiant-e-s.org\\\/site\\\/wp-content\\\/uploads\\\/2020\\\/01\\\/logo-SESL-rond-512-96x96.png\",\"caption\":\"Solidaires \u00e9tudiant-e-s\"},\"sameAs\":[\"https:\\\/\\\/solidaires-etudiant.org\\\/site\",\"https:\\\/\\\/www.facebook.com\\\/solidairesetudiantes\",\"https:\\\/\\\/www.instagram.com\\\/solidairesetu\",\"https:\\\/\\\/x.com\\\/SolidairesEtu\",\"https:\\\/\\\/fr.wikipedia.org\\\/wiki\\\/Solidaires_tudiant-e-s\"]}]}<\/script>\n<!-- \/ Yoast SEO plugin. -->","yoast_head_json":{"title":"La vaste fumisterie du num\u00e9ro d&#039;urgence  minist\u00e9riel &quot;contre la pr\u00e9carit\u00e9 \u00e9tudiante&quot; - Solidaires \u00e9tudiant-e-s","robots":{"index":"index","follow":"follow","max-snippet":"max-snippet:-1","max-image-preview":"max-image-preview:large","max-video-preview":"max-video-preview:-1"},"canonical":"https:\/\/solidaires-etudiant-e-s.org\/site\/2020\/01\/12\/la-vaste-fumisterie-du-numero-durgence-ministeriel-contre-la-precarite-etudiante\/","og_locale":"fr_FR","og_type":"article","og_title":"La vaste fumisterie du num\u00e9ro d&#039;urgence  minist\u00e9riel &quot;contre la pr\u00e9carit\u00e9 \u00e9tudiante&quot; - Solidaires \u00e9tudiant-e-s","og_description":"Ce vendredi 10 janvier, le minist\u00e8re de l&rsquo;Enseignement Sup\u00e9rieur et de la [&hellip;]","og_url":"https:\/\/solidaires-etudiant-e-s.org\/site\/2020\/01\/12\/la-vaste-fumisterie-du-numero-durgence-ministeriel-contre-la-precarite-etudiante\/","og_site_name":"Solidaires \u00e9tudiant-e-s","article_publisher":"https:\/\/www.facebook.com\/solidairesetudiantes","article_author":"https:\/\/www.facebook.com\/solidairesetudiantes","article_published_time":"2020-01-12T18:22:18+00:00","article_modified_time":"2024-12-30T18:16:26+00:00","og_image":[{"width":1192,"height":669,"url":"https:\/\/solidaires-etudiant-e-s.org\/site\/wp-content\/uploads\/2020\/01\/B9721569058Z.1_20191112213843_000GIQET5Q77.1-01.jpg","type":"image\/jpeg"}],"author":"Solidaires \u00e9tudiant-e-s","twitter_card":"summary_large_image","twitter_creator":"@SolidairesEtu","twitter_site":"@SolidairesEtu","twitter_misc":{"\u00c9crit par":"Solidaires \u00e9tudiant-e-s","Dur\u00e9e de lecture estim\u00e9e":"3 minutes"},"schema":{"@context":"https:\/\/schema.org","@graph":[{"@type":"Article","@id":"https:\/\/solidaires-etudiant-e-s.org\/site\/2020\/01\/12\/la-vaste-fumisterie-du-numero-durgence-ministeriel-contre-la-precarite-etudiante\/#article","isPartOf":{"@id":"https:\/\/solidaires-etudiant-e-s.org\/site\/2020\/01\/12\/la-vaste-fumisterie-du-numero-durgence-ministeriel-contre-la-precarite-etudiante\/"},"author":{"name":"Solidaires \u00e9tudiant-e-s","@id":"https:\/\/solidaires-etudiant-e-s.org\/site\/#\/schema\/person\/0efb3e0ff4e2f12b5a5abcd4352aa86c"},"headline":"La vaste fumisterie du num\u00e9ro d&#039;urgence minist\u00e9riel &quot;contre la pr\u00e9carit\u00e9 \u00e9tudiante&quot;","datePublished":"2020-01-12T18:22:18+00:00","dateModified":"2024-12-30T18:16:26+00:00","mainEntityOfPage":{"@id":"https:\/\/solidaires-etudiant-e-s.org\/site\/2020\/01\/12\/la-vaste-fumisterie-du-numero-durgence-ministeriel-contre-la-precarite-etudiante\/"},"wordCount":579,"publisher":{"@id":"https:\/\/solidaires-etudiant-e-s.org\/site\/#organization"},"image":{"@id":"https:\/\/solidaires-etudiant-e-s.org\/site\/2020\/01\/12\/la-vaste-fumisterie-du-numero-durgence-ministeriel-contre-la-precarite-etudiante\/#primaryimage"},"thumbnailUrl":"https:\/\/solidaires-etudiant-e-s.org\/site\/wp-content\/uploads\/2020\/01\/B9721569058Z.1_20191112213843_000GIQET5Q77.1-01.jpg","keywords":["augmentation des bourses","communiqu\u00e9s","crous","esr","pr\u00e9carit\u00e9 \u00e9tudiante","sant\u00e9 \u00e9tudiante"],"articleSection":["COMMUNIQUES NATIONAUX","DROITS ETUDIANTS","ENSEIGNEMENT SUPERIEUR","SANTE SOCIAL"],"inLanguage":"fr-FR"},{"@type":"WebPage","@id":"https:\/\/solidaires-etudiant-e-s.org\/site\/2020\/01\/12\/la-vaste-fumisterie-du-numero-durgence-ministeriel-contre-la-precarite-etudiante\/","url":"https:\/\/solidaires-etudiant-e-s.org\/site\/2020\/01\/12\/la-vaste-fumisterie-du-numero-durgence-ministeriel-contre-la-precarite-etudiante\/","name":"La vaste fumisterie du num\u00e9ro d&#039;urgence minist\u00e9riel &quot;contre la pr\u00e9carit\u00e9 \u00e9tudiante&quot; - Solidaires \u00e9tudiant-e-s","isPartOf":{"@id":"https:\/\/solidaires-etudiant-e-s.org\/site\/#website"},"primaryImageOfPage":{"@id":"https:\/\/solidaires-etudiant-e-s.org\/site\/2020\/01\/12\/la-vaste-fumisterie-du-numero-durgence-ministeriel-contre-la-precarite-etudiante\/#primaryimage"},"image":{"@id":"https:\/\/solidaires-etudiant-e-s.org\/site\/2020\/01\/12\/la-vaste-fumisterie-du-numero-durgence-ministeriel-contre-la-precarite-etudiante\/#primaryimage"},"thumbnailUrl":"https:\/\/solidaires-etudiant-e-s.org\/site\/wp-content\/uploads\/2020\/01\/B9721569058Z.1_20191112213843_000GIQET5Q77.1-01.jpg","datePublished":"2020-01-12T18:22:18+00:00","dateModified":"2024-12-30T18:16:26+00:00","breadcrumb":{"@id":"https:\/\/solidaires-etudiant-e-s.org\/site\/2020\/01\/12\/la-vaste-fumisterie-du-numero-durgence-ministeriel-contre-la-precarite-etudiante\/#breadcrumb"},"inLanguage":"fr-FR","potentialAction":[{"@type":"ReadAction","target":["https:\/\/solidaires-etudiant-e-s.org\/site\/2020\/01\/12\/la-vaste-fumisterie-du-numero-durgence-ministeriel-contre-la-precarite-etudiante\/"]}]},{"@type":"ImageObject","inLanguage":"fr-FR","@id":"https:\/\/solidaires-etudiant-e-s.org\/site\/2020\/01\/12\/la-vaste-fumisterie-du-numero-durgence-ministeriel-contre-la-precarite-etudiante\/#primaryimage","url":"https:\/\/solidaires-etudiant-e-s.org\/site\/wp-content\/uploads\/2020\/01\/B9721569058Z.1_20191112213843_000GIQET5Q77.1-01.jpg","contentUrl":"https:\/\/solidaires-etudiant-e-s.org\/site\/wp-content\/uploads\/2020\/01\/B9721569058Z.1_20191112213843_000GIQET5Q77.1-01.jpg","width":1192,"height":669,"caption":"cr\u00e9dit image: Philippe Desmazes"},{"@type":"BreadcrumbList","@id":"https:\/\/solidaires-etudiant-e-s.org\/site\/2020\/01\/12\/la-vaste-fumisterie-du-numero-durgence-ministeriel-contre-la-precarite-etudiante\/#breadcrumb","itemListElement":[{"@type":"ListItem","position":1,"name":"Accueil","item":"https:\/\/solidaires-etudiant-e-s.org\/site\/"},{"@type":"ListItem","position":2,"name":"La vaste fumisterie du num\u00e9ro d&#039;urgence minist\u00e9riel &quot;contre la pr\u00e9carit\u00e9 \u00e9tudiante&quot;"}]},{"@type":"WebSite","@id":"https:\/\/solidaires-etudiant-e-s.org\/site\/#website","url":"https:\/\/solidaires-etudiant-e-s.org\/site\/","name":"Solidaires \u00e9tudiant-e-s","description":"Syndicats pour un enseignement sup\u00e9rieur gratuit, ouvert, et \u00e9mancipateur !","publisher":{"@id":"https:\/\/solidaires-etudiant-e-s.org\/site\/#organization"},"potentialAction":[{"@type":"SearchAction","target":{"@type":"EntryPoint","urlTemplate":"https:\/\/solidaires-etudiant-e-s.org\/site\/?s={search_term_string}"},"query-input":{"@type":"PropertyValueSpecification","valueRequired":true,"valueName":"search_term_string"}}],"inLanguage":"fr-FR"},{"@type":"Organization","@id":"https:\/\/solidaires-etudiant-e-s.org\/site\/#organization","name":"Solidaires \u00e9tudiant-e-s","url":"https:\/\/solidaires-etudiant-e-s.org\/site\/","logo":{"@type":"ImageObject","inLanguage":"fr-FR","@id":"https:\/\/solidaires-etudiant-e-s.org\/site\/#\/schema\/logo\/image\/","url":"https:\/\/solidaires-etudiant-e-s.org\/site\/wp-content\/uploads\/2025\/12\/13-1.png","contentUrl":"https:\/\/solidaires-etudiant-e-s.org\/site\/wp-content\/uploads\/2025\/12\/13-1.png","width":1181,"height":827,"caption":"Solidaires \u00e9tudiant-e-s"},"image":{"@id":"https:\/\/solidaires-etudiant-e-s.org\/site\/#\/schema\/logo\/image\/"},"sameAs":["https:\/\/www.facebook.com\/solidairesetudiantes","https:\/\/x.com\/SolidairesEtu","https:\/\/www.instagram.com\/solidairesetu\/","https:\/\/bsky.app\/profile\/solidaires-etudiant-e-s.org","https:\/\/mastodon.social\/@solidairesetu","https:\/\/www.youtube.com\/channel\/UC_iZN9gmVAAnXbBM7wAWOag"]},{"@type":"Person","@id":"https:\/\/solidaires-etudiant-e-s.org\/site\/#\/schema\/person\/0efb3e0ff4e2f12b5a5abcd4352aa86c","name":"Solidaires \u00e9tudiant-e-s","image":{"@type":"ImageObject","inLanguage":"fr-FR","@id":"https:\/\/solidaires-etudiant-e-s.org\/site\/wp-content\/uploads\/2020\/01\/logo-SESL-rond-512-96x96.png","url":"https:\/\/solidaires-etudiant-e-s.org\/site\/wp-content\/uploads\/2020\/01\/logo-SESL-rond-512-96x96.png","contentUrl":"https:\/\/solidaires-etudiant-e-s.org\/site\/wp-content\/uploads\/2020\/01\/logo-SESL-rond-512-96x96.png","caption":"Solidaires \u00e9tudiant-e-s"},"sameAs":["https:\/\/solidaires-etudiant.org\/site","https:\/\/www.facebook.com\/solidairesetudiantes","https:\/\/www.instagram.com\/solidairesetu","https:\/\/x.com\/SolidairesEtu","https:\/\/fr.wikipedia.org\/wiki\/Solidaires_tudiant-e-s"]}]}},"_links":{"self":[{"href":"https:\/\/solidaires-etudiant-e-s.org\/site\/wp-json\/wp\/v2\/posts\/5107","targetHints":{"allow":["GET"]}}],"collection":[{"href":"https:\/\/solidaires-etudiant-e-s.org\/site\/wp-json\/wp\/v2\/posts"}],"about":[{"href":"https:\/\/solidaires-etudiant-e-s.org\/site\/wp-json\/wp\/v2\/types\/post"}],"author":[{"embeddable":true,"href":"https:\/\/solidaires-etudiant-e-s.org\/site\/wp-json\/wp\/v2\/users\/1"}],"replies":[{"embeddable":true,"href":"https:\/\/solidaires-etudiant-e-s.org\/site\/wp-json\/wp\/v2\/comments?post=5107"}],"version-history":[{"count":1,"href":"https:\/\/solidaires-etudiant-e-s.org\/site\/wp-json\/wp\/v2\/posts\/5107\/revisions"}],"predecessor-version":[{"id":7519,"href":"https:\/\/solidaires-etudiant-e-s.org\/site\/wp-json\/wp\/v2\/posts\/5107\/revisions\/7519"}],"wp:featuredmedia":[{"embeddable":true,"href":"https:\/\/solidaires-etudiant-e-s.org\/site\/wp-json\/wp\/v2\/media\/5110"}],"wp:attachment":[{"href":"https:\/\/solidaires-etudiant-e-s.org\/site\/wp-json\/wp\/v2\/media?parent=5107"}],"wp:term":[{"taxonomy":"category","embeddable":true,"href":"https:\/\/solidaires-etudiant-e-s.org\/site\/wp-json\/wp\/v2\/categories?post=5107"},{"taxonomy":"post_tag","embeddable":true,"href":"https:\/\/solidaires-etudiant-e-s.org\/site\/wp-json\/wp\/v2\/tags?post=5107"}],"curies":[{"name":"wp","href":"https:\/\/api.w.org\/{rel}","templated":true}]}}