{"id":5045,"date":"2019-11-24T18:40:04","date_gmt":"2019-11-24T17:40:04","guid":{"rendered":"https:\/\/www.solidaires-etudiant.org\/?p=5045"},"modified":"2024-12-30T19:16:26","modified_gmt":"2024-12-30T18:16:26","slug":"le-black-friday-se-fera-sans-les-etudiant-e-s-nous-serons-dans-la-rue","status":"publish","type":"post","link":"https:\/\/solidaires-etudiant-e-s.org\/site\/2019\/11\/24\/le-black-friday-se-fera-sans-les-etudiant-e-s-nous-serons-dans-la-rue\/","title":{"rendered":"Le Black Friday se fera sans les \u00e9tudiant-e-s : nous serons dans la rue !"},"content":{"rendered":"\n<figure class=\"wp-block-image\"><img decoding=\"async\" src=\"https:\/\/www.solidaires-etudiant.org\/wp-content\/uploads\/2019\/11\/black-friday-environnement-1140x480-1024x431.png\" alt=\"\" class=\"wp-image-5056\"\/><\/figure>\n\n\n<p>Alimentation, transport, logement, contenu des enseignements, digitalisation des cours\u2026 Ce n&rsquo;est l\u00e0 qu&rsquo;un \u00e9chantillon des probl\u00e9matiques auxquelles les \u00e9tudiant-e-s font face en mati\u00e8re d&rsquo;\u00e9cologie. La gr\u00e8ve du 29 novembre, jour de Black Friday et symbole du capitalisme, ne peut pas passer \u00e0 c\u00f4t\u00e9 de nos lieux d&rsquo;\u00e9tudes. Les pr\u00e9occupations \u00e9cologiques actuelles doivent se faire entendre dans nos murs comme dans la rue.<\/p>\n\n\n<p><strong>Solidaires Etudiant-e-s s&rsquo;inscrit pleinement dans la gr\u00e8ve du 29 novembre <\/strong>car le combat pour l&rsquo;\u00e9cologie est aussi un combat syndical o\u00f9 nous portons une voix n\u00e9cessairement anticapitaliste.<\/p>\n\n\n<p>La mont\u00e9e du prix des logements en ville entra\u00eene un \u00e9loignement des \u00e9tudiant-e-s de leurs lieux d&rsquo;\u00e9tudes et il est plus que n\u00e9cessaire de pr\u00e9server un service public de transport en commun efficace malgr\u00e9 les assauts du gouvernement. Nos cours se digitalisent pour entrer dans \u00ab\u00a0l&rsquo;\u00e8re du num\u00e9rique\u00a0\u00bb mais derri\u00e8re ce \u00ab\u00a0progr\u00e8s\u00a0\u00bb se cachent des milliers de data-centers extr\u00eamement \u00e9nergivores. Sans parler de l&rsquo;accessibilit\u00e9 \u00e0 une alimentation saine, bio et locale ainsi qu&rsquo;\u00e0 un logement digne et correctement isol\u00e9, tout cela sans se ruiner. <strong>La pr\u00e9carit\u00e9 ne doit pas faire partie de notre quotidien ! <\/strong><\/p>\n\n\n<p>Nos lieux d&rsquo;\u00e9tudes ne doivent pas \u00eatre des incubateurs \u00e0 capitalisme vert mais des lieux de r\u00e9flexion et d&rsquo;action pour une lutte \u00e9cologique et sociale, en rupture avec les logiques capitalistes de pillage des ressources naturelles et d&rsquo;exploitation des travailleur-euse-s. <\/p>\n\n\n<p><strong>L&rsquo;obligation d&rsquo;assiduit\u00e9 doit donc \u00eatre lev\u00e9e<\/strong> pour que chacun-e puisse se mobiliser, faire gr\u00e8ve et manifester sans subir au retour des sanctions sur la suite de sa scolarit\u00e9<\/p>\n\n\n<p><strong>Parce que les combats pour l&rsquo;\u00e9cologie et le social sont indissociables, nous serons mobilis\u00e9-e-s dans nos lieux d&rsquo;\u00e9tudes comme dans la rue le 29 novembre ainsi que le 5 d\u00e9cembre aux c\u00f4t\u00e9s de nos camarades pour d\u00e9fendre nos retraites face \u00e0 la casse sociale du gouvernement.<\/strong><\/p>\n\n\n<div class=\"wp-block-file\"><a href=\"https:\/\/solidaires-etudiant.org\/site\/wp-content\/uploads\/2019\/11\/Communique-greve-climat-29-11.pdf\"><img decoding=\"async\" class=\"wp-image-4932\" style=\"width: 17px;\" src=\"https:\/\/www.solidaires-etudiant.org\/wp-content\/uploads\/2019\/11\/pdf-1.png\" alt=\"\"> Communiqu\u00e9-gr\u00e8ve-climat-29-11<\/a><a href=\"https:\/\/solidaires-etudiant.org\/site\/wp-content\/uploads\/2019\/11\/Communique-greve-climat-29-11.pdf\" class=\"wp-block-file__button\" download>T\u00e9l\u00e9charger<\/a><\/div>\n","protected":false},"excerpt":{"rendered":"<p>Alimentation, transport, logement, contenu des enseignements, digitalisation des cours\u2026 Ce n&rsquo;est l\u00e0 [&hellip;]<\/p>\n","protected":false},"author":1,"featured_media":0,"comment_status":"closed","ping_status":"closed","sticky":false,"template":"","format":"standard","meta":{"cybocfi_hide_featured_image":"","footnotes":""},"categories":[10,16],"tags":[137,306,444,472,889],"class_list":["post-5045","post","type-post","status-publish","format-standard","hentry","category-communiques","category-ecologie","tag-anticapitalisme","tag-communique","tag-ecologie","tag-esr-2","tag-precarite","col-md-4 col-sm-4"],"featured_image_src":null,"author_info":{"display_name":"Solidaires \u00e9tudiant-e-s","author_link":false},"yoast_head":"<!-- This site is optimized with the Yoast SEO plugin v27.4 - https:\/\/yoast.com\/product\/yoast-seo-wordpress\/ -->\n<title>Le Black Friday se fera sans les \u00e9tudiant-e-s : nous serons dans la rue ! - Solidaires \u00e9tudiant-e-s<\/title>\n<meta name=\"robots\" content=\"index, follow, max-snippet:-1, max-image-preview:large, max-video-preview:-1\" \/>\n<link rel=\"canonical\" href=\"https:\/\/solidaires-etudiant-e-s.org\/site\/2019\/11\/24\/le-black-friday-se-fera-sans-les-etudiant-e-s-nous-serons-dans-la-rue\/\" \/>\n<meta property=\"og:locale\" content=\"fr_FR\" \/>\n<meta property=\"og:type\" content=\"article\" \/>\n<meta property=\"og:title\" content=\"Le Black Friday se fera sans les \u00e9tudiant-e-s : nous serons dans la rue ! - Solidaires \u00e9tudiant-e-s\" \/>\n<meta property=\"og:description\" content=\"Alimentation, transport, logement, contenu des enseignements, digitalisation des cours\u2026 Ce n&rsquo;est l\u00e0 [&hellip;]\" \/>\n<meta property=\"og:url\" content=\"https:\/\/solidaires-etudiant-e-s.org\/site\/2019\/11\/24\/le-black-friday-se-fera-sans-les-etudiant-e-s-nous-serons-dans-la-rue\/\" \/>\n<meta property=\"og:site_name\" content=\"Solidaires \u00e9tudiant-e-s\" \/>\n<meta property=\"article:publisher\" content=\"https:\/\/www.facebook.com\/solidairesetudiantes\" \/>\n<meta property=\"article:author\" content=\"https:\/\/www.facebook.com\/solidairesetudiantes\" \/>\n<meta property=\"article:published_time\" content=\"2019-11-24T17:40:04+00:00\" \/>\n<meta property=\"article:modified_time\" content=\"2024-12-30T18:16:26+00:00\" \/>\n<meta name=\"author\" content=\"Solidaires \u00e9tudiant-e-s\" \/>\n<meta name=\"twitter:card\" content=\"summary_large_image\" \/>\n<meta name=\"twitter:creator\" content=\"@SolidairesEtu\" \/>\n<meta name=\"twitter:site\" content=\"@SolidairesEtu\" \/>\n<meta name=\"twitter:label1\" content=\"\u00c9crit par\" \/>\n\t<meta name=\"twitter:data1\" content=\"Solidaires \u00e9tudiant-e-s\" \/>\n\t<meta name=\"twitter:label2\" content=\"Dur\u00e9e de lecture estim\u00e9e\" \/>\n\t<meta name=\"twitter:data2\" content=\"2 minutes\" \/>\n<script type=\"application\/ld+json\" class=\"yoast-schema-graph\">{\"@context\":\"https:\\\/\\\/schema.org\",\"@graph\":[{\"@type\":\"Article\",\"@id\":\"https:\\\/\\\/solidaires-etudiant-e-s.org\\\/site\\\/2019\\\/11\\\/24\\\/le-black-friday-se-fera-sans-les-etudiant-e-s-nous-serons-dans-la-rue\\\/#article\",\"isPartOf\":{\"@id\":\"https:\\\/\\\/solidaires-etudiant-e-s.org\\\/site\\\/2019\\\/11\\\/24\\\/le-black-friday-se-fera-sans-les-etudiant-e-s-nous-serons-dans-la-rue\\\/\"},\"author\":{\"name\":\"Solidaires \u00e9tudiant-e-s\",\"@id\":\"https:\\\/\\\/solidaires-etudiant-e-s.org\\\/site\\\/#\\\/schema\\\/person\\\/0efb3e0ff4e2f12b5a5abcd4352aa86c\"},\"headline\":\"Le Black Friday se fera sans les \u00e9tudiant-e-s : nous serons dans la rue !\",\"datePublished\":\"2019-11-24T17:40:04+00:00\",\"dateModified\":\"2024-12-30T18:16:26+00:00\",\"mainEntityOfPage\":{\"@id\":\"https:\\\/\\\/solidaires-etudiant-e-s.org\\\/site\\\/2019\\\/11\\\/24\\\/le-black-friday-se-fera-sans-les-etudiant-e-s-nous-serons-dans-la-rue\\\/\"},\"wordCount\":349,\"publisher\":{\"@id\":\"https:\\\/\\\/solidaires-etudiant-e-s.org\\\/site\\\/#organization\"},\"image\":{\"@id\":\"https:\\\/\\\/solidaires-etudiant-e-s.org\\\/site\\\/2019\\\/11\\\/24\\\/le-black-friday-se-fera-sans-les-etudiant-e-s-nous-serons-dans-la-rue\\\/#primaryimage\"},\"thumbnailUrl\":\"https:\\\/\\\/www.solidaires-etudiant.org\\\/wp-content\\\/uploads\\\/2019\\\/11\\\/black-friday-environnement-1140x480-1024x431.png\",\"keywords\":[\"anticapitalisme\",\"communique\",\"\u00e9cologie\",\"esr\",\"pr\u00e9carit\u00e9\"],\"articleSection\":[\"COMMUNIQUES NATIONAUX\",\"ECOLOGIE\"],\"inLanguage\":\"fr-FR\"},{\"@type\":\"WebPage\",\"@id\":\"https:\\\/\\\/solidaires-etudiant-e-s.org\\\/site\\\/2019\\\/11\\\/24\\\/le-black-friday-se-fera-sans-les-etudiant-e-s-nous-serons-dans-la-rue\\\/\",\"url\":\"https:\\\/\\\/solidaires-etudiant-e-s.org\\\/site\\\/2019\\\/11\\\/24\\\/le-black-friday-se-fera-sans-les-etudiant-e-s-nous-serons-dans-la-rue\\\/\",\"name\":\"Le Black Friday se fera sans les \u00e9tudiant-e-s : nous serons dans la rue ! - Solidaires \u00e9tudiant-e-s\",\"isPartOf\":{\"@id\":\"https:\\\/\\\/solidaires-etudiant-e-s.org\\\/site\\\/#website\"},\"primaryImageOfPage\":{\"@id\":\"https:\\\/\\\/solidaires-etudiant-e-s.org\\\/site\\\/2019\\\/11\\\/24\\\/le-black-friday-se-fera-sans-les-etudiant-e-s-nous-serons-dans-la-rue\\\/#primaryimage\"},\"image\":{\"@id\":\"https:\\\/\\\/solidaires-etudiant-e-s.org\\\/site\\\/2019\\\/11\\\/24\\\/le-black-friday-se-fera-sans-les-etudiant-e-s-nous-serons-dans-la-rue\\\/#primaryimage\"},\"thumbnailUrl\":\"https:\\\/\\\/www.solidaires-etudiant.org\\\/wp-content\\\/uploads\\\/2019\\\/11\\\/black-friday-environnement-1140x480-1024x431.png\",\"datePublished\":\"2019-11-24T17:40:04+00:00\",\"dateModified\":\"2024-12-30T18:16:26+00:00\",\"breadcrumb\":{\"@id\":\"https:\\\/\\\/solidaires-etudiant-e-s.org\\\/site\\\/2019\\\/11\\\/24\\\/le-black-friday-se-fera-sans-les-etudiant-e-s-nous-serons-dans-la-rue\\\/#breadcrumb\"},\"inLanguage\":\"fr-FR\",\"potentialAction\":[{\"@type\":\"ReadAction\",\"target\":[\"https:\\\/\\\/solidaires-etudiant-e-s.org\\\/site\\\/2019\\\/11\\\/24\\\/le-black-friday-se-fera-sans-les-etudiant-e-s-nous-serons-dans-la-rue\\\/\"]}]},{\"@type\":\"ImageObject\",\"inLanguage\":\"fr-FR\",\"@id\":\"https:\\\/\\\/solidaires-etudiant-e-s.org\\\/site\\\/2019\\\/11\\\/24\\\/le-black-friday-se-fera-sans-les-etudiant-e-s-nous-serons-dans-la-rue\\\/#primaryimage\",\"url\":\"https:\\\/\\\/www.solidaires-etudiant.org\\\/wp-content\\\/uploads\\\/2019\\\/11\\\/black-friday-environnement-1140x480-1024x431.png\",\"contentUrl\":\"https:\\\/\\\/www.solidaires-etudiant.org\\\/wp-content\\\/uploads\\\/2019\\\/11\\\/black-friday-environnement-1140x480-1024x431.png\"},{\"@type\":\"BreadcrumbList\",\"@id\":\"https:\\\/\\\/solidaires-etudiant-e-s.org\\\/site\\\/2019\\\/11\\\/24\\\/le-black-friday-se-fera-sans-les-etudiant-e-s-nous-serons-dans-la-rue\\\/#breadcrumb\",\"itemListElement\":[{\"@type\":\"ListItem\",\"position\":1,\"name\":\"Accueil\",\"item\":\"https:\\\/\\\/solidaires-etudiant-e-s.org\\\/site\\\/\"},{\"@type\":\"ListItem\",\"position\":2,\"name\":\"Le Black Friday se fera sans les \u00e9tudiant-e-s : nous serons dans la rue !\"}]},{\"@type\":\"WebSite\",\"@id\":\"https:\\\/\\\/solidaires-etudiant-e-s.org\\\/site\\\/#website\",\"url\":\"https:\\\/\\\/solidaires-etudiant-e-s.org\\\/site\\\/\",\"name\":\"Solidaires \u00e9tudiant-e-s\",\"description\":\"Syndicats pour un enseignement sup\u00e9rieur gratuit, ouvert, et \u00e9mancipateur !\",\"publisher\":{\"@id\":\"https:\\\/\\\/solidaires-etudiant-e-s.org\\\/site\\\/#organization\"},\"potentialAction\":[{\"@type\":\"SearchAction\",\"target\":{\"@type\":\"EntryPoint\",\"urlTemplate\":\"https:\\\/\\\/solidaires-etudiant-e-s.org\\\/site\\\/?s={search_term_string}\"},\"query-input\":{\"@type\":\"PropertyValueSpecification\",\"valueRequired\":true,\"valueName\":\"search_term_string\"}}],\"inLanguage\":\"fr-FR\"},{\"@type\":\"Organization\",\"@id\":\"https:\\\/\\\/solidaires-etudiant-e-s.org\\\/site\\\/#organization\",\"name\":\"Solidaires \u00e9tudiant-e-s\",\"url\":\"https:\\\/\\\/solidaires-etudiant-e-s.org\\\/site\\\/\",\"logo\":{\"@type\":\"ImageObject\",\"inLanguage\":\"fr-FR\",\"@id\":\"https:\\\/\\\/solidaires-etudiant-e-s.org\\\/site\\\/#\\\/schema\\\/logo\\\/image\\\/\",\"url\":\"https:\\\/\\\/solidaires-etudiant-e-s.org\\\/site\\\/wp-content\\\/uploads\\\/2025\\\/12\\\/13-1.png\",\"contentUrl\":\"https:\\\/\\\/solidaires-etudiant-e-s.org\\\/site\\\/wp-content\\\/uploads\\\/2025\\\/12\\\/13-1.png\",\"width\":1181,\"height\":827,\"caption\":\"Solidaires \u00e9tudiant-e-s\"},\"image\":{\"@id\":\"https:\\\/\\\/solidaires-etudiant-e-s.org\\\/site\\\/#\\\/schema\\\/logo\\\/image\\\/\"},\"sameAs\":[\"https:\\\/\\\/www.facebook.com\\\/solidairesetudiantes\",\"https:\\\/\\\/x.com\\\/SolidairesEtu\",\"https:\\\/\\\/www.instagram.com\\\/solidairesetu\\\/\",\"https:\\\/\\\/bsky.app\\\/profile\\\/solidaires-etudiant-e-s.org\",\"https:\\\/\\\/mastodon.social\\\/@solidairesetu\",\"https:\\\/\\\/www.youtube.com\\\/channel\\\/UC_iZN9gmVAAnXbBM7wAWOag\"]},{\"@type\":\"Person\",\"@id\":\"https:\\\/\\\/solidaires-etudiant-e-s.org\\\/site\\\/#\\\/schema\\\/person\\\/0efb3e0ff4e2f12b5a5abcd4352aa86c\",\"name\":\"Solidaires \u00e9tudiant-e-s\",\"image\":{\"@type\":\"ImageObject\",\"inLanguage\":\"fr-FR\",\"@id\":\"https:\\\/\\\/solidaires-etudiant-e-s.org\\\/site\\\/wp-content\\\/uploads\\\/2020\\\/01\\\/logo-SESL-rond-512-96x96.png\",\"url\":\"https:\\\/\\\/solidaires-etudiant-e-s.org\\\/site\\\/wp-content\\\/uploads\\\/2020\\\/01\\\/logo-SESL-rond-512-96x96.png\",\"contentUrl\":\"https:\\\/\\\/solidaires-etudiant-e-s.org\\\/site\\\/wp-content\\\/uploads\\\/2020\\\/01\\\/logo-SESL-rond-512-96x96.png\",\"caption\":\"Solidaires \u00e9tudiant-e-s\"},\"sameAs\":[\"https:\\\/\\\/solidaires-etudiant.org\\\/site\",\"https:\\\/\\\/www.facebook.com\\\/solidairesetudiantes\",\"https:\\\/\\\/www.instagram.com\\\/solidairesetu\",\"https:\\\/\\\/x.com\\\/SolidairesEtu\",\"https:\\\/\\\/fr.wikipedia.org\\\/wiki\\\/Solidaires_tudiant-e-s\"]}]}<\/script>\n<!-- \/ Yoast SEO plugin. -->","yoast_head_json":{"title":"Le Black Friday se fera sans les \u00e9tudiant-e-s : nous serons dans la rue ! - Solidaires \u00e9tudiant-e-s","robots":{"index":"index","follow":"follow","max-snippet":"max-snippet:-1","max-image-preview":"max-image-preview:large","max-video-preview":"max-video-preview:-1"},"canonical":"https:\/\/solidaires-etudiant-e-s.org\/site\/2019\/11\/24\/le-black-friday-se-fera-sans-les-etudiant-e-s-nous-serons-dans-la-rue\/","og_locale":"fr_FR","og_type":"article","og_title":"Le Black Friday se fera sans les \u00e9tudiant-e-s : nous serons dans la rue ! - Solidaires \u00e9tudiant-e-s","og_description":"Alimentation, transport, logement, contenu des enseignements, digitalisation des cours\u2026 Ce n&rsquo;est l\u00e0 [&hellip;]","og_url":"https:\/\/solidaires-etudiant-e-s.org\/site\/2019\/11\/24\/le-black-friday-se-fera-sans-les-etudiant-e-s-nous-serons-dans-la-rue\/","og_site_name":"Solidaires \u00e9tudiant-e-s","article_publisher":"https:\/\/www.facebook.com\/solidairesetudiantes","article_author":"https:\/\/www.facebook.com\/solidairesetudiantes","article_published_time":"2019-11-24T17:40:04+00:00","article_modified_time":"2024-12-30T18:16:26+00:00","author":"Solidaires \u00e9tudiant-e-s","twitter_card":"summary_large_image","twitter_creator":"@SolidairesEtu","twitter_site":"@SolidairesEtu","twitter_misc":{"\u00c9crit par":"Solidaires \u00e9tudiant-e-s","Dur\u00e9e de lecture estim\u00e9e":"2 minutes"},"schema":{"@context":"https:\/\/schema.org","@graph":[{"@type":"Article","@id":"https:\/\/solidaires-etudiant-e-s.org\/site\/2019\/11\/24\/le-black-friday-se-fera-sans-les-etudiant-e-s-nous-serons-dans-la-rue\/#article","isPartOf":{"@id":"https:\/\/solidaires-etudiant-e-s.org\/site\/2019\/11\/24\/le-black-friday-se-fera-sans-les-etudiant-e-s-nous-serons-dans-la-rue\/"},"author":{"name":"Solidaires \u00e9tudiant-e-s","@id":"https:\/\/solidaires-etudiant-e-s.org\/site\/#\/schema\/person\/0efb3e0ff4e2f12b5a5abcd4352aa86c"},"headline":"Le Black Friday se fera sans les \u00e9tudiant-e-s : nous serons dans la rue !","datePublished":"2019-11-24T17:40:04+00:00","dateModified":"2024-12-30T18:16:26+00:00","mainEntityOfPage":{"@id":"https:\/\/solidaires-etudiant-e-s.org\/site\/2019\/11\/24\/le-black-friday-se-fera-sans-les-etudiant-e-s-nous-serons-dans-la-rue\/"},"wordCount":349,"publisher":{"@id":"https:\/\/solidaires-etudiant-e-s.org\/site\/#organization"},"image":{"@id":"https:\/\/solidaires-etudiant-e-s.org\/site\/2019\/11\/24\/le-black-friday-se-fera-sans-les-etudiant-e-s-nous-serons-dans-la-rue\/#primaryimage"},"thumbnailUrl":"https:\/\/www.solidaires-etudiant.org\/wp-content\/uploads\/2019\/11\/black-friday-environnement-1140x480-1024x431.png","keywords":["anticapitalisme","communique","\u00e9cologie","esr","pr\u00e9carit\u00e9"],"articleSection":["COMMUNIQUES NATIONAUX","ECOLOGIE"],"inLanguage":"fr-FR"},{"@type":"WebPage","@id":"https:\/\/solidaires-etudiant-e-s.org\/site\/2019\/11\/24\/le-black-friday-se-fera-sans-les-etudiant-e-s-nous-serons-dans-la-rue\/","url":"https:\/\/solidaires-etudiant-e-s.org\/site\/2019\/11\/24\/le-black-friday-se-fera-sans-les-etudiant-e-s-nous-serons-dans-la-rue\/","name":"Le Black Friday se fera sans les \u00e9tudiant-e-s : nous serons dans la rue ! - Solidaires \u00e9tudiant-e-s","isPartOf":{"@id":"https:\/\/solidaires-etudiant-e-s.org\/site\/#website"},"primaryImageOfPage":{"@id":"https:\/\/solidaires-etudiant-e-s.org\/site\/2019\/11\/24\/le-black-friday-se-fera-sans-les-etudiant-e-s-nous-serons-dans-la-rue\/#primaryimage"},"image":{"@id":"https:\/\/solidaires-etudiant-e-s.org\/site\/2019\/11\/24\/le-black-friday-se-fera-sans-les-etudiant-e-s-nous-serons-dans-la-rue\/#primaryimage"},"thumbnailUrl":"https:\/\/www.solidaires-etudiant.org\/wp-content\/uploads\/2019\/11\/black-friday-environnement-1140x480-1024x431.png","datePublished":"2019-11-24T17:40:04+00:00","dateModified":"2024-12-30T18:16:26+00:00","breadcrumb":{"@id":"https:\/\/solidaires-etudiant-e-s.org\/site\/2019\/11\/24\/le-black-friday-se-fera-sans-les-etudiant-e-s-nous-serons-dans-la-rue\/#breadcrumb"},"inLanguage":"fr-FR","potentialAction":[{"@type":"ReadAction","target":["https:\/\/solidaires-etudiant-e-s.org\/site\/2019\/11\/24\/le-black-friday-se-fera-sans-les-etudiant-e-s-nous-serons-dans-la-rue\/"]}]},{"@type":"ImageObject","inLanguage":"fr-FR","@id":"https:\/\/solidaires-etudiant-e-s.org\/site\/2019\/11\/24\/le-black-friday-se-fera-sans-les-etudiant-e-s-nous-serons-dans-la-rue\/#primaryimage","url":"https:\/\/www.solidaires-etudiant.org\/wp-content\/uploads\/2019\/11\/black-friday-environnement-1140x480-1024x431.png","contentUrl":"https:\/\/www.solidaires-etudiant.org\/wp-content\/uploads\/2019\/11\/black-friday-environnement-1140x480-1024x431.png"},{"@type":"BreadcrumbList","@id":"https:\/\/solidaires-etudiant-e-s.org\/site\/2019\/11\/24\/le-black-friday-se-fera-sans-les-etudiant-e-s-nous-serons-dans-la-rue\/#breadcrumb","itemListElement":[{"@type":"ListItem","position":1,"name":"Accueil","item":"https:\/\/solidaires-etudiant-e-s.org\/site\/"},{"@type":"ListItem","position":2,"name":"Le Black Friday se fera sans les \u00e9tudiant-e-s : nous serons dans la rue !"}]},{"@type":"WebSite","@id":"https:\/\/solidaires-etudiant-e-s.org\/site\/#website","url":"https:\/\/solidaires-etudiant-e-s.org\/site\/","name":"Solidaires \u00e9tudiant-e-s","description":"Syndicats pour un enseignement sup\u00e9rieur gratuit, ouvert, et \u00e9mancipateur !","publisher":{"@id":"https:\/\/solidaires-etudiant-e-s.org\/site\/#organization"},"potentialAction":[{"@type":"SearchAction","target":{"@type":"EntryPoint","urlTemplate":"https:\/\/solidaires-etudiant-e-s.org\/site\/?s={search_term_string}"},"query-input":{"@type":"PropertyValueSpecification","valueRequired":true,"valueName":"search_term_string"}}],"inLanguage":"fr-FR"},{"@type":"Organization","@id":"https:\/\/solidaires-etudiant-e-s.org\/site\/#organization","name":"Solidaires \u00e9tudiant-e-s","url":"https:\/\/solidaires-etudiant-e-s.org\/site\/","logo":{"@type":"ImageObject","inLanguage":"fr-FR","@id":"https:\/\/solidaires-etudiant-e-s.org\/site\/#\/schema\/logo\/image\/","url":"https:\/\/solidaires-etudiant-e-s.org\/site\/wp-content\/uploads\/2025\/12\/13-1.png","contentUrl":"https:\/\/solidaires-etudiant-e-s.org\/site\/wp-content\/uploads\/2025\/12\/13-1.png","width":1181,"height":827,"caption":"Solidaires \u00e9tudiant-e-s"},"image":{"@id":"https:\/\/solidaires-etudiant-e-s.org\/site\/#\/schema\/logo\/image\/"},"sameAs":["https:\/\/www.facebook.com\/solidairesetudiantes","https:\/\/x.com\/SolidairesEtu","https:\/\/www.instagram.com\/solidairesetu\/","https:\/\/bsky.app\/profile\/solidaires-etudiant-e-s.org","https:\/\/mastodon.social\/@solidairesetu","https:\/\/www.youtube.com\/channel\/UC_iZN9gmVAAnXbBM7wAWOag"]},{"@type":"Person","@id":"https:\/\/solidaires-etudiant-e-s.org\/site\/#\/schema\/person\/0efb3e0ff4e2f12b5a5abcd4352aa86c","name":"Solidaires \u00e9tudiant-e-s","image":{"@type":"ImageObject","inLanguage":"fr-FR","@id":"https:\/\/solidaires-etudiant-e-s.org\/site\/wp-content\/uploads\/2020\/01\/logo-SESL-rond-512-96x96.png","url":"https:\/\/solidaires-etudiant-e-s.org\/site\/wp-content\/uploads\/2020\/01\/logo-SESL-rond-512-96x96.png","contentUrl":"https:\/\/solidaires-etudiant-e-s.org\/site\/wp-content\/uploads\/2020\/01\/logo-SESL-rond-512-96x96.png","caption":"Solidaires \u00e9tudiant-e-s"},"sameAs":["https:\/\/solidaires-etudiant.org\/site","https:\/\/www.facebook.com\/solidairesetudiantes","https:\/\/www.instagram.com\/solidairesetu","https:\/\/x.com\/SolidairesEtu","https:\/\/fr.wikipedia.org\/wiki\/Solidaires_tudiant-e-s"]}]}},"_links":{"self":[{"href":"https:\/\/solidaires-etudiant-e-s.org\/site\/wp-json\/wp\/v2\/posts\/5045","targetHints":{"allow":["GET"]}}],"collection":[{"href":"https:\/\/solidaires-etudiant-e-s.org\/site\/wp-json\/wp\/v2\/posts"}],"about":[{"href":"https:\/\/solidaires-etudiant-e-s.org\/site\/wp-json\/wp\/v2\/types\/post"}],"author":[{"embeddable":true,"href":"https:\/\/solidaires-etudiant-e-s.org\/site\/wp-json\/wp\/v2\/users\/1"}],"replies":[{"embeddable":true,"href":"https:\/\/solidaires-etudiant-e-s.org\/site\/wp-json\/wp\/v2\/comments?post=5045"}],"version-history":[{"count":1,"href":"https:\/\/solidaires-etudiant-e-s.org\/site\/wp-json\/wp\/v2\/posts\/5045\/revisions"}],"predecessor-version":[{"id":7520,"href":"https:\/\/solidaires-etudiant-e-s.org\/site\/wp-json\/wp\/v2\/posts\/5045\/revisions\/7520"}],"wp:attachment":[{"href":"https:\/\/solidaires-etudiant-e-s.org\/site\/wp-json\/wp\/v2\/media?parent=5045"}],"wp:term":[{"taxonomy":"category","embeddable":true,"href":"https:\/\/solidaires-etudiant-e-s.org\/site\/wp-json\/wp\/v2\/categories?post=5045"},{"taxonomy":"post_tag","embeddable":true,"href":"https:\/\/solidaires-etudiant-e-s.org\/site\/wp-json\/wp\/v2\/tags?post=5045"}],"curies":[{"name":"wp","href":"https:\/\/api.w.org\/{rel}","templated":true}]}}