{"id":4860,"date":"2019-10-08T14:54:27","date_gmt":"2019-10-08T12:54:27","guid":{"rendered":"https:\/\/www.solidaires-etudiant.org\/?p=4860"},"modified":"2019-10-08T14:54:27","modified_gmt":"2019-10-08T12:54:27","slug":"loi-de-programmation-pluriannuelle-de-la-re-cherche-des-rapports-alarmants","status":"publish","type":"post","link":"https:\/\/solidaires-etudiant-e-s.org\/site\/2019\/10\/08\/loi-de-programmation-pluriannuelle-de-la-re-cherche-des-rapports-alarmants\/","title":{"rendered":"Loi de programmation pluriannuelle de la re-cherche : des rapports alarmants"},"content":{"rendered":"\n<p>La restitution des travaux des groupes de travail pour un projet de loi de programmation pluriannuelle de la recherche est alarmante concernant l\u2019\u00e9tat actuel et l\u2019avenir de la recherche.<strong> <\/strong>Le constat dress\u00e9 est celui d\u2019une trop grande concentration des moyens au sein de quelques laboratoires&nbsp; et de la pr\u00e9carisation des personnels<strong>. Pourtant, la proposition centrale est d\u2019accentuer cette concentration et cette pr\u00e9carisation.(<\/strong>1)<\/p>\n\n\n<p>Les trois groupes de travail coordonn\u00e9s par des d\u00e9put\u00e9s LREM (Financement de la recherche, Attractivit\u00e9 des emplois et des carri\u00e8res scientifiques et Recherche partenariale et innovation) convergent pour <strong>d\u00e9crire un manque de financement et de moyens pour la recherche, des r\u00e9mun\u00e9rations de personnels trop faibles et des disparit\u00e9s entre les organismes de recherche et l\u2019absence des entreprises fran\u00e7aises sur les march\u00e9s mondiaux<\/strong>.<\/p>\n\n\n<p>Mis \u00e0 part l\u2019int\u00e9r\u00eat pour la comp\u00e9titivit\u00e9 des entreprises, nous nous r\u00e9jouissons que les initiateur.trices.s de la loi <strong>partagent notre vision<\/strong> et les constats que nous faisons depuis des ann\u00e9es&nbsp;!<\/p>\n\n\n<p>Malheureusement, s\u2019ils observent les cons\u00e9quences, ces dernier.e.s se trompent visiblement sur les causes, et surtout sur les r\u00e9ponses \u00e0 apporter.<\/p>\n\n\n<p>Tout d\u2019abord, <strong>la s\u00e9paration des rapports en trois sous-th\u00e9matiques<\/strong> (moyens, emplois, innovation) emp\u00eache, de fait, de repenser le syst\u00e8me dans sa globalit\u00e9 et de trouver des solutions communes.<\/p>\n\n\n<p>De plus, les <strong>propositions faites sont compl\u00e8tement paradoxales voire contradictoires avec les probl\u00e9matiques observ\u00e9es.<\/strong> En r\u00e9ponse au manque de financements r\u00e9guliers, les auteurs pr\u00e9conisent d\u2019augmenter les financements irr\u00e9guliers, \u00e0 base d\u2019appels \u00e0 projets et de financements comp\u00e9titifs, pour des chercheur.e.s dont les revenus d\u00e9pendraient de leurs \u00ab&nbsp;performances&nbsp;\u00bb. Cela apr\u00e8s avoir constat\u00e9 qu\u2019il \u00e9tait \u00ab&nbsp;absurde et inefficace&nbsp;\u00bb de pousser les chercheur.e.s dans la course aux appels \u00e0 projets.<\/p>\n\n\n<p>Par ailleurs, cette orientation vers une distribution cibl\u00e9e des moyens, exclusivement sur appels \u00e0 projet ou \u00e9valuation, \u00e0 des chercheur.se.s pr\u00e9caires, heurte les volont\u00e9s des chercheur.se.s exprim\u00e9es lors d\u2019une consultation en vue de la Loi(2). Le gouvernement va donc \u00e0 l\u2019encontre de la communaut\u00e9 universitaire en imposant sa Loi de mani\u00e8re <strong>anti d\u00e9mocratique<\/strong>.<\/p>\n\n\n<p>Cette politique massive de recours \u00e0 l\u2019appel \u00e0 projet contrarie la n\u00e9cessit\u00e9 du temps long de la recherche et l\u2019impr\u00e9visibilit\u00e9 des r\u00e9sultats. La concentration des moyens, en emp\u00eachant la d\u00e9bat contradictoire, la multiplicit\u00e9 des travaux et l\u2019autonomie des chercheur.se.s <strong>s\u2019opposent<\/strong> <strong>fondamentalement aux besoins de la recherche<\/strong>.<\/p>\n\n\n<p><strong>Solidaires \u00e9tudiant.e.s s\u2019inqui\u00e8te donc r\u00e9ellement des conclusions de ces rapports et du m\u00e9pris des membres de la communaut\u00e9 scientifique qui servent de base \u00e0 la future Loi de programmation pluriannuelle de la recherche. Nous nous opposons, aux c\u00f4t\u00e9s des personnels de l\u2019Enseignement Sup\u00e9rieur et de la Recherche, \u00e0 cette loi qui est une r\u00e9elle menace pour la recherche scientifique, pourtant indispensable \u00e0 l\u2019\u00e9mancipation de tou.te.s.<\/strong><\/p>\n\n\n<p>(1) Merci \u00e0 Julien Gossa pour sa synth\u00e8se des rapports, qui a servi de base \u00e0 ce communiqu\u00e9 ( l\u2019article entier&nbsp;: <a href=\"http:\/\/blog.educpros.fr\/julien-gossa\/2019\/09\/25\/lppr-rapports-des-groupes-de-travail\/\">http:\/\/blog.educpros.fr\/julien-gossa\/2019\/09\/25\/lppr-rapports-des-groupes-de-travail\/<\/a>)<\/p>\n\n\n<p>(2) <a href=\"https:\/\/societes-savantes.fr\/sondages\/\">https:\/\/societes-savantes.fr\/sondages\/<\/a><\/p>\n\n\n<figure class=\"wp-block-image is-resized\"><img loading=\"lazy\" decoding=\"async\" src=\"https:\/\/www.solidaires-etudiant.org\/wp-content\/uploads\/2014\/02\/adobe.png\" alt=\"\" class=\"wp-image-274\" width=\"69\" height=\"69\" srcset=\"https:\/\/solidaires-etudiant-e-s.org\/site\/wp-content\/uploads\/2014\/02\/adobe.png 256w, https:\/\/solidaires-etudiant-e-s.org\/site\/wp-content\/uploads\/2014\/02\/adobe-150x150.png 150w\" sizes=\"auto, (max-width: 69px) 100vw, 69px\" \/><\/figure>\n\n\n<div class=\"wp-block-file\"><a href=\"https:\/\/solidaires-etudiant.org\/site\/wp-content\/uploads\/2019\/10\/2019.10.05-communique-Loi-de-programmation-de-la-recherche.pdf\">2019.10.05-communiqu\u00e9-Loi-de-programmation-de-la-recherche<\/a><a href=\"https:\/\/solidaires-etudiant.org\/site\/wp-content\/uploads\/2019\/10\/2019.10.05-communique-Loi-de-programmation-de-la-recherche.pdf\" class=\"wp-block-file__button\" download>T\u00e9l\u00e9charger<\/a><\/div>\n","protected":false},"excerpt":{"rendered":"<p>La restitution des travaux des groupes de travail pour un projet de [&hellip;]<\/p>\n","protected":false},"author":1,"featured_media":4861,"comment_status":"closed","ping_status":"closed","sticky":false,"template":"","format":"standard","meta":{"cybocfi_hide_featured_image":"","footnotes":""},"categories":[3,10,18],"tags":[888,942],"class_list":["post-4860","post","type-post","status-publish","format-standard","has-post-thumbnail","hentry","category-analyses","category-communiques","category-esr","tag-precarisation","tag-recherche","col-md-4 col-sm-4"],"featured_image_src":"https:\/\/solidaires-etudiant-e-s.org\/site\/wp-content\/uploads\/2019\/10\/loi-pluriannuelle_1069773.54.jpg","author_info":{"display_name":"Solidaires \u00e9tudiant-e-s","author_link":false},"yoast_head":"<!-- This site is optimized with the Yoast SEO plugin v27.4 - https:\/\/yoast.com\/product\/yoast-seo-wordpress\/ -->\n<title>Loi de programmation pluriannuelle de la re-cherche : des rapports alarmants - Solidaires \u00e9tudiant-e-s<\/title>\n<meta name=\"robots\" content=\"index, follow, max-snippet:-1, max-image-preview:large, max-video-preview:-1\" \/>\n<link rel=\"canonical\" href=\"https:\/\/solidaires-etudiant-e-s.org\/site\/2019\/10\/08\/loi-de-programmation-pluriannuelle-de-la-re-cherche-des-rapports-alarmants\/\" \/>\n<meta property=\"og:locale\" content=\"fr_FR\" \/>\n<meta property=\"og:type\" content=\"article\" \/>\n<meta property=\"og:title\" content=\"Loi de programmation pluriannuelle de la re-cherche : des rapports alarmants - Solidaires \u00e9tudiant-e-s\" \/>\n<meta property=\"og:description\" content=\"La restitution des travaux des groupes de travail pour un projet de [&hellip;]\" \/>\n<meta property=\"og:url\" content=\"https:\/\/solidaires-etudiant-e-s.org\/site\/2019\/10\/08\/loi-de-programmation-pluriannuelle-de-la-re-cherche-des-rapports-alarmants\/\" \/>\n<meta property=\"og:site_name\" content=\"Solidaires \u00e9tudiant-e-s\" \/>\n<meta property=\"article:publisher\" content=\"https:\/\/www.facebook.com\/solidairesetudiantes\" \/>\n<meta property=\"article:author\" content=\"https:\/\/www.facebook.com\/solidairesetudiantes\" \/>\n<meta property=\"article:published_time\" content=\"2019-10-08T12:54:27+00:00\" \/>\n<meta property=\"og:image\" content=\"https:\/\/solidaires-etudiant-e-s.org\/site\/wp-content\/uploads\/2019\/10\/loi-pluriannuelle_1069773.54.jpg\" \/>\n\t<meta property=\"og:image:width\" content=\"600\" \/>\n\t<meta property=\"og:image:height\" content=\"400\" \/>\n\t<meta property=\"og:image:type\" content=\"image\/jpeg\" \/>\n<meta name=\"author\" content=\"Solidaires \u00e9tudiant-e-s\" \/>\n<meta name=\"twitter:card\" content=\"summary_large_image\" \/>\n<meta name=\"twitter:creator\" content=\"@SolidairesEtu\" \/>\n<meta name=\"twitter:site\" content=\"@SolidairesEtu\" \/>\n<meta name=\"twitter:label1\" content=\"\u00c9crit par\" \/>\n\t<meta name=\"twitter:data1\" content=\"Solidaires \u00e9tudiant-e-s\" \/>\n\t<meta name=\"twitter:label2\" content=\"Dur\u00e9e de lecture estim\u00e9e\" \/>\n\t<meta name=\"twitter:data2\" content=\"3 minutes\" \/>\n<script type=\"application\/ld+json\" class=\"yoast-schema-graph\">{\"@context\":\"https:\\\/\\\/schema.org\",\"@graph\":[{\"@type\":\"Article\",\"@id\":\"https:\\\/\\\/solidaires-etudiant-e-s.org\\\/site\\\/2019\\\/10\\\/08\\\/loi-de-programmation-pluriannuelle-de-la-re-cherche-des-rapports-alarmants\\\/#article\",\"isPartOf\":{\"@id\":\"https:\\\/\\\/solidaires-etudiant-e-s.org\\\/site\\\/2019\\\/10\\\/08\\\/loi-de-programmation-pluriannuelle-de-la-re-cherche-des-rapports-alarmants\\\/\"},\"author\":{\"name\":\"Solidaires \u00e9tudiant-e-s\",\"@id\":\"https:\\\/\\\/solidaires-etudiant-e-s.org\\\/site\\\/#\\\/schema\\\/person\\\/0efb3e0ff4e2f12b5a5abcd4352aa86c\"},\"headline\":\"Loi de programmation pluriannuelle de la re-cherche : des rapports alarmants\",\"datePublished\":\"2019-10-08T12:54:27+00:00\",\"mainEntityOfPage\":{\"@id\":\"https:\\\/\\\/solidaires-etudiant-e-s.org\\\/site\\\/2019\\\/10\\\/08\\\/loi-de-programmation-pluriannuelle-de-la-re-cherche-des-rapports-alarmants\\\/\"},\"wordCount\":560,\"publisher\":{\"@id\":\"https:\\\/\\\/solidaires-etudiant-e-s.org\\\/site\\\/#organization\"},\"image\":{\"@id\":\"https:\\\/\\\/solidaires-etudiant-e-s.org\\\/site\\\/2019\\\/10\\\/08\\\/loi-de-programmation-pluriannuelle-de-la-re-cherche-des-rapports-alarmants\\\/#primaryimage\"},\"thumbnailUrl\":\"https:\\\/\\\/solidaires-etudiant-e-s.org\\\/site\\\/wp-content\\\/uploads\\\/2019\\\/10\\\/loi-pluriannuelle_1069773.54.jpg\",\"keywords\":[\"pr\u00e9carisation\",\"recherche\"],\"articleSection\":[\"ANALYSES\",\"COMMUNIQUES NATIONAUX\",\"ENSEIGNEMENT SUPERIEUR\"],\"inLanguage\":\"fr-FR\"},{\"@type\":\"WebPage\",\"@id\":\"https:\\\/\\\/solidaires-etudiant-e-s.org\\\/site\\\/2019\\\/10\\\/08\\\/loi-de-programmation-pluriannuelle-de-la-re-cherche-des-rapports-alarmants\\\/\",\"url\":\"https:\\\/\\\/solidaires-etudiant-e-s.org\\\/site\\\/2019\\\/10\\\/08\\\/loi-de-programmation-pluriannuelle-de-la-re-cherche-des-rapports-alarmants\\\/\",\"name\":\"Loi de programmation pluriannuelle de la re-cherche : des rapports alarmants - Solidaires \u00e9tudiant-e-s\",\"isPartOf\":{\"@id\":\"https:\\\/\\\/solidaires-etudiant-e-s.org\\\/site\\\/#website\"},\"primaryImageOfPage\":{\"@id\":\"https:\\\/\\\/solidaires-etudiant-e-s.org\\\/site\\\/2019\\\/10\\\/08\\\/loi-de-programmation-pluriannuelle-de-la-re-cherche-des-rapports-alarmants\\\/#primaryimage\"},\"image\":{\"@id\":\"https:\\\/\\\/solidaires-etudiant-e-s.org\\\/site\\\/2019\\\/10\\\/08\\\/loi-de-programmation-pluriannuelle-de-la-re-cherche-des-rapports-alarmants\\\/#primaryimage\"},\"thumbnailUrl\":\"https:\\\/\\\/solidaires-etudiant-e-s.org\\\/site\\\/wp-content\\\/uploads\\\/2019\\\/10\\\/loi-pluriannuelle_1069773.54.jpg\",\"datePublished\":\"2019-10-08T12:54:27+00:00\",\"breadcrumb\":{\"@id\":\"https:\\\/\\\/solidaires-etudiant-e-s.org\\\/site\\\/2019\\\/10\\\/08\\\/loi-de-programmation-pluriannuelle-de-la-re-cherche-des-rapports-alarmants\\\/#breadcrumb\"},\"inLanguage\":\"fr-FR\",\"potentialAction\":[{\"@type\":\"ReadAction\",\"target\":[\"https:\\\/\\\/solidaires-etudiant-e-s.org\\\/site\\\/2019\\\/10\\\/08\\\/loi-de-programmation-pluriannuelle-de-la-re-cherche-des-rapports-alarmants\\\/\"]}]},{\"@type\":\"ImageObject\",\"inLanguage\":\"fr-FR\",\"@id\":\"https:\\\/\\\/solidaires-etudiant-e-s.org\\\/site\\\/2019\\\/10\\\/08\\\/loi-de-programmation-pluriannuelle-de-la-re-cherche-des-rapports-alarmants\\\/#primaryimage\",\"url\":\"https:\\\/\\\/solidaires-etudiant-e-s.org\\\/site\\\/wp-content\\\/uploads\\\/2019\\\/10\\\/loi-pluriannuelle_1069773.54.jpg\",\"contentUrl\":\"https:\\\/\\\/solidaires-etudiant-e-s.org\\\/site\\\/wp-content\\\/uploads\\\/2019\\\/10\\\/loi-pluriannuelle_1069773.54.jpg\",\"width\":600,\"height\":400},{\"@type\":\"BreadcrumbList\",\"@id\":\"https:\\\/\\\/solidaires-etudiant-e-s.org\\\/site\\\/2019\\\/10\\\/08\\\/loi-de-programmation-pluriannuelle-de-la-re-cherche-des-rapports-alarmants\\\/#breadcrumb\",\"itemListElement\":[{\"@type\":\"ListItem\",\"position\":1,\"name\":\"Accueil\",\"item\":\"https:\\\/\\\/solidaires-etudiant-e-s.org\\\/site\\\/\"},{\"@type\":\"ListItem\",\"position\":2,\"name\":\"Loi de programmation pluriannuelle de la re-cherche : des rapports alarmants\"}]},{\"@type\":\"WebSite\",\"@id\":\"https:\\\/\\\/solidaires-etudiant-e-s.org\\\/site\\\/#website\",\"url\":\"https:\\\/\\\/solidaires-etudiant-e-s.org\\\/site\\\/\",\"name\":\"Solidaires \u00e9tudiant-e-s\",\"description\":\"Syndicats pour un enseignement sup\u00e9rieur gratuit, ouvert, et \u00e9mancipateur !\",\"publisher\":{\"@id\":\"https:\\\/\\\/solidaires-etudiant-e-s.org\\\/site\\\/#organization\"},\"potentialAction\":[{\"@type\":\"SearchAction\",\"target\":{\"@type\":\"EntryPoint\",\"urlTemplate\":\"https:\\\/\\\/solidaires-etudiant-e-s.org\\\/site\\\/?s={search_term_string}\"},\"query-input\":{\"@type\":\"PropertyValueSpecification\",\"valueRequired\":true,\"valueName\":\"search_term_string\"}}],\"inLanguage\":\"fr-FR\"},{\"@type\":\"Organization\",\"@id\":\"https:\\\/\\\/solidaires-etudiant-e-s.org\\\/site\\\/#organization\",\"name\":\"Solidaires \u00e9tudiant-e-s\",\"url\":\"https:\\\/\\\/solidaires-etudiant-e-s.org\\\/site\\\/\",\"logo\":{\"@type\":\"ImageObject\",\"inLanguage\":\"fr-FR\",\"@id\":\"https:\\\/\\\/solidaires-etudiant-e-s.org\\\/site\\\/#\\\/schema\\\/logo\\\/image\\\/\",\"url\":\"https:\\\/\\\/solidaires-etudiant-e-s.org\\\/site\\\/wp-content\\\/uploads\\\/2025\\\/12\\\/13-1.png\",\"contentUrl\":\"https:\\\/\\\/solidaires-etudiant-e-s.org\\\/site\\\/wp-content\\\/uploads\\\/2025\\\/12\\\/13-1.png\",\"width\":1181,\"height\":827,\"caption\":\"Solidaires \u00e9tudiant-e-s\"},\"image\":{\"@id\":\"https:\\\/\\\/solidaires-etudiant-e-s.org\\\/site\\\/#\\\/schema\\\/logo\\\/image\\\/\"},\"sameAs\":[\"https:\\\/\\\/www.facebook.com\\\/solidairesetudiantes\",\"https:\\\/\\\/x.com\\\/SolidairesEtu\",\"https:\\\/\\\/www.instagram.com\\\/solidairesetu\\\/\",\"https:\\\/\\\/bsky.app\\\/profile\\\/solidaires-etudiant-e-s.org\",\"https:\\\/\\\/mastodon.social\\\/@solidairesetu\",\"https:\\\/\\\/www.youtube.com\\\/channel\\\/UC_iZN9gmVAAnXbBM7wAWOag\"]},{\"@type\":\"Person\",\"@id\":\"https:\\\/\\\/solidaires-etudiant-e-s.org\\\/site\\\/#\\\/schema\\\/person\\\/0efb3e0ff4e2f12b5a5abcd4352aa86c\",\"name\":\"Solidaires \u00e9tudiant-e-s\",\"image\":{\"@type\":\"ImageObject\",\"inLanguage\":\"fr-FR\",\"@id\":\"https:\\\/\\\/solidaires-etudiant-e-s.org\\\/site\\\/wp-content\\\/uploads\\\/2020\\\/01\\\/logo-SESL-rond-512-96x96.png\",\"url\":\"https:\\\/\\\/solidaires-etudiant-e-s.org\\\/site\\\/wp-content\\\/uploads\\\/2020\\\/01\\\/logo-SESL-rond-512-96x96.png\",\"contentUrl\":\"https:\\\/\\\/solidaires-etudiant-e-s.org\\\/site\\\/wp-content\\\/uploads\\\/2020\\\/01\\\/logo-SESL-rond-512-96x96.png\",\"caption\":\"Solidaires \u00e9tudiant-e-s\"},\"sameAs\":[\"https:\\\/\\\/solidaires-etudiant.org\\\/site\",\"https:\\\/\\\/www.facebook.com\\\/solidairesetudiantes\",\"https:\\\/\\\/www.instagram.com\\\/solidairesetu\",\"https:\\\/\\\/x.com\\\/SolidairesEtu\",\"https:\\\/\\\/fr.wikipedia.org\\\/wiki\\\/Solidaires_tudiant-e-s\"]}]}<\/script>\n<!-- \/ Yoast SEO plugin. -->","yoast_head_json":{"title":"Loi de programmation pluriannuelle de la re-cherche : des rapports alarmants - Solidaires \u00e9tudiant-e-s","robots":{"index":"index","follow":"follow","max-snippet":"max-snippet:-1","max-image-preview":"max-image-preview:large","max-video-preview":"max-video-preview:-1"},"canonical":"https:\/\/solidaires-etudiant-e-s.org\/site\/2019\/10\/08\/loi-de-programmation-pluriannuelle-de-la-re-cherche-des-rapports-alarmants\/","og_locale":"fr_FR","og_type":"article","og_title":"Loi de programmation pluriannuelle de la re-cherche : des rapports alarmants - Solidaires \u00e9tudiant-e-s","og_description":"La restitution des travaux des groupes de travail pour un projet de [&hellip;]","og_url":"https:\/\/solidaires-etudiant-e-s.org\/site\/2019\/10\/08\/loi-de-programmation-pluriannuelle-de-la-re-cherche-des-rapports-alarmants\/","og_site_name":"Solidaires \u00e9tudiant-e-s","article_publisher":"https:\/\/www.facebook.com\/solidairesetudiantes","article_author":"https:\/\/www.facebook.com\/solidairesetudiantes","article_published_time":"2019-10-08T12:54:27+00:00","og_image":[{"width":600,"height":400,"url":"https:\/\/solidaires-etudiant-e-s.org\/site\/wp-content\/uploads\/2019\/10\/loi-pluriannuelle_1069773.54.jpg","type":"image\/jpeg"}],"author":"Solidaires \u00e9tudiant-e-s","twitter_card":"summary_large_image","twitter_creator":"@SolidairesEtu","twitter_site":"@SolidairesEtu","twitter_misc":{"\u00c9crit par":"Solidaires \u00e9tudiant-e-s","Dur\u00e9e de lecture estim\u00e9e":"3 minutes"},"schema":{"@context":"https:\/\/schema.org","@graph":[{"@type":"Article","@id":"https:\/\/solidaires-etudiant-e-s.org\/site\/2019\/10\/08\/loi-de-programmation-pluriannuelle-de-la-re-cherche-des-rapports-alarmants\/#article","isPartOf":{"@id":"https:\/\/solidaires-etudiant-e-s.org\/site\/2019\/10\/08\/loi-de-programmation-pluriannuelle-de-la-re-cherche-des-rapports-alarmants\/"},"author":{"name":"Solidaires \u00e9tudiant-e-s","@id":"https:\/\/solidaires-etudiant-e-s.org\/site\/#\/schema\/person\/0efb3e0ff4e2f12b5a5abcd4352aa86c"},"headline":"Loi de programmation pluriannuelle de la re-cherche : des rapports alarmants","datePublished":"2019-10-08T12:54:27+00:00","mainEntityOfPage":{"@id":"https:\/\/solidaires-etudiant-e-s.org\/site\/2019\/10\/08\/loi-de-programmation-pluriannuelle-de-la-re-cherche-des-rapports-alarmants\/"},"wordCount":560,"publisher":{"@id":"https:\/\/solidaires-etudiant-e-s.org\/site\/#organization"},"image":{"@id":"https:\/\/solidaires-etudiant-e-s.org\/site\/2019\/10\/08\/loi-de-programmation-pluriannuelle-de-la-re-cherche-des-rapports-alarmants\/#primaryimage"},"thumbnailUrl":"https:\/\/solidaires-etudiant-e-s.org\/site\/wp-content\/uploads\/2019\/10\/loi-pluriannuelle_1069773.54.jpg","keywords":["pr\u00e9carisation","recherche"],"articleSection":["ANALYSES","COMMUNIQUES NATIONAUX","ENSEIGNEMENT SUPERIEUR"],"inLanguage":"fr-FR"},{"@type":"WebPage","@id":"https:\/\/solidaires-etudiant-e-s.org\/site\/2019\/10\/08\/loi-de-programmation-pluriannuelle-de-la-re-cherche-des-rapports-alarmants\/","url":"https:\/\/solidaires-etudiant-e-s.org\/site\/2019\/10\/08\/loi-de-programmation-pluriannuelle-de-la-re-cherche-des-rapports-alarmants\/","name":"Loi de programmation pluriannuelle de la re-cherche : des rapports alarmants - Solidaires \u00e9tudiant-e-s","isPartOf":{"@id":"https:\/\/solidaires-etudiant-e-s.org\/site\/#website"},"primaryImageOfPage":{"@id":"https:\/\/solidaires-etudiant-e-s.org\/site\/2019\/10\/08\/loi-de-programmation-pluriannuelle-de-la-re-cherche-des-rapports-alarmants\/#primaryimage"},"image":{"@id":"https:\/\/solidaires-etudiant-e-s.org\/site\/2019\/10\/08\/loi-de-programmation-pluriannuelle-de-la-re-cherche-des-rapports-alarmants\/#primaryimage"},"thumbnailUrl":"https:\/\/solidaires-etudiant-e-s.org\/site\/wp-content\/uploads\/2019\/10\/loi-pluriannuelle_1069773.54.jpg","datePublished":"2019-10-08T12:54:27+00:00","breadcrumb":{"@id":"https:\/\/solidaires-etudiant-e-s.org\/site\/2019\/10\/08\/loi-de-programmation-pluriannuelle-de-la-re-cherche-des-rapports-alarmants\/#breadcrumb"},"inLanguage":"fr-FR","potentialAction":[{"@type":"ReadAction","target":["https:\/\/solidaires-etudiant-e-s.org\/site\/2019\/10\/08\/loi-de-programmation-pluriannuelle-de-la-re-cherche-des-rapports-alarmants\/"]}]},{"@type":"ImageObject","inLanguage":"fr-FR","@id":"https:\/\/solidaires-etudiant-e-s.org\/site\/2019\/10\/08\/loi-de-programmation-pluriannuelle-de-la-re-cherche-des-rapports-alarmants\/#primaryimage","url":"https:\/\/solidaires-etudiant-e-s.org\/site\/wp-content\/uploads\/2019\/10\/loi-pluriannuelle_1069773.54.jpg","contentUrl":"https:\/\/solidaires-etudiant-e-s.org\/site\/wp-content\/uploads\/2019\/10\/loi-pluriannuelle_1069773.54.jpg","width":600,"height":400},{"@type":"BreadcrumbList","@id":"https:\/\/solidaires-etudiant-e-s.org\/site\/2019\/10\/08\/loi-de-programmation-pluriannuelle-de-la-re-cherche-des-rapports-alarmants\/#breadcrumb","itemListElement":[{"@type":"ListItem","position":1,"name":"Accueil","item":"https:\/\/solidaires-etudiant-e-s.org\/site\/"},{"@type":"ListItem","position":2,"name":"Loi de programmation pluriannuelle de la re-cherche : des rapports alarmants"}]},{"@type":"WebSite","@id":"https:\/\/solidaires-etudiant-e-s.org\/site\/#website","url":"https:\/\/solidaires-etudiant-e-s.org\/site\/","name":"Solidaires \u00e9tudiant-e-s","description":"Syndicats pour un enseignement sup\u00e9rieur gratuit, ouvert, et \u00e9mancipateur !","publisher":{"@id":"https:\/\/solidaires-etudiant-e-s.org\/site\/#organization"},"potentialAction":[{"@type":"SearchAction","target":{"@type":"EntryPoint","urlTemplate":"https:\/\/solidaires-etudiant-e-s.org\/site\/?s={search_term_string}"},"query-input":{"@type":"PropertyValueSpecification","valueRequired":true,"valueName":"search_term_string"}}],"inLanguage":"fr-FR"},{"@type":"Organization","@id":"https:\/\/solidaires-etudiant-e-s.org\/site\/#organization","name":"Solidaires \u00e9tudiant-e-s","url":"https:\/\/solidaires-etudiant-e-s.org\/site\/","logo":{"@type":"ImageObject","inLanguage":"fr-FR","@id":"https:\/\/solidaires-etudiant-e-s.org\/site\/#\/schema\/logo\/image\/","url":"https:\/\/solidaires-etudiant-e-s.org\/site\/wp-content\/uploads\/2025\/12\/13-1.png","contentUrl":"https:\/\/solidaires-etudiant-e-s.org\/site\/wp-content\/uploads\/2025\/12\/13-1.png","width":1181,"height":827,"caption":"Solidaires \u00e9tudiant-e-s"},"image":{"@id":"https:\/\/solidaires-etudiant-e-s.org\/site\/#\/schema\/logo\/image\/"},"sameAs":["https:\/\/www.facebook.com\/solidairesetudiantes","https:\/\/x.com\/SolidairesEtu","https:\/\/www.instagram.com\/solidairesetu\/","https:\/\/bsky.app\/profile\/solidaires-etudiant-e-s.org","https:\/\/mastodon.social\/@solidairesetu","https:\/\/www.youtube.com\/channel\/UC_iZN9gmVAAnXbBM7wAWOag"]},{"@type":"Person","@id":"https:\/\/solidaires-etudiant-e-s.org\/site\/#\/schema\/person\/0efb3e0ff4e2f12b5a5abcd4352aa86c","name":"Solidaires \u00e9tudiant-e-s","image":{"@type":"ImageObject","inLanguage":"fr-FR","@id":"https:\/\/solidaires-etudiant-e-s.org\/site\/wp-content\/uploads\/2020\/01\/logo-SESL-rond-512-96x96.png","url":"https:\/\/solidaires-etudiant-e-s.org\/site\/wp-content\/uploads\/2020\/01\/logo-SESL-rond-512-96x96.png","contentUrl":"https:\/\/solidaires-etudiant-e-s.org\/site\/wp-content\/uploads\/2020\/01\/logo-SESL-rond-512-96x96.png","caption":"Solidaires \u00e9tudiant-e-s"},"sameAs":["https:\/\/solidaires-etudiant.org\/site","https:\/\/www.facebook.com\/solidairesetudiantes","https:\/\/www.instagram.com\/solidairesetu","https:\/\/x.com\/SolidairesEtu","https:\/\/fr.wikipedia.org\/wiki\/Solidaires_tudiant-e-s"]}]}},"_links":{"self":[{"href":"https:\/\/solidaires-etudiant-e-s.org\/site\/wp-json\/wp\/v2\/posts\/4860","targetHints":{"allow":["GET"]}}],"collection":[{"href":"https:\/\/solidaires-etudiant-e-s.org\/site\/wp-json\/wp\/v2\/posts"}],"about":[{"href":"https:\/\/solidaires-etudiant-e-s.org\/site\/wp-json\/wp\/v2\/types\/post"}],"author":[{"embeddable":true,"href":"https:\/\/solidaires-etudiant-e-s.org\/site\/wp-json\/wp\/v2\/users\/1"}],"replies":[{"embeddable":true,"href":"https:\/\/solidaires-etudiant-e-s.org\/site\/wp-json\/wp\/v2\/comments?post=4860"}],"version-history":[{"count":0,"href":"https:\/\/solidaires-etudiant-e-s.org\/site\/wp-json\/wp\/v2\/posts\/4860\/revisions"}],"wp:featuredmedia":[{"embeddable":true,"href":"https:\/\/solidaires-etudiant-e-s.org\/site\/wp-json\/wp\/v2\/media\/4861"}],"wp:attachment":[{"href":"https:\/\/solidaires-etudiant-e-s.org\/site\/wp-json\/wp\/v2\/media?parent=4860"}],"wp:term":[{"taxonomy":"category","embeddable":true,"href":"https:\/\/solidaires-etudiant-e-s.org\/site\/wp-json\/wp\/v2\/categories?post=4860"},{"taxonomy":"post_tag","embeddable":true,"href":"https:\/\/solidaires-etudiant-e-s.org\/site\/wp-json\/wp\/v2\/tags?post=4860"}],"curies":[{"name":"wp","href":"https:\/\/api.w.org\/{rel}","templated":true}]}}