{"id":4833,"date":"2019-10-04T12:27:42","date_gmt":"2019-10-04T10:27:42","guid":{"rendered":"https:\/\/www.solidaires-etudiant.org\/?p=4833"},"modified":"2019-10-04T12:27:42","modified_gmt":"2019-10-04T10:27:42","slug":"evenements-etudiants-quand-la-passivite-confine-a-la-complicite","status":"publish","type":"post","link":"https:\/\/solidaires-etudiant-e-s.org\/site\/2019\/10\/04\/evenements-etudiants-quand-la-passivite-confine-a-la-complicite\/","title":{"rendered":"\u00c9v\u00e9nements \u00ab \u00e9tudiants \u00bb :  Quand la passivit\u00e9 confine \u00e0 la complicit\u00e9 !"},"content":{"rendered":"\n<p>Dans la nuit du 14 au 15 septembre, un \u00e9tudiant est d\u00e9c\u00e9d\u00e9 lors d\u2019un \u00ab\u00a0week-end d\u2019int\u00e9gration\u00a0\u00bb<sup>1<\/sup>. La f\u00e9d\u00e9ration Solidaires Etudiant-e-s, syndicats de luttes, tient tout d\u2019abord \u00e0 adresser ses condol\u00e9ances aux\u00a0 proches de celui-ci, ainsi qu\u2019\u00e0 toutes les personnes touch\u00e9es par cette trag\u00e9die.<\/p>\n\n\n<p>Malheureusement cette mise en danger n\u2019est pas exceptionnelle. Presque tous les ans de tels drames surviennent et ils ne sont pas les fruits du hasard. Les larmes de crocodile de la ministre ne suffisent pas \u00e0 noyer les responsabilit\u00e9s\u00a0:<strong> le minist\u00e8re est complice par son inaction<\/strong>.<\/p>\n\n\n<p><strong>Il est de notori\u00e9t\u00e9 publique que les \u00e9v\u00e9nements \u00ab\u00a0festifs\u00a0\u00bb organis\u00e9s par les corporations \u00e9tudiantes sont <em>dangereux<\/em><\/strong>. Dans ces \u00ab\u00a0week-ends d\u2019int\u00e9gration\u00a0\u00bb, \u00ab\u00a0soir\u00e9es \u00e9tudiantes\u00a0\u00bb ou autres \u00ab\u00a0semaine au ski\u00a0\u00bb, l\u2019<strong>abus d\u2019alcool, les bizutages, les comportements sexistes, homophobes ou racistes<\/strong> sont non seulement tol\u00e9r\u00e9s, mais<strong> bien trop souvent \u00e0 l\u2019initiative m\u00eame des organisateurs\/trices <\/strong>et un \u00e9l\u00e9ment premier de leur communication<sup>2<\/sup>. R\u00e9sultat\u00a0: des \u00e9tudiant-e-s meurent, se font agresser ou violer. Voil\u00e0 la froide r\u00e9alit\u00e9 des faits.<\/p>\n\n\n<p>Face \u00e0 cela, quelles sont les r\u00e9actions des pr\u00e9sidences d\u2019universit\u00e9 et du minist\u00e8re de l\u2019enseignement sup\u00e9rieur, de la recherche et de l\u2019innovation\u00a0? Ils s\u2019indignent, re\u00e7oivent les corporations \u00e9tudiantes qui organisent ces \u00e9v\u00e9nements et signent avec elles ou font voter en conseil d\u2019administration des \u00ab\u00a0chartes\u00a0\u00bb non-contraignantes. Les deux parties sont contentes\u00a0: la com\u2019 est bonne et elles se cautionnent mutuellement, faisant semblant d\u2019agir. S\u2019ils agissaient plus durement, pr\u00e9sidences d\u2019universit\u00e9s et minist\u00e8re risqueraient de perdre le soutien actif et continu des corporations \u00e9tudiantes, n\u00e9cessaire \u00e0 leurs politiques locales et aux r\u00e9formes nationales.<\/p>\n\n\n<p><strong>Solidaires Etudiant-e-s, syndicats de luttes, n\u2019est pas oppos\u00e9 aux \u00ab\u00a0chartes\u00a0\u00bb. Mais celles-ci doivent \u00eatre contraignantes\u00a0! <\/strong>Une corporation \u00e9tudiante qui organise des beuveries, des soir\u00e9es sexistes, <strong>des \u00e9v\u00e9nements mettant en danger les \u00e9tudiant-e-s participants et fond\u00e9s sur l\u2019exclusion <\/strong>d\u2019une partie de la population \u00e9tudiante,<strong> ne doit plus b\u00e9n\u00e9ficier de locaux ou de subventions<\/strong>, de la part de l\u2019\u00c9tat comme des universit\u00e9s, pour leur fonctionnement comme pour leurs \u00e9v\u00e9nements ponctuels. Le minist\u00e8re, d&rsquo;une part, et les organisations \u00e9tudiantes d&rsquo;autre part doivent <strong>prendre leurs responsabilit\u00e9s<\/strong> par rapport \u00e0 ces \u00e9v\u00e9nements.<\/p>\n\n\n<p>Sous la menace de perdre leurs grasses subventions, gageons que <strong>ces organisations \u2013 complices de fait des d\u00e9c\u00e8s, viols, agressions qui surviennent lors de ces \u00e9v\u00e9nements qu\u2019elles organisent<\/strong> \u2013 se rangeront \u00e0 la sagesse et seront enfin oblig\u00e9es d\u2019agir.<\/p>\n\n\n<p>1&nbsp;: <a href=\"https:\/\/www.lemonde.fr\/societe\/article\/2019\/09\/17\/un-etudiant-de-l-universite-de-rouen-meurt-lors-d-un-week-end-d-integration_5511250_3224.html\">https:\/\/www.lemonde.fr\/societe\/article\/2019\/09\/17\/un-etudiant-de-l-universite-de-rouen-meurt-lors-d-un-week-end-d-integration_5511250_3224.html<\/a><\/p>\n\n\n<p>2\u00a0: Voir par exemple \u00e0 Paris Diderot\u00a0: <a href=\"https:\/\/www.facebook.com\/Solidaires.Etudiant.e.s.Paris7\/photos\/a.659800617459682\/1650823628357371\/\">https:\/\/www.facebook.com\/Solidaires.Etudiant.e.s.Paris7\/photos\/a.659800617459682\/1650823628357371\/<\/a><\/p>\n\n\n<figure class=\"wp-block-image is-resized\"><img loading=\"lazy\" decoding=\"async\" src=\"https:\/\/www.solidaires-etudiant.org\/wp-content\/uploads\/2014\/02\/adobe.png\" alt=\"\" class=\"wp-image-274\" width=\"62\" height=\"62\" srcset=\"https:\/\/solidaires-etudiant-e-s.org\/site\/wp-content\/uploads\/2014\/02\/adobe.png 256w, https:\/\/solidaires-etudiant-e-s.org\/site\/wp-content\/uploads\/2014\/02\/adobe-150x150.png 150w\" sizes=\"auto, (max-width: 62px) 100vw, 62px\" \/><\/figure>\n\n\n<div class=\"wp-block-file\"><a href=\"https:\/\/solidaires-etudiant.org\/site\/wp-content\/uploads\/2019\/10\/2019-09-17-communique-week-end-integration-soirees.pdf\">2019-09-17-communiqu\u00e9-week-end-integration-soir\u00e9es<\/a><a href=\"https:\/\/solidaires-etudiant.org\/site\/wp-content\/uploads\/2019\/10\/2019-09-17-communique-week-end-integration-soirees.pdf\" class=\"wp-block-file__button\" download>T\u00e9l\u00e9charger<\/a><\/div>\n","protected":false},"excerpt":{"rendered":"<p>Dans la nuit du 14 au 15 septembre, un \u00e9tudiant est d\u00e9c\u00e9d\u00e9 [&hellip;]<\/p>\n","protected":false},"author":1,"featured_media":4834,"comment_status":"closed","ping_status":"closed","sticky":false,"template":"","format":"standard","meta":{"cybocfi_hide_featured_image":"","footnotes":""},"categories":[3,10],"tags":[1059],"class_list":["post-4833","post","type-post","status-publish","format-standard","has-post-thumbnail","hentry","category-analyses","category-communiques","tag-soirees-etudiantes","col-md-4 col-sm-4"],"featured_image_src":"https:\/\/solidaires-etudiant-e-s.org\/site\/wp-content\/uploads\/2019\/10\/B9721108809Z.1_20191002143809_000GHSEIBUGM.1-0.jpg","author_info":{"display_name":"Solidaires \u00e9tudiant-e-s","author_link":false},"yoast_head":"<!-- This site is optimized with the Yoast SEO plugin v27.4 - https:\/\/yoast.com\/product\/yoast-seo-wordpress\/ -->\n<title>\u00c9v\u00e9nements \u00ab \u00e9tudiants \u00bb : Quand la passivit\u00e9 confine \u00e0 la complicit\u00e9 ! - Solidaires \u00e9tudiant-e-s<\/title>\n<meta name=\"robots\" content=\"index, follow, max-snippet:-1, max-image-preview:large, max-video-preview:-1\" \/>\n<link rel=\"canonical\" href=\"https:\/\/solidaires-etudiant-e-s.org\/site\/2019\/10\/04\/evenements-etudiants-quand-la-passivite-confine-a-la-complicite\/\" \/>\n<meta property=\"og:locale\" content=\"fr_FR\" \/>\n<meta property=\"og:type\" content=\"article\" \/>\n<meta property=\"og:title\" content=\"\u00c9v\u00e9nements \u00ab \u00e9tudiants \u00bb : Quand la passivit\u00e9 confine \u00e0 la complicit\u00e9 ! - Solidaires \u00e9tudiant-e-s\" \/>\n<meta property=\"og:description\" content=\"Dans la nuit du 14 au 15 septembre, un \u00e9tudiant est d\u00e9c\u00e9d\u00e9 [&hellip;]\" \/>\n<meta property=\"og:url\" content=\"https:\/\/solidaires-etudiant-e-s.org\/site\/2019\/10\/04\/evenements-etudiants-quand-la-passivite-confine-a-la-complicite\/\" \/>\n<meta property=\"og:site_name\" content=\"Solidaires \u00e9tudiant-e-s\" \/>\n<meta property=\"article:publisher\" content=\"https:\/\/www.facebook.com\/solidairesetudiantes\" \/>\n<meta property=\"article:author\" content=\"https:\/\/www.facebook.com\/solidairesetudiantes\" \/>\n<meta property=\"article:published_time\" content=\"2019-10-04T10:27:42+00:00\" \/>\n<meta property=\"og:image\" content=\"https:\/\/solidaires-etudiant-e-s.org\/site\/wp-content\/uploads\/2019\/10\/B9721108809Z.1_20191002143809_000GHSEIBUGM.1-0.jpg\" \/>\n\t<meta property=\"og:image:width\" content=\"1350\" \/>\n\t<meta property=\"og:image:height\" content=\"759\" \/>\n\t<meta property=\"og:image:type\" content=\"image\/jpeg\" \/>\n<meta name=\"author\" content=\"Solidaires \u00e9tudiant-e-s\" \/>\n<meta name=\"twitter:card\" content=\"summary_large_image\" \/>\n<meta name=\"twitter:creator\" content=\"@SolidairesEtu\" \/>\n<meta name=\"twitter:site\" content=\"@SolidairesEtu\" \/>\n<meta name=\"twitter:label1\" content=\"\u00c9crit par\" \/>\n\t<meta name=\"twitter:data1\" content=\"Solidaires \u00e9tudiant-e-s\" \/>\n\t<meta name=\"twitter:label2\" content=\"Dur\u00e9e de lecture estim\u00e9e\" \/>\n\t<meta name=\"twitter:data2\" content=\"2 minutes\" \/>\n<script type=\"application\/ld+json\" class=\"yoast-schema-graph\">{\"@context\":\"https:\\\/\\\/schema.org\",\"@graph\":[{\"@type\":\"Article\",\"@id\":\"https:\\\/\\\/solidaires-etudiant-e-s.org\\\/site\\\/2019\\\/10\\\/04\\\/evenements-etudiants-quand-la-passivite-confine-a-la-complicite\\\/#article\",\"isPartOf\":{\"@id\":\"https:\\\/\\\/solidaires-etudiant-e-s.org\\\/site\\\/2019\\\/10\\\/04\\\/evenements-etudiants-quand-la-passivite-confine-a-la-complicite\\\/\"},\"author\":{\"name\":\"Solidaires \u00e9tudiant-e-s\",\"@id\":\"https:\\\/\\\/solidaires-etudiant-e-s.org\\\/site\\\/#\\\/schema\\\/person\\\/0efb3e0ff4e2f12b5a5abcd4352aa86c\"},\"headline\":\"\u00c9v\u00e9nements \u00ab \u00e9tudiants \u00bb : Quand la passivit\u00e9 confine \u00e0 la complicit\u00e9 !\",\"datePublished\":\"2019-10-04T10:27:42+00:00\",\"mainEntityOfPage\":{\"@id\":\"https:\\\/\\\/solidaires-etudiant-e-s.org\\\/site\\\/2019\\\/10\\\/04\\\/evenements-etudiants-quand-la-passivite-confine-a-la-complicite\\\/\"},\"wordCount\":479,\"publisher\":{\"@id\":\"https:\\\/\\\/solidaires-etudiant-e-s.org\\\/site\\\/#organization\"},\"image\":{\"@id\":\"https:\\\/\\\/solidaires-etudiant-e-s.org\\\/site\\\/2019\\\/10\\\/04\\\/evenements-etudiants-quand-la-passivite-confine-a-la-complicite\\\/#primaryimage\"},\"thumbnailUrl\":\"https:\\\/\\\/solidaires-etudiant-e-s.org\\\/site\\\/wp-content\\\/uploads\\\/2019\\\/10\\\/B9721108809Z.1_20191002143809_000GHSEIBUGM.1-0.jpg\",\"keywords\":[\"soir\u00e9es \u00e9tudiantes\"],\"articleSection\":[\"ANALYSES\",\"COMMUNIQUES NATIONAUX\"],\"inLanguage\":\"fr-FR\"},{\"@type\":\"WebPage\",\"@id\":\"https:\\\/\\\/solidaires-etudiant-e-s.org\\\/site\\\/2019\\\/10\\\/04\\\/evenements-etudiants-quand-la-passivite-confine-a-la-complicite\\\/\",\"url\":\"https:\\\/\\\/solidaires-etudiant-e-s.org\\\/site\\\/2019\\\/10\\\/04\\\/evenements-etudiants-quand-la-passivite-confine-a-la-complicite\\\/\",\"name\":\"\u00c9v\u00e9nements \u00ab \u00e9tudiants \u00bb : Quand la passivit\u00e9 confine \u00e0 la complicit\u00e9 ! - Solidaires \u00e9tudiant-e-s\",\"isPartOf\":{\"@id\":\"https:\\\/\\\/solidaires-etudiant-e-s.org\\\/site\\\/#website\"},\"primaryImageOfPage\":{\"@id\":\"https:\\\/\\\/solidaires-etudiant-e-s.org\\\/site\\\/2019\\\/10\\\/04\\\/evenements-etudiants-quand-la-passivite-confine-a-la-complicite\\\/#primaryimage\"},\"image\":{\"@id\":\"https:\\\/\\\/solidaires-etudiant-e-s.org\\\/site\\\/2019\\\/10\\\/04\\\/evenements-etudiants-quand-la-passivite-confine-a-la-complicite\\\/#primaryimage\"},\"thumbnailUrl\":\"https:\\\/\\\/solidaires-etudiant-e-s.org\\\/site\\\/wp-content\\\/uploads\\\/2019\\\/10\\\/B9721108809Z.1_20191002143809_000GHSEIBUGM.1-0.jpg\",\"datePublished\":\"2019-10-04T10:27:42+00:00\",\"breadcrumb\":{\"@id\":\"https:\\\/\\\/solidaires-etudiant-e-s.org\\\/site\\\/2019\\\/10\\\/04\\\/evenements-etudiants-quand-la-passivite-confine-a-la-complicite\\\/#breadcrumb\"},\"inLanguage\":\"fr-FR\",\"potentialAction\":[{\"@type\":\"ReadAction\",\"target\":[\"https:\\\/\\\/solidaires-etudiant-e-s.org\\\/site\\\/2019\\\/10\\\/04\\\/evenements-etudiants-quand-la-passivite-confine-a-la-complicite\\\/\"]}]},{\"@type\":\"ImageObject\",\"inLanguage\":\"fr-FR\",\"@id\":\"https:\\\/\\\/solidaires-etudiant-e-s.org\\\/site\\\/2019\\\/10\\\/04\\\/evenements-etudiants-quand-la-passivite-confine-a-la-complicite\\\/#primaryimage\",\"url\":\"https:\\\/\\\/solidaires-etudiant-e-s.org\\\/site\\\/wp-content\\\/uploads\\\/2019\\\/10\\\/B9721108809Z.1_20191002143809_000GHSEIBUGM.1-0.jpg\",\"contentUrl\":\"https:\\\/\\\/solidaires-etudiant-e-s.org\\\/site\\\/wp-content\\\/uploads\\\/2019\\\/10\\\/B9721108809Z.1_20191002143809_000GHSEIBUGM.1-0.jpg\",\"width\":1350,\"height\":759},{\"@type\":\"BreadcrumbList\",\"@id\":\"https:\\\/\\\/solidaires-etudiant-e-s.org\\\/site\\\/2019\\\/10\\\/04\\\/evenements-etudiants-quand-la-passivite-confine-a-la-complicite\\\/#breadcrumb\",\"itemListElement\":[{\"@type\":\"ListItem\",\"position\":1,\"name\":\"Accueil\",\"item\":\"https:\\\/\\\/solidaires-etudiant-e-s.org\\\/site\\\/\"},{\"@type\":\"ListItem\",\"position\":2,\"name\":\"\u00c9v\u00e9nements \u00ab \u00e9tudiants \u00bb : Quand la passivit\u00e9 confine \u00e0 la complicit\u00e9 !\"}]},{\"@type\":\"WebSite\",\"@id\":\"https:\\\/\\\/solidaires-etudiant-e-s.org\\\/site\\\/#website\",\"url\":\"https:\\\/\\\/solidaires-etudiant-e-s.org\\\/site\\\/\",\"name\":\"Solidaires \u00e9tudiant-e-s\",\"description\":\"Syndicats pour un enseignement sup\u00e9rieur gratuit, ouvert, et \u00e9mancipateur !\",\"publisher\":{\"@id\":\"https:\\\/\\\/solidaires-etudiant-e-s.org\\\/site\\\/#organization\"},\"potentialAction\":[{\"@type\":\"SearchAction\",\"target\":{\"@type\":\"EntryPoint\",\"urlTemplate\":\"https:\\\/\\\/solidaires-etudiant-e-s.org\\\/site\\\/?s={search_term_string}\"},\"query-input\":{\"@type\":\"PropertyValueSpecification\",\"valueRequired\":true,\"valueName\":\"search_term_string\"}}],\"inLanguage\":\"fr-FR\"},{\"@type\":\"Organization\",\"@id\":\"https:\\\/\\\/solidaires-etudiant-e-s.org\\\/site\\\/#organization\",\"name\":\"Solidaires \u00e9tudiant-e-s\",\"url\":\"https:\\\/\\\/solidaires-etudiant-e-s.org\\\/site\\\/\",\"logo\":{\"@type\":\"ImageObject\",\"inLanguage\":\"fr-FR\",\"@id\":\"https:\\\/\\\/solidaires-etudiant-e-s.org\\\/site\\\/#\\\/schema\\\/logo\\\/image\\\/\",\"url\":\"https:\\\/\\\/solidaires-etudiant-e-s.org\\\/site\\\/wp-content\\\/uploads\\\/2025\\\/12\\\/13-1.png\",\"contentUrl\":\"https:\\\/\\\/solidaires-etudiant-e-s.org\\\/site\\\/wp-content\\\/uploads\\\/2025\\\/12\\\/13-1.png\",\"width\":1181,\"height\":827,\"caption\":\"Solidaires \u00e9tudiant-e-s\"},\"image\":{\"@id\":\"https:\\\/\\\/solidaires-etudiant-e-s.org\\\/site\\\/#\\\/schema\\\/logo\\\/image\\\/\"},\"sameAs\":[\"https:\\\/\\\/www.facebook.com\\\/solidairesetudiantes\",\"https:\\\/\\\/x.com\\\/SolidairesEtu\",\"https:\\\/\\\/www.instagram.com\\\/solidairesetu\\\/\",\"https:\\\/\\\/bsky.app\\\/profile\\\/solidaires-etudiant-e-s.org\",\"https:\\\/\\\/mastodon.social\\\/@solidairesetu\",\"https:\\\/\\\/www.youtube.com\\\/channel\\\/UC_iZN9gmVAAnXbBM7wAWOag\"]},{\"@type\":\"Person\",\"@id\":\"https:\\\/\\\/solidaires-etudiant-e-s.org\\\/site\\\/#\\\/schema\\\/person\\\/0efb3e0ff4e2f12b5a5abcd4352aa86c\",\"name\":\"Solidaires \u00e9tudiant-e-s\",\"image\":{\"@type\":\"ImageObject\",\"inLanguage\":\"fr-FR\",\"@id\":\"https:\\\/\\\/solidaires-etudiant-e-s.org\\\/site\\\/wp-content\\\/uploads\\\/2020\\\/01\\\/logo-SESL-rond-512-96x96.png\",\"url\":\"https:\\\/\\\/solidaires-etudiant-e-s.org\\\/site\\\/wp-content\\\/uploads\\\/2020\\\/01\\\/logo-SESL-rond-512-96x96.png\",\"contentUrl\":\"https:\\\/\\\/solidaires-etudiant-e-s.org\\\/site\\\/wp-content\\\/uploads\\\/2020\\\/01\\\/logo-SESL-rond-512-96x96.png\",\"caption\":\"Solidaires \u00e9tudiant-e-s\"},\"sameAs\":[\"https:\\\/\\\/solidaires-etudiant.org\\\/site\",\"https:\\\/\\\/www.facebook.com\\\/solidairesetudiantes\",\"https:\\\/\\\/www.instagram.com\\\/solidairesetu\",\"https:\\\/\\\/x.com\\\/SolidairesEtu\",\"https:\\\/\\\/fr.wikipedia.org\\\/wiki\\\/Solidaires_tudiant-e-s\"]}]}<\/script>\n<!-- \/ Yoast SEO plugin. -->","yoast_head_json":{"title":"\u00c9v\u00e9nements \u00ab \u00e9tudiants \u00bb : Quand la passivit\u00e9 confine \u00e0 la complicit\u00e9 ! - Solidaires \u00e9tudiant-e-s","robots":{"index":"index","follow":"follow","max-snippet":"max-snippet:-1","max-image-preview":"max-image-preview:large","max-video-preview":"max-video-preview:-1"},"canonical":"https:\/\/solidaires-etudiant-e-s.org\/site\/2019\/10\/04\/evenements-etudiants-quand-la-passivite-confine-a-la-complicite\/","og_locale":"fr_FR","og_type":"article","og_title":"\u00c9v\u00e9nements \u00ab \u00e9tudiants \u00bb : Quand la passivit\u00e9 confine \u00e0 la complicit\u00e9 ! - Solidaires \u00e9tudiant-e-s","og_description":"Dans la nuit du 14 au 15 septembre, un \u00e9tudiant est d\u00e9c\u00e9d\u00e9 [&hellip;]","og_url":"https:\/\/solidaires-etudiant-e-s.org\/site\/2019\/10\/04\/evenements-etudiants-quand-la-passivite-confine-a-la-complicite\/","og_site_name":"Solidaires \u00e9tudiant-e-s","article_publisher":"https:\/\/www.facebook.com\/solidairesetudiantes","article_author":"https:\/\/www.facebook.com\/solidairesetudiantes","article_published_time":"2019-10-04T10:27:42+00:00","og_image":[{"width":1350,"height":759,"url":"https:\/\/solidaires-etudiant-e-s.org\/site\/wp-content\/uploads\/2019\/10\/B9721108809Z.1_20191002143809_000GHSEIBUGM.1-0.jpg","type":"image\/jpeg"}],"author":"Solidaires \u00e9tudiant-e-s","twitter_card":"summary_large_image","twitter_creator":"@SolidairesEtu","twitter_site":"@SolidairesEtu","twitter_misc":{"\u00c9crit par":"Solidaires \u00e9tudiant-e-s","Dur\u00e9e de lecture estim\u00e9e":"2 minutes"},"schema":{"@context":"https:\/\/schema.org","@graph":[{"@type":"Article","@id":"https:\/\/solidaires-etudiant-e-s.org\/site\/2019\/10\/04\/evenements-etudiants-quand-la-passivite-confine-a-la-complicite\/#article","isPartOf":{"@id":"https:\/\/solidaires-etudiant-e-s.org\/site\/2019\/10\/04\/evenements-etudiants-quand-la-passivite-confine-a-la-complicite\/"},"author":{"name":"Solidaires \u00e9tudiant-e-s","@id":"https:\/\/solidaires-etudiant-e-s.org\/site\/#\/schema\/person\/0efb3e0ff4e2f12b5a5abcd4352aa86c"},"headline":"\u00c9v\u00e9nements \u00ab \u00e9tudiants \u00bb : Quand la passivit\u00e9 confine \u00e0 la complicit\u00e9 !","datePublished":"2019-10-04T10:27:42+00:00","mainEntityOfPage":{"@id":"https:\/\/solidaires-etudiant-e-s.org\/site\/2019\/10\/04\/evenements-etudiants-quand-la-passivite-confine-a-la-complicite\/"},"wordCount":479,"publisher":{"@id":"https:\/\/solidaires-etudiant-e-s.org\/site\/#organization"},"image":{"@id":"https:\/\/solidaires-etudiant-e-s.org\/site\/2019\/10\/04\/evenements-etudiants-quand-la-passivite-confine-a-la-complicite\/#primaryimage"},"thumbnailUrl":"https:\/\/solidaires-etudiant-e-s.org\/site\/wp-content\/uploads\/2019\/10\/B9721108809Z.1_20191002143809_000GHSEIBUGM.1-0.jpg","keywords":["soir\u00e9es \u00e9tudiantes"],"articleSection":["ANALYSES","COMMUNIQUES NATIONAUX"],"inLanguage":"fr-FR"},{"@type":"WebPage","@id":"https:\/\/solidaires-etudiant-e-s.org\/site\/2019\/10\/04\/evenements-etudiants-quand-la-passivite-confine-a-la-complicite\/","url":"https:\/\/solidaires-etudiant-e-s.org\/site\/2019\/10\/04\/evenements-etudiants-quand-la-passivite-confine-a-la-complicite\/","name":"\u00c9v\u00e9nements \u00ab \u00e9tudiants \u00bb : Quand la passivit\u00e9 confine \u00e0 la complicit\u00e9 ! - Solidaires \u00e9tudiant-e-s","isPartOf":{"@id":"https:\/\/solidaires-etudiant-e-s.org\/site\/#website"},"primaryImageOfPage":{"@id":"https:\/\/solidaires-etudiant-e-s.org\/site\/2019\/10\/04\/evenements-etudiants-quand-la-passivite-confine-a-la-complicite\/#primaryimage"},"image":{"@id":"https:\/\/solidaires-etudiant-e-s.org\/site\/2019\/10\/04\/evenements-etudiants-quand-la-passivite-confine-a-la-complicite\/#primaryimage"},"thumbnailUrl":"https:\/\/solidaires-etudiant-e-s.org\/site\/wp-content\/uploads\/2019\/10\/B9721108809Z.1_20191002143809_000GHSEIBUGM.1-0.jpg","datePublished":"2019-10-04T10:27:42+00:00","breadcrumb":{"@id":"https:\/\/solidaires-etudiant-e-s.org\/site\/2019\/10\/04\/evenements-etudiants-quand-la-passivite-confine-a-la-complicite\/#breadcrumb"},"inLanguage":"fr-FR","potentialAction":[{"@type":"ReadAction","target":["https:\/\/solidaires-etudiant-e-s.org\/site\/2019\/10\/04\/evenements-etudiants-quand-la-passivite-confine-a-la-complicite\/"]}]},{"@type":"ImageObject","inLanguage":"fr-FR","@id":"https:\/\/solidaires-etudiant-e-s.org\/site\/2019\/10\/04\/evenements-etudiants-quand-la-passivite-confine-a-la-complicite\/#primaryimage","url":"https:\/\/solidaires-etudiant-e-s.org\/site\/wp-content\/uploads\/2019\/10\/B9721108809Z.1_20191002143809_000GHSEIBUGM.1-0.jpg","contentUrl":"https:\/\/solidaires-etudiant-e-s.org\/site\/wp-content\/uploads\/2019\/10\/B9721108809Z.1_20191002143809_000GHSEIBUGM.1-0.jpg","width":1350,"height":759},{"@type":"BreadcrumbList","@id":"https:\/\/solidaires-etudiant-e-s.org\/site\/2019\/10\/04\/evenements-etudiants-quand-la-passivite-confine-a-la-complicite\/#breadcrumb","itemListElement":[{"@type":"ListItem","position":1,"name":"Accueil","item":"https:\/\/solidaires-etudiant-e-s.org\/site\/"},{"@type":"ListItem","position":2,"name":"\u00c9v\u00e9nements \u00ab \u00e9tudiants \u00bb : Quand la passivit\u00e9 confine \u00e0 la complicit\u00e9 !"}]},{"@type":"WebSite","@id":"https:\/\/solidaires-etudiant-e-s.org\/site\/#website","url":"https:\/\/solidaires-etudiant-e-s.org\/site\/","name":"Solidaires \u00e9tudiant-e-s","description":"Syndicats pour un enseignement sup\u00e9rieur gratuit, ouvert, et \u00e9mancipateur !","publisher":{"@id":"https:\/\/solidaires-etudiant-e-s.org\/site\/#organization"},"potentialAction":[{"@type":"SearchAction","target":{"@type":"EntryPoint","urlTemplate":"https:\/\/solidaires-etudiant-e-s.org\/site\/?s={search_term_string}"},"query-input":{"@type":"PropertyValueSpecification","valueRequired":true,"valueName":"search_term_string"}}],"inLanguage":"fr-FR"},{"@type":"Organization","@id":"https:\/\/solidaires-etudiant-e-s.org\/site\/#organization","name":"Solidaires \u00e9tudiant-e-s","url":"https:\/\/solidaires-etudiant-e-s.org\/site\/","logo":{"@type":"ImageObject","inLanguage":"fr-FR","@id":"https:\/\/solidaires-etudiant-e-s.org\/site\/#\/schema\/logo\/image\/","url":"https:\/\/solidaires-etudiant-e-s.org\/site\/wp-content\/uploads\/2025\/12\/13-1.png","contentUrl":"https:\/\/solidaires-etudiant-e-s.org\/site\/wp-content\/uploads\/2025\/12\/13-1.png","width":1181,"height":827,"caption":"Solidaires \u00e9tudiant-e-s"},"image":{"@id":"https:\/\/solidaires-etudiant-e-s.org\/site\/#\/schema\/logo\/image\/"},"sameAs":["https:\/\/www.facebook.com\/solidairesetudiantes","https:\/\/x.com\/SolidairesEtu","https:\/\/www.instagram.com\/solidairesetu\/","https:\/\/bsky.app\/profile\/solidaires-etudiant-e-s.org","https:\/\/mastodon.social\/@solidairesetu","https:\/\/www.youtube.com\/channel\/UC_iZN9gmVAAnXbBM7wAWOag"]},{"@type":"Person","@id":"https:\/\/solidaires-etudiant-e-s.org\/site\/#\/schema\/person\/0efb3e0ff4e2f12b5a5abcd4352aa86c","name":"Solidaires \u00e9tudiant-e-s","image":{"@type":"ImageObject","inLanguage":"fr-FR","@id":"https:\/\/solidaires-etudiant-e-s.org\/site\/wp-content\/uploads\/2020\/01\/logo-SESL-rond-512-96x96.png","url":"https:\/\/solidaires-etudiant-e-s.org\/site\/wp-content\/uploads\/2020\/01\/logo-SESL-rond-512-96x96.png","contentUrl":"https:\/\/solidaires-etudiant-e-s.org\/site\/wp-content\/uploads\/2020\/01\/logo-SESL-rond-512-96x96.png","caption":"Solidaires \u00e9tudiant-e-s"},"sameAs":["https:\/\/solidaires-etudiant.org\/site","https:\/\/www.facebook.com\/solidairesetudiantes","https:\/\/www.instagram.com\/solidairesetu","https:\/\/x.com\/SolidairesEtu","https:\/\/fr.wikipedia.org\/wiki\/Solidaires_tudiant-e-s"]}]}},"_links":{"self":[{"href":"https:\/\/solidaires-etudiant-e-s.org\/site\/wp-json\/wp\/v2\/posts\/4833","targetHints":{"allow":["GET"]}}],"collection":[{"href":"https:\/\/solidaires-etudiant-e-s.org\/site\/wp-json\/wp\/v2\/posts"}],"about":[{"href":"https:\/\/solidaires-etudiant-e-s.org\/site\/wp-json\/wp\/v2\/types\/post"}],"author":[{"embeddable":true,"href":"https:\/\/solidaires-etudiant-e-s.org\/site\/wp-json\/wp\/v2\/users\/1"}],"replies":[{"embeddable":true,"href":"https:\/\/solidaires-etudiant-e-s.org\/site\/wp-json\/wp\/v2\/comments?post=4833"}],"version-history":[{"count":0,"href":"https:\/\/solidaires-etudiant-e-s.org\/site\/wp-json\/wp\/v2\/posts\/4833\/revisions"}],"wp:featuredmedia":[{"embeddable":true,"href":"https:\/\/solidaires-etudiant-e-s.org\/site\/wp-json\/wp\/v2\/media\/4834"}],"wp:attachment":[{"href":"https:\/\/solidaires-etudiant-e-s.org\/site\/wp-json\/wp\/v2\/media?parent=4833"}],"wp:term":[{"taxonomy":"category","embeddable":true,"href":"https:\/\/solidaires-etudiant-e-s.org\/site\/wp-json\/wp\/v2\/categories?post=4833"},{"taxonomy":"post_tag","embeddable":true,"href":"https:\/\/solidaires-etudiant-e-s.org\/site\/wp-json\/wp\/v2\/tags?post=4833"}],"curies":[{"name":"wp","href":"https:\/\/api.w.org\/{rel}","templated":true}]}}