{"id":4825,"date":"2019-09-29T17:11:38","date_gmt":"2019-09-29T15:11:38","guid":{"rendered":"https:\/\/www.solidaires-etudiant.org\/?p=4825"},"modified":"2019-09-29T17:11:38","modified_gmt":"2019-09-29T15:11:38","slug":"solidarite-avec-les-etudiant-e-s-indonesien-ne-s","status":"publish","type":"post","link":"https:\/\/solidaires-etudiant-e-s.org\/site\/2019\/09\/29\/solidarite-avec-les-etudiant-e-s-indonesien-ne-s\/","title":{"rendered":"Solidarit\u00e9 avec les \u00e9tudiant-e-s  indon\u00e9sien-ne-s !"},"content":{"rendered":"\n<p>Depuis le d\u00e9but de cette semaine, les \u00e9tudiant-e-s indon\u00e9sien-ne-s manifestent. <\/p>\n\n\n<p>Ils protestent contre, d\u2019une part l\u2019affaiblissement programm\u00e9e de l\u2019agence anti-corruption qui deviendrait gouvernementale et perdrait son ind\u00e9pendance et, de l\u2019autre, contre une r\u00e9forme du code p\u00e9nal indon\u00e9sien qui vise \u00e0 interdire les relations sexuelles hors-mariage, ce qui revient, de fait, \u00e0 criminaliser l\u2019homosexualit\u00e9.<\/p>\n\n\n<p>Face \u00e0 leur juste combat, <strong>le gouvernement indon\u00e9sien a choisi de semer la mort<\/strong>. Mercredi, un lyc\u00e9en de 15 ans, Bagus Putra Mahendra, est d\u00e9c\u00e9d\u00e9, heurt\u00e9 par un camion en se rendant aux manifestations. Jeudi, Randi, \u00e9tudiant de 21 ans \u00e0 l\u2019universit\u00e9 Halu Oleo, est tomb\u00e9 sous les balles de la police. Enfin, ce vendredi, un \u00e9tudiant en ing\u00e9nierie de 19 ans a tragiquement succomb\u00e9 aux blessures inflig\u00e9es par les pr\u00e9tendues \u00ab&nbsp;forces de l\u2019ordre&nbsp;\u00bb. <strong>Cela doit cesser,<\/strong> le gouvernement indon\u00e9sien doit plier et retirer ces deux r\u00e9formes.<\/p>\n\n\n<p><strong>La f\u00e9d\u00e9ration Solidaires Etudiant-e-s, syndicats de luttes, membre de l\u2019Union syndicale Solidaires adresse ses condol\u00e9ances aux proches de Bagus Putra Mahendra et des \u00e9tudiants assassin\u00e9s. Nous affirmons notre pleine solidarit\u00e9 avec les \u00e9tudiant-e-s indon\u00e9sien-ne-s en lutte pour la d\u00e9fense de leurs droits et de leurs libert\u00e9s. <\/strong>\u00a0<\/p>\n\n\n<figure class=\"wp-block-image is-resized\"><img loading=\"lazy\" decoding=\"async\" src=\"https:\/\/www.solidaires-etudiant.org\/wp-content\/uploads\/2014\/02\/adobe.png\" alt=\"\" class=\"wp-image-274\" width=\"71\" height=\"71\" srcset=\"https:\/\/solidaires-etudiant-e-s.org\/site\/wp-content\/uploads\/2014\/02\/adobe.png 256w, https:\/\/solidaires-etudiant-e-s.org\/site\/wp-content\/uploads\/2014\/02\/adobe-150x150.png 150w\" sizes=\"auto, (max-width: 71px) 100vw, 71px\" \/><\/figure>\n\n\n<div class=\"wp-block-file\"><a href=\"https:\/\/solidaires-etudiant.org\/site\/wp-content\/uploads\/2019\/09\/2019_09_27_communique_indonesie.pdf\">2019_09_27_communique_indonesie<\/a><a href=\"https:\/\/solidaires-etudiant.org\/site\/wp-content\/uploads\/2019\/09\/2019_09_27_communique_indonesie.pdf\" class=\"wp-block-file__button\" download>T\u00e9l\u00e9charger<\/a><\/div>\n","protected":false},"excerpt":{"rendered":"<p>Depuis le d\u00e9but de cette semaine, les \u00e9tudiant-e-s indon\u00e9sien-ne-s manifestent. Ils protestent [&hellip;]<\/p>\n","protected":false},"author":1,"featured_media":4826,"comment_status":"closed","ping_status":"closed","sticky":false,"template":"","format":"standard","meta":{"cybocfi_hide_featured_image":"","footnotes":""},"categories":[10,24],"tags":[638,752,798,1177],"class_list":["post-4825","post","type-post","status-publish","format-standard","has-post-thumbnail","hentry","category-communiques","category-international","tag-international-2","tag-manifestations","tag-mobilisations","tag-violences-policieres","col-md-4 col-sm-4"],"featured_image_src":"https:\/\/solidaires-etudiant-e-s.org\/site\/wp-content\/uploads\/2019\/09\/5d8e06a47100192e668b4575.jpg","author_info":{"display_name":"Solidaires \u00e9tudiant-e-s","author_link":false},"yoast_head":"<!-- This site is optimized with the Yoast SEO plugin v27.4 - https:\/\/yoast.com\/product\/yoast-seo-wordpress\/ -->\n<title>Solidarit\u00e9 avec les \u00e9tudiant-e-s indon\u00e9sien-ne-s ! - Solidaires \u00e9tudiant-e-s<\/title>\n<meta name=\"robots\" content=\"index, follow, max-snippet:-1, max-image-preview:large, max-video-preview:-1\" \/>\n<link rel=\"canonical\" href=\"https:\/\/solidaires-etudiant-e-s.org\/site\/2019\/09\/29\/solidarite-avec-les-etudiant-e-s-indonesien-ne-s\/\" \/>\n<meta property=\"og:locale\" content=\"fr_FR\" \/>\n<meta property=\"og:type\" content=\"article\" \/>\n<meta property=\"og:title\" content=\"Solidarit\u00e9 avec les \u00e9tudiant-e-s indon\u00e9sien-ne-s ! - Solidaires \u00e9tudiant-e-s\" \/>\n<meta property=\"og:description\" content=\"Depuis le d\u00e9but de cette semaine, les \u00e9tudiant-e-s indon\u00e9sien-ne-s manifestent. Ils protestent [&hellip;]\" \/>\n<meta property=\"og:url\" content=\"https:\/\/solidaires-etudiant-e-s.org\/site\/2019\/09\/29\/solidarite-avec-les-etudiant-e-s-indonesien-ne-s\/\" \/>\n<meta property=\"og:site_name\" content=\"Solidaires \u00e9tudiant-e-s\" \/>\n<meta property=\"article:publisher\" content=\"https:\/\/www.facebook.com\/solidairesetudiantes\" \/>\n<meta property=\"article:author\" content=\"https:\/\/www.facebook.com\/solidairesetudiantes\" \/>\n<meta property=\"article:published_time\" content=\"2019-09-29T15:11:38+00:00\" \/>\n<meta property=\"og:image\" content=\"https:\/\/solidaires-etudiant-e-s.org\/site\/wp-content\/uploads\/2019\/09\/5d8e06a47100192e668b4575.jpg\" \/>\n\t<meta property=\"og:image:width\" content=\"1020\" \/>\n\t<meta property=\"og:image:height\" content=\"573\" \/>\n\t<meta property=\"og:image:type\" content=\"image\/jpeg\" \/>\n<meta name=\"author\" content=\"Solidaires \u00e9tudiant-e-s\" \/>\n<meta name=\"twitter:card\" content=\"summary_large_image\" \/>\n<meta name=\"twitter:creator\" content=\"@SolidairesEtu\" \/>\n<meta name=\"twitter:site\" content=\"@SolidairesEtu\" \/>\n<meta name=\"twitter:label1\" content=\"\u00c9crit par\" \/>\n\t<meta name=\"twitter:data1\" content=\"Solidaires \u00e9tudiant-e-s\" \/>\n\t<meta name=\"twitter:label2\" content=\"Dur\u00e9e de lecture estim\u00e9e\" \/>\n\t<meta name=\"twitter:data2\" content=\"1 minute\" \/>\n<script type=\"application\/ld+json\" class=\"yoast-schema-graph\">{\"@context\":\"https:\\\/\\\/schema.org\",\"@graph\":[{\"@type\":\"Article\",\"@id\":\"https:\\\/\\\/solidaires-etudiant-e-s.org\\\/site\\\/2019\\\/09\\\/29\\\/solidarite-avec-les-etudiant-e-s-indonesien-ne-s\\\/#article\",\"isPartOf\":{\"@id\":\"https:\\\/\\\/solidaires-etudiant-e-s.org\\\/site\\\/2019\\\/09\\\/29\\\/solidarite-avec-les-etudiant-e-s-indonesien-ne-s\\\/\"},\"author\":{\"name\":\"Solidaires \u00e9tudiant-e-s\",\"@id\":\"https:\\\/\\\/solidaires-etudiant-e-s.org\\\/site\\\/#\\\/schema\\\/person\\\/0efb3e0ff4e2f12b5a5abcd4352aa86c\"},\"headline\":\"Solidarit\u00e9 avec les \u00e9tudiant-e-s indon\u00e9sien-ne-s !\",\"datePublished\":\"2019-09-29T15:11:38+00:00\",\"mainEntityOfPage\":{\"@id\":\"https:\\\/\\\/solidaires-etudiant-e-s.org\\\/site\\\/2019\\\/09\\\/29\\\/solidarite-avec-les-etudiant-e-s-indonesien-ne-s\\\/\"},\"wordCount\":223,\"publisher\":{\"@id\":\"https:\\\/\\\/solidaires-etudiant-e-s.org\\\/site\\\/#organization\"},\"image\":{\"@id\":\"https:\\\/\\\/solidaires-etudiant-e-s.org\\\/site\\\/2019\\\/09\\\/29\\\/solidarite-avec-les-etudiant-e-s-indonesien-ne-s\\\/#primaryimage\"},\"thumbnailUrl\":\"https:\\\/\\\/solidaires-etudiant-e-s.org\\\/site\\\/wp-content\\\/uploads\\\/2019\\\/09\\\/5d8e06a47100192e668b4575.jpg\",\"keywords\":[\"international\",\"manifestations\",\"mobilisations\",\"violences polici\u00e8res\"],\"articleSection\":[\"COMMUNIQUES NATIONAUX\",\"INTERNATIONAL\"],\"inLanguage\":\"fr-FR\"},{\"@type\":\"WebPage\",\"@id\":\"https:\\\/\\\/solidaires-etudiant-e-s.org\\\/site\\\/2019\\\/09\\\/29\\\/solidarite-avec-les-etudiant-e-s-indonesien-ne-s\\\/\",\"url\":\"https:\\\/\\\/solidaires-etudiant-e-s.org\\\/site\\\/2019\\\/09\\\/29\\\/solidarite-avec-les-etudiant-e-s-indonesien-ne-s\\\/\",\"name\":\"Solidarit\u00e9 avec les \u00e9tudiant-e-s indon\u00e9sien-ne-s ! - Solidaires \u00e9tudiant-e-s\",\"isPartOf\":{\"@id\":\"https:\\\/\\\/solidaires-etudiant-e-s.org\\\/site\\\/#website\"},\"primaryImageOfPage\":{\"@id\":\"https:\\\/\\\/solidaires-etudiant-e-s.org\\\/site\\\/2019\\\/09\\\/29\\\/solidarite-avec-les-etudiant-e-s-indonesien-ne-s\\\/#primaryimage\"},\"image\":{\"@id\":\"https:\\\/\\\/solidaires-etudiant-e-s.org\\\/site\\\/2019\\\/09\\\/29\\\/solidarite-avec-les-etudiant-e-s-indonesien-ne-s\\\/#primaryimage\"},\"thumbnailUrl\":\"https:\\\/\\\/solidaires-etudiant-e-s.org\\\/site\\\/wp-content\\\/uploads\\\/2019\\\/09\\\/5d8e06a47100192e668b4575.jpg\",\"datePublished\":\"2019-09-29T15:11:38+00:00\",\"breadcrumb\":{\"@id\":\"https:\\\/\\\/solidaires-etudiant-e-s.org\\\/site\\\/2019\\\/09\\\/29\\\/solidarite-avec-les-etudiant-e-s-indonesien-ne-s\\\/#breadcrumb\"},\"inLanguage\":\"fr-FR\",\"potentialAction\":[{\"@type\":\"ReadAction\",\"target\":[\"https:\\\/\\\/solidaires-etudiant-e-s.org\\\/site\\\/2019\\\/09\\\/29\\\/solidarite-avec-les-etudiant-e-s-indonesien-ne-s\\\/\"]}]},{\"@type\":\"ImageObject\",\"inLanguage\":\"fr-FR\",\"@id\":\"https:\\\/\\\/solidaires-etudiant-e-s.org\\\/site\\\/2019\\\/09\\\/29\\\/solidarite-avec-les-etudiant-e-s-indonesien-ne-s\\\/#primaryimage\",\"url\":\"https:\\\/\\\/solidaires-etudiant-e-s.org\\\/site\\\/wp-content\\\/uploads\\\/2019\\\/09\\\/5d8e06a47100192e668b4575.jpg\",\"contentUrl\":\"https:\\\/\\\/solidaires-etudiant-e-s.org\\\/site\\\/wp-content\\\/uploads\\\/2019\\\/09\\\/5d8e06a47100192e668b4575.jpg\",\"width\":1020,\"height\":573},{\"@type\":\"BreadcrumbList\",\"@id\":\"https:\\\/\\\/solidaires-etudiant-e-s.org\\\/site\\\/2019\\\/09\\\/29\\\/solidarite-avec-les-etudiant-e-s-indonesien-ne-s\\\/#breadcrumb\",\"itemListElement\":[{\"@type\":\"ListItem\",\"position\":1,\"name\":\"Accueil\",\"item\":\"https:\\\/\\\/solidaires-etudiant-e-s.org\\\/site\\\/\"},{\"@type\":\"ListItem\",\"position\":2,\"name\":\"Solidarit\u00e9 avec les \u00e9tudiant-e-s indon\u00e9sien-ne-s !\"}]},{\"@type\":\"WebSite\",\"@id\":\"https:\\\/\\\/solidaires-etudiant-e-s.org\\\/site\\\/#website\",\"url\":\"https:\\\/\\\/solidaires-etudiant-e-s.org\\\/site\\\/\",\"name\":\"Solidaires \u00e9tudiant-e-s\",\"description\":\"Syndicats pour un enseignement sup\u00e9rieur gratuit, ouvert, et \u00e9mancipateur !\",\"publisher\":{\"@id\":\"https:\\\/\\\/solidaires-etudiant-e-s.org\\\/site\\\/#organization\"},\"potentialAction\":[{\"@type\":\"SearchAction\",\"target\":{\"@type\":\"EntryPoint\",\"urlTemplate\":\"https:\\\/\\\/solidaires-etudiant-e-s.org\\\/site\\\/?s={search_term_string}\"},\"query-input\":{\"@type\":\"PropertyValueSpecification\",\"valueRequired\":true,\"valueName\":\"search_term_string\"}}],\"inLanguage\":\"fr-FR\"},{\"@type\":\"Organization\",\"@id\":\"https:\\\/\\\/solidaires-etudiant-e-s.org\\\/site\\\/#organization\",\"name\":\"Solidaires \u00e9tudiant-e-s\",\"url\":\"https:\\\/\\\/solidaires-etudiant-e-s.org\\\/site\\\/\",\"logo\":{\"@type\":\"ImageObject\",\"inLanguage\":\"fr-FR\",\"@id\":\"https:\\\/\\\/solidaires-etudiant-e-s.org\\\/site\\\/#\\\/schema\\\/logo\\\/image\\\/\",\"url\":\"https:\\\/\\\/solidaires-etudiant-e-s.org\\\/site\\\/wp-content\\\/uploads\\\/2025\\\/12\\\/13-1.png\",\"contentUrl\":\"https:\\\/\\\/solidaires-etudiant-e-s.org\\\/site\\\/wp-content\\\/uploads\\\/2025\\\/12\\\/13-1.png\",\"width\":1181,\"height\":827,\"caption\":\"Solidaires \u00e9tudiant-e-s\"},\"image\":{\"@id\":\"https:\\\/\\\/solidaires-etudiant-e-s.org\\\/site\\\/#\\\/schema\\\/logo\\\/image\\\/\"},\"sameAs\":[\"https:\\\/\\\/www.facebook.com\\\/solidairesetudiantes\",\"https:\\\/\\\/x.com\\\/SolidairesEtu\",\"https:\\\/\\\/www.instagram.com\\\/solidairesetu\\\/\",\"https:\\\/\\\/bsky.app\\\/profile\\\/solidaires-etudiant-e-s.org\",\"https:\\\/\\\/mastodon.social\\\/@solidairesetu\",\"https:\\\/\\\/www.youtube.com\\\/channel\\\/UC_iZN9gmVAAnXbBM7wAWOag\"]},{\"@type\":\"Person\",\"@id\":\"https:\\\/\\\/solidaires-etudiant-e-s.org\\\/site\\\/#\\\/schema\\\/person\\\/0efb3e0ff4e2f12b5a5abcd4352aa86c\",\"name\":\"Solidaires \u00e9tudiant-e-s\",\"image\":{\"@type\":\"ImageObject\",\"inLanguage\":\"fr-FR\",\"@id\":\"https:\\\/\\\/solidaires-etudiant-e-s.org\\\/site\\\/wp-content\\\/uploads\\\/2020\\\/01\\\/logo-SESL-rond-512-96x96.png\",\"url\":\"https:\\\/\\\/solidaires-etudiant-e-s.org\\\/site\\\/wp-content\\\/uploads\\\/2020\\\/01\\\/logo-SESL-rond-512-96x96.png\",\"contentUrl\":\"https:\\\/\\\/solidaires-etudiant-e-s.org\\\/site\\\/wp-content\\\/uploads\\\/2020\\\/01\\\/logo-SESL-rond-512-96x96.png\",\"caption\":\"Solidaires \u00e9tudiant-e-s\"},\"sameAs\":[\"https:\\\/\\\/solidaires-etudiant.org\\\/site\",\"https:\\\/\\\/www.facebook.com\\\/solidairesetudiantes\",\"https:\\\/\\\/www.instagram.com\\\/solidairesetu\",\"https:\\\/\\\/x.com\\\/SolidairesEtu\",\"https:\\\/\\\/fr.wikipedia.org\\\/wiki\\\/Solidaires_tudiant-e-s\"]}]}<\/script>\n<!-- \/ Yoast SEO plugin. -->","yoast_head_json":{"title":"Solidarit\u00e9 avec les \u00e9tudiant-e-s indon\u00e9sien-ne-s ! - Solidaires \u00e9tudiant-e-s","robots":{"index":"index","follow":"follow","max-snippet":"max-snippet:-1","max-image-preview":"max-image-preview:large","max-video-preview":"max-video-preview:-1"},"canonical":"https:\/\/solidaires-etudiant-e-s.org\/site\/2019\/09\/29\/solidarite-avec-les-etudiant-e-s-indonesien-ne-s\/","og_locale":"fr_FR","og_type":"article","og_title":"Solidarit\u00e9 avec les \u00e9tudiant-e-s indon\u00e9sien-ne-s ! - Solidaires \u00e9tudiant-e-s","og_description":"Depuis le d\u00e9but de cette semaine, les \u00e9tudiant-e-s indon\u00e9sien-ne-s manifestent. Ils protestent [&hellip;]","og_url":"https:\/\/solidaires-etudiant-e-s.org\/site\/2019\/09\/29\/solidarite-avec-les-etudiant-e-s-indonesien-ne-s\/","og_site_name":"Solidaires \u00e9tudiant-e-s","article_publisher":"https:\/\/www.facebook.com\/solidairesetudiantes","article_author":"https:\/\/www.facebook.com\/solidairesetudiantes","article_published_time":"2019-09-29T15:11:38+00:00","og_image":[{"width":1020,"height":573,"url":"https:\/\/solidaires-etudiant-e-s.org\/site\/wp-content\/uploads\/2019\/09\/5d8e06a47100192e668b4575.jpg","type":"image\/jpeg"}],"author":"Solidaires \u00e9tudiant-e-s","twitter_card":"summary_large_image","twitter_creator":"@SolidairesEtu","twitter_site":"@SolidairesEtu","twitter_misc":{"\u00c9crit par":"Solidaires \u00e9tudiant-e-s","Dur\u00e9e de lecture estim\u00e9e":"1 minute"},"schema":{"@context":"https:\/\/schema.org","@graph":[{"@type":"Article","@id":"https:\/\/solidaires-etudiant-e-s.org\/site\/2019\/09\/29\/solidarite-avec-les-etudiant-e-s-indonesien-ne-s\/#article","isPartOf":{"@id":"https:\/\/solidaires-etudiant-e-s.org\/site\/2019\/09\/29\/solidarite-avec-les-etudiant-e-s-indonesien-ne-s\/"},"author":{"name":"Solidaires \u00e9tudiant-e-s","@id":"https:\/\/solidaires-etudiant-e-s.org\/site\/#\/schema\/person\/0efb3e0ff4e2f12b5a5abcd4352aa86c"},"headline":"Solidarit\u00e9 avec les \u00e9tudiant-e-s indon\u00e9sien-ne-s !","datePublished":"2019-09-29T15:11:38+00:00","mainEntityOfPage":{"@id":"https:\/\/solidaires-etudiant-e-s.org\/site\/2019\/09\/29\/solidarite-avec-les-etudiant-e-s-indonesien-ne-s\/"},"wordCount":223,"publisher":{"@id":"https:\/\/solidaires-etudiant-e-s.org\/site\/#organization"},"image":{"@id":"https:\/\/solidaires-etudiant-e-s.org\/site\/2019\/09\/29\/solidarite-avec-les-etudiant-e-s-indonesien-ne-s\/#primaryimage"},"thumbnailUrl":"https:\/\/solidaires-etudiant-e-s.org\/site\/wp-content\/uploads\/2019\/09\/5d8e06a47100192e668b4575.jpg","keywords":["international","manifestations","mobilisations","violences polici\u00e8res"],"articleSection":["COMMUNIQUES NATIONAUX","INTERNATIONAL"],"inLanguage":"fr-FR"},{"@type":"WebPage","@id":"https:\/\/solidaires-etudiant-e-s.org\/site\/2019\/09\/29\/solidarite-avec-les-etudiant-e-s-indonesien-ne-s\/","url":"https:\/\/solidaires-etudiant-e-s.org\/site\/2019\/09\/29\/solidarite-avec-les-etudiant-e-s-indonesien-ne-s\/","name":"Solidarit\u00e9 avec les \u00e9tudiant-e-s indon\u00e9sien-ne-s ! - Solidaires \u00e9tudiant-e-s","isPartOf":{"@id":"https:\/\/solidaires-etudiant-e-s.org\/site\/#website"},"primaryImageOfPage":{"@id":"https:\/\/solidaires-etudiant-e-s.org\/site\/2019\/09\/29\/solidarite-avec-les-etudiant-e-s-indonesien-ne-s\/#primaryimage"},"image":{"@id":"https:\/\/solidaires-etudiant-e-s.org\/site\/2019\/09\/29\/solidarite-avec-les-etudiant-e-s-indonesien-ne-s\/#primaryimage"},"thumbnailUrl":"https:\/\/solidaires-etudiant-e-s.org\/site\/wp-content\/uploads\/2019\/09\/5d8e06a47100192e668b4575.jpg","datePublished":"2019-09-29T15:11:38+00:00","breadcrumb":{"@id":"https:\/\/solidaires-etudiant-e-s.org\/site\/2019\/09\/29\/solidarite-avec-les-etudiant-e-s-indonesien-ne-s\/#breadcrumb"},"inLanguage":"fr-FR","potentialAction":[{"@type":"ReadAction","target":["https:\/\/solidaires-etudiant-e-s.org\/site\/2019\/09\/29\/solidarite-avec-les-etudiant-e-s-indonesien-ne-s\/"]}]},{"@type":"ImageObject","inLanguage":"fr-FR","@id":"https:\/\/solidaires-etudiant-e-s.org\/site\/2019\/09\/29\/solidarite-avec-les-etudiant-e-s-indonesien-ne-s\/#primaryimage","url":"https:\/\/solidaires-etudiant-e-s.org\/site\/wp-content\/uploads\/2019\/09\/5d8e06a47100192e668b4575.jpg","contentUrl":"https:\/\/solidaires-etudiant-e-s.org\/site\/wp-content\/uploads\/2019\/09\/5d8e06a47100192e668b4575.jpg","width":1020,"height":573},{"@type":"BreadcrumbList","@id":"https:\/\/solidaires-etudiant-e-s.org\/site\/2019\/09\/29\/solidarite-avec-les-etudiant-e-s-indonesien-ne-s\/#breadcrumb","itemListElement":[{"@type":"ListItem","position":1,"name":"Accueil","item":"https:\/\/solidaires-etudiant-e-s.org\/site\/"},{"@type":"ListItem","position":2,"name":"Solidarit\u00e9 avec les \u00e9tudiant-e-s indon\u00e9sien-ne-s !"}]},{"@type":"WebSite","@id":"https:\/\/solidaires-etudiant-e-s.org\/site\/#website","url":"https:\/\/solidaires-etudiant-e-s.org\/site\/","name":"Solidaires \u00e9tudiant-e-s","description":"Syndicats pour un enseignement sup\u00e9rieur gratuit, ouvert, et \u00e9mancipateur !","publisher":{"@id":"https:\/\/solidaires-etudiant-e-s.org\/site\/#organization"},"potentialAction":[{"@type":"SearchAction","target":{"@type":"EntryPoint","urlTemplate":"https:\/\/solidaires-etudiant-e-s.org\/site\/?s={search_term_string}"},"query-input":{"@type":"PropertyValueSpecification","valueRequired":true,"valueName":"search_term_string"}}],"inLanguage":"fr-FR"},{"@type":"Organization","@id":"https:\/\/solidaires-etudiant-e-s.org\/site\/#organization","name":"Solidaires \u00e9tudiant-e-s","url":"https:\/\/solidaires-etudiant-e-s.org\/site\/","logo":{"@type":"ImageObject","inLanguage":"fr-FR","@id":"https:\/\/solidaires-etudiant-e-s.org\/site\/#\/schema\/logo\/image\/","url":"https:\/\/solidaires-etudiant-e-s.org\/site\/wp-content\/uploads\/2025\/12\/13-1.png","contentUrl":"https:\/\/solidaires-etudiant-e-s.org\/site\/wp-content\/uploads\/2025\/12\/13-1.png","width":1181,"height":827,"caption":"Solidaires \u00e9tudiant-e-s"},"image":{"@id":"https:\/\/solidaires-etudiant-e-s.org\/site\/#\/schema\/logo\/image\/"},"sameAs":["https:\/\/www.facebook.com\/solidairesetudiantes","https:\/\/x.com\/SolidairesEtu","https:\/\/www.instagram.com\/solidairesetu\/","https:\/\/bsky.app\/profile\/solidaires-etudiant-e-s.org","https:\/\/mastodon.social\/@solidairesetu","https:\/\/www.youtube.com\/channel\/UC_iZN9gmVAAnXbBM7wAWOag"]},{"@type":"Person","@id":"https:\/\/solidaires-etudiant-e-s.org\/site\/#\/schema\/person\/0efb3e0ff4e2f12b5a5abcd4352aa86c","name":"Solidaires \u00e9tudiant-e-s","image":{"@type":"ImageObject","inLanguage":"fr-FR","@id":"https:\/\/solidaires-etudiant-e-s.org\/site\/wp-content\/uploads\/2020\/01\/logo-SESL-rond-512-96x96.png","url":"https:\/\/solidaires-etudiant-e-s.org\/site\/wp-content\/uploads\/2020\/01\/logo-SESL-rond-512-96x96.png","contentUrl":"https:\/\/solidaires-etudiant-e-s.org\/site\/wp-content\/uploads\/2020\/01\/logo-SESL-rond-512-96x96.png","caption":"Solidaires \u00e9tudiant-e-s"},"sameAs":["https:\/\/solidaires-etudiant.org\/site","https:\/\/www.facebook.com\/solidairesetudiantes","https:\/\/www.instagram.com\/solidairesetu","https:\/\/x.com\/SolidairesEtu","https:\/\/fr.wikipedia.org\/wiki\/Solidaires_tudiant-e-s"]}]}},"_links":{"self":[{"href":"https:\/\/solidaires-etudiant-e-s.org\/site\/wp-json\/wp\/v2\/posts\/4825","targetHints":{"allow":["GET"]}}],"collection":[{"href":"https:\/\/solidaires-etudiant-e-s.org\/site\/wp-json\/wp\/v2\/posts"}],"about":[{"href":"https:\/\/solidaires-etudiant-e-s.org\/site\/wp-json\/wp\/v2\/types\/post"}],"author":[{"embeddable":true,"href":"https:\/\/solidaires-etudiant-e-s.org\/site\/wp-json\/wp\/v2\/users\/1"}],"replies":[{"embeddable":true,"href":"https:\/\/solidaires-etudiant-e-s.org\/site\/wp-json\/wp\/v2\/comments?post=4825"}],"version-history":[{"count":0,"href":"https:\/\/solidaires-etudiant-e-s.org\/site\/wp-json\/wp\/v2\/posts\/4825\/revisions"}],"wp:featuredmedia":[{"embeddable":true,"href":"https:\/\/solidaires-etudiant-e-s.org\/site\/wp-json\/wp\/v2\/media\/4826"}],"wp:attachment":[{"href":"https:\/\/solidaires-etudiant-e-s.org\/site\/wp-json\/wp\/v2\/media?parent=4825"}],"wp:term":[{"taxonomy":"category","embeddable":true,"href":"https:\/\/solidaires-etudiant-e-s.org\/site\/wp-json\/wp\/v2\/categories?post=4825"},{"taxonomy":"post_tag","embeddable":true,"href":"https:\/\/solidaires-etudiant-e-s.org\/site\/wp-json\/wp\/v2\/tags?post=4825"}],"curies":[{"name":"wp","href":"https:\/\/api.w.org\/{rel}","templated":true}]}}