{"id":4700,"date":"2019-06-20T13:51:01","date_gmt":"2019-06-20T11:51:01","guid":{"rendered":"https:\/\/www.solidaires-etudiant.org\/?p=4700"},"modified":"2024-12-30T19:15:47","modified_gmt":"2024-12-30T18:15:47","slug":"discrimination-au-cnrs-communique-public-de-lassemblee-generale-du-19-juin-2019","status":"publish","type":"post","link":"https:\/\/solidaires-etudiant-e-s.org\/site\/2019\/06\/20\/discrimination-au-cnrs-communique-public-de-lassemblee-generale-du-19-juin-2019\/","title":{"rendered":"Discriminations au CNRS : Communiqu\u00e9 public de l\u2019Assembl\u00e9e g\u00e9n\u00e9rale du 19 juin 2019"},"content":{"rendered":"\n<p><\/p>\n\n\n<p><strong>En finir avec l\u2019arbitraire, le sous-emploi et les discriminations au CNRS et \u00e0 l\u2019universit\u00e9<\/strong><br \/><em>Communiqu\u00e9 public de l\u2019Assembl\u00e9e g\u00e9n\u00e9rale du 19 juin 2019 appel\u00e9e par l&rsquo;ANCMSP (Association Nationale des Candidat\u00b7e\u00b7s aux M\u00e9tiers de la Science Politique<\/em>) <em>et des militants-es du SNTRS-CGT, du SNCS-FSU et de Sud Recherche<\/em><\/p>\n\n\n<p>L\u2019acharnement contre Akim Oualhaci en section 36 cette ann\u00e9e, tout comme celui contre Mathieu Grosset\u00eate les deux ann\u00e9es pr\u00e9c\u00e9dentes, ou encore les d\u00e9classements depuis trois ans en sections 35, 37, 39, 53, sont l\u2019expression embl\u00e9matique de l\u2019autoritarisme gestionnaire et du m\u00e9pris de l\u2019autonomie scientifique qui fondent la politique de recrutement de l\u2019Institut des Sciences Humaines et Sociales du CNRS. Ces pratiques inacceptables touchent \u00e9galement d\u2019autres instituts du CNRS (notamment \u00e0 l\u2019INC (Chimie), en section 14). <\/p>\n\n\n<p>Dans la section 36, l\u2019\u00e9valuation d\u00e9mocratique des projets de recherches (plus que des seuls CV) par des sp\u00e9cialistes de la discipline, a \u00e9t\u00e9 bafou\u00e9e une fois de plus. Elle fait place \u00e0 des pratiques arbitraires et brutales, jamais publiquement justifi\u00e9es, et qui ressemblent \u00e0 s\u2019y m\u00e9prendre \u00e0 des pratiques discriminatoires.<\/p>\n\n\n<p>Voil\u00e0 donc le vrai visage de la \u00ab politique d\u2019excellence \u00bb vant\u00e9e par le PDG du CNRS (Antoine Petit) : une attaque frontale et conjointe contre l\u2019autonomie des disciplines et contre l\u2019\u00e9valuation d\u00e9mocratique des dossiers des candidat.e.s. La mise en avant de cette pr\u00e9tendue \u00ab excellence \u00bb va de pair avec une diminution drastique du nombre de postes mis au concours et une pr\u00e9carisation catastrophique dans l\u2019enseignement sup\u00e9rieur et la recherche. En 10 ans, les effectifs d\u2019ITA et chercheur.e.s du CNRS ont diminu\u00e9 de plus de 1000 postes ! Nous, pr\u00e9caires et statutaires du CNRS et de l\u2019enseignement sup\u00e9rieur r\u00e9uni.e.s en assembl\u00e9e g\u00e9n\u00e9rale, exigeons que justice soit faite en accordant un poste \u00e0 Akim Oualhaci, d\u00e9class\u00e9 \u00e0 trois reprises successives &#8211; un fait in\u00e9dit depuis la cr\u00e9ation du concours de charg\u00e9.e de recherche au CNRS &#8211; et plus largement \u00e0 l\u2019ensemble des d\u00e9class\u00e9.e.s au concours de charg\u00e9.e.s de recherche, victimes des ing\u00e9rences r\u00e9p\u00e9t\u00e9es de la direction dans les classements des concours depuis trois ans. <br \/><\/p>\n\n\n<p>Nous rappelons qu\u2019une autre politique de l\u2019emploi scientifique est possible et n\u00e9cessaire. Et que seule la restitution des postes supprim\u00e9s depuis 10 ans et la cr\u00e9ation massive de postes dans l\u2019ensemble de l\u2019enseignement sup\u00e9rieur et de la recherche fera taire notre l\u00e9gitime col\u00e8re. Nous appelons d\u00e8s \u00e0 pr\u00e9sent toute la communaut\u00e9 scientifique, pr\u00e9caires et titulaires de l\u2019Universit\u00e9 et du CNRS de toutes les sections \u00e0 :<\/p>\n\n\n<p>&#8211; signer la lettre des Directeurs.trices d\u2019Unit\u00e9 dans les jours qui viennent (<a rel=\"noreferrer noopener\" href=\"https:\/\/mensuel.framapad.org\/p\/lettre-declassement-cnrs?fbclid=IwAR2diHa1EXIfsb34wEK-sEITbg-iTw3StuWkI7uTAGcbMibqe3oR35gxnHk\" target=\"_blank\">https:\/\/mensuel.framapad.org\/p\/lettre-declassement-cnrs<\/a>) ;<\/p>\n\n\n<p>&#8211; organiser localement des AG sur les lieux de travail pour amplifier la mobilisation et d\u00e9velopper des moyens d\u2019action (gr\u00e8ve, boycott du travail administratif, refus des vacations par les chercheur.e.s du CNRS, etc.) ;<\/p>\n\n\n<p>&#8211; relayer les informations sur la mobilisation dans l\u2019espace public, notamment sur les r\u00e9seaux sociaux ;<\/p>\n\n\n<p>&#8211; nous rassembler le 4 juillet 2019 pour la C3N du CNRS \u00e0 Paris Descartes, afin de montrer massivement notre pr\u00e9sence face \u00e0 la Direction et aux m\u00e9dias et de porter nos revendications (les informations plus pr\u00e9cises surles heures et modalit\u00e9s suivront rapidement ce communiqu\u00e9).<\/p>\n\n\n<p>Des groupes de travail organisent ces moments d\u2019actions, n\u2019h\u00e9sitez pas \u00e0 nous rejoindre :\u00a0<a rel=\"noreferrer noopener\" href=\"mailto:groupe.19juin@gmail.com\" target=\"_blank\">groupe.19juin@gmail.com<\/a><\/p>\n\n\n<blockquote class=\"wp-block-quote is-layout-flow wp-block-quote-is-layout-flow\"><p>\u00ab\u00a0En finir avec l\u2019arbitraire, le sous-emploi et les discriminations au CNRS et \u00e0 l\u2019universit\u00e9\u00a0\u00bb<br \/><br \/>Communiqu\u00e9 public de l\u2019Assembl\u00e9e g\u00e9n\u00e9rale du 19 juin 2019<br \/><br \/>A diffuser !<a href=\"https:\/\/t.co\/YDr7iyVP88\">https:\/\/t.co\/YDr7iyVP88<\/a>\u2014 PourUnCNRS++ (@CNRSplusplus) <a href=\"https:\/\/twitter.com\/CNRSplusplus\/status\/1142054243676905472?ref_src=twsrc%5Etfw\">21 juin 2019<\/a><\/p><cite><em>(Compte twitter de soutien \u00e0 la mobilisation contre les d\u00e9classements au CNRS )<\/em><\/cite><\/blockquote>\n","protected":false},"excerpt":{"rendered":"<p>En finir avec l\u2019arbitraire, le sous-emploi et les discriminations au CNRS et [&hellip;]<\/p>\n","protected":false},"author":1,"featured_media":4708,"comment_status":"closed","ping_status":"closed","sticky":false,"template":"","format":"standard","meta":{"cybocfi_hide_featured_image":"","footnotes":""},"categories":[10,18],"tags":[467,472],"class_list":["post-4700","post","type-post","status-publish","format-standard","has-post-thumbnail","hentry","category-communiques","category-esr","tag-enseignement-superieur","tag-esr-2","col-md-4 col-sm-4"],"featured_image_src":"https:\/\/solidaires-etudiant-e-s.org\/site\/wp-content\/uploads\/2019\/06\/devanture-CNRS.jpg","author_info":{"display_name":"Solidaires \u00e9tudiant-e-s","author_link":false},"yoast_head":"<!-- This site is optimized with the Yoast SEO plugin v27.4 - https:\/\/yoast.com\/product\/yoast-seo-wordpress\/ -->\n<title>Discriminations au CNRS : Communiqu\u00e9 public de l\u2019Assembl\u00e9e g\u00e9n\u00e9rale du 19 juin 2019 - Solidaires \u00e9tudiant-e-s<\/title>\n<meta name=\"robots\" content=\"index, follow, max-snippet:-1, max-image-preview:large, max-video-preview:-1\" \/>\n<link rel=\"canonical\" href=\"https:\/\/solidaires-etudiant-e-s.org\/site\/2019\/06\/20\/discrimination-au-cnrs-communique-public-de-lassemblee-generale-du-19-juin-2019\/\" \/>\n<meta property=\"og:locale\" content=\"fr_FR\" \/>\n<meta property=\"og:type\" content=\"article\" \/>\n<meta property=\"og:title\" content=\"Discriminations au CNRS : Communiqu\u00e9 public de l\u2019Assembl\u00e9e g\u00e9n\u00e9rale du 19 juin 2019 - Solidaires \u00e9tudiant-e-s\" \/>\n<meta property=\"og:description\" content=\"En finir avec l\u2019arbitraire, le sous-emploi et les discriminations au CNRS et [&hellip;]\" \/>\n<meta property=\"og:url\" content=\"https:\/\/solidaires-etudiant-e-s.org\/site\/2019\/06\/20\/discrimination-au-cnrs-communique-public-de-lassemblee-generale-du-19-juin-2019\/\" \/>\n<meta property=\"og:site_name\" content=\"Solidaires \u00e9tudiant-e-s\" \/>\n<meta property=\"article:publisher\" content=\"https:\/\/www.facebook.com\/solidairesetudiantes\" \/>\n<meta property=\"article:author\" content=\"https:\/\/www.facebook.com\/solidairesetudiantes\" \/>\n<meta property=\"article:published_time\" content=\"2019-06-20T11:51:01+00:00\" \/>\n<meta property=\"article:modified_time\" content=\"2024-12-30T18:15:47+00:00\" \/>\n<meta property=\"og:image\" content=\"https:\/\/solidaires-etudiant-e-s.org\/site\/wp-content\/uploads\/2019\/06\/devanture-CNRS.jpg\" \/>\n\t<meta property=\"og:image:width\" content=\"1500\" \/>\n\t<meta property=\"og:image:height\" content=\"843\" \/>\n\t<meta property=\"og:image:type\" content=\"image\/jpeg\" \/>\n<meta name=\"author\" content=\"Solidaires \u00e9tudiant-e-s\" \/>\n<meta name=\"twitter:card\" content=\"summary_large_image\" \/>\n<meta name=\"twitter:creator\" content=\"@SolidairesEtu\" \/>\n<meta name=\"twitter:site\" content=\"@SolidairesEtu\" \/>\n<meta name=\"twitter:label1\" content=\"\u00c9crit par\" \/>\n\t<meta name=\"twitter:data1\" content=\"Solidaires \u00e9tudiant-e-s\" \/>\n\t<meta name=\"twitter:label2\" content=\"Dur\u00e9e de lecture estim\u00e9e\" \/>\n\t<meta name=\"twitter:data2\" content=\"3 minutes\" \/>\n<script type=\"application\/ld+json\" class=\"yoast-schema-graph\">{\"@context\":\"https:\\\/\\\/schema.org\",\"@graph\":[{\"@type\":\"Article\",\"@id\":\"https:\\\/\\\/solidaires-etudiant-e-s.org\\\/site\\\/2019\\\/06\\\/20\\\/discrimination-au-cnrs-communique-public-de-lassemblee-generale-du-19-juin-2019\\\/#article\",\"isPartOf\":{\"@id\":\"https:\\\/\\\/solidaires-etudiant-e-s.org\\\/site\\\/2019\\\/06\\\/20\\\/discrimination-au-cnrs-communique-public-de-lassemblee-generale-du-19-juin-2019\\\/\"},\"author\":{\"name\":\"Solidaires \u00e9tudiant-e-s\",\"@id\":\"https:\\\/\\\/solidaires-etudiant-e-s.org\\\/site\\\/#\\\/schema\\\/person\\\/0efb3e0ff4e2f12b5a5abcd4352aa86c\"},\"headline\":\"Discriminations au CNRS : Communiqu\u00e9 public de l\u2019Assembl\u00e9e g\u00e9n\u00e9rale du 19 juin 2019\",\"datePublished\":\"2019-06-20T11:51:01+00:00\",\"dateModified\":\"2024-12-30T18:15:47+00:00\",\"mainEntityOfPage\":{\"@id\":\"https:\\\/\\\/solidaires-etudiant-e-s.org\\\/site\\\/2019\\\/06\\\/20\\\/discrimination-au-cnrs-communique-public-de-lassemblee-generale-du-19-juin-2019\\\/\"},\"wordCount\":659,\"publisher\":{\"@id\":\"https:\\\/\\\/solidaires-etudiant-e-s.org\\\/site\\\/#organization\"},\"image\":{\"@id\":\"https:\\\/\\\/solidaires-etudiant-e-s.org\\\/site\\\/2019\\\/06\\\/20\\\/discrimination-au-cnrs-communique-public-de-lassemblee-generale-du-19-juin-2019\\\/#primaryimage\"},\"thumbnailUrl\":\"https:\\\/\\\/solidaires-etudiant-e-s.org\\\/site\\\/wp-content\\\/uploads\\\/2019\\\/06\\\/devanture-CNRS.jpg\",\"keywords\":[\"enseignement sup\u00e9rieur\",\"esr\"],\"articleSection\":[\"COMMUNIQUES NATIONAUX\",\"ENSEIGNEMENT SUPERIEUR\"],\"inLanguage\":\"fr-FR\"},{\"@type\":\"WebPage\",\"@id\":\"https:\\\/\\\/solidaires-etudiant-e-s.org\\\/site\\\/2019\\\/06\\\/20\\\/discrimination-au-cnrs-communique-public-de-lassemblee-generale-du-19-juin-2019\\\/\",\"url\":\"https:\\\/\\\/solidaires-etudiant-e-s.org\\\/site\\\/2019\\\/06\\\/20\\\/discrimination-au-cnrs-communique-public-de-lassemblee-generale-du-19-juin-2019\\\/\",\"name\":\"Discriminations au CNRS : Communiqu\u00e9 public de l\u2019Assembl\u00e9e g\u00e9n\u00e9rale du 19 juin 2019 - Solidaires \u00e9tudiant-e-s\",\"isPartOf\":{\"@id\":\"https:\\\/\\\/solidaires-etudiant-e-s.org\\\/site\\\/#website\"},\"primaryImageOfPage\":{\"@id\":\"https:\\\/\\\/solidaires-etudiant-e-s.org\\\/site\\\/2019\\\/06\\\/20\\\/discrimination-au-cnrs-communique-public-de-lassemblee-generale-du-19-juin-2019\\\/#primaryimage\"},\"image\":{\"@id\":\"https:\\\/\\\/solidaires-etudiant-e-s.org\\\/site\\\/2019\\\/06\\\/20\\\/discrimination-au-cnrs-communique-public-de-lassemblee-generale-du-19-juin-2019\\\/#primaryimage\"},\"thumbnailUrl\":\"https:\\\/\\\/solidaires-etudiant-e-s.org\\\/site\\\/wp-content\\\/uploads\\\/2019\\\/06\\\/devanture-CNRS.jpg\",\"datePublished\":\"2019-06-20T11:51:01+00:00\",\"dateModified\":\"2024-12-30T18:15:47+00:00\",\"breadcrumb\":{\"@id\":\"https:\\\/\\\/solidaires-etudiant-e-s.org\\\/site\\\/2019\\\/06\\\/20\\\/discrimination-au-cnrs-communique-public-de-lassemblee-generale-du-19-juin-2019\\\/#breadcrumb\"},\"inLanguage\":\"fr-FR\",\"potentialAction\":[{\"@type\":\"ReadAction\",\"target\":[\"https:\\\/\\\/solidaires-etudiant-e-s.org\\\/site\\\/2019\\\/06\\\/20\\\/discrimination-au-cnrs-communique-public-de-lassemblee-generale-du-19-juin-2019\\\/\"]}]},{\"@type\":\"ImageObject\",\"inLanguage\":\"fr-FR\",\"@id\":\"https:\\\/\\\/solidaires-etudiant-e-s.org\\\/site\\\/2019\\\/06\\\/20\\\/discrimination-au-cnrs-communique-public-de-lassemblee-generale-du-19-juin-2019\\\/#primaryimage\",\"url\":\"https:\\\/\\\/solidaires-etudiant-e-s.org\\\/site\\\/wp-content\\\/uploads\\\/2019\\\/06\\\/devanture-CNRS.jpg\",\"contentUrl\":\"https:\\\/\\\/solidaires-etudiant-e-s.org\\\/site\\\/wp-content\\\/uploads\\\/2019\\\/06\\\/devanture-CNRS.jpg\",\"width\":1500,\"height\":843},{\"@type\":\"BreadcrumbList\",\"@id\":\"https:\\\/\\\/solidaires-etudiant-e-s.org\\\/site\\\/2019\\\/06\\\/20\\\/discrimination-au-cnrs-communique-public-de-lassemblee-generale-du-19-juin-2019\\\/#breadcrumb\",\"itemListElement\":[{\"@type\":\"ListItem\",\"position\":1,\"name\":\"Accueil\",\"item\":\"https:\\\/\\\/solidaires-etudiant-e-s.org\\\/site\\\/\"},{\"@type\":\"ListItem\",\"position\":2,\"name\":\"Discriminations au CNRS : Communiqu\u00e9 public de l\u2019Assembl\u00e9e g\u00e9n\u00e9rale du 19 juin 2019\"}]},{\"@type\":\"WebSite\",\"@id\":\"https:\\\/\\\/solidaires-etudiant-e-s.org\\\/site\\\/#website\",\"url\":\"https:\\\/\\\/solidaires-etudiant-e-s.org\\\/site\\\/\",\"name\":\"Solidaires \u00e9tudiant-e-s\",\"description\":\"Syndicats pour un enseignement sup\u00e9rieur gratuit, ouvert, et \u00e9mancipateur !\",\"publisher\":{\"@id\":\"https:\\\/\\\/solidaires-etudiant-e-s.org\\\/site\\\/#organization\"},\"potentialAction\":[{\"@type\":\"SearchAction\",\"target\":{\"@type\":\"EntryPoint\",\"urlTemplate\":\"https:\\\/\\\/solidaires-etudiant-e-s.org\\\/site\\\/?s={search_term_string}\"},\"query-input\":{\"@type\":\"PropertyValueSpecification\",\"valueRequired\":true,\"valueName\":\"search_term_string\"}}],\"inLanguage\":\"fr-FR\"},{\"@type\":\"Organization\",\"@id\":\"https:\\\/\\\/solidaires-etudiant-e-s.org\\\/site\\\/#organization\",\"name\":\"Solidaires \u00e9tudiant-e-s\",\"url\":\"https:\\\/\\\/solidaires-etudiant-e-s.org\\\/site\\\/\",\"logo\":{\"@type\":\"ImageObject\",\"inLanguage\":\"fr-FR\",\"@id\":\"https:\\\/\\\/solidaires-etudiant-e-s.org\\\/site\\\/#\\\/schema\\\/logo\\\/image\\\/\",\"url\":\"https:\\\/\\\/solidaires-etudiant-e-s.org\\\/site\\\/wp-content\\\/uploads\\\/2025\\\/12\\\/13-1.png\",\"contentUrl\":\"https:\\\/\\\/solidaires-etudiant-e-s.org\\\/site\\\/wp-content\\\/uploads\\\/2025\\\/12\\\/13-1.png\",\"width\":1181,\"height\":827,\"caption\":\"Solidaires \u00e9tudiant-e-s\"},\"image\":{\"@id\":\"https:\\\/\\\/solidaires-etudiant-e-s.org\\\/site\\\/#\\\/schema\\\/logo\\\/image\\\/\"},\"sameAs\":[\"https:\\\/\\\/www.facebook.com\\\/solidairesetudiantes\",\"https:\\\/\\\/x.com\\\/SolidairesEtu\",\"https:\\\/\\\/www.instagram.com\\\/solidairesetu\\\/\",\"https:\\\/\\\/bsky.app\\\/profile\\\/solidaires-etudiant-e-s.org\",\"https:\\\/\\\/mastodon.social\\\/@solidairesetu\",\"https:\\\/\\\/www.youtube.com\\\/channel\\\/UC_iZN9gmVAAnXbBM7wAWOag\"]},{\"@type\":\"Person\",\"@id\":\"https:\\\/\\\/solidaires-etudiant-e-s.org\\\/site\\\/#\\\/schema\\\/person\\\/0efb3e0ff4e2f12b5a5abcd4352aa86c\",\"name\":\"Solidaires \u00e9tudiant-e-s\",\"image\":{\"@type\":\"ImageObject\",\"inLanguage\":\"fr-FR\",\"@id\":\"https:\\\/\\\/solidaires-etudiant-e-s.org\\\/site\\\/wp-content\\\/uploads\\\/2020\\\/01\\\/logo-SESL-rond-512-96x96.png\",\"url\":\"https:\\\/\\\/solidaires-etudiant-e-s.org\\\/site\\\/wp-content\\\/uploads\\\/2020\\\/01\\\/logo-SESL-rond-512-96x96.png\",\"contentUrl\":\"https:\\\/\\\/solidaires-etudiant-e-s.org\\\/site\\\/wp-content\\\/uploads\\\/2020\\\/01\\\/logo-SESL-rond-512-96x96.png\",\"caption\":\"Solidaires \u00e9tudiant-e-s\"},\"sameAs\":[\"https:\\\/\\\/solidaires-etudiant.org\\\/site\",\"https:\\\/\\\/www.facebook.com\\\/solidairesetudiantes\",\"https:\\\/\\\/www.instagram.com\\\/solidairesetu\",\"https:\\\/\\\/x.com\\\/SolidairesEtu\",\"https:\\\/\\\/fr.wikipedia.org\\\/wiki\\\/Solidaires_tudiant-e-s\"]}]}<\/script>\n<!-- \/ Yoast SEO plugin. -->","yoast_head_json":{"title":"Discriminations au CNRS : Communiqu\u00e9 public de l\u2019Assembl\u00e9e g\u00e9n\u00e9rale du 19 juin 2019 - Solidaires \u00e9tudiant-e-s","robots":{"index":"index","follow":"follow","max-snippet":"max-snippet:-1","max-image-preview":"max-image-preview:large","max-video-preview":"max-video-preview:-1"},"canonical":"https:\/\/solidaires-etudiant-e-s.org\/site\/2019\/06\/20\/discrimination-au-cnrs-communique-public-de-lassemblee-generale-du-19-juin-2019\/","og_locale":"fr_FR","og_type":"article","og_title":"Discriminations au CNRS : Communiqu\u00e9 public de l\u2019Assembl\u00e9e g\u00e9n\u00e9rale du 19 juin 2019 - Solidaires \u00e9tudiant-e-s","og_description":"En finir avec l\u2019arbitraire, le sous-emploi et les discriminations au CNRS et [&hellip;]","og_url":"https:\/\/solidaires-etudiant-e-s.org\/site\/2019\/06\/20\/discrimination-au-cnrs-communique-public-de-lassemblee-generale-du-19-juin-2019\/","og_site_name":"Solidaires \u00e9tudiant-e-s","article_publisher":"https:\/\/www.facebook.com\/solidairesetudiantes","article_author":"https:\/\/www.facebook.com\/solidairesetudiantes","article_published_time":"2019-06-20T11:51:01+00:00","article_modified_time":"2024-12-30T18:15:47+00:00","og_image":[{"width":1500,"height":843,"url":"https:\/\/solidaires-etudiant-e-s.org\/site\/wp-content\/uploads\/2019\/06\/devanture-CNRS.jpg","type":"image\/jpeg"}],"author":"Solidaires \u00e9tudiant-e-s","twitter_card":"summary_large_image","twitter_creator":"@SolidairesEtu","twitter_site":"@SolidairesEtu","twitter_misc":{"\u00c9crit par":"Solidaires \u00e9tudiant-e-s","Dur\u00e9e de lecture estim\u00e9e":"3 minutes"},"schema":{"@context":"https:\/\/schema.org","@graph":[{"@type":"Article","@id":"https:\/\/solidaires-etudiant-e-s.org\/site\/2019\/06\/20\/discrimination-au-cnrs-communique-public-de-lassemblee-generale-du-19-juin-2019\/#article","isPartOf":{"@id":"https:\/\/solidaires-etudiant-e-s.org\/site\/2019\/06\/20\/discrimination-au-cnrs-communique-public-de-lassemblee-generale-du-19-juin-2019\/"},"author":{"name":"Solidaires \u00e9tudiant-e-s","@id":"https:\/\/solidaires-etudiant-e-s.org\/site\/#\/schema\/person\/0efb3e0ff4e2f12b5a5abcd4352aa86c"},"headline":"Discriminations au CNRS : Communiqu\u00e9 public de l\u2019Assembl\u00e9e g\u00e9n\u00e9rale du 19 juin 2019","datePublished":"2019-06-20T11:51:01+00:00","dateModified":"2024-12-30T18:15:47+00:00","mainEntityOfPage":{"@id":"https:\/\/solidaires-etudiant-e-s.org\/site\/2019\/06\/20\/discrimination-au-cnrs-communique-public-de-lassemblee-generale-du-19-juin-2019\/"},"wordCount":659,"publisher":{"@id":"https:\/\/solidaires-etudiant-e-s.org\/site\/#organization"},"image":{"@id":"https:\/\/solidaires-etudiant-e-s.org\/site\/2019\/06\/20\/discrimination-au-cnrs-communique-public-de-lassemblee-generale-du-19-juin-2019\/#primaryimage"},"thumbnailUrl":"https:\/\/solidaires-etudiant-e-s.org\/site\/wp-content\/uploads\/2019\/06\/devanture-CNRS.jpg","keywords":["enseignement sup\u00e9rieur","esr"],"articleSection":["COMMUNIQUES NATIONAUX","ENSEIGNEMENT SUPERIEUR"],"inLanguage":"fr-FR"},{"@type":"WebPage","@id":"https:\/\/solidaires-etudiant-e-s.org\/site\/2019\/06\/20\/discrimination-au-cnrs-communique-public-de-lassemblee-generale-du-19-juin-2019\/","url":"https:\/\/solidaires-etudiant-e-s.org\/site\/2019\/06\/20\/discrimination-au-cnrs-communique-public-de-lassemblee-generale-du-19-juin-2019\/","name":"Discriminations au CNRS : Communiqu\u00e9 public de l\u2019Assembl\u00e9e g\u00e9n\u00e9rale du 19 juin 2019 - Solidaires \u00e9tudiant-e-s","isPartOf":{"@id":"https:\/\/solidaires-etudiant-e-s.org\/site\/#website"},"primaryImageOfPage":{"@id":"https:\/\/solidaires-etudiant-e-s.org\/site\/2019\/06\/20\/discrimination-au-cnrs-communique-public-de-lassemblee-generale-du-19-juin-2019\/#primaryimage"},"image":{"@id":"https:\/\/solidaires-etudiant-e-s.org\/site\/2019\/06\/20\/discrimination-au-cnrs-communique-public-de-lassemblee-generale-du-19-juin-2019\/#primaryimage"},"thumbnailUrl":"https:\/\/solidaires-etudiant-e-s.org\/site\/wp-content\/uploads\/2019\/06\/devanture-CNRS.jpg","datePublished":"2019-06-20T11:51:01+00:00","dateModified":"2024-12-30T18:15:47+00:00","breadcrumb":{"@id":"https:\/\/solidaires-etudiant-e-s.org\/site\/2019\/06\/20\/discrimination-au-cnrs-communique-public-de-lassemblee-generale-du-19-juin-2019\/#breadcrumb"},"inLanguage":"fr-FR","potentialAction":[{"@type":"ReadAction","target":["https:\/\/solidaires-etudiant-e-s.org\/site\/2019\/06\/20\/discrimination-au-cnrs-communique-public-de-lassemblee-generale-du-19-juin-2019\/"]}]},{"@type":"ImageObject","inLanguage":"fr-FR","@id":"https:\/\/solidaires-etudiant-e-s.org\/site\/2019\/06\/20\/discrimination-au-cnrs-communique-public-de-lassemblee-generale-du-19-juin-2019\/#primaryimage","url":"https:\/\/solidaires-etudiant-e-s.org\/site\/wp-content\/uploads\/2019\/06\/devanture-CNRS.jpg","contentUrl":"https:\/\/solidaires-etudiant-e-s.org\/site\/wp-content\/uploads\/2019\/06\/devanture-CNRS.jpg","width":1500,"height":843},{"@type":"BreadcrumbList","@id":"https:\/\/solidaires-etudiant-e-s.org\/site\/2019\/06\/20\/discrimination-au-cnrs-communique-public-de-lassemblee-generale-du-19-juin-2019\/#breadcrumb","itemListElement":[{"@type":"ListItem","position":1,"name":"Accueil","item":"https:\/\/solidaires-etudiant-e-s.org\/site\/"},{"@type":"ListItem","position":2,"name":"Discriminations au CNRS : Communiqu\u00e9 public de l\u2019Assembl\u00e9e g\u00e9n\u00e9rale du 19 juin 2019"}]},{"@type":"WebSite","@id":"https:\/\/solidaires-etudiant-e-s.org\/site\/#website","url":"https:\/\/solidaires-etudiant-e-s.org\/site\/","name":"Solidaires \u00e9tudiant-e-s","description":"Syndicats pour un enseignement sup\u00e9rieur gratuit, ouvert, et \u00e9mancipateur !","publisher":{"@id":"https:\/\/solidaires-etudiant-e-s.org\/site\/#organization"},"potentialAction":[{"@type":"SearchAction","target":{"@type":"EntryPoint","urlTemplate":"https:\/\/solidaires-etudiant-e-s.org\/site\/?s={search_term_string}"},"query-input":{"@type":"PropertyValueSpecification","valueRequired":true,"valueName":"search_term_string"}}],"inLanguage":"fr-FR"},{"@type":"Organization","@id":"https:\/\/solidaires-etudiant-e-s.org\/site\/#organization","name":"Solidaires \u00e9tudiant-e-s","url":"https:\/\/solidaires-etudiant-e-s.org\/site\/","logo":{"@type":"ImageObject","inLanguage":"fr-FR","@id":"https:\/\/solidaires-etudiant-e-s.org\/site\/#\/schema\/logo\/image\/","url":"https:\/\/solidaires-etudiant-e-s.org\/site\/wp-content\/uploads\/2025\/12\/13-1.png","contentUrl":"https:\/\/solidaires-etudiant-e-s.org\/site\/wp-content\/uploads\/2025\/12\/13-1.png","width":1181,"height":827,"caption":"Solidaires \u00e9tudiant-e-s"},"image":{"@id":"https:\/\/solidaires-etudiant-e-s.org\/site\/#\/schema\/logo\/image\/"},"sameAs":["https:\/\/www.facebook.com\/solidairesetudiantes","https:\/\/x.com\/SolidairesEtu","https:\/\/www.instagram.com\/solidairesetu\/","https:\/\/bsky.app\/profile\/solidaires-etudiant-e-s.org","https:\/\/mastodon.social\/@solidairesetu","https:\/\/www.youtube.com\/channel\/UC_iZN9gmVAAnXbBM7wAWOag"]},{"@type":"Person","@id":"https:\/\/solidaires-etudiant-e-s.org\/site\/#\/schema\/person\/0efb3e0ff4e2f12b5a5abcd4352aa86c","name":"Solidaires \u00e9tudiant-e-s","image":{"@type":"ImageObject","inLanguage":"fr-FR","@id":"https:\/\/solidaires-etudiant-e-s.org\/site\/wp-content\/uploads\/2020\/01\/logo-SESL-rond-512-96x96.png","url":"https:\/\/solidaires-etudiant-e-s.org\/site\/wp-content\/uploads\/2020\/01\/logo-SESL-rond-512-96x96.png","contentUrl":"https:\/\/solidaires-etudiant-e-s.org\/site\/wp-content\/uploads\/2020\/01\/logo-SESL-rond-512-96x96.png","caption":"Solidaires \u00e9tudiant-e-s"},"sameAs":["https:\/\/solidaires-etudiant.org\/site","https:\/\/www.facebook.com\/solidairesetudiantes","https:\/\/www.instagram.com\/solidairesetu","https:\/\/x.com\/SolidairesEtu","https:\/\/fr.wikipedia.org\/wiki\/Solidaires_tudiant-e-s"]}]}},"_links":{"self":[{"href":"https:\/\/solidaires-etudiant-e-s.org\/site\/wp-json\/wp\/v2\/posts\/4700","targetHints":{"allow":["GET"]}}],"collection":[{"href":"https:\/\/solidaires-etudiant-e-s.org\/site\/wp-json\/wp\/v2\/posts"}],"about":[{"href":"https:\/\/solidaires-etudiant-e-s.org\/site\/wp-json\/wp\/v2\/types\/post"}],"author":[{"embeddable":true,"href":"https:\/\/solidaires-etudiant-e-s.org\/site\/wp-json\/wp\/v2\/users\/1"}],"replies":[{"embeddable":true,"href":"https:\/\/solidaires-etudiant-e-s.org\/site\/wp-json\/wp\/v2\/comments?post=4700"}],"version-history":[{"count":1,"href":"https:\/\/solidaires-etudiant-e-s.org\/site\/wp-json\/wp\/v2\/posts\/4700\/revisions"}],"predecessor-version":[{"id":7498,"href":"https:\/\/solidaires-etudiant-e-s.org\/site\/wp-json\/wp\/v2\/posts\/4700\/revisions\/7498"}],"wp:featuredmedia":[{"embeddable":true,"href":"https:\/\/solidaires-etudiant-e-s.org\/site\/wp-json\/wp\/v2\/media\/4708"}],"wp:attachment":[{"href":"https:\/\/solidaires-etudiant-e-s.org\/site\/wp-json\/wp\/v2\/media?parent=4700"}],"wp:term":[{"taxonomy":"category","embeddable":true,"href":"https:\/\/solidaires-etudiant-e-s.org\/site\/wp-json\/wp\/v2\/categories?post=4700"},{"taxonomy":"post_tag","embeddable":true,"href":"https:\/\/solidaires-etudiant-e-s.org\/site\/wp-json\/wp\/v2\/tags?post=4700"}],"curies":[{"name":"wp","href":"https:\/\/api.w.org\/{rel}","templated":true}]}}