{"id":4648,"date":"2019-05-13T13:30:14","date_gmt":"2019-05-13T11:30:14","guid":{"rendered":"https:\/\/www.solidaires-etudiant.org\/?p=4648"},"modified":"2019-05-13T13:30:14","modified_gmt":"2019-05-13T11:30:14","slug":"communique-commun-contre-la-hausse-des-frais-dinscription-des-etudiant-e-s-etranger-ere-s","status":"publish","type":"post","link":"https:\/\/solidaires-etudiant-e-s.org\/site\/2019\/05\/13\/communique-commun-contre-la-hausse-des-frais-dinscription-des-etudiant-e-s-etranger-ere-s\/","title":{"rendered":"Communiqu\u00e9 commun contre la hausse des frais d&#039;inscription des \u00e9tudiant-e-s \u00e9tranger-\u00e8re-s"},"content":{"rendered":"\n<p>Communiqu\u00e9 commun de Solidaires \u00e9tudiant-e-s, Ing\u00e9nieurs Sans Fronti\u00e8res, UNEF, Ing\u00e9nieurs Engag\u00e9s<\/p>\n\n\n<p><strong>Au pr\u00e9texte d\u2019\u0153uvrer pour de meilleures conditions d\u2019accueil des \u00e9tudiant-e-s extra- communautaire, une hausse diff\u00e9renci\u00e9e des frais d\u2019inscription pour les \u00e9tudiant-es hors- UE entrant en licence ou en master sera appliqu\u00e9e \u00e0 partir de la rentr\u00e9e 2019. Cette mesure appliqu\u00e9e \u00e0 l&rsquo;universit\u00e9 n\u2019est pas sans rappeler celles employ\u00e9es pour augmenter les frais d\u2019inscription dans les grandes \u00e9coles et consolider la reproduction sociale \u00e0 laquelle participent ces \u00e9tablissements. <\/strong><\/p>\n\n\n<p>Augmenter les frais d\u2019inscription dans l\u2019enseignement sup\u00e9rieur provoque un effet d\u2019\u00e9viction puisque seul-e-s les \u00e9tudiant-e-s issu-es des classes sociales les plus ais\u00e9es seront en mesure de payer la somme exig\u00e9e. Si elle est nouvellement introduite \u00e0 l\u2019universit\u00e9 \u00e0 l\u2019encontre des \u00e9tudiant- es \u00e9tranger-\u00e8res, la man\u0153uvre est connue depuis longtemps puisqu&rsquo;elle a d\u00e9j\u00e0 \u00e9t\u00e9 appliqu\u00e9e dans les \u00e9coles d\u2019ing\u00e9nieur-e-s publiques. En effet, de nombreuses \u00e9coles ont drastiquement augment\u00e9 leurs frais d\u2019inscription dans les derni\u00e8res ann\u00e9es. Dans certains cas, ceux-ci ont \u00e9t\u00e9 multipli\u00e9s par 3 en l\u2019espace de 5 ans. Ces augmentations importantes, s\u2019ajoutant \u00e0 un syst\u00e8me s\u00e9lectif d\u00e9j\u00e0 tr\u00e8s excluant pour les classes populaires, finissent de consolider un syst\u00e8me de reproduction sociale d\u00e9j\u00e0 bien en place dans ces \u00e9tablissements. Parfaitement in\u00e9galitaire, le double syst\u00e8me sup\u00e9rieur fran\u00e7ais, avec d&rsquo;un c\u00f4t\u00e9 les grandes \u00e9coles et de l&rsquo;autre les universit\u00e9s, est ainsi successivement renforc\u00e9 par les politiques universitaires \u00e9litistes des gouvernements successifs. <\/p>\n\n\n<p>Apr\u00e8s l\u2019instauration de ParcourSup \u00e0 la rentr\u00e9e 2018, c\u2019est vers cette situation funeste que se dirige l\u2019universit\u00e9 avec la hausse des frais d\u2019inscription pour les \u00e9tudiant-es extra-communautaires. A la s\u00e9lection au \u00ab m\u00e9rite \u00bb de ParcourSup, n\u00e9faste pour les \u00e9tudiant-es nationaux-ales les plus modestes, s\u2019ajoute d\u00e9sormais une s\u00e9lection par l\u2019argent \u00e0 destination des \u00e9tudiant-e-s \u00e9tranger- \u00e8re-s. Une s\u00e9lection \u00e9conomique x\u00e9nophobe puisque les nouveaux frais d\u2019inscription exig\u00e9s seront souvent bien sup\u00e9rieurs aux salaires moyens annuels des pays dont iels sont originaires. Seul-es les \u00e9tudiant-es des pays de l\u2019UE et de quelques autres partenaires \u00e9conomiques seront \u00e9pargn\u00e9- e-s par cette hausse, alors m\u00eame que ce sont celleux qui ont g\u00e9n\u00e9ralement le plus de moyens pour venir \u00e9tudier en France. <\/p>\n\n\n<p>Nous nous opposons \u00e0 cette hausse et \u00e0 la logique de privatisation de l&rsquo;enseignement sup\u00e9rieur en g\u00e9n\u00e9ral et appelons \u00e0 se mobiliser pour le retrait de cette loi et pour un enseignement sup\u00e9rieur accessible \u00e0 toutes et \u00e0 tous. <\/p>\n\n\n<div class=\"wp-block-file aligncenter\"><a href=\"https:\/\/solidaires-etudiant.org\/site\/wp-content\/uploads\/2019\/05\/Communique\u0301-ISF.pdf\">Communiqu\u00e9 en pdf<\/a><a href=\"https:\/\/solidaires-etudiant.org\/site\/wp-content\/uploads\/2019\/05\/Communique\u0301-ISF.pdf\" class=\"wp-block-file__button\" download>T\u00e9l\u00e9charger<\/a><\/div>\n","protected":false},"excerpt":{"rendered":"<p>Communiqu\u00e9 commun de Solidaires \u00e9tudiant-e-s, Ing\u00e9nieurs Sans Fronti\u00e8res, UNEF, Ing\u00e9nieurs Engag\u00e9s Au [&hellip;]<\/p>\n","protected":false},"author":1,"featured_media":4651,"comment_status":"closed","ping_status":"closed","sticky":false,"template":"","format":"standard","meta":{"cybocfi_hide_featured_image":"","footnotes":""},"categories":[7,10,15,18],"tags":[],"class_list":["post-4648","post","type-post","status-publish","format-standard","has-post-thumbnail","hentry","category-antiracisme","category-communiques","category-droits-etudiants","category-esr","col-md-4 col-sm-4"],"featured_image_src":"https:\/\/solidaires-etudiant-e-s.org\/site\/wp-content\/uploads\/2019\/05\/Illustration-communique\u0301.png","author_info":{"display_name":"Solidaires \u00e9tudiant-e-s","author_link":false},"yoast_head":"<!-- This site is optimized with the Yoast SEO plugin v27.5 - https:\/\/yoast.com\/product\/yoast-seo-wordpress\/ -->\n<title>Communiqu\u00e9 commun contre la hausse des frais d&#039;inscription des \u00e9tudiant-e-s \u00e9tranger-\u00e8re-s - Solidaires \u00e9tudiant-e-s<\/title>\n<meta name=\"robots\" content=\"index, follow, max-snippet:-1, max-image-preview:large, max-video-preview:-1\" \/>\n<link rel=\"canonical\" href=\"https:\/\/solidaires-etudiant-e-s.org\/site\/2019\/05\/13\/communique-commun-contre-la-hausse-des-frais-dinscription-des-etudiant-e-s-etranger-ere-s\/\" \/>\n<meta property=\"og:locale\" content=\"fr_FR\" \/>\n<meta property=\"og:type\" content=\"article\" \/>\n<meta property=\"og:title\" content=\"Communiqu\u00e9 commun contre la hausse des frais d&#039;inscription des \u00e9tudiant-e-s \u00e9tranger-\u00e8re-s - Solidaires \u00e9tudiant-e-s\" \/>\n<meta property=\"og:description\" content=\"Communiqu\u00e9 commun de Solidaires \u00e9tudiant-e-s, Ing\u00e9nieurs Sans Fronti\u00e8res, UNEF, Ing\u00e9nieurs Engag\u00e9s Au [&hellip;]\" \/>\n<meta property=\"og:url\" content=\"https:\/\/solidaires-etudiant-e-s.org\/site\/2019\/05\/13\/communique-commun-contre-la-hausse-des-frais-dinscription-des-etudiant-e-s-etranger-ere-s\/\" \/>\n<meta property=\"og:site_name\" content=\"Solidaires \u00e9tudiant-e-s\" \/>\n<meta property=\"article:publisher\" content=\"https:\/\/www.facebook.com\/solidairesetudiantes\" \/>\n<meta property=\"article:author\" content=\"https:\/\/www.facebook.com\/solidairesetudiantes\" \/>\n<meta property=\"article:published_time\" content=\"2019-05-13T11:30:14+00:00\" \/>\n<meta property=\"og:image\" content=\"https:\/\/solidaires-etudiant-e-s.org\/site\/wp-content\/uploads\/2019\/05\/Illustration-communique\u0301.png\" \/>\n\t<meta property=\"og:image:width\" content=\"967\" \/>\n\t<meta property=\"og:image:height\" content=\"424\" \/>\n\t<meta property=\"og:image:type\" content=\"image\/png\" \/>\n<meta name=\"author\" content=\"Solidaires \u00e9tudiant-e-s\" \/>\n<meta name=\"twitter:card\" content=\"summary_large_image\" \/>\n<meta name=\"twitter:creator\" content=\"@SolidairesEtu\" \/>\n<meta name=\"twitter:site\" content=\"@SolidairesEtu\" \/>\n<meta name=\"twitter:label1\" content=\"\u00c9crit par\" \/>\n\t<meta name=\"twitter:data1\" content=\"Solidaires \u00e9tudiant-e-s\" \/>\n\t<meta name=\"twitter:label2\" content=\"Dur\u00e9e de lecture estim\u00e9e\" \/>\n\t<meta name=\"twitter:data2\" content=\"2 minutes\" \/>\n<script type=\"application\/ld+json\" class=\"yoast-schema-graph\">{\"@context\":\"https:\\\/\\\/schema.org\",\"@graph\":[{\"@type\":\"Article\",\"@id\":\"https:\\\/\\\/solidaires-etudiant-e-s.org\\\/site\\\/2019\\\/05\\\/13\\\/communique-commun-contre-la-hausse-des-frais-dinscription-des-etudiant-e-s-etranger-ere-s\\\/#article\",\"isPartOf\":{\"@id\":\"https:\\\/\\\/solidaires-etudiant-e-s.org\\\/site\\\/2019\\\/05\\\/13\\\/communique-commun-contre-la-hausse-des-frais-dinscription-des-etudiant-e-s-etranger-ere-s\\\/\"},\"author\":{\"name\":\"Solidaires \u00e9tudiant-e-s\",\"@id\":\"https:\\\/\\\/solidaires-etudiant-e-s.org\\\/site\\\/#\\\/schema\\\/person\\\/0efb3e0ff4e2f12b5a5abcd4352aa86c\"},\"headline\":\"Communiqu\u00e9 commun contre la hausse des frais d&#039;inscription des \u00e9tudiant-e-s \u00e9tranger-\u00e8re-s\",\"datePublished\":\"2019-05-13T11:30:14+00:00\",\"mainEntityOfPage\":{\"@id\":\"https:\\\/\\\/solidaires-etudiant-e-s.org\\\/site\\\/2019\\\/05\\\/13\\\/communique-commun-contre-la-hausse-des-frais-dinscription-des-etudiant-e-s-etranger-ere-s\\\/\"},\"wordCount\":462,\"publisher\":{\"@id\":\"https:\\\/\\\/solidaires-etudiant-e-s.org\\\/site\\\/#organization\"},\"image\":{\"@id\":\"https:\\\/\\\/solidaires-etudiant-e-s.org\\\/site\\\/2019\\\/05\\\/13\\\/communique-commun-contre-la-hausse-des-frais-dinscription-des-etudiant-e-s-etranger-ere-s\\\/#primaryimage\"},\"thumbnailUrl\":\"https:\\\/\\\/solidaires-etudiant-e-s.org\\\/site\\\/wp-content\\\/uploads\\\/2019\\\/05\\\/Illustration-communique\u0301.png\",\"articleSection\":[\"ANTIRACISME\",\"COMMUNIQUES NATIONAUX\",\"DROITS ETUDIANTS\",\"ENSEIGNEMENT SUPERIEUR\"],\"inLanguage\":\"fr-FR\"},{\"@type\":\"WebPage\",\"@id\":\"https:\\\/\\\/solidaires-etudiant-e-s.org\\\/site\\\/2019\\\/05\\\/13\\\/communique-commun-contre-la-hausse-des-frais-dinscription-des-etudiant-e-s-etranger-ere-s\\\/\",\"url\":\"https:\\\/\\\/solidaires-etudiant-e-s.org\\\/site\\\/2019\\\/05\\\/13\\\/communique-commun-contre-la-hausse-des-frais-dinscription-des-etudiant-e-s-etranger-ere-s\\\/\",\"name\":\"Communiqu\u00e9 commun contre la hausse des frais d&#039;inscription des \u00e9tudiant-e-s \u00e9tranger-\u00e8re-s - Solidaires \u00e9tudiant-e-s\",\"isPartOf\":{\"@id\":\"https:\\\/\\\/solidaires-etudiant-e-s.org\\\/site\\\/#website\"},\"primaryImageOfPage\":{\"@id\":\"https:\\\/\\\/solidaires-etudiant-e-s.org\\\/site\\\/2019\\\/05\\\/13\\\/communique-commun-contre-la-hausse-des-frais-dinscription-des-etudiant-e-s-etranger-ere-s\\\/#primaryimage\"},\"image\":{\"@id\":\"https:\\\/\\\/solidaires-etudiant-e-s.org\\\/site\\\/2019\\\/05\\\/13\\\/communique-commun-contre-la-hausse-des-frais-dinscription-des-etudiant-e-s-etranger-ere-s\\\/#primaryimage\"},\"thumbnailUrl\":\"https:\\\/\\\/solidaires-etudiant-e-s.org\\\/site\\\/wp-content\\\/uploads\\\/2019\\\/05\\\/Illustration-communique\u0301.png\",\"datePublished\":\"2019-05-13T11:30:14+00:00\",\"breadcrumb\":{\"@id\":\"https:\\\/\\\/solidaires-etudiant-e-s.org\\\/site\\\/2019\\\/05\\\/13\\\/communique-commun-contre-la-hausse-des-frais-dinscription-des-etudiant-e-s-etranger-ere-s\\\/#breadcrumb\"},\"inLanguage\":\"fr-FR\",\"potentialAction\":[{\"@type\":\"ReadAction\",\"target\":[\"https:\\\/\\\/solidaires-etudiant-e-s.org\\\/site\\\/2019\\\/05\\\/13\\\/communique-commun-contre-la-hausse-des-frais-dinscription-des-etudiant-e-s-etranger-ere-s\\\/\"]}]},{\"@type\":\"ImageObject\",\"inLanguage\":\"fr-FR\",\"@id\":\"https:\\\/\\\/solidaires-etudiant-e-s.org\\\/site\\\/2019\\\/05\\\/13\\\/communique-commun-contre-la-hausse-des-frais-dinscription-des-etudiant-e-s-etranger-ere-s\\\/#primaryimage\",\"url\":\"https:\\\/\\\/solidaires-etudiant-e-s.org\\\/site\\\/wp-content\\\/uploads\\\/2019\\\/05\\\/Illustration-communique\u0301.png\",\"contentUrl\":\"https:\\\/\\\/solidaires-etudiant-e-s.org\\\/site\\\/wp-content\\\/uploads\\\/2019\\\/05\\\/Illustration-communique\u0301.png\",\"width\":967,\"height\":424},{\"@type\":\"BreadcrumbList\",\"@id\":\"https:\\\/\\\/solidaires-etudiant-e-s.org\\\/site\\\/2019\\\/05\\\/13\\\/communique-commun-contre-la-hausse-des-frais-dinscription-des-etudiant-e-s-etranger-ere-s\\\/#breadcrumb\",\"itemListElement\":[{\"@type\":\"ListItem\",\"position\":1,\"name\":\"Accueil\",\"item\":\"https:\\\/\\\/solidaires-etudiant-e-s.org\\\/site\\\/\"},{\"@type\":\"ListItem\",\"position\":2,\"name\":\"Communiqu\u00e9 commun contre la hausse des frais d&#039;inscription des \u00e9tudiant-e-s \u00e9tranger-\u00e8re-s\"}]},{\"@type\":\"WebSite\",\"@id\":\"https:\\\/\\\/solidaires-etudiant-e-s.org\\\/site\\\/#website\",\"url\":\"https:\\\/\\\/solidaires-etudiant-e-s.org\\\/site\\\/\",\"name\":\"Solidaires \u00e9tudiant-e-s\",\"description\":\"Syndicats pour un enseignement sup\u00e9rieur gratuit, ouvert, et \u00e9mancipateur !\",\"publisher\":{\"@id\":\"https:\\\/\\\/solidaires-etudiant-e-s.org\\\/site\\\/#organization\"},\"potentialAction\":[{\"@type\":\"SearchAction\",\"target\":{\"@type\":\"EntryPoint\",\"urlTemplate\":\"https:\\\/\\\/solidaires-etudiant-e-s.org\\\/site\\\/?s={search_term_string}\"},\"query-input\":{\"@type\":\"PropertyValueSpecification\",\"valueRequired\":true,\"valueName\":\"search_term_string\"}}],\"inLanguage\":\"fr-FR\"},{\"@type\":\"Organization\",\"@id\":\"https:\\\/\\\/solidaires-etudiant-e-s.org\\\/site\\\/#organization\",\"name\":\"Solidaires \u00e9tudiant-e-s\",\"url\":\"https:\\\/\\\/solidaires-etudiant-e-s.org\\\/site\\\/\",\"logo\":{\"@type\":\"ImageObject\",\"inLanguage\":\"fr-FR\",\"@id\":\"https:\\\/\\\/solidaires-etudiant-e-s.org\\\/site\\\/#\\\/schema\\\/logo\\\/image\\\/\",\"url\":\"https:\\\/\\\/solidaires-etudiant-e-s.org\\\/site\\\/wp-content\\\/uploads\\\/2025\\\/12\\\/13-1.png\",\"contentUrl\":\"https:\\\/\\\/solidaires-etudiant-e-s.org\\\/site\\\/wp-content\\\/uploads\\\/2025\\\/12\\\/13-1.png\",\"width\":1181,\"height\":827,\"caption\":\"Solidaires \u00e9tudiant-e-s\"},\"image\":{\"@id\":\"https:\\\/\\\/solidaires-etudiant-e-s.org\\\/site\\\/#\\\/schema\\\/logo\\\/image\\\/\"},\"sameAs\":[\"https:\\\/\\\/www.facebook.com\\\/solidairesetudiantes\",\"https:\\\/\\\/x.com\\\/SolidairesEtu\",\"https:\\\/\\\/www.instagram.com\\\/solidairesetu\\\/\",\"https:\\\/\\\/bsky.app\\\/profile\\\/solidaires-etudiant-e-s.org\",\"https:\\\/\\\/mastodon.social\\\/@solidairesetu\",\"https:\\\/\\\/www.youtube.com\\\/channel\\\/UC_iZN9gmVAAnXbBM7wAWOag\"]},{\"@type\":\"Person\",\"@id\":\"https:\\\/\\\/solidaires-etudiant-e-s.org\\\/site\\\/#\\\/schema\\\/person\\\/0efb3e0ff4e2f12b5a5abcd4352aa86c\",\"name\":\"Solidaires \u00e9tudiant-e-s\",\"image\":{\"@type\":\"ImageObject\",\"inLanguage\":\"fr-FR\",\"@id\":\"https:\\\/\\\/solidaires-etudiant-e-s.org\\\/site\\\/wp-content\\\/uploads\\\/2020\\\/01\\\/logo-SESL-rond-512-96x96.png\",\"url\":\"https:\\\/\\\/solidaires-etudiant-e-s.org\\\/site\\\/wp-content\\\/uploads\\\/2020\\\/01\\\/logo-SESL-rond-512-96x96.png\",\"contentUrl\":\"https:\\\/\\\/solidaires-etudiant-e-s.org\\\/site\\\/wp-content\\\/uploads\\\/2020\\\/01\\\/logo-SESL-rond-512-96x96.png\",\"caption\":\"Solidaires \u00e9tudiant-e-s\"},\"sameAs\":[\"https:\\\/\\\/solidaires-etudiant.org\\\/site\",\"https:\\\/\\\/www.facebook.com\\\/solidairesetudiantes\",\"https:\\\/\\\/www.instagram.com\\\/solidairesetu\",\"https:\\\/\\\/x.com\\\/SolidairesEtu\",\"https:\\\/\\\/fr.wikipedia.org\\\/wiki\\\/Solidaires_tudiant-e-s\"]}]}<\/script>\n<!-- \/ Yoast SEO plugin. -->","yoast_head_json":{"title":"Communiqu\u00e9 commun contre la hausse des frais d&#039;inscription des \u00e9tudiant-e-s \u00e9tranger-\u00e8re-s - Solidaires \u00e9tudiant-e-s","robots":{"index":"index","follow":"follow","max-snippet":"max-snippet:-1","max-image-preview":"max-image-preview:large","max-video-preview":"max-video-preview:-1"},"canonical":"https:\/\/solidaires-etudiant-e-s.org\/site\/2019\/05\/13\/communique-commun-contre-la-hausse-des-frais-dinscription-des-etudiant-e-s-etranger-ere-s\/","og_locale":"fr_FR","og_type":"article","og_title":"Communiqu\u00e9 commun contre la hausse des frais d&#039;inscription des \u00e9tudiant-e-s \u00e9tranger-\u00e8re-s - Solidaires \u00e9tudiant-e-s","og_description":"Communiqu\u00e9 commun de Solidaires \u00e9tudiant-e-s, Ing\u00e9nieurs Sans Fronti\u00e8res, UNEF, Ing\u00e9nieurs Engag\u00e9s Au [&hellip;]","og_url":"https:\/\/solidaires-etudiant-e-s.org\/site\/2019\/05\/13\/communique-commun-contre-la-hausse-des-frais-dinscription-des-etudiant-e-s-etranger-ere-s\/","og_site_name":"Solidaires \u00e9tudiant-e-s","article_publisher":"https:\/\/www.facebook.com\/solidairesetudiantes","article_author":"https:\/\/www.facebook.com\/solidairesetudiantes","article_published_time":"2019-05-13T11:30:14+00:00","og_image":[{"width":967,"height":424,"url":"https:\/\/solidaires-etudiant-e-s.org\/site\/wp-content\/uploads\/2019\/05\/Illustration-communique\u0301.png","type":"image\/png"}],"author":"Solidaires \u00e9tudiant-e-s","twitter_card":"summary_large_image","twitter_creator":"@SolidairesEtu","twitter_site":"@SolidairesEtu","twitter_misc":{"\u00c9crit par":"Solidaires \u00e9tudiant-e-s","Dur\u00e9e de lecture estim\u00e9e":"2 minutes"},"schema":{"@context":"https:\/\/schema.org","@graph":[{"@type":"Article","@id":"https:\/\/solidaires-etudiant-e-s.org\/site\/2019\/05\/13\/communique-commun-contre-la-hausse-des-frais-dinscription-des-etudiant-e-s-etranger-ere-s\/#article","isPartOf":{"@id":"https:\/\/solidaires-etudiant-e-s.org\/site\/2019\/05\/13\/communique-commun-contre-la-hausse-des-frais-dinscription-des-etudiant-e-s-etranger-ere-s\/"},"author":{"name":"Solidaires \u00e9tudiant-e-s","@id":"https:\/\/solidaires-etudiant-e-s.org\/site\/#\/schema\/person\/0efb3e0ff4e2f12b5a5abcd4352aa86c"},"headline":"Communiqu\u00e9 commun contre la hausse des frais d&#039;inscription des \u00e9tudiant-e-s \u00e9tranger-\u00e8re-s","datePublished":"2019-05-13T11:30:14+00:00","mainEntityOfPage":{"@id":"https:\/\/solidaires-etudiant-e-s.org\/site\/2019\/05\/13\/communique-commun-contre-la-hausse-des-frais-dinscription-des-etudiant-e-s-etranger-ere-s\/"},"wordCount":462,"publisher":{"@id":"https:\/\/solidaires-etudiant-e-s.org\/site\/#organization"},"image":{"@id":"https:\/\/solidaires-etudiant-e-s.org\/site\/2019\/05\/13\/communique-commun-contre-la-hausse-des-frais-dinscription-des-etudiant-e-s-etranger-ere-s\/#primaryimage"},"thumbnailUrl":"https:\/\/solidaires-etudiant-e-s.org\/site\/wp-content\/uploads\/2019\/05\/Illustration-communique\u0301.png","articleSection":["ANTIRACISME","COMMUNIQUES NATIONAUX","DROITS ETUDIANTS","ENSEIGNEMENT SUPERIEUR"],"inLanguage":"fr-FR"},{"@type":"WebPage","@id":"https:\/\/solidaires-etudiant-e-s.org\/site\/2019\/05\/13\/communique-commun-contre-la-hausse-des-frais-dinscription-des-etudiant-e-s-etranger-ere-s\/","url":"https:\/\/solidaires-etudiant-e-s.org\/site\/2019\/05\/13\/communique-commun-contre-la-hausse-des-frais-dinscription-des-etudiant-e-s-etranger-ere-s\/","name":"Communiqu\u00e9 commun contre la hausse des frais d&#039;inscription des \u00e9tudiant-e-s \u00e9tranger-\u00e8re-s - Solidaires \u00e9tudiant-e-s","isPartOf":{"@id":"https:\/\/solidaires-etudiant-e-s.org\/site\/#website"},"primaryImageOfPage":{"@id":"https:\/\/solidaires-etudiant-e-s.org\/site\/2019\/05\/13\/communique-commun-contre-la-hausse-des-frais-dinscription-des-etudiant-e-s-etranger-ere-s\/#primaryimage"},"image":{"@id":"https:\/\/solidaires-etudiant-e-s.org\/site\/2019\/05\/13\/communique-commun-contre-la-hausse-des-frais-dinscription-des-etudiant-e-s-etranger-ere-s\/#primaryimage"},"thumbnailUrl":"https:\/\/solidaires-etudiant-e-s.org\/site\/wp-content\/uploads\/2019\/05\/Illustration-communique\u0301.png","datePublished":"2019-05-13T11:30:14+00:00","breadcrumb":{"@id":"https:\/\/solidaires-etudiant-e-s.org\/site\/2019\/05\/13\/communique-commun-contre-la-hausse-des-frais-dinscription-des-etudiant-e-s-etranger-ere-s\/#breadcrumb"},"inLanguage":"fr-FR","potentialAction":[{"@type":"ReadAction","target":["https:\/\/solidaires-etudiant-e-s.org\/site\/2019\/05\/13\/communique-commun-contre-la-hausse-des-frais-dinscription-des-etudiant-e-s-etranger-ere-s\/"]}]},{"@type":"ImageObject","inLanguage":"fr-FR","@id":"https:\/\/solidaires-etudiant-e-s.org\/site\/2019\/05\/13\/communique-commun-contre-la-hausse-des-frais-dinscription-des-etudiant-e-s-etranger-ere-s\/#primaryimage","url":"https:\/\/solidaires-etudiant-e-s.org\/site\/wp-content\/uploads\/2019\/05\/Illustration-communique\u0301.png","contentUrl":"https:\/\/solidaires-etudiant-e-s.org\/site\/wp-content\/uploads\/2019\/05\/Illustration-communique\u0301.png","width":967,"height":424},{"@type":"BreadcrumbList","@id":"https:\/\/solidaires-etudiant-e-s.org\/site\/2019\/05\/13\/communique-commun-contre-la-hausse-des-frais-dinscription-des-etudiant-e-s-etranger-ere-s\/#breadcrumb","itemListElement":[{"@type":"ListItem","position":1,"name":"Accueil","item":"https:\/\/solidaires-etudiant-e-s.org\/site\/"},{"@type":"ListItem","position":2,"name":"Communiqu\u00e9 commun contre la hausse des frais d&#039;inscription des \u00e9tudiant-e-s \u00e9tranger-\u00e8re-s"}]},{"@type":"WebSite","@id":"https:\/\/solidaires-etudiant-e-s.org\/site\/#website","url":"https:\/\/solidaires-etudiant-e-s.org\/site\/","name":"Solidaires \u00e9tudiant-e-s","description":"Syndicats pour un enseignement sup\u00e9rieur gratuit, ouvert, et \u00e9mancipateur !","publisher":{"@id":"https:\/\/solidaires-etudiant-e-s.org\/site\/#organization"},"potentialAction":[{"@type":"SearchAction","target":{"@type":"EntryPoint","urlTemplate":"https:\/\/solidaires-etudiant-e-s.org\/site\/?s={search_term_string}"},"query-input":{"@type":"PropertyValueSpecification","valueRequired":true,"valueName":"search_term_string"}}],"inLanguage":"fr-FR"},{"@type":"Organization","@id":"https:\/\/solidaires-etudiant-e-s.org\/site\/#organization","name":"Solidaires \u00e9tudiant-e-s","url":"https:\/\/solidaires-etudiant-e-s.org\/site\/","logo":{"@type":"ImageObject","inLanguage":"fr-FR","@id":"https:\/\/solidaires-etudiant-e-s.org\/site\/#\/schema\/logo\/image\/","url":"https:\/\/solidaires-etudiant-e-s.org\/site\/wp-content\/uploads\/2025\/12\/13-1.png","contentUrl":"https:\/\/solidaires-etudiant-e-s.org\/site\/wp-content\/uploads\/2025\/12\/13-1.png","width":1181,"height":827,"caption":"Solidaires \u00e9tudiant-e-s"},"image":{"@id":"https:\/\/solidaires-etudiant-e-s.org\/site\/#\/schema\/logo\/image\/"},"sameAs":["https:\/\/www.facebook.com\/solidairesetudiantes","https:\/\/x.com\/SolidairesEtu","https:\/\/www.instagram.com\/solidairesetu\/","https:\/\/bsky.app\/profile\/solidaires-etudiant-e-s.org","https:\/\/mastodon.social\/@solidairesetu","https:\/\/www.youtube.com\/channel\/UC_iZN9gmVAAnXbBM7wAWOag"]},{"@type":"Person","@id":"https:\/\/solidaires-etudiant-e-s.org\/site\/#\/schema\/person\/0efb3e0ff4e2f12b5a5abcd4352aa86c","name":"Solidaires \u00e9tudiant-e-s","image":{"@type":"ImageObject","inLanguage":"fr-FR","@id":"https:\/\/solidaires-etudiant-e-s.org\/site\/wp-content\/uploads\/2020\/01\/logo-SESL-rond-512-96x96.png","url":"https:\/\/solidaires-etudiant-e-s.org\/site\/wp-content\/uploads\/2020\/01\/logo-SESL-rond-512-96x96.png","contentUrl":"https:\/\/solidaires-etudiant-e-s.org\/site\/wp-content\/uploads\/2020\/01\/logo-SESL-rond-512-96x96.png","caption":"Solidaires \u00e9tudiant-e-s"},"sameAs":["https:\/\/solidaires-etudiant.org\/site","https:\/\/www.facebook.com\/solidairesetudiantes","https:\/\/www.instagram.com\/solidairesetu","https:\/\/x.com\/SolidairesEtu","https:\/\/fr.wikipedia.org\/wiki\/Solidaires_tudiant-e-s"]}]}},"_links":{"self":[{"href":"https:\/\/solidaires-etudiant-e-s.org\/site\/wp-json\/wp\/v2\/posts\/4648","targetHints":{"allow":["GET"]}}],"collection":[{"href":"https:\/\/solidaires-etudiant-e-s.org\/site\/wp-json\/wp\/v2\/posts"}],"about":[{"href":"https:\/\/solidaires-etudiant-e-s.org\/site\/wp-json\/wp\/v2\/types\/post"}],"author":[{"embeddable":true,"href":"https:\/\/solidaires-etudiant-e-s.org\/site\/wp-json\/wp\/v2\/users\/1"}],"replies":[{"embeddable":true,"href":"https:\/\/solidaires-etudiant-e-s.org\/site\/wp-json\/wp\/v2\/comments?post=4648"}],"version-history":[{"count":0,"href":"https:\/\/solidaires-etudiant-e-s.org\/site\/wp-json\/wp\/v2\/posts\/4648\/revisions"}],"wp:featuredmedia":[{"embeddable":true,"href":"https:\/\/solidaires-etudiant-e-s.org\/site\/wp-json\/wp\/v2\/media\/4651"}],"wp:attachment":[{"href":"https:\/\/solidaires-etudiant-e-s.org\/site\/wp-json\/wp\/v2\/media?parent=4648"}],"wp:term":[{"taxonomy":"category","embeddable":true,"href":"https:\/\/solidaires-etudiant-e-s.org\/site\/wp-json\/wp\/v2\/categories?post=4648"},{"taxonomy":"post_tag","embeddable":true,"href":"https:\/\/solidaires-etudiant-e-s.org\/site\/wp-json\/wp\/v2\/tags?post=4648"}],"curies":[{"name":"wp","href":"https:\/\/api.w.org\/{rel}","templated":true}]}}