{"id":4579,"date":"2019-03-07T20:56:05","date_gmt":"2019-03-07T19:56:05","guid":{"rendered":"https:\/\/www.solidaires-etudiant.org\/?p=4579"},"modified":"2019-03-07T20:56:05","modified_gmt":"2019-03-07T19:56:05","slug":"facs-en-luttes-2-contre-la-hausse-des-frais-dinscription","status":"publish","type":"post","link":"https:\/\/solidaires-etudiant-e-s.org\/site\/2019\/03\/07\/facs-en-luttes-2-contre-la-hausse-des-frais-dinscription\/","title":{"rendered":"Facs en luttes #2 &#8211; contre la hausse des frais d&#039;inscription"},"content":{"rendered":"\n<p><strong>Voici la seconde \u00e9dition des Facs en luttes contre la hausse des frais d&rsquo;inscription <\/strong><\/p>\n\n\n<p>Depuis l&rsquo;annonce du gouvernement en novembre, les \u00e9tudiant-e-s et les personnels se mobilisent contre le plan \u00ab\u00a0Bienvenue en France\u00a0\u00bb qui met en place des frais d&rsquo;inscription de 2 770\u20ac en licence et 3 770\u20ac en master. <\/p>\n\n\n<p>Ci-dessous, la liste de toutes les universit\u00e9s mobilis\u00e9es contre la hausse des frais d&rsquo;inscription avec les prochains rendez-vous. <\/p>\n\n\n<figure class=\"wp-block-image\"><img loading=\"lazy\" decoding=\"async\" width=\"685\" height=\"619\" src=\"https:\/\/solidaires-etudiant.org\/site\/wp-content\/uploads\/2019\/03\/Facs-en-luttes-2-3.png\" alt=\"\" class=\"wp-image-4601\" srcset=\"https:\/\/solidaires-etudiant-e-s.org\/site\/wp-content\/uploads\/2019\/03\/Facs-en-luttes-2-3.png 685w, https:\/\/solidaires-etudiant-e-s.org\/site\/wp-content\/uploads\/2019\/03\/Facs-en-luttes-2-3-300x271.png 300w\" sizes=\"auto, (max-width: 685px) 100vw, 685px\" \/><figcaption>La version interactive de <a href=\"http:\/\/u.osmfr.org\/m\/285297\/\">Facs en luttes #2<\/a><\/figcaption><\/figure>\n\n\n<p><strong>L\u00e9gende : <\/strong><br \/><\/p>\n\n\n<div class=\"wp-block-image\"><figure class=\"alignleft\"><img loading=\"lazy\" decoding=\"async\" width=\"45\" height=\"57\" src=\"https:\/\/solidaires-etudiant.org\/site\/wp-content\/uploads\/2019\/03\/Le\u0301gende-marron-2-3.png\" alt=\"\" class=\"wp-image-4587\"\/><\/figure><\/div>\n\n\n<p>Le-a pr\u00e9sident-e a d\u00e9cid\u00e9 de \u00ab\u00a0s&rsquo;opposer\u00a0\u00bb \u00e0 la hausse des frais d&rsquo;inscription mais aucune assembl\u00e9e g\u00e9n\u00e9rale n&rsquo;a lieu sur le campus. <\/p>\n\n\n<div class=\"wp-block-image\"><figure class=\"alignleft\"><img loading=\"lazy\" decoding=\"async\" width=\"65\" height=\"61\" src=\"https:\/\/solidaires-etudiant.org\/site\/wp-content\/uploads\/2019\/03\/Le\u0301gende-rose-2.png\" alt=\"\" class=\"wp-image-4588\"\/><\/figure><\/div>\n\n\n<p>Les \u00e9tudiant-e-s et\/ou les personnels s&rsquo;organisent dans des assembl\u00e9es g\u00e9n\u00e9rales afin de lutter contre le Plan \u00ab\u00a0Bienvenue en France\u00a0\u00bb.<\/p>\n\n\n<div class=\"wp-block-image\"><figure class=\"alignleft\"><img loading=\"lazy\" decoding=\"async\" width=\"57\" height=\"53\" src=\"https:\/\/solidaires-etudiant.org\/site\/wp-content\/uploads\/2019\/03\/Le\u0301ge\u0301nde-rouge-2-1.png\" alt=\"\" class=\"wp-image-4590\"\/><\/figure><\/div>\n\n\n<p>Le campus a \u00e9t\u00e9 bloqu\u00e9 lors d&rsquo;une journ\u00e9e de mobilisation et les \u00e9tudiant-e-s continuent de s&rsquo;organiser dans des assembl\u00e9es g\u00e9n\u00e9rales afin de lutter contre le Plan \u00ab\u00a0Bienvenue en France\u00a0\u00bb. <\/p>\n\n\n<p><strong>La liste non-exhaustive des universit\u00e9s en luttes : <\/strong><\/p>\n\n\n<p><strong>Aix-Marseille<\/strong> :\nLe pr\u00e9sident a annonc\u00e9 \u00ab&nbsp;s\u2019opposer&nbsp;\u00bb \u00e0 la hausse des\nfrais d\u2019inscription pour les \u00e9tudiant-e-s extra-communautaires.<\/p>\n\n\n<p>Les derniers \u00e9v\u00e8nements \u00e9taient\ndes manifestations les 5 et 13 f\u00e9vrier, et des assembl\u00e9es g\u00e9n\u00e9rales\nles 6 et 12 f\u00e9vrier (environ 70 personnes).<\/p>\n\n\n<p>Les prochains \u00e9v\u00e8nements sont&nbsp;:\n<\/p>\n\n\n<ul class=\"wp-block-list\"><li> 5 Mars, une assembl\u00e9e g\u00e9n\u00e9rale sur le campus Luminy (Marseille) <\/li><li> 7 Mars : une assembl\u00e9e g\u00e9n\u00e9rale sur le campus d\u2019Aix en Provence <\/li><li>  <a href=\"https:\/\/www.facebook.com\/events\/250159915861348\/\">8 Mars : un rassemblement devant la CFVU \u00e0 Marseille<\/a>  <\/li><li> 12 Mars, 11h&nbsp;: un rassemblement devant le rectorat \u00e0 Aix en Provence <\/li><\/ul>\n\n\n<p><strong>Angers<\/strong> : Le pr\u00e9sident a annonc\u00e9 \u00ab&nbsp;s\u2019opposer&nbsp;\u00bb \u00e0 la hausse des frais d\u2019inscription pour les \u00e9tudiant-e-s extra-communautaires. Les derniers \u00e9v\u00e8nements \u00e9taient un d\u00e9ploiement de banderole au ch\u00e2teau d\u2019Angers, le jeudi 14 f\u00e9vrier, un comit\u00e9 de mobilisation mercredi 27 f\u00e9vrier, et un rassemblement devant la pr\u00e9fecture le mercredi 27 f\u00e9vrier.<\/p>\n\n\n<p><strong>Besan\u00e7on <\/strong>: Une motion du conseil\nd\u2019administration de l\u2019universit\u00e9 s\u2019est oppos\u00e9e \u00e0 la hausse\ndes frais d\u2019inscription. Il y avait 30 personnes \u00e0 la derni\u00e8re\nassembl\u00e9e g\u00e9n\u00e9rale.<\/p>\n\n\n<p><strong>Brest <\/strong>: Les derniers \u00e9v\u00e8nements \u00e9taient\nune occupation d\u2019amphi d\u00e9but\u00e9e le 28 janvier, une manifestation\nle 5 f\u00e9vrier, une assembl\u00e9e g\u00e9n\u00e9rale de 11 f\u00e9vrier et un blocage\nde l\u2019universit\u00e9 pour participer \u00e0 la manifestation du 12 f\u00e9vrier.<\/p>\n\n\n<p><strong>Bordeaux<\/strong> : Les derniers\n\u00e9v\u00e8nements \u00e9taient un blocage de l\u2019universit\u00e9 de 5 f\u00e9vrier\npour pouvoir participer \u00e0 la manifestation, des assembl\u00e9es\ng\u00e9n\u00e9rales les 7 et 14 f\u00e9vrier (2 000 \u00e0 3 000 personnes).<\/p>\n\n\n<p><strong>Caen<\/strong> : Le pr\u00e9sident a annonc\u00e9\n\u00ab&nbsp;s\u2019opposer&nbsp;\u00bb \u00e0 la hausse des frais d\u2019inscription\npour les \u00e9tudiant-e-s extra-communautaires tandis que des assembl\u00e9es\ng\u00e9n\u00e9rale se d\u00e9roulent depuis le d\u00e9but du mois de janvier.<\/p>\n\n\n<p>Les derniers \u00e9v\u00e8nements \u00e9taient un sit-in le 7\nf\u00e9vrier (30-40 personnes), une assembl\u00e9e g\u00e9n\u00e9rale le 27 f\u00e9vrier\n(50 personnes).<\/p>\n\n\n<p>Le prochain \u00e9v\u00e8nement est un piquet de gr\u00e8ve avec repas partag\u00e9 et animation sur la fac \u00e0 partir de 8h le 12 mars.<\/p>\n\n\n<p><strong>Centre Pompidou<\/strong> : Un <a href=\"https:\/\/www.youtube.com\/watch?v=R5zhEeEZjk4&amp;feature=youtu.be\">carr\u00e9 rouge<\/a> a \u00e9t\u00e9 d\u00e9ploy\u00e9 \u00e0 Beaubourg le 10 mars<\/p>\n\n\n<p><strong>Clermont-Ferrand<\/strong> : Le pr\u00e9sident a annonc\u00e9 \u00ab&nbsp;s\u2019opposer&nbsp;\u00bb \u00e0 la hausse des frais d\u2019inscription pour les \u00e9tudiant-e-s extra-communautaires. Une r\u00e9union d\u2019information s\u2019est d\u00e9roul\u00e9e vendredi 1er f\u00e9vrier, une assembl\u00e9e g\u00e9n\u00e9rale le 14 f\u00e9vrier (33 personnes)<\/p>\n\n\n<p><strong>Dijon<\/strong>&nbsp;: La derni\u00e8re assembl\u00e9e\ng\u00e9n\u00e9rale a eu lieu vendredi 1er mars.<\/p>\n\n\n<p><strong>EHESS<\/strong> : Le pr\u00e9sident a annonc\u00e9 \u00ab&nbsp;s\u2019opposer&nbsp;\u00bb \u00e0 la hausse des frais d\u2019inscription pour les \u00e9tudiant-e-s extra-communautaires.<br \/>Les \u00e9tudiant-e-s ont particip\u00e9 \u00e0 la manifestation du mardi 5 f\u00e9vrier.<\/p>\n\n\n<p>Un rassemblement devant le CNESER est pr\u00e9vu le 11 mars et une manifestation aura lieu \u00e0 14h le 12 mars devant le minist\u00e8re de l&rsquo;Enseignement Sup\u00e9rieur et de la Recherche, \u00e0 c\u00f4t\u00e9 du Panth\u00e9on.<\/p>\n\n\n<p><strong>Grenoble<\/strong> : Le pr\u00e9sident a annonc\u00e9 \u00ab&nbsp;s\u2019opposer&nbsp;\u00bb \u00e0 la hausse des frais d\u2019inscription pour les \u00e9tudiant-e-s extra-communautaires.<br \/>Les derni\u00e8res actions \u00e9taient un blocage des trams allant vers le campus et une participation \u00e0 la manifestation le 5 f\u00e9vrier, plusieurs actions de restaurant universitaire gratuit et une assembl\u00e9e g\u00e9n\u00e9rale le 20 f\u00e9vrier (20 personnes).<\/p>\n\n\n<p>Une <a href=\"https:\/\/www.facebook.com\/events\/382279615689573\/\">r\u00e9union d\u2019organisation<\/a> contre la hausse frais d\u2019inscription a lieu jeudi 7 mars \u00e0 18h30 b\u00e2timent Stendhal amphi 6 Hall Nord. Une assembl\u00e9e g\u00e9n\u00e9rale sera organis\u00e9e bient\u00f4t.<\/p>\n\n\n<p><strong>La Rochelle<\/strong> : Une assembl\u00e9e g\u00e9n\u00e9rale s\u2019est d\u00e9roul\u00e9e  jeudi 7 f\u00e9vrier, et les \u00e9tudiant-e-s ont particip\u00e9 \u00e0 la manifestation du 5 f\u00e9vrier. Des nouvelles assembl\u00e9es g\u00e9n\u00e9rales ont lieu tous les jeudis : la prochaine est le 14 mars.<\/p>\n\n\n<p><strong>Le Mans<\/strong> : Le pr\u00e9sident a annonc\u00e9 \u00ab&nbsp;s\u2019opposer&nbsp;\u00bb \u00e0 la hausse des frais d\u2019inscription pour les \u00e9tudiant-e-s extra-communautaires.<br \/>Les \u00e9tudiant-e-s ont particip\u00e9 \u00e0 la manifestation du mardi 5 f\u00e9vrier.<\/p>\n\n\n<p><strong>Lille<\/strong> : Les \u00e9tudiant-e-s ont\nbloqu\u00e9 l\u2019IEP le 5 mars et particip\u00e9 \u00e0 la manifestation. Les\n\u00e9tudiant-e-s participent aux cort\u00e8ges \u00ab&nbsp;\u00e9ducation en lutte&nbsp;\u00bb\nlors des manifestations de Gilets Jaunes.<\/p>\n\n\n<p><strong>Lorraine<\/strong> (Nancy et Metz) : Le pr\u00e9sident a annonc\u00e9 \u00ab&nbsp;s\u2019opposer&nbsp;\u00bb \u00e0 la hausse des frais d\u2019inscription pour les \u00e9tudiant-e-s extra-communautaires.<br \/> Une assembl\u00e9e g\u00e9n\u00e9rale a eu lieu mardi 5 f\u00e9vrier, suivie d\u2019une manifestation. Iels \u00e9taient 500. Le 14 f\u00e9vrier, la ministre de l&rsquo;ESR \u00e9tait pr\u00e9sente pour le Grand D\u00e9bat National \u00c9tudiant, une mobilisation avait lieu en parall\u00e8le. La derni\u00e8re assembl\u00e9e g\u00e9n\u00e9rale \u00e9tait le 27 f\u00e9vrier, iels \u00e9taient 200.<\/p>\n\n\n<p>Une r\u00e9union est organis\u00e9e par le doyen de la Facult\u00e9 des Sciences et Technologies avec les \u00e9lu-e-s, d\u00e9put\u00e9-e-s et s\u00e9nateur-e-s de Meurthe et Moselle, maires, pr\u00e9sident-e-s du conseil d\u00e9partemental et de la m\u00e9tropole Grand Nancy. Une journ\u00e9e de mobilisation est pr\u00e9vue pour le 12 mars<\/p>\n\n\n<p><strong>Lyon II<\/strong> : La pr\u00e9sidente a annonc\u00e9 \u00ab&nbsp;s\u2019opposer&nbsp;\u00bb \u00e0 la hausse des frais d\u2019inscription pour les \u00e9tudiant-e-s extra-communautaires.<br \/> Il y a eu un blocage le 5 f\u00e9vrier et une participation \u00e0 la manifestation, une assembl\u00e9e g\u00e9n\u00e9rale puis une manifestation le 12 f\u00e9vrier. La derni\u00e8re assembl\u00e9e g\u00e9n\u00e9rale a eu lieu mercredi 6 mars.<\/p>\n\n\n<p><br \/> <strong>Montpellier<\/strong> : Les derni\u00e8res assembl\u00e9es g\u00e9n\u00e9rales \u00e9taient les 5 et 19 f\u00e9vrier (100 personnes). Il y a eu un rassemblement le 20 f\u00e9vrier (50 personnes). Il y a eu une projection de <em>\u00c9tudiants, l&nbsp;\u2018avenir \u00e0 cr\u00e9dit<\/em> mercredi 27 f\u00e9vrier.<\/p>\n\n\n<p>Le prochaine <a href=\"https:\/\/www.facebook.com\/SolidairesEtu34\/photos\/a.297031733839140\/1000067653535541\/?type=3&amp;theater\">assembl\u00e9e g\u00e9n\u00e9rale<\/a>  est le jeudi 14 mars \u00e0 17h dans l\u2019amphi 1 \u00e0 Paul Val\u00e9ry. Un rassemblement aura lieu devant le rectorat le 12 mars. Une manifestation est pr\u00e9vue le 19 mars \u00e0 14h place L\u00e9on Blum.<\/p>\n\n\n<p><strong>Nanterre<\/strong> : Le pr\u00e9sident a annonc\u00e9 \u00ab&nbsp;s\u2019opposer&nbsp;\u00bb \u00e0 la hausse des frais d\u2019inscription pour les \u00e9tudiant-e-s extra-communautaires.<br \/>Une assembl\u00e9e g\u00e9n\u00e9rale a eu lieu mardi 5 f\u00e9vrier, et les \u00e9tudiant-e-s ont particip\u00e9 \u00e0 la manifestation ensuite.<\/p>\n\n\n<p>Un rassemblement devant le CNESER est pr\u00e9vu le 11 mars et une manifestation aura lieu \u00e0 14h le 12 mars devant le minist\u00e8re de l&rsquo;Enseignement Sup\u00e9rieur et de la Recherche, \u00e0 c\u00f4t\u00e9 du Panth\u00e9on.<\/p>\n\n\n<p><strong>Nantes<\/strong> : Le pr\u00e9sident a annonc\u00e9\n\u00ab&nbsp;s\u2019opposer&nbsp;\u00bb \u00e0 la hausse des frais d\u2019inscription\npour les \u00e9tudiant-e-s extra-communautaires.\n<\/p>\n\n\n<p>Une assembl\u00e9e g\u00e9n\u00e9rale a eu lieu mercredi 27\nf\u00e9vrier, une manifestation le mardi 5 f\u00e9vrier. Et un blocage a \u00e9t\u00e9\norganis\u00e9 le mercredi 13 f\u00e9vrier pour participer \u00e0 une\nmanifestation.<\/p>\n\n\n<p><strong>Nice<\/strong> : Des assembl\u00e9es g\u00e9n\u00e9rales\nont eu lieu les 5 et 13 f\u00e9vrier&nbsp;; la derni\u00e8re a eu lieu mardi\n5 mars. Les \u00e9tudiant-e-s ont particip\u00e9 \u00e0 la manifestation du 5\nf\u00e9vrier.<\/p>\n\n\n<p> <strong>Orl\u00e9ans&nbsp;<\/strong>: Des assembl\u00e9es g\u00e9n\u00e9rales ont eu lieu les 27 f\u00e9vrier (30 personnes) et 6 mars.<\/p>\n\n\n<p><strong>Paris V<\/strong> : Une assembl\u00e9e g\u00e9n\u00e9rale a eu lieu jeudi 31 janvier, une autre lundi 4 f\u00e9vrier (30 personnes).<br \/>Les \u00e9tudiant-e-s ont particip\u00e9 \u00e0 la manifestation du 5 f\u00e9vrier.<\/p>\n\n\n<p>Un rassemblement devant le CNESER est pr\u00e9vu le 11 mars et une manifestation aura lieu \u00e0 14h le 12 mars devant le minist\u00e8re de l&rsquo;Enseignement Sup\u00e9rieur et de la Recherche, \u00e0 c\u00f4t\u00e9 du Panth\u00e9on.<\/p>\n\n\n<p>La prochaine assembl\u00e9e g\u00e9n\u00e9rale aura lieu le\njeudi 14 mars dans le b\u00e2timent rue des Saint-P\u00e8res.\n<\/p>\n\n\n<p><strong>Paris VII<\/strong> : La derni\u00e8re assembl\u00e9e g\u00e9n\u00e9rale \u00e9tait le 21 f\u00e9vrier. La  <a href=\"https:\/\/www.facebook.com\/events\/1161014024056308\/\">prochaine assembl\u00e9e g\u00e9n\u00e9rale<\/a> est le 13 mars \u00e0 12h en amphi 1A (halle aux farines). Un rassemblement est pr\u00e9vu devant le CNESER le 11 mars et  un <a href=\"https:\/\/www.facebook.com\/events\/326663771311669\/\">d\u00e9part commun<\/a> est pr\u00e9vu \u00e0 13h sur l\u2019esplanade Vidal-Naquet pour la manifestation du 12 mars.<\/p>\n\n\n<p><strong>Pau<\/strong> : Une assembl\u00e9e g\u00e9n\u00e9rale a\neu lieu mercredi 23 janvier, et une r\u00e9union d\u2019information jeudi 12\nf\u00e9vrier (30 personnes). Les \u00e9tudiant-e-s ont particip\u00e9 \u00e0 la\nmanifestation du 5 f\u00e9vrier.<\/p>\n\n\n<p>Une assembl\u00e9e g\u00e9n\u00e9rale aura lieu bient\u00f4t.<\/p>\n\n\n<p><strong>Poitiers : <\/strong>Le pr\u00e9sident a\nannonc\u00e9 \u00ab&nbsp;s\u2019opposer&nbsp;\u00bb \u00e0 la hausse des frais\nd\u2019inscription pour les \u00e9tudiant-e-s extra-communautaires. Une\nassembl\u00e9e g\u00e9n\u00e9rale a eu lieu le 5 f\u00e9vrier.<\/p>\n\n\n<p><strong>Rennes  II<\/strong> : Le pr\u00e9sident a\nannonc\u00e9 \u00ab&nbsp;s\u2019opposer&nbsp;\u00bb \u00e0 la hausse des frais\nd\u2019inscription pour les \u00e9tudiant-e-s extra-communautaires.<\/p>\n\n\n<p>Il y a eu une manifestation depuis le campus de\nRennes 2 le mercredi 13 f\u00e9vrier (200 personnes), des chaises ont \u00e9t\u00e9\nsorties sur la place de la fac pour symboliser les \u00e9tudiant-e-s\n\u00e9tranger-es qui ne pourront plus venir \u00e0 la fac le 27 f\u00e9vrier et\nun cin\u00e9-d\u00e9bat le 28 f\u00e9vrier (20 personnes). La derni\u00e8re assembl\u00e9e\ng\u00e9n\u00e9rale \u00e9tait le 28 f\u00e9vrier (60 personnes). La derni\u00e8re\nmanifestation \u00e9tait mercredi 6 mars au d\u00e9part de Rennes 2.<\/p>\n\n\n<p>La prochaine <a href=\"https:\/\/www.facebook.com\/events\/332175210749639\/\">assembl\u00e9e g\u00e9n\u00e9rale<\/a>  est jeudi 7 mars \u00e0 18h30<\/p>\n\n\n<p><strong>Rouen<\/strong> : Le pr\u00e9sident a annonc\u00e9 \u00ab&nbsp;s\u2019opposer&nbsp;\u00bb \u00e0 la hausse des frais d\u2019inscription pour les \u00e9tudiant-e-s extra-communautaires.<br \/>Une assembl\u00e9e g\u00e9n\u00e9rale s\u2019est d\u00e9roul\u00e9e lundi 4 f\u00e9vrier.<\/p>\n\n\n<p><strong>Savoie &#8211; Mont-Blanc<\/strong> : Le pr\u00e9sident a annonc\u00e9 \u00ab s\u2019opposer \u00bb \u00e0 la hausse des frais d\u2019inscription pour les \u00e9tudiant-e-s extra-communautaires.<\/p>\n\n\n<p><strong>Saint Denis <\/strong>: Le pr\u00e9sident a annonc\u00e9 \u00ab&nbsp;s\u2019opposer&nbsp;\u00bb \u00e0 la hausse des frais d\u2019inscription pour les \u00e9tudiant-e-s extra-communautaires.<\/p>\n\n\n<p>Il  ya eu une gr\u00e8ve et participation \u00e0 la manifestation le mardi 5 f\u00e9vrier. La derni\u00e8re assembl\u00e9e g\u00e9n\u00e9rale a eu lieu jeudi 7 f\u00e9vrier. Une r\u00e9union interfac avait lieu le mercredi 6 mars, et des Die-in ont lieu tous les mardis et mercredi. <\/p>\n\n\n<p>Un rassemblement devant le CNESER est pr\u00e9vu le 11 mars et une manifestation aura lieu \u00e0 14h le 12 mars devant le minist\u00e8re de l&rsquo;Enseignement Sup\u00e9rieur et de la Recherche, \u00e0 c\u00f4t\u00e9 du Panth\u00e9on.<\/p>\n\n\n<p><strong>Strasbourg<\/strong> : Le pr\u00e9sident a annonc\u00e9 \u00ab&nbsp;s\u2019opposer&nbsp;\u00bb \u00e0 la hausse des frais d\u2019inscription pour les \u00e9tudiant-e-s extra-communautaires.<br \/>Il y a eu des rassemblements devant le congr\u00e8s de l\u2019universit\u00e9 le 31 janvier et un autre le 5 f\u00e9vrier.<\/p>\n\n\n<p>La prochaine assembl\u00e9e g\u00e9n\u00e9rale a lieu le jeudi\n7 mars, et un rassemblement est pr\u00e9vu devant le Conseil\nd&rsquo;Administration du 12 mars.<\/p>\n\n\n<p><strong>Tolbiac<\/strong> : Les derni\u00e8res assemble g\u00e9n\u00e9rale ont eu lieu jeudi 31 janvier et le mardi 5 f\u00e9vrier. Les \u00e9tudiant-e-s ont particip\u00e9 \u00e0 la manifestation du 5 f\u00e9vrier, ainsi qu\u2019\u00e0 une AG-interfac le 5 mars.<\/p>\n\n\n<p> Un rassemblement devant le CNESER est pr\u00e9vu le 11 mars et une manifestation aura lieu \u00e0 14h le 12 mars devant le minist\u00e8re de l&rsquo;Enseignement Sup\u00e9rieur et de la Recherche, \u00e0 c\u00f4t\u00e9 du Panth\u00e9on.<\/p>\n\n\n<p><strong>Toulouse<\/strong> : Le pr\u00e9sident a annonc\u00e9\n\u00ab&nbsp;s\u2019opposer&nbsp;\u00bb \u00e0 la hausse des frais d\u2019inscription\npour les \u00e9tudiant-e-s extra-communautaires tandis qu\u2019une assembl\u00e9e\ng\u00e9n\u00e9rale avait lieu ce lundi 4 f\u00e9vrier.<\/p>\n\n\n<p><strong>Tours<\/strong> : Le pr\u00e9sident a annonc\u00e9 \u00ab&nbsp;s\u2019opposer&nbsp;\u00bb \u00e0 la hausse des frais d\u2019inscription pour les \u00e9tudiant-e-s extra-communautaires<br \/>Une assembl\u00e9e g\u00e9n\u00e9rale a eu les mardi 5 et 12 f\u00e9vrier. Les \u00e9tudiant-e-s ont particip\u00e9 \u00e0 la manifestation du 5 f\u00e9vrier. Un rassemblement a eu lieu le 28 f\u00e9vrier.<\/p>\n\n\n<p><strong>Contact \/ Corrections<\/strong><\/p>\n\n\n<p>Cartographie et recensement r\u00e9alis\u00e9es par les militant\u00b7e\u00b7s de la f\u00e9d\u00e9ration Solidaires \u00c9tudiant\u00b7e\u00b7s, syndicats de luttes en cas d\u2019impr\u00e9cision ou pour contact presse : <a href=\"mailto:contact@solidaires-etudiant-e-s.org\">contact@solidaires-etudiant-e-s.org<\/a> \/ 06.86.80.24.45<\/p>\n\n\n<p>Publication le 7 mars \u00e0 21h ; mise \u00e0 jour le 7 mars \u00e0 22h49 ; mise \u00e0 jour le 11 mars \u00e0 17h.<br \/><\/p>\n","protected":false},"excerpt":{"rendered":"<p>Voici la seconde \u00e9dition des Facs en luttes contre la hausse des [&hellip;]<\/p>\n","protected":false},"author":1,"featured_media":4600,"comment_status":"closed","ping_status":"closed","sticky":false,"template":"","format":"standard","meta":{"cybocfi_hide_featured_image":"","footnotes":""},"categories":[1],"tags":[515,796,804,805,1048,1049,1050,1153],"class_list":["post-4579","post","type-post","status-publish","format-standard","has-post-thumbnail","hentry","category-uncategorized","tag-facs-en-luttes","tag-mobilisation-etudiante","tag-mouvement-etudiant","tag-mouvement-social","tag-slide-show","tag-slider","tag-slideshow","tag-universites","col-md-4 col-sm-4"],"featured_image_src":"https:\/\/solidaires-etudiant-e-s.org\/site\/wp-content\/uploads\/2019\/03\/Facs-en-luttes-2-2.png","author_info":{"display_name":"Solidaires \u00e9tudiant-e-s","author_link":false},"yoast_head":"<!-- This site is optimized with the Yoast SEO plugin v27.5 - https:\/\/yoast.com\/product\/yoast-seo-wordpress\/ -->\n<title>Facs en luttes #2 - contre la hausse des frais d&#039;inscription - Solidaires \u00e9tudiant-e-s<\/title>\n<meta name=\"robots\" content=\"index, follow, max-snippet:-1, max-image-preview:large, max-video-preview:-1\" \/>\n<link rel=\"canonical\" href=\"https:\/\/solidaires-etudiant-e-s.org\/site\/2019\/03\/07\/facs-en-luttes-2-contre-la-hausse-des-frais-dinscription\/\" \/>\n<meta property=\"og:locale\" content=\"fr_FR\" \/>\n<meta property=\"og:type\" content=\"article\" \/>\n<meta property=\"og:title\" content=\"Facs en luttes #2 - contre la hausse des frais d&#039;inscription - Solidaires \u00e9tudiant-e-s\" \/>\n<meta property=\"og:description\" content=\"Voici la seconde \u00e9dition des Facs en luttes contre la hausse des [&hellip;]\" \/>\n<meta property=\"og:url\" content=\"https:\/\/solidaires-etudiant-e-s.org\/site\/2019\/03\/07\/facs-en-luttes-2-contre-la-hausse-des-frais-dinscription\/\" \/>\n<meta property=\"og:site_name\" content=\"Solidaires \u00e9tudiant-e-s\" \/>\n<meta property=\"article:publisher\" content=\"https:\/\/www.facebook.com\/solidairesetudiantes\" \/>\n<meta property=\"article:author\" content=\"https:\/\/www.facebook.com\/solidairesetudiantes\" \/>\n<meta property=\"article:published_time\" content=\"2019-03-07T19:56:05+00:00\" \/>\n<meta property=\"og:image\" content=\"https:\/\/solidaires-etudiant-e-s.org\/site\/wp-content\/uploads\/2019\/03\/Facs-en-luttes-2-2.png\" \/>\n\t<meta property=\"og:image:width\" content=\"685\" \/>\n\t<meta property=\"og:image:height\" content=\"619\" \/>\n\t<meta property=\"og:image:type\" content=\"image\/png\" \/>\n<meta name=\"author\" content=\"Solidaires \u00e9tudiant-e-s\" \/>\n<meta name=\"twitter:card\" content=\"summary_large_image\" \/>\n<meta name=\"twitter:creator\" content=\"@SolidairesEtu\" \/>\n<meta name=\"twitter:site\" content=\"@SolidairesEtu\" \/>\n<meta name=\"twitter:label1\" content=\"\u00c9crit par\" \/>\n\t<meta name=\"twitter:data1\" content=\"Solidaires \u00e9tudiant-e-s\" \/>\n\t<meta name=\"twitter:label2\" content=\"Dur\u00e9e de lecture estim\u00e9e\" \/>\n\t<meta name=\"twitter:data2\" content=\"10 minutes\" \/>\n<script type=\"application\/ld+json\" class=\"yoast-schema-graph\">{\"@context\":\"https:\\\/\\\/schema.org\",\"@graph\":[{\"@type\":\"Article\",\"@id\":\"https:\\\/\\\/solidaires-etudiant-e-s.org\\\/site\\\/2019\\\/03\\\/07\\\/facs-en-luttes-2-contre-la-hausse-des-frais-dinscription\\\/#article\",\"isPartOf\":{\"@id\":\"https:\\\/\\\/solidaires-etudiant-e-s.org\\\/site\\\/2019\\\/03\\\/07\\\/facs-en-luttes-2-contre-la-hausse-des-frais-dinscription\\\/\"},\"author\":{\"name\":\"Solidaires \u00e9tudiant-e-s\",\"@id\":\"https:\\\/\\\/solidaires-etudiant-e-s.org\\\/site\\\/#\\\/schema\\\/person\\\/0efb3e0ff4e2f12b5a5abcd4352aa86c\"},\"headline\":\"Facs en luttes #2 &#8211; contre la hausse des frais d&#039;inscription\",\"datePublished\":\"2019-03-07T19:56:05+00:00\",\"mainEntityOfPage\":{\"@id\":\"https:\\\/\\\/solidaires-etudiant-e-s.org\\\/site\\\/2019\\\/03\\\/07\\\/facs-en-luttes-2-contre-la-hausse-des-frais-dinscription\\\/\"},\"wordCount\":2061,\"publisher\":{\"@id\":\"https:\\\/\\\/solidaires-etudiant-e-s.org\\\/site\\\/#organization\"},\"image\":{\"@id\":\"https:\\\/\\\/solidaires-etudiant-e-s.org\\\/site\\\/2019\\\/03\\\/07\\\/facs-en-luttes-2-contre-la-hausse-des-frais-dinscription\\\/#primaryimage\"},\"thumbnailUrl\":\"https:\\\/\\\/solidaires-etudiant-e-s.org\\\/site\\\/wp-content\\\/uploads\\\/2019\\\/03\\\/Facs-en-luttes-2-2.png\",\"keywords\":[\"facs en luttes\",\"mobilisation \u00e9tudiante\",\"mouvement \u00e9tudiant\",\"mouvement social\",\"slide-show\",\"slider\",\"slideshow\",\"universit\u00e9s\"],\"articleSection\":[\"Uncategorized\"],\"inLanguage\":\"fr-FR\"},{\"@type\":\"WebPage\",\"@id\":\"https:\\\/\\\/solidaires-etudiant-e-s.org\\\/site\\\/2019\\\/03\\\/07\\\/facs-en-luttes-2-contre-la-hausse-des-frais-dinscription\\\/\",\"url\":\"https:\\\/\\\/solidaires-etudiant-e-s.org\\\/site\\\/2019\\\/03\\\/07\\\/facs-en-luttes-2-contre-la-hausse-des-frais-dinscription\\\/\",\"name\":\"Facs en luttes #2 - contre la hausse des frais d&#039;inscription - Solidaires \u00e9tudiant-e-s\",\"isPartOf\":{\"@id\":\"https:\\\/\\\/solidaires-etudiant-e-s.org\\\/site\\\/#website\"},\"primaryImageOfPage\":{\"@id\":\"https:\\\/\\\/solidaires-etudiant-e-s.org\\\/site\\\/2019\\\/03\\\/07\\\/facs-en-luttes-2-contre-la-hausse-des-frais-dinscription\\\/#primaryimage\"},\"image\":{\"@id\":\"https:\\\/\\\/solidaires-etudiant-e-s.org\\\/site\\\/2019\\\/03\\\/07\\\/facs-en-luttes-2-contre-la-hausse-des-frais-dinscription\\\/#primaryimage\"},\"thumbnailUrl\":\"https:\\\/\\\/solidaires-etudiant-e-s.org\\\/site\\\/wp-content\\\/uploads\\\/2019\\\/03\\\/Facs-en-luttes-2-2.png\",\"datePublished\":\"2019-03-07T19:56:05+00:00\",\"breadcrumb\":{\"@id\":\"https:\\\/\\\/solidaires-etudiant-e-s.org\\\/site\\\/2019\\\/03\\\/07\\\/facs-en-luttes-2-contre-la-hausse-des-frais-dinscription\\\/#breadcrumb\"},\"inLanguage\":\"fr-FR\",\"potentialAction\":[{\"@type\":\"ReadAction\",\"target\":[\"https:\\\/\\\/solidaires-etudiant-e-s.org\\\/site\\\/2019\\\/03\\\/07\\\/facs-en-luttes-2-contre-la-hausse-des-frais-dinscription\\\/\"]}]},{\"@type\":\"ImageObject\",\"inLanguage\":\"fr-FR\",\"@id\":\"https:\\\/\\\/solidaires-etudiant-e-s.org\\\/site\\\/2019\\\/03\\\/07\\\/facs-en-luttes-2-contre-la-hausse-des-frais-dinscription\\\/#primaryimage\",\"url\":\"https:\\\/\\\/solidaires-etudiant-e-s.org\\\/site\\\/wp-content\\\/uploads\\\/2019\\\/03\\\/Facs-en-luttes-2-2.png\",\"contentUrl\":\"https:\\\/\\\/solidaires-etudiant-e-s.org\\\/site\\\/wp-content\\\/uploads\\\/2019\\\/03\\\/Facs-en-luttes-2-2.png\",\"width\":685,\"height\":619},{\"@type\":\"BreadcrumbList\",\"@id\":\"https:\\\/\\\/solidaires-etudiant-e-s.org\\\/site\\\/2019\\\/03\\\/07\\\/facs-en-luttes-2-contre-la-hausse-des-frais-dinscription\\\/#breadcrumb\",\"itemListElement\":[{\"@type\":\"ListItem\",\"position\":1,\"name\":\"Accueil\",\"item\":\"https:\\\/\\\/solidaires-etudiant-e-s.org\\\/site\\\/\"},{\"@type\":\"ListItem\",\"position\":2,\"name\":\"Facs en luttes #2 &#8211; contre la hausse des frais d&#039;inscription\"}]},{\"@type\":\"WebSite\",\"@id\":\"https:\\\/\\\/solidaires-etudiant-e-s.org\\\/site\\\/#website\",\"url\":\"https:\\\/\\\/solidaires-etudiant-e-s.org\\\/site\\\/\",\"name\":\"Solidaires \u00e9tudiant-e-s\",\"description\":\"Syndicats pour un enseignement sup\u00e9rieur gratuit, ouvert, et \u00e9mancipateur !\",\"publisher\":{\"@id\":\"https:\\\/\\\/solidaires-etudiant-e-s.org\\\/site\\\/#organization\"},\"potentialAction\":[{\"@type\":\"SearchAction\",\"target\":{\"@type\":\"EntryPoint\",\"urlTemplate\":\"https:\\\/\\\/solidaires-etudiant-e-s.org\\\/site\\\/?s={search_term_string}\"},\"query-input\":{\"@type\":\"PropertyValueSpecification\",\"valueRequired\":true,\"valueName\":\"search_term_string\"}}],\"inLanguage\":\"fr-FR\"},{\"@type\":\"Organization\",\"@id\":\"https:\\\/\\\/solidaires-etudiant-e-s.org\\\/site\\\/#organization\",\"name\":\"Solidaires \u00e9tudiant-e-s\",\"url\":\"https:\\\/\\\/solidaires-etudiant-e-s.org\\\/site\\\/\",\"logo\":{\"@type\":\"ImageObject\",\"inLanguage\":\"fr-FR\",\"@id\":\"https:\\\/\\\/solidaires-etudiant-e-s.org\\\/site\\\/#\\\/schema\\\/logo\\\/image\\\/\",\"url\":\"https:\\\/\\\/solidaires-etudiant-e-s.org\\\/site\\\/wp-content\\\/uploads\\\/2025\\\/12\\\/13-1.png\",\"contentUrl\":\"https:\\\/\\\/solidaires-etudiant-e-s.org\\\/site\\\/wp-content\\\/uploads\\\/2025\\\/12\\\/13-1.png\",\"width\":1181,\"height\":827,\"caption\":\"Solidaires \u00e9tudiant-e-s\"},\"image\":{\"@id\":\"https:\\\/\\\/solidaires-etudiant-e-s.org\\\/site\\\/#\\\/schema\\\/logo\\\/image\\\/\"},\"sameAs\":[\"https:\\\/\\\/www.facebook.com\\\/solidairesetudiantes\",\"https:\\\/\\\/x.com\\\/SolidairesEtu\",\"https:\\\/\\\/www.instagram.com\\\/solidairesetu\\\/\",\"https:\\\/\\\/bsky.app\\\/profile\\\/solidaires-etudiant-e-s.org\",\"https:\\\/\\\/mastodon.social\\\/@solidairesetu\",\"https:\\\/\\\/www.youtube.com\\\/channel\\\/UC_iZN9gmVAAnXbBM7wAWOag\"]},{\"@type\":\"Person\",\"@id\":\"https:\\\/\\\/solidaires-etudiant-e-s.org\\\/site\\\/#\\\/schema\\\/person\\\/0efb3e0ff4e2f12b5a5abcd4352aa86c\",\"name\":\"Solidaires \u00e9tudiant-e-s\",\"image\":{\"@type\":\"ImageObject\",\"inLanguage\":\"fr-FR\",\"@id\":\"https:\\\/\\\/solidaires-etudiant-e-s.org\\\/site\\\/wp-content\\\/uploads\\\/2020\\\/01\\\/logo-SESL-rond-512-96x96.png\",\"url\":\"https:\\\/\\\/solidaires-etudiant-e-s.org\\\/site\\\/wp-content\\\/uploads\\\/2020\\\/01\\\/logo-SESL-rond-512-96x96.png\",\"contentUrl\":\"https:\\\/\\\/solidaires-etudiant-e-s.org\\\/site\\\/wp-content\\\/uploads\\\/2020\\\/01\\\/logo-SESL-rond-512-96x96.png\",\"caption\":\"Solidaires \u00e9tudiant-e-s\"},\"sameAs\":[\"https:\\\/\\\/solidaires-etudiant.org\\\/site\",\"https:\\\/\\\/www.facebook.com\\\/solidairesetudiantes\",\"https:\\\/\\\/www.instagram.com\\\/solidairesetu\",\"https:\\\/\\\/x.com\\\/SolidairesEtu\",\"https:\\\/\\\/fr.wikipedia.org\\\/wiki\\\/Solidaires_tudiant-e-s\"]}]}<\/script>\n<!-- \/ Yoast SEO plugin. -->","yoast_head_json":{"title":"Facs en luttes #2 - contre la hausse des frais d&#039;inscription - Solidaires \u00e9tudiant-e-s","robots":{"index":"index","follow":"follow","max-snippet":"max-snippet:-1","max-image-preview":"max-image-preview:large","max-video-preview":"max-video-preview:-1"},"canonical":"https:\/\/solidaires-etudiant-e-s.org\/site\/2019\/03\/07\/facs-en-luttes-2-contre-la-hausse-des-frais-dinscription\/","og_locale":"fr_FR","og_type":"article","og_title":"Facs en luttes #2 - contre la hausse des frais d&#039;inscription - Solidaires \u00e9tudiant-e-s","og_description":"Voici la seconde \u00e9dition des Facs en luttes contre la hausse des [&hellip;]","og_url":"https:\/\/solidaires-etudiant-e-s.org\/site\/2019\/03\/07\/facs-en-luttes-2-contre-la-hausse-des-frais-dinscription\/","og_site_name":"Solidaires \u00e9tudiant-e-s","article_publisher":"https:\/\/www.facebook.com\/solidairesetudiantes","article_author":"https:\/\/www.facebook.com\/solidairesetudiantes","article_published_time":"2019-03-07T19:56:05+00:00","og_image":[{"width":685,"height":619,"url":"https:\/\/solidaires-etudiant-e-s.org\/site\/wp-content\/uploads\/2019\/03\/Facs-en-luttes-2-2.png","type":"image\/png"}],"author":"Solidaires \u00e9tudiant-e-s","twitter_card":"summary_large_image","twitter_creator":"@SolidairesEtu","twitter_site":"@SolidairesEtu","twitter_misc":{"\u00c9crit par":"Solidaires \u00e9tudiant-e-s","Dur\u00e9e de lecture estim\u00e9e":"10 minutes"},"schema":{"@context":"https:\/\/schema.org","@graph":[{"@type":"Article","@id":"https:\/\/solidaires-etudiant-e-s.org\/site\/2019\/03\/07\/facs-en-luttes-2-contre-la-hausse-des-frais-dinscription\/#article","isPartOf":{"@id":"https:\/\/solidaires-etudiant-e-s.org\/site\/2019\/03\/07\/facs-en-luttes-2-contre-la-hausse-des-frais-dinscription\/"},"author":{"name":"Solidaires \u00e9tudiant-e-s","@id":"https:\/\/solidaires-etudiant-e-s.org\/site\/#\/schema\/person\/0efb3e0ff4e2f12b5a5abcd4352aa86c"},"headline":"Facs en luttes #2 &#8211; contre la hausse des frais d&#039;inscription","datePublished":"2019-03-07T19:56:05+00:00","mainEntityOfPage":{"@id":"https:\/\/solidaires-etudiant-e-s.org\/site\/2019\/03\/07\/facs-en-luttes-2-contre-la-hausse-des-frais-dinscription\/"},"wordCount":2061,"publisher":{"@id":"https:\/\/solidaires-etudiant-e-s.org\/site\/#organization"},"image":{"@id":"https:\/\/solidaires-etudiant-e-s.org\/site\/2019\/03\/07\/facs-en-luttes-2-contre-la-hausse-des-frais-dinscription\/#primaryimage"},"thumbnailUrl":"https:\/\/solidaires-etudiant-e-s.org\/site\/wp-content\/uploads\/2019\/03\/Facs-en-luttes-2-2.png","keywords":["facs en luttes","mobilisation \u00e9tudiante","mouvement \u00e9tudiant","mouvement social","slide-show","slider","slideshow","universit\u00e9s"],"articleSection":["Uncategorized"],"inLanguage":"fr-FR"},{"@type":"WebPage","@id":"https:\/\/solidaires-etudiant-e-s.org\/site\/2019\/03\/07\/facs-en-luttes-2-contre-la-hausse-des-frais-dinscription\/","url":"https:\/\/solidaires-etudiant-e-s.org\/site\/2019\/03\/07\/facs-en-luttes-2-contre-la-hausse-des-frais-dinscription\/","name":"Facs en luttes #2 - contre la hausse des frais d&#039;inscription - Solidaires \u00e9tudiant-e-s","isPartOf":{"@id":"https:\/\/solidaires-etudiant-e-s.org\/site\/#website"},"primaryImageOfPage":{"@id":"https:\/\/solidaires-etudiant-e-s.org\/site\/2019\/03\/07\/facs-en-luttes-2-contre-la-hausse-des-frais-dinscription\/#primaryimage"},"image":{"@id":"https:\/\/solidaires-etudiant-e-s.org\/site\/2019\/03\/07\/facs-en-luttes-2-contre-la-hausse-des-frais-dinscription\/#primaryimage"},"thumbnailUrl":"https:\/\/solidaires-etudiant-e-s.org\/site\/wp-content\/uploads\/2019\/03\/Facs-en-luttes-2-2.png","datePublished":"2019-03-07T19:56:05+00:00","breadcrumb":{"@id":"https:\/\/solidaires-etudiant-e-s.org\/site\/2019\/03\/07\/facs-en-luttes-2-contre-la-hausse-des-frais-dinscription\/#breadcrumb"},"inLanguage":"fr-FR","potentialAction":[{"@type":"ReadAction","target":["https:\/\/solidaires-etudiant-e-s.org\/site\/2019\/03\/07\/facs-en-luttes-2-contre-la-hausse-des-frais-dinscription\/"]}]},{"@type":"ImageObject","inLanguage":"fr-FR","@id":"https:\/\/solidaires-etudiant-e-s.org\/site\/2019\/03\/07\/facs-en-luttes-2-contre-la-hausse-des-frais-dinscription\/#primaryimage","url":"https:\/\/solidaires-etudiant-e-s.org\/site\/wp-content\/uploads\/2019\/03\/Facs-en-luttes-2-2.png","contentUrl":"https:\/\/solidaires-etudiant-e-s.org\/site\/wp-content\/uploads\/2019\/03\/Facs-en-luttes-2-2.png","width":685,"height":619},{"@type":"BreadcrumbList","@id":"https:\/\/solidaires-etudiant-e-s.org\/site\/2019\/03\/07\/facs-en-luttes-2-contre-la-hausse-des-frais-dinscription\/#breadcrumb","itemListElement":[{"@type":"ListItem","position":1,"name":"Accueil","item":"https:\/\/solidaires-etudiant-e-s.org\/site\/"},{"@type":"ListItem","position":2,"name":"Facs en luttes #2 &#8211; contre la hausse des frais d&#039;inscription"}]},{"@type":"WebSite","@id":"https:\/\/solidaires-etudiant-e-s.org\/site\/#website","url":"https:\/\/solidaires-etudiant-e-s.org\/site\/","name":"Solidaires \u00e9tudiant-e-s","description":"Syndicats pour un enseignement sup\u00e9rieur gratuit, ouvert, et \u00e9mancipateur !","publisher":{"@id":"https:\/\/solidaires-etudiant-e-s.org\/site\/#organization"},"potentialAction":[{"@type":"SearchAction","target":{"@type":"EntryPoint","urlTemplate":"https:\/\/solidaires-etudiant-e-s.org\/site\/?s={search_term_string}"},"query-input":{"@type":"PropertyValueSpecification","valueRequired":true,"valueName":"search_term_string"}}],"inLanguage":"fr-FR"},{"@type":"Organization","@id":"https:\/\/solidaires-etudiant-e-s.org\/site\/#organization","name":"Solidaires \u00e9tudiant-e-s","url":"https:\/\/solidaires-etudiant-e-s.org\/site\/","logo":{"@type":"ImageObject","inLanguage":"fr-FR","@id":"https:\/\/solidaires-etudiant-e-s.org\/site\/#\/schema\/logo\/image\/","url":"https:\/\/solidaires-etudiant-e-s.org\/site\/wp-content\/uploads\/2025\/12\/13-1.png","contentUrl":"https:\/\/solidaires-etudiant-e-s.org\/site\/wp-content\/uploads\/2025\/12\/13-1.png","width":1181,"height":827,"caption":"Solidaires \u00e9tudiant-e-s"},"image":{"@id":"https:\/\/solidaires-etudiant-e-s.org\/site\/#\/schema\/logo\/image\/"},"sameAs":["https:\/\/www.facebook.com\/solidairesetudiantes","https:\/\/x.com\/SolidairesEtu","https:\/\/www.instagram.com\/solidairesetu\/","https:\/\/bsky.app\/profile\/solidaires-etudiant-e-s.org","https:\/\/mastodon.social\/@solidairesetu","https:\/\/www.youtube.com\/channel\/UC_iZN9gmVAAnXbBM7wAWOag"]},{"@type":"Person","@id":"https:\/\/solidaires-etudiant-e-s.org\/site\/#\/schema\/person\/0efb3e0ff4e2f12b5a5abcd4352aa86c","name":"Solidaires \u00e9tudiant-e-s","image":{"@type":"ImageObject","inLanguage":"fr-FR","@id":"https:\/\/solidaires-etudiant-e-s.org\/site\/wp-content\/uploads\/2020\/01\/logo-SESL-rond-512-96x96.png","url":"https:\/\/solidaires-etudiant-e-s.org\/site\/wp-content\/uploads\/2020\/01\/logo-SESL-rond-512-96x96.png","contentUrl":"https:\/\/solidaires-etudiant-e-s.org\/site\/wp-content\/uploads\/2020\/01\/logo-SESL-rond-512-96x96.png","caption":"Solidaires \u00e9tudiant-e-s"},"sameAs":["https:\/\/solidaires-etudiant.org\/site","https:\/\/www.facebook.com\/solidairesetudiantes","https:\/\/www.instagram.com\/solidairesetu","https:\/\/x.com\/SolidairesEtu","https:\/\/fr.wikipedia.org\/wiki\/Solidaires_tudiant-e-s"]}]}},"_links":{"self":[{"href":"https:\/\/solidaires-etudiant-e-s.org\/site\/wp-json\/wp\/v2\/posts\/4579","targetHints":{"allow":["GET"]}}],"collection":[{"href":"https:\/\/solidaires-etudiant-e-s.org\/site\/wp-json\/wp\/v2\/posts"}],"about":[{"href":"https:\/\/solidaires-etudiant-e-s.org\/site\/wp-json\/wp\/v2\/types\/post"}],"author":[{"embeddable":true,"href":"https:\/\/solidaires-etudiant-e-s.org\/site\/wp-json\/wp\/v2\/users\/1"}],"replies":[{"embeddable":true,"href":"https:\/\/solidaires-etudiant-e-s.org\/site\/wp-json\/wp\/v2\/comments?post=4579"}],"version-history":[{"count":0,"href":"https:\/\/solidaires-etudiant-e-s.org\/site\/wp-json\/wp\/v2\/posts\/4579\/revisions"}],"wp:featuredmedia":[{"embeddable":true,"href":"https:\/\/solidaires-etudiant-e-s.org\/site\/wp-json\/wp\/v2\/media\/4600"}],"wp:attachment":[{"href":"https:\/\/solidaires-etudiant-e-s.org\/site\/wp-json\/wp\/v2\/media?parent=4579"}],"wp:term":[{"taxonomy":"category","embeddable":true,"href":"https:\/\/solidaires-etudiant-e-s.org\/site\/wp-json\/wp\/v2\/categories?post=4579"},{"taxonomy":"post_tag","embeddable":true,"href":"https:\/\/solidaires-etudiant-e-s.org\/site\/wp-json\/wp\/v2\/tags?post=4579"}],"curies":[{"name":"wp","href":"https:\/\/api.w.org\/{rel}","templated":true}]}}