{"id":4437,"date":"2018-11-29T18:24:25","date_gmt":"2018-11-29T17:24:25","guid":{"rendered":"https:\/\/www.solidaires-etudiant.org\/?p=4437"},"modified":"2018-11-29T18:24:25","modified_gmt":"2018-11-29T17:24:25","slug":"quelle-que-soit-la-nationalite-des-etudiant-e-s-non-a-laugmentation-des-frais-dinscription-a-luniversite","status":"publish","type":"post","link":"https:\/\/solidaires-etudiant-e-s.org\/site\/2018\/11\/29\/quelle-que-soit-la-nationalite-des-etudiant-e-s-non-a-laugmentation-des-frais-dinscription-a-luniversite\/","title":{"rendered":"Quelle que soit la nationalit\u00e9 des \u00e9tudiant-e-s : Non \u00e0 l\u2019augmentation des frais d\u2019inscription \u00e0 l\u2019universit\u00e9 !"},"content":{"rendered":"<div class=\"m_-5852486783464074810m_-215827317454379310gmail-titre\">\n<h1><span style=\"color: #ec0000;\">Quelle que soit la nationalit\u00e9 des \u00e9tudiant-e-s\u00a0: Non \u00e0 l\u2019augmentation des frais d\u2019inscription \u00e0 l\u2019universit\u00e9\u00a0!<\/span><\/h1>\n<\/div>\n<div class=\"m_-5852486783464074810m_-215827317454379310gmail-soustitre\"><i><b>Communiqu\u00e9 de la F\u00e9d\u00e9ration SUD Education, de Solidaires \u00e9tudiant-e-s &#8211; syndicats de luttes et de l\u2019Union syndicale Solidaires<\/b><\/i><\/div>\n<div class=\"m_-5852486783464074810m_-215827317454379310gmail-detail\"><\/div>\n<div class=\"m_-5852486783464074810m_-215827317454379310gmail-texte\">\n&nbsp;<br \/>\nLe 19 novembre 2018, le premier ministre Edouard Philippe a annonc\u00e9 \u00e0 l\u2019occasion des Rencontres universitaires de la francophonie la volont\u00e9 de son gouvernement d\u2019augmenter les droits d\u2019inscription des \u00e9tudiant-e-s \u00e9tranger-e-s extracommunautaires (hors Union Europ\u00e9enne) d\u00e8s la prochaine rentr\u00e9e universitaire. Pour les \u00e9tudiant-e-s concern\u00e9-e-s, les frais d\u2019inscription passeraient de 170\u20ac par an \u00e0 2770\u20ac par an en licence, de 243\u20ac par an \u00e0 3770\u20ac par an en master et de 380\u20ac par an \u00e0 3770\u20ac par an en doctorat.<br \/>\n<strong><br class=\"m_-5852486783464074810m_-215827317454379310gmail-autobr\" \/>De l\u2019immigration choisie \u00e0 la pr\u00e9f\u00e9rence nationale\u00a0: \u00ab\u00a0bienvenue en France\u00a0\u00bb\u00a0!<\/strong><br \/>\nSous l\u2019intitul\u00e9 abject \u00ab\u00a0Bienvenue en France\u00a0\u00bb, le gouvernement opte ainsi pour l\u2019immigration choisie. S\u2019il annonce qu\u2019il proposera des mesures visant \u00e0 faciliter l\u2019obtention de visas \u00e9tudiants ou encore le renouvellement des titres de s\u00e9jour, il est clair que ces frais d\u2019inscription colossaux seront une barri\u00e8re infranchissable pour un grand nombre d\u2019\u00e9tudiant-e-s \u00e9tranger-e-s.<br \/>\nQuelle surprise d\u2019entendre le premier ministre justifier cette discrimination par un discours que ne renierait pas le Rassemblement National de Marine Le Pen\u00a0: \u00ab\u00a0Un \u00e9tudiant \u00e9tranger fortun\u00e9 qui vient en France paye le m\u00eame montant qu\u2019un \u00e9tudiant fran\u00e7ais peu fortun\u00e9 dont les parents r\u00e9sident, travaillent et payent des imp\u00f4ts en France depuis des ann\u00e9es. C\u2019est injuste\u00a0\u00bb. Quels que soit l\u2019origine des \u00e9tudiant-e-s et le lieu de r\u00e9sidence de leurs parents, l\u2019enseignement sup\u00e9rieur doit \u00eatre ouvert et gratuit pour toutes et tous.<br \/>\n<strong>Hausse des frais d\u2019inscription\u00a0: tou-te-s concern\u00e9-e-s rapidement<\/strong><br \/>\nDe plus nous sommes tou-te-s concern\u00e9-e-s par cette augmentation des frais d\u2019inscription. En effet alors que la pr\u00e9sidente de la Conf\u00e9rence des grandes \u00e9coles, Anne-Lucie Wack, plaide pour une augmentation des frais d\u2019inscription au pr\u00e9texte que la \u00ab\u00a0quasi-gratuit\u00e9 du syst\u00e8me fran\u00e7ais nuit \u00e0 sa bonne image\u00a0\u00bb, la Cour des Comptes sort un rapport, command\u00e9 par le groupe parlementaire La R\u00e9publique En Marche, qui pr\u00e9conise une augmentation g\u00e9n\u00e9rale. Ce rapport sera d\u00e9battu \u00e0 l\u2019Assembl\u00e9 Nationale le 5 d\u00e9cembre. Ce n\u2019est pas un hasard de calendrier\u00a0: il est \u00e9vident que cette premi\u00e8re annonce de l\u2019augmentation des frais pour les \u00e9tudiant-e-s \u00e9tranger-e-s sert \u00e0 pr\u00e9parer l\u2019opinion \u00e0 une augmentation g\u00e9n\u00e9ralis\u00e9e des frais d\u2019inscription. C\u2019est exactement ce qui s\u2019est pass\u00e9 au Royaume-Uni.<br \/>\nLes pr\u00e9sident.e.s d\u2019universit\u00e9s devenues \u00ab\u00a0autonomes\u00a0\u00bb (dans la gestion locale de la mis\u00e8re budg\u00e9taire) par la LRU en 2007 et depuis \u00e9trangl\u00e9es financi\u00e8rement par les dotations insuffisantes de l\u2019\u00c9tat, n\u2019auront pas d\u2019autre choix que de se tourner vers la solution de l\u2019augmentation des frais d\u2019inscription. \u00c0 terme, il s\u2019agit aussi d\u2019offrir sur un plateau aux banques le tr\u00e8s lucratif march\u00e9 du cr\u00e9dit \u00e9tudiant pour financer ces frais d\u2019inscription.<br \/>\n<strong>Agir ensemble d\u00e8s \u00e0 pr\u00e9sent\u00a0!<\/strong><br \/>\nApr\u00e8s Parcoursup qui instaure une s\u00e9lection en L1, il faut tout faire pour r\u00e9sister \u00e0 cette nouvelle attaque contre ce qui ne sera bient\u00f4t plus un service public d\u2019enseignement et de recherche. Pour cela, SUD \u00e9ducation, Solidaires \u00e9tudiant-e-s Syndicat de Lutte et l\u2019Union syndicale Solidaires vous encouragent\u00a0:<br \/>\n\u2022 \u00e0 informer les coll\u00e8gues et les \u00e9tudiant-es dans vos \u00e9tablissements, et d\u2019y proposer aux votes des motions d\u00e9non\u00e7ant cette annonce\u00a0scandaleuse et discriminatoire qui touchera de plein fouet les \u00e9tudiant-e-s \u00e0\u00a0l\u2019exemple de l\u2019Universit\u00e9 de Lille qui a d\u00e9j\u00e0 prise position contre la hausse \u00e0 son Conseil d\u2019Administration du 22 novembre. Nous pousserons ainsi la pr\u00e9sidence de l\u2019universit\u00e9, si prompte \u00e0 nous rappeler la n\u00e9cessit\u00e9 \u00ab\u00a0d\u2019internationaliser nos formations\u00a0\u00bb, \u00e0 prendre position sur cette question.<br \/>\n\u2022 \u00e0 signer la p\u00e9tition nationale\u00a0:<br \/>\n<a class=\"m_-5852486783464074810m_-215827317454379310gmail-spip_url m_-5852486783464074810m_-215827317454379310gmail-spip_out m_-5852486783464074810m_-215827317454379310gmail-auto\" href=\"https:\/\/www.change.org\/p\/emmanuel-macron-non-%C3%A0-l-augmentation-des-frais-d-inscription-pour-les-%C3%A9tudiant-e-s-%C3%A9tranger-e-s\" target=\"_blank\" rel=\"external nofollow noopener\" data-saferedirecturl=\"https:\/\/www.google.com\/url?q=https:\/\/www.change.org\/p\/emmanuel-macron-non-%25C3%25A0-l-augmentation-des-frais-d-inscription-pour-les-%25C3%25A9tudiant-e-s-%25C3%25A9tranger-e-s&amp;source=gmail&amp;ust=1543596586531000&amp;usg=AFQjCNFyMJMCRa0JuMqqrY7p1HXkcHvSoA\">https:\/\/www.change.org\/p\/<wbr \/>emmanuel-macron-non-\u00e0-l-<wbr \/>augmentation-des-frais-d-<wbr \/>inscription-pour-les-\u00e9tudiant-<wbr \/>e-s-\u00e9tranger-e-s<\/a><br \/>\n<strong><br class=\"m_-5852486783464074810m_-215827317454379310gmail-autobr\" \/>Pour une universit\u00e9 publique, gratuite, la\u00efque et \u00e9mancipatrice\u00a0!<br \/>\n<\/strong><br \/>\n&nbsp;<br \/>\n<strong><a href=\"https:\/\/solidaires-etudiant.org\/site\/wp-content\/uploads\/2018\/11\/Communique-SUD-Educ-SESL-USS.pdf\">Communiqu\u00e9 &#8211; SUD Educ, SESL, USS<\/a><br \/>\n<\/strong>\n<\/div>\n","protected":false},"excerpt":{"rendered":"<p>Quelle que soit la nationalit\u00e9 des \u00e9tudiant-e-s\u00a0: Non \u00e0 l\u2019augmentation des frais [&hellip;]<\/p>\n","protected":false},"author":1,"featured_media":4421,"comment_status":"closed","ping_status":"closed","sticky":false,"template":"","format":"standard","meta":{"cybocfi_hide_featured_image":"","footnotes":""},"categories":[10,15],"tags":[],"class_list":["post-4437","post","type-post","status-publish","format-standard","has-post-thumbnail","hentry","category-communiques","category-droits-etudiants","col-md-4 col-sm-4"],"featured_image_src":"https:\/\/solidaires-etudiant-e-s.org\/site\/wp-content\/uploads\/2018\/11\/130437.jpg","author_info":{"display_name":"Solidaires \u00e9tudiant-e-s","author_link":false},"yoast_head":"<!-- This site is optimized with the Yoast SEO plugin v27.4 - https:\/\/yoast.com\/product\/yoast-seo-wordpress\/ -->\n<title>Quelle que soit la nationalit\u00e9 des \u00e9tudiant-e-s : Non \u00e0 l\u2019augmentation des frais d\u2019inscription \u00e0 l\u2019universit\u00e9 ! - Solidaires \u00e9tudiant-e-s<\/title>\n<meta name=\"robots\" content=\"index, follow, max-snippet:-1, max-image-preview:large, max-video-preview:-1\" \/>\n<link rel=\"canonical\" href=\"https:\/\/solidaires-etudiant-e-s.org\/site\/2018\/11\/29\/quelle-que-soit-la-nationalite-des-etudiant-e-s-non-a-laugmentation-des-frais-dinscription-a-luniversite\/\" \/>\n<meta property=\"og:locale\" content=\"fr_FR\" \/>\n<meta property=\"og:type\" content=\"article\" \/>\n<meta property=\"og:title\" content=\"Quelle que soit la nationalit\u00e9 des \u00e9tudiant-e-s : Non \u00e0 l\u2019augmentation des frais d\u2019inscription \u00e0 l\u2019universit\u00e9 ! - Solidaires \u00e9tudiant-e-s\" \/>\n<meta property=\"og:description\" content=\"Quelle que soit la nationalit\u00e9 des \u00e9tudiant-e-s\u00a0: Non \u00e0 l\u2019augmentation des frais [&hellip;]\" \/>\n<meta property=\"og:url\" content=\"https:\/\/solidaires-etudiant-e-s.org\/site\/2018\/11\/29\/quelle-que-soit-la-nationalite-des-etudiant-e-s-non-a-laugmentation-des-frais-dinscription-a-luniversite\/\" \/>\n<meta property=\"og:site_name\" content=\"Solidaires \u00e9tudiant-e-s\" \/>\n<meta property=\"article:publisher\" content=\"https:\/\/www.facebook.com\/solidairesetudiantes\" \/>\n<meta property=\"article:author\" content=\"https:\/\/www.facebook.com\/solidairesetudiantes\" \/>\n<meta property=\"article:published_time\" content=\"2018-11-29T17:24:25+00:00\" \/>\n<meta property=\"og:image\" content=\"https:\/\/solidaires-etudiant-e-s.org\/site\/wp-content\/uploads\/2018\/11\/130437.jpg\" \/>\n\t<meta property=\"og:image:width\" content=\"280\" \/>\n\t<meta property=\"og:image:height\" content=\"180\" \/>\n\t<meta property=\"og:image:type\" content=\"image\/jpeg\" \/>\n<meta name=\"author\" content=\"Solidaires \u00e9tudiant-e-s\" \/>\n<meta name=\"twitter:card\" content=\"summary_large_image\" \/>\n<meta name=\"twitter:creator\" content=\"@SolidairesEtu\" \/>\n<meta name=\"twitter:site\" content=\"@SolidairesEtu\" \/>\n<meta name=\"twitter:label1\" content=\"\u00c9crit par\" \/>\n\t<meta name=\"twitter:data1\" content=\"Solidaires \u00e9tudiant-e-s\" \/>\n\t<meta name=\"twitter:label2\" content=\"Dur\u00e9e de lecture estim\u00e9e\" \/>\n\t<meta name=\"twitter:data2\" content=\"3 minutes\" \/>\n<script type=\"application\/ld+json\" class=\"yoast-schema-graph\">{\"@context\":\"https:\\\/\\\/schema.org\",\"@graph\":[{\"@type\":\"Article\",\"@id\":\"https:\\\/\\\/solidaires-etudiant-e-s.org\\\/site\\\/2018\\\/11\\\/29\\\/quelle-que-soit-la-nationalite-des-etudiant-e-s-non-a-laugmentation-des-frais-dinscription-a-luniversite\\\/#article\",\"isPartOf\":{\"@id\":\"https:\\\/\\\/solidaires-etudiant-e-s.org\\\/site\\\/2018\\\/11\\\/29\\\/quelle-que-soit-la-nationalite-des-etudiant-e-s-non-a-laugmentation-des-frais-dinscription-a-luniversite\\\/\"},\"author\":{\"name\":\"Solidaires \u00e9tudiant-e-s\",\"@id\":\"https:\\\/\\\/solidaires-etudiant-e-s.org\\\/site\\\/#\\\/schema\\\/person\\\/0efb3e0ff4e2f12b5a5abcd4352aa86c\"},\"headline\":\"Quelle que soit la nationalit\u00e9 des \u00e9tudiant-e-s : Non \u00e0 l\u2019augmentation des frais d\u2019inscription \u00e0 l\u2019universit\u00e9 !\",\"datePublished\":\"2018-11-29T17:24:25+00:00\",\"mainEntityOfPage\":{\"@id\":\"https:\\\/\\\/solidaires-etudiant-e-s.org\\\/site\\\/2018\\\/11\\\/29\\\/quelle-que-soit-la-nationalite-des-etudiant-e-s-non-a-laugmentation-des-frais-dinscription-a-luniversite\\\/\"},\"wordCount\":694,\"publisher\":{\"@id\":\"https:\\\/\\\/solidaires-etudiant-e-s.org\\\/site\\\/#organization\"},\"image\":{\"@id\":\"https:\\\/\\\/solidaires-etudiant-e-s.org\\\/site\\\/2018\\\/11\\\/29\\\/quelle-que-soit-la-nationalite-des-etudiant-e-s-non-a-laugmentation-des-frais-dinscription-a-luniversite\\\/#primaryimage\"},\"thumbnailUrl\":\"https:\\\/\\\/solidaires-etudiant-e-s.org\\\/site\\\/wp-content\\\/uploads\\\/2018\\\/11\\\/130437.jpg\",\"articleSection\":[\"COMMUNIQUES NATIONAUX\",\"DROITS ETUDIANTS\"],\"inLanguage\":\"fr-FR\"},{\"@type\":\"WebPage\",\"@id\":\"https:\\\/\\\/solidaires-etudiant-e-s.org\\\/site\\\/2018\\\/11\\\/29\\\/quelle-que-soit-la-nationalite-des-etudiant-e-s-non-a-laugmentation-des-frais-dinscription-a-luniversite\\\/\",\"url\":\"https:\\\/\\\/solidaires-etudiant-e-s.org\\\/site\\\/2018\\\/11\\\/29\\\/quelle-que-soit-la-nationalite-des-etudiant-e-s-non-a-laugmentation-des-frais-dinscription-a-luniversite\\\/\",\"name\":\"Quelle que soit la nationalit\u00e9 des \u00e9tudiant-e-s : Non \u00e0 l\u2019augmentation des frais d\u2019inscription \u00e0 l\u2019universit\u00e9 ! - Solidaires \u00e9tudiant-e-s\",\"isPartOf\":{\"@id\":\"https:\\\/\\\/solidaires-etudiant-e-s.org\\\/site\\\/#website\"},\"primaryImageOfPage\":{\"@id\":\"https:\\\/\\\/solidaires-etudiant-e-s.org\\\/site\\\/2018\\\/11\\\/29\\\/quelle-que-soit-la-nationalite-des-etudiant-e-s-non-a-laugmentation-des-frais-dinscription-a-luniversite\\\/#primaryimage\"},\"image\":{\"@id\":\"https:\\\/\\\/solidaires-etudiant-e-s.org\\\/site\\\/2018\\\/11\\\/29\\\/quelle-que-soit-la-nationalite-des-etudiant-e-s-non-a-laugmentation-des-frais-dinscription-a-luniversite\\\/#primaryimage\"},\"thumbnailUrl\":\"https:\\\/\\\/solidaires-etudiant-e-s.org\\\/site\\\/wp-content\\\/uploads\\\/2018\\\/11\\\/130437.jpg\",\"datePublished\":\"2018-11-29T17:24:25+00:00\",\"breadcrumb\":{\"@id\":\"https:\\\/\\\/solidaires-etudiant-e-s.org\\\/site\\\/2018\\\/11\\\/29\\\/quelle-que-soit-la-nationalite-des-etudiant-e-s-non-a-laugmentation-des-frais-dinscription-a-luniversite\\\/#breadcrumb\"},\"inLanguage\":\"fr-FR\",\"potentialAction\":[{\"@type\":\"ReadAction\",\"target\":[\"https:\\\/\\\/solidaires-etudiant-e-s.org\\\/site\\\/2018\\\/11\\\/29\\\/quelle-que-soit-la-nationalite-des-etudiant-e-s-non-a-laugmentation-des-frais-dinscription-a-luniversite\\\/\"]}]},{\"@type\":\"ImageObject\",\"inLanguage\":\"fr-FR\",\"@id\":\"https:\\\/\\\/solidaires-etudiant-e-s.org\\\/site\\\/2018\\\/11\\\/29\\\/quelle-que-soit-la-nationalite-des-etudiant-e-s-non-a-laugmentation-des-frais-dinscription-a-luniversite\\\/#primaryimage\",\"url\":\"https:\\\/\\\/solidaires-etudiant-e-s.org\\\/site\\\/wp-content\\\/uploads\\\/2018\\\/11\\\/130437.jpg\",\"contentUrl\":\"https:\\\/\\\/solidaires-etudiant-e-s.org\\\/site\\\/wp-content\\\/uploads\\\/2018\\\/11\\\/130437.jpg\",\"width\":280,\"height\":180},{\"@type\":\"BreadcrumbList\",\"@id\":\"https:\\\/\\\/solidaires-etudiant-e-s.org\\\/site\\\/2018\\\/11\\\/29\\\/quelle-que-soit-la-nationalite-des-etudiant-e-s-non-a-laugmentation-des-frais-dinscription-a-luniversite\\\/#breadcrumb\",\"itemListElement\":[{\"@type\":\"ListItem\",\"position\":1,\"name\":\"Accueil\",\"item\":\"https:\\\/\\\/solidaires-etudiant-e-s.org\\\/site\\\/\"},{\"@type\":\"ListItem\",\"position\":2,\"name\":\"Quelle que soit la nationalit\u00e9 des \u00e9tudiant-e-s : Non \u00e0 l\u2019augmentation des frais d\u2019inscription \u00e0 l\u2019universit\u00e9 !\"}]},{\"@type\":\"WebSite\",\"@id\":\"https:\\\/\\\/solidaires-etudiant-e-s.org\\\/site\\\/#website\",\"url\":\"https:\\\/\\\/solidaires-etudiant-e-s.org\\\/site\\\/\",\"name\":\"Solidaires \u00e9tudiant-e-s\",\"description\":\"Syndicats pour un enseignement sup\u00e9rieur gratuit, ouvert, et \u00e9mancipateur !\",\"publisher\":{\"@id\":\"https:\\\/\\\/solidaires-etudiant-e-s.org\\\/site\\\/#organization\"},\"potentialAction\":[{\"@type\":\"SearchAction\",\"target\":{\"@type\":\"EntryPoint\",\"urlTemplate\":\"https:\\\/\\\/solidaires-etudiant-e-s.org\\\/site\\\/?s={search_term_string}\"},\"query-input\":{\"@type\":\"PropertyValueSpecification\",\"valueRequired\":true,\"valueName\":\"search_term_string\"}}],\"inLanguage\":\"fr-FR\"},{\"@type\":\"Organization\",\"@id\":\"https:\\\/\\\/solidaires-etudiant-e-s.org\\\/site\\\/#organization\",\"name\":\"Solidaires \u00e9tudiant-e-s\",\"url\":\"https:\\\/\\\/solidaires-etudiant-e-s.org\\\/site\\\/\",\"logo\":{\"@type\":\"ImageObject\",\"inLanguage\":\"fr-FR\",\"@id\":\"https:\\\/\\\/solidaires-etudiant-e-s.org\\\/site\\\/#\\\/schema\\\/logo\\\/image\\\/\",\"url\":\"https:\\\/\\\/solidaires-etudiant-e-s.org\\\/site\\\/wp-content\\\/uploads\\\/2025\\\/12\\\/13-1.png\",\"contentUrl\":\"https:\\\/\\\/solidaires-etudiant-e-s.org\\\/site\\\/wp-content\\\/uploads\\\/2025\\\/12\\\/13-1.png\",\"width\":1181,\"height\":827,\"caption\":\"Solidaires \u00e9tudiant-e-s\"},\"image\":{\"@id\":\"https:\\\/\\\/solidaires-etudiant-e-s.org\\\/site\\\/#\\\/schema\\\/logo\\\/image\\\/\"},\"sameAs\":[\"https:\\\/\\\/www.facebook.com\\\/solidairesetudiantes\",\"https:\\\/\\\/x.com\\\/SolidairesEtu\",\"https:\\\/\\\/www.instagram.com\\\/solidairesetu\\\/\",\"https:\\\/\\\/bsky.app\\\/profile\\\/solidaires-etudiant-e-s.org\",\"https:\\\/\\\/mastodon.social\\\/@solidairesetu\",\"https:\\\/\\\/www.youtube.com\\\/channel\\\/UC_iZN9gmVAAnXbBM7wAWOag\"]},{\"@type\":\"Person\",\"@id\":\"https:\\\/\\\/solidaires-etudiant-e-s.org\\\/site\\\/#\\\/schema\\\/person\\\/0efb3e0ff4e2f12b5a5abcd4352aa86c\",\"name\":\"Solidaires \u00e9tudiant-e-s\",\"image\":{\"@type\":\"ImageObject\",\"inLanguage\":\"fr-FR\",\"@id\":\"https:\\\/\\\/solidaires-etudiant-e-s.org\\\/site\\\/wp-content\\\/uploads\\\/2020\\\/01\\\/logo-SESL-rond-512-96x96.png\",\"url\":\"https:\\\/\\\/solidaires-etudiant-e-s.org\\\/site\\\/wp-content\\\/uploads\\\/2020\\\/01\\\/logo-SESL-rond-512-96x96.png\",\"contentUrl\":\"https:\\\/\\\/solidaires-etudiant-e-s.org\\\/site\\\/wp-content\\\/uploads\\\/2020\\\/01\\\/logo-SESL-rond-512-96x96.png\",\"caption\":\"Solidaires \u00e9tudiant-e-s\"},\"sameAs\":[\"https:\\\/\\\/solidaires-etudiant.org\\\/site\",\"https:\\\/\\\/www.facebook.com\\\/solidairesetudiantes\",\"https:\\\/\\\/www.instagram.com\\\/solidairesetu\",\"https:\\\/\\\/x.com\\\/SolidairesEtu\",\"https:\\\/\\\/fr.wikipedia.org\\\/wiki\\\/Solidaires_tudiant-e-s\"]}]}<\/script>\n<!-- \/ Yoast SEO plugin. -->","yoast_head_json":{"title":"Quelle que soit la nationalit\u00e9 des \u00e9tudiant-e-s : Non \u00e0 l\u2019augmentation des frais d\u2019inscription \u00e0 l\u2019universit\u00e9 ! - Solidaires \u00e9tudiant-e-s","robots":{"index":"index","follow":"follow","max-snippet":"max-snippet:-1","max-image-preview":"max-image-preview:large","max-video-preview":"max-video-preview:-1"},"canonical":"https:\/\/solidaires-etudiant-e-s.org\/site\/2018\/11\/29\/quelle-que-soit-la-nationalite-des-etudiant-e-s-non-a-laugmentation-des-frais-dinscription-a-luniversite\/","og_locale":"fr_FR","og_type":"article","og_title":"Quelle que soit la nationalit\u00e9 des \u00e9tudiant-e-s : Non \u00e0 l\u2019augmentation des frais d\u2019inscription \u00e0 l\u2019universit\u00e9 ! - Solidaires \u00e9tudiant-e-s","og_description":"Quelle que soit la nationalit\u00e9 des \u00e9tudiant-e-s\u00a0: Non \u00e0 l\u2019augmentation des frais [&hellip;]","og_url":"https:\/\/solidaires-etudiant-e-s.org\/site\/2018\/11\/29\/quelle-que-soit-la-nationalite-des-etudiant-e-s-non-a-laugmentation-des-frais-dinscription-a-luniversite\/","og_site_name":"Solidaires \u00e9tudiant-e-s","article_publisher":"https:\/\/www.facebook.com\/solidairesetudiantes","article_author":"https:\/\/www.facebook.com\/solidairesetudiantes","article_published_time":"2018-11-29T17:24:25+00:00","og_image":[{"width":280,"height":180,"url":"https:\/\/solidaires-etudiant-e-s.org\/site\/wp-content\/uploads\/2018\/11\/130437.jpg","type":"image\/jpeg"}],"author":"Solidaires \u00e9tudiant-e-s","twitter_card":"summary_large_image","twitter_creator":"@SolidairesEtu","twitter_site":"@SolidairesEtu","twitter_misc":{"\u00c9crit par":"Solidaires \u00e9tudiant-e-s","Dur\u00e9e de lecture estim\u00e9e":"3 minutes"},"schema":{"@context":"https:\/\/schema.org","@graph":[{"@type":"Article","@id":"https:\/\/solidaires-etudiant-e-s.org\/site\/2018\/11\/29\/quelle-que-soit-la-nationalite-des-etudiant-e-s-non-a-laugmentation-des-frais-dinscription-a-luniversite\/#article","isPartOf":{"@id":"https:\/\/solidaires-etudiant-e-s.org\/site\/2018\/11\/29\/quelle-que-soit-la-nationalite-des-etudiant-e-s-non-a-laugmentation-des-frais-dinscription-a-luniversite\/"},"author":{"name":"Solidaires \u00e9tudiant-e-s","@id":"https:\/\/solidaires-etudiant-e-s.org\/site\/#\/schema\/person\/0efb3e0ff4e2f12b5a5abcd4352aa86c"},"headline":"Quelle que soit la nationalit\u00e9 des \u00e9tudiant-e-s : Non \u00e0 l\u2019augmentation des frais d\u2019inscription \u00e0 l\u2019universit\u00e9 !","datePublished":"2018-11-29T17:24:25+00:00","mainEntityOfPage":{"@id":"https:\/\/solidaires-etudiant-e-s.org\/site\/2018\/11\/29\/quelle-que-soit-la-nationalite-des-etudiant-e-s-non-a-laugmentation-des-frais-dinscription-a-luniversite\/"},"wordCount":694,"publisher":{"@id":"https:\/\/solidaires-etudiant-e-s.org\/site\/#organization"},"image":{"@id":"https:\/\/solidaires-etudiant-e-s.org\/site\/2018\/11\/29\/quelle-que-soit-la-nationalite-des-etudiant-e-s-non-a-laugmentation-des-frais-dinscription-a-luniversite\/#primaryimage"},"thumbnailUrl":"https:\/\/solidaires-etudiant-e-s.org\/site\/wp-content\/uploads\/2018\/11\/130437.jpg","articleSection":["COMMUNIQUES NATIONAUX","DROITS ETUDIANTS"],"inLanguage":"fr-FR"},{"@type":"WebPage","@id":"https:\/\/solidaires-etudiant-e-s.org\/site\/2018\/11\/29\/quelle-que-soit-la-nationalite-des-etudiant-e-s-non-a-laugmentation-des-frais-dinscription-a-luniversite\/","url":"https:\/\/solidaires-etudiant-e-s.org\/site\/2018\/11\/29\/quelle-que-soit-la-nationalite-des-etudiant-e-s-non-a-laugmentation-des-frais-dinscription-a-luniversite\/","name":"Quelle que soit la nationalit\u00e9 des \u00e9tudiant-e-s : Non \u00e0 l\u2019augmentation des frais d\u2019inscription \u00e0 l\u2019universit\u00e9 ! - Solidaires \u00e9tudiant-e-s","isPartOf":{"@id":"https:\/\/solidaires-etudiant-e-s.org\/site\/#website"},"primaryImageOfPage":{"@id":"https:\/\/solidaires-etudiant-e-s.org\/site\/2018\/11\/29\/quelle-que-soit-la-nationalite-des-etudiant-e-s-non-a-laugmentation-des-frais-dinscription-a-luniversite\/#primaryimage"},"image":{"@id":"https:\/\/solidaires-etudiant-e-s.org\/site\/2018\/11\/29\/quelle-que-soit-la-nationalite-des-etudiant-e-s-non-a-laugmentation-des-frais-dinscription-a-luniversite\/#primaryimage"},"thumbnailUrl":"https:\/\/solidaires-etudiant-e-s.org\/site\/wp-content\/uploads\/2018\/11\/130437.jpg","datePublished":"2018-11-29T17:24:25+00:00","breadcrumb":{"@id":"https:\/\/solidaires-etudiant-e-s.org\/site\/2018\/11\/29\/quelle-que-soit-la-nationalite-des-etudiant-e-s-non-a-laugmentation-des-frais-dinscription-a-luniversite\/#breadcrumb"},"inLanguage":"fr-FR","potentialAction":[{"@type":"ReadAction","target":["https:\/\/solidaires-etudiant-e-s.org\/site\/2018\/11\/29\/quelle-que-soit-la-nationalite-des-etudiant-e-s-non-a-laugmentation-des-frais-dinscription-a-luniversite\/"]}]},{"@type":"ImageObject","inLanguage":"fr-FR","@id":"https:\/\/solidaires-etudiant-e-s.org\/site\/2018\/11\/29\/quelle-que-soit-la-nationalite-des-etudiant-e-s-non-a-laugmentation-des-frais-dinscription-a-luniversite\/#primaryimage","url":"https:\/\/solidaires-etudiant-e-s.org\/site\/wp-content\/uploads\/2018\/11\/130437.jpg","contentUrl":"https:\/\/solidaires-etudiant-e-s.org\/site\/wp-content\/uploads\/2018\/11\/130437.jpg","width":280,"height":180},{"@type":"BreadcrumbList","@id":"https:\/\/solidaires-etudiant-e-s.org\/site\/2018\/11\/29\/quelle-que-soit-la-nationalite-des-etudiant-e-s-non-a-laugmentation-des-frais-dinscription-a-luniversite\/#breadcrumb","itemListElement":[{"@type":"ListItem","position":1,"name":"Accueil","item":"https:\/\/solidaires-etudiant-e-s.org\/site\/"},{"@type":"ListItem","position":2,"name":"Quelle que soit la nationalit\u00e9 des \u00e9tudiant-e-s : Non \u00e0 l\u2019augmentation des frais d\u2019inscription \u00e0 l\u2019universit\u00e9 !"}]},{"@type":"WebSite","@id":"https:\/\/solidaires-etudiant-e-s.org\/site\/#website","url":"https:\/\/solidaires-etudiant-e-s.org\/site\/","name":"Solidaires \u00e9tudiant-e-s","description":"Syndicats pour un enseignement sup\u00e9rieur gratuit, ouvert, et \u00e9mancipateur !","publisher":{"@id":"https:\/\/solidaires-etudiant-e-s.org\/site\/#organization"},"potentialAction":[{"@type":"SearchAction","target":{"@type":"EntryPoint","urlTemplate":"https:\/\/solidaires-etudiant-e-s.org\/site\/?s={search_term_string}"},"query-input":{"@type":"PropertyValueSpecification","valueRequired":true,"valueName":"search_term_string"}}],"inLanguage":"fr-FR"},{"@type":"Organization","@id":"https:\/\/solidaires-etudiant-e-s.org\/site\/#organization","name":"Solidaires \u00e9tudiant-e-s","url":"https:\/\/solidaires-etudiant-e-s.org\/site\/","logo":{"@type":"ImageObject","inLanguage":"fr-FR","@id":"https:\/\/solidaires-etudiant-e-s.org\/site\/#\/schema\/logo\/image\/","url":"https:\/\/solidaires-etudiant-e-s.org\/site\/wp-content\/uploads\/2025\/12\/13-1.png","contentUrl":"https:\/\/solidaires-etudiant-e-s.org\/site\/wp-content\/uploads\/2025\/12\/13-1.png","width":1181,"height":827,"caption":"Solidaires \u00e9tudiant-e-s"},"image":{"@id":"https:\/\/solidaires-etudiant-e-s.org\/site\/#\/schema\/logo\/image\/"},"sameAs":["https:\/\/www.facebook.com\/solidairesetudiantes","https:\/\/x.com\/SolidairesEtu","https:\/\/www.instagram.com\/solidairesetu\/","https:\/\/bsky.app\/profile\/solidaires-etudiant-e-s.org","https:\/\/mastodon.social\/@solidairesetu","https:\/\/www.youtube.com\/channel\/UC_iZN9gmVAAnXbBM7wAWOag"]},{"@type":"Person","@id":"https:\/\/solidaires-etudiant-e-s.org\/site\/#\/schema\/person\/0efb3e0ff4e2f12b5a5abcd4352aa86c","name":"Solidaires \u00e9tudiant-e-s","image":{"@type":"ImageObject","inLanguage":"fr-FR","@id":"https:\/\/solidaires-etudiant-e-s.org\/site\/wp-content\/uploads\/2020\/01\/logo-SESL-rond-512-96x96.png","url":"https:\/\/solidaires-etudiant-e-s.org\/site\/wp-content\/uploads\/2020\/01\/logo-SESL-rond-512-96x96.png","contentUrl":"https:\/\/solidaires-etudiant-e-s.org\/site\/wp-content\/uploads\/2020\/01\/logo-SESL-rond-512-96x96.png","caption":"Solidaires \u00e9tudiant-e-s"},"sameAs":["https:\/\/solidaires-etudiant.org\/site","https:\/\/www.facebook.com\/solidairesetudiantes","https:\/\/www.instagram.com\/solidairesetu","https:\/\/x.com\/SolidairesEtu","https:\/\/fr.wikipedia.org\/wiki\/Solidaires_tudiant-e-s"]}]}},"_links":{"self":[{"href":"https:\/\/solidaires-etudiant-e-s.org\/site\/wp-json\/wp\/v2\/posts\/4437","targetHints":{"allow":["GET"]}}],"collection":[{"href":"https:\/\/solidaires-etudiant-e-s.org\/site\/wp-json\/wp\/v2\/posts"}],"about":[{"href":"https:\/\/solidaires-etudiant-e-s.org\/site\/wp-json\/wp\/v2\/types\/post"}],"author":[{"embeddable":true,"href":"https:\/\/solidaires-etudiant-e-s.org\/site\/wp-json\/wp\/v2\/users\/1"}],"replies":[{"embeddable":true,"href":"https:\/\/solidaires-etudiant-e-s.org\/site\/wp-json\/wp\/v2\/comments?post=4437"}],"version-history":[{"count":0,"href":"https:\/\/solidaires-etudiant-e-s.org\/site\/wp-json\/wp\/v2\/posts\/4437\/revisions"}],"wp:featuredmedia":[{"embeddable":true,"href":"https:\/\/solidaires-etudiant-e-s.org\/site\/wp-json\/wp\/v2\/media\/4421"}],"wp:attachment":[{"href":"https:\/\/solidaires-etudiant-e-s.org\/site\/wp-json\/wp\/v2\/media?parent=4437"}],"wp:term":[{"taxonomy":"category","embeddable":true,"href":"https:\/\/solidaires-etudiant-e-s.org\/site\/wp-json\/wp\/v2\/categories?post=4437"},{"taxonomy":"post_tag","embeddable":true,"href":"https:\/\/solidaires-etudiant-e-s.org\/site\/wp-json\/wp\/v2\/tags?post=4437"}],"curies":[{"name":"wp","href":"https:\/\/api.w.org\/{rel}","templated":true}]}}