{"id":4389,"date":"2018-10-14T11:34:59","date_gmt":"2018-10-14T09:34:59","guid":{"rendered":"https:\/\/www.solidaires-etudiant.org\/?p=4389"},"modified":"2018-10-14T11:34:59","modified_gmt":"2018-10-14T09:34:59","slug":"ordonnance-sur-les-statuts-le-demantelement-des-universites-est-en-marche","status":"publish","type":"post","link":"https:\/\/solidaires-etudiant-e-s.org\/site\/2018\/10\/14\/ordonnance-sur-les-statuts-le-demantelement-des-universites-est-en-marche\/","title":{"rendered":"Ordonnance sur les statuts :  le d\u00e9mant\u00e8lement des universit\u00e9s est en marche"},"content":{"rendered":"<p>La loi \u00ab\u00a0Pour un \u00e9tat au service d\u2019une soci\u00e9t\u00e9 de confiance\u00a0\u00bb du 10 ao\u00fbt 2018 permet au gouvernement de faire passer des ordonnances portant sur le statut des \u00e9tablissements de l\u2019enseignement sup\u00e9rieur qui fusionnent ou des ComUE (Communaut\u00e9s d\u2019Universit\u00e9s et d\u2019Etablissements). Le gouvernement a d\u00e9cid\u00e9 de travailler sur ces ordonnances avec quelques universit\u00e9s ayant re\u00e7u un IdEx (Initiative d\u2019Excellence, budget allou\u00e9 \u00e0 \u00ab\u00a0l\u2019excellence\u00a0\u00bb universitaire), c\u2019est-\u00e0-dire celles qui seront les principales b\u00e9n\u00e9ficiaires de l\u2019exp\u00e9rimentation de nouveaux statuts que les ordonnances permettront. La m\u00e9thode en dit long sur le projet port\u00e9 par ces ordonnances : les premier\u00b7es de cord\u00e9e re\u00e7oivent la part du lion et les autres se contentent des miettes.<br \/>\nLe projet d\u2019ordonnances permettra de cr\u00e9er, dans le cadre de fusions des \u00e9tablissements, des statuts exp\u00e9rimentaux qui d\u00e9rogeront au code de l\u2019\u00c9ducation. Ainsi <strong>la proportion de membres \u00e9lu\u00b7es dans les conseils pourra descendre \u00e0 un tiers contre deux tiers actuellement<\/strong>. De plus les \u00e9tablissements fusionn\u00e9s pourront conserver leur personnalit\u00e9 morale mais seront de fait sous tutelle, avec leurs budgets, d\u00e9cisions et recrutements soumis \u00e0 l\u2019approbation de l\u2019\u00e9tablissement exp\u00e9rimental issu d\u2019une fusion. Il n\u2019existe plus aucune limite de nombre de mandats ni d\u2019\u00e2ge pour les pr\u00e9sident\u00b7es d\u2019\u00e9tablissements.<br \/>\nEn plus des cons\u00e9quences directes li\u00e9es \u00e0 des modifications r\u00e9glementaires, on peut entrevoir des cons\u00e9quences plus importantes pour les personnels et les \u00e9tudiant\u00b7es\u00a0: la \u00ab\u00a0mutualisation\u00a0\u00bb des formations entre les \u00e9tablissements fusionn\u00e9s sera acc\u00e9l\u00e9r\u00e9e conduisant les \u00e9tudiant\u00b7es \u00e0 devoir suivre leurs formations sur des sites diff\u00e9rents s\u00e9par\u00e9s parfois par une heure de transport si ce n\u2019est plus. Il est aussi \u00e0 craindre que les \u00e9tablissements les plus prestigieux au sein des fusions (comme Centrale dans le cas de Nantes, ou Science-Po dans le cas de Rennes) annexent les meilleures formations des autres \u00e9tablissements afin d\u2019augmenter leur influence, leur prestige \u2026 ainsi que les frais d\u2019inscription.<br \/>\nL\u2019une de nos principales craintes tient aux frais d\u2019inscription. Les \u00e9tablissements exp\u00e9rimentaux pourront se p\u00e9renniser sous la forme de \u00ab\u00a0grands \u00e9tablissements\u00a0\u00bb. <strong>Le statut de grand \u00e9tablissement permet de d\u00e9roger \u00e0 un certain nombre d\u2019obligations comme celui de respecter le cadre national des dipl\u00f4mes en termes de frais d\u2019inscription<\/strong>. Ce statut a permis \u00e0 Paris-Dauphine d\u2019\u00e9lever ses frais d\u2019inscription \u00e0 6000 \u20ac l\u2019ann\u00e9e pour certains de ses dipl\u00f4mes.<br \/>\nPour ces raisons, <strong>Solidaires \u00e9tudiant\u00b7es demande le retrait du projet d\u2019ordonnances et l\u2019abandon des fusions en cours<\/strong>. De plus l\u2019abrogation des dispositions de la loi Fioraso portant sur les rapprochements est n\u00e9cessaire. Enfin pour les \u00e9tablissements d\u00e9j\u00e0 fusionn\u00e9s, Solidaires demande <strong>la tenue de r\u00e9f\u00e9rendums d\u00e9cisionnels des \u00e9tudiant\u00b7es et personnels<\/strong> des anciennes universit\u00e9s fusionn\u00e9es sur l\u2019avenir de leurs \u00e9tablissements.<br \/>\n<strong>Cela ne peut \u00eatre obtenu que gr\u00e2ce \u00e0 la mobilisation de tou\u00b7te\u00b7s les \u00e9tudiant\u00b7es et personnel s de l\u2019Enseignement Sup\u00e9rieur.<\/strong><br \/>\n<strong><em>Solidaires \u00e9tudiant-e-s, syndicats de luttes<br \/>\n<\/em><\/strong>Porte-parolat : <em>06.86.80.24.45<br \/>\n<\/em><em>https:\/\/solidaires-etudiant.org\/site\/<br \/>\n<\/em><em><a href=\"mailto:contact@solidaires-etudiant-e-s.org\">contact@solidaires-etudiant-e-s.org<\/a><\/em><br \/>\n<a href=\"https:\/\/solidaires-etudiant.org\/site\/wp-content\/uploads\/2018\/10\/CP-ordonnances-statuts.pdf\" target=\"_blank\" rel=\"noopener\"><img loading=\"lazy\" decoding=\"async\" class=\" wp-image-3509 alignleft\" src=\"https:\/\/www.solidaires-etudiant.org\/wp-content\/uploads\/2016\/12\/adobe.png\" alt=\"\" width=\"76\" height=\"76\" \/><\/a><\/p>\n","protected":false},"excerpt":{"rendered":"<p>La loi \u00ab\u00a0Pour un \u00e9tat au service d\u2019une soci\u00e9t\u00e9 de confiance\u00a0\u00bb du [&hellip;]<\/p>\n","protected":false},"author":1,"featured_media":4391,"comment_status":"closed","ping_status":"closed","sticky":false,"template":"","format":"standard","meta":{"cybocfi_hide_featured_image":"","footnotes":""},"categories":[10,18],"tags":[308,467,1048],"class_list":["post-4389","post","type-post","status-publish","format-standard","has-post-thumbnail","hentry","category-communiques","category-esr","tag-communiques-2","tag-enseignement-superieur","tag-slide-show","col-md-4 col-sm-4"],"featured_image_src":"https:\/\/solidaires-etudiant-e-s.org\/site\/wp-content\/uploads\/2018\/10\/demantelement_01-copie.png","author_info":{"display_name":"Solidaires \u00e9tudiant-e-s","author_link":false},"yoast_head":"<!-- This site is optimized with the Yoast SEO plugin v27.4 - https:\/\/yoast.com\/product\/yoast-seo-wordpress\/ -->\n<title>Ordonnance sur les statuts : le d\u00e9mant\u00e8lement des universit\u00e9s est en marche - Solidaires \u00e9tudiant-e-s<\/title>\n<meta name=\"robots\" content=\"index, follow, max-snippet:-1, max-image-preview:large, max-video-preview:-1\" \/>\n<link rel=\"canonical\" href=\"https:\/\/solidaires-etudiant-e-s.org\/site\/2018\/10\/14\/ordonnance-sur-les-statuts-le-demantelement-des-universites-est-en-marche\/\" \/>\n<meta property=\"og:locale\" content=\"fr_FR\" \/>\n<meta property=\"og:type\" content=\"article\" \/>\n<meta property=\"og:title\" content=\"Ordonnance sur les statuts : le d\u00e9mant\u00e8lement des universit\u00e9s est en marche - Solidaires \u00e9tudiant-e-s\" \/>\n<meta property=\"og:description\" content=\"La loi \u00ab\u00a0Pour un \u00e9tat au service d\u2019une soci\u00e9t\u00e9 de confiance\u00a0\u00bb du [&hellip;]\" \/>\n<meta property=\"og:url\" content=\"https:\/\/solidaires-etudiant-e-s.org\/site\/2018\/10\/14\/ordonnance-sur-les-statuts-le-demantelement-des-universites-est-en-marche\/\" \/>\n<meta property=\"og:site_name\" content=\"Solidaires \u00e9tudiant-e-s\" \/>\n<meta property=\"article:publisher\" content=\"https:\/\/www.facebook.com\/solidairesetudiantes\" \/>\n<meta property=\"article:author\" content=\"https:\/\/www.facebook.com\/solidairesetudiantes\" \/>\n<meta property=\"article:published_time\" content=\"2018-10-14T09:34:59+00:00\" \/>\n<meta property=\"og:image\" content=\"https:\/\/solidaires-etudiant-e-s.org\/site\/wp-content\/uploads\/2018\/10\/demantelement_01-copie.png\" \/>\n\t<meta property=\"og:image:width\" content=\"1000\" \/>\n\t<meta property=\"og:image:height\" content=\"667\" \/>\n\t<meta property=\"og:image:type\" content=\"image\/png\" \/>\n<meta name=\"author\" content=\"Solidaires \u00e9tudiant-e-s\" \/>\n<meta name=\"twitter:card\" content=\"summary_large_image\" \/>\n<meta name=\"twitter:creator\" content=\"@SolidairesEtu\" \/>\n<meta name=\"twitter:site\" content=\"@SolidairesEtu\" \/>\n<meta name=\"twitter:label1\" content=\"\u00c9crit par\" \/>\n\t<meta name=\"twitter:data1\" content=\"Solidaires \u00e9tudiant-e-s\" \/>\n\t<meta name=\"twitter:label2\" content=\"Dur\u00e9e de lecture estim\u00e9e\" \/>\n\t<meta name=\"twitter:data2\" content=\"3 minutes\" \/>\n<script type=\"application\/ld+json\" class=\"yoast-schema-graph\">{\"@context\":\"https:\\\/\\\/schema.org\",\"@graph\":[{\"@type\":\"Article\",\"@id\":\"https:\\\/\\\/solidaires-etudiant-e-s.org\\\/site\\\/2018\\\/10\\\/14\\\/ordonnance-sur-les-statuts-le-demantelement-des-universites-est-en-marche\\\/#article\",\"isPartOf\":{\"@id\":\"https:\\\/\\\/solidaires-etudiant-e-s.org\\\/site\\\/2018\\\/10\\\/14\\\/ordonnance-sur-les-statuts-le-demantelement-des-universites-est-en-marche\\\/\"},\"author\":{\"name\":\"Solidaires \u00e9tudiant-e-s\",\"@id\":\"https:\\\/\\\/solidaires-etudiant-e-s.org\\\/site\\\/#\\\/schema\\\/person\\\/0efb3e0ff4e2f12b5a5abcd4352aa86c\"},\"headline\":\"Ordonnance sur les statuts : le d\u00e9mant\u00e8lement des universit\u00e9s est en marche\",\"datePublished\":\"2018-10-14T09:34:59+00:00\",\"mainEntityOfPage\":{\"@id\":\"https:\\\/\\\/solidaires-etudiant-e-s.org\\\/site\\\/2018\\\/10\\\/14\\\/ordonnance-sur-les-statuts-le-demantelement-des-universites-est-en-marche\\\/\"},\"wordCount\":545,\"publisher\":{\"@id\":\"https:\\\/\\\/solidaires-etudiant-e-s.org\\\/site\\\/#organization\"},\"image\":{\"@id\":\"https:\\\/\\\/solidaires-etudiant-e-s.org\\\/site\\\/2018\\\/10\\\/14\\\/ordonnance-sur-les-statuts-le-demantelement-des-universites-est-en-marche\\\/#primaryimage\"},\"thumbnailUrl\":\"https:\\\/\\\/solidaires-etudiant-e-s.org\\\/site\\\/wp-content\\\/uploads\\\/2018\\\/10\\\/demantelement_01-copie.png\",\"keywords\":[\"communiqu\u00e9s\",\"enseignement sup\u00e9rieur\",\"slide-show\"],\"articleSection\":[\"COMMUNIQUES NATIONAUX\",\"ENSEIGNEMENT SUPERIEUR\"],\"inLanguage\":\"fr-FR\"},{\"@type\":\"WebPage\",\"@id\":\"https:\\\/\\\/solidaires-etudiant-e-s.org\\\/site\\\/2018\\\/10\\\/14\\\/ordonnance-sur-les-statuts-le-demantelement-des-universites-est-en-marche\\\/\",\"url\":\"https:\\\/\\\/solidaires-etudiant-e-s.org\\\/site\\\/2018\\\/10\\\/14\\\/ordonnance-sur-les-statuts-le-demantelement-des-universites-est-en-marche\\\/\",\"name\":\"Ordonnance sur les statuts : le d\u00e9mant\u00e8lement des universit\u00e9s est en marche - Solidaires \u00e9tudiant-e-s\",\"isPartOf\":{\"@id\":\"https:\\\/\\\/solidaires-etudiant-e-s.org\\\/site\\\/#website\"},\"primaryImageOfPage\":{\"@id\":\"https:\\\/\\\/solidaires-etudiant-e-s.org\\\/site\\\/2018\\\/10\\\/14\\\/ordonnance-sur-les-statuts-le-demantelement-des-universites-est-en-marche\\\/#primaryimage\"},\"image\":{\"@id\":\"https:\\\/\\\/solidaires-etudiant-e-s.org\\\/site\\\/2018\\\/10\\\/14\\\/ordonnance-sur-les-statuts-le-demantelement-des-universites-est-en-marche\\\/#primaryimage\"},\"thumbnailUrl\":\"https:\\\/\\\/solidaires-etudiant-e-s.org\\\/site\\\/wp-content\\\/uploads\\\/2018\\\/10\\\/demantelement_01-copie.png\",\"datePublished\":\"2018-10-14T09:34:59+00:00\",\"breadcrumb\":{\"@id\":\"https:\\\/\\\/solidaires-etudiant-e-s.org\\\/site\\\/2018\\\/10\\\/14\\\/ordonnance-sur-les-statuts-le-demantelement-des-universites-est-en-marche\\\/#breadcrumb\"},\"inLanguage\":\"fr-FR\",\"potentialAction\":[{\"@type\":\"ReadAction\",\"target\":[\"https:\\\/\\\/solidaires-etudiant-e-s.org\\\/site\\\/2018\\\/10\\\/14\\\/ordonnance-sur-les-statuts-le-demantelement-des-universites-est-en-marche\\\/\"]}]},{\"@type\":\"ImageObject\",\"inLanguage\":\"fr-FR\",\"@id\":\"https:\\\/\\\/solidaires-etudiant-e-s.org\\\/site\\\/2018\\\/10\\\/14\\\/ordonnance-sur-les-statuts-le-demantelement-des-universites-est-en-marche\\\/#primaryimage\",\"url\":\"https:\\\/\\\/solidaires-etudiant-e-s.org\\\/site\\\/wp-content\\\/uploads\\\/2018\\\/10\\\/demantelement_01-copie.png\",\"contentUrl\":\"https:\\\/\\\/solidaires-etudiant-e-s.org\\\/site\\\/wp-content\\\/uploads\\\/2018\\\/10\\\/demantelement_01-copie.png\",\"width\":1000,\"height\":667},{\"@type\":\"BreadcrumbList\",\"@id\":\"https:\\\/\\\/solidaires-etudiant-e-s.org\\\/site\\\/2018\\\/10\\\/14\\\/ordonnance-sur-les-statuts-le-demantelement-des-universites-est-en-marche\\\/#breadcrumb\",\"itemListElement\":[{\"@type\":\"ListItem\",\"position\":1,\"name\":\"Accueil\",\"item\":\"https:\\\/\\\/solidaires-etudiant-e-s.org\\\/site\\\/\"},{\"@type\":\"ListItem\",\"position\":2,\"name\":\"Ordonnance sur les statuts : le d\u00e9mant\u00e8lement des universit\u00e9s est en marche\"}]},{\"@type\":\"WebSite\",\"@id\":\"https:\\\/\\\/solidaires-etudiant-e-s.org\\\/site\\\/#website\",\"url\":\"https:\\\/\\\/solidaires-etudiant-e-s.org\\\/site\\\/\",\"name\":\"Solidaires \u00e9tudiant-e-s\",\"description\":\"Syndicats pour un enseignement sup\u00e9rieur gratuit, ouvert, et \u00e9mancipateur !\",\"publisher\":{\"@id\":\"https:\\\/\\\/solidaires-etudiant-e-s.org\\\/site\\\/#organization\"},\"potentialAction\":[{\"@type\":\"SearchAction\",\"target\":{\"@type\":\"EntryPoint\",\"urlTemplate\":\"https:\\\/\\\/solidaires-etudiant-e-s.org\\\/site\\\/?s={search_term_string}\"},\"query-input\":{\"@type\":\"PropertyValueSpecification\",\"valueRequired\":true,\"valueName\":\"search_term_string\"}}],\"inLanguage\":\"fr-FR\"},{\"@type\":\"Organization\",\"@id\":\"https:\\\/\\\/solidaires-etudiant-e-s.org\\\/site\\\/#organization\",\"name\":\"Solidaires \u00e9tudiant-e-s\",\"url\":\"https:\\\/\\\/solidaires-etudiant-e-s.org\\\/site\\\/\",\"logo\":{\"@type\":\"ImageObject\",\"inLanguage\":\"fr-FR\",\"@id\":\"https:\\\/\\\/solidaires-etudiant-e-s.org\\\/site\\\/#\\\/schema\\\/logo\\\/image\\\/\",\"url\":\"https:\\\/\\\/solidaires-etudiant-e-s.org\\\/site\\\/wp-content\\\/uploads\\\/2025\\\/12\\\/13-1.png\",\"contentUrl\":\"https:\\\/\\\/solidaires-etudiant-e-s.org\\\/site\\\/wp-content\\\/uploads\\\/2025\\\/12\\\/13-1.png\",\"width\":1181,\"height\":827,\"caption\":\"Solidaires \u00e9tudiant-e-s\"},\"image\":{\"@id\":\"https:\\\/\\\/solidaires-etudiant-e-s.org\\\/site\\\/#\\\/schema\\\/logo\\\/image\\\/\"},\"sameAs\":[\"https:\\\/\\\/www.facebook.com\\\/solidairesetudiantes\",\"https:\\\/\\\/x.com\\\/SolidairesEtu\",\"https:\\\/\\\/www.instagram.com\\\/solidairesetu\\\/\",\"https:\\\/\\\/bsky.app\\\/profile\\\/solidaires-etudiant-e-s.org\",\"https:\\\/\\\/mastodon.social\\\/@solidairesetu\",\"https:\\\/\\\/www.youtube.com\\\/channel\\\/UC_iZN9gmVAAnXbBM7wAWOag\"]},{\"@type\":\"Person\",\"@id\":\"https:\\\/\\\/solidaires-etudiant-e-s.org\\\/site\\\/#\\\/schema\\\/person\\\/0efb3e0ff4e2f12b5a5abcd4352aa86c\",\"name\":\"Solidaires \u00e9tudiant-e-s\",\"image\":{\"@type\":\"ImageObject\",\"inLanguage\":\"fr-FR\",\"@id\":\"https:\\\/\\\/solidaires-etudiant-e-s.org\\\/site\\\/wp-content\\\/uploads\\\/2020\\\/01\\\/logo-SESL-rond-512-96x96.png\",\"url\":\"https:\\\/\\\/solidaires-etudiant-e-s.org\\\/site\\\/wp-content\\\/uploads\\\/2020\\\/01\\\/logo-SESL-rond-512-96x96.png\",\"contentUrl\":\"https:\\\/\\\/solidaires-etudiant-e-s.org\\\/site\\\/wp-content\\\/uploads\\\/2020\\\/01\\\/logo-SESL-rond-512-96x96.png\",\"caption\":\"Solidaires \u00e9tudiant-e-s\"},\"sameAs\":[\"https:\\\/\\\/solidaires-etudiant.org\\\/site\",\"https:\\\/\\\/www.facebook.com\\\/solidairesetudiantes\",\"https:\\\/\\\/www.instagram.com\\\/solidairesetu\",\"https:\\\/\\\/x.com\\\/SolidairesEtu\",\"https:\\\/\\\/fr.wikipedia.org\\\/wiki\\\/Solidaires_tudiant-e-s\"]}]}<\/script>\n<!-- \/ Yoast SEO plugin. -->","yoast_head_json":{"title":"Ordonnance sur les statuts : le d\u00e9mant\u00e8lement des universit\u00e9s est en marche - Solidaires \u00e9tudiant-e-s","robots":{"index":"index","follow":"follow","max-snippet":"max-snippet:-1","max-image-preview":"max-image-preview:large","max-video-preview":"max-video-preview:-1"},"canonical":"https:\/\/solidaires-etudiant-e-s.org\/site\/2018\/10\/14\/ordonnance-sur-les-statuts-le-demantelement-des-universites-est-en-marche\/","og_locale":"fr_FR","og_type":"article","og_title":"Ordonnance sur les statuts : le d\u00e9mant\u00e8lement des universit\u00e9s est en marche - Solidaires \u00e9tudiant-e-s","og_description":"La loi \u00ab\u00a0Pour un \u00e9tat au service d\u2019une soci\u00e9t\u00e9 de confiance\u00a0\u00bb du [&hellip;]","og_url":"https:\/\/solidaires-etudiant-e-s.org\/site\/2018\/10\/14\/ordonnance-sur-les-statuts-le-demantelement-des-universites-est-en-marche\/","og_site_name":"Solidaires \u00e9tudiant-e-s","article_publisher":"https:\/\/www.facebook.com\/solidairesetudiantes","article_author":"https:\/\/www.facebook.com\/solidairesetudiantes","article_published_time":"2018-10-14T09:34:59+00:00","og_image":[{"width":1000,"height":667,"url":"https:\/\/solidaires-etudiant-e-s.org\/site\/wp-content\/uploads\/2018\/10\/demantelement_01-copie.png","type":"image\/png"}],"author":"Solidaires \u00e9tudiant-e-s","twitter_card":"summary_large_image","twitter_creator":"@SolidairesEtu","twitter_site":"@SolidairesEtu","twitter_misc":{"\u00c9crit par":"Solidaires \u00e9tudiant-e-s","Dur\u00e9e de lecture estim\u00e9e":"3 minutes"},"schema":{"@context":"https:\/\/schema.org","@graph":[{"@type":"Article","@id":"https:\/\/solidaires-etudiant-e-s.org\/site\/2018\/10\/14\/ordonnance-sur-les-statuts-le-demantelement-des-universites-est-en-marche\/#article","isPartOf":{"@id":"https:\/\/solidaires-etudiant-e-s.org\/site\/2018\/10\/14\/ordonnance-sur-les-statuts-le-demantelement-des-universites-est-en-marche\/"},"author":{"name":"Solidaires \u00e9tudiant-e-s","@id":"https:\/\/solidaires-etudiant-e-s.org\/site\/#\/schema\/person\/0efb3e0ff4e2f12b5a5abcd4352aa86c"},"headline":"Ordonnance sur les statuts : le d\u00e9mant\u00e8lement des universit\u00e9s est en marche","datePublished":"2018-10-14T09:34:59+00:00","mainEntityOfPage":{"@id":"https:\/\/solidaires-etudiant-e-s.org\/site\/2018\/10\/14\/ordonnance-sur-les-statuts-le-demantelement-des-universites-est-en-marche\/"},"wordCount":545,"publisher":{"@id":"https:\/\/solidaires-etudiant-e-s.org\/site\/#organization"},"image":{"@id":"https:\/\/solidaires-etudiant-e-s.org\/site\/2018\/10\/14\/ordonnance-sur-les-statuts-le-demantelement-des-universites-est-en-marche\/#primaryimage"},"thumbnailUrl":"https:\/\/solidaires-etudiant-e-s.org\/site\/wp-content\/uploads\/2018\/10\/demantelement_01-copie.png","keywords":["communiqu\u00e9s","enseignement sup\u00e9rieur","slide-show"],"articleSection":["COMMUNIQUES NATIONAUX","ENSEIGNEMENT SUPERIEUR"],"inLanguage":"fr-FR"},{"@type":"WebPage","@id":"https:\/\/solidaires-etudiant-e-s.org\/site\/2018\/10\/14\/ordonnance-sur-les-statuts-le-demantelement-des-universites-est-en-marche\/","url":"https:\/\/solidaires-etudiant-e-s.org\/site\/2018\/10\/14\/ordonnance-sur-les-statuts-le-demantelement-des-universites-est-en-marche\/","name":"Ordonnance sur les statuts : le d\u00e9mant\u00e8lement des universit\u00e9s est en marche - Solidaires \u00e9tudiant-e-s","isPartOf":{"@id":"https:\/\/solidaires-etudiant-e-s.org\/site\/#website"},"primaryImageOfPage":{"@id":"https:\/\/solidaires-etudiant-e-s.org\/site\/2018\/10\/14\/ordonnance-sur-les-statuts-le-demantelement-des-universites-est-en-marche\/#primaryimage"},"image":{"@id":"https:\/\/solidaires-etudiant-e-s.org\/site\/2018\/10\/14\/ordonnance-sur-les-statuts-le-demantelement-des-universites-est-en-marche\/#primaryimage"},"thumbnailUrl":"https:\/\/solidaires-etudiant-e-s.org\/site\/wp-content\/uploads\/2018\/10\/demantelement_01-copie.png","datePublished":"2018-10-14T09:34:59+00:00","breadcrumb":{"@id":"https:\/\/solidaires-etudiant-e-s.org\/site\/2018\/10\/14\/ordonnance-sur-les-statuts-le-demantelement-des-universites-est-en-marche\/#breadcrumb"},"inLanguage":"fr-FR","potentialAction":[{"@type":"ReadAction","target":["https:\/\/solidaires-etudiant-e-s.org\/site\/2018\/10\/14\/ordonnance-sur-les-statuts-le-demantelement-des-universites-est-en-marche\/"]}]},{"@type":"ImageObject","inLanguage":"fr-FR","@id":"https:\/\/solidaires-etudiant-e-s.org\/site\/2018\/10\/14\/ordonnance-sur-les-statuts-le-demantelement-des-universites-est-en-marche\/#primaryimage","url":"https:\/\/solidaires-etudiant-e-s.org\/site\/wp-content\/uploads\/2018\/10\/demantelement_01-copie.png","contentUrl":"https:\/\/solidaires-etudiant-e-s.org\/site\/wp-content\/uploads\/2018\/10\/demantelement_01-copie.png","width":1000,"height":667},{"@type":"BreadcrumbList","@id":"https:\/\/solidaires-etudiant-e-s.org\/site\/2018\/10\/14\/ordonnance-sur-les-statuts-le-demantelement-des-universites-est-en-marche\/#breadcrumb","itemListElement":[{"@type":"ListItem","position":1,"name":"Accueil","item":"https:\/\/solidaires-etudiant-e-s.org\/site\/"},{"@type":"ListItem","position":2,"name":"Ordonnance sur les statuts : le d\u00e9mant\u00e8lement des universit\u00e9s est en marche"}]},{"@type":"WebSite","@id":"https:\/\/solidaires-etudiant-e-s.org\/site\/#website","url":"https:\/\/solidaires-etudiant-e-s.org\/site\/","name":"Solidaires \u00e9tudiant-e-s","description":"Syndicats pour un enseignement sup\u00e9rieur gratuit, ouvert, et \u00e9mancipateur !","publisher":{"@id":"https:\/\/solidaires-etudiant-e-s.org\/site\/#organization"},"potentialAction":[{"@type":"SearchAction","target":{"@type":"EntryPoint","urlTemplate":"https:\/\/solidaires-etudiant-e-s.org\/site\/?s={search_term_string}"},"query-input":{"@type":"PropertyValueSpecification","valueRequired":true,"valueName":"search_term_string"}}],"inLanguage":"fr-FR"},{"@type":"Organization","@id":"https:\/\/solidaires-etudiant-e-s.org\/site\/#organization","name":"Solidaires \u00e9tudiant-e-s","url":"https:\/\/solidaires-etudiant-e-s.org\/site\/","logo":{"@type":"ImageObject","inLanguage":"fr-FR","@id":"https:\/\/solidaires-etudiant-e-s.org\/site\/#\/schema\/logo\/image\/","url":"https:\/\/solidaires-etudiant-e-s.org\/site\/wp-content\/uploads\/2025\/12\/13-1.png","contentUrl":"https:\/\/solidaires-etudiant-e-s.org\/site\/wp-content\/uploads\/2025\/12\/13-1.png","width":1181,"height":827,"caption":"Solidaires \u00e9tudiant-e-s"},"image":{"@id":"https:\/\/solidaires-etudiant-e-s.org\/site\/#\/schema\/logo\/image\/"},"sameAs":["https:\/\/www.facebook.com\/solidairesetudiantes","https:\/\/x.com\/SolidairesEtu","https:\/\/www.instagram.com\/solidairesetu\/","https:\/\/bsky.app\/profile\/solidaires-etudiant-e-s.org","https:\/\/mastodon.social\/@solidairesetu","https:\/\/www.youtube.com\/channel\/UC_iZN9gmVAAnXbBM7wAWOag"]},{"@type":"Person","@id":"https:\/\/solidaires-etudiant-e-s.org\/site\/#\/schema\/person\/0efb3e0ff4e2f12b5a5abcd4352aa86c","name":"Solidaires \u00e9tudiant-e-s","image":{"@type":"ImageObject","inLanguage":"fr-FR","@id":"https:\/\/solidaires-etudiant-e-s.org\/site\/wp-content\/uploads\/2020\/01\/logo-SESL-rond-512-96x96.png","url":"https:\/\/solidaires-etudiant-e-s.org\/site\/wp-content\/uploads\/2020\/01\/logo-SESL-rond-512-96x96.png","contentUrl":"https:\/\/solidaires-etudiant-e-s.org\/site\/wp-content\/uploads\/2020\/01\/logo-SESL-rond-512-96x96.png","caption":"Solidaires \u00e9tudiant-e-s"},"sameAs":["https:\/\/solidaires-etudiant.org\/site","https:\/\/www.facebook.com\/solidairesetudiantes","https:\/\/www.instagram.com\/solidairesetu","https:\/\/x.com\/SolidairesEtu","https:\/\/fr.wikipedia.org\/wiki\/Solidaires_tudiant-e-s"]}]}},"_links":{"self":[{"href":"https:\/\/solidaires-etudiant-e-s.org\/site\/wp-json\/wp\/v2\/posts\/4389","targetHints":{"allow":["GET"]}}],"collection":[{"href":"https:\/\/solidaires-etudiant-e-s.org\/site\/wp-json\/wp\/v2\/posts"}],"about":[{"href":"https:\/\/solidaires-etudiant-e-s.org\/site\/wp-json\/wp\/v2\/types\/post"}],"author":[{"embeddable":true,"href":"https:\/\/solidaires-etudiant-e-s.org\/site\/wp-json\/wp\/v2\/users\/1"}],"replies":[{"embeddable":true,"href":"https:\/\/solidaires-etudiant-e-s.org\/site\/wp-json\/wp\/v2\/comments?post=4389"}],"version-history":[{"count":0,"href":"https:\/\/solidaires-etudiant-e-s.org\/site\/wp-json\/wp\/v2\/posts\/4389\/revisions"}],"wp:featuredmedia":[{"embeddable":true,"href":"https:\/\/solidaires-etudiant-e-s.org\/site\/wp-json\/wp\/v2\/media\/4391"}],"wp:attachment":[{"href":"https:\/\/solidaires-etudiant-e-s.org\/site\/wp-json\/wp\/v2\/media?parent=4389"}],"wp:term":[{"taxonomy":"category","embeddable":true,"href":"https:\/\/solidaires-etudiant-e-s.org\/site\/wp-json\/wp\/v2\/categories?post=4389"},{"taxonomy":"post_tag","embeddable":true,"href":"https:\/\/solidaires-etudiant-e-s.org\/site\/wp-json\/wp\/v2\/tags?post=4389"}],"curies":[{"name":"wp","href":"https:\/\/api.w.org\/{rel}","templated":true}]}}