{"id":4085,"date":"2018-02-14T04:20:04","date_gmt":"2018-02-14T03:20:04","guid":{"rendered":"https:\/\/www.solidaires-etudiant.org\/?p=4085"},"modified":"2018-02-14T04:20:04","modified_gmt":"2018-02-14T03:20:04","slug":"facs-en-luttes-3-la-mobilisation-prend-de-lampleur","status":"publish","type":"post","link":"https:\/\/solidaires-etudiant-e-s.org\/site\/2018\/02\/14\/facs-en-luttes-3-la-mobilisation-prend-de-lampleur\/","title":{"rendered":"Facs en Luttes #3 : la mobilisation prend de l&#039;ampleur"},"content":{"rendered":"<p>Partout, les \u00e9tudiant-e-s et lyc\u00e9en-ne-s s\u2019organisent : blocages d\u2019universit\u00e9s, blocages de lyc\u00e9es, assembl\u00e9es g\u00e9n\u00e9rales, r\u00e9unions d\u2019information, <a href=\"http:\/\/www.sauvonsluniversite.com\/spip.php?article7947\"><u>motions en conseils et en assembl\u00e9e g\u00e9n\u00e9rale<\/u><\/a>\u2026<br \/>\nApr\u00e8s le <a href=\"https:\/\/www.solidaires-etudiant.org\/blog\/2018\/02\/01\/1er-fevrier-contre-le-plan-etudiant-amplifions-la-contestation\/\"><u>1<sup>er <\/sup>f\u00e9vrier<\/u><\/a> et le <u><a href=\"https:\/\/www.solidaires-etudiant.org\/blog\/2018\/02\/04\/facs-en-luttes-2-pour-lutter-contre-vidal-s-informer-devient-vital\/\">6 f\u00e9vrier<\/a><\/u>, c\u2019est une mobilisation \u00e9tudiante et lyc\u00e9enne grandissante qui se profile pour la troisi\u00e8me journ\u00e9e nationale, le 15 f\u00e9vrier. Le m\u00eame jour sera vot\u00e9 le projet de loi issue de la commission mixte paritaire du Parlement, dans une version qui aggrave encore l\u2019attaque qui nous est faite.<br \/>\nEn effet, pour acc\u00e9l\u00e9rer la proc\u00e9dure, le gouvernement n\u2019a pas h\u00e9sit\u00e9 \u00e0 faire un pas de plus \u00e0 droite en int\u00e9grant des propositions outranci\u00e8res du s\u00e9nat. Doit-on s\u2019attendre \u00e0 un flicage non-seulement des \u00e9tudiant-es boursier-es, mais de toustes sur une assiduit\u00e9 qui n\u2019a pas de sens \u00e0 l\u2019universit\u00e9\u00a0? Et que signifie la \u00ab\u00a0mise en ad\u00e9quation des capacit\u00e9s d\u2019accueil avec les possibilit\u00e9s d\u2019insertion professionnelle\u00a0\u00bb ?<br \/>\n&nbsp;<br \/>\nVoici une compilation non-exhaustive des mobilisations dans chaque universit\u00e9.<br \/>\n<em>pr. = prochaine<\/em><br \/>\n<strong>Besan\u00e7on<\/strong>\u00a0: 100 en AG, pr. AG 13\/02<br \/>\n<a href=\"https:\/\/www.facebook.com\/ComiteDeMobilisation\/\"><strong>Bordeaux<\/strong>\u00a0<\/a>: 400 en manif, pr. AG <a href=\"https:\/\/www.facebook.com\/sudetudiantscpobordeaux\/photos\/a.917874561698486.1073741827.138167576335859\/984052588414016\/?type=3\">14\/02 12h30<\/a>, occupation de la pr\u00e9sidence<br \/>\n<strong>Brest<\/strong>\u00a0: 150 en manif<br \/>\n<a href=\"https:\/\/www.facebook.com\/Comit%C3%A9-de-mobilisation-contre-la-s%C3%A9lection-%C3%A0-luniversit%C3%A9-Caen-2122811824671772\/\"><strong><u>Caen<\/u><\/strong><u>\u00a0<\/u><\/a>: 100 en AG, 200 en manif, pr. AG <a href=\"https:\/\/www.facebook.com\/events\/350273348782826\/\"><u>14\/02 12h30 amphi point carr\u00e9<\/u><\/a><br \/>\n<strong>Clermont<\/strong>\u00a0: 40 en AG, 500 en manif, blocages de CFVU, blocage de lyc\u00e9es<br \/>\n<strong>Dijon<\/strong>\u00a0: pr. AG <a href=\"https:\/\/www.facebook.com\/events\/158840378099988\/\">13\/02 12h<\/a><br \/>\n<a href=\"https:\/\/www.facebook.com\/events\/147357239283605\/\"><strong><u>Grenoble<\/u><\/strong><u>\u00a0<\/u><\/a>: 150 en AG, 900 en manif, pr. AG <a href=\"https:\/\/www.facebook.com\/events\/317374015450746\/\">13\/02 12h Galerie des Amphis<\/a>, pr. manif 15\/02, Mobilisation journ\u00e9e portes ouvertes<br \/>\n<strong><a href=\"https:\/\/www.facebook.com\/AGdeLutteLille\/\">Lille\u00a0<\/a><\/strong>: 50 en AG (Lille 1) ; 500 en manif, pr. AG 15\/02 (Lille 1, Lille 2) <a href=\"https:\/\/www.facebook.com\/events\/396925510721084\/\">13\/02 12h30 hall bat. A<\/a> (Lille 3) Occupation de l\u2019IEP Lille<br \/>\n<strong><a href=\"https:\/\/www.facebook.com\/lyon2enlutte\/?ref=br_rs\">Lyon\u00a0<\/a><\/strong>: 100 en AG, 1500 en manif, pr. <a href=\"https:\/\/www.facebook.com\/events\/150203455643850\/\">AG 13\/02 12h Bron<\/a>, pr. manif 15\/02<br \/>\n<a href=\"https:\/\/www.facebook.com\/BDRcontreLePlanEtudiants\/\"><strong><u>Marseille<\/u><\/strong><u>\u00a0<\/u><\/a>: pr. AG <a href=\"https:\/\/www.facebook.com\/events\/182824972488544\/\">15\/02 10h campus Schuman<\/a><br \/>\n<a href=\"https:\/\/www.facebook.com\/events\/177044283062889\/\"><strong><u>Montpellier<\/u><\/strong><u>\u00a0<\/u><\/a>: 200 en AG, pr. AG <a href=\"https:\/\/www.facebook.com\/events\/177044283062889\/\"><u>12\/02 11h Paul Val\u00e9ry amphi A<\/u><\/a><br \/>\n<strong><a href=\"https:\/\/www.facebook.com\/Non-A13%A0-la-sA13%A9lection-Lorraine-150060989124567\/\">Nancy\u00a0<\/a><\/strong>: 250 en AG, 400 en manif, pr. AG <a href=\"https:\/\/www.facebook.com\/events\/151312309004978\/\">25\/02 12h salle K02<\/a>, occupation de salle<br \/>\n<a href=\"https:\/\/www.facebook.com\/Universit%C3%A9-de-Nantes-contre-la-S%C3%A9lection-467278067007631\/\"><strong><u>Nantes<\/u><\/strong><\/a> : 350 en AG, 700 en manif, pr. AG 13\/02, pr. manif <a href=\"https:\/\/www.facebook.com\/events\/474158606314273\/\"><u>15\/02 13h<\/u><\/a>, blocage de la fac<br \/>\n<strong>Nice<\/strong>\u00a0: 200 en AG, 200 en manif, blocage partiel de la fac<br \/>\n<a href=\"https:\/\/www.facebook.com\/OrleansMobiliseeContreLaSelection\/\"><strong><u>Orl\u00e9ans<\/u><\/strong><\/a>\u00a0: 50 en manif, pr. AG <a href=\"https:\/\/www.facebook.com\/events\/216507142250126\/\"><u>15\/02 12h15 amphi 2 STAPS <\/u><\/a><br \/>\n<strong><a href=\"https:\/\/www.facebook.com\/groups\/2035743610015818\/\">Pau\u00a0<\/a><\/strong>: 150 en AG, 150 en manif, pr. AG 13\/02 12h30 amphi I de lettres<br \/>\n<strong>Rennes<\/strong> : 300 en AG, 1500 en manif, pr. AG <a href=\"https:\/\/www.facebook.com\/events\/1780584125580507\/\">12\/02 12h30 Hall L<\/a>, Rennes 2 bloqu\u00e9e, actions portes ouvertes<br \/>\n<strong>Strasbourg<\/strong>\u00a0: 100 en AG, 200 en manif<br \/>\n<strong><a href=\"https:\/\/www.facebook.com\/Info-Lutte-UniversitA13%A9-Mirail-823134714396392\/\">Toulouse\u00a0<\/a><\/strong>: 1000 en AG, 1500 en manif, pr. AG\u00a0<a href=\"https:\/\/www.facebook.com\/events\/2023974281224667\/\">13\/02 12h30 Grand Amphi<\/a>, Blocage complet du Mirail, <a href=\"https:\/\/www.facebook.com\/ARRRche-213360679227069\/?hc_location=ufi\">occupation de l\u2019arche<\/a><br \/>\n<a href=\"https:\/\/www.facebook.com\/CollectifEtu37\/\"><strong><u>Tours<\/u><\/strong><u>\u00a0<\/u><\/a>: 250 en AG, 300 en manif, pr. AG <a href=\"https:\/\/www.facebook.com\/events\/2006651272923726\/\"><u>13\/02 12h amphi 1 tanneurs<\/u><\/a>, blocage filtrant<br \/>\n&nbsp;<br \/>\n<strong>Paris<\/strong>\u00a0: 4000 en manif, pr. manif 15\/02 11h place de la Sorbonne<br \/>\n<a href=\"https:\/\/www.facebook.com\/Paris1Deter\/\"><strong><u>P1\/Tolbiac<\/u><\/strong><\/a>\u00a0: 600 en AG, pr. AG <a href=\"https:\/\/www.facebook.com\/events\/2056079271343161\/\"><u>14\/02 9h Tolbiac<\/u><\/a> barrage filtrant, blocage pr\u00e9vu<br \/>\n<a href=\"https:\/\/www.facebook.com\/Paris-4-contre-la-s%C3%A9lection-et-la-loi-travail-201338096891712\/\"><strong><u>P4\/Sorbonne<\/u><\/strong><\/a>\u00a0: pr. AG 12\/02 11h Grand amphi de malesherbes<br \/>\n<strong>P5\/Descartes<\/strong>\u00a0: pr. AG 14\/02 17h Henri Pi\u00e9ron<br \/>\n<strong>P6\/Jussieu<\/strong>\u00a0: blocage partiel, journ\u00e9e portes ouvertes<br \/>\n<a href=\"https:\/\/www.facebook.com\/Paris-7-Contre-la-r%C3%A9forme-Vidal-1760677357318096\/\"><strong><u>P7\/Diderot<\/u><\/strong><\/a>\u00a0: 40 en AG<br \/>\n<a href=\"https:\/\/www.facebook.com\/Paris-8-Contre-La-Selection-374217163007963\/\"><strong><u>P8\/Saint-Denis<\/u><\/strong><\/a> : 200 en AG, pr. AG <a href=\"https:\/\/www.facebook.com\/events\/1791995607480061\/\">15\/02 10h amphi X<\/a>, occupation de migrant-es<br \/>\n<a href=\"https:\/\/www.facebook.com\/NTR.VS.VIDAL\/\"><strong><u>P10\/Nanterre<\/u><\/strong><\/a>\u00a0: 300 en AG, pr. AG <a href=\"https:\/\/www.facebook.com\/events\/341969059652684\/\"><u>14\/02 12h30 amphi E<\/u><\/a><u>2<\/u><br \/>\n<strong>P13\/Villetaneuse\u00a0<\/strong>: 200 en AG<br \/>\n<strong><a href=\"https:\/\/www.facebook.com\/UPEM-contre-la-sA13%A9lection-543248409341816\/\">UPEM\/Marne-la-vall\u00e9e\u00a0<\/a><\/strong>: 50 en AG<br \/>\n&nbsp;<br \/>\nErreurs, impr\u00e9cisions, oublis, une adresse pour nous contacter\u00a0: <a href=\"mailto:contact@solidaires-etudiant-e-s.org\"><u>contact@solidaires-etudiant-e-s.org<\/u><\/a><br \/>\n&nbsp;<br \/>\nRetrouvez tout <strong>notre dossier qui analyse chaque point<\/strong> r\u00e9voltant de la r\u00e9forme\u00a0:<\/p>\n<ul>\n<li><u>Loi Vidal : ParcourSup n\u2019est qu\u2019une s\u00e9lection d\u00e9guis\u00e9e<\/u><\/li>\n<li><a href=\"https:\/\/www.solidaires-etudiant.org\/blog\/2017\/11\/24\/fin-de-la-compensation-a-luniversite-la-ministre-prise-la-main-dans-le-sac\/\"><u>Arr\u00eat\u00e9 Licence\u00a0: la r\u00e9forme met fin \u00e0 la compensation \u00e0 l\u2019Universit\u00e9<\/u><\/a><\/li>\n<li><a href=\"https:\/\/www.solidaires-etudiant.org\/blog\/2018\/01\/14\/decret-stages-moins-dencadrement-les-cours-sans-profs\/\"><u>D\u00e9cret Stages : les cours sans prof, des tutos youtube et des QCM<\/u><\/a><\/li>\n<li><a href=\"https:\/\/www.solidaires-etudiant.org\/blog\/2017\/12\/03\/des-consequences-plus-que-floues-de-la-reforme-de-la-licence-pour-les-bourses\/\"><u>Bourses\u00a0: la r\u00e9forme a des cons\u00e9quences plus que floues <\/u><\/a><\/li>\n<li><a href=\"https:\/\/www.solidaires-etudiant.org\/blog\/2018\/01\/22\/grandes-universites-de-recherche-la-concretisation-dun-systeme-a-plusieurs-vitesses\/\"><u>Grandes Universit\u00e9s de Recherche : la concr\u00e9tisation d\u2019un syst\u00e8me \u00e0 plusieurs vitesses !<\/u><\/a><\/li>\n<li><a href=\"https:\/\/www.solidaires-etudiant.org\/blog\/2018\/01\/24\/les-experimentation-de-frederique-vidal-pour-des-frais-dinscription-exorbitants\/\"><u>Exp\u00e9rimentations de frais d\u2019inscription exorbitants<\/u><\/a><\/li>\n<li><a href=\"https:\/\/www.solidaires-etudiant.org\/blog\/2018\/01\/17\/le-gouvernement-nous-souhaite-la-bonne-annee-en-organisant-la-privatisation-de-luniversite\/\"><u>Soci\u00e9t\u00e9s Universitaires de Recherche\u00a0: Les universit\u00e9s deviennent des soci\u00e9t\u00e9s priv\u00e9es qui pourront s\u2019endetter<\/u><\/a><\/li>\n<li><a href=\"https:\/\/www.solidaires-etudiant.org\/blog\/2017\/12\/09\/le-gouvernement-compte-reformer-les-universites-par-ordonnances\/\"><u>Le gouvernement compte r\u00e9former les universit\u00e9s\u2026 par ordonnances\u00a0!<\/u><\/a><\/li>\n<\/ul>\n<p>Nous revendiquons l\u2019abandon de toutes ces mesures.<br \/>\nContre la s\u00e9lection, nous r\u00e9clamons un financement \u00e0 hauteur des besoins de l\u2019enseignement sup\u00e9rieur et de la recherche\u00a0: 5 milliards par an sur 5 ans pour construire la dizaine d\u2019universit\u00e9s n\u00e9cessaires pour combler les 260.000 places manquantes dans l\u2019enseignement sup\u00e9rieur.<br \/>\n&nbsp;<br \/>\n<img loading=\"lazy\" decoding=\"async\" class=\"aligncenter wp-image-274 size-thumbnail\" src=\"https:\/\/www.solidaires-etudiant.org\/wp-content\/uploads\/2014\/02\/adobe-150x150.png\" alt=\"\" width=\"150\" height=\"150\" srcset=\"https:\/\/solidaires-etudiant-e-s.org\/site\/wp-content\/uploads\/2014\/02\/adobe-150x150.png 150w, https:\/\/solidaires-etudiant-e-s.org\/site\/wp-content\/uploads\/2014\/02\/adobe.png 256w\" sizes=\"auto, (max-width: 150px) 100vw, 150px\" \/><br \/>\n&nbsp;<\/p>\n","protected":false},"excerpt":{"rendered":"<p>Partout, les \u00e9tudiant-e-s et lyc\u00e9en-ne-s s\u2019organisent : blocages d\u2019universit\u00e9s, blocages de lyc\u00e9es, [&hellip;]<\/p>\n","protected":false},"author":1,"featured_media":4088,"comment_status":"closed","ping_status":"closed","sticky":false,"template":"","format":"standard","meta":{"cybocfi_hide_featured_image":"","footnotes":""},"categories":[20,10,15,18],"tags":[467,515,796,877,878,1049],"class_list":["post-4085","post","type-post","status-publish","format-standard","has-post-thumbnail","hentry","category-facs-en-luttes","category-communiques","category-droits-etudiants","category-esr","tag-enseignement-superieur","tag-facs-en-luttes","tag-mobilisation-etudiante","tag-plan-etudiant","tag-plan-vidal","tag-slider","col-md-4 col-sm-4"],"featured_image_src":"https:\/\/solidaires-etudiant-e-s.org\/site\/wp-content\/uploads\/2018\/02\/selection-rebellion-1.jpg","author_info":{"display_name":"Solidaires \u00e9tudiant-e-s","author_link":false},"yoast_head":"<!-- This site is optimized with the Yoast SEO plugin v27.4 - https:\/\/yoast.com\/product\/yoast-seo-wordpress\/ -->\n<title>Facs en Luttes #3 : la mobilisation prend de l&#039;ampleur - Solidaires \u00e9tudiant-e-s<\/title>\n<meta name=\"robots\" content=\"index, follow, max-snippet:-1, max-image-preview:large, max-video-preview:-1\" \/>\n<link rel=\"canonical\" href=\"https:\/\/solidaires-etudiant-e-s.org\/site\/2018\/02\/14\/facs-en-luttes-3-la-mobilisation-prend-de-lampleur\/\" \/>\n<meta property=\"og:locale\" content=\"fr_FR\" \/>\n<meta property=\"og:type\" content=\"article\" \/>\n<meta property=\"og:title\" content=\"Facs en Luttes #3 : la mobilisation prend de l&#039;ampleur - Solidaires \u00e9tudiant-e-s\" \/>\n<meta property=\"og:description\" content=\"Partout, les \u00e9tudiant-e-s et lyc\u00e9en-ne-s s\u2019organisent : blocages d\u2019universit\u00e9s, blocages de lyc\u00e9es, [&hellip;]\" \/>\n<meta property=\"og:url\" content=\"https:\/\/solidaires-etudiant-e-s.org\/site\/2018\/02\/14\/facs-en-luttes-3-la-mobilisation-prend-de-lampleur\/\" \/>\n<meta property=\"og:site_name\" content=\"Solidaires \u00e9tudiant-e-s\" \/>\n<meta property=\"article:publisher\" content=\"https:\/\/www.facebook.com\/solidairesetudiantes\" \/>\n<meta property=\"article:author\" content=\"https:\/\/www.facebook.com\/solidairesetudiantes\" \/>\n<meta property=\"article:published_time\" content=\"2018-02-14T03:20:04+00:00\" \/>\n<meta property=\"og:image\" content=\"https:\/\/solidaires-etudiant-e-s.org\/site\/wp-content\/uploads\/2018\/02\/selection-rebellion-1.jpg\" \/>\n\t<meta property=\"og:image:width\" content=\"720\" \/>\n\t<meta property=\"og:image:height\" content=\"622\" \/>\n\t<meta property=\"og:image:type\" content=\"image\/jpeg\" \/>\n<meta name=\"author\" content=\"Solidaires \u00e9tudiant-e-s\" \/>\n<meta name=\"twitter:card\" content=\"summary_large_image\" \/>\n<meta name=\"twitter:creator\" content=\"@SolidairesEtu\" \/>\n<meta name=\"twitter:site\" content=\"@SolidairesEtu\" \/>\n<meta name=\"twitter:label1\" content=\"\u00c9crit par\" \/>\n\t<meta name=\"twitter:data1\" content=\"Solidaires \u00e9tudiant-e-s\" \/>\n\t<meta name=\"twitter:label2\" content=\"Dur\u00e9e de lecture estim\u00e9e\" \/>\n\t<meta name=\"twitter:data2\" content=\"3 minutes\" \/>\n<script type=\"application\/ld+json\" class=\"yoast-schema-graph\">{\"@context\":\"https:\\\/\\\/schema.org\",\"@graph\":[{\"@type\":\"Article\",\"@id\":\"https:\\\/\\\/solidaires-etudiant-e-s.org\\\/site\\\/2018\\\/02\\\/14\\\/facs-en-luttes-3-la-mobilisation-prend-de-lampleur\\\/#article\",\"isPartOf\":{\"@id\":\"https:\\\/\\\/solidaires-etudiant-e-s.org\\\/site\\\/2018\\\/02\\\/14\\\/facs-en-luttes-3-la-mobilisation-prend-de-lampleur\\\/\"},\"author\":{\"name\":\"Solidaires \u00e9tudiant-e-s\",\"@id\":\"https:\\\/\\\/solidaires-etudiant-e-s.org\\\/site\\\/#\\\/schema\\\/person\\\/0efb3e0ff4e2f12b5a5abcd4352aa86c\"},\"headline\":\"Facs en Luttes #3 : la mobilisation prend de l&#039;ampleur\",\"datePublished\":\"2018-02-14T03:20:04+00:00\",\"mainEntityOfPage\":{\"@id\":\"https:\\\/\\\/solidaires-etudiant-e-s.org\\\/site\\\/2018\\\/02\\\/14\\\/facs-en-luttes-3-la-mobilisation-prend-de-lampleur\\\/\"},\"wordCount\":680,\"publisher\":{\"@id\":\"https:\\\/\\\/solidaires-etudiant-e-s.org\\\/site\\\/#organization\"},\"image\":{\"@id\":\"https:\\\/\\\/solidaires-etudiant-e-s.org\\\/site\\\/2018\\\/02\\\/14\\\/facs-en-luttes-3-la-mobilisation-prend-de-lampleur\\\/#primaryimage\"},\"thumbnailUrl\":\"https:\\\/\\\/solidaires-etudiant-e-s.org\\\/site\\\/wp-content\\\/uploads\\\/2018\\\/02\\\/selection-rebellion-1.jpg\",\"keywords\":[\"enseignement sup\u00e9rieur\",\"facs en luttes\",\"mobilisation \u00e9tudiante\",\"plan \u00e9tudiant\",\"plan vidal\",\"slider\"],\"articleSection\":[\"Archives #Facs en luttes\",\"COMMUNIQUES NATIONAUX\",\"DROITS ETUDIANTS\",\"ENSEIGNEMENT SUPERIEUR\"],\"inLanguage\":\"fr-FR\"},{\"@type\":\"WebPage\",\"@id\":\"https:\\\/\\\/solidaires-etudiant-e-s.org\\\/site\\\/2018\\\/02\\\/14\\\/facs-en-luttes-3-la-mobilisation-prend-de-lampleur\\\/\",\"url\":\"https:\\\/\\\/solidaires-etudiant-e-s.org\\\/site\\\/2018\\\/02\\\/14\\\/facs-en-luttes-3-la-mobilisation-prend-de-lampleur\\\/\",\"name\":\"Facs en Luttes #3 : la mobilisation prend de l&#039;ampleur - Solidaires \u00e9tudiant-e-s\",\"isPartOf\":{\"@id\":\"https:\\\/\\\/solidaires-etudiant-e-s.org\\\/site\\\/#website\"},\"primaryImageOfPage\":{\"@id\":\"https:\\\/\\\/solidaires-etudiant-e-s.org\\\/site\\\/2018\\\/02\\\/14\\\/facs-en-luttes-3-la-mobilisation-prend-de-lampleur\\\/#primaryimage\"},\"image\":{\"@id\":\"https:\\\/\\\/solidaires-etudiant-e-s.org\\\/site\\\/2018\\\/02\\\/14\\\/facs-en-luttes-3-la-mobilisation-prend-de-lampleur\\\/#primaryimage\"},\"thumbnailUrl\":\"https:\\\/\\\/solidaires-etudiant-e-s.org\\\/site\\\/wp-content\\\/uploads\\\/2018\\\/02\\\/selection-rebellion-1.jpg\",\"datePublished\":\"2018-02-14T03:20:04+00:00\",\"breadcrumb\":{\"@id\":\"https:\\\/\\\/solidaires-etudiant-e-s.org\\\/site\\\/2018\\\/02\\\/14\\\/facs-en-luttes-3-la-mobilisation-prend-de-lampleur\\\/#breadcrumb\"},\"inLanguage\":\"fr-FR\",\"potentialAction\":[{\"@type\":\"ReadAction\",\"target\":[\"https:\\\/\\\/solidaires-etudiant-e-s.org\\\/site\\\/2018\\\/02\\\/14\\\/facs-en-luttes-3-la-mobilisation-prend-de-lampleur\\\/\"]}]},{\"@type\":\"ImageObject\",\"inLanguage\":\"fr-FR\",\"@id\":\"https:\\\/\\\/solidaires-etudiant-e-s.org\\\/site\\\/2018\\\/02\\\/14\\\/facs-en-luttes-3-la-mobilisation-prend-de-lampleur\\\/#primaryimage\",\"url\":\"https:\\\/\\\/solidaires-etudiant-e-s.org\\\/site\\\/wp-content\\\/uploads\\\/2018\\\/02\\\/selection-rebellion-1.jpg\",\"contentUrl\":\"https:\\\/\\\/solidaires-etudiant-e-s.org\\\/site\\\/wp-content\\\/uploads\\\/2018\\\/02\\\/selection-rebellion-1.jpg\",\"width\":720,\"height\":622,\"caption\":\"R\u00e9bellion contre la s\u00e9lection\"},{\"@type\":\"BreadcrumbList\",\"@id\":\"https:\\\/\\\/solidaires-etudiant-e-s.org\\\/site\\\/2018\\\/02\\\/14\\\/facs-en-luttes-3-la-mobilisation-prend-de-lampleur\\\/#breadcrumb\",\"itemListElement\":[{\"@type\":\"ListItem\",\"position\":1,\"name\":\"Accueil\",\"item\":\"https:\\\/\\\/solidaires-etudiant-e-s.org\\\/site\\\/\"},{\"@type\":\"ListItem\",\"position\":2,\"name\":\"Facs en Luttes #3 : la mobilisation prend de l&#039;ampleur\"}]},{\"@type\":\"WebSite\",\"@id\":\"https:\\\/\\\/solidaires-etudiant-e-s.org\\\/site\\\/#website\",\"url\":\"https:\\\/\\\/solidaires-etudiant-e-s.org\\\/site\\\/\",\"name\":\"Solidaires \u00e9tudiant-e-s\",\"description\":\"Syndicats pour un enseignement sup\u00e9rieur gratuit, ouvert, et \u00e9mancipateur !\",\"publisher\":{\"@id\":\"https:\\\/\\\/solidaires-etudiant-e-s.org\\\/site\\\/#organization\"},\"potentialAction\":[{\"@type\":\"SearchAction\",\"target\":{\"@type\":\"EntryPoint\",\"urlTemplate\":\"https:\\\/\\\/solidaires-etudiant-e-s.org\\\/site\\\/?s={search_term_string}\"},\"query-input\":{\"@type\":\"PropertyValueSpecification\",\"valueRequired\":true,\"valueName\":\"search_term_string\"}}],\"inLanguage\":\"fr-FR\"},{\"@type\":\"Organization\",\"@id\":\"https:\\\/\\\/solidaires-etudiant-e-s.org\\\/site\\\/#organization\",\"name\":\"Solidaires \u00e9tudiant-e-s\",\"url\":\"https:\\\/\\\/solidaires-etudiant-e-s.org\\\/site\\\/\",\"logo\":{\"@type\":\"ImageObject\",\"inLanguage\":\"fr-FR\",\"@id\":\"https:\\\/\\\/solidaires-etudiant-e-s.org\\\/site\\\/#\\\/schema\\\/logo\\\/image\\\/\",\"url\":\"https:\\\/\\\/solidaires-etudiant-e-s.org\\\/site\\\/wp-content\\\/uploads\\\/2025\\\/12\\\/13-1.png\",\"contentUrl\":\"https:\\\/\\\/solidaires-etudiant-e-s.org\\\/site\\\/wp-content\\\/uploads\\\/2025\\\/12\\\/13-1.png\",\"width\":1181,\"height\":827,\"caption\":\"Solidaires \u00e9tudiant-e-s\"},\"image\":{\"@id\":\"https:\\\/\\\/solidaires-etudiant-e-s.org\\\/site\\\/#\\\/schema\\\/logo\\\/image\\\/\"},\"sameAs\":[\"https:\\\/\\\/www.facebook.com\\\/solidairesetudiantes\",\"https:\\\/\\\/x.com\\\/SolidairesEtu\",\"https:\\\/\\\/www.instagram.com\\\/solidairesetu\\\/\",\"https:\\\/\\\/bsky.app\\\/profile\\\/solidaires-etudiant-e-s.org\",\"https:\\\/\\\/mastodon.social\\\/@solidairesetu\",\"https:\\\/\\\/www.youtube.com\\\/channel\\\/UC_iZN9gmVAAnXbBM7wAWOag\"]},{\"@type\":\"Person\",\"@id\":\"https:\\\/\\\/solidaires-etudiant-e-s.org\\\/site\\\/#\\\/schema\\\/person\\\/0efb3e0ff4e2f12b5a5abcd4352aa86c\",\"name\":\"Solidaires \u00e9tudiant-e-s\",\"image\":{\"@type\":\"ImageObject\",\"inLanguage\":\"fr-FR\",\"@id\":\"https:\\\/\\\/solidaires-etudiant-e-s.org\\\/site\\\/wp-content\\\/uploads\\\/2020\\\/01\\\/logo-SESL-rond-512-96x96.png\",\"url\":\"https:\\\/\\\/solidaires-etudiant-e-s.org\\\/site\\\/wp-content\\\/uploads\\\/2020\\\/01\\\/logo-SESL-rond-512-96x96.png\",\"contentUrl\":\"https:\\\/\\\/solidaires-etudiant-e-s.org\\\/site\\\/wp-content\\\/uploads\\\/2020\\\/01\\\/logo-SESL-rond-512-96x96.png\",\"caption\":\"Solidaires \u00e9tudiant-e-s\"},\"sameAs\":[\"https:\\\/\\\/solidaires-etudiant.org\\\/site\",\"https:\\\/\\\/www.facebook.com\\\/solidairesetudiantes\",\"https:\\\/\\\/www.instagram.com\\\/solidairesetu\",\"https:\\\/\\\/x.com\\\/SolidairesEtu\",\"https:\\\/\\\/fr.wikipedia.org\\\/wiki\\\/Solidaires_tudiant-e-s\"]}]}<\/script>\n<!-- \/ Yoast SEO plugin. -->","yoast_head_json":{"title":"Facs en Luttes #3 : la mobilisation prend de l&#039;ampleur - Solidaires \u00e9tudiant-e-s","robots":{"index":"index","follow":"follow","max-snippet":"max-snippet:-1","max-image-preview":"max-image-preview:large","max-video-preview":"max-video-preview:-1"},"canonical":"https:\/\/solidaires-etudiant-e-s.org\/site\/2018\/02\/14\/facs-en-luttes-3-la-mobilisation-prend-de-lampleur\/","og_locale":"fr_FR","og_type":"article","og_title":"Facs en Luttes #3 : la mobilisation prend de l&#039;ampleur - Solidaires \u00e9tudiant-e-s","og_description":"Partout, les \u00e9tudiant-e-s et lyc\u00e9en-ne-s s\u2019organisent : blocages d\u2019universit\u00e9s, blocages de lyc\u00e9es, [&hellip;]","og_url":"https:\/\/solidaires-etudiant-e-s.org\/site\/2018\/02\/14\/facs-en-luttes-3-la-mobilisation-prend-de-lampleur\/","og_site_name":"Solidaires \u00e9tudiant-e-s","article_publisher":"https:\/\/www.facebook.com\/solidairesetudiantes","article_author":"https:\/\/www.facebook.com\/solidairesetudiantes","article_published_time":"2018-02-14T03:20:04+00:00","og_image":[{"width":720,"height":622,"url":"https:\/\/solidaires-etudiant-e-s.org\/site\/wp-content\/uploads\/2018\/02\/selection-rebellion-1.jpg","type":"image\/jpeg"}],"author":"Solidaires \u00e9tudiant-e-s","twitter_card":"summary_large_image","twitter_creator":"@SolidairesEtu","twitter_site":"@SolidairesEtu","twitter_misc":{"\u00c9crit par":"Solidaires \u00e9tudiant-e-s","Dur\u00e9e de lecture estim\u00e9e":"3 minutes"},"schema":{"@context":"https:\/\/schema.org","@graph":[{"@type":"Article","@id":"https:\/\/solidaires-etudiant-e-s.org\/site\/2018\/02\/14\/facs-en-luttes-3-la-mobilisation-prend-de-lampleur\/#article","isPartOf":{"@id":"https:\/\/solidaires-etudiant-e-s.org\/site\/2018\/02\/14\/facs-en-luttes-3-la-mobilisation-prend-de-lampleur\/"},"author":{"name":"Solidaires \u00e9tudiant-e-s","@id":"https:\/\/solidaires-etudiant-e-s.org\/site\/#\/schema\/person\/0efb3e0ff4e2f12b5a5abcd4352aa86c"},"headline":"Facs en Luttes #3 : la mobilisation prend de l&#039;ampleur","datePublished":"2018-02-14T03:20:04+00:00","mainEntityOfPage":{"@id":"https:\/\/solidaires-etudiant-e-s.org\/site\/2018\/02\/14\/facs-en-luttes-3-la-mobilisation-prend-de-lampleur\/"},"wordCount":680,"publisher":{"@id":"https:\/\/solidaires-etudiant-e-s.org\/site\/#organization"},"image":{"@id":"https:\/\/solidaires-etudiant-e-s.org\/site\/2018\/02\/14\/facs-en-luttes-3-la-mobilisation-prend-de-lampleur\/#primaryimage"},"thumbnailUrl":"https:\/\/solidaires-etudiant-e-s.org\/site\/wp-content\/uploads\/2018\/02\/selection-rebellion-1.jpg","keywords":["enseignement sup\u00e9rieur","facs en luttes","mobilisation \u00e9tudiante","plan \u00e9tudiant","plan vidal","slider"],"articleSection":["Archives #Facs en luttes","COMMUNIQUES NATIONAUX","DROITS ETUDIANTS","ENSEIGNEMENT SUPERIEUR"],"inLanguage":"fr-FR"},{"@type":"WebPage","@id":"https:\/\/solidaires-etudiant-e-s.org\/site\/2018\/02\/14\/facs-en-luttes-3-la-mobilisation-prend-de-lampleur\/","url":"https:\/\/solidaires-etudiant-e-s.org\/site\/2018\/02\/14\/facs-en-luttes-3-la-mobilisation-prend-de-lampleur\/","name":"Facs en Luttes #3 : la mobilisation prend de l&#039;ampleur - Solidaires \u00e9tudiant-e-s","isPartOf":{"@id":"https:\/\/solidaires-etudiant-e-s.org\/site\/#website"},"primaryImageOfPage":{"@id":"https:\/\/solidaires-etudiant-e-s.org\/site\/2018\/02\/14\/facs-en-luttes-3-la-mobilisation-prend-de-lampleur\/#primaryimage"},"image":{"@id":"https:\/\/solidaires-etudiant-e-s.org\/site\/2018\/02\/14\/facs-en-luttes-3-la-mobilisation-prend-de-lampleur\/#primaryimage"},"thumbnailUrl":"https:\/\/solidaires-etudiant-e-s.org\/site\/wp-content\/uploads\/2018\/02\/selection-rebellion-1.jpg","datePublished":"2018-02-14T03:20:04+00:00","breadcrumb":{"@id":"https:\/\/solidaires-etudiant-e-s.org\/site\/2018\/02\/14\/facs-en-luttes-3-la-mobilisation-prend-de-lampleur\/#breadcrumb"},"inLanguage":"fr-FR","potentialAction":[{"@type":"ReadAction","target":["https:\/\/solidaires-etudiant-e-s.org\/site\/2018\/02\/14\/facs-en-luttes-3-la-mobilisation-prend-de-lampleur\/"]}]},{"@type":"ImageObject","inLanguage":"fr-FR","@id":"https:\/\/solidaires-etudiant-e-s.org\/site\/2018\/02\/14\/facs-en-luttes-3-la-mobilisation-prend-de-lampleur\/#primaryimage","url":"https:\/\/solidaires-etudiant-e-s.org\/site\/wp-content\/uploads\/2018\/02\/selection-rebellion-1.jpg","contentUrl":"https:\/\/solidaires-etudiant-e-s.org\/site\/wp-content\/uploads\/2018\/02\/selection-rebellion-1.jpg","width":720,"height":622,"caption":"R\u00e9bellion contre la s\u00e9lection"},{"@type":"BreadcrumbList","@id":"https:\/\/solidaires-etudiant-e-s.org\/site\/2018\/02\/14\/facs-en-luttes-3-la-mobilisation-prend-de-lampleur\/#breadcrumb","itemListElement":[{"@type":"ListItem","position":1,"name":"Accueil","item":"https:\/\/solidaires-etudiant-e-s.org\/site\/"},{"@type":"ListItem","position":2,"name":"Facs en Luttes #3 : la mobilisation prend de l&#039;ampleur"}]},{"@type":"WebSite","@id":"https:\/\/solidaires-etudiant-e-s.org\/site\/#website","url":"https:\/\/solidaires-etudiant-e-s.org\/site\/","name":"Solidaires \u00e9tudiant-e-s","description":"Syndicats pour un enseignement sup\u00e9rieur gratuit, ouvert, et \u00e9mancipateur !","publisher":{"@id":"https:\/\/solidaires-etudiant-e-s.org\/site\/#organization"},"potentialAction":[{"@type":"SearchAction","target":{"@type":"EntryPoint","urlTemplate":"https:\/\/solidaires-etudiant-e-s.org\/site\/?s={search_term_string}"},"query-input":{"@type":"PropertyValueSpecification","valueRequired":true,"valueName":"search_term_string"}}],"inLanguage":"fr-FR"},{"@type":"Organization","@id":"https:\/\/solidaires-etudiant-e-s.org\/site\/#organization","name":"Solidaires \u00e9tudiant-e-s","url":"https:\/\/solidaires-etudiant-e-s.org\/site\/","logo":{"@type":"ImageObject","inLanguage":"fr-FR","@id":"https:\/\/solidaires-etudiant-e-s.org\/site\/#\/schema\/logo\/image\/","url":"https:\/\/solidaires-etudiant-e-s.org\/site\/wp-content\/uploads\/2025\/12\/13-1.png","contentUrl":"https:\/\/solidaires-etudiant-e-s.org\/site\/wp-content\/uploads\/2025\/12\/13-1.png","width":1181,"height":827,"caption":"Solidaires \u00e9tudiant-e-s"},"image":{"@id":"https:\/\/solidaires-etudiant-e-s.org\/site\/#\/schema\/logo\/image\/"},"sameAs":["https:\/\/www.facebook.com\/solidairesetudiantes","https:\/\/x.com\/SolidairesEtu","https:\/\/www.instagram.com\/solidairesetu\/","https:\/\/bsky.app\/profile\/solidaires-etudiant-e-s.org","https:\/\/mastodon.social\/@solidairesetu","https:\/\/www.youtube.com\/channel\/UC_iZN9gmVAAnXbBM7wAWOag"]},{"@type":"Person","@id":"https:\/\/solidaires-etudiant-e-s.org\/site\/#\/schema\/person\/0efb3e0ff4e2f12b5a5abcd4352aa86c","name":"Solidaires \u00e9tudiant-e-s","image":{"@type":"ImageObject","inLanguage":"fr-FR","@id":"https:\/\/solidaires-etudiant-e-s.org\/site\/wp-content\/uploads\/2020\/01\/logo-SESL-rond-512-96x96.png","url":"https:\/\/solidaires-etudiant-e-s.org\/site\/wp-content\/uploads\/2020\/01\/logo-SESL-rond-512-96x96.png","contentUrl":"https:\/\/solidaires-etudiant-e-s.org\/site\/wp-content\/uploads\/2020\/01\/logo-SESL-rond-512-96x96.png","caption":"Solidaires \u00e9tudiant-e-s"},"sameAs":["https:\/\/solidaires-etudiant.org\/site","https:\/\/www.facebook.com\/solidairesetudiantes","https:\/\/www.instagram.com\/solidairesetu","https:\/\/x.com\/SolidairesEtu","https:\/\/fr.wikipedia.org\/wiki\/Solidaires_tudiant-e-s"]}]}},"_links":{"self":[{"href":"https:\/\/solidaires-etudiant-e-s.org\/site\/wp-json\/wp\/v2\/posts\/4085","targetHints":{"allow":["GET"]}}],"collection":[{"href":"https:\/\/solidaires-etudiant-e-s.org\/site\/wp-json\/wp\/v2\/posts"}],"about":[{"href":"https:\/\/solidaires-etudiant-e-s.org\/site\/wp-json\/wp\/v2\/types\/post"}],"author":[{"embeddable":true,"href":"https:\/\/solidaires-etudiant-e-s.org\/site\/wp-json\/wp\/v2\/users\/1"}],"replies":[{"embeddable":true,"href":"https:\/\/solidaires-etudiant-e-s.org\/site\/wp-json\/wp\/v2\/comments?post=4085"}],"version-history":[{"count":0,"href":"https:\/\/solidaires-etudiant-e-s.org\/site\/wp-json\/wp\/v2\/posts\/4085\/revisions"}],"wp:featuredmedia":[{"embeddable":true,"href":"https:\/\/solidaires-etudiant-e-s.org\/site\/wp-json\/wp\/v2\/media\/4088"}],"wp:attachment":[{"href":"https:\/\/solidaires-etudiant-e-s.org\/site\/wp-json\/wp\/v2\/media?parent=4085"}],"wp:term":[{"taxonomy":"category","embeddable":true,"href":"https:\/\/solidaires-etudiant-e-s.org\/site\/wp-json\/wp\/v2\/categories?post=4085"},{"taxonomy":"post_tag","embeddable":true,"href":"https:\/\/solidaires-etudiant-e-s.org\/site\/wp-json\/wp\/v2\/tags?post=4085"}],"curies":[{"name":"wp","href":"https:\/\/api.w.org\/{rel}","templated":true}]}}