{"id":4059,"date":"2018-02-04T18:32:45","date_gmt":"2018-02-04T17:32:45","guid":{"rendered":"https:\/\/www.solidaires-etudiant.org\/?p=4059"},"modified":"2024-12-30T19:15:48","modified_gmt":"2024-12-30T18:15:48","slug":"facs-en-luttes-2-pour-lutter-contre-vidal-s-informer-devient-vital","status":"publish","type":"post","link":"https:\/\/solidaires-etudiant-e-s.org\/site\/2018\/02\/04\/facs-en-luttes-2-pour-lutter-contre-vidal-s-informer-devient-vital\/","title":{"rendered":"Facs en luttes #2 : pour lutter contre Vidal, s&#039;informer devient vital"},"content":{"rendered":"<p>Partout, les \u00e9tudiant-e-s et lyc\u00e9en-ne-s s\u2019organisent : blocages d\u2019universit\u00e9s, blocages de lyc\u00e9es, assembl\u00e9es g\u00e9n\u00e9rales, r\u00e9unions d\u2019information, <a href=\"http:\/\/www.sauvonsluniversite.com\/spip.php?article7947\">motions en conseils et en assembl\u00e9e g\u00e9n\u00e9rale<\/a>\u2026<br \/>\n<a href=\"https:\/\/www.solidaires-etudiant.org\/blog\/2018\/02\/01\/1er-fevrier-contre-le-plan-etudiant-amplifions-la-contestation\/\">La journ\u00e9e du 1<sup>er <\/sup>f\u00e9vrier<\/a> a \u00e9t\u00e9 un succ\u00e8s avec plus de 13.000 manifestant-es dans toute la France, le 6 f\u00e9vrier sera la deuxi\u00e8me journ\u00e9e qui marquera une nouvelle \u00e9tape dans la construction de la mobilisation \u00e9tudiante contre le Plan Etudiant et la r\u00e9forme du Bac.<br \/>\nVoici une compilation non-exhaustive des mobilisations dans chaque universit\u00e9.<br \/>\n<em>\u00a0pr.<\/em><em> = prochaine<\/em><br \/>\n<strong>Besan\u00e7on<\/strong>\u00a0: pr. AG <a href=\"https:\/\/www.facebook.com\/events\/142294096440780\/\">6\/02 12h cours de M\u00e9gevand<\/a><br \/>\n<a href=\"https:\/\/www.facebook.com\/ComiteDeMobilisation\/\"><strong>Bordeaux<\/strong>\u00a0<\/a>: pr. AG 5\/02 \u00e0 Bordeaux 3 Montaigne 12h30 parvis de Montaigne, pr. manif <a href=\"https:\/\/www.facebook.com\/events\/149515569091706\/\">11h, place de la Victoire<\/a><br \/>\n<a href=\"https:\/\/www.facebook.com\/Comit%C3%A9-de-mobilisation-contre-la-s%C3%A9lection-%C3%A0-luniversit%C3%A9-Caen-2122811824671772\/\"><strong>Caen<\/strong>\u00a0<\/a>: 100 en AG, 300 en manif, pr. AG <a href=\"https:\/\/www.facebook.com\/events\/406027559852579\/\">6\/02 12h sous la galerie vitr\u00e9e<\/a>, pr. manif 6\/02 14h30 devant le rectorat, 3 lyc\u00e9es bloqu\u00e9s<br \/>\n<strong>Clermont<\/strong>\u00a0: 600 en AG, 1000 en manif, pr. manif 06\/02, 2 blocages de CFVU, blocage de lyc\u00e9es<br \/>\n<strong>Dijon<\/strong>\u00a0: 100 en manif<br \/>\n<a href=\"https:\/\/www.facebook.com\/events\/147357239283605\/\"><strong>Grenoble<\/strong>\u00a0<\/a>: 100 en AG, 200 en manif, pr. AG 6\/02 12h, pr. manif <a href=\"https:\/\/www.facebook.com\/events\/147357239283605\/\">06\/02 13h<\/a>, Mobilisation journ\u00e9e portes ouvertes<br \/>\n<strong>Lille<\/strong>\u00a0: AG\u00a0: 80 \u00e0 Lille 1, 50 \u00e0 Lille 2, 200 \u00e0 Lille 3\u00a0; 500 en manif, Occupation de l\u2019IEP Lille<br \/>\n<strong>Lyon<\/strong>\u00a0: 400 en manif, pr. manif 06\/02 14h place Guichard, pr. AG 6\/02 17h<br \/>\n<a href=\"https:\/\/www.facebook.com\/BDRcontreLePlanEtudiants\/\"><strong>Marseille<\/strong>\u00a0<\/a>: 300 en manif<br \/>\n<a href=\"https:\/\/www.facebook.com\/events\/177044283062889\/\"><strong>Montpellier<\/strong>\u00a0<\/a>: 150 en AG, 250 en manif, pr. AG <a href=\"https:\/\/www.facebook.com\/events\/177044283062889\/\">5\/02 10h30 Paul Val\u00e9ry amphi A<\/a>, pr. manif 06\/02<br \/>\n<a href=\"https:\/\/www.facebook.com\/Universit%C3%A9-de-Nantes-contre-la-S%C3%A9lection-467278067007631\/\"><strong>Nantes<\/strong><\/a> : 200 en AG, 250 en manif, pr. AG <a href=\"https:\/\/www.facebook.com\/events\/474158606314273\/\">6\/02 11h<\/a>, pr. manif <a href=\"https:\/\/www.facebook.com\/events\/474158606314273\/\">6\/02 13h<\/a><br \/>\n<strong>Nancy<\/strong> : 220 en AG, pr. AG 6\/02, pr. manif 6\/02 14h30,\u00a0blocage de lyc\u00e9es et occupation de salle (fac de lettres en A028)<br \/>\n<strong>Nice<\/strong>\u00a0: pr. manif <a href=\"https:\/\/www.facebook.com\/events\/617364961927756\/\">6\/02 10h30 place Garibaldi<\/a><br \/>\n<a href=\"https:\/\/www.facebook.com\/OrleansMobiliseeContreLaSelection\/\"><strong>Orl\u00e9ans<\/strong><\/a>\u00a0: 30 en manif, pr. manif <a href=\"https:\/\/www.facebook.com\/events\/216507142250126\/\">6\/02 10h place d&rsquo;Arc<\/a><br \/>\n<strong>Pau<\/strong>\u00a0: 150 en AG<br \/>\n<strong>Rennes<\/strong> : 200 en AG, pr. AG 5\/02 12h30 Hall B, pr. manif <a href=\"https:\/\/www.facebook.com\/events\/1630328327033502\/\">6\/02 10h Rennes 2<\/a>, Rennes 2 bloqu\u00e9e<br \/>\n<strong>Toulouse<\/strong>\u00a0: 1200 en AG, pr. AG\u00a005\/02 10h Grand Amphi, Blocage complet du Mirail<br \/>\n<a href=\"https:\/\/www.facebook.com\/CollectifEtu37\/\"><strong>Tours<\/strong>\u00a0<\/a>: 100 en AG pr. AG <a href=\"https:\/\/www.facebook.com\/events\/155683658557489\/\">6\/02 12h amphi 1 tanneurs<\/a>, blocage filtrant jusqu&rsquo;au 6\/02<br \/>\n&nbsp;<br \/>\n<strong>Paris<\/strong>\u00a0: 4000 en manif, pr. manif 6\/02 14h Luxembourg<br \/>\n<a href=\"https:\/\/www.facebook.com\/Paris1Deter\/\"><strong>P1\/Tolbiac<\/strong><\/a>\u00a0: 700 en AG, pr. AG <a href=\"https:\/\/www.facebook.com\/events\/155295071794321\/\">6\/02 11h Tolbiac<\/a> + barrage filtrant<br \/>\n<strong>P3\/Censier<\/strong>\u00a0: pr. AG 8\/02 16h caf\u00e9t\u00e9ria<br \/>\n<a href=\"https:\/\/www.facebook.com\/Paris-4-contre-la-s%C3%A9lection-et-la-loi-travail-201338096891712\/\"><strong>P4\/Sorbonne<\/strong><\/a>\u00a0: 70 en AG<br \/>\n<strong>P6\/Jussieu<\/strong>\u00a0: 75 en AG pr. AG 06\/02, blocage partiel, journ\u00e9e portes ouvertes<br \/>\n<a href=\"https:\/\/www.facebook.com\/Paris-7-Contre-la-r%C3%A9forme-Vidal-1760677357318096\/\"><strong>P7\/Diderot<\/strong><\/a>\u00a0: pr. AG 7\/02 17h30 amphi 10E<br \/>\n<a href=\"https:\/\/www.facebook.com\/Paris-8-Contre-La-Selection-374217163007963\/\"><strong>P8\/Saint-Denis<\/strong><\/a> : 200 en AG, pr. AG <a href=\"https:\/\/www.facebook.com\/events\/1782045402097552\/\">5\/02 12h salle D001<\/a><br \/>\n<a href=\"https:\/\/www.facebook.com\/NTR.VS.VIDAL\/\"><strong>P10\/Nanterre<\/strong><\/a>\u00a0: 300 en AG, pr. AG <a href=\"https:\/\/www.facebook.com\/events\/358720071272497\/\">6\/02 11h30 amphi E3<\/a><br \/>\n<strong>Inalco<\/strong>\u00a0: pr. AG 06\/02 12h salle 3;15<br \/>\n&nbsp;<br \/>\nErreurs, impr\u00e9cisions, oublis, une adresse pour nous contacter\u00a0: <a href=\"mailto:contact@solidaires-etudiant-e-s.org\">contact@solidaires-etudiant-e-s.org<\/a><br \/>\n&nbsp;<br \/>\nRetrouvez tout <strong>notre dossier qui analyse chaque point<\/strong> r\u00e9voltant de la r\u00e9forme\u00a0:<\/p>\n<ul>\n<li><a href=\"https:\/\/www.solidaires-etudiant.org\/blog\/2017\/11\/09\/plan-etudiant-non-a-la-selection-deguisee\/\"><u>Loi Vidal : ParcourSup n\u2019est qu\u2019une s\u00e9lection d\u00e9guis\u00e9e<\/u><\/a><\/li>\n<li><a href=\"https:\/\/www.solidaires-etudiant.org\/blog\/2017\/11\/24\/fin-de-la-compensation-a-luniversite-la-ministre-prise-la-main-dans-le-sac\/\">Arr\u00eat\u00e9 Licence\u00a0: la r\u00e9forme met fin \u00e0 la compensation \u00e0 l\u2019Universit\u00e9<\/a><\/li>\n<li><a href=\"https:\/\/www.solidaires-etudiant.org\/blog\/2018\/01\/14\/decret-stages-moins-dencadrement-les-cours-sans-profs\/\">D\u00e9cret Stages : les cours sans prof, des tutos youtube et des QCM<\/a><\/li>\n<li><a href=\"https:\/\/www.solidaires-etudiant.org\/blog\/2017\/12\/03\/des-consequences-plus-que-floues-de-la-reforme-de-la-licence-pour-les-bourses\/\">Bourses\u00a0: la r\u00e9forme a des cons\u00e9quences plus que floues <\/a><\/li>\n<li><a href=\"https:\/\/www.solidaires-etudiant.org\/blog\/2018\/01\/22\/grandes-universites-de-recherche-la-concretisation-dun-systeme-a-plusieurs-vitesses\/\">Grandes Universit\u00e9s de Recherche : la concr\u00e9tisation d\u2019un syst\u00e8me \u00e0 plusieurs vitesses !<\/a><\/li>\n<li><a href=\"https:\/\/www.solidaires-etudiant.org\/blog\/2018\/01\/24\/les-experimentation-de-frederique-vidal-pour-des-frais-dinscription-exorbitants\/\">Exp\u00e9rimentations de frais d\u2019inscription exorbitants<\/a><\/li>\n<li><a href=\"https:\/\/www.solidaires-etudiant.org\/blog\/2018\/01\/17\/le-gouvernement-nous-souhaite-la-bonne-annee-en-organisant-la-privatisation-de-luniversite\/\">Soci\u00e9t\u00e9s Universitaires de Recherche\u00a0: Les universit\u00e9s deviennent des soci\u00e9t\u00e9s priv\u00e9es qui pourront s\u2019endetter<\/a><\/li>\n<li><a href=\"https:\/\/www.solidaires-etudiant.org\/blog\/2017\/12\/09\/le-gouvernement-compte-reformer-les-universites-par-ordonnances\/\">Le gouvernement compte r\u00e9former les universit\u00e9s\u2026 par ordonnances\u00a0!<\/a><\/li>\n<\/ul>\n<p>Nous revendiquons l\u2019abandon de toutes ces mesures.<br \/>\nContre la s\u00e9lection, nous r\u00e9clamons un financement \u00e0 hauteur des besoins de l\u2019enseignement sup\u00e9rieur et de la recherche\u00a0: 5 milliards par an sur 5 ans pour construire la dizaine d\u2019universit\u00e9s n\u00e9cessaires pour combler les 260.000 places manquantes dans l\u2019enseignement sup\u00e9rieur.<br \/>\n&nbsp;<br \/>\n<img loading=\"lazy\" decoding=\"async\" class=\"aligncenter wp-image-274 size-thumbnail\" src=\"https:\/\/www.solidaires-etudiant.org\/wp-content\/uploads\/2014\/02\/adobe-150x150.png\" alt=\"\" width=\"150\" height=\"150\" srcset=\"https:\/\/solidaires-etudiant-e-s.org\/site\/wp-content\/uploads\/2014\/02\/adobe-150x150.png 150w, https:\/\/solidaires-etudiant-e-s.org\/site\/wp-content\/uploads\/2014\/02\/adobe.png 256w\" sizes=\"auto, (max-width: 150px) 100vw, 150px\" \/><\/p>\n","protected":false},"excerpt":{"rendered":"<p>Partout, les \u00e9tudiant-e-s et lyc\u00e9en-ne-s s\u2019organisent : blocages d\u2019universit\u00e9s, blocages de lyc\u00e9es, [&hellip;]<\/p>\n","protected":false},"author":1,"featured_media":4069,"comment_status":"closed","ping_status":"closed","sticky":false,"template":"","format":"standard","meta":{"cybocfi_hide_featured_image":"","footnotes":""},"categories":[20,10,15,18],"tags":[515,796,878,1049],"class_list":["post-4059","post","type-post","status-publish","format-standard","has-post-thumbnail","hentry","category-facs-en-luttes","category-communiques","category-droits-etudiants","category-esr","tag-facs-en-luttes","tag-mobilisation-etudiante","tag-plan-vidal","tag-slider","col-md-4 col-sm-4"],"featured_image_src":"https:\/\/solidaires-etudiant-e-s.org\/site\/wp-content\/uploads\/2018\/02\/leia-vidal-2-1.jpg","author_info":{"display_name":"Solidaires \u00e9tudiant-e-s","author_link":false},"yoast_head":"<!-- This site is optimized with the Yoast SEO plugin v27.4 - https:\/\/yoast.com\/product\/yoast-seo-wordpress\/ -->\n<title>Facs en luttes #2 : pour lutter contre Vidal, s&#039;informer devient vital - Solidaires \u00e9tudiant-e-s<\/title>\n<meta name=\"robots\" content=\"index, follow, max-snippet:-1, max-image-preview:large, max-video-preview:-1\" \/>\n<link rel=\"canonical\" href=\"https:\/\/solidaires-etudiant-e-s.org\/site\/2018\/02\/04\/facs-en-luttes-2-pour-lutter-contre-vidal-s-informer-devient-vital\/\" \/>\n<meta property=\"og:locale\" content=\"fr_FR\" \/>\n<meta property=\"og:type\" content=\"article\" \/>\n<meta property=\"og:title\" content=\"Facs en luttes #2 : pour lutter contre Vidal, s&#039;informer devient vital - Solidaires \u00e9tudiant-e-s\" \/>\n<meta property=\"og:description\" content=\"Partout, les \u00e9tudiant-e-s et lyc\u00e9en-ne-s s\u2019organisent : blocages d\u2019universit\u00e9s, blocages de lyc\u00e9es, [&hellip;]\" \/>\n<meta property=\"og:url\" content=\"https:\/\/solidaires-etudiant-e-s.org\/site\/2018\/02\/04\/facs-en-luttes-2-pour-lutter-contre-vidal-s-informer-devient-vital\/\" \/>\n<meta property=\"og:site_name\" content=\"Solidaires \u00e9tudiant-e-s\" \/>\n<meta property=\"article:publisher\" content=\"https:\/\/www.facebook.com\/solidairesetudiantes\" \/>\n<meta property=\"article:author\" content=\"https:\/\/www.facebook.com\/solidairesetudiantes\" \/>\n<meta property=\"article:published_time\" content=\"2018-02-04T17:32:45+00:00\" \/>\n<meta property=\"article:modified_time\" content=\"2024-12-30T18:15:48+00:00\" \/>\n<meta property=\"og:image\" content=\"https:\/\/solidaires-etudiant-e-s.org\/site\/wp-content\/uploads\/2018\/02\/leia-vidal-2-1.jpg\" \/>\n\t<meta property=\"og:image:width\" content=\"800\" \/>\n\t<meta property=\"og:image:height\" content=\"250\" \/>\n\t<meta property=\"og:image:type\" content=\"image\/jpeg\" \/>\n<meta name=\"author\" content=\"Solidaires \u00e9tudiant-e-s\" \/>\n<meta name=\"twitter:card\" content=\"summary_large_image\" \/>\n<meta name=\"twitter:creator\" content=\"@SolidairesEtu\" \/>\n<meta name=\"twitter:site\" content=\"@SolidairesEtu\" \/>\n<meta name=\"twitter:label1\" content=\"\u00c9crit par\" \/>\n\t<meta name=\"twitter:data1\" content=\"Solidaires \u00e9tudiant-e-s\" \/>\n\t<meta name=\"twitter:label2\" content=\"Dur\u00e9e de lecture estim\u00e9e\" \/>\n\t<meta name=\"twitter:data2\" content=\"3 minutes\" \/>\n<script type=\"application\/ld+json\" class=\"yoast-schema-graph\">{\"@context\":\"https:\\\/\\\/schema.org\",\"@graph\":[{\"@type\":\"Article\",\"@id\":\"https:\\\/\\\/solidaires-etudiant-e-s.org\\\/site\\\/2018\\\/02\\\/04\\\/facs-en-luttes-2-pour-lutter-contre-vidal-s-informer-devient-vital\\\/#article\",\"isPartOf\":{\"@id\":\"https:\\\/\\\/solidaires-etudiant-e-s.org\\\/site\\\/2018\\\/02\\\/04\\\/facs-en-luttes-2-pour-lutter-contre-vidal-s-informer-devient-vital\\\/\"},\"author\":{\"name\":\"Solidaires \u00e9tudiant-e-s\",\"@id\":\"https:\\\/\\\/solidaires-etudiant-e-s.org\\\/site\\\/#\\\/schema\\\/person\\\/0efb3e0ff4e2f12b5a5abcd4352aa86c\"},\"headline\":\"Facs en luttes #2 : pour lutter contre Vidal, s&#039;informer devient vital\",\"datePublished\":\"2018-02-04T17:32:45+00:00\",\"dateModified\":\"2024-12-30T18:15:48+00:00\",\"mainEntityOfPage\":{\"@id\":\"https:\\\/\\\/solidaires-etudiant-e-s.org\\\/site\\\/2018\\\/02\\\/04\\\/facs-en-luttes-2-pour-lutter-contre-vidal-s-informer-devient-vital\\\/\"},\"wordCount\":573,\"publisher\":{\"@id\":\"https:\\\/\\\/solidaires-etudiant-e-s.org\\\/site\\\/#organization\"},\"image\":{\"@id\":\"https:\\\/\\\/solidaires-etudiant-e-s.org\\\/site\\\/2018\\\/02\\\/04\\\/facs-en-luttes-2-pour-lutter-contre-vidal-s-informer-devient-vital\\\/#primaryimage\"},\"thumbnailUrl\":\"https:\\\/\\\/solidaires-etudiant-e-s.org\\\/site\\\/wp-content\\\/uploads\\\/2018\\\/02\\\/leia-vidal-2-1.jpg\",\"keywords\":[\"facs en luttes\",\"mobilisation \u00e9tudiante\",\"plan vidal\",\"slider\"],\"articleSection\":[\"Archives #Facs en luttes\",\"COMMUNIQUES NATIONAUX\",\"DROITS ETUDIANTS\",\"ENSEIGNEMENT SUPERIEUR\"],\"inLanguage\":\"fr-FR\"},{\"@type\":\"WebPage\",\"@id\":\"https:\\\/\\\/solidaires-etudiant-e-s.org\\\/site\\\/2018\\\/02\\\/04\\\/facs-en-luttes-2-pour-lutter-contre-vidal-s-informer-devient-vital\\\/\",\"url\":\"https:\\\/\\\/solidaires-etudiant-e-s.org\\\/site\\\/2018\\\/02\\\/04\\\/facs-en-luttes-2-pour-lutter-contre-vidal-s-informer-devient-vital\\\/\",\"name\":\"Facs en luttes #2 : pour lutter contre Vidal, s&#039;informer devient vital - Solidaires \u00e9tudiant-e-s\",\"isPartOf\":{\"@id\":\"https:\\\/\\\/solidaires-etudiant-e-s.org\\\/site\\\/#website\"},\"primaryImageOfPage\":{\"@id\":\"https:\\\/\\\/solidaires-etudiant-e-s.org\\\/site\\\/2018\\\/02\\\/04\\\/facs-en-luttes-2-pour-lutter-contre-vidal-s-informer-devient-vital\\\/#primaryimage\"},\"image\":{\"@id\":\"https:\\\/\\\/solidaires-etudiant-e-s.org\\\/site\\\/2018\\\/02\\\/04\\\/facs-en-luttes-2-pour-lutter-contre-vidal-s-informer-devient-vital\\\/#primaryimage\"},\"thumbnailUrl\":\"https:\\\/\\\/solidaires-etudiant-e-s.org\\\/site\\\/wp-content\\\/uploads\\\/2018\\\/02\\\/leia-vidal-2-1.jpg\",\"datePublished\":\"2018-02-04T17:32:45+00:00\",\"dateModified\":\"2024-12-30T18:15:48+00:00\",\"breadcrumb\":{\"@id\":\"https:\\\/\\\/solidaires-etudiant-e-s.org\\\/site\\\/2018\\\/02\\\/04\\\/facs-en-luttes-2-pour-lutter-contre-vidal-s-informer-devient-vital\\\/#breadcrumb\"},\"inLanguage\":\"fr-FR\",\"potentialAction\":[{\"@type\":\"ReadAction\",\"target\":[\"https:\\\/\\\/solidaires-etudiant-e-s.org\\\/site\\\/2018\\\/02\\\/04\\\/facs-en-luttes-2-pour-lutter-contre-vidal-s-informer-devient-vital\\\/\"]}]},{\"@type\":\"ImageObject\",\"inLanguage\":\"fr-FR\",\"@id\":\"https:\\\/\\\/solidaires-etudiant-e-s.org\\\/site\\\/2018\\\/02\\\/04\\\/facs-en-luttes-2-pour-lutter-contre-vidal-s-informer-devient-vital\\\/#primaryimage\",\"url\":\"https:\\\/\\\/solidaires-etudiant-e-s.org\\\/site\\\/wp-content\\\/uploads\\\/2018\\\/02\\\/leia-vidal-2-1.jpg\",\"contentUrl\":\"https:\\\/\\\/solidaires-etudiant-e-s.org\\\/site\\\/wp-content\\\/uploads\\\/2018\\\/02\\\/leia-vidal-2-1.jpg\",\"width\":800,\"height\":250},{\"@type\":\"BreadcrumbList\",\"@id\":\"https:\\\/\\\/solidaires-etudiant-e-s.org\\\/site\\\/2018\\\/02\\\/04\\\/facs-en-luttes-2-pour-lutter-contre-vidal-s-informer-devient-vital\\\/#breadcrumb\",\"itemListElement\":[{\"@type\":\"ListItem\",\"position\":1,\"name\":\"Accueil\",\"item\":\"https:\\\/\\\/solidaires-etudiant-e-s.org\\\/site\\\/\"},{\"@type\":\"ListItem\",\"position\":2,\"name\":\"Facs en luttes #2 : pour lutter contre Vidal, s&#039;informer devient vital\"}]},{\"@type\":\"WebSite\",\"@id\":\"https:\\\/\\\/solidaires-etudiant-e-s.org\\\/site\\\/#website\",\"url\":\"https:\\\/\\\/solidaires-etudiant-e-s.org\\\/site\\\/\",\"name\":\"Solidaires \u00e9tudiant-e-s\",\"description\":\"Syndicats pour un enseignement sup\u00e9rieur gratuit, ouvert, et \u00e9mancipateur !\",\"publisher\":{\"@id\":\"https:\\\/\\\/solidaires-etudiant-e-s.org\\\/site\\\/#organization\"},\"potentialAction\":[{\"@type\":\"SearchAction\",\"target\":{\"@type\":\"EntryPoint\",\"urlTemplate\":\"https:\\\/\\\/solidaires-etudiant-e-s.org\\\/site\\\/?s={search_term_string}\"},\"query-input\":{\"@type\":\"PropertyValueSpecification\",\"valueRequired\":true,\"valueName\":\"search_term_string\"}}],\"inLanguage\":\"fr-FR\"},{\"@type\":\"Organization\",\"@id\":\"https:\\\/\\\/solidaires-etudiant-e-s.org\\\/site\\\/#organization\",\"name\":\"Solidaires \u00e9tudiant-e-s\",\"url\":\"https:\\\/\\\/solidaires-etudiant-e-s.org\\\/site\\\/\",\"logo\":{\"@type\":\"ImageObject\",\"inLanguage\":\"fr-FR\",\"@id\":\"https:\\\/\\\/solidaires-etudiant-e-s.org\\\/site\\\/#\\\/schema\\\/logo\\\/image\\\/\",\"url\":\"https:\\\/\\\/solidaires-etudiant-e-s.org\\\/site\\\/wp-content\\\/uploads\\\/2025\\\/12\\\/13-1.png\",\"contentUrl\":\"https:\\\/\\\/solidaires-etudiant-e-s.org\\\/site\\\/wp-content\\\/uploads\\\/2025\\\/12\\\/13-1.png\",\"width\":1181,\"height\":827,\"caption\":\"Solidaires \u00e9tudiant-e-s\"},\"image\":{\"@id\":\"https:\\\/\\\/solidaires-etudiant-e-s.org\\\/site\\\/#\\\/schema\\\/logo\\\/image\\\/\"},\"sameAs\":[\"https:\\\/\\\/www.facebook.com\\\/solidairesetudiantes\",\"https:\\\/\\\/x.com\\\/SolidairesEtu\",\"https:\\\/\\\/www.instagram.com\\\/solidairesetu\\\/\",\"https:\\\/\\\/bsky.app\\\/profile\\\/solidaires-etudiant-e-s.org\",\"https:\\\/\\\/mastodon.social\\\/@solidairesetu\",\"https:\\\/\\\/www.youtube.com\\\/channel\\\/UC_iZN9gmVAAnXbBM7wAWOag\"]},{\"@type\":\"Person\",\"@id\":\"https:\\\/\\\/solidaires-etudiant-e-s.org\\\/site\\\/#\\\/schema\\\/person\\\/0efb3e0ff4e2f12b5a5abcd4352aa86c\",\"name\":\"Solidaires \u00e9tudiant-e-s\",\"image\":{\"@type\":\"ImageObject\",\"inLanguage\":\"fr-FR\",\"@id\":\"https:\\\/\\\/solidaires-etudiant-e-s.org\\\/site\\\/wp-content\\\/uploads\\\/2020\\\/01\\\/logo-SESL-rond-512-96x96.png\",\"url\":\"https:\\\/\\\/solidaires-etudiant-e-s.org\\\/site\\\/wp-content\\\/uploads\\\/2020\\\/01\\\/logo-SESL-rond-512-96x96.png\",\"contentUrl\":\"https:\\\/\\\/solidaires-etudiant-e-s.org\\\/site\\\/wp-content\\\/uploads\\\/2020\\\/01\\\/logo-SESL-rond-512-96x96.png\",\"caption\":\"Solidaires \u00e9tudiant-e-s\"},\"sameAs\":[\"https:\\\/\\\/solidaires-etudiant.org\\\/site\",\"https:\\\/\\\/www.facebook.com\\\/solidairesetudiantes\",\"https:\\\/\\\/www.instagram.com\\\/solidairesetu\",\"https:\\\/\\\/x.com\\\/SolidairesEtu\",\"https:\\\/\\\/fr.wikipedia.org\\\/wiki\\\/Solidaires_tudiant-e-s\"]}]}<\/script>\n<!-- \/ Yoast SEO plugin. -->","yoast_head_json":{"title":"Facs en luttes #2 : pour lutter contre Vidal, s&#039;informer devient vital - Solidaires \u00e9tudiant-e-s","robots":{"index":"index","follow":"follow","max-snippet":"max-snippet:-1","max-image-preview":"max-image-preview:large","max-video-preview":"max-video-preview:-1"},"canonical":"https:\/\/solidaires-etudiant-e-s.org\/site\/2018\/02\/04\/facs-en-luttes-2-pour-lutter-contre-vidal-s-informer-devient-vital\/","og_locale":"fr_FR","og_type":"article","og_title":"Facs en luttes #2 : pour lutter contre Vidal, s&#039;informer devient vital - Solidaires \u00e9tudiant-e-s","og_description":"Partout, les \u00e9tudiant-e-s et lyc\u00e9en-ne-s s\u2019organisent : blocages d\u2019universit\u00e9s, blocages de lyc\u00e9es, [&hellip;]","og_url":"https:\/\/solidaires-etudiant-e-s.org\/site\/2018\/02\/04\/facs-en-luttes-2-pour-lutter-contre-vidal-s-informer-devient-vital\/","og_site_name":"Solidaires \u00e9tudiant-e-s","article_publisher":"https:\/\/www.facebook.com\/solidairesetudiantes","article_author":"https:\/\/www.facebook.com\/solidairesetudiantes","article_published_time":"2018-02-04T17:32:45+00:00","article_modified_time":"2024-12-30T18:15:48+00:00","og_image":[{"width":800,"height":250,"url":"https:\/\/solidaires-etudiant-e-s.org\/site\/wp-content\/uploads\/2018\/02\/leia-vidal-2-1.jpg","type":"image\/jpeg"}],"author":"Solidaires \u00e9tudiant-e-s","twitter_card":"summary_large_image","twitter_creator":"@SolidairesEtu","twitter_site":"@SolidairesEtu","twitter_misc":{"\u00c9crit par":"Solidaires \u00e9tudiant-e-s","Dur\u00e9e de lecture estim\u00e9e":"3 minutes"},"schema":{"@context":"https:\/\/schema.org","@graph":[{"@type":"Article","@id":"https:\/\/solidaires-etudiant-e-s.org\/site\/2018\/02\/04\/facs-en-luttes-2-pour-lutter-contre-vidal-s-informer-devient-vital\/#article","isPartOf":{"@id":"https:\/\/solidaires-etudiant-e-s.org\/site\/2018\/02\/04\/facs-en-luttes-2-pour-lutter-contre-vidal-s-informer-devient-vital\/"},"author":{"name":"Solidaires \u00e9tudiant-e-s","@id":"https:\/\/solidaires-etudiant-e-s.org\/site\/#\/schema\/person\/0efb3e0ff4e2f12b5a5abcd4352aa86c"},"headline":"Facs en luttes #2 : pour lutter contre Vidal, s&#039;informer devient vital","datePublished":"2018-02-04T17:32:45+00:00","dateModified":"2024-12-30T18:15:48+00:00","mainEntityOfPage":{"@id":"https:\/\/solidaires-etudiant-e-s.org\/site\/2018\/02\/04\/facs-en-luttes-2-pour-lutter-contre-vidal-s-informer-devient-vital\/"},"wordCount":573,"publisher":{"@id":"https:\/\/solidaires-etudiant-e-s.org\/site\/#organization"},"image":{"@id":"https:\/\/solidaires-etudiant-e-s.org\/site\/2018\/02\/04\/facs-en-luttes-2-pour-lutter-contre-vidal-s-informer-devient-vital\/#primaryimage"},"thumbnailUrl":"https:\/\/solidaires-etudiant-e-s.org\/site\/wp-content\/uploads\/2018\/02\/leia-vidal-2-1.jpg","keywords":["facs en luttes","mobilisation \u00e9tudiante","plan vidal","slider"],"articleSection":["Archives #Facs en luttes","COMMUNIQUES NATIONAUX","DROITS ETUDIANTS","ENSEIGNEMENT SUPERIEUR"],"inLanguage":"fr-FR"},{"@type":"WebPage","@id":"https:\/\/solidaires-etudiant-e-s.org\/site\/2018\/02\/04\/facs-en-luttes-2-pour-lutter-contre-vidal-s-informer-devient-vital\/","url":"https:\/\/solidaires-etudiant-e-s.org\/site\/2018\/02\/04\/facs-en-luttes-2-pour-lutter-contre-vidal-s-informer-devient-vital\/","name":"Facs en luttes #2 : pour lutter contre Vidal, s&#039;informer devient vital - Solidaires \u00e9tudiant-e-s","isPartOf":{"@id":"https:\/\/solidaires-etudiant-e-s.org\/site\/#website"},"primaryImageOfPage":{"@id":"https:\/\/solidaires-etudiant-e-s.org\/site\/2018\/02\/04\/facs-en-luttes-2-pour-lutter-contre-vidal-s-informer-devient-vital\/#primaryimage"},"image":{"@id":"https:\/\/solidaires-etudiant-e-s.org\/site\/2018\/02\/04\/facs-en-luttes-2-pour-lutter-contre-vidal-s-informer-devient-vital\/#primaryimage"},"thumbnailUrl":"https:\/\/solidaires-etudiant-e-s.org\/site\/wp-content\/uploads\/2018\/02\/leia-vidal-2-1.jpg","datePublished":"2018-02-04T17:32:45+00:00","dateModified":"2024-12-30T18:15:48+00:00","breadcrumb":{"@id":"https:\/\/solidaires-etudiant-e-s.org\/site\/2018\/02\/04\/facs-en-luttes-2-pour-lutter-contre-vidal-s-informer-devient-vital\/#breadcrumb"},"inLanguage":"fr-FR","potentialAction":[{"@type":"ReadAction","target":["https:\/\/solidaires-etudiant-e-s.org\/site\/2018\/02\/04\/facs-en-luttes-2-pour-lutter-contre-vidal-s-informer-devient-vital\/"]}]},{"@type":"ImageObject","inLanguage":"fr-FR","@id":"https:\/\/solidaires-etudiant-e-s.org\/site\/2018\/02\/04\/facs-en-luttes-2-pour-lutter-contre-vidal-s-informer-devient-vital\/#primaryimage","url":"https:\/\/solidaires-etudiant-e-s.org\/site\/wp-content\/uploads\/2018\/02\/leia-vidal-2-1.jpg","contentUrl":"https:\/\/solidaires-etudiant-e-s.org\/site\/wp-content\/uploads\/2018\/02\/leia-vidal-2-1.jpg","width":800,"height":250},{"@type":"BreadcrumbList","@id":"https:\/\/solidaires-etudiant-e-s.org\/site\/2018\/02\/04\/facs-en-luttes-2-pour-lutter-contre-vidal-s-informer-devient-vital\/#breadcrumb","itemListElement":[{"@type":"ListItem","position":1,"name":"Accueil","item":"https:\/\/solidaires-etudiant-e-s.org\/site\/"},{"@type":"ListItem","position":2,"name":"Facs en luttes #2 : pour lutter contre Vidal, s&#039;informer devient vital"}]},{"@type":"WebSite","@id":"https:\/\/solidaires-etudiant-e-s.org\/site\/#website","url":"https:\/\/solidaires-etudiant-e-s.org\/site\/","name":"Solidaires \u00e9tudiant-e-s","description":"Syndicats pour un enseignement sup\u00e9rieur gratuit, ouvert, et \u00e9mancipateur !","publisher":{"@id":"https:\/\/solidaires-etudiant-e-s.org\/site\/#organization"},"potentialAction":[{"@type":"SearchAction","target":{"@type":"EntryPoint","urlTemplate":"https:\/\/solidaires-etudiant-e-s.org\/site\/?s={search_term_string}"},"query-input":{"@type":"PropertyValueSpecification","valueRequired":true,"valueName":"search_term_string"}}],"inLanguage":"fr-FR"},{"@type":"Organization","@id":"https:\/\/solidaires-etudiant-e-s.org\/site\/#organization","name":"Solidaires \u00e9tudiant-e-s","url":"https:\/\/solidaires-etudiant-e-s.org\/site\/","logo":{"@type":"ImageObject","inLanguage":"fr-FR","@id":"https:\/\/solidaires-etudiant-e-s.org\/site\/#\/schema\/logo\/image\/","url":"https:\/\/solidaires-etudiant-e-s.org\/site\/wp-content\/uploads\/2025\/12\/13-1.png","contentUrl":"https:\/\/solidaires-etudiant-e-s.org\/site\/wp-content\/uploads\/2025\/12\/13-1.png","width":1181,"height":827,"caption":"Solidaires \u00e9tudiant-e-s"},"image":{"@id":"https:\/\/solidaires-etudiant-e-s.org\/site\/#\/schema\/logo\/image\/"},"sameAs":["https:\/\/www.facebook.com\/solidairesetudiantes","https:\/\/x.com\/SolidairesEtu","https:\/\/www.instagram.com\/solidairesetu\/","https:\/\/bsky.app\/profile\/solidaires-etudiant-e-s.org","https:\/\/mastodon.social\/@solidairesetu","https:\/\/www.youtube.com\/channel\/UC_iZN9gmVAAnXbBM7wAWOag"]},{"@type":"Person","@id":"https:\/\/solidaires-etudiant-e-s.org\/site\/#\/schema\/person\/0efb3e0ff4e2f12b5a5abcd4352aa86c","name":"Solidaires \u00e9tudiant-e-s","image":{"@type":"ImageObject","inLanguage":"fr-FR","@id":"https:\/\/solidaires-etudiant-e-s.org\/site\/wp-content\/uploads\/2020\/01\/logo-SESL-rond-512-96x96.png","url":"https:\/\/solidaires-etudiant-e-s.org\/site\/wp-content\/uploads\/2020\/01\/logo-SESL-rond-512-96x96.png","contentUrl":"https:\/\/solidaires-etudiant-e-s.org\/site\/wp-content\/uploads\/2020\/01\/logo-SESL-rond-512-96x96.png","caption":"Solidaires \u00e9tudiant-e-s"},"sameAs":["https:\/\/solidaires-etudiant.org\/site","https:\/\/www.facebook.com\/solidairesetudiantes","https:\/\/www.instagram.com\/solidairesetu","https:\/\/x.com\/SolidairesEtu","https:\/\/fr.wikipedia.org\/wiki\/Solidaires_tudiant-e-s"]}]}},"_links":{"self":[{"href":"https:\/\/solidaires-etudiant-e-s.org\/site\/wp-json\/wp\/v2\/posts\/4059","targetHints":{"allow":["GET"]}}],"collection":[{"href":"https:\/\/solidaires-etudiant-e-s.org\/site\/wp-json\/wp\/v2\/posts"}],"about":[{"href":"https:\/\/solidaires-etudiant-e-s.org\/site\/wp-json\/wp\/v2\/types\/post"}],"author":[{"embeddable":true,"href":"https:\/\/solidaires-etudiant-e-s.org\/site\/wp-json\/wp\/v2\/users\/1"}],"replies":[{"embeddable":true,"href":"https:\/\/solidaires-etudiant-e-s.org\/site\/wp-json\/wp\/v2\/comments?post=4059"}],"version-history":[{"count":1,"href":"https:\/\/solidaires-etudiant-e-s.org\/site\/wp-json\/wp\/v2\/posts\/4059\/revisions"}],"predecessor-version":[{"id":7502,"href":"https:\/\/solidaires-etudiant-e-s.org\/site\/wp-json\/wp\/v2\/posts\/4059\/revisions\/7502"}],"wp:featuredmedia":[{"embeddable":true,"href":"https:\/\/solidaires-etudiant-e-s.org\/site\/wp-json\/wp\/v2\/media\/4069"}],"wp:attachment":[{"href":"https:\/\/solidaires-etudiant-e-s.org\/site\/wp-json\/wp\/v2\/media?parent=4059"}],"wp:term":[{"taxonomy":"category","embeddable":true,"href":"https:\/\/solidaires-etudiant-e-s.org\/site\/wp-json\/wp\/v2\/categories?post=4059"},{"taxonomy":"post_tag","embeddable":true,"href":"https:\/\/solidaires-etudiant-e-s.org\/site\/wp-json\/wp\/v2\/tags?post=4059"}],"curies":[{"name":"wp","href":"https:\/\/api.w.org\/{rel}","templated":true}]}}