{"id":4053,"date":"2018-02-01T05:20:51","date_gmt":"2018-02-01T04:20:51","guid":{"rendered":"https:\/\/www.solidaires-etudiant.org\/?p=4053"},"modified":"2024-12-28T08:57:51","modified_gmt":"2024-12-28T07:57:51","slug":"1er-fevrier-contre-le-plan-etudiant-amplifions-la-contestation","status":"publish","type":"post","link":"https:\/\/solidaires-etudiant-e-s.org\/site\/2018\/02\/01\/1er-fevrier-contre-le-plan-etudiant-amplifions-la-contestation\/","title":{"rendered":"[1er f\u00e9vrier] Contre le plan \u00e9tudiant, amplifions la contestation !"},"content":{"rendered":"<p>Partout, les \u00e9tudiant-e-s et lyc\u00e9en-ne-s s&rsquo;organisent : blocages de conseils, blocages de lyc\u00e9es, assembl\u00e9es g\u00e9n\u00e9rales, r\u00e9unions d&rsquo;information, <a href=\"http:\/\/www.sauvonsluniversite.com\/spip.php?article7947\">motions en conseils et en assembl\u00e9e g\u00e9n\u00e9rale<\/a>\u2026<br \/>\nLa journ\u00e9e du 1<sup>er<\/sup> f\u00e9vrier est la premi\u00e8re date de mobilisation nationale contre le Plan \u00c9tudiant. Toutes les organisations combattives se joignent \u00e0 cette mobilisation et appellent \u00e0 la gr\u00e8ve dans toutes les villes.<br \/>\n&#8211; <em>les rendez-vous plus bas &#8211;<\/em><br \/>\nLe 6 f\u00e9vrier sera la deuxi\u00e8me journ\u00e9e de mobilisation et de gr\u00e8ve qui s\u2019\u00e9largira aux questions de l\u2019enseignement secondaire.<br \/>\n&nbsp;<br \/>\nRetrouvez tout <strong>notre dossier qui analyse chaque point<\/strong> r\u00e9voltant de la r\u00e9forme\u00a0:<\/p>\n<ul>\n<li><a href=\"https:\/\/www.solidaires-etudiant.org\/blog\/2017\/11\/09\/plan-etudiant-non-a-la-selection-deguisee\/\">Loi Vidal : ParcourSup n\u2019est qu\u2019une s\u00e9lection d\u00e9guis\u00e9e [Analyse]<\/a><\/li>\n<li><a href=\"https:\/\/www.solidaires-etudiant.org\/blog\/2017\/11\/24\/fin-de-la-compensation-a-luniversite-la-ministre-prise-la-main-dans-le-sac\/\">Arr\u00eat\u00e9 Licence\u00a0: la r\u00e9forme met fin \u00e0 la compensation \u00e0 l&rsquo;Universit\u00e9 [D\u00e9cryptage]<\/a><\/li>\n<li><a href=\"https:\/\/www.solidaires-etudiant.org\/blog\/2018\/01\/14\/decret-stages-moins-dencadrement-les-cours-sans-profs\/\">D\u00e9cret Stages : les cours sans prof, des tutos youtube et des QCM [Analyse]<\/a><\/li>\n<li><a href=\"https:\/\/www.solidaires-etudiant.org\/blog\/2017\/12\/03\/des-consequences-plus-que-floues-de-la-reforme-de-la-licence-pour-les-bourses\/\">Bourses\u00a0: la r\u00e9forme a des cons\u00e9quences plus que floues [D\u00e9cryptage] <\/a><\/li>\n<li><a href=\"https:\/\/www.solidaires-etudiant.org\/blog\/2018\/01\/22\/grandes-universites-de-recherche-la-concretisation-dun-systeme-a-plusieurs-vitesses\/\">Grandes Universit\u00e9s de Recherche : la concr\u00e9tisation d&rsquo;un syst\u00e8me \u00e0 plusieurs vitesses [Analyse] !<\/a><\/li>\n<li><a href=\"https:\/\/www.solidaires-etudiant.org\/blog\/2018\/01\/24\/les-experimentation-de-frederique-vidal-pour-des-frais-dinscription-exorbitants\/\">Exp\u00e9rimentations de frais d\u2019inscription exorbitants [Analyse]<\/a><\/li>\n<li><a href=\"https:\/\/www.solidaires-etudiant.org\/blog\/2018\/01\/17\/le-gouvernement-nous-souhaite-la-bonne-annee-en-organisant-la-privatisation-de-luniversite\/\">Soci\u00e9t\u00e9s Universitaires de Recherche\u00a0: Les universit\u00e9s deviennent des soci\u00e9t\u00e9s priv\u00e9es qui pourront s\u2019endetter [Explications]<\/a><\/li>\n<li><a href=\"https:\/\/www.solidaires-etudiant.org\/blog\/2017\/12\/09\/le-gouvernement-compte-reformer-les-universites-par-ordonnances\/\">Le gouvernement compte r\u00e9former les universit\u00e9s&#8230; par ordonnances [Analyse]<\/a><\/li>\n<\/ul>\n<p>Nous revendiquons l\u2019abandon de toutes ces mesures.<br \/>\n&nbsp;<br \/>\nNous voulons un service public ouvert gratuit et de qualit\u00e9\u00a0:<\/p>\n<ul>\n<li>Plus d\u2019enseignant\u00b7es\u00a0;<\/li>\n<li>Plus d\u2019universit\u00e9s\u00a0;<\/li>\n<li>Plus de capacit\u00e9s d\u2019accueil.<\/li>\n<\/ul>\n<p><strong>Contre la s\u00e9lection\u00a0: du budget pour nos formations\u00a0!<\/strong><br \/>\n&nbsp;<br \/>\n<strong>Ce n&rsquo;est qu&rsquo;un d\u00e9but, continuons le combat\u00a0!<\/strong><br \/>\n\u00c0 Clermont-Ferrand, Grenoble, Paris 1, Sorbonne U, Rennes 2, Toulouse 2 Mirail, une mobilisation s\u2019est d\u00e9j\u00e0 manifest\u00e9e pour emp\u00eacher les conseils centraux des universit\u00e9s de faire remonter ces attendus d\u2019entr\u00e9e et les capacit\u00e9s d\u2019accueil. De nombreuses assembl\u00e9es g\u00e9n\u00e9rales ont d\u00e9j\u00e0 eu lieu sur plusieurs universit\u00e9s, r\u00e9unissant ainsi plus de 800 personnes \u00e0 Toulouse, 400 personnes \u00e0 Paris 1, 200 personnes \u00e0 Bordeaux\u2026<br \/>\n<strong>Assembl\u00e9es g\u00e9n\u00e9rales et r\u00e9unions d\u2019information\u00a0:<\/strong><\/p>\n<ul>\n<li>Grenoble\u00a0: <a href=\"https:\/\/www.facebook.com\/events\/373828729747328\/\">mercredi 31, 12h, amphi 10, galerie des amphis, UGA<\/a><\/li>\n<li><a href=\"https:\/\/www.facebook.com\/Paris-8-Contre-La-Selection-374217163007963\/\">Paris 8<\/a>: <a href=\"https:\/\/www.facebook.com\/events\/1764760370224044\/\">mercredi 31, 12h, amphi D<\/a><\/li>\n<li>Toulouse 2 Mirail\u00a0: mercredi 31, 12h30, UFR de psycho, amphi B<\/li>\n<li>Rennes 2\u00a0: <a href=\"https:\/\/www.facebook.com\/events\/1928839144037617\/\">mercredi 31, 13h30, Hall L<\/a><\/li>\n<li>Montpellier\u00a0: <a href=\"https:\/\/www.facebook.com\/events\/209631676268966\/\">jeudi 1<\/a><a href=\"https:\/\/www.facebook.com\/events\/209631676268966\/\"><sup>e<\/sup><\/a><a href=\"https:\/\/www.facebook.com\/events\/209631676268966\/\"><sup>r<\/sup><\/a><a href=\"https:\/\/www.facebook.com\/events\/209631676268966\/\">, <\/a><a href=\"https:\/\/www.facebook.com\/events\/209631676268966\/\">10h, amphi C, <\/a><a href=\"https:\/\/www.facebook.com\/events\/209631676268966\/\">Universit\u00e9 Paul Val\u00e9ry<\/a><\/li>\n<li><a href=\"https:\/\/www.facebook.com\/Paris1Deter\/\">Paris 1<\/a>: <a href=\"https:\/\/www.facebook.com\/events\/1194836377319639\/\">jeudi 1<\/a><a href=\"https:\/\/www.facebook.com\/events\/1194836377319639\/\"><sup>er<\/sup><\/a><a href=\"https:\/\/www.facebook.com\/events\/1194836377319639\/\">, 11h, Tolbiac<\/a><\/li>\n<li>Clermont-Ferrand\u00a0: jeudi 1<sup>er<\/sup>, 11h30, amphi 3, campus lettres Gergovia<\/li>\n<li><a href=\"https:\/\/www.facebook.com\/Paris-4-contre-la-s\u00e9lection-et-la-loi-travail-201338096891712\/\">Sorbonne Universit\u00e9 (Paris 4)<\/a>: jeudi 1<sup>er<\/sup>, 11h30, amphi Molho (Clignancourt)<\/li>\n<li>Lille 2\u00a0: <a href=\"https:\/\/www.facebook.com\/events\/208454449707343\/\">jeudi 1<\/a><a href=\"https:\/\/www.facebook.com\/events\/208454449707343\/\"><sup>er<\/sup><\/a><a href=\"https:\/\/www.facebook.com\/events\/208454449707343\/\">,<\/a><a href=\"https:\/\/www.facebook.com\/events\/208454449707343\/\"> 12h, b\u00e2timent E<\/a><\/li>\n<li>IEP de Lille\u00a0: <a href=\"https:\/\/www.facebook.com\/events\/697029667353267\/\">jeudi 1<\/a><a href=\"https:\/\/www.facebook.com\/events\/697029667353267\/\"><sup>e<\/sup><\/a><a href=\"https:\/\/www.facebook.com\/events\/697029667353267\/\"><sup>r<\/sup><\/a><a href=\"https:\/\/www.facebook.com\/events\/697029667353267\/\">,<\/a><a href=\"https:\/\/www.facebook.com\/events\/697029667353267\/\"> 12h, amphi B<\/a><\/li>\n<li>Paris 7\u00a0: <a href=\"https:\/\/www.facebook.com\/events\/436251136777824\/\">jeudi 1<\/a><a href=\"https:\/\/www.facebook.com\/events\/436251136777824\/\"><sup>er<\/sup><\/a><a href=\"https:\/\/www.facebook.com\/events\/436251136777824\/\">, 12h, Halle aux farines, salle 234 C<\/a><\/li>\n<li>Sorbonne Universit\u00e9 (Paris 6)\u00a0: jeudi 1<sup>er<\/sup>, 12h, amphi Herpin (Jussieu)<\/li>\n<li><a href=\"https:\/\/www.facebook.com\/CollectifEtu37\/\">Tours<\/a>: <a href=\"https:\/\/www.facebook.com\/events\/143435286344515\/\">jeudi 1<\/a><a href=\"https:\/\/www.facebook.com\/events\/143435286344515\/\"><sup>er<\/sup><\/a><a href=\"https:\/\/www.facebook.com\/events\/143435286344515\/\">, 12h, amphi 3 Tanneurs<\/a><\/li>\n<li>Lille 1\u00a0: <a href=\"https:\/\/www.facebook.com\/events\/1959662241026727\/\">jeudi 1<\/a><a href=\"https:\/\/www.facebook.com\/events\/1959662241026727\/\"><sup>e<\/sup><\/a><a href=\"https:\/\/www.facebook.com\/events\/1959662241026727\/\"><sup>r<\/sup><\/a><a href=\"https:\/\/www.facebook.com\/events\/1959662241026727\/\">,<\/a><a href=\"https:\/\/www.facebook.com\/events\/1959662241026727\/\"> 12h30 amphi <\/a><a href=\"https:\/\/www.facebook.com\/events\/1959662241026727\/\">Archim\u00e8de, b\u00e2timent M1<\/a><\/li>\n<li>Nice\u00a0: <a href=\"https:\/\/www.facebook.com\/events\/394190597701569\/\">jeudi 1<\/a><a href=\"https:\/\/www.facebook.com\/events\/394190597701569\/\"><sup>er<\/sup><\/a><a href=\"https:\/\/www.facebook.com\/events\/394190597701569\/\">, 12h30 \u00e0 Valrose (amphi de biologie) puis 17h \u00e0 Carlone (amphi H60)<\/a><\/li>\n<li>Bordeaux\u00a0: <a href=\"https:\/\/www.facebook.com\/events\/339181603156238\/\">lundi 5, 12h30, campus Victoire<\/a><\/li>\n<\/ul>\n<p><strong>Manifestations :<\/strong><\/p>\n<ul>\n<li>Lyon\u00a0: <a href=\"https:\/\/www.facebook.com\/events\/1985562395051189\/\">9h, Jet d\u2019eau (<\/a><a href=\"https:\/\/www.facebook.com\/events\/1985562395051189\/\">8<\/a><a href=\"https:\/\/www.facebook.com\/events\/1985562395051189\/\"><sup>e<\/sup><\/a><a href=\"https:\/\/www.facebook.com\/events\/1985562395051189\/\"> arrondissement<\/a><a href=\"https:\/\/www.facebook.com\/events\/1985562395051189\/\">)<\/a><\/li>\n<li>Clermont-Ferrand\u00a0: <a href=\"https:\/\/www.facebook.com\/events\/169516277157094\/\">10h, <\/a><a href=\"https:\/\/www.facebook.com\/events\/169516277157094\/\">place<\/a><a href=\"https:\/\/www.facebook.com\/events\/169516277157094\/\"> Delille<\/a><\/li>\n<li>Grenoble\u00a0: 10h, amphi Weil, campus Saint-Martin d\u2019H\u00e8res<\/li>\n<li><a href=\"https:\/\/www.facebook.com\/Comit\u00e9-de-mobilisation-contre-la-s\u00e9lection-\u00e0-luniversit\u00e9-Caen-2122811824671772\/\">Caen<\/a>: 11h, au ph\u00e9nix (campus 1)<\/li>\n<li>Bordeaux\u00a0: <a href=\"https:\/\/www.facebook.com\/events\/1532914726778152\/\">11h, <\/a><a href=\"https:\/\/www.facebook.com\/events\/1532914726778152\/\">place de la Victoire<\/a><\/li>\n<li><a href=\"https:\/\/www.facebook.com\/Universit\u00e9-de-Nantes-contre-la-S\u00e9lection-467278067007631\/\">Nantes<\/a>: <a href=\"https:\/\/www.facebook.com\/events\/1829635463777040\/\">12h, <\/a><a href=\"https:\/\/www.facebook.com\/events\/1829635463777040\/\">devant le <\/a><a href=\"https:\/\/www.facebook.com\/events\/1829635463777040\/\">p\u00f4le \u00e9tudiant<\/a><\/li>\n<li>Poitiers\u00a0: 12h<\/li>\n<li>Montpellier\u00a0: 13h, Saint-\u00c9loi, Paul Val\u00e9ry<\/li>\n<li>Toulouse\u00a0: <a href=\"https:\/\/www.facebook.com\/events\/943303969180587\/\">14h, Jean Jaur\u00e8s<\/a><\/li>\n<li>Paris\u00a0: 14h, place Jussieu (direction Sorbonne)<\/li>\n<li>Strasbourg\u00a0: 14h, place Adrien Zeller (Wacken)<\/li>\n<li>Lille\u00a0: <a href=\"https:\/\/www.facebook.com\/events\/455393754875910\/\">14h30, place de la R\u00e9publique<\/a><\/li>\n<\/ul>\n<p>&nbsp;<br \/>\n<img loading=\"lazy\" decoding=\"async\" class=\"aligncenter wp-image-274 size-thumbnail\" src=\"https:\/\/www.solidaires-etudiant.org\/wp-content\/uploads\/2014\/02\/adobe-150x150.png\" alt=\"\" width=\"150\" height=\"150\" srcset=\"https:\/\/solidaires-etudiant-e-s.org\/site\/wp-content\/uploads\/2014\/02\/adobe-150x150.png 150w, https:\/\/solidaires-etudiant-e-s.org\/site\/wp-content\/uploads\/2014\/02\/adobe.png 256w\" sizes=\"auto, (max-width: 150px) 100vw, 150px\" \/><\/p>\n","protected":false},"excerpt":{"rendered":"<p>Partout, les \u00e9tudiant-e-s et lyc\u00e9en-ne-s s&rsquo;organisent : blocages de conseils, blocages de [&hellip;]<\/p>\n","protected":false},"author":1,"featured_media":2168,"comment_status":"closed","ping_status":"closed","sticky":false,"template":"","format":"standard","meta":{"cybocfi_hide_featured_image":"","footnotes":""},"categories":[10,18],"tags":[467,796,1049],"class_list":["post-4053","post","type-post","status-publish","format-standard","has-post-thumbnail","hentry","category-communiques","category-esr","tag-enseignement-superieur","tag-mobilisation-etudiante","tag-slider","col-md-4 col-sm-4"],"featured_image_src":"https:\/\/solidaires-etudiant-e-s.org\/site\/wp-content\/uploads\/2015\/02\/MANIF-quebec-Montreal-greve.jpg","author_info":{"display_name":"Solidaires \u00e9tudiant-e-s","author_link":false},"yoast_head":"<!-- This site is optimized with the Yoast SEO plugin v27.5 - https:\/\/yoast.com\/product\/yoast-seo-wordpress\/ -->\n<title>[1er f\u00e9vrier] Contre le plan \u00e9tudiant, amplifions la contestation ! - Solidaires \u00e9tudiant-e-s<\/title>\n<meta name=\"robots\" content=\"index, follow, max-snippet:-1, max-image-preview:large, max-video-preview:-1\" \/>\n<link rel=\"canonical\" href=\"https:\/\/solidaires-etudiant-e-s.org\/site\/2018\/02\/01\/1er-fevrier-contre-le-plan-etudiant-amplifions-la-contestation\/\" \/>\n<meta property=\"og:locale\" content=\"fr_FR\" \/>\n<meta property=\"og:type\" content=\"article\" \/>\n<meta property=\"og:title\" content=\"[1er f\u00e9vrier] Contre le plan \u00e9tudiant, amplifions la contestation ! - Solidaires \u00e9tudiant-e-s\" \/>\n<meta property=\"og:description\" content=\"Partout, les \u00e9tudiant-e-s et lyc\u00e9en-ne-s s&rsquo;organisent : blocages de conseils, blocages de [&hellip;]\" \/>\n<meta property=\"og:url\" content=\"https:\/\/solidaires-etudiant-e-s.org\/site\/2018\/02\/01\/1er-fevrier-contre-le-plan-etudiant-amplifions-la-contestation\/\" \/>\n<meta property=\"og:site_name\" content=\"Solidaires \u00e9tudiant-e-s\" \/>\n<meta property=\"article:publisher\" content=\"https:\/\/www.facebook.com\/solidairesetudiantes\" \/>\n<meta property=\"article:author\" content=\"https:\/\/www.facebook.com\/solidairesetudiantes\" \/>\n<meta property=\"article:published_time\" content=\"2018-02-01T04:20:51+00:00\" \/>\n<meta property=\"article:modified_time\" content=\"2024-12-28T07:57:51+00:00\" \/>\n<meta property=\"og:image\" content=\"https:\/\/solidaires-etudiant-e-s.org\/site\/wp-content\/uploads\/2015\/02\/MANIF-quebec-Montreal-greve.jpg\" \/>\n\t<meta property=\"og:image:width\" content=\"439\" \/>\n\t<meta property=\"og:image:height\" content=\"328\" \/>\n\t<meta property=\"og:image:type\" content=\"image\/jpeg\" \/>\n<meta name=\"author\" content=\"Solidaires \u00e9tudiant-e-s\" \/>\n<meta name=\"twitter:card\" content=\"summary_large_image\" \/>\n<meta name=\"twitter:creator\" content=\"@SolidairesEtu\" \/>\n<meta name=\"twitter:site\" content=\"@SolidairesEtu\" \/>\n<meta name=\"twitter:label1\" content=\"\u00c9crit par\" \/>\n\t<meta name=\"twitter:data1\" content=\"Solidaires \u00e9tudiant-e-s\" \/>\n\t<meta name=\"twitter:label2\" content=\"Dur\u00e9e de lecture estim\u00e9e\" \/>\n\t<meta name=\"twitter:data2\" content=\"3 minutes\" \/>\n<script type=\"application\/ld+json\" class=\"yoast-schema-graph\">{\"@context\":\"https:\\\/\\\/schema.org\",\"@graph\":[{\"@type\":\"Article\",\"@id\":\"https:\\\/\\\/solidaires-etudiant-e-s.org\\\/site\\\/2018\\\/02\\\/01\\\/1er-fevrier-contre-le-plan-etudiant-amplifions-la-contestation\\\/#article\",\"isPartOf\":{\"@id\":\"https:\\\/\\\/solidaires-etudiant-e-s.org\\\/site\\\/2018\\\/02\\\/01\\\/1er-fevrier-contre-le-plan-etudiant-amplifions-la-contestation\\\/\"},\"author\":{\"name\":\"Solidaires \u00e9tudiant-e-s\",\"@id\":\"https:\\\/\\\/solidaires-etudiant-e-s.org\\\/site\\\/#\\\/schema\\\/person\\\/0efb3e0ff4e2f12b5a5abcd4352aa86c\"},\"headline\":\"[1er f\u00e9vrier] Contre le plan \u00e9tudiant, amplifions la contestation !\",\"datePublished\":\"2018-02-01T04:20:51+00:00\",\"dateModified\":\"2024-12-28T07:57:51+00:00\",\"mainEntityOfPage\":{\"@id\":\"https:\\\/\\\/solidaires-etudiant-e-s.org\\\/site\\\/2018\\\/02\\\/01\\\/1er-fevrier-contre-le-plan-etudiant-amplifions-la-contestation\\\/\"},\"wordCount\":566,\"publisher\":{\"@id\":\"https:\\\/\\\/solidaires-etudiant-e-s.org\\\/site\\\/#organization\"},\"image\":{\"@id\":\"https:\\\/\\\/solidaires-etudiant-e-s.org\\\/site\\\/2018\\\/02\\\/01\\\/1er-fevrier-contre-le-plan-etudiant-amplifions-la-contestation\\\/#primaryimage\"},\"thumbnailUrl\":\"https:\\\/\\\/solidaires-etudiant-e-s.org\\\/site\\\/wp-content\\\/uploads\\\/2015\\\/02\\\/MANIF-quebec-Montreal-greve.jpg\",\"keywords\":[\"enseignement sup\u00e9rieur\",\"mobilisation \u00e9tudiante\",\"slider\"],\"articleSection\":[\"COMMUNIQUES NATIONAUX\",\"ENSEIGNEMENT SUPERIEUR\"],\"inLanguage\":\"fr-FR\"},{\"@type\":\"WebPage\",\"@id\":\"https:\\\/\\\/solidaires-etudiant-e-s.org\\\/site\\\/2018\\\/02\\\/01\\\/1er-fevrier-contre-le-plan-etudiant-amplifions-la-contestation\\\/\",\"url\":\"https:\\\/\\\/solidaires-etudiant-e-s.org\\\/site\\\/2018\\\/02\\\/01\\\/1er-fevrier-contre-le-plan-etudiant-amplifions-la-contestation\\\/\",\"name\":\"[1er f\u00e9vrier] Contre le plan \u00e9tudiant, amplifions la contestation ! - Solidaires \u00e9tudiant-e-s\",\"isPartOf\":{\"@id\":\"https:\\\/\\\/solidaires-etudiant-e-s.org\\\/site\\\/#website\"},\"primaryImageOfPage\":{\"@id\":\"https:\\\/\\\/solidaires-etudiant-e-s.org\\\/site\\\/2018\\\/02\\\/01\\\/1er-fevrier-contre-le-plan-etudiant-amplifions-la-contestation\\\/#primaryimage\"},\"image\":{\"@id\":\"https:\\\/\\\/solidaires-etudiant-e-s.org\\\/site\\\/2018\\\/02\\\/01\\\/1er-fevrier-contre-le-plan-etudiant-amplifions-la-contestation\\\/#primaryimage\"},\"thumbnailUrl\":\"https:\\\/\\\/solidaires-etudiant-e-s.org\\\/site\\\/wp-content\\\/uploads\\\/2015\\\/02\\\/MANIF-quebec-Montreal-greve.jpg\",\"datePublished\":\"2018-02-01T04:20:51+00:00\",\"dateModified\":\"2024-12-28T07:57:51+00:00\",\"breadcrumb\":{\"@id\":\"https:\\\/\\\/solidaires-etudiant-e-s.org\\\/site\\\/2018\\\/02\\\/01\\\/1er-fevrier-contre-le-plan-etudiant-amplifions-la-contestation\\\/#breadcrumb\"},\"inLanguage\":\"fr-FR\",\"potentialAction\":[{\"@type\":\"ReadAction\",\"target\":[\"https:\\\/\\\/solidaires-etudiant-e-s.org\\\/site\\\/2018\\\/02\\\/01\\\/1er-fevrier-contre-le-plan-etudiant-amplifions-la-contestation\\\/\"]}]},{\"@type\":\"ImageObject\",\"inLanguage\":\"fr-FR\",\"@id\":\"https:\\\/\\\/solidaires-etudiant-e-s.org\\\/site\\\/2018\\\/02\\\/01\\\/1er-fevrier-contre-le-plan-etudiant-amplifions-la-contestation\\\/#primaryimage\",\"url\":\"https:\\\/\\\/solidaires-etudiant-e-s.org\\\/site\\\/wp-content\\\/uploads\\\/2015\\\/02\\\/MANIF-quebec-Montreal-greve.jpg\",\"contentUrl\":\"https:\\\/\\\/solidaires-etudiant-e-s.org\\\/site\\\/wp-content\\\/uploads\\\/2015\\\/02\\\/MANIF-quebec-Montreal-greve.jpg\",\"width\":439,\"height\":328},{\"@type\":\"BreadcrumbList\",\"@id\":\"https:\\\/\\\/solidaires-etudiant-e-s.org\\\/site\\\/2018\\\/02\\\/01\\\/1er-fevrier-contre-le-plan-etudiant-amplifions-la-contestation\\\/#breadcrumb\",\"itemListElement\":[{\"@type\":\"ListItem\",\"position\":1,\"name\":\"Accueil\",\"item\":\"https:\\\/\\\/solidaires-etudiant-e-s.org\\\/site\\\/\"},{\"@type\":\"ListItem\",\"position\":2,\"name\":\"[1er f\u00e9vrier] Contre le plan \u00e9tudiant, amplifions la contestation !\"}]},{\"@type\":\"WebSite\",\"@id\":\"https:\\\/\\\/solidaires-etudiant-e-s.org\\\/site\\\/#website\",\"url\":\"https:\\\/\\\/solidaires-etudiant-e-s.org\\\/site\\\/\",\"name\":\"Solidaires \u00e9tudiant-e-s\",\"description\":\"Syndicats pour un enseignement sup\u00e9rieur gratuit, ouvert, et \u00e9mancipateur !\",\"publisher\":{\"@id\":\"https:\\\/\\\/solidaires-etudiant-e-s.org\\\/site\\\/#organization\"},\"potentialAction\":[{\"@type\":\"SearchAction\",\"target\":{\"@type\":\"EntryPoint\",\"urlTemplate\":\"https:\\\/\\\/solidaires-etudiant-e-s.org\\\/site\\\/?s={search_term_string}\"},\"query-input\":{\"@type\":\"PropertyValueSpecification\",\"valueRequired\":true,\"valueName\":\"search_term_string\"}}],\"inLanguage\":\"fr-FR\"},{\"@type\":\"Organization\",\"@id\":\"https:\\\/\\\/solidaires-etudiant-e-s.org\\\/site\\\/#organization\",\"name\":\"Solidaires \u00e9tudiant-e-s\",\"url\":\"https:\\\/\\\/solidaires-etudiant-e-s.org\\\/site\\\/\",\"logo\":{\"@type\":\"ImageObject\",\"inLanguage\":\"fr-FR\",\"@id\":\"https:\\\/\\\/solidaires-etudiant-e-s.org\\\/site\\\/#\\\/schema\\\/logo\\\/image\\\/\",\"url\":\"https:\\\/\\\/solidaires-etudiant-e-s.org\\\/site\\\/wp-content\\\/uploads\\\/2025\\\/12\\\/13-1.png\",\"contentUrl\":\"https:\\\/\\\/solidaires-etudiant-e-s.org\\\/site\\\/wp-content\\\/uploads\\\/2025\\\/12\\\/13-1.png\",\"width\":1181,\"height\":827,\"caption\":\"Solidaires \u00e9tudiant-e-s\"},\"image\":{\"@id\":\"https:\\\/\\\/solidaires-etudiant-e-s.org\\\/site\\\/#\\\/schema\\\/logo\\\/image\\\/\"},\"sameAs\":[\"https:\\\/\\\/www.facebook.com\\\/solidairesetudiantes\",\"https:\\\/\\\/x.com\\\/SolidairesEtu\",\"https:\\\/\\\/www.instagram.com\\\/solidairesetu\\\/\",\"https:\\\/\\\/bsky.app\\\/profile\\\/solidaires-etudiant-e-s.org\",\"https:\\\/\\\/mastodon.social\\\/@solidairesetu\",\"https:\\\/\\\/www.youtube.com\\\/channel\\\/UC_iZN9gmVAAnXbBM7wAWOag\"]},{\"@type\":\"Person\",\"@id\":\"https:\\\/\\\/solidaires-etudiant-e-s.org\\\/site\\\/#\\\/schema\\\/person\\\/0efb3e0ff4e2f12b5a5abcd4352aa86c\",\"name\":\"Solidaires \u00e9tudiant-e-s\",\"image\":{\"@type\":\"ImageObject\",\"inLanguage\":\"fr-FR\",\"@id\":\"https:\\\/\\\/solidaires-etudiant-e-s.org\\\/site\\\/wp-content\\\/uploads\\\/2020\\\/01\\\/logo-SESL-rond-512-96x96.png\",\"url\":\"https:\\\/\\\/solidaires-etudiant-e-s.org\\\/site\\\/wp-content\\\/uploads\\\/2020\\\/01\\\/logo-SESL-rond-512-96x96.png\",\"contentUrl\":\"https:\\\/\\\/solidaires-etudiant-e-s.org\\\/site\\\/wp-content\\\/uploads\\\/2020\\\/01\\\/logo-SESL-rond-512-96x96.png\",\"caption\":\"Solidaires \u00e9tudiant-e-s\"},\"sameAs\":[\"https:\\\/\\\/solidaires-etudiant.org\\\/site\",\"https:\\\/\\\/www.facebook.com\\\/solidairesetudiantes\",\"https:\\\/\\\/www.instagram.com\\\/solidairesetu\",\"https:\\\/\\\/x.com\\\/SolidairesEtu\",\"https:\\\/\\\/fr.wikipedia.org\\\/wiki\\\/Solidaires_tudiant-e-s\"]}]}<\/script>\n<!-- \/ Yoast SEO plugin. -->","yoast_head_json":{"title":"[1er f\u00e9vrier] Contre le plan \u00e9tudiant, amplifions la contestation ! - Solidaires \u00e9tudiant-e-s","robots":{"index":"index","follow":"follow","max-snippet":"max-snippet:-1","max-image-preview":"max-image-preview:large","max-video-preview":"max-video-preview:-1"},"canonical":"https:\/\/solidaires-etudiant-e-s.org\/site\/2018\/02\/01\/1er-fevrier-contre-le-plan-etudiant-amplifions-la-contestation\/","og_locale":"fr_FR","og_type":"article","og_title":"[1er f\u00e9vrier] Contre le plan \u00e9tudiant, amplifions la contestation ! - Solidaires \u00e9tudiant-e-s","og_description":"Partout, les \u00e9tudiant-e-s et lyc\u00e9en-ne-s s&rsquo;organisent : blocages de conseils, blocages de [&hellip;]","og_url":"https:\/\/solidaires-etudiant-e-s.org\/site\/2018\/02\/01\/1er-fevrier-contre-le-plan-etudiant-amplifions-la-contestation\/","og_site_name":"Solidaires \u00e9tudiant-e-s","article_publisher":"https:\/\/www.facebook.com\/solidairesetudiantes","article_author":"https:\/\/www.facebook.com\/solidairesetudiantes","article_published_time":"2018-02-01T04:20:51+00:00","article_modified_time":"2024-12-28T07:57:51+00:00","og_image":[{"width":439,"height":328,"url":"https:\/\/solidaires-etudiant-e-s.org\/site\/wp-content\/uploads\/2015\/02\/MANIF-quebec-Montreal-greve.jpg","type":"image\/jpeg"}],"author":"Solidaires \u00e9tudiant-e-s","twitter_card":"summary_large_image","twitter_creator":"@SolidairesEtu","twitter_site":"@SolidairesEtu","twitter_misc":{"\u00c9crit par":"Solidaires \u00e9tudiant-e-s","Dur\u00e9e de lecture estim\u00e9e":"3 minutes"},"schema":{"@context":"https:\/\/schema.org","@graph":[{"@type":"Article","@id":"https:\/\/solidaires-etudiant-e-s.org\/site\/2018\/02\/01\/1er-fevrier-contre-le-plan-etudiant-amplifions-la-contestation\/#article","isPartOf":{"@id":"https:\/\/solidaires-etudiant-e-s.org\/site\/2018\/02\/01\/1er-fevrier-contre-le-plan-etudiant-amplifions-la-contestation\/"},"author":{"name":"Solidaires \u00e9tudiant-e-s","@id":"https:\/\/solidaires-etudiant-e-s.org\/site\/#\/schema\/person\/0efb3e0ff4e2f12b5a5abcd4352aa86c"},"headline":"[1er f\u00e9vrier] Contre le plan \u00e9tudiant, amplifions la contestation !","datePublished":"2018-02-01T04:20:51+00:00","dateModified":"2024-12-28T07:57:51+00:00","mainEntityOfPage":{"@id":"https:\/\/solidaires-etudiant-e-s.org\/site\/2018\/02\/01\/1er-fevrier-contre-le-plan-etudiant-amplifions-la-contestation\/"},"wordCount":566,"publisher":{"@id":"https:\/\/solidaires-etudiant-e-s.org\/site\/#organization"},"image":{"@id":"https:\/\/solidaires-etudiant-e-s.org\/site\/2018\/02\/01\/1er-fevrier-contre-le-plan-etudiant-amplifions-la-contestation\/#primaryimage"},"thumbnailUrl":"https:\/\/solidaires-etudiant-e-s.org\/site\/wp-content\/uploads\/2015\/02\/MANIF-quebec-Montreal-greve.jpg","keywords":["enseignement sup\u00e9rieur","mobilisation \u00e9tudiante","slider"],"articleSection":["COMMUNIQUES NATIONAUX","ENSEIGNEMENT SUPERIEUR"],"inLanguage":"fr-FR"},{"@type":"WebPage","@id":"https:\/\/solidaires-etudiant-e-s.org\/site\/2018\/02\/01\/1er-fevrier-contre-le-plan-etudiant-amplifions-la-contestation\/","url":"https:\/\/solidaires-etudiant-e-s.org\/site\/2018\/02\/01\/1er-fevrier-contre-le-plan-etudiant-amplifions-la-contestation\/","name":"[1er f\u00e9vrier] Contre le plan \u00e9tudiant, amplifions la contestation ! - Solidaires \u00e9tudiant-e-s","isPartOf":{"@id":"https:\/\/solidaires-etudiant-e-s.org\/site\/#website"},"primaryImageOfPage":{"@id":"https:\/\/solidaires-etudiant-e-s.org\/site\/2018\/02\/01\/1er-fevrier-contre-le-plan-etudiant-amplifions-la-contestation\/#primaryimage"},"image":{"@id":"https:\/\/solidaires-etudiant-e-s.org\/site\/2018\/02\/01\/1er-fevrier-contre-le-plan-etudiant-amplifions-la-contestation\/#primaryimage"},"thumbnailUrl":"https:\/\/solidaires-etudiant-e-s.org\/site\/wp-content\/uploads\/2015\/02\/MANIF-quebec-Montreal-greve.jpg","datePublished":"2018-02-01T04:20:51+00:00","dateModified":"2024-12-28T07:57:51+00:00","breadcrumb":{"@id":"https:\/\/solidaires-etudiant-e-s.org\/site\/2018\/02\/01\/1er-fevrier-contre-le-plan-etudiant-amplifions-la-contestation\/#breadcrumb"},"inLanguage":"fr-FR","potentialAction":[{"@type":"ReadAction","target":["https:\/\/solidaires-etudiant-e-s.org\/site\/2018\/02\/01\/1er-fevrier-contre-le-plan-etudiant-amplifions-la-contestation\/"]}]},{"@type":"ImageObject","inLanguage":"fr-FR","@id":"https:\/\/solidaires-etudiant-e-s.org\/site\/2018\/02\/01\/1er-fevrier-contre-le-plan-etudiant-amplifions-la-contestation\/#primaryimage","url":"https:\/\/solidaires-etudiant-e-s.org\/site\/wp-content\/uploads\/2015\/02\/MANIF-quebec-Montreal-greve.jpg","contentUrl":"https:\/\/solidaires-etudiant-e-s.org\/site\/wp-content\/uploads\/2015\/02\/MANIF-quebec-Montreal-greve.jpg","width":439,"height":328},{"@type":"BreadcrumbList","@id":"https:\/\/solidaires-etudiant-e-s.org\/site\/2018\/02\/01\/1er-fevrier-contre-le-plan-etudiant-amplifions-la-contestation\/#breadcrumb","itemListElement":[{"@type":"ListItem","position":1,"name":"Accueil","item":"https:\/\/solidaires-etudiant-e-s.org\/site\/"},{"@type":"ListItem","position":2,"name":"[1er f\u00e9vrier] Contre le plan \u00e9tudiant, amplifions la contestation !"}]},{"@type":"WebSite","@id":"https:\/\/solidaires-etudiant-e-s.org\/site\/#website","url":"https:\/\/solidaires-etudiant-e-s.org\/site\/","name":"Solidaires \u00e9tudiant-e-s","description":"Syndicats pour un enseignement sup\u00e9rieur gratuit, ouvert, et \u00e9mancipateur !","publisher":{"@id":"https:\/\/solidaires-etudiant-e-s.org\/site\/#organization"},"potentialAction":[{"@type":"SearchAction","target":{"@type":"EntryPoint","urlTemplate":"https:\/\/solidaires-etudiant-e-s.org\/site\/?s={search_term_string}"},"query-input":{"@type":"PropertyValueSpecification","valueRequired":true,"valueName":"search_term_string"}}],"inLanguage":"fr-FR"},{"@type":"Organization","@id":"https:\/\/solidaires-etudiant-e-s.org\/site\/#organization","name":"Solidaires \u00e9tudiant-e-s","url":"https:\/\/solidaires-etudiant-e-s.org\/site\/","logo":{"@type":"ImageObject","inLanguage":"fr-FR","@id":"https:\/\/solidaires-etudiant-e-s.org\/site\/#\/schema\/logo\/image\/","url":"https:\/\/solidaires-etudiant-e-s.org\/site\/wp-content\/uploads\/2025\/12\/13-1.png","contentUrl":"https:\/\/solidaires-etudiant-e-s.org\/site\/wp-content\/uploads\/2025\/12\/13-1.png","width":1181,"height":827,"caption":"Solidaires \u00e9tudiant-e-s"},"image":{"@id":"https:\/\/solidaires-etudiant-e-s.org\/site\/#\/schema\/logo\/image\/"},"sameAs":["https:\/\/www.facebook.com\/solidairesetudiantes","https:\/\/x.com\/SolidairesEtu","https:\/\/www.instagram.com\/solidairesetu\/","https:\/\/bsky.app\/profile\/solidaires-etudiant-e-s.org","https:\/\/mastodon.social\/@solidairesetu","https:\/\/www.youtube.com\/channel\/UC_iZN9gmVAAnXbBM7wAWOag"]},{"@type":"Person","@id":"https:\/\/solidaires-etudiant-e-s.org\/site\/#\/schema\/person\/0efb3e0ff4e2f12b5a5abcd4352aa86c","name":"Solidaires \u00e9tudiant-e-s","image":{"@type":"ImageObject","inLanguage":"fr-FR","@id":"https:\/\/solidaires-etudiant-e-s.org\/site\/wp-content\/uploads\/2020\/01\/logo-SESL-rond-512-96x96.png","url":"https:\/\/solidaires-etudiant-e-s.org\/site\/wp-content\/uploads\/2020\/01\/logo-SESL-rond-512-96x96.png","contentUrl":"https:\/\/solidaires-etudiant-e-s.org\/site\/wp-content\/uploads\/2020\/01\/logo-SESL-rond-512-96x96.png","caption":"Solidaires \u00e9tudiant-e-s"},"sameAs":["https:\/\/solidaires-etudiant.org\/site","https:\/\/www.facebook.com\/solidairesetudiantes","https:\/\/www.instagram.com\/solidairesetu","https:\/\/x.com\/SolidairesEtu","https:\/\/fr.wikipedia.org\/wiki\/Solidaires_tudiant-e-s"]}]}},"_links":{"self":[{"href":"https:\/\/solidaires-etudiant-e-s.org\/site\/wp-json\/wp\/v2\/posts\/4053","targetHints":{"allow":["GET"]}}],"collection":[{"href":"https:\/\/solidaires-etudiant-e-s.org\/site\/wp-json\/wp\/v2\/posts"}],"about":[{"href":"https:\/\/solidaires-etudiant-e-s.org\/site\/wp-json\/wp\/v2\/types\/post"}],"author":[{"embeddable":true,"href":"https:\/\/solidaires-etudiant-e-s.org\/site\/wp-json\/wp\/v2\/users\/1"}],"replies":[{"embeddable":true,"href":"https:\/\/solidaires-etudiant-e-s.org\/site\/wp-json\/wp\/v2\/comments?post=4053"}],"version-history":[{"count":1,"href":"https:\/\/solidaires-etudiant-e-s.org\/site\/wp-json\/wp\/v2\/posts\/4053\/revisions"}],"predecessor-version":[{"id":7414,"href":"https:\/\/solidaires-etudiant-e-s.org\/site\/wp-json\/wp\/v2\/posts\/4053\/revisions\/7414"}],"wp:featuredmedia":[{"embeddable":true,"href":"https:\/\/solidaires-etudiant-e-s.org\/site\/wp-json\/wp\/v2\/media\/2168"}],"wp:attachment":[{"href":"https:\/\/solidaires-etudiant-e-s.org\/site\/wp-json\/wp\/v2\/media?parent=4053"}],"wp:term":[{"taxonomy":"category","embeddable":true,"href":"https:\/\/solidaires-etudiant-e-s.org\/site\/wp-json\/wp\/v2\/categories?post=4053"},{"taxonomy":"post_tag","embeddable":true,"href":"https:\/\/solidaires-etudiant-e-s.org\/site\/wp-json\/wp\/v2\/tags?post=4053"}],"curies":[{"name":"wp","href":"https:\/\/api.w.org\/{rel}","templated":true}]}}