{"id":3984,"date":"2017-12-03T16:00:42","date_gmt":"2017-12-03T15:00:42","guid":{"rendered":"http:\/\/www.solidaires-etudiant.org\/?p=3984"},"modified":"2017-12-03T16:00:42","modified_gmt":"2017-12-03T15:00:42","slug":"des-consequences-plus-que-floues-de-la-reforme-de-la-licence-pour-les-bourses","status":"publish","type":"post","link":"https:\/\/solidaires-etudiant-e-s.org\/site\/2017\/12\/03\/des-consequences-plus-que-floues-de-la-reforme-de-la-licence-pour-les-bourses\/","title":{"rendered":"Des cons\u00e9quences plus que floues de la r\u00e9forme de la licence pour les bourses !"},"content":{"rendered":"<p><strong>Vendredi 1er d\u00e9cembre 2017,<\/strong><br \/>\nDes cons\u00e9quences plus que floues de la r\u00e9forme de la licence pour les bourses\u00a0!<br \/>\n<strong>\u00a0<\/strong>Le 16 novembre dernier, lors d\u2019une rencontre avec les Vice-Pr\u00e9sident\u00b7e\u00b7s des CFVU (Commission de la Formation et de la Vie Universitaire) des universit\u00e9s, la Ministre charg\u00e9e de l&rsquo;Enseignement Sup\u00e9rieur, Fr\u00e9d\u00e9rique Vidal, en plus de signaler <a href=\"http:\/\/www.solidaires-etudiant.org\/blog\/2017\/11\/24\/fin-de-la-compensation-a-luniversite-la-ministre-prise-la-main-dans-le-sac\/\">la fin du syst\u00e8me de compensation<\/a>, a d\u00e9clar\u00e9 que le syst\u00e8me de bourse au niveau de la licence sera transform\u00e9 par rapport au syst\u00e8me actuel. Il ne sera plus li\u00e9 au statut d&rsquo;\u00e9tudiant\u00b7e mais au \u00ab\u00a0contrat p\u00e9dagogique\u00a0\u00bb pass\u00e9 entre l&rsquo;\u00e9tudiant\u00b7e et l&rsquo;\u00e9tablissement.<br \/>\nJusqu&rsquo;\u00e0 maintenant, les bourses \u00e9taient attribu\u00e9es sur crit\u00e8res sociaux (et non acad\u00e9miques)\u00a0: revenus des parents, distance entre lieu d\u2019\u00e9tudes et domicile parental, nombre d\u2019enfants scolaris\u00e9s \u00e0 charge. Ce syst\u00e8me de bourses s\u2019applique de la fa\u00e7on suivante\u00a0: 5 ann\u00e9es de bourses au maximum en licence, avec la possibilit\u00e9 d\u2019utiliser deux ann\u00e9es de bourses au maximum pour la m\u00eame ann\u00e9e (L1, L2 ou L3), donc aucun redoublement possible de L3 si L1 et L2 ont \u00e9t\u00e9 redoubl\u00e9es. En master, le syst\u00e8me fonctionne sur le m\u00eame principe\u00a0: 3 ann\u00e9es de bourses au maximum pour les 2 ann\u00e9es de master, dont 2 maximum par ann\u00e9e (M1 ou M2). Pour l\u2019ensemble du cycle (licence + master), les droits aux bourses sont en tout, non pas de 8 ans (5 + 3), mais de 7 ans maximum\u00a0: en ayant utilis\u00e9 5 ann\u00e9es de bourses, on ne pouvait revendiquer que 2 ans de bourses sur le cycle de master.<br \/>\nCependant, ce syst\u00e8me \u00e9tait mis \u00e0 mal ces derni\u00e8res ann\u00e9es par les politiques des CROUS qui traquent les \u00ab\u00a0fau\u00b7x\/sses \u00e9tudiant\u00b7e\u00b7s\u00a0\u00bb en demandant aux \u00e9tablissements de faire remonter les absences des \u00e9tudiant\u00b7e\u00b7s aux partiels, voire aux TD. Cette politique discrimine les \u00e9tudiant\u00b7e\u00b7s boursi\u00e8r\u00b7e\u00b7s qui doivent travailler ou qui peuvent \u00eatre absent\u00b7e\u00b7s pour d\u2019autres raisons (m\u00e9dicales par exemple). Cela est en fin de compte similaire \u00e0 la politique men\u00e9e pour toutes les prestations sociales\u00a0: un soup\u00e7on g\u00e9n\u00e9ralis\u00e9 \u00e0 l\u2019encontre des plus pauvres.<br \/>\nMais la ministre veut aller encore plus loin\u00a0: elle compte \u00ab\u00a0contractualiser\u00a0\u00bb le rapport entre l\u2019\u00e9tudiant\u00b7e et l\u2019universit\u00e9. Par cons\u00e9quent, tout ce qui est relatif aux absences, examens et validations d\u2019UE ne sera plus r\u00e9gl\u00e9 par les r\u00e8glements (arr\u00eat\u00e9\u00a0 minist\u00e9riel, r\u00e8glement des \u00e9tudes, r\u00e8glement des examens, etc.) mais par des contrats, th\u00e9oriquement diff\u00e9rents d\u2019un\u00b7e \u00e9tudiant\u00b7e \u00e0 l\u2019autre, et d\u2019une universit\u00e9 \u00e0 l\u2019autre\u00a0: cela causera in\u00e9vitablement de grandes in\u00e9galit\u00e9s. Pire encore, la ministre veut que les bourses soit \u00e9galement r\u00e9gies par ce contrat\u00a0!<br \/>\nLa f\u00e9d\u00e9ration Solidaires \u00e9tudiant\u00b7e\u00b7s s\u2019oppose fermement \u00e0 cette contractualisation et individualisation des parcours \u00e9tudiants. En effet, ce syst\u00e8me laisserait aux \u00e9tablissements et aux CROUS toute latitude pour imposer aux \u00e9tudiant\u00b7e\u00b7s les exigences les plus absurdes, comme le nombre d\u2019UE minimum \u00e0 valider ou l\u2019obligation de pr\u00e9sence \u00e0 toute une s\u00e9rie de cours. De plus, des questions demeurent en cas de r\u00e9orientation au sujet de la conservation du droit \u00e0 la bourse\u00a0: si l\u2019on change de \u00ab\u00a0contrat p\u00e9dagogique\u00a0\u00bb durant notre cursus, pourra-t-on toujours avoir droit \u00e0 des bourses\u00a0? \u00a0Rappelons qu\u2019avec la modularisation extr\u00eame que veut imposer le minist\u00e8re, une m\u00eame licence pourra durer de 2 \u00e0 4 ans selon le contrat p\u00e9dagogique sign\u00e9. Par cons\u00e9quent, on peut se demander ce que vaudra le droit actuel aux 5 ann\u00e9es de bourses\u00a0: on peut tr\u00e8s bien imaginer que sur une licence en 4 ans, un seul redoublement pourrait \u00eatre autoris\u00e9 sans perdre son droit aux bourses. La moindre UE rat\u00e9e pourrait \u00e9galement engendrer la perte des droits de bourses. Pire encore, sur un cycle licence + master qui pourra durer 6 ans (4 + 2), le droit actuel de 7 ann\u00e9es de bourses ne pourrait autoriser qu\u2019un seul \u00ab\u00a0plantage\u00a0\u00bb sur tout le cursus. Et ce, alors qu\u2019il n\u2019est pas certain que ce droit de 7 ann\u00e9es de bourses ne sera pas s\u00e9v\u00e8rement revu \u00e0 la baisse \u00e0 l\u2019occasion de cette r\u00e9forme\u00a0!<br \/>\n\u00c0 noter que notre f\u00e9d\u00e9ration ne dispose encore ni d\u2019\u00e9lu\u00b7e au Conseil National de l\u2019Enseignement Sup\u00e9rieur Et de la Recherche (CNESER), ni au conseil d\u2019administration du Conseil National des \u0152uvres Universitaires et Scolaires (CNOUS). Nous n\u2019avons pas non plus \u00e9t\u00e9 invit\u00e9\u00b7e\u00b7s aux concertations du minist\u00e8re, et nous n\u2019avons pas pu par cons\u00e9quent poser cette question lorsque nous avons appris le projet des licences de 2 \u00e0 4 ans. L\u2019UNEF n\u2019a pour l\u2019instant fait aucun commentaire \u00e0 ce sujet. Quant \u00e0 la FAGE, elle\u00a0 a qualifi\u00e9 de victoire le fait que l\u2019ann\u00e9e de c\u00e9sure n\u2019emp\u00eachait pas de conserver les bourses. Or, l\u2019ann\u00e9e de c\u00e9sure s\u2019inscrit sans mal dans le cadre du contrat p\u00e9dagogique voulu par la Ministre. Leurs \u00e9lu\u00b7e\u00b7s au CNESER et CNOUS auraient pu poser la question. Nous les engageons \u00e0 le faire \u00e0 l\u2019avenir.<br \/>\nContre le projet de loi Vidal et pour les droits des \u00e9tudiant\u00b7e\u00b7s, mobilisons-nous\u00a0!<br \/>\n&nbsp;<\/p>\n<p style=\"text-align: center;\"><em>\u00a0<\/em><strong><em>Solidaires \u00e9tudiant-e-s, syndicats de luttes<\/em><\/strong><\/p>\n<p style=\"text-align: center;\">Porte-parolat : <em>06.86.80.24.45<\/em><\/p>\n<p style=\"text-align: center;\"><em>https:\/\/solidaires-etudiant.org\/site\/<\/em><\/p>\n<p style=\"text-align: center;\"><a href=\"mailto:contact@solidaires-etudiant-e-s.org\"><em>contact@solidaires-etudiant-e-s.org<\/em><\/a><\/p>\n","protected":false},"excerpt":{"rendered":"<p>Vendredi 1er d\u00e9cembre 2017, Des cons\u00e9quences plus que floues de la r\u00e9forme [&hellip;]<\/p>\n","protected":false},"author":1,"featured_media":3989,"comment_status":"closed","ping_status":"closed","sticky":false,"template":"","format":"standard","meta":{"cybocfi_hide_featured_image":"","footnotes":""},"categories":[10,15,18,35],"tags":[226,432,951,1049,1163],"class_list":["post-3984","post","type-post","status-publish","format-standard","has-post-thumbnail","hentry","category-communiques","category-droits-etudiants","category-esr","category-sante-social","tag-bourses","tag-droits-etudiants-2","tag-reforme","tag-slider","tag-vidal","col-md-4 col-sm-4"],"featured_image_src":"https:\/\/solidaires-etudiant-e-s.org\/site\/wp-content\/uploads\/2017\/12\/Photo0612.jpg","author_info":{"display_name":"Solidaires \u00e9tudiant-e-s","author_link":false},"yoast_head":"<!-- This site is optimized with the Yoast SEO plugin v27.5 - https:\/\/yoast.com\/product\/yoast-seo-wordpress\/ -->\n<title>Des cons\u00e9quences plus que floues de la r\u00e9forme de la licence pour les bourses ! - Solidaires \u00e9tudiant-e-s<\/title>\n<meta name=\"robots\" content=\"index, follow, max-snippet:-1, max-image-preview:large, max-video-preview:-1\" \/>\n<link rel=\"canonical\" href=\"https:\/\/solidaires-etudiant-e-s.org\/site\/2017\/12\/03\/des-consequences-plus-que-floues-de-la-reforme-de-la-licence-pour-les-bourses\/\" \/>\n<meta property=\"og:locale\" content=\"fr_FR\" \/>\n<meta property=\"og:type\" content=\"article\" \/>\n<meta property=\"og:title\" content=\"Des cons\u00e9quences plus que floues de la r\u00e9forme de la licence pour les bourses ! - Solidaires \u00e9tudiant-e-s\" \/>\n<meta property=\"og:description\" content=\"Vendredi 1er d\u00e9cembre 2017, Des cons\u00e9quences plus que floues de la r\u00e9forme [&hellip;]\" \/>\n<meta property=\"og:url\" content=\"https:\/\/solidaires-etudiant-e-s.org\/site\/2017\/12\/03\/des-consequences-plus-que-floues-de-la-reforme-de-la-licence-pour-les-bourses\/\" \/>\n<meta property=\"og:site_name\" content=\"Solidaires \u00e9tudiant-e-s\" \/>\n<meta property=\"article:publisher\" content=\"https:\/\/www.facebook.com\/solidairesetudiantes\" \/>\n<meta property=\"article:author\" content=\"https:\/\/www.facebook.com\/solidairesetudiantes\" \/>\n<meta property=\"article:published_time\" content=\"2017-12-03T15:00:42+00:00\" \/>\n<meta property=\"og:image\" content=\"https:\/\/solidaires-etudiant-e-s.org\/site\/wp-content\/uploads\/2017\/12\/Photo0612.jpg\" \/>\n\t<meta property=\"og:image:width\" content=\"1600\" \/>\n\t<meta property=\"og:image:height\" content=\"1200\" \/>\n\t<meta property=\"og:image:type\" content=\"image\/jpeg\" \/>\n<meta name=\"author\" content=\"Solidaires \u00e9tudiant-e-s\" \/>\n<meta name=\"twitter:card\" content=\"summary_large_image\" \/>\n<meta name=\"twitter:creator\" content=\"@SolidairesEtu\" \/>\n<meta name=\"twitter:site\" content=\"@SolidairesEtu\" \/>\n<meta name=\"twitter:label1\" content=\"\u00c9crit par\" \/>\n\t<meta name=\"twitter:data1\" content=\"Solidaires \u00e9tudiant-e-s\" \/>\n\t<meta name=\"twitter:label2\" content=\"Dur\u00e9e de lecture estim\u00e9e\" \/>\n\t<meta name=\"twitter:data2\" content=\"5 minutes\" \/>\n<script type=\"application\/ld+json\" class=\"yoast-schema-graph\">{\"@context\":\"https:\\\/\\\/schema.org\",\"@graph\":[{\"@type\":\"Article\",\"@id\":\"https:\\\/\\\/solidaires-etudiant-e-s.org\\\/site\\\/2017\\\/12\\\/03\\\/des-consequences-plus-que-floues-de-la-reforme-de-la-licence-pour-les-bourses\\\/#article\",\"isPartOf\":{\"@id\":\"https:\\\/\\\/solidaires-etudiant-e-s.org\\\/site\\\/2017\\\/12\\\/03\\\/des-consequences-plus-que-floues-de-la-reforme-de-la-licence-pour-les-bourses\\\/\"},\"author\":{\"name\":\"Solidaires \u00e9tudiant-e-s\",\"@id\":\"https:\\\/\\\/solidaires-etudiant-e-s.org\\\/site\\\/#\\\/schema\\\/person\\\/0efb3e0ff4e2f12b5a5abcd4352aa86c\"},\"headline\":\"Des cons\u00e9quences plus que floues de la r\u00e9forme de la licence pour les bourses !\",\"datePublished\":\"2017-12-03T15:00:42+00:00\",\"mainEntityOfPage\":{\"@id\":\"https:\\\/\\\/solidaires-etudiant-e-s.org\\\/site\\\/2017\\\/12\\\/03\\\/des-consequences-plus-que-floues-de-la-reforme-de-la-licence-pour-les-bourses\\\/\"},\"wordCount\":922,\"publisher\":{\"@id\":\"https:\\\/\\\/solidaires-etudiant-e-s.org\\\/site\\\/#organization\"},\"image\":{\"@id\":\"https:\\\/\\\/solidaires-etudiant-e-s.org\\\/site\\\/2017\\\/12\\\/03\\\/des-consequences-plus-que-floues-de-la-reforme-de-la-licence-pour-les-bourses\\\/#primaryimage\"},\"thumbnailUrl\":\"https:\\\/\\\/solidaires-etudiant-e-s.org\\\/site\\\/wp-content\\\/uploads\\\/2017\\\/12\\\/Photo0612.jpg\",\"keywords\":[\"bourses\",\"droits \u00e9tudiants\",\"r\u00e9forme\",\"slider\",\"vidal\"],\"articleSection\":[\"COMMUNIQUES NATIONAUX\",\"DROITS ETUDIANTS\",\"ENSEIGNEMENT SUPERIEUR\",\"SANTE SOCIAL\"],\"inLanguage\":\"fr-FR\"},{\"@type\":\"WebPage\",\"@id\":\"https:\\\/\\\/solidaires-etudiant-e-s.org\\\/site\\\/2017\\\/12\\\/03\\\/des-consequences-plus-que-floues-de-la-reforme-de-la-licence-pour-les-bourses\\\/\",\"url\":\"https:\\\/\\\/solidaires-etudiant-e-s.org\\\/site\\\/2017\\\/12\\\/03\\\/des-consequences-plus-que-floues-de-la-reforme-de-la-licence-pour-les-bourses\\\/\",\"name\":\"Des cons\u00e9quences plus que floues de la r\u00e9forme de la licence pour les bourses ! - Solidaires \u00e9tudiant-e-s\",\"isPartOf\":{\"@id\":\"https:\\\/\\\/solidaires-etudiant-e-s.org\\\/site\\\/#website\"},\"primaryImageOfPage\":{\"@id\":\"https:\\\/\\\/solidaires-etudiant-e-s.org\\\/site\\\/2017\\\/12\\\/03\\\/des-consequences-plus-que-floues-de-la-reforme-de-la-licence-pour-les-bourses\\\/#primaryimage\"},\"image\":{\"@id\":\"https:\\\/\\\/solidaires-etudiant-e-s.org\\\/site\\\/2017\\\/12\\\/03\\\/des-consequences-plus-que-floues-de-la-reforme-de-la-licence-pour-les-bourses\\\/#primaryimage\"},\"thumbnailUrl\":\"https:\\\/\\\/solidaires-etudiant-e-s.org\\\/site\\\/wp-content\\\/uploads\\\/2017\\\/12\\\/Photo0612.jpg\",\"datePublished\":\"2017-12-03T15:00:42+00:00\",\"breadcrumb\":{\"@id\":\"https:\\\/\\\/solidaires-etudiant-e-s.org\\\/site\\\/2017\\\/12\\\/03\\\/des-consequences-plus-que-floues-de-la-reforme-de-la-licence-pour-les-bourses\\\/#breadcrumb\"},\"inLanguage\":\"fr-FR\",\"potentialAction\":[{\"@type\":\"ReadAction\",\"target\":[\"https:\\\/\\\/solidaires-etudiant-e-s.org\\\/site\\\/2017\\\/12\\\/03\\\/des-consequences-plus-que-floues-de-la-reforme-de-la-licence-pour-les-bourses\\\/\"]}]},{\"@type\":\"ImageObject\",\"inLanguage\":\"fr-FR\",\"@id\":\"https:\\\/\\\/solidaires-etudiant-e-s.org\\\/site\\\/2017\\\/12\\\/03\\\/des-consequences-plus-que-floues-de-la-reforme-de-la-licence-pour-les-bourses\\\/#primaryimage\",\"url\":\"https:\\\/\\\/solidaires-etudiant-e-s.org\\\/site\\\/wp-content\\\/uploads\\\/2017\\\/12\\\/Photo0612.jpg\",\"contentUrl\":\"https:\\\/\\\/solidaires-etudiant-e-s.org\\\/site\\\/wp-content\\\/uploads\\\/2017\\\/12\\\/Photo0612.jpg\",\"width\":1600,\"height\":1200},{\"@type\":\"BreadcrumbList\",\"@id\":\"https:\\\/\\\/solidaires-etudiant-e-s.org\\\/site\\\/2017\\\/12\\\/03\\\/des-consequences-plus-que-floues-de-la-reforme-de-la-licence-pour-les-bourses\\\/#breadcrumb\",\"itemListElement\":[{\"@type\":\"ListItem\",\"position\":1,\"name\":\"Accueil\",\"item\":\"https:\\\/\\\/solidaires-etudiant-e-s.org\\\/site\\\/\"},{\"@type\":\"ListItem\",\"position\":2,\"name\":\"Des cons\u00e9quences plus que floues de la r\u00e9forme de la licence pour les bourses !\"}]},{\"@type\":\"WebSite\",\"@id\":\"https:\\\/\\\/solidaires-etudiant-e-s.org\\\/site\\\/#website\",\"url\":\"https:\\\/\\\/solidaires-etudiant-e-s.org\\\/site\\\/\",\"name\":\"Solidaires \u00e9tudiant-e-s\",\"description\":\"Syndicats pour un enseignement sup\u00e9rieur gratuit, ouvert, et \u00e9mancipateur !\",\"publisher\":{\"@id\":\"https:\\\/\\\/solidaires-etudiant-e-s.org\\\/site\\\/#organization\"},\"potentialAction\":[{\"@type\":\"SearchAction\",\"target\":{\"@type\":\"EntryPoint\",\"urlTemplate\":\"https:\\\/\\\/solidaires-etudiant-e-s.org\\\/site\\\/?s={search_term_string}\"},\"query-input\":{\"@type\":\"PropertyValueSpecification\",\"valueRequired\":true,\"valueName\":\"search_term_string\"}}],\"inLanguage\":\"fr-FR\"},{\"@type\":\"Organization\",\"@id\":\"https:\\\/\\\/solidaires-etudiant-e-s.org\\\/site\\\/#organization\",\"name\":\"Solidaires \u00e9tudiant-e-s\",\"url\":\"https:\\\/\\\/solidaires-etudiant-e-s.org\\\/site\\\/\",\"logo\":{\"@type\":\"ImageObject\",\"inLanguage\":\"fr-FR\",\"@id\":\"https:\\\/\\\/solidaires-etudiant-e-s.org\\\/site\\\/#\\\/schema\\\/logo\\\/image\\\/\",\"url\":\"https:\\\/\\\/solidaires-etudiant-e-s.org\\\/site\\\/wp-content\\\/uploads\\\/2025\\\/12\\\/13-1.png\",\"contentUrl\":\"https:\\\/\\\/solidaires-etudiant-e-s.org\\\/site\\\/wp-content\\\/uploads\\\/2025\\\/12\\\/13-1.png\",\"width\":1181,\"height\":827,\"caption\":\"Solidaires \u00e9tudiant-e-s\"},\"image\":{\"@id\":\"https:\\\/\\\/solidaires-etudiant-e-s.org\\\/site\\\/#\\\/schema\\\/logo\\\/image\\\/\"},\"sameAs\":[\"https:\\\/\\\/www.facebook.com\\\/solidairesetudiantes\",\"https:\\\/\\\/x.com\\\/SolidairesEtu\",\"https:\\\/\\\/www.instagram.com\\\/solidairesetu\\\/\",\"https:\\\/\\\/bsky.app\\\/profile\\\/solidaires-etudiant-e-s.org\",\"https:\\\/\\\/mastodon.social\\\/@solidairesetu\",\"https:\\\/\\\/www.youtube.com\\\/channel\\\/UC_iZN9gmVAAnXbBM7wAWOag\"]},{\"@type\":\"Person\",\"@id\":\"https:\\\/\\\/solidaires-etudiant-e-s.org\\\/site\\\/#\\\/schema\\\/person\\\/0efb3e0ff4e2f12b5a5abcd4352aa86c\",\"name\":\"Solidaires \u00e9tudiant-e-s\",\"image\":{\"@type\":\"ImageObject\",\"inLanguage\":\"fr-FR\",\"@id\":\"https:\\\/\\\/solidaires-etudiant-e-s.org\\\/site\\\/wp-content\\\/uploads\\\/2020\\\/01\\\/logo-SESL-rond-512-96x96.png\",\"url\":\"https:\\\/\\\/solidaires-etudiant-e-s.org\\\/site\\\/wp-content\\\/uploads\\\/2020\\\/01\\\/logo-SESL-rond-512-96x96.png\",\"contentUrl\":\"https:\\\/\\\/solidaires-etudiant-e-s.org\\\/site\\\/wp-content\\\/uploads\\\/2020\\\/01\\\/logo-SESL-rond-512-96x96.png\",\"caption\":\"Solidaires \u00e9tudiant-e-s\"},\"sameAs\":[\"https:\\\/\\\/solidaires-etudiant.org\\\/site\",\"https:\\\/\\\/www.facebook.com\\\/solidairesetudiantes\",\"https:\\\/\\\/www.instagram.com\\\/solidairesetu\",\"https:\\\/\\\/x.com\\\/SolidairesEtu\",\"https:\\\/\\\/fr.wikipedia.org\\\/wiki\\\/Solidaires_tudiant-e-s\"]}]}<\/script>\n<!-- \/ Yoast SEO plugin. -->","yoast_head_json":{"title":"Des cons\u00e9quences plus que floues de la r\u00e9forme de la licence pour les bourses ! - Solidaires \u00e9tudiant-e-s","robots":{"index":"index","follow":"follow","max-snippet":"max-snippet:-1","max-image-preview":"max-image-preview:large","max-video-preview":"max-video-preview:-1"},"canonical":"https:\/\/solidaires-etudiant-e-s.org\/site\/2017\/12\/03\/des-consequences-plus-que-floues-de-la-reforme-de-la-licence-pour-les-bourses\/","og_locale":"fr_FR","og_type":"article","og_title":"Des cons\u00e9quences plus que floues de la r\u00e9forme de la licence pour les bourses ! - Solidaires \u00e9tudiant-e-s","og_description":"Vendredi 1er d\u00e9cembre 2017, Des cons\u00e9quences plus que floues de la r\u00e9forme [&hellip;]","og_url":"https:\/\/solidaires-etudiant-e-s.org\/site\/2017\/12\/03\/des-consequences-plus-que-floues-de-la-reforme-de-la-licence-pour-les-bourses\/","og_site_name":"Solidaires \u00e9tudiant-e-s","article_publisher":"https:\/\/www.facebook.com\/solidairesetudiantes","article_author":"https:\/\/www.facebook.com\/solidairesetudiantes","article_published_time":"2017-12-03T15:00:42+00:00","og_image":[{"width":1600,"height":1200,"url":"https:\/\/solidaires-etudiant-e-s.org\/site\/wp-content\/uploads\/2017\/12\/Photo0612.jpg","type":"image\/jpeg"}],"author":"Solidaires \u00e9tudiant-e-s","twitter_card":"summary_large_image","twitter_creator":"@SolidairesEtu","twitter_site":"@SolidairesEtu","twitter_misc":{"\u00c9crit par":"Solidaires \u00e9tudiant-e-s","Dur\u00e9e de lecture estim\u00e9e":"5 minutes"},"schema":{"@context":"https:\/\/schema.org","@graph":[{"@type":"Article","@id":"https:\/\/solidaires-etudiant-e-s.org\/site\/2017\/12\/03\/des-consequences-plus-que-floues-de-la-reforme-de-la-licence-pour-les-bourses\/#article","isPartOf":{"@id":"https:\/\/solidaires-etudiant-e-s.org\/site\/2017\/12\/03\/des-consequences-plus-que-floues-de-la-reforme-de-la-licence-pour-les-bourses\/"},"author":{"name":"Solidaires \u00e9tudiant-e-s","@id":"https:\/\/solidaires-etudiant-e-s.org\/site\/#\/schema\/person\/0efb3e0ff4e2f12b5a5abcd4352aa86c"},"headline":"Des cons\u00e9quences plus que floues de la r\u00e9forme de la licence pour les bourses !","datePublished":"2017-12-03T15:00:42+00:00","mainEntityOfPage":{"@id":"https:\/\/solidaires-etudiant-e-s.org\/site\/2017\/12\/03\/des-consequences-plus-que-floues-de-la-reforme-de-la-licence-pour-les-bourses\/"},"wordCount":922,"publisher":{"@id":"https:\/\/solidaires-etudiant-e-s.org\/site\/#organization"},"image":{"@id":"https:\/\/solidaires-etudiant-e-s.org\/site\/2017\/12\/03\/des-consequences-plus-que-floues-de-la-reforme-de-la-licence-pour-les-bourses\/#primaryimage"},"thumbnailUrl":"https:\/\/solidaires-etudiant-e-s.org\/site\/wp-content\/uploads\/2017\/12\/Photo0612.jpg","keywords":["bourses","droits \u00e9tudiants","r\u00e9forme","slider","vidal"],"articleSection":["COMMUNIQUES NATIONAUX","DROITS ETUDIANTS","ENSEIGNEMENT SUPERIEUR","SANTE SOCIAL"],"inLanguage":"fr-FR"},{"@type":"WebPage","@id":"https:\/\/solidaires-etudiant-e-s.org\/site\/2017\/12\/03\/des-consequences-plus-que-floues-de-la-reforme-de-la-licence-pour-les-bourses\/","url":"https:\/\/solidaires-etudiant-e-s.org\/site\/2017\/12\/03\/des-consequences-plus-que-floues-de-la-reforme-de-la-licence-pour-les-bourses\/","name":"Des cons\u00e9quences plus que floues de la r\u00e9forme de la licence pour les bourses ! - Solidaires \u00e9tudiant-e-s","isPartOf":{"@id":"https:\/\/solidaires-etudiant-e-s.org\/site\/#website"},"primaryImageOfPage":{"@id":"https:\/\/solidaires-etudiant-e-s.org\/site\/2017\/12\/03\/des-consequences-plus-que-floues-de-la-reforme-de-la-licence-pour-les-bourses\/#primaryimage"},"image":{"@id":"https:\/\/solidaires-etudiant-e-s.org\/site\/2017\/12\/03\/des-consequences-plus-que-floues-de-la-reforme-de-la-licence-pour-les-bourses\/#primaryimage"},"thumbnailUrl":"https:\/\/solidaires-etudiant-e-s.org\/site\/wp-content\/uploads\/2017\/12\/Photo0612.jpg","datePublished":"2017-12-03T15:00:42+00:00","breadcrumb":{"@id":"https:\/\/solidaires-etudiant-e-s.org\/site\/2017\/12\/03\/des-consequences-plus-que-floues-de-la-reforme-de-la-licence-pour-les-bourses\/#breadcrumb"},"inLanguage":"fr-FR","potentialAction":[{"@type":"ReadAction","target":["https:\/\/solidaires-etudiant-e-s.org\/site\/2017\/12\/03\/des-consequences-plus-que-floues-de-la-reforme-de-la-licence-pour-les-bourses\/"]}]},{"@type":"ImageObject","inLanguage":"fr-FR","@id":"https:\/\/solidaires-etudiant-e-s.org\/site\/2017\/12\/03\/des-consequences-plus-que-floues-de-la-reforme-de-la-licence-pour-les-bourses\/#primaryimage","url":"https:\/\/solidaires-etudiant-e-s.org\/site\/wp-content\/uploads\/2017\/12\/Photo0612.jpg","contentUrl":"https:\/\/solidaires-etudiant-e-s.org\/site\/wp-content\/uploads\/2017\/12\/Photo0612.jpg","width":1600,"height":1200},{"@type":"BreadcrumbList","@id":"https:\/\/solidaires-etudiant-e-s.org\/site\/2017\/12\/03\/des-consequences-plus-que-floues-de-la-reforme-de-la-licence-pour-les-bourses\/#breadcrumb","itemListElement":[{"@type":"ListItem","position":1,"name":"Accueil","item":"https:\/\/solidaires-etudiant-e-s.org\/site\/"},{"@type":"ListItem","position":2,"name":"Des cons\u00e9quences plus que floues de la r\u00e9forme de la licence pour les bourses !"}]},{"@type":"WebSite","@id":"https:\/\/solidaires-etudiant-e-s.org\/site\/#website","url":"https:\/\/solidaires-etudiant-e-s.org\/site\/","name":"Solidaires \u00e9tudiant-e-s","description":"Syndicats pour un enseignement sup\u00e9rieur gratuit, ouvert, et \u00e9mancipateur !","publisher":{"@id":"https:\/\/solidaires-etudiant-e-s.org\/site\/#organization"},"potentialAction":[{"@type":"SearchAction","target":{"@type":"EntryPoint","urlTemplate":"https:\/\/solidaires-etudiant-e-s.org\/site\/?s={search_term_string}"},"query-input":{"@type":"PropertyValueSpecification","valueRequired":true,"valueName":"search_term_string"}}],"inLanguage":"fr-FR"},{"@type":"Organization","@id":"https:\/\/solidaires-etudiant-e-s.org\/site\/#organization","name":"Solidaires \u00e9tudiant-e-s","url":"https:\/\/solidaires-etudiant-e-s.org\/site\/","logo":{"@type":"ImageObject","inLanguage":"fr-FR","@id":"https:\/\/solidaires-etudiant-e-s.org\/site\/#\/schema\/logo\/image\/","url":"https:\/\/solidaires-etudiant-e-s.org\/site\/wp-content\/uploads\/2025\/12\/13-1.png","contentUrl":"https:\/\/solidaires-etudiant-e-s.org\/site\/wp-content\/uploads\/2025\/12\/13-1.png","width":1181,"height":827,"caption":"Solidaires \u00e9tudiant-e-s"},"image":{"@id":"https:\/\/solidaires-etudiant-e-s.org\/site\/#\/schema\/logo\/image\/"},"sameAs":["https:\/\/www.facebook.com\/solidairesetudiantes","https:\/\/x.com\/SolidairesEtu","https:\/\/www.instagram.com\/solidairesetu\/","https:\/\/bsky.app\/profile\/solidaires-etudiant-e-s.org","https:\/\/mastodon.social\/@solidairesetu","https:\/\/www.youtube.com\/channel\/UC_iZN9gmVAAnXbBM7wAWOag"]},{"@type":"Person","@id":"https:\/\/solidaires-etudiant-e-s.org\/site\/#\/schema\/person\/0efb3e0ff4e2f12b5a5abcd4352aa86c","name":"Solidaires \u00e9tudiant-e-s","image":{"@type":"ImageObject","inLanguage":"fr-FR","@id":"https:\/\/solidaires-etudiant-e-s.org\/site\/wp-content\/uploads\/2020\/01\/logo-SESL-rond-512-96x96.png","url":"https:\/\/solidaires-etudiant-e-s.org\/site\/wp-content\/uploads\/2020\/01\/logo-SESL-rond-512-96x96.png","contentUrl":"https:\/\/solidaires-etudiant-e-s.org\/site\/wp-content\/uploads\/2020\/01\/logo-SESL-rond-512-96x96.png","caption":"Solidaires \u00e9tudiant-e-s"},"sameAs":["https:\/\/solidaires-etudiant.org\/site","https:\/\/www.facebook.com\/solidairesetudiantes","https:\/\/www.instagram.com\/solidairesetu","https:\/\/x.com\/SolidairesEtu","https:\/\/fr.wikipedia.org\/wiki\/Solidaires_tudiant-e-s"]}]}},"_links":{"self":[{"href":"https:\/\/solidaires-etudiant-e-s.org\/site\/wp-json\/wp\/v2\/posts\/3984","targetHints":{"allow":["GET"]}}],"collection":[{"href":"https:\/\/solidaires-etudiant-e-s.org\/site\/wp-json\/wp\/v2\/posts"}],"about":[{"href":"https:\/\/solidaires-etudiant-e-s.org\/site\/wp-json\/wp\/v2\/types\/post"}],"author":[{"embeddable":true,"href":"https:\/\/solidaires-etudiant-e-s.org\/site\/wp-json\/wp\/v2\/users\/1"}],"replies":[{"embeddable":true,"href":"https:\/\/solidaires-etudiant-e-s.org\/site\/wp-json\/wp\/v2\/comments?post=3984"}],"version-history":[{"count":0,"href":"https:\/\/solidaires-etudiant-e-s.org\/site\/wp-json\/wp\/v2\/posts\/3984\/revisions"}],"wp:featuredmedia":[{"embeddable":true,"href":"https:\/\/solidaires-etudiant-e-s.org\/site\/wp-json\/wp\/v2\/media\/3989"}],"wp:attachment":[{"href":"https:\/\/solidaires-etudiant-e-s.org\/site\/wp-json\/wp\/v2\/media?parent=3984"}],"wp:term":[{"taxonomy":"category","embeddable":true,"href":"https:\/\/solidaires-etudiant-e-s.org\/site\/wp-json\/wp\/v2\/categories?post=3984"},{"taxonomy":"post_tag","embeddable":true,"href":"https:\/\/solidaires-etudiant-e-s.org\/site\/wp-json\/wp\/v2\/tags?post=3984"}],"curies":[{"name":"wp","href":"https:\/\/api.w.org\/{rel}","templated":true}]}}