{"id":3595,"date":"2017-02-25T17:50:21","date_gmt":"2017-02-25T16:50:21","guid":{"rendered":"http:\/\/www.solidaires-etudiant.org\/?p=3595"},"modified":"2017-02-25T17:50:21","modified_gmt":"2017-02-25T16:50:21","slug":"communique-incendie-a-la-residence-condillac-linsalubrite-de-la-residence-en-cause-le-crous-est-responsable","status":"publish","type":"post","link":"https:\/\/solidaires-etudiant-e-s.org\/site\/2017\/02\/25\/communique-incendie-a-la-residence-condillac-linsalubrite-de-la-residence-en-cause-le-crous-est-responsable\/","title":{"rendered":"Communiqu\u00e9 : Incendie \u00e0 la r\u00e9sidence Condillac. L\u2019insalubrit\u00e9 de la r\u00e9sidence en cause : le CROUS est responsable !"},"content":{"rendered":"<h2 style=\"text-align: center;\"><span style=\"text-decoration: underline;\"><strong>Communiqu\u00e9 Solidaires Etudiant-e-s Grenoble<\/strong><\/span><\/h2>\n<h2><\/h2>\n<h2 style=\"text-align: center;\"><strong>\u00a0Incendie \u00e0 la r\u00e9sidence Condillac.<br \/>\nL\u2019insalubrit\u00e9 de la r\u00e9sidence en cause : le CROUS est responsable !<\/strong><\/h2>\n<h4 style=\"text-align: justify;\">Le vendredi 17 f\u00e9vrier 2017 dans la matin\u00e9e, un incendie se d\u00e9clare dans le bloc 3 de la r\u00e9sidence universitaire Condillac A (dit Condillac Vieux). Une aide m\u00e9dico-psychologique est mise en place pendant la ma\u00eetrise de l\u2019incendie dans l\u2019enceinte du b\u00e2timent de l\u2019Aquarium pour venir en aide aux victimes respiratoires ainsi qu\u2019aux r\u00e9sident.e.s en \u00e9tat de choc. Une partie des \u00e9tudiant.e.s sinistr\u00e9.e.s (une cinquantaine sur les 106 touch\u00e9.e.s) sont relog\u00e9.e.s \u00e0 la r\u00e9sidence universitaire du Rabot (Bastille) et du Village Olympique, d\u00e9pourvu.e.s de tous leurs effets personnels suite \u00e0 l\u2019\u00e9vacuation pr\u00e9cipit\u00e9e de leur logement.<\/h4>\n<h4 style=\"text-align: justify;\">Dans l&rsquo;apr\u00e8s-midi, une mobilisation \u00e9tudiante, syndicale et associative essaie leur venir en aide d\u2019urgence. Rapidement, Solidaires Etudiant.e.s et l&rsquo;UEC s\u2019organisent en appelant \u00e0 une collecte de v\u00eatements et en allant en chercher dans diff\u00e9rents lieux autog\u00e9r\u00e9s (<em>squat du Marais, du 106, \u2026) <\/em>qui nous fournissent gracieusement v\u00eatements et chaussures. Des \u00e9tudiant.e.s font preuve de solidarit\u00e9 en donnant de leurs propres affaires (v\u00eatements, nourriture\u2026) ou en achetant des produits d&rsquo;hygi\u00e8ne \u00e0 leurs frais. D\u2019autre part, la Croix Rouge est contact\u00e9e par les services du CROUS pour mettre \u00e0 disposition des relog\u00e9.e.s des kits d\u2019hygi\u00e8nes. Les v\u00eatements ainsi que les kits sont transport\u00e9s d\u00e8s 18h aux \u00e9tudiant.e.s sinistr\u00e9.e.s relog\u00e9.e.s dans la r\u00e9sidence \u00e9tudiante du Village Olympique.<\/h4>\n<h4 style=\"text-align: justify;\">Nous condamnons les pratiques de l\u2019UGA qui s\u2019approprie honteusement la mise en place de l\u2019aide d\u2019urgence \u00e0 la place des associations\u00a0dans son communiqu\u00e9\u00a0! Le vendredi, l\u2019aide de l\u2019UGA \u00e9tait nulle.<\/h4>\n<h4 style=\"text-align: justify;\">En fin d\u2019apr\u00e8s-midi le vendredi, le caract\u00e8re exceptionnel de la situation ne semble pas alarmer outre mesure les services du CROUS qui peinent \u00e0 orienter les \u00e9tudiant.e.s sinistr\u00e9.e.s, arrivant sur place apr\u00e8s leurs cours. La communication d\u00e9plorable du CROUS conduit ces dernier.e.s \u00e0 \u00eatre redirig\u00e9.e.s vers des accueils de r\u00e9sidence, celles-ci ne disposant d\u2019aucune consigne pr\u00e9cise pour les aider. Le manque \u00e9vident de moyens d\u00e9ploy\u00e9s par le CROUS a contraint Solidaires Etudiant.e.s, ainsi que plusieurs associations, \u00e0 devoir prendre en charge le travail qui aurait d\u00fb \u00eatre assur\u00e9 exceptionnellement par les services du CROUS eux-m\u00eames.<\/h4>\n<h4 style=\"text-align: justify;\">Le vendredi soir, le CROUS se contente d&rsquo;offrir une aide ponctuelle de 50\u20ac aux 35 relog\u00e9.e.s du Village Olympique et quitte les lieux .<\/h4>\n<h4 style=\"text-align: justify;\">Le lendemain, le bref passage d&rsquo;un membre de la direction du CROUS aura surtout pour but de d\u00e9douaner la responsabilit\u00e9 du CROUS dans l&rsquo;incendie. L\u2019absence d\u2019employ\u00e9.e.s du CROUS sur place (au Village Olympique et au Rabot) pour plus d&rsquo;une heure laisse les \u00e9tudiant.e.s relog\u00e9.e.s livr\u00e9.e.s \u00e0 eux et elles-m\u00eames. Pour pallier \u00e0 cette absence, le Droit au Logement, et des associations communautaires se mobilisent pour fournir des vivres aux \u00e9tudiant.e.s et les soutenir face \u00e0 leurs d\u00e9marches. Les initiatives individuelles se multiplient et les dons spontan\u00e9s de nourriture et de produits d\u2019hygi\u00e8ne permettent d\u2019aider temporairement les \u00e9tudiant.e.s.<\/h4>\n<h4 style=\"text-align: justify;\"><span style=\"text-decoration: line-through;\">J<\/span>usqu\u2019\u00e0 lundi matin 10h, les \u00e9tudiant.e.s sinistr\u00e9.e.s se voient priv\u00e9.e.s de suivi et d\u2019aide m\u00e9dico-psychologique, ce qui conduira l\u2019un.e d\u2019entre eux \u00e0 faire une tentative de suicide durant le week-end. Il semble que c&rsquo;est seulement apr\u00e8s cet \u00e9v\u00e9nement que les institutions ont trouv\u00e9 qu&rsquo;il \u00e9tait pertinent d&rsquo;agir (facilitation des d\u00e9marches avec la pr\u00e9fecture pour obtenir des papiers d&rsquo;identit\u00e9 apr\u00e8s qu&rsquo;ils aient br\u00fbl\u00e9s, am\u00e9nagement des cursus universitaires, transports gratuits&#8230;)<\/h4>\n<h4 style=\"text-align: justify;\">Durant la journ\u00e9e de mardi, le caract\u00e8re accidentel de l\u2019incendie de l\u2019aile 3 de la r\u00e9sidence est av\u00e9r\u00e9e par l&rsquo;enqu\u00eate polici\u00e8re. Nous pointons encore une fois l\u2019insalubrit\u00e9 des h\u00e9bergements propos\u00e9s par le CROUS aux \u00e9tudiant.e.s, notamment aux plus pr\u00e9caires qui ne peuvent payer le loyer des r\u00e9sidences r\u00e9nov\u00e9es. Tout.e \u00e9tudiant.e devrait avoir le droit \u00e0 un logement salubre, qui ne mette en danger ni la r\u00e9ussite de ses \u00e9tudes ni sa sant\u00e9 ! Cette ann\u00e9e nous avions d\u00e9j\u00e0 alert\u00e9 plusieurs fois le CROUS sur l\u2019insalubrit\u00e9 de la r\u00e9sidence Condillac et avons r\u00e9alis\u00e9 plusieurs portes-\u00e0-portes \u00e0 l\u2019int\u00e9rieur pour s\u2019informer de l\u2019\u00e9tat des \u00e9tudiant.e.s log\u00e9.e.s\u00a0!<\/h4>\n<h4 style=\"text-align: justify;\">3 semaines avant l\u2019incendie, les services du CROUS nous confirmaient une r\u00e9novation des logements de Condillac Vieux pr\u00e9vue pour d\u00e9but 2019\u2026 Le retard \u00e9vident de cette d\u00e9cision, au vu des r\u00e9cents \u00e9v\u00e9nements, ne fait que confirmer l\u2019\u00e9tat d\u00e9plorable du b\u00e2timent\u00a0!<\/h4>\n<h4 style=\"text-align: justify;\"><\/h4>\n<h4 style=\"text-align: justify;\">Nous exigeons donc que le CROUS prenne enfin ses responsabilit\u00e9s et engage urgemment une r\u00e9novation de l\u2019ensemble des r\u00e9sidences v\u00e9tustes sans augmentation de loyer. Qu&rsquo;elles soient d\u00e9truites dans 1 mois ou dans 3 ans, rien ne justifie d&rsquo;offrir aux \u00e9tudiant.e.s des logements insalubres et potentiellement dangereux pour leur int\u00e9grit\u00e9 physique.<\/h4>\n<h4 style=\"text-align: justify;\">Par la baisse constante des moyens affect\u00e9s au CROUS, le gouvernement se trouve responsable de la situation d\u00e9l\u00e9t\u00e8re dans laquelle se trouve les CROUS. De l\u2019argent doit \u00eatre r\u00e9affect\u00e9 d\u00e8s a pr\u00e9sent et massivement dans ce service public primordial pour les \u00e9tudiant.e.s.<\/h4>\n<h4 style=\"text-align: justify;\">Le CROUS et ses repr\u00e9sentant.e.s locaux comme nationaux sont responsables de la totalit\u00e9 des d\u00e9g\u00e2ts mat\u00e9riels et humains occasionn\u00e9s par l\u2019accident. Ils sont aussi coupables par leur irresponsabilit\u00e9 et leur absence totale de professionnalisme de la mise en danger des r\u00e9sident.e.s qui n\u2019ont pas \u00e9t\u00e9 correctement pris en charge psychologiquement et dont un \u00e0 tenter de se suicider\u00a0!<\/h4>\n<h4 style=\"text-align: justify;\">Nous attendons d\u00e9sormais des mesures fortes pour sortir par le haut de cet \u00e9v\u00e9nement douloureux.<\/h4>\n<h3><strong>Nous revendiquons donc pour les \u00e9tudiant.e.s sinistr\u00e9.e.s par l&rsquo;incendie\u00a0:<\/strong><\/h3>\n<ul>\n<li><strong>\u00a0la gratuit\u00e9 ou le remboursement du loyer de f\u00e9vrier<\/strong> <strong>&#8211; l&rsquo;absence d&rsquo;augmentation du loyer dans leurs nouvelles r\u00e9sidences<\/strong><\/li>\n<li><strong>la reconnaissance publique du CROUS de leur responsabilit\u00e9 dans la pr\u00e9vention de l&rsquo;incendie et dans la gestion chaotique de l&rsquo;apr\u00e8s, permettant ainsi \u00e0 l&rsquo;assurance du CROUS de prendre en charge le sinistre.<\/strong><\/li>\n<\/ul>\n<h3><strong>Et plus g\u00e9n\u00e9ralement : <\/strong><\/h3>\n<ul>\n<li><strong>\u00a0la r\u00e9novation imm\u00e9diate des cit\u00e9s Universitaires v\u00e9tustes sans augmentation de loyer<\/strong><\/li>\n<li><strong>en pr\u00e9vision du manque de logements \u00e0 150 euros par mois l&rsquo;ann\u00e9e prochaine, la mis en place d&rsquo;une baisse de loyers temporaire sur une r\u00e9sidence pour continuer \u00e0 accueillir les \u00e9tudiant-e-s pr\u00e9caires et \u00e9trangers.<\/strong><\/li>\n<\/ul>\n<h4>Une association loi 1901 des victimes se met en place pour faciliter l\u2019ensemble des d\u00e9marches juridiques \u00e0 venir. Nous sommes \u00e0 leur disposition pour s&rsquo;organiser ensemble et faciliter la d\u00e9fense de leurs droits.<\/h4>\n<h4><strong style=\"font-family: Georgia, 'Times New Roman', 'Bitstream Charter', Times, serif;\">Le principal est de ne pas rester isol\u00e9.e.s et de faire en sorte que cet accident ne se reproduise pas.<\/strong><\/h4>\n<p>&nbsp;<br \/>\n<a href=\"http:\/\/www.solidaires-etudiant.org\/wp-content\/uploads\/2017\/02\/Communiqu\u00e9.pdf\"><img loading=\"lazy\" decoding=\"async\" class=\"aligncenter wp-image-3509\" src=\"http:\/\/www.solidaires-etudiant.org\/wp-content\/uploads\/2016\/12\/adobe.png\" alt=\"adobe\" width=\"199\" height=\"199\" \/><\/a><\/p>\n","protected":false},"excerpt":{"rendered":"<p>Communiqu\u00e9 Solidaires Etudiant-e-s Grenoble \u00a0Incendie \u00e0 la r\u00e9sidence Condillac. L\u2019insalubrit\u00e9 de la [&hellip;]<\/p>\n","protected":false},"author":1,"featured_media":3597,"comment_status":"closed","ping_status":"closed","sticky":false,"template":"","format":"standard","meta":{"cybocfi_hide_featured_image":"","footnotes":""},"categories":[10,35],"tags":[308,374,1049,1050],"class_list":["post-3595","post","type-post","status-publish","format-standard","has-post-thumbnail","hentry","category-communiques","category-sante-social","tag-communiques-2","tag-crous","tag-slider","tag-slideshow","col-md-4 col-sm-4"],"featured_image_src":"https:\/\/solidaires-etudiant-e-s.org\/site\/wp-content\/uploads\/2017\/02\/C5hYdQFUYAAQaQy.jpg","author_info":{"display_name":"Solidaires \u00e9tudiant-e-s","author_link":false},"yoast_head":"<!-- This site is optimized with the Yoast SEO plugin v27.5 - https:\/\/yoast.com\/product\/yoast-seo-wordpress\/ -->\n<title>Communiqu\u00e9 : Incendie \u00e0 la r\u00e9sidence Condillac. L\u2019insalubrit\u00e9 de la r\u00e9sidence en cause : le CROUS est responsable ! - Solidaires \u00e9tudiant-e-s<\/title>\n<meta name=\"robots\" content=\"index, follow, max-snippet:-1, max-image-preview:large, max-video-preview:-1\" \/>\n<link rel=\"canonical\" href=\"https:\/\/solidaires-etudiant-e-s.org\/site\/2017\/02\/25\/communique-incendie-a-la-residence-condillac-linsalubrite-de-la-residence-en-cause-le-crous-est-responsable\/\" \/>\n<meta property=\"og:locale\" content=\"fr_FR\" \/>\n<meta property=\"og:type\" content=\"article\" \/>\n<meta property=\"og:title\" content=\"Communiqu\u00e9 : Incendie \u00e0 la r\u00e9sidence Condillac. L\u2019insalubrit\u00e9 de la r\u00e9sidence en cause : le CROUS est responsable ! - Solidaires \u00e9tudiant-e-s\" \/>\n<meta property=\"og:description\" content=\"Communiqu\u00e9 Solidaires Etudiant-e-s Grenoble \u00a0Incendie \u00e0 la r\u00e9sidence Condillac. L\u2019insalubrit\u00e9 de la [&hellip;]\" \/>\n<meta property=\"og:url\" content=\"https:\/\/solidaires-etudiant-e-s.org\/site\/2017\/02\/25\/communique-incendie-a-la-residence-condillac-linsalubrite-de-la-residence-en-cause-le-crous-est-responsable\/\" \/>\n<meta property=\"og:site_name\" content=\"Solidaires \u00e9tudiant-e-s\" \/>\n<meta property=\"article:publisher\" content=\"https:\/\/www.facebook.com\/solidairesetudiantes\" \/>\n<meta property=\"article:author\" content=\"https:\/\/www.facebook.com\/solidairesetudiantes\" \/>\n<meta property=\"article:published_time\" content=\"2017-02-25T16:50:21+00:00\" \/>\n<meta property=\"og:image\" content=\"https:\/\/solidaires-etudiant-e-s.org\/site\/wp-content\/uploads\/2017\/02\/C5hYdQFUYAAQaQy.jpg\" \/>\n\t<meta property=\"og:image:width\" content=\"640\" \/>\n\t<meta property=\"og:image:height\" content=\"480\" \/>\n\t<meta property=\"og:image:type\" content=\"image\/jpeg\" \/>\n<meta name=\"author\" content=\"Solidaires \u00e9tudiant-e-s\" \/>\n<meta name=\"twitter:card\" content=\"summary_large_image\" \/>\n<meta name=\"twitter:creator\" content=\"@SolidairesEtu\" \/>\n<meta name=\"twitter:site\" content=\"@SolidairesEtu\" \/>\n<meta name=\"twitter:label1\" content=\"\u00c9crit par\" \/>\n\t<meta name=\"twitter:data1\" content=\"Solidaires \u00e9tudiant-e-s\" \/>\n\t<meta name=\"twitter:label2\" content=\"Dur\u00e9e de lecture estim\u00e9e\" \/>\n\t<meta name=\"twitter:data2\" content=\"6 minutes\" \/>\n<script type=\"application\/ld+json\" class=\"yoast-schema-graph\">{\"@context\":\"https:\\\/\\\/schema.org\",\"@graph\":[{\"@type\":\"Article\",\"@id\":\"https:\\\/\\\/solidaires-etudiant-e-s.org\\\/site\\\/2017\\\/02\\\/25\\\/communique-incendie-a-la-residence-condillac-linsalubrite-de-la-residence-en-cause-le-crous-est-responsable\\\/#article\",\"isPartOf\":{\"@id\":\"https:\\\/\\\/solidaires-etudiant-e-s.org\\\/site\\\/2017\\\/02\\\/25\\\/communique-incendie-a-la-residence-condillac-linsalubrite-de-la-residence-en-cause-le-crous-est-responsable\\\/\"},\"author\":{\"name\":\"Solidaires \u00e9tudiant-e-s\",\"@id\":\"https:\\\/\\\/solidaires-etudiant-e-s.org\\\/site\\\/#\\\/schema\\\/person\\\/0efb3e0ff4e2f12b5a5abcd4352aa86c\"},\"headline\":\"Communiqu\u00e9 : Incendie \u00e0 la r\u00e9sidence Condillac. L\u2019insalubrit\u00e9 de la r\u00e9sidence en cause : le CROUS est responsable !\",\"datePublished\":\"2017-02-25T16:50:21+00:00\",\"mainEntityOfPage\":{\"@id\":\"https:\\\/\\\/solidaires-etudiant-e-s.org\\\/site\\\/2017\\\/02\\\/25\\\/communique-incendie-a-la-residence-condillac-linsalubrite-de-la-residence-en-cause-le-crous-est-responsable\\\/\"},\"wordCount\":1246,\"publisher\":{\"@id\":\"https:\\\/\\\/solidaires-etudiant-e-s.org\\\/site\\\/#organization\"},\"image\":{\"@id\":\"https:\\\/\\\/solidaires-etudiant-e-s.org\\\/site\\\/2017\\\/02\\\/25\\\/communique-incendie-a-la-residence-condillac-linsalubrite-de-la-residence-en-cause-le-crous-est-responsable\\\/#primaryimage\"},\"thumbnailUrl\":\"https:\\\/\\\/solidaires-etudiant-e-s.org\\\/site\\\/wp-content\\\/uploads\\\/2017\\\/02\\\/C5hYdQFUYAAQaQy.jpg\",\"keywords\":[\"communiqu\u00e9s\",\"crous\",\"slider\",\"slideshow\"],\"articleSection\":[\"COMMUNIQUES NATIONAUX\",\"SANTE SOCIAL\"],\"inLanguage\":\"fr-FR\"},{\"@type\":\"WebPage\",\"@id\":\"https:\\\/\\\/solidaires-etudiant-e-s.org\\\/site\\\/2017\\\/02\\\/25\\\/communique-incendie-a-la-residence-condillac-linsalubrite-de-la-residence-en-cause-le-crous-est-responsable\\\/\",\"url\":\"https:\\\/\\\/solidaires-etudiant-e-s.org\\\/site\\\/2017\\\/02\\\/25\\\/communique-incendie-a-la-residence-condillac-linsalubrite-de-la-residence-en-cause-le-crous-est-responsable\\\/\",\"name\":\"Communiqu\u00e9 : Incendie \u00e0 la r\u00e9sidence Condillac. L\u2019insalubrit\u00e9 de la r\u00e9sidence en cause : le CROUS est responsable ! - Solidaires \u00e9tudiant-e-s\",\"isPartOf\":{\"@id\":\"https:\\\/\\\/solidaires-etudiant-e-s.org\\\/site\\\/#website\"},\"primaryImageOfPage\":{\"@id\":\"https:\\\/\\\/solidaires-etudiant-e-s.org\\\/site\\\/2017\\\/02\\\/25\\\/communique-incendie-a-la-residence-condillac-linsalubrite-de-la-residence-en-cause-le-crous-est-responsable\\\/#primaryimage\"},\"image\":{\"@id\":\"https:\\\/\\\/solidaires-etudiant-e-s.org\\\/site\\\/2017\\\/02\\\/25\\\/communique-incendie-a-la-residence-condillac-linsalubrite-de-la-residence-en-cause-le-crous-est-responsable\\\/#primaryimage\"},\"thumbnailUrl\":\"https:\\\/\\\/solidaires-etudiant-e-s.org\\\/site\\\/wp-content\\\/uploads\\\/2017\\\/02\\\/C5hYdQFUYAAQaQy.jpg\",\"datePublished\":\"2017-02-25T16:50:21+00:00\",\"breadcrumb\":{\"@id\":\"https:\\\/\\\/solidaires-etudiant-e-s.org\\\/site\\\/2017\\\/02\\\/25\\\/communique-incendie-a-la-residence-condillac-linsalubrite-de-la-residence-en-cause-le-crous-est-responsable\\\/#breadcrumb\"},\"inLanguage\":\"fr-FR\",\"potentialAction\":[{\"@type\":\"ReadAction\",\"target\":[\"https:\\\/\\\/solidaires-etudiant-e-s.org\\\/site\\\/2017\\\/02\\\/25\\\/communique-incendie-a-la-residence-condillac-linsalubrite-de-la-residence-en-cause-le-crous-est-responsable\\\/\"]}]},{\"@type\":\"ImageObject\",\"inLanguage\":\"fr-FR\",\"@id\":\"https:\\\/\\\/solidaires-etudiant-e-s.org\\\/site\\\/2017\\\/02\\\/25\\\/communique-incendie-a-la-residence-condillac-linsalubrite-de-la-residence-en-cause-le-crous-est-responsable\\\/#primaryimage\",\"url\":\"https:\\\/\\\/solidaires-etudiant-e-s.org\\\/site\\\/wp-content\\\/uploads\\\/2017\\\/02\\\/C5hYdQFUYAAQaQy.jpg\",\"contentUrl\":\"https:\\\/\\\/solidaires-etudiant-e-s.org\\\/site\\\/wp-content\\\/uploads\\\/2017\\\/02\\\/C5hYdQFUYAAQaQy.jpg\",\"width\":640,\"height\":480},{\"@type\":\"BreadcrumbList\",\"@id\":\"https:\\\/\\\/solidaires-etudiant-e-s.org\\\/site\\\/2017\\\/02\\\/25\\\/communique-incendie-a-la-residence-condillac-linsalubrite-de-la-residence-en-cause-le-crous-est-responsable\\\/#breadcrumb\",\"itemListElement\":[{\"@type\":\"ListItem\",\"position\":1,\"name\":\"Accueil\",\"item\":\"https:\\\/\\\/solidaires-etudiant-e-s.org\\\/site\\\/\"},{\"@type\":\"ListItem\",\"position\":2,\"name\":\"Communiqu\u00e9 : Incendie \u00e0 la r\u00e9sidence Condillac. L\u2019insalubrit\u00e9 de la r\u00e9sidence en cause : le CROUS est responsable !\"}]},{\"@type\":\"WebSite\",\"@id\":\"https:\\\/\\\/solidaires-etudiant-e-s.org\\\/site\\\/#website\",\"url\":\"https:\\\/\\\/solidaires-etudiant-e-s.org\\\/site\\\/\",\"name\":\"Solidaires \u00e9tudiant-e-s\",\"description\":\"Syndicats pour un enseignement sup\u00e9rieur gratuit, ouvert, et \u00e9mancipateur !\",\"publisher\":{\"@id\":\"https:\\\/\\\/solidaires-etudiant-e-s.org\\\/site\\\/#organization\"},\"potentialAction\":[{\"@type\":\"SearchAction\",\"target\":{\"@type\":\"EntryPoint\",\"urlTemplate\":\"https:\\\/\\\/solidaires-etudiant-e-s.org\\\/site\\\/?s={search_term_string}\"},\"query-input\":{\"@type\":\"PropertyValueSpecification\",\"valueRequired\":true,\"valueName\":\"search_term_string\"}}],\"inLanguage\":\"fr-FR\"},{\"@type\":\"Organization\",\"@id\":\"https:\\\/\\\/solidaires-etudiant-e-s.org\\\/site\\\/#organization\",\"name\":\"Solidaires \u00e9tudiant-e-s\",\"url\":\"https:\\\/\\\/solidaires-etudiant-e-s.org\\\/site\\\/\",\"logo\":{\"@type\":\"ImageObject\",\"inLanguage\":\"fr-FR\",\"@id\":\"https:\\\/\\\/solidaires-etudiant-e-s.org\\\/site\\\/#\\\/schema\\\/logo\\\/image\\\/\",\"url\":\"https:\\\/\\\/solidaires-etudiant-e-s.org\\\/site\\\/wp-content\\\/uploads\\\/2025\\\/12\\\/13-1.png\",\"contentUrl\":\"https:\\\/\\\/solidaires-etudiant-e-s.org\\\/site\\\/wp-content\\\/uploads\\\/2025\\\/12\\\/13-1.png\",\"width\":1181,\"height\":827,\"caption\":\"Solidaires \u00e9tudiant-e-s\"},\"image\":{\"@id\":\"https:\\\/\\\/solidaires-etudiant-e-s.org\\\/site\\\/#\\\/schema\\\/logo\\\/image\\\/\"},\"sameAs\":[\"https:\\\/\\\/www.facebook.com\\\/solidairesetudiantes\",\"https:\\\/\\\/x.com\\\/SolidairesEtu\",\"https:\\\/\\\/www.instagram.com\\\/solidairesetu\\\/\",\"https:\\\/\\\/bsky.app\\\/profile\\\/solidaires-etudiant-e-s.org\",\"https:\\\/\\\/mastodon.social\\\/@solidairesetu\",\"https:\\\/\\\/www.youtube.com\\\/channel\\\/UC_iZN9gmVAAnXbBM7wAWOag\"]},{\"@type\":\"Person\",\"@id\":\"https:\\\/\\\/solidaires-etudiant-e-s.org\\\/site\\\/#\\\/schema\\\/person\\\/0efb3e0ff4e2f12b5a5abcd4352aa86c\",\"name\":\"Solidaires \u00e9tudiant-e-s\",\"image\":{\"@type\":\"ImageObject\",\"inLanguage\":\"fr-FR\",\"@id\":\"https:\\\/\\\/solidaires-etudiant-e-s.org\\\/site\\\/wp-content\\\/uploads\\\/2020\\\/01\\\/logo-SESL-rond-512-96x96.png\",\"url\":\"https:\\\/\\\/solidaires-etudiant-e-s.org\\\/site\\\/wp-content\\\/uploads\\\/2020\\\/01\\\/logo-SESL-rond-512-96x96.png\",\"contentUrl\":\"https:\\\/\\\/solidaires-etudiant-e-s.org\\\/site\\\/wp-content\\\/uploads\\\/2020\\\/01\\\/logo-SESL-rond-512-96x96.png\",\"caption\":\"Solidaires \u00e9tudiant-e-s\"},\"sameAs\":[\"https:\\\/\\\/solidaires-etudiant.org\\\/site\",\"https:\\\/\\\/www.facebook.com\\\/solidairesetudiantes\",\"https:\\\/\\\/www.instagram.com\\\/solidairesetu\",\"https:\\\/\\\/x.com\\\/SolidairesEtu\",\"https:\\\/\\\/fr.wikipedia.org\\\/wiki\\\/Solidaires_tudiant-e-s\"]}]}<\/script>\n<!-- \/ Yoast SEO plugin. -->","yoast_head_json":{"title":"Communiqu\u00e9 : Incendie \u00e0 la r\u00e9sidence Condillac. L\u2019insalubrit\u00e9 de la r\u00e9sidence en cause : le CROUS est responsable ! - Solidaires \u00e9tudiant-e-s","robots":{"index":"index","follow":"follow","max-snippet":"max-snippet:-1","max-image-preview":"max-image-preview:large","max-video-preview":"max-video-preview:-1"},"canonical":"https:\/\/solidaires-etudiant-e-s.org\/site\/2017\/02\/25\/communique-incendie-a-la-residence-condillac-linsalubrite-de-la-residence-en-cause-le-crous-est-responsable\/","og_locale":"fr_FR","og_type":"article","og_title":"Communiqu\u00e9 : Incendie \u00e0 la r\u00e9sidence Condillac. L\u2019insalubrit\u00e9 de la r\u00e9sidence en cause : le CROUS est responsable ! - Solidaires \u00e9tudiant-e-s","og_description":"Communiqu\u00e9 Solidaires Etudiant-e-s Grenoble \u00a0Incendie \u00e0 la r\u00e9sidence Condillac. L\u2019insalubrit\u00e9 de la [&hellip;]","og_url":"https:\/\/solidaires-etudiant-e-s.org\/site\/2017\/02\/25\/communique-incendie-a-la-residence-condillac-linsalubrite-de-la-residence-en-cause-le-crous-est-responsable\/","og_site_name":"Solidaires \u00e9tudiant-e-s","article_publisher":"https:\/\/www.facebook.com\/solidairesetudiantes","article_author":"https:\/\/www.facebook.com\/solidairesetudiantes","article_published_time":"2017-02-25T16:50:21+00:00","og_image":[{"width":640,"height":480,"url":"https:\/\/solidaires-etudiant-e-s.org\/site\/wp-content\/uploads\/2017\/02\/C5hYdQFUYAAQaQy.jpg","type":"image\/jpeg"}],"author":"Solidaires \u00e9tudiant-e-s","twitter_card":"summary_large_image","twitter_creator":"@SolidairesEtu","twitter_site":"@SolidairesEtu","twitter_misc":{"\u00c9crit par":"Solidaires \u00e9tudiant-e-s","Dur\u00e9e de lecture estim\u00e9e":"6 minutes"},"schema":{"@context":"https:\/\/schema.org","@graph":[{"@type":"Article","@id":"https:\/\/solidaires-etudiant-e-s.org\/site\/2017\/02\/25\/communique-incendie-a-la-residence-condillac-linsalubrite-de-la-residence-en-cause-le-crous-est-responsable\/#article","isPartOf":{"@id":"https:\/\/solidaires-etudiant-e-s.org\/site\/2017\/02\/25\/communique-incendie-a-la-residence-condillac-linsalubrite-de-la-residence-en-cause-le-crous-est-responsable\/"},"author":{"name":"Solidaires \u00e9tudiant-e-s","@id":"https:\/\/solidaires-etudiant-e-s.org\/site\/#\/schema\/person\/0efb3e0ff4e2f12b5a5abcd4352aa86c"},"headline":"Communiqu\u00e9 : Incendie \u00e0 la r\u00e9sidence Condillac. L\u2019insalubrit\u00e9 de la r\u00e9sidence en cause : le CROUS est responsable !","datePublished":"2017-02-25T16:50:21+00:00","mainEntityOfPage":{"@id":"https:\/\/solidaires-etudiant-e-s.org\/site\/2017\/02\/25\/communique-incendie-a-la-residence-condillac-linsalubrite-de-la-residence-en-cause-le-crous-est-responsable\/"},"wordCount":1246,"publisher":{"@id":"https:\/\/solidaires-etudiant-e-s.org\/site\/#organization"},"image":{"@id":"https:\/\/solidaires-etudiant-e-s.org\/site\/2017\/02\/25\/communique-incendie-a-la-residence-condillac-linsalubrite-de-la-residence-en-cause-le-crous-est-responsable\/#primaryimage"},"thumbnailUrl":"https:\/\/solidaires-etudiant-e-s.org\/site\/wp-content\/uploads\/2017\/02\/C5hYdQFUYAAQaQy.jpg","keywords":["communiqu\u00e9s","crous","slider","slideshow"],"articleSection":["COMMUNIQUES NATIONAUX","SANTE SOCIAL"],"inLanguage":"fr-FR"},{"@type":"WebPage","@id":"https:\/\/solidaires-etudiant-e-s.org\/site\/2017\/02\/25\/communique-incendie-a-la-residence-condillac-linsalubrite-de-la-residence-en-cause-le-crous-est-responsable\/","url":"https:\/\/solidaires-etudiant-e-s.org\/site\/2017\/02\/25\/communique-incendie-a-la-residence-condillac-linsalubrite-de-la-residence-en-cause-le-crous-est-responsable\/","name":"Communiqu\u00e9 : Incendie \u00e0 la r\u00e9sidence Condillac. L\u2019insalubrit\u00e9 de la r\u00e9sidence en cause : le CROUS est responsable ! - Solidaires \u00e9tudiant-e-s","isPartOf":{"@id":"https:\/\/solidaires-etudiant-e-s.org\/site\/#website"},"primaryImageOfPage":{"@id":"https:\/\/solidaires-etudiant-e-s.org\/site\/2017\/02\/25\/communique-incendie-a-la-residence-condillac-linsalubrite-de-la-residence-en-cause-le-crous-est-responsable\/#primaryimage"},"image":{"@id":"https:\/\/solidaires-etudiant-e-s.org\/site\/2017\/02\/25\/communique-incendie-a-la-residence-condillac-linsalubrite-de-la-residence-en-cause-le-crous-est-responsable\/#primaryimage"},"thumbnailUrl":"https:\/\/solidaires-etudiant-e-s.org\/site\/wp-content\/uploads\/2017\/02\/C5hYdQFUYAAQaQy.jpg","datePublished":"2017-02-25T16:50:21+00:00","breadcrumb":{"@id":"https:\/\/solidaires-etudiant-e-s.org\/site\/2017\/02\/25\/communique-incendie-a-la-residence-condillac-linsalubrite-de-la-residence-en-cause-le-crous-est-responsable\/#breadcrumb"},"inLanguage":"fr-FR","potentialAction":[{"@type":"ReadAction","target":["https:\/\/solidaires-etudiant-e-s.org\/site\/2017\/02\/25\/communique-incendie-a-la-residence-condillac-linsalubrite-de-la-residence-en-cause-le-crous-est-responsable\/"]}]},{"@type":"ImageObject","inLanguage":"fr-FR","@id":"https:\/\/solidaires-etudiant-e-s.org\/site\/2017\/02\/25\/communique-incendie-a-la-residence-condillac-linsalubrite-de-la-residence-en-cause-le-crous-est-responsable\/#primaryimage","url":"https:\/\/solidaires-etudiant-e-s.org\/site\/wp-content\/uploads\/2017\/02\/C5hYdQFUYAAQaQy.jpg","contentUrl":"https:\/\/solidaires-etudiant-e-s.org\/site\/wp-content\/uploads\/2017\/02\/C5hYdQFUYAAQaQy.jpg","width":640,"height":480},{"@type":"BreadcrumbList","@id":"https:\/\/solidaires-etudiant-e-s.org\/site\/2017\/02\/25\/communique-incendie-a-la-residence-condillac-linsalubrite-de-la-residence-en-cause-le-crous-est-responsable\/#breadcrumb","itemListElement":[{"@type":"ListItem","position":1,"name":"Accueil","item":"https:\/\/solidaires-etudiant-e-s.org\/site\/"},{"@type":"ListItem","position":2,"name":"Communiqu\u00e9 : Incendie \u00e0 la r\u00e9sidence Condillac. L\u2019insalubrit\u00e9 de la r\u00e9sidence en cause : le CROUS est responsable !"}]},{"@type":"WebSite","@id":"https:\/\/solidaires-etudiant-e-s.org\/site\/#website","url":"https:\/\/solidaires-etudiant-e-s.org\/site\/","name":"Solidaires \u00e9tudiant-e-s","description":"Syndicats pour un enseignement sup\u00e9rieur gratuit, ouvert, et \u00e9mancipateur !","publisher":{"@id":"https:\/\/solidaires-etudiant-e-s.org\/site\/#organization"},"potentialAction":[{"@type":"SearchAction","target":{"@type":"EntryPoint","urlTemplate":"https:\/\/solidaires-etudiant-e-s.org\/site\/?s={search_term_string}"},"query-input":{"@type":"PropertyValueSpecification","valueRequired":true,"valueName":"search_term_string"}}],"inLanguage":"fr-FR"},{"@type":"Organization","@id":"https:\/\/solidaires-etudiant-e-s.org\/site\/#organization","name":"Solidaires \u00e9tudiant-e-s","url":"https:\/\/solidaires-etudiant-e-s.org\/site\/","logo":{"@type":"ImageObject","inLanguage":"fr-FR","@id":"https:\/\/solidaires-etudiant-e-s.org\/site\/#\/schema\/logo\/image\/","url":"https:\/\/solidaires-etudiant-e-s.org\/site\/wp-content\/uploads\/2025\/12\/13-1.png","contentUrl":"https:\/\/solidaires-etudiant-e-s.org\/site\/wp-content\/uploads\/2025\/12\/13-1.png","width":1181,"height":827,"caption":"Solidaires \u00e9tudiant-e-s"},"image":{"@id":"https:\/\/solidaires-etudiant-e-s.org\/site\/#\/schema\/logo\/image\/"},"sameAs":["https:\/\/www.facebook.com\/solidairesetudiantes","https:\/\/x.com\/SolidairesEtu","https:\/\/www.instagram.com\/solidairesetu\/","https:\/\/bsky.app\/profile\/solidaires-etudiant-e-s.org","https:\/\/mastodon.social\/@solidairesetu","https:\/\/www.youtube.com\/channel\/UC_iZN9gmVAAnXbBM7wAWOag"]},{"@type":"Person","@id":"https:\/\/solidaires-etudiant-e-s.org\/site\/#\/schema\/person\/0efb3e0ff4e2f12b5a5abcd4352aa86c","name":"Solidaires \u00e9tudiant-e-s","image":{"@type":"ImageObject","inLanguage":"fr-FR","@id":"https:\/\/solidaires-etudiant-e-s.org\/site\/wp-content\/uploads\/2020\/01\/logo-SESL-rond-512-96x96.png","url":"https:\/\/solidaires-etudiant-e-s.org\/site\/wp-content\/uploads\/2020\/01\/logo-SESL-rond-512-96x96.png","contentUrl":"https:\/\/solidaires-etudiant-e-s.org\/site\/wp-content\/uploads\/2020\/01\/logo-SESL-rond-512-96x96.png","caption":"Solidaires \u00e9tudiant-e-s"},"sameAs":["https:\/\/solidaires-etudiant.org\/site","https:\/\/www.facebook.com\/solidairesetudiantes","https:\/\/www.instagram.com\/solidairesetu","https:\/\/x.com\/SolidairesEtu","https:\/\/fr.wikipedia.org\/wiki\/Solidaires_tudiant-e-s"]}]}},"_links":{"self":[{"href":"https:\/\/solidaires-etudiant-e-s.org\/site\/wp-json\/wp\/v2\/posts\/3595","targetHints":{"allow":["GET"]}}],"collection":[{"href":"https:\/\/solidaires-etudiant-e-s.org\/site\/wp-json\/wp\/v2\/posts"}],"about":[{"href":"https:\/\/solidaires-etudiant-e-s.org\/site\/wp-json\/wp\/v2\/types\/post"}],"author":[{"embeddable":true,"href":"https:\/\/solidaires-etudiant-e-s.org\/site\/wp-json\/wp\/v2\/users\/1"}],"replies":[{"embeddable":true,"href":"https:\/\/solidaires-etudiant-e-s.org\/site\/wp-json\/wp\/v2\/comments?post=3595"}],"version-history":[{"count":0,"href":"https:\/\/solidaires-etudiant-e-s.org\/site\/wp-json\/wp\/v2\/posts\/3595\/revisions"}],"wp:featuredmedia":[{"embeddable":true,"href":"https:\/\/solidaires-etudiant-e-s.org\/site\/wp-json\/wp\/v2\/media\/3597"}],"wp:attachment":[{"href":"https:\/\/solidaires-etudiant-e-s.org\/site\/wp-json\/wp\/v2\/media?parent=3595"}],"wp:term":[{"taxonomy":"category","embeddable":true,"href":"https:\/\/solidaires-etudiant-e-s.org\/site\/wp-json\/wp\/v2\/categories?post=3595"},{"taxonomy":"post_tag","embeddable":true,"href":"https:\/\/solidaires-etudiant-e-s.org\/site\/wp-json\/wp\/v2\/tags?post=3595"}],"curies":[{"name":"wp","href":"https:\/\/api.w.org\/{rel}","templated":true}]}}