{"id":3527,"date":"2017-01-03T09:43:25","date_gmt":"2017-01-03T08:43:25","guid":{"rendered":"http:\/\/www.solidaires-etudiant.org\/?p=3527"},"modified":"2017-01-03T09:43:25","modified_gmt":"2017-01-03T08:43:25","slug":"turquie-la-privation-du-droit-a-lenseignement-pour-les-etudiant-e-s-emprisonne-e-s-est-inacceptable","status":"publish","type":"post","link":"https:\/\/solidaires-etudiant-e-s.org\/site\/2017\/01\/03\/turquie-la-privation-du-droit-a-lenseignement-pour-les-etudiant-e-s-emprisonne-e-s-est-inacceptable\/","title":{"rendered":"Turquie\u00a0: La privation du droit \u00e0 l\u2019enseignement pour les \u00e9tudiant.e.s emprisonn\u00e9.e.s est inacceptable\u00a0!"},"content":{"rendered":"<h2 class=\"western\" align=\"center\"><span style=\"font-family: Calibri,sans-serif;\"><span style=\"font-size: large;\"><b>Communiqu\u00e9 commun Solidaires \u00e9tudiant-e-s\/Sud \u00e9ducation,<\/b><\/span><\/span><\/h2>\n<h2 class=\"western\" align=\"center\"><span style=\"font-size: large;\"><span style=\"font-family: Calibri,sans-serif;\"><b>Turquie\u00a0: La privation du droit \u00e0 l\u2019enseignement pour les \u00e9tudiant.e.s emprisonn\u00e9.e.s est inacceptable\u00a0!<\/b><\/span><b> <\/b><\/span><\/h2>\n<p class=\"western\" align=\"center\">\n<h5 class=\"western\" align=\"justify\"><span style=\"font-family: Calibri,sans-serif;\"><span style=\"font-size: medium;\"><b>Alors que l\u2019\u00c9tat turc acc\u00e9l\u00e8re et intensifie la r\u00e9pression contre le mouvement kurde et ses soutiens, le syndicalisme ind\u00e9pendant, l&rsquo;opposition de gauche et d\u00e9mocratique ainsi que la presse d&rsquo;opposition, des milliers de personnes, syndicalistes, co-maires, journalistes, d\u00e9put\u00e9.e.s, membres du DBP et du HDP sont actuellement en prison. Les conditions de d\u00e9tention se d\u00e9gradent de jour en jour, avec des menaces, des attaques physiques, la confiscation ou l&rsquo;entrave de tous les droits (parloir, correspondance, entretien avec un avocat). Torture et mauvais traitements, qui avaient recul\u00e9 depuis une dizaine d&rsquo;ann\u00e9es, reviennent en force. <\/b><\/span><\/span><\/h5>\n<h5 class=\"western\" align=\"justify\"><span style=\"font-family: Calibri,sans-serif;\">Les \u00e9tudiant.e.s kurdes et r\u00e9volutionnaires sont parmi les premier.e.s vis\u00e9.e.s par cette r\u00e9pression. Pr\u00e8s de 400 \u00e9tudiant.e.s, en majorit\u00e9 Kurdes ou soutiens du mouvement kurde sont actuellement incarc\u00e9r\u00e9.e.s dans les prisons turques. <\/span><\/h5>\n<h5 class=\"western\" align=\"justify\"><span style=\"font-family: Calibri,sans-serif;\">Alors qu&rsquo;une dictature fascisante s&rsquo;installe en Turquie, avec l&rsquo;\u00e9tat d&rsquo;urgence qui a donn\u00e9 des pouvoirs d\u00e9mesur\u00e9s \u00e0 Erdogan, la vie du pays est rythm\u00e9e par les d\u00e9crets-lois, attendus avec angoisse et peur. Ce sont ces d\u00e9crets qui ont annonc\u00e9 le limogeage de plus de cent milles fonctionnaires, dont des syndicalistes de KESK, mais aussi la fermeture de plus de 375 associations. <\/span><\/h5>\n<h5 class=\"western\" align=\"justify\"><span style=\"font-family: Calibri,sans-serif;\">Nous avons appris qu&rsquo;un d\u00e9cret du 22 novembre 2016 avait supprim\u00e9 le droit pour les \u00e9tudiant.e.s incarc\u00e9r\u00e9.e.s de se pr\u00e9senter aux examens. Le d\u00e9cret prive d\u00e9sormais les personnes incarc\u00e9r\u00e9s pour motifs de \u00ab\u00a0terrorisme\u00a0\u00bb (donc tous les \u00e9tudiants incarc\u00e9r\u00e9s pour motifs politiques) du droit de se pr\u00e9senter aux examens qui se font en prison ou en dehors. Le droit d\u00e9j\u00e0 tr\u00e8s pr\u00e9caire et peu mis en application de poursuivre ou d&rsquo;entamer des \u00e9tudes durant l&rsquo;incarc\u00e9ration pour les \u00e9tudiant.e.s emprisonn\u00e9.e.s, leur a donc totalement \u00e9t\u00e9 retir\u00e9. Le droit \u00e0 l&rsquo;enseignement des personnes incarc\u00e9r\u00e9es qui est un droit fondamental, est bafou\u00e9.<\/span><\/h5>\n<h5 class=\"western\" align=\"justify\"><span style=\"font-family: Calibri,sans-serif;\">Dans ce pays, pour rentrer \u00e0 l&rsquo;universit\u00e9 il faut passer un examen difficile, que l&rsquo;on n&rsquo;obtient qu&rsquo;en passant par une pr\u00e9pa, souvent payante. Retirer le statut d&rsquo;\u00e9tudiant au personnes incarc\u00e9r\u00e9.e.s au cours de leur formation est lourd de cons\u00e9quence, et constitue une double peine. <\/span><\/h5>\n<h5 class=\"western\" align=\"justify\"><span style=\"font-family: Calibri,sans-serif;\">Avec cette disposition, c&rsquo;est aussi le principe de la pr\u00e9somption d&rsquo;innocence, garanti par les lois internationales et turques qui est bafou\u00e9 puisque la mesure concerne non seulement les \u00e9tudiant.e.s condamn\u00e9.e.s mais aussi les \u00e9tudiant.e.s en d\u00e9tention provisoire pour raisons politiques dont le jugement est en cours. Cette disposition est de plus discriminatoire envers les prisonnier.e.s incarc\u00e9r\u00e9.e.s pour des motifs politiques par rapport aux prisonnier.e.s de droit communs.<\/span><\/h5>\n<h5 class=\"western\"><span style=\"font-family: Calibri,sans-serif;\">Nous\u00a0 condamnons cette mesure et demandons sa lev\u00e9e imm\u00e9diate. <\/span><\/h5>\n<p class=\"western\" align=\"center\">\n<h4 class=\"western\" align=\"center\"><span style=\"font-family: Calibri,sans-serif;\"><span style=\"font-size: medium;\"><b>Non \u00e0 la double peine ! <\/b><\/span><\/span><\/h4>\n<h4 class=\"western\" align=\"center\"><span style=\"font-family: Calibri,sans-serif;\"><span style=\"font-size: medium;\"><b>Libert\u00e9 pour tou.te.s les \u00e9tudiant.e.s prisonnier.e.s politiques en Turquie !<br \/>\nStop Erdo\u011fan ! <\/b><\/span><\/span><\/h4>\n<p class=\"western\">\n<p class=\"western\" align=\"justify\">\n<p>&nbsp;<\/p>\n","protected":false},"excerpt":{"rendered":"<p>Communiqu\u00e9 commun Solidaires \u00e9tudiant-e-s\/Sud \u00e9ducation, Turquie\u00a0: La privation du droit \u00e0 l\u2019enseignement [&hellip;]<\/p>\n","protected":false},"author":1,"featured_media":3533,"comment_status":"closed","ping_status":"closed","sticky":false,"template":"","format":"standard","meta":{"cybocfi_hide_featured_image":"","footnotes":""},"categories":[4,5,10,18,24],"tags":[308,474,638,795,1025,1049,1064,1177],"class_list":["post-3527","post","type-post","status-publish","format-standard","has-post-thumbnail","hentry","category-anti-repression","category-antifacisme","category-communiques","category-esr","category-international","tag-communiques-2","tag-etat-durgence","tag-international-2","tag-mobilisation","tag-securitaire","tag-slider","tag-solidarite","tag-violences-policieres","col-md-4 col-sm-4"],"featured_image_src":"https:\/\/solidaires-etudiant-e-s.org\/site\/wp-content\/uploads\/2017\/01\/ob_87edfc_kurdes-11nov9.jpg","author_info":{"display_name":"Solidaires \u00e9tudiant-e-s","author_link":false},"yoast_head":"<!-- This site is optimized with the Yoast SEO plugin v27.4 - https:\/\/yoast.com\/product\/yoast-seo-wordpress\/ -->\n<title>Turquie\u00a0: La privation du droit \u00e0 l\u2019enseignement pour les \u00e9tudiant.e.s emprisonn\u00e9.e.s est inacceptable\u00a0! - Solidaires \u00e9tudiant-e-s<\/title>\n<meta name=\"robots\" content=\"index, follow, max-snippet:-1, max-image-preview:large, max-video-preview:-1\" \/>\n<link rel=\"canonical\" href=\"https:\/\/solidaires-etudiant-e-s.org\/site\/2017\/01\/03\/turquie-la-privation-du-droit-a-lenseignement-pour-les-etudiant-e-s-emprisonne-e-s-est-inacceptable\/\" \/>\n<meta property=\"og:locale\" content=\"fr_FR\" \/>\n<meta property=\"og:type\" content=\"article\" \/>\n<meta property=\"og:title\" content=\"Turquie\u00a0: La privation du droit \u00e0 l\u2019enseignement pour les \u00e9tudiant.e.s emprisonn\u00e9.e.s est inacceptable\u00a0! - Solidaires \u00e9tudiant-e-s\" \/>\n<meta property=\"og:description\" content=\"Communiqu\u00e9 commun Solidaires \u00e9tudiant-e-s\/Sud \u00e9ducation, Turquie\u00a0: La privation du droit \u00e0 l\u2019enseignement [&hellip;]\" \/>\n<meta property=\"og:url\" content=\"https:\/\/solidaires-etudiant-e-s.org\/site\/2017\/01\/03\/turquie-la-privation-du-droit-a-lenseignement-pour-les-etudiant-e-s-emprisonne-e-s-est-inacceptable\/\" \/>\n<meta property=\"og:site_name\" content=\"Solidaires \u00e9tudiant-e-s\" \/>\n<meta property=\"article:publisher\" content=\"https:\/\/www.facebook.com\/solidairesetudiantes\" \/>\n<meta property=\"article:author\" content=\"https:\/\/www.facebook.com\/solidairesetudiantes\" \/>\n<meta property=\"article:published_time\" content=\"2017-01-03T08:43:25+00:00\" \/>\n<meta property=\"og:image\" content=\"https:\/\/solidaires-etudiant-e-s.org\/site\/wp-content\/uploads\/2017\/01\/ob_87edfc_kurdes-11nov9.jpg\" \/>\n\t<meta property=\"og:image:width\" content=\"960\" \/>\n\t<meta property=\"og:image:height\" content=\"720\" \/>\n\t<meta property=\"og:image:type\" content=\"image\/jpeg\" \/>\n<meta name=\"author\" content=\"Solidaires \u00e9tudiant-e-s\" \/>\n<meta name=\"twitter:card\" content=\"summary_large_image\" \/>\n<meta name=\"twitter:creator\" content=\"@SolidairesEtu\" \/>\n<meta name=\"twitter:site\" content=\"@SolidairesEtu\" \/>\n<meta name=\"twitter:label1\" content=\"\u00c9crit par\" \/>\n\t<meta name=\"twitter:data1\" content=\"Solidaires \u00e9tudiant-e-s\" \/>\n\t<meta name=\"twitter:label2\" content=\"Dur\u00e9e de lecture estim\u00e9e\" \/>\n\t<meta name=\"twitter:data2\" content=\"3 minutes\" \/>\n<script type=\"application\/ld+json\" class=\"yoast-schema-graph\">{\"@context\":\"https:\\\/\\\/schema.org\",\"@graph\":[{\"@type\":\"Article\",\"@id\":\"https:\\\/\\\/solidaires-etudiant-e-s.org\\\/site\\\/2017\\\/01\\\/03\\\/turquie-la-privation-du-droit-a-lenseignement-pour-les-etudiant-e-s-emprisonne-e-s-est-inacceptable\\\/#article\",\"isPartOf\":{\"@id\":\"https:\\\/\\\/solidaires-etudiant-e-s.org\\\/site\\\/2017\\\/01\\\/03\\\/turquie-la-privation-du-droit-a-lenseignement-pour-les-etudiant-e-s-emprisonne-e-s-est-inacceptable\\\/\"},\"author\":{\"name\":\"Solidaires \u00e9tudiant-e-s\",\"@id\":\"https:\\\/\\\/solidaires-etudiant-e-s.org\\\/site\\\/#\\\/schema\\\/person\\\/0efb3e0ff4e2f12b5a5abcd4352aa86c\"},\"headline\":\"Turquie\u00a0: La privation du droit \u00e0 l\u2019enseignement pour les \u00e9tudiant.e.s emprisonn\u00e9.e.s est inacceptable\u00a0!\",\"datePublished\":\"2017-01-03T08:43:25+00:00\",\"mainEntityOfPage\":{\"@id\":\"https:\\\/\\\/solidaires-etudiant-e-s.org\\\/site\\\/2017\\\/01\\\/03\\\/turquie-la-privation-du-droit-a-lenseignement-pour-les-etudiant-e-s-emprisonne-e-s-est-inacceptable\\\/\"},\"wordCount\":554,\"publisher\":{\"@id\":\"https:\\\/\\\/solidaires-etudiant-e-s.org\\\/site\\\/#organization\"},\"image\":{\"@id\":\"https:\\\/\\\/solidaires-etudiant-e-s.org\\\/site\\\/2017\\\/01\\\/03\\\/turquie-la-privation-du-droit-a-lenseignement-pour-les-etudiant-e-s-emprisonne-e-s-est-inacceptable\\\/#primaryimage\"},\"thumbnailUrl\":\"https:\\\/\\\/solidaires-etudiant-e-s.org\\\/site\\\/wp-content\\\/uploads\\\/2017\\\/01\\\/ob_87edfc_kurdes-11nov9.jpg\",\"keywords\":[\"communiqu\u00e9s\",\"\u00e9tat d'urgence\",\"international\",\"mobilisation\",\"s\u00e9curitaire\",\"slider\",\"solidarit\u00e9\",\"violences polici\u00e8res\"],\"articleSection\":[\"ANTI-REPRESSION\",\"ANTIFACISME\",\"COMMUNIQUES NATIONAUX\",\"ENSEIGNEMENT SUPERIEUR\",\"INTERNATIONAL\"],\"inLanguage\":\"fr-FR\"},{\"@type\":\"WebPage\",\"@id\":\"https:\\\/\\\/solidaires-etudiant-e-s.org\\\/site\\\/2017\\\/01\\\/03\\\/turquie-la-privation-du-droit-a-lenseignement-pour-les-etudiant-e-s-emprisonne-e-s-est-inacceptable\\\/\",\"url\":\"https:\\\/\\\/solidaires-etudiant-e-s.org\\\/site\\\/2017\\\/01\\\/03\\\/turquie-la-privation-du-droit-a-lenseignement-pour-les-etudiant-e-s-emprisonne-e-s-est-inacceptable\\\/\",\"name\":\"Turquie\u00a0: La privation du droit \u00e0 l\u2019enseignement pour les \u00e9tudiant.e.s emprisonn\u00e9.e.s est inacceptable\u00a0! - Solidaires \u00e9tudiant-e-s\",\"isPartOf\":{\"@id\":\"https:\\\/\\\/solidaires-etudiant-e-s.org\\\/site\\\/#website\"},\"primaryImageOfPage\":{\"@id\":\"https:\\\/\\\/solidaires-etudiant-e-s.org\\\/site\\\/2017\\\/01\\\/03\\\/turquie-la-privation-du-droit-a-lenseignement-pour-les-etudiant-e-s-emprisonne-e-s-est-inacceptable\\\/#primaryimage\"},\"image\":{\"@id\":\"https:\\\/\\\/solidaires-etudiant-e-s.org\\\/site\\\/2017\\\/01\\\/03\\\/turquie-la-privation-du-droit-a-lenseignement-pour-les-etudiant-e-s-emprisonne-e-s-est-inacceptable\\\/#primaryimage\"},\"thumbnailUrl\":\"https:\\\/\\\/solidaires-etudiant-e-s.org\\\/site\\\/wp-content\\\/uploads\\\/2017\\\/01\\\/ob_87edfc_kurdes-11nov9.jpg\",\"datePublished\":\"2017-01-03T08:43:25+00:00\",\"breadcrumb\":{\"@id\":\"https:\\\/\\\/solidaires-etudiant-e-s.org\\\/site\\\/2017\\\/01\\\/03\\\/turquie-la-privation-du-droit-a-lenseignement-pour-les-etudiant-e-s-emprisonne-e-s-est-inacceptable\\\/#breadcrumb\"},\"inLanguage\":\"fr-FR\",\"potentialAction\":[{\"@type\":\"ReadAction\",\"target\":[\"https:\\\/\\\/solidaires-etudiant-e-s.org\\\/site\\\/2017\\\/01\\\/03\\\/turquie-la-privation-du-droit-a-lenseignement-pour-les-etudiant-e-s-emprisonne-e-s-est-inacceptable\\\/\"]}]},{\"@type\":\"ImageObject\",\"inLanguage\":\"fr-FR\",\"@id\":\"https:\\\/\\\/solidaires-etudiant-e-s.org\\\/site\\\/2017\\\/01\\\/03\\\/turquie-la-privation-du-droit-a-lenseignement-pour-les-etudiant-e-s-emprisonne-e-s-est-inacceptable\\\/#primaryimage\",\"url\":\"https:\\\/\\\/solidaires-etudiant-e-s.org\\\/site\\\/wp-content\\\/uploads\\\/2017\\\/01\\\/ob_87edfc_kurdes-11nov9.jpg\",\"contentUrl\":\"https:\\\/\\\/solidaires-etudiant-e-s.org\\\/site\\\/wp-content\\\/uploads\\\/2017\\\/01\\\/ob_87edfc_kurdes-11nov9.jpg\",\"width\":960,\"height\":720},{\"@type\":\"BreadcrumbList\",\"@id\":\"https:\\\/\\\/solidaires-etudiant-e-s.org\\\/site\\\/2017\\\/01\\\/03\\\/turquie-la-privation-du-droit-a-lenseignement-pour-les-etudiant-e-s-emprisonne-e-s-est-inacceptable\\\/#breadcrumb\",\"itemListElement\":[{\"@type\":\"ListItem\",\"position\":1,\"name\":\"Accueil\",\"item\":\"https:\\\/\\\/solidaires-etudiant-e-s.org\\\/site\\\/\"},{\"@type\":\"ListItem\",\"position\":2,\"name\":\"Turquie\u00a0: La privation du droit \u00e0 l\u2019enseignement pour les \u00e9tudiant.e.s emprisonn\u00e9.e.s est inacceptable\u00a0!\"}]},{\"@type\":\"WebSite\",\"@id\":\"https:\\\/\\\/solidaires-etudiant-e-s.org\\\/site\\\/#website\",\"url\":\"https:\\\/\\\/solidaires-etudiant-e-s.org\\\/site\\\/\",\"name\":\"Solidaires \u00e9tudiant-e-s\",\"description\":\"Syndicats pour un enseignement sup\u00e9rieur gratuit, ouvert, et \u00e9mancipateur !\",\"publisher\":{\"@id\":\"https:\\\/\\\/solidaires-etudiant-e-s.org\\\/site\\\/#organization\"},\"potentialAction\":[{\"@type\":\"SearchAction\",\"target\":{\"@type\":\"EntryPoint\",\"urlTemplate\":\"https:\\\/\\\/solidaires-etudiant-e-s.org\\\/site\\\/?s={search_term_string}\"},\"query-input\":{\"@type\":\"PropertyValueSpecification\",\"valueRequired\":true,\"valueName\":\"search_term_string\"}}],\"inLanguage\":\"fr-FR\"},{\"@type\":\"Organization\",\"@id\":\"https:\\\/\\\/solidaires-etudiant-e-s.org\\\/site\\\/#organization\",\"name\":\"Solidaires \u00e9tudiant-e-s\",\"url\":\"https:\\\/\\\/solidaires-etudiant-e-s.org\\\/site\\\/\",\"logo\":{\"@type\":\"ImageObject\",\"inLanguage\":\"fr-FR\",\"@id\":\"https:\\\/\\\/solidaires-etudiant-e-s.org\\\/site\\\/#\\\/schema\\\/logo\\\/image\\\/\",\"url\":\"https:\\\/\\\/solidaires-etudiant-e-s.org\\\/site\\\/wp-content\\\/uploads\\\/2025\\\/12\\\/13-1.png\",\"contentUrl\":\"https:\\\/\\\/solidaires-etudiant-e-s.org\\\/site\\\/wp-content\\\/uploads\\\/2025\\\/12\\\/13-1.png\",\"width\":1181,\"height\":827,\"caption\":\"Solidaires \u00e9tudiant-e-s\"},\"image\":{\"@id\":\"https:\\\/\\\/solidaires-etudiant-e-s.org\\\/site\\\/#\\\/schema\\\/logo\\\/image\\\/\"},\"sameAs\":[\"https:\\\/\\\/www.facebook.com\\\/solidairesetudiantes\",\"https:\\\/\\\/x.com\\\/SolidairesEtu\",\"https:\\\/\\\/www.instagram.com\\\/solidairesetu\\\/\",\"https:\\\/\\\/bsky.app\\\/profile\\\/solidaires-etudiant-e-s.org\",\"https:\\\/\\\/mastodon.social\\\/@solidairesetu\",\"https:\\\/\\\/www.youtube.com\\\/channel\\\/UC_iZN9gmVAAnXbBM7wAWOag\"]},{\"@type\":\"Person\",\"@id\":\"https:\\\/\\\/solidaires-etudiant-e-s.org\\\/site\\\/#\\\/schema\\\/person\\\/0efb3e0ff4e2f12b5a5abcd4352aa86c\",\"name\":\"Solidaires \u00e9tudiant-e-s\",\"image\":{\"@type\":\"ImageObject\",\"inLanguage\":\"fr-FR\",\"@id\":\"https:\\\/\\\/solidaires-etudiant-e-s.org\\\/site\\\/wp-content\\\/uploads\\\/2020\\\/01\\\/logo-SESL-rond-512-96x96.png\",\"url\":\"https:\\\/\\\/solidaires-etudiant-e-s.org\\\/site\\\/wp-content\\\/uploads\\\/2020\\\/01\\\/logo-SESL-rond-512-96x96.png\",\"contentUrl\":\"https:\\\/\\\/solidaires-etudiant-e-s.org\\\/site\\\/wp-content\\\/uploads\\\/2020\\\/01\\\/logo-SESL-rond-512-96x96.png\",\"caption\":\"Solidaires \u00e9tudiant-e-s\"},\"sameAs\":[\"https:\\\/\\\/solidaires-etudiant.org\\\/site\",\"https:\\\/\\\/www.facebook.com\\\/solidairesetudiantes\",\"https:\\\/\\\/www.instagram.com\\\/solidairesetu\",\"https:\\\/\\\/x.com\\\/SolidairesEtu\",\"https:\\\/\\\/fr.wikipedia.org\\\/wiki\\\/Solidaires_tudiant-e-s\"]}]}<\/script>\n<!-- \/ Yoast SEO plugin. -->","yoast_head_json":{"title":"Turquie\u00a0: La privation du droit \u00e0 l\u2019enseignement pour les \u00e9tudiant.e.s emprisonn\u00e9.e.s est inacceptable\u00a0! - Solidaires \u00e9tudiant-e-s","robots":{"index":"index","follow":"follow","max-snippet":"max-snippet:-1","max-image-preview":"max-image-preview:large","max-video-preview":"max-video-preview:-1"},"canonical":"https:\/\/solidaires-etudiant-e-s.org\/site\/2017\/01\/03\/turquie-la-privation-du-droit-a-lenseignement-pour-les-etudiant-e-s-emprisonne-e-s-est-inacceptable\/","og_locale":"fr_FR","og_type":"article","og_title":"Turquie\u00a0: La privation du droit \u00e0 l\u2019enseignement pour les \u00e9tudiant.e.s emprisonn\u00e9.e.s est inacceptable\u00a0! - Solidaires \u00e9tudiant-e-s","og_description":"Communiqu\u00e9 commun Solidaires \u00e9tudiant-e-s\/Sud \u00e9ducation, Turquie\u00a0: La privation du droit \u00e0 l\u2019enseignement [&hellip;]","og_url":"https:\/\/solidaires-etudiant-e-s.org\/site\/2017\/01\/03\/turquie-la-privation-du-droit-a-lenseignement-pour-les-etudiant-e-s-emprisonne-e-s-est-inacceptable\/","og_site_name":"Solidaires \u00e9tudiant-e-s","article_publisher":"https:\/\/www.facebook.com\/solidairesetudiantes","article_author":"https:\/\/www.facebook.com\/solidairesetudiantes","article_published_time":"2017-01-03T08:43:25+00:00","og_image":[{"width":960,"height":720,"url":"https:\/\/solidaires-etudiant-e-s.org\/site\/wp-content\/uploads\/2017\/01\/ob_87edfc_kurdes-11nov9.jpg","type":"image\/jpeg"}],"author":"Solidaires \u00e9tudiant-e-s","twitter_card":"summary_large_image","twitter_creator":"@SolidairesEtu","twitter_site":"@SolidairesEtu","twitter_misc":{"\u00c9crit par":"Solidaires \u00e9tudiant-e-s","Dur\u00e9e de lecture estim\u00e9e":"3 minutes"},"schema":{"@context":"https:\/\/schema.org","@graph":[{"@type":"Article","@id":"https:\/\/solidaires-etudiant-e-s.org\/site\/2017\/01\/03\/turquie-la-privation-du-droit-a-lenseignement-pour-les-etudiant-e-s-emprisonne-e-s-est-inacceptable\/#article","isPartOf":{"@id":"https:\/\/solidaires-etudiant-e-s.org\/site\/2017\/01\/03\/turquie-la-privation-du-droit-a-lenseignement-pour-les-etudiant-e-s-emprisonne-e-s-est-inacceptable\/"},"author":{"name":"Solidaires \u00e9tudiant-e-s","@id":"https:\/\/solidaires-etudiant-e-s.org\/site\/#\/schema\/person\/0efb3e0ff4e2f12b5a5abcd4352aa86c"},"headline":"Turquie\u00a0: La privation du droit \u00e0 l\u2019enseignement pour les \u00e9tudiant.e.s emprisonn\u00e9.e.s est inacceptable\u00a0!","datePublished":"2017-01-03T08:43:25+00:00","mainEntityOfPage":{"@id":"https:\/\/solidaires-etudiant-e-s.org\/site\/2017\/01\/03\/turquie-la-privation-du-droit-a-lenseignement-pour-les-etudiant-e-s-emprisonne-e-s-est-inacceptable\/"},"wordCount":554,"publisher":{"@id":"https:\/\/solidaires-etudiant-e-s.org\/site\/#organization"},"image":{"@id":"https:\/\/solidaires-etudiant-e-s.org\/site\/2017\/01\/03\/turquie-la-privation-du-droit-a-lenseignement-pour-les-etudiant-e-s-emprisonne-e-s-est-inacceptable\/#primaryimage"},"thumbnailUrl":"https:\/\/solidaires-etudiant-e-s.org\/site\/wp-content\/uploads\/2017\/01\/ob_87edfc_kurdes-11nov9.jpg","keywords":["communiqu\u00e9s","\u00e9tat d'urgence","international","mobilisation","s\u00e9curitaire","slider","solidarit\u00e9","violences polici\u00e8res"],"articleSection":["ANTI-REPRESSION","ANTIFACISME","COMMUNIQUES NATIONAUX","ENSEIGNEMENT SUPERIEUR","INTERNATIONAL"],"inLanguage":"fr-FR"},{"@type":"WebPage","@id":"https:\/\/solidaires-etudiant-e-s.org\/site\/2017\/01\/03\/turquie-la-privation-du-droit-a-lenseignement-pour-les-etudiant-e-s-emprisonne-e-s-est-inacceptable\/","url":"https:\/\/solidaires-etudiant-e-s.org\/site\/2017\/01\/03\/turquie-la-privation-du-droit-a-lenseignement-pour-les-etudiant-e-s-emprisonne-e-s-est-inacceptable\/","name":"Turquie\u00a0: La privation du droit \u00e0 l\u2019enseignement pour les \u00e9tudiant.e.s emprisonn\u00e9.e.s est inacceptable\u00a0! - Solidaires \u00e9tudiant-e-s","isPartOf":{"@id":"https:\/\/solidaires-etudiant-e-s.org\/site\/#website"},"primaryImageOfPage":{"@id":"https:\/\/solidaires-etudiant-e-s.org\/site\/2017\/01\/03\/turquie-la-privation-du-droit-a-lenseignement-pour-les-etudiant-e-s-emprisonne-e-s-est-inacceptable\/#primaryimage"},"image":{"@id":"https:\/\/solidaires-etudiant-e-s.org\/site\/2017\/01\/03\/turquie-la-privation-du-droit-a-lenseignement-pour-les-etudiant-e-s-emprisonne-e-s-est-inacceptable\/#primaryimage"},"thumbnailUrl":"https:\/\/solidaires-etudiant-e-s.org\/site\/wp-content\/uploads\/2017\/01\/ob_87edfc_kurdes-11nov9.jpg","datePublished":"2017-01-03T08:43:25+00:00","breadcrumb":{"@id":"https:\/\/solidaires-etudiant-e-s.org\/site\/2017\/01\/03\/turquie-la-privation-du-droit-a-lenseignement-pour-les-etudiant-e-s-emprisonne-e-s-est-inacceptable\/#breadcrumb"},"inLanguage":"fr-FR","potentialAction":[{"@type":"ReadAction","target":["https:\/\/solidaires-etudiant-e-s.org\/site\/2017\/01\/03\/turquie-la-privation-du-droit-a-lenseignement-pour-les-etudiant-e-s-emprisonne-e-s-est-inacceptable\/"]}]},{"@type":"ImageObject","inLanguage":"fr-FR","@id":"https:\/\/solidaires-etudiant-e-s.org\/site\/2017\/01\/03\/turquie-la-privation-du-droit-a-lenseignement-pour-les-etudiant-e-s-emprisonne-e-s-est-inacceptable\/#primaryimage","url":"https:\/\/solidaires-etudiant-e-s.org\/site\/wp-content\/uploads\/2017\/01\/ob_87edfc_kurdes-11nov9.jpg","contentUrl":"https:\/\/solidaires-etudiant-e-s.org\/site\/wp-content\/uploads\/2017\/01\/ob_87edfc_kurdes-11nov9.jpg","width":960,"height":720},{"@type":"BreadcrumbList","@id":"https:\/\/solidaires-etudiant-e-s.org\/site\/2017\/01\/03\/turquie-la-privation-du-droit-a-lenseignement-pour-les-etudiant-e-s-emprisonne-e-s-est-inacceptable\/#breadcrumb","itemListElement":[{"@type":"ListItem","position":1,"name":"Accueil","item":"https:\/\/solidaires-etudiant-e-s.org\/site\/"},{"@type":"ListItem","position":2,"name":"Turquie\u00a0: La privation du droit \u00e0 l\u2019enseignement pour les \u00e9tudiant.e.s emprisonn\u00e9.e.s est inacceptable\u00a0!"}]},{"@type":"WebSite","@id":"https:\/\/solidaires-etudiant-e-s.org\/site\/#website","url":"https:\/\/solidaires-etudiant-e-s.org\/site\/","name":"Solidaires \u00e9tudiant-e-s","description":"Syndicats pour un enseignement sup\u00e9rieur gratuit, ouvert, et \u00e9mancipateur !","publisher":{"@id":"https:\/\/solidaires-etudiant-e-s.org\/site\/#organization"},"potentialAction":[{"@type":"SearchAction","target":{"@type":"EntryPoint","urlTemplate":"https:\/\/solidaires-etudiant-e-s.org\/site\/?s={search_term_string}"},"query-input":{"@type":"PropertyValueSpecification","valueRequired":true,"valueName":"search_term_string"}}],"inLanguage":"fr-FR"},{"@type":"Organization","@id":"https:\/\/solidaires-etudiant-e-s.org\/site\/#organization","name":"Solidaires \u00e9tudiant-e-s","url":"https:\/\/solidaires-etudiant-e-s.org\/site\/","logo":{"@type":"ImageObject","inLanguage":"fr-FR","@id":"https:\/\/solidaires-etudiant-e-s.org\/site\/#\/schema\/logo\/image\/","url":"https:\/\/solidaires-etudiant-e-s.org\/site\/wp-content\/uploads\/2025\/12\/13-1.png","contentUrl":"https:\/\/solidaires-etudiant-e-s.org\/site\/wp-content\/uploads\/2025\/12\/13-1.png","width":1181,"height":827,"caption":"Solidaires \u00e9tudiant-e-s"},"image":{"@id":"https:\/\/solidaires-etudiant-e-s.org\/site\/#\/schema\/logo\/image\/"},"sameAs":["https:\/\/www.facebook.com\/solidairesetudiantes","https:\/\/x.com\/SolidairesEtu","https:\/\/www.instagram.com\/solidairesetu\/","https:\/\/bsky.app\/profile\/solidaires-etudiant-e-s.org","https:\/\/mastodon.social\/@solidairesetu","https:\/\/www.youtube.com\/channel\/UC_iZN9gmVAAnXbBM7wAWOag"]},{"@type":"Person","@id":"https:\/\/solidaires-etudiant-e-s.org\/site\/#\/schema\/person\/0efb3e0ff4e2f12b5a5abcd4352aa86c","name":"Solidaires \u00e9tudiant-e-s","image":{"@type":"ImageObject","inLanguage":"fr-FR","@id":"https:\/\/solidaires-etudiant-e-s.org\/site\/wp-content\/uploads\/2020\/01\/logo-SESL-rond-512-96x96.png","url":"https:\/\/solidaires-etudiant-e-s.org\/site\/wp-content\/uploads\/2020\/01\/logo-SESL-rond-512-96x96.png","contentUrl":"https:\/\/solidaires-etudiant-e-s.org\/site\/wp-content\/uploads\/2020\/01\/logo-SESL-rond-512-96x96.png","caption":"Solidaires \u00e9tudiant-e-s"},"sameAs":["https:\/\/solidaires-etudiant.org\/site","https:\/\/www.facebook.com\/solidairesetudiantes","https:\/\/www.instagram.com\/solidairesetu","https:\/\/x.com\/SolidairesEtu","https:\/\/fr.wikipedia.org\/wiki\/Solidaires_tudiant-e-s"]}]}},"_links":{"self":[{"href":"https:\/\/solidaires-etudiant-e-s.org\/site\/wp-json\/wp\/v2\/posts\/3527","targetHints":{"allow":["GET"]}}],"collection":[{"href":"https:\/\/solidaires-etudiant-e-s.org\/site\/wp-json\/wp\/v2\/posts"}],"about":[{"href":"https:\/\/solidaires-etudiant-e-s.org\/site\/wp-json\/wp\/v2\/types\/post"}],"author":[{"embeddable":true,"href":"https:\/\/solidaires-etudiant-e-s.org\/site\/wp-json\/wp\/v2\/users\/1"}],"replies":[{"embeddable":true,"href":"https:\/\/solidaires-etudiant-e-s.org\/site\/wp-json\/wp\/v2\/comments?post=3527"}],"version-history":[{"count":0,"href":"https:\/\/solidaires-etudiant-e-s.org\/site\/wp-json\/wp\/v2\/posts\/3527\/revisions"}],"wp:featuredmedia":[{"embeddable":true,"href":"https:\/\/solidaires-etudiant-e-s.org\/site\/wp-json\/wp\/v2\/media\/3533"}],"wp:attachment":[{"href":"https:\/\/solidaires-etudiant-e-s.org\/site\/wp-json\/wp\/v2\/media?parent=3527"}],"wp:term":[{"taxonomy":"category","embeddable":true,"href":"https:\/\/solidaires-etudiant-e-s.org\/site\/wp-json\/wp\/v2\/categories?post=3527"},{"taxonomy":"post_tag","embeddable":true,"href":"https:\/\/solidaires-etudiant-e-s.org\/site\/wp-json\/wp\/v2\/tags?post=3527"}],"curies":[{"name":"wp","href":"https:\/\/api.w.org\/{rel}","templated":true}]}}