{"id":3507,"date":"2016-12-07T18:21:48","date_gmt":"2016-12-07T17:21:48","guid":{"rendered":"http:\/\/www.solidaires-etudiant.org\/?p=3507"},"modified":"2025-05-03T22:42:38","modified_gmt":"2025-05-03T21:42:38","slug":"une-campagne-europeenne-pour-legalite-des-droits","status":"publish","type":"post","link":"https:\/\/solidaires-etudiant-e-s.org\/site\/2016\/12\/07\/une-campagne-europeenne-pour-legalite-des-droits\/","title":{"rendered":"Une campagne europ\u00e9enne pour l\u2019\u00e9galit\u00e9 des droits"},"content":{"rendered":"<p><strong>R\u00e9seau europ\u00e9en des syndicats alternatifs et de base \/ Secteur \u00e9tudiant<\/strong><br \/>\nUne campagne europ\u00e9enne pour l\u2019\u00e9galit\u00e9 des droits<br \/>\nBruxelles, Lausanne, Paris, le 7 d\u00e9cembre 2016<\/p>\n<p style=\"text-align: justify;\">Partout les \u00e9trangers\/\u00e8res subissent l\u2019assaut de politiques qui leur assignent des statuts et des conditions de vie, d\u2019\u00e9tudes et de travail diff\u00e9rents des \u00ab\u00a0indig\u00e8nes\u00a0\u00bb. Les \u00e9tudiant-e-s en font particuli\u00e8rement les frais dans toute l\u2019Europe\u00a0: permis de s\u00e9jours limit\u00e9s, frais de scolarit\u00e9 plus \u00e9lev\u00e9s, restrictions en mati\u00e8re de travail salari\u00e9, menace permanente sur leur avenir.<\/p>\n<p style=\"text-align: justify;\">En Belgique, les \u00e9tudiant-e-s m\u00e8nent une lutte contre les minervals (frais de scolarit\u00e9) diff\u00e9renci\u00e9s selon le pays d\u2019origine, en vigueur dans certaines universit\u00e9s. En Suisse, le permis de s\u00e9jour prend fin trois mois apr\u00e8s la fin des \u00e9tudes et les taxes d\u2019\u00e9tudes diff\u00e9renci\u00e9es en fonction de l\u2019origine des \u00e9tudiant-e-s sont monnaie courante, avec des \u00e9carts qui tendent \u00e0 se renforcer. En France, l&rsquo;\u00c9tat ne respecte pas ses propres promesses quant \u00e0 la d\u00e9livrance de permis de s\u00e9jour et pr\u00e9f\u00e8re incarc\u00e9rer les \u00e9tudiant-e-s qui n&rsquo;en ont pas en Centre de R\u00e9tention Administrative. Il faut par tous les moyens faire cesser la pression sur certains groupes de population, et avancer vers une politique \u00e9galitariste et solidaire.<\/p>\n<p style=\"text-align: justify;\">La division des \u00e9tudiant-e-s et plus g\u00e9n\u00e9ralement des travailleurs\/euses en diff\u00e9rentes cat\u00e9gories in\u00e9gales et pouss\u00e9es \u00e0 la concurrence fait l\u2019objet d\u2019une politique de construction du march\u00e9 du travail et de la formation\u00a0: l\u2019horizon en est la pressurisation d\u2019une partie consid\u00e9rable et grandissante de la population. Ces cat\u00e9gories inf\u00e9rioris\u00e9es, discrimin\u00e9es servent de laboratoire aux politiques de d\u00e9shumanisation et de pr\u00e9carisation sociale.<\/p>\n<p style=\"text-align: justify;\">Le combat pour l\u2019\u00e9galit\u00e9 des droits entre toutes et tous est essentiel dans la lutte pour la d\u00e9fense et l\u2019am\u00e9lioration de nos conditions de vie, d\u2019\u00e9tudes et de travail. Nous d\u00e9fendons une uniformisation vers le haut des droits des \u00e9tudiant-e-s en Europe et la libert\u00e9 de circulation et d\u2019\u00e9tablissement sans discrimination.<\/p>\n<p style=\"text-align: justify;\">De fa\u00e7on plus large, nous faisons le constat d\u2019un r\u00e9sultat r\u00e9voltant en ce qui concerne les accords Dublin et les politiques europ\u00e9ennes aust\u00e9ritaires et migratoires en g\u00e9n\u00e9ral. Face \u00e0 la fragilisation et \u00e0 la division, il y a n\u00e9cessit\u00e9 de construire un front uni et solidaire afin de lutter pour des politiques de protection des \u00e9tudiant-e-s et des travailleurs\/euses, tant \u00e9trangers\/\u00e8res qu\u2019indig\u00e8nes.<\/p>\n<p style=\"text-align: justify;\">Les syndicats r\u00e9unis dans le secteur \u00e9tudiant du R\u00e9seau europ\u00e9en des syndicats alternatifs et de base, lancent aujourd\u2019hui leur campagne par le biais d\u2019une affiche qui sera diffus\u00e9e dans l\u2019ensemble des \u00e9tablissements de notre r\u00e9seau. L\u2019union de nos syndicats dans un tel r\u00e9seau europ\u00e9en r\u00e9pond \u00e9galement \u00e0 cette n\u00e9cessit\u00e9 de solidarit\u00e9 et d\u2019internationalisme que nous portons \u00e0 travers cette campagne.<\/p>\n<p>\u00c9tudiant-e-s, travailleurs\/euses, ch\u00f4meurs\/euses, pr\u00e9caires, d\u2019ici ou d\u2019ailleurs\u00a0:<br \/>\n<strong>Libert\u00e9 et solidarit\u00e9, \u00e9galit\u00e9 des droits\u00a0!<\/strong><\/p>\n<h4 class=\"western\" align=\"center\"><i>Solidaires \u00e9tudiant-e-s, syndicats de luttes<\/i><\/h4>\n<h4 class=\"western\" align=\"center\">Porte-parolat :\u00a0<i>06.86.80.24.45<\/i><\/h4>\n<h4 class=\"western\" align=\"center\"><i>https:\/\/solidaires-etudiant.org\/site\/<\/i><\/h4>\n<h4 class=\"western\" align=\"center\"><span lang=\"zxx\"><u><a href=\"mailto:contact@solidaires-etudiant-e-s.org\"><i>contact@solidaires-etudiant-e-s.org<\/i><\/a><\/u><\/span><\/h4>\n<p><a href=\"http:\/\/www.solidaires-etudiant.org\/wp-content\/uploads\/2016\/12\/Communiqu\u00e9-etudiantetrangers.pdf\"><img loading=\"lazy\" decoding=\"async\" class=\"aligncenter wp-image-3509 size-full\" src=\"http:\/\/www.solidaires-etudiant.org\/wp-content\/uploads\/2016\/12\/adobe.png\" alt=\"adobe\" width=\"256\" height=\"256\" \/><\/a><\/p>\n","protected":false},"excerpt":{"rendered":"<p>R\u00e9seau europ\u00e9en des syndicats alternatifs et de base \/ Secteur \u00e9tudiant Une [&hellip;]<\/p>\n","protected":false},"author":1,"featured_media":3513,"comment_status":"closed","ping_status":"closed","sticky":false,"template":"","format":"standard","meta":{"cybocfi_hide_featured_image":"","footnotes":""},"categories":[10,15,24,34],"tags":[1049],"class_list":["post-3507","post","type-post","status-publish","format-standard","has-post-thumbnail","hentry","category-communiques","category-droits-etudiants","category-international","category-sanspapiers","tag-slider","col-md-4 col-sm-4"],"featured_image_src":"https:\/\/solidaires-etudiant-e-s.org\/site\/wp-content\/uploads\/2016\/12\/Capture-decran-2016-12-07-a-18.23.44.png","author_info":{"display_name":"Solidaires \u00e9tudiant-e-s","author_link":false},"yoast_head":"<!-- This site is optimized with the Yoast SEO plugin v27.4 - https:\/\/yoast.com\/product\/yoast-seo-wordpress\/ -->\n<title>Une campagne europ\u00e9enne pour l\u2019\u00e9galit\u00e9 des droits - Solidaires \u00e9tudiant-e-s<\/title>\n<meta name=\"robots\" content=\"index, follow, max-snippet:-1, max-image-preview:large, max-video-preview:-1\" \/>\n<link rel=\"canonical\" href=\"https:\/\/solidaires-etudiant-e-s.org\/site\/2016\/12\/07\/une-campagne-europeenne-pour-legalite-des-droits\/\" \/>\n<meta property=\"og:locale\" content=\"fr_FR\" \/>\n<meta property=\"og:type\" content=\"article\" \/>\n<meta property=\"og:title\" content=\"Une campagne europ\u00e9enne pour l\u2019\u00e9galit\u00e9 des droits - Solidaires \u00e9tudiant-e-s\" \/>\n<meta property=\"og:description\" content=\"R\u00e9seau europ\u00e9en des syndicats alternatifs et de base \/ Secteur \u00e9tudiant Une [&hellip;]\" \/>\n<meta property=\"og:url\" content=\"https:\/\/solidaires-etudiant-e-s.org\/site\/2016\/12\/07\/une-campagne-europeenne-pour-legalite-des-droits\/\" \/>\n<meta property=\"og:site_name\" content=\"Solidaires \u00e9tudiant-e-s\" \/>\n<meta property=\"article:publisher\" content=\"https:\/\/www.facebook.com\/solidairesetudiantes\" \/>\n<meta property=\"article:author\" content=\"https:\/\/www.facebook.com\/solidairesetudiantes\" \/>\n<meta property=\"article:published_time\" content=\"2016-12-07T17:21:48+00:00\" \/>\n<meta property=\"article:modified_time\" content=\"2025-05-03T21:42:38+00:00\" \/>\n<meta property=\"og:image\" content=\"https:\/\/solidaires-etudiant-e-s.org\/site\/wp-content\/uploads\/2016\/12\/Capture-decran-2016-12-07-a-18.23.44.png\" \/>\n\t<meta property=\"og:image:width\" content=\"1358\" \/>\n\t<meta property=\"og:image:height\" content=\"839\" \/>\n\t<meta property=\"og:image:type\" content=\"image\/png\" \/>\n<meta name=\"author\" content=\"Solidaires \u00e9tudiant-e-s\" \/>\n<meta name=\"twitter:card\" content=\"summary_large_image\" \/>\n<meta name=\"twitter:creator\" content=\"@SolidairesEtu\" \/>\n<meta name=\"twitter:site\" content=\"@SolidairesEtu\" \/>\n<meta name=\"twitter:label1\" content=\"\u00c9crit par\" \/>\n\t<meta name=\"twitter:data1\" content=\"Solidaires \u00e9tudiant-e-s\" \/>\n\t<meta name=\"twitter:label2\" content=\"Dur\u00e9e de lecture estim\u00e9e\" \/>\n\t<meta name=\"twitter:data2\" content=\"3 minutes\" \/>\n<script type=\"application\/ld+json\" class=\"yoast-schema-graph\">{\"@context\":\"https:\\\/\\\/schema.org\",\"@graph\":[{\"@type\":\"Article\",\"@id\":\"https:\\\/\\\/solidaires-etudiant-e-s.org\\\/site\\\/2016\\\/12\\\/07\\\/une-campagne-europeenne-pour-legalite-des-droits\\\/#article\",\"isPartOf\":{\"@id\":\"https:\\\/\\\/solidaires-etudiant-e-s.org\\\/site\\\/2016\\\/12\\\/07\\\/une-campagne-europeenne-pour-legalite-des-droits\\\/\"},\"author\":{\"name\":\"Solidaires \u00e9tudiant-e-s\",\"@id\":\"https:\\\/\\\/solidaires-etudiant-e-s.org\\\/site\\\/#\\\/schema\\\/person\\\/0efb3e0ff4e2f12b5a5abcd4352aa86c\"},\"headline\":\"Une campagne europ\u00e9enne pour l\u2019\u00e9galit\u00e9 des droits\",\"datePublished\":\"2016-12-07T17:21:48+00:00\",\"dateModified\":\"2025-05-03T21:42:38+00:00\",\"mainEntityOfPage\":{\"@id\":\"https:\\\/\\\/solidaires-etudiant-e-s.org\\\/site\\\/2016\\\/12\\\/07\\\/une-campagne-europeenne-pour-legalite-des-droits\\\/\"},\"wordCount\":544,\"publisher\":{\"@id\":\"https:\\\/\\\/solidaires-etudiant-e-s.org\\\/site\\\/#organization\"},\"image\":{\"@id\":\"https:\\\/\\\/solidaires-etudiant-e-s.org\\\/site\\\/2016\\\/12\\\/07\\\/une-campagne-europeenne-pour-legalite-des-droits\\\/#primaryimage\"},\"thumbnailUrl\":\"https:\\\/\\\/solidaires-etudiant-e-s.org\\\/site\\\/wp-content\\\/uploads\\\/2016\\\/12\\\/Capture-decran-2016-12-07-a-18.23.44.png\",\"keywords\":[\"slider\"],\"articleSection\":[\"COMMUNIQUES NATIONAUX\",\"DROITS ETUDIANTS\",\"INTERNATIONAL\",\"SANS PAPIERS\"],\"inLanguage\":\"fr-FR\"},{\"@type\":\"WebPage\",\"@id\":\"https:\\\/\\\/solidaires-etudiant-e-s.org\\\/site\\\/2016\\\/12\\\/07\\\/une-campagne-europeenne-pour-legalite-des-droits\\\/\",\"url\":\"https:\\\/\\\/solidaires-etudiant-e-s.org\\\/site\\\/2016\\\/12\\\/07\\\/une-campagne-europeenne-pour-legalite-des-droits\\\/\",\"name\":\"Une campagne europ\u00e9enne pour l\u2019\u00e9galit\u00e9 des droits - Solidaires \u00e9tudiant-e-s\",\"isPartOf\":{\"@id\":\"https:\\\/\\\/solidaires-etudiant-e-s.org\\\/site\\\/#website\"},\"primaryImageOfPage\":{\"@id\":\"https:\\\/\\\/solidaires-etudiant-e-s.org\\\/site\\\/2016\\\/12\\\/07\\\/une-campagne-europeenne-pour-legalite-des-droits\\\/#primaryimage\"},\"image\":{\"@id\":\"https:\\\/\\\/solidaires-etudiant-e-s.org\\\/site\\\/2016\\\/12\\\/07\\\/une-campagne-europeenne-pour-legalite-des-droits\\\/#primaryimage\"},\"thumbnailUrl\":\"https:\\\/\\\/solidaires-etudiant-e-s.org\\\/site\\\/wp-content\\\/uploads\\\/2016\\\/12\\\/Capture-decran-2016-12-07-a-18.23.44.png\",\"datePublished\":\"2016-12-07T17:21:48+00:00\",\"dateModified\":\"2025-05-03T21:42:38+00:00\",\"breadcrumb\":{\"@id\":\"https:\\\/\\\/solidaires-etudiant-e-s.org\\\/site\\\/2016\\\/12\\\/07\\\/une-campagne-europeenne-pour-legalite-des-droits\\\/#breadcrumb\"},\"inLanguage\":\"fr-FR\",\"potentialAction\":[{\"@type\":\"ReadAction\",\"target\":[\"https:\\\/\\\/solidaires-etudiant-e-s.org\\\/site\\\/2016\\\/12\\\/07\\\/une-campagne-europeenne-pour-legalite-des-droits\\\/\"]}]},{\"@type\":\"ImageObject\",\"inLanguage\":\"fr-FR\",\"@id\":\"https:\\\/\\\/solidaires-etudiant-e-s.org\\\/site\\\/2016\\\/12\\\/07\\\/une-campagne-europeenne-pour-legalite-des-droits\\\/#primaryimage\",\"url\":\"https:\\\/\\\/solidaires-etudiant-e-s.org\\\/site\\\/wp-content\\\/uploads\\\/2016\\\/12\\\/Capture-decran-2016-12-07-a-18.23.44.png\",\"contentUrl\":\"https:\\\/\\\/solidaires-etudiant-e-s.org\\\/site\\\/wp-content\\\/uploads\\\/2016\\\/12\\\/Capture-decran-2016-12-07-a-18.23.44.png\",\"width\":1358,\"height\":839},{\"@type\":\"BreadcrumbList\",\"@id\":\"https:\\\/\\\/solidaires-etudiant-e-s.org\\\/site\\\/2016\\\/12\\\/07\\\/une-campagne-europeenne-pour-legalite-des-droits\\\/#breadcrumb\",\"itemListElement\":[{\"@type\":\"ListItem\",\"position\":1,\"name\":\"Accueil\",\"item\":\"https:\\\/\\\/solidaires-etudiant-e-s.org\\\/site\\\/\"},{\"@type\":\"ListItem\",\"position\":2,\"name\":\"Une campagne europ\u00e9enne pour l\u2019\u00e9galit\u00e9 des droits\"}]},{\"@type\":\"WebSite\",\"@id\":\"https:\\\/\\\/solidaires-etudiant-e-s.org\\\/site\\\/#website\",\"url\":\"https:\\\/\\\/solidaires-etudiant-e-s.org\\\/site\\\/\",\"name\":\"Solidaires \u00e9tudiant-e-s\",\"description\":\"Syndicats pour un enseignement sup\u00e9rieur gratuit, ouvert, et \u00e9mancipateur !\",\"publisher\":{\"@id\":\"https:\\\/\\\/solidaires-etudiant-e-s.org\\\/site\\\/#organization\"},\"potentialAction\":[{\"@type\":\"SearchAction\",\"target\":{\"@type\":\"EntryPoint\",\"urlTemplate\":\"https:\\\/\\\/solidaires-etudiant-e-s.org\\\/site\\\/?s={search_term_string}\"},\"query-input\":{\"@type\":\"PropertyValueSpecification\",\"valueRequired\":true,\"valueName\":\"search_term_string\"}}],\"inLanguage\":\"fr-FR\"},{\"@type\":\"Organization\",\"@id\":\"https:\\\/\\\/solidaires-etudiant-e-s.org\\\/site\\\/#organization\",\"name\":\"Solidaires \u00e9tudiant-e-s\",\"url\":\"https:\\\/\\\/solidaires-etudiant-e-s.org\\\/site\\\/\",\"logo\":{\"@type\":\"ImageObject\",\"inLanguage\":\"fr-FR\",\"@id\":\"https:\\\/\\\/solidaires-etudiant-e-s.org\\\/site\\\/#\\\/schema\\\/logo\\\/image\\\/\",\"url\":\"https:\\\/\\\/solidaires-etudiant-e-s.org\\\/site\\\/wp-content\\\/uploads\\\/2025\\\/12\\\/13-1.png\",\"contentUrl\":\"https:\\\/\\\/solidaires-etudiant-e-s.org\\\/site\\\/wp-content\\\/uploads\\\/2025\\\/12\\\/13-1.png\",\"width\":1181,\"height\":827,\"caption\":\"Solidaires \u00e9tudiant-e-s\"},\"image\":{\"@id\":\"https:\\\/\\\/solidaires-etudiant-e-s.org\\\/site\\\/#\\\/schema\\\/logo\\\/image\\\/\"},\"sameAs\":[\"https:\\\/\\\/www.facebook.com\\\/solidairesetudiantes\",\"https:\\\/\\\/x.com\\\/SolidairesEtu\",\"https:\\\/\\\/www.instagram.com\\\/solidairesetu\\\/\",\"https:\\\/\\\/bsky.app\\\/profile\\\/solidaires-etudiant-e-s.org\",\"https:\\\/\\\/mastodon.social\\\/@solidairesetu\",\"https:\\\/\\\/www.youtube.com\\\/channel\\\/UC_iZN9gmVAAnXbBM7wAWOag\"]},{\"@type\":\"Person\",\"@id\":\"https:\\\/\\\/solidaires-etudiant-e-s.org\\\/site\\\/#\\\/schema\\\/person\\\/0efb3e0ff4e2f12b5a5abcd4352aa86c\",\"name\":\"Solidaires \u00e9tudiant-e-s\",\"image\":{\"@type\":\"ImageObject\",\"inLanguage\":\"fr-FR\",\"@id\":\"https:\\\/\\\/solidaires-etudiant-e-s.org\\\/site\\\/wp-content\\\/uploads\\\/2020\\\/01\\\/logo-SESL-rond-512-96x96.png\",\"url\":\"https:\\\/\\\/solidaires-etudiant-e-s.org\\\/site\\\/wp-content\\\/uploads\\\/2020\\\/01\\\/logo-SESL-rond-512-96x96.png\",\"contentUrl\":\"https:\\\/\\\/solidaires-etudiant-e-s.org\\\/site\\\/wp-content\\\/uploads\\\/2020\\\/01\\\/logo-SESL-rond-512-96x96.png\",\"caption\":\"Solidaires \u00e9tudiant-e-s\"},\"sameAs\":[\"https:\\\/\\\/solidaires-etudiant.org\\\/site\",\"https:\\\/\\\/www.facebook.com\\\/solidairesetudiantes\",\"https:\\\/\\\/www.instagram.com\\\/solidairesetu\",\"https:\\\/\\\/x.com\\\/SolidairesEtu\",\"https:\\\/\\\/fr.wikipedia.org\\\/wiki\\\/Solidaires_tudiant-e-s\"]}]}<\/script>\n<!-- \/ Yoast SEO plugin. -->","yoast_head_json":{"title":"Une campagne europ\u00e9enne pour l\u2019\u00e9galit\u00e9 des droits - Solidaires \u00e9tudiant-e-s","robots":{"index":"index","follow":"follow","max-snippet":"max-snippet:-1","max-image-preview":"max-image-preview:large","max-video-preview":"max-video-preview:-1"},"canonical":"https:\/\/solidaires-etudiant-e-s.org\/site\/2016\/12\/07\/une-campagne-europeenne-pour-legalite-des-droits\/","og_locale":"fr_FR","og_type":"article","og_title":"Une campagne europ\u00e9enne pour l\u2019\u00e9galit\u00e9 des droits - Solidaires \u00e9tudiant-e-s","og_description":"R\u00e9seau europ\u00e9en des syndicats alternatifs et de base \/ Secteur \u00e9tudiant Une [&hellip;]","og_url":"https:\/\/solidaires-etudiant-e-s.org\/site\/2016\/12\/07\/une-campagne-europeenne-pour-legalite-des-droits\/","og_site_name":"Solidaires \u00e9tudiant-e-s","article_publisher":"https:\/\/www.facebook.com\/solidairesetudiantes","article_author":"https:\/\/www.facebook.com\/solidairesetudiantes","article_published_time":"2016-12-07T17:21:48+00:00","article_modified_time":"2025-05-03T21:42:38+00:00","og_image":[{"width":1358,"height":839,"url":"https:\/\/solidaires-etudiant-e-s.org\/site\/wp-content\/uploads\/2016\/12\/Capture-decran-2016-12-07-a-18.23.44.png","type":"image\/png"}],"author":"Solidaires \u00e9tudiant-e-s","twitter_card":"summary_large_image","twitter_creator":"@SolidairesEtu","twitter_site":"@SolidairesEtu","twitter_misc":{"\u00c9crit par":"Solidaires \u00e9tudiant-e-s","Dur\u00e9e de lecture estim\u00e9e":"3 minutes"},"schema":{"@context":"https:\/\/schema.org","@graph":[{"@type":"Article","@id":"https:\/\/solidaires-etudiant-e-s.org\/site\/2016\/12\/07\/une-campagne-europeenne-pour-legalite-des-droits\/#article","isPartOf":{"@id":"https:\/\/solidaires-etudiant-e-s.org\/site\/2016\/12\/07\/une-campagne-europeenne-pour-legalite-des-droits\/"},"author":{"name":"Solidaires \u00e9tudiant-e-s","@id":"https:\/\/solidaires-etudiant-e-s.org\/site\/#\/schema\/person\/0efb3e0ff4e2f12b5a5abcd4352aa86c"},"headline":"Une campagne europ\u00e9enne pour l\u2019\u00e9galit\u00e9 des droits","datePublished":"2016-12-07T17:21:48+00:00","dateModified":"2025-05-03T21:42:38+00:00","mainEntityOfPage":{"@id":"https:\/\/solidaires-etudiant-e-s.org\/site\/2016\/12\/07\/une-campagne-europeenne-pour-legalite-des-droits\/"},"wordCount":544,"publisher":{"@id":"https:\/\/solidaires-etudiant-e-s.org\/site\/#organization"},"image":{"@id":"https:\/\/solidaires-etudiant-e-s.org\/site\/2016\/12\/07\/une-campagne-europeenne-pour-legalite-des-droits\/#primaryimage"},"thumbnailUrl":"https:\/\/solidaires-etudiant-e-s.org\/site\/wp-content\/uploads\/2016\/12\/Capture-decran-2016-12-07-a-18.23.44.png","keywords":["slider"],"articleSection":["COMMUNIQUES NATIONAUX","DROITS ETUDIANTS","INTERNATIONAL","SANS PAPIERS"],"inLanguage":"fr-FR"},{"@type":"WebPage","@id":"https:\/\/solidaires-etudiant-e-s.org\/site\/2016\/12\/07\/une-campagne-europeenne-pour-legalite-des-droits\/","url":"https:\/\/solidaires-etudiant-e-s.org\/site\/2016\/12\/07\/une-campagne-europeenne-pour-legalite-des-droits\/","name":"Une campagne europ\u00e9enne pour l\u2019\u00e9galit\u00e9 des droits - Solidaires \u00e9tudiant-e-s","isPartOf":{"@id":"https:\/\/solidaires-etudiant-e-s.org\/site\/#website"},"primaryImageOfPage":{"@id":"https:\/\/solidaires-etudiant-e-s.org\/site\/2016\/12\/07\/une-campagne-europeenne-pour-legalite-des-droits\/#primaryimage"},"image":{"@id":"https:\/\/solidaires-etudiant-e-s.org\/site\/2016\/12\/07\/une-campagne-europeenne-pour-legalite-des-droits\/#primaryimage"},"thumbnailUrl":"https:\/\/solidaires-etudiant-e-s.org\/site\/wp-content\/uploads\/2016\/12\/Capture-decran-2016-12-07-a-18.23.44.png","datePublished":"2016-12-07T17:21:48+00:00","dateModified":"2025-05-03T21:42:38+00:00","breadcrumb":{"@id":"https:\/\/solidaires-etudiant-e-s.org\/site\/2016\/12\/07\/une-campagne-europeenne-pour-legalite-des-droits\/#breadcrumb"},"inLanguage":"fr-FR","potentialAction":[{"@type":"ReadAction","target":["https:\/\/solidaires-etudiant-e-s.org\/site\/2016\/12\/07\/une-campagne-europeenne-pour-legalite-des-droits\/"]}]},{"@type":"ImageObject","inLanguage":"fr-FR","@id":"https:\/\/solidaires-etudiant-e-s.org\/site\/2016\/12\/07\/une-campagne-europeenne-pour-legalite-des-droits\/#primaryimage","url":"https:\/\/solidaires-etudiant-e-s.org\/site\/wp-content\/uploads\/2016\/12\/Capture-decran-2016-12-07-a-18.23.44.png","contentUrl":"https:\/\/solidaires-etudiant-e-s.org\/site\/wp-content\/uploads\/2016\/12\/Capture-decran-2016-12-07-a-18.23.44.png","width":1358,"height":839},{"@type":"BreadcrumbList","@id":"https:\/\/solidaires-etudiant-e-s.org\/site\/2016\/12\/07\/une-campagne-europeenne-pour-legalite-des-droits\/#breadcrumb","itemListElement":[{"@type":"ListItem","position":1,"name":"Accueil","item":"https:\/\/solidaires-etudiant-e-s.org\/site\/"},{"@type":"ListItem","position":2,"name":"Une campagne europ\u00e9enne pour l\u2019\u00e9galit\u00e9 des droits"}]},{"@type":"WebSite","@id":"https:\/\/solidaires-etudiant-e-s.org\/site\/#website","url":"https:\/\/solidaires-etudiant-e-s.org\/site\/","name":"Solidaires \u00e9tudiant-e-s","description":"Syndicats pour un enseignement sup\u00e9rieur gratuit, ouvert, et \u00e9mancipateur !","publisher":{"@id":"https:\/\/solidaires-etudiant-e-s.org\/site\/#organization"},"potentialAction":[{"@type":"SearchAction","target":{"@type":"EntryPoint","urlTemplate":"https:\/\/solidaires-etudiant-e-s.org\/site\/?s={search_term_string}"},"query-input":{"@type":"PropertyValueSpecification","valueRequired":true,"valueName":"search_term_string"}}],"inLanguage":"fr-FR"},{"@type":"Organization","@id":"https:\/\/solidaires-etudiant-e-s.org\/site\/#organization","name":"Solidaires \u00e9tudiant-e-s","url":"https:\/\/solidaires-etudiant-e-s.org\/site\/","logo":{"@type":"ImageObject","inLanguage":"fr-FR","@id":"https:\/\/solidaires-etudiant-e-s.org\/site\/#\/schema\/logo\/image\/","url":"https:\/\/solidaires-etudiant-e-s.org\/site\/wp-content\/uploads\/2025\/12\/13-1.png","contentUrl":"https:\/\/solidaires-etudiant-e-s.org\/site\/wp-content\/uploads\/2025\/12\/13-1.png","width":1181,"height":827,"caption":"Solidaires \u00e9tudiant-e-s"},"image":{"@id":"https:\/\/solidaires-etudiant-e-s.org\/site\/#\/schema\/logo\/image\/"},"sameAs":["https:\/\/www.facebook.com\/solidairesetudiantes","https:\/\/x.com\/SolidairesEtu","https:\/\/www.instagram.com\/solidairesetu\/","https:\/\/bsky.app\/profile\/solidaires-etudiant-e-s.org","https:\/\/mastodon.social\/@solidairesetu","https:\/\/www.youtube.com\/channel\/UC_iZN9gmVAAnXbBM7wAWOag"]},{"@type":"Person","@id":"https:\/\/solidaires-etudiant-e-s.org\/site\/#\/schema\/person\/0efb3e0ff4e2f12b5a5abcd4352aa86c","name":"Solidaires \u00e9tudiant-e-s","image":{"@type":"ImageObject","inLanguage":"fr-FR","@id":"https:\/\/solidaires-etudiant-e-s.org\/site\/wp-content\/uploads\/2020\/01\/logo-SESL-rond-512-96x96.png","url":"https:\/\/solidaires-etudiant-e-s.org\/site\/wp-content\/uploads\/2020\/01\/logo-SESL-rond-512-96x96.png","contentUrl":"https:\/\/solidaires-etudiant-e-s.org\/site\/wp-content\/uploads\/2020\/01\/logo-SESL-rond-512-96x96.png","caption":"Solidaires \u00e9tudiant-e-s"},"sameAs":["https:\/\/solidaires-etudiant.org\/site","https:\/\/www.facebook.com\/solidairesetudiantes","https:\/\/www.instagram.com\/solidairesetu","https:\/\/x.com\/SolidairesEtu","https:\/\/fr.wikipedia.org\/wiki\/Solidaires_tudiant-e-s"]}]}},"_links":{"self":[{"href":"https:\/\/solidaires-etudiant-e-s.org\/site\/wp-json\/wp\/v2\/posts\/3507","targetHints":{"allow":["GET"]}}],"collection":[{"href":"https:\/\/solidaires-etudiant-e-s.org\/site\/wp-json\/wp\/v2\/posts"}],"about":[{"href":"https:\/\/solidaires-etudiant-e-s.org\/site\/wp-json\/wp\/v2\/types\/post"}],"author":[{"embeddable":true,"href":"https:\/\/solidaires-etudiant-e-s.org\/site\/wp-json\/wp\/v2\/users\/1"}],"replies":[{"embeddable":true,"href":"https:\/\/solidaires-etudiant-e-s.org\/site\/wp-json\/wp\/v2\/comments?post=3507"}],"version-history":[{"count":1,"href":"https:\/\/solidaires-etudiant-e-s.org\/site\/wp-json\/wp\/v2\/posts\/3507\/revisions"}],"predecessor-version":[{"id":7629,"href":"https:\/\/solidaires-etudiant-e-s.org\/site\/wp-json\/wp\/v2\/posts\/3507\/revisions\/7629"}],"wp:featuredmedia":[{"embeddable":true,"href":"https:\/\/solidaires-etudiant-e-s.org\/site\/wp-json\/wp\/v2\/media\/3513"}],"wp:attachment":[{"href":"https:\/\/solidaires-etudiant-e-s.org\/site\/wp-json\/wp\/v2\/media?parent=3507"}],"wp:term":[{"taxonomy":"category","embeddable":true,"href":"https:\/\/solidaires-etudiant-e-s.org\/site\/wp-json\/wp\/v2\/categories?post=3507"},{"taxonomy":"post_tag","embeddable":true,"href":"https:\/\/solidaires-etudiant-e-s.org\/site\/wp-json\/wp\/v2\/tags?post=3507"}],"curies":[{"name":"wp","href":"https:\/\/api.w.org\/{rel}","templated":true}]}}