{"id":3359,"date":"2016-09-16T09:33:12","date_gmt":"2016-09-16T07:33:12","guid":{"rendered":"http:\/\/www.solidaires-etudiant.org\/?p=3359"},"modified":"2016-09-16T09:33:12","modified_gmt":"2016-09-16T07:33:12","slug":"selection-en-master-faux-consensus-et-vraie-arnaque","status":"publish","type":"post","link":"https:\/\/solidaires-etudiant-e-s.org\/site\/2016\/09\/16\/selection-en-master-faux-consensus-et-vraie-arnaque\/","title":{"rendered":"S\u00e9lection en master : faux consensus et vraie arnaque ?"},"content":{"rendered":"<p class=\"western\" align=\"left\"><span style=\"font-family: Calibri,sans-serif;\"><span style=\"font-size: medium;\">En cette rentr\u00e9e, la Ministre de l&rsquo;\u00c9ducation Nationale, de l&rsquo;Enseignement Sup\u00e9rieur et de la Recherche (d&rsquo;\u00e9conomies), apr\u00e8s avoir baiss\u00e9 le salaire des doctorant-e-s contractuel-le-s et pi\u00e9tin\u00e9 l&rsquo;insertion des personnels en situation de handicap pour payer quelques vigiles, a annonc\u00e9 une \u00ab r\u00e9forme du master \u00bb applicable \u00e0 la rentr\u00e9e 2017.<\/span><\/span><\/p>\n<p class=\"western\" align=\"left\"><span style=\"font-family: Calibri,sans-serif;\"><span style=\"font-size: medium;\"><br \/>\nLa Ministre, apr\u00e8s avoir dialogu\u00e9 avec les pr\u00e9sidences d&rsquo;universit\u00e9s (CPU et CURIF) et des organisations \u00e9tudiantes (FAGE, UNEF), croit avoir trouv\u00e9 un consensus entre la mise en place d&rsquo;une s\u00e9lection en master, d\u00e8s l&rsquo;entr\u00e9e en M1, et un \u00ab doit \u00e0 la poursuite d&rsquo;\u00e9tudes \u00bb pour tou-te-s les dipl\u00f4m\u00e9-e-s de licence.<\/span><\/span><\/p>\n<p class=\"western\" align=\"left\"><span style=\"font-family: Calibri,sans-serif;\"><span style=\"font-size: large;\"><span style=\"font-size: medium;\"><br \/>\n<\/span><b><span style=\"font-size: medium;\">Rappelons que, en mai dernier, le Minist\u00e8re avait pris un d\u00e9cret pour permettre aux universit\u00e9s de s\u00e9lectionner entre le M1 et le M2<\/span><\/b><span style=\"font-size: medium;\"> dans la majorit\u00e9 des masters. Si on suit les quelques informations distill\u00e9es par la Ministre dans une interview donn\u00e9e aux \u00c9chos, cette s\u00e9lection entre le M1 et le M2 dispara\u00eetrait au profit d&rsquo;une s\u00e9lection d\u00e8s le M1, arguant que le Master est un dipl\u00f4me coh\u00e9rent de 4 semestres qu&rsquo;on ne coupe pas en 2 &#8211; du bon sens par ailleurs -.<br \/>\n<\/span><b><span style=\"font-size: medium;\">Refusant de parler de \u00ab s\u00e9lection \u00bb, la Ministre parle d&rsquo;un \u00ab recrutement \u00bb bas\u00e9 sur des crit\u00e8res transparents tels que \u00ab la motivation, le niveau p\u00e9dagogique et le projet de l&rsquo;\u00e9tudiant \u00bb.<\/span><\/b><span style=\"font-size: medium;\"> Des <\/span><span style=\"font-size: medium;\">crit\u00e8res<\/span><span style=\"font-size: medium;\"> assez flous pour que l&rsquo;entr\u00e9e en M1 soit conditionn\u00e9e par des notes \u00e9liminatoires et\/ou par des entretiens d&rsquo;entr\u00e9e.<\/span><\/span><\/span><\/p>\n<p class=\"western\" align=\"left\"><span style=\"font-family: Calibri,sans-serif;\"><span style=\"font-size: large;\"><span style=\"font-size: medium;\"><br \/>\n<\/span><b><span style=\"font-size: medium;\">L&rsquo;arnaque du \u00ab droit \u00e0 la poursuite d&rsquo;\u00e9tudes \u00bb : vers des \u00ab masters poubelles \u00bb et\/ou un APB version masters ?<\/span><\/b><\/span><\/span><\/p>\n<p class=\"western\" align=\"left\"><span style=\"font-family: Calibri,sans-serif;\"><span style=\"font-size: medium;\"><br \/>\nPour faire avaler sa r\u00e9forme, la Ministre propose de mettre en place un \u00ab droit \u00e0 la poursuite d&rsquo;\u00e9tudes \u00bb : tout-e dipl\u00f4m\u00e9-e de licence aura \u00ab droit \u00bb \u00e0 une poursuite d&rsquo;\u00e9tudes en master.<br \/>\nCe proc\u00e9d\u00e9 all\u00e9chant am\u00e8ne 3 <\/span><\/span><span style=\"font-family: Calibri,sans-serif;\"><span style=\"font-size: medium;\">probl\u00e8mes<\/span><\/span><span style=\"font-family: Calibri,sans-serif;\"><span style=\"font-size: medium;\"> majeurs :<\/span><\/span><\/p>\n<p class=\"western\" align=\"left\"><span style=\"font-family: Calibri,sans-serif;\"><span style=\"font-size: medium;\"><br \/>\n\u2022<\/span><\/span><span style=\"font-family: Calibri,sans-serif;\"><span style=\"font-size: medium;\"><b> une <\/b><\/span><\/span><span style=\"font-family: Calibri,sans-serif;\"><span style=\"font-size: medium;\"><b>hi\u00e9rarchisation<\/b><\/span><\/span><span style=\"font-family: Calibri,sans-serif;\"><span style=\"font-size: medium;\"><b> croissante des masters<\/b><\/span><\/span><span style=\"font-family: Calibri,sans-serif;\"><span style=\"font-size: medium;\"> entre <\/span><\/span><span style=\"font-family: Calibri,sans-serif;\"><span style=\"font-size: medium;\">ceux qui sont<\/span><\/span><span style=\"font-family: Calibri,sans-serif;\"><span style=\"font-size: medium;\"> tr\u00e8s pris\u00e9s, qui s\u00e9lectionneront leurs \u00e9tudiant-e-s, et les masters peu pris\u00e9s, qui se <\/span><\/span><span style=\"font-family: Calibri,sans-serif;\"><span style=\"font-size: medium;\">verront<\/span><\/span><span style=\"font-family: Calibri,sans-serif;\"><span style=\"font-size: medium;\"> attribu\u00e9s des <\/span><\/span><span style=\"font-family: Calibri,sans-serif;\"><span style=\"font-size: medium;\">\u00e9tudiant-e-s<\/span><\/span><span style=\"font-family: Calibri,sans-serif;\"><span style=\"font-size: medium;\"> refus\u00e9-e-s ailleurs. C&rsquo;est la cr\u00e9ation de masters \u00e9tiquet\u00e9s \u00ab d&rsquo;\u00e9lite \u00bb ou \u00e9tiquet\u00e9s \u00ab poubelle \u00bb qui est en jeu.<\/span><\/span><\/p>\n<p class=\"western\" align=\"left\"><span style=\"font-family: Calibri,sans-serif;\"><span style=\"font-size: medium;\"><br \/>\n\u2022 <\/span><\/span><span style=\"font-family: Calibri,sans-serif;\"><span style=\"font-size: medium;\"><b>une mobilit\u00e9 forc\u00e9e des \u00e9tudiant-e-s<\/b><\/span><\/span><span style=\"font-family: Calibri,sans-serif;\"><span style=\"font-size: medium;\">. A quelle \u00e9chelle s&rsquo;exercera ce droit ? On le voit mal s&rsquo;exercer \u00e0 la simple \u00e9chelle de l&rsquo;\u00e9tablissement sauf \u00e0 demander \u00e0 des \u00e9tudiant-e-s de changer de discipline. La Ministre imagine plus un droit \u00e0 \u00e9chelle acad\u00e9mique, ce qui implique une mobilit\u00e9 forc\u00e9e qui n&rsquo;est pas sans r\u00e9percussion financi\u00e8re pour des \u00e9tudiant-e-s qui, pour une part non n\u00e9gligeable d&rsquo;entre elles\/eux, vivent chez leur(s) <\/span><\/span><span style=\"font-family: Calibri,sans-serif;\"><span style=\"font-size: medium;\">p<\/span><\/span><span style=\"font-family: Calibri,sans-serif;\"><span style=\"font-size: medium;\">arent(s).<\/span><\/span><\/p>\n<p class=\"western\" align=\"left\"><span style=\"font-family: Calibri,sans-serif;\"><span style=\"font-size: medium;\"><br \/>\n\u2022<\/span><\/span><span style=\"font-family: Calibri,sans-serif;\"><span style=\"font-size: medium;\"><b> une structure bureaucratique de type Admission PostBac <\/b><\/span><\/span><span style=\"font-family: Calibri,sans-serif;\"><span style=\"font-size: medium;\">(APB) pour g\u00e9rer l&rsquo;acc\u00e8s \u00e0 la formation en master avec un durcissement du calendrier et des r\u00e8gles <\/span><\/span><span style=\"font-family: Calibri,sans-serif;\"><span style=\"font-size: medium;\">administratives<\/span><\/span><span style=\"font-family: Calibri,sans-serif;\"><span style=\"font-size: medium;\"> d&rsquo;acc\u00e8s. Rappelons qu&rsquo;APB n&rsquo;est pas qu&rsquo;une plate-forme num\u00e9rique, c&rsquo;est surtout un dispositif de gestion et de s\u00e9lection des futur-e-s \u00e9tudiant-e-s : exit l&rsquo;\u00ab orientation \u00bb choisie, vive l&rsquo;\u00ab orientation \u00bb impos\u00e9e par un algorithme.<\/span><\/span><\/p>\n<p class=\"western\" align=\"left\"><span style=\"font-family: Calibri,sans-serif;\"><span style=\"font-size: medium;\"><br \/>\nEn bref, derri\u00e8re un <\/span><\/span><span style=\"font-family: Calibri,sans-serif;\"><span style=\"font-size: medium;\">apparent<\/span><\/span><span style=\"font-family: Calibri,sans-serif;\"><span style=\"font-size: medium;\"> \u00ab consensus \u00bb, le Minist\u00e8re pr\u00e9pare une r\u00e9forme p\u00e9rilleuse pour les \u00e9tudiant-e-s : une s\u00e9lection en master accompagn\u00e9e d&rsquo;une usine \u00e0 gaz potentielle aux effets tout aussi s\u00e9lectifs. <\/span><\/span><span style=\"font-family: Calibri,sans-serif;\"><span style=\"font-size: medium;\">De plus, ce plan montre bien \u00e0 quel point la ministre ignore les r\u00e9alit\u00e9s de l&rsquo;enseignement \u00e0 l&rsquo;universit\u00e9. Il est absurde de s\u00e9lectionner des \u00e9tudiant-e-s se destinant \u00e0 la recherche avant m\u00eame qu&rsquo;iels aient commenc\u00e9 \u00e0 approcher, comme iels le font \u00e0 partir du master, la pratique de la recherche. <\/span><\/span><\/p>\n<p class=\"western\" align=\"left\"><span style=\"font-family: Calibri,sans-serif;\"><span style=\"font-size: large;\"><span style=\"font-size: medium;\"><br \/>\n<\/span><b><span style=\"font-size: medium;\">Solidaires \u00c9tudiant-e-s rappelle son attachement \u00e0 un enseignement non s\u00e9lectif.<\/span><\/b><span style=\"font-size: medium;\"> L&rsquo;obtention de la licence, dipl\u00f4me orient\u00e9 vers la poursuite d&rsquo;\u00e9tudes, doit entra\u00eener l&rsquo;acc\u00e8s \u00e0 un master dans la m\u00eame mention. Nous refusons de nous soumettre \u00e0 des arguments \u00e9litistes ou gestionnaires : si la qualit\u00e9 de la formation est insuffisante ou d\u00e9grad\u00e9e en licence, c&rsquo;est d&rsquo;abord parce que\u00a0 les moyens n&rsquo;y sont pas. On ne r\u00e9ussit pas une licence, \u00e0 fortiori pour aller en master, quand on est 50 en TD pour 30 places assises, quand on se bat pour avoir 10 vid\u00e9oprojecteurs pour toute une composante, quand plus de la moiti\u00e9 des heures d&rsquo;enseignement sont assur\u00e9s par des personnels non-titulaires form\u00e9-e-s sur le tas et sous-pay\u00e9-e-s\u2026<\/span><\/span><\/span><\/p>\n<p class=\"western\" align=\"left\"><span style=\"font-family: Calibri,sans-serif;\"><span style=\"font-size: large;\"><span style=\"font-size: medium;\"><br \/>\nAlors que la Ministre promet un pr\u00e9-projet issu de n\u00e9gociations d\u00e8s octobre, informons, \u00e9changeons et d\u00e9battons pour se mobiliser ensuite contre une r\u00e9forme qui affectera directement nos parcours d&rsquo;\u00e9tudes.<\/span><\/span><\/span><\/p>\n<p class=\"western\" align=\"left\">\n<p class=\"western\" align=\"left\"><a href=\"http:\/\/www.solidaires-etudiant.org\/wp-content\/uploads\/2016\/09\/Communiqu\u00e9-Selection-Master-faux-consensus.pdf\"><img loading=\"lazy\" decoding=\"async\" class=\"aligncenter size-thumbnail wp-image-274\" src=\"http:\/\/www.solidaires-etudiant.org\/wp-content\/uploads\/2014\/02\/adobe-150x150.png\" alt=\"pdf\" width=\"150\" height=\"150\" srcset=\"https:\/\/solidaires-etudiant-e-s.org\/site\/wp-content\/uploads\/2014\/02\/adobe-150x150.png 150w, https:\/\/solidaires-etudiant-e-s.org\/site\/wp-content\/uploads\/2014\/02\/adobe.png 256w\" sizes=\"auto, (max-width: 150px) 100vw, 150px\" \/><\/a><\/p>\n","protected":false},"excerpt":{"rendered":"<p>En cette rentr\u00e9e, la Ministre de l&rsquo;\u00c9ducation Nationale, de l&rsquo;Enseignement Sup\u00e9rieur et [&hellip;]<\/p>\n","protected":false},"author":1,"featured_media":3360,"comment_status":"closed","ping_status":"closed","sticky":false,"template":"","format":"standard","meta":{"cybocfi_hide_featured_image":"","footnotes":""},"categories":[3,10,15,18],"tags":[308,467,1049],"class_list":["post-3359","post","type-post","status-publish","format-standard","has-post-thumbnail","hentry","category-analyses","category-communiques","category-droits-etudiants","category-esr","tag-communiques-2","tag-enseignement-superieur","tag-slider","col-md-4 col-sm-4"],"featured_image_src":"https:\/\/solidaires-etudiant-e-s.org\/site\/wp-content\/uploads\/2016\/09\/847729-thierry-mandon-rea-580x310-1.jpg","author_info":{"display_name":"Solidaires \u00e9tudiant-e-s","author_link":false},"yoast_head":"<!-- This site is optimized with the Yoast SEO plugin v27.4 - https:\/\/yoast.com\/product\/yoast-seo-wordpress\/ -->\n<title>S\u00e9lection en master : faux consensus et vraie arnaque ? - Solidaires \u00e9tudiant-e-s<\/title>\n<meta name=\"robots\" content=\"index, follow, max-snippet:-1, max-image-preview:large, max-video-preview:-1\" \/>\n<link rel=\"canonical\" href=\"https:\/\/solidaires-etudiant-e-s.org\/site\/2016\/09\/16\/selection-en-master-faux-consensus-et-vraie-arnaque\/\" \/>\n<meta property=\"og:locale\" content=\"fr_FR\" \/>\n<meta property=\"og:type\" content=\"article\" \/>\n<meta property=\"og:title\" content=\"S\u00e9lection en master : faux consensus et vraie arnaque ? - Solidaires \u00e9tudiant-e-s\" \/>\n<meta property=\"og:description\" content=\"En cette rentr\u00e9e, la Ministre de l&rsquo;\u00c9ducation Nationale, de l&rsquo;Enseignement Sup\u00e9rieur et [&hellip;]\" \/>\n<meta property=\"og:url\" content=\"https:\/\/solidaires-etudiant-e-s.org\/site\/2016\/09\/16\/selection-en-master-faux-consensus-et-vraie-arnaque\/\" \/>\n<meta property=\"og:site_name\" content=\"Solidaires \u00e9tudiant-e-s\" \/>\n<meta property=\"article:publisher\" content=\"https:\/\/www.facebook.com\/solidairesetudiantes\" \/>\n<meta property=\"article:author\" content=\"https:\/\/www.facebook.com\/solidairesetudiantes\" \/>\n<meta property=\"article:published_time\" content=\"2016-09-16T07:33:12+00:00\" \/>\n<meta property=\"og:image\" content=\"https:\/\/solidaires-etudiant-e-s.org\/site\/wp-content\/uploads\/2016\/09\/847729-thierry-mandon-rea-580x310-1.jpg\" \/>\n\t<meta property=\"og:image:width\" content=\"580\" \/>\n\t<meta property=\"og:image:height\" content=\"310\" \/>\n\t<meta property=\"og:image:type\" content=\"image\/jpeg\" \/>\n<meta name=\"author\" content=\"Solidaires \u00e9tudiant-e-s\" \/>\n<meta name=\"twitter:card\" content=\"summary_large_image\" \/>\n<meta name=\"twitter:creator\" content=\"@SolidairesEtu\" \/>\n<meta name=\"twitter:site\" content=\"@SolidairesEtu\" \/>\n<meta name=\"twitter:label1\" content=\"\u00c9crit par\" \/>\n\t<meta name=\"twitter:data1\" content=\"Solidaires \u00e9tudiant-e-s\" \/>\n\t<meta name=\"twitter:label2\" content=\"Dur\u00e9e de lecture estim\u00e9e\" \/>\n\t<meta name=\"twitter:data2\" content=\"4 minutes\" \/>\n<script type=\"application\/ld+json\" class=\"yoast-schema-graph\">{\"@context\":\"https:\\\/\\\/schema.org\",\"@graph\":[{\"@type\":\"Article\",\"@id\":\"https:\\\/\\\/solidaires-etudiant-e-s.org\\\/site\\\/2016\\\/09\\\/16\\\/selection-en-master-faux-consensus-et-vraie-arnaque\\\/#article\",\"isPartOf\":{\"@id\":\"https:\\\/\\\/solidaires-etudiant-e-s.org\\\/site\\\/2016\\\/09\\\/16\\\/selection-en-master-faux-consensus-et-vraie-arnaque\\\/\"},\"author\":{\"name\":\"Solidaires \u00e9tudiant-e-s\",\"@id\":\"https:\\\/\\\/solidaires-etudiant-e-s.org\\\/site\\\/#\\\/schema\\\/person\\\/0efb3e0ff4e2f12b5a5abcd4352aa86c\"},\"headline\":\"S\u00e9lection en master : faux consensus et vraie arnaque ?\",\"datePublished\":\"2016-09-16T07:33:12+00:00\",\"mainEntityOfPage\":{\"@id\":\"https:\\\/\\\/solidaires-etudiant-e-s.org\\\/site\\\/2016\\\/09\\\/16\\\/selection-en-master-faux-consensus-et-vraie-arnaque\\\/\"},\"wordCount\":795,\"publisher\":{\"@id\":\"https:\\\/\\\/solidaires-etudiant-e-s.org\\\/site\\\/#organization\"},\"image\":{\"@id\":\"https:\\\/\\\/solidaires-etudiant-e-s.org\\\/site\\\/2016\\\/09\\\/16\\\/selection-en-master-faux-consensus-et-vraie-arnaque\\\/#primaryimage\"},\"thumbnailUrl\":\"https:\\\/\\\/solidaires-etudiant-e-s.org\\\/site\\\/wp-content\\\/uploads\\\/2016\\\/09\\\/847729-thierry-mandon-rea-580x310-1.jpg\",\"keywords\":[\"communiqu\u00e9s\",\"enseignement sup\u00e9rieur\",\"slider\"],\"articleSection\":[\"ANALYSES\",\"COMMUNIQUES NATIONAUX\",\"DROITS ETUDIANTS\",\"ENSEIGNEMENT SUPERIEUR\"],\"inLanguage\":\"fr-FR\"},{\"@type\":\"WebPage\",\"@id\":\"https:\\\/\\\/solidaires-etudiant-e-s.org\\\/site\\\/2016\\\/09\\\/16\\\/selection-en-master-faux-consensus-et-vraie-arnaque\\\/\",\"url\":\"https:\\\/\\\/solidaires-etudiant-e-s.org\\\/site\\\/2016\\\/09\\\/16\\\/selection-en-master-faux-consensus-et-vraie-arnaque\\\/\",\"name\":\"S\u00e9lection en master : faux consensus et vraie arnaque ? - Solidaires \u00e9tudiant-e-s\",\"isPartOf\":{\"@id\":\"https:\\\/\\\/solidaires-etudiant-e-s.org\\\/site\\\/#website\"},\"primaryImageOfPage\":{\"@id\":\"https:\\\/\\\/solidaires-etudiant-e-s.org\\\/site\\\/2016\\\/09\\\/16\\\/selection-en-master-faux-consensus-et-vraie-arnaque\\\/#primaryimage\"},\"image\":{\"@id\":\"https:\\\/\\\/solidaires-etudiant-e-s.org\\\/site\\\/2016\\\/09\\\/16\\\/selection-en-master-faux-consensus-et-vraie-arnaque\\\/#primaryimage\"},\"thumbnailUrl\":\"https:\\\/\\\/solidaires-etudiant-e-s.org\\\/site\\\/wp-content\\\/uploads\\\/2016\\\/09\\\/847729-thierry-mandon-rea-580x310-1.jpg\",\"datePublished\":\"2016-09-16T07:33:12+00:00\",\"breadcrumb\":{\"@id\":\"https:\\\/\\\/solidaires-etudiant-e-s.org\\\/site\\\/2016\\\/09\\\/16\\\/selection-en-master-faux-consensus-et-vraie-arnaque\\\/#breadcrumb\"},\"inLanguage\":\"fr-FR\",\"potentialAction\":[{\"@type\":\"ReadAction\",\"target\":[\"https:\\\/\\\/solidaires-etudiant-e-s.org\\\/site\\\/2016\\\/09\\\/16\\\/selection-en-master-faux-consensus-et-vraie-arnaque\\\/\"]}]},{\"@type\":\"ImageObject\",\"inLanguage\":\"fr-FR\",\"@id\":\"https:\\\/\\\/solidaires-etudiant-e-s.org\\\/site\\\/2016\\\/09\\\/16\\\/selection-en-master-faux-consensus-et-vraie-arnaque\\\/#primaryimage\",\"url\":\"https:\\\/\\\/solidaires-etudiant-e-s.org\\\/site\\\/wp-content\\\/uploads\\\/2016\\\/09\\\/847729-thierry-mandon-rea-580x310-1.jpg\",\"contentUrl\":\"https:\\\/\\\/solidaires-etudiant-e-s.org\\\/site\\\/wp-content\\\/uploads\\\/2016\\\/09\\\/847729-thierry-mandon-rea-580x310-1.jpg\",\"width\":580,\"height\":310},{\"@type\":\"BreadcrumbList\",\"@id\":\"https:\\\/\\\/solidaires-etudiant-e-s.org\\\/site\\\/2016\\\/09\\\/16\\\/selection-en-master-faux-consensus-et-vraie-arnaque\\\/#breadcrumb\",\"itemListElement\":[{\"@type\":\"ListItem\",\"position\":1,\"name\":\"Accueil\",\"item\":\"https:\\\/\\\/solidaires-etudiant-e-s.org\\\/site\\\/\"},{\"@type\":\"ListItem\",\"position\":2,\"name\":\"S\u00e9lection en master : faux consensus et vraie arnaque ?\"}]},{\"@type\":\"WebSite\",\"@id\":\"https:\\\/\\\/solidaires-etudiant-e-s.org\\\/site\\\/#website\",\"url\":\"https:\\\/\\\/solidaires-etudiant-e-s.org\\\/site\\\/\",\"name\":\"Solidaires \u00e9tudiant-e-s\",\"description\":\"Syndicats pour un enseignement sup\u00e9rieur gratuit, ouvert, et \u00e9mancipateur !\",\"publisher\":{\"@id\":\"https:\\\/\\\/solidaires-etudiant-e-s.org\\\/site\\\/#organization\"},\"potentialAction\":[{\"@type\":\"SearchAction\",\"target\":{\"@type\":\"EntryPoint\",\"urlTemplate\":\"https:\\\/\\\/solidaires-etudiant-e-s.org\\\/site\\\/?s={search_term_string}\"},\"query-input\":{\"@type\":\"PropertyValueSpecification\",\"valueRequired\":true,\"valueName\":\"search_term_string\"}}],\"inLanguage\":\"fr-FR\"},{\"@type\":\"Organization\",\"@id\":\"https:\\\/\\\/solidaires-etudiant-e-s.org\\\/site\\\/#organization\",\"name\":\"Solidaires \u00e9tudiant-e-s\",\"url\":\"https:\\\/\\\/solidaires-etudiant-e-s.org\\\/site\\\/\",\"logo\":{\"@type\":\"ImageObject\",\"inLanguage\":\"fr-FR\",\"@id\":\"https:\\\/\\\/solidaires-etudiant-e-s.org\\\/site\\\/#\\\/schema\\\/logo\\\/image\\\/\",\"url\":\"https:\\\/\\\/solidaires-etudiant-e-s.org\\\/site\\\/wp-content\\\/uploads\\\/2025\\\/12\\\/13-1.png\",\"contentUrl\":\"https:\\\/\\\/solidaires-etudiant-e-s.org\\\/site\\\/wp-content\\\/uploads\\\/2025\\\/12\\\/13-1.png\",\"width\":1181,\"height\":827,\"caption\":\"Solidaires \u00e9tudiant-e-s\"},\"image\":{\"@id\":\"https:\\\/\\\/solidaires-etudiant-e-s.org\\\/site\\\/#\\\/schema\\\/logo\\\/image\\\/\"},\"sameAs\":[\"https:\\\/\\\/www.facebook.com\\\/solidairesetudiantes\",\"https:\\\/\\\/x.com\\\/SolidairesEtu\",\"https:\\\/\\\/www.instagram.com\\\/solidairesetu\\\/\",\"https:\\\/\\\/bsky.app\\\/profile\\\/solidaires-etudiant-e-s.org\",\"https:\\\/\\\/mastodon.social\\\/@solidairesetu\",\"https:\\\/\\\/www.youtube.com\\\/channel\\\/UC_iZN9gmVAAnXbBM7wAWOag\"]},{\"@type\":\"Person\",\"@id\":\"https:\\\/\\\/solidaires-etudiant-e-s.org\\\/site\\\/#\\\/schema\\\/person\\\/0efb3e0ff4e2f12b5a5abcd4352aa86c\",\"name\":\"Solidaires \u00e9tudiant-e-s\",\"image\":{\"@type\":\"ImageObject\",\"inLanguage\":\"fr-FR\",\"@id\":\"https:\\\/\\\/solidaires-etudiant-e-s.org\\\/site\\\/wp-content\\\/uploads\\\/2020\\\/01\\\/logo-SESL-rond-512-96x96.png\",\"url\":\"https:\\\/\\\/solidaires-etudiant-e-s.org\\\/site\\\/wp-content\\\/uploads\\\/2020\\\/01\\\/logo-SESL-rond-512-96x96.png\",\"contentUrl\":\"https:\\\/\\\/solidaires-etudiant-e-s.org\\\/site\\\/wp-content\\\/uploads\\\/2020\\\/01\\\/logo-SESL-rond-512-96x96.png\",\"caption\":\"Solidaires \u00e9tudiant-e-s\"},\"sameAs\":[\"https:\\\/\\\/solidaires-etudiant.org\\\/site\",\"https:\\\/\\\/www.facebook.com\\\/solidairesetudiantes\",\"https:\\\/\\\/www.instagram.com\\\/solidairesetu\",\"https:\\\/\\\/x.com\\\/SolidairesEtu\",\"https:\\\/\\\/fr.wikipedia.org\\\/wiki\\\/Solidaires_tudiant-e-s\"]}]}<\/script>\n<!-- \/ Yoast SEO plugin. -->","yoast_head_json":{"title":"S\u00e9lection en master : faux consensus et vraie arnaque ? - Solidaires \u00e9tudiant-e-s","robots":{"index":"index","follow":"follow","max-snippet":"max-snippet:-1","max-image-preview":"max-image-preview:large","max-video-preview":"max-video-preview:-1"},"canonical":"https:\/\/solidaires-etudiant-e-s.org\/site\/2016\/09\/16\/selection-en-master-faux-consensus-et-vraie-arnaque\/","og_locale":"fr_FR","og_type":"article","og_title":"S\u00e9lection en master : faux consensus et vraie arnaque ? - Solidaires \u00e9tudiant-e-s","og_description":"En cette rentr\u00e9e, la Ministre de l&rsquo;\u00c9ducation Nationale, de l&rsquo;Enseignement Sup\u00e9rieur et [&hellip;]","og_url":"https:\/\/solidaires-etudiant-e-s.org\/site\/2016\/09\/16\/selection-en-master-faux-consensus-et-vraie-arnaque\/","og_site_name":"Solidaires \u00e9tudiant-e-s","article_publisher":"https:\/\/www.facebook.com\/solidairesetudiantes","article_author":"https:\/\/www.facebook.com\/solidairesetudiantes","article_published_time":"2016-09-16T07:33:12+00:00","og_image":[{"width":580,"height":310,"url":"https:\/\/solidaires-etudiant-e-s.org\/site\/wp-content\/uploads\/2016\/09\/847729-thierry-mandon-rea-580x310-1.jpg","type":"image\/jpeg"}],"author":"Solidaires \u00e9tudiant-e-s","twitter_card":"summary_large_image","twitter_creator":"@SolidairesEtu","twitter_site":"@SolidairesEtu","twitter_misc":{"\u00c9crit par":"Solidaires \u00e9tudiant-e-s","Dur\u00e9e de lecture estim\u00e9e":"4 minutes"},"schema":{"@context":"https:\/\/schema.org","@graph":[{"@type":"Article","@id":"https:\/\/solidaires-etudiant-e-s.org\/site\/2016\/09\/16\/selection-en-master-faux-consensus-et-vraie-arnaque\/#article","isPartOf":{"@id":"https:\/\/solidaires-etudiant-e-s.org\/site\/2016\/09\/16\/selection-en-master-faux-consensus-et-vraie-arnaque\/"},"author":{"name":"Solidaires \u00e9tudiant-e-s","@id":"https:\/\/solidaires-etudiant-e-s.org\/site\/#\/schema\/person\/0efb3e0ff4e2f12b5a5abcd4352aa86c"},"headline":"S\u00e9lection en master : faux consensus et vraie arnaque ?","datePublished":"2016-09-16T07:33:12+00:00","mainEntityOfPage":{"@id":"https:\/\/solidaires-etudiant-e-s.org\/site\/2016\/09\/16\/selection-en-master-faux-consensus-et-vraie-arnaque\/"},"wordCount":795,"publisher":{"@id":"https:\/\/solidaires-etudiant-e-s.org\/site\/#organization"},"image":{"@id":"https:\/\/solidaires-etudiant-e-s.org\/site\/2016\/09\/16\/selection-en-master-faux-consensus-et-vraie-arnaque\/#primaryimage"},"thumbnailUrl":"https:\/\/solidaires-etudiant-e-s.org\/site\/wp-content\/uploads\/2016\/09\/847729-thierry-mandon-rea-580x310-1.jpg","keywords":["communiqu\u00e9s","enseignement sup\u00e9rieur","slider"],"articleSection":["ANALYSES","COMMUNIQUES NATIONAUX","DROITS ETUDIANTS","ENSEIGNEMENT SUPERIEUR"],"inLanguage":"fr-FR"},{"@type":"WebPage","@id":"https:\/\/solidaires-etudiant-e-s.org\/site\/2016\/09\/16\/selection-en-master-faux-consensus-et-vraie-arnaque\/","url":"https:\/\/solidaires-etudiant-e-s.org\/site\/2016\/09\/16\/selection-en-master-faux-consensus-et-vraie-arnaque\/","name":"S\u00e9lection en master : faux consensus et vraie arnaque ? - Solidaires \u00e9tudiant-e-s","isPartOf":{"@id":"https:\/\/solidaires-etudiant-e-s.org\/site\/#website"},"primaryImageOfPage":{"@id":"https:\/\/solidaires-etudiant-e-s.org\/site\/2016\/09\/16\/selection-en-master-faux-consensus-et-vraie-arnaque\/#primaryimage"},"image":{"@id":"https:\/\/solidaires-etudiant-e-s.org\/site\/2016\/09\/16\/selection-en-master-faux-consensus-et-vraie-arnaque\/#primaryimage"},"thumbnailUrl":"https:\/\/solidaires-etudiant-e-s.org\/site\/wp-content\/uploads\/2016\/09\/847729-thierry-mandon-rea-580x310-1.jpg","datePublished":"2016-09-16T07:33:12+00:00","breadcrumb":{"@id":"https:\/\/solidaires-etudiant-e-s.org\/site\/2016\/09\/16\/selection-en-master-faux-consensus-et-vraie-arnaque\/#breadcrumb"},"inLanguage":"fr-FR","potentialAction":[{"@type":"ReadAction","target":["https:\/\/solidaires-etudiant-e-s.org\/site\/2016\/09\/16\/selection-en-master-faux-consensus-et-vraie-arnaque\/"]}]},{"@type":"ImageObject","inLanguage":"fr-FR","@id":"https:\/\/solidaires-etudiant-e-s.org\/site\/2016\/09\/16\/selection-en-master-faux-consensus-et-vraie-arnaque\/#primaryimage","url":"https:\/\/solidaires-etudiant-e-s.org\/site\/wp-content\/uploads\/2016\/09\/847729-thierry-mandon-rea-580x310-1.jpg","contentUrl":"https:\/\/solidaires-etudiant-e-s.org\/site\/wp-content\/uploads\/2016\/09\/847729-thierry-mandon-rea-580x310-1.jpg","width":580,"height":310},{"@type":"BreadcrumbList","@id":"https:\/\/solidaires-etudiant-e-s.org\/site\/2016\/09\/16\/selection-en-master-faux-consensus-et-vraie-arnaque\/#breadcrumb","itemListElement":[{"@type":"ListItem","position":1,"name":"Accueil","item":"https:\/\/solidaires-etudiant-e-s.org\/site\/"},{"@type":"ListItem","position":2,"name":"S\u00e9lection en master : faux consensus et vraie arnaque ?"}]},{"@type":"WebSite","@id":"https:\/\/solidaires-etudiant-e-s.org\/site\/#website","url":"https:\/\/solidaires-etudiant-e-s.org\/site\/","name":"Solidaires \u00e9tudiant-e-s","description":"Syndicats pour un enseignement sup\u00e9rieur gratuit, ouvert, et \u00e9mancipateur !","publisher":{"@id":"https:\/\/solidaires-etudiant-e-s.org\/site\/#organization"},"potentialAction":[{"@type":"SearchAction","target":{"@type":"EntryPoint","urlTemplate":"https:\/\/solidaires-etudiant-e-s.org\/site\/?s={search_term_string}"},"query-input":{"@type":"PropertyValueSpecification","valueRequired":true,"valueName":"search_term_string"}}],"inLanguage":"fr-FR"},{"@type":"Organization","@id":"https:\/\/solidaires-etudiant-e-s.org\/site\/#organization","name":"Solidaires \u00e9tudiant-e-s","url":"https:\/\/solidaires-etudiant-e-s.org\/site\/","logo":{"@type":"ImageObject","inLanguage":"fr-FR","@id":"https:\/\/solidaires-etudiant-e-s.org\/site\/#\/schema\/logo\/image\/","url":"https:\/\/solidaires-etudiant-e-s.org\/site\/wp-content\/uploads\/2025\/12\/13-1.png","contentUrl":"https:\/\/solidaires-etudiant-e-s.org\/site\/wp-content\/uploads\/2025\/12\/13-1.png","width":1181,"height":827,"caption":"Solidaires \u00e9tudiant-e-s"},"image":{"@id":"https:\/\/solidaires-etudiant-e-s.org\/site\/#\/schema\/logo\/image\/"},"sameAs":["https:\/\/www.facebook.com\/solidairesetudiantes","https:\/\/x.com\/SolidairesEtu","https:\/\/www.instagram.com\/solidairesetu\/","https:\/\/bsky.app\/profile\/solidaires-etudiant-e-s.org","https:\/\/mastodon.social\/@solidairesetu","https:\/\/www.youtube.com\/channel\/UC_iZN9gmVAAnXbBM7wAWOag"]},{"@type":"Person","@id":"https:\/\/solidaires-etudiant-e-s.org\/site\/#\/schema\/person\/0efb3e0ff4e2f12b5a5abcd4352aa86c","name":"Solidaires \u00e9tudiant-e-s","image":{"@type":"ImageObject","inLanguage":"fr-FR","@id":"https:\/\/solidaires-etudiant-e-s.org\/site\/wp-content\/uploads\/2020\/01\/logo-SESL-rond-512-96x96.png","url":"https:\/\/solidaires-etudiant-e-s.org\/site\/wp-content\/uploads\/2020\/01\/logo-SESL-rond-512-96x96.png","contentUrl":"https:\/\/solidaires-etudiant-e-s.org\/site\/wp-content\/uploads\/2020\/01\/logo-SESL-rond-512-96x96.png","caption":"Solidaires \u00e9tudiant-e-s"},"sameAs":["https:\/\/solidaires-etudiant.org\/site","https:\/\/www.facebook.com\/solidairesetudiantes","https:\/\/www.instagram.com\/solidairesetu","https:\/\/x.com\/SolidairesEtu","https:\/\/fr.wikipedia.org\/wiki\/Solidaires_tudiant-e-s"]}]}},"_links":{"self":[{"href":"https:\/\/solidaires-etudiant-e-s.org\/site\/wp-json\/wp\/v2\/posts\/3359","targetHints":{"allow":["GET"]}}],"collection":[{"href":"https:\/\/solidaires-etudiant-e-s.org\/site\/wp-json\/wp\/v2\/posts"}],"about":[{"href":"https:\/\/solidaires-etudiant-e-s.org\/site\/wp-json\/wp\/v2\/types\/post"}],"author":[{"embeddable":true,"href":"https:\/\/solidaires-etudiant-e-s.org\/site\/wp-json\/wp\/v2\/users\/1"}],"replies":[{"embeddable":true,"href":"https:\/\/solidaires-etudiant-e-s.org\/site\/wp-json\/wp\/v2\/comments?post=3359"}],"version-history":[{"count":0,"href":"https:\/\/solidaires-etudiant-e-s.org\/site\/wp-json\/wp\/v2\/posts\/3359\/revisions"}],"wp:featuredmedia":[{"embeddable":true,"href":"https:\/\/solidaires-etudiant-e-s.org\/site\/wp-json\/wp\/v2\/media\/3360"}],"wp:attachment":[{"href":"https:\/\/solidaires-etudiant-e-s.org\/site\/wp-json\/wp\/v2\/media?parent=3359"}],"wp:term":[{"taxonomy":"category","embeddable":true,"href":"https:\/\/solidaires-etudiant-e-s.org\/site\/wp-json\/wp\/v2\/categories?post=3359"},{"taxonomy":"post_tag","embeddable":true,"href":"https:\/\/solidaires-etudiant-e-s.org\/site\/wp-json\/wp\/v2\/tags?post=3359"}],"curies":[{"name":"wp","href":"https:\/\/api.w.org\/{rel}","templated":true}]}}