{"id":3344,"date":"2016-08-11T13:32:13","date_gmt":"2016-08-11T11:32:13","guid":{"rendered":"http:\/\/www.solidaires-etudiant.org\/?p=3344"},"modified":"2024-12-28T08:57:51","modified_gmt":"2024-12-28T07:57:51","slug":"nous-ne-sommes-pas-des-sages-continuons-la-lutte-contre-la-loi-travail","status":"publish","type":"post","link":"https:\/\/solidaires-etudiant-e-s.org\/site\/2016\/08\/11\/nous-ne-sommes-pas-des-sages-continuons-la-lutte-contre-la-loi-travail\/","title":{"rendered":"Nous ne sommes pas [des] \u00ab Sages \u00bb,  continuons la lutte contre la Loi Travail !"},"content":{"rendered":"<p class=\"western\" align=\"justify\"><span style=\"font-family: Calibri,sans-serif;\"><span style=\"font-size: medium;\"><b>Malgr\u00e9 la <\/b><b>p\u00e9riode<\/b><b> estivale, voici le nouvel \u00e9pisode du parcours <\/b><b>chaotique<\/b><b> (mais pas encore assez \u00e0 notre go\u00fbt) de la Loi Travail&#8230; dans le microcosme politico-institutionnel.<\/b><\/span><\/span><\/p>\n<p class=\"western\" align=\"justify\"><span style=\"font-family: Calibri,sans-serif;\"><span style=\"font-size: medium;\"><span style=\"font-size: medium;\"><br \/>\nLes \u00ab Sages \u00bb du Conseil Constitutionnel ont valid\u00e9 ce jeudi le texte de loi, \u00e0 quelques d\u00e9tails pr\u00e8s. \u00ab Sagesse \u00bb ? Oui, car ils\/elles (surtout ils d&rsquo;ailleurs) ne se sont pas prononc\u00e9-<\/span><span style=\"font-size: medium;\">e-s<\/span><span style=\"font-size: medium;\"> sur les articles principaux (hi\u00e9rarchie des normes, r\u00e9f\u00e9rendum d&rsquo;entreprise, licenciements&#8230;). Il faut dire que les d\u00e9put\u00e9-e-s qui ont saisi la haute juridiction n&rsquo;ont pas aid\u00e9, pr\u00e9f\u00e9rant un recours proc\u00e9dural \u00e0 un recours sur le fond de la Loi.<\/span><\/span><\/span><\/p>\n<p class=\"western\" align=\"justify\"><span style=\"font-family: Calibri,sans-serif;\"><span style=\"font-size: medium;\"><span style=\"font-size: medium;\">Contrairement \u00e0 ce que laissent croire les <\/span><span style=\"font-size: medium;\">fanfaronnades<\/span><span style=\"font-size: medium;\"> du gouvernement, cette d\u00e9cision laisse ainsi la porte ouverte \u00e0 des futures batailles juridiques&#8230; et sociales, au sein des entreprises, des branches et \u00e0 l&rsquo;\u00e9chelon interprofessionnelle.<\/span><\/span><\/span><\/p>\n<p class=\"western\" align=\"justify\"><span style=\"font-family: Calibri,sans-serif;\"><span style=\"font-size: medium;\"><span style=\"font-size: medium;\"><br \/>\nPour Solidaires \u00c9tudiant-e-s, la lutte continue ! Alors que des millions de personnes, dont des centaines de milliers d&rsquo;\u00e9tudiant-e-s, sont descendues dans la rue pendant pr\u00e8s de 4 mois, alors que la population rejette toujours ce texte \u00e0 plus de 70%, la <\/span><span style=\"font-size: medium;\">r\u00e9ponse<\/span><span style=\"font-size: medium;\"> du gouvernement est \u00e0 base de r\u00e9pression polici\u00e8re et de <\/span><span style=\"font-size: medium;\">man\u0153uvres<\/span> <span style=\"font-size: medium;\">antid\u00e9mocratiques<\/span><span style=\"font-size: medium;\"> de marque \u00ab 49-3 \u00bb.<br \/>\nNous ne voulons toujours pas d&rsquo;une loi qui d\u00e9truit les droits de; salari\u00e9-e-s et nous pr\u00e9carise. Car rappelons que pr\u00e8s de 75% des \u00e9tudiant-e-s sont d\u00e9j\u00e0 salari\u00e9-e-s en parall\u00e8le de leurs \u00e9tudes ou pendant les \u00ab <\/span><span style=\"font-size: medium;\">vacances <\/span><span style=\"font-size: medium;\">\u00bb estivales.<\/span><\/span><\/span><\/p>\n<p class=\"western\" align=\"justify\"><span style=\"font-family: Calibri,sans-serif;\"><span style=\"font-size: medium;\"><br \/>\nAlors continuons \u00e0 nous mobiliser pendant la p\u00e9riode estivale et pr\u00e9parons collectivement la rentr\u00e9e sur nos lieux d&rsquo;\u00e9tudes. <\/span><\/span><\/p>\n<p class=\"western\" align=\"center\"><span style=\"font-family: Calibri,sans-serif;\"><span style=\"font-size: medium;\"><b>Faisons de la journ\u00e9e de gr\u00e8ves et de manifestations intersyndicale du 15 septembre une r\u00e9ussite et abrogeons la Loi Travail et son monde ! <\/b><\/span><\/span><\/p>\n<p class=\"western\" align=\"center\">\n<p class=\"western\" style=\"text-align: center;\" align=\"left\"><a href=\"http:\/\/www.solidaires-etudiant.org\/wp-content\/uploads\/2016\/08\/communiqu\u00e9-validation-CC-loi-travail.pdf\"><img loading=\"lazy\" decoding=\"async\" class=\"aligncenter size-thumbnail wp-image-274\" src=\"http:\/\/www.solidaires-etudiant.org\/wp-content\/uploads\/2014\/02\/adobe-150x150.png\" alt=\"pdf\" width=\"150\" height=\"150\" srcset=\"https:\/\/solidaires-etudiant-e-s.org\/site\/wp-content\/uploads\/2014\/02\/adobe-150x150.png 150w, https:\/\/solidaires-etudiant-e-s.org\/site\/wp-content\/uploads\/2014\/02\/adobe.png 256w\" sizes=\"auto, (max-width: 150px) 100vw, 150px\" \/><\/a><\/p>\n","protected":false},"excerpt":{"rendered":"<p>Malgr\u00e9 la p\u00e9riode estivale, voici le nouvel \u00e9pisode du parcours chaotique (mais [&hellip;]<\/p>\n","protected":false},"author":1,"featured_media":3347,"comment_status":"closed","ping_status":"closed","sticky":false,"template":"","format":"standard","meta":{"cybocfi_hide_featured_image":"","footnotes":""},"categories":[3,10,15,25],"tags":[308,725,733,795,796,1049],"class_list":["post-3344","post","type-post","status-publish","format-standard","has-post-thumbnail","hentry","category-analyses","category-communiques","category-droits-etudiants","category-interpro","tag-communiques-2","tag-loi-travail","tag-lutte","tag-mobilisation","tag-mobilisation-etudiante","tag-slider","col-md-4 col-sm-4"],"featured_image_src":"https:\/\/solidaires-etudiant-e-s.org\/site\/wp-content\/uploads\/2016\/08\/13603757_1063773093702505_5620081303405334018_o.jpg","author_info":{"display_name":"Solidaires \u00e9tudiant-e-s","author_link":false},"yoast_head":"<!-- This site is optimized with the Yoast SEO plugin v27.4 - https:\/\/yoast.com\/product\/yoast-seo-wordpress\/ -->\n<title>Nous ne sommes pas [des] \u00ab Sages \u00bb, continuons la lutte contre la Loi Travail ! - Solidaires \u00e9tudiant-e-s<\/title>\n<meta name=\"robots\" content=\"index, follow, max-snippet:-1, max-image-preview:large, max-video-preview:-1\" \/>\n<link rel=\"canonical\" href=\"https:\/\/solidaires-etudiant-e-s.org\/site\/2016\/08\/11\/nous-ne-sommes-pas-des-sages-continuons-la-lutte-contre-la-loi-travail\/\" \/>\n<meta property=\"og:locale\" content=\"fr_FR\" \/>\n<meta property=\"og:type\" content=\"article\" \/>\n<meta property=\"og:title\" content=\"Nous ne sommes pas [des] \u00ab Sages \u00bb, continuons la lutte contre la Loi Travail ! - Solidaires \u00e9tudiant-e-s\" \/>\n<meta property=\"og:description\" content=\"Malgr\u00e9 la p\u00e9riode estivale, voici le nouvel \u00e9pisode du parcours chaotique (mais [&hellip;]\" \/>\n<meta property=\"og:url\" content=\"https:\/\/solidaires-etudiant-e-s.org\/site\/2016\/08\/11\/nous-ne-sommes-pas-des-sages-continuons-la-lutte-contre-la-loi-travail\/\" \/>\n<meta property=\"og:site_name\" content=\"Solidaires \u00e9tudiant-e-s\" \/>\n<meta property=\"article:publisher\" content=\"https:\/\/www.facebook.com\/solidairesetudiantes\" \/>\n<meta property=\"article:author\" content=\"https:\/\/www.facebook.com\/solidairesetudiantes\" \/>\n<meta property=\"article:published_time\" content=\"2016-08-11T11:32:13+00:00\" \/>\n<meta property=\"article:modified_time\" content=\"2024-12-28T07:57:51+00:00\" \/>\n<meta property=\"og:image\" content=\"https:\/\/solidaires-etudiant-e-s.org\/site\/wp-content\/uploads\/2016\/08\/13603757_1063773093702505_5620081303405334018_o.jpg\" \/>\n\t<meta property=\"og:image:width\" content=\"2048\" \/>\n\t<meta property=\"og:image:height\" content=\"1448\" \/>\n\t<meta property=\"og:image:type\" content=\"image\/jpeg\" \/>\n<meta name=\"author\" content=\"Solidaires \u00e9tudiant-e-s\" \/>\n<meta name=\"twitter:card\" content=\"summary_large_image\" \/>\n<meta name=\"twitter:creator\" content=\"@SolidairesEtu\" \/>\n<meta name=\"twitter:site\" content=\"@SolidairesEtu\" \/>\n<meta name=\"twitter:label1\" content=\"\u00c9crit par\" \/>\n\t<meta name=\"twitter:data1\" content=\"Solidaires \u00e9tudiant-e-s\" \/>\n\t<meta name=\"twitter:label2\" content=\"Dur\u00e9e de lecture estim\u00e9e\" \/>\n\t<meta name=\"twitter:data2\" content=\"1 minute\" \/>\n<script type=\"application\/ld+json\" class=\"yoast-schema-graph\">{\"@context\":\"https:\\\/\\\/schema.org\",\"@graph\":[{\"@type\":\"Article\",\"@id\":\"https:\\\/\\\/solidaires-etudiant-e-s.org\\\/site\\\/2016\\\/08\\\/11\\\/nous-ne-sommes-pas-des-sages-continuons-la-lutte-contre-la-loi-travail\\\/#article\",\"isPartOf\":{\"@id\":\"https:\\\/\\\/solidaires-etudiant-e-s.org\\\/site\\\/2016\\\/08\\\/11\\\/nous-ne-sommes-pas-des-sages-continuons-la-lutte-contre-la-loi-travail\\\/\"},\"author\":{\"name\":\"Solidaires \u00e9tudiant-e-s\",\"@id\":\"https:\\\/\\\/solidaires-etudiant-e-s.org\\\/site\\\/#\\\/schema\\\/person\\\/0efb3e0ff4e2f12b5a5abcd4352aa86c\"},\"headline\":\"Nous ne sommes pas [des] \u00ab Sages \u00bb, continuons la lutte contre la Loi Travail !\",\"datePublished\":\"2016-08-11T11:32:13+00:00\",\"dateModified\":\"2024-12-28T07:57:51+00:00\",\"mainEntityOfPage\":{\"@id\":\"https:\\\/\\\/solidaires-etudiant-e-s.org\\\/site\\\/2016\\\/08\\\/11\\\/nous-ne-sommes-pas-des-sages-continuons-la-lutte-contre-la-loi-travail\\\/\"},\"wordCount\":304,\"publisher\":{\"@id\":\"https:\\\/\\\/solidaires-etudiant-e-s.org\\\/site\\\/#organization\"},\"image\":{\"@id\":\"https:\\\/\\\/solidaires-etudiant-e-s.org\\\/site\\\/2016\\\/08\\\/11\\\/nous-ne-sommes-pas-des-sages-continuons-la-lutte-contre-la-loi-travail\\\/#primaryimage\"},\"thumbnailUrl\":\"https:\\\/\\\/solidaires-etudiant-e-s.org\\\/site\\\/wp-content\\\/uploads\\\/2016\\\/08\\\/13603757_1063773093702505_5620081303405334018_o.jpg\",\"keywords\":[\"communiqu\u00e9s\",\"loi Travail\",\"lutte\",\"mobilisation\",\"mobilisation \u00e9tudiante\",\"slider\"],\"articleSection\":[\"ANALYSES\",\"COMMUNIQUES NATIONAUX\",\"DROITS ETUDIANTS\",\"INTERPRO\"],\"inLanguage\":\"fr-FR\"},{\"@type\":\"WebPage\",\"@id\":\"https:\\\/\\\/solidaires-etudiant-e-s.org\\\/site\\\/2016\\\/08\\\/11\\\/nous-ne-sommes-pas-des-sages-continuons-la-lutte-contre-la-loi-travail\\\/\",\"url\":\"https:\\\/\\\/solidaires-etudiant-e-s.org\\\/site\\\/2016\\\/08\\\/11\\\/nous-ne-sommes-pas-des-sages-continuons-la-lutte-contre-la-loi-travail\\\/\",\"name\":\"Nous ne sommes pas [des] \u00ab Sages \u00bb, continuons la lutte contre la Loi Travail ! - Solidaires \u00e9tudiant-e-s\",\"isPartOf\":{\"@id\":\"https:\\\/\\\/solidaires-etudiant-e-s.org\\\/site\\\/#website\"},\"primaryImageOfPage\":{\"@id\":\"https:\\\/\\\/solidaires-etudiant-e-s.org\\\/site\\\/2016\\\/08\\\/11\\\/nous-ne-sommes-pas-des-sages-continuons-la-lutte-contre-la-loi-travail\\\/#primaryimage\"},\"image\":{\"@id\":\"https:\\\/\\\/solidaires-etudiant-e-s.org\\\/site\\\/2016\\\/08\\\/11\\\/nous-ne-sommes-pas-des-sages-continuons-la-lutte-contre-la-loi-travail\\\/#primaryimage\"},\"thumbnailUrl\":\"https:\\\/\\\/solidaires-etudiant-e-s.org\\\/site\\\/wp-content\\\/uploads\\\/2016\\\/08\\\/13603757_1063773093702505_5620081303405334018_o.jpg\",\"datePublished\":\"2016-08-11T11:32:13+00:00\",\"dateModified\":\"2024-12-28T07:57:51+00:00\",\"breadcrumb\":{\"@id\":\"https:\\\/\\\/solidaires-etudiant-e-s.org\\\/site\\\/2016\\\/08\\\/11\\\/nous-ne-sommes-pas-des-sages-continuons-la-lutte-contre-la-loi-travail\\\/#breadcrumb\"},\"inLanguage\":\"fr-FR\",\"potentialAction\":[{\"@type\":\"ReadAction\",\"target\":[\"https:\\\/\\\/solidaires-etudiant-e-s.org\\\/site\\\/2016\\\/08\\\/11\\\/nous-ne-sommes-pas-des-sages-continuons-la-lutte-contre-la-loi-travail\\\/\"]}]},{\"@type\":\"ImageObject\",\"inLanguage\":\"fr-FR\",\"@id\":\"https:\\\/\\\/solidaires-etudiant-e-s.org\\\/site\\\/2016\\\/08\\\/11\\\/nous-ne-sommes-pas-des-sages-continuons-la-lutte-contre-la-loi-travail\\\/#primaryimage\",\"url\":\"https:\\\/\\\/solidaires-etudiant-e-s.org\\\/site\\\/wp-content\\\/uploads\\\/2016\\\/08\\\/13603757_1063773093702505_5620081303405334018_o.jpg\",\"contentUrl\":\"https:\\\/\\\/solidaires-etudiant-e-s.org\\\/site\\\/wp-content\\\/uploads\\\/2016\\\/08\\\/13603757_1063773093702505_5620081303405334018_o.jpg\",\"width\":2048,\"height\":1448},{\"@type\":\"BreadcrumbList\",\"@id\":\"https:\\\/\\\/solidaires-etudiant-e-s.org\\\/site\\\/2016\\\/08\\\/11\\\/nous-ne-sommes-pas-des-sages-continuons-la-lutte-contre-la-loi-travail\\\/#breadcrumb\",\"itemListElement\":[{\"@type\":\"ListItem\",\"position\":1,\"name\":\"Accueil\",\"item\":\"https:\\\/\\\/solidaires-etudiant-e-s.org\\\/site\\\/\"},{\"@type\":\"ListItem\",\"position\":2,\"name\":\"Nous ne sommes pas [des] \u00ab Sages \u00bb, continuons la lutte contre la Loi Travail !\"}]},{\"@type\":\"WebSite\",\"@id\":\"https:\\\/\\\/solidaires-etudiant-e-s.org\\\/site\\\/#website\",\"url\":\"https:\\\/\\\/solidaires-etudiant-e-s.org\\\/site\\\/\",\"name\":\"Solidaires \u00e9tudiant-e-s\",\"description\":\"Syndicats pour un enseignement sup\u00e9rieur gratuit, ouvert, et \u00e9mancipateur !\",\"publisher\":{\"@id\":\"https:\\\/\\\/solidaires-etudiant-e-s.org\\\/site\\\/#organization\"},\"potentialAction\":[{\"@type\":\"SearchAction\",\"target\":{\"@type\":\"EntryPoint\",\"urlTemplate\":\"https:\\\/\\\/solidaires-etudiant-e-s.org\\\/site\\\/?s={search_term_string}\"},\"query-input\":{\"@type\":\"PropertyValueSpecification\",\"valueRequired\":true,\"valueName\":\"search_term_string\"}}],\"inLanguage\":\"fr-FR\"},{\"@type\":\"Organization\",\"@id\":\"https:\\\/\\\/solidaires-etudiant-e-s.org\\\/site\\\/#organization\",\"name\":\"Solidaires \u00e9tudiant-e-s\",\"url\":\"https:\\\/\\\/solidaires-etudiant-e-s.org\\\/site\\\/\",\"logo\":{\"@type\":\"ImageObject\",\"inLanguage\":\"fr-FR\",\"@id\":\"https:\\\/\\\/solidaires-etudiant-e-s.org\\\/site\\\/#\\\/schema\\\/logo\\\/image\\\/\",\"url\":\"https:\\\/\\\/solidaires-etudiant-e-s.org\\\/site\\\/wp-content\\\/uploads\\\/2025\\\/12\\\/13-1.png\",\"contentUrl\":\"https:\\\/\\\/solidaires-etudiant-e-s.org\\\/site\\\/wp-content\\\/uploads\\\/2025\\\/12\\\/13-1.png\",\"width\":1181,\"height\":827,\"caption\":\"Solidaires \u00e9tudiant-e-s\"},\"image\":{\"@id\":\"https:\\\/\\\/solidaires-etudiant-e-s.org\\\/site\\\/#\\\/schema\\\/logo\\\/image\\\/\"},\"sameAs\":[\"https:\\\/\\\/www.facebook.com\\\/solidairesetudiantes\",\"https:\\\/\\\/x.com\\\/SolidairesEtu\",\"https:\\\/\\\/www.instagram.com\\\/solidairesetu\\\/\",\"https:\\\/\\\/bsky.app\\\/profile\\\/solidaires-etudiant-e-s.org\",\"https:\\\/\\\/mastodon.social\\\/@solidairesetu\",\"https:\\\/\\\/www.youtube.com\\\/channel\\\/UC_iZN9gmVAAnXbBM7wAWOag\"]},{\"@type\":\"Person\",\"@id\":\"https:\\\/\\\/solidaires-etudiant-e-s.org\\\/site\\\/#\\\/schema\\\/person\\\/0efb3e0ff4e2f12b5a5abcd4352aa86c\",\"name\":\"Solidaires \u00e9tudiant-e-s\",\"image\":{\"@type\":\"ImageObject\",\"inLanguage\":\"fr-FR\",\"@id\":\"https:\\\/\\\/solidaires-etudiant-e-s.org\\\/site\\\/wp-content\\\/uploads\\\/2020\\\/01\\\/logo-SESL-rond-512-96x96.png\",\"url\":\"https:\\\/\\\/solidaires-etudiant-e-s.org\\\/site\\\/wp-content\\\/uploads\\\/2020\\\/01\\\/logo-SESL-rond-512-96x96.png\",\"contentUrl\":\"https:\\\/\\\/solidaires-etudiant-e-s.org\\\/site\\\/wp-content\\\/uploads\\\/2020\\\/01\\\/logo-SESL-rond-512-96x96.png\",\"caption\":\"Solidaires \u00e9tudiant-e-s\"},\"sameAs\":[\"https:\\\/\\\/solidaires-etudiant.org\\\/site\",\"https:\\\/\\\/www.facebook.com\\\/solidairesetudiantes\",\"https:\\\/\\\/www.instagram.com\\\/solidairesetu\",\"https:\\\/\\\/x.com\\\/SolidairesEtu\",\"https:\\\/\\\/fr.wikipedia.org\\\/wiki\\\/Solidaires_tudiant-e-s\"]}]}<\/script>\n<!-- \/ Yoast SEO plugin. -->","yoast_head_json":{"title":"Nous ne sommes pas [des] \u00ab Sages \u00bb, continuons la lutte contre la Loi Travail ! - Solidaires \u00e9tudiant-e-s","robots":{"index":"index","follow":"follow","max-snippet":"max-snippet:-1","max-image-preview":"max-image-preview:large","max-video-preview":"max-video-preview:-1"},"canonical":"https:\/\/solidaires-etudiant-e-s.org\/site\/2016\/08\/11\/nous-ne-sommes-pas-des-sages-continuons-la-lutte-contre-la-loi-travail\/","og_locale":"fr_FR","og_type":"article","og_title":"Nous ne sommes pas [des] \u00ab Sages \u00bb, continuons la lutte contre la Loi Travail ! - Solidaires \u00e9tudiant-e-s","og_description":"Malgr\u00e9 la p\u00e9riode estivale, voici le nouvel \u00e9pisode du parcours chaotique (mais [&hellip;]","og_url":"https:\/\/solidaires-etudiant-e-s.org\/site\/2016\/08\/11\/nous-ne-sommes-pas-des-sages-continuons-la-lutte-contre-la-loi-travail\/","og_site_name":"Solidaires \u00e9tudiant-e-s","article_publisher":"https:\/\/www.facebook.com\/solidairesetudiantes","article_author":"https:\/\/www.facebook.com\/solidairesetudiantes","article_published_time":"2016-08-11T11:32:13+00:00","article_modified_time":"2024-12-28T07:57:51+00:00","og_image":[{"width":2048,"height":1448,"url":"https:\/\/solidaires-etudiant-e-s.org\/site\/wp-content\/uploads\/2016\/08\/13603757_1063773093702505_5620081303405334018_o.jpg","type":"image\/jpeg"}],"author":"Solidaires \u00e9tudiant-e-s","twitter_card":"summary_large_image","twitter_creator":"@SolidairesEtu","twitter_site":"@SolidairesEtu","twitter_misc":{"\u00c9crit par":"Solidaires \u00e9tudiant-e-s","Dur\u00e9e de lecture estim\u00e9e":"1 minute"},"schema":{"@context":"https:\/\/schema.org","@graph":[{"@type":"Article","@id":"https:\/\/solidaires-etudiant-e-s.org\/site\/2016\/08\/11\/nous-ne-sommes-pas-des-sages-continuons-la-lutte-contre-la-loi-travail\/#article","isPartOf":{"@id":"https:\/\/solidaires-etudiant-e-s.org\/site\/2016\/08\/11\/nous-ne-sommes-pas-des-sages-continuons-la-lutte-contre-la-loi-travail\/"},"author":{"name":"Solidaires \u00e9tudiant-e-s","@id":"https:\/\/solidaires-etudiant-e-s.org\/site\/#\/schema\/person\/0efb3e0ff4e2f12b5a5abcd4352aa86c"},"headline":"Nous ne sommes pas [des] \u00ab Sages \u00bb, continuons la lutte contre la Loi Travail !","datePublished":"2016-08-11T11:32:13+00:00","dateModified":"2024-12-28T07:57:51+00:00","mainEntityOfPage":{"@id":"https:\/\/solidaires-etudiant-e-s.org\/site\/2016\/08\/11\/nous-ne-sommes-pas-des-sages-continuons-la-lutte-contre-la-loi-travail\/"},"wordCount":304,"publisher":{"@id":"https:\/\/solidaires-etudiant-e-s.org\/site\/#organization"},"image":{"@id":"https:\/\/solidaires-etudiant-e-s.org\/site\/2016\/08\/11\/nous-ne-sommes-pas-des-sages-continuons-la-lutte-contre-la-loi-travail\/#primaryimage"},"thumbnailUrl":"https:\/\/solidaires-etudiant-e-s.org\/site\/wp-content\/uploads\/2016\/08\/13603757_1063773093702505_5620081303405334018_o.jpg","keywords":["communiqu\u00e9s","loi Travail","lutte","mobilisation","mobilisation \u00e9tudiante","slider"],"articleSection":["ANALYSES","COMMUNIQUES NATIONAUX","DROITS ETUDIANTS","INTERPRO"],"inLanguage":"fr-FR"},{"@type":"WebPage","@id":"https:\/\/solidaires-etudiant-e-s.org\/site\/2016\/08\/11\/nous-ne-sommes-pas-des-sages-continuons-la-lutte-contre-la-loi-travail\/","url":"https:\/\/solidaires-etudiant-e-s.org\/site\/2016\/08\/11\/nous-ne-sommes-pas-des-sages-continuons-la-lutte-contre-la-loi-travail\/","name":"Nous ne sommes pas [des] \u00ab Sages \u00bb, continuons la lutte contre la Loi Travail ! - Solidaires \u00e9tudiant-e-s","isPartOf":{"@id":"https:\/\/solidaires-etudiant-e-s.org\/site\/#website"},"primaryImageOfPage":{"@id":"https:\/\/solidaires-etudiant-e-s.org\/site\/2016\/08\/11\/nous-ne-sommes-pas-des-sages-continuons-la-lutte-contre-la-loi-travail\/#primaryimage"},"image":{"@id":"https:\/\/solidaires-etudiant-e-s.org\/site\/2016\/08\/11\/nous-ne-sommes-pas-des-sages-continuons-la-lutte-contre-la-loi-travail\/#primaryimage"},"thumbnailUrl":"https:\/\/solidaires-etudiant-e-s.org\/site\/wp-content\/uploads\/2016\/08\/13603757_1063773093702505_5620081303405334018_o.jpg","datePublished":"2016-08-11T11:32:13+00:00","dateModified":"2024-12-28T07:57:51+00:00","breadcrumb":{"@id":"https:\/\/solidaires-etudiant-e-s.org\/site\/2016\/08\/11\/nous-ne-sommes-pas-des-sages-continuons-la-lutte-contre-la-loi-travail\/#breadcrumb"},"inLanguage":"fr-FR","potentialAction":[{"@type":"ReadAction","target":["https:\/\/solidaires-etudiant-e-s.org\/site\/2016\/08\/11\/nous-ne-sommes-pas-des-sages-continuons-la-lutte-contre-la-loi-travail\/"]}]},{"@type":"ImageObject","inLanguage":"fr-FR","@id":"https:\/\/solidaires-etudiant-e-s.org\/site\/2016\/08\/11\/nous-ne-sommes-pas-des-sages-continuons-la-lutte-contre-la-loi-travail\/#primaryimage","url":"https:\/\/solidaires-etudiant-e-s.org\/site\/wp-content\/uploads\/2016\/08\/13603757_1063773093702505_5620081303405334018_o.jpg","contentUrl":"https:\/\/solidaires-etudiant-e-s.org\/site\/wp-content\/uploads\/2016\/08\/13603757_1063773093702505_5620081303405334018_o.jpg","width":2048,"height":1448},{"@type":"BreadcrumbList","@id":"https:\/\/solidaires-etudiant-e-s.org\/site\/2016\/08\/11\/nous-ne-sommes-pas-des-sages-continuons-la-lutte-contre-la-loi-travail\/#breadcrumb","itemListElement":[{"@type":"ListItem","position":1,"name":"Accueil","item":"https:\/\/solidaires-etudiant-e-s.org\/site\/"},{"@type":"ListItem","position":2,"name":"Nous ne sommes pas [des] \u00ab Sages \u00bb, continuons la lutte contre la Loi Travail !"}]},{"@type":"WebSite","@id":"https:\/\/solidaires-etudiant-e-s.org\/site\/#website","url":"https:\/\/solidaires-etudiant-e-s.org\/site\/","name":"Solidaires \u00e9tudiant-e-s","description":"Syndicats pour un enseignement sup\u00e9rieur gratuit, ouvert, et \u00e9mancipateur !","publisher":{"@id":"https:\/\/solidaires-etudiant-e-s.org\/site\/#organization"},"potentialAction":[{"@type":"SearchAction","target":{"@type":"EntryPoint","urlTemplate":"https:\/\/solidaires-etudiant-e-s.org\/site\/?s={search_term_string}"},"query-input":{"@type":"PropertyValueSpecification","valueRequired":true,"valueName":"search_term_string"}}],"inLanguage":"fr-FR"},{"@type":"Organization","@id":"https:\/\/solidaires-etudiant-e-s.org\/site\/#organization","name":"Solidaires \u00e9tudiant-e-s","url":"https:\/\/solidaires-etudiant-e-s.org\/site\/","logo":{"@type":"ImageObject","inLanguage":"fr-FR","@id":"https:\/\/solidaires-etudiant-e-s.org\/site\/#\/schema\/logo\/image\/","url":"https:\/\/solidaires-etudiant-e-s.org\/site\/wp-content\/uploads\/2025\/12\/13-1.png","contentUrl":"https:\/\/solidaires-etudiant-e-s.org\/site\/wp-content\/uploads\/2025\/12\/13-1.png","width":1181,"height":827,"caption":"Solidaires \u00e9tudiant-e-s"},"image":{"@id":"https:\/\/solidaires-etudiant-e-s.org\/site\/#\/schema\/logo\/image\/"},"sameAs":["https:\/\/www.facebook.com\/solidairesetudiantes","https:\/\/x.com\/SolidairesEtu","https:\/\/www.instagram.com\/solidairesetu\/","https:\/\/bsky.app\/profile\/solidaires-etudiant-e-s.org","https:\/\/mastodon.social\/@solidairesetu","https:\/\/www.youtube.com\/channel\/UC_iZN9gmVAAnXbBM7wAWOag"]},{"@type":"Person","@id":"https:\/\/solidaires-etudiant-e-s.org\/site\/#\/schema\/person\/0efb3e0ff4e2f12b5a5abcd4352aa86c","name":"Solidaires \u00e9tudiant-e-s","image":{"@type":"ImageObject","inLanguage":"fr-FR","@id":"https:\/\/solidaires-etudiant-e-s.org\/site\/wp-content\/uploads\/2020\/01\/logo-SESL-rond-512-96x96.png","url":"https:\/\/solidaires-etudiant-e-s.org\/site\/wp-content\/uploads\/2020\/01\/logo-SESL-rond-512-96x96.png","contentUrl":"https:\/\/solidaires-etudiant-e-s.org\/site\/wp-content\/uploads\/2020\/01\/logo-SESL-rond-512-96x96.png","caption":"Solidaires \u00e9tudiant-e-s"},"sameAs":["https:\/\/solidaires-etudiant.org\/site","https:\/\/www.facebook.com\/solidairesetudiantes","https:\/\/www.instagram.com\/solidairesetu","https:\/\/x.com\/SolidairesEtu","https:\/\/fr.wikipedia.org\/wiki\/Solidaires_tudiant-e-s"]}]}},"_links":{"self":[{"href":"https:\/\/solidaires-etudiant-e-s.org\/site\/wp-json\/wp\/v2\/posts\/3344","targetHints":{"allow":["GET"]}}],"collection":[{"href":"https:\/\/solidaires-etudiant-e-s.org\/site\/wp-json\/wp\/v2\/posts"}],"about":[{"href":"https:\/\/solidaires-etudiant-e-s.org\/site\/wp-json\/wp\/v2\/types\/post"}],"author":[{"embeddable":true,"href":"https:\/\/solidaires-etudiant-e-s.org\/site\/wp-json\/wp\/v2\/users\/1"}],"replies":[{"embeddable":true,"href":"https:\/\/solidaires-etudiant-e-s.org\/site\/wp-json\/wp\/v2\/comments?post=3344"}],"version-history":[{"count":1,"href":"https:\/\/solidaires-etudiant-e-s.org\/site\/wp-json\/wp\/v2\/posts\/3344\/revisions"}],"predecessor-version":[{"id":7415,"href":"https:\/\/solidaires-etudiant-e-s.org\/site\/wp-json\/wp\/v2\/posts\/3344\/revisions\/7415"}],"wp:featuredmedia":[{"embeddable":true,"href":"https:\/\/solidaires-etudiant-e-s.org\/site\/wp-json\/wp\/v2\/media\/3347"}],"wp:attachment":[{"href":"https:\/\/solidaires-etudiant-e-s.org\/site\/wp-json\/wp\/v2\/media?parent=3344"}],"wp:term":[{"taxonomy":"category","embeddable":true,"href":"https:\/\/solidaires-etudiant-e-s.org\/site\/wp-json\/wp\/v2\/categories?post=3344"},{"taxonomy":"post_tag","embeddable":true,"href":"https:\/\/solidaires-etudiant-e-s.org\/site\/wp-json\/wp\/v2\/tags?post=3344"}],"curies":[{"name":"wp","href":"https:\/\/api.w.org\/{rel}","templated":true}]}}