{"id":3196,"date":"2016-06-04T20:44:13","date_gmt":"2016-06-04T18:44:13","guid":{"rendered":"http:\/\/www.solidaires-etudiant.org\/?p=3196"},"modified":"2024-12-30T19:15:48","modified_gmt":"2024-12-30T18:15:48","slug":"trois-ans-apres-lassassinat-de-clement-manif-manquee-colere-intacte-notre-antifascisme-sera-toujours-populaire","status":"publish","type":"post","link":"https:\/\/solidaires-etudiant-e-s.org\/site\/2016\/06\/04\/trois-ans-apres-lassassinat-de-clement-manif-manquee-colere-intacte-notre-antifascisme-sera-toujours-populaire\/","title":{"rendered":"Trois ans apr\u00e8s l\u2019assassinat de Cl\u00e9ment : Manif manqu\u00e9e, col\u00e8re intacte, notre antifascisme sera toujours populaire !"},"content":{"rendered":"<p>Aujourd\u2019hui, nous devions manifester \u00e0 Paris, de Stalingrad \u00e0 M\u00e9nilmontant, pour rendre hommage \u00e0 notre camarade Cl\u00e9ment, assassin\u00e9 il y a trois ans par des militants fascistes, et rappeler \u00e0 tous et toutes que le combat contre l\u2019extr\u00eame-droite se m\u00e8ne dans la rue, et par les luttes sociales. Le cort\u00e8ge a \u00e9t\u00e9 arr\u00eat\u00e9, dispers\u00e9 et gaz\u00e9 par la police en cours de parcours, sur le quai de Valmy. Ce soir, nous sommes en col\u00e8re de ne pas avoir pu aller jusqu\u2019au bout de cette manifestation.<br \/>\nL\u2019antifascisme que nous d\u00e9fendons ne se r\u00e9sume pas \u00e0 des affrontements avec la police. Il est populaire et inclusif, collectif et solidaire. Il se construit d\u2019abord partout o\u00f9 nous vivons, travaillons, \u00e9tudions\u00a0:\u00a0 en cr\u00e9ant la solidarit\u00e9 entre tou.te.s, en refusant les discriminations, et en s\u2019organisant. Construire un syndicat autogestionnaire est un acte antifasciste. Organiser un tournoi de foot ou un concert dans un quartier populaire est un acte antifasciste. Ouvrir une maison pour accueillir des migrant.e.s est un acte antifasciste. Rendre hommage aux victimes des crimes racistes de la police, des crimes encore impunis de l\u2019extr\u00eame-droite est un acte antifasciste.\u00a0 Nous ne cesserons de le r\u00e9p\u00e9ter : le fascisme ne grandit pas seul. La confiance dont fait preuve l\u2019extr\u00eame droite est permise par et se nourrit des discours et des pratiques racistes, x\u00e9nophobes, homophobes, provenant des institutions de pouvoir.<br \/>\nNous sommes aussi en col\u00e8re de ne pouvoir manifester qu\u2019encadr\u00e9s par des dispositifs policiers aussi mena\u00e7ants qu\u2019ahurissants, de ne pouvoir terminer une journ\u00e9e sans compter les arrestations. Ainsi, nous exigeons la lib\u00e9ration de tou.te.s les manifestant.e.s arr\u00eat\u00e9.e.s aujourd\u2019hui, ainsi que les inculp\u00e9.e.s du mouvement social.<\/p>\n<p style=\"text-align: center;\"><strong>Contre le fascisme et la mis\u00e8re, la lutte sociale est n\u00e9cessaire\u00a0!<\/strong><\/p>\n<p style=\"text-align: center;\"><em>Communiqu\u00e9 en PDF :<\/em><\/p>\n<p style=\"text-align: center;\"><a href=\"http:\/\/Aujourd\u2019hui, nous devions manifester \u00e0 Paris, de Stalingrad \u00e0 M\u00e9nilmontant, pour rendre hommage \u00e0 notre camarade Cl\u00e9ment, assassin\u00e9 il y a trois ans par des militants fascistes, et rappeler \u00e0 tous et toutes que le combat contre l\u2019extr\u00eame-droite se m\u00e8ne dans la rue, et par les luttes sociales. Le cort\u00e8ge a \u00e9t\u00e9 arr\u00eat\u00e9, dispers\u00e9 et gaz\u00e9 par la police en cours de parcours, sur le quai de Valmy. Ce soir, nous sommes en col\u00e8re de ne pas avoir pu aller jusqu\u2019au bout de cette manifestation. L\u2019antifascisme que nous d\u00e9fendons ne se r\u00e9sume pas \u00e0 des affrontements avec la police. Il est populaire et inclusif, collectif et solidaire. Il se construit d\u2019abord partout o\u00f9 nous vivons, travaillons, \u00e9tudions :  en cr\u00e9ant la solidarit\u00e9 entre tou.te.s, en refusant les discriminations, et en s\u2019organisant. Construire un syndicat autogestionnaire est un acte antifasciste. Organiser un tournoi de foot ou un concert dans un quartier populaire est un acte antifasciste. Ouvrir une maison pour accueillir des migrant.e.s est un acte antifasciste. Rendre hommage aux victimes des crimes racistes de la police, des crimes encore impunis de l\u2019extr\u00eame-droite est un acte antifasciste.  Nous ne cesserons de le r\u00e9p\u00e9ter : le fascisme ne grandit pas seul. La confiance dont fait preuve l\u2019extr\u00eame droite est permise par et se nourrit des discours et des pratiques racistes, x\u00e9nophobes, homophobes, provenant des institutions de pouvoir.  Nous sommes aussi en col\u00e8re de ne pouvoir manifester qu\u2019encadr\u00e9s par des dispositifs policiers aussi mena\u00e7ants qu\u2019ahurissants, de ne pouvoir terminer une journ\u00e9e sans compter les arrestations. Ainsi, nous exigeons la lib\u00e9ration de tou.te.s les manifestant.e.s arr\u00eat\u00e9.e.s aujourd\u2019hui, ainsi que les inculp\u00e9.e.s du mouvement social. Contre le fascisme et la mis\u00e8re, la lutte sociale est n\u00e9cessaire ! Solidaires \u00e9tudiant-e-s, syndicats de luttes Porte-parolat : 06.86.80.24.45 https:\/\/solidaires-etudiant.org\/site\/ contact@solidaires-etudiant-e-s.org\"><img loading=\"lazy\" decoding=\"async\" class=\"aligncenter size-thumbnail wp-image-274\" src=\"http:\/\/www.solidaires-etudiant.org\/wp-content\/uploads\/2014\/02\/adobe-150x150.png\" alt=\"pdf\" width=\"150\" height=\"150\" srcset=\"https:\/\/solidaires-etudiant-e-s.org\/site\/wp-content\/uploads\/2014\/02\/adobe-150x150.png 150w, https:\/\/solidaires-etudiant-e-s.org\/site\/wp-content\/uploads\/2014\/02\/adobe.png 256w\" sizes=\"auto, (max-width: 150px) 100vw, 150px\" \/><\/a><\/p>\n<p style=\"text-align: center;\">\n","protected":false},"excerpt":{"rendered":"<p>Aujourd\u2019hui, nous devions manifester \u00e0 Paris, de Stalingrad \u00e0 M\u00e9nilmontant, pour rendre [&hellip;]<\/p>\n","protected":false},"author":1,"featured_media":3198,"comment_status":"closed","ping_status":"closed","sticky":false,"template":"","format":"standard","meta":{"cybocfi_hide_featured_image":"","footnotes":""},"categories":[5],"tags":[78,139,280,606,747,1049],"class_list":["post-3196","post","type-post","status-publish","format-standard","has-post-thumbnail","hentry","category-antifacisme","tag-5-juin","tag-antifascisme","tag-clement","tag-hommage","tag-manifestation","tag-slider","col-md-4 col-sm-4"],"featured_image_src":"https:\/\/solidaires-etudiant-e-s.org\/site\/wp-content\/uploads\/2016\/06\/DSC_0790-scaled-1.jpg","author_info":{"display_name":"Solidaires \u00e9tudiant-e-s","author_link":false},"yoast_head":"<!-- This site is optimized with the Yoast SEO plugin v27.4 - https:\/\/yoast.com\/product\/yoast-seo-wordpress\/ -->\n<title>Trois ans apr\u00e8s l\u2019assassinat de Cl\u00e9ment : Manif manqu\u00e9e, col\u00e8re intacte, notre antifascisme sera toujours populaire ! - Solidaires \u00e9tudiant-e-s<\/title>\n<meta name=\"robots\" content=\"index, follow, max-snippet:-1, max-image-preview:large, max-video-preview:-1\" \/>\n<link rel=\"canonical\" href=\"https:\/\/solidaires-etudiant-e-s.org\/site\/2016\/06\/04\/trois-ans-apres-lassassinat-de-clement-manif-manquee-colere-intacte-notre-antifascisme-sera-toujours-populaire\/\" \/>\n<meta property=\"og:locale\" content=\"fr_FR\" \/>\n<meta property=\"og:type\" content=\"article\" \/>\n<meta property=\"og:title\" content=\"Trois ans apr\u00e8s l\u2019assassinat de Cl\u00e9ment : Manif manqu\u00e9e, col\u00e8re intacte, notre antifascisme sera toujours populaire ! - Solidaires \u00e9tudiant-e-s\" \/>\n<meta property=\"og:description\" content=\"Aujourd\u2019hui, nous devions manifester \u00e0 Paris, de Stalingrad \u00e0 M\u00e9nilmontant, pour rendre [&hellip;]\" \/>\n<meta property=\"og:url\" content=\"https:\/\/solidaires-etudiant-e-s.org\/site\/2016\/06\/04\/trois-ans-apres-lassassinat-de-clement-manif-manquee-colere-intacte-notre-antifascisme-sera-toujours-populaire\/\" \/>\n<meta property=\"og:site_name\" content=\"Solidaires \u00e9tudiant-e-s\" \/>\n<meta property=\"article:publisher\" content=\"https:\/\/www.facebook.com\/solidairesetudiantes\" \/>\n<meta property=\"article:author\" content=\"https:\/\/www.facebook.com\/solidairesetudiantes\" \/>\n<meta property=\"article:published_time\" content=\"2016-06-04T18:44:13+00:00\" \/>\n<meta property=\"article:modified_time\" content=\"2024-12-30T18:15:48+00:00\" \/>\n<meta property=\"og:image\" content=\"https:\/\/solidaires-etudiant-e-s.org\/site\/wp-content\/uploads\/2016\/06\/DSC_0790-scaled-1.jpg\" \/>\n\t<meta property=\"og:image:width\" content=\"2560\" \/>\n\t<meta property=\"og:image:height\" content=\"1707\" \/>\n\t<meta property=\"og:image:type\" content=\"image\/jpeg\" \/>\n<meta name=\"author\" content=\"Solidaires \u00e9tudiant-e-s\" \/>\n<meta name=\"twitter:card\" content=\"summary_large_image\" \/>\n<meta name=\"twitter:creator\" content=\"@SolidairesEtu\" \/>\n<meta name=\"twitter:site\" content=\"@SolidairesEtu\" \/>\n<meta name=\"twitter:label1\" content=\"\u00c9crit par\" \/>\n\t<meta name=\"twitter:data1\" content=\"Solidaires \u00e9tudiant-e-s\" \/>\n\t<meta name=\"twitter:label2\" content=\"Dur\u00e9e de lecture estim\u00e9e\" \/>\n\t<meta name=\"twitter:data2\" content=\"2 minutes\" \/>\n<script type=\"application\/ld+json\" class=\"yoast-schema-graph\">{\"@context\":\"https:\\\/\\\/schema.org\",\"@graph\":[{\"@type\":\"Article\",\"@id\":\"https:\\\/\\\/solidaires-etudiant-e-s.org\\\/site\\\/2016\\\/06\\\/04\\\/trois-ans-apres-lassassinat-de-clement-manif-manquee-colere-intacte-notre-antifascisme-sera-toujours-populaire\\\/#article\",\"isPartOf\":{\"@id\":\"https:\\\/\\\/solidaires-etudiant-e-s.org\\\/site\\\/2016\\\/06\\\/04\\\/trois-ans-apres-lassassinat-de-clement-manif-manquee-colere-intacte-notre-antifascisme-sera-toujours-populaire\\\/\"},\"author\":{\"name\":\"Solidaires \u00e9tudiant-e-s\",\"@id\":\"https:\\\/\\\/solidaires-etudiant-e-s.org\\\/site\\\/#\\\/schema\\\/person\\\/0efb3e0ff4e2f12b5a5abcd4352aa86c\"},\"headline\":\"Trois ans apr\u00e8s l\u2019assassinat de Cl\u00e9ment : Manif manqu\u00e9e, col\u00e8re intacte, notre antifascisme sera toujours populaire !\",\"datePublished\":\"2016-06-04T18:44:13+00:00\",\"dateModified\":\"2024-12-30T18:15:48+00:00\",\"mainEntityOfPage\":{\"@id\":\"https:\\\/\\\/solidaires-etudiant-e-s.org\\\/site\\\/2016\\\/06\\\/04\\\/trois-ans-apres-lassassinat-de-clement-manif-manquee-colere-intacte-notre-antifascisme-sera-toujours-populaire\\\/\"},\"wordCount\":343,\"publisher\":{\"@id\":\"https:\\\/\\\/solidaires-etudiant-e-s.org\\\/site\\\/#organization\"},\"image\":{\"@id\":\"https:\\\/\\\/solidaires-etudiant-e-s.org\\\/site\\\/2016\\\/06\\\/04\\\/trois-ans-apres-lassassinat-de-clement-manif-manquee-colere-intacte-notre-antifascisme-sera-toujours-populaire\\\/#primaryimage\"},\"thumbnailUrl\":\"https:\\\/\\\/solidaires-etudiant-e-s.org\\\/site\\\/wp-content\\\/uploads\\\/2016\\\/06\\\/DSC_0790-scaled-1.jpg\",\"keywords\":[\"5 juin\",\"antifascisme\",\"clement\",\"hommage\",\"manifestation\",\"slider\"],\"articleSection\":[\"ANTIFACISME\"],\"inLanguage\":\"fr-FR\"},{\"@type\":\"WebPage\",\"@id\":\"https:\\\/\\\/solidaires-etudiant-e-s.org\\\/site\\\/2016\\\/06\\\/04\\\/trois-ans-apres-lassassinat-de-clement-manif-manquee-colere-intacte-notre-antifascisme-sera-toujours-populaire\\\/\",\"url\":\"https:\\\/\\\/solidaires-etudiant-e-s.org\\\/site\\\/2016\\\/06\\\/04\\\/trois-ans-apres-lassassinat-de-clement-manif-manquee-colere-intacte-notre-antifascisme-sera-toujours-populaire\\\/\",\"name\":\"Trois ans apr\u00e8s l\u2019assassinat de Cl\u00e9ment : Manif manqu\u00e9e, col\u00e8re intacte, notre antifascisme sera toujours populaire ! - Solidaires \u00e9tudiant-e-s\",\"isPartOf\":{\"@id\":\"https:\\\/\\\/solidaires-etudiant-e-s.org\\\/site\\\/#website\"},\"primaryImageOfPage\":{\"@id\":\"https:\\\/\\\/solidaires-etudiant-e-s.org\\\/site\\\/2016\\\/06\\\/04\\\/trois-ans-apres-lassassinat-de-clement-manif-manquee-colere-intacte-notre-antifascisme-sera-toujours-populaire\\\/#primaryimage\"},\"image\":{\"@id\":\"https:\\\/\\\/solidaires-etudiant-e-s.org\\\/site\\\/2016\\\/06\\\/04\\\/trois-ans-apres-lassassinat-de-clement-manif-manquee-colere-intacte-notre-antifascisme-sera-toujours-populaire\\\/#primaryimage\"},\"thumbnailUrl\":\"https:\\\/\\\/solidaires-etudiant-e-s.org\\\/site\\\/wp-content\\\/uploads\\\/2016\\\/06\\\/DSC_0790-scaled-1.jpg\",\"datePublished\":\"2016-06-04T18:44:13+00:00\",\"dateModified\":\"2024-12-30T18:15:48+00:00\",\"breadcrumb\":{\"@id\":\"https:\\\/\\\/solidaires-etudiant-e-s.org\\\/site\\\/2016\\\/06\\\/04\\\/trois-ans-apres-lassassinat-de-clement-manif-manquee-colere-intacte-notre-antifascisme-sera-toujours-populaire\\\/#breadcrumb\"},\"inLanguage\":\"fr-FR\",\"potentialAction\":[{\"@type\":\"ReadAction\",\"target\":[\"https:\\\/\\\/solidaires-etudiant-e-s.org\\\/site\\\/2016\\\/06\\\/04\\\/trois-ans-apres-lassassinat-de-clement-manif-manquee-colere-intacte-notre-antifascisme-sera-toujours-populaire\\\/\"]}]},{\"@type\":\"ImageObject\",\"inLanguage\":\"fr-FR\",\"@id\":\"https:\\\/\\\/solidaires-etudiant-e-s.org\\\/site\\\/2016\\\/06\\\/04\\\/trois-ans-apres-lassassinat-de-clement-manif-manquee-colere-intacte-notre-antifascisme-sera-toujours-populaire\\\/#primaryimage\",\"url\":\"https:\\\/\\\/solidaires-etudiant-e-s.org\\\/site\\\/wp-content\\\/uploads\\\/2016\\\/06\\\/DSC_0790-scaled-1.jpg\",\"contentUrl\":\"https:\\\/\\\/solidaires-etudiant-e-s.org\\\/site\\\/wp-content\\\/uploads\\\/2016\\\/06\\\/DSC_0790-scaled-1.jpg\",\"width\":2560,\"height\":1707},{\"@type\":\"BreadcrumbList\",\"@id\":\"https:\\\/\\\/solidaires-etudiant-e-s.org\\\/site\\\/2016\\\/06\\\/04\\\/trois-ans-apres-lassassinat-de-clement-manif-manquee-colere-intacte-notre-antifascisme-sera-toujours-populaire\\\/#breadcrumb\",\"itemListElement\":[{\"@type\":\"ListItem\",\"position\":1,\"name\":\"Accueil\",\"item\":\"https:\\\/\\\/solidaires-etudiant-e-s.org\\\/site\\\/\"},{\"@type\":\"ListItem\",\"position\":2,\"name\":\"Trois ans apr\u00e8s l\u2019assassinat de Cl\u00e9ment : Manif manqu\u00e9e, col\u00e8re intacte, notre antifascisme sera toujours populaire !\"}]},{\"@type\":\"WebSite\",\"@id\":\"https:\\\/\\\/solidaires-etudiant-e-s.org\\\/site\\\/#website\",\"url\":\"https:\\\/\\\/solidaires-etudiant-e-s.org\\\/site\\\/\",\"name\":\"Solidaires \u00e9tudiant-e-s\",\"description\":\"Syndicats pour un enseignement sup\u00e9rieur gratuit, ouvert, et \u00e9mancipateur !\",\"publisher\":{\"@id\":\"https:\\\/\\\/solidaires-etudiant-e-s.org\\\/site\\\/#organization\"},\"potentialAction\":[{\"@type\":\"SearchAction\",\"target\":{\"@type\":\"EntryPoint\",\"urlTemplate\":\"https:\\\/\\\/solidaires-etudiant-e-s.org\\\/site\\\/?s={search_term_string}\"},\"query-input\":{\"@type\":\"PropertyValueSpecification\",\"valueRequired\":true,\"valueName\":\"search_term_string\"}}],\"inLanguage\":\"fr-FR\"},{\"@type\":\"Organization\",\"@id\":\"https:\\\/\\\/solidaires-etudiant-e-s.org\\\/site\\\/#organization\",\"name\":\"Solidaires \u00e9tudiant-e-s\",\"url\":\"https:\\\/\\\/solidaires-etudiant-e-s.org\\\/site\\\/\",\"logo\":{\"@type\":\"ImageObject\",\"inLanguage\":\"fr-FR\",\"@id\":\"https:\\\/\\\/solidaires-etudiant-e-s.org\\\/site\\\/#\\\/schema\\\/logo\\\/image\\\/\",\"url\":\"https:\\\/\\\/solidaires-etudiant-e-s.org\\\/site\\\/wp-content\\\/uploads\\\/2025\\\/12\\\/13-1.png\",\"contentUrl\":\"https:\\\/\\\/solidaires-etudiant-e-s.org\\\/site\\\/wp-content\\\/uploads\\\/2025\\\/12\\\/13-1.png\",\"width\":1181,\"height\":827,\"caption\":\"Solidaires \u00e9tudiant-e-s\"},\"image\":{\"@id\":\"https:\\\/\\\/solidaires-etudiant-e-s.org\\\/site\\\/#\\\/schema\\\/logo\\\/image\\\/\"},\"sameAs\":[\"https:\\\/\\\/www.facebook.com\\\/solidairesetudiantes\",\"https:\\\/\\\/x.com\\\/SolidairesEtu\",\"https:\\\/\\\/www.instagram.com\\\/solidairesetu\\\/\",\"https:\\\/\\\/bsky.app\\\/profile\\\/solidaires-etudiant-e-s.org\",\"https:\\\/\\\/mastodon.social\\\/@solidairesetu\",\"https:\\\/\\\/www.youtube.com\\\/channel\\\/UC_iZN9gmVAAnXbBM7wAWOag\"]},{\"@type\":\"Person\",\"@id\":\"https:\\\/\\\/solidaires-etudiant-e-s.org\\\/site\\\/#\\\/schema\\\/person\\\/0efb3e0ff4e2f12b5a5abcd4352aa86c\",\"name\":\"Solidaires \u00e9tudiant-e-s\",\"image\":{\"@type\":\"ImageObject\",\"inLanguage\":\"fr-FR\",\"@id\":\"https:\\\/\\\/solidaires-etudiant-e-s.org\\\/site\\\/wp-content\\\/uploads\\\/2020\\\/01\\\/logo-SESL-rond-512-96x96.png\",\"url\":\"https:\\\/\\\/solidaires-etudiant-e-s.org\\\/site\\\/wp-content\\\/uploads\\\/2020\\\/01\\\/logo-SESL-rond-512-96x96.png\",\"contentUrl\":\"https:\\\/\\\/solidaires-etudiant-e-s.org\\\/site\\\/wp-content\\\/uploads\\\/2020\\\/01\\\/logo-SESL-rond-512-96x96.png\",\"caption\":\"Solidaires \u00e9tudiant-e-s\"},\"sameAs\":[\"https:\\\/\\\/solidaires-etudiant.org\\\/site\",\"https:\\\/\\\/www.facebook.com\\\/solidairesetudiantes\",\"https:\\\/\\\/www.instagram.com\\\/solidairesetu\",\"https:\\\/\\\/x.com\\\/SolidairesEtu\",\"https:\\\/\\\/fr.wikipedia.org\\\/wiki\\\/Solidaires_tudiant-e-s\"]}]}<\/script>\n<!-- \/ Yoast SEO plugin. -->","yoast_head_json":{"title":"Trois ans apr\u00e8s l\u2019assassinat de Cl\u00e9ment : Manif manqu\u00e9e, col\u00e8re intacte, notre antifascisme sera toujours populaire ! - Solidaires \u00e9tudiant-e-s","robots":{"index":"index","follow":"follow","max-snippet":"max-snippet:-1","max-image-preview":"max-image-preview:large","max-video-preview":"max-video-preview:-1"},"canonical":"https:\/\/solidaires-etudiant-e-s.org\/site\/2016\/06\/04\/trois-ans-apres-lassassinat-de-clement-manif-manquee-colere-intacte-notre-antifascisme-sera-toujours-populaire\/","og_locale":"fr_FR","og_type":"article","og_title":"Trois ans apr\u00e8s l\u2019assassinat de Cl\u00e9ment : Manif manqu\u00e9e, col\u00e8re intacte, notre antifascisme sera toujours populaire ! - Solidaires \u00e9tudiant-e-s","og_description":"Aujourd\u2019hui, nous devions manifester \u00e0 Paris, de Stalingrad \u00e0 M\u00e9nilmontant, pour rendre [&hellip;]","og_url":"https:\/\/solidaires-etudiant-e-s.org\/site\/2016\/06\/04\/trois-ans-apres-lassassinat-de-clement-manif-manquee-colere-intacte-notre-antifascisme-sera-toujours-populaire\/","og_site_name":"Solidaires \u00e9tudiant-e-s","article_publisher":"https:\/\/www.facebook.com\/solidairesetudiantes","article_author":"https:\/\/www.facebook.com\/solidairesetudiantes","article_published_time":"2016-06-04T18:44:13+00:00","article_modified_time":"2024-12-30T18:15:48+00:00","og_image":[{"width":2560,"height":1707,"url":"https:\/\/solidaires-etudiant-e-s.org\/site\/wp-content\/uploads\/2016\/06\/DSC_0790-scaled-1.jpg","type":"image\/jpeg"}],"author":"Solidaires \u00e9tudiant-e-s","twitter_card":"summary_large_image","twitter_creator":"@SolidairesEtu","twitter_site":"@SolidairesEtu","twitter_misc":{"\u00c9crit par":"Solidaires \u00e9tudiant-e-s","Dur\u00e9e de lecture estim\u00e9e":"2 minutes"},"schema":{"@context":"https:\/\/schema.org","@graph":[{"@type":"Article","@id":"https:\/\/solidaires-etudiant-e-s.org\/site\/2016\/06\/04\/trois-ans-apres-lassassinat-de-clement-manif-manquee-colere-intacte-notre-antifascisme-sera-toujours-populaire\/#article","isPartOf":{"@id":"https:\/\/solidaires-etudiant-e-s.org\/site\/2016\/06\/04\/trois-ans-apres-lassassinat-de-clement-manif-manquee-colere-intacte-notre-antifascisme-sera-toujours-populaire\/"},"author":{"name":"Solidaires \u00e9tudiant-e-s","@id":"https:\/\/solidaires-etudiant-e-s.org\/site\/#\/schema\/person\/0efb3e0ff4e2f12b5a5abcd4352aa86c"},"headline":"Trois ans apr\u00e8s l\u2019assassinat de Cl\u00e9ment : Manif manqu\u00e9e, col\u00e8re intacte, notre antifascisme sera toujours populaire !","datePublished":"2016-06-04T18:44:13+00:00","dateModified":"2024-12-30T18:15:48+00:00","mainEntityOfPage":{"@id":"https:\/\/solidaires-etudiant-e-s.org\/site\/2016\/06\/04\/trois-ans-apres-lassassinat-de-clement-manif-manquee-colere-intacte-notre-antifascisme-sera-toujours-populaire\/"},"wordCount":343,"publisher":{"@id":"https:\/\/solidaires-etudiant-e-s.org\/site\/#organization"},"image":{"@id":"https:\/\/solidaires-etudiant-e-s.org\/site\/2016\/06\/04\/trois-ans-apres-lassassinat-de-clement-manif-manquee-colere-intacte-notre-antifascisme-sera-toujours-populaire\/#primaryimage"},"thumbnailUrl":"https:\/\/solidaires-etudiant-e-s.org\/site\/wp-content\/uploads\/2016\/06\/DSC_0790-scaled-1.jpg","keywords":["5 juin","antifascisme","clement","hommage","manifestation","slider"],"articleSection":["ANTIFACISME"],"inLanguage":"fr-FR"},{"@type":"WebPage","@id":"https:\/\/solidaires-etudiant-e-s.org\/site\/2016\/06\/04\/trois-ans-apres-lassassinat-de-clement-manif-manquee-colere-intacte-notre-antifascisme-sera-toujours-populaire\/","url":"https:\/\/solidaires-etudiant-e-s.org\/site\/2016\/06\/04\/trois-ans-apres-lassassinat-de-clement-manif-manquee-colere-intacte-notre-antifascisme-sera-toujours-populaire\/","name":"Trois ans apr\u00e8s l\u2019assassinat de Cl\u00e9ment : Manif manqu\u00e9e, col\u00e8re intacte, notre antifascisme sera toujours populaire ! - Solidaires \u00e9tudiant-e-s","isPartOf":{"@id":"https:\/\/solidaires-etudiant-e-s.org\/site\/#website"},"primaryImageOfPage":{"@id":"https:\/\/solidaires-etudiant-e-s.org\/site\/2016\/06\/04\/trois-ans-apres-lassassinat-de-clement-manif-manquee-colere-intacte-notre-antifascisme-sera-toujours-populaire\/#primaryimage"},"image":{"@id":"https:\/\/solidaires-etudiant-e-s.org\/site\/2016\/06\/04\/trois-ans-apres-lassassinat-de-clement-manif-manquee-colere-intacte-notre-antifascisme-sera-toujours-populaire\/#primaryimage"},"thumbnailUrl":"https:\/\/solidaires-etudiant-e-s.org\/site\/wp-content\/uploads\/2016\/06\/DSC_0790-scaled-1.jpg","datePublished":"2016-06-04T18:44:13+00:00","dateModified":"2024-12-30T18:15:48+00:00","breadcrumb":{"@id":"https:\/\/solidaires-etudiant-e-s.org\/site\/2016\/06\/04\/trois-ans-apres-lassassinat-de-clement-manif-manquee-colere-intacte-notre-antifascisme-sera-toujours-populaire\/#breadcrumb"},"inLanguage":"fr-FR","potentialAction":[{"@type":"ReadAction","target":["https:\/\/solidaires-etudiant-e-s.org\/site\/2016\/06\/04\/trois-ans-apres-lassassinat-de-clement-manif-manquee-colere-intacte-notre-antifascisme-sera-toujours-populaire\/"]}]},{"@type":"ImageObject","inLanguage":"fr-FR","@id":"https:\/\/solidaires-etudiant-e-s.org\/site\/2016\/06\/04\/trois-ans-apres-lassassinat-de-clement-manif-manquee-colere-intacte-notre-antifascisme-sera-toujours-populaire\/#primaryimage","url":"https:\/\/solidaires-etudiant-e-s.org\/site\/wp-content\/uploads\/2016\/06\/DSC_0790-scaled-1.jpg","contentUrl":"https:\/\/solidaires-etudiant-e-s.org\/site\/wp-content\/uploads\/2016\/06\/DSC_0790-scaled-1.jpg","width":2560,"height":1707},{"@type":"BreadcrumbList","@id":"https:\/\/solidaires-etudiant-e-s.org\/site\/2016\/06\/04\/trois-ans-apres-lassassinat-de-clement-manif-manquee-colere-intacte-notre-antifascisme-sera-toujours-populaire\/#breadcrumb","itemListElement":[{"@type":"ListItem","position":1,"name":"Accueil","item":"https:\/\/solidaires-etudiant-e-s.org\/site\/"},{"@type":"ListItem","position":2,"name":"Trois ans apr\u00e8s l\u2019assassinat de Cl\u00e9ment : Manif manqu\u00e9e, col\u00e8re intacte, notre antifascisme sera toujours populaire !"}]},{"@type":"WebSite","@id":"https:\/\/solidaires-etudiant-e-s.org\/site\/#website","url":"https:\/\/solidaires-etudiant-e-s.org\/site\/","name":"Solidaires \u00e9tudiant-e-s","description":"Syndicats pour un enseignement sup\u00e9rieur gratuit, ouvert, et \u00e9mancipateur !","publisher":{"@id":"https:\/\/solidaires-etudiant-e-s.org\/site\/#organization"},"potentialAction":[{"@type":"SearchAction","target":{"@type":"EntryPoint","urlTemplate":"https:\/\/solidaires-etudiant-e-s.org\/site\/?s={search_term_string}"},"query-input":{"@type":"PropertyValueSpecification","valueRequired":true,"valueName":"search_term_string"}}],"inLanguage":"fr-FR"},{"@type":"Organization","@id":"https:\/\/solidaires-etudiant-e-s.org\/site\/#organization","name":"Solidaires \u00e9tudiant-e-s","url":"https:\/\/solidaires-etudiant-e-s.org\/site\/","logo":{"@type":"ImageObject","inLanguage":"fr-FR","@id":"https:\/\/solidaires-etudiant-e-s.org\/site\/#\/schema\/logo\/image\/","url":"https:\/\/solidaires-etudiant-e-s.org\/site\/wp-content\/uploads\/2025\/12\/13-1.png","contentUrl":"https:\/\/solidaires-etudiant-e-s.org\/site\/wp-content\/uploads\/2025\/12\/13-1.png","width":1181,"height":827,"caption":"Solidaires \u00e9tudiant-e-s"},"image":{"@id":"https:\/\/solidaires-etudiant-e-s.org\/site\/#\/schema\/logo\/image\/"},"sameAs":["https:\/\/www.facebook.com\/solidairesetudiantes","https:\/\/x.com\/SolidairesEtu","https:\/\/www.instagram.com\/solidairesetu\/","https:\/\/bsky.app\/profile\/solidaires-etudiant-e-s.org","https:\/\/mastodon.social\/@solidairesetu","https:\/\/www.youtube.com\/channel\/UC_iZN9gmVAAnXbBM7wAWOag"]},{"@type":"Person","@id":"https:\/\/solidaires-etudiant-e-s.org\/site\/#\/schema\/person\/0efb3e0ff4e2f12b5a5abcd4352aa86c","name":"Solidaires \u00e9tudiant-e-s","image":{"@type":"ImageObject","inLanguage":"fr-FR","@id":"https:\/\/solidaires-etudiant-e-s.org\/site\/wp-content\/uploads\/2020\/01\/logo-SESL-rond-512-96x96.png","url":"https:\/\/solidaires-etudiant-e-s.org\/site\/wp-content\/uploads\/2020\/01\/logo-SESL-rond-512-96x96.png","contentUrl":"https:\/\/solidaires-etudiant-e-s.org\/site\/wp-content\/uploads\/2020\/01\/logo-SESL-rond-512-96x96.png","caption":"Solidaires \u00e9tudiant-e-s"},"sameAs":["https:\/\/solidaires-etudiant.org\/site","https:\/\/www.facebook.com\/solidairesetudiantes","https:\/\/www.instagram.com\/solidairesetu","https:\/\/x.com\/SolidairesEtu","https:\/\/fr.wikipedia.org\/wiki\/Solidaires_tudiant-e-s"]}]}},"_links":{"self":[{"href":"https:\/\/solidaires-etudiant-e-s.org\/site\/wp-json\/wp\/v2\/posts\/3196","targetHints":{"allow":["GET"]}}],"collection":[{"href":"https:\/\/solidaires-etudiant-e-s.org\/site\/wp-json\/wp\/v2\/posts"}],"about":[{"href":"https:\/\/solidaires-etudiant-e-s.org\/site\/wp-json\/wp\/v2\/types\/post"}],"author":[{"embeddable":true,"href":"https:\/\/solidaires-etudiant-e-s.org\/site\/wp-json\/wp\/v2\/users\/1"}],"replies":[{"embeddable":true,"href":"https:\/\/solidaires-etudiant-e-s.org\/site\/wp-json\/wp\/v2\/comments?post=3196"}],"version-history":[{"count":1,"href":"https:\/\/solidaires-etudiant-e-s.org\/site\/wp-json\/wp\/v2\/posts\/3196\/revisions"}],"predecessor-version":[{"id":7506,"href":"https:\/\/solidaires-etudiant-e-s.org\/site\/wp-json\/wp\/v2\/posts\/3196\/revisions\/7506"}],"wp:featuredmedia":[{"embeddable":true,"href":"https:\/\/solidaires-etudiant-e-s.org\/site\/wp-json\/wp\/v2\/media\/3198"}],"wp:attachment":[{"href":"https:\/\/solidaires-etudiant-e-s.org\/site\/wp-json\/wp\/v2\/media?parent=3196"}],"wp:term":[{"taxonomy":"category","embeddable":true,"href":"https:\/\/solidaires-etudiant-e-s.org\/site\/wp-json\/wp\/v2\/categories?post=3196"},{"taxonomy":"post_tag","embeddable":true,"href":"https:\/\/solidaires-etudiant-e-s.org\/site\/wp-json\/wp\/v2\/tags?post=3196"}],"curies":[{"name":"wp","href":"https:\/\/api.w.org\/{rel}","templated":true}]}}