{"id":3165,"date":"2016-05-11T17:47:29","date_gmt":"2016-05-11T15:47:29","guid":{"rendered":"http:\/\/www.solidaires-etudiant.org\/?p=3165"},"modified":"2025-05-03T22:47:39","modified_gmt":"2025-05-03T21:47:39","slug":"nous-soutenons-loccupation-legitime-de-la-maison-du-peuple-de-rennes","status":"publish","type":"post","link":"https:\/\/solidaires-etudiant-e-s.org\/site\/2016\/05\/11\/nous-soutenons-loccupation-legitime-de-la-maison-du-peuple-de-rennes\/","title":{"rendered":"Nous soutenons l\u2019occupation l\u00e9gitime  de la maison du peuple de Rennes."},"content":{"rendered":"<p class=\"western\" align=\"justify\"><b>La f\u00e9d\u00e9ration des syndicats Solidaires \u00e9tudiant-e-s soutiens l\u2019occupation de la maison du peuple \u00e0 Rennes. Nous relayons donc le message des occupant-e-s de la maison, et exprimons notre solidarit\u00e9 envers toutes les actions d\u2019occupation ou de r\u00e9appropriation de l\u2019espace publique contre la loi travail.<\/b><\/p>\n<p class=\"western\" align=\"justify\">\u00ab\u00a0La salle de la cit\u00e9, situ\u00e9e au 10 rue Saint Louis est maintenant occup\u00e9e nuit et jour depuis dix jours. Elle retrouve son v\u00e9ritable nom\u00a0:\u00abMaison du peuple\u00bb pour la deuxi\u00e8me fois de son histoire. On y vit, on y dort et mange. On y parle. On s\u2019y organise. Elle est un lieu de convergence des luttes, en particulier des opposant-e-s \u00e0 la loi travail ou se c\u00f4toient \u00e9tudiant-e-s, intermittent-e-s, militant-e-s, syndicalistes, pr\u00e9caires, Nuit Debout, ainsi que bon nombres d&rsquo;individu-e-s de groupes et d&rsquo;associations. On y pr\u00e9pare la suite du mouvement, on s&rsquo;y interroge sur l&rsquo;avenir et sur le monde que nous voulons construire, on y vit des rencontres, on y prend les d\u00e9cisions collectivement.<br \/>\nNous soutenons cette occupation qui s&rsquo;inscrit clairement dans l\u2019esprit et l\u2019histoire sociale, syndicale et culturelle de ce lieu hautement symbolique de la vie rennaise. Depuis sa cr\u00e9ation en avril 1893, la bourse du travail, n\u00e9e entre ces murs a \u00e9t\u00e9 un foyer culturel tr\u00e8s actif, notamment dans le domaine de l\u2019\u00e9ducation populaire\u00a0: \u201c Une troupe de th\u00e9\u00e2tre, une chorale, soutenues par le syndicat des musiciens, un cin\u00e9ma du peuple comptent parmi les animations phares\u201d. (source\u00a0: archives de Rennes). Sans oublier les nombreux concerts de rock qui ont marqu\u00e9 des g\u00e9n\u00e9rations de Rennais.<br \/>\nLa Maison du peuple doit redevenir un lieu d\u2019effervescence politique et culturelle.\u00a0\u00bb\n<\/p>\n<p class=\"western\" align=\"center\"><span style=\"font-family: Calibri,sans-serif;\"><span style=\"font-size: medium;\"><i>Solidaires \u00e9tudiant-e-s, syndicats de luttes<\/i><\/span><\/span><\/p>\n<p class=\"western\" align=\"center\"><span style=\"font-family: Calibri,sans-serif;\"><span style=\"font-size: medium;\">Porte-parolat : <\/span><\/span><span style=\"font-family: Calibri,sans-serif;\"><span style=\"font-size: medium;\"><i>06.86.80.24.45<\/i><\/span><\/span><\/p>\n<p class=\"western\" align=\"center\"><span style=\"font-family: Calibri,sans-serif;\"><span style=\"font-size: medium;\"><i>https:\/\/solidaires-etudiant.org\/site\/<\/i><\/span><\/span><\/p>\n<p class=\"western\" align=\"center\"><span style=\"color: #000080;\"><span lang=\"zxx\"><u><a href=\"mailto:contact@solidaires-etudiant-e-s.org\"><span style=\"color: #222222;\"><span style=\"font-family: Calibri,sans-serif;\"><span style=\"font-size: medium;\"><i>contact@solidaires-etudiant-e-s.org<\/i><\/span><\/span><\/span><\/a><\/u><\/span><\/span><\/p>\n<p class=\"western\" align=\"center\"><a href=\"http:\/\/www.solidaires-etudiant.org\/wp-content\/uploads\/2016\/05\/communiqu\u00e9-soutien-occupation-maison-du-peuple-de-rennes.pdf\"><img loading=\"lazy\" decoding=\"async\" class=\"aligncenter size-thumbnail wp-image-274\" src=\"http:\/\/www.solidaires-etudiant.org\/wp-content\/uploads\/2014\/02\/adobe-150x150.png\" alt=\"pdf\" width=\"150\" height=\"150\" srcset=\"https:\/\/solidaires-etudiant-e-s.org\/site\/wp-content\/uploads\/2014\/02\/adobe-150x150.png 150w, https:\/\/solidaires-etudiant-e-s.org\/site\/wp-content\/uploads\/2014\/02\/adobe.png 256w\" sizes=\"auto, (max-width: 150px) 100vw, 150px\" \/><\/a><\/p>\n","protected":false},"excerpt":{"rendered":"<p>La f\u00e9d\u00e9ration des syndicats Solidaires \u00e9tudiant-e-s soutiens l\u2019occupation de la maison du [&hellip;]<\/p>\n","protected":false},"author":1,"featured_media":3166,"comment_status":"closed","ping_status":"closed","sticky":false,"template":"","format":"standard","meta":{"cybocfi_hide_featured_image":"","footnotes":""},"categories":[15],"tags":[308,583,725,795,1049],"class_list":["post-3165","post","type-post","status-publish","format-standard","has-post-thumbnail","hentry","category-droits-etudiants","tag-communiques-2","tag-greve","tag-loi-travail","tag-mobilisation","tag-slider","col-md-4 col-sm-4"],"featured_image_src":"https:\/\/solidaires-etudiant-e-s.org\/site\/wp-content\/uploads\/2016\/05\/13122974_611337305697898_3014816548950389415_o.jpg","author_info":{"display_name":"Solidaires \u00e9tudiant-e-s","author_link":false},"yoast_head":"<!-- This site is optimized with the Yoast SEO plugin v27.5 - https:\/\/yoast.com\/product\/yoast-seo-wordpress\/ -->\n<title>Nous soutenons l\u2019occupation l\u00e9gitime de la maison du peuple de Rennes. - Solidaires \u00e9tudiant-e-s<\/title>\n<meta name=\"robots\" content=\"index, follow, max-snippet:-1, max-image-preview:large, max-video-preview:-1\" \/>\n<link rel=\"canonical\" href=\"https:\/\/solidaires-etudiant-e-s.org\/site\/2016\/05\/11\/nous-soutenons-loccupation-legitime-de-la-maison-du-peuple-de-rennes\/\" \/>\n<meta property=\"og:locale\" content=\"fr_FR\" \/>\n<meta property=\"og:type\" content=\"article\" \/>\n<meta property=\"og:title\" content=\"Nous soutenons l\u2019occupation l\u00e9gitime de la maison du peuple de Rennes. - Solidaires \u00e9tudiant-e-s\" \/>\n<meta property=\"og:description\" content=\"La f\u00e9d\u00e9ration des syndicats Solidaires \u00e9tudiant-e-s soutiens l\u2019occupation de la maison du [&hellip;]\" \/>\n<meta property=\"og:url\" content=\"https:\/\/solidaires-etudiant-e-s.org\/site\/2016\/05\/11\/nous-soutenons-loccupation-legitime-de-la-maison-du-peuple-de-rennes\/\" \/>\n<meta property=\"og:site_name\" content=\"Solidaires \u00e9tudiant-e-s\" \/>\n<meta property=\"article:publisher\" content=\"https:\/\/www.facebook.com\/solidairesetudiantes\" \/>\n<meta property=\"article:author\" content=\"https:\/\/www.facebook.com\/solidairesetudiantes\" \/>\n<meta property=\"article:published_time\" content=\"2016-05-11T15:47:29+00:00\" \/>\n<meta property=\"article:modified_time\" content=\"2025-05-03T21:47:39+00:00\" \/>\n<meta property=\"og:image\" content=\"https:\/\/solidaires-etudiant-e-s.org\/site\/wp-content\/uploads\/2016\/05\/13122974_611337305697898_3014816548950389415_o.jpg\" \/>\n\t<meta property=\"og:image:width\" content=\"2048\" \/>\n\t<meta property=\"og:image:height\" content=\"1370\" \/>\n\t<meta property=\"og:image:type\" content=\"image\/jpeg\" \/>\n<meta name=\"author\" content=\"Solidaires \u00e9tudiant-e-s\" \/>\n<meta name=\"twitter:card\" content=\"summary_large_image\" \/>\n<meta name=\"twitter:creator\" content=\"@SolidairesEtu\" \/>\n<meta name=\"twitter:site\" content=\"@SolidairesEtu\" \/>\n<meta name=\"twitter:label1\" content=\"\u00c9crit par\" \/>\n\t<meta name=\"twitter:data1\" content=\"Solidaires \u00e9tudiant-e-s\" \/>\n\t<meta name=\"twitter:label2\" content=\"Dur\u00e9e de lecture estim\u00e9e\" \/>\n\t<meta name=\"twitter:data2\" content=\"1 minute\" \/>\n<script type=\"application\/ld+json\" class=\"yoast-schema-graph\">{\"@context\":\"https:\\\/\\\/schema.org\",\"@graph\":[{\"@type\":\"Article\",\"@id\":\"https:\\\/\\\/solidaires-etudiant-e-s.org\\\/site\\\/2016\\\/05\\\/11\\\/nous-soutenons-loccupation-legitime-de-la-maison-du-peuple-de-rennes\\\/#article\",\"isPartOf\":{\"@id\":\"https:\\\/\\\/solidaires-etudiant-e-s.org\\\/site\\\/2016\\\/05\\\/11\\\/nous-soutenons-loccupation-legitime-de-la-maison-du-peuple-de-rennes\\\/\"},\"author\":{\"name\":\"Solidaires \u00e9tudiant-e-s\",\"@id\":\"https:\\\/\\\/solidaires-etudiant-e-s.org\\\/site\\\/#\\\/schema\\\/person\\\/0efb3e0ff4e2f12b5a5abcd4352aa86c\"},\"headline\":\"Nous soutenons l\u2019occupation l\u00e9gitime de la maison du peuple de Rennes.\",\"datePublished\":\"2016-05-11T15:47:29+00:00\",\"dateModified\":\"2025-05-03T21:47:39+00:00\",\"mainEntityOfPage\":{\"@id\":\"https:\\\/\\\/solidaires-etudiant-e-s.org\\\/site\\\/2016\\\/05\\\/11\\\/nous-soutenons-loccupation-legitime-de-la-maison-du-peuple-de-rennes\\\/\"},\"wordCount\":315,\"publisher\":{\"@id\":\"https:\\\/\\\/solidaires-etudiant-e-s.org\\\/site\\\/#organization\"},\"image\":{\"@id\":\"https:\\\/\\\/solidaires-etudiant-e-s.org\\\/site\\\/2016\\\/05\\\/11\\\/nous-soutenons-loccupation-legitime-de-la-maison-du-peuple-de-rennes\\\/#primaryimage\"},\"thumbnailUrl\":\"https:\\\/\\\/solidaires-etudiant-e-s.org\\\/site\\\/wp-content\\\/uploads\\\/2016\\\/05\\\/13122974_611337305697898_3014816548950389415_o.jpg\",\"keywords\":[\"communiqu\u00e9s\",\"gr\u00e8ve\",\"loi Travail\",\"mobilisation\",\"slider\"],\"articleSection\":[\"DROITS ETUDIANTS\"],\"inLanguage\":\"fr-FR\"},{\"@type\":\"WebPage\",\"@id\":\"https:\\\/\\\/solidaires-etudiant-e-s.org\\\/site\\\/2016\\\/05\\\/11\\\/nous-soutenons-loccupation-legitime-de-la-maison-du-peuple-de-rennes\\\/\",\"url\":\"https:\\\/\\\/solidaires-etudiant-e-s.org\\\/site\\\/2016\\\/05\\\/11\\\/nous-soutenons-loccupation-legitime-de-la-maison-du-peuple-de-rennes\\\/\",\"name\":\"Nous soutenons l\u2019occupation l\u00e9gitime de la maison du peuple de Rennes. - Solidaires \u00e9tudiant-e-s\",\"isPartOf\":{\"@id\":\"https:\\\/\\\/solidaires-etudiant-e-s.org\\\/site\\\/#website\"},\"primaryImageOfPage\":{\"@id\":\"https:\\\/\\\/solidaires-etudiant-e-s.org\\\/site\\\/2016\\\/05\\\/11\\\/nous-soutenons-loccupation-legitime-de-la-maison-du-peuple-de-rennes\\\/#primaryimage\"},\"image\":{\"@id\":\"https:\\\/\\\/solidaires-etudiant-e-s.org\\\/site\\\/2016\\\/05\\\/11\\\/nous-soutenons-loccupation-legitime-de-la-maison-du-peuple-de-rennes\\\/#primaryimage\"},\"thumbnailUrl\":\"https:\\\/\\\/solidaires-etudiant-e-s.org\\\/site\\\/wp-content\\\/uploads\\\/2016\\\/05\\\/13122974_611337305697898_3014816548950389415_o.jpg\",\"datePublished\":\"2016-05-11T15:47:29+00:00\",\"dateModified\":\"2025-05-03T21:47:39+00:00\",\"breadcrumb\":{\"@id\":\"https:\\\/\\\/solidaires-etudiant-e-s.org\\\/site\\\/2016\\\/05\\\/11\\\/nous-soutenons-loccupation-legitime-de-la-maison-du-peuple-de-rennes\\\/#breadcrumb\"},\"inLanguage\":\"fr-FR\",\"potentialAction\":[{\"@type\":\"ReadAction\",\"target\":[\"https:\\\/\\\/solidaires-etudiant-e-s.org\\\/site\\\/2016\\\/05\\\/11\\\/nous-soutenons-loccupation-legitime-de-la-maison-du-peuple-de-rennes\\\/\"]}]},{\"@type\":\"ImageObject\",\"inLanguage\":\"fr-FR\",\"@id\":\"https:\\\/\\\/solidaires-etudiant-e-s.org\\\/site\\\/2016\\\/05\\\/11\\\/nous-soutenons-loccupation-legitime-de-la-maison-du-peuple-de-rennes\\\/#primaryimage\",\"url\":\"https:\\\/\\\/solidaires-etudiant-e-s.org\\\/site\\\/wp-content\\\/uploads\\\/2016\\\/05\\\/13122974_611337305697898_3014816548950389415_o.jpg\",\"contentUrl\":\"https:\\\/\\\/solidaires-etudiant-e-s.org\\\/site\\\/wp-content\\\/uploads\\\/2016\\\/05\\\/13122974_611337305697898_3014816548950389415_o.jpg\",\"width\":2048,\"height\":1370},{\"@type\":\"BreadcrumbList\",\"@id\":\"https:\\\/\\\/solidaires-etudiant-e-s.org\\\/site\\\/2016\\\/05\\\/11\\\/nous-soutenons-loccupation-legitime-de-la-maison-du-peuple-de-rennes\\\/#breadcrumb\",\"itemListElement\":[{\"@type\":\"ListItem\",\"position\":1,\"name\":\"Accueil\",\"item\":\"https:\\\/\\\/solidaires-etudiant-e-s.org\\\/site\\\/\"},{\"@type\":\"ListItem\",\"position\":2,\"name\":\"Nous soutenons l\u2019occupation l\u00e9gitime de la maison du peuple de Rennes.\"}]},{\"@type\":\"WebSite\",\"@id\":\"https:\\\/\\\/solidaires-etudiant-e-s.org\\\/site\\\/#website\",\"url\":\"https:\\\/\\\/solidaires-etudiant-e-s.org\\\/site\\\/\",\"name\":\"Solidaires \u00e9tudiant-e-s\",\"description\":\"Syndicats pour un enseignement sup\u00e9rieur gratuit, ouvert, et \u00e9mancipateur !\",\"publisher\":{\"@id\":\"https:\\\/\\\/solidaires-etudiant-e-s.org\\\/site\\\/#organization\"},\"potentialAction\":[{\"@type\":\"SearchAction\",\"target\":{\"@type\":\"EntryPoint\",\"urlTemplate\":\"https:\\\/\\\/solidaires-etudiant-e-s.org\\\/site\\\/?s={search_term_string}\"},\"query-input\":{\"@type\":\"PropertyValueSpecification\",\"valueRequired\":true,\"valueName\":\"search_term_string\"}}],\"inLanguage\":\"fr-FR\"},{\"@type\":\"Organization\",\"@id\":\"https:\\\/\\\/solidaires-etudiant-e-s.org\\\/site\\\/#organization\",\"name\":\"Solidaires \u00e9tudiant-e-s\",\"url\":\"https:\\\/\\\/solidaires-etudiant-e-s.org\\\/site\\\/\",\"logo\":{\"@type\":\"ImageObject\",\"inLanguage\":\"fr-FR\",\"@id\":\"https:\\\/\\\/solidaires-etudiant-e-s.org\\\/site\\\/#\\\/schema\\\/logo\\\/image\\\/\",\"url\":\"https:\\\/\\\/solidaires-etudiant-e-s.org\\\/site\\\/wp-content\\\/uploads\\\/2025\\\/12\\\/13-1.png\",\"contentUrl\":\"https:\\\/\\\/solidaires-etudiant-e-s.org\\\/site\\\/wp-content\\\/uploads\\\/2025\\\/12\\\/13-1.png\",\"width\":1181,\"height\":827,\"caption\":\"Solidaires \u00e9tudiant-e-s\"},\"image\":{\"@id\":\"https:\\\/\\\/solidaires-etudiant-e-s.org\\\/site\\\/#\\\/schema\\\/logo\\\/image\\\/\"},\"sameAs\":[\"https:\\\/\\\/www.facebook.com\\\/solidairesetudiantes\",\"https:\\\/\\\/x.com\\\/SolidairesEtu\",\"https:\\\/\\\/www.instagram.com\\\/solidairesetu\\\/\",\"https:\\\/\\\/bsky.app\\\/profile\\\/solidaires-etudiant-e-s.org\",\"https:\\\/\\\/mastodon.social\\\/@solidairesetu\",\"https:\\\/\\\/www.youtube.com\\\/channel\\\/UC_iZN9gmVAAnXbBM7wAWOag\"]},{\"@type\":\"Person\",\"@id\":\"https:\\\/\\\/solidaires-etudiant-e-s.org\\\/site\\\/#\\\/schema\\\/person\\\/0efb3e0ff4e2f12b5a5abcd4352aa86c\",\"name\":\"Solidaires \u00e9tudiant-e-s\",\"image\":{\"@type\":\"ImageObject\",\"inLanguage\":\"fr-FR\",\"@id\":\"https:\\\/\\\/solidaires-etudiant-e-s.org\\\/site\\\/wp-content\\\/uploads\\\/2020\\\/01\\\/logo-SESL-rond-512-96x96.png\",\"url\":\"https:\\\/\\\/solidaires-etudiant-e-s.org\\\/site\\\/wp-content\\\/uploads\\\/2020\\\/01\\\/logo-SESL-rond-512-96x96.png\",\"contentUrl\":\"https:\\\/\\\/solidaires-etudiant-e-s.org\\\/site\\\/wp-content\\\/uploads\\\/2020\\\/01\\\/logo-SESL-rond-512-96x96.png\",\"caption\":\"Solidaires \u00e9tudiant-e-s\"},\"sameAs\":[\"https:\\\/\\\/solidaires-etudiant.org\\\/site\",\"https:\\\/\\\/www.facebook.com\\\/solidairesetudiantes\",\"https:\\\/\\\/www.instagram.com\\\/solidairesetu\",\"https:\\\/\\\/x.com\\\/SolidairesEtu\",\"https:\\\/\\\/fr.wikipedia.org\\\/wiki\\\/Solidaires_tudiant-e-s\"]}]}<\/script>\n<!-- \/ Yoast SEO plugin. -->","yoast_head_json":{"title":"Nous soutenons l\u2019occupation l\u00e9gitime de la maison du peuple de Rennes. - Solidaires \u00e9tudiant-e-s","robots":{"index":"index","follow":"follow","max-snippet":"max-snippet:-1","max-image-preview":"max-image-preview:large","max-video-preview":"max-video-preview:-1"},"canonical":"https:\/\/solidaires-etudiant-e-s.org\/site\/2016\/05\/11\/nous-soutenons-loccupation-legitime-de-la-maison-du-peuple-de-rennes\/","og_locale":"fr_FR","og_type":"article","og_title":"Nous soutenons l\u2019occupation l\u00e9gitime de la maison du peuple de Rennes. - Solidaires \u00e9tudiant-e-s","og_description":"La f\u00e9d\u00e9ration des syndicats Solidaires \u00e9tudiant-e-s soutiens l\u2019occupation de la maison du [&hellip;]","og_url":"https:\/\/solidaires-etudiant-e-s.org\/site\/2016\/05\/11\/nous-soutenons-loccupation-legitime-de-la-maison-du-peuple-de-rennes\/","og_site_name":"Solidaires \u00e9tudiant-e-s","article_publisher":"https:\/\/www.facebook.com\/solidairesetudiantes","article_author":"https:\/\/www.facebook.com\/solidairesetudiantes","article_published_time":"2016-05-11T15:47:29+00:00","article_modified_time":"2025-05-03T21:47:39+00:00","og_image":[{"width":2048,"height":1370,"url":"https:\/\/solidaires-etudiant-e-s.org\/site\/wp-content\/uploads\/2016\/05\/13122974_611337305697898_3014816548950389415_o.jpg","type":"image\/jpeg"}],"author":"Solidaires \u00e9tudiant-e-s","twitter_card":"summary_large_image","twitter_creator":"@SolidairesEtu","twitter_site":"@SolidairesEtu","twitter_misc":{"\u00c9crit par":"Solidaires \u00e9tudiant-e-s","Dur\u00e9e de lecture estim\u00e9e":"1 minute"},"schema":{"@context":"https:\/\/schema.org","@graph":[{"@type":"Article","@id":"https:\/\/solidaires-etudiant-e-s.org\/site\/2016\/05\/11\/nous-soutenons-loccupation-legitime-de-la-maison-du-peuple-de-rennes\/#article","isPartOf":{"@id":"https:\/\/solidaires-etudiant-e-s.org\/site\/2016\/05\/11\/nous-soutenons-loccupation-legitime-de-la-maison-du-peuple-de-rennes\/"},"author":{"name":"Solidaires \u00e9tudiant-e-s","@id":"https:\/\/solidaires-etudiant-e-s.org\/site\/#\/schema\/person\/0efb3e0ff4e2f12b5a5abcd4352aa86c"},"headline":"Nous soutenons l\u2019occupation l\u00e9gitime de la maison du peuple de Rennes.","datePublished":"2016-05-11T15:47:29+00:00","dateModified":"2025-05-03T21:47:39+00:00","mainEntityOfPage":{"@id":"https:\/\/solidaires-etudiant-e-s.org\/site\/2016\/05\/11\/nous-soutenons-loccupation-legitime-de-la-maison-du-peuple-de-rennes\/"},"wordCount":315,"publisher":{"@id":"https:\/\/solidaires-etudiant-e-s.org\/site\/#organization"},"image":{"@id":"https:\/\/solidaires-etudiant-e-s.org\/site\/2016\/05\/11\/nous-soutenons-loccupation-legitime-de-la-maison-du-peuple-de-rennes\/#primaryimage"},"thumbnailUrl":"https:\/\/solidaires-etudiant-e-s.org\/site\/wp-content\/uploads\/2016\/05\/13122974_611337305697898_3014816548950389415_o.jpg","keywords":["communiqu\u00e9s","gr\u00e8ve","loi Travail","mobilisation","slider"],"articleSection":["DROITS ETUDIANTS"],"inLanguage":"fr-FR"},{"@type":"WebPage","@id":"https:\/\/solidaires-etudiant-e-s.org\/site\/2016\/05\/11\/nous-soutenons-loccupation-legitime-de-la-maison-du-peuple-de-rennes\/","url":"https:\/\/solidaires-etudiant-e-s.org\/site\/2016\/05\/11\/nous-soutenons-loccupation-legitime-de-la-maison-du-peuple-de-rennes\/","name":"Nous soutenons l\u2019occupation l\u00e9gitime de la maison du peuple de Rennes. - Solidaires \u00e9tudiant-e-s","isPartOf":{"@id":"https:\/\/solidaires-etudiant-e-s.org\/site\/#website"},"primaryImageOfPage":{"@id":"https:\/\/solidaires-etudiant-e-s.org\/site\/2016\/05\/11\/nous-soutenons-loccupation-legitime-de-la-maison-du-peuple-de-rennes\/#primaryimage"},"image":{"@id":"https:\/\/solidaires-etudiant-e-s.org\/site\/2016\/05\/11\/nous-soutenons-loccupation-legitime-de-la-maison-du-peuple-de-rennes\/#primaryimage"},"thumbnailUrl":"https:\/\/solidaires-etudiant-e-s.org\/site\/wp-content\/uploads\/2016\/05\/13122974_611337305697898_3014816548950389415_o.jpg","datePublished":"2016-05-11T15:47:29+00:00","dateModified":"2025-05-03T21:47:39+00:00","breadcrumb":{"@id":"https:\/\/solidaires-etudiant-e-s.org\/site\/2016\/05\/11\/nous-soutenons-loccupation-legitime-de-la-maison-du-peuple-de-rennes\/#breadcrumb"},"inLanguage":"fr-FR","potentialAction":[{"@type":"ReadAction","target":["https:\/\/solidaires-etudiant-e-s.org\/site\/2016\/05\/11\/nous-soutenons-loccupation-legitime-de-la-maison-du-peuple-de-rennes\/"]}]},{"@type":"ImageObject","inLanguage":"fr-FR","@id":"https:\/\/solidaires-etudiant-e-s.org\/site\/2016\/05\/11\/nous-soutenons-loccupation-legitime-de-la-maison-du-peuple-de-rennes\/#primaryimage","url":"https:\/\/solidaires-etudiant-e-s.org\/site\/wp-content\/uploads\/2016\/05\/13122974_611337305697898_3014816548950389415_o.jpg","contentUrl":"https:\/\/solidaires-etudiant-e-s.org\/site\/wp-content\/uploads\/2016\/05\/13122974_611337305697898_3014816548950389415_o.jpg","width":2048,"height":1370},{"@type":"BreadcrumbList","@id":"https:\/\/solidaires-etudiant-e-s.org\/site\/2016\/05\/11\/nous-soutenons-loccupation-legitime-de-la-maison-du-peuple-de-rennes\/#breadcrumb","itemListElement":[{"@type":"ListItem","position":1,"name":"Accueil","item":"https:\/\/solidaires-etudiant-e-s.org\/site\/"},{"@type":"ListItem","position":2,"name":"Nous soutenons l\u2019occupation l\u00e9gitime de la maison du peuple de Rennes."}]},{"@type":"WebSite","@id":"https:\/\/solidaires-etudiant-e-s.org\/site\/#website","url":"https:\/\/solidaires-etudiant-e-s.org\/site\/","name":"Solidaires \u00e9tudiant-e-s","description":"Syndicats pour un enseignement sup\u00e9rieur gratuit, ouvert, et \u00e9mancipateur !","publisher":{"@id":"https:\/\/solidaires-etudiant-e-s.org\/site\/#organization"},"potentialAction":[{"@type":"SearchAction","target":{"@type":"EntryPoint","urlTemplate":"https:\/\/solidaires-etudiant-e-s.org\/site\/?s={search_term_string}"},"query-input":{"@type":"PropertyValueSpecification","valueRequired":true,"valueName":"search_term_string"}}],"inLanguage":"fr-FR"},{"@type":"Organization","@id":"https:\/\/solidaires-etudiant-e-s.org\/site\/#organization","name":"Solidaires \u00e9tudiant-e-s","url":"https:\/\/solidaires-etudiant-e-s.org\/site\/","logo":{"@type":"ImageObject","inLanguage":"fr-FR","@id":"https:\/\/solidaires-etudiant-e-s.org\/site\/#\/schema\/logo\/image\/","url":"https:\/\/solidaires-etudiant-e-s.org\/site\/wp-content\/uploads\/2025\/12\/13-1.png","contentUrl":"https:\/\/solidaires-etudiant-e-s.org\/site\/wp-content\/uploads\/2025\/12\/13-1.png","width":1181,"height":827,"caption":"Solidaires \u00e9tudiant-e-s"},"image":{"@id":"https:\/\/solidaires-etudiant-e-s.org\/site\/#\/schema\/logo\/image\/"},"sameAs":["https:\/\/www.facebook.com\/solidairesetudiantes","https:\/\/x.com\/SolidairesEtu","https:\/\/www.instagram.com\/solidairesetu\/","https:\/\/bsky.app\/profile\/solidaires-etudiant-e-s.org","https:\/\/mastodon.social\/@solidairesetu","https:\/\/www.youtube.com\/channel\/UC_iZN9gmVAAnXbBM7wAWOag"]},{"@type":"Person","@id":"https:\/\/solidaires-etudiant-e-s.org\/site\/#\/schema\/person\/0efb3e0ff4e2f12b5a5abcd4352aa86c","name":"Solidaires \u00e9tudiant-e-s","image":{"@type":"ImageObject","inLanguage":"fr-FR","@id":"https:\/\/solidaires-etudiant-e-s.org\/site\/wp-content\/uploads\/2020\/01\/logo-SESL-rond-512-96x96.png","url":"https:\/\/solidaires-etudiant-e-s.org\/site\/wp-content\/uploads\/2020\/01\/logo-SESL-rond-512-96x96.png","contentUrl":"https:\/\/solidaires-etudiant-e-s.org\/site\/wp-content\/uploads\/2020\/01\/logo-SESL-rond-512-96x96.png","caption":"Solidaires \u00e9tudiant-e-s"},"sameAs":["https:\/\/solidaires-etudiant.org\/site","https:\/\/www.facebook.com\/solidairesetudiantes","https:\/\/www.instagram.com\/solidairesetu","https:\/\/x.com\/SolidairesEtu","https:\/\/fr.wikipedia.org\/wiki\/Solidaires_tudiant-e-s"]}]}},"_links":{"self":[{"href":"https:\/\/solidaires-etudiant-e-s.org\/site\/wp-json\/wp\/v2\/posts\/3165","targetHints":{"allow":["GET"]}}],"collection":[{"href":"https:\/\/solidaires-etudiant-e-s.org\/site\/wp-json\/wp\/v2\/posts"}],"about":[{"href":"https:\/\/solidaires-etudiant-e-s.org\/site\/wp-json\/wp\/v2\/types\/post"}],"author":[{"embeddable":true,"href":"https:\/\/solidaires-etudiant-e-s.org\/site\/wp-json\/wp\/v2\/users\/1"}],"replies":[{"embeddable":true,"href":"https:\/\/solidaires-etudiant-e-s.org\/site\/wp-json\/wp\/v2\/comments?post=3165"}],"version-history":[{"count":1,"href":"https:\/\/solidaires-etudiant-e-s.org\/site\/wp-json\/wp\/v2\/posts\/3165\/revisions"}],"predecessor-version":[{"id":7637,"href":"https:\/\/solidaires-etudiant-e-s.org\/site\/wp-json\/wp\/v2\/posts\/3165\/revisions\/7637"}],"wp:featuredmedia":[{"embeddable":true,"href":"https:\/\/solidaires-etudiant-e-s.org\/site\/wp-json\/wp\/v2\/media\/3166"}],"wp:attachment":[{"href":"https:\/\/solidaires-etudiant-e-s.org\/site\/wp-json\/wp\/v2\/media?parent=3165"}],"wp:term":[{"taxonomy":"category","embeddable":true,"href":"https:\/\/solidaires-etudiant-e-s.org\/site\/wp-json\/wp\/v2\/categories?post=3165"},{"taxonomy":"post_tag","embeddable":true,"href":"https:\/\/solidaires-etudiant-e-s.org\/site\/wp-json\/wp\/v2\/tags?post=3165"}],"curies":[{"name":"wp","href":"https:\/\/api.w.org\/{rel}","templated":true}]}}