{"id":3119,"date":"2016-05-03T22:13:37","date_gmt":"2016-05-03T20:13:37","guid":{"rendered":"http:\/\/www.solidaires-etudiant.org\/?p=3119"},"modified":"2025-05-03T22:48:40","modified_gmt":"2025-05-03T21:48:40","slug":"communique-des-etudiant-e-s-en-lutte-de-lesaa","status":"publish","type":"post","link":"https:\/\/solidaires-etudiant-e-s.org\/site\/2016\/05\/03\/communique-des-etudiant-e-s-en-lutte-de-lesaa\/","title":{"rendered":"Communiqu\u00e9 des \u00e9tudiant-e-s en lutte de l&#039;ESAA"},"content":{"rendered":"<h3>Nous reproduisons avec leur accord un communiqu\u00e9 des \u00e9tudiant-e-s en lutte de l&rsquo;ESAA :<\/h3>\n<p>Notre \u00e9cole est dans une situation critique depuis l\u2019ann\u00e9e derni\u00e8re. Ceci li\u00e9 \u00e0 deux baisses de budget successives de la part de la mairie, ainsi qu\u2019\u00e0 la nomination par cette m\u00eame mairie d\u2019une directrice incomp\u00e9tente.<br \/>\nLes \u00e9tudiants sont depuis cette ann\u00e9e dans une situation intenable: il n\u2019y a plus que tr\u00e8s peu de moyens p\u00e9dagogiques, des enseignants en moins, quasiment plus d\u2019intervenants, des cours qui ne correspondent plus aux cursus et aux sp\u00e9cialit\u00e9s, la direction a mis en place un management autoritaire et absurde\u2026<br \/>\nMais ce qui a mis le feu aux poudres ce sont les manigances de la mairie, de la direction et du minist\u00e8re de la culture, juste avant le Conseil d\u2019Administration du 29 mars pour organiser la fermeture du concours de recrutement en premi\u00e8re ann\u00e9e: cela acte une r\u00e9elle volont\u00e9 de fermeture globale de l\u2019\u00e9cole. (1)<br \/>\nCela a eu l\u2019effet d\u2019un \u00e9lectrochoc et les \u00e9tudiants se sont donc organis\u00e9s contre cette fermeture. Ils ont d\u00e9cid\u00e9 \u00e9galement de se r\u00e9volter contre leurs conditions d\u2019\u00e9tudes indignes.<br \/>\nApr\u00e8s un mois de mouvement, nous sommes choqu\u00e9s par le m\u00e9pris et le d\u00e9dain avec lequel nous sommes trait\u00e9s par la mairie. Mairie par ailleurs \u00e9lue sur programme valorisant soi-disant l\u2019\u00e9ducation, la jeunesse et la culture.<br \/>\nAu cours de ce mois de mouvement, nous avons effectu\u00e9 de nombreuses action symboliques dans la ville, nous avons occup\u00e9 l\u2019\u00e9cole en solidarit\u00e9 avec la gr\u00e8ve des profs et des personnels. Nous avons \u00e9galement d\u00e9m\u00e9nag\u00e9 le bureau de la directrice et chang\u00e9 les serrures pour acter l\u2019impossibilit\u00e9 d\u2019un quelconque retour en arri\u00e8re. L\u2019assembl\u00e9e g\u00e9n\u00e9rale des \u00e9tudiants, personnels et professeurs a d\u00e9sign\u00e9 une commission charg\u00e9e de la gestion de l\u2019\u00e9cole en remplacement<br \/>\nMais aujourd\u2019hui encore, nous n\u2019avons toujours aucune r\u00e9ponse de la mairie, qui joue la montre et mise sur les dipl\u00f4mes d\u00e9but juin pour endormir le mouvement, au d\u00e9triment des \u00e9tudiants qui se retrouvent \u00e0 passer les dipl\u00f4mes dans une situation de crise totale.<br \/>\nC\u2019est mal nous conna\u00eetre: nous n\u2019abdiquerons pas, rien n\u2019entachera notre d\u00e9termination \u00e0 lutter pour assurer la p\u00e9rennit\u00e9 de notre \u00e9cole et pour obtenir des conditions d\u2019\u00e9tudes dignes.<br \/>\nNous exigeons donc:<br \/>\n\u2013 L\u2019annulation des baisses de budget successives de ces pr\u00e9c\u00e9dentes ann\u00e9es,<br \/>\n\u2013 Le maintien du concours d\u2019entr\u00e9e en L1,<br \/>\n\u2013 La s\u00e9curisation et la reconduction imm\u00e9diate des contrats pr\u00e9caires d\u2019enseignants et personnels en CDD,<br \/>\n\u2013 Une gouvernance \u00e9quitable capable de valoriser notre projet d\u2019\u00e9cole et capable d\u2019assurer l\u2019obligation de moyens de l\u2019\u00e9cole envers ses \u00e9tudiants.<br \/>\nLes \u00e9tudiants mobilis\u00e9s de l\u2019\u00c9cole Sup\u00e9rieure d\u2019Art d\u2019Avignon<br \/>\n(1) C\u2019est en effet de cette fa\u00e7on que les \u00e9coles d\u2019art sont ferm\u00e9es (Perpignan par exemple): on enl\u00e8ve d\u2019abord la 1\u00e8re ann\u00e9e, puis tout recrutement de nouveaux \u00e9tudiants est stopp\u00e9 et il n\u2019y a plus qu\u2019\u00e0 laisser les quelques \u00e9tudiants qui restent finir leur cursus\u2026<br \/>\n&nbsp;<br \/>\n<a href=\"http:\/\/www.solidaires-etudiant.org\/wp-content\/uploads\/2016\/05\/communiqu\u00e9-ESAA-0305.pdf\"><img loading=\"lazy\" decoding=\"async\" class=\"aligncenter size-thumbnail wp-image-274\" src=\"http:\/\/www.solidaires-etudiant.org\/wp-content\/uploads\/2014\/02\/adobe-150x150.png\" alt=\"pdf\" width=\"150\" height=\"150\" srcset=\"https:\/\/solidaires-etudiant-e-s.org\/site\/wp-content\/uploads\/2014\/02\/adobe-150x150.png 150w, https:\/\/solidaires-etudiant-e-s.org\/site\/wp-content\/uploads\/2014\/02\/adobe.png 256w\" sizes=\"auto, (max-width: 150px) 100vw, 150px\" \/><\/a><\/p>\n","protected":false},"excerpt":{"rendered":"<p>Nous reproduisons avec leur accord un communiqu\u00e9 des \u00e9tudiant-e-s en lutte de [&hellip;]<\/p>\n","protected":false},"author":1,"featured_media":3121,"comment_status":"closed","ping_status":"closed","sticky":false,"template":"","format":"standard","meta":{"cybocfi_hide_featured_image":"","footnotes":""},"categories":[23,15,18],"tags":[308,467,795,1049,1064],"class_list":["post-3119","post","type-post","status-publish","format-standard","has-post-thumbnail","hentry","category-actus-locales","category-droits-etudiants","category-esr","tag-communiques-2","tag-enseignement-superieur","tag-mobilisation","tag-slider","tag-solidarite","col-md-4 col-sm-4"],"featured_image_src":"https:\/\/solidaires-etudiant-e-s.org\/site\/wp-content\/uploads\/2016\/05\/img_8591.jpg","author_info":{"display_name":"Solidaires \u00e9tudiant-e-s","author_link":false},"yoast_head":"<!-- This site is optimized with the Yoast SEO plugin v27.4 - https:\/\/yoast.com\/product\/yoast-seo-wordpress\/ -->\n<title>Communiqu\u00e9 des \u00e9tudiant-e-s en lutte de l&#039;ESAA - Solidaires \u00e9tudiant-e-s<\/title>\n<meta name=\"robots\" content=\"index, follow, max-snippet:-1, max-image-preview:large, max-video-preview:-1\" \/>\n<link rel=\"canonical\" href=\"https:\/\/solidaires-etudiant-e-s.org\/site\/2016\/05\/03\/communique-des-etudiant-e-s-en-lutte-de-lesaa\/\" \/>\n<meta property=\"og:locale\" content=\"fr_FR\" \/>\n<meta property=\"og:type\" content=\"article\" \/>\n<meta property=\"og:title\" content=\"Communiqu\u00e9 des \u00e9tudiant-e-s en lutte de l&#039;ESAA - Solidaires \u00e9tudiant-e-s\" \/>\n<meta property=\"og:description\" content=\"Nous reproduisons avec leur accord un communiqu\u00e9 des \u00e9tudiant-e-s en lutte de [&hellip;]\" \/>\n<meta property=\"og:url\" content=\"https:\/\/solidaires-etudiant-e-s.org\/site\/2016\/05\/03\/communique-des-etudiant-e-s-en-lutte-de-lesaa\/\" \/>\n<meta property=\"og:site_name\" content=\"Solidaires \u00e9tudiant-e-s\" \/>\n<meta property=\"article:publisher\" content=\"https:\/\/www.facebook.com\/solidairesetudiantes\" \/>\n<meta property=\"article:author\" content=\"https:\/\/www.facebook.com\/solidairesetudiantes\" \/>\n<meta property=\"article:published_time\" content=\"2016-05-03T20:13:37+00:00\" \/>\n<meta property=\"article:modified_time\" content=\"2025-05-03T21:48:40+00:00\" \/>\n<meta property=\"og:image\" content=\"https:\/\/solidaires-etudiant-e-s.org\/site\/wp-content\/uploads\/2016\/05\/img_8591.jpg\" \/>\n\t<meta property=\"og:image:width\" content=\"676\" \/>\n\t<meta property=\"og:image:height\" content=\"451\" \/>\n\t<meta property=\"og:image:type\" content=\"image\/jpeg\" \/>\n<meta name=\"author\" content=\"Solidaires \u00e9tudiant-e-s\" \/>\n<meta name=\"twitter:card\" content=\"summary_large_image\" \/>\n<meta name=\"twitter:creator\" content=\"@SolidairesEtu\" \/>\n<meta name=\"twitter:site\" content=\"@SolidairesEtu\" \/>\n<meta name=\"twitter:label1\" content=\"\u00c9crit par\" \/>\n\t<meta name=\"twitter:data1\" content=\"Solidaires \u00e9tudiant-e-s\" \/>\n\t<meta name=\"twitter:label2\" content=\"Dur\u00e9e de lecture estim\u00e9e\" \/>\n\t<meta name=\"twitter:data2\" content=\"3 minutes\" \/>\n<script type=\"application\/ld+json\" class=\"yoast-schema-graph\">{\"@context\":\"https:\\\/\\\/schema.org\",\"@graph\":[{\"@type\":\"Article\",\"@id\":\"https:\\\/\\\/solidaires-etudiant-e-s.org\\\/site\\\/2016\\\/05\\\/03\\\/communique-des-etudiant-e-s-en-lutte-de-lesaa\\\/#article\",\"isPartOf\":{\"@id\":\"https:\\\/\\\/solidaires-etudiant-e-s.org\\\/site\\\/2016\\\/05\\\/03\\\/communique-des-etudiant-e-s-en-lutte-de-lesaa\\\/\"},\"author\":{\"name\":\"Solidaires \u00e9tudiant-e-s\",\"@id\":\"https:\\\/\\\/solidaires-etudiant-e-s.org\\\/site\\\/#\\\/schema\\\/person\\\/0efb3e0ff4e2f12b5a5abcd4352aa86c\"},\"headline\":\"Communiqu\u00e9 des \u00e9tudiant-e-s en lutte de l&#039;ESAA\",\"datePublished\":\"2016-05-03T20:13:37+00:00\",\"dateModified\":\"2025-05-03T21:48:40+00:00\",\"mainEntityOfPage\":{\"@id\":\"https:\\\/\\\/solidaires-etudiant-e-s.org\\\/site\\\/2016\\\/05\\\/03\\\/communique-des-etudiant-e-s-en-lutte-de-lesaa\\\/\"},\"wordCount\":554,\"publisher\":{\"@id\":\"https:\\\/\\\/solidaires-etudiant-e-s.org\\\/site\\\/#organization\"},\"image\":{\"@id\":\"https:\\\/\\\/solidaires-etudiant-e-s.org\\\/site\\\/2016\\\/05\\\/03\\\/communique-des-etudiant-e-s-en-lutte-de-lesaa\\\/#primaryimage\"},\"thumbnailUrl\":\"https:\\\/\\\/solidaires-etudiant-e-s.org\\\/site\\\/wp-content\\\/uploads\\\/2016\\\/05\\\/img_8591.jpg\",\"keywords\":[\"communiqu\u00e9s\",\"enseignement sup\u00e9rieur\",\"mobilisation\",\"slider\",\"solidarit\u00e9\"],\"articleSection\":[\"ACTUS LOCALES\",\"DROITS ETUDIANTS\",\"ENSEIGNEMENT SUPERIEUR\"],\"inLanguage\":\"fr-FR\"},{\"@type\":\"WebPage\",\"@id\":\"https:\\\/\\\/solidaires-etudiant-e-s.org\\\/site\\\/2016\\\/05\\\/03\\\/communique-des-etudiant-e-s-en-lutte-de-lesaa\\\/\",\"url\":\"https:\\\/\\\/solidaires-etudiant-e-s.org\\\/site\\\/2016\\\/05\\\/03\\\/communique-des-etudiant-e-s-en-lutte-de-lesaa\\\/\",\"name\":\"Communiqu\u00e9 des \u00e9tudiant-e-s en lutte de l&#039;ESAA - Solidaires \u00e9tudiant-e-s\",\"isPartOf\":{\"@id\":\"https:\\\/\\\/solidaires-etudiant-e-s.org\\\/site\\\/#website\"},\"primaryImageOfPage\":{\"@id\":\"https:\\\/\\\/solidaires-etudiant-e-s.org\\\/site\\\/2016\\\/05\\\/03\\\/communique-des-etudiant-e-s-en-lutte-de-lesaa\\\/#primaryimage\"},\"image\":{\"@id\":\"https:\\\/\\\/solidaires-etudiant-e-s.org\\\/site\\\/2016\\\/05\\\/03\\\/communique-des-etudiant-e-s-en-lutte-de-lesaa\\\/#primaryimage\"},\"thumbnailUrl\":\"https:\\\/\\\/solidaires-etudiant-e-s.org\\\/site\\\/wp-content\\\/uploads\\\/2016\\\/05\\\/img_8591.jpg\",\"datePublished\":\"2016-05-03T20:13:37+00:00\",\"dateModified\":\"2025-05-03T21:48:40+00:00\",\"breadcrumb\":{\"@id\":\"https:\\\/\\\/solidaires-etudiant-e-s.org\\\/site\\\/2016\\\/05\\\/03\\\/communique-des-etudiant-e-s-en-lutte-de-lesaa\\\/#breadcrumb\"},\"inLanguage\":\"fr-FR\",\"potentialAction\":[{\"@type\":\"ReadAction\",\"target\":[\"https:\\\/\\\/solidaires-etudiant-e-s.org\\\/site\\\/2016\\\/05\\\/03\\\/communique-des-etudiant-e-s-en-lutte-de-lesaa\\\/\"]}]},{\"@type\":\"ImageObject\",\"inLanguage\":\"fr-FR\",\"@id\":\"https:\\\/\\\/solidaires-etudiant-e-s.org\\\/site\\\/2016\\\/05\\\/03\\\/communique-des-etudiant-e-s-en-lutte-de-lesaa\\\/#primaryimage\",\"url\":\"https:\\\/\\\/solidaires-etudiant-e-s.org\\\/site\\\/wp-content\\\/uploads\\\/2016\\\/05\\\/img_8591.jpg\",\"contentUrl\":\"https:\\\/\\\/solidaires-etudiant-e-s.org\\\/site\\\/wp-content\\\/uploads\\\/2016\\\/05\\\/img_8591.jpg\",\"width\":676,\"height\":451},{\"@type\":\"BreadcrumbList\",\"@id\":\"https:\\\/\\\/solidaires-etudiant-e-s.org\\\/site\\\/2016\\\/05\\\/03\\\/communique-des-etudiant-e-s-en-lutte-de-lesaa\\\/#breadcrumb\",\"itemListElement\":[{\"@type\":\"ListItem\",\"position\":1,\"name\":\"Accueil\",\"item\":\"https:\\\/\\\/solidaires-etudiant-e-s.org\\\/site\\\/\"},{\"@type\":\"ListItem\",\"position\":2,\"name\":\"Communiqu\u00e9 des \u00e9tudiant-e-s en lutte de l&#039;ESAA\"}]},{\"@type\":\"WebSite\",\"@id\":\"https:\\\/\\\/solidaires-etudiant-e-s.org\\\/site\\\/#website\",\"url\":\"https:\\\/\\\/solidaires-etudiant-e-s.org\\\/site\\\/\",\"name\":\"Solidaires \u00e9tudiant-e-s\",\"description\":\"Syndicats pour un enseignement sup\u00e9rieur gratuit, ouvert, et \u00e9mancipateur !\",\"publisher\":{\"@id\":\"https:\\\/\\\/solidaires-etudiant-e-s.org\\\/site\\\/#organization\"},\"potentialAction\":[{\"@type\":\"SearchAction\",\"target\":{\"@type\":\"EntryPoint\",\"urlTemplate\":\"https:\\\/\\\/solidaires-etudiant-e-s.org\\\/site\\\/?s={search_term_string}\"},\"query-input\":{\"@type\":\"PropertyValueSpecification\",\"valueRequired\":true,\"valueName\":\"search_term_string\"}}],\"inLanguage\":\"fr-FR\"},{\"@type\":\"Organization\",\"@id\":\"https:\\\/\\\/solidaires-etudiant-e-s.org\\\/site\\\/#organization\",\"name\":\"Solidaires \u00e9tudiant-e-s\",\"url\":\"https:\\\/\\\/solidaires-etudiant-e-s.org\\\/site\\\/\",\"logo\":{\"@type\":\"ImageObject\",\"inLanguage\":\"fr-FR\",\"@id\":\"https:\\\/\\\/solidaires-etudiant-e-s.org\\\/site\\\/#\\\/schema\\\/logo\\\/image\\\/\",\"url\":\"https:\\\/\\\/solidaires-etudiant-e-s.org\\\/site\\\/wp-content\\\/uploads\\\/2025\\\/12\\\/13-1.png\",\"contentUrl\":\"https:\\\/\\\/solidaires-etudiant-e-s.org\\\/site\\\/wp-content\\\/uploads\\\/2025\\\/12\\\/13-1.png\",\"width\":1181,\"height\":827,\"caption\":\"Solidaires \u00e9tudiant-e-s\"},\"image\":{\"@id\":\"https:\\\/\\\/solidaires-etudiant-e-s.org\\\/site\\\/#\\\/schema\\\/logo\\\/image\\\/\"},\"sameAs\":[\"https:\\\/\\\/www.facebook.com\\\/solidairesetudiantes\",\"https:\\\/\\\/x.com\\\/SolidairesEtu\",\"https:\\\/\\\/www.instagram.com\\\/solidairesetu\\\/\",\"https:\\\/\\\/bsky.app\\\/profile\\\/solidaires-etudiant-e-s.org\",\"https:\\\/\\\/mastodon.social\\\/@solidairesetu\",\"https:\\\/\\\/www.youtube.com\\\/channel\\\/UC_iZN9gmVAAnXbBM7wAWOag\"]},{\"@type\":\"Person\",\"@id\":\"https:\\\/\\\/solidaires-etudiant-e-s.org\\\/site\\\/#\\\/schema\\\/person\\\/0efb3e0ff4e2f12b5a5abcd4352aa86c\",\"name\":\"Solidaires \u00e9tudiant-e-s\",\"image\":{\"@type\":\"ImageObject\",\"inLanguage\":\"fr-FR\",\"@id\":\"https:\\\/\\\/solidaires-etudiant-e-s.org\\\/site\\\/wp-content\\\/uploads\\\/2020\\\/01\\\/logo-SESL-rond-512-96x96.png\",\"url\":\"https:\\\/\\\/solidaires-etudiant-e-s.org\\\/site\\\/wp-content\\\/uploads\\\/2020\\\/01\\\/logo-SESL-rond-512-96x96.png\",\"contentUrl\":\"https:\\\/\\\/solidaires-etudiant-e-s.org\\\/site\\\/wp-content\\\/uploads\\\/2020\\\/01\\\/logo-SESL-rond-512-96x96.png\",\"caption\":\"Solidaires \u00e9tudiant-e-s\"},\"sameAs\":[\"https:\\\/\\\/solidaires-etudiant.org\\\/site\",\"https:\\\/\\\/www.facebook.com\\\/solidairesetudiantes\",\"https:\\\/\\\/www.instagram.com\\\/solidairesetu\",\"https:\\\/\\\/x.com\\\/SolidairesEtu\",\"https:\\\/\\\/fr.wikipedia.org\\\/wiki\\\/Solidaires_tudiant-e-s\"]}]}<\/script>\n<!-- \/ Yoast SEO plugin. -->","yoast_head_json":{"title":"Communiqu\u00e9 des \u00e9tudiant-e-s en lutte de l&#039;ESAA - Solidaires \u00e9tudiant-e-s","robots":{"index":"index","follow":"follow","max-snippet":"max-snippet:-1","max-image-preview":"max-image-preview:large","max-video-preview":"max-video-preview:-1"},"canonical":"https:\/\/solidaires-etudiant-e-s.org\/site\/2016\/05\/03\/communique-des-etudiant-e-s-en-lutte-de-lesaa\/","og_locale":"fr_FR","og_type":"article","og_title":"Communiqu\u00e9 des \u00e9tudiant-e-s en lutte de l&#039;ESAA - Solidaires \u00e9tudiant-e-s","og_description":"Nous reproduisons avec leur accord un communiqu\u00e9 des \u00e9tudiant-e-s en lutte de [&hellip;]","og_url":"https:\/\/solidaires-etudiant-e-s.org\/site\/2016\/05\/03\/communique-des-etudiant-e-s-en-lutte-de-lesaa\/","og_site_name":"Solidaires \u00e9tudiant-e-s","article_publisher":"https:\/\/www.facebook.com\/solidairesetudiantes","article_author":"https:\/\/www.facebook.com\/solidairesetudiantes","article_published_time":"2016-05-03T20:13:37+00:00","article_modified_time":"2025-05-03T21:48:40+00:00","og_image":[{"width":676,"height":451,"url":"https:\/\/solidaires-etudiant-e-s.org\/site\/wp-content\/uploads\/2016\/05\/img_8591.jpg","type":"image\/jpeg"}],"author":"Solidaires \u00e9tudiant-e-s","twitter_card":"summary_large_image","twitter_creator":"@SolidairesEtu","twitter_site":"@SolidairesEtu","twitter_misc":{"\u00c9crit par":"Solidaires \u00e9tudiant-e-s","Dur\u00e9e de lecture estim\u00e9e":"3 minutes"},"schema":{"@context":"https:\/\/schema.org","@graph":[{"@type":"Article","@id":"https:\/\/solidaires-etudiant-e-s.org\/site\/2016\/05\/03\/communique-des-etudiant-e-s-en-lutte-de-lesaa\/#article","isPartOf":{"@id":"https:\/\/solidaires-etudiant-e-s.org\/site\/2016\/05\/03\/communique-des-etudiant-e-s-en-lutte-de-lesaa\/"},"author":{"name":"Solidaires \u00e9tudiant-e-s","@id":"https:\/\/solidaires-etudiant-e-s.org\/site\/#\/schema\/person\/0efb3e0ff4e2f12b5a5abcd4352aa86c"},"headline":"Communiqu\u00e9 des \u00e9tudiant-e-s en lutte de l&#039;ESAA","datePublished":"2016-05-03T20:13:37+00:00","dateModified":"2025-05-03T21:48:40+00:00","mainEntityOfPage":{"@id":"https:\/\/solidaires-etudiant-e-s.org\/site\/2016\/05\/03\/communique-des-etudiant-e-s-en-lutte-de-lesaa\/"},"wordCount":554,"publisher":{"@id":"https:\/\/solidaires-etudiant-e-s.org\/site\/#organization"},"image":{"@id":"https:\/\/solidaires-etudiant-e-s.org\/site\/2016\/05\/03\/communique-des-etudiant-e-s-en-lutte-de-lesaa\/#primaryimage"},"thumbnailUrl":"https:\/\/solidaires-etudiant-e-s.org\/site\/wp-content\/uploads\/2016\/05\/img_8591.jpg","keywords":["communiqu\u00e9s","enseignement sup\u00e9rieur","mobilisation","slider","solidarit\u00e9"],"articleSection":["ACTUS LOCALES","DROITS ETUDIANTS","ENSEIGNEMENT SUPERIEUR"],"inLanguage":"fr-FR"},{"@type":"WebPage","@id":"https:\/\/solidaires-etudiant-e-s.org\/site\/2016\/05\/03\/communique-des-etudiant-e-s-en-lutte-de-lesaa\/","url":"https:\/\/solidaires-etudiant-e-s.org\/site\/2016\/05\/03\/communique-des-etudiant-e-s-en-lutte-de-lesaa\/","name":"Communiqu\u00e9 des \u00e9tudiant-e-s en lutte de l&#039;ESAA - Solidaires \u00e9tudiant-e-s","isPartOf":{"@id":"https:\/\/solidaires-etudiant-e-s.org\/site\/#website"},"primaryImageOfPage":{"@id":"https:\/\/solidaires-etudiant-e-s.org\/site\/2016\/05\/03\/communique-des-etudiant-e-s-en-lutte-de-lesaa\/#primaryimage"},"image":{"@id":"https:\/\/solidaires-etudiant-e-s.org\/site\/2016\/05\/03\/communique-des-etudiant-e-s-en-lutte-de-lesaa\/#primaryimage"},"thumbnailUrl":"https:\/\/solidaires-etudiant-e-s.org\/site\/wp-content\/uploads\/2016\/05\/img_8591.jpg","datePublished":"2016-05-03T20:13:37+00:00","dateModified":"2025-05-03T21:48:40+00:00","breadcrumb":{"@id":"https:\/\/solidaires-etudiant-e-s.org\/site\/2016\/05\/03\/communique-des-etudiant-e-s-en-lutte-de-lesaa\/#breadcrumb"},"inLanguage":"fr-FR","potentialAction":[{"@type":"ReadAction","target":["https:\/\/solidaires-etudiant-e-s.org\/site\/2016\/05\/03\/communique-des-etudiant-e-s-en-lutte-de-lesaa\/"]}]},{"@type":"ImageObject","inLanguage":"fr-FR","@id":"https:\/\/solidaires-etudiant-e-s.org\/site\/2016\/05\/03\/communique-des-etudiant-e-s-en-lutte-de-lesaa\/#primaryimage","url":"https:\/\/solidaires-etudiant-e-s.org\/site\/wp-content\/uploads\/2016\/05\/img_8591.jpg","contentUrl":"https:\/\/solidaires-etudiant-e-s.org\/site\/wp-content\/uploads\/2016\/05\/img_8591.jpg","width":676,"height":451},{"@type":"BreadcrumbList","@id":"https:\/\/solidaires-etudiant-e-s.org\/site\/2016\/05\/03\/communique-des-etudiant-e-s-en-lutte-de-lesaa\/#breadcrumb","itemListElement":[{"@type":"ListItem","position":1,"name":"Accueil","item":"https:\/\/solidaires-etudiant-e-s.org\/site\/"},{"@type":"ListItem","position":2,"name":"Communiqu\u00e9 des \u00e9tudiant-e-s en lutte de l&#039;ESAA"}]},{"@type":"WebSite","@id":"https:\/\/solidaires-etudiant-e-s.org\/site\/#website","url":"https:\/\/solidaires-etudiant-e-s.org\/site\/","name":"Solidaires \u00e9tudiant-e-s","description":"Syndicats pour un enseignement sup\u00e9rieur gratuit, ouvert, et \u00e9mancipateur !","publisher":{"@id":"https:\/\/solidaires-etudiant-e-s.org\/site\/#organization"},"potentialAction":[{"@type":"SearchAction","target":{"@type":"EntryPoint","urlTemplate":"https:\/\/solidaires-etudiant-e-s.org\/site\/?s={search_term_string}"},"query-input":{"@type":"PropertyValueSpecification","valueRequired":true,"valueName":"search_term_string"}}],"inLanguage":"fr-FR"},{"@type":"Organization","@id":"https:\/\/solidaires-etudiant-e-s.org\/site\/#organization","name":"Solidaires \u00e9tudiant-e-s","url":"https:\/\/solidaires-etudiant-e-s.org\/site\/","logo":{"@type":"ImageObject","inLanguage":"fr-FR","@id":"https:\/\/solidaires-etudiant-e-s.org\/site\/#\/schema\/logo\/image\/","url":"https:\/\/solidaires-etudiant-e-s.org\/site\/wp-content\/uploads\/2025\/12\/13-1.png","contentUrl":"https:\/\/solidaires-etudiant-e-s.org\/site\/wp-content\/uploads\/2025\/12\/13-1.png","width":1181,"height":827,"caption":"Solidaires \u00e9tudiant-e-s"},"image":{"@id":"https:\/\/solidaires-etudiant-e-s.org\/site\/#\/schema\/logo\/image\/"},"sameAs":["https:\/\/www.facebook.com\/solidairesetudiantes","https:\/\/x.com\/SolidairesEtu","https:\/\/www.instagram.com\/solidairesetu\/","https:\/\/bsky.app\/profile\/solidaires-etudiant-e-s.org","https:\/\/mastodon.social\/@solidairesetu","https:\/\/www.youtube.com\/channel\/UC_iZN9gmVAAnXbBM7wAWOag"]},{"@type":"Person","@id":"https:\/\/solidaires-etudiant-e-s.org\/site\/#\/schema\/person\/0efb3e0ff4e2f12b5a5abcd4352aa86c","name":"Solidaires \u00e9tudiant-e-s","image":{"@type":"ImageObject","inLanguage":"fr-FR","@id":"https:\/\/solidaires-etudiant-e-s.org\/site\/wp-content\/uploads\/2020\/01\/logo-SESL-rond-512-96x96.png","url":"https:\/\/solidaires-etudiant-e-s.org\/site\/wp-content\/uploads\/2020\/01\/logo-SESL-rond-512-96x96.png","contentUrl":"https:\/\/solidaires-etudiant-e-s.org\/site\/wp-content\/uploads\/2020\/01\/logo-SESL-rond-512-96x96.png","caption":"Solidaires \u00e9tudiant-e-s"},"sameAs":["https:\/\/solidaires-etudiant.org\/site","https:\/\/www.facebook.com\/solidairesetudiantes","https:\/\/www.instagram.com\/solidairesetu","https:\/\/x.com\/SolidairesEtu","https:\/\/fr.wikipedia.org\/wiki\/Solidaires_tudiant-e-s"]}]}},"_links":{"self":[{"href":"https:\/\/solidaires-etudiant-e-s.org\/site\/wp-json\/wp\/v2\/posts\/3119","targetHints":{"allow":["GET"]}}],"collection":[{"href":"https:\/\/solidaires-etudiant-e-s.org\/site\/wp-json\/wp\/v2\/posts"}],"about":[{"href":"https:\/\/solidaires-etudiant-e-s.org\/site\/wp-json\/wp\/v2\/types\/post"}],"author":[{"embeddable":true,"href":"https:\/\/solidaires-etudiant-e-s.org\/site\/wp-json\/wp\/v2\/users\/1"}],"replies":[{"embeddable":true,"href":"https:\/\/solidaires-etudiant-e-s.org\/site\/wp-json\/wp\/v2\/comments?post=3119"}],"version-history":[{"count":1,"href":"https:\/\/solidaires-etudiant-e-s.org\/site\/wp-json\/wp\/v2\/posts\/3119\/revisions"}],"predecessor-version":[{"id":7638,"href":"https:\/\/solidaires-etudiant-e-s.org\/site\/wp-json\/wp\/v2\/posts\/3119\/revisions\/7638"}],"wp:featuredmedia":[{"embeddable":true,"href":"https:\/\/solidaires-etudiant-e-s.org\/site\/wp-json\/wp\/v2\/media\/3121"}],"wp:attachment":[{"href":"https:\/\/solidaires-etudiant-e-s.org\/site\/wp-json\/wp\/v2\/media?parent=3119"}],"wp:term":[{"taxonomy":"category","embeddable":true,"href":"https:\/\/solidaires-etudiant-e-s.org\/site\/wp-json\/wp\/v2\/categories?post=3119"},{"taxonomy":"post_tag","embeddable":true,"href":"https:\/\/solidaires-etudiant-e-s.org\/site\/wp-json\/wp\/v2\/tags?post=3119"}],"curies":[{"name":"wp","href":"https:\/\/api.w.org\/{rel}","templated":true}]}}