{"id":3096,"date":"2016-04-14T23:11:06","date_gmt":"2016-04-14T21:11:06","guid":{"rendered":"http:\/\/www.solidaires-etudiant.org\/?p=3096"},"modified":"2016-04-14T23:11:06","modified_gmt":"2016-04-14T21:11:06","slug":"valls-evoque-de-nouveau-linterdiction-du-voile-a-luniversite-opposons-nous-a-cette-mesure-discriminatoire-et-islamophobe","status":"publish","type":"post","link":"https:\/\/solidaires-etudiant-e-s.org\/site\/2016\/04\/14\/valls-evoque-de-nouveau-linterdiction-du-voile-a-luniversite-opposons-nous-a-cette-mesure-discriminatoire-et-islamophobe\/","title":{"rendered":"Valls \u00e9voque de nouveau l&#039;interdiction du voile \u00e0 l&#039;universit\u00e9\u00a0: opposons-nous \u00e0 cette mesure discriminatoire et islamophobe"},"content":{"rendered":"<p align=\"justify\"><span style=\"font-family: Calibri,sans-serif;\">Le 13 avril, alors que le gouvernement subit depuis plusieurs semaines des mobilisations partout en France contre la loi Travail, le premier ministre Manuel Valls a dit de l&rsquo;interdiction du port du voile \u00e0 l&rsquo;universit\u00e9 qu&rsquo;il \u00ab\u00a0faudrait le faire\u00a0\u00bb. <a href=\"http:\/\/www.solidaires-etudiant.org\/blog\/2015\/03\/03\/la-secretaire-detat-aux-droits-des-femmes-evoque-une-nouvelle-fois-linterdiction-du-voile-a-luniversite\/\">Nous r\u00e9affirmons aujourd&rsquo;hui notre opposition<\/a> \u00e0 ce genre de positionnement, qui est \u00e9voqu\u00e9 r\u00e9guli\u00e8rement depuis la loi sur l&rsquo;interdiction du voile dans les \u00e9tablissements scolaires, en 2004.<\/span><\/p>\n<p align=\"justify\"><span style=\"font-family: Calibri,sans-serif;\">Se pr\u00e9sentant comme le champion d&rsquo;une \u00ab\u00a0bataille culturelle\u00a0\u00bb, le Premier Ministre tente de d\u00e9tourner l&rsquo;attention des fran\u00e7ais-es au moment o\u00f9 il se trouve dans la tourmente. En rouvrant un tel dossier, il ne fait que nourrir les comportements haineux et discriminants, en particulier \u00e0 l&rsquo;\u00e9gard des femmes qui subissent d\u00e9j\u00e0 des oppressions majeures. En effet, ce genre de mesure, qui s&rsquo;affiche sous les couleurs de la la\u00efcit\u00e9, ne fait que discriminer encore davantage toute une part de la population. Il s&rsquo;inscrit dans la droite ligne du \u00ab\u00a0racisme respectable\u00a0\u00bb pratiqu\u00e9 par le gouvernement en place (politiques migratoires r\u00e9pressives, propos anti-Rroms, stigmatisation des musulman-e-s). Par cons\u00e9quent, la f\u00e9d\u00e9ration Solidaires \u00e9tudiant-e-s d\u00e9nonce \u00e0 nouveau la gravit\u00e9 d\u2019une telle initiative.<\/span><\/p>\n<p align=\"justify\"><span style=\"font-family: Calibri,sans-serif;\">Aucune mesure ne doit servir d\u2019intervention dans la vie priv\u00e9e des personnes, dans leurs choix, et imposer aux corps, et en premier lieu celui des femmes, une quelconque ligne de conduite. Aucune mesure ne doit servir la d\u00e9scolarisation forc\u00e9e, et l\u2019exclusion de l\u2019espace public.<\/span><\/p>\n<p align=\"justify\"><span style=\"font-family: Calibri,sans-serif;\">L\u2019universit\u00e9 n\u2019est pas \u00ab\u00a0neutre\u00a0\u00bb. Elle doit \u00eatre, comme le reste des \u00e9tablissements scolaires, \u00ab\u00a0la\u00efque et ind\u00e9pendant[e] de toute emprise politique, \u00e9conomique, religieuse ou id\u00e9ologique\u00a0\u00bb et \u00e9galement d\u00e9velopper l\u2019autonomisation des contenus de formation, l\u2019ind\u00e9pendance de la pens\u00e9e et la libert\u00e9 des individu-e-s. Cela signifie que l&rsquo;universit\u00e9, plurielle en genres, origines, classes, sexualit\u00e9s, opinions, etc&#8230; doit rester prot\u00e9g\u00e9e de toute id\u00e9ologie uniformisante, afin de respecter la libert\u00e9 de culte et d&rsquo;expression de ses usagers\/\u00e8res. Il faudrait donc arr\u00eater d&rsquo;instrumentaliser la la\u00efcit\u00e9 pour tenter d&rsquo;imposer une norme excluante et raciste.<\/span><\/p>\n<p style=\"text-align: center;\" align=\"justify\"><a href=\"http:\/\/www.solidaires-etudiant.org\/wp-content\/uploads\/2016\/04\/Communiqu\u00e9-Solidaires-\u00e9tudiant-e-s-Valls-\u00e9voque-de-nouveau-linterdiction-du-voile-\u00e0-luniversit\u00e9-opposons-nous-\u00e0-cette-mesure-discriminatoire-et-islamophobe-14-avril-2016.pdf\">Communiqu\u00e9 en PDF :<\/a><\/p>\n<p align=\"justify\"><a href=\"http:\/\/www.solidaires-etudiant.org\/wp-content\/uploads\/2016\/04\/Communiqu\u00e9-Solidaires-\u00e9tudiant-e-s-Valls-\u00e9voque-de-nouveau-linterdiction-du-voile-\u00e0-luniversit\u00e9-opposons-nous-\u00e0-cette-mesure-discriminatoire-et-islamophobe-14-avril-2016.pdf\"><img loading=\"lazy\" decoding=\"async\" class=\"aligncenter size-thumbnail wp-image-274\" src=\"http:\/\/www.solidaires-etudiant.org\/wp-content\/uploads\/2014\/02\/adobe-150x150.png\" alt=\"pdf\" width=\"150\" height=\"150\" srcset=\"https:\/\/solidaires-etudiant-e-s.org\/site\/wp-content\/uploads\/2014\/02\/adobe-150x150.png 150w, https:\/\/solidaires-etudiant-e-s.org\/site\/wp-content\/uploads\/2014\/02\/adobe.png 256w\" sizes=\"auto, (max-width: 150px) 100vw, 150px\" \/><\/a><\/p>\n","protected":false},"excerpt":{"rendered":"<p>Le 13 avril, alors que le gouvernement subit depuis plusieurs semaines des [&hellip;]<\/p>\n","protected":false},"author":1,"featured_media":3098,"comment_status":"closed","ping_status":"closed","sticky":false,"template":"","format":"standard","meta":{"cybocfi_hide_featured_image":"","footnotes":""},"categories":[3,6,10,15],"tags":[140,527,634,648,754,884,931,1049,1147,1181],"class_list":["post-3096","post","type-post","status-publish","format-standard","has-post-thumbnail","hentry","category-analyses","category-antipatriarcat","category-communiques","category-droits-etudiants","tag-antipatriarcat","tag-femmes","tag-interdiction-du-voile","tag-islamophobie","tag-manuel-valls","tag-port-du-voile","tag-racisme","tag-slider","tag-universite","tag-voile","col-md-4 col-sm-4"],"featured_image_src":"https:\/\/solidaires-etudiant-e-s.org\/site\/wp-content\/uploads\/2016\/04\/Voile-universite.jpg","author_info":{"display_name":"Solidaires \u00e9tudiant-e-s","author_link":false},"yoast_head":"<!-- This site is optimized with the Yoast SEO plugin v27.4 - https:\/\/yoast.com\/product\/yoast-seo-wordpress\/ -->\n<title>Valls \u00e9voque de nouveau l&#039;interdiction du voile \u00e0 l&#039;universit\u00e9\u00a0: opposons-nous \u00e0 cette mesure discriminatoire et islamophobe - Solidaires \u00e9tudiant-e-s<\/title>\n<meta name=\"robots\" content=\"index, follow, max-snippet:-1, max-image-preview:large, max-video-preview:-1\" \/>\n<link rel=\"canonical\" href=\"https:\/\/solidaires-etudiant-e-s.org\/site\/2016\/04\/14\/valls-evoque-de-nouveau-linterdiction-du-voile-a-luniversite-opposons-nous-a-cette-mesure-discriminatoire-et-islamophobe\/\" \/>\n<meta property=\"og:locale\" content=\"fr_FR\" \/>\n<meta property=\"og:type\" content=\"article\" \/>\n<meta property=\"og:title\" content=\"Valls \u00e9voque de nouveau l&#039;interdiction du voile \u00e0 l&#039;universit\u00e9\u00a0: opposons-nous \u00e0 cette mesure discriminatoire et islamophobe - Solidaires \u00e9tudiant-e-s\" \/>\n<meta property=\"og:description\" content=\"Le 13 avril, alors que le gouvernement subit depuis plusieurs semaines des [&hellip;]\" \/>\n<meta property=\"og:url\" content=\"https:\/\/solidaires-etudiant-e-s.org\/site\/2016\/04\/14\/valls-evoque-de-nouveau-linterdiction-du-voile-a-luniversite-opposons-nous-a-cette-mesure-discriminatoire-et-islamophobe\/\" \/>\n<meta property=\"og:site_name\" content=\"Solidaires \u00e9tudiant-e-s\" \/>\n<meta property=\"article:publisher\" content=\"https:\/\/www.facebook.com\/solidairesetudiantes\" \/>\n<meta property=\"article:author\" content=\"https:\/\/www.facebook.com\/solidairesetudiantes\" \/>\n<meta property=\"article:published_time\" content=\"2016-04-14T21:11:06+00:00\" \/>\n<meta property=\"og:image\" content=\"https:\/\/solidaires-etudiant-e-s.org\/site\/wp-content\/uploads\/2016\/04\/Voile-universite.jpg\" \/>\n\t<meta property=\"og:image:width\" content=\"805\" \/>\n\t<meta property=\"og:image:height\" content=\"453\" \/>\n\t<meta property=\"og:image:type\" content=\"image\/jpeg\" \/>\n<meta name=\"author\" content=\"Solidaires \u00e9tudiant-e-s\" \/>\n<meta name=\"twitter:card\" content=\"summary_large_image\" \/>\n<meta name=\"twitter:creator\" content=\"@SolidairesEtu\" \/>\n<meta name=\"twitter:site\" content=\"@SolidairesEtu\" \/>\n<meta name=\"twitter:label1\" content=\"\u00c9crit par\" \/>\n\t<meta name=\"twitter:data1\" content=\"Solidaires \u00e9tudiant-e-s\" \/>\n\t<meta name=\"twitter:label2\" content=\"Dur\u00e9e de lecture estim\u00e9e\" \/>\n\t<meta name=\"twitter:data2\" content=\"2 minutes\" \/>\n<script type=\"application\/ld+json\" class=\"yoast-schema-graph\">{\"@context\":\"https:\\\/\\\/schema.org\",\"@graph\":[{\"@type\":\"Article\",\"@id\":\"https:\\\/\\\/solidaires-etudiant-e-s.org\\\/site\\\/2016\\\/04\\\/14\\\/valls-evoque-de-nouveau-linterdiction-du-voile-a-luniversite-opposons-nous-a-cette-mesure-discriminatoire-et-islamophobe\\\/#article\",\"isPartOf\":{\"@id\":\"https:\\\/\\\/solidaires-etudiant-e-s.org\\\/site\\\/2016\\\/04\\\/14\\\/valls-evoque-de-nouveau-linterdiction-du-voile-a-luniversite-opposons-nous-a-cette-mesure-discriminatoire-et-islamophobe\\\/\"},\"author\":{\"name\":\"Solidaires \u00e9tudiant-e-s\",\"@id\":\"https:\\\/\\\/solidaires-etudiant-e-s.org\\\/site\\\/#\\\/schema\\\/person\\\/0efb3e0ff4e2f12b5a5abcd4352aa86c\"},\"headline\":\"Valls \u00e9voque de nouveau l&#039;interdiction du voile \u00e0 l&#039;universit\u00e9\u00a0: opposons-nous \u00e0 cette mesure discriminatoire et islamophobe\",\"datePublished\":\"2016-04-14T21:11:06+00:00\",\"mainEntityOfPage\":{\"@id\":\"https:\\\/\\\/solidaires-etudiant-e-s.org\\\/site\\\/2016\\\/04\\\/14\\\/valls-evoque-de-nouveau-linterdiction-du-voile-a-luniversite-opposons-nous-a-cette-mesure-discriminatoire-et-islamophobe\\\/\"},\"wordCount\":378,\"publisher\":{\"@id\":\"https:\\\/\\\/solidaires-etudiant-e-s.org\\\/site\\\/#organization\"},\"image\":{\"@id\":\"https:\\\/\\\/solidaires-etudiant-e-s.org\\\/site\\\/2016\\\/04\\\/14\\\/valls-evoque-de-nouveau-linterdiction-du-voile-a-luniversite-opposons-nous-a-cette-mesure-discriminatoire-et-islamophobe\\\/#primaryimage\"},\"thumbnailUrl\":\"https:\\\/\\\/solidaires-etudiant-e-s.org\\\/site\\\/wp-content\\\/uploads\\\/2016\\\/04\\\/Voile-universite.jpg\",\"keywords\":[\"antipatriarcat\",\"femmes\",\"interdiction du voile\",\"islamophobie\",\"Manuel Valls\",\"port du voile\",\"racisme\",\"slider\",\"universit\u00e9\",\"voile\"],\"articleSection\":[\"ANALYSES\",\"ANTIPATRIARCAT\",\"COMMUNIQUES NATIONAUX\",\"DROITS ETUDIANTS\"],\"inLanguage\":\"fr-FR\"},{\"@type\":\"WebPage\",\"@id\":\"https:\\\/\\\/solidaires-etudiant-e-s.org\\\/site\\\/2016\\\/04\\\/14\\\/valls-evoque-de-nouveau-linterdiction-du-voile-a-luniversite-opposons-nous-a-cette-mesure-discriminatoire-et-islamophobe\\\/\",\"url\":\"https:\\\/\\\/solidaires-etudiant-e-s.org\\\/site\\\/2016\\\/04\\\/14\\\/valls-evoque-de-nouveau-linterdiction-du-voile-a-luniversite-opposons-nous-a-cette-mesure-discriminatoire-et-islamophobe\\\/\",\"name\":\"Valls \u00e9voque de nouveau l&#039;interdiction du voile \u00e0 l&#039;universit\u00e9\u00a0: opposons-nous \u00e0 cette mesure discriminatoire et islamophobe - Solidaires \u00e9tudiant-e-s\",\"isPartOf\":{\"@id\":\"https:\\\/\\\/solidaires-etudiant-e-s.org\\\/site\\\/#website\"},\"primaryImageOfPage\":{\"@id\":\"https:\\\/\\\/solidaires-etudiant-e-s.org\\\/site\\\/2016\\\/04\\\/14\\\/valls-evoque-de-nouveau-linterdiction-du-voile-a-luniversite-opposons-nous-a-cette-mesure-discriminatoire-et-islamophobe\\\/#primaryimage\"},\"image\":{\"@id\":\"https:\\\/\\\/solidaires-etudiant-e-s.org\\\/site\\\/2016\\\/04\\\/14\\\/valls-evoque-de-nouveau-linterdiction-du-voile-a-luniversite-opposons-nous-a-cette-mesure-discriminatoire-et-islamophobe\\\/#primaryimage\"},\"thumbnailUrl\":\"https:\\\/\\\/solidaires-etudiant-e-s.org\\\/site\\\/wp-content\\\/uploads\\\/2016\\\/04\\\/Voile-universite.jpg\",\"datePublished\":\"2016-04-14T21:11:06+00:00\",\"breadcrumb\":{\"@id\":\"https:\\\/\\\/solidaires-etudiant-e-s.org\\\/site\\\/2016\\\/04\\\/14\\\/valls-evoque-de-nouveau-linterdiction-du-voile-a-luniversite-opposons-nous-a-cette-mesure-discriminatoire-et-islamophobe\\\/#breadcrumb\"},\"inLanguage\":\"fr-FR\",\"potentialAction\":[{\"@type\":\"ReadAction\",\"target\":[\"https:\\\/\\\/solidaires-etudiant-e-s.org\\\/site\\\/2016\\\/04\\\/14\\\/valls-evoque-de-nouveau-linterdiction-du-voile-a-luniversite-opposons-nous-a-cette-mesure-discriminatoire-et-islamophobe\\\/\"]}]},{\"@type\":\"ImageObject\",\"inLanguage\":\"fr-FR\",\"@id\":\"https:\\\/\\\/solidaires-etudiant-e-s.org\\\/site\\\/2016\\\/04\\\/14\\\/valls-evoque-de-nouveau-linterdiction-du-voile-a-luniversite-opposons-nous-a-cette-mesure-discriminatoire-et-islamophobe\\\/#primaryimage\",\"url\":\"https:\\\/\\\/solidaires-etudiant-e-s.org\\\/site\\\/wp-content\\\/uploads\\\/2016\\\/04\\\/Voile-universite.jpg\",\"contentUrl\":\"https:\\\/\\\/solidaires-etudiant-e-s.org\\\/site\\\/wp-content\\\/uploads\\\/2016\\\/04\\\/Voile-universite.jpg\",\"width\":805,\"height\":453},{\"@type\":\"BreadcrumbList\",\"@id\":\"https:\\\/\\\/solidaires-etudiant-e-s.org\\\/site\\\/2016\\\/04\\\/14\\\/valls-evoque-de-nouveau-linterdiction-du-voile-a-luniversite-opposons-nous-a-cette-mesure-discriminatoire-et-islamophobe\\\/#breadcrumb\",\"itemListElement\":[{\"@type\":\"ListItem\",\"position\":1,\"name\":\"Accueil\",\"item\":\"https:\\\/\\\/solidaires-etudiant-e-s.org\\\/site\\\/\"},{\"@type\":\"ListItem\",\"position\":2,\"name\":\"Valls \u00e9voque de nouveau l&#039;interdiction du voile \u00e0 l&#039;universit\u00e9\u00a0: opposons-nous \u00e0 cette mesure discriminatoire et islamophobe\"}]},{\"@type\":\"WebSite\",\"@id\":\"https:\\\/\\\/solidaires-etudiant-e-s.org\\\/site\\\/#website\",\"url\":\"https:\\\/\\\/solidaires-etudiant-e-s.org\\\/site\\\/\",\"name\":\"Solidaires \u00e9tudiant-e-s\",\"description\":\"Syndicats pour un enseignement sup\u00e9rieur gratuit, ouvert, et \u00e9mancipateur !\",\"publisher\":{\"@id\":\"https:\\\/\\\/solidaires-etudiant-e-s.org\\\/site\\\/#organization\"},\"potentialAction\":[{\"@type\":\"SearchAction\",\"target\":{\"@type\":\"EntryPoint\",\"urlTemplate\":\"https:\\\/\\\/solidaires-etudiant-e-s.org\\\/site\\\/?s={search_term_string}\"},\"query-input\":{\"@type\":\"PropertyValueSpecification\",\"valueRequired\":true,\"valueName\":\"search_term_string\"}}],\"inLanguage\":\"fr-FR\"},{\"@type\":\"Organization\",\"@id\":\"https:\\\/\\\/solidaires-etudiant-e-s.org\\\/site\\\/#organization\",\"name\":\"Solidaires \u00e9tudiant-e-s\",\"url\":\"https:\\\/\\\/solidaires-etudiant-e-s.org\\\/site\\\/\",\"logo\":{\"@type\":\"ImageObject\",\"inLanguage\":\"fr-FR\",\"@id\":\"https:\\\/\\\/solidaires-etudiant-e-s.org\\\/site\\\/#\\\/schema\\\/logo\\\/image\\\/\",\"url\":\"https:\\\/\\\/solidaires-etudiant-e-s.org\\\/site\\\/wp-content\\\/uploads\\\/2025\\\/12\\\/13-1.png\",\"contentUrl\":\"https:\\\/\\\/solidaires-etudiant-e-s.org\\\/site\\\/wp-content\\\/uploads\\\/2025\\\/12\\\/13-1.png\",\"width\":1181,\"height\":827,\"caption\":\"Solidaires \u00e9tudiant-e-s\"},\"image\":{\"@id\":\"https:\\\/\\\/solidaires-etudiant-e-s.org\\\/site\\\/#\\\/schema\\\/logo\\\/image\\\/\"},\"sameAs\":[\"https:\\\/\\\/www.facebook.com\\\/solidairesetudiantes\",\"https:\\\/\\\/x.com\\\/SolidairesEtu\",\"https:\\\/\\\/www.instagram.com\\\/solidairesetu\\\/\",\"https:\\\/\\\/bsky.app\\\/profile\\\/solidaires-etudiant-e-s.org\",\"https:\\\/\\\/mastodon.social\\\/@solidairesetu\",\"https:\\\/\\\/www.youtube.com\\\/channel\\\/UC_iZN9gmVAAnXbBM7wAWOag\"]},{\"@type\":\"Person\",\"@id\":\"https:\\\/\\\/solidaires-etudiant-e-s.org\\\/site\\\/#\\\/schema\\\/person\\\/0efb3e0ff4e2f12b5a5abcd4352aa86c\",\"name\":\"Solidaires \u00e9tudiant-e-s\",\"image\":{\"@type\":\"ImageObject\",\"inLanguage\":\"fr-FR\",\"@id\":\"https:\\\/\\\/solidaires-etudiant-e-s.org\\\/site\\\/wp-content\\\/uploads\\\/2020\\\/01\\\/logo-SESL-rond-512-96x96.png\",\"url\":\"https:\\\/\\\/solidaires-etudiant-e-s.org\\\/site\\\/wp-content\\\/uploads\\\/2020\\\/01\\\/logo-SESL-rond-512-96x96.png\",\"contentUrl\":\"https:\\\/\\\/solidaires-etudiant-e-s.org\\\/site\\\/wp-content\\\/uploads\\\/2020\\\/01\\\/logo-SESL-rond-512-96x96.png\",\"caption\":\"Solidaires \u00e9tudiant-e-s\"},\"sameAs\":[\"https:\\\/\\\/solidaires-etudiant.org\\\/site\",\"https:\\\/\\\/www.facebook.com\\\/solidairesetudiantes\",\"https:\\\/\\\/www.instagram.com\\\/solidairesetu\",\"https:\\\/\\\/x.com\\\/SolidairesEtu\",\"https:\\\/\\\/fr.wikipedia.org\\\/wiki\\\/Solidaires_tudiant-e-s\"]}]}<\/script>\n<!-- \/ Yoast SEO plugin. -->","yoast_head_json":{"title":"Valls \u00e9voque de nouveau l&#039;interdiction du voile \u00e0 l&#039;universit\u00e9\u00a0: opposons-nous \u00e0 cette mesure discriminatoire et islamophobe - Solidaires \u00e9tudiant-e-s","robots":{"index":"index","follow":"follow","max-snippet":"max-snippet:-1","max-image-preview":"max-image-preview:large","max-video-preview":"max-video-preview:-1"},"canonical":"https:\/\/solidaires-etudiant-e-s.org\/site\/2016\/04\/14\/valls-evoque-de-nouveau-linterdiction-du-voile-a-luniversite-opposons-nous-a-cette-mesure-discriminatoire-et-islamophobe\/","og_locale":"fr_FR","og_type":"article","og_title":"Valls \u00e9voque de nouveau l&#039;interdiction du voile \u00e0 l&#039;universit\u00e9\u00a0: opposons-nous \u00e0 cette mesure discriminatoire et islamophobe - Solidaires \u00e9tudiant-e-s","og_description":"Le 13 avril, alors que le gouvernement subit depuis plusieurs semaines des [&hellip;]","og_url":"https:\/\/solidaires-etudiant-e-s.org\/site\/2016\/04\/14\/valls-evoque-de-nouveau-linterdiction-du-voile-a-luniversite-opposons-nous-a-cette-mesure-discriminatoire-et-islamophobe\/","og_site_name":"Solidaires \u00e9tudiant-e-s","article_publisher":"https:\/\/www.facebook.com\/solidairesetudiantes","article_author":"https:\/\/www.facebook.com\/solidairesetudiantes","article_published_time":"2016-04-14T21:11:06+00:00","og_image":[{"width":805,"height":453,"url":"https:\/\/solidaires-etudiant-e-s.org\/site\/wp-content\/uploads\/2016\/04\/Voile-universite.jpg","type":"image\/jpeg"}],"author":"Solidaires \u00e9tudiant-e-s","twitter_card":"summary_large_image","twitter_creator":"@SolidairesEtu","twitter_site":"@SolidairesEtu","twitter_misc":{"\u00c9crit par":"Solidaires \u00e9tudiant-e-s","Dur\u00e9e de lecture estim\u00e9e":"2 minutes"},"schema":{"@context":"https:\/\/schema.org","@graph":[{"@type":"Article","@id":"https:\/\/solidaires-etudiant-e-s.org\/site\/2016\/04\/14\/valls-evoque-de-nouveau-linterdiction-du-voile-a-luniversite-opposons-nous-a-cette-mesure-discriminatoire-et-islamophobe\/#article","isPartOf":{"@id":"https:\/\/solidaires-etudiant-e-s.org\/site\/2016\/04\/14\/valls-evoque-de-nouveau-linterdiction-du-voile-a-luniversite-opposons-nous-a-cette-mesure-discriminatoire-et-islamophobe\/"},"author":{"name":"Solidaires \u00e9tudiant-e-s","@id":"https:\/\/solidaires-etudiant-e-s.org\/site\/#\/schema\/person\/0efb3e0ff4e2f12b5a5abcd4352aa86c"},"headline":"Valls \u00e9voque de nouveau l&#039;interdiction du voile \u00e0 l&#039;universit\u00e9\u00a0: opposons-nous \u00e0 cette mesure discriminatoire et islamophobe","datePublished":"2016-04-14T21:11:06+00:00","mainEntityOfPage":{"@id":"https:\/\/solidaires-etudiant-e-s.org\/site\/2016\/04\/14\/valls-evoque-de-nouveau-linterdiction-du-voile-a-luniversite-opposons-nous-a-cette-mesure-discriminatoire-et-islamophobe\/"},"wordCount":378,"publisher":{"@id":"https:\/\/solidaires-etudiant-e-s.org\/site\/#organization"},"image":{"@id":"https:\/\/solidaires-etudiant-e-s.org\/site\/2016\/04\/14\/valls-evoque-de-nouveau-linterdiction-du-voile-a-luniversite-opposons-nous-a-cette-mesure-discriminatoire-et-islamophobe\/#primaryimage"},"thumbnailUrl":"https:\/\/solidaires-etudiant-e-s.org\/site\/wp-content\/uploads\/2016\/04\/Voile-universite.jpg","keywords":["antipatriarcat","femmes","interdiction du voile","islamophobie","Manuel Valls","port du voile","racisme","slider","universit\u00e9","voile"],"articleSection":["ANALYSES","ANTIPATRIARCAT","COMMUNIQUES NATIONAUX","DROITS ETUDIANTS"],"inLanguage":"fr-FR"},{"@type":"WebPage","@id":"https:\/\/solidaires-etudiant-e-s.org\/site\/2016\/04\/14\/valls-evoque-de-nouveau-linterdiction-du-voile-a-luniversite-opposons-nous-a-cette-mesure-discriminatoire-et-islamophobe\/","url":"https:\/\/solidaires-etudiant-e-s.org\/site\/2016\/04\/14\/valls-evoque-de-nouveau-linterdiction-du-voile-a-luniversite-opposons-nous-a-cette-mesure-discriminatoire-et-islamophobe\/","name":"Valls \u00e9voque de nouveau l&#039;interdiction du voile \u00e0 l&#039;universit\u00e9\u00a0: opposons-nous \u00e0 cette mesure discriminatoire et islamophobe - Solidaires \u00e9tudiant-e-s","isPartOf":{"@id":"https:\/\/solidaires-etudiant-e-s.org\/site\/#website"},"primaryImageOfPage":{"@id":"https:\/\/solidaires-etudiant-e-s.org\/site\/2016\/04\/14\/valls-evoque-de-nouveau-linterdiction-du-voile-a-luniversite-opposons-nous-a-cette-mesure-discriminatoire-et-islamophobe\/#primaryimage"},"image":{"@id":"https:\/\/solidaires-etudiant-e-s.org\/site\/2016\/04\/14\/valls-evoque-de-nouveau-linterdiction-du-voile-a-luniversite-opposons-nous-a-cette-mesure-discriminatoire-et-islamophobe\/#primaryimage"},"thumbnailUrl":"https:\/\/solidaires-etudiant-e-s.org\/site\/wp-content\/uploads\/2016\/04\/Voile-universite.jpg","datePublished":"2016-04-14T21:11:06+00:00","breadcrumb":{"@id":"https:\/\/solidaires-etudiant-e-s.org\/site\/2016\/04\/14\/valls-evoque-de-nouveau-linterdiction-du-voile-a-luniversite-opposons-nous-a-cette-mesure-discriminatoire-et-islamophobe\/#breadcrumb"},"inLanguage":"fr-FR","potentialAction":[{"@type":"ReadAction","target":["https:\/\/solidaires-etudiant-e-s.org\/site\/2016\/04\/14\/valls-evoque-de-nouveau-linterdiction-du-voile-a-luniversite-opposons-nous-a-cette-mesure-discriminatoire-et-islamophobe\/"]}]},{"@type":"ImageObject","inLanguage":"fr-FR","@id":"https:\/\/solidaires-etudiant-e-s.org\/site\/2016\/04\/14\/valls-evoque-de-nouveau-linterdiction-du-voile-a-luniversite-opposons-nous-a-cette-mesure-discriminatoire-et-islamophobe\/#primaryimage","url":"https:\/\/solidaires-etudiant-e-s.org\/site\/wp-content\/uploads\/2016\/04\/Voile-universite.jpg","contentUrl":"https:\/\/solidaires-etudiant-e-s.org\/site\/wp-content\/uploads\/2016\/04\/Voile-universite.jpg","width":805,"height":453},{"@type":"BreadcrumbList","@id":"https:\/\/solidaires-etudiant-e-s.org\/site\/2016\/04\/14\/valls-evoque-de-nouveau-linterdiction-du-voile-a-luniversite-opposons-nous-a-cette-mesure-discriminatoire-et-islamophobe\/#breadcrumb","itemListElement":[{"@type":"ListItem","position":1,"name":"Accueil","item":"https:\/\/solidaires-etudiant-e-s.org\/site\/"},{"@type":"ListItem","position":2,"name":"Valls \u00e9voque de nouveau l&#039;interdiction du voile \u00e0 l&#039;universit\u00e9\u00a0: opposons-nous \u00e0 cette mesure discriminatoire et islamophobe"}]},{"@type":"WebSite","@id":"https:\/\/solidaires-etudiant-e-s.org\/site\/#website","url":"https:\/\/solidaires-etudiant-e-s.org\/site\/","name":"Solidaires \u00e9tudiant-e-s","description":"Syndicats pour un enseignement sup\u00e9rieur gratuit, ouvert, et \u00e9mancipateur !","publisher":{"@id":"https:\/\/solidaires-etudiant-e-s.org\/site\/#organization"},"potentialAction":[{"@type":"SearchAction","target":{"@type":"EntryPoint","urlTemplate":"https:\/\/solidaires-etudiant-e-s.org\/site\/?s={search_term_string}"},"query-input":{"@type":"PropertyValueSpecification","valueRequired":true,"valueName":"search_term_string"}}],"inLanguage":"fr-FR"},{"@type":"Organization","@id":"https:\/\/solidaires-etudiant-e-s.org\/site\/#organization","name":"Solidaires \u00e9tudiant-e-s","url":"https:\/\/solidaires-etudiant-e-s.org\/site\/","logo":{"@type":"ImageObject","inLanguage":"fr-FR","@id":"https:\/\/solidaires-etudiant-e-s.org\/site\/#\/schema\/logo\/image\/","url":"https:\/\/solidaires-etudiant-e-s.org\/site\/wp-content\/uploads\/2025\/12\/13-1.png","contentUrl":"https:\/\/solidaires-etudiant-e-s.org\/site\/wp-content\/uploads\/2025\/12\/13-1.png","width":1181,"height":827,"caption":"Solidaires \u00e9tudiant-e-s"},"image":{"@id":"https:\/\/solidaires-etudiant-e-s.org\/site\/#\/schema\/logo\/image\/"},"sameAs":["https:\/\/www.facebook.com\/solidairesetudiantes","https:\/\/x.com\/SolidairesEtu","https:\/\/www.instagram.com\/solidairesetu\/","https:\/\/bsky.app\/profile\/solidaires-etudiant-e-s.org","https:\/\/mastodon.social\/@solidairesetu","https:\/\/www.youtube.com\/channel\/UC_iZN9gmVAAnXbBM7wAWOag"]},{"@type":"Person","@id":"https:\/\/solidaires-etudiant-e-s.org\/site\/#\/schema\/person\/0efb3e0ff4e2f12b5a5abcd4352aa86c","name":"Solidaires \u00e9tudiant-e-s","image":{"@type":"ImageObject","inLanguage":"fr-FR","@id":"https:\/\/solidaires-etudiant-e-s.org\/site\/wp-content\/uploads\/2020\/01\/logo-SESL-rond-512-96x96.png","url":"https:\/\/solidaires-etudiant-e-s.org\/site\/wp-content\/uploads\/2020\/01\/logo-SESL-rond-512-96x96.png","contentUrl":"https:\/\/solidaires-etudiant-e-s.org\/site\/wp-content\/uploads\/2020\/01\/logo-SESL-rond-512-96x96.png","caption":"Solidaires \u00e9tudiant-e-s"},"sameAs":["https:\/\/solidaires-etudiant.org\/site","https:\/\/www.facebook.com\/solidairesetudiantes","https:\/\/www.instagram.com\/solidairesetu","https:\/\/x.com\/SolidairesEtu","https:\/\/fr.wikipedia.org\/wiki\/Solidaires_tudiant-e-s"]}]}},"_links":{"self":[{"href":"https:\/\/solidaires-etudiant-e-s.org\/site\/wp-json\/wp\/v2\/posts\/3096","targetHints":{"allow":["GET"]}}],"collection":[{"href":"https:\/\/solidaires-etudiant-e-s.org\/site\/wp-json\/wp\/v2\/posts"}],"about":[{"href":"https:\/\/solidaires-etudiant-e-s.org\/site\/wp-json\/wp\/v2\/types\/post"}],"author":[{"embeddable":true,"href":"https:\/\/solidaires-etudiant-e-s.org\/site\/wp-json\/wp\/v2\/users\/1"}],"replies":[{"embeddable":true,"href":"https:\/\/solidaires-etudiant-e-s.org\/site\/wp-json\/wp\/v2\/comments?post=3096"}],"version-history":[{"count":0,"href":"https:\/\/solidaires-etudiant-e-s.org\/site\/wp-json\/wp\/v2\/posts\/3096\/revisions"}],"wp:featuredmedia":[{"embeddable":true,"href":"https:\/\/solidaires-etudiant-e-s.org\/site\/wp-json\/wp\/v2\/media\/3098"}],"wp:attachment":[{"href":"https:\/\/solidaires-etudiant-e-s.org\/site\/wp-json\/wp\/v2\/media?parent=3096"}],"wp:term":[{"taxonomy":"category","embeddable":true,"href":"https:\/\/solidaires-etudiant-e-s.org\/site\/wp-json\/wp\/v2\/categories?post=3096"},{"taxonomy":"post_tag","embeddable":true,"href":"https:\/\/solidaires-etudiant-e-s.org\/site\/wp-json\/wp\/v2\/tags?post=3096"}],"curies":[{"name":"wp","href":"https:\/\/api.w.org\/{rel}","templated":true}]}}