{"id":3087,"date":"2016-04-13T10:21:59","date_gmt":"2016-04-13T08:21:59","guid":{"rendered":"http:\/\/www.solidaires-etudiant.org\/?p=3087"},"modified":"2025-05-03T22:47:40","modified_gmt":"2025-05-03T21:47:40","slug":"repression-a-caen-nous-ne-nous-laisserons-intimider-par-personne","status":"publish","type":"post","link":"https:\/\/solidaires-etudiant-e-s.org\/site\/2016\/04\/13\/repression-a-caen-nous-ne-nous-laisserons-intimider-par-personne\/","title":{"rendered":"R\u00e9pression \u00e0 Caen : Nous ne nous laisserons intimider par personne !"},"content":{"rendered":"<p class=\"western\" align=\"left\">\u00c0 Caen, la situation n\u2019en finit plus de se tendre. La pr\u00e9sidence de l\u2019universit\u00e9, par le biais du personnel de s\u00e9curit\u00e9, intimide et emp\u00eache parfois m\u00eame physiquement des assembl\u00e9es g\u00e9n\u00e9rales de se tenir.<\/p>\n<p class=\"western\" align=\"left\">Aujourd\u2019hui, l\u2019universit\u00e9 de Caen a permis \u00e0 la police d\u2019entrer dans un local syndical. Les policiers, habill\u00e9s en tenue anti-\u00e9meute, ont tent\u00e9 d\u2019intimider nos camarades du Syndicat de Lutte Caen, membres de la f\u00e9d\u00e9ration Solidaires \u00e9tudiant-e-s. Ils ont notamment pris et contr\u00f4l\u00e9 leurs identit\u00e9s.<\/p>\n<p class=\"western\" align=\"left\">Les policiers sont entr\u00e9s sur invitation du pr\u00e9sident de l\u2019universit\u00e9 qui montre encore une fois de quel c\u00f4t\u00e9 de la d\u00e9mocratie il se trouve. Ces actions sont inadmissibles\u00a0!<\/p>\n<p class=\"western\" align=\"left\">Depuis plusieurs semaines, la pr\u00e9fecture du Calvados ne cesse d\u2019essayer d\u2019intimider notre syndicat ainsi que les \u00e9tudiant-e-s mobilis\u00e9-e-s contre la loi Travail, les mena\u00e7ant notamment de recours en justice pour manifestation ill\u00e9gale. Nous condamnons fermement ces attitudes de la pr\u00e9fecture ainsi que de la pr\u00e9sidence de l\u2019universit\u00e9 de Caen.<\/p>\n<p class=\"western\" align=\"left\">La f\u00e9d\u00e9ration Solidaires \u00e9tudiant-e-s ainsi que l\u2019Union Syndicale Solidaires ne se laissera pas intimider, nous rappelons que les droits syndicaux sont garantis par la loi ainsi que le droit de manifester. Nous prendrons toutes nos responsabilit\u00e9s pour faire respecter ces droits.<\/p>\n<p class=\"western\" align=\"left\">De plus, il semble important de rappeler aussi que les universit\u00e9s sont des lieux de savoir, de d\u00e9bat et de production des savoirs, le code de l\u2019\u00e9ducation d\u2019ailleurs prot\u00e8ge ce r\u00f4le particulier de l\u2019universit\u00e9 dans la soci\u00e9t\u00e9. Nous appelons donc la pr\u00e9sidence de l\u2019universit\u00e9 \u00e0 arr\u00eater sa strat\u00e9gie d\u2019intimidation des \u00e9tudiant-e-s mobilis\u00e9-e-s et \u00e0 faciliter la tenue des assembl\u00e9e g\u00e9n\u00e9rales \u00e0 l\u2019universit\u00e9.<\/p>\n<p class=\"western\" align=\"center\"><span style=\"font-family: Calibri,sans-serif;\"><span style=\"font-size: medium;\"><i>Solidaires \u00e9tudiant-e-s, syndicats de luttes<\/i><\/span><\/span><\/p>\n<p class=\"western\" align=\"center\"><span style=\"font-family: Calibri,sans-serif;\"><span style=\"font-size: medium;\">Porte-parolat : <\/span><\/span><span style=\"font-family: Calibri,sans-serif;\"><span style=\"font-size: medium;\"><i>06.86.80.24.45<\/i><\/span><\/span><\/p>\n<p class=\"western\" align=\"center\"><span style=\"font-family: Calibri,sans-serif;\"><span style=\"font-size: medium;\"><i>https:\/\/solidaires-etudiant.org\/site\/<\/i><\/span><\/span><\/p>\n<p class=\"western\" align=\"center\"><span style=\"color: #000080;\"><span lang=\"zxx\"><u><a href=\"mailto:contact@solidaires-etudiant-e-s.org\"><span style=\"color: #222222;\"><span style=\"font-family: Calibri,sans-serif;\"><span style=\"font-size: medium;\"><i>contact@solidaires-etudiant-e-s.org<\/i><\/span><\/span><\/span><\/a><\/u><\/span><\/span><\/p>\n<p class=\"western\" align=\"center\"><img loading=\"lazy\" decoding=\"async\" class=\"aligncenter wp-image-274 size-thumbnail\" src=\"http:\/\/www.solidaires-etudiant.org\/wp-content\/uploads\/2014\/02\/adobe-150x150.png\" alt=\"\" width=\"150\" height=\"150\" srcset=\"https:\/\/solidaires-etudiant-e-s.org\/site\/wp-content\/uploads\/2014\/02\/adobe-150x150.png 150w, https:\/\/solidaires-etudiant-e-s.org\/site\/wp-content\/uploads\/2014\/02\/adobe.png 256w\" sizes=\"auto, (max-width: 150px) 100vw, 150px\" \/><\/p>\n","protected":false},"excerpt":{"rendered":"<p>\u00c0 Caen, la situation n\u2019en finit plus de se tendre. La pr\u00e9sidence [&hellip;]<\/p>\n","protected":false},"author":1,"featured_media":3091,"comment_status":"closed","ping_status":"closed","sticky":false,"template":"","format":"standard","meta":{"cybocfi_hide_featured_image":"","footnotes":""},"categories":[4,10,18],"tags":[161,235,308,467,583,725,733,881,891,1049,1050,1221,1147,1177],"class_list":["post-3087","post","type-post","status-publish","format-standard","has-post-thumbnail","hentry","category-anti-repression","category-communiques","category-esr","tag-assemblee-generale","tag-caen","tag-communiques-2","tag-enseignement-superieur","tag-greve","tag-loi-travail","tag-lutte","tag-police","tag-prefecture","tag-slider","tag-slideshow","tag-syndicalisme-etudiant","tag-universite","tag-violences-policieres","col-md-4 col-sm-4"],"featured_image_src":"https:\/\/solidaires-etudiant-e-s.org\/site\/wp-content\/uploads\/2016\/04\/IMG_8689.jpg","author_info":{"display_name":"Solidaires \u00e9tudiant-e-s","author_link":false},"yoast_head":"<!-- This site is optimized with the Yoast SEO plugin v27.4 - https:\/\/yoast.com\/product\/yoast-seo-wordpress\/ -->\n<title>R\u00e9pression \u00e0 Caen : Nous ne nous laisserons intimider par personne ! - Solidaires \u00e9tudiant-e-s<\/title>\n<meta name=\"robots\" content=\"index, follow, max-snippet:-1, max-image-preview:large, max-video-preview:-1\" \/>\n<link rel=\"canonical\" href=\"https:\/\/solidaires-etudiant-e-s.org\/site\/2016\/04\/13\/repression-a-caen-nous-ne-nous-laisserons-intimider-par-personne\/\" \/>\n<meta property=\"og:locale\" content=\"fr_FR\" \/>\n<meta property=\"og:type\" content=\"article\" \/>\n<meta property=\"og:title\" content=\"R\u00e9pression \u00e0 Caen : Nous ne nous laisserons intimider par personne ! - Solidaires \u00e9tudiant-e-s\" \/>\n<meta property=\"og:description\" content=\"\u00c0 Caen, la situation n\u2019en finit plus de se tendre. La pr\u00e9sidence [&hellip;]\" \/>\n<meta property=\"og:url\" content=\"https:\/\/solidaires-etudiant-e-s.org\/site\/2016\/04\/13\/repression-a-caen-nous-ne-nous-laisserons-intimider-par-personne\/\" \/>\n<meta property=\"og:site_name\" content=\"Solidaires \u00e9tudiant-e-s\" \/>\n<meta property=\"article:publisher\" content=\"https:\/\/www.facebook.com\/solidairesetudiantes\" \/>\n<meta property=\"article:author\" content=\"https:\/\/www.facebook.com\/solidairesetudiantes\" \/>\n<meta property=\"article:published_time\" content=\"2016-04-13T08:21:59+00:00\" \/>\n<meta property=\"article:modified_time\" content=\"2025-05-03T21:47:40+00:00\" \/>\n<meta property=\"og:image\" content=\"https:\/\/solidaires-etudiant-e-s.org\/site\/wp-content\/uploads\/2016\/04\/IMG_8689.jpg\" \/>\n\t<meta property=\"og:image:width\" content=\"1024\" \/>\n\t<meta property=\"og:image:height\" content=\"683\" \/>\n\t<meta property=\"og:image:type\" content=\"image\/jpeg\" \/>\n<meta name=\"author\" content=\"Solidaires \u00e9tudiant-e-s\" \/>\n<meta name=\"twitter:card\" content=\"summary_large_image\" \/>\n<meta name=\"twitter:creator\" content=\"@SolidairesEtu\" \/>\n<meta name=\"twitter:site\" content=\"@SolidairesEtu\" \/>\n<meta name=\"twitter:label1\" content=\"\u00c9crit par\" \/>\n\t<meta name=\"twitter:data1\" content=\"Solidaires \u00e9tudiant-e-s\" \/>\n\t<meta name=\"twitter:label2\" content=\"Dur\u00e9e de lecture estim\u00e9e\" \/>\n\t<meta name=\"twitter:data2\" content=\"2 minutes\" \/>\n<script type=\"application\/ld+json\" class=\"yoast-schema-graph\">{\"@context\":\"https:\\\/\\\/schema.org\",\"@graph\":[{\"@type\":\"Article\",\"@id\":\"https:\\\/\\\/solidaires-etudiant-e-s.org\\\/site\\\/2016\\\/04\\\/13\\\/repression-a-caen-nous-ne-nous-laisserons-intimider-par-personne\\\/#article\",\"isPartOf\":{\"@id\":\"https:\\\/\\\/solidaires-etudiant-e-s.org\\\/site\\\/2016\\\/04\\\/13\\\/repression-a-caen-nous-ne-nous-laisserons-intimider-par-personne\\\/\"},\"author\":{\"name\":\"Solidaires \u00e9tudiant-e-s\",\"@id\":\"https:\\\/\\\/solidaires-etudiant-e-s.org\\\/site\\\/#\\\/schema\\\/person\\\/0efb3e0ff4e2f12b5a5abcd4352aa86c\"},\"headline\":\"R\u00e9pression \u00e0 Caen : Nous ne nous laisserons intimider par personne !\",\"datePublished\":\"2016-04-13T08:21:59+00:00\",\"dateModified\":\"2025-05-03T21:47:40+00:00\",\"mainEntityOfPage\":{\"@id\":\"https:\\\/\\\/solidaires-etudiant-e-s.org\\\/site\\\/2016\\\/04\\\/13\\\/repression-a-caen-nous-ne-nous-laisserons-intimider-par-personne\\\/\"},\"wordCount\":330,\"publisher\":{\"@id\":\"https:\\\/\\\/solidaires-etudiant-e-s.org\\\/site\\\/#organization\"},\"image\":{\"@id\":\"https:\\\/\\\/solidaires-etudiant-e-s.org\\\/site\\\/2016\\\/04\\\/13\\\/repression-a-caen-nous-ne-nous-laisserons-intimider-par-personne\\\/#primaryimage\"},\"thumbnailUrl\":\"https:\\\/\\\/solidaires-etudiant-e-s.org\\\/site\\\/wp-content\\\/uploads\\\/2016\\\/04\\\/IMG_8689.jpg\",\"keywords\":[\"assembl\u00e9e g\u00e9n\u00e9rale\",\"caen\",\"communiqu\u00e9s\",\"enseignement sup\u00e9rieur\",\"gr\u00e8ve\",\"loi Travail\",\"lutte\",\"police\",\"pr\u00e9fecture\",\"slider\",\"slideshow\",\"syndicalisme \u00e9tudiant\",\"universit\u00e9\",\"violences polici\u00e8res\"],\"articleSection\":[\"ANTI-REPRESSION\",\"COMMUNIQUES NATIONAUX\",\"ENSEIGNEMENT SUPERIEUR\"],\"inLanguage\":\"fr-FR\"},{\"@type\":\"WebPage\",\"@id\":\"https:\\\/\\\/solidaires-etudiant-e-s.org\\\/site\\\/2016\\\/04\\\/13\\\/repression-a-caen-nous-ne-nous-laisserons-intimider-par-personne\\\/\",\"url\":\"https:\\\/\\\/solidaires-etudiant-e-s.org\\\/site\\\/2016\\\/04\\\/13\\\/repression-a-caen-nous-ne-nous-laisserons-intimider-par-personne\\\/\",\"name\":\"R\u00e9pression \u00e0 Caen : Nous ne nous laisserons intimider par personne ! - Solidaires \u00e9tudiant-e-s\",\"isPartOf\":{\"@id\":\"https:\\\/\\\/solidaires-etudiant-e-s.org\\\/site\\\/#website\"},\"primaryImageOfPage\":{\"@id\":\"https:\\\/\\\/solidaires-etudiant-e-s.org\\\/site\\\/2016\\\/04\\\/13\\\/repression-a-caen-nous-ne-nous-laisserons-intimider-par-personne\\\/#primaryimage\"},\"image\":{\"@id\":\"https:\\\/\\\/solidaires-etudiant-e-s.org\\\/site\\\/2016\\\/04\\\/13\\\/repression-a-caen-nous-ne-nous-laisserons-intimider-par-personne\\\/#primaryimage\"},\"thumbnailUrl\":\"https:\\\/\\\/solidaires-etudiant-e-s.org\\\/site\\\/wp-content\\\/uploads\\\/2016\\\/04\\\/IMG_8689.jpg\",\"datePublished\":\"2016-04-13T08:21:59+00:00\",\"dateModified\":\"2025-05-03T21:47:40+00:00\",\"breadcrumb\":{\"@id\":\"https:\\\/\\\/solidaires-etudiant-e-s.org\\\/site\\\/2016\\\/04\\\/13\\\/repression-a-caen-nous-ne-nous-laisserons-intimider-par-personne\\\/#breadcrumb\"},\"inLanguage\":\"fr-FR\",\"potentialAction\":[{\"@type\":\"ReadAction\",\"target\":[\"https:\\\/\\\/solidaires-etudiant-e-s.org\\\/site\\\/2016\\\/04\\\/13\\\/repression-a-caen-nous-ne-nous-laisserons-intimider-par-personne\\\/\"]}]},{\"@type\":\"ImageObject\",\"inLanguage\":\"fr-FR\",\"@id\":\"https:\\\/\\\/solidaires-etudiant-e-s.org\\\/site\\\/2016\\\/04\\\/13\\\/repression-a-caen-nous-ne-nous-laisserons-intimider-par-personne\\\/#primaryimage\",\"url\":\"https:\\\/\\\/solidaires-etudiant-e-s.org\\\/site\\\/wp-content\\\/uploads\\\/2016\\\/04\\\/IMG_8689.jpg\",\"contentUrl\":\"https:\\\/\\\/solidaires-etudiant-e-s.org\\\/site\\\/wp-content\\\/uploads\\\/2016\\\/04\\\/IMG_8689.jpg\",\"width\":1024,\"height\":683},{\"@type\":\"BreadcrumbList\",\"@id\":\"https:\\\/\\\/solidaires-etudiant-e-s.org\\\/site\\\/2016\\\/04\\\/13\\\/repression-a-caen-nous-ne-nous-laisserons-intimider-par-personne\\\/#breadcrumb\",\"itemListElement\":[{\"@type\":\"ListItem\",\"position\":1,\"name\":\"Accueil\",\"item\":\"https:\\\/\\\/solidaires-etudiant-e-s.org\\\/site\\\/\"},{\"@type\":\"ListItem\",\"position\":2,\"name\":\"R\u00e9pression \u00e0 Caen : Nous ne nous laisserons intimider par personne !\"}]},{\"@type\":\"WebSite\",\"@id\":\"https:\\\/\\\/solidaires-etudiant-e-s.org\\\/site\\\/#website\",\"url\":\"https:\\\/\\\/solidaires-etudiant-e-s.org\\\/site\\\/\",\"name\":\"Solidaires \u00e9tudiant-e-s\",\"description\":\"Syndicats pour un enseignement sup\u00e9rieur gratuit, ouvert, et \u00e9mancipateur !\",\"publisher\":{\"@id\":\"https:\\\/\\\/solidaires-etudiant-e-s.org\\\/site\\\/#organization\"},\"potentialAction\":[{\"@type\":\"SearchAction\",\"target\":{\"@type\":\"EntryPoint\",\"urlTemplate\":\"https:\\\/\\\/solidaires-etudiant-e-s.org\\\/site\\\/?s={search_term_string}\"},\"query-input\":{\"@type\":\"PropertyValueSpecification\",\"valueRequired\":true,\"valueName\":\"search_term_string\"}}],\"inLanguage\":\"fr-FR\"},{\"@type\":\"Organization\",\"@id\":\"https:\\\/\\\/solidaires-etudiant-e-s.org\\\/site\\\/#organization\",\"name\":\"Solidaires \u00e9tudiant-e-s\",\"url\":\"https:\\\/\\\/solidaires-etudiant-e-s.org\\\/site\\\/\",\"logo\":{\"@type\":\"ImageObject\",\"inLanguage\":\"fr-FR\",\"@id\":\"https:\\\/\\\/solidaires-etudiant-e-s.org\\\/site\\\/#\\\/schema\\\/logo\\\/image\\\/\",\"url\":\"https:\\\/\\\/solidaires-etudiant-e-s.org\\\/site\\\/wp-content\\\/uploads\\\/2025\\\/12\\\/13-1.png\",\"contentUrl\":\"https:\\\/\\\/solidaires-etudiant-e-s.org\\\/site\\\/wp-content\\\/uploads\\\/2025\\\/12\\\/13-1.png\",\"width\":1181,\"height\":827,\"caption\":\"Solidaires \u00e9tudiant-e-s\"},\"image\":{\"@id\":\"https:\\\/\\\/solidaires-etudiant-e-s.org\\\/site\\\/#\\\/schema\\\/logo\\\/image\\\/\"},\"sameAs\":[\"https:\\\/\\\/www.facebook.com\\\/solidairesetudiantes\",\"https:\\\/\\\/x.com\\\/SolidairesEtu\",\"https:\\\/\\\/www.instagram.com\\\/solidairesetu\\\/\",\"https:\\\/\\\/bsky.app\\\/profile\\\/solidaires-etudiant-e-s.org\",\"https:\\\/\\\/mastodon.social\\\/@solidairesetu\",\"https:\\\/\\\/www.youtube.com\\\/channel\\\/UC_iZN9gmVAAnXbBM7wAWOag\"]},{\"@type\":\"Person\",\"@id\":\"https:\\\/\\\/solidaires-etudiant-e-s.org\\\/site\\\/#\\\/schema\\\/person\\\/0efb3e0ff4e2f12b5a5abcd4352aa86c\",\"name\":\"Solidaires \u00e9tudiant-e-s\",\"image\":{\"@type\":\"ImageObject\",\"inLanguage\":\"fr-FR\",\"@id\":\"https:\\\/\\\/solidaires-etudiant-e-s.org\\\/site\\\/wp-content\\\/uploads\\\/2020\\\/01\\\/logo-SESL-rond-512-96x96.png\",\"url\":\"https:\\\/\\\/solidaires-etudiant-e-s.org\\\/site\\\/wp-content\\\/uploads\\\/2020\\\/01\\\/logo-SESL-rond-512-96x96.png\",\"contentUrl\":\"https:\\\/\\\/solidaires-etudiant-e-s.org\\\/site\\\/wp-content\\\/uploads\\\/2020\\\/01\\\/logo-SESL-rond-512-96x96.png\",\"caption\":\"Solidaires \u00e9tudiant-e-s\"},\"sameAs\":[\"https:\\\/\\\/solidaires-etudiant.org\\\/site\",\"https:\\\/\\\/www.facebook.com\\\/solidairesetudiantes\",\"https:\\\/\\\/www.instagram.com\\\/solidairesetu\",\"https:\\\/\\\/x.com\\\/SolidairesEtu\",\"https:\\\/\\\/fr.wikipedia.org\\\/wiki\\\/Solidaires_tudiant-e-s\"]}]}<\/script>\n<!-- \/ Yoast SEO plugin. -->","yoast_head_json":{"title":"R\u00e9pression \u00e0 Caen : Nous ne nous laisserons intimider par personne ! - Solidaires \u00e9tudiant-e-s","robots":{"index":"index","follow":"follow","max-snippet":"max-snippet:-1","max-image-preview":"max-image-preview:large","max-video-preview":"max-video-preview:-1"},"canonical":"https:\/\/solidaires-etudiant-e-s.org\/site\/2016\/04\/13\/repression-a-caen-nous-ne-nous-laisserons-intimider-par-personne\/","og_locale":"fr_FR","og_type":"article","og_title":"R\u00e9pression \u00e0 Caen : Nous ne nous laisserons intimider par personne ! - Solidaires \u00e9tudiant-e-s","og_description":"\u00c0 Caen, la situation n\u2019en finit plus de se tendre. La pr\u00e9sidence [&hellip;]","og_url":"https:\/\/solidaires-etudiant-e-s.org\/site\/2016\/04\/13\/repression-a-caen-nous-ne-nous-laisserons-intimider-par-personne\/","og_site_name":"Solidaires \u00e9tudiant-e-s","article_publisher":"https:\/\/www.facebook.com\/solidairesetudiantes","article_author":"https:\/\/www.facebook.com\/solidairesetudiantes","article_published_time":"2016-04-13T08:21:59+00:00","article_modified_time":"2025-05-03T21:47:40+00:00","og_image":[{"width":1024,"height":683,"url":"https:\/\/solidaires-etudiant-e-s.org\/site\/wp-content\/uploads\/2016\/04\/IMG_8689.jpg","type":"image\/jpeg"}],"author":"Solidaires \u00e9tudiant-e-s","twitter_card":"summary_large_image","twitter_creator":"@SolidairesEtu","twitter_site":"@SolidairesEtu","twitter_misc":{"\u00c9crit par":"Solidaires \u00e9tudiant-e-s","Dur\u00e9e de lecture estim\u00e9e":"2 minutes"},"schema":{"@context":"https:\/\/schema.org","@graph":[{"@type":"Article","@id":"https:\/\/solidaires-etudiant-e-s.org\/site\/2016\/04\/13\/repression-a-caen-nous-ne-nous-laisserons-intimider-par-personne\/#article","isPartOf":{"@id":"https:\/\/solidaires-etudiant-e-s.org\/site\/2016\/04\/13\/repression-a-caen-nous-ne-nous-laisserons-intimider-par-personne\/"},"author":{"name":"Solidaires \u00e9tudiant-e-s","@id":"https:\/\/solidaires-etudiant-e-s.org\/site\/#\/schema\/person\/0efb3e0ff4e2f12b5a5abcd4352aa86c"},"headline":"R\u00e9pression \u00e0 Caen : Nous ne nous laisserons intimider par personne !","datePublished":"2016-04-13T08:21:59+00:00","dateModified":"2025-05-03T21:47:40+00:00","mainEntityOfPage":{"@id":"https:\/\/solidaires-etudiant-e-s.org\/site\/2016\/04\/13\/repression-a-caen-nous-ne-nous-laisserons-intimider-par-personne\/"},"wordCount":330,"publisher":{"@id":"https:\/\/solidaires-etudiant-e-s.org\/site\/#organization"},"image":{"@id":"https:\/\/solidaires-etudiant-e-s.org\/site\/2016\/04\/13\/repression-a-caen-nous-ne-nous-laisserons-intimider-par-personne\/#primaryimage"},"thumbnailUrl":"https:\/\/solidaires-etudiant-e-s.org\/site\/wp-content\/uploads\/2016\/04\/IMG_8689.jpg","keywords":["assembl\u00e9e g\u00e9n\u00e9rale","caen","communiqu\u00e9s","enseignement sup\u00e9rieur","gr\u00e8ve","loi Travail","lutte","police","pr\u00e9fecture","slider","slideshow","syndicalisme \u00e9tudiant","universit\u00e9","violences polici\u00e8res"],"articleSection":["ANTI-REPRESSION","COMMUNIQUES NATIONAUX","ENSEIGNEMENT SUPERIEUR"],"inLanguage":"fr-FR"},{"@type":"WebPage","@id":"https:\/\/solidaires-etudiant-e-s.org\/site\/2016\/04\/13\/repression-a-caen-nous-ne-nous-laisserons-intimider-par-personne\/","url":"https:\/\/solidaires-etudiant-e-s.org\/site\/2016\/04\/13\/repression-a-caen-nous-ne-nous-laisserons-intimider-par-personne\/","name":"R\u00e9pression \u00e0 Caen : Nous ne nous laisserons intimider par personne ! - Solidaires \u00e9tudiant-e-s","isPartOf":{"@id":"https:\/\/solidaires-etudiant-e-s.org\/site\/#website"},"primaryImageOfPage":{"@id":"https:\/\/solidaires-etudiant-e-s.org\/site\/2016\/04\/13\/repression-a-caen-nous-ne-nous-laisserons-intimider-par-personne\/#primaryimage"},"image":{"@id":"https:\/\/solidaires-etudiant-e-s.org\/site\/2016\/04\/13\/repression-a-caen-nous-ne-nous-laisserons-intimider-par-personne\/#primaryimage"},"thumbnailUrl":"https:\/\/solidaires-etudiant-e-s.org\/site\/wp-content\/uploads\/2016\/04\/IMG_8689.jpg","datePublished":"2016-04-13T08:21:59+00:00","dateModified":"2025-05-03T21:47:40+00:00","breadcrumb":{"@id":"https:\/\/solidaires-etudiant-e-s.org\/site\/2016\/04\/13\/repression-a-caen-nous-ne-nous-laisserons-intimider-par-personne\/#breadcrumb"},"inLanguage":"fr-FR","potentialAction":[{"@type":"ReadAction","target":["https:\/\/solidaires-etudiant-e-s.org\/site\/2016\/04\/13\/repression-a-caen-nous-ne-nous-laisserons-intimider-par-personne\/"]}]},{"@type":"ImageObject","inLanguage":"fr-FR","@id":"https:\/\/solidaires-etudiant-e-s.org\/site\/2016\/04\/13\/repression-a-caen-nous-ne-nous-laisserons-intimider-par-personne\/#primaryimage","url":"https:\/\/solidaires-etudiant-e-s.org\/site\/wp-content\/uploads\/2016\/04\/IMG_8689.jpg","contentUrl":"https:\/\/solidaires-etudiant-e-s.org\/site\/wp-content\/uploads\/2016\/04\/IMG_8689.jpg","width":1024,"height":683},{"@type":"BreadcrumbList","@id":"https:\/\/solidaires-etudiant-e-s.org\/site\/2016\/04\/13\/repression-a-caen-nous-ne-nous-laisserons-intimider-par-personne\/#breadcrumb","itemListElement":[{"@type":"ListItem","position":1,"name":"Accueil","item":"https:\/\/solidaires-etudiant-e-s.org\/site\/"},{"@type":"ListItem","position":2,"name":"R\u00e9pression \u00e0 Caen : Nous ne nous laisserons intimider par personne !"}]},{"@type":"WebSite","@id":"https:\/\/solidaires-etudiant-e-s.org\/site\/#website","url":"https:\/\/solidaires-etudiant-e-s.org\/site\/","name":"Solidaires \u00e9tudiant-e-s","description":"Syndicats pour un enseignement sup\u00e9rieur gratuit, ouvert, et \u00e9mancipateur !","publisher":{"@id":"https:\/\/solidaires-etudiant-e-s.org\/site\/#organization"},"potentialAction":[{"@type":"SearchAction","target":{"@type":"EntryPoint","urlTemplate":"https:\/\/solidaires-etudiant-e-s.org\/site\/?s={search_term_string}"},"query-input":{"@type":"PropertyValueSpecification","valueRequired":true,"valueName":"search_term_string"}}],"inLanguage":"fr-FR"},{"@type":"Organization","@id":"https:\/\/solidaires-etudiant-e-s.org\/site\/#organization","name":"Solidaires \u00e9tudiant-e-s","url":"https:\/\/solidaires-etudiant-e-s.org\/site\/","logo":{"@type":"ImageObject","inLanguage":"fr-FR","@id":"https:\/\/solidaires-etudiant-e-s.org\/site\/#\/schema\/logo\/image\/","url":"https:\/\/solidaires-etudiant-e-s.org\/site\/wp-content\/uploads\/2025\/12\/13-1.png","contentUrl":"https:\/\/solidaires-etudiant-e-s.org\/site\/wp-content\/uploads\/2025\/12\/13-1.png","width":1181,"height":827,"caption":"Solidaires \u00e9tudiant-e-s"},"image":{"@id":"https:\/\/solidaires-etudiant-e-s.org\/site\/#\/schema\/logo\/image\/"},"sameAs":["https:\/\/www.facebook.com\/solidairesetudiantes","https:\/\/x.com\/SolidairesEtu","https:\/\/www.instagram.com\/solidairesetu\/","https:\/\/bsky.app\/profile\/solidaires-etudiant-e-s.org","https:\/\/mastodon.social\/@solidairesetu","https:\/\/www.youtube.com\/channel\/UC_iZN9gmVAAnXbBM7wAWOag"]},{"@type":"Person","@id":"https:\/\/solidaires-etudiant-e-s.org\/site\/#\/schema\/person\/0efb3e0ff4e2f12b5a5abcd4352aa86c","name":"Solidaires \u00e9tudiant-e-s","image":{"@type":"ImageObject","inLanguage":"fr-FR","@id":"https:\/\/solidaires-etudiant-e-s.org\/site\/wp-content\/uploads\/2020\/01\/logo-SESL-rond-512-96x96.png","url":"https:\/\/solidaires-etudiant-e-s.org\/site\/wp-content\/uploads\/2020\/01\/logo-SESL-rond-512-96x96.png","contentUrl":"https:\/\/solidaires-etudiant-e-s.org\/site\/wp-content\/uploads\/2020\/01\/logo-SESL-rond-512-96x96.png","caption":"Solidaires \u00e9tudiant-e-s"},"sameAs":["https:\/\/solidaires-etudiant.org\/site","https:\/\/www.facebook.com\/solidairesetudiantes","https:\/\/www.instagram.com\/solidairesetu","https:\/\/x.com\/SolidairesEtu","https:\/\/fr.wikipedia.org\/wiki\/Solidaires_tudiant-e-s"]}]}},"_links":{"self":[{"href":"https:\/\/solidaires-etudiant-e-s.org\/site\/wp-json\/wp\/v2\/posts\/3087","targetHints":{"allow":["GET"]}}],"collection":[{"href":"https:\/\/solidaires-etudiant-e-s.org\/site\/wp-json\/wp\/v2\/posts"}],"about":[{"href":"https:\/\/solidaires-etudiant-e-s.org\/site\/wp-json\/wp\/v2\/types\/post"}],"author":[{"embeddable":true,"href":"https:\/\/solidaires-etudiant-e-s.org\/site\/wp-json\/wp\/v2\/users\/1"}],"replies":[{"embeddable":true,"href":"https:\/\/solidaires-etudiant-e-s.org\/site\/wp-json\/wp\/v2\/comments?post=3087"}],"version-history":[{"count":1,"href":"https:\/\/solidaires-etudiant-e-s.org\/site\/wp-json\/wp\/v2\/posts\/3087\/revisions"}],"predecessor-version":[{"id":7647,"href":"https:\/\/solidaires-etudiant-e-s.org\/site\/wp-json\/wp\/v2\/posts\/3087\/revisions\/7647"}],"wp:featuredmedia":[{"embeddable":true,"href":"https:\/\/solidaires-etudiant-e-s.org\/site\/wp-json\/wp\/v2\/media\/3091"}],"wp:attachment":[{"href":"https:\/\/solidaires-etudiant-e-s.org\/site\/wp-json\/wp\/v2\/media?parent=3087"}],"wp:term":[{"taxonomy":"category","embeddable":true,"href":"https:\/\/solidaires-etudiant-e-s.org\/site\/wp-json\/wp\/v2\/categories?post=3087"},{"taxonomy":"post_tag","embeddable":true,"href":"https:\/\/solidaires-etudiant-e-s.org\/site\/wp-json\/wp\/v2\/tags?post=3087"}],"curies":[{"name":"wp","href":"https:\/\/api.w.org\/{rel}","templated":true}]}}