{"id":2980,"date":"2016-03-11T23:21:33","date_gmt":"2016-03-11T22:21:33","guid":{"rendered":"http:\/\/www.solidaires-etudiant.org\/?p=2980"},"modified":"2016-03-11T23:21:33","modified_gmt":"2016-03-11T22:21:33","slug":"pourquoi-solidaires-etudiant-e-s-a-refuse-daller-a-matignon","status":"publish","type":"post","link":"https:\/\/solidaires-etudiant-e-s.org\/site\/2016\/03\/11\/pourquoi-solidaires-etudiant-e-s-a-refuse-daller-a-matignon\/","title":{"rendered":"Pourquoi Solidaires \u00e9tudiant-e-s a refus\u00e9 d&#039;aller \u00e0 Matignon"},"content":{"rendered":"<h3 style=\"text-align: center;\">Nous avons refus\u00e9 d&rsquo;aller \u00e0 Matignon, la lutte s&rsquo;autonomise et s&rsquo;intensifie !<\/h3>\n<p style=\"text-align: justify;\">La f\u00e9d\u00e9ration Solidaires \u00e9tudiant-e-s a choisi de <strong>refuser la possibilit\u00e9 de rencontrer ce jeudi soir le Premier Ministre<\/strong> au c\u00f4t\u00e9 de notre Union Syndicale Solidaires.<\/p>\n<p style=\"text-align: justify;\">Nous pensons que <strong>le mouvement \u00e9tudiant doit et peut s&rsquo;autonomiser des organisations politiques et syndicales<\/strong>. En aucun cas, celles-ci doivent servir d&rsquo;outil de n\u00e9gociation. Le retrait complet de ce projet de loi n&rsquo;est pas n\u00e9gociable ; l&rsquo;objectif de la mobilisation n&rsquo;est pas d&rsquo;obtenir quelques reculs sur les points les plus inacceptables du projet \u2013 <a href=\"http:\/\/www.solidaires.org\/Construire-le-mouvement-jusqu-au-retrait-du-projet-de-loi-travail\">comme l&rsquo;a d&rsquo;ailleurs rappel\u00e9 notre union syndicale<\/a>.<\/p>\n<p style=\"text-align: justify;\">La journ\u00e9e du 9 mars \u00e9tait une grande r\u00e9ussite, <a href=\"http:\/\/www.solidaires-etudiant.org\/blog\/2016\/03\/06\/facs-en-luttes-bulletin-de-greve-1\/\">les assembl\u00e9es g\u00e9n\u00e9rales font le plein<\/a>, des premi\u00e8res universit\u00e9s commencent \u00e0 \u00eatre occup\u00e9es et les prochaines dates de mobilisations apparaissent (17, 24, 31 mars&#8230;). De plus, des propositions alternatives \u00e9mergent de ces cadres d\u00e9mocratiques, en plus du retrait d\u00e9finitif de la loi, telles que la semaine des 32 heures. Des r\u00e9flexions s&rsquo;amorcent sur ce que pourrait \u00eatre un monde du travail ajust\u00e9 aux travailleur\/se-s, et pas aux imp\u00e9ratifs \u00e9conomiques. Les \u00e9tudiant-e-s et salari\u00e9-e-s, quand ils se r\u00e9approprient les d\u00e9bats sur leurs conditions de travail et de vie, ont des id\u00e9es. Celles-ci nous donnent quelque chose dont nous manquions cruellement depuis trop longtemps : de l&rsquo;espoir.<\/p>\n<p style=\"text-align: justify;\">\u00c0 la suite des Assembl\u00e9es g\u00e9n\u00e9rales de Paris 1 et de Saint-Denis, nous encourageons les assembl\u00e9es g\u00e9n\u00e9rales \u00e0 <strong>mandater des d\u00e9l\u00e9gu\u00e9-e-s aux coordinations interfacs<\/strong> qui se tiendront la semaine prochaine :<\/p>\n<ul>\n<li style=\"text-align: justify;\"><strong>Francilienne : 16 mars 2016 \u00e0 Paris 1<\/strong><\/li>\n<li style=\"text-align: justify;\"><strong>Nationale : 19 mars 2016 \u00e0 Paris 8<\/strong><\/li>\n<\/ul>\n<p style=\"text-align: justify;\"><strong>Seule la lutte paie ! Construisons-la.<\/strong><\/p>\n<p style=\"text-align: center;\"><span style=\"color: #999999;\">Solidaires \u00e9tudiant-e-s, syndicats de luttes<\/span><br \/>\n<span style=\"color: #999999;\">Porte-parolat : 06.86.80.24.45<\/span><br \/>\n<span style=\"color: #999999;\">https:\/\/solidaires-etudiant.org\/site\/<\/span><br \/>\n<span style=\"color: #999999;\">contact@solidaires-etudiant-e-s.org<\/span><\/p>\n<p style=\"text-align: center;\"><a href=\"http:\/\/www.solidaires-etudiant.org\/wp-content\/uploads\/2016\/03\/A-propos-de-notre-refus-daller-\u00e0-Matignon.pdf\">Communiqu\u00e9 en PDF :<\/a><\/p>\n<p style=\"text-align: center;\"><a href=\"http:\/\/www.solidaires-etudiant.org\/wp-content\/uploads\/2016\/03\/A-propos-de-notre-refus-daller-\u00e0-Matignon.pdf\"><img loading=\"lazy\" decoding=\"async\" class=\"aligncenter size-full wp-image-274\" src=\"http:\/\/www.solidaires-etudiant.org\/wp-content\/uploads\/2014\/02\/adobe.png\" alt=\"pdf\" width=\"256\" height=\"256\" srcset=\"https:\/\/solidaires-etudiant-e-s.org\/site\/wp-content\/uploads\/2014\/02\/adobe.png 256w, https:\/\/solidaires-etudiant-e-s.org\/site\/wp-content\/uploads\/2014\/02\/adobe-150x150.png 150w\" sizes=\"auto, (max-width: 256px) 100vw, 256px\" \/><\/a><\/p>\n","protected":false},"excerpt":{"rendered":"<p>Nous avons refus\u00e9 d&rsquo;aller \u00e0 Matignon, la lutte s&rsquo;autonomise et s&rsquo;intensifie ! [&hellip;]<\/p>\n","protected":false},"author":1,"featured_media":2982,"comment_status":"closed","ping_status":"closed","sticky":false,"template":"","format":"standard","meta":{"cybocfi_hide_featured_image":"","footnotes":""},"categories":[1],"tags":[161,356,517,590,725,733,767,795,817,955,1049,1142],"class_list":["post-2980","post","type-post","status-publish","format-standard","has-post-thumbnail","hentry","category-uncategorized","tag-assemblee-generale","tag-coordination-nationale","tag-facs-loi-travail","tag-greve-loi-travail","tag-loi-travail","tag-lutte","tag-matignon","tag-mobilisation","tag-negociation","tag-refus","tag-slider","tag-union-syndicale-solidaires","col-md-4 col-sm-4"],"featured_image_src":"https:\/\/solidaires-etudiant-e-s.org\/site\/wp-content\/uploads\/2016\/03\/AG-etudiante.png","author_info":{"display_name":"Solidaires \u00e9tudiant-e-s","author_link":false},"yoast_head":"<!-- This site is optimized with the Yoast SEO plugin v27.4 - https:\/\/yoast.com\/product\/yoast-seo-wordpress\/ -->\n<title>Pourquoi Solidaires \u00e9tudiant-e-s a refus\u00e9 d&#039;aller \u00e0 Matignon - Solidaires \u00e9tudiant-e-s<\/title>\n<meta name=\"robots\" content=\"index, follow, max-snippet:-1, max-image-preview:large, max-video-preview:-1\" \/>\n<link rel=\"canonical\" href=\"https:\/\/solidaires-etudiant-e-s.org\/site\/2016\/03\/11\/pourquoi-solidaires-etudiant-e-s-a-refuse-daller-a-matignon\/\" \/>\n<meta property=\"og:locale\" content=\"fr_FR\" \/>\n<meta property=\"og:type\" content=\"article\" \/>\n<meta property=\"og:title\" content=\"Pourquoi Solidaires \u00e9tudiant-e-s a refus\u00e9 d&#039;aller \u00e0 Matignon - Solidaires \u00e9tudiant-e-s\" \/>\n<meta property=\"og:description\" content=\"Nous avons refus\u00e9 d&rsquo;aller \u00e0 Matignon, la lutte s&rsquo;autonomise et s&rsquo;intensifie ! [&hellip;]\" \/>\n<meta property=\"og:url\" content=\"https:\/\/solidaires-etudiant-e-s.org\/site\/2016\/03\/11\/pourquoi-solidaires-etudiant-e-s-a-refuse-daller-a-matignon\/\" \/>\n<meta property=\"og:site_name\" content=\"Solidaires \u00e9tudiant-e-s\" \/>\n<meta property=\"article:publisher\" content=\"https:\/\/www.facebook.com\/solidairesetudiantes\" \/>\n<meta property=\"article:author\" content=\"https:\/\/www.facebook.com\/solidairesetudiantes\" \/>\n<meta property=\"article:published_time\" content=\"2016-03-11T22:21:33+00:00\" \/>\n<meta property=\"og:image\" content=\"https:\/\/solidaires-etudiant-e-s.org\/site\/wp-content\/uploads\/2016\/03\/AG-etudiante.png\" \/>\n\t<meta property=\"og:image:width\" content=\"553\" \/>\n\t<meta property=\"og:image:height\" content=\"369\" \/>\n\t<meta property=\"og:image:type\" content=\"image\/png\" \/>\n<meta name=\"author\" content=\"Solidaires \u00e9tudiant-e-s\" \/>\n<meta name=\"twitter:card\" content=\"summary_large_image\" \/>\n<meta name=\"twitter:creator\" content=\"@SolidairesEtu\" \/>\n<meta name=\"twitter:site\" content=\"@SolidairesEtu\" \/>\n<meta name=\"twitter:label1\" content=\"\u00c9crit par\" \/>\n\t<meta name=\"twitter:data1\" content=\"Solidaires \u00e9tudiant-e-s\" \/>\n\t<meta name=\"twitter:label2\" content=\"Dur\u00e9e de lecture estim\u00e9e\" \/>\n\t<meta name=\"twitter:data2\" content=\"1 minute\" \/>\n<script type=\"application\/ld+json\" class=\"yoast-schema-graph\">{\"@context\":\"https:\\\/\\\/schema.org\",\"@graph\":[{\"@type\":\"Article\",\"@id\":\"https:\\\/\\\/solidaires-etudiant-e-s.org\\\/site\\\/2016\\\/03\\\/11\\\/pourquoi-solidaires-etudiant-e-s-a-refuse-daller-a-matignon\\\/#article\",\"isPartOf\":{\"@id\":\"https:\\\/\\\/solidaires-etudiant-e-s.org\\\/site\\\/2016\\\/03\\\/11\\\/pourquoi-solidaires-etudiant-e-s-a-refuse-daller-a-matignon\\\/\"},\"author\":{\"name\":\"Solidaires \u00e9tudiant-e-s\",\"@id\":\"https:\\\/\\\/solidaires-etudiant-e-s.org\\\/site\\\/#\\\/schema\\\/person\\\/0efb3e0ff4e2f12b5a5abcd4352aa86c\"},\"headline\":\"Pourquoi Solidaires \u00e9tudiant-e-s a refus\u00e9 d&#039;aller \u00e0 Matignon\",\"datePublished\":\"2016-03-11T22:21:33+00:00\",\"mainEntityOfPage\":{\"@id\":\"https:\\\/\\\/solidaires-etudiant-e-s.org\\\/site\\\/2016\\\/03\\\/11\\\/pourquoi-solidaires-etudiant-e-s-a-refuse-daller-a-matignon\\\/\"},\"wordCount\":307,\"publisher\":{\"@id\":\"https:\\\/\\\/solidaires-etudiant-e-s.org\\\/site\\\/#organization\"},\"image\":{\"@id\":\"https:\\\/\\\/solidaires-etudiant-e-s.org\\\/site\\\/2016\\\/03\\\/11\\\/pourquoi-solidaires-etudiant-e-s-a-refuse-daller-a-matignon\\\/#primaryimage\"},\"thumbnailUrl\":\"https:\\\/\\\/solidaires-etudiant-e-s.org\\\/site\\\/wp-content\\\/uploads\\\/2016\\\/03\\\/AG-etudiante.png\",\"keywords\":[\"assembl\u00e9e g\u00e9n\u00e9rale\",\"coordination nationale\",\"facs loi travail\",\"gr\u00e8ve loi travail\",\"loi Travail\",\"lutte\",\"Matignon\",\"mobilisation\",\"n\u00e9gociation\",\"refus\",\"slider\",\"union syndicale solidaires\"],\"articleSection\":[\"Uncategorized\"],\"inLanguage\":\"fr-FR\"},{\"@type\":\"WebPage\",\"@id\":\"https:\\\/\\\/solidaires-etudiant-e-s.org\\\/site\\\/2016\\\/03\\\/11\\\/pourquoi-solidaires-etudiant-e-s-a-refuse-daller-a-matignon\\\/\",\"url\":\"https:\\\/\\\/solidaires-etudiant-e-s.org\\\/site\\\/2016\\\/03\\\/11\\\/pourquoi-solidaires-etudiant-e-s-a-refuse-daller-a-matignon\\\/\",\"name\":\"Pourquoi Solidaires \u00e9tudiant-e-s a refus\u00e9 d&#039;aller \u00e0 Matignon - Solidaires \u00e9tudiant-e-s\",\"isPartOf\":{\"@id\":\"https:\\\/\\\/solidaires-etudiant-e-s.org\\\/site\\\/#website\"},\"primaryImageOfPage\":{\"@id\":\"https:\\\/\\\/solidaires-etudiant-e-s.org\\\/site\\\/2016\\\/03\\\/11\\\/pourquoi-solidaires-etudiant-e-s-a-refuse-daller-a-matignon\\\/#primaryimage\"},\"image\":{\"@id\":\"https:\\\/\\\/solidaires-etudiant-e-s.org\\\/site\\\/2016\\\/03\\\/11\\\/pourquoi-solidaires-etudiant-e-s-a-refuse-daller-a-matignon\\\/#primaryimage\"},\"thumbnailUrl\":\"https:\\\/\\\/solidaires-etudiant-e-s.org\\\/site\\\/wp-content\\\/uploads\\\/2016\\\/03\\\/AG-etudiante.png\",\"datePublished\":\"2016-03-11T22:21:33+00:00\",\"breadcrumb\":{\"@id\":\"https:\\\/\\\/solidaires-etudiant-e-s.org\\\/site\\\/2016\\\/03\\\/11\\\/pourquoi-solidaires-etudiant-e-s-a-refuse-daller-a-matignon\\\/#breadcrumb\"},\"inLanguage\":\"fr-FR\",\"potentialAction\":[{\"@type\":\"ReadAction\",\"target\":[\"https:\\\/\\\/solidaires-etudiant-e-s.org\\\/site\\\/2016\\\/03\\\/11\\\/pourquoi-solidaires-etudiant-e-s-a-refuse-daller-a-matignon\\\/\"]}]},{\"@type\":\"ImageObject\",\"inLanguage\":\"fr-FR\",\"@id\":\"https:\\\/\\\/solidaires-etudiant-e-s.org\\\/site\\\/2016\\\/03\\\/11\\\/pourquoi-solidaires-etudiant-e-s-a-refuse-daller-a-matignon\\\/#primaryimage\",\"url\":\"https:\\\/\\\/solidaires-etudiant-e-s.org\\\/site\\\/wp-content\\\/uploads\\\/2016\\\/03\\\/AG-etudiante.png\",\"contentUrl\":\"https:\\\/\\\/solidaires-etudiant-e-s.org\\\/site\\\/wp-content\\\/uploads\\\/2016\\\/03\\\/AG-etudiante.png\",\"width\":553,\"height\":369},{\"@type\":\"BreadcrumbList\",\"@id\":\"https:\\\/\\\/solidaires-etudiant-e-s.org\\\/site\\\/2016\\\/03\\\/11\\\/pourquoi-solidaires-etudiant-e-s-a-refuse-daller-a-matignon\\\/#breadcrumb\",\"itemListElement\":[{\"@type\":\"ListItem\",\"position\":1,\"name\":\"Accueil\",\"item\":\"https:\\\/\\\/solidaires-etudiant-e-s.org\\\/site\\\/\"},{\"@type\":\"ListItem\",\"position\":2,\"name\":\"Pourquoi Solidaires \u00e9tudiant-e-s a refus\u00e9 d&#039;aller \u00e0 Matignon\"}]},{\"@type\":\"WebSite\",\"@id\":\"https:\\\/\\\/solidaires-etudiant-e-s.org\\\/site\\\/#website\",\"url\":\"https:\\\/\\\/solidaires-etudiant-e-s.org\\\/site\\\/\",\"name\":\"Solidaires \u00e9tudiant-e-s\",\"description\":\"Syndicats pour un enseignement sup\u00e9rieur gratuit, ouvert, et \u00e9mancipateur !\",\"publisher\":{\"@id\":\"https:\\\/\\\/solidaires-etudiant-e-s.org\\\/site\\\/#organization\"},\"potentialAction\":[{\"@type\":\"SearchAction\",\"target\":{\"@type\":\"EntryPoint\",\"urlTemplate\":\"https:\\\/\\\/solidaires-etudiant-e-s.org\\\/site\\\/?s={search_term_string}\"},\"query-input\":{\"@type\":\"PropertyValueSpecification\",\"valueRequired\":true,\"valueName\":\"search_term_string\"}}],\"inLanguage\":\"fr-FR\"},{\"@type\":\"Organization\",\"@id\":\"https:\\\/\\\/solidaires-etudiant-e-s.org\\\/site\\\/#organization\",\"name\":\"Solidaires \u00e9tudiant-e-s\",\"url\":\"https:\\\/\\\/solidaires-etudiant-e-s.org\\\/site\\\/\",\"logo\":{\"@type\":\"ImageObject\",\"inLanguage\":\"fr-FR\",\"@id\":\"https:\\\/\\\/solidaires-etudiant-e-s.org\\\/site\\\/#\\\/schema\\\/logo\\\/image\\\/\",\"url\":\"https:\\\/\\\/solidaires-etudiant-e-s.org\\\/site\\\/wp-content\\\/uploads\\\/2025\\\/12\\\/13-1.png\",\"contentUrl\":\"https:\\\/\\\/solidaires-etudiant-e-s.org\\\/site\\\/wp-content\\\/uploads\\\/2025\\\/12\\\/13-1.png\",\"width\":1181,\"height\":827,\"caption\":\"Solidaires \u00e9tudiant-e-s\"},\"image\":{\"@id\":\"https:\\\/\\\/solidaires-etudiant-e-s.org\\\/site\\\/#\\\/schema\\\/logo\\\/image\\\/\"},\"sameAs\":[\"https:\\\/\\\/www.facebook.com\\\/solidairesetudiantes\",\"https:\\\/\\\/x.com\\\/SolidairesEtu\",\"https:\\\/\\\/www.instagram.com\\\/solidairesetu\\\/\",\"https:\\\/\\\/bsky.app\\\/profile\\\/solidaires-etudiant-e-s.org\",\"https:\\\/\\\/mastodon.social\\\/@solidairesetu\",\"https:\\\/\\\/www.youtube.com\\\/channel\\\/UC_iZN9gmVAAnXbBM7wAWOag\"]},{\"@type\":\"Person\",\"@id\":\"https:\\\/\\\/solidaires-etudiant-e-s.org\\\/site\\\/#\\\/schema\\\/person\\\/0efb3e0ff4e2f12b5a5abcd4352aa86c\",\"name\":\"Solidaires \u00e9tudiant-e-s\",\"image\":{\"@type\":\"ImageObject\",\"inLanguage\":\"fr-FR\",\"@id\":\"https:\\\/\\\/solidaires-etudiant-e-s.org\\\/site\\\/wp-content\\\/uploads\\\/2020\\\/01\\\/logo-SESL-rond-512-96x96.png\",\"url\":\"https:\\\/\\\/solidaires-etudiant-e-s.org\\\/site\\\/wp-content\\\/uploads\\\/2020\\\/01\\\/logo-SESL-rond-512-96x96.png\",\"contentUrl\":\"https:\\\/\\\/solidaires-etudiant-e-s.org\\\/site\\\/wp-content\\\/uploads\\\/2020\\\/01\\\/logo-SESL-rond-512-96x96.png\",\"caption\":\"Solidaires \u00e9tudiant-e-s\"},\"sameAs\":[\"https:\\\/\\\/solidaires-etudiant.org\\\/site\",\"https:\\\/\\\/www.facebook.com\\\/solidairesetudiantes\",\"https:\\\/\\\/www.instagram.com\\\/solidairesetu\",\"https:\\\/\\\/x.com\\\/SolidairesEtu\",\"https:\\\/\\\/fr.wikipedia.org\\\/wiki\\\/Solidaires_tudiant-e-s\"]}]}<\/script>\n<!-- \/ Yoast SEO plugin. -->","yoast_head_json":{"title":"Pourquoi Solidaires \u00e9tudiant-e-s a refus\u00e9 d&#039;aller \u00e0 Matignon - Solidaires \u00e9tudiant-e-s","robots":{"index":"index","follow":"follow","max-snippet":"max-snippet:-1","max-image-preview":"max-image-preview:large","max-video-preview":"max-video-preview:-1"},"canonical":"https:\/\/solidaires-etudiant-e-s.org\/site\/2016\/03\/11\/pourquoi-solidaires-etudiant-e-s-a-refuse-daller-a-matignon\/","og_locale":"fr_FR","og_type":"article","og_title":"Pourquoi Solidaires \u00e9tudiant-e-s a refus\u00e9 d&#039;aller \u00e0 Matignon - Solidaires \u00e9tudiant-e-s","og_description":"Nous avons refus\u00e9 d&rsquo;aller \u00e0 Matignon, la lutte s&rsquo;autonomise et s&rsquo;intensifie ! [&hellip;]","og_url":"https:\/\/solidaires-etudiant-e-s.org\/site\/2016\/03\/11\/pourquoi-solidaires-etudiant-e-s-a-refuse-daller-a-matignon\/","og_site_name":"Solidaires \u00e9tudiant-e-s","article_publisher":"https:\/\/www.facebook.com\/solidairesetudiantes","article_author":"https:\/\/www.facebook.com\/solidairesetudiantes","article_published_time":"2016-03-11T22:21:33+00:00","og_image":[{"width":553,"height":369,"url":"https:\/\/solidaires-etudiant-e-s.org\/site\/wp-content\/uploads\/2016\/03\/AG-etudiante.png","type":"image\/png"}],"author":"Solidaires \u00e9tudiant-e-s","twitter_card":"summary_large_image","twitter_creator":"@SolidairesEtu","twitter_site":"@SolidairesEtu","twitter_misc":{"\u00c9crit par":"Solidaires \u00e9tudiant-e-s","Dur\u00e9e de lecture estim\u00e9e":"1 minute"},"schema":{"@context":"https:\/\/schema.org","@graph":[{"@type":"Article","@id":"https:\/\/solidaires-etudiant-e-s.org\/site\/2016\/03\/11\/pourquoi-solidaires-etudiant-e-s-a-refuse-daller-a-matignon\/#article","isPartOf":{"@id":"https:\/\/solidaires-etudiant-e-s.org\/site\/2016\/03\/11\/pourquoi-solidaires-etudiant-e-s-a-refuse-daller-a-matignon\/"},"author":{"name":"Solidaires \u00e9tudiant-e-s","@id":"https:\/\/solidaires-etudiant-e-s.org\/site\/#\/schema\/person\/0efb3e0ff4e2f12b5a5abcd4352aa86c"},"headline":"Pourquoi Solidaires \u00e9tudiant-e-s a refus\u00e9 d&#039;aller \u00e0 Matignon","datePublished":"2016-03-11T22:21:33+00:00","mainEntityOfPage":{"@id":"https:\/\/solidaires-etudiant-e-s.org\/site\/2016\/03\/11\/pourquoi-solidaires-etudiant-e-s-a-refuse-daller-a-matignon\/"},"wordCount":307,"publisher":{"@id":"https:\/\/solidaires-etudiant-e-s.org\/site\/#organization"},"image":{"@id":"https:\/\/solidaires-etudiant-e-s.org\/site\/2016\/03\/11\/pourquoi-solidaires-etudiant-e-s-a-refuse-daller-a-matignon\/#primaryimage"},"thumbnailUrl":"https:\/\/solidaires-etudiant-e-s.org\/site\/wp-content\/uploads\/2016\/03\/AG-etudiante.png","keywords":["assembl\u00e9e g\u00e9n\u00e9rale","coordination nationale","facs loi travail","gr\u00e8ve loi travail","loi Travail","lutte","Matignon","mobilisation","n\u00e9gociation","refus","slider","union syndicale solidaires"],"articleSection":["Uncategorized"],"inLanguage":"fr-FR"},{"@type":"WebPage","@id":"https:\/\/solidaires-etudiant-e-s.org\/site\/2016\/03\/11\/pourquoi-solidaires-etudiant-e-s-a-refuse-daller-a-matignon\/","url":"https:\/\/solidaires-etudiant-e-s.org\/site\/2016\/03\/11\/pourquoi-solidaires-etudiant-e-s-a-refuse-daller-a-matignon\/","name":"Pourquoi Solidaires \u00e9tudiant-e-s a refus\u00e9 d&#039;aller \u00e0 Matignon - Solidaires \u00e9tudiant-e-s","isPartOf":{"@id":"https:\/\/solidaires-etudiant-e-s.org\/site\/#website"},"primaryImageOfPage":{"@id":"https:\/\/solidaires-etudiant-e-s.org\/site\/2016\/03\/11\/pourquoi-solidaires-etudiant-e-s-a-refuse-daller-a-matignon\/#primaryimage"},"image":{"@id":"https:\/\/solidaires-etudiant-e-s.org\/site\/2016\/03\/11\/pourquoi-solidaires-etudiant-e-s-a-refuse-daller-a-matignon\/#primaryimage"},"thumbnailUrl":"https:\/\/solidaires-etudiant-e-s.org\/site\/wp-content\/uploads\/2016\/03\/AG-etudiante.png","datePublished":"2016-03-11T22:21:33+00:00","breadcrumb":{"@id":"https:\/\/solidaires-etudiant-e-s.org\/site\/2016\/03\/11\/pourquoi-solidaires-etudiant-e-s-a-refuse-daller-a-matignon\/#breadcrumb"},"inLanguage":"fr-FR","potentialAction":[{"@type":"ReadAction","target":["https:\/\/solidaires-etudiant-e-s.org\/site\/2016\/03\/11\/pourquoi-solidaires-etudiant-e-s-a-refuse-daller-a-matignon\/"]}]},{"@type":"ImageObject","inLanguage":"fr-FR","@id":"https:\/\/solidaires-etudiant-e-s.org\/site\/2016\/03\/11\/pourquoi-solidaires-etudiant-e-s-a-refuse-daller-a-matignon\/#primaryimage","url":"https:\/\/solidaires-etudiant-e-s.org\/site\/wp-content\/uploads\/2016\/03\/AG-etudiante.png","contentUrl":"https:\/\/solidaires-etudiant-e-s.org\/site\/wp-content\/uploads\/2016\/03\/AG-etudiante.png","width":553,"height":369},{"@type":"BreadcrumbList","@id":"https:\/\/solidaires-etudiant-e-s.org\/site\/2016\/03\/11\/pourquoi-solidaires-etudiant-e-s-a-refuse-daller-a-matignon\/#breadcrumb","itemListElement":[{"@type":"ListItem","position":1,"name":"Accueil","item":"https:\/\/solidaires-etudiant-e-s.org\/site\/"},{"@type":"ListItem","position":2,"name":"Pourquoi Solidaires \u00e9tudiant-e-s a refus\u00e9 d&#039;aller \u00e0 Matignon"}]},{"@type":"WebSite","@id":"https:\/\/solidaires-etudiant-e-s.org\/site\/#website","url":"https:\/\/solidaires-etudiant-e-s.org\/site\/","name":"Solidaires \u00e9tudiant-e-s","description":"Syndicats pour un enseignement sup\u00e9rieur gratuit, ouvert, et \u00e9mancipateur !","publisher":{"@id":"https:\/\/solidaires-etudiant-e-s.org\/site\/#organization"},"potentialAction":[{"@type":"SearchAction","target":{"@type":"EntryPoint","urlTemplate":"https:\/\/solidaires-etudiant-e-s.org\/site\/?s={search_term_string}"},"query-input":{"@type":"PropertyValueSpecification","valueRequired":true,"valueName":"search_term_string"}}],"inLanguage":"fr-FR"},{"@type":"Organization","@id":"https:\/\/solidaires-etudiant-e-s.org\/site\/#organization","name":"Solidaires \u00e9tudiant-e-s","url":"https:\/\/solidaires-etudiant-e-s.org\/site\/","logo":{"@type":"ImageObject","inLanguage":"fr-FR","@id":"https:\/\/solidaires-etudiant-e-s.org\/site\/#\/schema\/logo\/image\/","url":"https:\/\/solidaires-etudiant-e-s.org\/site\/wp-content\/uploads\/2025\/12\/13-1.png","contentUrl":"https:\/\/solidaires-etudiant-e-s.org\/site\/wp-content\/uploads\/2025\/12\/13-1.png","width":1181,"height":827,"caption":"Solidaires \u00e9tudiant-e-s"},"image":{"@id":"https:\/\/solidaires-etudiant-e-s.org\/site\/#\/schema\/logo\/image\/"},"sameAs":["https:\/\/www.facebook.com\/solidairesetudiantes","https:\/\/x.com\/SolidairesEtu","https:\/\/www.instagram.com\/solidairesetu\/","https:\/\/bsky.app\/profile\/solidaires-etudiant-e-s.org","https:\/\/mastodon.social\/@solidairesetu","https:\/\/www.youtube.com\/channel\/UC_iZN9gmVAAnXbBM7wAWOag"]},{"@type":"Person","@id":"https:\/\/solidaires-etudiant-e-s.org\/site\/#\/schema\/person\/0efb3e0ff4e2f12b5a5abcd4352aa86c","name":"Solidaires \u00e9tudiant-e-s","image":{"@type":"ImageObject","inLanguage":"fr-FR","@id":"https:\/\/solidaires-etudiant-e-s.org\/site\/wp-content\/uploads\/2020\/01\/logo-SESL-rond-512-96x96.png","url":"https:\/\/solidaires-etudiant-e-s.org\/site\/wp-content\/uploads\/2020\/01\/logo-SESL-rond-512-96x96.png","contentUrl":"https:\/\/solidaires-etudiant-e-s.org\/site\/wp-content\/uploads\/2020\/01\/logo-SESL-rond-512-96x96.png","caption":"Solidaires \u00e9tudiant-e-s"},"sameAs":["https:\/\/solidaires-etudiant.org\/site","https:\/\/www.facebook.com\/solidairesetudiantes","https:\/\/www.instagram.com\/solidairesetu","https:\/\/x.com\/SolidairesEtu","https:\/\/fr.wikipedia.org\/wiki\/Solidaires_tudiant-e-s"]}]}},"_links":{"self":[{"href":"https:\/\/solidaires-etudiant-e-s.org\/site\/wp-json\/wp\/v2\/posts\/2980","targetHints":{"allow":["GET"]}}],"collection":[{"href":"https:\/\/solidaires-etudiant-e-s.org\/site\/wp-json\/wp\/v2\/posts"}],"about":[{"href":"https:\/\/solidaires-etudiant-e-s.org\/site\/wp-json\/wp\/v2\/types\/post"}],"author":[{"embeddable":true,"href":"https:\/\/solidaires-etudiant-e-s.org\/site\/wp-json\/wp\/v2\/users\/1"}],"replies":[{"embeddable":true,"href":"https:\/\/solidaires-etudiant-e-s.org\/site\/wp-json\/wp\/v2\/comments?post=2980"}],"version-history":[{"count":0,"href":"https:\/\/solidaires-etudiant-e-s.org\/site\/wp-json\/wp\/v2\/posts\/2980\/revisions"}],"wp:featuredmedia":[{"embeddable":true,"href":"https:\/\/solidaires-etudiant-e-s.org\/site\/wp-json\/wp\/v2\/media\/2982"}],"wp:attachment":[{"href":"https:\/\/solidaires-etudiant-e-s.org\/site\/wp-json\/wp\/v2\/media?parent=2980"}],"wp:term":[{"taxonomy":"category","embeddable":true,"href":"https:\/\/solidaires-etudiant-e-s.org\/site\/wp-json\/wp\/v2\/categories?post=2980"},{"taxonomy":"post_tag","embeddable":true,"href":"https:\/\/solidaires-etudiant-e-s.org\/site\/wp-json\/wp\/v2\/tags?post=2980"}],"curies":[{"name":"wp","href":"https:\/\/api.w.org\/{rel}","templated":true}]}}