{"id":2965,"date":"2016-03-09T00:46:57","date_gmt":"2016-03-08T23:46:57","guid":{"rendered":"http:\/\/www.solidaires-etudiant.org\/?p=2965"},"modified":"2016-03-09T00:46:57","modified_gmt":"2016-03-08T23:46:57","slug":"journee-du-8-mars-compte-rendu-de-la-mobilisation","status":"publish","type":"post","link":"https:\/\/solidaires-etudiant-e-s.org\/site\/2016\/03\/09\/journee-du-8-mars-compte-rendu-de-la-mobilisation\/","title":{"rendered":"Journ\u00e9e du 8 mars &#8211; Compte rendu de la mobilisation"},"content":{"rendered":"<p align=\"justify\"><b>Pr\u00e8s de 3000 personnes en assembl\u00e9e g\u00e9n\u00e9rale aujourd&rsquo;hui, deux fois plus qu&rsquo;hier !<br \/>\nDemain c&rsquo;est le grand jour de mobilisation, plus de 30 assembl\u00e9es g\u00e9n\u00e9rales de pr\u00e9vues et des rassemblements ou manifestations dans toutes les villes universitaires.<br \/>\nUn petit retour sur chacun des rendez-vous du jour :<\/b><\/p>\n<p>&nbsp;<\/p>\n<h4 align=\"justify\"><b>Paris 8 &#8211; St Denis : <\/b><\/h4>\n<p align=\"justify\">L&rsquo;Assembl\u00e9e G\u00e9n\u00e9rale fut une franche r\u00e9ussite et a r\u00e9unit un peu moins de 700 \u00e9tudiant-e-s, profs et personnels, chiffre qui n&rsquo;avait jamais \u00e9tait obtenu lors d&rsquo;une premi\u00e8re assembl\u00e9e g\u00e9n\u00e9rale de m\u00e9moire de militant-e-s !<\/p>\n<p align=\"justify\">L&rsquo;Assembl\u00e9e G\u00e9n\u00e9rale a donc vot\u00e9 pour :<br \/>\n&#8211; La gr\u00e8ve reconductible jusqu&rsquo;\u00e0 la prochaine AG qui aura lieu le 10 mars.<br \/>\n&#8211; La mise en place d&rsquo;un barrage filtrant jusqu&rsquo;\u00e0 la prochaine AG.<br \/>\n&#8211; La cr\u00e9ation d&rsquo;un comit\u00e9 de mobilisation.<br \/>\n&#8211; La cr\u00e9ation d&rsquo;un cort\u00e8ge Paris 8 pour la manif du 9 mars.<\/p>\n<h4 align=\"justify\"><b>Rennes : <\/b><\/h4>\n<p align=\"justify\"><b>Rennes 2 \u00a0:<\/b><br \/>\nBonne AG ! 500 personnes, l&rsquo;amphi de 300 places d\u00e9bordait &#8230; Des dizaines d&rsquo;\u00e9tudiant-e-s n&rsquo;ont pas pu entrer. Il a \u00e9t\u00e9 d\u00e9cid\u00e9 de demander le retrait de la loi sans n\u00e9gociation, d&rsquo;appeler \u00e0 la mobilisation les 17, 22 et 31. Un barrage filtrant va \u00eatre organis\u00e9 mercredi matin, avec piquet de gr\u00e8ve permanent dans le Hall B. Un comit\u00e9 de mobilisation a \u00e9t\u00e9 mis sur pied. D\u00e9part de la fac \u00e0 11h pour rejoindre la manif \u00e0 12h, avec un un cort\u00e8ge \u00e9tudiant, place du parlement de Bretagne. Prochaine AG mercredi apr\u00e8s-midi &#8211; pas exclusivement \u00e9tudiante &#8211; puis une nouvelle AG \u00e9tudiante le jeudi dans le Hall du Batiment L !<\/p>\n<p align=\"justify\"><b>IEP Rennes :<\/b><br \/>\n160 personnes en AG, soit un quart de l&rsquo;\u00e9cole, d\u00e9cident de se joindre \u00e0 la manif , et une occupation de l&rsquo;\u00e9cole sans blocage.<\/p>\n<h4 align=\"justify\"><b>Bordeaux (Victoire, Talence, Pessac, Montaigne) : <\/b><\/h4>\n<p align=\"justify\">Cinq AGs \u00e0 Bordeaux mardi, qui rassemblent six cent personnes ! Les \u00e9tudiant-e-s revendiquent le retrait du projet de loi sans concession et appellent \u00e0 la mobilisation le 9 mars et une AG \u00e9tudiante le 10 et le 17 mars.<br \/>\nL&rsquo;AG de Bordeaux 3 rappelle son opposition aux lois liberticides, et souhaite int\u00e9grer les luttes des femmes, premi\u00e8res fragilis\u00e9es, et celle des cheminots. Elle revendique aussi un revenu universel pour tou.te.s !<br \/>\nA Bordeaux 4 (Victoire), occupation permanente d&rsquo;un amphi !<\/p>\n<h4 align=\"justify\"><b>Lille : <\/b><\/h4>\n<p align=\"justify\">AG \u00e0 200 personnes \u00e0 Lille1 ce mardi. Ont \u00e9t\u00e9 vot\u00e9s : barrages filtrants pour mercredi, nouvelle AG le jeudi 10, o\u00f9 sera examin\u00e9e cette fois la question du blocage.<br \/>\nSur Lille1 et Lille3, la journ\u00e9e du 9 est banalis\u00e9e (pas d&rsquo;absence comptabilis\u00e9e) Rassemblements sur les deux campus pour partir en manif le midi !<br \/>\nMatin\u00e9e d&rsquo;actions \u00e0 l&rsquo;IEP : Autodaf\u00e9 du code du travail avec l&rsquo;Eglise de La tr\u00e8s sainte consommation. D\u00e9part en manif.<br \/>\nDemain midi : AG \u00e0 Lille2 et \u00e0 Lille3<\/p>\n<h4 align=\"justify\"><b>Lyon 2 &#8211; Bron : <\/b><\/h4>\n<p align=\"justify\">150 personnes en AG ! Des revendications contre la loi Travail, contre l&rsquo;Etat d&rsquo;urgence, et pour le droit des \u00e9tudiant.e.s \u00e9tranger-e-s \u00e0 s&rsquo;inscrire \u00e0 la fac ont \u00e9t\u00e9 vot\u00e9es (depuis plusieurs mois, des \u00e9tudiant-e-s \u00e9tranger-e-s de Lyon 2 luttent pour leur r\u00e9gularisation et inscription). Un barrage filtrant sera install\u00e9 sur les deux campus de Lyon 2 mercredi matin.<\/p>\n<h4 align=\"justify\"><b>Avignon : <\/b><\/h4>\n<p align=\"justify\">100 \u00e9tudiant-e-s en AG \u00e0 la cit\u00e9 des Papes ! Et on vous jure c&rsquo;est pas du th\u00e9\u00e2tre !<br \/>\nManifestation Place de l&rsquo;Horloge, Avignon \u00e0 12h<\/p>\n<h4 align=\"justify\"><b>Le Mans : <\/b><\/h4>\n<p align=\"justify\">AG qui a r\u00e9uni environ 50 personnes \u00e0 12h30 dans un amphi de la fac de lettres, dont une dizaine de profs. A noter, la pr\u00e9sence d&rsquo;une d\u00e9l\u00e9gation d&rsquo;\u00e9tudiant-e-s infirmi\u00e8r-e-s qui a insist\u00e9 sur les cons\u00e9quences concr\u00e8tes de la loi. Ils et elles d\u00e9cident de se rendre \u00e0 la manifestation du lendemain (10h30 devant la pr\u00e9fecture) et de suivre les autres dates de mobilisation.<\/p>\n<h4 align=\"justify\"><b>Montpellier fac de sciences : <\/b><\/h4>\n<p align=\"justify\">R\u00e9union d&rsquo;information sur la loi Travail avec cinquante personnes.<\/p>\n<h4 align=\"justify\"><b>Clermont-Ferrand : <\/b><\/h4>\n<p align=\"justify\">100 personnes en Assembl\u00e9e G\u00e9n\u00e9rale ! On attend encore plus de personnes en manif demain, et on continuera \u00e0 s&rsquo;organiser apr\u00e8s !<\/p>\n<h4 align=\"justify\"><b>Dijon : <\/b><\/h4>\n<p align=\"justify\">50 personnes en assembl\u00e9e g\u00e9n\u00e9rale ! Nouvelle assembl\u00e9e g\u00e9n\u00e9rale demain apr\u00e8s la manif, la sauce prend !<\/p>\n<h4 align=\"justify\"><b>ScPo Paris : <\/b><\/h4>\n<p align=\"justify\">75 personnes \u00e0 l&rsquo;AG de la rue Saint-Guillaume. L&rsquo;AG reprend l&rsquo;appel du Mirail et d\u00e9cide de faire des prises de parole en amphi.<br \/>\nIl y aura une assembl\u00e9e g\u00e9n\u00e9rale chaque semaine jusqu&rsquo;au retrait de la loi.<\/p>\n<h4 align=\"justify\"><b>F\u00e9mis &#8211; Paris : <\/b><\/h4>\n<p align=\"justify\">Lundi, \u00e7a bougeait m\u00eame chez les cin\u00e9astes de la F\u00e9mis qui regroupent plus de 10% de l&rsquo;\u00e9cole en AG et esp\u00e8rent bien en amener plus en manif le 9 mars.<\/p>\n<p align=\"justify\">Pour tous les rendez-vous, retrouvez notre premier <a href=\"http:\/\/www.solidaires-etudiant.org\/blog\/2016\/03\/06\/facs-en-luttes-bulletin-de-greve-1\/\">Fac en luttes !<\/a><\/p>\n","protected":false},"excerpt":{"rendered":"<p>Pr\u00e8s de 3000 personnes en assembl\u00e9e g\u00e9n\u00e9rale aujourd&rsquo;hui, deux fois plus qu&rsquo;hier [&hellip;]<\/p>\n","protected":false},"author":1,"featured_media":2971,"comment_status":"closed","ping_status":"closed","sticky":false,"template":"","format":"standard","meta":{"cybocfi_hide_featured_image":"","footnotes":""},"categories":[1],"tags":[86,159,161,180,215,216,221,451,583,592,702,725,795,966,1007,1049],"class_list":["post-2965","post","type-post","status-publish","format-standard","has-post-thumbnail","hentry","category-uncategorized","tag-9-mars","tag-assemblee","tag-assemblee-generale","tag-autogestion","tag-blocage","tag-blocages","tag-bordeaux","tag-el-khomri","tag-greve","tag-greves","tag-lille","tag-loi-travail","tag-mobilisation","tag-rennes","tag-saint-denis","tag-slider","col-md-4 col-sm-4"],"featured_image_src":"https:\/\/solidaires-etudiant-e-s.org\/site\/wp-content\/uploads\/2016\/03\/Capture-du-2016-03-09-005315.png","author_info":{"display_name":"Solidaires \u00e9tudiant-e-s","author_link":false},"yoast_head":"<!-- This site is optimized with the Yoast SEO plugin v27.4 - https:\/\/yoast.com\/product\/yoast-seo-wordpress\/ -->\n<title>Journ\u00e9e du 8 mars - Compte rendu de la mobilisation - Solidaires \u00e9tudiant-e-s<\/title>\n<meta name=\"robots\" content=\"index, follow, max-snippet:-1, max-image-preview:large, max-video-preview:-1\" \/>\n<link rel=\"canonical\" href=\"https:\/\/solidaires-etudiant-e-s.org\/site\/2016\/03\/09\/journee-du-8-mars-compte-rendu-de-la-mobilisation\/\" \/>\n<meta property=\"og:locale\" content=\"fr_FR\" \/>\n<meta property=\"og:type\" content=\"article\" \/>\n<meta property=\"og:title\" content=\"Journ\u00e9e du 8 mars - Compte rendu de la mobilisation - Solidaires \u00e9tudiant-e-s\" \/>\n<meta property=\"og:description\" content=\"Pr\u00e8s de 3000 personnes en assembl\u00e9e g\u00e9n\u00e9rale aujourd&rsquo;hui, deux fois plus qu&rsquo;hier [&hellip;]\" \/>\n<meta property=\"og:url\" content=\"https:\/\/solidaires-etudiant-e-s.org\/site\/2016\/03\/09\/journee-du-8-mars-compte-rendu-de-la-mobilisation\/\" \/>\n<meta property=\"og:site_name\" content=\"Solidaires \u00e9tudiant-e-s\" \/>\n<meta property=\"article:publisher\" content=\"https:\/\/www.facebook.com\/solidairesetudiantes\" \/>\n<meta property=\"article:author\" content=\"https:\/\/www.facebook.com\/solidairesetudiantes\" \/>\n<meta property=\"article:published_time\" content=\"2016-03-08T23:46:57+00:00\" \/>\n<meta property=\"og:image\" content=\"https:\/\/solidaires-etudiant-e-s.org\/site\/wp-content\/uploads\/2016\/03\/Capture-du-2016-03-09-005315.png\" \/>\n\t<meta property=\"og:image:width\" content=\"712\" \/>\n\t<meta property=\"og:image:height\" content=\"397\" \/>\n\t<meta property=\"og:image:type\" content=\"image\/png\" \/>\n<meta name=\"author\" content=\"Solidaires \u00e9tudiant-e-s\" \/>\n<meta name=\"twitter:card\" content=\"summary_large_image\" \/>\n<meta name=\"twitter:creator\" content=\"@SolidairesEtu\" \/>\n<meta name=\"twitter:site\" content=\"@SolidairesEtu\" \/>\n<meta name=\"twitter:label1\" content=\"\u00c9crit par\" \/>\n\t<meta name=\"twitter:data1\" content=\"Solidaires \u00e9tudiant-e-s\" \/>\n\t<meta name=\"twitter:label2\" content=\"Dur\u00e9e de lecture estim\u00e9e\" \/>\n\t<meta name=\"twitter:data2\" content=\"4 minutes\" \/>\n<script type=\"application\/ld+json\" class=\"yoast-schema-graph\">{\"@context\":\"https:\\\/\\\/schema.org\",\"@graph\":[{\"@type\":\"Article\",\"@id\":\"https:\\\/\\\/solidaires-etudiant-e-s.org\\\/site\\\/2016\\\/03\\\/09\\\/journee-du-8-mars-compte-rendu-de-la-mobilisation\\\/#article\",\"isPartOf\":{\"@id\":\"https:\\\/\\\/solidaires-etudiant-e-s.org\\\/site\\\/2016\\\/03\\\/09\\\/journee-du-8-mars-compte-rendu-de-la-mobilisation\\\/\"},\"author\":{\"name\":\"Solidaires \u00e9tudiant-e-s\",\"@id\":\"https:\\\/\\\/solidaires-etudiant-e-s.org\\\/site\\\/#\\\/schema\\\/person\\\/0efb3e0ff4e2f12b5a5abcd4352aa86c\"},\"headline\":\"Journ\u00e9e du 8 mars &#8211; Compte rendu de la mobilisation\",\"datePublished\":\"2016-03-08T23:46:57+00:00\",\"mainEntityOfPage\":{\"@id\":\"https:\\\/\\\/solidaires-etudiant-e-s.org\\\/site\\\/2016\\\/03\\\/09\\\/journee-du-8-mars-compte-rendu-de-la-mobilisation\\\/\"},\"wordCount\":794,\"publisher\":{\"@id\":\"https:\\\/\\\/solidaires-etudiant-e-s.org\\\/site\\\/#organization\"},\"image\":{\"@id\":\"https:\\\/\\\/solidaires-etudiant-e-s.org\\\/site\\\/2016\\\/03\\\/09\\\/journee-du-8-mars-compte-rendu-de-la-mobilisation\\\/#primaryimage\"},\"thumbnailUrl\":\"https:\\\/\\\/solidaires-etudiant-e-s.org\\\/site\\\/wp-content\\\/uploads\\\/2016\\\/03\\\/Capture-du-2016-03-09-005315.png\",\"keywords\":[\"9 mars\",\"assembl\u00e9e\",\"assembl\u00e9e g\u00e9n\u00e9rale\",\"autogestion\",\"blocage\",\"blocages\",\"Bordeaux\",\"El-khomri\",\"gr\u00e8ve\",\"gr\u00e8ves\",\"lille\",\"loi Travail\",\"mobilisation\",\"rennes\",\"saint denis\",\"slider\"],\"articleSection\":[\"Uncategorized\"],\"inLanguage\":\"fr-FR\"},{\"@type\":\"WebPage\",\"@id\":\"https:\\\/\\\/solidaires-etudiant-e-s.org\\\/site\\\/2016\\\/03\\\/09\\\/journee-du-8-mars-compte-rendu-de-la-mobilisation\\\/\",\"url\":\"https:\\\/\\\/solidaires-etudiant-e-s.org\\\/site\\\/2016\\\/03\\\/09\\\/journee-du-8-mars-compte-rendu-de-la-mobilisation\\\/\",\"name\":\"Journ\u00e9e du 8 mars - Compte rendu de la mobilisation - Solidaires \u00e9tudiant-e-s\",\"isPartOf\":{\"@id\":\"https:\\\/\\\/solidaires-etudiant-e-s.org\\\/site\\\/#website\"},\"primaryImageOfPage\":{\"@id\":\"https:\\\/\\\/solidaires-etudiant-e-s.org\\\/site\\\/2016\\\/03\\\/09\\\/journee-du-8-mars-compte-rendu-de-la-mobilisation\\\/#primaryimage\"},\"image\":{\"@id\":\"https:\\\/\\\/solidaires-etudiant-e-s.org\\\/site\\\/2016\\\/03\\\/09\\\/journee-du-8-mars-compte-rendu-de-la-mobilisation\\\/#primaryimage\"},\"thumbnailUrl\":\"https:\\\/\\\/solidaires-etudiant-e-s.org\\\/site\\\/wp-content\\\/uploads\\\/2016\\\/03\\\/Capture-du-2016-03-09-005315.png\",\"datePublished\":\"2016-03-08T23:46:57+00:00\",\"breadcrumb\":{\"@id\":\"https:\\\/\\\/solidaires-etudiant-e-s.org\\\/site\\\/2016\\\/03\\\/09\\\/journee-du-8-mars-compte-rendu-de-la-mobilisation\\\/#breadcrumb\"},\"inLanguage\":\"fr-FR\",\"potentialAction\":[{\"@type\":\"ReadAction\",\"target\":[\"https:\\\/\\\/solidaires-etudiant-e-s.org\\\/site\\\/2016\\\/03\\\/09\\\/journee-du-8-mars-compte-rendu-de-la-mobilisation\\\/\"]}]},{\"@type\":\"ImageObject\",\"inLanguage\":\"fr-FR\",\"@id\":\"https:\\\/\\\/solidaires-etudiant-e-s.org\\\/site\\\/2016\\\/03\\\/09\\\/journee-du-8-mars-compte-rendu-de-la-mobilisation\\\/#primaryimage\",\"url\":\"https:\\\/\\\/solidaires-etudiant-e-s.org\\\/site\\\/wp-content\\\/uploads\\\/2016\\\/03\\\/Capture-du-2016-03-09-005315.png\",\"contentUrl\":\"https:\\\/\\\/solidaires-etudiant-e-s.org\\\/site\\\/wp-content\\\/uploads\\\/2016\\\/03\\\/Capture-du-2016-03-09-005315.png\",\"width\":712,\"height\":397},{\"@type\":\"BreadcrumbList\",\"@id\":\"https:\\\/\\\/solidaires-etudiant-e-s.org\\\/site\\\/2016\\\/03\\\/09\\\/journee-du-8-mars-compte-rendu-de-la-mobilisation\\\/#breadcrumb\",\"itemListElement\":[{\"@type\":\"ListItem\",\"position\":1,\"name\":\"Accueil\",\"item\":\"https:\\\/\\\/solidaires-etudiant-e-s.org\\\/site\\\/\"},{\"@type\":\"ListItem\",\"position\":2,\"name\":\"Journ\u00e9e du 8 mars &#8211; Compte rendu de la mobilisation\"}]},{\"@type\":\"WebSite\",\"@id\":\"https:\\\/\\\/solidaires-etudiant-e-s.org\\\/site\\\/#website\",\"url\":\"https:\\\/\\\/solidaires-etudiant-e-s.org\\\/site\\\/\",\"name\":\"Solidaires \u00e9tudiant-e-s\",\"description\":\"Syndicats pour un enseignement sup\u00e9rieur gratuit, ouvert, et \u00e9mancipateur !\",\"publisher\":{\"@id\":\"https:\\\/\\\/solidaires-etudiant-e-s.org\\\/site\\\/#organization\"},\"potentialAction\":[{\"@type\":\"SearchAction\",\"target\":{\"@type\":\"EntryPoint\",\"urlTemplate\":\"https:\\\/\\\/solidaires-etudiant-e-s.org\\\/site\\\/?s={search_term_string}\"},\"query-input\":{\"@type\":\"PropertyValueSpecification\",\"valueRequired\":true,\"valueName\":\"search_term_string\"}}],\"inLanguage\":\"fr-FR\"},{\"@type\":\"Organization\",\"@id\":\"https:\\\/\\\/solidaires-etudiant-e-s.org\\\/site\\\/#organization\",\"name\":\"Solidaires \u00e9tudiant-e-s\",\"url\":\"https:\\\/\\\/solidaires-etudiant-e-s.org\\\/site\\\/\",\"logo\":{\"@type\":\"ImageObject\",\"inLanguage\":\"fr-FR\",\"@id\":\"https:\\\/\\\/solidaires-etudiant-e-s.org\\\/site\\\/#\\\/schema\\\/logo\\\/image\\\/\",\"url\":\"https:\\\/\\\/solidaires-etudiant-e-s.org\\\/site\\\/wp-content\\\/uploads\\\/2025\\\/12\\\/13-1.png\",\"contentUrl\":\"https:\\\/\\\/solidaires-etudiant-e-s.org\\\/site\\\/wp-content\\\/uploads\\\/2025\\\/12\\\/13-1.png\",\"width\":1181,\"height\":827,\"caption\":\"Solidaires \u00e9tudiant-e-s\"},\"image\":{\"@id\":\"https:\\\/\\\/solidaires-etudiant-e-s.org\\\/site\\\/#\\\/schema\\\/logo\\\/image\\\/\"},\"sameAs\":[\"https:\\\/\\\/www.facebook.com\\\/solidairesetudiantes\",\"https:\\\/\\\/x.com\\\/SolidairesEtu\",\"https:\\\/\\\/www.instagram.com\\\/solidairesetu\\\/\",\"https:\\\/\\\/bsky.app\\\/profile\\\/solidaires-etudiant-e-s.org\",\"https:\\\/\\\/mastodon.social\\\/@solidairesetu\",\"https:\\\/\\\/www.youtube.com\\\/channel\\\/UC_iZN9gmVAAnXbBM7wAWOag\"]},{\"@type\":\"Person\",\"@id\":\"https:\\\/\\\/solidaires-etudiant-e-s.org\\\/site\\\/#\\\/schema\\\/person\\\/0efb3e0ff4e2f12b5a5abcd4352aa86c\",\"name\":\"Solidaires \u00e9tudiant-e-s\",\"image\":{\"@type\":\"ImageObject\",\"inLanguage\":\"fr-FR\",\"@id\":\"https:\\\/\\\/solidaires-etudiant-e-s.org\\\/site\\\/wp-content\\\/uploads\\\/2020\\\/01\\\/logo-SESL-rond-512-96x96.png\",\"url\":\"https:\\\/\\\/solidaires-etudiant-e-s.org\\\/site\\\/wp-content\\\/uploads\\\/2020\\\/01\\\/logo-SESL-rond-512-96x96.png\",\"contentUrl\":\"https:\\\/\\\/solidaires-etudiant-e-s.org\\\/site\\\/wp-content\\\/uploads\\\/2020\\\/01\\\/logo-SESL-rond-512-96x96.png\",\"caption\":\"Solidaires \u00e9tudiant-e-s\"},\"sameAs\":[\"https:\\\/\\\/solidaires-etudiant.org\\\/site\",\"https:\\\/\\\/www.facebook.com\\\/solidairesetudiantes\",\"https:\\\/\\\/www.instagram.com\\\/solidairesetu\",\"https:\\\/\\\/x.com\\\/SolidairesEtu\",\"https:\\\/\\\/fr.wikipedia.org\\\/wiki\\\/Solidaires_tudiant-e-s\"]}]}<\/script>\n<!-- \/ Yoast SEO plugin. -->","yoast_head_json":{"title":"Journ\u00e9e du 8 mars - Compte rendu de la mobilisation - Solidaires \u00e9tudiant-e-s","robots":{"index":"index","follow":"follow","max-snippet":"max-snippet:-1","max-image-preview":"max-image-preview:large","max-video-preview":"max-video-preview:-1"},"canonical":"https:\/\/solidaires-etudiant-e-s.org\/site\/2016\/03\/09\/journee-du-8-mars-compte-rendu-de-la-mobilisation\/","og_locale":"fr_FR","og_type":"article","og_title":"Journ\u00e9e du 8 mars - Compte rendu de la mobilisation - Solidaires \u00e9tudiant-e-s","og_description":"Pr\u00e8s de 3000 personnes en assembl\u00e9e g\u00e9n\u00e9rale aujourd&rsquo;hui, deux fois plus qu&rsquo;hier [&hellip;]","og_url":"https:\/\/solidaires-etudiant-e-s.org\/site\/2016\/03\/09\/journee-du-8-mars-compte-rendu-de-la-mobilisation\/","og_site_name":"Solidaires \u00e9tudiant-e-s","article_publisher":"https:\/\/www.facebook.com\/solidairesetudiantes","article_author":"https:\/\/www.facebook.com\/solidairesetudiantes","article_published_time":"2016-03-08T23:46:57+00:00","og_image":[{"width":712,"height":397,"url":"https:\/\/solidaires-etudiant-e-s.org\/site\/wp-content\/uploads\/2016\/03\/Capture-du-2016-03-09-005315.png","type":"image\/png"}],"author":"Solidaires \u00e9tudiant-e-s","twitter_card":"summary_large_image","twitter_creator":"@SolidairesEtu","twitter_site":"@SolidairesEtu","twitter_misc":{"\u00c9crit par":"Solidaires \u00e9tudiant-e-s","Dur\u00e9e de lecture estim\u00e9e":"4 minutes"},"schema":{"@context":"https:\/\/schema.org","@graph":[{"@type":"Article","@id":"https:\/\/solidaires-etudiant-e-s.org\/site\/2016\/03\/09\/journee-du-8-mars-compte-rendu-de-la-mobilisation\/#article","isPartOf":{"@id":"https:\/\/solidaires-etudiant-e-s.org\/site\/2016\/03\/09\/journee-du-8-mars-compte-rendu-de-la-mobilisation\/"},"author":{"name":"Solidaires \u00e9tudiant-e-s","@id":"https:\/\/solidaires-etudiant-e-s.org\/site\/#\/schema\/person\/0efb3e0ff4e2f12b5a5abcd4352aa86c"},"headline":"Journ\u00e9e du 8 mars &#8211; Compte rendu de la mobilisation","datePublished":"2016-03-08T23:46:57+00:00","mainEntityOfPage":{"@id":"https:\/\/solidaires-etudiant-e-s.org\/site\/2016\/03\/09\/journee-du-8-mars-compte-rendu-de-la-mobilisation\/"},"wordCount":794,"publisher":{"@id":"https:\/\/solidaires-etudiant-e-s.org\/site\/#organization"},"image":{"@id":"https:\/\/solidaires-etudiant-e-s.org\/site\/2016\/03\/09\/journee-du-8-mars-compte-rendu-de-la-mobilisation\/#primaryimage"},"thumbnailUrl":"https:\/\/solidaires-etudiant-e-s.org\/site\/wp-content\/uploads\/2016\/03\/Capture-du-2016-03-09-005315.png","keywords":["9 mars","assembl\u00e9e","assembl\u00e9e g\u00e9n\u00e9rale","autogestion","blocage","blocages","Bordeaux","El-khomri","gr\u00e8ve","gr\u00e8ves","lille","loi Travail","mobilisation","rennes","saint denis","slider"],"articleSection":["Uncategorized"],"inLanguage":"fr-FR"},{"@type":"WebPage","@id":"https:\/\/solidaires-etudiant-e-s.org\/site\/2016\/03\/09\/journee-du-8-mars-compte-rendu-de-la-mobilisation\/","url":"https:\/\/solidaires-etudiant-e-s.org\/site\/2016\/03\/09\/journee-du-8-mars-compte-rendu-de-la-mobilisation\/","name":"Journ\u00e9e du 8 mars - Compte rendu de la mobilisation - Solidaires \u00e9tudiant-e-s","isPartOf":{"@id":"https:\/\/solidaires-etudiant-e-s.org\/site\/#website"},"primaryImageOfPage":{"@id":"https:\/\/solidaires-etudiant-e-s.org\/site\/2016\/03\/09\/journee-du-8-mars-compte-rendu-de-la-mobilisation\/#primaryimage"},"image":{"@id":"https:\/\/solidaires-etudiant-e-s.org\/site\/2016\/03\/09\/journee-du-8-mars-compte-rendu-de-la-mobilisation\/#primaryimage"},"thumbnailUrl":"https:\/\/solidaires-etudiant-e-s.org\/site\/wp-content\/uploads\/2016\/03\/Capture-du-2016-03-09-005315.png","datePublished":"2016-03-08T23:46:57+00:00","breadcrumb":{"@id":"https:\/\/solidaires-etudiant-e-s.org\/site\/2016\/03\/09\/journee-du-8-mars-compte-rendu-de-la-mobilisation\/#breadcrumb"},"inLanguage":"fr-FR","potentialAction":[{"@type":"ReadAction","target":["https:\/\/solidaires-etudiant-e-s.org\/site\/2016\/03\/09\/journee-du-8-mars-compte-rendu-de-la-mobilisation\/"]}]},{"@type":"ImageObject","inLanguage":"fr-FR","@id":"https:\/\/solidaires-etudiant-e-s.org\/site\/2016\/03\/09\/journee-du-8-mars-compte-rendu-de-la-mobilisation\/#primaryimage","url":"https:\/\/solidaires-etudiant-e-s.org\/site\/wp-content\/uploads\/2016\/03\/Capture-du-2016-03-09-005315.png","contentUrl":"https:\/\/solidaires-etudiant-e-s.org\/site\/wp-content\/uploads\/2016\/03\/Capture-du-2016-03-09-005315.png","width":712,"height":397},{"@type":"BreadcrumbList","@id":"https:\/\/solidaires-etudiant-e-s.org\/site\/2016\/03\/09\/journee-du-8-mars-compte-rendu-de-la-mobilisation\/#breadcrumb","itemListElement":[{"@type":"ListItem","position":1,"name":"Accueil","item":"https:\/\/solidaires-etudiant-e-s.org\/site\/"},{"@type":"ListItem","position":2,"name":"Journ\u00e9e du 8 mars &#8211; Compte rendu de la mobilisation"}]},{"@type":"WebSite","@id":"https:\/\/solidaires-etudiant-e-s.org\/site\/#website","url":"https:\/\/solidaires-etudiant-e-s.org\/site\/","name":"Solidaires \u00e9tudiant-e-s","description":"Syndicats pour un enseignement sup\u00e9rieur gratuit, ouvert, et \u00e9mancipateur !","publisher":{"@id":"https:\/\/solidaires-etudiant-e-s.org\/site\/#organization"},"potentialAction":[{"@type":"SearchAction","target":{"@type":"EntryPoint","urlTemplate":"https:\/\/solidaires-etudiant-e-s.org\/site\/?s={search_term_string}"},"query-input":{"@type":"PropertyValueSpecification","valueRequired":true,"valueName":"search_term_string"}}],"inLanguage":"fr-FR"},{"@type":"Organization","@id":"https:\/\/solidaires-etudiant-e-s.org\/site\/#organization","name":"Solidaires \u00e9tudiant-e-s","url":"https:\/\/solidaires-etudiant-e-s.org\/site\/","logo":{"@type":"ImageObject","inLanguage":"fr-FR","@id":"https:\/\/solidaires-etudiant-e-s.org\/site\/#\/schema\/logo\/image\/","url":"https:\/\/solidaires-etudiant-e-s.org\/site\/wp-content\/uploads\/2025\/12\/13-1.png","contentUrl":"https:\/\/solidaires-etudiant-e-s.org\/site\/wp-content\/uploads\/2025\/12\/13-1.png","width":1181,"height":827,"caption":"Solidaires \u00e9tudiant-e-s"},"image":{"@id":"https:\/\/solidaires-etudiant-e-s.org\/site\/#\/schema\/logo\/image\/"},"sameAs":["https:\/\/www.facebook.com\/solidairesetudiantes","https:\/\/x.com\/SolidairesEtu","https:\/\/www.instagram.com\/solidairesetu\/","https:\/\/bsky.app\/profile\/solidaires-etudiant-e-s.org","https:\/\/mastodon.social\/@solidairesetu","https:\/\/www.youtube.com\/channel\/UC_iZN9gmVAAnXbBM7wAWOag"]},{"@type":"Person","@id":"https:\/\/solidaires-etudiant-e-s.org\/site\/#\/schema\/person\/0efb3e0ff4e2f12b5a5abcd4352aa86c","name":"Solidaires \u00e9tudiant-e-s","image":{"@type":"ImageObject","inLanguage":"fr-FR","@id":"https:\/\/solidaires-etudiant-e-s.org\/site\/wp-content\/uploads\/2020\/01\/logo-SESL-rond-512-96x96.png","url":"https:\/\/solidaires-etudiant-e-s.org\/site\/wp-content\/uploads\/2020\/01\/logo-SESL-rond-512-96x96.png","contentUrl":"https:\/\/solidaires-etudiant-e-s.org\/site\/wp-content\/uploads\/2020\/01\/logo-SESL-rond-512-96x96.png","caption":"Solidaires \u00e9tudiant-e-s"},"sameAs":["https:\/\/solidaires-etudiant.org\/site","https:\/\/www.facebook.com\/solidairesetudiantes","https:\/\/www.instagram.com\/solidairesetu","https:\/\/x.com\/SolidairesEtu","https:\/\/fr.wikipedia.org\/wiki\/Solidaires_tudiant-e-s"]}]}},"_links":{"self":[{"href":"https:\/\/solidaires-etudiant-e-s.org\/site\/wp-json\/wp\/v2\/posts\/2965","targetHints":{"allow":["GET"]}}],"collection":[{"href":"https:\/\/solidaires-etudiant-e-s.org\/site\/wp-json\/wp\/v2\/posts"}],"about":[{"href":"https:\/\/solidaires-etudiant-e-s.org\/site\/wp-json\/wp\/v2\/types\/post"}],"author":[{"embeddable":true,"href":"https:\/\/solidaires-etudiant-e-s.org\/site\/wp-json\/wp\/v2\/users\/1"}],"replies":[{"embeddable":true,"href":"https:\/\/solidaires-etudiant-e-s.org\/site\/wp-json\/wp\/v2\/comments?post=2965"}],"version-history":[{"count":0,"href":"https:\/\/solidaires-etudiant-e-s.org\/site\/wp-json\/wp\/v2\/posts\/2965\/revisions"}],"wp:featuredmedia":[{"embeddable":true,"href":"https:\/\/solidaires-etudiant-e-s.org\/site\/wp-json\/wp\/v2\/media\/2971"}],"wp:attachment":[{"href":"https:\/\/solidaires-etudiant-e-s.org\/site\/wp-json\/wp\/v2\/media?parent=2965"}],"wp:term":[{"taxonomy":"category","embeddable":true,"href":"https:\/\/solidaires-etudiant-e-s.org\/site\/wp-json\/wp\/v2\/categories?post=2965"},{"taxonomy":"post_tag","embeddable":true,"href":"https:\/\/solidaires-etudiant-e-s.org\/site\/wp-json\/wp\/v2\/tags?post=2965"}],"curies":[{"name":"wp","href":"https:\/\/api.w.org\/{rel}","templated":true}]}}