{"id":2713,"date":"2016-01-12T19:51:20","date_gmt":"2016-01-12T18:51:20","guid":{"rendered":"http:\/\/www.solidaires-etudiant.org\/?p=2713"},"modified":"2025-05-03T22:47:40","modified_gmt":"2025-05-03T21:47:40","slug":"nddl-ni-proces-ni-expulsions-ni-repression","status":"publish","type":"post","link":"https:\/\/solidaires-etudiant-e-s.org\/site\/2016\/01\/12\/nddl-ni-proces-ni-expulsions-ni-repression\/","title":{"rendered":"NDDL\u00a0: Ni proc\u00e8s, ni expulsions, ni r\u00e9pression."},"content":{"rendered":"<p style=\"text-align: center;\">Ce matin, mardi 12 janvier, plus de 19 camarades ont \u00e9t\u00e9 plac\u00e9s en garde \u00e0 vue et leurs v\u00e9hicules saisis lors d&rsquo;une op\u00e9ration escargot sur le p\u00e9riph\u00e9rique nantais. Parmi elles et eux se trouvent des camarades de Solidaires \u00e9tudiant-e-s, syndicats de luttes.<\/p>\n<p>Cette op\u00e9ration escargot a \u00e9t\u00e9 une r\u00e9ussite avec une dizaine de groupes de v\u00e9hicules organis\u00e9s pour ralentir la circulation dans le but de contribuer \u00e0 paralyser l&rsquo;\u00e9conomie de la r\u00e9gion.<br \/>\nCette op\u00e9ration a \u00e9t\u00e9 men\u00e9e \u00e0 la suite des blocages routiers effectu\u00e9s par les paysans du collectif COPAIN44*. L&rsquo;assembl\u00e9e g\u00e9n\u00e9rale qui s&rsquo;est tenue dimanche 10 janvier a en effet d\u00e9cid\u00e9 de multiplier les actions en exigeant l&rsquo;annulation du proc\u00e8s de mercredi 13 janvier visant \u00e0 expulser les habitants historique de la ZAD.<br \/>\nLes agriculteurs demandent \u00e0 Hollande de tenir les promesses faites d&rsquo;attendre le fin de l&rsquo;int\u00e9gralit\u00e9 des recours juridiques avant d&rsquo;entamer une quelconque expulsion et le commencement des travaux.<br \/>\nLa seule r\u00e9ponse du pouvoir fut pour le moment, l&rsquo;arrestation de trois d&rsquo;entre eux avec leurs tracteurs.<br \/>\nLa mobilisation ne faiblit pas. Le samedi 9 janvier, c&rsquo;est plus de 20 000 personnes, 400 tracteurs et 1500 v\u00e9los qui ont manifest\u00e9 sur le p\u00e9riph\u00e9rique Nantais, dans une ambiance d\u00e9termin\u00e9e. Pr\u00e9par\u00e9e en moins de deux semaines, il s&rsquo;agit d&rsquo;une v\u00e9ritable d\u00e9monstration de force et d&rsquo;un succ\u00e8s incontestable.<br \/>\nLa r\u00e9pression ne nous arr\u00eatera pas notre d\u00e9termination \u00e0 lutter contre ce projet inutile, co\u00fbteux et nuisible.<\/p>\n<p style=\"text-align: center;\"><strong>Solidaires \u00e9tudiant-e-s exige la lib\u00e9ration imm\u00e9diate des camarades et l&rsquo;abandon de toute poursuite judiciaire. <\/strong><br \/>\n<strong>Nous appelons \u00e0 intensifier la lutte et notamment \u00e0 se rassembler demain mercredi 10h30 devant le tribunal de Nantes, et partout ailleurs en France, pour enterrer ce projet d&rsquo;a\u00e9roport.<\/strong><\/p>\n<p style=\"text-align: center;\">\n<p style=\"text-align: center;\"><a href=\"http:\/\/www.solidaires-etudiant.org\/wp-content\/uploads\/2016\/01\/communiqu\u00e9-NDDL-Lib\u00e9ration-de-nos-camarades.pdf\">communiqu\u00e9 NDDL Lib\u00e9ration de nos camarades<\/a><\/p>\n<p style=\"text-align: center;\"><a href=\"http:\/\/www.solidaires-etudiant.org\/wp-content\/uploads\/2014\/02\/adobe.png\"><img loading=\"lazy\" decoding=\"async\" class=\"aligncenter size-thumbnail wp-image-274\" src=\"http:\/\/www.solidaires-etudiant.org\/wp-content\/uploads\/2014\/02\/adobe-150x150.png\" alt=\"pdf\" width=\"150\" height=\"150\" srcset=\"https:\/\/solidaires-etudiant-e-s.org\/site\/wp-content\/uploads\/2014\/02\/adobe-150x150.png 150w, https:\/\/solidaires-etudiant-e-s.org\/site\/wp-content\/uploads\/2014\/02\/adobe.png 256w\" sizes=\"auto, (max-width: 150px) 100vw, 150px\" \/><\/a><\/p>\n","protected":false},"excerpt":{"rendered":"<p>Ce matin, mardi 12 janvier, plus de 19 camarades ont \u00e9t\u00e9 plac\u00e9s [&hellip;]<\/p>\n","protected":false},"author":1,"featured_media":2716,"comment_status":"closed","ping_status":"closed","sticky":false,"template":"","format":"standard","meta":{"cybocfi_hide_featured_image":"","footnotes":""},"categories":[16],"tags":[308,747,795,1049],"class_list":["post-2713","post","type-post","status-publish","format-standard","has-post-thumbnail","hentry","category-ecologie","tag-communiques-2","tag-manifestation","tag-mobilisation","tag-slider","col-md-4 col-sm-4"],"featured_image_src":"https:\/\/solidaires-etudiant-e-s.org\/site\/wp-content\/uploads\/2016\/01\/nddl.jpg","author_info":{"display_name":"Solidaires \u00e9tudiant-e-s","author_link":false},"yoast_head":"<!-- This site is optimized with the Yoast SEO plugin v27.4 - https:\/\/yoast.com\/product\/yoast-seo-wordpress\/ -->\n<title>NDDL\u00a0: Ni proc\u00e8s, ni expulsions, ni r\u00e9pression. - Solidaires \u00e9tudiant-e-s<\/title>\n<meta name=\"robots\" content=\"index, follow, max-snippet:-1, max-image-preview:large, max-video-preview:-1\" \/>\n<link rel=\"canonical\" href=\"https:\/\/solidaires-etudiant-e-s.org\/site\/2016\/01\/12\/nddl-ni-proces-ni-expulsions-ni-repression\/\" \/>\n<meta property=\"og:locale\" content=\"fr_FR\" \/>\n<meta property=\"og:type\" content=\"article\" \/>\n<meta property=\"og:title\" content=\"NDDL\u00a0: Ni proc\u00e8s, ni expulsions, ni r\u00e9pression. - Solidaires \u00e9tudiant-e-s\" \/>\n<meta property=\"og:description\" content=\"Ce matin, mardi 12 janvier, plus de 19 camarades ont \u00e9t\u00e9 plac\u00e9s [&hellip;]\" \/>\n<meta property=\"og:url\" content=\"https:\/\/solidaires-etudiant-e-s.org\/site\/2016\/01\/12\/nddl-ni-proces-ni-expulsions-ni-repression\/\" \/>\n<meta property=\"og:site_name\" content=\"Solidaires \u00e9tudiant-e-s\" \/>\n<meta property=\"article:publisher\" content=\"https:\/\/www.facebook.com\/solidairesetudiantes\" \/>\n<meta property=\"article:author\" content=\"https:\/\/www.facebook.com\/solidairesetudiantes\" \/>\n<meta property=\"article:published_time\" content=\"2016-01-12T18:51:20+00:00\" \/>\n<meta property=\"article:modified_time\" content=\"2025-05-03T21:47:40+00:00\" \/>\n<meta property=\"og:image\" content=\"https:\/\/solidaires-etudiant-e-s.org\/site\/wp-content\/uploads\/2016\/01\/nddl.jpg\" \/>\n\t<meta property=\"og:image:width\" content=\"480\" \/>\n\t<meta property=\"og:image:height\" content=\"477\" \/>\n\t<meta property=\"og:image:type\" content=\"image\/jpeg\" \/>\n<meta name=\"author\" content=\"Solidaires \u00e9tudiant-e-s\" \/>\n<meta name=\"twitter:card\" content=\"summary_large_image\" \/>\n<meta name=\"twitter:creator\" content=\"@SolidairesEtu\" \/>\n<meta name=\"twitter:site\" content=\"@SolidairesEtu\" \/>\n<meta name=\"twitter:label1\" content=\"\u00c9crit par\" \/>\n\t<meta name=\"twitter:data1\" content=\"Solidaires \u00e9tudiant-e-s\" \/>\n\t<meta name=\"twitter:label2\" content=\"Dur\u00e9e de lecture estim\u00e9e\" \/>\n\t<meta name=\"twitter:data2\" content=\"2 minutes\" \/>\n<script type=\"application\/ld+json\" class=\"yoast-schema-graph\">{\"@context\":\"https:\\\/\\\/schema.org\",\"@graph\":[{\"@type\":\"Article\",\"@id\":\"https:\\\/\\\/solidaires-etudiant-e-s.org\\\/site\\\/2016\\\/01\\\/12\\\/nddl-ni-proces-ni-expulsions-ni-repression\\\/#article\",\"isPartOf\":{\"@id\":\"https:\\\/\\\/solidaires-etudiant-e-s.org\\\/site\\\/2016\\\/01\\\/12\\\/nddl-ni-proces-ni-expulsions-ni-repression\\\/\"},\"author\":{\"name\":\"Solidaires \u00e9tudiant-e-s\",\"@id\":\"https:\\\/\\\/solidaires-etudiant-e-s.org\\\/site\\\/#\\\/schema\\\/person\\\/0efb3e0ff4e2f12b5a5abcd4352aa86c\"},\"headline\":\"NDDL\u00a0: Ni proc\u00e8s, ni expulsions, ni r\u00e9pression.\",\"datePublished\":\"2016-01-12T18:51:20+00:00\",\"dateModified\":\"2025-05-03T21:47:40+00:00\",\"mainEntityOfPage\":{\"@id\":\"https:\\\/\\\/solidaires-etudiant-e-s.org\\\/site\\\/2016\\\/01\\\/12\\\/nddl-ni-proces-ni-expulsions-ni-repression\\\/\"},\"wordCount\":329,\"publisher\":{\"@id\":\"https:\\\/\\\/solidaires-etudiant-e-s.org\\\/site\\\/#organization\"},\"image\":{\"@id\":\"https:\\\/\\\/solidaires-etudiant-e-s.org\\\/site\\\/2016\\\/01\\\/12\\\/nddl-ni-proces-ni-expulsions-ni-repression\\\/#primaryimage\"},\"thumbnailUrl\":\"https:\\\/\\\/solidaires-etudiant-e-s.org\\\/site\\\/wp-content\\\/uploads\\\/2016\\\/01\\\/nddl.jpg\",\"keywords\":[\"communiqu\u00e9s\",\"manifestation\",\"mobilisation\",\"slider\"],\"articleSection\":[\"ECOLOGIE\"],\"inLanguage\":\"fr-FR\"},{\"@type\":\"WebPage\",\"@id\":\"https:\\\/\\\/solidaires-etudiant-e-s.org\\\/site\\\/2016\\\/01\\\/12\\\/nddl-ni-proces-ni-expulsions-ni-repression\\\/\",\"url\":\"https:\\\/\\\/solidaires-etudiant-e-s.org\\\/site\\\/2016\\\/01\\\/12\\\/nddl-ni-proces-ni-expulsions-ni-repression\\\/\",\"name\":\"NDDL\u00a0: Ni proc\u00e8s, ni expulsions, ni r\u00e9pression. - Solidaires \u00e9tudiant-e-s\",\"isPartOf\":{\"@id\":\"https:\\\/\\\/solidaires-etudiant-e-s.org\\\/site\\\/#website\"},\"primaryImageOfPage\":{\"@id\":\"https:\\\/\\\/solidaires-etudiant-e-s.org\\\/site\\\/2016\\\/01\\\/12\\\/nddl-ni-proces-ni-expulsions-ni-repression\\\/#primaryimage\"},\"image\":{\"@id\":\"https:\\\/\\\/solidaires-etudiant-e-s.org\\\/site\\\/2016\\\/01\\\/12\\\/nddl-ni-proces-ni-expulsions-ni-repression\\\/#primaryimage\"},\"thumbnailUrl\":\"https:\\\/\\\/solidaires-etudiant-e-s.org\\\/site\\\/wp-content\\\/uploads\\\/2016\\\/01\\\/nddl.jpg\",\"datePublished\":\"2016-01-12T18:51:20+00:00\",\"dateModified\":\"2025-05-03T21:47:40+00:00\",\"breadcrumb\":{\"@id\":\"https:\\\/\\\/solidaires-etudiant-e-s.org\\\/site\\\/2016\\\/01\\\/12\\\/nddl-ni-proces-ni-expulsions-ni-repression\\\/#breadcrumb\"},\"inLanguage\":\"fr-FR\",\"potentialAction\":[{\"@type\":\"ReadAction\",\"target\":[\"https:\\\/\\\/solidaires-etudiant-e-s.org\\\/site\\\/2016\\\/01\\\/12\\\/nddl-ni-proces-ni-expulsions-ni-repression\\\/\"]}]},{\"@type\":\"ImageObject\",\"inLanguage\":\"fr-FR\",\"@id\":\"https:\\\/\\\/solidaires-etudiant-e-s.org\\\/site\\\/2016\\\/01\\\/12\\\/nddl-ni-proces-ni-expulsions-ni-repression\\\/#primaryimage\",\"url\":\"https:\\\/\\\/solidaires-etudiant-e-s.org\\\/site\\\/wp-content\\\/uploads\\\/2016\\\/01\\\/nddl.jpg\",\"contentUrl\":\"https:\\\/\\\/solidaires-etudiant-e-s.org\\\/site\\\/wp-content\\\/uploads\\\/2016\\\/01\\\/nddl.jpg\",\"width\":480,\"height\":477},{\"@type\":\"BreadcrumbList\",\"@id\":\"https:\\\/\\\/solidaires-etudiant-e-s.org\\\/site\\\/2016\\\/01\\\/12\\\/nddl-ni-proces-ni-expulsions-ni-repression\\\/#breadcrumb\",\"itemListElement\":[{\"@type\":\"ListItem\",\"position\":1,\"name\":\"Accueil\",\"item\":\"https:\\\/\\\/solidaires-etudiant-e-s.org\\\/site\\\/\"},{\"@type\":\"ListItem\",\"position\":2,\"name\":\"NDDL\u00a0: Ni proc\u00e8s, ni expulsions, ni r\u00e9pression.\"}]},{\"@type\":\"WebSite\",\"@id\":\"https:\\\/\\\/solidaires-etudiant-e-s.org\\\/site\\\/#website\",\"url\":\"https:\\\/\\\/solidaires-etudiant-e-s.org\\\/site\\\/\",\"name\":\"Solidaires \u00e9tudiant-e-s\",\"description\":\"Syndicats pour un enseignement sup\u00e9rieur gratuit, ouvert, et \u00e9mancipateur !\",\"publisher\":{\"@id\":\"https:\\\/\\\/solidaires-etudiant-e-s.org\\\/site\\\/#organization\"},\"potentialAction\":[{\"@type\":\"SearchAction\",\"target\":{\"@type\":\"EntryPoint\",\"urlTemplate\":\"https:\\\/\\\/solidaires-etudiant-e-s.org\\\/site\\\/?s={search_term_string}\"},\"query-input\":{\"@type\":\"PropertyValueSpecification\",\"valueRequired\":true,\"valueName\":\"search_term_string\"}}],\"inLanguage\":\"fr-FR\"},{\"@type\":\"Organization\",\"@id\":\"https:\\\/\\\/solidaires-etudiant-e-s.org\\\/site\\\/#organization\",\"name\":\"Solidaires \u00e9tudiant-e-s\",\"url\":\"https:\\\/\\\/solidaires-etudiant-e-s.org\\\/site\\\/\",\"logo\":{\"@type\":\"ImageObject\",\"inLanguage\":\"fr-FR\",\"@id\":\"https:\\\/\\\/solidaires-etudiant-e-s.org\\\/site\\\/#\\\/schema\\\/logo\\\/image\\\/\",\"url\":\"https:\\\/\\\/solidaires-etudiant-e-s.org\\\/site\\\/wp-content\\\/uploads\\\/2025\\\/12\\\/13-1.png\",\"contentUrl\":\"https:\\\/\\\/solidaires-etudiant-e-s.org\\\/site\\\/wp-content\\\/uploads\\\/2025\\\/12\\\/13-1.png\",\"width\":1181,\"height\":827,\"caption\":\"Solidaires \u00e9tudiant-e-s\"},\"image\":{\"@id\":\"https:\\\/\\\/solidaires-etudiant-e-s.org\\\/site\\\/#\\\/schema\\\/logo\\\/image\\\/\"},\"sameAs\":[\"https:\\\/\\\/www.facebook.com\\\/solidairesetudiantes\",\"https:\\\/\\\/x.com\\\/SolidairesEtu\",\"https:\\\/\\\/www.instagram.com\\\/solidairesetu\\\/\",\"https:\\\/\\\/bsky.app\\\/profile\\\/solidaires-etudiant-e-s.org\",\"https:\\\/\\\/mastodon.social\\\/@solidairesetu\",\"https:\\\/\\\/www.youtube.com\\\/channel\\\/UC_iZN9gmVAAnXbBM7wAWOag\"]},{\"@type\":\"Person\",\"@id\":\"https:\\\/\\\/solidaires-etudiant-e-s.org\\\/site\\\/#\\\/schema\\\/person\\\/0efb3e0ff4e2f12b5a5abcd4352aa86c\",\"name\":\"Solidaires \u00e9tudiant-e-s\",\"image\":{\"@type\":\"ImageObject\",\"inLanguage\":\"fr-FR\",\"@id\":\"https:\\\/\\\/solidaires-etudiant-e-s.org\\\/site\\\/wp-content\\\/uploads\\\/2020\\\/01\\\/logo-SESL-rond-512-96x96.png\",\"url\":\"https:\\\/\\\/solidaires-etudiant-e-s.org\\\/site\\\/wp-content\\\/uploads\\\/2020\\\/01\\\/logo-SESL-rond-512-96x96.png\",\"contentUrl\":\"https:\\\/\\\/solidaires-etudiant-e-s.org\\\/site\\\/wp-content\\\/uploads\\\/2020\\\/01\\\/logo-SESL-rond-512-96x96.png\",\"caption\":\"Solidaires \u00e9tudiant-e-s\"},\"sameAs\":[\"https:\\\/\\\/solidaires-etudiant.org\\\/site\",\"https:\\\/\\\/www.facebook.com\\\/solidairesetudiantes\",\"https:\\\/\\\/www.instagram.com\\\/solidairesetu\",\"https:\\\/\\\/x.com\\\/SolidairesEtu\",\"https:\\\/\\\/fr.wikipedia.org\\\/wiki\\\/Solidaires_tudiant-e-s\"]}]}<\/script>\n<!-- \/ Yoast SEO plugin. -->","yoast_head_json":{"title":"NDDL\u00a0: Ni proc\u00e8s, ni expulsions, ni r\u00e9pression. - Solidaires \u00e9tudiant-e-s","robots":{"index":"index","follow":"follow","max-snippet":"max-snippet:-1","max-image-preview":"max-image-preview:large","max-video-preview":"max-video-preview:-1"},"canonical":"https:\/\/solidaires-etudiant-e-s.org\/site\/2016\/01\/12\/nddl-ni-proces-ni-expulsions-ni-repression\/","og_locale":"fr_FR","og_type":"article","og_title":"NDDL\u00a0: Ni proc\u00e8s, ni expulsions, ni r\u00e9pression. - Solidaires \u00e9tudiant-e-s","og_description":"Ce matin, mardi 12 janvier, plus de 19 camarades ont \u00e9t\u00e9 plac\u00e9s [&hellip;]","og_url":"https:\/\/solidaires-etudiant-e-s.org\/site\/2016\/01\/12\/nddl-ni-proces-ni-expulsions-ni-repression\/","og_site_name":"Solidaires \u00e9tudiant-e-s","article_publisher":"https:\/\/www.facebook.com\/solidairesetudiantes","article_author":"https:\/\/www.facebook.com\/solidairesetudiantes","article_published_time":"2016-01-12T18:51:20+00:00","article_modified_time":"2025-05-03T21:47:40+00:00","og_image":[{"width":480,"height":477,"url":"https:\/\/solidaires-etudiant-e-s.org\/site\/wp-content\/uploads\/2016\/01\/nddl.jpg","type":"image\/jpeg"}],"author":"Solidaires \u00e9tudiant-e-s","twitter_card":"summary_large_image","twitter_creator":"@SolidairesEtu","twitter_site":"@SolidairesEtu","twitter_misc":{"\u00c9crit par":"Solidaires \u00e9tudiant-e-s","Dur\u00e9e de lecture estim\u00e9e":"2 minutes"},"schema":{"@context":"https:\/\/schema.org","@graph":[{"@type":"Article","@id":"https:\/\/solidaires-etudiant-e-s.org\/site\/2016\/01\/12\/nddl-ni-proces-ni-expulsions-ni-repression\/#article","isPartOf":{"@id":"https:\/\/solidaires-etudiant-e-s.org\/site\/2016\/01\/12\/nddl-ni-proces-ni-expulsions-ni-repression\/"},"author":{"name":"Solidaires \u00e9tudiant-e-s","@id":"https:\/\/solidaires-etudiant-e-s.org\/site\/#\/schema\/person\/0efb3e0ff4e2f12b5a5abcd4352aa86c"},"headline":"NDDL\u00a0: Ni proc\u00e8s, ni expulsions, ni r\u00e9pression.","datePublished":"2016-01-12T18:51:20+00:00","dateModified":"2025-05-03T21:47:40+00:00","mainEntityOfPage":{"@id":"https:\/\/solidaires-etudiant-e-s.org\/site\/2016\/01\/12\/nddl-ni-proces-ni-expulsions-ni-repression\/"},"wordCount":329,"publisher":{"@id":"https:\/\/solidaires-etudiant-e-s.org\/site\/#organization"},"image":{"@id":"https:\/\/solidaires-etudiant-e-s.org\/site\/2016\/01\/12\/nddl-ni-proces-ni-expulsions-ni-repression\/#primaryimage"},"thumbnailUrl":"https:\/\/solidaires-etudiant-e-s.org\/site\/wp-content\/uploads\/2016\/01\/nddl.jpg","keywords":["communiqu\u00e9s","manifestation","mobilisation","slider"],"articleSection":["ECOLOGIE"],"inLanguage":"fr-FR"},{"@type":"WebPage","@id":"https:\/\/solidaires-etudiant-e-s.org\/site\/2016\/01\/12\/nddl-ni-proces-ni-expulsions-ni-repression\/","url":"https:\/\/solidaires-etudiant-e-s.org\/site\/2016\/01\/12\/nddl-ni-proces-ni-expulsions-ni-repression\/","name":"NDDL\u00a0: Ni proc\u00e8s, ni expulsions, ni r\u00e9pression. - Solidaires \u00e9tudiant-e-s","isPartOf":{"@id":"https:\/\/solidaires-etudiant-e-s.org\/site\/#website"},"primaryImageOfPage":{"@id":"https:\/\/solidaires-etudiant-e-s.org\/site\/2016\/01\/12\/nddl-ni-proces-ni-expulsions-ni-repression\/#primaryimage"},"image":{"@id":"https:\/\/solidaires-etudiant-e-s.org\/site\/2016\/01\/12\/nddl-ni-proces-ni-expulsions-ni-repression\/#primaryimage"},"thumbnailUrl":"https:\/\/solidaires-etudiant-e-s.org\/site\/wp-content\/uploads\/2016\/01\/nddl.jpg","datePublished":"2016-01-12T18:51:20+00:00","dateModified":"2025-05-03T21:47:40+00:00","breadcrumb":{"@id":"https:\/\/solidaires-etudiant-e-s.org\/site\/2016\/01\/12\/nddl-ni-proces-ni-expulsions-ni-repression\/#breadcrumb"},"inLanguage":"fr-FR","potentialAction":[{"@type":"ReadAction","target":["https:\/\/solidaires-etudiant-e-s.org\/site\/2016\/01\/12\/nddl-ni-proces-ni-expulsions-ni-repression\/"]}]},{"@type":"ImageObject","inLanguage":"fr-FR","@id":"https:\/\/solidaires-etudiant-e-s.org\/site\/2016\/01\/12\/nddl-ni-proces-ni-expulsions-ni-repression\/#primaryimage","url":"https:\/\/solidaires-etudiant-e-s.org\/site\/wp-content\/uploads\/2016\/01\/nddl.jpg","contentUrl":"https:\/\/solidaires-etudiant-e-s.org\/site\/wp-content\/uploads\/2016\/01\/nddl.jpg","width":480,"height":477},{"@type":"BreadcrumbList","@id":"https:\/\/solidaires-etudiant-e-s.org\/site\/2016\/01\/12\/nddl-ni-proces-ni-expulsions-ni-repression\/#breadcrumb","itemListElement":[{"@type":"ListItem","position":1,"name":"Accueil","item":"https:\/\/solidaires-etudiant-e-s.org\/site\/"},{"@type":"ListItem","position":2,"name":"NDDL\u00a0: Ni proc\u00e8s, ni expulsions, ni r\u00e9pression."}]},{"@type":"WebSite","@id":"https:\/\/solidaires-etudiant-e-s.org\/site\/#website","url":"https:\/\/solidaires-etudiant-e-s.org\/site\/","name":"Solidaires \u00e9tudiant-e-s","description":"Syndicats pour un enseignement sup\u00e9rieur gratuit, ouvert, et \u00e9mancipateur !","publisher":{"@id":"https:\/\/solidaires-etudiant-e-s.org\/site\/#organization"},"potentialAction":[{"@type":"SearchAction","target":{"@type":"EntryPoint","urlTemplate":"https:\/\/solidaires-etudiant-e-s.org\/site\/?s={search_term_string}"},"query-input":{"@type":"PropertyValueSpecification","valueRequired":true,"valueName":"search_term_string"}}],"inLanguage":"fr-FR"},{"@type":"Organization","@id":"https:\/\/solidaires-etudiant-e-s.org\/site\/#organization","name":"Solidaires \u00e9tudiant-e-s","url":"https:\/\/solidaires-etudiant-e-s.org\/site\/","logo":{"@type":"ImageObject","inLanguage":"fr-FR","@id":"https:\/\/solidaires-etudiant-e-s.org\/site\/#\/schema\/logo\/image\/","url":"https:\/\/solidaires-etudiant-e-s.org\/site\/wp-content\/uploads\/2025\/12\/13-1.png","contentUrl":"https:\/\/solidaires-etudiant-e-s.org\/site\/wp-content\/uploads\/2025\/12\/13-1.png","width":1181,"height":827,"caption":"Solidaires \u00e9tudiant-e-s"},"image":{"@id":"https:\/\/solidaires-etudiant-e-s.org\/site\/#\/schema\/logo\/image\/"},"sameAs":["https:\/\/www.facebook.com\/solidairesetudiantes","https:\/\/x.com\/SolidairesEtu","https:\/\/www.instagram.com\/solidairesetu\/","https:\/\/bsky.app\/profile\/solidaires-etudiant-e-s.org","https:\/\/mastodon.social\/@solidairesetu","https:\/\/www.youtube.com\/channel\/UC_iZN9gmVAAnXbBM7wAWOag"]},{"@type":"Person","@id":"https:\/\/solidaires-etudiant-e-s.org\/site\/#\/schema\/person\/0efb3e0ff4e2f12b5a5abcd4352aa86c","name":"Solidaires \u00e9tudiant-e-s","image":{"@type":"ImageObject","inLanguage":"fr-FR","@id":"https:\/\/solidaires-etudiant-e-s.org\/site\/wp-content\/uploads\/2020\/01\/logo-SESL-rond-512-96x96.png","url":"https:\/\/solidaires-etudiant-e-s.org\/site\/wp-content\/uploads\/2020\/01\/logo-SESL-rond-512-96x96.png","contentUrl":"https:\/\/solidaires-etudiant-e-s.org\/site\/wp-content\/uploads\/2020\/01\/logo-SESL-rond-512-96x96.png","caption":"Solidaires \u00e9tudiant-e-s"},"sameAs":["https:\/\/solidaires-etudiant.org\/site","https:\/\/www.facebook.com\/solidairesetudiantes","https:\/\/www.instagram.com\/solidairesetu","https:\/\/x.com\/SolidairesEtu","https:\/\/fr.wikipedia.org\/wiki\/Solidaires_tudiant-e-s"]}]}},"_links":{"self":[{"href":"https:\/\/solidaires-etudiant-e-s.org\/site\/wp-json\/wp\/v2\/posts\/2713","targetHints":{"allow":["GET"]}}],"collection":[{"href":"https:\/\/solidaires-etudiant-e-s.org\/site\/wp-json\/wp\/v2\/posts"}],"about":[{"href":"https:\/\/solidaires-etudiant-e-s.org\/site\/wp-json\/wp\/v2\/types\/post"}],"author":[{"embeddable":true,"href":"https:\/\/solidaires-etudiant-e-s.org\/site\/wp-json\/wp\/v2\/users\/1"}],"replies":[{"embeddable":true,"href":"https:\/\/solidaires-etudiant-e-s.org\/site\/wp-json\/wp\/v2\/comments?post=2713"}],"version-history":[{"count":1,"href":"https:\/\/solidaires-etudiant-e-s.org\/site\/wp-json\/wp\/v2\/posts\/2713\/revisions"}],"predecessor-version":[{"id":7648,"href":"https:\/\/solidaires-etudiant-e-s.org\/site\/wp-json\/wp\/v2\/posts\/2713\/revisions\/7648"}],"wp:featuredmedia":[{"embeddable":true,"href":"https:\/\/solidaires-etudiant-e-s.org\/site\/wp-json\/wp\/v2\/media\/2716"}],"wp:attachment":[{"href":"https:\/\/solidaires-etudiant-e-s.org\/site\/wp-json\/wp\/v2\/media?parent=2713"}],"wp:term":[{"taxonomy":"category","embeddable":true,"href":"https:\/\/solidaires-etudiant-e-s.org\/site\/wp-json\/wp\/v2\/categories?post=2713"},{"taxonomy":"post_tag","embeddable":true,"href":"https:\/\/solidaires-etudiant-e-s.org\/site\/wp-json\/wp\/v2\/tags?post=2713"}],"curies":[{"name":"wp","href":"https:\/\/api.w.org\/{rel}","templated":true}]}}