{"id":2673,"date":"2015-12-16T02:21:14","date_gmt":"2015-12-16T01:21:14","guid":{"rendered":"http:\/\/www.solidaires-etudiant.org\/?p=2673"},"modified":"2015-12-16T02:21:14","modified_gmt":"2015-12-16T01:21:14","slug":"meeting-unitaire-pour-la-levee-de-letat-durgence-17-decembre","status":"publish","type":"post","link":"https:\/\/solidaires-etudiant-e-s.org\/site\/2015\/12\/16\/meeting-unitaire-pour-la-levee-de-letat-durgence-17-decembre\/","title":{"rendered":"Meeting unitaire pour la lev\u00e9e de l&#039;\u00e9tat d&#039;urgence 17 d\u00e9cembre"},"content":{"rendered":"<p><strong>Le 17 d\u00e9cembre 2015 \u00e0 19h<br \/>\nA la Bourse de Travail \u2013<br \/>\nrue Ch\u00e2teau d\u2019eau \u2013 R\u00e9publique &#8211; Paris<br \/>\n&#8211; Respect de la libert\u00e9 de manifester, de se r\u00e9unir et de s\u2019exprimer ;<br \/>\n&#8211; Pour la lev\u00e9e imm\u00e9diate de l\u2019\u00e9tat d\u2019urgence, et contre l\u2019\u00e9tat d\u2019exception<br \/>\npermanent ;<br \/>\n&#8211; Arr\u00eat des poursuites contre les manifestants, les militants des mouvements<br \/>\nsociaux, et contre la stigmatisation des migrants et des quartiers<br \/>\npopulaires ;<br \/>\n&#8211; Abandon de la constitutionnalisation de l\u2019\u00e9tat d\u2019urgence et de la d\u00e9ch\u00e9ance<br \/>\nde la nationalit\u00e9 ;<\/strong><br \/>\nA l\u2019appel de (1er signataires): AC!, ACORT, ADTF, AMF, APEIS, ATMF, ATTAC, CEDETIM, CFPE, CGT 75,<br \/>\nCNT RP, Col. 3C, Col. des d\u00e9sob\u00e9issants, Col. des sans voix 18e, COPAF, CRLDHT, CSP 75, DAL, Droits<br \/>\ndevant, Ecologie sociale, FASTI, Femmes \u00e9galit\u00e9, Fondation Copernic, FTCR, FUIQP, GISTI, HALEM,<br \/>\nInitiative D\u00e9croissante pour le Climat, IPAM, MCTF, MNCP, MRAP, R\u00e9s. pour une Gauche D\u00e9coloniale,<br \/>\nSyndicat de la Magistrature, SNES PJJ-FSU, Solidaire, Solidaires \u00e9tudiant-e-s, SUD A\u00e9rien, SUD PTT,<br \/>\nSortir du colonialisme, Survie, UJFP, UTIT \u2026<br \/>\nAvec le soutien de : Alternative libertaire, CGA, Ensemble, NPA, PCOF, PG &#8230;<\/p>\n","protected":false},"excerpt":{"rendered":"<p>Le 17 d\u00e9cembre 2015 \u00e0 19h A la Bourse de Travail \u2013 [&hellip;]<\/p>\n","protected":false},"author":1,"featured_media":2674,"comment_status":"closed","ping_status":"closed","sticky":false,"template":"","format":"standard","meta":{"cybocfi_hide_featured_image":"","footnotes":""},"categories":[25],"tags":[474,1048,1049],"class_list":["post-2673","post","type-post","status-publish","format-standard","has-post-thumbnail","hentry","category-interpro","tag-etat-durgence","tag-slide-show","tag-slider","col-md-4 col-sm-4"],"featured_image_src":"https:\/\/solidaires-etudiant-e-s.org\/site\/wp-content\/uploads\/2015\/12\/NonEtatUrgence-banderole-OKweb.gif","author_info":{"display_name":"Solidaires \u00e9tudiant-e-s","author_link":false},"yoast_head":"<!-- This site is optimized with the Yoast SEO plugin v27.4 - https:\/\/yoast.com\/product\/yoast-seo-wordpress\/ -->\n<title>Meeting unitaire pour la lev\u00e9e de l&#039;\u00e9tat d&#039;urgence 17 d\u00e9cembre - Solidaires \u00e9tudiant-e-s<\/title>\n<meta name=\"robots\" content=\"index, follow, max-snippet:-1, max-image-preview:large, max-video-preview:-1\" \/>\n<link rel=\"canonical\" href=\"https:\/\/solidaires-etudiant-e-s.org\/site\/2015\/12\/16\/meeting-unitaire-pour-la-levee-de-letat-durgence-17-decembre\/\" \/>\n<meta property=\"og:locale\" content=\"fr_FR\" \/>\n<meta property=\"og:type\" content=\"article\" \/>\n<meta property=\"og:title\" content=\"Meeting unitaire pour la lev\u00e9e de l&#039;\u00e9tat d&#039;urgence 17 d\u00e9cembre - Solidaires \u00e9tudiant-e-s\" \/>\n<meta property=\"og:description\" content=\"Le 17 d\u00e9cembre 2015 \u00e0 19h A la Bourse de Travail \u2013 [&hellip;]\" \/>\n<meta property=\"og:url\" content=\"https:\/\/solidaires-etudiant-e-s.org\/site\/2015\/12\/16\/meeting-unitaire-pour-la-levee-de-letat-durgence-17-decembre\/\" \/>\n<meta property=\"og:site_name\" content=\"Solidaires \u00e9tudiant-e-s\" \/>\n<meta property=\"article:publisher\" content=\"https:\/\/www.facebook.com\/solidairesetudiantes\" \/>\n<meta property=\"article:author\" content=\"https:\/\/www.facebook.com\/solidairesetudiantes\" \/>\n<meta property=\"article:published_time\" content=\"2015-12-16T01:21:14+00:00\" \/>\n<meta property=\"og:image\" content=\"https:\/\/solidaires-etudiant-e-s.org\/site\/wp-content\/uploads\/2015\/12\/NonEtatUrgence-banderole-OKweb.gif\" \/>\n\t<meta property=\"og:image:width\" content=\"1200\" \/>\n\t<meta property=\"og:image:height\" content=\"424\" \/>\n\t<meta property=\"og:image:type\" content=\"image\/gif\" \/>\n<meta name=\"author\" content=\"Solidaires \u00e9tudiant-e-s\" \/>\n<meta name=\"twitter:card\" content=\"summary_large_image\" \/>\n<meta name=\"twitter:creator\" content=\"@SolidairesEtu\" \/>\n<meta name=\"twitter:site\" content=\"@SolidairesEtu\" \/>\n<meta name=\"twitter:label1\" content=\"\u00c9crit par\" \/>\n\t<meta name=\"twitter:data1\" content=\"Solidaires \u00e9tudiant-e-s\" \/>\n\t<meta name=\"twitter:label2\" content=\"Dur\u00e9e de lecture estim\u00e9e\" \/>\n\t<meta name=\"twitter:data2\" content=\"1 minute\" \/>\n<script type=\"application\/ld+json\" class=\"yoast-schema-graph\">{\"@context\":\"https:\\\/\\\/schema.org\",\"@graph\":[{\"@type\":\"Article\",\"@id\":\"https:\\\/\\\/solidaires-etudiant-e-s.org\\\/site\\\/2015\\\/12\\\/16\\\/meeting-unitaire-pour-la-levee-de-letat-durgence-17-decembre\\\/#article\",\"isPartOf\":{\"@id\":\"https:\\\/\\\/solidaires-etudiant-e-s.org\\\/site\\\/2015\\\/12\\\/16\\\/meeting-unitaire-pour-la-levee-de-letat-durgence-17-decembre\\\/\"},\"author\":{\"name\":\"Solidaires \u00e9tudiant-e-s\",\"@id\":\"https:\\\/\\\/solidaires-etudiant-e-s.org\\\/site\\\/#\\\/schema\\\/person\\\/0efb3e0ff4e2f12b5a5abcd4352aa86c\"},\"headline\":\"Meeting unitaire pour la lev\u00e9e de l&#039;\u00e9tat d&#039;urgence 17 d\u00e9cembre\",\"datePublished\":\"2015-12-16T01:21:14+00:00\",\"mainEntityOfPage\":{\"@id\":\"https:\\\/\\\/solidaires-etudiant-e-s.org\\\/site\\\/2015\\\/12\\\/16\\\/meeting-unitaire-pour-la-levee-de-letat-durgence-17-decembre\\\/\"},\"wordCount\":202,\"publisher\":{\"@id\":\"https:\\\/\\\/solidaires-etudiant-e-s.org\\\/site\\\/#organization\"},\"image\":{\"@id\":\"https:\\\/\\\/solidaires-etudiant-e-s.org\\\/site\\\/2015\\\/12\\\/16\\\/meeting-unitaire-pour-la-levee-de-letat-durgence-17-decembre\\\/#primaryimage\"},\"thumbnailUrl\":\"https:\\\/\\\/solidaires-etudiant-e-s.org\\\/site\\\/wp-content\\\/uploads\\\/2015\\\/12\\\/NonEtatUrgence-banderole-OKweb.gif\",\"keywords\":[\"\u00e9tat d'urgence\",\"slide-show\",\"slider\"],\"articleSection\":[\"INTERPRO\"],\"inLanguage\":\"fr-FR\"},{\"@type\":\"WebPage\",\"@id\":\"https:\\\/\\\/solidaires-etudiant-e-s.org\\\/site\\\/2015\\\/12\\\/16\\\/meeting-unitaire-pour-la-levee-de-letat-durgence-17-decembre\\\/\",\"url\":\"https:\\\/\\\/solidaires-etudiant-e-s.org\\\/site\\\/2015\\\/12\\\/16\\\/meeting-unitaire-pour-la-levee-de-letat-durgence-17-decembre\\\/\",\"name\":\"Meeting unitaire pour la lev\u00e9e de l&#039;\u00e9tat d&#039;urgence 17 d\u00e9cembre - Solidaires \u00e9tudiant-e-s\",\"isPartOf\":{\"@id\":\"https:\\\/\\\/solidaires-etudiant-e-s.org\\\/site\\\/#website\"},\"primaryImageOfPage\":{\"@id\":\"https:\\\/\\\/solidaires-etudiant-e-s.org\\\/site\\\/2015\\\/12\\\/16\\\/meeting-unitaire-pour-la-levee-de-letat-durgence-17-decembre\\\/#primaryimage\"},\"image\":{\"@id\":\"https:\\\/\\\/solidaires-etudiant-e-s.org\\\/site\\\/2015\\\/12\\\/16\\\/meeting-unitaire-pour-la-levee-de-letat-durgence-17-decembre\\\/#primaryimage\"},\"thumbnailUrl\":\"https:\\\/\\\/solidaires-etudiant-e-s.org\\\/site\\\/wp-content\\\/uploads\\\/2015\\\/12\\\/NonEtatUrgence-banderole-OKweb.gif\",\"datePublished\":\"2015-12-16T01:21:14+00:00\",\"breadcrumb\":{\"@id\":\"https:\\\/\\\/solidaires-etudiant-e-s.org\\\/site\\\/2015\\\/12\\\/16\\\/meeting-unitaire-pour-la-levee-de-letat-durgence-17-decembre\\\/#breadcrumb\"},\"inLanguage\":\"fr-FR\",\"potentialAction\":[{\"@type\":\"ReadAction\",\"target\":[\"https:\\\/\\\/solidaires-etudiant-e-s.org\\\/site\\\/2015\\\/12\\\/16\\\/meeting-unitaire-pour-la-levee-de-letat-durgence-17-decembre\\\/\"]}]},{\"@type\":\"ImageObject\",\"inLanguage\":\"fr-FR\",\"@id\":\"https:\\\/\\\/solidaires-etudiant-e-s.org\\\/site\\\/2015\\\/12\\\/16\\\/meeting-unitaire-pour-la-levee-de-letat-durgence-17-decembre\\\/#primaryimage\",\"url\":\"https:\\\/\\\/solidaires-etudiant-e-s.org\\\/site\\\/wp-content\\\/uploads\\\/2015\\\/12\\\/NonEtatUrgence-banderole-OKweb.gif\",\"contentUrl\":\"https:\\\/\\\/solidaires-etudiant-e-s.org\\\/site\\\/wp-content\\\/uploads\\\/2015\\\/12\\\/NonEtatUrgence-banderole-OKweb.gif\",\"width\":1200,\"height\":424},{\"@type\":\"BreadcrumbList\",\"@id\":\"https:\\\/\\\/solidaires-etudiant-e-s.org\\\/site\\\/2015\\\/12\\\/16\\\/meeting-unitaire-pour-la-levee-de-letat-durgence-17-decembre\\\/#breadcrumb\",\"itemListElement\":[{\"@type\":\"ListItem\",\"position\":1,\"name\":\"Accueil\",\"item\":\"https:\\\/\\\/solidaires-etudiant-e-s.org\\\/site\\\/\"},{\"@type\":\"ListItem\",\"position\":2,\"name\":\"Meeting unitaire pour la lev\u00e9e de l&#039;\u00e9tat d&#039;urgence 17 d\u00e9cembre\"}]},{\"@type\":\"WebSite\",\"@id\":\"https:\\\/\\\/solidaires-etudiant-e-s.org\\\/site\\\/#website\",\"url\":\"https:\\\/\\\/solidaires-etudiant-e-s.org\\\/site\\\/\",\"name\":\"Solidaires \u00e9tudiant-e-s\",\"description\":\"Syndicats pour un enseignement sup\u00e9rieur gratuit, ouvert, et \u00e9mancipateur !\",\"publisher\":{\"@id\":\"https:\\\/\\\/solidaires-etudiant-e-s.org\\\/site\\\/#organization\"},\"potentialAction\":[{\"@type\":\"SearchAction\",\"target\":{\"@type\":\"EntryPoint\",\"urlTemplate\":\"https:\\\/\\\/solidaires-etudiant-e-s.org\\\/site\\\/?s={search_term_string}\"},\"query-input\":{\"@type\":\"PropertyValueSpecification\",\"valueRequired\":true,\"valueName\":\"search_term_string\"}}],\"inLanguage\":\"fr-FR\"},{\"@type\":\"Organization\",\"@id\":\"https:\\\/\\\/solidaires-etudiant-e-s.org\\\/site\\\/#organization\",\"name\":\"Solidaires \u00e9tudiant-e-s\",\"url\":\"https:\\\/\\\/solidaires-etudiant-e-s.org\\\/site\\\/\",\"logo\":{\"@type\":\"ImageObject\",\"inLanguage\":\"fr-FR\",\"@id\":\"https:\\\/\\\/solidaires-etudiant-e-s.org\\\/site\\\/#\\\/schema\\\/logo\\\/image\\\/\",\"url\":\"https:\\\/\\\/solidaires-etudiant-e-s.org\\\/site\\\/wp-content\\\/uploads\\\/2025\\\/12\\\/13-1.png\",\"contentUrl\":\"https:\\\/\\\/solidaires-etudiant-e-s.org\\\/site\\\/wp-content\\\/uploads\\\/2025\\\/12\\\/13-1.png\",\"width\":1181,\"height\":827,\"caption\":\"Solidaires \u00e9tudiant-e-s\"},\"image\":{\"@id\":\"https:\\\/\\\/solidaires-etudiant-e-s.org\\\/site\\\/#\\\/schema\\\/logo\\\/image\\\/\"},\"sameAs\":[\"https:\\\/\\\/www.facebook.com\\\/solidairesetudiantes\",\"https:\\\/\\\/x.com\\\/SolidairesEtu\",\"https:\\\/\\\/www.instagram.com\\\/solidairesetu\\\/\",\"https:\\\/\\\/bsky.app\\\/profile\\\/solidaires-etudiant-e-s.org\",\"https:\\\/\\\/mastodon.social\\\/@solidairesetu\",\"https:\\\/\\\/www.youtube.com\\\/channel\\\/UC_iZN9gmVAAnXbBM7wAWOag\"]},{\"@type\":\"Person\",\"@id\":\"https:\\\/\\\/solidaires-etudiant-e-s.org\\\/site\\\/#\\\/schema\\\/person\\\/0efb3e0ff4e2f12b5a5abcd4352aa86c\",\"name\":\"Solidaires \u00e9tudiant-e-s\",\"image\":{\"@type\":\"ImageObject\",\"inLanguage\":\"fr-FR\",\"@id\":\"https:\\\/\\\/solidaires-etudiant-e-s.org\\\/site\\\/wp-content\\\/uploads\\\/2020\\\/01\\\/logo-SESL-rond-512-96x96.png\",\"url\":\"https:\\\/\\\/solidaires-etudiant-e-s.org\\\/site\\\/wp-content\\\/uploads\\\/2020\\\/01\\\/logo-SESL-rond-512-96x96.png\",\"contentUrl\":\"https:\\\/\\\/solidaires-etudiant-e-s.org\\\/site\\\/wp-content\\\/uploads\\\/2020\\\/01\\\/logo-SESL-rond-512-96x96.png\",\"caption\":\"Solidaires \u00e9tudiant-e-s\"},\"sameAs\":[\"https:\\\/\\\/solidaires-etudiant.org\\\/site\",\"https:\\\/\\\/www.facebook.com\\\/solidairesetudiantes\",\"https:\\\/\\\/www.instagram.com\\\/solidairesetu\",\"https:\\\/\\\/x.com\\\/SolidairesEtu\",\"https:\\\/\\\/fr.wikipedia.org\\\/wiki\\\/Solidaires_tudiant-e-s\"]}]}<\/script>\n<!-- \/ Yoast SEO plugin. -->","yoast_head_json":{"title":"Meeting unitaire pour la lev\u00e9e de l&#039;\u00e9tat d&#039;urgence 17 d\u00e9cembre - Solidaires \u00e9tudiant-e-s","robots":{"index":"index","follow":"follow","max-snippet":"max-snippet:-1","max-image-preview":"max-image-preview:large","max-video-preview":"max-video-preview:-1"},"canonical":"https:\/\/solidaires-etudiant-e-s.org\/site\/2015\/12\/16\/meeting-unitaire-pour-la-levee-de-letat-durgence-17-decembre\/","og_locale":"fr_FR","og_type":"article","og_title":"Meeting unitaire pour la lev\u00e9e de l&#039;\u00e9tat d&#039;urgence 17 d\u00e9cembre - Solidaires \u00e9tudiant-e-s","og_description":"Le 17 d\u00e9cembre 2015 \u00e0 19h A la Bourse de Travail \u2013 [&hellip;]","og_url":"https:\/\/solidaires-etudiant-e-s.org\/site\/2015\/12\/16\/meeting-unitaire-pour-la-levee-de-letat-durgence-17-decembre\/","og_site_name":"Solidaires \u00e9tudiant-e-s","article_publisher":"https:\/\/www.facebook.com\/solidairesetudiantes","article_author":"https:\/\/www.facebook.com\/solidairesetudiantes","article_published_time":"2015-12-16T01:21:14+00:00","og_image":[{"width":1200,"height":424,"url":"https:\/\/solidaires-etudiant-e-s.org\/site\/wp-content\/uploads\/2015\/12\/NonEtatUrgence-banderole-OKweb.gif","type":"image\/gif"}],"author":"Solidaires \u00e9tudiant-e-s","twitter_card":"summary_large_image","twitter_creator":"@SolidairesEtu","twitter_site":"@SolidairesEtu","twitter_misc":{"\u00c9crit par":"Solidaires \u00e9tudiant-e-s","Dur\u00e9e de lecture estim\u00e9e":"1 minute"},"schema":{"@context":"https:\/\/schema.org","@graph":[{"@type":"Article","@id":"https:\/\/solidaires-etudiant-e-s.org\/site\/2015\/12\/16\/meeting-unitaire-pour-la-levee-de-letat-durgence-17-decembre\/#article","isPartOf":{"@id":"https:\/\/solidaires-etudiant-e-s.org\/site\/2015\/12\/16\/meeting-unitaire-pour-la-levee-de-letat-durgence-17-decembre\/"},"author":{"name":"Solidaires \u00e9tudiant-e-s","@id":"https:\/\/solidaires-etudiant-e-s.org\/site\/#\/schema\/person\/0efb3e0ff4e2f12b5a5abcd4352aa86c"},"headline":"Meeting unitaire pour la lev\u00e9e de l&#039;\u00e9tat d&#039;urgence 17 d\u00e9cembre","datePublished":"2015-12-16T01:21:14+00:00","mainEntityOfPage":{"@id":"https:\/\/solidaires-etudiant-e-s.org\/site\/2015\/12\/16\/meeting-unitaire-pour-la-levee-de-letat-durgence-17-decembre\/"},"wordCount":202,"publisher":{"@id":"https:\/\/solidaires-etudiant-e-s.org\/site\/#organization"},"image":{"@id":"https:\/\/solidaires-etudiant-e-s.org\/site\/2015\/12\/16\/meeting-unitaire-pour-la-levee-de-letat-durgence-17-decembre\/#primaryimage"},"thumbnailUrl":"https:\/\/solidaires-etudiant-e-s.org\/site\/wp-content\/uploads\/2015\/12\/NonEtatUrgence-banderole-OKweb.gif","keywords":["\u00e9tat d'urgence","slide-show","slider"],"articleSection":["INTERPRO"],"inLanguage":"fr-FR"},{"@type":"WebPage","@id":"https:\/\/solidaires-etudiant-e-s.org\/site\/2015\/12\/16\/meeting-unitaire-pour-la-levee-de-letat-durgence-17-decembre\/","url":"https:\/\/solidaires-etudiant-e-s.org\/site\/2015\/12\/16\/meeting-unitaire-pour-la-levee-de-letat-durgence-17-decembre\/","name":"Meeting unitaire pour la lev\u00e9e de l&#039;\u00e9tat d&#039;urgence 17 d\u00e9cembre - Solidaires \u00e9tudiant-e-s","isPartOf":{"@id":"https:\/\/solidaires-etudiant-e-s.org\/site\/#website"},"primaryImageOfPage":{"@id":"https:\/\/solidaires-etudiant-e-s.org\/site\/2015\/12\/16\/meeting-unitaire-pour-la-levee-de-letat-durgence-17-decembre\/#primaryimage"},"image":{"@id":"https:\/\/solidaires-etudiant-e-s.org\/site\/2015\/12\/16\/meeting-unitaire-pour-la-levee-de-letat-durgence-17-decembre\/#primaryimage"},"thumbnailUrl":"https:\/\/solidaires-etudiant-e-s.org\/site\/wp-content\/uploads\/2015\/12\/NonEtatUrgence-banderole-OKweb.gif","datePublished":"2015-12-16T01:21:14+00:00","breadcrumb":{"@id":"https:\/\/solidaires-etudiant-e-s.org\/site\/2015\/12\/16\/meeting-unitaire-pour-la-levee-de-letat-durgence-17-decembre\/#breadcrumb"},"inLanguage":"fr-FR","potentialAction":[{"@type":"ReadAction","target":["https:\/\/solidaires-etudiant-e-s.org\/site\/2015\/12\/16\/meeting-unitaire-pour-la-levee-de-letat-durgence-17-decembre\/"]}]},{"@type":"ImageObject","inLanguage":"fr-FR","@id":"https:\/\/solidaires-etudiant-e-s.org\/site\/2015\/12\/16\/meeting-unitaire-pour-la-levee-de-letat-durgence-17-decembre\/#primaryimage","url":"https:\/\/solidaires-etudiant-e-s.org\/site\/wp-content\/uploads\/2015\/12\/NonEtatUrgence-banderole-OKweb.gif","contentUrl":"https:\/\/solidaires-etudiant-e-s.org\/site\/wp-content\/uploads\/2015\/12\/NonEtatUrgence-banderole-OKweb.gif","width":1200,"height":424},{"@type":"BreadcrumbList","@id":"https:\/\/solidaires-etudiant-e-s.org\/site\/2015\/12\/16\/meeting-unitaire-pour-la-levee-de-letat-durgence-17-decembre\/#breadcrumb","itemListElement":[{"@type":"ListItem","position":1,"name":"Accueil","item":"https:\/\/solidaires-etudiant-e-s.org\/site\/"},{"@type":"ListItem","position":2,"name":"Meeting unitaire pour la lev\u00e9e de l&#039;\u00e9tat d&#039;urgence 17 d\u00e9cembre"}]},{"@type":"WebSite","@id":"https:\/\/solidaires-etudiant-e-s.org\/site\/#website","url":"https:\/\/solidaires-etudiant-e-s.org\/site\/","name":"Solidaires \u00e9tudiant-e-s","description":"Syndicats pour un enseignement sup\u00e9rieur gratuit, ouvert, et \u00e9mancipateur !","publisher":{"@id":"https:\/\/solidaires-etudiant-e-s.org\/site\/#organization"},"potentialAction":[{"@type":"SearchAction","target":{"@type":"EntryPoint","urlTemplate":"https:\/\/solidaires-etudiant-e-s.org\/site\/?s={search_term_string}"},"query-input":{"@type":"PropertyValueSpecification","valueRequired":true,"valueName":"search_term_string"}}],"inLanguage":"fr-FR"},{"@type":"Organization","@id":"https:\/\/solidaires-etudiant-e-s.org\/site\/#organization","name":"Solidaires \u00e9tudiant-e-s","url":"https:\/\/solidaires-etudiant-e-s.org\/site\/","logo":{"@type":"ImageObject","inLanguage":"fr-FR","@id":"https:\/\/solidaires-etudiant-e-s.org\/site\/#\/schema\/logo\/image\/","url":"https:\/\/solidaires-etudiant-e-s.org\/site\/wp-content\/uploads\/2025\/12\/13-1.png","contentUrl":"https:\/\/solidaires-etudiant-e-s.org\/site\/wp-content\/uploads\/2025\/12\/13-1.png","width":1181,"height":827,"caption":"Solidaires \u00e9tudiant-e-s"},"image":{"@id":"https:\/\/solidaires-etudiant-e-s.org\/site\/#\/schema\/logo\/image\/"},"sameAs":["https:\/\/www.facebook.com\/solidairesetudiantes","https:\/\/x.com\/SolidairesEtu","https:\/\/www.instagram.com\/solidairesetu\/","https:\/\/bsky.app\/profile\/solidaires-etudiant-e-s.org","https:\/\/mastodon.social\/@solidairesetu","https:\/\/www.youtube.com\/channel\/UC_iZN9gmVAAnXbBM7wAWOag"]},{"@type":"Person","@id":"https:\/\/solidaires-etudiant-e-s.org\/site\/#\/schema\/person\/0efb3e0ff4e2f12b5a5abcd4352aa86c","name":"Solidaires \u00e9tudiant-e-s","image":{"@type":"ImageObject","inLanguage":"fr-FR","@id":"https:\/\/solidaires-etudiant-e-s.org\/site\/wp-content\/uploads\/2020\/01\/logo-SESL-rond-512-96x96.png","url":"https:\/\/solidaires-etudiant-e-s.org\/site\/wp-content\/uploads\/2020\/01\/logo-SESL-rond-512-96x96.png","contentUrl":"https:\/\/solidaires-etudiant-e-s.org\/site\/wp-content\/uploads\/2020\/01\/logo-SESL-rond-512-96x96.png","caption":"Solidaires \u00e9tudiant-e-s"},"sameAs":["https:\/\/solidaires-etudiant.org\/site","https:\/\/www.facebook.com\/solidairesetudiantes","https:\/\/www.instagram.com\/solidairesetu","https:\/\/x.com\/SolidairesEtu","https:\/\/fr.wikipedia.org\/wiki\/Solidaires_tudiant-e-s"]}]}},"_links":{"self":[{"href":"https:\/\/solidaires-etudiant-e-s.org\/site\/wp-json\/wp\/v2\/posts\/2673","targetHints":{"allow":["GET"]}}],"collection":[{"href":"https:\/\/solidaires-etudiant-e-s.org\/site\/wp-json\/wp\/v2\/posts"}],"about":[{"href":"https:\/\/solidaires-etudiant-e-s.org\/site\/wp-json\/wp\/v2\/types\/post"}],"author":[{"embeddable":true,"href":"https:\/\/solidaires-etudiant-e-s.org\/site\/wp-json\/wp\/v2\/users\/1"}],"replies":[{"embeddable":true,"href":"https:\/\/solidaires-etudiant-e-s.org\/site\/wp-json\/wp\/v2\/comments?post=2673"}],"version-history":[{"count":0,"href":"https:\/\/solidaires-etudiant-e-s.org\/site\/wp-json\/wp\/v2\/posts\/2673\/revisions"}],"wp:featuredmedia":[{"embeddable":true,"href":"https:\/\/solidaires-etudiant-e-s.org\/site\/wp-json\/wp\/v2\/media\/2674"}],"wp:attachment":[{"href":"https:\/\/solidaires-etudiant-e-s.org\/site\/wp-json\/wp\/v2\/media?parent=2673"}],"wp:term":[{"taxonomy":"category","embeddable":true,"href":"https:\/\/solidaires-etudiant-e-s.org\/site\/wp-json\/wp\/v2\/categories?post=2673"},{"taxonomy":"post_tag","embeddable":true,"href":"https:\/\/solidaires-etudiant-e-s.org\/site\/wp-json\/wp\/v2\/tags?post=2673"}],"curies":[{"name":"wp","href":"https:\/\/api.w.org\/{rel}","templated":true}]}}