{"id":2638,"date":"2015-11-25T17:23:13","date_gmt":"2015-11-25T16:23:13","guid":{"rendered":"http:\/\/www.solidaires-etudiant.org\/?p=2638"},"modified":"2015-11-25T17:23:13","modified_gmt":"2015-11-25T16:23:13","slug":"communique-marche-mondiale-29-novembre-etat-durgence","status":"publish","type":"post","link":"https:\/\/solidaires-etudiant-e-s.org\/site\/2015\/11\/25\/communique-marche-mondiale-29-novembre-etat-durgence\/","title":{"rendered":"Communiqu\u00e9 marche mondiale 29 novembre &#8211; \u00e9tat d&#039;urgence"},"content":{"rendered":"<p align=\"center\"><span style=\"color: #eb613d;\"><span style=\"font-family: Berlin Sans FB Demi,sans-serif;\"><span style=\"font-size: x-large;\"><b>Face \u00e0 l&rsquo;\u00e9tat d&rsquo;urgence et \u00e0 la mascarade de la COP21<\/b><\/span><\/span><\/span><\/p>\n<p align=\"center\"><span style=\"font-family: Berlin Sans FB Demi,sans-serif;\"><span style=\"color: #eb613d;\"><span style=\"font-size: x-large;\"><b>Refusons l&rsquo;interdiction de manifester<\/b><\/span><\/span><b> <\/b><\/span><\/p>\n<p align=\"justify\"><span style=\"font-family: Calibri,sans-serif;\"> La violence des attaques du vendredi 13 novembre ne justifie en rien l&rsquo;\u00e9touffement des mobilisations sociales sous pr\u00e9texte de deuil national ou de mesures de s\u00e9curit\u00e9. <\/span><\/p>\n<p align=\"justify\"><span style=\"font-family: Calibri,sans-serif;\"> \u00ab\u00a0La s\u00e9curit\u00e9, est la premi\u00e8re des libert\u00e9s\u00a0\u00bb, assure Manuel Valls, reprenant \u00e0 son compte une rh\u00e9torique et des mesures s\u00e9curitaires que l&rsquo;extr\u00eame-droite elle-m\u00eame ne renierait pas. Les plus libres, sans aucun doute, ce sont les dirigeant-e-s de tous les pays qui participeront \u00e0 la COP21 dans quelques jours. Les effectifs policiers pour la s\u00e9curiser et faire du Bourget, plus encore qu&rsquo;avant les attentats, une forteresse inaccessible, seront bel et bien d\u00e9ploy\u00e9s. <\/span><\/p>\n<p align=\"justify\"><span style=\"font-family: Calibri,sans-serif;\"> L&rsquo;\u00e9tat d&rsquo;urgence, ce mot-valise qui justifie tout, implique de renforcer les effectifs pour permettre la tenue d&rsquo;un grand sommet inutile\u2026 et de censurer toute mobilisation qui ne s&rsquo;incline pas devant la politique des pouvoirs en place. La Marche mondiale pour le climat du dimanche 29 novembre, o\u00f9 des centaines de milliers de personnes du monde entier \u00e9taient attendues pour protester contre le manque de volont\u00e9 politique des dirigeant-e-s en mati\u00e8re de r\u00e9chauffement climatique, et proposer des alternatives, est interdite. <\/span><\/p>\n<p align=\"justify\"><span style=\"font-family: Calibri,sans-serif;\"> Nous d\u00e9non\u00e7ons l&rsquo;hypocrisie qui consiste \u00e0 museler les protestations en jouant sur des arguments s\u00e9curitaires et sous pr\u00e9texte de prot\u00e9ger les manifestant-es. L&rsquo;exp\u00e9rience a prouv\u00e9 que nous ne sommes pas prot\u00e9g\u00e9-e-s contre l&rsquo;arbitraire et la stupidit\u00e9 de vos d\u00e9cisions politiques.<\/span><\/p>\n<p align=\"justify\"><span style=\"font-family: Calibri,sans-serif;\"> Nous manifesterons dimanche, conscient-e-s du point commun entre ces interdictions et le d\u00e9roulement m\u00eame de chaque Conf\u00e9rence des Parties depuis 21 ans\u00a0: la construction d&rsquo;une id\u00e9ologie de l&rsquo;union \u2013 contre le terrorisme, pour sauver le climat \u2013 qui sert aux dirigeant-e-s \u00e0 blanchir leur image en occultant les int\u00e9r\u00eats g\u00e9opolitiques et \u00e9conomiques qui les guident.<\/span><\/p>\n<p align=\"center\"><span style=\"color: #000000;\"><span style=\"font-family: Calibri,sans-serif;\"><span style=\"font-size: small;\"><i>Solidaires \u00e9tudiant-e-s, syndicats de luttes \/ <\/i><\/span><\/span><\/span><span style=\"color: #000000;\"><span style=\"font-family: Calibri,sans-serif;\"><span style=\"font-size: small;\">Porte-parolat\u00a0: <\/span><\/span><\/span><span style=\"color: #000000;\"><span style=\"font-family: Calibri,sans-serif;\"><span style=\"font-size: small;\"><i>06.86.80.24.45 \/<\/i><\/span><\/span><\/span><\/p>\n<p align=\"center\"><a href=\"https:\/\/solidaires-etudiant.org\/site\/\"><span style=\"color: #000000;\"><span style=\"font-family: Calibri,sans-serif;\"><span style=\"font-size: small;\"><i><u>https:\/\/solidaires-etudiant.org\/site<\/u><\/i><\/span><\/span><\/span><\/a><span style=\"color: #000000;\"><span style=\"font-family: Calibri,sans-serif;\"><span style=\"font-size: small;\"><i> \/ contact@solidaires-etudiant-e-s.<\/i><\/span><\/span><\/span><span style=\"color: #000000;\"><span style=\"font-family: Calibri,sans-serif;\"><span style=\"font-size: small;\"><i>org<\/i><\/span><\/span><\/span><\/p>\n<p>&nbsp;<br \/>\n&nbsp;<br \/>\n&nbsp;<br \/>\n<a href=\"http:\/\/www.solidaires-etudiant.org\/wp-content\/uploads\/2015\/11\/Communiqu\u00e9-marche-mondiale-29-d\u00e9cembre-\u00e9tat-durgence.pdf\"><img loading=\"lazy\" decoding=\"async\" class=\"aligncenter wp-image-274\" src=\"http:\/\/www.solidaires-etudiant.org\/wp-content\/uploads\/2014\/02\/adobe.png\" alt=\"pdf\" width=\"181\" height=\"181\" srcset=\"https:\/\/solidaires-etudiant-e-s.org\/site\/wp-content\/uploads\/2014\/02\/adobe.png 256w, https:\/\/solidaires-etudiant-e-s.org\/site\/wp-content\/uploads\/2014\/02\/adobe-150x150.png 150w\" sizes=\"auto, (max-width: 181px) 100vw, 181px\" \/><\/a><\/p>\n","protected":false},"excerpt":{"rendered":"<p>Face \u00e0 l&rsquo;\u00e9tat d&rsquo;urgence et \u00e0 la mascarade de la COP21 Refusons [&hellip;]<\/p>\n","protected":false},"author":1,"featured_media":2641,"comment_status":"closed","ping_status":"closed","sticky":false,"template":"","format":"standard","meta":{"cybocfi_hide_featured_image":"","footnotes":""},"categories":[10,24],"tags":[306,308,359,444,474,633,728,747,1025,1049,1177],"class_list":["post-2638","post","type-post","status-publish","format-standard","has-post-thumbnail","hentry","category-communiques","category-international","tag-communique","tag-communiques-2","tag-cop21","tag-ecologie","tag-etat-durgence","tag-interdiction","tag-lois-securitaires","tag-manifestation","tag-securitaire","tag-slider","tag-violences-policieres","col-md-4 col-sm-4"],"featured_image_src":"https:\/\/solidaires-etudiant-e-s.org\/site\/wp-content\/uploads\/2015\/11\/cop21.jpg","author_info":{"display_name":"Solidaires \u00e9tudiant-e-s","author_link":false},"yoast_head":"<!-- This site is optimized with the Yoast SEO plugin v27.4 - https:\/\/yoast.com\/product\/yoast-seo-wordpress\/ -->\n<title>Communiqu\u00e9 marche mondiale 29 novembre - \u00e9tat d&#039;urgence - Solidaires \u00e9tudiant-e-s<\/title>\n<meta name=\"robots\" content=\"index, follow, max-snippet:-1, max-image-preview:large, max-video-preview:-1\" \/>\n<link rel=\"canonical\" href=\"https:\/\/solidaires-etudiant-e-s.org\/site\/2015\/11\/25\/communique-marche-mondiale-29-novembre-etat-durgence\/\" \/>\n<meta property=\"og:locale\" content=\"fr_FR\" \/>\n<meta property=\"og:type\" content=\"article\" \/>\n<meta property=\"og:title\" content=\"Communiqu\u00e9 marche mondiale 29 novembre - \u00e9tat d&#039;urgence - Solidaires \u00e9tudiant-e-s\" \/>\n<meta property=\"og:description\" content=\"Face \u00e0 l&rsquo;\u00e9tat d&rsquo;urgence et \u00e0 la mascarade de la COP21 Refusons [&hellip;]\" \/>\n<meta property=\"og:url\" content=\"https:\/\/solidaires-etudiant-e-s.org\/site\/2015\/11\/25\/communique-marche-mondiale-29-novembre-etat-durgence\/\" \/>\n<meta property=\"og:site_name\" content=\"Solidaires \u00e9tudiant-e-s\" \/>\n<meta property=\"article:publisher\" content=\"https:\/\/www.facebook.com\/solidairesetudiantes\" \/>\n<meta property=\"article:author\" content=\"https:\/\/www.facebook.com\/solidairesetudiantes\" \/>\n<meta property=\"article:published_time\" content=\"2015-11-25T16:23:13+00:00\" \/>\n<meta property=\"og:image\" content=\"https:\/\/solidaires-etudiant-e-s.org\/site\/wp-content\/uploads\/2015\/11\/cop21.jpg\" \/>\n\t<meta property=\"og:image:width\" content=\"2259\" \/>\n\t<meta property=\"og:image:height\" content=\"2273\" \/>\n\t<meta property=\"og:image:type\" content=\"image\/jpeg\" \/>\n<meta name=\"author\" content=\"Solidaires \u00e9tudiant-e-s\" \/>\n<meta name=\"twitter:card\" content=\"summary_large_image\" \/>\n<meta name=\"twitter:creator\" content=\"@SolidairesEtu\" \/>\n<meta name=\"twitter:site\" content=\"@SolidairesEtu\" \/>\n<meta name=\"twitter:label1\" content=\"\u00c9crit par\" \/>\n\t<meta name=\"twitter:data1\" content=\"Solidaires \u00e9tudiant-e-s\" \/>\n\t<meta name=\"twitter:label2\" content=\"Dur\u00e9e de lecture estim\u00e9e\" \/>\n\t<meta name=\"twitter:data2\" content=\"2 minutes\" \/>\n<script type=\"application\/ld+json\" class=\"yoast-schema-graph\">{\"@context\":\"https:\\\/\\\/schema.org\",\"@graph\":[{\"@type\":\"Article\",\"@id\":\"https:\\\/\\\/solidaires-etudiant-e-s.org\\\/site\\\/2015\\\/11\\\/25\\\/communique-marche-mondiale-29-novembre-etat-durgence\\\/#article\",\"isPartOf\":{\"@id\":\"https:\\\/\\\/solidaires-etudiant-e-s.org\\\/site\\\/2015\\\/11\\\/25\\\/communique-marche-mondiale-29-novembre-etat-durgence\\\/\"},\"author\":{\"name\":\"Solidaires \u00e9tudiant-e-s\",\"@id\":\"https:\\\/\\\/solidaires-etudiant-e-s.org\\\/site\\\/#\\\/schema\\\/person\\\/0efb3e0ff4e2f12b5a5abcd4352aa86c\"},\"headline\":\"Communiqu\u00e9 marche mondiale 29 novembre &#8211; \u00e9tat d&#039;urgence\",\"datePublished\":\"2015-11-25T16:23:13+00:00\",\"mainEntityOfPage\":{\"@id\":\"https:\\\/\\\/solidaires-etudiant-e-s.org\\\/site\\\/2015\\\/11\\\/25\\\/communique-marche-mondiale-29-novembre-etat-durgence\\\/\"},\"wordCount\":344,\"publisher\":{\"@id\":\"https:\\\/\\\/solidaires-etudiant-e-s.org\\\/site\\\/#organization\"},\"image\":{\"@id\":\"https:\\\/\\\/solidaires-etudiant-e-s.org\\\/site\\\/2015\\\/11\\\/25\\\/communique-marche-mondiale-29-novembre-etat-durgence\\\/#primaryimage\"},\"thumbnailUrl\":\"https:\\\/\\\/solidaires-etudiant-e-s.org\\\/site\\\/wp-content\\\/uploads\\\/2015\\\/11\\\/cop21.jpg\",\"keywords\":[\"communique\",\"communiqu\u00e9s\",\"cop21\",\"\u00e9cologie\",\"\u00e9tat d'urgence\",\"interdiction\",\"lois s\u00e9curitaires\",\"manifestation\",\"s\u00e9curitaire\",\"slider\",\"violences polici\u00e8res\"],\"articleSection\":[\"COMMUNIQUES NATIONAUX\",\"INTERNATIONAL\"],\"inLanguage\":\"fr-FR\"},{\"@type\":\"WebPage\",\"@id\":\"https:\\\/\\\/solidaires-etudiant-e-s.org\\\/site\\\/2015\\\/11\\\/25\\\/communique-marche-mondiale-29-novembre-etat-durgence\\\/\",\"url\":\"https:\\\/\\\/solidaires-etudiant-e-s.org\\\/site\\\/2015\\\/11\\\/25\\\/communique-marche-mondiale-29-novembre-etat-durgence\\\/\",\"name\":\"Communiqu\u00e9 marche mondiale 29 novembre - \u00e9tat d&#039;urgence - Solidaires \u00e9tudiant-e-s\",\"isPartOf\":{\"@id\":\"https:\\\/\\\/solidaires-etudiant-e-s.org\\\/site\\\/#website\"},\"primaryImageOfPage\":{\"@id\":\"https:\\\/\\\/solidaires-etudiant-e-s.org\\\/site\\\/2015\\\/11\\\/25\\\/communique-marche-mondiale-29-novembre-etat-durgence\\\/#primaryimage\"},\"image\":{\"@id\":\"https:\\\/\\\/solidaires-etudiant-e-s.org\\\/site\\\/2015\\\/11\\\/25\\\/communique-marche-mondiale-29-novembre-etat-durgence\\\/#primaryimage\"},\"thumbnailUrl\":\"https:\\\/\\\/solidaires-etudiant-e-s.org\\\/site\\\/wp-content\\\/uploads\\\/2015\\\/11\\\/cop21.jpg\",\"datePublished\":\"2015-11-25T16:23:13+00:00\",\"breadcrumb\":{\"@id\":\"https:\\\/\\\/solidaires-etudiant-e-s.org\\\/site\\\/2015\\\/11\\\/25\\\/communique-marche-mondiale-29-novembre-etat-durgence\\\/#breadcrumb\"},\"inLanguage\":\"fr-FR\",\"potentialAction\":[{\"@type\":\"ReadAction\",\"target\":[\"https:\\\/\\\/solidaires-etudiant-e-s.org\\\/site\\\/2015\\\/11\\\/25\\\/communique-marche-mondiale-29-novembre-etat-durgence\\\/\"]}]},{\"@type\":\"ImageObject\",\"inLanguage\":\"fr-FR\",\"@id\":\"https:\\\/\\\/solidaires-etudiant-e-s.org\\\/site\\\/2015\\\/11\\\/25\\\/communique-marche-mondiale-29-novembre-etat-durgence\\\/#primaryimage\",\"url\":\"https:\\\/\\\/solidaires-etudiant-e-s.org\\\/site\\\/wp-content\\\/uploads\\\/2015\\\/11\\\/cop21.jpg\",\"contentUrl\":\"https:\\\/\\\/solidaires-etudiant-e-s.org\\\/site\\\/wp-content\\\/uploads\\\/2015\\\/11\\\/cop21.jpg\",\"width\":2259,\"height\":2273},{\"@type\":\"BreadcrumbList\",\"@id\":\"https:\\\/\\\/solidaires-etudiant-e-s.org\\\/site\\\/2015\\\/11\\\/25\\\/communique-marche-mondiale-29-novembre-etat-durgence\\\/#breadcrumb\",\"itemListElement\":[{\"@type\":\"ListItem\",\"position\":1,\"name\":\"Accueil\",\"item\":\"https:\\\/\\\/solidaires-etudiant-e-s.org\\\/site\\\/\"},{\"@type\":\"ListItem\",\"position\":2,\"name\":\"Communiqu\u00e9 marche mondiale 29 novembre &#8211; \u00e9tat d&#039;urgence\"}]},{\"@type\":\"WebSite\",\"@id\":\"https:\\\/\\\/solidaires-etudiant-e-s.org\\\/site\\\/#website\",\"url\":\"https:\\\/\\\/solidaires-etudiant-e-s.org\\\/site\\\/\",\"name\":\"Solidaires \u00e9tudiant-e-s\",\"description\":\"Syndicats pour un enseignement sup\u00e9rieur gratuit, ouvert, et \u00e9mancipateur !\",\"publisher\":{\"@id\":\"https:\\\/\\\/solidaires-etudiant-e-s.org\\\/site\\\/#organization\"},\"potentialAction\":[{\"@type\":\"SearchAction\",\"target\":{\"@type\":\"EntryPoint\",\"urlTemplate\":\"https:\\\/\\\/solidaires-etudiant-e-s.org\\\/site\\\/?s={search_term_string}\"},\"query-input\":{\"@type\":\"PropertyValueSpecification\",\"valueRequired\":true,\"valueName\":\"search_term_string\"}}],\"inLanguage\":\"fr-FR\"},{\"@type\":\"Organization\",\"@id\":\"https:\\\/\\\/solidaires-etudiant-e-s.org\\\/site\\\/#organization\",\"name\":\"Solidaires \u00e9tudiant-e-s\",\"url\":\"https:\\\/\\\/solidaires-etudiant-e-s.org\\\/site\\\/\",\"logo\":{\"@type\":\"ImageObject\",\"inLanguage\":\"fr-FR\",\"@id\":\"https:\\\/\\\/solidaires-etudiant-e-s.org\\\/site\\\/#\\\/schema\\\/logo\\\/image\\\/\",\"url\":\"https:\\\/\\\/solidaires-etudiant-e-s.org\\\/site\\\/wp-content\\\/uploads\\\/2025\\\/12\\\/13-1.png\",\"contentUrl\":\"https:\\\/\\\/solidaires-etudiant-e-s.org\\\/site\\\/wp-content\\\/uploads\\\/2025\\\/12\\\/13-1.png\",\"width\":1181,\"height\":827,\"caption\":\"Solidaires \u00e9tudiant-e-s\"},\"image\":{\"@id\":\"https:\\\/\\\/solidaires-etudiant-e-s.org\\\/site\\\/#\\\/schema\\\/logo\\\/image\\\/\"},\"sameAs\":[\"https:\\\/\\\/www.facebook.com\\\/solidairesetudiantes\",\"https:\\\/\\\/x.com\\\/SolidairesEtu\",\"https:\\\/\\\/www.instagram.com\\\/solidairesetu\\\/\",\"https:\\\/\\\/bsky.app\\\/profile\\\/solidaires-etudiant-e-s.org\",\"https:\\\/\\\/mastodon.social\\\/@solidairesetu\",\"https:\\\/\\\/www.youtube.com\\\/channel\\\/UC_iZN9gmVAAnXbBM7wAWOag\"]},{\"@type\":\"Person\",\"@id\":\"https:\\\/\\\/solidaires-etudiant-e-s.org\\\/site\\\/#\\\/schema\\\/person\\\/0efb3e0ff4e2f12b5a5abcd4352aa86c\",\"name\":\"Solidaires \u00e9tudiant-e-s\",\"image\":{\"@type\":\"ImageObject\",\"inLanguage\":\"fr-FR\",\"@id\":\"https:\\\/\\\/solidaires-etudiant-e-s.org\\\/site\\\/wp-content\\\/uploads\\\/2020\\\/01\\\/logo-SESL-rond-512-96x96.png\",\"url\":\"https:\\\/\\\/solidaires-etudiant-e-s.org\\\/site\\\/wp-content\\\/uploads\\\/2020\\\/01\\\/logo-SESL-rond-512-96x96.png\",\"contentUrl\":\"https:\\\/\\\/solidaires-etudiant-e-s.org\\\/site\\\/wp-content\\\/uploads\\\/2020\\\/01\\\/logo-SESL-rond-512-96x96.png\",\"caption\":\"Solidaires \u00e9tudiant-e-s\"},\"sameAs\":[\"https:\\\/\\\/solidaires-etudiant.org\\\/site\",\"https:\\\/\\\/www.facebook.com\\\/solidairesetudiantes\",\"https:\\\/\\\/www.instagram.com\\\/solidairesetu\",\"https:\\\/\\\/x.com\\\/SolidairesEtu\",\"https:\\\/\\\/fr.wikipedia.org\\\/wiki\\\/Solidaires_tudiant-e-s\"]}]}<\/script>\n<!-- \/ Yoast SEO plugin. -->","yoast_head_json":{"title":"Communiqu\u00e9 marche mondiale 29 novembre - \u00e9tat d&#039;urgence - Solidaires \u00e9tudiant-e-s","robots":{"index":"index","follow":"follow","max-snippet":"max-snippet:-1","max-image-preview":"max-image-preview:large","max-video-preview":"max-video-preview:-1"},"canonical":"https:\/\/solidaires-etudiant-e-s.org\/site\/2015\/11\/25\/communique-marche-mondiale-29-novembre-etat-durgence\/","og_locale":"fr_FR","og_type":"article","og_title":"Communiqu\u00e9 marche mondiale 29 novembre - \u00e9tat d&#039;urgence - Solidaires \u00e9tudiant-e-s","og_description":"Face \u00e0 l&rsquo;\u00e9tat d&rsquo;urgence et \u00e0 la mascarade de la COP21 Refusons [&hellip;]","og_url":"https:\/\/solidaires-etudiant-e-s.org\/site\/2015\/11\/25\/communique-marche-mondiale-29-novembre-etat-durgence\/","og_site_name":"Solidaires \u00e9tudiant-e-s","article_publisher":"https:\/\/www.facebook.com\/solidairesetudiantes","article_author":"https:\/\/www.facebook.com\/solidairesetudiantes","article_published_time":"2015-11-25T16:23:13+00:00","og_image":[{"width":2259,"height":2273,"url":"https:\/\/solidaires-etudiant-e-s.org\/site\/wp-content\/uploads\/2015\/11\/cop21.jpg","type":"image\/jpeg"}],"author":"Solidaires \u00e9tudiant-e-s","twitter_card":"summary_large_image","twitter_creator":"@SolidairesEtu","twitter_site":"@SolidairesEtu","twitter_misc":{"\u00c9crit par":"Solidaires \u00e9tudiant-e-s","Dur\u00e9e de lecture estim\u00e9e":"2 minutes"},"schema":{"@context":"https:\/\/schema.org","@graph":[{"@type":"Article","@id":"https:\/\/solidaires-etudiant-e-s.org\/site\/2015\/11\/25\/communique-marche-mondiale-29-novembre-etat-durgence\/#article","isPartOf":{"@id":"https:\/\/solidaires-etudiant-e-s.org\/site\/2015\/11\/25\/communique-marche-mondiale-29-novembre-etat-durgence\/"},"author":{"name":"Solidaires \u00e9tudiant-e-s","@id":"https:\/\/solidaires-etudiant-e-s.org\/site\/#\/schema\/person\/0efb3e0ff4e2f12b5a5abcd4352aa86c"},"headline":"Communiqu\u00e9 marche mondiale 29 novembre &#8211; \u00e9tat d&#039;urgence","datePublished":"2015-11-25T16:23:13+00:00","mainEntityOfPage":{"@id":"https:\/\/solidaires-etudiant-e-s.org\/site\/2015\/11\/25\/communique-marche-mondiale-29-novembre-etat-durgence\/"},"wordCount":344,"publisher":{"@id":"https:\/\/solidaires-etudiant-e-s.org\/site\/#organization"},"image":{"@id":"https:\/\/solidaires-etudiant-e-s.org\/site\/2015\/11\/25\/communique-marche-mondiale-29-novembre-etat-durgence\/#primaryimage"},"thumbnailUrl":"https:\/\/solidaires-etudiant-e-s.org\/site\/wp-content\/uploads\/2015\/11\/cop21.jpg","keywords":["communique","communiqu\u00e9s","cop21","\u00e9cologie","\u00e9tat d'urgence","interdiction","lois s\u00e9curitaires","manifestation","s\u00e9curitaire","slider","violences polici\u00e8res"],"articleSection":["COMMUNIQUES NATIONAUX","INTERNATIONAL"],"inLanguage":"fr-FR"},{"@type":"WebPage","@id":"https:\/\/solidaires-etudiant-e-s.org\/site\/2015\/11\/25\/communique-marche-mondiale-29-novembre-etat-durgence\/","url":"https:\/\/solidaires-etudiant-e-s.org\/site\/2015\/11\/25\/communique-marche-mondiale-29-novembre-etat-durgence\/","name":"Communiqu\u00e9 marche mondiale 29 novembre - \u00e9tat d&#039;urgence - Solidaires \u00e9tudiant-e-s","isPartOf":{"@id":"https:\/\/solidaires-etudiant-e-s.org\/site\/#website"},"primaryImageOfPage":{"@id":"https:\/\/solidaires-etudiant-e-s.org\/site\/2015\/11\/25\/communique-marche-mondiale-29-novembre-etat-durgence\/#primaryimage"},"image":{"@id":"https:\/\/solidaires-etudiant-e-s.org\/site\/2015\/11\/25\/communique-marche-mondiale-29-novembre-etat-durgence\/#primaryimage"},"thumbnailUrl":"https:\/\/solidaires-etudiant-e-s.org\/site\/wp-content\/uploads\/2015\/11\/cop21.jpg","datePublished":"2015-11-25T16:23:13+00:00","breadcrumb":{"@id":"https:\/\/solidaires-etudiant-e-s.org\/site\/2015\/11\/25\/communique-marche-mondiale-29-novembre-etat-durgence\/#breadcrumb"},"inLanguage":"fr-FR","potentialAction":[{"@type":"ReadAction","target":["https:\/\/solidaires-etudiant-e-s.org\/site\/2015\/11\/25\/communique-marche-mondiale-29-novembre-etat-durgence\/"]}]},{"@type":"ImageObject","inLanguage":"fr-FR","@id":"https:\/\/solidaires-etudiant-e-s.org\/site\/2015\/11\/25\/communique-marche-mondiale-29-novembre-etat-durgence\/#primaryimage","url":"https:\/\/solidaires-etudiant-e-s.org\/site\/wp-content\/uploads\/2015\/11\/cop21.jpg","contentUrl":"https:\/\/solidaires-etudiant-e-s.org\/site\/wp-content\/uploads\/2015\/11\/cop21.jpg","width":2259,"height":2273},{"@type":"BreadcrumbList","@id":"https:\/\/solidaires-etudiant-e-s.org\/site\/2015\/11\/25\/communique-marche-mondiale-29-novembre-etat-durgence\/#breadcrumb","itemListElement":[{"@type":"ListItem","position":1,"name":"Accueil","item":"https:\/\/solidaires-etudiant-e-s.org\/site\/"},{"@type":"ListItem","position":2,"name":"Communiqu\u00e9 marche mondiale 29 novembre &#8211; \u00e9tat d&#039;urgence"}]},{"@type":"WebSite","@id":"https:\/\/solidaires-etudiant-e-s.org\/site\/#website","url":"https:\/\/solidaires-etudiant-e-s.org\/site\/","name":"Solidaires \u00e9tudiant-e-s","description":"Syndicats pour un enseignement sup\u00e9rieur gratuit, ouvert, et \u00e9mancipateur !","publisher":{"@id":"https:\/\/solidaires-etudiant-e-s.org\/site\/#organization"},"potentialAction":[{"@type":"SearchAction","target":{"@type":"EntryPoint","urlTemplate":"https:\/\/solidaires-etudiant-e-s.org\/site\/?s={search_term_string}"},"query-input":{"@type":"PropertyValueSpecification","valueRequired":true,"valueName":"search_term_string"}}],"inLanguage":"fr-FR"},{"@type":"Organization","@id":"https:\/\/solidaires-etudiant-e-s.org\/site\/#organization","name":"Solidaires \u00e9tudiant-e-s","url":"https:\/\/solidaires-etudiant-e-s.org\/site\/","logo":{"@type":"ImageObject","inLanguage":"fr-FR","@id":"https:\/\/solidaires-etudiant-e-s.org\/site\/#\/schema\/logo\/image\/","url":"https:\/\/solidaires-etudiant-e-s.org\/site\/wp-content\/uploads\/2025\/12\/13-1.png","contentUrl":"https:\/\/solidaires-etudiant-e-s.org\/site\/wp-content\/uploads\/2025\/12\/13-1.png","width":1181,"height":827,"caption":"Solidaires \u00e9tudiant-e-s"},"image":{"@id":"https:\/\/solidaires-etudiant-e-s.org\/site\/#\/schema\/logo\/image\/"},"sameAs":["https:\/\/www.facebook.com\/solidairesetudiantes","https:\/\/x.com\/SolidairesEtu","https:\/\/www.instagram.com\/solidairesetu\/","https:\/\/bsky.app\/profile\/solidaires-etudiant-e-s.org","https:\/\/mastodon.social\/@solidairesetu","https:\/\/www.youtube.com\/channel\/UC_iZN9gmVAAnXbBM7wAWOag"]},{"@type":"Person","@id":"https:\/\/solidaires-etudiant-e-s.org\/site\/#\/schema\/person\/0efb3e0ff4e2f12b5a5abcd4352aa86c","name":"Solidaires \u00e9tudiant-e-s","image":{"@type":"ImageObject","inLanguage":"fr-FR","@id":"https:\/\/solidaires-etudiant-e-s.org\/site\/wp-content\/uploads\/2020\/01\/logo-SESL-rond-512-96x96.png","url":"https:\/\/solidaires-etudiant-e-s.org\/site\/wp-content\/uploads\/2020\/01\/logo-SESL-rond-512-96x96.png","contentUrl":"https:\/\/solidaires-etudiant-e-s.org\/site\/wp-content\/uploads\/2020\/01\/logo-SESL-rond-512-96x96.png","caption":"Solidaires \u00e9tudiant-e-s"},"sameAs":["https:\/\/solidaires-etudiant.org\/site","https:\/\/www.facebook.com\/solidairesetudiantes","https:\/\/www.instagram.com\/solidairesetu","https:\/\/x.com\/SolidairesEtu","https:\/\/fr.wikipedia.org\/wiki\/Solidaires_tudiant-e-s"]}]}},"_links":{"self":[{"href":"https:\/\/solidaires-etudiant-e-s.org\/site\/wp-json\/wp\/v2\/posts\/2638","targetHints":{"allow":["GET"]}}],"collection":[{"href":"https:\/\/solidaires-etudiant-e-s.org\/site\/wp-json\/wp\/v2\/posts"}],"about":[{"href":"https:\/\/solidaires-etudiant-e-s.org\/site\/wp-json\/wp\/v2\/types\/post"}],"author":[{"embeddable":true,"href":"https:\/\/solidaires-etudiant-e-s.org\/site\/wp-json\/wp\/v2\/users\/1"}],"replies":[{"embeddable":true,"href":"https:\/\/solidaires-etudiant-e-s.org\/site\/wp-json\/wp\/v2\/comments?post=2638"}],"version-history":[{"count":0,"href":"https:\/\/solidaires-etudiant-e-s.org\/site\/wp-json\/wp\/v2\/posts\/2638\/revisions"}],"wp:featuredmedia":[{"embeddable":true,"href":"https:\/\/solidaires-etudiant-e-s.org\/site\/wp-json\/wp\/v2\/media\/2641"}],"wp:attachment":[{"href":"https:\/\/solidaires-etudiant-e-s.org\/site\/wp-json\/wp\/v2\/media?parent=2638"}],"wp:term":[{"taxonomy":"category","embeddable":true,"href":"https:\/\/solidaires-etudiant-e-s.org\/site\/wp-json\/wp\/v2\/categories?post=2638"},{"taxonomy":"post_tag","embeddable":true,"href":"https:\/\/solidaires-etudiant-e-s.org\/site\/wp-json\/wp\/v2\/tags?post=2638"}],"curies":[{"name":"wp","href":"https:\/\/api.w.org\/{rel}","templated":true}]}}