{"id":2523,"date":"2015-06-17T09:11:10","date_gmt":"2015-06-17T07:11:10","guid":{"rendered":"http:\/\/www.solidaires-etudiant.org\/?p=2523"},"modified":"2015-06-17T09:11:10","modified_gmt":"2015-06-17T07:11:10","slug":"nouvel-ecueil-judiciaire-pour-le-ppp-de-paris-7-vinci-doit-payer","status":"publish","type":"post","link":"https:\/\/solidaires-etudiant-e-s.org\/site\/2015\/06\/17\/nouvel-ecueil-judiciaire-pour-le-ppp-de-paris-7-vinci-doit-payer\/","title":{"rendered":"Nouvel \u00e9cueil judiciaire pour le PPP de Paris 7 : Vinci doit payer !"},"content":{"rendered":"<p>Le 9 juin 2015, les seconds permis de construire et autorisations d\u2019ouverture des b\u00e2timents Sophie Germain et Olympe de Gouges du campus Paris Rive Gauche ont \u00e9t\u00e9 annul\u00e9s par le Tribunal administratif. Ils avaient \u00e9t\u00e9 demand\u00e9s par l\u2019universit\u00e9 Paris 7 en pr\u00e9vision de l\u2019annulation des premiers, qui ont effectivement \u00e9t\u00e9 jug\u00e9s non conformes en premi\u00e8re et en seconde instance.<strong> Le jugement du 9 juin 2015 confirme s\u2019il en \u00e9tait encore besoin que les b\u00e2timents ne respectent pas les normes de s\u00e9curit\u00e9 applicables aux \u00e9tablissements recevant du public<\/strong>, et qu\u2019ils ont fait l\u2019objet de <strong>fausses d\u00e9clarations<\/strong> de la part du constructeur Vinci. Cette fois-ci, le jugement stipule que pour pouvoir continuer \u00e0 fonctionner les b\u00e2timents devront \u00eatre mis en conformit\u00e9 avec les normes de s\u00e9curit\u00e9 au plus tard le 15 septembre 2015 \u00e0 minuit.<br \/>\nPour revenir sur les faits, <strong>ces b\u00e2timents ont \u00e9t\u00e9 construits par Udicit\u00e9, filiale du groupe Vinci, dans le cadre d&rsquo;un Partenariat Public-Priv\u00e9 (PPP)<\/strong> lanc\u00e9 en 2009 par l\u2019\u00c9tat, l&rsquo;universit\u00e9 Paris 7, et Vinci. D\u00e8s la signature du contrat, de nombreuses voix se sont \u00e9lev\u00e9es dans la communaut\u00e9 universitaire de Paris 7 pour remettre en cause cette d\u00e9cision\u00a0: <strong>les b\u00e2timents ne r\u00e9pondaient pas \u00e0 de nombreuses normes de s\u00e9curit\u00e9, en mati\u00e8re de s\u00e9curit\u00e9 incendie notamment.<\/strong> Nous d\u00e9noncions \u00e9galement le montage juridique du PPP, dont le seul int\u00e9r\u00eat \u00e9tait de masquer la d\u00e9pense et la dette provoqu\u00e9e en l&rsquo;\u00e9talant sur 30 ans et de remplir encore un peu plus les poches de Vinci avec de l&rsquo;argent public. Enfin, nous avions questionn\u00e9 le caract\u00e8re anti-d\u00e9mocratique de la d\u00e9cision, vot\u00e9e par le conseil d&rsquo;administration sans que celui-ci ait pu avoir acc\u00e8s \u00e0 l&rsquo;int\u00e9gralit\u00e9 du contrat, pour cause de \u00ab\u00a0secret industriel\u00a0\u00bb.<br \/>\nLes cons\u00e9quences de cette d\u00e9cision absurde se sont fait sentir d\u00e9s l&rsquo;ouverture des b\u00e2timents, l&rsquo;acc\u00e8s aux \u00e9tages sup\u00e9rieurs \u00e9tant limit\u00e9 au personnel et aux \u00e9tudiant-e-s en possession de badges, qu&rsquo;il faut se procurer \u00e0 l&rsquo;accueil des b\u00e2timents. Ces \u00e9tages ayant \u00e9t\u00e9 construits sans respecter les normes de construction des b\u00e2timents destin\u00e9s \u00e0 accueillir du public, les d\u00e9fenseur-e-s du PPP utilisent depuis le d\u00e9part l&rsquo;argument fallacieux selon lequel ces \u00e9tages auraient \u00e9t\u00e9 con\u00e7us uniquement pour recevoir le personnel enseignant et non enseignant de l&rsquo;universit\u00e9, alors m\u00eame qu&rsquo;ils abritent des secr\u00e9tariats p\u00e9dagogiques et des biblioth\u00e8ques. Qu&rsquo;on acc\u00e8de aux \u00e9tages avec ou sans badge (car il est remarquablement ais\u00e9 de contourner la r\u00e8gle),<strong> on se met aujourd&rsquo;hui en danger lorsqu&rsquo;on veut faire un usage normal de ces b\u00e2timents universitaires.<\/strong><br \/>\nDepuis le d\u00e9but de l&rsquo;affaire, l&rsquo;universit\u00e9 et le minist\u00e8re soutiennent Vinci en d\u00e9pit du bon sens, la pr\u00e9sidence de Paris 7 (alors incarn\u00e9e par Vincent Berger) allant jusqu&rsquo;\u00e0 signer un avenant au contrat de PPP qui stipulait que tout surco\u00fbt sup\u00e9rieur \u00e0 500 000 \u20ac (par b\u00e2timent) entra\u00een\u00e9 par la construction serait assur\u00e9 par l&rsquo;universit\u00e9. <strong>Il est aujourd\u2019hui plus que temps que la pr\u00e9sidence de Paris 7 d\u00e9cide de r\u00e9clamer la mise aux normes des b\u00e2timents aux frais de Vinci, premier responsable de ce d\u00e9sastre.<\/strong><\/p>\n<p style=\"text-align: right;\">Solidaires Etudiant-e-s Paris 7<br \/>\nLe 15 juin 2015<\/p>\n<p style=\"text-align: right;\">Contact\u00a0 :\u00a0 solidairesp7@gmail.com<\/p>\n<p style=\"text-align: center;\"><a href=\"http:\/\/www.solidaires-etudiant.org\/wp-content\/uploads\/2015\/06\/P7_juin-2015_CP_PPP_Vinci1.pdf\"><img loading=\"lazy\" decoding=\"async\" class=\"  aligncenter wp-image-274\" src=\"http:\/\/www.solidaires-etudiant.org\/wp-content\/uploads\/2014\/02\/adobe.png\" alt=\"pdf\" width=\"202\" height=\"202\" srcset=\"https:\/\/solidaires-etudiant-e-s.org\/site\/wp-content\/uploads\/2014\/02\/adobe.png 256w, https:\/\/solidaires-etudiant-e-s.org\/site\/wp-content\/uploads\/2014\/02\/adobe-150x150.png 150w\" sizes=\"auto, (max-width: 202px) 100vw, 202px\" \/><\/a><\/p>\n","protected":false},"excerpt":{"rendered":"<p>Le 9 juin 2015, les seconds permis de construire et autorisations d\u2019ouverture [&hellip;]<\/p>\n","protected":false},"author":1,"featured_media":2524,"comment_status":"closed","ping_status":"closed","sticky":false,"template":"","format":"standard","meta":{"cybocfi_hide_featured_image":"","footnotes":""},"categories":[18],"tags":[308,849,885,945,1048,1049,1169],"class_list":["post-2523","post","type-post","status-publish","format-standard","has-post-thumbnail","hentry","category-esr","tag-communiques-2","tag-paris-7","tag-ppp","tag-reconstruction","tag-slide-show","tag-slider","tag-vinci","col-md-4 col-sm-4"],"featured_image_src":"https:\/\/solidaires-etudiant-e-s.org\/site\/wp-content\/uploads\/2015\/06\/paris-7.jpeg","author_info":{"display_name":"Solidaires \u00e9tudiant-e-s","author_link":false},"yoast_head":"<!-- This site is optimized with the Yoast SEO plugin v27.4 - https:\/\/yoast.com\/product\/yoast-seo-wordpress\/ -->\n<title>Nouvel \u00e9cueil judiciaire pour le PPP de Paris 7 : Vinci doit payer ! - Solidaires \u00e9tudiant-e-s<\/title>\n<meta name=\"robots\" content=\"index, follow, max-snippet:-1, max-image-preview:large, max-video-preview:-1\" \/>\n<link rel=\"canonical\" href=\"https:\/\/solidaires-etudiant-e-s.org\/site\/2015\/06\/17\/nouvel-ecueil-judiciaire-pour-le-ppp-de-paris-7-vinci-doit-payer\/\" \/>\n<meta property=\"og:locale\" content=\"fr_FR\" \/>\n<meta property=\"og:type\" content=\"article\" \/>\n<meta property=\"og:title\" content=\"Nouvel \u00e9cueil judiciaire pour le PPP de Paris 7 : Vinci doit payer ! - Solidaires \u00e9tudiant-e-s\" \/>\n<meta property=\"og:description\" content=\"Le 9 juin 2015, les seconds permis de construire et autorisations d\u2019ouverture [&hellip;]\" \/>\n<meta property=\"og:url\" content=\"https:\/\/solidaires-etudiant-e-s.org\/site\/2015\/06\/17\/nouvel-ecueil-judiciaire-pour-le-ppp-de-paris-7-vinci-doit-payer\/\" \/>\n<meta property=\"og:site_name\" content=\"Solidaires \u00e9tudiant-e-s\" \/>\n<meta property=\"article:publisher\" content=\"https:\/\/www.facebook.com\/solidairesetudiantes\" \/>\n<meta property=\"article:author\" content=\"https:\/\/www.facebook.com\/solidairesetudiantes\" \/>\n<meta property=\"article:published_time\" content=\"2015-06-17T07:11:10+00:00\" \/>\n<meta property=\"og:image\" content=\"https:\/\/solidaires-etudiant-e-s.org\/site\/wp-content\/uploads\/2015\/06\/paris-7.jpeg\" \/>\n\t<meta property=\"og:image:width\" content=\"540\" \/>\n\t<meta property=\"og:image:height\" content=\"402\" \/>\n\t<meta property=\"og:image:type\" content=\"image\/jpeg\" \/>\n<meta name=\"author\" content=\"Solidaires \u00e9tudiant-e-s\" \/>\n<meta name=\"twitter:card\" content=\"summary_large_image\" \/>\n<meta name=\"twitter:creator\" content=\"@SolidairesEtu\" \/>\n<meta name=\"twitter:site\" content=\"@SolidairesEtu\" \/>\n<meta name=\"twitter:label1\" content=\"\u00c9crit par\" \/>\n\t<meta name=\"twitter:data1\" content=\"Solidaires \u00e9tudiant-e-s\" \/>\n\t<meta name=\"twitter:label2\" content=\"Dur\u00e9e de lecture estim\u00e9e\" \/>\n\t<meta name=\"twitter:data2\" content=\"3 minutes\" \/>\n<script type=\"application\/ld+json\" class=\"yoast-schema-graph\">{\"@context\":\"https:\\\/\\\/schema.org\",\"@graph\":[{\"@type\":\"Article\",\"@id\":\"https:\\\/\\\/solidaires-etudiant-e-s.org\\\/site\\\/2015\\\/06\\\/17\\\/nouvel-ecueil-judiciaire-pour-le-ppp-de-paris-7-vinci-doit-payer\\\/#article\",\"isPartOf\":{\"@id\":\"https:\\\/\\\/solidaires-etudiant-e-s.org\\\/site\\\/2015\\\/06\\\/17\\\/nouvel-ecueil-judiciaire-pour-le-ppp-de-paris-7-vinci-doit-payer\\\/\"},\"author\":{\"name\":\"Solidaires \u00e9tudiant-e-s\",\"@id\":\"https:\\\/\\\/solidaires-etudiant-e-s.org\\\/site\\\/#\\\/schema\\\/person\\\/0efb3e0ff4e2f12b5a5abcd4352aa86c\"},\"headline\":\"Nouvel \u00e9cueil judiciaire pour le PPP de Paris 7 : Vinci doit payer !\",\"datePublished\":\"2015-06-17T07:11:10+00:00\",\"mainEntityOfPage\":{\"@id\":\"https:\\\/\\\/solidaires-etudiant-e-s.org\\\/site\\\/2015\\\/06\\\/17\\\/nouvel-ecueil-judiciaire-pour-le-ppp-de-paris-7-vinci-doit-payer\\\/\"},\"wordCount\":578,\"publisher\":{\"@id\":\"https:\\\/\\\/solidaires-etudiant-e-s.org\\\/site\\\/#organization\"},\"image\":{\"@id\":\"https:\\\/\\\/solidaires-etudiant-e-s.org\\\/site\\\/2015\\\/06\\\/17\\\/nouvel-ecueil-judiciaire-pour-le-ppp-de-paris-7-vinci-doit-payer\\\/#primaryimage\"},\"thumbnailUrl\":\"https:\\\/\\\/solidaires-etudiant-e-s.org\\\/site\\\/wp-content\\\/uploads\\\/2015\\\/06\\\/paris-7.jpeg\",\"keywords\":[\"communiqu\u00e9s\",\"paris 7\",\"ppp\",\"reconstruction\",\"slide-show\",\"slider\",\"vinci\"],\"articleSection\":[\"ENSEIGNEMENT SUPERIEUR\"],\"inLanguage\":\"fr-FR\"},{\"@type\":\"WebPage\",\"@id\":\"https:\\\/\\\/solidaires-etudiant-e-s.org\\\/site\\\/2015\\\/06\\\/17\\\/nouvel-ecueil-judiciaire-pour-le-ppp-de-paris-7-vinci-doit-payer\\\/\",\"url\":\"https:\\\/\\\/solidaires-etudiant-e-s.org\\\/site\\\/2015\\\/06\\\/17\\\/nouvel-ecueil-judiciaire-pour-le-ppp-de-paris-7-vinci-doit-payer\\\/\",\"name\":\"Nouvel \u00e9cueil judiciaire pour le PPP de Paris 7 : Vinci doit payer ! - Solidaires \u00e9tudiant-e-s\",\"isPartOf\":{\"@id\":\"https:\\\/\\\/solidaires-etudiant-e-s.org\\\/site\\\/#website\"},\"primaryImageOfPage\":{\"@id\":\"https:\\\/\\\/solidaires-etudiant-e-s.org\\\/site\\\/2015\\\/06\\\/17\\\/nouvel-ecueil-judiciaire-pour-le-ppp-de-paris-7-vinci-doit-payer\\\/#primaryimage\"},\"image\":{\"@id\":\"https:\\\/\\\/solidaires-etudiant-e-s.org\\\/site\\\/2015\\\/06\\\/17\\\/nouvel-ecueil-judiciaire-pour-le-ppp-de-paris-7-vinci-doit-payer\\\/#primaryimage\"},\"thumbnailUrl\":\"https:\\\/\\\/solidaires-etudiant-e-s.org\\\/site\\\/wp-content\\\/uploads\\\/2015\\\/06\\\/paris-7.jpeg\",\"datePublished\":\"2015-06-17T07:11:10+00:00\",\"breadcrumb\":{\"@id\":\"https:\\\/\\\/solidaires-etudiant-e-s.org\\\/site\\\/2015\\\/06\\\/17\\\/nouvel-ecueil-judiciaire-pour-le-ppp-de-paris-7-vinci-doit-payer\\\/#breadcrumb\"},\"inLanguage\":\"fr-FR\",\"potentialAction\":[{\"@type\":\"ReadAction\",\"target\":[\"https:\\\/\\\/solidaires-etudiant-e-s.org\\\/site\\\/2015\\\/06\\\/17\\\/nouvel-ecueil-judiciaire-pour-le-ppp-de-paris-7-vinci-doit-payer\\\/\"]}]},{\"@type\":\"ImageObject\",\"inLanguage\":\"fr-FR\",\"@id\":\"https:\\\/\\\/solidaires-etudiant-e-s.org\\\/site\\\/2015\\\/06\\\/17\\\/nouvel-ecueil-judiciaire-pour-le-ppp-de-paris-7-vinci-doit-payer\\\/#primaryimage\",\"url\":\"https:\\\/\\\/solidaires-etudiant-e-s.org\\\/site\\\/wp-content\\\/uploads\\\/2015\\\/06\\\/paris-7.jpeg\",\"contentUrl\":\"https:\\\/\\\/solidaires-etudiant-e-s.org\\\/site\\\/wp-content\\\/uploads\\\/2015\\\/06\\\/paris-7.jpeg\",\"width\":540,\"height\":402},{\"@type\":\"BreadcrumbList\",\"@id\":\"https:\\\/\\\/solidaires-etudiant-e-s.org\\\/site\\\/2015\\\/06\\\/17\\\/nouvel-ecueil-judiciaire-pour-le-ppp-de-paris-7-vinci-doit-payer\\\/#breadcrumb\",\"itemListElement\":[{\"@type\":\"ListItem\",\"position\":1,\"name\":\"Accueil\",\"item\":\"https:\\\/\\\/solidaires-etudiant-e-s.org\\\/site\\\/\"},{\"@type\":\"ListItem\",\"position\":2,\"name\":\"Nouvel \u00e9cueil judiciaire pour le PPP de Paris 7 : Vinci doit payer !\"}]},{\"@type\":\"WebSite\",\"@id\":\"https:\\\/\\\/solidaires-etudiant-e-s.org\\\/site\\\/#website\",\"url\":\"https:\\\/\\\/solidaires-etudiant-e-s.org\\\/site\\\/\",\"name\":\"Solidaires \u00e9tudiant-e-s\",\"description\":\"Syndicats pour un enseignement sup\u00e9rieur gratuit, ouvert, et \u00e9mancipateur !\",\"publisher\":{\"@id\":\"https:\\\/\\\/solidaires-etudiant-e-s.org\\\/site\\\/#organization\"},\"potentialAction\":[{\"@type\":\"SearchAction\",\"target\":{\"@type\":\"EntryPoint\",\"urlTemplate\":\"https:\\\/\\\/solidaires-etudiant-e-s.org\\\/site\\\/?s={search_term_string}\"},\"query-input\":{\"@type\":\"PropertyValueSpecification\",\"valueRequired\":true,\"valueName\":\"search_term_string\"}}],\"inLanguage\":\"fr-FR\"},{\"@type\":\"Organization\",\"@id\":\"https:\\\/\\\/solidaires-etudiant-e-s.org\\\/site\\\/#organization\",\"name\":\"Solidaires \u00e9tudiant-e-s\",\"url\":\"https:\\\/\\\/solidaires-etudiant-e-s.org\\\/site\\\/\",\"logo\":{\"@type\":\"ImageObject\",\"inLanguage\":\"fr-FR\",\"@id\":\"https:\\\/\\\/solidaires-etudiant-e-s.org\\\/site\\\/#\\\/schema\\\/logo\\\/image\\\/\",\"url\":\"https:\\\/\\\/solidaires-etudiant-e-s.org\\\/site\\\/wp-content\\\/uploads\\\/2025\\\/12\\\/13-1.png\",\"contentUrl\":\"https:\\\/\\\/solidaires-etudiant-e-s.org\\\/site\\\/wp-content\\\/uploads\\\/2025\\\/12\\\/13-1.png\",\"width\":1181,\"height\":827,\"caption\":\"Solidaires \u00e9tudiant-e-s\"},\"image\":{\"@id\":\"https:\\\/\\\/solidaires-etudiant-e-s.org\\\/site\\\/#\\\/schema\\\/logo\\\/image\\\/\"},\"sameAs\":[\"https:\\\/\\\/www.facebook.com\\\/solidairesetudiantes\",\"https:\\\/\\\/x.com\\\/SolidairesEtu\",\"https:\\\/\\\/www.instagram.com\\\/solidairesetu\\\/\",\"https:\\\/\\\/bsky.app\\\/profile\\\/solidaires-etudiant-e-s.org\",\"https:\\\/\\\/mastodon.social\\\/@solidairesetu\",\"https:\\\/\\\/www.youtube.com\\\/channel\\\/UC_iZN9gmVAAnXbBM7wAWOag\"]},{\"@type\":\"Person\",\"@id\":\"https:\\\/\\\/solidaires-etudiant-e-s.org\\\/site\\\/#\\\/schema\\\/person\\\/0efb3e0ff4e2f12b5a5abcd4352aa86c\",\"name\":\"Solidaires \u00e9tudiant-e-s\",\"image\":{\"@type\":\"ImageObject\",\"inLanguage\":\"fr-FR\",\"@id\":\"https:\\\/\\\/solidaires-etudiant-e-s.org\\\/site\\\/wp-content\\\/uploads\\\/2020\\\/01\\\/logo-SESL-rond-512-96x96.png\",\"url\":\"https:\\\/\\\/solidaires-etudiant-e-s.org\\\/site\\\/wp-content\\\/uploads\\\/2020\\\/01\\\/logo-SESL-rond-512-96x96.png\",\"contentUrl\":\"https:\\\/\\\/solidaires-etudiant-e-s.org\\\/site\\\/wp-content\\\/uploads\\\/2020\\\/01\\\/logo-SESL-rond-512-96x96.png\",\"caption\":\"Solidaires \u00e9tudiant-e-s\"},\"sameAs\":[\"https:\\\/\\\/solidaires-etudiant.org\\\/site\",\"https:\\\/\\\/www.facebook.com\\\/solidairesetudiantes\",\"https:\\\/\\\/www.instagram.com\\\/solidairesetu\",\"https:\\\/\\\/x.com\\\/SolidairesEtu\",\"https:\\\/\\\/fr.wikipedia.org\\\/wiki\\\/Solidaires_tudiant-e-s\"]}]}<\/script>\n<!-- \/ Yoast SEO plugin. -->","yoast_head_json":{"title":"Nouvel \u00e9cueil judiciaire pour le PPP de Paris 7 : Vinci doit payer ! - Solidaires \u00e9tudiant-e-s","robots":{"index":"index","follow":"follow","max-snippet":"max-snippet:-1","max-image-preview":"max-image-preview:large","max-video-preview":"max-video-preview:-1"},"canonical":"https:\/\/solidaires-etudiant-e-s.org\/site\/2015\/06\/17\/nouvel-ecueil-judiciaire-pour-le-ppp-de-paris-7-vinci-doit-payer\/","og_locale":"fr_FR","og_type":"article","og_title":"Nouvel \u00e9cueil judiciaire pour le PPP de Paris 7 : Vinci doit payer ! - Solidaires \u00e9tudiant-e-s","og_description":"Le 9 juin 2015, les seconds permis de construire et autorisations d\u2019ouverture [&hellip;]","og_url":"https:\/\/solidaires-etudiant-e-s.org\/site\/2015\/06\/17\/nouvel-ecueil-judiciaire-pour-le-ppp-de-paris-7-vinci-doit-payer\/","og_site_name":"Solidaires \u00e9tudiant-e-s","article_publisher":"https:\/\/www.facebook.com\/solidairesetudiantes","article_author":"https:\/\/www.facebook.com\/solidairesetudiantes","article_published_time":"2015-06-17T07:11:10+00:00","og_image":[{"width":540,"height":402,"url":"https:\/\/solidaires-etudiant-e-s.org\/site\/wp-content\/uploads\/2015\/06\/paris-7.jpeg","type":"image\/jpeg"}],"author":"Solidaires \u00e9tudiant-e-s","twitter_card":"summary_large_image","twitter_creator":"@SolidairesEtu","twitter_site":"@SolidairesEtu","twitter_misc":{"\u00c9crit par":"Solidaires \u00e9tudiant-e-s","Dur\u00e9e de lecture estim\u00e9e":"3 minutes"},"schema":{"@context":"https:\/\/schema.org","@graph":[{"@type":"Article","@id":"https:\/\/solidaires-etudiant-e-s.org\/site\/2015\/06\/17\/nouvel-ecueil-judiciaire-pour-le-ppp-de-paris-7-vinci-doit-payer\/#article","isPartOf":{"@id":"https:\/\/solidaires-etudiant-e-s.org\/site\/2015\/06\/17\/nouvel-ecueil-judiciaire-pour-le-ppp-de-paris-7-vinci-doit-payer\/"},"author":{"name":"Solidaires \u00e9tudiant-e-s","@id":"https:\/\/solidaires-etudiant-e-s.org\/site\/#\/schema\/person\/0efb3e0ff4e2f12b5a5abcd4352aa86c"},"headline":"Nouvel \u00e9cueil judiciaire pour le PPP de Paris 7 : Vinci doit payer !","datePublished":"2015-06-17T07:11:10+00:00","mainEntityOfPage":{"@id":"https:\/\/solidaires-etudiant-e-s.org\/site\/2015\/06\/17\/nouvel-ecueil-judiciaire-pour-le-ppp-de-paris-7-vinci-doit-payer\/"},"wordCount":578,"publisher":{"@id":"https:\/\/solidaires-etudiant-e-s.org\/site\/#organization"},"image":{"@id":"https:\/\/solidaires-etudiant-e-s.org\/site\/2015\/06\/17\/nouvel-ecueil-judiciaire-pour-le-ppp-de-paris-7-vinci-doit-payer\/#primaryimage"},"thumbnailUrl":"https:\/\/solidaires-etudiant-e-s.org\/site\/wp-content\/uploads\/2015\/06\/paris-7.jpeg","keywords":["communiqu\u00e9s","paris 7","ppp","reconstruction","slide-show","slider","vinci"],"articleSection":["ENSEIGNEMENT SUPERIEUR"],"inLanguage":"fr-FR"},{"@type":"WebPage","@id":"https:\/\/solidaires-etudiant-e-s.org\/site\/2015\/06\/17\/nouvel-ecueil-judiciaire-pour-le-ppp-de-paris-7-vinci-doit-payer\/","url":"https:\/\/solidaires-etudiant-e-s.org\/site\/2015\/06\/17\/nouvel-ecueil-judiciaire-pour-le-ppp-de-paris-7-vinci-doit-payer\/","name":"Nouvel \u00e9cueil judiciaire pour le PPP de Paris 7 : Vinci doit payer ! - Solidaires \u00e9tudiant-e-s","isPartOf":{"@id":"https:\/\/solidaires-etudiant-e-s.org\/site\/#website"},"primaryImageOfPage":{"@id":"https:\/\/solidaires-etudiant-e-s.org\/site\/2015\/06\/17\/nouvel-ecueil-judiciaire-pour-le-ppp-de-paris-7-vinci-doit-payer\/#primaryimage"},"image":{"@id":"https:\/\/solidaires-etudiant-e-s.org\/site\/2015\/06\/17\/nouvel-ecueil-judiciaire-pour-le-ppp-de-paris-7-vinci-doit-payer\/#primaryimage"},"thumbnailUrl":"https:\/\/solidaires-etudiant-e-s.org\/site\/wp-content\/uploads\/2015\/06\/paris-7.jpeg","datePublished":"2015-06-17T07:11:10+00:00","breadcrumb":{"@id":"https:\/\/solidaires-etudiant-e-s.org\/site\/2015\/06\/17\/nouvel-ecueil-judiciaire-pour-le-ppp-de-paris-7-vinci-doit-payer\/#breadcrumb"},"inLanguage":"fr-FR","potentialAction":[{"@type":"ReadAction","target":["https:\/\/solidaires-etudiant-e-s.org\/site\/2015\/06\/17\/nouvel-ecueil-judiciaire-pour-le-ppp-de-paris-7-vinci-doit-payer\/"]}]},{"@type":"ImageObject","inLanguage":"fr-FR","@id":"https:\/\/solidaires-etudiant-e-s.org\/site\/2015\/06\/17\/nouvel-ecueil-judiciaire-pour-le-ppp-de-paris-7-vinci-doit-payer\/#primaryimage","url":"https:\/\/solidaires-etudiant-e-s.org\/site\/wp-content\/uploads\/2015\/06\/paris-7.jpeg","contentUrl":"https:\/\/solidaires-etudiant-e-s.org\/site\/wp-content\/uploads\/2015\/06\/paris-7.jpeg","width":540,"height":402},{"@type":"BreadcrumbList","@id":"https:\/\/solidaires-etudiant-e-s.org\/site\/2015\/06\/17\/nouvel-ecueil-judiciaire-pour-le-ppp-de-paris-7-vinci-doit-payer\/#breadcrumb","itemListElement":[{"@type":"ListItem","position":1,"name":"Accueil","item":"https:\/\/solidaires-etudiant-e-s.org\/site\/"},{"@type":"ListItem","position":2,"name":"Nouvel \u00e9cueil judiciaire pour le PPP de Paris 7 : Vinci doit payer !"}]},{"@type":"WebSite","@id":"https:\/\/solidaires-etudiant-e-s.org\/site\/#website","url":"https:\/\/solidaires-etudiant-e-s.org\/site\/","name":"Solidaires \u00e9tudiant-e-s","description":"Syndicats pour un enseignement sup\u00e9rieur gratuit, ouvert, et \u00e9mancipateur !","publisher":{"@id":"https:\/\/solidaires-etudiant-e-s.org\/site\/#organization"},"potentialAction":[{"@type":"SearchAction","target":{"@type":"EntryPoint","urlTemplate":"https:\/\/solidaires-etudiant-e-s.org\/site\/?s={search_term_string}"},"query-input":{"@type":"PropertyValueSpecification","valueRequired":true,"valueName":"search_term_string"}}],"inLanguage":"fr-FR"},{"@type":"Organization","@id":"https:\/\/solidaires-etudiant-e-s.org\/site\/#organization","name":"Solidaires \u00e9tudiant-e-s","url":"https:\/\/solidaires-etudiant-e-s.org\/site\/","logo":{"@type":"ImageObject","inLanguage":"fr-FR","@id":"https:\/\/solidaires-etudiant-e-s.org\/site\/#\/schema\/logo\/image\/","url":"https:\/\/solidaires-etudiant-e-s.org\/site\/wp-content\/uploads\/2025\/12\/13-1.png","contentUrl":"https:\/\/solidaires-etudiant-e-s.org\/site\/wp-content\/uploads\/2025\/12\/13-1.png","width":1181,"height":827,"caption":"Solidaires \u00e9tudiant-e-s"},"image":{"@id":"https:\/\/solidaires-etudiant-e-s.org\/site\/#\/schema\/logo\/image\/"},"sameAs":["https:\/\/www.facebook.com\/solidairesetudiantes","https:\/\/x.com\/SolidairesEtu","https:\/\/www.instagram.com\/solidairesetu\/","https:\/\/bsky.app\/profile\/solidaires-etudiant-e-s.org","https:\/\/mastodon.social\/@solidairesetu","https:\/\/www.youtube.com\/channel\/UC_iZN9gmVAAnXbBM7wAWOag"]},{"@type":"Person","@id":"https:\/\/solidaires-etudiant-e-s.org\/site\/#\/schema\/person\/0efb3e0ff4e2f12b5a5abcd4352aa86c","name":"Solidaires \u00e9tudiant-e-s","image":{"@type":"ImageObject","inLanguage":"fr-FR","@id":"https:\/\/solidaires-etudiant-e-s.org\/site\/wp-content\/uploads\/2020\/01\/logo-SESL-rond-512-96x96.png","url":"https:\/\/solidaires-etudiant-e-s.org\/site\/wp-content\/uploads\/2020\/01\/logo-SESL-rond-512-96x96.png","contentUrl":"https:\/\/solidaires-etudiant-e-s.org\/site\/wp-content\/uploads\/2020\/01\/logo-SESL-rond-512-96x96.png","caption":"Solidaires \u00e9tudiant-e-s"},"sameAs":["https:\/\/solidaires-etudiant.org\/site","https:\/\/www.facebook.com\/solidairesetudiantes","https:\/\/www.instagram.com\/solidairesetu","https:\/\/x.com\/SolidairesEtu","https:\/\/fr.wikipedia.org\/wiki\/Solidaires_tudiant-e-s"]}]}},"_links":{"self":[{"href":"https:\/\/solidaires-etudiant-e-s.org\/site\/wp-json\/wp\/v2\/posts\/2523","targetHints":{"allow":["GET"]}}],"collection":[{"href":"https:\/\/solidaires-etudiant-e-s.org\/site\/wp-json\/wp\/v2\/posts"}],"about":[{"href":"https:\/\/solidaires-etudiant-e-s.org\/site\/wp-json\/wp\/v2\/types\/post"}],"author":[{"embeddable":true,"href":"https:\/\/solidaires-etudiant-e-s.org\/site\/wp-json\/wp\/v2\/users\/1"}],"replies":[{"embeddable":true,"href":"https:\/\/solidaires-etudiant-e-s.org\/site\/wp-json\/wp\/v2\/comments?post=2523"}],"version-history":[{"count":0,"href":"https:\/\/solidaires-etudiant-e-s.org\/site\/wp-json\/wp\/v2\/posts\/2523\/revisions"}],"wp:featuredmedia":[{"embeddable":true,"href":"https:\/\/solidaires-etudiant-e-s.org\/site\/wp-json\/wp\/v2\/media\/2524"}],"wp:attachment":[{"href":"https:\/\/solidaires-etudiant-e-s.org\/site\/wp-json\/wp\/v2\/media?parent=2523"}],"wp:term":[{"taxonomy":"category","embeddable":true,"href":"https:\/\/solidaires-etudiant-e-s.org\/site\/wp-json\/wp\/v2\/categories?post=2523"},{"taxonomy":"post_tag","embeddable":true,"href":"https:\/\/solidaires-etudiant-e-s.org\/site\/wp-json\/wp\/v2\/tags?post=2523"}],"curies":[{"name":"wp","href":"https:\/\/api.w.org\/{rel}","templated":true}]}}