{"id":2491,"date":"2015-05-13T19:28:33","date_gmt":"2015-05-13T17:28:33","guid":{"rendered":"http:\/\/www.solidaires-etudiant.org\/?p=2491"},"modified":"2015-05-13T19:28:33","modified_gmt":"2015-05-13T17:28:33","slug":"pour-les-etudiant-e-s-aussi-les-conges-sont-un-droit-pas-un-privilege","status":"publish","type":"post","link":"https:\/\/solidaires-etudiant-e-s.org\/site\/2015\/05\/13\/pour-les-etudiant-e-s-aussi-les-conges-sont-un-droit-pas-un-privilege\/","title":{"rendered":"Pour les \u00e9tudiant-e-s aussi, les cong\u00e9s sont un droit, pas un privil\u00e8ge !"},"content":{"rendered":"<p style=\"text-align: left;\" align=\"center\"><span style=\"font-family: Arial,sans-serif;\"><span style=\"font-size: large;\"><i>A propos de l&rsquo;amendement concernant les \u00e9tudiant-e-s salari\u00e9-e-s dans la loi Macron<span style=\"font-family: Calibri Light,sans-serif;\"><span style=\"font-size: medium;\"><br \/>\n<\/span><\/span><\/i><\/span><\/span><\/p>\n<p style=\"text-align: left;\" align=\"justify\"><a name=\"14d4d4454ed592ed_14d49cd91761b96a_14d493766d10a794__ftnref1\"><\/a><a name=\"14d4d4454ed592ed_14d49cd91761b96a_14d493766d10a794__ftnref2\"><\/a> <span style=\"font-family: Calibri Light,sans-serif;\"><span style=\"font-size: medium;\">Alors que 46% des \u00e9tudiant-e-s sont contraint-e-s de se salarier pour financer leurs \u00e9tudes<span style=\"color: #222222;\">[1]; a<\/span>lors que la poursuite d\u2019une activit\u00e9 salariale nuit \u00e0 la r\u00e9ussite scolaire<span style=\"color: #222222;\">[2], on attendrait d&rsquo;un gouvernement qui pr\u00e9tend faire de la \u00ab\u00a0jeunesse\u00a0\u00bb une priorit\u00e9 qu&rsquo;il prenne \u00e0 bras le corps ce probl\u00e8me.<\/span>\u00a0Il pourrait d\u00e9cider d\u2019augmenter massivement en nombre et en valeur les bourses sur crit\u00e8res sociaux, il pourrait encadrer les loyers, qui constituent la majeure partie du budget des \u00e9tudiant-e-s, pour leur permettre d\u2019\u00e9tudier et de vivre dans de bonnes conditions. Mais non\u2026 En guise de solution, un minuscule amendement, tr\u00e8s loin d&rsquo;\u00eatre satisfaisant, s\u2019est gliss\u00e9 dans la loi Macron.<\/span><\/span><\/p>\n<p style=\"text-align: left;\" align=\"justify\"><span style=\"font-family: Calibri Light,sans-serif;\"><span style=\"font-size: medium;\">Suite \u00e0 l&rsquo;initiative d&rsquo;une d\u00e9put\u00e9e PS, la loi pr\u00e9voit d\u2019offrir aux \u00e9tudiant-e-s salari\u00e9-e-s un cong\u00e9 de cinq journ\u00e9es par semestre pour leur permettre de r\u00e9viser leurs examens. Ce n\u2019est pas une mauvaise chose, surtout quand on connait la difficult\u00e9 de faire reconnaitre par l\u2019universit\u00e9 ou par les employeurs le statut d\u2019\u00e9tudiant-e-s salari\u00e9-e-s. Au d\u00e9part, l\u2019amendement pr\u00e9voyait de maintenir le salaire. Mais c\u2019\u00e9tait sans compter l\u2019intervention de l\u2019UMP\u00a0! Ce dernier a d\u00e9pos\u00e9 un sous-amendement, adopt\u00e9 par les parlementaires avec l\u2019aide du PS, qui supprime cette r\u00e9mun\u00e9ration. Autrement dit, ces cong\u00e9s deviennent des cong\u00e9s sans soldes. Des cong\u00e9s pour r\u00e9viser oui, mais \u00e0 nos frais!<\/span><\/span><\/p>\n<p style=\"text-align: left;\" align=\"justify\"><span style=\"font-family: Calibri Light,sans-serif;\"><span style=\"font-size: medium;\">Encore une fois, ce sont les \u00e9tudiant-e-s en difficult\u00e9s financi\u00e8res qui seront p\u00e9nalis\u00e9-e-s. Pour un contrat \u00e0 temps partiel, de 20 heures hebdomadaires pay\u00e9es au Smic horaire, c\u2019est plus d\u2019une centaine d\u2019euros de perdu \u00e0 la fin du mois. Est-ce que les parlementaires pensent que les \u00e9tudiant-e-s se salarient pour le fun\u00a0? Les \u00e9tudiant-e-s se salarient parce qu\u2019ils et elles besoin de payer leur loyer et remplir leur frigo. Comment les \u00e9tudiant-e-s feront pour prendre ce\u00a0 \u00ab\u00a0Cr\u00e9dit Temps R\u00e9vision\u00a0\u00bb\u00a0? Ils arr\u00eateront de manger\u00a0? Non, ils et elles continueront de gal\u00e9rer chaque mois en cumulant emploi et \u00e9tude.<\/span><\/span><\/p>\n<p style=\"text-align: left;\" align=\"justify\"><span style=\"font-family: Calibri Light,sans-serif;\"><span style=\"font-size: medium;\">Cette mesure, dans le quota d&rsquo;heures qu&rsquo;elle impose pour pouvoir disposer du cong\u00e9, est justifi\u00e9e de la fa\u00e7on suivante\u00a0: \u00ab\u00a0afin de ne pas p\u00e9naliser certains employeurs\u00a0\u00bb. C&rsquo;est encore les employeurs qui sont privil\u00e9gi\u00e9s, eux qui, rappelons-le, ont int\u00e9r\u00eat le reste du temps \u00e0 embaucher ces \u00e9tudiant-e-s pay\u00e9-e-s une mis\u00e8re, flexibles et pas trop revendicatif\/ves. Encore un exemple qui montre que la loi Macron, c\u2019est la loi des patrons\u00a0! C\u2019est la loi qui d\u00e9grade nos conditions d\u2019embauche et nos conditions de travail au profit du droit patronal\u00a0: g\u00e9n\u00e9ralisation du travail le dimanche, plus de visite m\u00e9dicale d\u2019embauche et recours \u00e0 la m\u00e9decine g\u00e9n\u00e9rale plut\u00f4t qu\u2019\u00e0 la m\u00e9decine du travail, privatisation du secteur public\u2026 Ces cong\u00e9s sans soldes ne sont que de la poudre aux yeux: en aucun cas ils ne pourraient constituer une v\u00e9ritable mesure en faveur des \u00e9tudiant-e-s salari\u00e9-e-s; en aucun cas ils ne permettront de lutter v\u00e9ritablement contre les in\u00e9galit\u00e9s d&rsquo;acc\u00e8s et de r\u00e9ussite dans l&rsquo;enseignement sup\u00e9rieur.<\/span><\/span><\/p>\n<p align=\"center\"><span style=\"font-size: large;\"><b>Halte au salariat contraint\u00a0!<\/b><\/span><\/p>\n<p align=\"center\"><span style=\"font-size: large;\"><b>Augmentons les bourses en nombre et en montant\u00a0!<\/b><\/span><\/p>\n<p align=\"center\"><span style=\"font-size: medium;\"><span style=\"color: #000000;\"><span style=\"font-family: Calibri Light,sans-serif;\"><i>S<\/i><\/span><\/span><span style=\"color: #000000;\"><span style=\"font-family: Calibri Light,sans-serif;\"><i>olidaires \u00e9tudiant-e-s, syndicats de luttes \/ <\/i><\/span><\/span><span style=\"color: #000000;\"><span style=\"font-family: Calibri Light,sans-serif;\">Porte-parolat\u00a0: <\/span><\/span><span style=\"color: #000000;\"><span style=\"font-family: Calibri Light,sans-serif;\"><i><br \/>\n<\/i><\/span><\/span><\/span><\/p>\n<p align=\"center\"><span style=\"font-size: medium;\"><span style=\"color: #000000;\"><span style=\"font-family: Calibri Light,sans-serif;\"><i>06.86.80.24.45 \/<\/i><\/span><\/span><\/span><\/p>\n<p align=\"center\"><span style=\"color: #0000ff;\"><span lang=\"zxx\"><u><a href=\"https:\/\/solidaires-etudiant.org\/site\/\" target=\"_blank\" rel=\"noopener\"><span style=\"font-family: Calibri Light,sans-serif;\"><span style=\"font-size: medium;\"><i>http:\/\/www.solidaires-<wbr \/>etudiant-e-s.org<\/i><\/span><\/span><\/a><\/u><\/span><\/span><span style=\"color: #000000;\"><span style=\"font-family: Calibri Light,sans-serif;\"><span style=\"font-size: medium;\"><i> \/ <\/i><\/span><\/span><\/span><span style=\"color: #0000ff;\"><span lang=\"zxx\"><u><a href=\"mailto:contact@solidaires-etudiant-e-s.org\" target=\"_blank\" rel=\"noopener\"><span style=\"font-family: Calibri Light,sans-serif;\"><span style=\"font-size: medium;\">contact@solidaires-<\/span><\/span><\/a><\/u><\/span><\/span><\/p>\n<p align=\"center\"><span style=\"color: #0000ff;\"><span lang=\"zxx\"><u><a href=\"mailto:contact@solidaires-etudiant-e-s.org\" target=\"_blank\" rel=\"noopener\"><span style=\"font-family: Calibri Light,sans-serif;\"><span style=\"font-size: medium;\">etudiant-<\/span><\/span><\/a><\/u><\/span><\/span><span style=\"color: #000000;\"><span style=\"font-family: Calibri Light,sans-serif;\"><span style=\"font-size: medium;\"><a href=\"http:\/\/e-s.org\" target=\"_blank\" rel=\"noopener\">e-s.org<\/a><\/span><\/span><\/span><\/p>\n","protected":false},"excerpt":{"rendered":"<p>A propos de l&rsquo;amendement concernant les \u00e9tudiant-e-s salari\u00e9-e-s dans la loi Macron [&hellip;]<\/p>\n","protected":false},"author":1,"featured_media":2501,"comment_status":"closed","ping_status":"closed","sticky":false,"template":"","format":"standard","meta":{"cybocfi_hide_featured_image":"","footnotes":""},"categories":[10,15],"tags":[172,226,492,497,745,1010,1011,1049,1050],"class_list":["post-2491","post","type-post","status-publish","format-standard","has-post-thumbnail","hentry","category-communiques","category-droits-etudiants","tag-augmentation-des-bourses","tag-bourses","tag-etudiants","tag-etudiants-salaries","tag-macron","tag-salariat-contraint","tag-salariat-etudiant","tag-slider","tag-slideshow","col-md-4 col-sm-4"],"featured_image_src":"https:\/\/solidaires-etudiant-e-s.org\/site\/wp-content\/uploads\/2015\/05\/loi-des-patrons1.jpg","author_info":{"display_name":"Solidaires \u00e9tudiant-e-s","author_link":false},"yoast_head":"<!-- This site is optimized with the Yoast SEO plugin v27.4 - https:\/\/yoast.com\/product\/yoast-seo-wordpress\/ -->\n<title>Pour les \u00e9tudiant-e-s aussi, les cong\u00e9s sont un droit, pas un privil\u00e8ge ! - Solidaires \u00e9tudiant-e-s<\/title>\n<meta name=\"robots\" content=\"index, follow, max-snippet:-1, max-image-preview:large, max-video-preview:-1\" \/>\n<link rel=\"canonical\" href=\"https:\/\/solidaires-etudiant-e-s.org\/site\/2015\/05\/13\/pour-les-etudiant-e-s-aussi-les-conges-sont-un-droit-pas-un-privilege\/\" \/>\n<meta property=\"og:locale\" content=\"fr_FR\" \/>\n<meta property=\"og:type\" content=\"article\" \/>\n<meta property=\"og:title\" content=\"Pour les \u00e9tudiant-e-s aussi, les cong\u00e9s sont un droit, pas un privil\u00e8ge ! - Solidaires \u00e9tudiant-e-s\" \/>\n<meta property=\"og:description\" content=\"A propos de l&rsquo;amendement concernant les \u00e9tudiant-e-s salari\u00e9-e-s dans la loi Macron [&hellip;]\" \/>\n<meta property=\"og:url\" content=\"https:\/\/solidaires-etudiant-e-s.org\/site\/2015\/05\/13\/pour-les-etudiant-e-s-aussi-les-conges-sont-un-droit-pas-un-privilege\/\" \/>\n<meta property=\"og:site_name\" content=\"Solidaires \u00e9tudiant-e-s\" \/>\n<meta property=\"article:publisher\" content=\"https:\/\/www.facebook.com\/solidairesetudiantes\" \/>\n<meta property=\"article:author\" content=\"https:\/\/www.facebook.com\/solidairesetudiantes\" \/>\n<meta property=\"article:published_time\" content=\"2015-05-13T17:28:33+00:00\" \/>\n<meta property=\"og:image\" content=\"https:\/\/solidaires-etudiant-e-s.org\/site\/wp-content\/uploads\/2015\/05\/loi-des-patrons1.jpg\" \/>\n\t<meta property=\"og:image:width\" content=\"528\" \/>\n\t<meta property=\"og:image:height\" content=\"583\" \/>\n\t<meta property=\"og:image:type\" content=\"image\/jpeg\" \/>\n<meta name=\"author\" content=\"Solidaires \u00e9tudiant-e-s\" \/>\n<meta name=\"twitter:card\" content=\"summary_large_image\" \/>\n<meta name=\"twitter:creator\" content=\"@SolidairesEtu\" \/>\n<meta name=\"twitter:site\" content=\"@SolidairesEtu\" \/>\n<meta name=\"twitter:label1\" content=\"\u00c9crit par\" \/>\n\t<meta name=\"twitter:data1\" content=\"Solidaires \u00e9tudiant-e-s\" \/>\n\t<meta name=\"twitter:label2\" content=\"Dur\u00e9e de lecture estim\u00e9e\" \/>\n\t<meta name=\"twitter:data2\" content=\"3 minutes\" \/>\n<script type=\"application\/ld+json\" class=\"yoast-schema-graph\">{\"@context\":\"https:\\\/\\\/schema.org\",\"@graph\":[{\"@type\":\"Article\",\"@id\":\"https:\\\/\\\/solidaires-etudiant-e-s.org\\\/site\\\/2015\\\/05\\\/13\\\/pour-les-etudiant-e-s-aussi-les-conges-sont-un-droit-pas-un-privilege\\\/#article\",\"isPartOf\":{\"@id\":\"https:\\\/\\\/solidaires-etudiant-e-s.org\\\/site\\\/2015\\\/05\\\/13\\\/pour-les-etudiant-e-s-aussi-les-conges-sont-un-droit-pas-un-privilege\\\/\"},\"author\":{\"name\":\"Solidaires \u00e9tudiant-e-s\",\"@id\":\"https:\\\/\\\/solidaires-etudiant-e-s.org\\\/site\\\/#\\\/schema\\\/person\\\/0efb3e0ff4e2f12b5a5abcd4352aa86c\"},\"headline\":\"Pour les \u00e9tudiant-e-s aussi, les cong\u00e9s sont un droit, pas un privil\u00e8ge !\",\"datePublished\":\"2015-05-13T17:28:33+00:00\",\"mainEntityOfPage\":{\"@id\":\"https:\\\/\\\/solidaires-etudiant-e-s.org\\\/site\\\/2015\\\/05\\\/13\\\/pour-les-etudiant-e-s-aussi-les-conges-sont-un-droit-pas-un-privilege\\\/\"},\"wordCount\":599,\"publisher\":{\"@id\":\"https:\\\/\\\/solidaires-etudiant-e-s.org\\\/site\\\/#organization\"},\"image\":{\"@id\":\"https:\\\/\\\/solidaires-etudiant-e-s.org\\\/site\\\/2015\\\/05\\\/13\\\/pour-les-etudiant-e-s-aussi-les-conges-sont-un-droit-pas-un-privilege\\\/#primaryimage\"},\"thumbnailUrl\":\"https:\\\/\\\/solidaires-etudiant-e-s.org\\\/site\\\/wp-content\\\/uploads\\\/2015\\\/05\\\/loi-des-patrons1.jpg\",\"keywords\":[\"augmentation des bourses\",\"bourses\",\"\u00e9tudiants\",\"\u00e9tudiants salari\u00e9s\",\"macron\",\"salariat contraint\",\"salariat \u00e9tudiant\",\"slider\",\"slideshow\"],\"articleSection\":[\"COMMUNIQUES NATIONAUX\",\"DROITS ETUDIANTS\"],\"inLanguage\":\"fr-FR\"},{\"@type\":\"WebPage\",\"@id\":\"https:\\\/\\\/solidaires-etudiant-e-s.org\\\/site\\\/2015\\\/05\\\/13\\\/pour-les-etudiant-e-s-aussi-les-conges-sont-un-droit-pas-un-privilege\\\/\",\"url\":\"https:\\\/\\\/solidaires-etudiant-e-s.org\\\/site\\\/2015\\\/05\\\/13\\\/pour-les-etudiant-e-s-aussi-les-conges-sont-un-droit-pas-un-privilege\\\/\",\"name\":\"Pour les \u00e9tudiant-e-s aussi, les cong\u00e9s sont un droit, pas un privil\u00e8ge ! - Solidaires \u00e9tudiant-e-s\",\"isPartOf\":{\"@id\":\"https:\\\/\\\/solidaires-etudiant-e-s.org\\\/site\\\/#website\"},\"primaryImageOfPage\":{\"@id\":\"https:\\\/\\\/solidaires-etudiant-e-s.org\\\/site\\\/2015\\\/05\\\/13\\\/pour-les-etudiant-e-s-aussi-les-conges-sont-un-droit-pas-un-privilege\\\/#primaryimage\"},\"image\":{\"@id\":\"https:\\\/\\\/solidaires-etudiant-e-s.org\\\/site\\\/2015\\\/05\\\/13\\\/pour-les-etudiant-e-s-aussi-les-conges-sont-un-droit-pas-un-privilege\\\/#primaryimage\"},\"thumbnailUrl\":\"https:\\\/\\\/solidaires-etudiant-e-s.org\\\/site\\\/wp-content\\\/uploads\\\/2015\\\/05\\\/loi-des-patrons1.jpg\",\"datePublished\":\"2015-05-13T17:28:33+00:00\",\"breadcrumb\":{\"@id\":\"https:\\\/\\\/solidaires-etudiant-e-s.org\\\/site\\\/2015\\\/05\\\/13\\\/pour-les-etudiant-e-s-aussi-les-conges-sont-un-droit-pas-un-privilege\\\/#breadcrumb\"},\"inLanguage\":\"fr-FR\",\"potentialAction\":[{\"@type\":\"ReadAction\",\"target\":[\"https:\\\/\\\/solidaires-etudiant-e-s.org\\\/site\\\/2015\\\/05\\\/13\\\/pour-les-etudiant-e-s-aussi-les-conges-sont-un-droit-pas-un-privilege\\\/\"]}]},{\"@type\":\"ImageObject\",\"inLanguage\":\"fr-FR\",\"@id\":\"https:\\\/\\\/solidaires-etudiant-e-s.org\\\/site\\\/2015\\\/05\\\/13\\\/pour-les-etudiant-e-s-aussi-les-conges-sont-un-droit-pas-un-privilege\\\/#primaryimage\",\"url\":\"https:\\\/\\\/solidaires-etudiant-e-s.org\\\/site\\\/wp-content\\\/uploads\\\/2015\\\/05\\\/loi-des-patrons1.jpg\",\"contentUrl\":\"https:\\\/\\\/solidaires-etudiant-e-s.org\\\/site\\\/wp-content\\\/uploads\\\/2015\\\/05\\\/loi-des-patrons1.jpg\",\"width\":528,\"height\":583},{\"@type\":\"BreadcrumbList\",\"@id\":\"https:\\\/\\\/solidaires-etudiant-e-s.org\\\/site\\\/2015\\\/05\\\/13\\\/pour-les-etudiant-e-s-aussi-les-conges-sont-un-droit-pas-un-privilege\\\/#breadcrumb\",\"itemListElement\":[{\"@type\":\"ListItem\",\"position\":1,\"name\":\"Accueil\",\"item\":\"https:\\\/\\\/solidaires-etudiant-e-s.org\\\/site\\\/\"},{\"@type\":\"ListItem\",\"position\":2,\"name\":\"Pour les \u00e9tudiant-e-s aussi, les cong\u00e9s sont un droit, pas un privil\u00e8ge !\"}]},{\"@type\":\"WebSite\",\"@id\":\"https:\\\/\\\/solidaires-etudiant-e-s.org\\\/site\\\/#website\",\"url\":\"https:\\\/\\\/solidaires-etudiant-e-s.org\\\/site\\\/\",\"name\":\"Solidaires \u00e9tudiant-e-s\",\"description\":\"Syndicats pour un enseignement sup\u00e9rieur gratuit, ouvert, et \u00e9mancipateur !\",\"publisher\":{\"@id\":\"https:\\\/\\\/solidaires-etudiant-e-s.org\\\/site\\\/#organization\"},\"potentialAction\":[{\"@type\":\"SearchAction\",\"target\":{\"@type\":\"EntryPoint\",\"urlTemplate\":\"https:\\\/\\\/solidaires-etudiant-e-s.org\\\/site\\\/?s={search_term_string}\"},\"query-input\":{\"@type\":\"PropertyValueSpecification\",\"valueRequired\":true,\"valueName\":\"search_term_string\"}}],\"inLanguage\":\"fr-FR\"},{\"@type\":\"Organization\",\"@id\":\"https:\\\/\\\/solidaires-etudiant-e-s.org\\\/site\\\/#organization\",\"name\":\"Solidaires \u00e9tudiant-e-s\",\"url\":\"https:\\\/\\\/solidaires-etudiant-e-s.org\\\/site\\\/\",\"logo\":{\"@type\":\"ImageObject\",\"inLanguage\":\"fr-FR\",\"@id\":\"https:\\\/\\\/solidaires-etudiant-e-s.org\\\/site\\\/#\\\/schema\\\/logo\\\/image\\\/\",\"url\":\"https:\\\/\\\/solidaires-etudiant-e-s.org\\\/site\\\/wp-content\\\/uploads\\\/2025\\\/12\\\/13-1.png\",\"contentUrl\":\"https:\\\/\\\/solidaires-etudiant-e-s.org\\\/site\\\/wp-content\\\/uploads\\\/2025\\\/12\\\/13-1.png\",\"width\":1181,\"height\":827,\"caption\":\"Solidaires \u00e9tudiant-e-s\"},\"image\":{\"@id\":\"https:\\\/\\\/solidaires-etudiant-e-s.org\\\/site\\\/#\\\/schema\\\/logo\\\/image\\\/\"},\"sameAs\":[\"https:\\\/\\\/www.facebook.com\\\/solidairesetudiantes\",\"https:\\\/\\\/x.com\\\/SolidairesEtu\",\"https:\\\/\\\/www.instagram.com\\\/solidairesetu\\\/\",\"https:\\\/\\\/bsky.app\\\/profile\\\/solidaires-etudiant-e-s.org\",\"https:\\\/\\\/mastodon.social\\\/@solidairesetu\",\"https:\\\/\\\/www.youtube.com\\\/channel\\\/UC_iZN9gmVAAnXbBM7wAWOag\"]},{\"@type\":\"Person\",\"@id\":\"https:\\\/\\\/solidaires-etudiant-e-s.org\\\/site\\\/#\\\/schema\\\/person\\\/0efb3e0ff4e2f12b5a5abcd4352aa86c\",\"name\":\"Solidaires \u00e9tudiant-e-s\",\"image\":{\"@type\":\"ImageObject\",\"inLanguage\":\"fr-FR\",\"@id\":\"https:\\\/\\\/solidaires-etudiant-e-s.org\\\/site\\\/wp-content\\\/uploads\\\/2020\\\/01\\\/logo-SESL-rond-512-96x96.png\",\"url\":\"https:\\\/\\\/solidaires-etudiant-e-s.org\\\/site\\\/wp-content\\\/uploads\\\/2020\\\/01\\\/logo-SESL-rond-512-96x96.png\",\"contentUrl\":\"https:\\\/\\\/solidaires-etudiant-e-s.org\\\/site\\\/wp-content\\\/uploads\\\/2020\\\/01\\\/logo-SESL-rond-512-96x96.png\",\"caption\":\"Solidaires \u00e9tudiant-e-s\"},\"sameAs\":[\"https:\\\/\\\/solidaires-etudiant.org\\\/site\",\"https:\\\/\\\/www.facebook.com\\\/solidairesetudiantes\",\"https:\\\/\\\/www.instagram.com\\\/solidairesetu\",\"https:\\\/\\\/x.com\\\/SolidairesEtu\",\"https:\\\/\\\/fr.wikipedia.org\\\/wiki\\\/Solidaires_tudiant-e-s\"]}]}<\/script>\n<!-- \/ Yoast SEO plugin. -->","yoast_head_json":{"title":"Pour les \u00e9tudiant-e-s aussi, les cong\u00e9s sont un droit, pas un privil\u00e8ge ! - Solidaires \u00e9tudiant-e-s","robots":{"index":"index","follow":"follow","max-snippet":"max-snippet:-1","max-image-preview":"max-image-preview:large","max-video-preview":"max-video-preview:-1"},"canonical":"https:\/\/solidaires-etudiant-e-s.org\/site\/2015\/05\/13\/pour-les-etudiant-e-s-aussi-les-conges-sont-un-droit-pas-un-privilege\/","og_locale":"fr_FR","og_type":"article","og_title":"Pour les \u00e9tudiant-e-s aussi, les cong\u00e9s sont un droit, pas un privil\u00e8ge ! - Solidaires \u00e9tudiant-e-s","og_description":"A propos de l&rsquo;amendement concernant les \u00e9tudiant-e-s salari\u00e9-e-s dans la loi Macron [&hellip;]","og_url":"https:\/\/solidaires-etudiant-e-s.org\/site\/2015\/05\/13\/pour-les-etudiant-e-s-aussi-les-conges-sont-un-droit-pas-un-privilege\/","og_site_name":"Solidaires \u00e9tudiant-e-s","article_publisher":"https:\/\/www.facebook.com\/solidairesetudiantes","article_author":"https:\/\/www.facebook.com\/solidairesetudiantes","article_published_time":"2015-05-13T17:28:33+00:00","og_image":[{"width":528,"height":583,"url":"https:\/\/solidaires-etudiant-e-s.org\/site\/wp-content\/uploads\/2015\/05\/loi-des-patrons1.jpg","type":"image\/jpeg"}],"author":"Solidaires \u00e9tudiant-e-s","twitter_card":"summary_large_image","twitter_creator":"@SolidairesEtu","twitter_site":"@SolidairesEtu","twitter_misc":{"\u00c9crit par":"Solidaires \u00e9tudiant-e-s","Dur\u00e9e de lecture estim\u00e9e":"3 minutes"},"schema":{"@context":"https:\/\/schema.org","@graph":[{"@type":"Article","@id":"https:\/\/solidaires-etudiant-e-s.org\/site\/2015\/05\/13\/pour-les-etudiant-e-s-aussi-les-conges-sont-un-droit-pas-un-privilege\/#article","isPartOf":{"@id":"https:\/\/solidaires-etudiant-e-s.org\/site\/2015\/05\/13\/pour-les-etudiant-e-s-aussi-les-conges-sont-un-droit-pas-un-privilege\/"},"author":{"name":"Solidaires \u00e9tudiant-e-s","@id":"https:\/\/solidaires-etudiant-e-s.org\/site\/#\/schema\/person\/0efb3e0ff4e2f12b5a5abcd4352aa86c"},"headline":"Pour les \u00e9tudiant-e-s aussi, les cong\u00e9s sont un droit, pas un privil\u00e8ge !","datePublished":"2015-05-13T17:28:33+00:00","mainEntityOfPage":{"@id":"https:\/\/solidaires-etudiant-e-s.org\/site\/2015\/05\/13\/pour-les-etudiant-e-s-aussi-les-conges-sont-un-droit-pas-un-privilege\/"},"wordCount":599,"publisher":{"@id":"https:\/\/solidaires-etudiant-e-s.org\/site\/#organization"},"image":{"@id":"https:\/\/solidaires-etudiant-e-s.org\/site\/2015\/05\/13\/pour-les-etudiant-e-s-aussi-les-conges-sont-un-droit-pas-un-privilege\/#primaryimage"},"thumbnailUrl":"https:\/\/solidaires-etudiant-e-s.org\/site\/wp-content\/uploads\/2015\/05\/loi-des-patrons1.jpg","keywords":["augmentation des bourses","bourses","\u00e9tudiants","\u00e9tudiants salari\u00e9s","macron","salariat contraint","salariat \u00e9tudiant","slider","slideshow"],"articleSection":["COMMUNIQUES NATIONAUX","DROITS ETUDIANTS"],"inLanguage":"fr-FR"},{"@type":"WebPage","@id":"https:\/\/solidaires-etudiant-e-s.org\/site\/2015\/05\/13\/pour-les-etudiant-e-s-aussi-les-conges-sont-un-droit-pas-un-privilege\/","url":"https:\/\/solidaires-etudiant-e-s.org\/site\/2015\/05\/13\/pour-les-etudiant-e-s-aussi-les-conges-sont-un-droit-pas-un-privilege\/","name":"Pour les \u00e9tudiant-e-s aussi, les cong\u00e9s sont un droit, pas un privil\u00e8ge ! - Solidaires \u00e9tudiant-e-s","isPartOf":{"@id":"https:\/\/solidaires-etudiant-e-s.org\/site\/#website"},"primaryImageOfPage":{"@id":"https:\/\/solidaires-etudiant-e-s.org\/site\/2015\/05\/13\/pour-les-etudiant-e-s-aussi-les-conges-sont-un-droit-pas-un-privilege\/#primaryimage"},"image":{"@id":"https:\/\/solidaires-etudiant-e-s.org\/site\/2015\/05\/13\/pour-les-etudiant-e-s-aussi-les-conges-sont-un-droit-pas-un-privilege\/#primaryimage"},"thumbnailUrl":"https:\/\/solidaires-etudiant-e-s.org\/site\/wp-content\/uploads\/2015\/05\/loi-des-patrons1.jpg","datePublished":"2015-05-13T17:28:33+00:00","breadcrumb":{"@id":"https:\/\/solidaires-etudiant-e-s.org\/site\/2015\/05\/13\/pour-les-etudiant-e-s-aussi-les-conges-sont-un-droit-pas-un-privilege\/#breadcrumb"},"inLanguage":"fr-FR","potentialAction":[{"@type":"ReadAction","target":["https:\/\/solidaires-etudiant-e-s.org\/site\/2015\/05\/13\/pour-les-etudiant-e-s-aussi-les-conges-sont-un-droit-pas-un-privilege\/"]}]},{"@type":"ImageObject","inLanguage":"fr-FR","@id":"https:\/\/solidaires-etudiant-e-s.org\/site\/2015\/05\/13\/pour-les-etudiant-e-s-aussi-les-conges-sont-un-droit-pas-un-privilege\/#primaryimage","url":"https:\/\/solidaires-etudiant-e-s.org\/site\/wp-content\/uploads\/2015\/05\/loi-des-patrons1.jpg","contentUrl":"https:\/\/solidaires-etudiant-e-s.org\/site\/wp-content\/uploads\/2015\/05\/loi-des-patrons1.jpg","width":528,"height":583},{"@type":"BreadcrumbList","@id":"https:\/\/solidaires-etudiant-e-s.org\/site\/2015\/05\/13\/pour-les-etudiant-e-s-aussi-les-conges-sont-un-droit-pas-un-privilege\/#breadcrumb","itemListElement":[{"@type":"ListItem","position":1,"name":"Accueil","item":"https:\/\/solidaires-etudiant-e-s.org\/site\/"},{"@type":"ListItem","position":2,"name":"Pour les \u00e9tudiant-e-s aussi, les cong\u00e9s sont un droit, pas un privil\u00e8ge !"}]},{"@type":"WebSite","@id":"https:\/\/solidaires-etudiant-e-s.org\/site\/#website","url":"https:\/\/solidaires-etudiant-e-s.org\/site\/","name":"Solidaires \u00e9tudiant-e-s","description":"Syndicats pour un enseignement sup\u00e9rieur gratuit, ouvert, et \u00e9mancipateur !","publisher":{"@id":"https:\/\/solidaires-etudiant-e-s.org\/site\/#organization"},"potentialAction":[{"@type":"SearchAction","target":{"@type":"EntryPoint","urlTemplate":"https:\/\/solidaires-etudiant-e-s.org\/site\/?s={search_term_string}"},"query-input":{"@type":"PropertyValueSpecification","valueRequired":true,"valueName":"search_term_string"}}],"inLanguage":"fr-FR"},{"@type":"Organization","@id":"https:\/\/solidaires-etudiant-e-s.org\/site\/#organization","name":"Solidaires \u00e9tudiant-e-s","url":"https:\/\/solidaires-etudiant-e-s.org\/site\/","logo":{"@type":"ImageObject","inLanguage":"fr-FR","@id":"https:\/\/solidaires-etudiant-e-s.org\/site\/#\/schema\/logo\/image\/","url":"https:\/\/solidaires-etudiant-e-s.org\/site\/wp-content\/uploads\/2025\/12\/13-1.png","contentUrl":"https:\/\/solidaires-etudiant-e-s.org\/site\/wp-content\/uploads\/2025\/12\/13-1.png","width":1181,"height":827,"caption":"Solidaires \u00e9tudiant-e-s"},"image":{"@id":"https:\/\/solidaires-etudiant-e-s.org\/site\/#\/schema\/logo\/image\/"},"sameAs":["https:\/\/www.facebook.com\/solidairesetudiantes","https:\/\/x.com\/SolidairesEtu","https:\/\/www.instagram.com\/solidairesetu\/","https:\/\/bsky.app\/profile\/solidaires-etudiant-e-s.org","https:\/\/mastodon.social\/@solidairesetu","https:\/\/www.youtube.com\/channel\/UC_iZN9gmVAAnXbBM7wAWOag"]},{"@type":"Person","@id":"https:\/\/solidaires-etudiant-e-s.org\/site\/#\/schema\/person\/0efb3e0ff4e2f12b5a5abcd4352aa86c","name":"Solidaires \u00e9tudiant-e-s","image":{"@type":"ImageObject","inLanguage":"fr-FR","@id":"https:\/\/solidaires-etudiant-e-s.org\/site\/wp-content\/uploads\/2020\/01\/logo-SESL-rond-512-96x96.png","url":"https:\/\/solidaires-etudiant-e-s.org\/site\/wp-content\/uploads\/2020\/01\/logo-SESL-rond-512-96x96.png","contentUrl":"https:\/\/solidaires-etudiant-e-s.org\/site\/wp-content\/uploads\/2020\/01\/logo-SESL-rond-512-96x96.png","caption":"Solidaires \u00e9tudiant-e-s"},"sameAs":["https:\/\/solidaires-etudiant.org\/site","https:\/\/www.facebook.com\/solidairesetudiantes","https:\/\/www.instagram.com\/solidairesetu","https:\/\/x.com\/SolidairesEtu","https:\/\/fr.wikipedia.org\/wiki\/Solidaires_tudiant-e-s"]}]}},"_links":{"self":[{"href":"https:\/\/solidaires-etudiant-e-s.org\/site\/wp-json\/wp\/v2\/posts\/2491","targetHints":{"allow":["GET"]}}],"collection":[{"href":"https:\/\/solidaires-etudiant-e-s.org\/site\/wp-json\/wp\/v2\/posts"}],"about":[{"href":"https:\/\/solidaires-etudiant-e-s.org\/site\/wp-json\/wp\/v2\/types\/post"}],"author":[{"embeddable":true,"href":"https:\/\/solidaires-etudiant-e-s.org\/site\/wp-json\/wp\/v2\/users\/1"}],"replies":[{"embeddable":true,"href":"https:\/\/solidaires-etudiant-e-s.org\/site\/wp-json\/wp\/v2\/comments?post=2491"}],"version-history":[{"count":0,"href":"https:\/\/solidaires-etudiant-e-s.org\/site\/wp-json\/wp\/v2\/posts\/2491\/revisions"}],"wp:featuredmedia":[{"embeddable":true,"href":"https:\/\/solidaires-etudiant-e-s.org\/site\/wp-json\/wp\/v2\/media\/2501"}],"wp:attachment":[{"href":"https:\/\/solidaires-etudiant-e-s.org\/site\/wp-json\/wp\/v2\/media?parent=2491"}],"wp:term":[{"taxonomy":"category","embeddable":true,"href":"https:\/\/solidaires-etudiant-e-s.org\/site\/wp-json\/wp\/v2\/categories?post=2491"},{"taxonomy":"post_tag","embeddable":true,"href":"https:\/\/solidaires-etudiant-e-s.org\/site\/wp-json\/wp\/v2\/tags?post=2491"}],"curies":[{"name":"wp","href":"https:\/\/api.w.org\/{rel}","templated":true}]}}