{"id":2481,"date":"2015-05-03T20:18:14","date_gmt":"2015-05-03T18:18:14","guid":{"rendered":"http:\/\/www.solidaires-etudiant.org\/?p=2481"},"modified":"2015-05-03T20:18:14","modified_gmt":"2015-05-03T18:18:14","slug":"projection-du-nombre-detudiant-e-s-cherchez-lerreur","status":"publish","type":"post","link":"https:\/\/solidaires-etudiant-e-s.org\/site\/2015\/05\/03\/projection-du-nombre-detudiant-e-s-cherchez-lerreur\/","title":{"rendered":"Projection du nombre d&#039;\u00e9tudiant-e-s : cherchez l&#039;erreur !"},"content":{"rendered":"<p align=\"center\"><span style=\"color: #eb613d;\"><span style=\"font-family: Berlin Sans FB Demi,sans-serif;\"><span style=\"font-size: x-large;\"><span lang=\"fr-FR\"><br \/>\n<\/span><\/span><\/span><\/span><b><\/b><b> <\/b><\/p>\n<p align=\"left\">Fin avril le minist\u00e8re de l\u2019\u00e9ducation nationale, de l&rsquo;Enseignement sup\u00e9rieur et de la recherche a publi\u00e9 leur \u00ab\u00a0projection des effectifs dans l&rsquo;Enseignement sup\u00e9rieur pour les rentr\u00e9es de 2014 \u00e0 2023\u00a0\u00bb<a class=\"sdfootnoteanc\" href=\"#sdfootnote1sym\" name=\"sdfootnote1anc\"><sup>1<\/sup><\/a>. Le minist\u00e8re pr\u00e9voit, entre autre, l&rsquo;augmentation du nombre d&rsquo;\u00e9tudiant-e-s, on apprend par exemple qu&rsquo;ils pr\u00e9voient <b>219.700 \u00e9tudiant-e-s en plus en 2023<\/b>.<\/p>\n<p align=\"left\">On peut tirer au moins deux enseignements de cette \u00e9tude\u00a0:<\/p>\n<p align=\"left\">Alors qu&rsquo;elles sont en permanence d\u00e9valoris\u00e9es, que le gouvernement et les entreprises accordent la priorit\u00e9 au d\u00e9veloppement des \u00e9coles<a class=\"sdfootnoteanc\" href=\"#sdfootnote2sym\" name=\"sdfootnote2anc\"><sup>2<\/sup><\/a>, <b>les universit\u00e9s sont les lieux qui <\/b><b>accueillent <\/b><b>le plus de monde dans l&rsquo;enseignement sup\u00e9rieur<\/b>. Cette ann\u00e9e, l&rsquo;accroissement du nombre d&rsquo;\u00e9tudiant-e-s serait de 1,9\u00a0% dans les facs alors qu&rsquo;il n&rsquo;est que de 1,7\u00a0% dans les \u00e9coles d&rsquo;ing\u00e9, 1,5\u00a0% dans les IUT, etc. <span lang=\"fr-FR\">L&rsquo;universit\u00e9 est un espace central de l&rsquo;Enseignement sup\u00e9rieur. C&rsquo;est dans cet espace que les <\/span><span lang=\"fr-FR\"><b>investissements publics sont les plus n\u00e9cessaires<\/b><\/span><span lang=\"fr-FR\">. C&rsquo;est aussi l\u00e0 o\u00f9 ils sont les plus l\u00e9gitimes.<\/span><\/p>\n<p align=\"left\">Le Minist\u00e8re est donc parfaitement conscient qu&rsquo;il y aura de plus en plus d&rsquo;\u00e9tudiant-e-s dans les ann\u00e9es \u00e0 venir alors qu&rsquo;il baisse le budget, <b>ne fait rien pour lutter contre la fermeture d&rsquo;annexes et petites universit\u00e9s.<\/b> Bien au contraire: avec la loi Fioraso et la r\u00e9gionalisation de l&rsquo;Enseignement sup\u00e9rieur, il pousse au centralisme, \u00e0 la fusion des services qui entra\u00eenent la r\u00e9duction du personnel. <b>Quand on voit que les universit\u00e9s qui viennent d&rsquo;\u00eatre reconstruites, ou qui sont en cours de reconstruction, peuvent accueillir de moins en moins d&rsquo;\u00e9tudiant-e-s, on peut se poser des questions sur la politique du gouvernement.<\/b> Comment accueillir plus d&rsquo;\u00e9tudiant-e-s avec moins de moyens, moins d&rsquo;espace, moins de personnel? Un exemple \u00e9clairant, parmi de multiples autres: depuis son ouverture, le nouveau b\u00e2timent Olympe de Gouges du Mirail (UFR SES et HAA) ne peut m\u00eame pas accueillir la moiti\u00e9 des cours de licence de sociologie. Et que dire de l&rsquo;universit\u00e9 de Paris 7 \u2013 Diderot o\u00f9 l\u2019am\u00e9nagement fait par Vinci entrave la circulation des \u00e9tudiant-e-s et des personnels<a class=\"sdfootnoteanc\" href=\"#sdfootnote3sym\" name=\"sdfootnote3anc\"><sup>3<\/sup><\/a>, ce qui d\u00e9grade les conditions de travail et d&rsquo;\u00e9tude.<\/p>\n<p align=\"left\"><b>Solidaires \u00e9tudiant-e-s revendique\u00a0:<\/b><\/p>\n<p align=\"left\">&#8211;<b> la construction d&rsquo;universit\u00e9s <\/b><b>publiques<\/b> <b>qui peuvent r\u00e9ellement accueillir le nombre d&rsquo;\u00e9tudiant-e-s<\/b> sans installer des pr\u00e9fabriqu\u00e9s ou surcharger les salles.<\/p>\n<p align=\"left\">&#8211; <b>l&rsquo;arr\u00eat des conventions avec le priv\u00e9<\/b>\u00a0: le Minist\u00e8re doit subventionner seulement des espaces d&rsquo;enseignement public.<\/p>\n<p align=\"left\">&#8211; une <b>augmentation du budget de l&rsquo;ESR<\/b> et le r\u00e9engagement de l\u2019\u00e9tat dans les universit\u00e9s en fonction des besoins.<\/p>\n<p align=\"justify\">\n<p align=\"center\"><span style=\"color: #000000;\"><span style=\"font-family: Calibri,sans-serif;\"><span style=\"font-size: small;\"><i>Solidaires \u00e9tudiant-e-s, syndicats de luttes \/ <\/i><\/span><\/span><\/span><span style=\"color: #000000;\"><span style=\"font-family: Calibri,sans-serif;\"><span style=\"font-size: small;\">Porte-parolat\u00a0: <\/span><\/span><\/span><span style=\"color: #000000;\"><span style=\"font-family: Calibri,sans-serif;\"><span style=\"font-size: small;\"><i>06.86.80.24.45 \/<\/i><\/span><\/span><\/span><\/p>\n<p align=\"center\"><a href=\"https:\/\/solidaires-etudiant.org\/site\/\"><span style=\"color: #000000;\"><span style=\"font-family: Calibri,sans-serif;\"><span style=\"font-size: small;\"><i><u>https:\/\/solidaires-etudiant.org\/site<\/u><\/i><\/span><\/span><\/span><\/a><span style=\"color: #000000;\"><span style=\"font-family: Calibri,sans-serif;\"><span style=\"font-size: small;\"><i> \/ contact@solidaires-etudiant-e-s.<\/i><\/span><\/span><\/span><span style=\"color: #000000;\"><span style=\"font-family: Calibri,sans-serif;\"><span style=\"font-size: small;\"><i>org<\/i><\/span><\/span><\/span><\/p>\n<p align=\"center\">\n<p align=\"center\">\n<div id=\"sdfootnote1\">\n<p class=\"sdfootnote\"><a class=\"sdfootnotesym\" href=\"#sdfootnote1anc\" name=\"sdfootnote1sym\">1<\/a>http:\/\/www.enseignementsup-recherche.gouv.fr\/cid88218\/les-effectifs-universitaires-en-hausse-de-1-2-en-2014-2015.html<\/p>\n<\/div>\n<div id=\"sdfootnote2\">\n<p class=\"sdfootnote\"><a class=\"sdfootnotesym\" href=\"#sdfootnote2anc\" name=\"sdfootnote2sym\">2<\/a>Bodin Romuald &amp; Orange Sophie. <em>L\u2019universit\u00e9 n\u2019est pas en crise,<\/em>\u00c9d. du Croquant, 2013.<\/p>\n<\/div>\n<div id=\"sdfootnote3\">\n<p class=\"sdfootnote\"><a class=\"sdfootnotesym\" href=\"#sdfootnote3anc\" name=\"sdfootnote3sym\">3<\/a>http:\/\/www.solidaires-etudiant.org\/blog\/2015\/02\/23\/ppp-de-paris-7-luniversite-et-vinci-doivent-prendre-leurs-responsabilites\/<\/p>\n<\/div>\n","protected":false},"excerpt":{"rendered":"<p>Fin avril le minist\u00e8re de l\u2019\u00e9ducation nationale, de l&rsquo;Enseignement sup\u00e9rieur et de [&hellip;]<\/p>\n","protected":false},"author":1,"featured_media":2485,"comment_status":"closed","ping_status":"closed","sticky":false,"template":"","format":"standard","meta":{"cybocfi_hide_featured_image":"","footnotes":""},"categories":[10,18],"tags":[467,1049],"class_list":["post-2481","post","type-post","status-publish","format-standard","has-post-thumbnail","hentry","category-communiques","category-esr","tag-enseignement-superieur","tag-slider","col-md-4 col-sm-4"],"featured_image_src":"https:\/\/solidaires-etudiant-e-s.org\/site\/wp-content\/uploads\/2015\/05\/DSC2234.jpg","author_info":{"display_name":"Solidaires \u00e9tudiant-e-s","author_link":false},"yoast_head":"<!-- This site is optimized with the Yoast SEO plugin v27.4 - https:\/\/yoast.com\/product\/yoast-seo-wordpress\/ -->\n<title>Projection du nombre d&#039;\u00e9tudiant-e-s : cherchez l&#039;erreur ! - Solidaires \u00e9tudiant-e-s<\/title>\n<meta name=\"robots\" content=\"index, follow, max-snippet:-1, max-image-preview:large, max-video-preview:-1\" \/>\n<link rel=\"canonical\" href=\"https:\/\/solidaires-etudiant-e-s.org\/site\/2015\/05\/03\/projection-du-nombre-detudiant-e-s-cherchez-lerreur\/\" \/>\n<meta property=\"og:locale\" content=\"fr_FR\" \/>\n<meta property=\"og:type\" content=\"article\" \/>\n<meta property=\"og:title\" content=\"Projection du nombre d&#039;\u00e9tudiant-e-s : cherchez l&#039;erreur ! - Solidaires \u00e9tudiant-e-s\" \/>\n<meta property=\"og:description\" content=\"Fin avril le minist\u00e8re de l\u2019\u00e9ducation nationale, de l&rsquo;Enseignement sup\u00e9rieur et de [&hellip;]\" \/>\n<meta property=\"og:url\" content=\"https:\/\/solidaires-etudiant-e-s.org\/site\/2015\/05\/03\/projection-du-nombre-detudiant-e-s-cherchez-lerreur\/\" \/>\n<meta property=\"og:site_name\" content=\"Solidaires \u00e9tudiant-e-s\" \/>\n<meta property=\"article:publisher\" content=\"https:\/\/www.facebook.com\/solidairesetudiantes\" \/>\n<meta property=\"article:author\" content=\"https:\/\/www.facebook.com\/solidairesetudiantes\" \/>\n<meta property=\"article:published_time\" content=\"2015-05-03T18:18:14+00:00\" \/>\n<meta property=\"og:image\" content=\"https:\/\/solidaires-etudiant-e-s.org\/site\/wp-content\/uploads\/2015\/05\/DSC2234.jpg\" \/>\n\t<meta property=\"og:image:width\" content=\"2048\" \/>\n\t<meta property=\"og:image:height\" content=\"1367\" \/>\n\t<meta property=\"og:image:type\" content=\"image\/jpeg\" \/>\n<meta name=\"author\" content=\"Solidaires \u00e9tudiant-e-s\" \/>\n<meta name=\"twitter:card\" content=\"summary_large_image\" \/>\n<meta name=\"twitter:creator\" content=\"@SolidairesEtu\" \/>\n<meta name=\"twitter:site\" content=\"@SolidairesEtu\" \/>\n<meta name=\"twitter:label1\" content=\"\u00c9crit par\" \/>\n\t<meta name=\"twitter:data1\" content=\"Solidaires \u00e9tudiant-e-s\" \/>\n\t<meta name=\"twitter:label2\" content=\"Dur\u00e9e de lecture estim\u00e9e\" \/>\n\t<meta name=\"twitter:data2\" content=\"2 minutes\" \/>\n<script type=\"application\/ld+json\" class=\"yoast-schema-graph\">{\"@context\":\"https:\\\/\\\/schema.org\",\"@graph\":[{\"@type\":\"Article\",\"@id\":\"https:\\\/\\\/solidaires-etudiant-e-s.org\\\/site\\\/2015\\\/05\\\/03\\\/projection-du-nombre-detudiant-e-s-cherchez-lerreur\\\/#article\",\"isPartOf\":{\"@id\":\"https:\\\/\\\/solidaires-etudiant-e-s.org\\\/site\\\/2015\\\/05\\\/03\\\/projection-du-nombre-detudiant-e-s-cherchez-lerreur\\\/\"},\"author\":{\"name\":\"Solidaires \u00e9tudiant-e-s\",\"@id\":\"https:\\\/\\\/solidaires-etudiant-e-s.org\\\/site\\\/#\\\/schema\\\/person\\\/0efb3e0ff4e2f12b5a5abcd4352aa86c\"},\"headline\":\"Projection du nombre d&#039;\u00e9tudiant-e-s : cherchez l&#039;erreur !\",\"datePublished\":\"2015-05-03T18:18:14+00:00\",\"mainEntityOfPage\":{\"@id\":\"https:\\\/\\\/solidaires-etudiant-e-s.org\\\/site\\\/2015\\\/05\\\/03\\\/projection-du-nombre-detudiant-e-s-cherchez-lerreur\\\/\"},\"wordCount\":500,\"publisher\":{\"@id\":\"https:\\\/\\\/solidaires-etudiant-e-s.org\\\/site\\\/#organization\"},\"image\":{\"@id\":\"https:\\\/\\\/solidaires-etudiant-e-s.org\\\/site\\\/2015\\\/05\\\/03\\\/projection-du-nombre-detudiant-e-s-cherchez-lerreur\\\/#primaryimage\"},\"thumbnailUrl\":\"https:\\\/\\\/solidaires-etudiant-e-s.org\\\/site\\\/wp-content\\\/uploads\\\/2015\\\/05\\\/DSC2234.jpg\",\"keywords\":[\"enseignement sup\u00e9rieur\",\"slider\"],\"articleSection\":[\"COMMUNIQUES NATIONAUX\",\"ENSEIGNEMENT SUPERIEUR\"],\"inLanguage\":\"fr-FR\"},{\"@type\":\"WebPage\",\"@id\":\"https:\\\/\\\/solidaires-etudiant-e-s.org\\\/site\\\/2015\\\/05\\\/03\\\/projection-du-nombre-detudiant-e-s-cherchez-lerreur\\\/\",\"url\":\"https:\\\/\\\/solidaires-etudiant-e-s.org\\\/site\\\/2015\\\/05\\\/03\\\/projection-du-nombre-detudiant-e-s-cherchez-lerreur\\\/\",\"name\":\"Projection du nombre d&#039;\u00e9tudiant-e-s : cherchez l&#039;erreur ! - Solidaires \u00e9tudiant-e-s\",\"isPartOf\":{\"@id\":\"https:\\\/\\\/solidaires-etudiant-e-s.org\\\/site\\\/#website\"},\"primaryImageOfPage\":{\"@id\":\"https:\\\/\\\/solidaires-etudiant-e-s.org\\\/site\\\/2015\\\/05\\\/03\\\/projection-du-nombre-detudiant-e-s-cherchez-lerreur\\\/#primaryimage\"},\"image\":{\"@id\":\"https:\\\/\\\/solidaires-etudiant-e-s.org\\\/site\\\/2015\\\/05\\\/03\\\/projection-du-nombre-detudiant-e-s-cherchez-lerreur\\\/#primaryimage\"},\"thumbnailUrl\":\"https:\\\/\\\/solidaires-etudiant-e-s.org\\\/site\\\/wp-content\\\/uploads\\\/2015\\\/05\\\/DSC2234.jpg\",\"datePublished\":\"2015-05-03T18:18:14+00:00\",\"breadcrumb\":{\"@id\":\"https:\\\/\\\/solidaires-etudiant-e-s.org\\\/site\\\/2015\\\/05\\\/03\\\/projection-du-nombre-detudiant-e-s-cherchez-lerreur\\\/#breadcrumb\"},\"inLanguage\":\"fr-FR\",\"potentialAction\":[{\"@type\":\"ReadAction\",\"target\":[\"https:\\\/\\\/solidaires-etudiant-e-s.org\\\/site\\\/2015\\\/05\\\/03\\\/projection-du-nombre-detudiant-e-s-cherchez-lerreur\\\/\"]}]},{\"@type\":\"ImageObject\",\"inLanguage\":\"fr-FR\",\"@id\":\"https:\\\/\\\/solidaires-etudiant-e-s.org\\\/site\\\/2015\\\/05\\\/03\\\/projection-du-nombre-detudiant-e-s-cherchez-lerreur\\\/#primaryimage\",\"url\":\"https:\\\/\\\/solidaires-etudiant-e-s.org\\\/site\\\/wp-content\\\/uploads\\\/2015\\\/05\\\/DSC2234.jpg\",\"contentUrl\":\"https:\\\/\\\/solidaires-etudiant-e-s.org\\\/site\\\/wp-content\\\/uploads\\\/2015\\\/05\\\/DSC2234.jpg\",\"width\":2048,\"height\":1367},{\"@type\":\"BreadcrumbList\",\"@id\":\"https:\\\/\\\/solidaires-etudiant-e-s.org\\\/site\\\/2015\\\/05\\\/03\\\/projection-du-nombre-detudiant-e-s-cherchez-lerreur\\\/#breadcrumb\",\"itemListElement\":[{\"@type\":\"ListItem\",\"position\":1,\"name\":\"Accueil\",\"item\":\"https:\\\/\\\/solidaires-etudiant-e-s.org\\\/site\\\/\"},{\"@type\":\"ListItem\",\"position\":2,\"name\":\"Projection du nombre d&#039;\u00e9tudiant-e-s : cherchez l&#039;erreur !\"}]},{\"@type\":\"WebSite\",\"@id\":\"https:\\\/\\\/solidaires-etudiant-e-s.org\\\/site\\\/#website\",\"url\":\"https:\\\/\\\/solidaires-etudiant-e-s.org\\\/site\\\/\",\"name\":\"Solidaires \u00e9tudiant-e-s\",\"description\":\"Syndicats pour un enseignement sup\u00e9rieur gratuit, ouvert, et \u00e9mancipateur !\",\"publisher\":{\"@id\":\"https:\\\/\\\/solidaires-etudiant-e-s.org\\\/site\\\/#organization\"},\"potentialAction\":[{\"@type\":\"SearchAction\",\"target\":{\"@type\":\"EntryPoint\",\"urlTemplate\":\"https:\\\/\\\/solidaires-etudiant-e-s.org\\\/site\\\/?s={search_term_string}\"},\"query-input\":{\"@type\":\"PropertyValueSpecification\",\"valueRequired\":true,\"valueName\":\"search_term_string\"}}],\"inLanguage\":\"fr-FR\"},{\"@type\":\"Organization\",\"@id\":\"https:\\\/\\\/solidaires-etudiant-e-s.org\\\/site\\\/#organization\",\"name\":\"Solidaires \u00e9tudiant-e-s\",\"url\":\"https:\\\/\\\/solidaires-etudiant-e-s.org\\\/site\\\/\",\"logo\":{\"@type\":\"ImageObject\",\"inLanguage\":\"fr-FR\",\"@id\":\"https:\\\/\\\/solidaires-etudiant-e-s.org\\\/site\\\/#\\\/schema\\\/logo\\\/image\\\/\",\"url\":\"https:\\\/\\\/solidaires-etudiant-e-s.org\\\/site\\\/wp-content\\\/uploads\\\/2025\\\/12\\\/13-1.png\",\"contentUrl\":\"https:\\\/\\\/solidaires-etudiant-e-s.org\\\/site\\\/wp-content\\\/uploads\\\/2025\\\/12\\\/13-1.png\",\"width\":1181,\"height\":827,\"caption\":\"Solidaires \u00e9tudiant-e-s\"},\"image\":{\"@id\":\"https:\\\/\\\/solidaires-etudiant-e-s.org\\\/site\\\/#\\\/schema\\\/logo\\\/image\\\/\"},\"sameAs\":[\"https:\\\/\\\/www.facebook.com\\\/solidairesetudiantes\",\"https:\\\/\\\/x.com\\\/SolidairesEtu\",\"https:\\\/\\\/www.instagram.com\\\/solidairesetu\\\/\",\"https:\\\/\\\/bsky.app\\\/profile\\\/solidaires-etudiant-e-s.org\",\"https:\\\/\\\/mastodon.social\\\/@solidairesetu\",\"https:\\\/\\\/www.youtube.com\\\/channel\\\/UC_iZN9gmVAAnXbBM7wAWOag\"]},{\"@type\":\"Person\",\"@id\":\"https:\\\/\\\/solidaires-etudiant-e-s.org\\\/site\\\/#\\\/schema\\\/person\\\/0efb3e0ff4e2f12b5a5abcd4352aa86c\",\"name\":\"Solidaires \u00e9tudiant-e-s\",\"image\":{\"@type\":\"ImageObject\",\"inLanguage\":\"fr-FR\",\"@id\":\"https:\\\/\\\/solidaires-etudiant-e-s.org\\\/site\\\/wp-content\\\/uploads\\\/2020\\\/01\\\/logo-SESL-rond-512-96x96.png\",\"url\":\"https:\\\/\\\/solidaires-etudiant-e-s.org\\\/site\\\/wp-content\\\/uploads\\\/2020\\\/01\\\/logo-SESL-rond-512-96x96.png\",\"contentUrl\":\"https:\\\/\\\/solidaires-etudiant-e-s.org\\\/site\\\/wp-content\\\/uploads\\\/2020\\\/01\\\/logo-SESL-rond-512-96x96.png\",\"caption\":\"Solidaires \u00e9tudiant-e-s\"},\"sameAs\":[\"https:\\\/\\\/solidaires-etudiant.org\\\/site\",\"https:\\\/\\\/www.facebook.com\\\/solidairesetudiantes\",\"https:\\\/\\\/www.instagram.com\\\/solidairesetu\",\"https:\\\/\\\/x.com\\\/SolidairesEtu\",\"https:\\\/\\\/fr.wikipedia.org\\\/wiki\\\/Solidaires_tudiant-e-s\"]}]}<\/script>\n<!-- \/ Yoast SEO plugin. -->","yoast_head_json":{"title":"Projection du nombre d&#039;\u00e9tudiant-e-s : cherchez l&#039;erreur ! - Solidaires \u00e9tudiant-e-s","robots":{"index":"index","follow":"follow","max-snippet":"max-snippet:-1","max-image-preview":"max-image-preview:large","max-video-preview":"max-video-preview:-1"},"canonical":"https:\/\/solidaires-etudiant-e-s.org\/site\/2015\/05\/03\/projection-du-nombre-detudiant-e-s-cherchez-lerreur\/","og_locale":"fr_FR","og_type":"article","og_title":"Projection du nombre d&#039;\u00e9tudiant-e-s : cherchez l&#039;erreur ! - Solidaires \u00e9tudiant-e-s","og_description":"Fin avril le minist\u00e8re de l\u2019\u00e9ducation nationale, de l&rsquo;Enseignement sup\u00e9rieur et de [&hellip;]","og_url":"https:\/\/solidaires-etudiant-e-s.org\/site\/2015\/05\/03\/projection-du-nombre-detudiant-e-s-cherchez-lerreur\/","og_site_name":"Solidaires \u00e9tudiant-e-s","article_publisher":"https:\/\/www.facebook.com\/solidairesetudiantes","article_author":"https:\/\/www.facebook.com\/solidairesetudiantes","article_published_time":"2015-05-03T18:18:14+00:00","og_image":[{"width":2048,"height":1367,"url":"https:\/\/solidaires-etudiant-e-s.org\/site\/wp-content\/uploads\/2015\/05\/DSC2234.jpg","type":"image\/jpeg"}],"author":"Solidaires \u00e9tudiant-e-s","twitter_card":"summary_large_image","twitter_creator":"@SolidairesEtu","twitter_site":"@SolidairesEtu","twitter_misc":{"\u00c9crit par":"Solidaires \u00e9tudiant-e-s","Dur\u00e9e de lecture estim\u00e9e":"2 minutes"},"schema":{"@context":"https:\/\/schema.org","@graph":[{"@type":"Article","@id":"https:\/\/solidaires-etudiant-e-s.org\/site\/2015\/05\/03\/projection-du-nombre-detudiant-e-s-cherchez-lerreur\/#article","isPartOf":{"@id":"https:\/\/solidaires-etudiant-e-s.org\/site\/2015\/05\/03\/projection-du-nombre-detudiant-e-s-cherchez-lerreur\/"},"author":{"name":"Solidaires \u00e9tudiant-e-s","@id":"https:\/\/solidaires-etudiant-e-s.org\/site\/#\/schema\/person\/0efb3e0ff4e2f12b5a5abcd4352aa86c"},"headline":"Projection du nombre d&#039;\u00e9tudiant-e-s : cherchez l&#039;erreur !","datePublished":"2015-05-03T18:18:14+00:00","mainEntityOfPage":{"@id":"https:\/\/solidaires-etudiant-e-s.org\/site\/2015\/05\/03\/projection-du-nombre-detudiant-e-s-cherchez-lerreur\/"},"wordCount":500,"publisher":{"@id":"https:\/\/solidaires-etudiant-e-s.org\/site\/#organization"},"image":{"@id":"https:\/\/solidaires-etudiant-e-s.org\/site\/2015\/05\/03\/projection-du-nombre-detudiant-e-s-cherchez-lerreur\/#primaryimage"},"thumbnailUrl":"https:\/\/solidaires-etudiant-e-s.org\/site\/wp-content\/uploads\/2015\/05\/DSC2234.jpg","keywords":["enseignement sup\u00e9rieur","slider"],"articleSection":["COMMUNIQUES NATIONAUX","ENSEIGNEMENT SUPERIEUR"],"inLanguage":"fr-FR"},{"@type":"WebPage","@id":"https:\/\/solidaires-etudiant-e-s.org\/site\/2015\/05\/03\/projection-du-nombre-detudiant-e-s-cherchez-lerreur\/","url":"https:\/\/solidaires-etudiant-e-s.org\/site\/2015\/05\/03\/projection-du-nombre-detudiant-e-s-cherchez-lerreur\/","name":"Projection du nombre d&#039;\u00e9tudiant-e-s : cherchez l&#039;erreur ! - Solidaires \u00e9tudiant-e-s","isPartOf":{"@id":"https:\/\/solidaires-etudiant-e-s.org\/site\/#website"},"primaryImageOfPage":{"@id":"https:\/\/solidaires-etudiant-e-s.org\/site\/2015\/05\/03\/projection-du-nombre-detudiant-e-s-cherchez-lerreur\/#primaryimage"},"image":{"@id":"https:\/\/solidaires-etudiant-e-s.org\/site\/2015\/05\/03\/projection-du-nombre-detudiant-e-s-cherchez-lerreur\/#primaryimage"},"thumbnailUrl":"https:\/\/solidaires-etudiant-e-s.org\/site\/wp-content\/uploads\/2015\/05\/DSC2234.jpg","datePublished":"2015-05-03T18:18:14+00:00","breadcrumb":{"@id":"https:\/\/solidaires-etudiant-e-s.org\/site\/2015\/05\/03\/projection-du-nombre-detudiant-e-s-cherchez-lerreur\/#breadcrumb"},"inLanguage":"fr-FR","potentialAction":[{"@type":"ReadAction","target":["https:\/\/solidaires-etudiant-e-s.org\/site\/2015\/05\/03\/projection-du-nombre-detudiant-e-s-cherchez-lerreur\/"]}]},{"@type":"ImageObject","inLanguage":"fr-FR","@id":"https:\/\/solidaires-etudiant-e-s.org\/site\/2015\/05\/03\/projection-du-nombre-detudiant-e-s-cherchez-lerreur\/#primaryimage","url":"https:\/\/solidaires-etudiant-e-s.org\/site\/wp-content\/uploads\/2015\/05\/DSC2234.jpg","contentUrl":"https:\/\/solidaires-etudiant-e-s.org\/site\/wp-content\/uploads\/2015\/05\/DSC2234.jpg","width":2048,"height":1367},{"@type":"BreadcrumbList","@id":"https:\/\/solidaires-etudiant-e-s.org\/site\/2015\/05\/03\/projection-du-nombre-detudiant-e-s-cherchez-lerreur\/#breadcrumb","itemListElement":[{"@type":"ListItem","position":1,"name":"Accueil","item":"https:\/\/solidaires-etudiant-e-s.org\/site\/"},{"@type":"ListItem","position":2,"name":"Projection du nombre d&#039;\u00e9tudiant-e-s : cherchez l&#039;erreur !"}]},{"@type":"WebSite","@id":"https:\/\/solidaires-etudiant-e-s.org\/site\/#website","url":"https:\/\/solidaires-etudiant-e-s.org\/site\/","name":"Solidaires \u00e9tudiant-e-s","description":"Syndicats pour un enseignement sup\u00e9rieur gratuit, ouvert, et \u00e9mancipateur !","publisher":{"@id":"https:\/\/solidaires-etudiant-e-s.org\/site\/#organization"},"potentialAction":[{"@type":"SearchAction","target":{"@type":"EntryPoint","urlTemplate":"https:\/\/solidaires-etudiant-e-s.org\/site\/?s={search_term_string}"},"query-input":{"@type":"PropertyValueSpecification","valueRequired":true,"valueName":"search_term_string"}}],"inLanguage":"fr-FR"},{"@type":"Organization","@id":"https:\/\/solidaires-etudiant-e-s.org\/site\/#organization","name":"Solidaires \u00e9tudiant-e-s","url":"https:\/\/solidaires-etudiant-e-s.org\/site\/","logo":{"@type":"ImageObject","inLanguage":"fr-FR","@id":"https:\/\/solidaires-etudiant-e-s.org\/site\/#\/schema\/logo\/image\/","url":"https:\/\/solidaires-etudiant-e-s.org\/site\/wp-content\/uploads\/2025\/12\/13-1.png","contentUrl":"https:\/\/solidaires-etudiant-e-s.org\/site\/wp-content\/uploads\/2025\/12\/13-1.png","width":1181,"height":827,"caption":"Solidaires \u00e9tudiant-e-s"},"image":{"@id":"https:\/\/solidaires-etudiant-e-s.org\/site\/#\/schema\/logo\/image\/"},"sameAs":["https:\/\/www.facebook.com\/solidairesetudiantes","https:\/\/x.com\/SolidairesEtu","https:\/\/www.instagram.com\/solidairesetu\/","https:\/\/bsky.app\/profile\/solidaires-etudiant-e-s.org","https:\/\/mastodon.social\/@solidairesetu","https:\/\/www.youtube.com\/channel\/UC_iZN9gmVAAnXbBM7wAWOag"]},{"@type":"Person","@id":"https:\/\/solidaires-etudiant-e-s.org\/site\/#\/schema\/person\/0efb3e0ff4e2f12b5a5abcd4352aa86c","name":"Solidaires \u00e9tudiant-e-s","image":{"@type":"ImageObject","inLanguage":"fr-FR","@id":"https:\/\/solidaires-etudiant-e-s.org\/site\/wp-content\/uploads\/2020\/01\/logo-SESL-rond-512-96x96.png","url":"https:\/\/solidaires-etudiant-e-s.org\/site\/wp-content\/uploads\/2020\/01\/logo-SESL-rond-512-96x96.png","contentUrl":"https:\/\/solidaires-etudiant-e-s.org\/site\/wp-content\/uploads\/2020\/01\/logo-SESL-rond-512-96x96.png","caption":"Solidaires \u00e9tudiant-e-s"},"sameAs":["https:\/\/solidaires-etudiant.org\/site","https:\/\/www.facebook.com\/solidairesetudiantes","https:\/\/www.instagram.com\/solidairesetu","https:\/\/x.com\/SolidairesEtu","https:\/\/fr.wikipedia.org\/wiki\/Solidaires_tudiant-e-s"]}]}},"_links":{"self":[{"href":"https:\/\/solidaires-etudiant-e-s.org\/site\/wp-json\/wp\/v2\/posts\/2481","targetHints":{"allow":["GET"]}}],"collection":[{"href":"https:\/\/solidaires-etudiant-e-s.org\/site\/wp-json\/wp\/v2\/posts"}],"about":[{"href":"https:\/\/solidaires-etudiant-e-s.org\/site\/wp-json\/wp\/v2\/types\/post"}],"author":[{"embeddable":true,"href":"https:\/\/solidaires-etudiant-e-s.org\/site\/wp-json\/wp\/v2\/users\/1"}],"replies":[{"embeddable":true,"href":"https:\/\/solidaires-etudiant-e-s.org\/site\/wp-json\/wp\/v2\/comments?post=2481"}],"version-history":[{"count":0,"href":"https:\/\/solidaires-etudiant-e-s.org\/site\/wp-json\/wp\/v2\/posts\/2481\/revisions"}],"wp:featuredmedia":[{"embeddable":true,"href":"https:\/\/solidaires-etudiant-e-s.org\/site\/wp-json\/wp\/v2\/media\/2485"}],"wp:attachment":[{"href":"https:\/\/solidaires-etudiant-e-s.org\/site\/wp-json\/wp\/v2\/media?parent=2481"}],"wp:term":[{"taxonomy":"category","embeddable":true,"href":"https:\/\/solidaires-etudiant-e-s.org\/site\/wp-json\/wp\/v2\/categories?post=2481"},{"taxonomy":"post_tag","embeddable":true,"href":"https:\/\/solidaires-etudiant-e-s.org\/site\/wp-json\/wp\/v2\/tags?post=2481"}],"curies":[{"name":"wp","href":"https:\/\/api.w.org\/{rel}","templated":true}]}}