{"id":2464,"date":"2015-04-26T13:29:55","date_gmt":"2015-04-26T11:29:55","guid":{"rendered":"http:\/\/www.solidaires-etudiant.org\/?p=2464"},"modified":"2015-04-26T13:29:55","modified_gmt":"2015-04-26T11:29:55","slug":"prime-dactivite-etudiant-e-s-circulez-rien-a-voir","status":"publish","type":"post","link":"https:\/\/solidaires-etudiant-e-s.org\/site\/2015\/04\/26\/prime-dactivite-etudiant-e-s-circulez-rien-a-voir\/","title":{"rendered":"Prime d&#039;activit\u00e9\u00a0: \u00e9tudiant-e-s, circulez, rien \u00e0 voir"},"content":{"rendered":"<p>Ce dimanche 19 avril, Fran\u00e7ois Hollande a annonc\u00e9 sa volont\u00e9 de cr\u00e9er une \u00ab\u00a0prime d&rsquo;activit\u00e9\u00a0\u00bb pour 2016, fusion de la Prime Pour l&rsquo;Emploi (PPE) et du RSA Activit\u00e9. Cette nouvelle prime d&rsquo;activit\u00e9 serait \u00e9tendue aux jeunes de 18 \u00e0 25 ans. Le pr\u00e9sident de la R\u00e9publique a laiss\u00e9 entendre qu&rsquo;elle serait \u00e9galement accessible aux apprenti-e-s et aux \u00e9tudiant-e-s.<br \/>\nMais apr\u00e8s moult effets d&rsquo;annonce et r\u00e9trop\u00e9dalages des diff\u00e9rents minist\u00e8res dans la journ\u00e9e du lundi 20, le couperet tombe le soir m\u00eame : Michel Sapin, ministre des finances annonce que cette prime d&rsquo;activit\u00e9 n&rsquo;est pas destin\u00e9e aux \u00e9tudiant-e-s. Au mieux, elle sera accessible \u00e0 \u00ab\u00a0ceux qui travaillent vraiment\u00a0\u00bb (sic). Et ce si cet \u00e9l\u00e9ment est rajout\u00e9 au texte de loi par un amendement parlementaire ou gouvernemental.<br \/>\nDe toute \u00e9vidence, M. Sapin et le reste du gouvernement m\u00e9connaissent compl\u00e8tement la r\u00e9alit\u00e9 des conditions de vie des \u00e9tudiant-e-s. 45% d&rsquo;entre nous exercent une activit\u00e9 r\u00e9mun\u00e9r\u00e9e sur le temps d&rsquo;\u00e9tudes (1), cette activit\u00e9 r\u00e9mun\u00e9r\u00e9e repr\u00e9sente 30% du budget moyen des \u00e9tudiant-e-s (2).<br \/>\nA l&rsquo;issue du conseil des ministres du mercredi 22, Marisol Touraine, ministre des affaires sociales explique que pourraient \u00eatre \u00e9ligibles \u00e0 cette prime les \u00e9tudiant-e-s salari\u00e9-e-s qui cotiseraient \u00e0 l&rsquo;\u00e9quivalent de 0,8 fois le SMIC. C&rsquo;est \u00e0 dire un seuil qui fait sortir les \u00e9tudiant-e-s du R\u00e9gime \u00c9tudiant de S\u00e9curit\u00e9 Sociale (RESS). C&rsquo;est la preuve, s&rsquo;il en faut encore une, que le RESS est un r\u00e9gime qui enferme toute une cat\u00e9gorie de la population sous un statut infantilisant, ne donnant pas lieu aux m\u00eames droits sociaux que pour le reste de la population et qui fournit aux \u00e9tudiant-e-s une protection sociale au rabais !<br \/>\nEnfin, les stages ne seraient pas comptabilis\u00e9s dans le calcul de cette prime. C&rsquo;est l\u00e0 une volont\u00e9 d&rsquo;\u00e9carter (toujours plus) les conditions et modalit\u00e9s de travail des stagiaires du droit commun.<br \/>\nEn bref, cette \u00ab\u00a0prime d&rsquo;activit\u00e9\u00a0\u00bb ne sera surement pas l&rsquo;outil qui sortira les \u00e9tudiant-e-s de la pr\u00e9carit\u00e9. D&rsquo;autant plus que le gouvernement a tr\u00e8s fortement insist\u00e9 sur le fait qu&rsquo;elle n&rsquo;engendrerait \u00ab\u00a0aucune d\u00e9pense suppl\u00e9mentaire\u00a0\u00bb. En d&rsquo;autres termes, l&rsquo;\u00e9largissement aux moins de 25 ans, c&rsquo;est surtout habiller les un-e-s et d\u00e9shabillant les autres (en diminuant le montant de cette prime ou en durcissant ses modalit\u00e9s d&rsquo;acc\u00e8s).<br \/>\nPlus que jamais, la campagne de la f\u00e9d\u00e9ration Solidaires \u00c9tudiant-e-s contre le salariat \u00e9tudiant impos\u00e9 (<a href=\"http:\/\/www.solidaires-etudiant.org\/campagnesalariat\/\">Voir la campagne<\/a>) et pour une protection sociale de qualit\u00e9 est d&rsquo;actualit\u00e9.<br \/>\nA contrario des politiques actuelles, nous revendiquons dans l&rsquo;imm\u00e9diat :<br \/>\n<strong>* une augmentation massive des bourses, en nombre et en montant pour r\u00e9pondre \u00e0 l&rsquo;urgence sociale de la pr\u00e9carit\u00e9 \u00e9tudiante,<\/strong><br \/>\n<strong>* la mise sous les droits du travail communs des stages et des contrats d&rsquo;apprentissage (notamment en mati\u00e8re de r\u00e9mun\u00e9ration).<\/strong><br \/>\n1 &#8211; Chiffres : Infos OVE, n\u00b030, avril 2013<br \/>\n2 &#8211; Chiffres : OVE, mars 2015<\/p>\n<p style=\"text-align: center;\">Solidaires \u00e9tudiant-e-s, syndicats de luttes \/ Porte-parolat\u00a0: 06.86.80.24.45 \/<br \/>\nhttps:\/\/solidaires-etudiant.org\/site \/ contact@solidaires-etudiant-e-s.org<\/p>\n","protected":false},"excerpt":{"rendered":"<p>Ce dimanche 19 avril, Fran\u00e7ois Hollande a annonc\u00e9 sa volont\u00e9 de cr\u00e9er [&hellip;]<\/p>\n","protected":false},"author":1,"featured_media":2465,"comment_status":"closed","ping_status":"closed","sticky":false,"template":"","format":"standard","meta":{"cybocfi_hide_featured_image":"","footnotes":""},"categories":[15],"tags":[226,308,433,1018,1049,1055],"class_list":["post-2464","post","type-post","status-publish","format-standard","has-post-thumbnail","hentry","category-droits-etudiants","tag-bourses","tag-communiques-2","tag-droits-sociaux","tag-sante","tag-slider","tag-social","col-md-4 col-sm-4"],"featured_image_src":"https:\/\/solidaires-etudiant-e-s.org\/site\/wp-content\/uploads\/2015\/04\/le-20-heures-du-20-avril-2015-prime-d-activite-apprentis-et-etudiants-11398067sytmc.png","author_info":{"display_name":"Solidaires \u00e9tudiant-e-s","author_link":false},"yoast_head":"<!-- This site is optimized with the Yoast SEO plugin v27.4 - https:\/\/yoast.com\/product\/yoast-seo-wordpress\/ -->\n<title>Prime d&#039;activit\u00e9\u00a0: \u00e9tudiant-e-s, circulez, rien \u00e0 voir - Solidaires \u00e9tudiant-e-s<\/title>\n<meta name=\"robots\" content=\"index, follow, max-snippet:-1, max-image-preview:large, max-video-preview:-1\" \/>\n<link rel=\"canonical\" href=\"https:\/\/solidaires-etudiant-e-s.org\/site\/2015\/04\/26\/prime-dactivite-etudiant-e-s-circulez-rien-a-voir\/\" \/>\n<meta property=\"og:locale\" content=\"fr_FR\" \/>\n<meta property=\"og:type\" content=\"article\" \/>\n<meta property=\"og:title\" content=\"Prime d&#039;activit\u00e9\u00a0: \u00e9tudiant-e-s, circulez, rien \u00e0 voir - Solidaires \u00e9tudiant-e-s\" \/>\n<meta property=\"og:description\" content=\"Ce dimanche 19 avril, Fran\u00e7ois Hollande a annonc\u00e9 sa volont\u00e9 de cr\u00e9er [&hellip;]\" \/>\n<meta property=\"og:url\" content=\"https:\/\/solidaires-etudiant-e-s.org\/site\/2015\/04\/26\/prime-dactivite-etudiant-e-s-circulez-rien-a-voir\/\" \/>\n<meta property=\"og:site_name\" content=\"Solidaires \u00e9tudiant-e-s\" \/>\n<meta property=\"article:publisher\" content=\"https:\/\/www.facebook.com\/solidairesetudiantes\" \/>\n<meta property=\"article:author\" content=\"https:\/\/www.facebook.com\/solidairesetudiantes\" \/>\n<meta property=\"article:published_time\" content=\"2015-04-26T11:29:55+00:00\" \/>\n<meta property=\"og:image\" content=\"https:\/\/solidaires-etudiant-e-s.org\/site\/wp-content\/uploads\/2015\/04\/le-20-heures-du-20-avril-2015-prime-d-activite-apprentis-et-etudiants-11398067sytmc.png\" \/>\n\t<meta property=\"og:image:width\" content=\"1280\" \/>\n\t<meta property=\"og:image:height\" content=\"720\" \/>\n\t<meta property=\"og:image:type\" content=\"image\/png\" \/>\n<meta name=\"author\" content=\"Solidaires \u00e9tudiant-e-s\" \/>\n<meta name=\"twitter:card\" content=\"summary_large_image\" \/>\n<meta name=\"twitter:creator\" content=\"@SolidairesEtu\" \/>\n<meta name=\"twitter:site\" content=\"@SolidairesEtu\" \/>\n<meta name=\"twitter:label1\" content=\"\u00c9crit par\" \/>\n\t<meta name=\"twitter:data1\" content=\"Solidaires \u00e9tudiant-e-s\" \/>\n\t<meta name=\"twitter:label2\" content=\"Dur\u00e9e de lecture estim\u00e9e\" \/>\n\t<meta name=\"twitter:data2\" content=\"2 minutes\" \/>\n<script type=\"application\/ld+json\" class=\"yoast-schema-graph\">{\"@context\":\"https:\\\/\\\/schema.org\",\"@graph\":[{\"@type\":\"Article\",\"@id\":\"https:\\\/\\\/solidaires-etudiant-e-s.org\\\/site\\\/2015\\\/04\\\/26\\\/prime-dactivite-etudiant-e-s-circulez-rien-a-voir\\\/#article\",\"isPartOf\":{\"@id\":\"https:\\\/\\\/solidaires-etudiant-e-s.org\\\/site\\\/2015\\\/04\\\/26\\\/prime-dactivite-etudiant-e-s-circulez-rien-a-voir\\\/\"},\"author\":{\"name\":\"Solidaires \u00e9tudiant-e-s\",\"@id\":\"https:\\\/\\\/solidaires-etudiant-e-s.org\\\/site\\\/#\\\/schema\\\/person\\\/0efb3e0ff4e2f12b5a5abcd4352aa86c\"},\"headline\":\"Prime d&#039;activit\u00e9\u00a0: \u00e9tudiant-e-s, circulez, rien \u00e0 voir\",\"datePublished\":\"2015-04-26T11:29:55+00:00\",\"mainEntityOfPage\":{\"@id\":\"https:\\\/\\\/solidaires-etudiant-e-s.org\\\/site\\\/2015\\\/04\\\/26\\\/prime-dactivite-etudiant-e-s-circulez-rien-a-voir\\\/\"},\"wordCount\":526,\"publisher\":{\"@id\":\"https:\\\/\\\/solidaires-etudiant-e-s.org\\\/site\\\/#organization\"},\"image\":{\"@id\":\"https:\\\/\\\/solidaires-etudiant-e-s.org\\\/site\\\/2015\\\/04\\\/26\\\/prime-dactivite-etudiant-e-s-circulez-rien-a-voir\\\/#primaryimage\"},\"thumbnailUrl\":\"https:\\\/\\\/solidaires-etudiant-e-s.org\\\/site\\\/wp-content\\\/uploads\\\/2015\\\/04\\\/le-20-heures-du-20-avril-2015-prime-d-activite-apprentis-et-etudiants-11398067sytmc.png\",\"keywords\":[\"bourses\",\"communiqu\u00e9s\",\"droits sociaux\",\"sant\u00e9\",\"slider\",\"social\"],\"articleSection\":[\"DROITS ETUDIANTS\"],\"inLanguage\":\"fr-FR\"},{\"@type\":\"WebPage\",\"@id\":\"https:\\\/\\\/solidaires-etudiant-e-s.org\\\/site\\\/2015\\\/04\\\/26\\\/prime-dactivite-etudiant-e-s-circulez-rien-a-voir\\\/\",\"url\":\"https:\\\/\\\/solidaires-etudiant-e-s.org\\\/site\\\/2015\\\/04\\\/26\\\/prime-dactivite-etudiant-e-s-circulez-rien-a-voir\\\/\",\"name\":\"Prime d&#039;activit\u00e9\u00a0: \u00e9tudiant-e-s, circulez, rien \u00e0 voir - Solidaires \u00e9tudiant-e-s\",\"isPartOf\":{\"@id\":\"https:\\\/\\\/solidaires-etudiant-e-s.org\\\/site\\\/#website\"},\"primaryImageOfPage\":{\"@id\":\"https:\\\/\\\/solidaires-etudiant-e-s.org\\\/site\\\/2015\\\/04\\\/26\\\/prime-dactivite-etudiant-e-s-circulez-rien-a-voir\\\/#primaryimage\"},\"image\":{\"@id\":\"https:\\\/\\\/solidaires-etudiant-e-s.org\\\/site\\\/2015\\\/04\\\/26\\\/prime-dactivite-etudiant-e-s-circulez-rien-a-voir\\\/#primaryimage\"},\"thumbnailUrl\":\"https:\\\/\\\/solidaires-etudiant-e-s.org\\\/site\\\/wp-content\\\/uploads\\\/2015\\\/04\\\/le-20-heures-du-20-avril-2015-prime-d-activite-apprentis-et-etudiants-11398067sytmc.png\",\"datePublished\":\"2015-04-26T11:29:55+00:00\",\"breadcrumb\":{\"@id\":\"https:\\\/\\\/solidaires-etudiant-e-s.org\\\/site\\\/2015\\\/04\\\/26\\\/prime-dactivite-etudiant-e-s-circulez-rien-a-voir\\\/#breadcrumb\"},\"inLanguage\":\"fr-FR\",\"potentialAction\":[{\"@type\":\"ReadAction\",\"target\":[\"https:\\\/\\\/solidaires-etudiant-e-s.org\\\/site\\\/2015\\\/04\\\/26\\\/prime-dactivite-etudiant-e-s-circulez-rien-a-voir\\\/\"]}]},{\"@type\":\"ImageObject\",\"inLanguage\":\"fr-FR\",\"@id\":\"https:\\\/\\\/solidaires-etudiant-e-s.org\\\/site\\\/2015\\\/04\\\/26\\\/prime-dactivite-etudiant-e-s-circulez-rien-a-voir\\\/#primaryimage\",\"url\":\"https:\\\/\\\/solidaires-etudiant-e-s.org\\\/site\\\/wp-content\\\/uploads\\\/2015\\\/04\\\/le-20-heures-du-20-avril-2015-prime-d-activite-apprentis-et-etudiants-11398067sytmc.png\",\"contentUrl\":\"https:\\\/\\\/solidaires-etudiant-e-s.org\\\/site\\\/wp-content\\\/uploads\\\/2015\\\/04\\\/le-20-heures-du-20-avril-2015-prime-d-activite-apprentis-et-etudiants-11398067sytmc.png\",\"width\":1280,\"height\":720},{\"@type\":\"BreadcrumbList\",\"@id\":\"https:\\\/\\\/solidaires-etudiant-e-s.org\\\/site\\\/2015\\\/04\\\/26\\\/prime-dactivite-etudiant-e-s-circulez-rien-a-voir\\\/#breadcrumb\",\"itemListElement\":[{\"@type\":\"ListItem\",\"position\":1,\"name\":\"Accueil\",\"item\":\"https:\\\/\\\/solidaires-etudiant-e-s.org\\\/site\\\/\"},{\"@type\":\"ListItem\",\"position\":2,\"name\":\"Prime d&#039;activit\u00e9\u00a0: \u00e9tudiant-e-s, circulez, rien \u00e0 voir\"}]},{\"@type\":\"WebSite\",\"@id\":\"https:\\\/\\\/solidaires-etudiant-e-s.org\\\/site\\\/#website\",\"url\":\"https:\\\/\\\/solidaires-etudiant-e-s.org\\\/site\\\/\",\"name\":\"Solidaires \u00e9tudiant-e-s\",\"description\":\"Syndicats pour un enseignement sup\u00e9rieur gratuit, ouvert, et \u00e9mancipateur !\",\"publisher\":{\"@id\":\"https:\\\/\\\/solidaires-etudiant-e-s.org\\\/site\\\/#organization\"},\"potentialAction\":[{\"@type\":\"SearchAction\",\"target\":{\"@type\":\"EntryPoint\",\"urlTemplate\":\"https:\\\/\\\/solidaires-etudiant-e-s.org\\\/site\\\/?s={search_term_string}\"},\"query-input\":{\"@type\":\"PropertyValueSpecification\",\"valueRequired\":true,\"valueName\":\"search_term_string\"}}],\"inLanguage\":\"fr-FR\"},{\"@type\":\"Organization\",\"@id\":\"https:\\\/\\\/solidaires-etudiant-e-s.org\\\/site\\\/#organization\",\"name\":\"Solidaires \u00e9tudiant-e-s\",\"url\":\"https:\\\/\\\/solidaires-etudiant-e-s.org\\\/site\\\/\",\"logo\":{\"@type\":\"ImageObject\",\"inLanguage\":\"fr-FR\",\"@id\":\"https:\\\/\\\/solidaires-etudiant-e-s.org\\\/site\\\/#\\\/schema\\\/logo\\\/image\\\/\",\"url\":\"https:\\\/\\\/solidaires-etudiant-e-s.org\\\/site\\\/wp-content\\\/uploads\\\/2025\\\/12\\\/13-1.png\",\"contentUrl\":\"https:\\\/\\\/solidaires-etudiant-e-s.org\\\/site\\\/wp-content\\\/uploads\\\/2025\\\/12\\\/13-1.png\",\"width\":1181,\"height\":827,\"caption\":\"Solidaires \u00e9tudiant-e-s\"},\"image\":{\"@id\":\"https:\\\/\\\/solidaires-etudiant-e-s.org\\\/site\\\/#\\\/schema\\\/logo\\\/image\\\/\"},\"sameAs\":[\"https:\\\/\\\/www.facebook.com\\\/solidairesetudiantes\",\"https:\\\/\\\/x.com\\\/SolidairesEtu\",\"https:\\\/\\\/www.instagram.com\\\/solidairesetu\\\/\",\"https:\\\/\\\/bsky.app\\\/profile\\\/solidaires-etudiant-e-s.org\",\"https:\\\/\\\/mastodon.social\\\/@solidairesetu\",\"https:\\\/\\\/www.youtube.com\\\/channel\\\/UC_iZN9gmVAAnXbBM7wAWOag\"]},{\"@type\":\"Person\",\"@id\":\"https:\\\/\\\/solidaires-etudiant-e-s.org\\\/site\\\/#\\\/schema\\\/person\\\/0efb3e0ff4e2f12b5a5abcd4352aa86c\",\"name\":\"Solidaires \u00e9tudiant-e-s\",\"image\":{\"@type\":\"ImageObject\",\"inLanguage\":\"fr-FR\",\"@id\":\"https:\\\/\\\/solidaires-etudiant-e-s.org\\\/site\\\/wp-content\\\/uploads\\\/2020\\\/01\\\/logo-SESL-rond-512-96x96.png\",\"url\":\"https:\\\/\\\/solidaires-etudiant-e-s.org\\\/site\\\/wp-content\\\/uploads\\\/2020\\\/01\\\/logo-SESL-rond-512-96x96.png\",\"contentUrl\":\"https:\\\/\\\/solidaires-etudiant-e-s.org\\\/site\\\/wp-content\\\/uploads\\\/2020\\\/01\\\/logo-SESL-rond-512-96x96.png\",\"caption\":\"Solidaires \u00e9tudiant-e-s\"},\"sameAs\":[\"https:\\\/\\\/solidaires-etudiant.org\\\/site\",\"https:\\\/\\\/www.facebook.com\\\/solidairesetudiantes\",\"https:\\\/\\\/www.instagram.com\\\/solidairesetu\",\"https:\\\/\\\/x.com\\\/SolidairesEtu\",\"https:\\\/\\\/fr.wikipedia.org\\\/wiki\\\/Solidaires_tudiant-e-s\"]}]}<\/script>\n<!-- \/ Yoast SEO plugin. -->","yoast_head_json":{"title":"Prime d&#039;activit\u00e9\u00a0: \u00e9tudiant-e-s, circulez, rien \u00e0 voir - Solidaires \u00e9tudiant-e-s","robots":{"index":"index","follow":"follow","max-snippet":"max-snippet:-1","max-image-preview":"max-image-preview:large","max-video-preview":"max-video-preview:-1"},"canonical":"https:\/\/solidaires-etudiant-e-s.org\/site\/2015\/04\/26\/prime-dactivite-etudiant-e-s-circulez-rien-a-voir\/","og_locale":"fr_FR","og_type":"article","og_title":"Prime d&#039;activit\u00e9\u00a0: \u00e9tudiant-e-s, circulez, rien \u00e0 voir - Solidaires \u00e9tudiant-e-s","og_description":"Ce dimanche 19 avril, Fran\u00e7ois Hollande a annonc\u00e9 sa volont\u00e9 de cr\u00e9er [&hellip;]","og_url":"https:\/\/solidaires-etudiant-e-s.org\/site\/2015\/04\/26\/prime-dactivite-etudiant-e-s-circulez-rien-a-voir\/","og_site_name":"Solidaires \u00e9tudiant-e-s","article_publisher":"https:\/\/www.facebook.com\/solidairesetudiantes","article_author":"https:\/\/www.facebook.com\/solidairesetudiantes","article_published_time":"2015-04-26T11:29:55+00:00","og_image":[{"width":1280,"height":720,"url":"https:\/\/solidaires-etudiant-e-s.org\/site\/wp-content\/uploads\/2015\/04\/le-20-heures-du-20-avril-2015-prime-d-activite-apprentis-et-etudiants-11398067sytmc.png","type":"image\/png"}],"author":"Solidaires \u00e9tudiant-e-s","twitter_card":"summary_large_image","twitter_creator":"@SolidairesEtu","twitter_site":"@SolidairesEtu","twitter_misc":{"\u00c9crit par":"Solidaires \u00e9tudiant-e-s","Dur\u00e9e de lecture estim\u00e9e":"2 minutes"},"schema":{"@context":"https:\/\/schema.org","@graph":[{"@type":"Article","@id":"https:\/\/solidaires-etudiant-e-s.org\/site\/2015\/04\/26\/prime-dactivite-etudiant-e-s-circulez-rien-a-voir\/#article","isPartOf":{"@id":"https:\/\/solidaires-etudiant-e-s.org\/site\/2015\/04\/26\/prime-dactivite-etudiant-e-s-circulez-rien-a-voir\/"},"author":{"name":"Solidaires \u00e9tudiant-e-s","@id":"https:\/\/solidaires-etudiant-e-s.org\/site\/#\/schema\/person\/0efb3e0ff4e2f12b5a5abcd4352aa86c"},"headline":"Prime d&#039;activit\u00e9\u00a0: \u00e9tudiant-e-s, circulez, rien \u00e0 voir","datePublished":"2015-04-26T11:29:55+00:00","mainEntityOfPage":{"@id":"https:\/\/solidaires-etudiant-e-s.org\/site\/2015\/04\/26\/prime-dactivite-etudiant-e-s-circulez-rien-a-voir\/"},"wordCount":526,"publisher":{"@id":"https:\/\/solidaires-etudiant-e-s.org\/site\/#organization"},"image":{"@id":"https:\/\/solidaires-etudiant-e-s.org\/site\/2015\/04\/26\/prime-dactivite-etudiant-e-s-circulez-rien-a-voir\/#primaryimage"},"thumbnailUrl":"https:\/\/solidaires-etudiant-e-s.org\/site\/wp-content\/uploads\/2015\/04\/le-20-heures-du-20-avril-2015-prime-d-activite-apprentis-et-etudiants-11398067sytmc.png","keywords":["bourses","communiqu\u00e9s","droits sociaux","sant\u00e9","slider","social"],"articleSection":["DROITS ETUDIANTS"],"inLanguage":"fr-FR"},{"@type":"WebPage","@id":"https:\/\/solidaires-etudiant-e-s.org\/site\/2015\/04\/26\/prime-dactivite-etudiant-e-s-circulez-rien-a-voir\/","url":"https:\/\/solidaires-etudiant-e-s.org\/site\/2015\/04\/26\/prime-dactivite-etudiant-e-s-circulez-rien-a-voir\/","name":"Prime d&#039;activit\u00e9\u00a0: \u00e9tudiant-e-s, circulez, rien \u00e0 voir - Solidaires \u00e9tudiant-e-s","isPartOf":{"@id":"https:\/\/solidaires-etudiant-e-s.org\/site\/#website"},"primaryImageOfPage":{"@id":"https:\/\/solidaires-etudiant-e-s.org\/site\/2015\/04\/26\/prime-dactivite-etudiant-e-s-circulez-rien-a-voir\/#primaryimage"},"image":{"@id":"https:\/\/solidaires-etudiant-e-s.org\/site\/2015\/04\/26\/prime-dactivite-etudiant-e-s-circulez-rien-a-voir\/#primaryimage"},"thumbnailUrl":"https:\/\/solidaires-etudiant-e-s.org\/site\/wp-content\/uploads\/2015\/04\/le-20-heures-du-20-avril-2015-prime-d-activite-apprentis-et-etudiants-11398067sytmc.png","datePublished":"2015-04-26T11:29:55+00:00","breadcrumb":{"@id":"https:\/\/solidaires-etudiant-e-s.org\/site\/2015\/04\/26\/prime-dactivite-etudiant-e-s-circulez-rien-a-voir\/#breadcrumb"},"inLanguage":"fr-FR","potentialAction":[{"@type":"ReadAction","target":["https:\/\/solidaires-etudiant-e-s.org\/site\/2015\/04\/26\/prime-dactivite-etudiant-e-s-circulez-rien-a-voir\/"]}]},{"@type":"ImageObject","inLanguage":"fr-FR","@id":"https:\/\/solidaires-etudiant-e-s.org\/site\/2015\/04\/26\/prime-dactivite-etudiant-e-s-circulez-rien-a-voir\/#primaryimage","url":"https:\/\/solidaires-etudiant-e-s.org\/site\/wp-content\/uploads\/2015\/04\/le-20-heures-du-20-avril-2015-prime-d-activite-apprentis-et-etudiants-11398067sytmc.png","contentUrl":"https:\/\/solidaires-etudiant-e-s.org\/site\/wp-content\/uploads\/2015\/04\/le-20-heures-du-20-avril-2015-prime-d-activite-apprentis-et-etudiants-11398067sytmc.png","width":1280,"height":720},{"@type":"BreadcrumbList","@id":"https:\/\/solidaires-etudiant-e-s.org\/site\/2015\/04\/26\/prime-dactivite-etudiant-e-s-circulez-rien-a-voir\/#breadcrumb","itemListElement":[{"@type":"ListItem","position":1,"name":"Accueil","item":"https:\/\/solidaires-etudiant-e-s.org\/site\/"},{"@type":"ListItem","position":2,"name":"Prime d&#039;activit\u00e9\u00a0: \u00e9tudiant-e-s, circulez, rien \u00e0 voir"}]},{"@type":"WebSite","@id":"https:\/\/solidaires-etudiant-e-s.org\/site\/#website","url":"https:\/\/solidaires-etudiant-e-s.org\/site\/","name":"Solidaires \u00e9tudiant-e-s","description":"Syndicats pour un enseignement sup\u00e9rieur gratuit, ouvert, et \u00e9mancipateur !","publisher":{"@id":"https:\/\/solidaires-etudiant-e-s.org\/site\/#organization"},"potentialAction":[{"@type":"SearchAction","target":{"@type":"EntryPoint","urlTemplate":"https:\/\/solidaires-etudiant-e-s.org\/site\/?s={search_term_string}"},"query-input":{"@type":"PropertyValueSpecification","valueRequired":true,"valueName":"search_term_string"}}],"inLanguage":"fr-FR"},{"@type":"Organization","@id":"https:\/\/solidaires-etudiant-e-s.org\/site\/#organization","name":"Solidaires \u00e9tudiant-e-s","url":"https:\/\/solidaires-etudiant-e-s.org\/site\/","logo":{"@type":"ImageObject","inLanguage":"fr-FR","@id":"https:\/\/solidaires-etudiant-e-s.org\/site\/#\/schema\/logo\/image\/","url":"https:\/\/solidaires-etudiant-e-s.org\/site\/wp-content\/uploads\/2025\/12\/13-1.png","contentUrl":"https:\/\/solidaires-etudiant-e-s.org\/site\/wp-content\/uploads\/2025\/12\/13-1.png","width":1181,"height":827,"caption":"Solidaires \u00e9tudiant-e-s"},"image":{"@id":"https:\/\/solidaires-etudiant-e-s.org\/site\/#\/schema\/logo\/image\/"},"sameAs":["https:\/\/www.facebook.com\/solidairesetudiantes","https:\/\/x.com\/SolidairesEtu","https:\/\/www.instagram.com\/solidairesetu\/","https:\/\/bsky.app\/profile\/solidaires-etudiant-e-s.org","https:\/\/mastodon.social\/@solidairesetu","https:\/\/www.youtube.com\/channel\/UC_iZN9gmVAAnXbBM7wAWOag"]},{"@type":"Person","@id":"https:\/\/solidaires-etudiant-e-s.org\/site\/#\/schema\/person\/0efb3e0ff4e2f12b5a5abcd4352aa86c","name":"Solidaires \u00e9tudiant-e-s","image":{"@type":"ImageObject","inLanguage":"fr-FR","@id":"https:\/\/solidaires-etudiant-e-s.org\/site\/wp-content\/uploads\/2020\/01\/logo-SESL-rond-512-96x96.png","url":"https:\/\/solidaires-etudiant-e-s.org\/site\/wp-content\/uploads\/2020\/01\/logo-SESL-rond-512-96x96.png","contentUrl":"https:\/\/solidaires-etudiant-e-s.org\/site\/wp-content\/uploads\/2020\/01\/logo-SESL-rond-512-96x96.png","caption":"Solidaires \u00e9tudiant-e-s"},"sameAs":["https:\/\/solidaires-etudiant.org\/site","https:\/\/www.facebook.com\/solidairesetudiantes","https:\/\/www.instagram.com\/solidairesetu","https:\/\/x.com\/SolidairesEtu","https:\/\/fr.wikipedia.org\/wiki\/Solidaires_tudiant-e-s"]}]}},"_links":{"self":[{"href":"https:\/\/solidaires-etudiant-e-s.org\/site\/wp-json\/wp\/v2\/posts\/2464","targetHints":{"allow":["GET"]}}],"collection":[{"href":"https:\/\/solidaires-etudiant-e-s.org\/site\/wp-json\/wp\/v2\/posts"}],"about":[{"href":"https:\/\/solidaires-etudiant-e-s.org\/site\/wp-json\/wp\/v2\/types\/post"}],"author":[{"embeddable":true,"href":"https:\/\/solidaires-etudiant-e-s.org\/site\/wp-json\/wp\/v2\/users\/1"}],"replies":[{"embeddable":true,"href":"https:\/\/solidaires-etudiant-e-s.org\/site\/wp-json\/wp\/v2\/comments?post=2464"}],"version-history":[{"count":0,"href":"https:\/\/solidaires-etudiant-e-s.org\/site\/wp-json\/wp\/v2\/posts\/2464\/revisions"}],"wp:featuredmedia":[{"embeddable":true,"href":"https:\/\/solidaires-etudiant-e-s.org\/site\/wp-json\/wp\/v2\/media\/2465"}],"wp:attachment":[{"href":"https:\/\/solidaires-etudiant-e-s.org\/site\/wp-json\/wp\/v2\/media?parent=2464"}],"wp:term":[{"taxonomy":"category","embeddable":true,"href":"https:\/\/solidaires-etudiant-e-s.org\/site\/wp-json\/wp\/v2\/categories?post=2464"},{"taxonomy":"post_tag","embeddable":true,"href":"https:\/\/solidaires-etudiant-e-s.org\/site\/wp-json\/wp\/v2\/tags?post=2464"}],"curies":[{"name":"wp","href":"https:\/\/api.w.org\/{rel}","templated":true}]}}